{"id":1022,"date":"2025-11-21T02:36:00","date_gmt":"2025-11-21T01:36:00","guid":{"rendered":"https:\/\/www.site.cdcl.xyz\/2025\/11\/21\/la-police-municipale-de-jonquieres-a-recu-un-nouveau-vehicule-tout-electrique\/"},"modified":"2025-11-21T02:36:00","modified_gmt":"2025-11-21T01:36:00","slug":"la-police-municipale-de-jonquieres-a-recu-un-nouveau-vehicule-tout-electrique","status":"publish","type":"post","link":"https:\/\/www.cc3rivieres76.com\/blog\/la-police-municipale-de-jonquieres-a-recu-un-nouveau-vehicule-tout-electrique\/","title":{"rendered":"La police municipale de Jonqui\u00e8res a re\u00e7u un nouveau v\u00e9hicule tout \u00e9lectrique"},"content":{"rendered":"<br \/>\n<h2>\nLe titre qui figure dans cet article est : La police municipale de Jonqui\u00e8res a re\u00e7u un nouveau v\u00e9hicule tout \u00e9lectrique<br \/>\n<\/h2>\n<div>\n<p>La police municipale de Jonqui\u00e8res a d\u00e9sormais un v\u00e9hicule tout \u00e9lectrique. Les cl\u00e9s ont \u00e9t\u00e9 remises aux policiers le 6&nbsp;novembre par le maire de <a rel=\"nofollow\" target=\"_blank\" href=\"https:\/\/www.laprovence.com\/vaucluse\/jonquieres-84056\">Jonqui\u00e8res<\/a>Louis Biscarrat, en pr\u00e9sence des adjoints G\u00e9rard Ratajezak et Martial Questa.<\/p>\n<p>Le v\u00e9hicule a \u00e9t\u00e9 financ\u00e9 \u00e0 50% par la R\u00e9gion Sud a soulign\u00e9 G\u00e9rard Ratajezak, adjoint au maire en charge de la s\u00e9curit\u00e9, la tranquillit\u00e9 publique et la pr\u00e9vention.<\/p>\n<\/div>\n<div>\n<p>\u00ab&nbsp;<em>Cet investissement marque une nouvelle \u00e9tape dans la modernisation de nos \u00e9quipements et dans notre engagement pour l\u2019environnement, afin de r\u00e9duire notre empreinte carbone. La commune de Jonqui\u00e8res confirme ainsi son engagement \u00e0 int\u00e9grer la <a rel=\"nofollow\" target=\"_blank\" href=\"https:\/\/www.laprovence.com\/article\/economie\/3691627898163914\/21-milliards-deuros-par-an-pour-reussir-la-transition-ecologique-en-provence-alpes-cote-dazur\">transition \u00e9cologique<\/a> dans toutes les dimensions de l\u2019action publique, tout en offrant \u00e0 ses agents des moyens modernes, performants et responsables<\/em>\u00ab&nbsp;, a pr\u00e9cis\u00e9 G\u00e9rard Ratajezak.<\/p>\n<\/div>\n<p>.\n<\/p>\n<h2>La police municipale : Le premier recours pour votre s\u00e9curit\u00e9 locale<\/h2>\n<p>Les agents de la police municipale sont au c\u0153ur de la tranquillit\u00e9 publique dans nos quartiers. Gr\u00e2ce \u00e0 leur surveillance constante des voies publiques et \u00e0 leur intervention rapide en cas de besoin, ils assurent la s\u00e9curit\u00e9 de tous les citoyens. Cet article vous pr\u00e9sente les missions, les strat\u00e9gies de pr\u00e9vention, les enjeux contemporains et l\u2019avenir de la police municipale.<\/p>\n<h2>Perspectives de d\u00e9veloppement pour la police municipale<\/h2>\n<h3>L\u2019impact futur de la police municipale sur les collectivit\u00e9s<\/h3>\n<p>Dans les ann\u00e9es \u00e0 venir, la police municipale pourrait \u00e9tendre son champ d\u2019action, en contribuant \u00e0 des projets communautaires de s\u00e9curit\u00e9 ou en jouant un r\u00f4le central dans la gestion de la s\u00e9curit\u00e9 lors des \u00e9v\u00e9nements locaux.<\/p>\n<h3>Nouvelles orientations l\u00e9gislatives et r\u00e9glementaires<\/h3>\n<p>Les ajustements l\u00e9gislatifs fr\u00e9quents visent \u00e0 adapter la police municipale aux besoins modernes de la s\u00e9curit\u00e9 publique et \u00e0 am\u00e9liorer la coordination entre acteurs.<\/p>\n<h3>Approches nouvelles pour renforcer la s\u00e9curit\u00e9 locale<\/h3>\n<p>Les progr\u00e8s technologiques pourraient permettre \u00e0 la police municipale de transformer ses m\u00e9thodes d\u2019intervention, en int\u00e9grant des outils comme la vid\u00e9osurveillance, les drones et les plateformes de signalement pour am\u00e9liorer la r\u00e9activit\u00e9 et l\u2019efficacit\u00e9 des agents. V\u00e9ritable garant de la s\u00e9curit\u00e9 des citoyens, la police municipale intervient au quotidien pour maintenir la tranquillit\u00e9 publique. Son r\u00f4le de pr\u00e9vention et sa r\u00e9activit\u00e9 sont essentiels, mais face aux d\u00e9fis futurs, elle doit continuer de s\u2019adapter. L\u2019avenir de la police municipale s\u2019annonce plein de possibilit\u00e9s, avec de nombreuses \u00e9volutions \u00e0 pr\u00e9voir.<\/p>\n<h2>Les d\u00e9fis de s\u00e9curit\u00e9 \u00e0 l\u2019\u00e8re moderne<\/h2>\n<h3>Rendre les actions plus efficaces<\/h3>\n<p>Pour faire face \u00e0 ces nouveaux d\u00e9fis, la police municipale doit s\u2019adapter en permanence. Cela passe par une mise \u00e0 jour continue de la formation des agents, l\u2019int\u00e9gration de nouveaux dispositifs de surveillance et la mise en place d\u2019outils num\u00e9riques innovants pour optimiser la gestion des interventions. Gr\u00e2ce \u00e0<a href=\"https:\/\/www.applijesignale.fr\/\" rel=\"noopener noreferrer \" target=\"_blank\"> l\u2019application de signalement <\/a>, vous pouvez facilement alerter la police municipale.<\/p>\n<h3>Objectifs principaux en mati\u00e8re de s\u00e9curit\u00e9 publique<\/h3>\n<p>La police municipale doit constamment revoir ses priorit\u00e9s pour faire face aux transformations de la soci\u00e9t\u00e9. La gestion des espaces publics et la pr\u00e9vention de la d\u00e9linquance restent des piliers essentiels, mais les d\u00e9fis technologiques et la criminalit\u00e9 \u00e9voluent, imposant une vigilance renforc\u00e9e.<\/p>\n<h3>Incidents de d\u00e9linquance et nuisances<\/h3>\n<p>Les policiers municipaux g\u00e8rent des situations de voisinage difficiles, comme les tapages nocturnes et les stationnements abusifs. De plus, bien que la d\u00e9linquance soit moins pr\u00e9sente qu\u2019en ville, elle reste un probl\u00e8me \u00e0 surveiller. Face aux d\u00e9fis croissants de la s\u00e9curit\u00e9 publique, la police municipale doit faire preuve d\u2019une grande capacit\u00e9 d\u2019adaptation.<\/p>\n<h2>Actions de pr\u00e9vention et strat\u00e9gies d\u2019intervention<\/h2>\n<h3>Techniques de rondes et de surveillance de proximit\u00e9<\/h3>\n<p>Les policiers municipaux assurent une pr\u00e9sence constante gr\u00e2ce \u00e0 des rondes \u00e0 pied ou en voiture, compl\u00e9t\u00e9es par l\u2019installation de cam\u00e9ras, afin de rep\u00e9rer toute anomalie et d\u2019intervenir rapidement.<\/p>\n<h3>Initiatives de sensibilisation \u00e0 la s\u00e9curit\u00e9 publique<\/h3>\n<p>Dans le cadre de ses actions de pr\u00e9vention de la d\u00e9linquance, la police municipale organise des campagnes de sensibilisation \u00e0 la s\u00e9curit\u00e9 routi\u00e8re, des r\u00e9unions avec les habitants pour discuter de la s\u00e9curit\u00e9 locale et des actions \u00e9ducatives visant \u00e0 r\u00e9duire les nuisances. L\u2019implication des citoyens dans ces initiatives est essentielle pour renforcer la collaboration.<\/p>\n<h3>Collaboration interservices pour la s\u00e9curit\u00e9 du quartier<\/h3>\n<p>La police municipale travaille main dans la main avec la police nationale et les services d\u2019urgence pour intervenir de mani\u00e8re rapide et efficace en cas de crise. Cette collaboration permet de garantir une protection de qualit\u00e9 pour tous. Avant m\u00eame qu\u2019un probl\u00e8me ne survienne, la police municipale travaille activement \u00e0 sa pr\u00e9vention, afin de maintenir l\u2019ordre public.<\/p>\n<h2>La police municipale : Pr\u00e9sente pour assurer l\u2019\u00e9quilibre et la s\u00e9curit\u00e9<\/h2>\n<h3>Les attributions et capacit\u00e9s<\/h3>\n<p>Les missions de la brigade de police municipale sont diverses et cruciales pour maintenir l\u2019ordre public. En plus des patrouilles, les policiers g\u00e8rent la circulation, le stationnement, les nuisances sonores et les animaux errants. Ils sont aussi impliqu\u00e9s dans l\u2019intervention face aux infractions au code de la route et \u00e0 l\u2019ordre public. Dirig\u00e9e par le maire, la police municipale est un pilier de la s\u00e9curit\u00e9 locale. Elle est responsable de la pr\u00e9servation de l\u2019ordre public et de la tranquillit\u00e9 des citoyens. En partenariat avec la police nationale, elle surveille les lieux publics, intervient en cas de nuisances et veille \u00e0 l\u2019application des arr\u00eat\u00e9s municipaux.<\/p>\n<h3>L\u2019effet de la s\u00e9curit\u00e9 municipale sur le calme public<\/h3>\n<p>Le r\u00f4le de la police municipale dans la pr\u00e9servation de la tranquillit\u00e9 publique est fondamental. Gr\u00e2ce \u00e0 une surveillance r\u00e9guli\u00e8re des rues et des espaces publics, les policiers limitent les comportements ind\u00e9sirables et contribuent \u00e0 r\u00e9duire la d\u00e9linquance. Leur pr\u00e9sence sur le terrain agit comme un puissant moyen de dissuasion, apportant s\u00e9curit\u00e9 et s\u00e9r\u00e9nit\u00e9 aux habitants.<\/p>\n<h3>L\u2019\u00e9coute et la proximit\u00e9 au service des habitants<\/h3>\n<p>La police municipale b\u00e9n\u00e9ficie d\u2019une grande proximit\u00e9 avec les citoyens, ce qui lui permet de traiter efficacement les aspects administratifs dans le domaine du droit judiciaire. Pr\u00e9sente au c\u0153ur des quartiers, elle r\u00e9pond rapidement aux pr\u00e9occupations des habitants et ajuste les mesures de s\u00e9curit\u00e9 en fonction des r\u00e9alit\u00e9s locales, renfor\u00e7ant ainsi la relation de confiance et l\u2019\u00e9change d\u2019informations.\n<\/p>\n<p>\n<br \/><a href=\"http:\/\/www.bing.com\/news\/apiclick.aspx?ref=FexRss&amp;aid=&amp;tid=69208011090841398c40f062d861f3a4&amp;url=https%3A%2F%2Fwww.laprovence.com%2Farticle%2Fecoplanete%2F26804949422959%2Fla-police-municipale-de-jonquieres-a-recu-un-nouveau-vehicule-tout-electrique&amp;c=1619377399991905990&amp;mkt=fr-fr\">Source link <\/a><\/p>\n<p>#police #municipale #Jonqui\u00e8res #re\u00e7u #nouveau #v\u00e9hicule #tout #\u00e9lectrique<\/p>\n<p> Cet article, qui traite du th\u00e8me \u00ab\u00a0Les 3 rivi\u00e8res dans la Somme\u00a0\u00bb, vous est sp\u00e9cialement sugg\u00e9r\u00e9 par cc3rivieres76.com. La chronique est reproduite du mieux possible. Dans le cas o\u00f9 vous souhaitez apporter quelques pr\u00e9cisions concernant le domaine de \u00ab\u00a0Les 3 rivi\u00e8res dans la Somme\u00a0\u00bb vous pouvez solliciter notre r\u00e9daction. La destination de cc3rivieres76.com est de d\u00e9battre de Les 3 rivi\u00e8res dans la Somme dans la transparence en vous apportant la connaissance de tout ce qui est en lien avec ce sujet sur la toile Connectez-vous sur notre site cc3rivieres76.com et nos r\u00e9seaux sociaux dans le but d\u2019\u00eatre inform\u00e9 des futures publications.<\/p>\n","protected":false},"excerpt":{"rendered":"<p>Le titre qui figure dans cet article est : La police municipale de Jonqui\u00e8res a re\u00e7u un nouveau v\u00e9hicule tout \u00e9lectrique La police municipale de Jonqui\u00e8res a d\u00e9sormais un v\u00e9hicule tout \u00e9lectrique. Les cl\u00e9s ont \u00e9t\u00e9 remises aux policiers le 6&nbsp;novembre par le maire de Jonqui\u00e8resLouis Biscarrat, en pr\u00e9sence des adjoints G\u00e9rard Ratajezak et Martial &hellip; <\/p>\n<p class=\"link-more\"><a href=\"https:\/\/www.cc3rivieres76.com\/blog\/la-police-municipale-de-jonquieres-a-recu-un-nouveau-vehicule-tout-electrique\/\" class=\"more-link\">Continuer la lecture <span class=\"screen-reader-text\"> \u00ab\u00a0La police municipale de Jonqui\u00e8res a re\u00e7u un nouveau v\u00e9hicule tout \u00e9lectrique\u00a0\u00bb<\/span><\/a><\/p>\n","protected":false},"author":3,"featured_media":1023,"comment_status":"closed","ping_status":"closed","sticky":false,"template":"","format":"standard","meta":{"footnotes":""},"categories":[2],"tags":[],"class_list":["post-1022","post","type-post","status-publish","format-standard","has-post-thumbnail","hentry","category-les-3-rivieres-dans-la-somme","entry"],"yoast_head":"<!-- This site is optimized with the Yoast SEO plugin v27.5 - https:\/\/yoast.com\/product\/yoast-seo-wordpress\/ -->\n<title>La police municipale de Jonqui\u00e8res a re\u00e7u un nouveau v\u00e9hicule tout \u00e9lectrique - CC3RIVIERES76<\/title>\n<meta name=\"robots\" content=\"index, follow, max-snippet:-1, max-image-preview:large, max-video-preview:-1\" \/>\n<link rel=\"canonical\" href=\"https:\/\/www.cc3rivieres76.com\/blog\/la-police-municipale-de-jonquieres-a-recu-un-nouveau-vehicule-tout-electrique\/\" \/>\n<meta property=\"og:locale\" content=\"fr_FR\" \/>\n<meta property=\"og:type\" content=\"article\" \/>\n<meta property=\"og:title\" content=\"La police municipale de Jonqui\u00e8res a re\u00e7u un nouveau v\u00e9hicule tout \u00e9lectrique - CC3RIVIERES76\" \/>\n<meta property=\"og:description\" content=\"Le titre qui figure dans cet article est : La police municipale de Jonqui\u00e8res a re\u00e7u un nouveau v\u00e9hicule tout \u00e9lectrique La police municipale de Jonqui\u00e8res a d\u00e9sormais un v\u00e9hicule tout \u00e9lectrique. Les cl\u00e9s ont \u00e9t\u00e9 remises aux policiers le 6&nbsp;novembre par le maire de Jonqui\u00e8resLouis Biscarrat, en pr\u00e9sence des adjoints G\u00e9rard Ratajezak et Martial &hellip; Continuer la lecture \u00ab\u00a0La police municipale de Jonqui\u00e8res a re\u00e7u un nouveau v\u00e9hicule tout \u00e9lectrique\u00a0\u00bb\" \/>\n<meta property=\"og:url\" content=\"https:\/\/www.cc3rivieres76.com\/blog\/la-police-municipale-de-jonquieres-a-recu-un-nouveau-vehicule-tout-electrique\/\" \/>\n<meta property=\"og:site_name\" content=\"CC3RIVIERES76\" \/>\n<meta property=\"article:published_time\" content=\"2025-11-21T01:36:00+00:00\" \/>\n<meta name=\"author\" content=\"Sylvie DE LAUZAINGHEIN\" \/>\n<meta name=\"twitter:card\" content=\"summary_large_image\" \/>\n<meta name=\"twitter:label1\" content=\"\u00c9crit par\" \/>\n\t<meta name=\"twitter:data1\" content=\"Sylvie DE LAUZAINGHEIN\" \/>\n\t<meta name=\"twitter:label2\" content=\"Dur\u00e9e de lecture estim\u00e9e\" \/>\n\t<meta name=\"twitter:data2\" content=\"6 minutes\" \/>\n<script type=\"application\/ld+json\" class=\"yoast-schema-graph\">{\"@context\":\"https:\\\/\\\/schema.org\",\"@graph\":[{\"@type\":\"Article\",\"@id\":\"https:\\\/\\\/www.cc3rivieres76.com\\\/blog\\\/la-police-municipale-de-jonquieres-a-recu-un-nouveau-vehicule-tout-electrique\\\/#article\",\"isPartOf\":{\"@id\":\"https:\\\/\\\/www.cc3rivieres76.com\\\/blog\\\/la-police-municipale-de-jonquieres-a-recu-un-nouveau-vehicule-tout-electrique\\\/\"},\"author\":{\"name\":\"Sylvie DE LAUZAINGHEIN\",\"@id\":\"https:\\\/\\\/www.cc3rivieres76.com\\\/blog\\\/#\\\/schema\\\/person\\\/474d457fb7747b5218f39792dfaa5a1c\"},\"headline\":\"La police municipale de Jonqui\u00e8res a re\u00e7u un nouveau v\u00e9hicule tout \u00e9lectrique\",\"datePublished\":\"2025-11-21T01:36:00+00:00\",\"mainEntityOfPage\":{\"@id\":\"https:\\\/\\\/www.cc3rivieres76.com\\\/blog\\\/la-police-municipale-de-jonquieres-a-recu-un-nouveau-vehicule-tout-electrique\\\/\"},\"wordCount\":1272,\"publisher\":{\"@id\":\"https:\\\/\\\/www.cc3rivieres76.com\\\/blog\\\/#organization\"},\"image\":{\"@id\":\"https:\\\/\\\/www.cc3rivieres76.com\\\/blog\\\/la-police-municipale-de-jonquieres-a-recu-un-nouveau-vehicule-tout-electrique\\\/#primaryimage\"},\"thumbnailUrl\":\"https:\\\/\\\/www.cc3rivieres76.com\\\/blog\\\/wp-content\\\/uploads\\\/2025\\\/11\\\/la-police-municipale-de-jonquieres-a-recu-un-nouveau-vehicule-tout-electrique.jpg\",\"articleSection\":[\"Les 3 Rivi\u00e8res Dans La Somme:\"],\"inLanguage\":\"fr-FR\"},{\"@type\":\"WebPage\",\"@id\":\"https:\\\/\\\/www.cc3rivieres76.com\\\/blog\\\/la-police-municipale-de-jonquieres-a-recu-un-nouveau-vehicule-tout-electrique\\\/\",\"url\":\"https:\\\/\\\/www.cc3rivieres76.com\\\/blog\\\/la-police-municipale-de-jonquieres-a-recu-un-nouveau-vehicule-tout-electrique\\\/\",\"name\":\"La police municipale de Jonqui\u00e8res a re\u00e7u un nouveau v\u00e9hicule tout \u00e9lectrique - CC3RIVIERES76\",\"isPartOf\":{\"@id\":\"https:\\\/\\\/www.cc3rivieres76.com\\\/blog\\\/#website\"},\"primaryImageOfPage\":{\"@id\":\"https:\\\/\\\/www.cc3rivieres76.com\\\/blog\\\/la-police-municipale-de-jonquieres-a-recu-un-nouveau-vehicule-tout-electrique\\\/#primaryimage\"},\"image\":{\"@id\":\"https:\\\/\\\/www.cc3rivieres76.com\\\/blog\\\/la-police-municipale-de-jonquieres-a-recu-un-nouveau-vehicule-tout-electrique\\\/#primaryimage\"},\"thumbnailUrl\":\"https:\\\/\\\/www.cc3rivieres76.com\\\/blog\\\/wp-content\\\/uploads\\\/2025\\\/11\\\/la-police-municipale-de-jonquieres-a-recu-un-nouveau-vehicule-tout-electrique.jpg\",\"datePublished\":\"2025-11-21T01:36:00+00:00\",\"breadcrumb\":{\"@id\":\"https:\\\/\\\/www.cc3rivieres76.com\\\/blog\\\/la-police-municipale-de-jonquieres-a-recu-un-nouveau-vehicule-tout-electrique\\\/#breadcrumb\"},\"inLanguage\":\"fr-FR\",\"potentialAction\":[{\"@type\":\"ReadAction\",\"target\":[\"https:\\\/\\\/www.cc3rivieres76.com\\\/blog\\\/la-police-municipale-de-jonquieres-a-recu-un-nouveau-vehicule-tout-electrique\\\/\"]}]},{\"@type\":\"ImageObject\",\"inLanguage\":\"fr-FR\",\"@id\":\"https:\\\/\\\/www.cc3rivieres76.com\\\/blog\\\/la-police-municipale-de-jonquieres-a-recu-un-nouveau-vehicule-tout-electrique\\\/#primaryimage\",\"url\":\"https:\\\/\\\/www.cc3rivieres76.com\\\/blog\\\/wp-content\\\/uploads\\\/2025\\\/11\\\/la-police-municipale-de-jonquieres-a-recu-un-nouveau-vehicule-tout-electrique.jpg\",\"contentUrl\":\"https:\\\/\\\/www.cc3rivieres76.com\\\/blog\\\/wp-content\\\/uploads\\\/2025\\\/11\\\/la-police-municipale-de-jonquieres-a-recu-un-nouveau-vehicule-tout-electrique.jpg\",\"width\":1000,\"height\":563,\"caption\":\"La police municipale de Jonqui\u00e8res a re\u00e7u un nouveau v\u00e9hicule tout \u00e9lectrique\"},{\"@type\":\"BreadcrumbList\",\"@id\":\"https:\\\/\\\/www.cc3rivieres76.com\\\/blog\\\/la-police-municipale-de-jonquieres-a-recu-un-nouveau-vehicule-tout-electrique\\\/#breadcrumb\",\"itemListElement\":[{\"@type\":\"ListItem\",\"position\":1,\"name\":\"Accueil\",\"item\":\"https:\\\/\\\/www.cc3rivieres76.com\\\/blog\\\/\"},{\"@type\":\"ListItem\",\"position\":2,\"name\":\"La police municipale de Jonqui\u00e8res a re\u00e7u un nouveau v\u00e9hicule tout \u00e9lectrique\"}]},{\"@type\":\"WebSite\",\"@id\":\"https:\\\/\\\/www.cc3rivieres76.com\\\/blog\\\/#website\",\"url\":\"https:\\\/\\\/www.cc3rivieres76.com\\\/blog\\\/\",\"name\":\"CC3RIVIERES76\",\"description\":\"Les 3 rivi\u00e8res dans la Somme.\",\"publisher\":{\"@id\":\"https:\\\/\\\/www.cc3rivieres76.com\\\/blog\\\/#organization\"},\"potentialAction\":[{\"@type\":\"SearchAction\",\"target\":{\"@type\":\"EntryPoint\",\"urlTemplate\":\"https:\\\/\\\/www.cc3rivieres76.com\\\/blog\\\/?s={search_term_string}\"},\"query-input\":{\"@type\":\"PropertyValueSpecification\",\"valueRequired\":true,\"valueName\":\"search_term_string\"}}],\"inLanguage\":\"fr-FR\"},{\"@type\":\"Organization\",\"@id\":\"https:\\\/\\\/www.cc3rivieres76.com\\\/blog\\\/#organization\",\"name\":\"cc3rivieres76\",\"url\":\"https:\\\/\\\/www.cc3rivieres76.com\\\/blog\\\/\",\"logo\":{\"@type\":\"ImageObject\",\"inLanguage\":\"fr-FR\",\"@id\":\"https:\\\/\\\/www.cc3rivieres76.com\\\/blog\\\/#\\\/schema\\\/logo\\\/image\\\/\",\"url\":\"https:\\\/\\\/www.cc3rivieres76.com\\\/blog\\\/wp-content\\\/uploads\\\/2023\\\/06\\\/logo-2.png\",\"contentUrl\":\"https:\\\/\\\/www.cc3rivieres76.com\\\/blog\\\/wp-content\\\/uploads\\\/2023\\\/06\\\/logo-2.png\",\"width\":390,\"height\":388,\"caption\":\"cc3rivieres76\"},\"image\":{\"@id\":\"https:\\\/\\\/www.cc3rivieres76.com\\\/blog\\\/#\\\/schema\\\/logo\\\/image\\\/\"}},{\"@type\":\"Person\",\"@id\":\"https:\\\/\\\/www.cc3rivieres76.com\\\/blog\\\/#\\\/schema\\\/person\\\/474d457fb7747b5218f39792dfaa5a1c\",\"name\":\"Sylvie DE LAUZAINGHEIN\",\"image\":{\"@type\":\"ImageObject\",\"inLanguage\":\"fr-FR\",\"@id\":\"https:\\\/\\\/secure.gravatar.com\\\/avatar\\\/9c6a53b19e0a3431aa80de0895b9729fe665cd7e7d6cc94fc11abb152f4237d7?s=96&d=mm&r=g\",\"url\":\"https:\\\/\\\/secure.gravatar.com\\\/avatar\\\/9c6a53b19e0a3431aa80de0895b9729fe665cd7e7d6cc94fc11abb152f4237d7?s=96&d=mm&r=g\",\"contentUrl\":\"https:\\\/\\\/secure.gravatar.com\\\/avatar\\\/9c6a53b19e0a3431aa80de0895b9729fe665cd7e7d6cc94fc11abb152f4237d7?s=96&d=mm&r=g\",\"caption\":\"Sylvie DE LAUZAINGHEIN\"},\"url\":\"https:\\\/\\\/www.cc3rivieres76.com\\\/blog\\\/author\\\/s76sylvie\\\/\"}]}<\/script>\n<!-- \/ Yoast SEO plugin. -->","yoast_head_json":{"title":"La police municipale de Jonqui\u00e8res a re\u00e7u un nouveau v\u00e9hicule tout \u00e9lectrique - CC3RIVIERES76","robots":{"index":"index","follow":"follow","max-snippet":"max-snippet:-1","max-image-preview":"max-image-preview:large","max-video-preview":"max-video-preview:-1"},"canonical":"https:\/\/www.cc3rivieres76.com\/blog\/la-police-municipale-de-jonquieres-a-recu-un-nouveau-vehicule-tout-electrique\/","og_locale":"fr_FR","og_type":"article","og_title":"La police municipale de Jonqui\u00e8res a re\u00e7u un nouveau v\u00e9hicule tout \u00e9lectrique - CC3RIVIERES76","og_description":"Le titre qui figure dans cet article est : La police municipale de Jonqui\u00e8res a re\u00e7u un nouveau v\u00e9hicule tout \u00e9lectrique La police municipale de Jonqui\u00e8res a d\u00e9sormais un v\u00e9hicule tout \u00e9lectrique. Les cl\u00e9s ont \u00e9t\u00e9 remises aux policiers le 6&nbsp;novembre par le maire de Jonqui\u00e8resLouis Biscarrat, en pr\u00e9sence des adjoints G\u00e9rard Ratajezak et Martial &hellip; Continuer la lecture \u00ab\u00a0La police municipale de Jonqui\u00e8res a re\u00e7u un nouveau v\u00e9hicule tout \u00e9lectrique\u00a0\u00bb","og_url":"https:\/\/www.cc3rivieres76.com\/blog\/la-police-municipale-de-jonquieres-a-recu-un-nouveau-vehicule-tout-electrique\/","og_site_name":"CC3RIVIERES76","article_published_time":"2025-11-21T01:36:00+00:00","author":"Sylvie DE LAUZAINGHEIN","twitter_card":"summary_large_image","twitter_misc":{"\u00c9crit par":"Sylvie DE LAUZAINGHEIN","Dur\u00e9e de lecture estim\u00e9e":"6 minutes"},"schema":{"@context":"https:\/\/schema.org","@graph":[{"@type":"Article","@id":"https:\/\/www.cc3rivieres76.com\/blog\/la-police-municipale-de-jonquieres-a-recu-un-nouveau-vehicule-tout-electrique\/#article","isPartOf":{"@id":"https:\/\/www.cc3rivieres76.com\/blog\/la-police-municipale-de-jonquieres-a-recu-un-nouveau-vehicule-tout-electrique\/"},"author":{"name":"Sylvie DE LAUZAINGHEIN","@id":"https:\/\/www.cc3rivieres76.com\/blog\/#\/schema\/person\/474d457fb7747b5218f39792dfaa5a1c"},"headline":"La police municipale de Jonqui\u00e8res a re\u00e7u un nouveau v\u00e9hicule tout \u00e9lectrique","datePublished":"2025-11-21T01:36:00+00:00","mainEntityOfPage":{"@id":"https:\/\/www.cc3rivieres76.com\/blog\/la-police-municipale-de-jonquieres-a-recu-un-nouveau-vehicule-tout-electrique\/"},"wordCount":1272,"publisher":{"@id":"https:\/\/www.cc3rivieres76.com\/blog\/#organization"},"image":{"@id":"https:\/\/www.cc3rivieres76.com\/blog\/la-police-municipale-de-jonquieres-a-recu-un-nouveau-vehicule-tout-electrique\/#primaryimage"},"thumbnailUrl":"https:\/\/www.cc3rivieres76.com\/blog\/wp-content\/uploads\/2025\/11\/la-police-municipale-de-jonquieres-a-recu-un-nouveau-vehicule-tout-electrique.jpg","articleSection":["Les 3 Rivi\u00e8res Dans La Somme:"],"inLanguage":"fr-FR"},{"@type":"WebPage","@id":"https:\/\/www.cc3rivieres76.com\/blog\/la-police-municipale-de-jonquieres-a-recu-un-nouveau-vehicule-tout-electrique\/","url":"https:\/\/www.cc3rivieres76.com\/blog\/la-police-municipale-de-jonquieres-a-recu-un-nouveau-vehicule-tout-electrique\/","name":"La police municipale de Jonqui\u00e8res a re\u00e7u un nouveau v\u00e9hicule tout \u00e9lectrique - CC3RIVIERES76","isPartOf":{"@id":"https:\/\/www.cc3rivieres76.com\/blog\/#website"},"primaryImageOfPage":{"@id":"https:\/\/www.cc3rivieres76.com\/blog\/la-police-municipale-de-jonquieres-a-recu-un-nouveau-vehicule-tout-electrique\/#primaryimage"},"image":{"@id":"https:\/\/www.cc3rivieres76.com\/blog\/la-police-municipale-de-jonquieres-a-recu-un-nouveau-vehicule-tout-electrique\/#primaryimage"},"thumbnailUrl":"https:\/\/www.cc3rivieres76.com\/blog\/wp-content\/uploads\/2025\/11\/la-police-municipale-de-jonquieres-a-recu-un-nouveau-vehicule-tout-electrique.jpg","datePublished":"2025-11-21T01:36:00+00:00","breadcrumb":{"@id":"https:\/\/www.cc3rivieres76.com\/blog\/la-police-municipale-de-jonquieres-a-recu-un-nouveau-vehicule-tout-electrique\/#breadcrumb"},"inLanguage":"fr-FR","potentialAction":[{"@type":"ReadAction","target":["https:\/\/www.cc3rivieres76.com\/blog\/la-police-municipale-de-jonquieres-a-recu-un-nouveau-vehicule-tout-electrique\/"]}]},{"@type":"ImageObject","inLanguage":"fr-FR","@id":"https:\/\/www.cc3rivieres76.com\/blog\/la-police-municipale-de-jonquieres-a-recu-un-nouveau-vehicule-tout-electrique\/#primaryimage","url":"https:\/\/www.cc3rivieres76.com\/blog\/wp-content\/uploads\/2025\/11\/la-police-municipale-de-jonquieres-a-recu-un-nouveau-vehicule-tout-electrique.jpg","contentUrl":"https:\/\/www.cc3rivieres76.com\/blog\/wp-content\/uploads\/2025\/11\/la-police-municipale-de-jonquieres-a-recu-un-nouveau-vehicule-tout-electrique.jpg","width":1000,"height":563,"caption":"La police municipale de Jonqui\u00e8res a re\u00e7u un nouveau v\u00e9hicule tout \u00e9lectrique"},{"@type":"BreadcrumbList","@id":"https:\/\/www.cc3rivieres76.com\/blog\/la-police-municipale-de-jonquieres-a-recu-un-nouveau-vehicule-tout-electrique\/#breadcrumb","itemListElement":[{"@type":"ListItem","position":1,"name":"Accueil","item":"https:\/\/www.cc3rivieres76.com\/blog\/"},{"@type":"ListItem","position":2,"name":"La police municipale de Jonqui\u00e8res a re\u00e7u un nouveau v\u00e9hicule tout \u00e9lectrique"}]},{"@type":"WebSite","@id":"https:\/\/www.cc3rivieres76.com\/blog\/#website","url":"https:\/\/www.cc3rivieres76.com\/blog\/","name":"CC3RIVIERES76","description":"Les 3 rivi\u00e8res dans la Somme.","publisher":{"@id":"https:\/\/www.cc3rivieres76.com\/blog\/#organization"},"potentialAction":[{"@type":"SearchAction","target":{"@type":"EntryPoint","urlTemplate":"https:\/\/www.cc3rivieres76.com\/blog\/?s={search_term_string}"},"query-input":{"@type":"PropertyValueSpecification","valueRequired":true,"valueName":"search_term_string"}}],"inLanguage":"fr-FR"},{"@type":"Organization","@id":"https:\/\/www.cc3rivieres76.com\/blog\/#organization","name":"cc3rivieres76","url":"https:\/\/www.cc3rivieres76.com\/blog\/","logo":{"@type":"ImageObject","inLanguage":"fr-FR","@id":"https:\/\/www.cc3rivieres76.com\/blog\/#\/schema\/logo\/image\/","url":"https:\/\/www.cc3rivieres76.com\/blog\/wp-content\/uploads\/2023\/06\/logo-2.png","contentUrl":"https:\/\/www.cc3rivieres76.com\/blog\/wp-content\/uploads\/2023\/06\/logo-2.png","width":390,"height":388,"caption":"cc3rivieres76"},"image":{"@id":"https:\/\/www.cc3rivieres76.com\/blog\/#\/schema\/logo\/image\/"}},{"@type":"Person","@id":"https:\/\/www.cc3rivieres76.com\/blog\/#\/schema\/person\/474d457fb7747b5218f39792dfaa5a1c","name":"Sylvie DE LAUZAINGHEIN","image":{"@type":"ImageObject","inLanguage":"fr-FR","@id":"https:\/\/secure.gravatar.com\/avatar\/9c6a53b19e0a3431aa80de0895b9729fe665cd7e7d6cc94fc11abb152f4237d7?s=96&d=mm&r=g","url":"https:\/\/secure.gravatar.com\/avatar\/9c6a53b19e0a3431aa80de0895b9729fe665cd7e7d6cc94fc11abb152f4237d7?s=96&d=mm&r=g","contentUrl":"https:\/\/secure.gravatar.com\/avatar\/9c6a53b19e0a3431aa80de0895b9729fe665cd7e7d6cc94fc11abb152f4237d7?s=96&d=mm&r=g","caption":"Sylvie DE LAUZAINGHEIN"},"url":"https:\/\/www.cc3rivieres76.com\/blog\/author\/s76sylvie\/"}]}},"_links":{"self":[{"href":"https:\/\/www.cc3rivieres76.com\/blog\/wp-json\/wp\/v2\/posts\/1022","targetHints":{"allow":["GET"]}}],"collection":[{"href":"https:\/\/www.cc3rivieres76.com\/blog\/wp-json\/wp\/v2\/posts"}],"about":[{"href":"https:\/\/www.cc3rivieres76.com\/blog\/wp-json\/wp\/v2\/types\/post"}],"author":[{"embeddable":true,"href":"https:\/\/www.cc3rivieres76.com\/blog\/wp-json\/wp\/v2\/users\/3"}],"replies":[{"embeddable":true,"href":"https:\/\/www.cc3rivieres76.com\/blog\/wp-json\/wp\/v2\/comments?post=1022"}],"version-history":[{"count":0,"href":"https:\/\/www.cc3rivieres76.com\/blog\/wp-json\/wp\/v2\/posts\/1022\/revisions"}],"wp:featuredmedia":[{"embeddable":true,"href":"https:\/\/www.cc3rivieres76.com\/blog\/wp-json\/wp\/v2\/media\/1023"}],"wp:attachment":[{"href":"https:\/\/www.cc3rivieres76.com\/blog\/wp-json\/wp\/v2\/media?parent=1022"}],"wp:term":[{"taxonomy":"category","embeddable":true,"href":"https:\/\/www.cc3rivieres76.com\/blog\/wp-json\/wp\/v2\/categories?post=1022"},{"taxonomy":"post_tag","embeddable":true,"href":"https:\/\/www.cc3rivieres76.com\/blog\/wp-json\/wp\/v2\/tags?post=1022"}],"curies":[{"name":"wp","href":"https:\/\/api.w.org\/{rel}","templated":true}]}}