{"id":1024,"date":"2025-11-22T12:06:00","date_gmt":"2025-11-22T11:06:00","guid":{"rendered":"https:\/\/www.site.cdcl.xyz\/2025\/11\/22\/france-football-pour-le-neo-international-senegalais-ibrahim-mbaye-tout-accelere-mais-rien-ne-change\/"},"modified":"2025-11-22T12:06:00","modified_gmt":"2025-11-22T11:06:00","slug":"france-football-pour-le-neo-international-senegalais-ibrahim-mbaye-tout-accelere-mais-rien-ne-change","status":"publish","type":"post","link":"https:\/\/www.cc3rivieres76.com\/blog\/france-football-pour-le-neo-international-senegalais-ibrahim-mbaye-tout-accelere-mais-rien-ne-change\/","title":{"rendered":"France: Football : pour le n\u00e9o-international s\u00e9n\u00e9galais Ibrahim Mbaye, tout acc\u00e9l\u00e8re mais \u00abrien ne change\u00bb"},"content":{"rendered":"\n<p><img decoding=\"async\" src=\"https:\/\/www.cc3rivieres76.com\/blog\/wp-content\/uploads\/2025\/11\/france-football-pour-le-neo-international-senegalais-ibrahim-mbaye-tout-accelere-mais-rien-ne-change.jpg\"><br \/>Ibrahim Mbaye a pass\u00e9 une casquette avec le PSG et a connu un acte de naissance avec le S\u00e9n\u00e9gal en marquant son premier mais lors de sa deuxi\u00e8me s\u00e9lection. \u00c0 17 ans, tout s&rsquo;acc\u00e9l\u00e8re pour lui, sauf dans les yeux de Luis Enrique, son entra\u00eeneur qui en veut encore plus de sa jeune p\u00e9pite.<\/p>\n<p>Livres sur un th\u00e8me analogue:<\/p>\n<p>Il \u00e9tait une fois La France.,<a href=\"https:\/\/www.kobo.com\/fr\/fr\/ebook\/il-etait-une-fois-la-france-1\" target=\"_blank\" rel=\"noopener noreferrer nofollow\">Lien sur la fiche de pr\u00e9sentation de cet ouvrage<\/a><span><\/span>.<\/p>\n<p>Les ASCII de 0 \u00e0 127\/Avant l\u2019ASCII.,<a href=\"https:\/\/fr.wikibooks.org\/wiki\/Les_ASCII_de_0_%C3%A0_127\/Avant_l%27ASCII\" target=\"_blank\" rel=\"noopener noreferrer nofollow\">Redirection vers la description <\/a><span><\/span>.<\/p>\n<p>R\u00e9concilier la France.,<a href=\"https:\/\/www.kobo.com\/fr\/fr\/ebook\/reconcilier-la-france\" target=\"_blank\" rel=\"noopener noreferrer nofollow\">R\u00e9f\u00e9rence lit\u00e9raire de cet ouvrage<\/a><span><\/span>.<\/p>\n<p> Cet article, qui traite du th\u00e8me \u00ab\u00a0Les 3 rivi\u00e8res dans la Somme\u00a0\u00bb, vous est sp\u00e9cialement sugg\u00e9r\u00e9 par cc3rivieres76.com. La chronique est reproduite du mieux possible. Dans le cas o\u00f9 vous souhaitez apporter quelques pr\u00e9cisions concernant le domaine de \u00ab\u00a0Les 3 rivi\u00e8res dans la Somme\u00a0\u00bb vous pouvez solliciter notre r\u00e9daction. La destination de cc3rivieres76.com est de d\u00e9battre de Les 3 rivi\u00e8res dans la Somme dans la transparence en vous apportant la connaissance de tout ce qui est en lien avec ce sujet sur la toile Connectez-vous sur notre site cc3rivieres76.com et nos r\u00e9seaux sociaux dans le but d\u2019\u00eatre inform\u00e9 des futures publications.<\/p>\n","protected":false},"excerpt":{"rendered":"<p>Ibrahim Mbaye a pass\u00e9 une casquette avec le PSG et a connu un acte de naissance avec le S\u00e9n\u00e9gal en marquant son premier mais lors de sa deuxi\u00e8me s\u00e9lection. \u00c0 17 ans, tout s&rsquo;acc\u00e9l\u00e8re pour lui, sauf dans les yeux de Luis Enrique, son entra\u00eeneur qui en veut encore plus de sa jeune p\u00e9pite. Livres &hellip; <\/p>\n<p class=\"link-more\"><a href=\"https:\/\/www.cc3rivieres76.com\/blog\/france-football-pour-le-neo-international-senegalais-ibrahim-mbaye-tout-accelere-mais-rien-ne-change\/\" class=\"more-link\">Continuer la lecture <span class=\"screen-reader-text\"> \u00ab\u00a0France: Football : pour le n\u00e9o-international s\u00e9n\u00e9galais Ibrahim Mbaye, tout acc\u00e9l\u00e8re mais \u00abrien ne change\u00bb\u00a0\u00bb<\/span><\/a><\/p>\n","protected":false},"author":3,"featured_media":1025,"comment_status":"closed","ping_status":"closed","sticky":false,"template":"","format":"standard","meta":{"footnotes":""},"categories":[2],"tags":[],"class_list":["post-1024","post","type-post","status-publish","format-standard","has-post-thumbnail","hentry","category-les-3-rivieres-dans-la-somme","entry"],"yoast_head":"<!-- This site is optimized with the Yoast SEO plugin v27.5 - https:\/\/yoast.com\/product\/yoast-seo-wordpress\/ -->\n<title>France: Football : pour le n\u00e9o-international s\u00e9n\u00e9galais Ibrahim Mbaye, tout acc\u00e9l\u00e8re mais \u00abrien ne change\u00bb - CC3RIVIERES76<\/title>\n<meta name=\"robots\" content=\"index, follow, max-snippet:-1, max-image-preview:large, max-video-preview:-1\" \/>\n<link rel=\"canonical\" href=\"https:\/\/www.cc3rivieres76.com\/blog\/france-football-pour-le-neo-international-senegalais-ibrahim-mbaye-tout-accelere-mais-rien-ne-change\/\" \/>\n<meta property=\"og:locale\" content=\"fr_FR\" \/>\n<meta property=\"og:type\" content=\"article\" \/>\n<meta property=\"og:title\" content=\"France: Football : pour le n\u00e9o-international s\u00e9n\u00e9galais Ibrahim Mbaye, tout acc\u00e9l\u00e8re mais \u00abrien ne change\u00bb - CC3RIVIERES76\" \/>\n<meta property=\"og:description\" content=\"Ibrahim Mbaye a pass\u00e9 une casquette avec le PSG et a connu un acte de naissance avec le S\u00e9n\u00e9gal en marquant son premier mais lors de sa deuxi\u00e8me s\u00e9lection. \u00c0 17 ans, tout s&rsquo;acc\u00e9l\u00e8re pour lui, sauf dans les yeux de Luis Enrique, son entra\u00eeneur qui en veut encore plus de sa jeune p\u00e9pite. Livres &hellip; Continuer la lecture \u00ab\u00a0France: Football : pour le n\u00e9o-international s\u00e9n\u00e9galais Ibrahim Mbaye, tout acc\u00e9l\u00e8re mais \u00abrien ne change\u00bb\u00a0\u00bb\" \/>\n<meta property=\"og:url\" content=\"https:\/\/www.cc3rivieres76.com\/blog\/france-football-pour-le-neo-international-senegalais-ibrahim-mbaye-tout-accelere-mais-rien-ne-change\/\" \/>\n<meta property=\"og:site_name\" content=\"CC3RIVIERES76\" \/>\n<meta property=\"article:published_time\" content=\"2025-11-22T11:06:00+00:00\" \/>\n<meta property=\"og:image\" content=\"https:\/\/www.cc3rivieres76.com\/blog\/wp-content\/uploads\/2025\/11\/france-football-pour-le-neo-international-senegalais-ibrahim-mbaye-tout-accelere-mais-rien-ne-change.jpg\" \/>\n<meta name=\"author\" content=\"Sylvie DE LAUZAINGHEIN\" \/>\n<meta name=\"twitter:card\" content=\"summary_large_image\" \/>\n<meta name=\"twitter:label1\" content=\"\u00c9crit par\" \/>\n\t<meta name=\"twitter:data1\" content=\"Sylvie DE LAUZAINGHEIN\" \/>\n\t<meta name=\"twitter:label2\" content=\"Dur\u00e9e de lecture estim\u00e9e\" \/>\n\t<meta name=\"twitter:data2\" content=\"1 minute\" \/>\n<script type=\"application\/ld+json\" class=\"yoast-schema-graph\">{\"@context\":\"https:\\\/\\\/schema.org\",\"@graph\":[{\"@type\":\"Article\",\"@id\":\"https:\\\/\\\/www.cc3rivieres76.com\\\/blog\\\/france-football-pour-le-neo-international-senegalais-ibrahim-mbaye-tout-accelere-mais-rien-ne-change\\\/#article\",\"isPartOf\":{\"@id\":\"https:\\\/\\\/www.cc3rivieres76.com\\\/blog\\\/france-football-pour-le-neo-international-senegalais-ibrahim-mbaye-tout-accelere-mais-rien-ne-change\\\/\"},\"author\":{\"name\":\"Sylvie DE LAUZAINGHEIN\",\"@id\":\"https:\\\/\\\/www.cc3rivieres76.com\\\/blog\\\/#\\\/schema\\\/person\\\/474d457fb7747b5218f39792dfaa5a1c\"},\"headline\":\"France: Football : pour le n\u00e9o-international s\u00e9n\u00e9galais Ibrahim Mbaye, tout acc\u00e9l\u00e8re mais \u00abrien ne change\u00bb\",\"datePublished\":\"2025-11-22T11:06:00+00:00\",\"mainEntityOfPage\":{\"@id\":\"https:\\\/\\\/www.cc3rivieres76.com\\\/blog\\\/france-football-pour-le-neo-international-senegalais-ibrahim-mbaye-tout-accelere-mais-rien-ne-change\\\/\"},\"wordCount\":239,\"publisher\":{\"@id\":\"https:\\\/\\\/www.cc3rivieres76.com\\\/blog\\\/#organization\"},\"image\":{\"@id\":\"https:\\\/\\\/www.cc3rivieres76.com\\\/blog\\\/france-football-pour-le-neo-international-senegalais-ibrahim-mbaye-tout-accelere-mais-rien-ne-change\\\/#primaryimage\"},\"thumbnailUrl\":\"https:\\\/\\\/www.cc3rivieres76.com\\\/blog\\\/wp-content\\\/uploads\\\/2025\\\/11\\\/france-football-pour-le-neo-international-senegalais-ibrahim-mbaye-tout-accelere-mais-rien-ne-change.jpg\",\"articleSection\":[\"Les 3 Rivi\u00e8res Dans La Somme:\"],\"inLanguage\":\"fr-FR\"},{\"@type\":\"WebPage\",\"@id\":\"https:\\\/\\\/www.cc3rivieres76.com\\\/blog\\\/france-football-pour-le-neo-international-senegalais-ibrahim-mbaye-tout-accelere-mais-rien-ne-change\\\/\",\"url\":\"https:\\\/\\\/www.cc3rivieres76.com\\\/blog\\\/france-football-pour-le-neo-international-senegalais-ibrahim-mbaye-tout-accelere-mais-rien-ne-change\\\/\",\"name\":\"France: Football : pour le n\u00e9o-international s\u00e9n\u00e9galais Ibrahim Mbaye, tout acc\u00e9l\u00e8re mais \u00abrien ne change\u00bb - CC3RIVIERES76\",\"isPartOf\":{\"@id\":\"https:\\\/\\\/www.cc3rivieres76.com\\\/blog\\\/#website\"},\"primaryImageOfPage\":{\"@id\":\"https:\\\/\\\/www.cc3rivieres76.com\\\/blog\\\/france-football-pour-le-neo-international-senegalais-ibrahim-mbaye-tout-accelere-mais-rien-ne-change\\\/#primaryimage\"},\"image\":{\"@id\":\"https:\\\/\\\/www.cc3rivieres76.com\\\/blog\\\/france-football-pour-le-neo-international-senegalais-ibrahim-mbaye-tout-accelere-mais-rien-ne-change\\\/#primaryimage\"},\"thumbnailUrl\":\"https:\\\/\\\/www.cc3rivieres76.com\\\/blog\\\/wp-content\\\/uploads\\\/2025\\\/11\\\/france-football-pour-le-neo-international-senegalais-ibrahim-mbaye-tout-accelere-mais-rien-ne-change.jpg\",\"datePublished\":\"2025-11-22T11:06:00+00:00\",\"breadcrumb\":{\"@id\":\"https:\\\/\\\/www.cc3rivieres76.com\\\/blog\\\/france-football-pour-le-neo-international-senegalais-ibrahim-mbaye-tout-accelere-mais-rien-ne-change\\\/#breadcrumb\"},\"inLanguage\":\"fr-FR\",\"potentialAction\":[{\"@type\":\"ReadAction\",\"target\":[\"https:\\\/\\\/www.cc3rivieres76.com\\\/blog\\\/france-football-pour-le-neo-international-senegalais-ibrahim-mbaye-tout-accelere-mais-rien-ne-change\\\/\"]}]},{\"@type\":\"ImageObject\",\"inLanguage\":\"fr-FR\",\"@id\":\"https:\\\/\\\/www.cc3rivieres76.com\\\/blog\\\/france-football-pour-le-neo-international-senegalais-ibrahim-mbaye-tout-accelere-mais-rien-ne-change\\\/#primaryimage\",\"url\":\"https:\\\/\\\/www.cc3rivieres76.com\\\/blog\\\/wp-content\\\/uploads\\\/2025\\\/11\\\/france-football-pour-le-neo-international-senegalais-ibrahim-mbaye-tout-accelere-mais-rien-ne-change.jpg\",\"contentUrl\":\"https:\\\/\\\/www.cc3rivieres76.com\\\/blog\\\/wp-content\\\/uploads\\\/2025\\\/11\\\/france-football-pour-le-neo-international-senegalais-ibrahim-mbaye-tout-accelere-mais-rien-ne-change.jpg\",\"width\":1024,\"height\":576,\"caption\":\"France: Football : pour le n\u00e9o international s\u00e9n\u00e9galais Ibrahim Mbaye, tout acc\u00e9l\u00e8re mais \u00abrien ne change\u00bb\"},{\"@type\":\"BreadcrumbList\",\"@id\":\"https:\\\/\\\/www.cc3rivieres76.com\\\/blog\\\/france-football-pour-le-neo-international-senegalais-ibrahim-mbaye-tout-accelere-mais-rien-ne-change\\\/#breadcrumb\",\"itemListElement\":[{\"@type\":\"ListItem\",\"position\":1,\"name\":\"Accueil\",\"item\":\"https:\\\/\\\/www.cc3rivieres76.com\\\/blog\\\/\"},{\"@type\":\"ListItem\",\"position\":2,\"name\":\"France: Football : pour le n\u00e9o-international s\u00e9n\u00e9galais Ibrahim Mbaye, tout acc\u00e9l\u00e8re mais \u00abrien ne change\u00bb\"}]},{\"@type\":\"WebSite\",\"@id\":\"https:\\\/\\\/www.cc3rivieres76.com\\\/blog\\\/#website\",\"url\":\"https:\\\/\\\/www.cc3rivieres76.com\\\/blog\\\/\",\"name\":\"CC3RIVIERES76\",\"description\":\"Les 3 rivi\u00e8res dans la Somme.\",\"publisher\":{\"@id\":\"https:\\\/\\\/www.cc3rivieres76.com\\\/blog\\\/#organization\"},\"potentialAction\":[{\"@type\":\"SearchAction\",\"target\":{\"@type\":\"EntryPoint\",\"urlTemplate\":\"https:\\\/\\\/www.cc3rivieres76.com\\\/blog\\\/?s={search_term_string}\"},\"query-input\":{\"@type\":\"PropertyValueSpecification\",\"valueRequired\":true,\"valueName\":\"search_term_string\"}}],\"inLanguage\":\"fr-FR\"},{\"@type\":\"Organization\",\"@id\":\"https:\\\/\\\/www.cc3rivieres76.com\\\/blog\\\/#organization\",\"name\":\"cc3rivieres76\",\"url\":\"https:\\\/\\\/www.cc3rivieres76.com\\\/blog\\\/\",\"logo\":{\"@type\":\"ImageObject\",\"inLanguage\":\"fr-FR\",\"@id\":\"https:\\\/\\\/www.cc3rivieres76.com\\\/blog\\\/#\\\/schema\\\/logo\\\/image\\\/\",\"url\":\"https:\\\/\\\/www.cc3rivieres76.com\\\/blog\\\/wp-content\\\/uploads\\\/2023\\\/06\\\/logo-2.png\",\"contentUrl\":\"https:\\\/\\\/www.cc3rivieres76.com\\\/blog\\\/wp-content\\\/uploads\\\/2023\\\/06\\\/logo-2.png\",\"width\":390,\"height\":388,\"caption\":\"cc3rivieres76\"},\"image\":{\"@id\":\"https:\\\/\\\/www.cc3rivieres76.com\\\/blog\\\/#\\\/schema\\\/logo\\\/image\\\/\"}},{\"@type\":\"Person\",\"@id\":\"https:\\\/\\\/www.cc3rivieres76.com\\\/blog\\\/#\\\/schema\\\/person\\\/474d457fb7747b5218f39792dfaa5a1c\",\"name\":\"Sylvie DE LAUZAINGHEIN\",\"image\":{\"@type\":\"ImageObject\",\"inLanguage\":\"fr-FR\",\"@id\":\"https:\\\/\\\/secure.gravatar.com\\\/avatar\\\/9c6a53b19e0a3431aa80de0895b9729fe665cd7e7d6cc94fc11abb152f4237d7?s=96&d=mm&r=g\",\"url\":\"https:\\\/\\\/secure.gravatar.com\\\/avatar\\\/9c6a53b19e0a3431aa80de0895b9729fe665cd7e7d6cc94fc11abb152f4237d7?s=96&d=mm&r=g\",\"contentUrl\":\"https:\\\/\\\/secure.gravatar.com\\\/avatar\\\/9c6a53b19e0a3431aa80de0895b9729fe665cd7e7d6cc94fc11abb152f4237d7?s=96&d=mm&r=g\",\"caption\":\"Sylvie DE LAUZAINGHEIN\"},\"url\":\"https:\\\/\\\/www.cc3rivieres76.com\\\/blog\\\/author\\\/s76sylvie\\\/\"}]}<\/script>\n<!-- \/ Yoast SEO plugin. -->","yoast_head_json":{"title":"France: Football : pour le n\u00e9o-international s\u00e9n\u00e9galais Ibrahim Mbaye, tout acc\u00e9l\u00e8re mais \u00abrien ne change\u00bb - CC3RIVIERES76","robots":{"index":"index","follow":"follow","max-snippet":"max-snippet:-1","max-image-preview":"max-image-preview:large","max-video-preview":"max-video-preview:-1"},"canonical":"https:\/\/www.cc3rivieres76.com\/blog\/france-football-pour-le-neo-international-senegalais-ibrahim-mbaye-tout-accelere-mais-rien-ne-change\/","og_locale":"fr_FR","og_type":"article","og_title":"France: Football : pour le n\u00e9o-international s\u00e9n\u00e9galais Ibrahim Mbaye, tout acc\u00e9l\u00e8re mais \u00abrien ne change\u00bb - CC3RIVIERES76","og_description":"Ibrahim Mbaye a pass\u00e9 une casquette avec le PSG et a connu un acte de naissance avec le S\u00e9n\u00e9gal en marquant son premier mais lors de sa deuxi\u00e8me s\u00e9lection. \u00c0 17 ans, tout s&rsquo;acc\u00e9l\u00e8re pour lui, sauf dans les yeux de Luis Enrique, son entra\u00eeneur qui en veut encore plus de sa jeune p\u00e9pite. Livres &hellip; Continuer la lecture \u00ab\u00a0France: Football : pour le n\u00e9o-international s\u00e9n\u00e9galais Ibrahim Mbaye, tout acc\u00e9l\u00e8re mais \u00abrien ne change\u00bb\u00a0\u00bb","og_url":"https:\/\/www.cc3rivieres76.com\/blog\/france-football-pour-le-neo-international-senegalais-ibrahim-mbaye-tout-accelere-mais-rien-ne-change\/","og_site_name":"CC3RIVIERES76","article_published_time":"2025-11-22T11:06:00+00:00","og_image":[{"url":"https:\/\/www.cc3rivieres76.com\/blog\/wp-content\/uploads\/2025\/11\/france-football-pour-le-neo-international-senegalais-ibrahim-mbaye-tout-accelere-mais-rien-ne-change.jpg","type":"","width":"","height":""}],"author":"Sylvie DE LAUZAINGHEIN","twitter_card":"summary_large_image","twitter_misc":{"\u00c9crit par":"Sylvie DE LAUZAINGHEIN","Dur\u00e9e de lecture estim\u00e9e":"1 minute"},"schema":{"@context":"https:\/\/schema.org","@graph":[{"@type":"Article","@id":"https:\/\/www.cc3rivieres76.com\/blog\/france-football-pour-le-neo-international-senegalais-ibrahim-mbaye-tout-accelere-mais-rien-ne-change\/#article","isPartOf":{"@id":"https:\/\/www.cc3rivieres76.com\/blog\/france-football-pour-le-neo-international-senegalais-ibrahim-mbaye-tout-accelere-mais-rien-ne-change\/"},"author":{"name":"Sylvie DE LAUZAINGHEIN","@id":"https:\/\/www.cc3rivieres76.com\/blog\/#\/schema\/person\/474d457fb7747b5218f39792dfaa5a1c"},"headline":"France: Football : pour le n\u00e9o-international s\u00e9n\u00e9galais Ibrahim Mbaye, tout acc\u00e9l\u00e8re mais \u00abrien ne change\u00bb","datePublished":"2025-11-22T11:06:00+00:00","mainEntityOfPage":{"@id":"https:\/\/www.cc3rivieres76.com\/blog\/france-football-pour-le-neo-international-senegalais-ibrahim-mbaye-tout-accelere-mais-rien-ne-change\/"},"wordCount":239,"publisher":{"@id":"https:\/\/www.cc3rivieres76.com\/blog\/#organization"},"image":{"@id":"https:\/\/www.cc3rivieres76.com\/blog\/france-football-pour-le-neo-international-senegalais-ibrahim-mbaye-tout-accelere-mais-rien-ne-change\/#primaryimage"},"thumbnailUrl":"https:\/\/www.cc3rivieres76.com\/blog\/wp-content\/uploads\/2025\/11\/france-football-pour-le-neo-international-senegalais-ibrahim-mbaye-tout-accelere-mais-rien-ne-change.jpg","articleSection":["Les 3 Rivi\u00e8res Dans La Somme:"],"inLanguage":"fr-FR"},{"@type":"WebPage","@id":"https:\/\/www.cc3rivieres76.com\/blog\/france-football-pour-le-neo-international-senegalais-ibrahim-mbaye-tout-accelere-mais-rien-ne-change\/","url":"https:\/\/www.cc3rivieres76.com\/blog\/france-football-pour-le-neo-international-senegalais-ibrahim-mbaye-tout-accelere-mais-rien-ne-change\/","name":"France: Football : pour le n\u00e9o-international s\u00e9n\u00e9galais Ibrahim Mbaye, tout acc\u00e9l\u00e8re mais \u00abrien ne change\u00bb - CC3RIVIERES76","isPartOf":{"@id":"https:\/\/www.cc3rivieres76.com\/blog\/#website"},"primaryImageOfPage":{"@id":"https:\/\/www.cc3rivieres76.com\/blog\/france-football-pour-le-neo-international-senegalais-ibrahim-mbaye-tout-accelere-mais-rien-ne-change\/#primaryimage"},"image":{"@id":"https:\/\/www.cc3rivieres76.com\/blog\/france-football-pour-le-neo-international-senegalais-ibrahim-mbaye-tout-accelere-mais-rien-ne-change\/#primaryimage"},"thumbnailUrl":"https:\/\/www.cc3rivieres76.com\/blog\/wp-content\/uploads\/2025\/11\/france-football-pour-le-neo-international-senegalais-ibrahim-mbaye-tout-accelere-mais-rien-ne-change.jpg","datePublished":"2025-11-22T11:06:00+00:00","breadcrumb":{"@id":"https:\/\/www.cc3rivieres76.com\/blog\/france-football-pour-le-neo-international-senegalais-ibrahim-mbaye-tout-accelere-mais-rien-ne-change\/#breadcrumb"},"inLanguage":"fr-FR","potentialAction":[{"@type":"ReadAction","target":["https:\/\/www.cc3rivieres76.com\/blog\/france-football-pour-le-neo-international-senegalais-ibrahim-mbaye-tout-accelere-mais-rien-ne-change\/"]}]},{"@type":"ImageObject","inLanguage":"fr-FR","@id":"https:\/\/www.cc3rivieres76.com\/blog\/france-football-pour-le-neo-international-senegalais-ibrahim-mbaye-tout-accelere-mais-rien-ne-change\/#primaryimage","url":"https:\/\/www.cc3rivieres76.com\/blog\/wp-content\/uploads\/2025\/11\/france-football-pour-le-neo-international-senegalais-ibrahim-mbaye-tout-accelere-mais-rien-ne-change.jpg","contentUrl":"https:\/\/www.cc3rivieres76.com\/blog\/wp-content\/uploads\/2025\/11\/france-football-pour-le-neo-international-senegalais-ibrahim-mbaye-tout-accelere-mais-rien-ne-change.jpg","width":1024,"height":576,"caption":"France: Football : pour le n\u00e9o international s\u00e9n\u00e9galais Ibrahim Mbaye, tout acc\u00e9l\u00e8re mais \u00abrien ne change\u00bb"},{"@type":"BreadcrumbList","@id":"https:\/\/www.cc3rivieres76.com\/blog\/france-football-pour-le-neo-international-senegalais-ibrahim-mbaye-tout-accelere-mais-rien-ne-change\/#breadcrumb","itemListElement":[{"@type":"ListItem","position":1,"name":"Accueil","item":"https:\/\/www.cc3rivieres76.com\/blog\/"},{"@type":"ListItem","position":2,"name":"France: Football : pour le n\u00e9o-international s\u00e9n\u00e9galais Ibrahim Mbaye, tout acc\u00e9l\u00e8re mais \u00abrien ne change\u00bb"}]},{"@type":"WebSite","@id":"https:\/\/www.cc3rivieres76.com\/blog\/#website","url":"https:\/\/www.cc3rivieres76.com\/blog\/","name":"CC3RIVIERES76","description":"Les 3 rivi\u00e8res dans la Somme.","publisher":{"@id":"https:\/\/www.cc3rivieres76.com\/blog\/#organization"},"potentialAction":[{"@type":"SearchAction","target":{"@type":"EntryPoint","urlTemplate":"https:\/\/www.cc3rivieres76.com\/blog\/?s={search_term_string}"},"query-input":{"@type":"PropertyValueSpecification","valueRequired":true,"valueName":"search_term_string"}}],"inLanguage":"fr-FR"},{"@type":"Organization","@id":"https:\/\/www.cc3rivieres76.com\/blog\/#organization","name":"cc3rivieres76","url":"https:\/\/www.cc3rivieres76.com\/blog\/","logo":{"@type":"ImageObject","inLanguage":"fr-FR","@id":"https:\/\/www.cc3rivieres76.com\/blog\/#\/schema\/logo\/image\/","url":"https:\/\/www.cc3rivieres76.com\/blog\/wp-content\/uploads\/2023\/06\/logo-2.png","contentUrl":"https:\/\/www.cc3rivieres76.com\/blog\/wp-content\/uploads\/2023\/06\/logo-2.png","width":390,"height":388,"caption":"cc3rivieres76"},"image":{"@id":"https:\/\/www.cc3rivieres76.com\/blog\/#\/schema\/logo\/image\/"}},{"@type":"Person","@id":"https:\/\/www.cc3rivieres76.com\/blog\/#\/schema\/person\/474d457fb7747b5218f39792dfaa5a1c","name":"Sylvie DE LAUZAINGHEIN","image":{"@type":"ImageObject","inLanguage":"fr-FR","@id":"https:\/\/secure.gravatar.com\/avatar\/9c6a53b19e0a3431aa80de0895b9729fe665cd7e7d6cc94fc11abb152f4237d7?s=96&d=mm&r=g","url":"https:\/\/secure.gravatar.com\/avatar\/9c6a53b19e0a3431aa80de0895b9729fe665cd7e7d6cc94fc11abb152f4237d7?s=96&d=mm&r=g","contentUrl":"https:\/\/secure.gravatar.com\/avatar\/9c6a53b19e0a3431aa80de0895b9729fe665cd7e7d6cc94fc11abb152f4237d7?s=96&d=mm&r=g","caption":"Sylvie DE LAUZAINGHEIN"},"url":"https:\/\/www.cc3rivieres76.com\/blog\/author\/s76sylvie\/"}]}},"_links":{"self":[{"href":"https:\/\/www.cc3rivieres76.com\/blog\/wp-json\/wp\/v2\/posts\/1024","targetHints":{"allow":["GET"]}}],"collection":[{"href":"https:\/\/www.cc3rivieres76.com\/blog\/wp-json\/wp\/v2\/posts"}],"about":[{"href":"https:\/\/www.cc3rivieres76.com\/blog\/wp-json\/wp\/v2\/types\/post"}],"author":[{"embeddable":true,"href":"https:\/\/www.cc3rivieres76.com\/blog\/wp-json\/wp\/v2\/users\/3"}],"replies":[{"embeddable":true,"href":"https:\/\/www.cc3rivieres76.com\/blog\/wp-json\/wp\/v2\/comments?post=1024"}],"version-history":[{"count":0,"href":"https:\/\/www.cc3rivieres76.com\/blog\/wp-json\/wp\/v2\/posts\/1024\/revisions"}],"wp:featuredmedia":[{"embeddable":true,"href":"https:\/\/www.cc3rivieres76.com\/blog\/wp-json\/wp\/v2\/media\/1025"}],"wp:attachment":[{"href":"https:\/\/www.cc3rivieres76.com\/blog\/wp-json\/wp\/v2\/media?parent=1024"}],"wp:term":[{"taxonomy":"category","embeddable":true,"href":"https:\/\/www.cc3rivieres76.com\/blog\/wp-json\/wp\/v2\/categories?post=1024"},{"taxonomy":"post_tag","embeddable":true,"href":"https:\/\/www.cc3rivieres76.com\/blog\/wp-json\/wp\/v2\/tags?post=1024"}],"curies":[{"name":"wp","href":"https:\/\/api.w.org\/{rel}","templated":true}]}}