{"id":1033,"date":"2025-11-27T19:01:12","date_gmt":"2025-11-27T18:01:12","guid":{"rendered":"https:\/\/www.site.cdcl.xyz\/?p=1062640"},"modified":"2025-11-27T19:01:12","modified_gmt":"2025-11-27T18:01:12","slug":"police-municipale-inauguration-du-poste-de-police-municipale-de-trets-28av2022","status":"publish","type":"post","link":"https:\/\/www.cc3rivieres76.com\/blog\/police-municipale-inauguration-du-poste-de-police-municipale-de-trets-28av2022\/","title":{"rendered":"police municipale; Inauguration du poste de police municipale de TRETS 28AV2022"},"content":{"rendered":"<br \/>\n<h2>\nUne r\u00e9flexion de trets autour de \u00ab&nbsp;police municipale&nbsp;\u00bb<br \/><\/h2>\n<p>trets, connu sous le nom de Trets au coeur de la Provence, a publi\u00e9 une vid\u00e9o sur dailymotion. Voici ce qui a \u00e9t\u00e9 partag\u00e9 :\n<\/p>\n<p>\nEn la visionnant pour la premi\u00e8re fois, nous avons observ\u00e9 un engagement croissant. Le nombre de vues indiquait: 120.<\/p>\n<p>\nOn retrouve ici une vid\u00e9o de (00:19:56s), nomm\u00e9e (Inauguration du poste de police municipale de TRETS 28AV2022), avec sa description:\u00ab<i>TRAITEMENTS <\/i> \u00bb.\n<\/p>\n<h3>Comment peut-on parler de dailymotion<\/h3>\n<p>\ndailymotion est une plateforme fran\u00e7aise de streaming vid\u00e9o n\u00e9e en 2005, qui privil\u00e9gie les contenus ind\u00e9pendants et professionnels en alternative \u00e0 YouTube. Avec une navigation intuitive et des suggestions adapt\u00e9es, elle facilite l\u2019acc\u00e8s \u00e0 une large vari\u00e9t\u00e9 de vid\u00e9os. Ses fonctionnalit\u00e9s de mon\u00e9tisation et ses param\u00e8tres de confidentialit\u00e9 en font une plateforme pris\u00e9e des cr\u00e9ateurs et m\u00e9dias. Elle est accessible sur diff\u00e9rents supports et propose des vid\u00e9os d\u2019actualit\u00e9, de culture et de divertissement.\n<\/p>\n<h2>Actions de pr\u00e9vention et strat\u00e9gies d\u2019intervention<\/h2>\n<h3>Programmes d\u2019information pour am\u00e9liorer la s\u00e9curit\u00e9 locale<\/h3>\n<p>L\u2019une des missions fondamentales de la police municipale est la pr\u00e9vention de la d\u00e9linquance. Cela se traduit par des campagnes de sensibilisation sur la s\u00e9curit\u00e9 routi\u00e8re, des \u00e9changes lors de r\u00e9unions de quartier et des actions \u00e9ducatives pour pr\u00e9venir les nuisances. L\u2019implication active des citoyens est un facteur cl\u00e9 pour renforcer cette coop\u00e9ration.<\/p>\n<h3>Strat\u00e9gies de vigilance et de patrouilles r\u00e9actives<\/h3>\n<p>Gr\u00e2ce \u00e0 des rondes r\u00e9guli\u00e8res dans les quartiers sensibles et des cam\u00e9ras de surveillance, les policiers municipaux veillent \u00e0 d\u00e9tecter toute anomalie rapidement et \u00e0 intervenir imm\u00e9diatement si n\u00e9cessaire.<\/p>\n<h3>Synergie avec les acteurs locaux de la s\u00e9curit\u00e9<\/h3>\n<p>Gr\u00e2ce \u00e0 sa collaboration avec la police nationale et les services de secours, la police municipale assure une r\u00e9ponse rapide et coordonn\u00e9e en cas de besoin. Cette coop\u00e9ration permet d\u2019offrir une protection maximale aux citoyens. Avant m\u00eame qu\u2019un probl\u00e8me ne survienne, la police municipale travaille activement \u00e0 sa pr\u00e9vention, afin de maintenir l\u2019ordre public.<\/p>\n<h2>Les enjeux actuels de la s\u00e9curit\u00e9 publique<\/h2>\n<h3>Objectifs principaux en mati\u00e8re de s\u00e9curit\u00e9 publique<\/h3>\n<p>Avec les transformations sociales, les priorit\u00e9s de la police municipale sont en constante \u00e9volution. La lutte contre la d\u00e9linquance, la gestion de l\u2019espace public et la s\u00e9curit\u00e9 routi\u00e8re restent des pr\u00e9occupations essentielles, tandis que les avanc\u00e9es technologiques et l\u2019\u00e9mergence de nouvelles formes de criminalit\u00e9 pr\u00e9sentent des d\u00e9fis croissants.<\/p>\n<h3>Rendre les actions plus efficaces<\/h3>\n<p>Afin de mieux r\u00e9pondre aux enjeux actuels, la police municipale doit progresser. Cela passe par un renforcement de la formation des agents, un investissement dans des \u00e9quipements de surveillance de pointe et la cr\u00e9ation d\u2019outils num\u00e9riques pour faciliter la gestion des interventions. Vous pouvez<a href=\"https:\/\/www.applijesignale.fr\/\" rel=\"noopener noreferrer nofollow\" target=\"_blank\"> alerter facilement la police municipale <\/a>avec cette application de signalement. La s\u00e9curit\u00e9 publique ne cesse d\u2019\u00e9voluer, et avec elle, les d\u00e9fis auxquels la police municipale doit faire face.<\/p>\n<h3>Perturbations et actes criminels<\/h3>\n<p>Les agents de la police municipale sont r\u00e9guli\u00e8rement appel\u00e9s \u00e0 g\u00e9rer des conflits de voisinage, comme le bruit tardif, les abus de stationnement ou des comportements perturbateurs. La d\u00e9linquance, bien que moins prononc\u00e9e que dans les zones urbaines, n\u00e9cessite une vigilance constante.<\/p>\n<h2>D\u00e9fis et perspectives pour les forces municipales<\/h2>\n<p>De nombreuses transformations se profilent pour la police municipale dans les ann\u00e9es \u00e0 venir.<\/p>\n<h3>Initiatives novatrices pour am\u00e9liorer la s\u00e9curit\u00e9<\/h3>\n<p>Gr\u00e2ce aux innovations technologiques, la police municipale pourrait am\u00e9liorer ses m\u00e9thodes de travail. L\u2019utilisation de nouvelles technologies comme les cam\u00e9ras intelligentes, les drones et les plateformes num\u00e9riques permettrait une gestion plus rapide et plus pr\u00e9cise des situations de s\u00e9curit\u00e9. En tant qu\u2019acteur fondamental de la s\u00e9curit\u00e9 publique, la police municipale participe \u00e0 la tranquillit\u00e9 des citoyens. Elle met en place des actions pr\u00e9ventives et r\u00e9actives pour am\u00e9liorer la s\u00e9curit\u00e9, mais doit \u00e9voluer pour faire face aux d\u00e9fis \u00e0 venir.<\/p>\n<h3>Changements l\u00e9gislatifs et r\u00e9glementaires<\/h3>\n<p>La l\u00e9gislation concernant la police municipale subit des ajustements fr\u00e9quents afin de permettre une meilleure gestion de la s\u00e9curit\u00e9 publique.<\/p>\n<h3>Le r\u00f4le grandissant de la police dans les collectivit\u00e9s locales<\/h3>\n<p>\u00c0 l\u2019avenir, il est envisageable que la police municipale soit davantage impliqu\u00e9e dans la protection des citoyens, en particulier lors d\u2019\u00e9v\u00e9nements publics ou de l\u2019instauration de mesures de s\u00e9curit\u00e9 innovantes.<\/p>\n<h2>La police municipale : Garantir la tranquillit\u00e9 publique gr\u00e2ce \u00e0 la proximit\u00e9<\/h2>\n<p>La tranquillit\u00e9 publique dans nos quartiers est assur\u00e9e gr\u00e2ce \u00e0 la pr\u00e9sence et \u00e0 l\u2019engagement de la police municipale. Les agents municipaux sont responsables de la s\u00e9curit\u00e9 des citoyens, en effectuant des rondes, en intervenant sur place et en r\u00e9pondant rapidement aux urgences. Cet article vous permettra de mieux comprendre les missions de la police municipale, les mesures de pr\u00e9vention, les enjeux actuels et les \u00e9volutions futures du service.<\/p>\n<h2>La police municipale : Pr\u00e9sente pour assurer l\u2019\u00e9quilibre et la s\u00e9curit\u00e9<\/h2>\n<h3>L\u2019impact crucial sur l\u2019harmonie sociale<\/h3>\n<p>La police municipale joue un r\u00f4le essentiel dans la sauvegarde de la tranquillit\u00e9 publique. En maintenant une surveillance constante dans les rues et lieux publics, les agents contribuent \u00e0 pr\u00e9venir les comportements ind\u00e9sirables et \u00e0 diminuer la d\u00e9linquance. Leur pr\u00e9sence constante garantit un environnement s\u00e9curis\u00e9 et apais\u00e9 pour les habitants.<\/p>\n<h3>Les r\u00f4les et fonctions essentielles<\/h3>\n<p>Les missions de la brigade de police municipale sont diverses et cruciales pour maintenir l\u2019ordre public. En plus des patrouilles, les policiers g\u00e8rent la circulation, le stationnement, les nuisances sonores et les animaux errants. Ils sont aussi impliqu\u00e9s dans l\u2019intervention face aux infractions au code de la route et \u00e0 l\u2019ordre public. La police municipale, dirig\u00e9e par le maire, est une composante essentielle de la s\u00e9curit\u00e9 au niveau local. Charg\u00e9e de maintenir l\u2019ordre et d\u2019assurer la tranquillit\u00e9 publique, elle travaille en \u00e9troite collaboration avec la police nationale. Ses missions incluent la surveillance des lieux publics, l\u2019intervention face aux nuisances et la mise en \u0153uvre des arr\u00eat\u00e9s municipaux.<\/p>\n<h3>La pr\u00e9sence \u00e0 proximit\u00e9, gage de r\u00e9activit\u00e9<\/h3>\n<p>La force de la police municipale r\u00e9side dans sa proximit\u00e9 directe avec les citoyens, ce qui permet un traitement administratif efficace en lien avec le droit judiciaire. En \u00e9tant pr\u00e9sente dans les quartiers, elle r\u00e9agit rapidement aux pr\u00e9occupations locales et \u00e9tablit une relation de confiance, essentielle pour pr\u00e9venir les risques gr\u00e2ce \u00e0 un \u00e9change d\u2019informations constant. <\/p>\n<p>Pour voir la vid\u00e9o sur DailyMotion, suivez ce lien pour y acc\u00e9der directement :<u> le post original:<\/u> <a href=\"http:\/\/www.dailymotion.com\/video\/x8affeh\">Cliquer ici<\/a>\n<\/p>\n<p>\n<u>Avatar de l\u2019auteur : <\/u>\n<\/p>\n<p><img decoding=\"async\" src=\"https:\/\/www.cc3rivieres76.com\/blog\/wp-content\/uploads\/2025\/11\/police-municipale-inauguration-du-poste-de-police-municipale-de-trets-28av2022.jpg\" alt=\"Profil dailymotion de l\u2019utilisateur Trets au coeur de la Provence\"><\/p>\n<p>\n<u>Lien sur la page de l\u2019utilisateur:<\/u> <strong><a href=\"http:\/\/www.dailymotion.com\/trets\">Cliquer ici<\/a><\/strong>.\n<\/p>\n<p>#Inauguration #poste #police #municipale #TRETS #28AV2022\n<\/p>\n<p><img decoding=\"async\" src=\"https:\/\/www.cc3rivieres76.com\/blog\/wp-content\/uploads\/2025\/11\/police-municipale-inauguration-du-poste-de-police-municipale-de-trets-28av2022-1.jpg\" alt=\"Dailymotion Inauguration du poste de police municipale de TRETS 28AV2022\"><\/p>\n<p> Cet article, qui traite du th\u00e8me \u00ab\u00a0Les 3 rivi\u00e8res dans la Somme\u00a0\u00bb, vous est sp\u00e9cialement sugg\u00e9r\u00e9 par cc3rivieres76.com. La chronique est reproduite du mieux possible. Dans le cas o\u00f9 vous souhaitez apporter quelques pr\u00e9cisions concernant le domaine de \u00ab\u00a0Les 3 rivi\u00e8res dans la Somme\u00a0\u00bb vous pouvez solliciter notre r\u00e9daction. La destination de cc3rivieres76.com est de d\u00e9battre de Les 3 rivi\u00e8res dans la Somme dans la transparence en vous apportant la connaissance de tout ce qui est en lien avec ce sujet sur la toile Connectez-vous sur notre site cc3rivieres76.com et nos r\u00e9seaux sociaux dans le but d\u2019\u00eatre inform\u00e9 des futures publications.<\/p>\n","protected":false},"excerpt":{"rendered":"<p>Une r\u00e9flexion de trets autour de \u00ab&nbsp;police municipale&nbsp;\u00bb trets, connu sous le nom de Trets au coeur de la Provence, a publi\u00e9 une vid\u00e9o sur dailymotion. Voici ce qui a \u00e9t\u00e9 partag\u00e9 : En la visionnant pour la premi\u00e8re fois, nous avons observ\u00e9 un engagement croissant. Le nombre de vues indiquait: 120. On retrouve ici &hellip; <\/p>\n<p class=\"link-more\"><a href=\"https:\/\/www.cc3rivieres76.com\/blog\/police-municipale-inauguration-du-poste-de-police-municipale-de-trets-28av2022\/\" class=\"more-link\">Continuer la lecture <span class=\"screen-reader-text\"> \u00ab\u00a0police municipale; Inauguration du poste de police municipale de TRETS 28AV2022\u00a0\u00bb<\/span><\/a><\/p>\n","protected":false},"author":3,"featured_media":1034,"comment_status":"closed","ping_status":"closed","sticky":false,"template":"","format":"standard","meta":{"footnotes":""},"categories":[2],"tags":[],"class_list":["post-1033","post","type-post","status-publish","format-standard","has-post-thumbnail","hentry","category-les-3-rivieres-dans-la-somme","entry"],"yoast_head":"<!-- This site is optimized with the Yoast SEO plugin v27.5 - https:\/\/yoast.com\/product\/yoast-seo-wordpress\/ -->\n<title>police municipale; Inauguration du poste de police municipale de TRETS 28AV2022 - CC3RIVIERES76<\/title>\n<meta name=\"robots\" content=\"index, follow, max-snippet:-1, max-image-preview:large, max-video-preview:-1\" \/>\n<link rel=\"canonical\" href=\"https:\/\/www.cc3rivieres76.com\/blog\/police-municipale-inauguration-du-poste-de-police-municipale-de-trets-28av2022\/\" \/>\n<meta property=\"og:locale\" content=\"fr_FR\" \/>\n<meta property=\"og:type\" content=\"article\" \/>\n<meta property=\"og:title\" content=\"police municipale; Inauguration du poste de police municipale de TRETS 28AV2022 - CC3RIVIERES76\" \/>\n<meta property=\"og:description\" content=\"Une r\u00e9flexion de trets autour de \u00ab&nbsp;police municipale&nbsp;\u00bb trets, connu sous le nom de Trets au coeur de la Provence, a publi\u00e9 une vid\u00e9o sur dailymotion. Voici ce qui a \u00e9t\u00e9 partag\u00e9 : En la visionnant pour la premi\u00e8re fois, nous avons observ\u00e9 un engagement croissant. Le nombre de vues indiquait: 120. On retrouve ici &hellip; Continuer la lecture \u00ab\u00a0police municipale; Inauguration du poste de police municipale de TRETS 28AV2022\u00a0\u00bb\" \/>\n<meta property=\"og:url\" content=\"https:\/\/www.cc3rivieres76.com\/blog\/police-municipale-inauguration-du-poste-de-police-municipale-de-trets-28av2022\/\" \/>\n<meta property=\"og:site_name\" content=\"CC3RIVIERES76\" \/>\n<meta property=\"article:published_time\" content=\"2025-11-27T18:01:12+00:00\" \/>\n<meta property=\"og:image\" content=\"https:\/\/www.cc3rivieres76.com\/blog\/wp-content\/uploads\/2025\/11\/police-municipale-inauguration-du-poste-de-police-municipale-de-trets-28av2022.jpg\" \/>\n<meta name=\"author\" content=\"Sylvie DE LAUZAINGHEIN\" \/>\n<meta name=\"twitter:card\" content=\"summary_large_image\" \/>\n<meta name=\"twitter:label1\" content=\"\u00c9crit par\" \/>\n\t<meta name=\"twitter:data1\" content=\"Sylvie DE LAUZAINGHEIN\" \/>\n\t<meta name=\"twitter:label2\" content=\"Dur\u00e9e de lecture estim\u00e9e\" \/>\n\t<meta name=\"twitter:data2\" content=\"6 minutes\" \/>\n<script type=\"application\/ld+json\" class=\"yoast-schema-graph\">{\"@context\":\"https:\\\/\\\/schema.org\",\"@graph\":[{\"@type\":\"Article\",\"@id\":\"https:\\\/\\\/www.cc3rivieres76.com\\\/blog\\\/police-municipale-inauguration-du-poste-de-police-municipale-de-trets-28av2022\\\/#article\",\"isPartOf\":{\"@id\":\"https:\\\/\\\/www.cc3rivieres76.com\\\/blog\\\/police-municipale-inauguration-du-poste-de-police-municipale-de-trets-28av2022\\\/\"},\"author\":{\"name\":\"Sylvie DE LAUZAINGHEIN\",\"@id\":\"https:\\\/\\\/www.cc3rivieres76.com\\\/blog\\\/#\\\/schema\\\/person\\\/474d457fb7747b5218f39792dfaa5a1c\"},\"headline\":\"police municipale; Inauguration du poste de police municipale de TRETS 28AV2022\",\"datePublished\":\"2025-11-27T18:01:12+00:00\",\"mainEntityOfPage\":{\"@id\":\"https:\\\/\\\/www.cc3rivieres76.com\\\/blog\\\/police-municipale-inauguration-du-poste-de-police-municipale-de-trets-28av2022\\\/\"},\"wordCount\":1294,\"publisher\":{\"@id\":\"https:\\\/\\\/www.cc3rivieres76.com\\\/blog\\\/#organization\"},\"image\":{\"@id\":\"https:\\\/\\\/www.cc3rivieres76.com\\\/blog\\\/police-municipale-inauguration-du-poste-de-police-municipale-de-trets-28av2022\\\/#primaryimage\"},\"thumbnailUrl\":\"https:\\\/\\\/www.cc3rivieres76.com\\\/blog\\\/wp-content\\\/uploads\\\/2025\\\/11\\\/police-municipale-inauguration-du-poste-de-police-municipale-de-trets-28av2022.jpg\",\"articleSection\":[\"Les 3 Rivi\u00e8res Dans La Somme:\"],\"inLanguage\":\"fr-FR\"},{\"@type\":\"WebPage\",\"@id\":\"https:\\\/\\\/www.cc3rivieres76.com\\\/blog\\\/police-municipale-inauguration-du-poste-de-police-municipale-de-trets-28av2022\\\/\",\"url\":\"https:\\\/\\\/www.cc3rivieres76.com\\\/blog\\\/police-municipale-inauguration-du-poste-de-police-municipale-de-trets-28av2022\\\/\",\"name\":\"police municipale; Inauguration du poste de police municipale de TRETS 28AV2022 - CC3RIVIERES76\",\"isPartOf\":{\"@id\":\"https:\\\/\\\/www.cc3rivieres76.com\\\/blog\\\/#website\"},\"primaryImageOfPage\":{\"@id\":\"https:\\\/\\\/www.cc3rivieres76.com\\\/blog\\\/police-municipale-inauguration-du-poste-de-police-municipale-de-trets-28av2022\\\/#primaryimage\"},\"image\":{\"@id\":\"https:\\\/\\\/www.cc3rivieres76.com\\\/blog\\\/police-municipale-inauguration-du-poste-de-police-municipale-de-trets-28av2022\\\/#primaryimage\"},\"thumbnailUrl\":\"https:\\\/\\\/www.cc3rivieres76.com\\\/blog\\\/wp-content\\\/uploads\\\/2025\\\/11\\\/police-municipale-inauguration-du-poste-de-police-municipale-de-trets-28av2022.jpg\",\"datePublished\":\"2025-11-27T18:01:12+00:00\",\"breadcrumb\":{\"@id\":\"https:\\\/\\\/www.cc3rivieres76.com\\\/blog\\\/police-municipale-inauguration-du-poste-de-police-municipale-de-trets-28av2022\\\/#breadcrumb\"},\"inLanguage\":\"fr-FR\",\"potentialAction\":[{\"@type\":\"ReadAction\",\"target\":[\"https:\\\/\\\/www.cc3rivieres76.com\\\/blog\\\/police-municipale-inauguration-du-poste-de-police-municipale-de-trets-28av2022\\\/\"]}]},{\"@type\":\"ImageObject\",\"inLanguage\":\"fr-FR\",\"@id\":\"https:\\\/\\\/www.cc3rivieres76.com\\\/blog\\\/police-municipale-inauguration-du-poste-de-police-municipale-de-trets-28av2022\\\/#primaryimage\",\"url\":\"https:\\\/\\\/www.cc3rivieres76.com\\\/blog\\\/wp-content\\\/uploads\\\/2025\\\/11\\\/police-municipale-inauguration-du-poste-de-police-municipale-de-trets-28av2022.jpg\",\"contentUrl\":\"https:\\\/\\\/www.cc3rivieres76.com\\\/blog\\\/wp-content\\\/uploads\\\/2025\\\/11\\\/police-municipale-inauguration-du-poste-de-police-municipale-de-trets-28av2022.jpg\",\"width\":360,\"height\":360,\"caption\":\"police municipale; Inauguration du poste de police municipale de TRETS 28AV2022\"},{\"@type\":\"BreadcrumbList\",\"@id\":\"https:\\\/\\\/www.cc3rivieres76.com\\\/blog\\\/police-municipale-inauguration-du-poste-de-police-municipale-de-trets-28av2022\\\/#breadcrumb\",\"itemListElement\":[{\"@type\":\"ListItem\",\"position\":1,\"name\":\"Accueil\",\"item\":\"https:\\\/\\\/www.cc3rivieres76.com\\\/blog\\\/\"},{\"@type\":\"ListItem\",\"position\":2,\"name\":\"police municipale; Inauguration du poste de police municipale de TRETS 28AV2022\"}]},{\"@type\":\"WebSite\",\"@id\":\"https:\\\/\\\/www.cc3rivieres76.com\\\/blog\\\/#website\",\"url\":\"https:\\\/\\\/www.cc3rivieres76.com\\\/blog\\\/\",\"name\":\"CC3RIVIERES76\",\"description\":\"Les 3 rivi\u00e8res dans la Somme.\",\"publisher\":{\"@id\":\"https:\\\/\\\/www.cc3rivieres76.com\\\/blog\\\/#organization\"},\"potentialAction\":[{\"@type\":\"SearchAction\",\"target\":{\"@type\":\"EntryPoint\",\"urlTemplate\":\"https:\\\/\\\/www.cc3rivieres76.com\\\/blog\\\/?s={search_term_string}\"},\"query-input\":{\"@type\":\"PropertyValueSpecification\",\"valueRequired\":true,\"valueName\":\"search_term_string\"}}],\"inLanguage\":\"fr-FR\"},{\"@type\":\"Organization\",\"@id\":\"https:\\\/\\\/www.cc3rivieres76.com\\\/blog\\\/#organization\",\"name\":\"cc3rivieres76\",\"url\":\"https:\\\/\\\/www.cc3rivieres76.com\\\/blog\\\/\",\"logo\":{\"@type\":\"ImageObject\",\"inLanguage\":\"fr-FR\",\"@id\":\"https:\\\/\\\/www.cc3rivieres76.com\\\/blog\\\/#\\\/schema\\\/logo\\\/image\\\/\",\"url\":\"https:\\\/\\\/www.cc3rivieres76.com\\\/blog\\\/wp-content\\\/uploads\\\/2023\\\/06\\\/logo-2.png\",\"contentUrl\":\"https:\\\/\\\/www.cc3rivieres76.com\\\/blog\\\/wp-content\\\/uploads\\\/2023\\\/06\\\/logo-2.png\",\"width\":390,\"height\":388,\"caption\":\"cc3rivieres76\"},\"image\":{\"@id\":\"https:\\\/\\\/www.cc3rivieres76.com\\\/blog\\\/#\\\/schema\\\/logo\\\/image\\\/\"}},{\"@type\":\"Person\",\"@id\":\"https:\\\/\\\/www.cc3rivieres76.com\\\/blog\\\/#\\\/schema\\\/person\\\/474d457fb7747b5218f39792dfaa5a1c\",\"name\":\"Sylvie DE LAUZAINGHEIN\",\"image\":{\"@type\":\"ImageObject\",\"inLanguage\":\"fr-FR\",\"@id\":\"https:\\\/\\\/secure.gravatar.com\\\/avatar\\\/9c6a53b19e0a3431aa80de0895b9729fe665cd7e7d6cc94fc11abb152f4237d7?s=96&d=mm&r=g\",\"url\":\"https:\\\/\\\/secure.gravatar.com\\\/avatar\\\/9c6a53b19e0a3431aa80de0895b9729fe665cd7e7d6cc94fc11abb152f4237d7?s=96&d=mm&r=g\",\"contentUrl\":\"https:\\\/\\\/secure.gravatar.com\\\/avatar\\\/9c6a53b19e0a3431aa80de0895b9729fe665cd7e7d6cc94fc11abb152f4237d7?s=96&d=mm&r=g\",\"caption\":\"Sylvie DE LAUZAINGHEIN\"},\"url\":\"https:\\\/\\\/www.cc3rivieres76.com\\\/blog\\\/author\\\/s76sylvie\\\/\"}]}<\/script>\n<!-- \/ Yoast SEO plugin. -->","yoast_head_json":{"title":"police municipale; Inauguration du poste de police municipale de TRETS 28AV2022 - CC3RIVIERES76","robots":{"index":"index","follow":"follow","max-snippet":"max-snippet:-1","max-image-preview":"max-image-preview:large","max-video-preview":"max-video-preview:-1"},"canonical":"https:\/\/www.cc3rivieres76.com\/blog\/police-municipale-inauguration-du-poste-de-police-municipale-de-trets-28av2022\/","og_locale":"fr_FR","og_type":"article","og_title":"police municipale; Inauguration du poste de police municipale de TRETS 28AV2022 - CC3RIVIERES76","og_description":"Une r\u00e9flexion de trets autour de \u00ab&nbsp;police municipale&nbsp;\u00bb trets, connu sous le nom de Trets au coeur de la Provence, a publi\u00e9 une vid\u00e9o sur dailymotion. Voici ce qui a \u00e9t\u00e9 partag\u00e9 : En la visionnant pour la premi\u00e8re fois, nous avons observ\u00e9 un engagement croissant. Le nombre de vues indiquait: 120. On retrouve ici &hellip; Continuer la lecture \u00ab\u00a0police municipale; Inauguration du poste de police municipale de TRETS 28AV2022\u00a0\u00bb","og_url":"https:\/\/www.cc3rivieres76.com\/blog\/police-municipale-inauguration-du-poste-de-police-municipale-de-trets-28av2022\/","og_site_name":"CC3RIVIERES76","article_published_time":"2025-11-27T18:01:12+00:00","og_image":[{"url":"https:\/\/www.cc3rivieres76.com\/blog\/wp-content\/uploads\/2025\/11\/police-municipale-inauguration-du-poste-de-police-municipale-de-trets-28av2022.jpg","type":"","width":"","height":""}],"author":"Sylvie DE LAUZAINGHEIN","twitter_card":"summary_large_image","twitter_misc":{"\u00c9crit par":"Sylvie DE LAUZAINGHEIN","Dur\u00e9e de lecture estim\u00e9e":"6 minutes"},"schema":{"@context":"https:\/\/schema.org","@graph":[{"@type":"Article","@id":"https:\/\/www.cc3rivieres76.com\/blog\/police-municipale-inauguration-du-poste-de-police-municipale-de-trets-28av2022\/#article","isPartOf":{"@id":"https:\/\/www.cc3rivieres76.com\/blog\/police-municipale-inauguration-du-poste-de-police-municipale-de-trets-28av2022\/"},"author":{"name":"Sylvie DE LAUZAINGHEIN","@id":"https:\/\/www.cc3rivieres76.com\/blog\/#\/schema\/person\/474d457fb7747b5218f39792dfaa5a1c"},"headline":"police municipale; Inauguration du poste de police municipale de TRETS 28AV2022","datePublished":"2025-11-27T18:01:12+00:00","mainEntityOfPage":{"@id":"https:\/\/www.cc3rivieres76.com\/blog\/police-municipale-inauguration-du-poste-de-police-municipale-de-trets-28av2022\/"},"wordCount":1294,"publisher":{"@id":"https:\/\/www.cc3rivieres76.com\/blog\/#organization"},"image":{"@id":"https:\/\/www.cc3rivieres76.com\/blog\/police-municipale-inauguration-du-poste-de-police-municipale-de-trets-28av2022\/#primaryimage"},"thumbnailUrl":"https:\/\/www.cc3rivieres76.com\/blog\/wp-content\/uploads\/2025\/11\/police-municipale-inauguration-du-poste-de-police-municipale-de-trets-28av2022.jpg","articleSection":["Les 3 Rivi\u00e8res Dans La Somme:"],"inLanguage":"fr-FR"},{"@type":"WebPage","@id":"https:\/\/www.cc3rivieres76.com\/blog\/police-municipale-inauguration-du-poste-de-police-municipale-de-trets-28av2022\/","url":"https:\/\/www.cc3rivieres76.com\/blog\/police-municipale-inauguration-du-poste-de-police-municipale-de-trets-28av2022\/","name":"police municipale; Inauguration du poste de police municipale de TRETS 28AV2022 - CC3RIVIERES76","isPartOf":{"@id":"https:\/\/www.cc3rivieres76.com\/blog\/#website"},"primaryImageOfPage":{"@id":"https:\/\/www.cc3rivieres76.com\/blog\/police-municipale-inauguration-du-poste-de-police-municipale-de-trets-28av2022\/#primaryimage"},"image":{"@id":"https:\/\/www.cc3rivieres76.com\/blog\/police-municipale-inauguration-du-poste-de-police-municipale-de-trets-28av2022\/#primaryimage"},"thumbnailUrl":"https:\/\/www.cc3rivieres76.com\/blog\/wp-content\/uploads\/2025\/11\/police-municipale-inauguration-du-poste-de-police-municipale-de-trets-28av2022.jpg","datePublished":"2025-11-27T18:01:12+00:00","breadcrumb":{"@id":"https:\/\/www.cc3rivieres76.com\/blog\/police-municipale-inauguration-du-poste-de-police-municipale-de-trets-28av2022\/#breadcrumb"},"inLanguage":"fr-FR","potentialAction":[{"@type":"ReadAction","target":["https:\/\/www.cc3rivieres76.com\/blog\/police-municipale-inauguration-du-poste-de-police-municipale-de-trets-28av2022\/"]}]},{"@type":"ImageObject","inLanguage":"fr-FR","@id":"https:\/\/www.cc3rivieres76.com\/blog\/police-municipale-inauguration-du-poste-de-police-municipale-de-trets-28av2022\/#primaryimage","url":"https:\/\/www.cc3rivieres76.com\/blog\/wp-content\/uploads\/2025\/11\/police-municipale-inauguration-du-poste-de-police-municipale-de-trets-28av2022.jpg","contentUrl":"https:\/\/www.cc3rivieres76.com\/blog\/wp-content\/uploads\/2025\/11\/police-municipale-inauguration-du-poste-de-police-municipale-de-trets-28av2022.jpg","width":360,"height":360,"caption":"police municipale; Inauguration du poste de police municipale de TRETS 28AV2022"},{"@type":"BreadcrumbList","@id":"https:\/\/www.cc3rivieres76.com\/blog\/police-municipale-inauguration-du-poste-de-police-municipale-de-trets-28av2022\/#breadcrumb","itemListElement":[{"@type":"ListItem","position":1,"name":"Accueil","item":"https:\/\/www.cc3rivieres76.com\/blog\/"},{"@type":"ListItem","position":2,"name":"police municipale; Inauguration du poste de police municipale de TRETS 28AV2022"}]},{"@type":"WebSite","@id":"https:\/\/www.cc3rivieres76.com\/blog\/#website","url":"https:\/\/www.cc3rivieres76.com\/blog\/","name":"CC3RIVIERES76","description":"Les 3 rivi\u00e8res dans la Somme.","publisher":{"@id":"https:\/\/www.cc3rivieres76.com\/blog\/#organization"},"potentialAction":[{"@type":"SearchAction","target":{"@type":"EntryPoint","urlTemplate":"https:\/\/www.cc3rivieres76.com\/blog\/?s={search_term_string}"},"query-input":{"@type":"PropertyValueSpecification","valueRequired":true,"valueName":"search_term_string"}}],"inLanguage":"fr-FR"},{"@type":"Organization","@id":"https:\/\/www.cc3rivieres76.com\/blog\/#organization","name":"cc3rivieres76","url":"https:\/\/www.cc3rivieres76.com\/blog\/","logo":{"@type":"ImageObject","inLanguage":"fr-FR","@id":"https:\/\/www.cc3rivieres76.com\/blog\/#\/schema\/logo\/image\/","url":"https:\/\/www.cc3rivieres76.com\/blog\/wp-content\/uploads\/2023\/06\/logo-2.png","contentUrl":"https:\/\/www.cc3rivieres76.com\/blog\/wp-content\/uploads\/2023\/06\/logo-2.png","width":390,"height":388,"caption":"cc3rivieres76"},"image":{"@id":"https:\/\/www.cc3rivieres76.com\/blog\/#\/schema\/logo\/image\/"}},{"@type":"Person","@id":"https:\/\/www.cc3rivieres76.com\/blog\/#\/schema\/person\/474d457fb7747b5218f39792dfaa5a1c","name":"Sylvie DE LAUZAINGHEIN","image":{"@type":"ImageObject","inLanguage":"fr-FR","@id":"https:\/\/secure.gravatar.com\/avatar\/9c6a53b19e0a3431aa80de0895b9729fe665cd7e7d6cc94fc11abb152f4237d7?s=96&d=mm&r=g","url":"https:\/\/secure.gravatar.com\/avatar\/9c6a53b19e0a3431aa80de0895b9729fe665cd7e7d6cc94fc11abb152f4237d7?s=96&d=mm&r=g","contentUrl":"https:\/\/secure.gravatar.com\/avatar\/9c6a53b19e0a3431aa80de0895b9729fe665cd7e7d6cc94fc11abb152f4237d7?s=96&d=mm&r=g","caption":"Sylvie DE LAUZAINGHEIN"},"url":"https:\/\/www.cc3rivieres76.com\/blog\/author\/s76sylvie\/"}]}},"_links":{"self":[{"href":"https:\/\/www.cc3rivieres76.com\/blog\/wp-json\/wp\/v2\/posts\/1033","targetHints":{"allow":["GET"]}}],"collection":[{"href":"https:\/\/www.cc3rivieres76.com\/blog\/wp-json\/wp\/v2\/posts"}],"about":[{"href":"https:\/\/www.cc3rivieres76.com\/blog\/wp-json\/wp\/v2\/types\/post"}],"author":[{"embeddable":true,"href":"https:\/\/www.cc3rivieres76.com\/blog\/wp-json\/wp\/v2\/users\/3"}],"replies":[{"embeddable":true,"href":"https:\/\/www.cc3rivieres76.com\/blog\/wp-json\/wp\/v2\/comments?post=1033"}],"version-history":[{"count":0,"href":"https:\/\/www.cc3rivieres76.com\/blog\/wp-json\/wp\/v2\/posts\/1033\/revisions"}],"wp:featuredmedia":[{"embeddable":true,"href":"https:\/\/www.cc3rivieres76.com\/blog\/wp-json\/wp\/v2\/media\/1034"}],"wp:attachment":[{"href":"https:\/\/www.cc3rivieres76.com\/blog\/wp-json\/wp\/v2\/media?parent=1033"}],"wp:term":[{"taxonomy":"category","embeddable":true,"href":"https:\/\/www.cc3rivieres76.com\/blog\/wp-json\/wp\/v2\/categories?post=1033"},{"taxonomy":"post_tag","embeddable":true,"href":"https:\/\/www.cc3rivieres76.com\/blog\/wp-json\/wp\/v2\/tags?post=1033"}],"curies":[{"name":"wp","href":"https:\/\/api.w.org\/{rel}","templated":true}]}}