{"id":1045,"date":"2025-12-01T11:17:00","date_gmt":"2025-12-01T10:17:00","guid":{"rendered":"https:\/\/www.site.cdcl.xyz\/2025\/12\/01\/france-guerre-en-ukraine-lemissaire-americain-steve-witkoff-rencontrera-vladimir-poutine-mardi-apres-midi-a-moscou-france\/"},"modified":"2025-12-01T11:17:00","modified_gmt":"2025-12-01T10:17:00","slug":"france-guerre-en-ukraine-lemissaire-americain-steve-witkoff-rencontrera-vladimir-poutine-mardi-apres-midi-a-moscou-france","status":"publish","type":"post","link":"https:\/\/www.cc3rivieres76.com\/blog\/france-guerre-en-ukraine-lemissaire-americain-steve-witkoff-rencontrera-vladimir-poutine-mardi-apres-midi-a-moscou-france\/","title":{"rendered":"France: Guerre en Ukraine. L\u2019\u00e9missaire am\u00e9ricain Steve Witkoff rencontrera Vladimir Poutine mardi apr\u00e8s-midi \u00e0 Moscou #France"},"content":{"rendered":"\n<p>Ce papier ayant pour th\u00e8me \u00ab&nbsp;Actualit\u00e9 fran\u00e7aise&nbsp;\u00bb a \u00e9t\u00e9 vu sur le web, nous avons voulu vous le pr\u00e9senter ici.<\/p>\n<h2>L\u2019article suivant a \u00e9t\u00e9 publi\u00e9 par Le Progr\u00e8s : info et actu nationale et r\u00e9gionale \u2013 Rh\u00f4ne, Loire, Ain, Haute-Loire et Jura <\/h2>\n<p><u>Signature . <\/u><\/p>\n<p><u>Date et heure de la r\u00e9ception de la d\u00e9p\u00e9che sur notre fil d\u2019info:<\/u><strong><span id=\"date\"><\/span><\/strong><\/p>\n<p><u>Date et heure de publication sur internet:<\/u> <strong><span id=\"datecrea\"><\/span><\/strong><\/p>\n<p><u>Titre exacte donn\u00e9 par le journal \u00e9tait:<\/u> <strong>Guerre en Ukraine. L\u2019\u00e9missaire am\u00e9ricain Steve Witkoff rencontrera Vladimir Poutine mardi apr\u00e8s-midi \u00e0 Moscou<\/strong><\/p>\n<p><u>Information et contenu publi\u00e9s :<\/u><\/p>\n<div>\n<p>L\u2019\u00e9missaire de Donald Trump, Steve Witkoff, rencontrera mardi apr\u00e8s-midi le pr\u00e9sident russe Vladimir Poutine \u00e0 Moscou, afin de poursuivre les discussions autour du plan am\u00e9ricain visant \u00e0 mettre fin \u00e0 la guerre en Ukraine, a annonc\u00e9 le Kremlin ce lundi.<\/p>\n<p>\u00ab La rencontre avec Witkoff est pr\u00e9vue demain \u00bb, a indiqu\u00e9 le porte-parole de la pr\u00e9sidence russe, Dmitri Peskov, lors de son briefing quotidien. La r\u00e9union, a-t-il pr\u00e9cis\u00e9, aura lieu \u00ab en deuxi\u00e8me partie de journ\u00e9e \u00bb.<\/p>\n<h2>Une semaine \u00ab&nbsp;cruciale&nbsp;\u00bb pour l\u2019Ukraine<\/h2>\n<p>Ce d\u00e9placement en Russie se d\u00e9roulera dans la foul\u00e9e de n\u00e9gociations entre des d\u00e9l\u00e9gations am\u00e9ricaine et ukrainienne en Floride dimanche, qualifi\u00e9es de \u00ab productives \u00bb par le secr\u00e9taire d\u2019Etat am\u00e9ricain Marco Rubio. Le chef de la diplomatie am\u00e9ricaine a toutefois pr\u00e9venu qu\u2019il restait \u00ab encore du travail \u00bb \u00e0 faire pour parvenir \u00e0 un accord.<\/p>\n<p>Son homologue de l\u2019Union europ\u00e9enne, Kaja Kallas, a, elle, jug\u00e9 \u00ab cruciale \u00bb pour l\u2019Ukraine la semaine qui s\u2019ouvre, alors que le pr\u00e9sident fran\u00e7ais Emmanuel Macron&nbsp;re\u00e7oit le pr\u00e9sident ukrainien Volodymyr Zelensky ce lundi \u00e0 Paris.&nbsp;Volodymyr Zelensky est sous forte pression, tant militaire que politique, au moment o\u00f9 Donald Trump fait part de son optimisme quant au r\u00e8glement du conflit lanc\u00e9 il y a pr\u00e8s de quatre ans par la Russie.<\/p>\n<\/div>\n<p> <img decoding=\"async\" src=\"https:\/\/www.site.cdcl.xyz\/2025\/12\/01\/france-guerre-en-ukraine-lemissaire-americain-steve-witkoff-rencontrera-vladimir-poutine-mardi-apres-midi-a-moscou-france\/\" alt=\"Guerre en Ukraine. L'\u00e9missaire am\u00e9ricain Steve Witkoff rencontrera Vladimir Poutine mardi apr\u00e8s-midi \u00e0 Moscou\"><\/p>\n<p>#Guerre #Ukraine #L\u00e9missaire #am\u00e9ricain #Steve #Witkoff #rencontrera #Vladimir #Poutine #mardi #apr\u00e8smidi #Moscou<\/p>\n<p>Reprise de l\u2019information dans un style journalistique professionnel descriptif en organisant les id\u00e9es dans un ordre coh\u00e9rent avec titres html <\/p>\n<p>A lire:<\/p>\n<p>La France au d\u00e9fi.,<a href=\"https:\/\/www.kobo.com\/fr\/fr\/ebook\/la-france-au-defi\" target=\"_blank\" rel=\"noopener noreferrer nofollow\">Le livre <\/a><span><\/span>.<\/p>\n<p>Les raisons de la haine.,<a href=\"https:\/\/www.kobo.com\/fr\/fr\/ebook\/les-raisons-de-la-haine\" target=\"_blank\" rel=\"noopener noreferrer nofollow\">Pour en savoir plus<\/a><span><\/span>.<\/p>\n<p> Cet article, qui traite du th\u00e8me \u00ab\u00a0Les 3 rivi\u00e8res dans la Somme\u00a0\u00bb, vous est sp\u00e9cialement sugg\u00e9r\u00e9 par cc3rivieres76.com. La chronique est reproduite du mieux possible. Dans le cas o\u00f9 vous souhaitez apporter quelques pr\u00e9cisions concernant le domaine de \u00ab\u00a0Les 3 rivi\u00e8res dans la Somme\u00a0\u00bb vous pouvez solliciter notre r\u00e9daction. La destination de cc3rivieres76.com est de d\u00e9battre de Les 3 rivi\u00e8res dans la Somme dans la transparence en vous apportant la connaissance de tout ce qui est en lien avec ce sujet sur la toile Connectez-vous sur notre site cc3rivieres76.com et nos r\u00e9seaux sociaux dans le but d\u2019\u00eatre inform\u00e9 des futures publications.<\/p>\n","protected":false},"excerpt":{"rendered":"<p>Ce papier ayant pour th\u00e8me \u00ab&nbsp;Actualit\u00e9 fran\u00e7aise&nbsp;\u00bb a \u00e9t\u00e9 vu sur le web, nous avons voulu vous le pr\u00e9senter ici. L\u2019article suivant a \u00e9t\u00e9 publi\u00e9 par Le Progr\u00e8s : info et actu nationale et r\u00e9gionale \u2013 Rh\u00f4ne, Loire, Ain, Haute-Loire et Jura Signature . Date et heure de la r\u00e9ception de la d\u00e9p\u00e9che sur notre &hellip; <\/p>\n<p class=\"link-more\"><a href=\"https:\/\/www.cc3rivieres76.com\/blog\/france-guerre-en-ukraine-lemissaire-americain-steve-witkoff-rencontrera-vladimir-poutine-mardi-apres-midi-a-moscou-france\/\" class=\"more-link\">Continuer la lecture <span class=\"screen-reader-text\"> \u00ab\u00a0France: Guerre en Ukraine. L\u2019\u00e9missaire am\u00e9ricain Steve Witkoff rencontrera Vladimir Poutine mardi apr\u00e8s-midi \u00e0 Moscou #France\u00a0\u00bb<\/span><\/a><\/p>\n","protected":false},"author":3,"featured_media":0,"comment_status":"closed","ping_status":"closed","sticky":false,"template":"","format":"standard","meta":{"footnotes":""},"categories":[2],"tags":[],"class_list":["post-1045","post","type-post","status-publish","format-standard","hentry","category-les-3-rivieres-dans-la-somme","entry"],"yoast_head":"<!-- This site is optimized with the Yoast SEO plugin v27.5 - https:\/\/yoast.com\/product\/yoast-seo-wordpress\/ -->\n<title>France: Guerre en Ukraine. L\u2019\u00e9missaire am\u00e9ricain Steve Witkoff rencontrera Vladimir Poutine mardi apr\u00e8s-midi \u00e0 Moscou #France - CC3RIVIERES76<\/title>\n<meta name=\"robots\" content=\"index, follow, max-snippet:-1, max-image-preview:large, max-video-preview:-1\" \/>\n<link rel=\"canonical\" href=\"https:\/\/www.cc3rivieres76.com\/blog\/france-guerre-en-ukraine-lemissaire-americain-steve-witkoff-rencontrera-vladimir-poutine-mardi-apres-midi-a-moscou-france\/\" \/>\n<meta property=\"og:locale\" content=\"fr_FR\" \/>\n<meta property=\"og:type\" content=\"article\" \/>\n<meta property=\"og:title\" content=\"France: Guerre en Ukraine. L\u2019\u00e9missaire am\u00e9ricain Steve Witkoff rencontrera Vladimir Poutine mardi apr\u00e8s-midi \u00e0 Moscou #France - CC3RIVIERES76\" \/>\n<meta property=\"og:description\" content=\"Ce papier ayant pour th\u00e8me \u00ab&nbsp;Actualit\u00e9 fran\u00e7aise&nbsp;\u00bb a \u00e9t\u00e9 vu sur le web, nous avons voulu vous le pr\u00e9senter ici. L\u2019article suivant a \u00e9t\u00e9 publi\u00e9 par Le Progr\u00e8s : info et actu nationale et r\u00e9gionale \u2013 Rh\u00f4ne, Loire, Ain, Haute-Loire et Jura Signature . Date et heure de la r\u00e9ception de la d\u00e9p\u00e9che sur notre &hellip; Continuer la lecture \u00ab\u00a0France: Guerre en Ukraine. L\u2019\u00e9missaire am\u00e9ricain Steve Witkoff rencontrera Vladimir Poutine mardi apr\u00e8s-midi \u00e0 Moscou #France\u00a0\u00bb\" \/>\n<meta property=\"og:url\" content=\"https:\/\/www.cc3rivieres76.com\/blog\/france-guerre-en-ukraine-lemissaire-americain-steve-witkoff-rencontrera-vladimir-poutine-mardi-apres-midi-a-moscou-france\/\" \/>\n<meta property=\"og:site_name\" content=\"CC3RIVIERES76\" \/>\n<meta property=\"article:published_time\" content=\"2025-12-01T10:17:00+00:00\" \/>\n<meta property=\"og:image\" content=\"https:\/\/www.site.cdcl.xyz\/2025\/12\/01\/france-guerre-en-ukraine-lemissaire-americain-steve-witkoff-rencontrera-vladimir-poutine-mardi-apres-midi-a-moscou-france\/\" \/>\n<meta name=\"author\" content=\"Sylvie DE LAUZAINGHEIN\" \/>\n<meta name=\"twitter:card\" content=\"summary_large_image\" \/>\n<meta name=\"twitter:label1\" content=\"\u00c9crit par\" \/>\n\t<meta name=\"twitter:data1\" content=\"Sylvie DE LAUZAINGHEIN\" \/>\n\t<meta name=\"twitter:label2\" content=\"Dur\u00e9e de lecture estim\u00e9e\" \/>\n\t<meta name=\"twitter:data2\" content=\"3 minutes\" \/>\n<script type=\"application\/ld+json\" class=\"yoast-schema-graph\">{\"@context\":\"https:\\\/\\\/schema.org\",\"@graph\":[{\"@type\":\"Article\",\"@id\":\"https:\\\/\\\/www.cc3rivieres76.com\\\/blog\\\/france-guerre-en-ukraine-lemissaire-americain-steve-witkoff-rencontrera-vladimir-poutine-mardi-apres-midi-a-moscou-france\\\/#article\",\"isPartOf\":{\"@id\":\"https:\\\/\\\/www.cc3rivieres76.com\\\/blog\\\/france-guerre-en-ukraine-lemissaire-americain-steve-witkoff-rencontrera-vladimir-poutine-mardi-apres-midi-a-moscou-france\\\/\"},\"author\":{\"name\":\"Sylvie DE LAUZAINGHEIN\",\"@id\":\"https:\\\/\\\/www.cc3rivieres76.com\\\/blog\\\/#\\\/schema\\\/person\\\/474d457fb7747b5218f39792dfaa5a1c\"},\"headline\":\"France: Guerre en Ukraine. L\u2019\u00e9missaire am\u00e9ricain Steve Witkoff rencontrera Vladimir Poutine mardi apr\u00e8s-midi \u00e0 Moscou #France\",\"datePublished\":\"2025-12-01T10:17:00+00:00\",\"mainEntityOfPage\":{\"@id\":\"https:\\\/\\\/www.cc3rivieres76.com\\\/blog\\\/france-guerre-en-ukraine-lemissaire-americain-steve-witkoff-rencontrera-vladimir-poutine-mardi-apres-midi-a-moscou-france\\\/\"},\"wordCount\":523,\"publisher\":{\"@id\":\"https:\\\/\\\/www.cc3rivieres76.com\\\/blog\\\/#organization\"},\"image\":{\"@id\":\"https:\\\/\\\/www.cc3rivieres76.com\\\/blog\\\/france-guerre-en-ukraine-lemissaire-americain-steve-witkoff-rencontrera-vladimir-poutine-mardi-apres-midi-a-moscou-france\\\/#primaryimage\"},\"thumbnailUrl\":\"https:\\\/\\\/www.site.cdcl.xyz\\\/2025\\\/12\\\/01\\\/france-guerre-en-ukraine-lemissaire-americain-steve-witkoff-rencontrera-vladimir-poutine-mardi-apres-midi-a-moscou-france\\\/\",\"articleSection\":[\"Les 3 Rivi\u00e8res Dans La Somme:\"],\"inLanguage\":\"fr-FR\"},{\"@type\":\"WebPage\",\"@id\":\"https:\\\/\\\/www.cc3rivieres76.com\\\/blog\\\/france-guerre-en-ukraine-lemissaire-americain-steve-witkoff-rencontrera-vladimir-poutine-mardi-apres-midi-a-moscou-france\\\/\",\"url\":\"https:\\\/\\\/www.cc3rivieres76.com\\\/blog\\\/france-guerre-en-ukraine-lemissaire-americain-steve-witkoff-rencontrera-vladimir-poutine-mardi-apres-midi-a-moscou-france\\\/\",\"name\":\"France: Guerre en Ukraine. L\u2019\u00e9missaire am\u00e9ricain Steve Witkoff rencontrera Vladimir Poutine mardi apr\u00e8s-midi \u00e0 Moscou #France - CC3RIVIERES76\",\"isPartOf\":{\"@id\":\"https:\\\/\\\/www.cc3rivieres76.com\\\/blog\\\/#website\"},\"primaryImageOfPage\":{\"@id\":\"https:\\\/\\\/www.cc3rivieres76.com\\\/blog\\\/france-guerre-en-ukraine-lemissaire-americain-steve-witkoff-rencontrera-vladimir-poutine-mardi-apres-midi-a-moscou-france\\\/#primaryimage\"},\"image\":{\"@id\":\"https:\\\/\\\/www.cc3rivieres76.com\\\/blog\\\/france-guerre-en-ukraine-lemissaire-americain-steve-witkoff-rencontrera-vladimir-poutine-mardi-apres-midi-a-moscou-france\\\/#primaryimage\"},\"thumbnailUrl\":\"https:\\\/\\\/www.site.cdcl.xyz\\\/2025\\\/12\\\/01\\\/france-guerre-en-ukraine-lemissaire-americain-steve-witkoff-rencontrera-vladimir-poutine-mardi-apres-midi-a-moscou-france\\\/\",\"datePublished\":\"2025-12-01T10:17:00+00:00\",\"breadcrumb\":{\"@id\":\"https:\\\/\\\/www.cc3rivieres76.com\\\/blog\\\/france-guerre-en-ukraine-lemissaire-americain-steve-witkoff-rencontrera-vladimir-poutine-mardi-apres-midi-a-moscou-france\\\/#breadcrumb\"},\"inLanguage\":\"fr-FR\",\"potentialAction\":[{\"@type\":\"ReadAction\",\"target\":[\"https:\\\/\\\/www.cc3rivieres76.com\\\/blog\\\/france-guerre-en-ukraine-lemissaire-americain-steve-witkoff-rencontrera-vladimir-poutine-mardi-apres-midi-a-moscou-france\\\/\"]}]},{\"@type\":\"ImageObject\",\"inLanguage\":\"fr-FR\",\"@id\":\"https:\\\/\\\/www.cc3rivieres76.com\\\/blog\\\/france-guerre-en-ukraine-lemissaire-americain-steve-witkoff-rencontrera-vladimir-poutine-mardi-apres-midi-a-moscou-france\\\/#primaryimage\",\"url\":\"https:\\\/\\\/www.site.cdcl.xyz\\\/2025\\\/12\\\/01\\\/france-guerre-en-ukraine-lemissaire-americain-steve-witkoff-rencontrera-vladimir-poutine-mardi-apres-midi-a-moscou-france\\\/\",\"contentUrl\":\"https:\\\/\\\/www.site.cdcl.xyz\\\/2025\\\/12\\\/01\\\/france-guerre-en-ukraine-lemissaire-americain-steve-witkoff-rencontrera-vladimir-poutine-mardi-apres-midi-a-moscou-france\\\/\"},{\"@type\":\"BreadcrumbList\",\"@id\":\"https:\\\/\\\/www.cc3rivieres76.com\\\/blog\\\/france-guerre-en-ukraine-lemissaire-americain-steve-witkoff-rencontrera-vladimir-poutine-mardi-apres-midi-a-moscou-france\\\/#breadcrumb\",\"itemListElement\":[{\"@type\":\"ListItem\",\"position\":1,\"name\":\"Accueil\",\"item\":\"https:\\\/\\\/www.cc3rivieres76.com\\\/blog\\\/\"},{\"@type\":\"ListItem\",\"position\":2,\"name\":\"France: Guerre en Ukraine. L\u2019\u00e9missaire am\u00e9ricain Steve Witkoff rencontrera Vladimir Poutine mardi apr\u00e8s-midi \u00e0 Moscou #France\"}]},{\"@type\":\"WebSite\",\"@id\":\"https:\\\/\\\/www.cc3rivieres76.com\\\/blog\\\/#website\",\"url\":\"https:\\\/\\\/www.cc3rivieres76.com\\\/blog\\\/\",\"name\":\"CC3RIVIERES76\",\"description\":\"Les 3 rivi\u00e8res dans la Somme.\",\"publisher\":{\"@id\":\"https:\\\/\\\/www.cc3rivieres76.com\\\/blog\\\/#organization\"},\"potentialAction\":[{\"@type\":\"SearchAction\",\"target\":{\"@type\":\"EntryPoint\",\"urlTemplate\":\"https:\\\/\\\/www.cc3rivieres76.com\\\/blog\\\/?s={search_term_string}\"},\"query-input\":{\"@type\":\"PropertyValueSpecification\",\"valueRequired\":true,\"valueName\":\"search_term_string\"}}],\"inLanguage\":\"fr-FR\"},{\"@type\":\"Organization\",\"@id\":\"https:\\\/\\\/www.cc3rivieres76.com\\\/blog\\\/#organization\",\"name\":\"cc3rivieres76\",\"url\":\"https:\\\/\\\/www.cc3rivieres76.com\\\/blog\\\/\",\"logo\":{\"@type\":\"ImageObject\",\"inLanguage\":\"fr-FR\",\"@id\":\"https:\\\/\\\/www.cc3rivieres76.com\\\/blog\\\/#\\\/schema\\\/logo\\\/image\\\/\",\"url\":\"https:\\\/\\\/www.cc3rivieres76.com\\\/blog\\\/wp-content\\\/uploads\\\/2023\\\/06\\\/logo-2.png\",\"contentUrl\":\"https:\\\/\\\/www.cc3rivieres76.com\\\/blog\\\/wp-content\\\/uploads\\\/2023\\\/06\\\/logo-2.png\",\"width\":390,\"height\":388,\"caption\":\"cc3rivieres76\"},\"image\":{\"@id\":\"https:\\\/\\\/www.cc3rivieres76.com\\\/blog\\\/#\\\/schema\\\/logo\\\/image\\\/\"}},{\"@type\":\"Person\",\"@id\":\"https:\\\/\\\/www.cc3rivieres76.com\\\/blog\\\/#\\\/schema\\\/person\\\/474d457fb7747b5218f39792dfaa5a1c\",\"name\":\"Sylvie DE LAUZAINGHEIN\",\"image\":{\"@type\":\"ImageObject\",\"inLanguage\":\"fr-FR\",\"@id\":\"https:\\\/\\\/secure.gravatar.com\\\/avatar\\\/9c6a53b19e0a3431aa80de0895b9729fe665cd7e7d6cc94fc11abb152f4237d7?s=96&d=mm&r=g\",\"url\":\"https:\\\/\\\/secure.gravatar.com\\\/avatar\\\/9c6a53b19e0a3431aa80de0895b9729fe665cd7e7d6cc94fc11abb152f4237d7?s=96&d=mm&r=g\",\"contentUrl\":\"https:\\\/\\\/secure.gravatar.com\\\/avatar\\\/9c6a53b19e0a3431aa80de0895b9729fe665cd7e7d6cc94fc11abb152f4237d7?s=96&d=mm&r=g\",\"caption\":\"Sylvie DE LAUZAINGHEIN\"},\"url\":\"https:\\\/\\\/www.cc3rivieres76.com\\\/blog\\\/author\\\/s76sylvie\\\/\"}]}<\/script>\n<!-- \/ Yoast SEO plugin. -->","yoast_head_json":{"title":"France: Guerre en Ukraine. L\u2019\u00e9missaire am\u00e9ricain Steve Witkoff rencontrera Vladimir Poutine mardi apr\u00e8s-midi \u00e0 Moscou #France - CC3RIVIERES76","robots":{"index":"index","follow":"follow","max-snippet":"max-snippet:-1","max-image-preview":"max-image-preview:large","max-video-preview":"max-video-preview:-1"},"canonical":"https:\/\/www.cc3rivieres76.com\/blog\/france-guerre-en-ukraine-lemissaire-americain-steve-witkoff-rencontrera-vladimir-poutine-mardi-apres-midi-a-moscou-france\/","og_locale":"fr_FR","og_type":"article","og_title":"France: Guerre en Ukraine. L\u2019\u00e9missaire am\u00e9ricain Steve Witkoff rencontrera Vladimir Poutine mardi apr\u00e8s-midi \u00e0 Moscou #France - CC3RIVIERES76","og_description":"Ce papier ayant pour th\u00e8me \u00ab&nbsp;Actualit\u00e9 fran\u00e7aise&nbsp;\u00bb a \u00e9t\u00e9 vu sur le web, nous avons voulu vous le pr\u00e9senter ici. L\u2019article suivant a \u00e9t\u00e9 publi\u00e9 par Le Progr\u00e8s : info et actu nationale et r\u00e9gionale \u2013 Rh\u00f4ne, Loire, Ain, Haute-Loire et Jura Signature . Date et heure de la r\u00e9ception de la d\u00e9p\u00e9che sur notre &hellip; Continuer la lecture \u00ab\u00a0France: Guerre en Ukraine. L\u2019\u00e9missaire am\u00e9ricain Steve Witkoff rencontrera Vladimir Poutine mardi apr\u00e8s-midi \u00e0 Moscou #France\u00a0\u00bb","og_url":"https:\/\/www.cc3rivieres76.com\/blog\/france-guerre-en-ukraine-lemissaire-americain-steve-witkoff-rencontrera-vladimir-poutine-mardi-apres-midi-a-moscou-france\/","og_site_name":"CC3RIVIERES76","article_published_time":"2025-12-01T10:17:00+00:00","og_image":[{"url":"https:\/\/www.site.cdcl.xyz\/2025\/12\/01\/france-guerre-en-ukraine-lemissaire-americain-steve-witkoff-rencontrera-vladimir-poutine-mardi-apres-midi-a-moscou-france\/","type":"","width":"","height":""}],"author":"Sylvie DE LAUZAINGHEIN","twitter_card":"summary_large_image","twitter_misc":{"\u00c9crit par":"Sylvie DE LAUZAINGHEIN","Dur\u00e9e de lecture estim\u00e9e":"3 minutes"},"schema":{"@context":"https:\/\/schema.org","@graph":[{"@type":"Article","@id":"https:\/\/www.cc3rivieres76.com\/blog\/france-guerre-en-ukraine-lemissaire-americain-steve-witkoff-rencontrera-vladimir-poutine-mardi-apres-midi-a-moscou-france\/#article","isPartOf":{"@id":"https:\/\/www.cc3rivieres76.com\/blog\/france-guerre-en-ukraine-lemissaire-americain-steve-witkoff-rencontrera-vladimir-poutine-mardi-apres-midi-a-moscou-france\/"},"author":{"name":"Sylvie DE LAUZAINGHEIN","@id":"https:\/\/www.cc3rivieres76.com\/blog\/#\/schema\/person\/474d457fb7747b5218f39792dfaa5a1c"},"headline":"France: Guerre en Ukraine. L\u2019\u00e9missaire am\u00e9ricain Steve Witkoff rencontrera Vladimir Poutine mardi apr\u00e8s-midi \u00e0 Moscou #France","datePublished":"2025-12-01T10:17:00+00:00","mainEntityOfPage":{"@id":"https:\/\/www.cc3rivieres76.com\/blog\/france-guerre-en-ukraine-lemissaire-americain-steve-witkoff-rencontrera-vladimir-poutine-mardi-apres-midi-a-moscou-france\/"},"wordCount":523,"publisher":{"@id":"https:\/\/www.cc3rivieres76.com\/blog\/#organization"},"image":{"@id":"https:\/\/www.cc3rivieres76.com\/blog\/france-guerre-en-ukraine-lemissaire-americain-steve-witkoff-rencontrera-vladimir-poutine-mardi-apres-midi-a-moscou-france\/#primaryimage"},"thumbnailUrl":"https:\/\/www.site.cdcl.xyz\/2025\/12\/01\/france-guerre-en-ukraine-lemissaire-americain-steve-witkoff-rencontrera-vladimir-poutine-mardi-apres-midi-a-moscou-france\/","articleSection":["Les 3 Rivi\u00e8res Dans La Somme:"],"inLanguage":"fr-FR"},{"@type":"WebPage","@id":"https:\/\/www.cc3rivieres76.com\/blog\/france-guerre-en-ukraine-lemissaire-americain-steve-witkoff-rencontrera-vladimir-poutine-mardi-apres-midi-a-moscou-france\/","url":"https:\/\/www.cc3rivieres76.com\/blog\/france-guerre-en-ukraine-lemissaire-americain-steve-witkoff-rencontrera-vladimir-poutine-mardi-apres-midi-a-moscou-france\/","name":"France: Guerre en Ukraine. L\u2019\u00e9missaire am\u00e9ricain Steve Witkoff rencontrera Vladimir Poutine mardi apr\u00e8s-midi \u00e0 Moscou #France - CC3RIVIERES76","isPartOf":{"@id":"https:\/\/www.cc3rivieres76.com\/blog\/#website"},"primaryImageOfPage":{"@id":"https:\/\/www.cc3rivieres76.com\/blog\/france-guerre-en-ukraine-lemissaire-americain-steve-witkoff-rencontrera-vladimir-poutine-mardi-apres-midi-a-moscou-france\/#primaryimage"},"image":{"@id":"https:\/\/www.cc3rivieres76.com\/blog\/france-guerre-en-ukraine-lemissaire-americain-steve-witkoff-rencontrera-vladimir-poutine-mardi-apres-midi-a-moscou-france\/#primaryimage"},"thumbnailUrl":"https:\/\/www.site.cdcl.xyz\/2025\/12\/01\/france-guerre-en-ukraine-lemissaire-americain-steve-witkoff-rencontrera-vladimir-poutine-mardi-apres-midi-a-moscou-france\/","datePublished":"2025-12-01T10:17:00+00:00","breadcrumb":{"@id":"https:\/\/www.cc3rivieres76.com\/blog\/france-guerre-en-ukraine-lemissaire-americain-steve-witkoff-rencontrera-vladimir-poutine-mardi-apres-midi-a-moscou-france\/#breadcrumb"},"inLanguage":"fr-FR","potentialAction":[{"@type":"ReadAction","target":["https:\/\/www.cc3rivieres76.com\/blog\/france-guerre-en-ukraine-lemissaire-americain-steve-witkoff-rencontrera-vladimir-poutine-mardi-apres-midi-a-moscou-france\/"]}]},{"@type":"ImageObject","inLanguage":"fr-FR","@id":"https:\/\/www.cc3rivieres76.com\/blog\/france-guerre-en-ukraine-lemissaire-americain-steve-witkoff-rencontrera-vladimir-poutine-mardi-apres-midi-a-moscou-france\/#primaryimage","url":"https:\/\/www.site.cdcl.xyz\/2025\/12\/01\/france-guerre-en-ukraine-lemissaire-americain-steve-witkoff-rencontrera-vladimir-poutine-mardi-apres-midi-a-moscou-france\/","contentUrl":"https:\/\/www.site.cdcl.xyz\/2025\/12\/01\/france-guerre-en-ukraine-lemissaire-americain-steve-witkoff-rencontrera-vladimir-poutine-mardi-apres-midi-a-moscou-france\/"},{"@type":"BreadcrumbList","@id":"https:\/\/www.cc3rivieres76.com\/blog\/france-guerre-en-ukraine-lemissaire-americain-steve-witkoff-rencontrera-vladimir-poutine-mardi-apres-midi-a-moscou-france\/#breadcrumb","itemListElement":[{"@type":"ListItem","position":1,"name":"Accueil","item":"https:\/\/www.cc3rivieres76.com\/blog\/"},{"@type":"ListItem","position":2,"name":"France: Guerre en Ukraine. L\u2019\u00e9missaire am\u00e9ricain Steve Witkoff rencontrera Vladimir Poutine mardi apr\u00e8s-midi \u00e0 Moscou #France"}]},{"@type":"WebSite","@id":"https:\/\/www.cc3rivieres76.com\/blog\/#website","url":"https:\/\/www.cc3rivieres76.com\/blog\/","name":"CC3RIVIERES76","description":"Les 3 rivi\u00e8res dans la Somme.","publisher":{"@id":"https:\/\/www.cc3rivieres76.com\/blog\/#organization"},"potentialAction":[{"@type":"SearchAction","target":{"@type":"EntryPoint","urlTemplate":"https:\/\/www.cc3rivieres76.com\/blog\/?s={search_term_string}"},"query-input":{"@type":"PropertyValueSpecification","valueRequired":true,"valueName":"search_term_string"}}],"inLanguage":"fr-FR"},{"@type":"Organization","@id":"https:\/\/www.cc3rivieres76.com\/blog\/#organization","name":"cc3rivieres76","url":"https:\/\/www.cc3rivieres76.com\/blog\/","logo":{"@type":"ImageObject","inLanguage":"fr-FR","@id":"https:\/\/www.cc3rivieres76.com\/blog\/#\/schema\/logo\/image\/","url":"https:\/\/www.cc3rivieres76.com\/blog\/wp-content\/uploads\/2023\/06\/logo-2.png","contentUrl":"https:\/\/www.cc3rivieres76.com\/blog\/wp-content\/uploads\/2023\/06\/logo-2.png","width":390,"height":388,"caption":"cc3rivieres76"},"image":{"@id":"https:\/\/www.cc3rivieres76.com\/blog\/#\/schema\/logo\/image\/"}},{"@type":"Person","@id":"https:\/\/www.cc3rivieres76.com\/blog\/#\/schema\/person\/474d457fb7747b5218f39792dfaa5a1c","name":"Sylvie DE LAUZAINGHEIN","image":{"@type":"ImageObject","inLanguage":"fr-FR","@id":"https:\/\/secure.gravatar.com\/avatar\/9c6a53b19e0a3431aa80de0895b9729fe665cd7e7d6cc94fc11abb152f4237d7?s=96&d=mm&r=g","url":"https:\/\/secure.gravatar.com\/avatar\/9c6a53b19e0a3431aa80de0895b9729fe665cd7e7d6cc94fc11abb152f4237d7?s=96&d=mm&r=g","contentUrl":"https:\/\/secure.gravatar.com\/avatar\/9c6a53b19e0a3431aa80de0895b9729fe665cd7e7d6cc94fc11abb152f4237d7?s=96&d=mm&r=g","caption":"Sylvie DE LAUZAINGHEIN"},"url":"https:\/\/www.cc3rivieres76.com\/blog\/author\/s76sylvie\/"}]}},"_links":{"self":[{"href":"https:\/\/www.cc3rivieres76.com\/blog\/wp-json\/wp\/v2\/posts\/1045","targetHints":{"allow":["GET"]}}],"collection":[{"href":"https:\/\/www.cc3rivieres76.com\/blog\/wp-json\/wp\/v2\/posts"}],"about":[{"href":"https:\/\/www.cc3rivieres76.com\/blog\/wp-json\/wp\/v2\/types\/post"}],"author":[{"embeddable":true,"href":"https:\/\/www.cc3rivieres76.com\/blog\/wp-json\/wp\/v2\/users\/3"}],"replies":[{"embeddable":true,"href":"https:\/\/www.cc3rivieres76.com\/blog\/wp-json\/wp\/v2\/comments?post=1045"}],"version-history":[{"count":0,"href":"https:\/\/www.cc3rivieres76.com\/blog\/wp-json\/wp\/v2\/posts\/1045\/revisions"}],"wp:attachment":[{"href":"https:\/\/www.cc3rivieres76.com\/blog\/wp-json\/wp\/v2\/media?parent=1045"}],"wp:term":[{"taxonomy":"category","embeddable":true,"href":"https:\/\/www.cc3rivieres76.com\/blog\/wp-json\/wp\/v2\/categories?post=1045"},{"taxonomy":"post_tag","embeddable":true,"href":"https:\/\/www.cc3rivieres76.com\/blog\/wp-json\/wp\/v2\/tags?post=1045"}],"curies":[{"name":"wp","href":"https:\/\/api.w.org\/{rel}","templated":true}]}}