{"id":1071,"date":"2025-12-09T00:01:36","date_gmt":"2025-12-08T23:01:36","guid":{"rendered":"https:\/\/www.site.cdcl.xyz\/?p=1075317"},"modified":"2025-12-09T00:01:36","modified_gmt":"2025-12-08T23:01:36","slug":"pantinpantin93-emeutes-degradations-incendies","status":"publish","type":"post","link":"https:\/\/www.cc3rivieres76.com\/blog\/pantinpantin93-emeutes-degradations-incendies\/","title":{"rendered":"Pantin,Pantin(93): Emeutes, D\u00e9gradations , Incendies"},"content":{"rendered":"<br \/>\n<h2> Les News De David se penche sur la question de \u00ab&nbsp;Pantin&nbsp;\u00bb.<br \/><\/h2>\n<p>Une publication youtube propos\u00e9e par Les News De David .<br \/>se concentrant sur \u00ab&nbsp;Pantin&nbsp;\u00bb:<br \/>[embedded content]<\/p>\n<p>Le titre de cette vid\u00e9o est Pantin(93): Emeutes, D\u00e9gradations , Incendies, sa dur\u00e9e est de 00:18:08 secondes, et elle a \u00e9t\u00e9 fournie par l\u2019auteur. La description suit ci-dessous :\u00ab<i> Je lis des faits d\u2019actualit\u00e9s , et je commente et r\u00e9agis en lisant des commentaires <\/i> \u00bb.\n<\/p>\n<h2>PANTIN : Situation Financi\u00e8re Critique et Alarmante<\/h2>\n<p>Pantin se retrouve en bas du classement des villes d\u2019\u00cele-de-France, cons\u00e9quence d\u2019une gestion financi\u00e8re et de services publics en d\u00e9clin ces derni\u00e8res ann\u00e9es.<\/p>\n<p>L\u2019audit a \u00e9t\u00e9 effectu\u00e9 par une entit\u00e9 experte en gestion des collectivit\u00e9s locales. La recherche a port\u00e9 sur l\u2019ensemble des municipalit\u00e9s et mairies de l\u2019\u00eele-de-France. <a href=\"https:\/\/www.bilan-de-mandat.fr\/ile-de-france\/mairie\/seine-saint-denis_pantin\/\" rel=\"noopener noreferrer\" target=\"blank\">Vous avez la possibilit\u00e9 d\u2019acc\u00e9der aux conclusions de l\u2019\u00e9tude pour Pantin, afin de vous permettre de prendre connaissance de toutes les donn\u00e9es financi\u00e8res qui ont \u00e9t\u00e9 analys\u00e9es.<\/a><\/p>\n<p>Malgr\u00e9 une situation financi\u00e8re enviable en 2020, Pantin a progressivement vu sa condition se d\u00e9t\u00e9riorer, impactant la qualit\u00e9 de sa gestion publique<\/p>\n<p>La municipalit\u00e9 dirig\u00e9e par BERTRAND KERN porte une part de responsabilit\u00e9 directe, m\u00eame si un tiers des difficult\u00e9s provient de la conjoncture.<\/p>\n<p>Le site ind\u00e9pendant Bilan de Mandat a men\u00e9 cette enqu\u00eate en compilant les chiffres budg\u00e9taires fournis en ligne par le minist\u00e8re des Finances, en se basant sur les 7 ann\u00e9es pr\u00e9c\u00e9dentes<\/p>\n<h3>D\u00e9t\u00e9rioration de la qualit\u00e9 des services publics PANTINOIS<\/h3>\n<p>Une gestion financi\u00e8re non optimale m\u00e8nera in\u00e9vitablement \u00e0 des diminutions des budgets allou\u00e9s aux services publics \u00e0 l\u2019horizon 2026-2027, ce qui se traduit par :<\/p>\n<ul>\n<li>Diminution des \u00e9quipes : R\u00e9duction du personnel pour assurer des services cl\u00e9s tels que la propret\u00e9, la s\u00e9curit\u00e9 ou l\u2019\u00e9ducation.\n<\/li>\n<li>Moins de r\u00e9gularit\u00e9 dans les services : R\u00e9duction des tourn\u00e9es de collecte des d\u00e9chets et horaires limit\u00e9s pour les biblioth\u00e8ques et centres communautaires.\n<\/li>\n<li>Insatisfaction des usagers en hausse : Les citoyens, d\u00e9j\u00e0 en d\u00e9saccord avec les services municipaux, seront les premiers \u00e0 souffrir de la d\u00e9gradation de la qualit\u00e9 des services, alors qu\u2019ils contribuent au-del\u00e0 de la moyenne.<\/li>\n<\/ul>\n<h3>La d\u00e9mocratie locale en difficult\u00e9<\/h3>\n<p>Au cours de la p\u00e9riode 2020-2025, le vivre ensemble a perdu son essence en raison d\u2019un manque de projet de territoire soutenu par une municipalit\u00e9 coh\u00e9rente. Les contraintes budg\u00e9taires vont accro\u00eetre les tensions au sein de la communaut\u00e9, entra\u00eenant :<\/p>\n<ul>\n<li>\u00c9motions de m\u00e9contentement et contestation : Les citoyens vont mobiliser des manifestations pour exprimer leur d\u00e9saccord avec l\u2019augmentation des imp\u00f4ts ou la baisse des services.\n<\/li>\n<li>Luttes entre parties prenantes : Des d\u00e9cisions financi\u00e8res vont cr\u00e9er des clivages entre divers groupes, comme les usagers de services publics et les contribuables.\n<\/li>\n<li>Affaiblissement des liens sociaux : Un climat d\u2019insatisfaction risque de compromettre la solidarit\u00e9 dans la communaut\u00e9.<\/li>\n<\/ul>\n<h3>Obstacles \u00e0 la fid\u00e9lisation et \u00e0 l\u2019attraction des talents<\/h3>\n<p>La situation pr\u00e9caire de la ville, tant sur le plan financier que sur celui de l\u2019exemplarit\u00e9, va rendre difficile l\u2019attraction et la conservation des talents, tant au sein du personnel municipal qu\u2019au sein des associations :<\/p>\n<ul>\n<li>Taux de renouvellement \u00e9lev\u00e9 : Les employ\u00e9s vont explorer d\u2019autres opportunit\u00e9s, ce qui engendre des co\u00fbts \u00e9lev\u00e9s de formation et d\u2019int\u00e9gration.\n<\/li>\n<li>Baisse de l\u2019expertise : Un d\u00e9ficit de personnel qualifi\u00e9 va affecter la qualit\u00e9 des services et l\u2019innovation au sein de la collectivit\u00e9.\n<\/li>\n<li>Challenges pour concr\u00e9tiser les projets: L\u2019absence de personnel qualifi\u00e9 va retarder ou compromettre des initiatives essentielles pour la collectivit\u00e9.\n<\/li>\n<li>D\u00e9motivation r\u00e9sultant d\u2019un d\u00e9sint\u00e9r\u00eat pour une ville qui a \u00e9volu\u00e9 en 5 ans en une des principales cit\u00e9s dortoirs de son d\u00e9partement.<\/li>\n<\/ul>\n<h3>Menace \u00e9lev\u00e9e de crise financi\u00e8re<\/h3>\n<p>Les subventions publiques qui, il y a quelques ann\u00e9es, aidaient \u00e0 att\u00e9nuer les probl\u00e8mes financiers, ne sont plus disponibles. \u00c9tant donn\u00e9 sa situation alarmante, la ville n\u2019a plus de latitude, ce qui entra\u00eenera :<\/p>\n<ul>\n<li>Risque de d\u00e9faillance financi\u00e8re : Une forte d\u00e9pendance aux subventions va exposer la collectivit\u00e9 aux changements de politique ou de financement \u00e0 l\u2019\u00e9chelle nationale.\n<\/li>\n<li>Limitation de l\u2019ind\u00e9pendance : Les collectivit\u00e9s subiront une perte d\u2019autonomie en raison des conditions attach\u00e9es aux subventions.\n<\/li>\n<li>Barri\u00e8res \u00e0 la planification \u00e0 long terme : Compter sur des financements externes compliquera la planification budg\u00e9taire et l\u2019ex\u00e9cution de projets \u00e0 long terme.<\/li>\n<\/ul>\n<h3>Enjeux financiers majeurs pour Pantin<\/h3>\n<p>Pantin est dans une situation financi\u00e8re pr\u00e9caire, avec un endettement en augmentation et des doutes sur la gestion de ses d\u00e9penses. Une \u00e9tude approfondie des critiques fondamentales et de leurs cons\u00e9quences.<\/p>\n<h3>Emprunt et typologie de la dette<\/h3>\n<p>La ville de Pantin fait face \u00e0 un endettement qui a \u00e9volu\u00e9 vers une forme de dette insoutenable. Cette situation entra\u00eene des effets significatifs :<\/p>\n<ul>\n<li>Augmentation des co\u00fbts d\u2019emprunt : L\u2019augmentation de la dette occasionne des charges d\u2019int\u00e9r\u00eat plus cons\u00e9quentes, r\u00e9duisant ainsi les ressources pour d\u2019autres investissements.\n<\/li>\n<li>Contraction de la capacit\u00e9 d\u2019investissement : L\u2019endettement excessif r\u00e9duit la possibilit\u00e9 pour la commune de financer des projets d\u2019infrastructure ou des services publics vitaux.\n<\/li>\n<li>Danger de d\u00e9faut sur les obligations financi\u00e8res : Une dette difficile \u00e0 g\u00e9rer \u00e9l\u00e8ve le risque de d\u00e9faillance, ce qui va entra\u00eener des cons\u00e9quences financi\u00e8res ou des contraintes impos\u00e9es par les cr\u00e9anciers.\n<\/li>\n<li>Baisse de la confiance des investisseurs : L\u2019instabilit\u00e9 financi\u00e8re va dissuader les investisseurs, entravant le d\u00e9veloppement \u00e9conomique de la localit\u00e9.\n<\/li>\n<li>Influence sur la notation financi\u00e8re: Une dette mal ma\u00eetris\u00e9e accro\u00eet le risque de d\u00e9faut, ce qui va entra\u00eener des sanctions financi\u00e8res ou des limitations impos\u00e9es par les pr\u00eateurs.<\/li>\n<\/ul>\n<h3>FAQ concernant la municipalit\u00e9 de Pantin<\/h3>\n<h4>Comment peut-on contribuer aux activit\u00e9s des associations ?<\/h4>\n<p>Dans chaque ville, on remarque que le nombre d\u2019associations et le calendrier de leurs activit\u00e9s (th\u00e9\u00e2tre, festival\u2026) sont significatifs et ne sont pas influenc\u00e9s par la politique de la mairie. Les associations, comme dans l\u2019ensemble du pays, organisent une vari\u00e9t\u00e9 d\u2019\u00e9v\u00e9nements tout au long de l\u2019ann\u00e9e. Pour ceux qui souhaitent s\u2019impliquer, il est facile de s\u2019inscrire \u00e0 ces activit\u00e9s sur le web, o\u00f9 un simple clic donne acc\u00e8s \u00e0 l\u2019agenda des \u00e9v\u00e9nements ou aux num\u00e9ros de contact des organisateurs. Rejoignez-nous en un clic.<\/p>\n<h4>Quel \u00e9tat des lieux des associations locales peut-on faire dans Pantin ?<\/h4>\n<p>Les associations locales apportent une contribution significative \u00e0 la culture. Pour trouver les informations d\u2019une association, n\u2019h\u00e9sitez pas \u00e0 consulter l\u2019annuaire en ligne sur le site de la mairie de Pantin<\/p>\n<h4>Quelles activit\u00e9s historiques et culturelles sont disponibles ?<\/h4>\n<p>Le pass\u00e9 d\u2019une ville est le miroir de sa culture. La b\u00e2tisse de la mairie ou de l\u2019h\u00f4tel de ville, les vieilles photos de l\u2019\u00e9cole, et l\u2019artisanat des m\u00e9tiers d\u2019antan favorisent la d\u00e9couverte gratuite, la transmission et la sauvegarde de ce patrimoine municipal. Partout en France, les efforts de sensibilisation assurent que le patrimoine de la ville soit vivant et \u00e0 la disposition des g\u00e9n\u00e9rations futures.<\/p>\n<h4>Quel est le maire en fonction de Pantin ?<\/h4>\n<p>BERTRAND KERN<\/p>\n<h4>Comment s\u2019informer dans Pantin ?<\/h4>\n<p>Surtout, les informations en ligne. Les habitants ont la possibilit\u00e9 de consulter les actualit\u00e9s et le journal municipal de la ville et des villes voisines. Sur le site de la municipalit\u00e9, il est possible de consulter la page d\u2019accueil destin\u00e9e aux nouveaux habitants, les num\u00e9ros utiles pour des d\u00e9marches vari\u00e9es, l\u2019annuaire des PME, les journ\u00e9es et activit\u00e9s gratuites, les informations relatives \u00e0 la rentr\u00e9e scolaire, les menus des cantines, l\u2019espace de confidentialit\u00e9 pour les comptes familles et les d\u00e9marches administratives, notamment celles li\u00e9es au secteur scolaire. Sur d\u2019autres sites web, qui ne sont pas sous la responsabilit\u00e9 de la mairie, les citoyens peuvent consulter des informations sur les \u00e9v\u00e9nements culturels (spectacles, th\u00e9\u00e2tre, festivals) qui contribuent \u00e0 l\u2019animation de la vie locale et favorisent l\u2019acc\u00e8s \u00e0 la culture.<\/p>\n<h4>Quelle est la d\u00e9couverte principale de l\u2019audit des finances de Pantin ?<\/h4>\n<p>L\u2019enqu\u00eate souligne une d\u00e9gradation significative des finances publiques et de la gestion de Pantin, mettant en exergue une gestion imprudente sur le plan financier et administratif.<\/p>\n<h4>Quels \u00e9l\u00e9ments ont favoris\u00e9 cette crise financi\u00e8re ?<\/h4>\n<p>Bien que la situation \u00e9conomique soit un facteur important, deux tiers des d\u00e9fis rencontr\u00e9s sont li\u00e9s aux d\u00e9cisions politiques prises par la municipalit\u00e9 dirig\u00e9e par BERTRAND KERN.<\/p>\n<p> Visionnez la vid\u00e9o sur youtube en utilisant ce lien :<br \/><u> le post original:<\/u> <a href=\"https:\/\/www.youtube.com\/watch?v=pw8-hd896Pg\">Cliquer ici<\/a>\n<\/p>\n<p>\n#Pantin93 #Emeutes #D\u00e9gradations #Incendies\n<\/p>\n<p>\n<u>Retranscription des paroles de la vid\u00e9o:<\/u> Ah voil\u00e0 sur quoi je viens de tomber et dans 93 d\u00e9gradation incendie long tir de mort sep individus interpell\u00e9s voil\u00e0 donc Saint-Denis c\u2019est la Californie sur la mer ouais je suis truc curieux de savoir \u00e0 quoi ils vont \u00eatre condamn\u00e9s. La bien continue avec de l\u2019immigration quasiment tous les jours en fran\u00e7ais cocktail molotop c\u2019est \u00e7a la base en principait bah je l\u2019accord avec toi donc individu interpeler ok interroger ok et rel\u00e2cher le jour m\u00eame en leur disant que c\u2019est pas bien de faire comme \u00e7a encore et encore rien comment je le C\u2019\u00e9tait incroyable les ann\u00e9es 90. Oh oui, en 90. Moi j\u2019avais 14 ans. Ouais franchement j\u2019ai rien \u00e0 voir avec aujourd\u2019hui. Sortait il on pouvait tra\u00eener, il y avait pas de probl\u00e8me bagad tout \u00e7a \u00e7a arrive. Rien comme aujourd\u2019hui, il y avait d\u00e9j\u00e0 des \u00e0 l\u2019\u00e9poque beaucoup moins pas tu avais pas de de voile l\u00e0 ce grand noir que les femmes certaines religions sont oblig\u00e9s de mettre maintenant il avait pas le chat comme \u00e7a ma grand-m\u00e8re elle\u00eame elle pas tout a commenc\u00e9 en Relcal sympa chercher ralk c\u2019est le premier terroriste en France. Allez la s\u00e9curit\u00e9 sa patine \u00e0ant d\u00e9cembre pour le soir du r\u00e9solant dedans et on a d\u00e9j\u00e0 en avril wesh wesh qu\u2019est-ce qu\u2019ils aiment faire quand m\u00eame en c\u2019est merveilleux avec ses petits par c\u2019est la r\u00e9veillance du 31 d\u00e9cembre tous les jours dans les bers\u00e9s raison je sais pas quoi encore la cave et le se moin non attendez un pe merde recevoir niveau B les immigr\u00e9s encore et encore surtout des des muss des migr\u00e9s muslim il faut bien pr\u00e9ciser parce que c\u2019est des pays muslims qui viennent c\u2019est vraiment une invasion euh religieuse quand on aussi en plus d\u2019une d\u2019une invasion de remplacement c\u2019est aussi religieux je pense mais bon on a plus le droit de grandir en fait Euh, on a plus le droit de rien dire que d\u00e9j\u00e0 ce qu\u2019en passe. On a plus le droit d\u2019 Il faut qu\u2019on trouve des nouvelles expressions pour pouvoir en parier entre nous parce que aussi on peut pas entir. Moi, je sais que j\u2019ai \u00e9t\u00e9 entendu par les parce que je dis qu\u2019on est plus chez nous. Et qu\u2019est-ce que \u00e7a veut dire ? Bah oui, je dit bah on est plus chez nous. Regardez ce qui se passe dans tout le pays. On est plus chez nous. \u00c7a nous imposer une religion en tout maintenant. dit nous nous on s\u2019int\u00e9resse pas \u00e0 \u00e7a. Ah ouais si vous int\u00e9ressez pas en m\u00eame temps on va r\u00e9gler le probl\u00e8me comment pourquoi tu donnes m\u2019emmerd de moi hein de base je je suis victime je me fais agresser par deux alg\u00e9riens p\u00e8re et fils je d\u00e9pose le mec il assume pas ses et il il raconte que j\u2019ai j\u2019ai eu des propos racistes et il va avec d\u2019autres t\u00e9moins qui sont des voisins et amis avec lui ami de un moment donn\u00e9 je leur ai dit au gendarme \u00e7a c\u2019est pas facile vous voyez vous voyez pas que le mec que c\u2019est la victimisation comme \u00e0 chaque fois il y a toujours le m\u00eame truc qui fait partout pareil qu\u2019on voit \u00e7a toujours accus\u00e9 de racisme. Je suis chez moi. On m\u2019a entendu chez moi avoir avoir eu des propos c\u2019est pas un lieu public chez moi. Pourtant ce que me reprocha dans un lieu public dans quoi c\u2019est public d\u2019\u00eatre dans mon domicile de suppriver un domicile que je sache. Donc voil\u00e0 donc je suis pass\u00e9 au tribunal mais apparemment je dois repasser encore. J\u2019attends l\u00e0 il est pass\u00e9 hier j\u2019\u00e9tais pas l\u00e0 donc j\u2019attends tu me rappelles plus franchement j\u2019aurais pas mes animaux je me serais dire bar l\u00e0 je l\u2019anger l\u00e0 [&nbsp;__&nbsp;] \u00e7a fait 10 ans que je je suis cal\u00e9 10 ans que je pas partir en que je me suis rang\u00e9 que je fais plus je fais plus rien j\u2019essaie de vivre avoir ma petite vie avec mes enfants et tout non non vi encore avec des sauvages Oui oui c\u2019est ce qu\u2019il me pas en va me mettre avec des sauvages je vais tout perdre j\u2019esp\u00e8re que je pourrais tu as vu euh transformer \u00e7a tu as vu la bracelet ou je sais pas quoi. Tu as vu ou c\u2019est une libert\u00e9 ? Bah je sais pas m\u00eame pas parce que moi j\u2019ai mes animaux j\u2019ai mes enfants. Enfin vous les gens hein parce queil y en a qui \u00e9coutent et apr\u00e8s \u00e7a des post et parce que moi en fait je aux actualit\u00e9s. Et il y en a il disent il a des sal races machin et tout. Oui. Quand tu es un terroriste, c\u2019est une sale race. Oui. Quand l\u2019autre l\u00e0 le [&nbsp;__&nbsp;] qui tu la gag l\u00e0 le euh qui 10 fois a \u00e9t\u00e9 10 fois en France\u00e9 par l\u2019Alg\u00e9rie et que il tue le le gosse et la gosse ? Ouais c\u2019est une sale race. Oui oui et alors il est o\u00f9 le probl\u00e8me ? les islamistes maintenant la justice pour \u00e7a aussi on fait pas sur parce que je critique les islamistes bien s\u00fbr il critique il tu il tuent nos enfants, il tuent nos femmes, il coupent des t\u00eates \u00e0 nos professeurs et tout et on doit rien dire j\u2019hallucine quoi. Faris une porte de pentin un homme retrouv\u00e9 mort deux somens et cou\u00e9s dont un pour assassinat le mobile serait un potentieux de 1,50 \u20ac avec la victime elle aussi sa manienne apr\u00e8s il se tu entre eux \u00e7a va encore entre eux meurtri 2017 avaant et d\u2019un pistolet donc en 2017 condamn\u00e9 \u00e0 18 ans de r\u00e9cusion Qu\u2019est-ce qu\u2019il est Qu\u2019est-ce qu\u2019il fait dehors l\u00e0 ? Il est 8h. On est 8 ans apr\u00e8s. J\u2019ai jamais vu \u00e7a ma vie. 18 ans. Moi je 2017 \u00e7a veut dire \u00e7a veut dire au moins allez \u00e0 3 ans que j\u2019ai en prison. 2014 donc 2014 24 \u00e7a fait 11 ans. Ah oui oui oui oui oui. \u00c7a va il venait de sortir alors sur de couteau pied dans le visage un jeune de 17 ans poursuivi en connerie attaqu\u00e9 devant un lyc\u00e9e par une bande promemblablement de d\u00e9valer entre quartiers. Oui, bien s\u00fbr. Voir que le mec c\u2019est un blanc hein qui se fait poursuivre par des orqu Walgard \u00e0 propo des manifestations islamistes \u00e0 Rard. Monsieur le pr\u00e9sident, nous sommes devenus des \u00e9trangers dans notre propre pays. Et oui, c\u2019est la v\u00e9rit\u00e9. Et nous aussi. Et le pire c\u2019est en Angleterre. Faut savoir un truc, c\u2019est qu\u2019en Angleterre, il a ils ont mis un islamiste \u00e0 la t\u00eate de l\u2019\u00e9quivalent pour nous he de euh du minist\u00e8re de l\u2019\u00e9ducation, un islamiste. Vous savez comment les islamistes ? Vous savez, c\u2019est ceux qui appliquent le texte vraiment pour ce qui est \u00e9crit, il l\u2019appliquent. Donc tuas un sourat qui dit que il faut se raser la barbe il faut se laisser pousser la barbe et se raser la moustache les cheveux court tout \u00e7a et l\u00e0 qui ressemble \u00e0 rien du tout. Voil\u00e0, c\u2019est tout d donc ils le font \u00e7a. D\u00e9j\u00e0 que dans les ann\u00e9es 60, ces endroits-l\u00e0 c\u2019\u00e9tait vert, c\u2019\u00e9tait accueillant, c\u2019\u00e9tait c\u2019\u00e9tait beau. Moi j\u2019ai ma grand-m\u00e8re, elle m\u2019a elle m\u2019a montr\u00e9 des photos de l\u2019\u00e9poque rien voir maintenant. contre entre band de la police municipale saign\u00e9 par sa archive ne pas intervenir. Bah oui, \u00e9videmment. Bon, apr\u00e8s si tu entre les mecs, on peut comprendre si c\u2019est entr\u00e9 \u00e7a va quatre surveillants introduis\u00e9s de t\u00e9l\u00e9phone et du cannabis au centre pays interdit son d\u00e9finitive de travailler dans la commission publique pour trois entre et il y a pas de prison. Ils vont pas en prison les mecs. C\u2019est \u00e7a qui la peine qui demand\u00e9. \u00c7a aussi et puis des mecs comme moi on va les condamner \u00e0 faire parce que j\u2019ai une libert\u00e9 d\u2019expression et qu\u2019on veut m\u2019emp\u00eacher de de l\u2019avoir pour \u00e7a qu\u2019il fait la cha\u00eene bon elle fonctionne pas la cha\u00eene \u00e7a fait de jours voil\u00e0 un de 17 ans au volant d\u2019une d\u2019un v\u00e9hicule vol\u00e9 refuse de temp\u00e9rer pu carter violemment la voiture d\u2019une famille \u00e0 Saint-Claude le p\u00e8re est vement bless\u00e9 trois arrestations Un petit mod encore le chauffeur embarqu\u00e9. [&nbsp;__&nbsp;] j\u2019esp\u00e8re que tu as pas d\u2019enfant avec toi. J\u2019esp\u00e8re qu\u2019il y a pas d\u2019enfant. voir \u00e7a \u00e7a me r\u00e9volte \u00e7a me r\u00e9volte j\u2019ai la haine quand je vois \u00e7a j\u2019ai la haine de voir \u00e7a J\u00e9r\u00e9mie en pu tuer pr\u00e8s du vieux ch\u00e2teau. plus trafic de drogue et en m\u00eame temps euh quand on voit un quand on voit ce chat l\u00e0 he le mec il reconna\u00eere son de\u00e8 pr\u00e9nom on voit que le mec il est il est on voit direct je demand\u00e9 si la \u00e9tait l\u2019ach \u00e9tait ras\u00e9 mais non je vais voir ce que l\u00e0 je me directement j\u2019ai vu en gueule si j\u2019\u00e9tais j\u00e9tait pas un pr\u00e9sent gr\u00e2ce \u00e0 son enfant un pr\u00e9sent\u00e9 il serait s\u00fbrement alors moi je vais phque surprise de Non mais c\u2019est c\u2019est ce que je pense. Qu\u2019est-ce qui se passe franchement je dans quel moment tu \u00e9tais embarqu\u00e9 ? La jeunesse issue de l\u2019immigration ne devient pas fran\u00e7ais mais la jeunesse fran\u00e7aise devient pour ne permettre pour la crise trafic du droit de il me semble qu\u2019on l\u2019a tellement attendu celle-l\u00e0 comme si les se faire rabattre je n\u2019ach\u00e8te plus ce genre de tap qui est lanc\u00e9 \u00e0 la gueule des pour les compl\u00e8t pas c\u2019est un village de protection de base c\u2019est un petit village aman j\u2019ai m\u00eame quitt\u00e9 Paris pour venir avec ma famille depuis quelques ann\u00e9es on un vrai cauchemar c\u2019est la premi\u00e8re fois qu\u2019un gars d\u2019habitude il font juste cramer les voitures moins simple mat\u00e9riel c\u00e9tait le trafic de drogue et hop avant c\u2019\u00e9tait on nous prend vraiment pour les cours et John White je crois qu\u2019il a pas conscience de l\u2019ampleur du trafic de moi j\u2019ai 48 ans dans les ann\u00e9es 90 jeune il \u00e0 l\u2019\u00e9poque c\u00e9tait d\u00e9j\u00e0 \u00e0 l\u2019\u00e9poque les all les orthes du nord et les orthes du sud. Tu arriv\u00e9 dans dans qui tu all dans n\u2019importe quelle ville, tu all\u00e9 \u00e0 la gare, tu savais qui allait voir pour trouver euh l\u2019adobre et l\u2019empereur a fait que des gonfl\u00e9s que gonfl\u00e9 que de gonfler mec du trafiquant de p\u00e8re en fils et depuis plusieurs g\u00e9n\u00e9rations c\u2019est comme \u00e7a. Maintenant, ils sont tous trafiquants tous. Tu les vois tous. P\u00e8re de p\u00e8re en fils, le petitfils, le cousin, la cousine et blabla. Ils font tous partie des trafic. C\u2019est c\u2019est leur truc \u00e0 eux. Et peu importe la nationalit\u00e9 he d\u00e9sor so les tr du haut du nord c\u2019est pareil hein. Oui c\u2019est un islamiste. Je suis d\u00e9sol\u00e9. C\u2019est un pardon je pas euh c\u2019est un je suis encore en train de penser \u00e0 l\u2019histoire de monsieur que j\u2019excus\u00e9. Coup de feu apr\u00e8s un accrochage entre entre automobilistes. Oui, \u00e7a aussi en voiture, tu t\u2019accroches \u00e0 quelqu\u2019un, il y a des coup de fur et les gens l\u00e0 qui sont \u00e0 c\u00f4t\u00e9, non, ils sont fout c\u2019est c\u2019est c\u2019est c\u2019est c\u2019est barbar moment donn\u00e9 c\u2019est il faut appeler un chat un chat. \u00c0 l\u2019\u00e9poque les Romains, les Romains il les barbares. Nous maintenant les barbares, on les accueille bras grandouvert. L\u2019Ourban un jeune homme entre la vie et la mort apr\u00e8s avoir re\u00e7u une vingtaine de coup de couteau dans un quartier gangrrain\u00e9 par le trafic. Coup de couteau, arme, coup de cou c\u2019est pas surprenant. Caroline Fugozi, journaliste LCU sur les propos identitaires du cardinal Sava. Quand on est un cardinal africain, on peut dire ce qu\u2019on veut. On se n\u2019ose rien dire. On n\u2019autoriserait pas \u00e7a d\u2019un cardinal italien, m\u00eame d\u2019un fran\u00e7ais simplement. Un blanc. identitaire c\u2019est c\u2019est ma vie. Non, c\u2019est pas \u00eatre ma vie. identitaire, c\u2019est aimer son pays, c\u2019est aimer sa culture, ses racines, c\u2019est d\u00e9fendre tout \u00e7a. Voil\u00e0, c\u2019est comme \u00e7a que moi je vois le truc. En quoi c\u2019est mal d\u2019\u00eatre identitaire ? Les gauchistes, il disent ils sont bien identitaires mais pas pour eux pour les \u00e9trangers, ils le sont. Nous c\u2019est pour notre pays. On d\u00e9fend notre pays, on donne notre pays et sa valeur et ses et notre culture, notre histoire. Moi j\u2019ai un nom de famille il y a 1000 ans en arri\u00e8re quand il a eu le premier recensement il existait d\u00e9j\u00e0 c\u2019\u00e9tait un homme qui \u00e9tait en relation avec une famille de confiance du seigneur des p\u00e8res ou du roi je sais plus c\u2019est quoi. Faudrait que je regarde \u00e0 nouveau. Voil\u00e0 j\u2019en suis fier qu\u2019 a d\u00e9j\u00e0 il y avait mon grand famille il \u00e9tait connu d\u00e9j\u00e0. Alors quand on dit que maintenant tous les fran\u00e7ais que c\u2019\u00e9tait plus des vrais fran\u00e7ais dessous, je sais pas si j\u2019en suis l\u00e0 preuve. Un avgant s\u2019accuse d\u2019un meurtre au couteau dans un parc hier soir. Bah c\u2019est bien s\u2019il assume. Une voiture de police a \u00e9t\u00e9 cibl\u00e9e par des tirs d\u2019amortier d\u2019artifice. J\u2019ai cru voir une l\u00e0-bas l\u00e0 juste avant. Euh bon, je vais m\u2019arr\u00eater l\u00e0. Euh je vais laisser passer l\u2019apr\u00e8s-midi et puis je refais une derni\u00e8re vid\u00e9o ce soir. On va attendre l\u2019actualit\u00e9. Euh voil\u00e0, regardez que des gars l\u00e0-bas. Regarde \u00e7a. Et \u00e7a tir\u00e9 des policiers. Je tire au pigeon. Regarde \u00e7a. C\u2019est honteux. C\u2019est scandaleux. Ils font quoi les parents de ces gens ? Ils sont o\u00f9 les parents l\u00e0 ? Pourquoi pourquoi on les voit jamais les parents descendent dans la rue tous ensemble ? Allez maintenant vous arr\u00eatez vos conneries, vous rentrez \u00e0 la maison. Il a pas \u00e7a. C\u2019est c\u2019est chez ces gens-l\u00e0 \u00e7a n\u2019existe pas. \u00c7a on le voit dans nos familles \u00e0 nous. fran\u00e7ais les vrais et puis s\u2019il y a des gauchistes qui sont pas contos je l\u2019emmerde les gauchistes m\u2019en bat les couilles moi \u00e7a fait plus d\u2019un an que j\u2019ai un drapeau fran\u00e7ais sur le b\u00e2ton je vous ai dit de venir me l\u2019enlever hein personne n jama et puis quand m\u00eame me l\u2019enlever bien re\u00e7u lol en quoi \u00eatre un drapeau fran\u00e7ais c\u2019est \u00eatre pas chaud et puis quoi encore je pr\u00e9f\u00e8re mettre un drapeau fran\u00e7ais que d\u2019un drapeau d\u2019une terre terroriste Bon, allez, \u00e0 tout \u00e0 l\u2019heure. .\n<\/p>\n<p>\n<img decoding=\"async\" src=\"https:\/\/www.cc3rivieres76.com\/blog\/wp-content\/uploads\/2025\/12\/pantinpantin93-emeutes-degradations-incendies.jpg\" alt=\"Image youtube\">\n<\/p>\n<p>\n<u>D\u00e9roulement de la vid\u00e9o:<\/u>\n<\/p>\n<p>\n2.52 Ah voil\u00e0 sur quoi je viens de tomber et<br \/>6.16 dans 93 d\u00e9gradation incendie long tir de<br \/>10.0 mort sep individus<br \/>13.679 interpell\u00e9s voil\u00e0<br \/>20.16 donc Saint-Denis c\u2019est la Californie sur<br \/>22.8 la<br \/>23.8 mer<br \/>28.119 ouais je suis truc curieux de savoir \u00e0<br \/>30.48 quoi ils vont \u00eatre condamn\u00e9s.<br \/>32.8 La bien continue avec de<br \/>35.68 l\u2019immigration quasiment tous les jours<br \/>37.559 en fran\u00e7ais cocktail molotop c\u2019est \u00e7a la<br \/>41.239 base en principait bah je l\u2019accord avec<br \/>44.68 toi donc individu interpeler ok<br \/>47.36 interroger ok et rel\u00e2cher le jour m\u00eame<br \/>49.8 en leur disant que c\u2019est pas bien de<br \/>51.079 faire comme<br \/>53.68 \u00e7a encore et<br \/>55.68 encore rien comment je le<br \/>61.48 C\u2019\u00e9tait incroyable les ann\u00e9es 90. Oh<br \/>64.84 oui, en 90. Moi j\u2019avais 14 ans.<br \/>69.2 Ouais<br \/>71.52 franchement j\u2019ai rien \u00e0 voir avec<br \/>75.439 aujourd\u2019hui. Sortait<br \/>78.84 il on pouvait tra\u00eener, il y avait pas de<br \/>81.64 probl\u00e8me bagad tout \u00e7a \u00e7a arrive.<br \/>84.56 Rien comme aujourd\u2019hui, il y avait d\u00e9j\u00e0<br \/>85.92 des \u00e0 l\u2019\u00e9poque beaucoup moins pas tu<br \/>88.4 avais pas de de voile<br \/>90.6 l\u00e0 ce grand noir que les femmes<br \/>94.04 certaines religions sont oblig\u00e9s de<br \/>95.28 mettre maintenant il avait pas le chat<br \/>100.04 comme \u00e7a ma grand-m\u00e8re elle\u00eame<br \/>105.56 elle<br \/>108.96 pas tout a commenc\u00e9 en<br \/>113.96 Relcal sympa chercher ralk c\u2019est le<br \/>116.96 premier terroriste en France.<br \/>124.52 Allez la s\u00e9curit\u00e9 sa patine<br \/>129.759 \u00e0ant d\u00e9cembre pour le soir du r\u00e9solant<br \/>132.2 dedans et on a d\u00e9j\u00e0 en avril wesh wesh<br \/>134.48 qu\u2019est-ce qu\u2019ils aiment faire quand m\u00eame<br \/>137.12 en c\u2019est merveilleux avec ses petits par<br \/>139.8 c\u2019est la r\u00e9veillance du 31 d\u00e9cembre tous<br \/>141.599 les jours dans les<br \/>143.4 bers\u00e9s raison je sais<br \/>145.959 pas quoi encore la cave et le se moin<br \/>148.84 non attendez un pe merde recevoir niveau<br \/>153.36 B les immigr\u00e9s encore et<br \/>156.959 encore surtout des des muss des migr\u00e9s<br \/>159.72 muslim il faut bien pr\u00e9ciser parce que<br \/>161.84 c\u2019est des pays muslims qui<br \/>163.72 viennent c\u2019est vraiment une invasion<br \/>167.36 euh religieuse quand on aussi en plus<br \/>171.0 d\u2019une d\u2019une invasion de<br \/>174.28 remplacement c\u2019est aussi religieux je<br \/>177.0 pense mais bon on a plus le droit de<br \/>179.56 grandir en fait Euh, on a plus le droit<br \/>182.0 de rien dire que d\u00e9j\u00e0 ce qu\u2019en passe. On<br \/>183.48 a plus le droit d\u2019 Il faut qu\u2019on trouve<br \/>184.879 des nouvelles expressions pour pouvoir<br \/>186.64 en parier entre nous parce que aussi on<br \/>188.0 peut pas<br \/>189.28 entir. Moi, je sais que j\u2019ai \u00e9t\u00e9 entendu<br \/>191.44 par<br \/>192.76 les parce que je dis qu\u2019on est plus chez<br \/>194.799 nous. Et qu\u2019est-ce que \u00e7a veut dire ?<br \/>196.2 Bah oui, je dit bah on est plus chez<br \/>197.72 nous. Regardez ce qui se passe dans tout<br \/>199.56 le pays. On est plus chez nous. \u00c7a nous<br \/>201.4 imposer une religion en tout maintenant.<br \/>207.28 dit nous nous on s\u2019int\u00e9resse pas \u00e0 \u00e7a.<br \/>209.319 Ah ouais si vous int\u00e9ressez pas en m\u00eame<br \/>210.519 temps on va r\u00e9gler le probl\u00e8me comment<br \/>213.2 pourquoi tu donnes m\u2019emmerd de moi hein<br \/>215.68 de base je je suis victime je me fais<br \/>217.72 agresser par deux alg\u00e9riens p\u00e8re et<br \/>220.239 fils je d\u00e9pose le mec il assume pas ses<br \/>224.519 et il il raconte que j\u2019ai j\u2019ai eu des<br \/>226.48 propos racistes et il va avec d\u2019autres<br \/>229.0 t\u00e9moins qui sont des voisins et amis<br \/>231.84 avec lui ami<br \/>233.519 de un moment donn\u00e9 je leur ai dit au<br \/>235.76 gendarme \u00e7a c\u2019est pas facile vous voyez<br \/>237.72 vous voyez pas que le mec que c\u2019est la<br \/>239.68 victimisation comme \u00e0 chaque fois il y a<br \/>241.84 toujours le m\u00eame truc qui fait partout<br \/>243.319 pareil qu\u2019on voit \u00e7a toujours accus\u00e9 de<br \/>246.0 racisme. Je suis chez moi. On m\u2019a<br \/>248.72 entendu chez moi avoir avoir eu des<br \/>250.599 propos c\u2019est pas un lieu public chez<br \/>252.48 moi. Pourtant ce que me reprocha dans un<br \/>254.519 lieu public dans quoi c\u2019est public<br \/>257.04 d\u2019\u00eatre dans mon domicile de suppriver un<br \/>259.639 domicile que je<br \/>262.32 sache. Donc voil\u00e0 donc je suis pass\u00e9 au<br \/>264.96 tribunal mais apparemment je dois<br \/>266.199 repasser encore. J\u2019attends l\u00e0 il est<br \/>268.24 pass\u00e9 hier j\u2019\u00e9tais pas l\u00e0 donc j\u2019attends<br \/>269.759 tu me<br \/>271.12 rappelles plus franchement j\u2019aurais pas<br \/>274.16 mes animaux je me serais dire bar l\u00e0 je<br \/>275.96 l\u2019anger<br \/>277.44 l\u00e0<br \/>279.199 [&nbsp;__&nbsp;] \u00e7a fait 10 ans que je je suis<br \/>281.4 cal\u00e9 10 ans que je pas partir en que je<br \/>283.84 me suis rang\u00e9 que je fais plus je fais<br \/>285.52 plus rien j\u2019essaie de vivre avoir ma<br \/>287.32 petite vie avec mes enfants et tout non<br \/>289.84 non<br \/>294.44 vi encore avec des sauvages<br \/>296.759 Oui oui c\u2019est ce qu\u2019il me pas en va me<br \/>298.88 mettre avec des sauvages je vais tout<br \/>302.919 perdre j\u2019esp\u00e8re que je pourrais tu as vu<br \/>305.919 euh transformer \u00e7a tu as vu la bracelet<br \/>308.68 ou je sais pas quoi. Tu as vu ou c\u2019est<br \/>310.36 une libert\u00e9 ? Bah je sais pas m\u00eame pas<br \/>311.72 parce que moi j\u2019ai mes animaux j\u2019ai mes<br \/>315.639 enfants.<br \/>317.759 Enfin vous les gens hein parce queil y<br \/>320.56 en a qui \u00e9coutent et apr\u00e8s \u00e7a des<br \/>322.8 post et parce que moi en fait je aux<br \/>325.28 actualit\u00e9s.<br \/>326.36 Et il y en a il disent il a des sal<br \/>328.16 races machin et tout. Oui. Quand tu es<br \/>330.72 un terroriste, c\u2019est une sale race. Oui.<br \/>334.28 Quand l\u2019autre l\u00e0 le [&nbsp;__&nbsp;] qui tu la gag<br \/>337.479 l\u00e0 le euh qui 10 fois a \u00e9t\u00e9 10<br \/>341.759 fois en France\u00e9 par l\u2019Alg\u00e9rie et que il<br \/>345.44 tue le le gosse et la gosse ? Ouais<br \/>348.12 c\u2019est une sale race. Oui oui et alors il<br \/>350.759 est o\u00f9 le probl\u00e8me ?<br \/>355.28 les islamistes maintenant la justice<br \/>356.96 pour \u00e7a aussi on fait pas sur parce que<br \/>359.6 je critique les<br \/>362.0 islamistes bien s\u00fbr il critique il tu il<br \/>364.8 tuent nos enfants, il tuent nos femmes,<br \/>366.919 il coupent des t\u00eates \u00e0 nos professeurs<br \/>368.16 et tout et on doit rien<br \/>370.199 dire j\u2019hallucine quoi. Faris une porte<br \/>374.039 de pentin un homme retrouv\u00e9 mort deux<br \/>375.68 somens et cou\u00e9s dont un pour assassinat<br \/>378.0 le mobile serait un potentieux de 1,50 \u20ac<br \/>380.919 avec la victime elle aussi sa manienne<br \/>383.24 apr\u00e8s il se tu entre<br \/>384.68 eux \u00e7a va encore entre<br \/>389.639 eux meurtri<br \/>392.759 2017 avaant et d\u2019un<br \/>397.24 pistolet donc en 2017 condamn\u00e9 \u00e0 18 ans<br \/>401.52 de r\u00e9cusion<br \/>404.0 Qu\u2019est-ce qu\u2019il est Qu\u2019est-ce qu\u2019il fait<br \/>405.0 dehors l\u00e0 ? Il est 8h. On est 8 ans<br \/>411.919 apr\u00e8s. J\u2019ai jamais vu \u00e7a ma<br \/>417.0 vie. 18 ans. Moi je<br \/>421.0 2017 \u00e7a veut dire \u00e7a veut dire au moins<br \/>423.199 allez \u00e0 3 ans que j\u2019ai en prison.<br \/>426.72 2014 donc 2014 24 \u00e7a fait 11 ans. Ah oui<br \/>431.72 oui oui oui oui. \u00c7a va il venait de<br \/>434.72 sortir<br \/>440.199 alors sur de couteau pied dans le visage<br \/>443.36 un jeune de 17 ans poursuivi en connerie<br \/>446.08 attaqu\u00e9 devant un lyc\u00e9e par une bande<br \/>448.599 promemblablement de d\u00e9valer entre<br \/>450.599 quartiers.<br \/>452.52 Oui, bien<br \/>457.199 s\u00fbr. Voir que le mec c\u2019est un blanc hein<br \/>460.759 qui se fait poursuivre par des<br \/>465.8 orqu Walgard \u00e0 propo des manifestations<br \/>468.599 islamistes \u00e0 Rard. Monsieur le<br \/>470.68 pr\u00e9sident, nous sommes devenus des<br \/>471.84 \u00e9trangers dans notre propre pays. Et<br \/>474.08 oui, c\u2019est la v\u00e9rit\u00e9. Et nous aussi. Et<br \/>477.039 le pire c\u2019est en Angleterre. Faut savoir<br \/>480.36 un truc, c\u2019est qu\u2019en<br \/>481.96 Angleterre, il a ils ont mis un<br \/>483.8 islamiste \u00e0 la t\u00eate de l\u2019\u00e9quivalent pour<br \/>486.4 nous he de euh du minist\u00e8re de<br \/>490.12 l\u2019\u00e9ducation, un<br \/>492.28 islamiste. Vous savez comment les<br \/>494.12 islamistes ? Vous savez, c\u2019est ceux qui<br \/>496.36 appliquent le texte vraiment pour ce qui<br \/>498.28 est \u00e9crit, il l\u2019appliquent. Donc tuas un<br \/>500.44 sourat qui dit que il faut se raser la<br \/>502.039 barbe il faut se laisser pousser la<br \/>503.96 barbe et se raser la<br \/>505.759 moustache les cheveux court tout \u00e7a et<br \/>508.199 l\u00e0 qui ressemble \u00e0 rien du tout. Voil\u00e0,<br \/>510.0 c\u2019est tout d donc ils le<br \/>514.399 font<br \/>516.959 \u00e7a. D\u00e9j\u00e0 que dans les ann\u00e9es 60, ces<br \/>519.159 endroits-l\u00e0 c\u2019\u00e9tait vert, c\u2019\u00e9tait<br \/>521.12 accueillant, c\u2019\u00e9tait c\u2019\u00e9tait<br \/>523.36 beau. Moi j\u2019ai ma grand-m\u00e8re, elle m\u2019a<br \/>525.48 elle m\u2019a montr\u00e9 des photos de<br \/>527.839 l\u2019\u00e9poque rien voir maintenant.<br \/>534.0 contre entre band de la police<br \/>535.08 municipale saign\u00e9 par sa archive ne pas<br \/>537.64 intervenir. Bah oui,<br \/>539.76 \u00e9videmment. Bon, apr\u00e8s si tu entre les<br \/>542.64 mecs, on peut comprendre si c\u2019est entr\u00e9<br \/>545.76 \u00e7a va quatre surveillants introduis\u00e9s de<br \/>548.68 t\u00e9l\u00e9phone et du cannabis au centre pays<br \/>551.839 interdit son d\u00e9finitive de travailler<br \/>553.16 dans la commission publique pour trois<br \/>555.24 entre et il y a pas de<br \/>558.68 prison. Ils vont pas en prison les<br \/>562.36 mecs. C\u2019est \u00e7a qui la peine qui demand\u00e9.<br \/>568.44 \u00c7a<br \/>570.32 aussi et puis des mecs comme moi on va<br \/>572.279 les condamner \u00e0<br \/>574.24 faire parce que j\u2019ai une libert\u00e9<br \/>576.04 d\u2019expression et qu\u2019on veut m\u2019emp\u00eacher de<br \/>578.2 de l\u2019avoir pour \u00e7a qu\u2019il fait la cha\u00eene<br \/>581.399 bon elle fonctionne pas la cha\u00eene \u00e7a<br \/>582.8 fait de<br \/>584.24 jours voil\u00e0 un de 17 ans au volant d\u2019une<br \/>587.24 d\u2019un v\u00e9hicule vol\u00e9 refuse de temp\u00e9rer pu<br \/>589.2 carter violemment la voiture d\u2019une<br \/>590.64 famille \u00e0 Saint-Claude le p\u00e8re est<br \/>592.519 vement bless\u00e9 trois<br \/>594.959 arrestations Un petit mod<br \/>599.2 encore le chauffeur<br \/>609.079 embarqu\u00e9. [&nbsp;__&nbsp;] j\u2019esp\u00e8re que tu as pas<br \/>611.0 d\u2019enfant avec<br \/>612.32 toi. J\u2019esp\u00e8re qu\u2019il y a pas d\u2019enfant.<br \/>626.12 voir \u00e7a \u00e7a me r\u00e9volte \u00e7a me<br \/>630.12 r\u00e9volte j\u2019ai la haine quand je vois \u00e7a<br \/>632.279 j\u2019ai la haine de voir<br \/>636.92 \u00e7a J\u00e9r\u00e9mie en pu tuer pr\u00e8s du vieux<br \/>639.68 ch\u00e2teau. plus trafic de drogue<br \/>643.04 et en m\u00eame temps euh quand on voit<br \/>647.16 un quand on voit ce chat l\u00e0<br \/>651.32 he le mec il reconna\u00eere son de\u00e8 pr\u00e9nom<br \/>654.92 on voit que le mec il est il est on voit<br \/>665.32 direct je demand\u00e9 si la \u00e9tait l\u2019ach<br \/>668.56 \u00e9tait ras\u00e9 mais<br \/>671.519 non je vais voir ce que<br \/>676.72 l\u00e0 je me directement j\u2019ai vu en gueule<br \/>679.76 si j\u2019\u00e9tais j\u00e9tait pas un pr\u00e9sent gr\u00e2ce \u00e0<br \/>682.8 son enfant<br \/>685.44 un<br \/>687.16 pr\u00e9sent\u00e9 il serait<br \/>689.24 s\u00fbrement alors moi je vais<br \/>708.12 phque<br \/>709.76 surprise de<br \/>728.92 Non mais c\u2019est c\u2019est ce que je<br \/>730.8 pense. Qu\u2019est-ce qui se<br \/>734.04 passe franchement<br \/>741.399 je dans quel moment tu \u00e9tais embarqu\u00e9 ?<br \/>744.399 La jeunesse issue de l\u2019immigration ne<br \/>745.8 devient pas fran\u00e7ais mais la jeunesse<br \/>747.04 fran\u00e7aise devient pour ne permettre pour<br \/>750.36 la crise trafic du droit de il me semble<br \/>752.72 qu\u2019on l\u2019a tellement attendu celle-l\u00e0<br \/>754.279 comme si les se faire rabattre je<br \/>756.399 n\u2019ach\u00e8te plus ce genre de tap qui est<br \/>758.279 lanc\u00e9 \u00e0 la gueule des pour les<br \/>760.72 compl\u00e8t pas c\u2019est un village de<br \/>763.56 protection de base c\u2019est un petit<br \/>765.0 village aman j\u2019ai m\u00eame quitt\u00e9 Paris pour<br \/>767.68 venir avec ma famille depuis quelques<br \/>769.44 ann\u00e9es on un vrai cauchemar c\u2019est la<br \/>771.16 premi\u00e8re fois qu\u2019un gars d\u2019habitude il<br \/>772.8 font juste cramer les<br \/>775.199 voitures moins simple mat\u00e9riel c\u00e9tait le<br \/>777.279 trafic de drogue et hop avant c\u2019\u00e9tait on<br \/>780.32 nous prend vraiment pour les cours et<br \/>782.8 John White je crois qu\u2019il a pas<br \/>784.68 conscience de l\u2019ampleur du trafic de moi<br \/>787.839 j\u2019ai 48 ans dans les ann\u00e9es 90 jeune<br \/>793.88 il \u00e0<br \/>799.959 l\u2019\u00e9poque c\u00e9tait d\u00e9j\u00e0 \u00e0 l\u2019\u00e9poque les all<br \/>805.839 les orthes du nord et les orthes du<br \/>808.04 sud. Tu arriv\u00e9 dans dans qui tu all dans<br \/>810.279 n\u2019importe quelle ville, tu all\u00e9 \u00e0 la<br \/>811.56 gare, tu savais qui allait voir pour<br \/>814.16 trouver<br \/>815.079 euh l\u2019adobre et l\u2019empereur a fait que<br \/>818.0 des gonfl\u00e9s que gonfl\u00e9 que de gonfler<br \/>820.32 mec du trafiquant de p\u00e8re en fils et<br \/>823.079 depuis plusieurs g\u00e9n\u00e9rations c\u2019est comme<br \/>824.44 \u00e7a. Maintenant, ils sont tous<br \/>826.04 trafiquants tous. Tu les vois tous. P\u00e8re<br \/>828.88 de p\u00e8re en fils, le petitfils, le<br \/>831.04 cousin, la cousine et blabla.<br \/>833.759 Ils font tous partie des trafic. C\u2019est<br \/>836.24 c\u2019est leur truc \u00e0 eux. Et peu importe la<br \/>839.04 nationalit\u00e9 he d\u00e9sor so les tr du haut<br \/>841.56 du nord c\u2019est pareil<br \/>846.639 hein. Oui c\u2019est un islamiste. Je suis<br \/>848.959 d\u00e9sol\u00e9. C\u2019est un pardon je pas euh c\u2019est<br \/>853.44 un je suis encore en train de penser \u00e0<br \/>855.8 l\u2019histoire<br \/>857.16 de monsieur que j\u2019excus\u00e9.<br \/>861.04 Coup de feu apr\u00e8s un accrochage entre<br \/>862.68 entre automobilistes. Oui, \u00e7a aussi en<br \/>865.92 voiture, tu t\u2019accroches \u00e0 quelqu\u2019un, il<br \/>867.6 y a des coup de fur et les gens l\u00e0 qui<br \/>870.36 sont \u00e0 c\u00f4t\u00e9, non, ils sont fout c\u2019est<br \/>872.36 c\u2019est c\u2019est c\u2019est c\u2019est barbar moment<br \/>875.32 donn\u00e9 c\u2019est il faut appeler un chat un<br \/>876.92 chat.<br \/>879.04 \u00c0 l\u2019\u00e9poque les Romains, les Romains il<br \/>882.68 les<br \/>883.839 barbares. Nous maintenant les barbares,<br \/>885.8 on les accueille bras<br \/>888.04 grandouvert. L\u2019Ourban un jeune homme<br \/>890.12 entre la vie et la mort apr\u00e8s avoir re\u00e7u<br \/>891.68 une vingtaine de coup de couteau dans un<br \/>893.199 quartier gangrrain\u00e9 par le trafic. Coup<br \/>895.32 de couteau, arme, coup de<br \/>901.44 cou c\u2019est pas surprenant.<br \/>905.959 Caroline Fugozi, journaliste LCU sur les<br \/>908.92 propos identitaires du cardinal Sava.<br \/>911.399 Quand on est un cardinal africain, on<br \/>913.12 peut dire ce qu\u2019on veut. On se n\u2019ose<br \/>915.16 rien dire. On n\u2019autoriserait pas \u00e7a d\u2019un<br \/>916.959 cardinal<br \/>918.44 italien, m\u00eame d\u2019un fran\u00e7ais simplement.<br \/>921.48 Un<br \/>923.839 blanc. identitaire c\u2019est c\u2019est ma vie.<br \/>926.839 Non, c\u2019est pas \u00eatre ma vie. identitaire,<br \/>929.199 c\u2019est aimer son pays, c\u2019est aimer sa<br \/>930.8 culture, ses racines, c\u2019est d\u00e9fendre<br \/>933.44 tout \u00e7a. Voil\u00e0, c\u2019est comme \u00e7a que moi<br \/>935.079 je vois le truc. En quoi c\u2019est mal<br \/>936.92 d\u2019\u00eatre identitaire ? Les gauchistes, il<br \/>939.04 disent ils sont bien identitaires mais<br \/>940.759 pas pour eux pour les \u00e9trangers, ils le<br \/>944.399 sont. Nous c\u2019est pour notre pays. On<br \/>947.56 d\u00e9fend notre pays, on donne notre pays<br \/>949.0 et sa valeur et ses et notre culture,<br \/>951.12 notre histoire.<br \/>952.8 Moi j\u2019ai un nom de famille il y a 1000<br \/>954.72 ans en arri\u00e8re quand il a eu le premier<br \/>956.399 recensement il existait d\u00e9j\u00e0 c\u2019\u00e9tait un<br \/>958.6 homme qui \u00e9tait en relation avec une<br \/>960.56 famille de confiance du seigneur des<br \/>962.16 p\u00e8res ou du roi je sais plus c\u2019est quoi.<br \/>964.44 Faudrait que je regarde \u00e0<br \/>966.079 nouveau.<br \/>969.319 Voil\u00e0 j\u2019en suis<br \/>972.519 fier qu\u2019 a d\u00e9j\u00e0 il y avait mon grand<br \/>975.44 famille il \u00e9tait connu d\u00e9j\u00e0.<br \/>978.759 Alors quand on dit que maintenant tous<br \/>980.24 les fran\u00e7ais que c\u2019\u00e9tait plus des vrais<br \/>982.399 fran\u00e7ais dessous, je sais pas si j\u2019en<br \/>983.72 suis l\u00e0<br \/>987.36 preuve. Un avgant s\u2019accuse d\u2019un meurtre<br \/>989.959 au couteau dans un parc hier soir. Bah<br \/>992.8 c\u2019est bien s\u2019il<br \/>996.16 assume. Une voiture de police a \u00e9t\u00e9<br \/>998.36 cibl\u00e9e par des tirs d\u2019amortier<br \/>1001.12 d\u2019artifice. J\u2019ai cru voir une l\u00e0-bas l\u00e0<br \/>1003.279 juste avant.<br \/>1006.16 Euh bon, je vais m\u2019arr\u00eater l\u00e0. Euh je<br \/>1010.12 vais laisser passer l\u2019apr\u00e8s-midi et puis<br \/>1011.639 je refais une derni\u00e8re vid\u00e9o ce<br \/>1013.44 soir. On va attendre l\u2019actualit\u00e9. Euh<br \/>1017.0 voil\u00e0, regardez que des gars l\u00e0-bas.<br \/>1020.12 Regarde \u00e7a. Et \u00e7a tir\u00e9 des<br \/>1023.12 policiers. Je tire au pigeon. Regarde<br \/>1027.36 \u00e7a. C\u2019est<br \/>1029.919 honteux. C\u2019est scandaleux. Ils font quoi<br \/>1033.0 les parents de ces gens ? Ils sont o\u00f9<br \/>1035.439 les parents l\u00e0<br \/>1037.72 ? Pourquoi pourquoi on les voit jamais<br \/>1040.12 les parents descendent dans la rue tous<br \/>1042.36 ensemble ? Allez maintenant vous arr\u00eatez<br \/>1043.559 vos conneries, vous rentrez \u00e0 la maison.<br \/>1045.72 Il a pas \u00e7a. C\u2019est c\u2019est chez ces<br \/>1047.76 gens-l\u00e0 \u00e7a n\u2019existe pas. \u00c7a on le voit<br \/>1049.799 dans nos familles \u00e0 nous.<br \/>1052.4 fran\u00e7ais les<br \/>1055.0 vrais et puis s\u2019il y a des gauchistes<br \/>1057.16 qui sont pas contos je l\u2019emmerde les<br \/>1058.96 gauchistes m\u2019en bat les couilles moi \u00e7a<br \/>1061.28 fait plus d\u2019un an que j\u2019ai un drapeau<br \/>1062.44 fran\u00e7ais sur le b\u00e2ton je vous ai dit de<br \/>1063.84 venir me l\u2019enlever hein personne n jama<br \/>1066.96 et puis quand m\u00eame me l\u2019enlever bien<br \/>1069.44 re\u00e7u lol en quoi \u00eatre un drapeau<br \/>1073.039 fran\u00e7ais c\u2019est \u00eatre pas chaud et puis<br \/>1074.84 quoi encore je pr\u00e9f\u00e8re mettre un drapeau<br \/>1076.76 fran\u00e7ais que d\u2019un<br \/>1078.6 drapeau d\u2019une terre terroriste<br \/>1086.12 Bon, allez, \u00e0 tout \u00e0 l\u2019heure.<br \/>.<\/p>\n<p> Cet article, qui traite du th\u00e8me \u00ab\u00a0Les 3 rivi\u00e8res dans la Somme\u00a0\u00bb, vous est sp\u00e9cialement sugg\u00e9r\u00e9 par cc3rivieres76.com. La chronique est reproduite du mieux possible. Dans le cas o\u00f9 vous souhaitez apporter quelques pr\u00e9cisions concernant le domaine de \u00ab\u00a0Les 3 rivi\u00e8res dans la Somme\u00a0\u00bb vous pouvez solliciter notre r\u00e9daction. La destination de cc3rivieres76.com est de d\u00e9battre de Les 3 rivi\u00e8res dans la Somme dans la transparence en vous apportant la connaissance de tout ce qui est en lien avec ce sujet sur la toile Connectez-vous sur notre site cc3rivieres76.com et nos r\u00e9seaux sociaux dans le but d\u2019\u00eatre inform\u00e9 des futures publications.<\/p>\n","protected":false},"excerpt":{"rendered":"<p>Les News De David se penche sur la question de \u00ab&nbsp;Pantin&nbsp;\u00bb. Une publication youtube propos\u00e9e par Les News De David .se concentrant sur \u00ab&nbsp;Pantin&nbsp;\u00bb:[embedded content] Le titre de cette vid\u00e9o est Pantin(93): Emeutes, D\u00e9gradations , Incendies, sa dur\u00e9e est de 00:18:08 secondes, et elle a \u00e9t\u00e9 fournie par l\u2019auteur. La description suit ci-dessous :\u00ab Je &hellip; <\/p>\n<p class=\"link-more\"><a href=\"https:\/\/www.cc3rivieres76.com\/blog\/pantinpantin93-emeutes-degradations-incendies\/\" class=\"more-link\">Continuer la lecture <span class=\"screen-reader-text\"> \u00ab\u00a0Pantin,Pantin(93): Emeutes, D\u00e9gradations , Incendies\u00a0\u00bb<\/span><\/a><\/p>\n","protected":false},"author":3,"featured_media":1072,"comment_status":"closed","ping_status":"closed","sticky":false,"template":"","format":"standard","meta":{"footnotes":""},"categories":[2],"tags":[],"class_list":["post-1071","post","type-post","status-publish","format-standard","has-post-thumbnail","hentry","category-les-3-rivieres-dans-la-somme","entry"],"yoast_head":"<!-- This site is optimized with the Yoast SEO plugin v27.5 - https:\/\/yoast.com\/product\/yoast-seo-wordpress\/ -->\n<title>Pantin,Pantin(93): Emeutes, D\u00e9gradations , Incendies - CC3RIVIERES76<\/title>\n<meta name=\"robots\" content=\"index, follow, max-snippet:-1, max-image-preview:large, max-video-preview:-1\" \/>\n<link rel=\"canonical\" href=\"https:\/\/www.cc3rivieres76.com\/blog\/pantinpantin93-emeutes-degradations-incendies\/\" \/>\n<meta property=\"og:locale\" content=\"fr_FR\" \/>\n<meta property=\"og:type\" content=\"article\" \/>\n<meta property=\"og:title\" content=\"Pantin,Pantin(93): Emeutes, D\u00e9gradations , Incendies - CC3RIVIERES76\" \/>\n<meta property=\"og:description\" content=\"Les News De David se penche sur la question de \u00ab&nbsp;Pantin&nbsp;\u00bb. Une publication youtube propos\u00e9e par Les News De David .se concentrant sur \u00ab&nbsp;Pantin&nbsp;\u00bb:[embedded content] Le titre de cette vid\u00e9o est Pantin(93): Emeutes, D\u00e9gradations , Incendies, sa dur\u00e9e est de 00:18:08 secondes, et elle a \u00e9t\u00e9 fournie par l\u2019auteur. La description suit ci-dessous :\u00ab Je &hellip; Continuer la lecture \u00ab\u00a0Pantin,Pantin(93): Emeutes, D\u00e9gradations , Incendies\u00a0\u00bb\" \/>\n<meta property=\"og:url\" content=\"https:\/\/www.cc3rivieres76.com\/blog\/pantinpantin93-emeutes-degradations-incendies\/\" \/>\n<meta property=\"og:site_name\" content=\"CC3RIVIERES76\" \/>\n<meta property=\"article:published_time\" content=\"2025-12-08T23:01:36+00:00\" \/>\n<meta property=\"og:image\" content=\"https:\/\/www.cc3rivieres76.com\/blog\/wp-content\/uploads\/2025\/12\/pantinpantin93-emeutes-degradations-incendies.jpg\" \/>\n<meta name=\"author\" content=\"Sylvie DE LAUZAINGHEIN\" \/>\n<meta name=\"twitter:card\" content=\"summary_large_image\" \/>\n<meta name=\"twitter:label1\" content=\"\u00c9crit par\" \/>\n\t<meta name=\"twitter:data1\" content=\"Sylvie DE LAUZAINGHEIN\" \/>\n\t<meta name=\"twitter:label2\" content=\"Dur\u00e9e de lecture estim\u00e9e\" \/>\n\t<meta name=\"twitter:data2\" content=\"35 minutes\" \/>\n<script type=\"application\/ld+json\" class=\"yoast-schema-graph\">{\"@context\":\"https:\\\/\\\/schema.org\",\"@graph\":[{\"@type\":\"Article\",\"@id\":\"https:\\\/\\\/www.cc3rivieres76.com\\\/blog\\\/pantinpantin93-emeutes-degradations-incendies\\\/#article\",\"isPartOf\":{\"@id\":\"https:\\\/\\\/www.cc3rivieres76.com\\\/blog\\\/pantinpantin93-emeutes-degradations-incendies\\\/\"},\"author\":{\"name\":\"Sylvie DE LAUZAINGHEIN\",\"@id\":\"https:\\\/\\\/www.cc3rivieres76.com\\\/blog\\\/#\\\/schema\\\/person\\\/474d457fb7747b5218f39792dfaa5a1c\"},\"headline\":\"Pantin,Pantin(93): Emeutes, D\u00e9gradations , Incendies\",\"datePublished\":\"2025-12-08T23:01:36+00:00\",\"mainEntityOfPage\":{\"@id\":\"https:\\\/\\\/www.cc3rivieres76.com\\\/blog\\\/pantinpantin93-emeutes-degradations-incendies\\\/\"},\"wordCount\":6907,\"publisher\":{\"@id\":\"https:\\\/\\\/www.cc3rivieres76.com\\\/blog\\\/#organization\"},\"image\":{\"@id\":\"https:\\\/\\\/www.cc3rivieres76.com\\\/blog\\\/pantinpantin93-emeutes-degradations-incendies\\\/#primaryimage\"},\"thumbnailUrl\":\"https:\\\/\\\/www.cc3rivieres76.com\\\/blog\\\/wp-content\\\/uploads\\\/2025\\\/12\\\/pantinpantin93-emeutes-degradations-incendies.jpg\",\"articleSection\":[\"Les 3 Rivi\u00e8res Dans La Somme:\"],\"inLanguage\":\"fr-FR\"},{\"@type\":\"WebPage\",\"@id\":\"https:\\\/\\\/www.cc3rivieres76.com\\\/blog\\\/pantinpantin93-emeutes-degradations-incendies\\\/\",\"url\":\"https:\\\/\\\/www.cc3rivieres76.com\\\/blog\\\/pantinpantin93-emeutes-degradations-incendies\\\/\",\"name\":\"Pantin,Pantin(93): Emeutes, D\u00e9gradations , Incendies - CC3RIVIERES76\",\"isPartOf\":{\"@id\":\"https:\\\/\\\/www.cc3rivieres76.com\\\/blog\\\/#website\"},\"primaryImageOfPage\":{\"@id\":\"https:\\\/\\\/www.cc3rivieres76.com\\\/blog\\\/pantinpantin93-emeutes-degradations-incendies\\\/#primaryimage\"},\"image\":{\"@id\":\"https:\\\/\\\/www.cc3rivieres76.com\\\/blog\\\/pantinpantin93-emeutes-degradations-incendies\\\/#primaryimage\"},\"thumbnailUrl\":\"https:\\\/\\\/www.cc3rivieres76.com\\\/blog\\\/wp-content\\\/uploads\\\/2025\\\/12\\\/pantinpantin93-emeutes-degradations-incendies.jpg\",\"datePublished\":\"2025-12-08T23:01:36+00:00\",\"breadcrumb\":{\"@id\":\"https:\\\/\\\/www.cc3rivieres76.com\\\/blog\\\/pantinpantin93-emeutes-degradations-incendies\\\/#breadcrumb\"},\"inLanguage\":\"fr-FR\",\"potentialAction\":[{\"@type\":\"ReadAction\",\"target\":[\"https:\\\/\\\/www.cc3rivieres76.com\\\/blog\\\/pantinpantin93-emeutes-degradations-incendies\\\/\"]}]},{\"@type\":\"ImageObject\",\"inLanguage\":\"fr-FR\",\"@id\":\"https:\\\/\\\/www.cc3rivieres76.com\\\/blog\\\/pantinpantin93-emeutes-degradations-incendies\\\/#primaryimage\",\"url\":\"https:\\\/\\\/www.cc3rivieres76.com\\\/blog\\\/wp-content\\\/uploads\\\/2025\\\/12\\\/pantinpantin93-emeutes-degradations-incendies.jpg\",\"contentUrl\":\"https:\\\/\\\/www.cc3rivieres76.com\\\/blog\\\/wp-content\\\/uploads\\\/2025\\\/12\\\/pantinpantin93-emeutes-degradations-incendies.jpg\",\"width\":480,\"height\":360,\"caption\":\"Pantin,Pantin(93): Emeutes, D\u00e9gradations , Incendies\"},{\"@type\":\"BreadcrumbList\",\"@id\":\"https:\\\/\\\/www.cc3rivieres76.com\\\/blog\\\/pantinpantin93-emeutes-degradations-incendies\\\/#breadcrumb\",\"itemListElement\":[{\"@type\":\"ListItem\",\"position\":1,\"name\":\"Accueil\",\"item\":\"https:\\\/\\\/www.cc3rivieres76.com\\\/blog\\\/\"},{\"@type\":\"ListItem\",\"position\":2,\"name\":\"Pantin,Pantin(93): Emeutes, D\u00e9gradations , Incendies\"}]},{\"@type\":\"WebSite\",\"@id\":\"https:\\\/\\\/www.cc3rivieres76.com\\\/blog\\\/#website\",\"url\":\"https:\\\/\\\/www.cc3rivieres76.com\\\/blog\\\/\",\"name\":\"CC3RIVIERES76\",\"description\":\"Les 3 rivi\u00e8res dans la Somme.\",\"publisher\":{\"@id\":\"https:\\\/\\\/www.cc3rivieres76.com\\\/blog\\\/#organization\"},\"potentialAction\":[{\"@type\":\"SearchAction\",\"target\":{\"@type\":\"EntryPoint\",\"urlTemplate\":\"https:\\\/\\\/www.cc3rivieres76.com\\\/blog\\\/?s={search_term_string}\"},\"query-input\":{\"@type\":\"PropertyValueSpecification\",\"valueRequired\":true,\"valueName\":\"search_term_string\"}}],\"inLanguage\":\"fr-FR\"},{\"@type\":\"Organization\",\"@id\":\"https:\\\/\\\/www.cc3rivieres76.com\\\/blog\\\/#organization\",\"name\":\"cc3rivieres76\",\"url\":\"https:\\\/\\\/www.cc3rivieres76.com\\\/blog\\\/\",\"logo\":{\"@type\":\"ImageObject\",\"inLanguage\":\"fr-FR\",\"@id\":\"https:\\\/\\\/www.cc3rivieres76.com\\\/blog\\\/#\\\/schema\\\/logo\\\/image\\\/\",\"url\":\"https:\\\/\\\/www.cc3rivieres76.com\\\/blog\\\/wp-content\\\/uploads\\\/2023\\\/06\\\/logo-2.png\",\"contentUrl\":\"https:\\\/\\\/www.cc3rivieres76.com\\\/blog\\\/wp-content\\\/uploads\\\/2023\\\/06\\\/logo-2.png\",\"width\":390,\"height\":388,\"caption\":\"cc3rivieres76\"},\"image\":{\"@id\":\"https:\\\/\\\/www.cc3rivieres76.com\\\/blog\\\/#\\\/schema\\\/logo\\\/image\\\/\"}},{\"@type\":\"Person\",\"@id\":\"https:\\\/\\\/www.cc3rivieres76.com\\\/blog\\\/#\\\/schema\\\/person\\\/474d457fb7747b5218f39792dfaa5a1c\",\"name\":\"Sylvie DE LAUZAINGHEIN\",\"image\":{\"@type\":\"ImageObject\",\"inLanguage\":\"fr-FR\",\"@id\":\"https:\\\/\\\/secure.gravatar.com\\\/avatar\\\/9c6a53b19e0a3431aa80de0895b9729fe665cd7e7d6cc94fc11abb152f4237d7?s=96&d=mm&r=g\",\"url\":\"https:\\\/\\\/secure.gravatar.com\\\/avatar\\\/9c6a53b19e0a3431aa80de0895b9729fe665cd7e7d6cc94fc11abb152f4237d7?s=96&d=mm&r=g\",\"contentUrl\":\"https:\\\/\\\/secure.gravatar.com\\\/avatar\\\/9c6a53b19e0a3431aa80de0895b9729fe665cd7e7d6cc94fc11abb152f4237d7?s=96&d=mm&r=g\",\"caption\":\"Sylvie DE LAUZAINGHEIN\"},\"url\":\"https:\\\/\\\/www.cc3rivieres76.com\\\/blog\\\/author\\\/s76sylvie\\\/\"}]}<\/script>\n<!-- \/ Yoast SEO plugin. -->","yoast_head_json":{"title":"Pantin,Pantin(93): Emeutes, D\u00e9gradations , Incendies - CC3RIVIERES76","robots":{"index":"index","follow":"follow","max-snippet":"max-snippet:-1","max-image-preview":"max-image-preview:large","max-video-preview":"max-video-preview:-1"},"canonical":"https:\/\/www.cc3rivieres76.com\/blog\/pantinpantin93-emeutes-degradations-incendies\/","og_locale":"fr_FR","og_type":"article","og_title":"Pantin,Pantin(93): Emeutes, D\u00e9gradations , Incendies - CC3RIVIERES76","og_description":"Les News De David se penche sur la question de \u00ab&nbsp;Pantin&nbsp;\u00bb. Une publication youtube propos\u00e9e par Les News De David .se concentrant sur \u00ab&nbsp;Pantin&nbsp;\u00bb:[embedded content] Le titre de cette vid\u00e9o est Pantin(93): Emeutes, D\u00e9gradations , Incendies, sa dur\u00e9e est de 00:18:08 secondes, et elle a \u00e9t\u00e9 fournie par l\u2019auteur. La description suit ci-dessous :\u00ab Je &hellip; Continuer la lecture \u00ab\u00a0Pantin,Pantin(93): Emeutes, D\u00e9gradations , Incendies\u00a0\u00bb","og_url":"https:\/\/www.cc3rivieres76.com\/blog\/pantinpantin93-emeutes-degradations-incendies\/","og_site_name":"CC3RIVIERES76","article_published_time":"2025-12-08T23:01:36+00:00","og_image":[{"url":"https:\/\/www.cc3rivieres76.com\/blog\/wp-content\/uploads\/2025\/12\/pantinpantin93-emeutes-degradations-incendies.jpg","type":"","width":"","height":""}],"author":"Sylvie DE LAUZAINGHEIN","twitter_card":"summary_large_image","twitter_misc":{"\u00c9crit par":"Sylvie DE LAUZAINGHEIN","Dur\u00e9e de lecture estim\u00e9e":"35 minutes"},"schema":{"@context":"https:\/\/schema.org","@graph":[{"@type":"Article","@id":"https:\/\/www.cc3rivieres76.com\/blog\/pantinpantin93-emeutes-degradations-incendies\/#article","isPartOf":{"@id":"https:\/\/www.cc3rivieres76.com\/blog\/pantinpantin93-emeutes-degradations-incendies\/"},"author":{"name":"Sylvie DE LAUZAINGHEIN","@id":"https:\/\/www.cc3rivieres76.com\/blog\/#\/schema\/person\/474d457fb7747b5218f39792dfaa5a1c"},"headline":"Pantin,Pantin(93): Emeutes, D\u00e9gradations , Incendies","datePublished":"2025-12-08T23:01:36+00:00","mainEntityOfPage":{"@id":"https:\/\/www.cc3rivieres76.com\/blog\/pantinpantin93-emeutes-degradations-incendies\/"},"wordCount":6907,"publisher":{"@id":"https:\/\/www.cc3rivieres76.com\/blog\/#organization"},"image":{"@id":"https:\/\/www.cc3rivieres76.com\/blog\/pantinpantin93-emeutes-degradations-incendies\/#primaryimage"},"thumbnailUrl":"https:\/\/www.cc3rivieres76.com\/blog\/wp-content\/uploads\/2025\/12\/pantinpantin93-emeutes-degradations-incendies.jpg","articleSection":["Les 3 Rivi\u00e8res Dans La Somme:"],"inLanguage":"fr-FR"},{"@type":"WebPage","@id":"https:\/\/www.cc3rivieres76.com\/blog\/pantinpantin93-emeutes-degradations-incendies\/","url":"https:\/\/www.cc3rivieres76.com\/blog\/pantinpantin93-emeutes-degradations-incendies\/","name":"Pantin,Pantin(93): Emeutes, D\u00e9gradations , Incendies - CC3RIVIERES76","isPartOf":{"@id":"https:\/\/www.cc3rivieres76.com\/blog\/#website"},"primaryImageOfPage":{"@id":"https:\/\/www.cc3rivieres76.com\/blog\/pantinpantin93-emeutes-degradations-incendies\/#primaryimage"},"image":{"@id":"https:\/\/www.cc3rivieres76.com\/blog\/pantinpantin93-emeutes-degradations-incendies\/#primaryimage"},"thumbnailUrl":"https:\/\/www.cc3rivieres76.com\/blog\/wp-content\/uploads\/2025\/12\/pantinpantin93-emeutes-degradations-incendies.jpg","datePublished":"2025-12-08T23:01:36+00:00","breadcrumb":{"@id":"https:\/\/www.cc3rivieres76.com\/blog\/pantinpantin93-emeutes-degradations-incendies\/#breadcrumb"},"inLanguage":"fr-FR","potentialAction":[{"@type":"ReadAction","target":["https:\/\/www.cc3rivieres76.com\/blog\/pantinpantin93-emeutes-degradations-incendies\/"]}]},{"@type":"ImageObject","inLanguage":"fr-FR","@id":"https:\/\/www.cc3rivieres76.com\/blog\/pantinpantin93-emeutes-degradations-incendies\/#primaryimage","url":"https:\/\/www.cc3rivieres76.com\/blog\/wp-content\/uploads\/2025\/12\/pantinpantin93-emeutes-degradations-incendies.jpg","contentUrl":"https:\/\/www.cc3rivieres76.com\/blog\/wp-content\/uploads\/2025\/12\/pantinpantin93-emeutes-degradations-incendies.jpg","width":480,"height":360,"caption":"Pantin,Pantin(93): Emeutes, D\u00e9gradations , Incendies"},{"@type":"BreadcrumbList","@id":"https:\/\/www.cc3rivieres76.com\/blog\/pantinpantin93-emeutes-degradations-incendies\/#breadcrumb","itemListElement":[{"@type":"ListItem","position":1,"name":"Accueil","item":"https:\/\/www.cc3rivieres76.com\/blog\/"},{"@type":"ListItem","position":2,"name":"Pantin,Pantin(93): Emeutes, D\u00e9gradations , Incendies"}]},{"@type":"WebSite","@id":"https:\/\/www.cc3rivieres76.com\/blog\/#website","url":"https:\/\/www.cc3rivieres76.com\/blog\/","name":"CC3RIVIERES76","description":"Les 3 rivi\u00e8res dans la Somme.","publisher":{"@id":"https:\/\/www.cc3rivieres76.com\/blog\/#organization"},"potentialAction":[{"@type":"SearchAction","target":{"@type":"EntryPoint","urlTemplate":"https:\/\/www.cc3rivieres76.com\/blog\/?s={search_term_string}"},"query-input":{"@type":"PropertyValueSpecification","valueRequired":true,"valueName":"search_term_string"}}],"inLanguage":"fr-FR"},{"@type":"Organization","@id":"https:\/\/www.cc3rivieres76.com\/blog\/#organization","name":"cc3rivieres76","url":"https:\/\/www.cc3rivieres76.com\/blog\/","logo":{"@type":"ImageObject","inLanguage":"fr-FR","@id":"https:\/\/www.cc3rivieres76.com\/blog\/#\/schema\/logo\/image\/","url":"https:\/\/www.cc3rivieres76.com\/blog\/wp-content\/uploads\/2023\/06\/logo-2.png","contentUrl":"https:\/\/www.cc3rivieres76.com\/blog\/wp-content\/uploads\/2023\/06\/logo-2.png","width":390,"height":388,"caption":"cc3rivieres76"},"image":{"@id":"https:\/\/www.cc3rivieres76.com\/blog\/#\/schema\/logo\/image\/"}},{"@type":"Person","@id":"https:\/\/www.cc3rivieres76.com\/blog\/#\/schema\/person\/474d457fb7747b5218f39792dfaa5a1c","name":"Sylvie DE LAUZAINGHEIN","image":{"@type":"ImageObject","inLanguage":"fr-FR","@id":"https:\/\/secure.gravatar.com\/avatar\/9c6a53b19e0a3431aa80de0895b9729fe665cd7e7d6cc94fc11abb152f4237d7?s=96&d=mm&r=g","url":"https:\/\/secure.gravatar.com\/avatar\/9c6a53b19e0a3431aa80de0895b9729fe665cd7e7d6cc94fc11abb152f4237d7?s=96&d=mm&r=g","contentUrl":"https:\/\/secure.gravatar.com\/avatar\/9c6a53b19e0a3431aa80de0895b9729fe665cd7e7d6cc94fc11abb152f4237d7?s=96&d=mm&r=g","caption":"Sylvie DE LAUZAINGHEIN"},"url":"https:\/\/www.cc3rivieres76.com\/blog\/author\/s76sylvie\/"}]}},"_links":{"self":[{"href":"https:\/\/www.cc3rivieres76.com\/blog\/wp-json\/wp\/v2\/posts\/1071","targetHints":{"allow":["GET"]}}],"collection":[{"href":"https:\/\/www.cc3rivieres76.com\/blog\/wp-json\/wp\/v2\/posts"}],"about":[{"href":"https:\/\/www.cc3rivieres76.com\/blog\/wp-json\/wp\/v2\/types\/post"}],"author":[{"embeddable":true,"href":"https:\/\/www.cc3rivieres76.com\/blog\/wp-json\/wp\/v2\/users\/3"}],"replies":[{"embeddable":true,"href":"https:\/\/www.cc3rivieres76.com\/blog\/wp-json\/wp\/v2\/comments?post=1071"}],"version-history":[{"count":0,"href":"https:\/\/www.cc3rivieres76.com\/blog\/wp-json\/wp\/v2\/posts\/1071\/revisions"}],"wp:featuredmedia":[{"embeddable":true,"href":"https:\/\/www.cc3rivieres76.com\/blog\/wp-json\/wp\/v2\/media\/1072"}],"wp:attachment":[{"href":"https:\/\/www.cc3rivieres76.com\/blog\/wp-json\/wp\/v2\/media?parent=1071"}],"wp:term":[{"taxonomy":"category","embeddable":true,"href":"https:\/\/www.cc3rivieres76.com\/blog\/wp-json\/wp\/v2\/categories?post=1071"},{"taxonomy":"post_tag","embeddable":true,"href":"https:\/\/www.cc3rivieres76.com\/blog\/wp-json\/wp\/v2\/tags?post=1071"}],"curies":[{"name":"wp","href":"https:\/\/api.w.org\/{rel}","templated":true}]}}