{"id":1132,"date":"2026-01-07T07:30:00","date_gmt":"2026-01-07T06:30:00","guid":{"rendered":"https:\/\/www.site.cdcl.xyz\/2026\/01\/07\/infos-nationales-municipales-2026-a-la-courneuve-le-depute-aly-diouara-lfi-se-lance-a-la-conquete-de-sa-ville-france\/"},"modified":"2026-01-07T07:30:00","modified_gmt":"2026-01-07T06:30:00","slug":"infos-nationales-municipales-2026-a-la-courneuve-le-depute-aly-diouara-lfi-se-lance-a-la-conquete-de-sa-ville-france","status":"publish","type":"post","link":"https:\/\/www.cc3rivieres76.com\/blog\/infos-nationales-municipales-2026-a-la-courneuve-le-depute-aly-diouara-lfi-se-lance-a-la-conquete-de-sa-ville-france\/","title":{"rendered":"Infos nationales: Municipales 2026 \u00e0 La\u00a0Courneuve\u00a0: le d\u00e9put\u00e9 Aly Diouara (LFI) se lance \u00e0 la conqu\u00eate de sa ville #France"},"content":{"rendered":"\n<p>Voil\u00e0 qui va vous ravir : Un nouvel \u00e9ditorial que nous venons de trouver sur le web et que nous vous produisons ci-dessous. Le sujet est \u00ab&nbsp;Actualit\u00e9 fran\u00e7aise&nbsp;\u00bb.<\/p>\n<h2>\nA lire sur Le Parisien \u2013 Politique, l\u2019article suivant<\/h2>\n<p><u>Signature . <\/u><\/p>\n<p><u>Date et heure de la r\u00e9ception de la d\u00e9p\u00e9che sur notre fil d\u2019info:<\/u><strong><span id=\"date\"><\/span><\/strong><\/p>\n<p><u>Date et heure de publication sur internet:<\/u> <strong><span id=\"datecrea\"><\/span><\/strong><\/p>\n<p><u>Titre exacte donn\u00e9 par le journal \u00e9tait:<\/u> <strong>Municipales 2026 \u00e0 La&nbsp;Courneuve&nbsp;: le d\u00e9put\u00e9 Aly Diouara (LFI) se lance \u00e0 la conqu\u00eate de sa ville<\/strong><\/p>\n<p><u>Information et contenu publi\u00e9s :<\/u><\/p>\n<div id>\n<p class=\"paragraph text_align_left lp-f-body-02\">\u00c0 un peu plus de deux mois des \u00e9lections municipales, il semble d\u00e9j\u00e0 \u00e9crit qu\u2019un enfant des 4 000 succ\u00e9dera \u00e0 Gilles Poux (PCF), le maire de La Courneuve, qui ne se repr\u00e9sente pas. En campagne depuis des mois, Oumarou Doucour\u00e9 (PS) et Nadia Chahboune (sans \u00e9tiquette), respectivement premier et quatri\u00e8me adjoints de la majorit\u00e9 sortante, ont grandi dans la principale cit\u00e9 de la ville. C\u2019est aussi le cas d\u2019Aly Diouara (LFI), le d\u00e9put\u00e9 de la circonscription voisine, qui a annonc\u00e9 sa candidature ce mardi 6 janvier au Parisien. \u00ab Je ne suis pas n\u00e9 \u00e0 l\u2019h\u00f4pital ni \u00e0 la clinique mais aux 4 000, chez moi \u00bb, va-t-il jusqu\u2019\u00e0 pr\u00e9ciser.<\/p>\n<\/div>\n<div>\n<section class=\"content paywall-abo\">\n<p class>Alors que la France insoumise compte sur le scrutin de mars pour asseoir un ancrage local qui lui fait encore d\u00e9faut, le fondateur du mouvement citoyen La Seine-Saint-Denis au c\u0153ur (SSDAC), incarnation de la \u00ab Nouvelle France \u00bb voulue par Jean-Luc M\u00e9lenchon, appara\u00eet comme le plus \u00e0 m\u00eame de l\u2019emporter \u00e0 La Courneuve, ville populaire o\u00f9 Manon Aubry (LFI) avait recueilli pr\u00e8s de 60 % des suffrages exprim\u00e9s aux \u00e9lections europ\u00e9ennes en 2024. Lors de sa premi\u00e8re candidature aux d\u00e9partementales en 2021, lui-m\u00eame avait r\u00e9uni 30 % des voix \u00ab sans \u00e9tiquette politique \u00bb.<\/p>\n<\/section>\n<\/div>\n<p> <img decoding=\"async\" src=\"https:\/\/www.site.cdcl.xyz\/2026\/01\/07\/infos-nationales-municipales-2026-a-la-courneuve-le-depute-aly-diouara-lfi-se-lance-a-la-conquete-de-sa-ville-france\/\" alt=\"Municipales 2026 \u00e0 La&nbsp;Courneuve&nbsp;: le d\u00e9put\u00e9 Aly Diouara (LFI) se lance \u00e0 la conqu\u00eate de sa ville\"><\/p>\n<p>#Municipales #LaCourneuve #d\u00e9put\u00e9 #Aly #Diouara #LFI #lance #conqu\u00eate #ville<\/p>\n<p>Reprise de l\u2019information dans un style journalistique professionnel descriptif en organisant les id\u00e9es dans un ordre coh\u00e9rent avec titres html <\/p>\n<p>Ce th\u00e8me correspond \u00e0 vos recherches vous adorerez pareillement ces livres:<\/p>\n<p>Histoire de l\u2019Europe\/La formation des \u00c9tats europ\u00e9ens.,<a href=\"https:\/\/fr.wikibooks.org\/wiki\/Histoire_de_l%27Europe\/La_formation_des_%C3%89tats_europ%C3%A9ens\" target=\"_blank\" rel=\"noopener noreferrer nofollow\">Redirection vers la fiche de de l\u2019\u00e9diteur<\/a><span><\/span>.<\/p>\n<p>Napol\u00e9on. La fin et le commencement.,<a href=\"https:\/\/www.kobo.com\/fr\/fr\/ebook\/napoleon-la-fin-et-le-commencement-1\" target=\"_blank\" rel=\"noopener noreferrer nofollow\">Lien sur la fiche de librairie<\/a><span><\/span>.<\/p>\n<p>Technologie\/Lignes et services de m\u00e9tros\/Prolongements et cr\u00e9ations de lignes de m\u00e9tros en \u00cele-de-France\/Le prolongement de la ligne 1.,<a href=\"https:\/\/fr.wikibooks.org\/wiki\/Technologie\/Lignes_et_services_de_m%C3%A9tros\/Prolongements_et_cr%C3%A9ations_de_lignes_de_m%C3%A9tros_en_%C3%8Ele-de-France\/Le_prolongement_de_la_ligne_1\" target=\"_blank\" rel=\"noopener noreferrer nofollow\">Informations sur ce livre<\/a><span><\/span>. Disponible chez votre libraire.<\/p>\n<p> Cet article, qui traite du th\u00e8me \u00ab\u00a0Les 3 rivi\u00e8res dans la Somme\u00a0\u00bb, vous est sp\u00e9cialement sugg\u00e9r\u00e9 par cc3rivieres76.com. La chronique est reproduite du mieux possible. Dans le cas o\u00f9 vous souhaitez apporter quelques pr\u00e9cisions concernant le domaine de \u00ab\u00a0Les 3 rivi\u00e8res dans la Somme\u00a0\u00bb vous pouvez solliciter notre r\u00e9daction. La destination de cc3rivieres76.com est de d\u00e9battre de Les 3 rivi\u00e8res dans la Somme dans la transparence en vous apportant la connaissance de tout ce qui est en lien avec ce sujet sur la toile Connectez-vous sur notre site cc3rivieres76.com et nos r\u00e9seaux sociaux dans le but d\u2019\u00eatre inform\u00e9 des futures publications.<\/p>\n","protected":false},"excerpt":{"rendered":"<p>Voil\u00e0 qui va vous ravir : Un nouvel \u00e9ditorial que nous venons de trouver sur le web et que nous vous produisons ci-dessous. Le sujet est \u00ab&nbsp;Actualit\u00e9 fran\u00e7aise&nbsp;\u00bb. A lire sur Le Parisien \u2013 Politique, l\u2019article suivant Signature . Date et heure de la r\u00e9ception de la d\u00e9p\u00e9che sur notre fil d\u2019info: Date et heure &hellip; <\/p>\n<p class=\"link-more\"><a href=\"https:\/\/www.cc3rivieres76.com\/blog\/infos-nationales-municipales-2026-a-la-courneuve-le-depute-aly-diouara-lfi-se-lance-a-la-conquete-de-sa-ville-france\/\" class=\"more-link\">Continuer la lecture <span class=\"screen-reader-text\"> \u00ab\u00a0Infos nationales: Municipales 2026 \u00e0 La\u00a0Courneuve\u00a0: le d\u00e9put\u00e9 Aly Diouara (LFI) se lance \u00e0 la conqu\u00eate de sa ville #France\u00a0\u00bb<\/span><\/a><\/p>\n","protected":false},"author":3,"featured_media":0,"comment_status":"closed","ping_status":"closed","sticky":false,"template":"","format":"standard","meta":{"footnotes":""},"categories":[2],"tags":[],"class_list":["post-1132","post","type-post","status-publish","format-standard","hentry","category-les-3-rivieres-dans-la-somme","entry"],"yoast_head":"<!-- This site is optimized with the Yoast SEO plugin v27.5 - https:\/\/yoast.com\/product\/yoast-seo-wordpress\/ -->\n<title>Infos nationales: Municipales 2026 \u00e0 La\u00a0Courneuve\u00a0: le d\u00e9put\u00e9 Aly Diouara (LFI) se lance \u00e0 la conqu\u00eate de sa ville #France - CC3RIVIERES76<\/title>\n<meta name=\"robots\" content=\"index, follow, max-snippet:-1, max-image-preview:large, max-video-preview:-1\" \/>\n<link rel=\"canonical\" href=\"https:\/\/www.cc3rivieres76.com\/blog\/infos-nationales-municipales-2026-a-la-courneuve-le-depute-aly-diouara-lfi-se-lance-a-la-conquete-de-sa-ville-france\/\" \/>\n<meta property=\"og:locale\" content=\"fr_FR\" \/>\n<meta property=\"og:type\" content=\"article\" \/>\n<meta property=\"og:title\" content=\"Infos nationales: Municipales 2026 \u00e0 La\u00a0Courneuve\u00a0: le d\u00e9put\u00e9 Aly Diouara (LFI) se lance \u00e0 la conqu\u00eate de sa ville #France - CC3RIVIERES76\" \/>\n<meta property=\"og:description\" content=\"Voil\u00e0 qui va vous ravir : Un nouvel \u00e9ditorial que nous venons de trouver sur le web et que nous vous produisons ci-dessous. Le sujet est \u00ab&nbsp;Actualit\u00e9 fran\u00e7aise&nbsp;\u00bb. A lire sur Le Parisien \u2013 Politique, l\u2019article suivant Signature . Date et heure de la r\u00e9ception de la d\u00e9p\u00e9che sur notre fil d\u2019info: Date et heure &hellip; Continuer la lecture \u00ab\u00a0Infos nationales: Municipales 2026 \u00e0 La\u00a0Courneuve\u00a0: le d\u00e9put\u00e9 Aly Diouara (LFI) se lance \u00e0 la conqu\u00eate de sa ville #France\u00a0\u00bb\" \/>\n<meta property=\"og:url\" content=\"https:\/\/www.cc3rivieres76.com\/blog\/infos-nationales-municipales-2026-a-la-courneuve-le-depute-aly-diouara-lfi-se-lance-a-la-conquete-de-sa-ville-france\/\" \/>\n<meta property=\"og:site_name\" content=\"CC3RIVIERES76\" \/>\n<meta property=\"article:published_time\" content=\"2026-01-07T06:30:00+00:00\" \/>\n<meta property=\"og:image\" content=\"https:\/\/www.site.cdcl.xyz\/2026\/01\/07\/infos-nationales-municipales-2026-a-la-courneuve-le-depute-aly-diouara-lfi-se-lance-a-la-conquete-de-sa-ville-france\/\" \/>\n<meta name=\"author\" content=\"Sylvie DE LAUZAINGHEIN\" \/>\n<meta name=\"twitter:card\" content=\"summary_large_image\" \/>\n<meta name=\"twitter:label1\" content=\"\u00c9crit par\" \/>\n\t<meta name=\"twitter:data1\" content=\"Sylvie DE LAUZAINGHEIN\" \/>\n\t<meta name=\"twitter:label2\" content=\"Dur\u00e9e de lecture estim\u00e9e\" \/>\n\t<meta name=\"twitter:data2\" content=\"3 minutes\" \/>\n<script type=\"application\/ld+json\" class=\"yoast-schema-graph\">{\"@context\":\"https:\\\/\\\/schema.org\",\"@graph\":[{\"@type\":\"Article\",\"@id\":\"https:\\\/\\\/www.cc3rivieres76.com\\\/blog\\\/infos-nationales-municipales-2026-a-la-courneuve-le-depute-aly-diouara-lfi-se-lance-a-la-conquete-de-sa-ville-france\\\/#article\",\"isPartOf\":{\"@id\":\"https:\\\/\\\/www.cc3rivieres76.com\\\/blog\\\/infos-nationales-municipales-2026-a-la-courneuve-le-depute-aly-diouara-lfi-se-lance-a-la-conquete-de-sa-ville-france\\\/\"},\"author\":{\"name\":\"Sylvie DE LAUZAINGHEIN\",\"@id\":\"https:\\\/\\\/www.cc3rivieres76.com\\\/blog\\\/#\\\/schema\\\/person\\\/474d457fb7747b5218f39792dfaa5a1c\"},\"headline\":\"Infos nationales: Municipales 2026 \u00e0 La\u00a0Courneuve\u00a0: le d\u00e9put\u00e9 Aly Diouara (LFI) se lance \u00e0 la conqu\u00eate de sa ville #France\",\"datePublished\":\"2026-01-07T06:30:00+00:00\",\"mainEntityOfPage\":{\"@id\":\"https:\\\/\\\/www.cc3rivieres76.com\\\/blog\\\/infos-nationales-municipales-2026-a-la-courneuve-le-depute-aly-diouara-lfi-se-lance-a-la-conquete-de-sa-ville-france\\\/\"},\"wordCount\":543,\"publisher\":{\"@id\":\"https:\\\/\\\/www.cc3rivieres76.com\\\/blog\\\/#organization\"},\"image\":{\"@id\":\"https:\\\/\\\/www.cc3rivieres76.com\\\/blog\\\/infos-nationales-municipales-2026-a-la-courneuve-le-depute-aly-diouara-lfi-se-lance-a-la-conquete-de-sa-ville-france\\\/#primaryimage\"},\"thumbnailUrl\":\"https:\\\/\\\/www.site.cdcl.xyz\\\/2026\\\/01\\\/07\\\/infos-nationales-municipales-2026-a-la-courneuve-le-depute-aly-diouara-lfi-se-lance-a-la-conquete-de-sa-ville-france\\\/\",\"articleSection\":[\"Les 3 Rivi\u00e8res Dans La Somme:\"],\"inLanguage\":\"fr-FR\"},{\"@type\":\"WebPage\",\"@id\":\"https:\\\/\\\/www.cc3rivieres76.com\\\/blog\\\/infos-nationales-municipales-2026-a-la-courneuve-le-depute-aly-diouara-lfi-se-lance-a-la-conquete-de-sa-ville-france\\\/\",\"url\":\"https:\\\/\\\/www.cc3rivieres76.com\\\/blog\\\/infos-nationales-municipales-2026-a-la-courneuve-le-depute-aly-diouara-lfi-se-lance-a-la-conquete-de-sa-ville-france\\\/\",\"name\":\"Infos nationales: Municipales 2026 \u00e0 La\u00a0Courneuve\u00a0: le d\u00e9put\u00e9 Aly Diouara (LFI) se lance \u00e0 la conqu\u00eate de sa ville #France - CC3RIVIERES76\",\"isPartOf\":{\"@id\":\"https:\\\/\\\/www.cc3rivieres76.com\\\/blog\\\/#website\"},\"primaryImageOfPage\":{\"@id\":\"https:\\\/\\\/www.cc3rivieres76.com\\\/blog\\\/infos-nationales-municipales-2026-a-la-courneuve-le-depute-aly-diouara-lfi-se-lance-a-la-conquete-de-sa-ville-france\\\/#primaryimage\"},\"image\":{\"@id\":\"https:\\\/\\\/www.cc3rivieres76.com\\\/blog\\\/infos-nationales-municipales-2026-a-la-courneuve-le-depute-aly-diouara-lfi-se-lance-a-la-conquete-de-sa-ville-france\\\/#primaryimage\"},\"thumbnailUrl\":\"https:\\\/\\\/www.site.cdcl.xyz\\\/2026\\\/01\\\/07\\\/infos-nationales-municipales-2026-a-la-courneuve-le-depute-aly-diouara-lfi-se-lance-a-la-conquete-de-sa-ville-france\\\/\",\"datePublished\":\"2026-01-07T06:30:00+00:00\",\"breadcrumb\":{\"@id\":\"https:\\\/\\\/www.cc3rivieres76.com\\\/blog\\\/infos-nationales-municipales-2026-a-la-courneuve-le-depute-aly-diouara-lfi-se-lance-a-la-conquete-de-sa-ville-france\\\/#breadcrumb\"},\"inLanguage\":\"fr-FR\",\"potentialAction\":[{\"@type\":\"ReadAction\",\"target\":[\"https:\\\/\\\/www.cc3rivieres76.com\\\/blog\\\/infos-nationales-municipales-2026-a-la-courneuve-le-depute-aly-diouara-lfi-se-lance-a-la-conquete-de-sa-ville-france\\\/\"]}]},{\"@type\":\"ImageObject\",\"inLanguage\":\"fr-FR\",\"@id\":\"https:\\\/\\\/www.cc3rivieres76.com\\\/blog\\\/infos-nationales-municipales-2026-a-la-courneuve-le-depute-aly-diouara-lfi-se-lance-a-la-conquete-de-sa-ville-france\\\/#primaryimage\",\"url\":\"https:\\\/\\\/www.site.cdcl.xyz\\\/2026\\\/01\\\/07\\\/infos-nationales-municipales-2026-a-la-courneuve-le-depute-aly-diouara-lfi-se-lance-a-la-conquete-de-sa-ville-france\\\/\",\"contentUrl\":\"https:\\\/\\\/www.site.cdcl.xyz\\\/2026\\\/01\\\/07\\\/infos-nationales-municipales-2026-a-la-courneuve-le-depute-aly-diouara-lfi-se-lance-a-la-conquete-de-sa-ville-france\\\/\"},{\"@type\":\"BreadcrumbList\",\"@id\":\"https:\\\/\\\/www.cc3rivieres76.com\\\/blog\\\/infos-nationales-municipales-2026-a-la-courneuve-le-depute-aly-diouara-lfi-se-lance-a-la-conquete-de-sa-ville-france\\\/#breadcrumb\",\"itemListElement\":[{\"@type\":\"ListItem\",\"position\":1,\"name\":\"Accueil\",\"item\":\"https:\\\/\\\/www.cc3rivieres76.com\\\/blog\\\/\"},{\"@type\":\"ListItem\",\"position\":2,\"name\":\"Infos nationales: Municipales 2026 \u00e0 La\u00a0Courneuve\u00a0: le d\u00e9put\u00e9 Aly Diouara (LFI) se lance \u00e0 la conqu\u00eate de sa ville #France\"}]},{\"@type\":\"WebSite\",\"@id\":\"https:\\\/\\\/www.cc3rivieres76.com\\\/blog\\\/#website\",\"url\":\"https:\\\/\\\/www.cc3rivieres76.com\\\/blog\\\/\",\"name\":\"CC3RIVIERES76\",\"description\":\"Les 3 rivi\u00e8res dans la Somme.\",\"publisher\":{\"@id\":\"https:\\\/\\\/www.cc3rivieres76.com\\\/blog\\\/#organization\"},\"potentialAction\":[{\"@type\":\"SearchAction\",\"target\":{\"@type\":\"EntryPoint\",\"urlTemplate\":\"https:\\\/\\\/www.cc3rivieres76.com\\\/blog\\\/?s={search_term_string}\"},\"query-input\":{\"@type\":\"PropertyValueSpecification\",\"valueRequired\":true,\"valueName\":\"search_term_string\"}}],\"inLanguage\":\"fr-FR\"},{\"@type\":\"Organization\",\"@id\":\"https:\\\/\\\/www.cc3rivieres76.com\\\/blog\\\/#organization\",\"name\":\"cc3rivieres76\",\"url\":\"https:\\\/\\\/www.cc3rivieres76.com\\\/blog\\\/\",\"logo\":{\"@type\":\"ImageObject\",\"inLanguage\":\"fr-FR\",\"@id\":\"https:\\\/\\\/www.cc3rivieres76.com\\\/blog\\\/#\\\/schema\\\/logo\\\/image\\\/\",\"url\":\"https:\\\/\\\/www.cc3rivieres76.com\\\/blog\\\/wp-content\\\/uploads\\\/2023\\\/06\\\/logo-2.png\",\"contentUrl\":\"https:\\\/\\\/www.cc3rivieres76.com\\\/blog\\\/wp-content\\\/uploads\\\/2023\\\/06\\\/logo-2.png\",\"width\":390,\"height\":388,\"caption\":\"cc3rivieres76\"},\"image\":{\"@id\":\"https:\\\/\\\/www.cc3rivieres76.com\\\/blog\\\/#\\\/schema\\\/logo\\\/image\\\/\"}},{\"@type\":\"Person\",\"@id\":\"https:\\\/\\\/www.cc3rivieres76.com\\\/blog\\\/#\\\/schema\\\/person\\\/474d457fb7747b5218f39792dfaa5a1c\",\"name\":\"Sylvie DE LAUZAINGHEIN\",\"image\":{\"@type\":\"ImageObject\",\"inLanguage\":\"fr-FR\",\"@id\":\"https:\\\/\\\/secure.gravatar.com\\\/avatar\\\/9c6a53b19e0a3431aa80de0895b9729fe665cd7e7d6cc94fc11abb152f4237d7?s=96&d=mm&r=g\",\"url\":\"https:\\\/\\\/secure.gravatar.com\\\/avatar\\\/9c6a53b19e0a3431aa80de0895b9729fe665cd7e7d6cc94fc11abb152f4237d7?s=96&d=mm&r=g\",\"contentUrl\":\"https:\\\/\\\/secure.gravatar.com\\\/avatar\\\/9c6a53b19e0a3431aa80de0895b9729fe665cd7e7d6cc94fc11abb152f4237d7?s=96&d=mm&r=g\",\"caption\":\"Sylvie DE LAUZAINGHEIN\"},\"url\":\"https:\\\/\\\/www.cc3rivieres76.com\\\/blog\\\/author\\\/s76sylvie\\\/\"}]}<\/script>\n<!-- \/ Yoast SEO plugin. -->","yoast_head_json":{"title":"Infos nationales: Municipales 2026 \u00e0 La\u00a0Courneuve\u00a0: le d\u00e9put\u00e9 Aly Diouara (LFI) se lance \u00e0 la conqu\u00eate de sa ville #France - CC3RIVIERES76","robots":{"index":"index","follow":"follow","max-snippet":"max-snippet:-1","max-image-preview":"max-image-preview:large","max-video-preview":"max-video-preview:-1"},"canonical":"https:\/\/www.cc3rivieres76.com\/blog\/infos-nationales-municipales-2026-a-la-courneuve-le-depute-aly-diouara-lfi-se-lance-a-la-conquete-de-sa-ville-france\/","og_locale":"fr_FR","og_type":"article","og_title":"Infos nationales: Municipales 2026 \u00e0 La\u00a0Courneuve\u00a0: le d\u00e9put\u00e9 Aly Diouara (LFI) se lance \u00e0 la conqu\u00eate de sa ville #France - CC3RIVIERES76","og_description":"Voil\u00e0 qui va vous ravir : Un nouvel \u00e9ditorial que nous venons de trouver sur le web et que nous vous produisons ci-dessous. Le sujet est \u00ab&nbsp;Actualit\u00e9 fran\u00e7aise&nbsp;\u00bb. A lire sur Le Parisien \u2013 Politique, l\u2019article suivant Signature . Date et heure de la r\u00e9ception de la d\u00e9p\u00e9che sur notre fil d\u2019info: Date et heure &hellip; Continuer la lecture \u00ab\u00a0Infos nationales: Municipales 2026 \u00e0 La\u00a0Courneuve\u00a0: le d\u00e9put\u00e9 Aly Diouara (LFI) se lance \u00e0 la conqu\u00eate de sa ville #France\u00a0\u00bb","og_url":"https:\/\/www.cc3rivieres76.com\/blog\/infos-nationales-municipales-2026-a-la-courneuve-le-depute-aly-diouara-lfi-se-lance-a-la-conquete-de-sa-ville-france\/","og_site_name":"CC3RIVIERES76","article_published_time":"2026-01-07T06:30:00+00:00","og_image":[{"url":"https:\/\/www.site.cdcl.xyz\/2026\/01\/07\/infos-nationales-municipales-2026-a-la-courneuve-le-depute-aly-diouara-lfi-se-lance-a-la-conquete-de-sa-ville-france\/","type":"","width":"","height":""}],"author":"Sylvie DE LAUZAINGHEIN","twitter_card":"summary_large_image","twitter_misc":{"\u00c9crit par":"Sylvie DE LAUZAINGHEIN","Dur\u00e9e de lecture estim\u00e9e":"3 minutes"},"schema":{"@context":"https:\/\/schema.org","@graph":[{"@type":"Article","@id":"https:\/\/www.cc3rivieres76.com\/blog\/infos-nationales-municipales-2026-a-la-courneuve-le-depute-aly-diouara-lfi-se-lance-a-la-conquete-de-sa-ville-france\/#article","isPartOf":{"@id":"https:\/\/www.cc3rivieres76.com\/blog\/infos-nationales-municipales-2026-a-la-courneuve-le-depute-aly-diouara-lfi-se-lance-a-la-conquete-de-sa-ville-france\/"},"author":{"name":"Sylvie DE LAUZAINGHEIN","@id":"https:\/\/www.cc3rivieres76.com\/blog\/#\/schema\/person\/474d457fb7747b5218f39792dfaa5a1c"},"headline":"Infos nationales: Municipales 2026 \u00e0 La\u00a0Courneuve\u00a0: le d\u00e9put\u00e9 Aly Diouara (LFI) se lance \u00e0 la conqu\u00eate de sa ville #France","datePublished":"2026-01-07T06:30:00+00:00","mainEntityOfPage":{"@id":"https:\/\/www.cc3rivieres76.com\/blog\/infos-nationales-municipales-2026-a-la-courneuve-le-depute-aly-diouara-lfi-se-lance-a-la-conquete-de-sa-ville-france\/"},"wordCount":543,"publisher":{"@id":"https:\/\/www.cc3rivieres76.com\/blog\/#organization"},"image":{"@id":"https:\/\/www.cc3rivieres76.com\/blog\/infos-nationales-municipales-2026-a-la-courneuve-le-depute-aly-diouara-lfi-se-lance-a-la-conquete-de-sa-ville-france\/#primaryimage"},"thumbnailUrl":"https:\/\/www.site.cdcl.xyz\/2026\/01\/07\/infos-nationales-municipales-2026-a-la-courneuve-le-depute-aly-diouara-lfi-se-lance-a-la-conquete-de-sa-ville-france\/","articleSection":["Les 3 Rivi\u00e8res Dans La Somme:"],"inLanguage":"fr-FR"},{"@type":"WebPage","@id":"https:\/\/www.cc3rivieres76.com\/blog\/infos-nationales-municipales-2026-a-la-courneuve-le-depute-aly-diouara-lfi-se-lance-a-la-conquete-de-sa-ville-france\/","url":"https:\/\/www.cc3rivieres76.com\/blog\/infos-nationales-municipales-2026-a-la-courneuve-le-depute-aly-diouara-lfi-se-lance-a-la-conquete-de-sa-ville-france\/","name":"Infos nationales: Municipales 2026 \u00e0 La\u00a0Courneuve\u00a0: le d\u00e9put\u00e9 Aly Diouara (LFI) se lance \u00e0 la conqu\u00eate de sa ville #France - CC3RIVIERES76","isPartOf":{"@id":"https:\/\/www.cc3rivieres76.com\/blog\/#website"},"primaryImageOfPage":{"@id":"https:\/\/www.cc3rivieres76.com\/blog\/infos-nationales-municipales-2026-a-la-courneuve-le-depute-aly-diouara-lfi-se-lance-a-la-conquete-de-sa-ville-france\/#primaryimage"},"image":{"@id":"https:\/\/www.cc3rivieres76.com\/blog\/infos-nationales-municipales-2026-a-la-courneuve-le-depute-aly-diouara-lfi-se-lance-a-la-conquete-de-sa-ville-france\/#primaryimage"},"thumbnailUrl":"https:\/\/www.site.cdcl.xyz\/2026\/01\/07\/infos-nationales-municipales-2026-a-la-courneuve-le-depute-aly-diouara-lfi-se-lance-a-la-conquete-de-sa-ville-france\/","datePublished":"2026-01-07T06:30:00+00:00","breadcrumb":{"@id":"https:\/\/www.cc3rivieres76.com\/blog\/infos-nationales-municipales-2026-a-la-courneuve-le-depute-aly-diouara-lfi-se-lance-a-la-conquete-de-sa-ville-france\/#breadcrumb"},"inLanguage":"fr-FR","potentialAction":[{"@type":"ReadAction","target":["https:\/\/www.cc3rivieres76.com\/blog\/infos-nationales-municipales-2026-a-la-courneuve-le-depute-aly-diouara-lfi-se-lance-a-la-conquete-de-sa-ville-france\/"]}]},{"@type":"ImageObject","inLanguage":"fr-FR","@id":"https:\/\/www.cc3rivieres76.com\/blog\/infos-nationales-municipales-2026-a-la-courneuve-le-depute-aly-diouara-lfi-se-lance-a-la-conquete-de-sa-ville-france\/#primaryimage","url":"https:\/\/www.site.cdcl.xyz\/2026\/01\/07\/infos-nationales-municipales-2026-a-la-courneuve-le-depute-aly-diouara-lfi-se-lance-a-la-conquete-de-sa-ville-france\/","contentUrl":"https:\/\/www.site.cdcl.xyz\/2026\/01\/07\/infos-nationales-municipales-2026-a-la-courneuve-le-depute-aly-diouara-lfi-se-lance-a-la-conquete-de-sa-ville-france\/"},{"@type":"BreadcrumbList","@id":"https:\/\/www.cc3rivieres76.com\/blog\/infos-nationales-municipales-2026-a-la-courneuve-le-depute-aly-diouara-lfi-se-lance-a-la-conquete-de-sa-ville-france\/#breadcrumb","itemListElement":[{"@type":"ListItem","position":1,"name":"Accueil","item":"https:\/\/www.cc3rivieres76.com\/blog\/"},{"@type":"ListItem","position":2,"name":"Infos nationales: Municipales 2026 \u00e0 La\u00a0Courneuve\u00a0: le d\u00e9put\u00e9 Aly Diouara (LFI) se lance \u00e0 la conqu\u00eate de sa ville #France"}]},{"@type":"WebSite","@id":"https:\/\/www.cc3rivieres76.com\/blog\/#website","url":"https:\/\/www.cc3rivieres76.com\/blog\/","name":"CC3RIVIERES76","description":"Les 3 rivi\u00e8res dans la Somme.","publisher":{"@id":"https:\/\/www.cc3rivieres76.com\/blog\/#organization"},"potentialAction":[{"@type":"SearchAction","target":{"@type":"EntryPoint","urlTemplate":"https:\/\/www.cc3rivieres76.com\/blog\/?s={search_term_string}"},"query-input":{"@type":"PropertyValueSpecification","valueRequired":true,"valueName":"search_term_string"}}],"inLanguage":"fr-FR"},{"@type":"Organization","@id":"https:\/\/www.cc3rivieres76.com\/blog\/#organization","name":"cc3rivieres76","url":"https:\/\/www.cc3rivieres76.com\/blog\/","logo":{"@type":"ImageObject","inLanguage":"fr-FR","@id":"https:\/\/www.cc3rivieres76.com\/blog\/#\/schema\/logo\/image\/","url":"https:\/\/www.cc3rivieres76.com\/blog\/wp-content\/uploads\/2023\/06\/logo-2.png","contentUrl":"https:\/\/www.cc3rivieres76.com\/blog\/wp-content\/uploads\/2023\/06\/logo-2.png","width":390,"height":388,"caption":"cc3rivieres76"},"image":{"@id":"https:\/\/www.cc3rivieres76.com\/blog\/#\/schema\/logo\/image\/"}},{"@type":"Person","@id":"https:\/\/www.cc3rivieres76.com\/blog\/#\/schema\/person\/474d457fb7747b5218f39792dfaa5a1c","name":"Sylvie DE LAUZAINGHEIN","image":{"@type":"ImageObject","inLanguage":"fr-FR","@id":"https:\/\/secure.gravatar.com\/avatar\/9c6a53b19e0a3431aa80de0895b9729fe665cd7e7d6cc94fc11abb152f4237d7?s=96&d=mm&r=g","url":"https:\/\/secure.gravatar.com\/avatar\/9c6a53b19e0a3431aa80de0895b9729fe665cd7e7d6cc94fc11abb152f4237d7?s=96&d=mm&r=g","contentUrl":"https:\/\/secure.gravatar.com\/avatar\/9c6a53b19e0a3431aa80de0895b9729fe665cd7e7d6cc94fc11abb152f4237d7?s=96&d=mm&r=g","caption":"Sylvie DE LAUZAINGHEIN"},"url":"https:\/\/www.cc3rivieres76.com\/blog\/author\/s76sylvie\/"}]}},"_links":{"self":[{"href":"https:\/\/www.cc3rivieres76.com\/blog\/wp-json\/wp\/v2\/posts\/1132","targetHints":{"allow":["GET"]}}],"collection":[{"href":"https:\/\/www.cc3rivieres76.com\/blog\/wp-json\/wp\/v2\/posts"}],"about":[{"href":"https:\/\/www.cc3rivieres76.com\/blog\/wp-json\/wp\/v2\/types\/post"}],"author":[{"embeddable":true,"href":"https:\/\/www.cc3rivieres76.com\/blog\/wp-json\/wp\/v2\/users\/3"}],"replies":[{"embeddable":true,"href":"https:\/\/www.cc3rivieres76.com\/blog\/wp-json\/wp\/v2\/comments?post=1132"}],"version-history":[{"count":0,"href":"https:\/\/www.cc3rivieres76.com\/blog\/wp-json\/wp\/v2\/posts\/1132\/revisions"}],"wp:attachment":[{"href":"https:\/\/www.cc3rivieres76.com\/blog\/wp-json\/wp\/v2\/media?parent=1132"}],"wp:term":[{"taxonomy":"category","embeddable":true,"href":"https:\/\/www.cc3rivieres76.com\/blog\/wp-json\/wp\/v2\/categories?post=1132"},{"taxonomy":"post_tag","embeddable":true,"href":"https:\/\/www.cc3rivieres76.com\/blog\/wp-json\/wp\/v2\/tags?post=1132"}],"curies":[{"name":"wp","href":"https:\/\/api.w.org\/{rel}","templated":true}]}}