{"id":1137,"date":"2026-01-13T09:19:54","date_gmt":"2026-01-13T08:19:54","guid":{"rendered":"https:\/\/www.site.cdcl.xyz\/2026\/01\/13\/pinterest-police-municipale-manifestation-des-gilets-jaunes\/"},"modified":"2026-01-13T09:19:54","modified_gmt":"2026-01-13T08:19:54","slug":"pinterest-police-municipale-manifestation-des-gilets-jaunes","status":"publish","type":"post","link":"https:\/\/www.cc3rivieres76.com\/blog\/pinterest-police-municipale-manifestation-des-gilets-jaunes\/","title":{"rendered":"Pinterest (police municipale): Manifestation des gilets jaunes"},"content":{"rendered":"<br \/>\n<h2>\nivanledu traite du sujet \u00ab&nbsp;police municipale&nbsp;\u00bb<br \/><\/h2>\n<p>Actuellement sur Pinterest, et cr\u00e9e par ivanledu (nom officiel Iv\u00e1n Leal), une \u00ab\u00e9pingle\u00bb ( image mise en avant ) est int\u00e9ressante pour ceux qui s\u2019int\u00e9ressent au sujet \u00abpolice municipale \u00bb.<br \/>Pinterest offre aux utilisateurs la possibilit\u00e9 de regrouper leurs d\u00e9couvertes dans des tableaux et de repartager celles des autres pour maximiser leur visibilit\u00e9.<\/p>\n<p>\n\u00c0 l\u2019instant o\u00f9 nous avons pris connaissance de cette \u00ab\u00e9pingle\u00bb, elle suscitait un int\u00e9r\u00eat croissant. Le compteur de Repin indiquait: .<\/p>\n<p>\nLe titre de l\u2019\u00e9pingle (Manifestation des gilets jaunes) ainsi que les observations de l\u2019auteur sont \u00e0 noter: \u00ab<i> <\/i> \u00bb.\n<\/p>\n<p>\nD\u00e9couvrez l\u2019\u00e9pingle ici.\n<\/p>\n<p><img decoding=\"async\" src=\"https:\/\/www.cc3rivieres76.com\/blog\/wp-content\/uploads\/2026\/01\/pinterest-police-municipale-manifestation-des-gilets-jaunes.jpg\" alt=\"pinterest Manifestation des gilets jaunes\"><\/p>\n<h3>\nDes pr\u00e9cisions sur cette \u00ab\u00e9pingle\u00bb :<br \/><\/h3>\n<p>Si vous souhaitez regarder l\u2019\u00ab\u00e9pingle\u00bb directement sur Pinterest, cliquez sur ce lien :<u>Lien vers le post original:<\/u> <a href=\"https:\/\/www.pinterest.com\/pin\/275282595969813537\">Cliquer ici<\/a>\n<\/p>\n<p><u>Voici le tableau th\u00e9matique de l\u2019utilisateur :<\/u> <strong><a href=\"https:\/\/www.pinterest.com\/ivanledu\/_quick_saves\/\">Quick Saves<\/a><\/strong>.\n<\/p>\n<h2>Les enjeux actuels de la s\u00e9curit\u00e9 publique<\/h2>\n<h3>Perturbations sociales et actes d\u00e9linquants<\/h3>\n<p>Face \u00e0 des nuisances fr\u00e9quentes comme le bruit ou les probl\u00e8mes de stationnement, les policiers municipaux s\u2019assurent du bon ordre public. Bien que la d\u00e9linquance soit moins marqu\u00e9e, elle demeure une r\u00e9alit\u00e9 \u00e0 traiter.<\/p>\n<h3>Renforcer les m\u00e9thodes pour plus d\u2019efficacit\u00e9<\/h3>\n<p>Pour r\u00e9pondre aux d\u00e9fis de s\u00e9curit\u00e9 actuels, la police municipale doit progresser sans cesse. Il est crucial d\u2019am\u00e9liorer la formation des agents, d\u2019investir dans de nouveaux \u00e9quipements de surveillance et de d\u00e9velopper des solutions num\u00e9riques pour rendre les interventions plus efficaces. Gr\u00e2ce \u00e0<a href=\"https:\/\/www.applijesignale.fr\/\" rel=\"noopener noreferrer nofollow\" target=\"_blank\"> l\u2019application Je Signale <\/a>, la police municipale peut \u00eatre alert\u00e9e en cas de probl\u00e8me. La dynamique de la s\u00e9curit\u00e9 publique entra\u00eene de nouveaux d\u00e9fis que la police municipale doit surmonter.<\/p>\n<h3>Les actions urgentes en mati\u00e8re de s\u00e9curit\u00e9 publique<\/h3>\n<p>Les priorit\u00e9s de la police municipale se r\u00e9adaptent avec l\u2019\u00e9volution des besoins de la soci\u00e9t\u00e9. Si la pr\u00e9vention de la d\u00e9linquance et la s\u00e9curit\u00e9 des espaces publics demeurent essentielles, de nouveaux enjeux li\u00e9s \u00e0 la technologie et aux nouvelles formes de criminalit\u00e9 doivent \u00e9galement \u00eatre pris en compte.<\/p>\n<h2>Approches de s\u00e9curit\u00e9 et d\u2019intervention<\/h2>\n<p>La police municipale est proactive dans son approche, cherchant \u00e0 r\u00e9duire les risques de troubles \u00e0 l\u2019ordre public par des actions pr\u00e9ventives.<\/p>\n<h3>Coordination des efforts de s\u00e9curit\u00e9 locale<\/h3>\n<p>La police municipale, en collaboration avec la police nationale et les services de secours, assure une r\u00e9action rapide et bien orchestr\u00e9e lors des situations d\u2019urgence. Cette coop\u00e9ration maximise l\u2019efficacit\u00e9 des actions de s\u00e9curit\u00e9 et de protection.<\/p>\n<h3>Dispositifs de surveillance et de patrouilles r\u00e9guli\u00e8res<\/h3>\n<p>Les policiers municipaux assurent une pr\u00e9sence constante gr\u00e2ce \u00e0 des rondes \u00e0 pied ou en voiture, compl\u00e9t\u00e9es par l\u2019installation de cam\u00e9ras, afin de rep\u00e9rer toute anomalie et d\u2019intervenir rapidement.<\/p>\n<h3>Campagnes de pr\u00e9vention et d\u2019information citoyenne<\/h3>\n<p>La pr\u00e9vention de la d\u00e9linquance est au c\u0153ur de l\u2019action de la police municipale. Elle met en place des campagnes de sensibilisation sur la s\u00e9curit\u00e9 routi\u00e8re, organise des r\u00e9unions de quartier pour \u00e9changer avec les habitants et d\u00e9ploie des actions \u00e9ducatives contre les nuisances. La participation active des citoyens renforce cette d\u00e9marche de s\u00e9curit\u00e9 partag\u00e9e.<\/p>\n<h2>R\u00f4le primordial de la police municipale<\/h2>\n<p>La police municipale, relevant du maire d\u2019une commune, est un acteur fondamental de la s\u00e9curit\u00e9 locale. Elle \u0153uvre pour maintenir l\u2019ordre public, en collaboration avec la police nationale, et veille \u00e0 la tranquillit\u00e9 des citoyens en surveillant les espaces publics, en intervenant lors de conflits et en appliquant les arr\u00eat\u00e9s municipaux.<\/p>\n<h3>Les missions et expertises de la police municipale<\/h3>\n<p>Les policiers municipaux ont des responsabilit\u00e9s vari\u00e9es, incluant la surveillance des rues par des patrouilles r\u00e9guli\u00e8res, la gestion du stationnement, la prise en charge des animaux errants et la r\u00e9gulation des nuisances sonores. Leur r\u00f4le consiste \u00e9galement \u00e0 intervenir en cas d\u2019infractions ou de troubles \u00e0 l\u2019ordre public.<\/p>\n<h3>Une pr\u00e9sence rapproch\u00e9e aupr\u00e8s des citoyens<\/h3>\n<p>La proximit\u00e9 de la police municipale avec les citoyens est un facteur cl\u00e9 de son efficacit\u00e9. En \u00e9tant implant\u00e9e au c\u0153ur des quartiers, elle permet un traitement administratif rapide et adapt\u00e9 dans le cadre du droit judiciaire. Cela renforce la confiance entre les habitants et la police, facilitant l\u2019\u00e9change d\u2019informations pour pr\u00e9venir les risques.<\/p>\n<h3>L\u2019influence sur le bien-\u00eatre public<\/h3>\n<p>Le r\u00f4le de la police municipale dans la pr\u00e9servation de la tranquillit\u00e9 publique est fondamental. Gr\u00e2ce \u00e0 une surveillance r\u00e9guli\u00e8re des rues et des espaces publics, les policiers limitent les comportements ind\u00e9sirables et contribuent \u00e0 r\u00e9duire la d\u00e9linquance. Leur pr\u00e9sence sur le terrain agit comme un puissant moyen de dissuasion, apportant s\u00e9curit\u00e9 et s\u00e9r\u00e9nit\u00e9 aux habitants.<\/p>\n<h2>L\u2019\u00e9volution des r\u00f4les de la police municipale<\/h2>\n<h3>L\u2019avenir de l\u2019intervention polici\u00e8re dans les collectivit\u00e9s locales<\/h3>\n<p>Avec les \u00e9volutions futures, la police municipale pourrait se voir confier de nouvelles responsabilit\u00e9s, comme la gestion de la s\u00e9curit\u00e9 lors d\u2019\u00e9v\u00e9nements et l\u2019impl\u00e9mentation de solutions innovantes pour mieux prot\u00e9ger les citoyens.<\/p>\n<h3>Adaptations l\u00e9gislatives et changements r\u00e9glementaires<\/h3>\n<p>La l\u00e9gislation concernant la police municipale subit des ajustements fr\u00e9quents afin de permettre une meilleure gestion de la s\u00e9curit\u00e9 publique. Le futur de la police municipale semble tr\u00e8s prometteur, avec une grande capacit\u00e9 d\u2019adaptation aux d\u00e9fis \u00e0 venir.<\/p>\n<h3>Projets pionniers pour une s\u00e9curit\u00e9 renforc\u00e9e<\/h3>\n<p>L\u2019innovation en mati\u00e8re de technologie pourrait jouer un r\u00f4le cl\u00e9 dans la gestion de la s\u00e9curit\u00e9 par la police municipale, avec des outils comme les drones, les vid\u00e9osurveillance modernes et les plateformes de signalement num\u00e9rique pour des interventions plus efficaces. La police municipale joue un r\u00f4le essentiel pour garantir la tranquillit\u00e9 des citoyens, en \u00e9tant toujours proche de la population et en mettant en place des strat\u00e9gies de pr\u00e9vention. N\u00e9anmoins, son \u00e9volution est indispensable pour relever les d\u00e9fis \u00e0 venir.<\/p>\n<h2>La police municipale : Garantir la tranquillit\u00e9 publique gr\u00e2ce \u00e0 la proximit\u00e9<\/h2>\n<p>Le maintien de la tranquillit\u00e9 publique dans nos quartiers d\u00e9pend de l\u2019efficacit\u00e9 de la police municipale. Les policiers municipaux assurent une pr\u00e9sence rassurante sur le terrain, veillent \u00e0 la s\u00e9curit\u00e9 des espaces publics et interviennent sans d\u00e9lai en cas de n\u00e9cessit\u00e9. Nous d\u00e9taillerons dans cet article les missions de la police municipale, ses actions pr\u00e9ventives, les d\u00e9fis actuels et les perspectives pour l\u2019avenir. <\/p>\n<p>#Manifestation #des #gilets #jaunes<\/p>\n<p> Cet article, qui traite du th\u00e8me \u00ab\u00a0Les 3 rivi\u00e8res dans la Somme\u00a0\u00bb, vous est sp\u00e9cialement sugg\u00e9r\u00e9 par cc3rivieres76.com. La chronique est reproduite du mieux possible. Dans le cas o\u00f9 vous souhaitez apporter quelques pr\u00e9cisions concernant le domaine de \u00ab\u00a0Les 3 rivi\u00e8res dans la Somme\u00a0\u00bb vous pouvez solliciter notre r\u00e9daction. La destination de cc3rivieres76.com est de d\u00e9battre de Les 3 rivi\u00e8res dans la Somme dans la transparence en vous apportant la connaissance de tout ce qui est en lien avec ce sujet sur la toile Connectez-vous sur notre site cc3rivieres76.com et nos r\u00e9seaux sociaux dans le but d\u2019\u00eatre inform\u00e9 des futures publications.<\/p>\n","protected":false},"excerpt":{"rendered":"<p>ivanledu traite du sujet \u00ab&nbsp;police municipale&nbsp;\u00bb Actuellement sur Pinterest, et cr\u00e9e par ivanledu (nom officiel Iv\u00e1n Leal), une \u00ab\u00e9pingle\u00bb ( image mise en avant ) est int\u00e9ressante pour ceux qui s\u2019int\u00e9ressent au sujet \u00abpolice municipale \u00bb.Pinterest offre aux utilisateurs la possibilit\u00e9 de regrouper leurs d\u00e9couvertes dans des tableaux et de repartager celles des autres pour &hellip; <\/p>\n<p class=\"link-more\"><a href=\"https:\/\/www.cc3rivieres76.com\/blog\/pinterest-police-municipale-manifestation-des-gilets-jaunes\/\" class=\"more-link\">Continuer la lecture <span class=\"screen-reader-text\"> \u00ab\u00a0Pinterest (police municipale): Manifestation des gilets jaunes\u00a0\u00bb<\/span><\/a><\/p>\n","protected":false},"author":3,"featured_media":1138,"comment_status":"closed","ping_status":"closed","sticky":false,"template":"","format":"standard","meta":{"footnotes":""},"categories":[2],"tags":[],"class_list":["post-1137","post","type-post","status-publish","format-standard","has-post-thumbnail","hentry","category-les-3-rivieres-dans-la-somme","entry"],"yoast_head":"<!-- This site is optimized with the Yoast SEO plugin v27.5 - https:\/\/yoast.com\/product\/yoast-seo-wordpress\/ -->\n<title>Pinterest (police municipale): Manifestation des gilets jaunes - CC3RIVIERES76<\/title>\n<meta name=\"robots\" content=\"index, follow, max-snippet:-1, max-image-preview:large, max-video-preview:-1\" \/>\n<link rel=\"canonical\" href=\"https:\/\/www.cc3rivieres76.com\/blog\/pinterest-police-municipale-manifestation-des-gilets-jaunes\/\" \/>\n<meta property=\"og:locale\" content=\"fr_FR\" \/>\n<meta property=\"og:type\" content=\"article\" \/>\n<meta property=\"og:title\" content=\"Pinterest (police municipale): Manifestation des gilets jaunes - CC3RIVIERES76\" \/>\n<meta property=\"og:description\" content=\"ivanledu traite du sujet \u00ab&nbsp;police municipale&nbsp;\u00bb Actuellement sur Pinterest, et cr\u00e9e par ivanledu (nom officiel Iv\u00e1n Leal), une \u00ab\u00e9pingle\u00bb ( image mise en avant ) est int\u00e9ressante pour ceux qui s\u2019int\u00e9ressent au sujet \u00abpolice municipale \u00bb.Pinterest offre aux utilisateurs la possibilit\u00e9 de regrouper leurs d\u00e9couvertes dans des tableaux et de repartager celles des autres pour &hellip; Continuer la lecture \u00ab\u00a0Pinterest (police municipale): Manifestation des gilets jaunes\u00a0\u00bb\" \/>\n<meta property=\"og:url\" content=\"https:\/\/www.cc3rivieres76.com\/blog\/pinterest-police-municipale-manifestation-des-gilets-jaunes\/\" \/>\n<meta property=\"og:site_name\" content=\"CC3RIVIERES76\" \/>\n<meta property=\"article:published_time\" content=\"2026-01-13T08:19:54+00:00\" \/>\n<meta property=\"og:image\" content=\"https:\/\/www.cc3rivieres76.com\/blog\/wp-content\/uploads\/2026\/01\/pinterest-police-municipale-manifestation-des-gilets-jaunes.jpg\" \/>\n<meta name=\"author\" content=\"Sylvie DE LAUZAINGHEIN\" \/>\n<meta name=\"twitter:card\" content=\"summary_large_image\" \/>\n<meta name=\"twitter:label1\" content=\"\u00c9crit par\" \/>\n\t<meta name=\"twitter:data1\" content=\"Sylvie DE LAUZAINGHEIN\" \/>\n\t<meta name=\"twitter:label2\" content=\"Dur\u00e9e de lecture estim\u00e9e\" \/>\n\t<meta name=\"twitter:data2\" content=\"6 minutes\" \/>\n<script type=\"application\/ld+json\" class=\"yoast-schema-graph\">{\"@context\":\"https:\\\/\\\/schema.org\",\"@graph\":[{\"@type\":\"Article\",\"@id\":\"https:\\\/\\\/www.cc3rivieres76.com\\\/blog\\\/pinterest-police-municipale-manifestation-des-gilets-jaunes\\\/#article\",\"isPartOf\":{\"@id\":\"https:\\\/\\\/www.cc3rivieres76.com\\\/blog\\\/pinterest-police-municipale-manifestation-des-gilets-jaunes\\\/\"},\"author\":{\"name\":\"Sylvie DE LAUZAINGHEIN\",\"@id\":\"https:\\\/\\\/www.cc3rivieres76.com\\\/blog\\\/#\\\/schema\\\/person\\\/474d457fb7747b5218f39792dfaa5a1c\"},\"headline\":\"Pinterest (police municipale): Manifestation des gilets jaunes\",\"datePublished\":\"2026-01-13T08:19:54+00:00\",\"mainEntityOfPage\":{\"@id\":\"https:\\\/\\\/www.cc3rivieres76.com\\\/blog\\\/pinterest-police-municipale-manifestation-des-gilets-jaunes\\\/\"},\"wordCount\":1235,\"publisher\":{\"@id\":\"https:\\\/\\\/www.cc3rivieres76.com\\\/blog\\\/#organization\"},\"image\":{\"@id\":\"https:\\\/\\\/www.cc3rivieres76.com\\\/blog\\\/pinterest-police-municipale-manifestation-des-gilets-jaunes\\\/#primaryimage\"},\"thumbnailUrl\":\"https:\\\/\\\/www.cc3rivieres76.com\\\/blog\\\/wp-content\\\/uploads\\\/2026\\\/01\\\/pinterest-police-municipale-manifestation-des-gilets-jaunes.jpg\",\"articleSection\":[\"Les 3 Rivi\u00e8res Dans La Somme:\"],\"inLanguage\":\"fr-FR\"},{\"@type\":\"WebPage\",\"@id\":\"https:\\\/\\\/www.cc3rivieres76.com\\\/blog\\\/pinterest-police-municipale-manifestation-des-gilets-jaunes\\\/\",\"url\":\"https:\\\/\\\/www.cc3rivieres76.com\\\/blog\\\/pinterest-police-municipale-manifestation-des-gilets-jaunes\\\/\",\"name\":\"Pinterest (police municipale): Manifestation des gilets jaunes - CC3RIVIERES76\",\"isPartOf\":{\"@id\":\"https:\\\/\\\/www.cc3rivieres76.com\\\/blog\\\/#website\"},\"primaryImageOfPage\":{\"@id\":\"https:\\\/\\\/www.cc3rivieres76.com\\\/blog\\\/pinterest-police-municipale-manifestation-des-gilets-jaunes\\\/#primaryimage\"},\"image\":{\"@id\":\"https:\\\/\\\/www.cc3rivieres76.com\\\/blog\\\/pinterest-police-municipale-manifestation-des-gilets-jaunes\\\/#primaryimage\"},\"thumbnailUrl\":\"https:\\\/\\\/www.cc3rivieres76.com\\\/blog\\\/wp-content\\\/uploads\\\/2026\\\/01\\\/pinterest-police-municipale-manifestation-des-gilets-jaunes.jpg\",\"datePublished\":\"2026-01-13T08:19:54+00:00\",\"breadcrumb\":{\"@id\":\"https:\\\/\\\/www.cc3rivieres76.com\\\/blog\\\/pinterest-police-municipale-manifestation-des-gilets-jaunes\\\/#breadcrumb\"},\"inLanguage\":\"fr-FR\",\"potentialAction\":[{\"@type\":\"ReadAction\",\"target\":[\"https:\\\/\\\/www.cc3rivieres76.com\\\/blog\\\/pinterest-police-municipale-manifestation-des-gilets-jaunes\\\/\"]}]},{\"@type\":\"ImageObject\",\"inLanguage\":\"fr-FR\",\"@id\":\"https:\\\/\\\/www.cc3rivieres76.com\\\/blog\\\/pinterest-police-municipale-manifestation-des-gilets-jaunes\\\/#primaryimage\",\"url\":\"https:\\\/\\\/www.cc3rivieres76.com\\\/blog\\\/wp-content\\\/uploads\\\/2026\\\/01\\\/pinterest-police-municipale-manifestation-des-gilets-jaunes.jpg\",\"contentUrl\":\"https:\\\/\\\/www.cc3rivieres76.com\\\/blog\\\/wp-content\\\/uploads\\\/2026\\\/01\\\/pinterest-police-municipale-manifestation-des-gilets-jaunes.jpg\",\"width\":680,\"height\":664,\"caption\":\"Pinterest (police municipale): Manifestation des gilets jaunes\"},{\"@type\":\"BreadcrumbList\",\"@id\":\"https:\\\/\\\/www.cc3rivieres76.com\\\/blog\\\/pinterest-police-municipale-manifestation-des-gilets-jaunes\\\/#breadcrumb\",\"itemListElement\":[{\"@type\":\"ListItem\",\"position\":1,\"name\":\"Accueil\",\"item\":\"https:\\\/\\\/www.cc3rivieres76.com\\\/blog\\\/\"},{\"@type\":\"ListItem\",\"position\":2,\"name\":\"Pinterest (police municipale): Manifestation des gilets jaunes\"}]},{\"@type\":\"WebSite\",\"@id\":\"https:\\\/\\\/www.cc3rivieres76.com\\\/blog\\\/#website\",\"url\":\"https:\\\/\\\/www.cc3rivieres76.com\\\/blog\\\/\",\"name\":\"CC3RIVIERES76\",\"description\":\"Les 3 rivi\u00e8res dans la Somme.\",\"publisher\":{\"@id\":\"https:\\\/\\\/www.cc3rivieres76.com\\\/blog\\\/#organization\"},\"potentialAction\":[{\"@type\":\"SearchAction\",\"target\":{\"@type\":\"EntryPoint\",\"urlTemplate\":\"https:\\\/\\\/www.cc3rivieres76.com\\\/blog\\\/?s={search_term_string}\"},\"query-input\":{\"@type\":\"PropertyValueSpecification\",\"valueRequired\":true,\"valueName\":\"search_term_string\"}}],\"inLanguage\":\"fr-FR\"},{\"@type\":\"Organization\",\"@id\":\"https:\\\/\\\/www.cc3rivieres76.com\\\/blog\\\/#organization\",\"name\":\"cc3rivieres76\",\"url\":\"https:\\\/\\\/www.cc3rivieres76.com\\\/blog\\\/\",\"logo\":{\"@type\":\"ImageObject\",\"inLanguage\":\"fr-FR\",\"@id\":\"https:\\\/\\\/www.cc3rivieres76.com\\\/blog\\\/#\\\/schema\\\/logo\\\/image\\\/\",\"url\":\"https:\\\/\\\/www.cc3rivieres76.com\\\/blog\\\/wp-content\\\/uploads\\\/2023\\\/06\\\/logo-2.png\",\"contentUrl\":\"https:\\\/\\\/www.cc3rivieres76.com\\\/blog\\\/wp-content\\\/uploads\\\/2023\\\/06\\\/logo-2.png\",\"width\":390,\"height\":388,\"caption\":\"cc3rivieres76\"},\"image\":{\"@id\":\"https:\\\/\\\/www.cc3rivieres76.com\\\/blog\\\/#\\\/schema\\\/logo\\\/image\\\/\"}},{\"@type\":\"Person\",\"@id\":\"https:\\\/\\\/www.cc3rivieres76.com\\\/blog\\\/#\\\/schema\\\/person\\\/474d457fb7747b5218f39792dfaa5a1c\",\"name\":\"Sylvie DE LAUZAINGHEIN\",\"image\":{\"@type\":\"ImageObject\",\"inLanguage\":\"fr-FR\",\"@id\":\"https:\\\/\\\/secure.gravatar.com\\\/avatar\\\/9c6a53b19e0a3431aa80de0895b9729fe665cd7e7d6cc94fc11abb152f4237d7?s=96&d=mm&r=g\",\"url\":\"https:\\\/\\\/secure.gravatar.com\\\/avatar\\\/9c6a53b19e0a3431aa80de0895b9729fe665cd7e7d6cc94fc11abb152f4237d7?s=96&d=mm&r=g\",\"contentUrl\":\"https:\\\/\\\/secure.gravatar.com\\\/avatar\\\/9c6a53b19e0a3431aa80de0895b9729fe665cd7e7d6cc94fc11abb152f4237d7?s=96&d=mm&r=g\",\"caption\":\"Sylvie DE LAUZAINGHEIN\"},\"url\":\"https:\\\/\\\/www.cc3rivieres76.com\\\/blog\\\/author\\\/s76sylvie\\\/\"}]}<\/script>\n<!-- \/ Yoast SEO plugin. -->","yoast_head_json":{"title":"Pinterest (police municipale): Manifestation des gilets jaunes - CC3RIVIERES76","robots":{"index":"index","follow":"follow","max-snippet":"max-snippet:-1","max-image-preview":"max-image-preview:large","max-video-preview":"max-video-preview:-1"},"canonical":"https:\/\/www.cc3rivieres76.com\/blog\/pinterest-police-municipale-manifestation-des-gilets-jaunes\/","og_locale":"fr_FR","og_type":"article","og_title":"Pinterest (police municipale): Manifestation des gilets jaunes - CC3RIVIERES76","og_description":"ivanledu traite du sujet \u00ab&nbsp;police municipale&nbsp;\u00bb Actuellement sur Pinterest, et cr\u00e9e par ivanledu (nom officiel Iv\u00e1n Leal), une \u00ab\u00e9pingle\u00bb ( image mise en avant ) est int\u00e9ressante pour ceux qui s\u2019int\u00e9ressent au sujet \u00abpolice municipale \u00bb.Pinterest offre aux utilisateurs la possibilit\u00e9 de regrouper leurs d\u00e9couvertes dans des tableaux et de repartager celles des autres pour &hellip; Continuer la lecture \u00ab\u00a0Pinterest (police municipale): Manifestation des gilets jaunes\u00a0\u00bb","og_url":"https:\/\/www.cc3rivieres76.com\/blog\/pinterest-police-municipale-manifestation-des-gilets-jaunes\/","og_site_name":"CC3RIVIERES76","article_published_time":"2026-01-13T08:19:54+00:00","og_image":[{"url":"https:\/\/www.cc3rivieres76.com\/blog\/wp-content\/uploads\/2026\/01\/pinterest-police-municipale-manifestation-des-gilets-jaunes.jpg","type":"","width":"","height":""}],"author":"Sylvie DE LAUZAINGHEIN","twitter_card":"summary_large_image","twitter_misc":{"\u00c9crit par":"Sylvie DE LAUZAINGHEIN","Dur\u00e9e de lecture estim\u00e9e":"6 minutes"},"schema":{"@context":"https:\/\/schema.org","@graph":[{"@type":"Article","@id":"https:\/\/www.cc3rivieres76.com\/blog\/pinterest-police-municipale-manifestation-des-gilets-jaunes\/#article","isPartOf":{"@id":"https:\/\/www.cc3rivieres76.com\/blog\/pinterest-police-municipale-manifestation-des-gilets-jaunes\/"},"author":{"name":"Sylvie DE LAUZAINGHEIN","@id":"https:\/\/www.cc3rivieres76.com\/blog\/#\/schema\/person\/474d457fb7747b5218f39792dfaa5a1c"},"headline":"Pinterest (police municipale): Manifestation des gilets jaunes","datePublished":"2026-01-13T08:19:54+00:00","mainEntityOfPage":{"@id":"https:\/\/www.cc3rivieres76.com\/blog\/pinterest-police-municipale-manifestation-des-gilets-jaunes\/"},"wordCount":1235,"publisher":{"@id":"https:\/\/www.cc3rivieres76.com\/blog\/#organization"},"image":{"@id":"https:\/\/www.cc3rivieres76.com\/blog\/pinterest-police-municipale-manifestation-des-gilets-jaunes\/#primaryimage"},"thumbnailUrl":"https:\/\/www.cc3rivieres76.com\/blog\/wp-content\/uploads\/2026\/01\/pinterest-police-municipale-manifestation-des-gilets-jaunes.jpg","articleSection":["Les 3 Rivi\u00e8res Dans La Somme:"],"inLanguage":"fr-FR"},{"@type":"WebPage","@id":"https:\/\/www.cc3rivieres76.com\/blog\/pinterest-police-municipale-manifestation-des-gilets-jaunes\/","url":"https:\/\/www.cc3rivieres76.com\/blog\/pinterest-police-municipale-manifestation-des-gilets-jaunes\/","name":"Pinterest (police municipale): Manifestation des gilets jaunes - CC3RIVIERES76","isPartOf":{"@id":"https:\/\/www.cc3rivieres76.com\/blog\/#website"},"primaryImageOfPage":{"@id":"https:\/\/www.cc3rivieres76.com\/blog\/pinterest-police-municipale-manifestation-des-gilets-jaunes\/#primaryimage"},"image":{"@id":"https:\/\/www.cc3rivieres76.com\/blog\/pinterest-police-municipale-manifestation-des-gilets-jaunes\/#primaryimage"},"thumbnailUrl":"https:\/\/www.cc3rivieres76.com\/blog\/wp-content\/uploads\/2026\/01\/pinterest-police-municipale-manifestation-des-gilets-jaunes.jpg","datePublished":"2026-01-13T08:19:54+00:00","breadcrumb":{"@id":"https:\/\/www.cc3rivieres76.com\/blog\/pinterest-police-municipale-manifestation-des-gilets-jaunes\/#breadcrumb"},"inLanguage":"fr-FR","potentialAction":[{"@type":"ReadAction","target":["https:\/\/www.cc3rivieres76.com\/blog\/pinterest-police-municipale-manifestation-des-gilets-jaunes\/"]}]},{"@type":"ImageObject","inLanguage":"fr-FR","@id":"https:\/\/www.cc3rivieres76.com\/blog\/pinterest-police-municipale-manifestation-des-gilets-jaunes\/#primaryimage","url":"https:\/\/www.cc3rivieres76.com\/blog\/wp-content\/uploads\/2026\/01\/pinterest-police-municipale-manifestation-des-gilets-jaunes.jpg","contentUrl":"https:\/\/www.cc3rivieres76.com\/blog\/wp-content\/uploads\/2026\/01\/pinterest-police-municipale-manifestation-des-gilets-jaunes.jpg","width":680,"height":664,"caption":"Pinterest (police municipale): Manifestation des gilets jaunes"},{"@type":"BreadcrumbList","@id":"https:\/\/www.cc3rivieres76.com\/blog\/pinterest-police-municipale-manifestation-des-gilets-jaunes\/#breadcrumb","itemListElement":[{"@type":"ListItem","position":1,"name":"Accueil","item":"https:\/\/www.cc3rivieres76.com\/blog\/"},{"@type":"ListItem","position":2,"name":"Pinterest (police municipale): Manifestation des gilets jaunes"}]},{"@type":"WebSite","@id":"https:\/\/www.cc3rivieres76.com\/blog\/#website","url":"https:\/\/www.cc3rivieres76.com\/blog\/","name":"CC3RIVIERES76","description":"Les 3 rivi\u00e8res dans la Somme.","publisher":{"@id":"https:\/\/www.cc3rivieres76.com\/blog\/#organization"},"potentialAction":[{"@type":"SearchAction","target":{"@type":"EntryPoint","urlTemplate":"https:\/\/www.cc3rivieres76.com\/blog\/?s={search_term_string}"},"query-input":{"@type":"PropertyValueSpecification","valueRequired":true,"valueName":"search_term_string"}}],"inLanguage":"fr-FR"},{"@type":"Organization","@id":"https:\/\/www.cc3rivieres76.com\/blog\/#organization","name":"cc3rivieres76","url":"https:\/\/www.cc3rivieres76.com\/blog\/","logo":{"@type":"ImageObject","inLanguage":"fr-FR","@id":"https:\/\/www.cc3rivieres76.com\/blog\/#\/schema\/logo\/image\/","url":"https:\/\/www.cc3rivieres76.com\/blog\/wp-content\/uploads\/2023\/06\/logo-2.png","contentUrl":"https:\/\/www.cc3rivieres76.com\/blog\/wp-content\/uploads\/2023\/06\/logo-2.png","width":390,"height":388,"caption":"cc3rivieres76"},"image":{"@id":"https:\/\/www.cc3rivieres76.com\/blog\/#\/schema\/logo\/image\/"}},{"@type":"Person","@id":"https:\/\/www.cc3rivieres76.com\/blog\/#\/schema\/person\/474d457fb7747b5218f39792dfaa5a1c","name":"Sylvie DE LAUZAINGHEIN","image":{"@type":"ImageObject","inLanguage":"fr-FR","@id":"https:\/\/secure.gravatar.com\/avatar\/9c6a53b19e0a3431aa80de0895b9729fe665cd7e7d6cc94fc11abb152f4237d7?s=96&d=mm&r=g","url":"https:\/\/secure.gravatar.com\/avatar\/9c6a53b19e0a3431aa80de0895b9729fe665cd7e7d6cc94fc11abb152f4237d7?s=96&d=mm&r=g","contentUrl":"https:\/\/secure.gravatar.com\/avatar\/9c6a53b19e0a3431aa80de0895b9729fe665cd7e7d6cc94fc11abb152f4237d7?s=96&d=mm&r=g","caption":"Sylvie DE LAUZAINGHEIN"},"url":"https:\/\/www.cc3rivieres76.com\/blog\/author\/s76sylvie\/"}]}},"_links":{"self":[{"href":"https:\/\/www.cc3rivieres76.com\/blog\/wp-json\/wp\/v2\/posts\/1137","targetHints":{"allow":["GET"]}}],"collection":[{"href":"https:\/\/www.cc3rivieres76.com\/blog\/wp-json\/wp\/v2\/posts"}],"about":[{"href":"https:\/\/www.cc3rivieres76.com\/blog\/wp-json\/wp\/v2\/types\/post"}],"author":[{"embeddable":true,"href":"https:\/\/www.cc3rivieres76.com\/blog\/wp-json\/wp\/v2\/users\/3"}],"replies":[{"embeddable":true,"href":"https:\/\/www.cc3rivieres76.com\/blog\/wp-json\/wp\/v2\/comments?post=1137"}],"version-history":[{"count":0,"href":"https:\/\/www.cc3rivieres76.com\/blog\/wp-json\/wp\/v2\/posts\/1137\/revisions"}],"wp:featuredmedia":[{"embeddable":true,"href":"https:\/\/www.cc3rivieres76.com\/blog\/wp-json\/wp\/v2\/media\/1138"}],"wp:attachment":[{"href":"https:\/\/www.cc3rivieres76.com\/blog\/wp-json\/wp\/v2\/media?parent=1137"}],"wp:term":[{"taxonomy":"category","embeddable":true,"href":"https:\/\/www.cc3rivieres76.com\/blog\/wp-json\/wp\/v2\/categories?post=1137"},{"taxonomy":"post_tag","embeddable":true,"href":"https:\/\/www.cc3rivieres76.com\/blog\/wp-json\/wp\/v2\/tags?post=1137"}],"curies":[{"name":"wp","href":"https:\/\/api.w.org\/{rel}","templated":true}]}}