{"id":114,"date":"2023-07-02T08:59:22","date_gmt":"2023-07-02T06:59:22","guid":{"rendered":"https:\/\/www.site.cdcl.xyz\/2023\/07\/02\/actu-france-timide-retour-a-la-normale-dans-la-province-de-cabo-delgado\/"},"modified":"2023-07-02T08:59:22","modified_gmt":"2023-07-02T06:59:22","slug":"actu-france-timide-retour-a-la-normale-dans-la-province-de-cabo-delgado","status":"publish","type":"post","link":"https:\/\/www.cc3rivieres76.com\/blog\/actu-france-timide-retour-a-la-normale-dans-la-province-de-cabo-delgado\/","title":{"rendered":"Actu france: timide retour \u00e0 la normale dans la province de Cabo Delgado"},"content":{"rendered":"\n<p><img decoding=\"async\" src=\"https:\/\/www.cc3rivieres76.com\/blog\/wp-content\/uploads\/2023\/07\/actu-france-timide-retour-a-la-normale-dans-la-province-de-cabo-delgado.jpg\"><\/p>\n<p> La province de Cabo Delgado, au nord du Mozambique, est le th\u00e9\u00e2tre d\u2019attaques arm\u00e9es jihadistes depuis 2017. Une crise qui a fait des milliers de morts, des centaines de milliers de d\u00e9plac\u00e9s et entra\u00een\u00e9 l\u2019intervention de l\u2019arm\u00e9e rwandaise. Aujourd\u2019hui, la situation semble revenir peu \u00e0 peu \u00e0 la normale si bien que le g\u00e9ant p\u00e9trolier TotalEnergies a choisi de reprendre ses activit\u00e9s dans la r\u00e9gion. Quant aux habitants, ils r\u00e9gentent leurs maisons. <\/p>\n<div>\n<p class=\"m-pub-dates\"><span class=\"m-pub-dates__date\">Publi\u00e9 le : 02\/07\/2023 \u2013 08:50<\/span><\/p>\n<\/div>\n<div>\n<p><em>Avec notre envoy\u00e9e sp\u00e9ciale dans le village de Mute, <\/em><strong>Ligia Anjos<\/strong><\/p>\n<p>Dans le village de Mute, \u00e0 cinquante kilom\u00e8tres de <strong>Mocimboa de Praia<\/strong>, pr\u00e8s de 70% de la population est de retour. Silvestre Saudjandja a retrouv\u00e9 sa maison br\u00fbl\u00e9e : \u00ab <em>Ma maison a \u00e9t\u00e9 d\u00e9truite, il ne reste que les murs, je n\u2019ai rien retrouv\u00e9. Depuis qu\u2019on est rentr\u00e9, en mars, la situation est redevenue normale.<\/em> \u00bb <\/p>\n<h2>Les populations n\u2019ont rien<\/h2>\n<p>Un quotidien o\u00f9 les populations manquent de tout : nourriture, eau, infrastructures de sant\u00e9. Les populations continuent \u00e0 \u00eatre d\u00e9pendantes de l\u2019aide humanitaire raconte Jord\u00e3o Matias Sabime : \u00ab<em> Sur une faim. Nous n\u2019avons rien \u00e0 manger ni \u00e0 faire. Je suis arriv\u00e9 et les maisons ont toutes \u00e9t\u00e9 br\u00fbl\u00e9es. On n\u2019a rien \u00e0 faire, on survit.<\/em> \u00bb<\/p>\n<p class=\"a-read-more\"><span class=\"a-read-more__label\">\u00c0 lire aussi<\/span>Le Mozambique l\u00e9galise des milices locales pour lutter contre les djihadistes<\/p>\n<p>Le village a \u00e9t\u00e9 repris par les forces du Mozambique et du Rwanda ; conservant les souvenirs des attaques terroristes sont toujours pr\u00e9sents dans les esprits, nous raconte Silvestre Saudjandja : \u00ab <em>Aujourd\u2019hui on est en s\u00e9curit\u00e9, on arrive \u00e0 dormir. Je ne connaissais pas les terroristes, je sais que le pays est en guerre et qu\u2019il faut courir si j\u2019entends des tirs parce que c\u2019est synonyme de mort <\/em>\u00bb. Un exemple parmi tant d\u2019autres des atrocit\u00e9s perp\u00e9tr\u00e9es par les insurg\u00e9s de la province de Cabo Delgado, qui ont laiss\u00e9 derri\u00e8re eux une r\u00e9gion d\u00e9vast\u00e9e et des milliers de personnes dans le besoin. <\/p>\n<p class=\"a-read-more\"><span class=\"a-read-more__label\">\u00c0 lire aussi<\/span>Mozambique : TotalEnergies rend public son rapport sur la situation dans le Cabo Delgado<\/p>\n<\/div>\n<p>A lire:<\/p>\n<p>Bibliographie de Gandhi\/Ann\u00e9es 1990 et suivantes\/Sur Gandhi.,<a href=\"https:\/\/fr.wikibooks.org\/wiki\/Bibliographie_de_Gandhi\/Ann%C3%A9es_1990_et_suivantes\/Sur_Gandhi\" target=\"_blank\" rel=\"noopener noreferrer nofollow\">Infos sur ce livre<\/a><span><\/span>. Disponible \u00e0 la FNAC.<\/p>\n<p>Les institutions de la France moderne.,<a href=\"https:\/\/www.kobo.com\/fr\/fr\/ebook\/les-institutions-de-la-france-moderne\" target=\"_blank\" rel=\"noopener noreferrer nofollow\">Redirection vers la fiche descriptive<\/a><span><\/span>.<\/p>\n<p>Plantes messicoles de l\u2019Avesnois\/Atlas des plantes messicoles\/Pr\u00e9sentation des esp\u00e8ces secondaires\/Allium vineale L..,<a href=\"https:\/\/fr.wikibooks.org\/wiki\/Plantes_messicoles_de_l%27Avesnois\/Atlas_des_plantes_messicoles\/Pr%C3%A9sentation_des_esp%C3%A8ces_secondaires\/Allium_vineale_L.\" target=\"_blank\" rel=\"noopener noreferrer nofollow\">Fiche compl\u00e8te<\/a><span><\/span>.<\/p>\n<p> Cet article, qui traite du th\u00e8me \u00ab\u00a0Les 3 rivi\u00e8res dans la Somme\u00a0\u00bb, vous est sp\u00e9cialement sugg\u00e9r\u00e9 par cc3rivieres76.com. La chronique est reproduite du mieux possible. Dans le cas o\u00f9 vous souhaitez apporter quelques pr\u00e9cisions concernant le domaine de \u00ab\u00a0Les 3 rivi\u00e8res dans la Somme\u00a0\u00bb vous pouvez solliciter notre r\u00e9daction. La destination de cc3rivieres76.com est de d\u00e9battre de Les 3 rivi\u00e8res dans la Somme dans la transparence en vous apportant la connaissance de tout ce qui est en lien avec ce sujet sur la toile Connectez-vous sur notre site cc3rivieres76.com et nos r\u00e9seaux sociaux dans le but d\u2019\u00eatre inform\u00e9 des futures publications.<\/p>\n","protected":false},"excerpt":{"rendered":"<p>La province de Cabo Delgado, au nord du Mozambique, est le th\u00e9\u00e2tre d\u2019attaques arm\u00e9es jihadistes depuis 2017. Une crise qui a fait des milliers de morts, des centaines de milliers de d\u00e9plac\u00e9s et entra\u00een\u00e9 l\u2019intervention de l\u2019arm\u00e9e rwandaise. Aujourd\u2019hui, la situation semble revenir peu \u00e0 peu \u00e0 la normale si bien que le g\u00e9ant p\u00e9trolier &hellip; <\/p>\n<p class=\"link-more\"><a href=\"https:\/\/www.cc3rivieres76.com\/blog\/actu-france-timide-retour-a-la-normale-dans-la-province-de-cabo-delgado\/\" class=\"more-link\">Continuer la lecture <span class=\"screen-reader-text\"> \u00ab\u00a0Actu france: timide retour \u00e0 la normale dans la province de Cabo Delgado\u00a0\u00bb<\/span><\/a><\/p>\n","protected":false},"author":3,"featured_media":115,"comment_status":"closed","ping_status":"closed","sticky":false,"template":"","format":"standard","meta":{"footnotes":""},"categories":[2],"tags":[],"class_list":["post-114","post","type-post","status-publish","format-standard","has-post-thumbnail","hentry","category-les-3-rivieres-dans-la-somme","entry"],"yoast_head":"<!-- This site is optimized with the Yoast SEO plugin v27.5 - https:\/\/yoast.com\/product\/yoast-seo-wordpress\/ -->\n<title>Actu france: timide retour \u00e0 la normale dans la province de Cabo Delgado - CC3RIVIERES76<\/title>\n<meta name=\"robots\" content=\"index, follow, max-snippet:-1, max-image-preview:large, max-video-preview:-1\" \/>\n<link rel=\"canonical\" href=\"https:\/\/www.cc3rivieres76.com\/blog\/actu-france-timide-retour-a-la-normale-dans-la-province-de-cabo-delgado\/\" \/>\n<meta property=\"og:locale\" content=\"fr_FR\" \/>\n<meta property=\"og:type\" content=\"article\" \/>\n<meta property=\"og:title\" content=\"Actu france: timide retour \u00e0 la normale dans la province de Cabo Delgado - CC3RIVIERES76\" \/>\n<meta property=\"og:description\" content=\"La province de Cabo Delgado, au nord du Mozambique, est le th\u00e9\u00e2tre d\u2019attaques arm\u00e9es jihadistes depuis 2017. Une crise qui a fait des milliers de morts, des centaines de milliers de d\u00e9plac\u00e9s et entra\u00een\u00e9 l\u2019intervention de l\u2019arm\u00e9e rwandaise. Aujourd\u2019hui, la situation semble revenir peu \u00e0 peu \u00e0 la normale si bien que le g\u00e9ant p\u00e9trolier &hellip; Continuer la lecture \u00ab\u00a0Actu france: timide retour \u00e0 la normale dans la province de Cabo Delgado\u00a0\u00bb\" \/>\n<meta property=\"og:url\" content=\"https:\/\/www.cc3rivieres76.com\/blog\/actu-france-timide-retour-a-la-normale-dans-la-province-de-cabo-delgado\/\" \/>\n<meta property=\"og:site_name\" content=\"CC3RIVIERES76\" \/>\n<meta property=\"article:published_time\" content=\"2023-07-02T06:59:22+00:00\" \/>\n<meta property=\"og:image\" content=\"https:\/\/www.cc3rivieres76.com\/blog\/wp-content\/uploads\/2023\/07\/actu-france-timide-retour-a-la-normale-dans-la-province-de-cabo-delgado.jpg\" \/>\n<meta name=\"author\" content=\"Sylvie DE LAUZAINGHEIN\" \/>\n<meta name=\"twitter:card\" content=\"summary_large_image\" \/>\n<meta name=\"twitter:label1\" content=\"\u00c9crit par\" \/>\n\t<meta name=\"twitter:data1\" content=\"Sylvie DE LAUZAINGHEIN\" \/>\n\t<meta name=\"twitter:label2\" content=\"Dur\u00e9e de lecture estim\u00e9e\" \/>\n\t<meta name=\"twitter:data2\" content=\"3 minutes\" \/>\n<script type=\"application\/ld+json\" class=\"yoast-schema-graph\">{\"@context\":\"https:\\\/\\\/schema.org\",\"@graph\":[{\"@type\":\"Article\",\"@id\":\"https:\\\/\\\/www.cc3rivieres76.com\\\/blog\\\/actu-france-timide-retour-a-la-normale-dans-la-province-de-cabo-delgado\\\/#article\",\"isPartOf\":{\"@id\":\"https:\\\/\\\/www.cc3rivieres76.com\\\/blog\\\/actu-france-timide-retour-a-la-normale-dans-la-province-de-cabo-delgado\\\/\"},\"author\":{\"name\":\"Sylvie DE LAUZAINGHEIN\",\"@id\":\"https:\\\/\\\/www.cc3rivieres76.com\\\/blog\\\/#\\\/schema\\\/person\\\/474d457fb7747b5218f39792dfaa5a1c\"},\"headline\":\"Actu france: timide retour \u00e0 la normale dans la province de Cabo Delgado\",\"datePublished\":\"2023-07-02T06:59:22+00:00\",\"mainEntityOfPage\":{\"@id\":\"https:\\\/\\\/www.cc3rivieres76.com\\\/blog\\\/actu-france-timide-retour-a-la-normale-dans-la-province-de-cabo-delgado\\\/\"},\"wordCount\":537,\"publisher\":{\"@id\":\"https:\\\/\\\/www.cc3rivieres76.com\\\/blog\\\/#organization\"},\"image\":{\"@id\":\"https:\\\/\\\/www.cc3rivieres76.com\\\/blog\\\/actu-france-timide-retour-a-la-normale-dans-la-province-de-cabo-delgado\\\/#primaryimage\"},\"thumbnailUrl\":\"https:\\\/\\\/www.cc3rivieres76.com\\\/blog\\\/wp-content\\\/uploads\\\/2023\\\/07\\\/actu-france-timide-retour-a-la-normale-dans-la-province-de-cabo-delgado.jpg\",\"articleSection\":[\"Les 3 Rivi\u00e8res Dans La Somme:\"],\"inLanguage\":\"fr-FR\"},{\"@type\":\"WebPage\",\"@id\":\"https:\\\/\\\/www.cc3rivieres76.com\\\/blog\\\/actu-france-timide-retour-a-la-normale-dans-la-province-de-cabo-delgado\\\/\",\"url\":\"https:\\\/\\\/www.cc3rivieres76.com\\\/blog\\\/actu-france-timide-retour-a-la-normale-dans-la-province-de-cabo-delgado\\\/\",\"name\":\"Actu france: timide retour \u00e0 la normale dans la province de Cabo Delgado - CC3RIVIERES76\",\"isPartOf\":{\"@id\":\"https:\\\/\\\/www.cc3rivieres76.com\\\/blog\\\/#website\"},\"primaryImageOfPage\":{\"@id\":\"https:\\\/\\\/www.cc3rivieres76.com\\\/blog\\\/actu-france-timide-retour-a-la-normale-dans-la-province-de-cabo-delgado\\\/#primaryimage\"},\"image\":{\"@id\":\"https:\\\/\\\/www.cc3rivieres76.com\\\/blog\\\/actu-france-timide-retour-a-la-normale-dans-la-province-de-cabo-delgado\\\/#primaryimage\"},\"thumbnailUrl\":\"https:\\\/\\\/www.cc3rivieres76.com\\\/blog\\\/wp-content\\\/uploads\\\/2023\\\/07\\\/actu-france-timide-retour-a-la-normale-dans-la-province-de-cabo-delgado.jpg\",\"datePublished\":\"2023-07-02T06:59:22+00:00\",\"breadcrumb\":{\"@id\":\"https:\\\/\\\/www.cc3rivieres76.com\\\/blog\\\/actu-france-timide-retour-a-la-normale-dans-la-province-de-cabo-delgado\\\/#breadcrumb\"},\"inLanguage\":\"fr-FR\",\"potentialAction\":[{\"@type\":\"ReadAction\",\"target\":[\"https:\\\/\\\/www.cc3rivieres76.com\\\/blog\\\/actu-france-timide-retour-a-la-normale-dans-la-province-de-cabo-delgado\\\/\"]}]},{\"@type\":\"ImageObject\",\"inLanguage\":\"fr-FR\",\"@id\":\"https:\\\/\\\/www.cc3rivieres76.com\\\/blog\\\/actu-france-timide-retour-a-la-normale-dans-la-province-de-cabo-delgado\\\/#primaryimage\",\"url\":\"https:\\\/\\\/www.cc3rivieres76.com\\\/blog\\\/wp-content\\\/uploads\\\/2023\\\/07\\\/actu-france-timide-retour-a-la-normale-dans-la-province-de-cabo-delgado.jpg\",\"contentUrl\":\"https:\\\/\\\/www.cc3rivieres76.com\\\/blog\\\/wp-content\\\/uploads\\\/2023\\\/07\\\/actu-france-timide-retour-a-la-normale-dans-la-province-de-cabo-delgado.jpg\",\"width\":1024,\"height\":576,\"caption\":\"Actu france: timide retour \u00e0 la normale dans la province de Cabo Delgado\"},{\"@type\":\"BreadcrumbList\",\"@id\":\"https:\\\/\\\/www.cc3rivieres76.com\\\/blog\\\/actu-france-timide-retour-a-la-normale-dans-la-province-de-cabo-delgado\\\/#breadcrumb\",\"itemListElement\":[{\"@type\":\"ListItem\",\"position\":1,\"name\":\"Accueil\",\"item\":\"https:\\\/\\\/www.cc3rivieres76.com\\\/blog\\\/\"},{\"@type\":\"ListItem\",\"position\":2,\"name\":\"Actu france: timide retour \u00e0 la normale dans la province de Cabo Delgado\"}]},{\"@type\":\"WebSite\",\"@id\":\"https:\\\/\\\/www.cc3rivieres76.com\\\/blog\\\/#website\",\"url\":\"https:\\\/\\\/www.cc3rivieres76.com\\\/blog\\\/\",\"name\":\"CC3RIVIERES76\",\"description\":\"Les 3 rivi\u00e8res dans la Somme.\",\"publisher\":{\"@id\":\"https:\\\/\\\/www.cc3rivieres76.com\\\/blog\\\/#organization\"},\"potentialAction\":[{\"@type\":\"SearchAction\",\"target\":{\"@type\":\"EntryPoint\",\"urlTemplate\":\"https:\\\/\\\/www.cc3rivieres76.com\\\/blog\\\/?s={search_term_string}\"},\"query-input\":{\"@type\":\"PropertyValueSpecification\",\"valueRequired\":true,\"valueName\":\"search_term_string\"}}],\"inLanguage\":\"fr-FR\"},{\"@type\":\"Organization\",\"@id\":\"https:\\\/\\\/www.cc3rivieres76.com\\\/blog\\\/#organization\",\"name\":\"cc3rivieres76\",\"url\":\"https:\\\/\\\/www.cc3rivieres76.com\\\/blog\\\/\",\"logo\":{\"@type\":\"ImageObject\",\"inLanguage\":\"fr-FR\",\"@id\":\"https:\\\/\\\/www.cc3rivieres76.com\\\/blog\\\/#\\\/schema\\\/logo\\\/image\\\/\",\"url\":\"https:\\\/\\\/www.cc3rivieres76.com\\\/blog\\\/wp-content\\\/uploads\\\/2023\\\/06\\\/logo-2.png\",\"contentUrl\":\"https:\\\/\\\/www.cc3rivieres76.com\\\/blog\\\/wp-content\\\/uploads\\\/2023\\\/06\\\/logo-2.png\",\"width\":390,\"height\":388,\"caption\":\"cc3rivieres76\"},\"image\":{\"@id\":\"https:\\\/\\\/www.cc3rivieres76.com\\\/blog\\\/#\\\/schema\\\/logo\\\/image\\\/\"}},{\"@type\":\"Person\",\"@id\":\"https:\\\/\\\/www.cc3rivieres76.com\\\/blog\\\/#\\\/schema\\\/person\\\/474d457fb7747b5218f39792dfaa5a1c\",\"name\":\"Sylvie DE LAUZAINGHEIN\",\"image\":{\"@type\":\"ImageObject\",\"inLanguage\":\"fr-FR\",\"@id\":\"https:\\\/\\\/secure.gravatar.com\\\/avatar\\\/9c6a53b19e0a3431aa80de0895b9729fe665cd7e7d6cc94fc11abb152f4237d7?s=96&d=mm&r=g\",\"url\":\"https:\\\/\\\/secure.gravatar.com\\\/avatar\\\/9c6a53b19e0a3431aa80de0895b9729fe665cd7e7d6cc94fc11abb152f4237d7?s=96&d=mm&r=g\",\"contentUrl\":\"https:\\\/\\\/secure.gravatar.com\\\/avatar\\\/9c6a53b19e0a3431aa80de0895b9729fe665cd7e7d6cc94fc11abb152f4237d7?s=96&d=mm&r=g\",\"caption\":\"Sylvie DE LAUZAINGHEIN\"},\"url\":\"https:\\\/\\\/www.cc3rivieres76.com\\\/blog\\\/author\\\/s76sylvie\\\/\"}]}<\/script>\n<!-- \/ Yoast SEO plugin. -->","yoast_head_json":{"title":"Actu france: timide retour \u00e0 la normale dans la province de Cabo Delgado - CC3RIVIERES76","robots":{"index":"index","follow":"follow","max-snippet":"max-snippet:-1","max-image-preview":"max-image-preview:large","max-video-preview":"max-video-preview:-1"},"canonical":"https:\/\/www.cc3rivieres76.com\/blog\/actu-france-timide-retour-a-la-normale-dans-la-province-de-cabo-delgado\/","og_locale":"fr_FR","og_type":"article","og_title":"Actu france: timide retour \u00e0 la normale dans la province de Cabo Delgado - CC3RIVIERES76","og_description":"La province de Cabo Delgado, au nord du Mozambique, est le th\u00e9\u00e2tre d\u2019attaques arm\u00e9es jihadistes depuis 2017. Une crise qui a fait des milliers de morts, des centaines de milliers de d\u00e9plac\u00e9s et entra\u00een\u00e9 l\u2019intervention de l\u2019arm\u00e9e rwandaise. Aujourd\u2019hui, la situation semble revenir peu \u00e0 peu \u00e0 la normale si bien que le g\u00e9ant p\u00e9trolier &hellip; Continuer la lecture \u00ab\u00a0Actu france: timide retour \u00e0 la normale dans la province de Cabo Delgado\u00a0\u00bb","og_url":"https:\/\/www.cc3rivieres76.com\/blog\/actu-france-timide-retour-a-la-normale-dans-la-province-de-cabo-delgado\/","og_site_name":"CC3RIVIERES76","article_published_time":"2023-07-02T06:59:22+00:00","og_image":[{"url":"https:\/\/www.cc3rivieres76.com\/blog\/wp-content\/uploads\/2023\/07\/actu-france-timide-retour-a-la-normale-dans-la-province-de-cabo-delgado.jpg","type":"","width":"","height":""}],"author":"Sylvie DE LAUZAINGHEIN","twitter_card":"summary_large_image","twitter_misc":{"\u00c9crit par":"Sylvie DE LAUZAINGHEIN","Dur\u00e9e de lecture estim\u00e9e":"3 minutes"},"schema":{"@context":"https:\/\/schema.org","@graph":[{"@type":"Article","@id":"https:\/\/www.cc3rivieres76.com\/blog\/actu-france-timide-retour-a-la-normale-dans-la-province-de-cabo-delgado\/#article","isPartOf":{"@id":"https:\/\/www.cc3rivieres76.com\/blog\/actu-france-timide-retour-a-la-normale-dans-la-province-de-cabo-delgado\/"},"author":{"name":"Sylvie DE LAUZAINGHEIN","@id":"https:\/\/www.cc3rivieres76.com\/blog\/#\/schema\/person\/474d457fb7747b5218f39792dfaa5a1c"},"headline":"Actu france: timide retour \u00e0 la normale dans la province de Cabo Delgado","datePublished":"2023-07-02T06:59:22+00:00","mainEntityOfPage":{"@id":"https:\/\/www.cc3rivieres76.com\/blog\/actu-france-timide-retour-a-la-normale-dans-la-province-de-cabo-delgado\/"},"wordCount":537,"publisher":{"@id":"https:\/\/www.cc3rivieres76.com\/blog\/#organization"},"image":{"@id":"https:\/\/www.cc3rivieres76.com\/blog\/actu-france-timide-retour-a-la-normale-dans-la-province-de-cabo-delgado\/#primaryimage"},"thumbnailUrl":"https:\/\/www.cc3rivieres76.com\/blog\/wp-content\/uploads\/2023\/07\/actu-france-timide-retour-a-la-normale-dans-la-province-de-cabo-delgado.jpg","articleSection":["Les 3 Rivi\u00e8res Dans La Somme:"],"inLanguage":"fr-FR"},{"@type":"WebPage","@id":"https:\/\/www.cc3rivieres76.com\/blog\/actu-france-timide-retour-a-la-normale-dans-la-province-de-cabo-delgado\/","url":"https:\/\/www.cc3rivieres76.com\/blog\/actu-france-timide-retour-a-la-normale-dans-la-province-de-cabo-delgado\/","name":"Actu france: timide retour \u00e0 la normale dans la province de Cabo Delgado - CC3RIVIERES76","isPartOf":{"@id":"https:\/\/www.cc3rivieres76.com\/blog\/#website"},"primaryImageOfPage":{"@id":"https:\/\/www.cc3rivieres76.com\/blog\/actu-france-timide-retour-a-la-normale-dans-la-province-de-cabo-delgado\/#primaryimage"},"image":{"@id":"https:\/\/www.cc3rivieres76.com\/blog\/actu-france-timide-retour-a-la-normale-dans-la-province-de-cabo-delgado\/#primaryimage"},"thumbnailUrl":"https:\/\/www.cc3rivieres76.com\/blog\/wp-content\/uploads\/2023\/07\/actu-france-timide-retour-a-la-normale-dans-la-province-de-cabo-delgado.jpg","datePublished":"2023-07-02T06:59:22+00:00","breadcrumb":{"@id":"https:\/\/www.cc3rivieres76.com\/blog\/actu-france-timide-retour-a-la-normale-dans-la-province-de-cabo-delgado\/#breadcrumb"},"inLanguage":"fr-FR","potentialAction":[{"@type":"ReadAction","target":["https:\/\/www.cc3rivieres76.com\/blog\/actu-france-timide-retour-a-la-normale-dans-la-province-de-cabo-delgado\/"]}]},{"@type":"ImageObject","inLanguage":"fr-FR","@id":"https:\/\/www.cc3rivieres76.com\/blog\/actu-france-timide-retour-a-la-normale-dans-la-province-de-cabo-delgado\/#primaryimage","url":"https:\/\/www.cc3rivieres76.com\/blog\/wp-content\/uploads\/2023\/07\/actu-france-timide-retour-a-la-normale-dans-la-province-de-cabo-delgado.jpg","contentUrl":"https:\/\/www.cc3rivieres76.com\/blog\/wp-content\/uploads\/2023\/07\/actu-france-timide-retour-a-la-normale-dans-la-province-de-cabo-delgado.jpg","width":1024,"height":576,"caption":"Actu france: timide retour \u00e0 la normale dans la province de Cabo Delgado"},{"@type":"BreadcrumbList","@id":"https:\/\/www.cc3rivieres76.com\/blog\/actu-france-timide-retour-a-la-normale-dans-la-province-de-cabo-delgado\/#breadcrumb","itemListElement":[{"@type":"ListItem","position":1,"name":"Accueil","item":"https:\/\/www.cc3rivieres76.com\/blog\/"},{"@type":"ListItem","position":2,"name":"Actu france: timide retour \u00e0 la normale dans la province de Cabo Delgado"}]},{"@type":"WebSite","@id":"https:\/\/www.cc3rivieres76.com\/blog\/#website","url":"https:\/\/www.cc3rivieres76.com\/blog\/","name":"CC3RIVIERES76","description":"Les 3 rivi\u00e8res dans la Somme.","publisher":{"@id":"https:\/\/www.cc3rivieres76.com\/blog\/#organization"},"potentialAction":[{"@type":"SearchAction","target":{"@type":"EntryPoint","urlTemplate":"https:\/\/www.cc3rivieres76.com\/blog\/?s={search_term_string}"},"query-input":{"@type":"PropertyValueSpecification","valueRequired":true,"valueName":"search_term_string"}}],"inLanguage":"fr-FR"},{"@type":"Organization","@id":"https:\/\/www.cc3rivieres76.com\/blog\/#organization","name":"cc3rivieres76","url":"https:\/\/www.cc3rivieres76.com\/blog\/","logo":{"@type":"ImageObject","inLanguage":"fr-FR","@id":"https:\/\/www.cc3rivieres76.com\/blog\/#\/schema\/logo\/image\/","url":"https:\/\/www.cc3rivieres76.com\/blog\/wp-content\/uploads\/2023\/06\/logo-2.png","contentUrl":"https:\/\/www.cc3rivieres76.com\/blog\/wp-content\/uploads\/2023\/06\/logo-2.png","width":390,"height":388,"caption":"cc3rivieres76"},"image":{"@id":"https:\/\/www.cc3rivieres76.com\/blog\/#\/schema\/logo\/image\/"}},{"@type":"Person","@id":"https:\/\/www.cc3rivieres76.com\/blog\/#\/schema\/person\/474d457fb7747b5218f39792dfaa5a1c","name":"Sylvie DE LAUZAINGHEIN","image":{"@type":"ImageObject","inLanguage":"fr-FR","@id":"https:\/\/secure.gravatar.com\/avatar\/9c6a53b19e0a3431aa80de0895b9729fe665cd7e7d6cc94fc11abb152f4237d7?s=96&d=mm&r=g","url":"https:\/\/secure.gravatar.com\/avatar\/9c6a53b19e0a3431aa80de0895b9729fe665cd7e7d6cc94fc11abb152f4237d7?s=96&d=mm&r=g","contentUrl":"https:\/\/secure.gravatar.com\/avatar\/9c6a53b19e0a3431aa80de0895b9729fe665cd7e7d6cc94fc11abb152f4237d7?s=96&d=mm&r=g","caption":"Sylvie DE LAUZAINGHEIN"},"url":"https:\/\/www.cc3rivieres76.com\/blog\/author\/s76sylvie\/"}]}},"_links":{"self":[{"href":"https:\/\/www.cc3rivieres76.com\/blog\/wp-json\/wp\/v2\/posts\/114","targetHints":{"allow":["GET"]}}],"collection":[{"href":"https:\/\/www.cc3rivieres76.com\/blog\/wp-json\/wp\/v2\/posts"}],"about":[{"href":"https:\/\/www.cc3rivieres76.com\/blog\/wp-json\/wp\/v2\/types\/post"}],"author":[{"embeddable":true,"href":"https:\/\/www.cc3rivieres76.com\/blog\/wp-json\/wp\/v2\/users\/3"}],"replies":[{"embeddable":true,"href":"https:\/\/www.cc3rivieres76.com\/blog\/wp-json\/wp\/v2\/comments?post=114"}],"version-history":[{"count":0,"href":"https:\/\/www.cc3rivieres76.com\/blog\/wp-json\/wp\/v2\/posts\/114\/revisions"}],"wp:featuredmedia":[{"embeddable":true,"href":"https:\/\/www.cc3rivieres76.com\/blog\/wp-json\/wp\/v2\/media\/115"}],"wp:attachment":[{"href":"https:\/\/www.cc3rivieres76.com\/blog\/wp-json\/wp\/v2\/media?parent=114"}],"wp:term":[{"taxonomy":"category","embeddable":true,"href":"https:\/\/www.cc3rivieres76.com\/blog\/wp-json\/wp\/v2\/categories?post=114"},{"taxonomy":"post_tag","embeddable":true,"href":"https:\/\/www.cc3rivieres76.com\/blog\/wp-json\/wp\/v2\/tags?post=114"}],"curies":[{"name":"wp","href":"https:\/\/api.w.org\/{rel}","templated":true}]}}