{"id":1157,"date":"2026-01-17T03:42:00","date_gmt":"2026-01-17T02:42:00","guid":{"rendered":"https:\/\/www.site.cdcl.xyz\/2026\/01\/17\/deux-personnes-interrogees-a-guadalajara-pour-deversement-illegal-damiante\/"},"modified":"2026-01-17T03:42:00","modified_gmt":"2026-01-17T02:42:00","slug":"deux-personnes-interrogees-a-guadalajara-pour-deversement-illegal-damiante","status":"publish","type":"post","link":"https:\/\/www.cc3rivieres76.com\/blog\/deux-personnes-interrogees-a-guadalajara-pour-deversement-illegal-damiante\/","title":{"rendered":"Deux personnes interrog\u00e9es \u00e0 Guadalajara pour d\u00e9versement ill\u00e9gal d&rsquo;amiante"},"content":{"rendered":"<br \/>\n<h2>\nVoici l\u2019intitul\u00e9 de l\u2019article : Deux personnes interrog\u00e9es \u00e0 Guadalajara pour d\u00e9versement ill\u00e9gal d&rsquo;amiante<br \/>\n<\/h2>\n<div id=\"body001-468919\">\n<p data-start=\"79\" data-end=\"479\">Deux personnes ont fait l&rsquo;objet d&rsquo;une enqu\u00eate dans la province de Guadalajara pour leur implication pr\u00e9sum\u00e9e dans le d\u00e9versement ill\u00e9gal d&rsquo;amiante dans l&rsquo;environnement naturel, une pratique qui comporte un risque grave pour la sant\u00e9 publique et l&rsquo;environnement. L&rsquo;action a \u00e9t\u00e9 d\u00e9velopp\u00e9e par le Service de Protection de la Nature (Seprona) du Commandement du <strong data-start=\"422\" data-end=\"463\">Garde civile<\/strong> de Guadalajara.<\/p>\n<p data-start=\"481\" data-end=\"925\">L&rsquo;enqu\u00eate a permis d&rsquo;inculper les deux personnes impliqu\u00e9es, propri\u00e9taires d&rsquo;une entreprise d\u00e9di\u00e9e \u00e0 l&rsquo;enl\u00e8vement de panneaux en fibrociment, comme auteurs pr\u00e9sum\u00e9s de crimes contre les ressources naturelles et l&rsquo;environnement, de falsification de documents et de droits des travailleurs. Le fibrociment est consid\u00e9r\u00e9 comme un d\u00e9chet toxique dangereux en raison de sa teneur en amiante, une mati\u00e8re canc\u00e9rig\u00e8ne dont la manipulation est soumise \u00e0 des contr\u00f4les stricts.<\/p>\n<h3 data-start=\"927\" data-end=\"981\">Retrait sans autorisation ni formation obligatoire<\/h3>\n<p data-start=\"983\" data-end=\"1273\">Comme l&rsquo;a rapport\u00e9 la Garde civile dans un communiqu\u00e9, les personnes enqu\u00eat\u00e9es effectuaient des travaux d&rsquo;enl\u00e8vement de panneaux en fibrociment sans disposer de l&rsquo;autorisation administrative correspondante ni de la formation sp\u00e9cifique requise pour la manipulation de ce type de mat\u00e9riaux dangereux.<\/p>\n<p data-start=\"1275\" data-end=\"1637\">Une fois le fibrociment retir\u00e9, les d\u00e9chets \u00e9taient d\u00e9vers\u00e9s de mani\u00e8re incontr\u00f4l\u00e9e dans le milieu naturel. Cependant, les responsables de l&rsquo;entreprise ont pr\u00e9sent\u00e9 un certificat falsifi\u00e9 qui accr\u00e9ditait frauduleusement la pr\u00e9tendue livraison du mat\u00e9riau \u00e0 un centre de traitement sp\u00e9cialis\u00e9, installation dans laquelle les d\u00e9chets ne sont jamais arriv\u00e9s.<\/p>\n<h3 data-start=\"1639\" data-end=\"1684\">Salari\u00e9s sans protection ni qualification<\/h3>\n<p data-start=\"1686\" data-end=\"2029\">De plus, pour r\u00e9aliser ces travaux, l&rsquo;entreprise employait des travailleurs qui ne disposaient pas de la formation n\u00e9cessaire et qui effectuaient les t\u00e2ches sans la protection ad\u00e9quate requise par la r\u00e9glementation en vigueur en mati\u00e8re de sant\u00e9 et de s\u00e9curit\u00e9 au travail, augmentant ainsi le risque tant pour les op\u00e9rateurs eux-m\u00eames que pour la population en g\u00e9n\u00e9ral.<\/p>\n<h3 data-start=\"2031\" data-end=\"2074\">18 d\u00e9charges sauvages localis\u00e9es<\/h3>\n<p data-start=\"2076\" data-end=\"2487\">\u00c0 la suite des enqu\u00eates men\u00e9es par le <strong data-start=\"2137\" data-end=\"2178\">S\u00e9prona<\/strong>un total de 18 gisements incontr\u00f4l\u00e9s ont \u00e9t\u00e9 localis\u00e9s dans diff\u00e9rentes parties de la province de <strong data-start=\"2277\" data-end=\"2318\">Guadalajara<\/strong>. Dans ces installations, 2 314 m\u00e8tres carr\u00e9s de fibrociment ont \u00e9t\u00e9 ill\u00e9galement d\u00e9vers\u00e9s, soit une quantit\u00e9 \u00e0 peu pr\u00e8s \u00e9quivalente \u00e0 la superficie de deux piscines olympiques.<\/p>\n<p data-start=\"2489\" data-end=\"2810\">Les d\u00e9versements localis\u00e9s pr\u00e9sentent un risque s\u00e9rieux pour la sant\u00e9 humaine et l&rsquo;environnement. Selon le rapport pr\u00e9par\u00e9 par l&rsquo;Unit\u00e9 Technique de Seprona, la valorisation \u00e9conomique de la r\u00e9cup\u00e9ration environnementale n\u00e9cessaire pour r\u00e9parer les dommages caus\u00e9s au milieu naturel d\u00e9passerait la <strong data-start=\"2792\" data-end=\"2809\">106 000 euros<\/strong>.<\/p>\n<\/div>\n<p>.\n<\/p>\n<h2>L\u2019arsenal juridique face aux d\u00e9charges sauvages et leurs sanctions<\/h2>\n<h3>D\u00e9tails des peines et amendes pr\u00e9vues par la loi contre les d\u00e9charges sauvages<\/h3>\n<p>Les sanctions pour d\u00e9p\u00f4t ill\u00e9gal de d\u00e9chets sont strictes et peuvent aller jusqu\u2019\u00e0 75 000 \u20ac d\u2019amende et deux ans de prison pour des d\u00e9chets dangereux abandonn\u00e9s en grande quantit\u00e9. Pour des d\u00e9chets jet\u00e9s sur la voie publique, l\u2019amende s\u2019\u00e9l\u00e8ve \u00e0 1 500 \u20ac. Les v\u00e9hicules utilis\u00e9s peuvent \u00eatre saisis, et les r\u00e9cidivistes s\u2019exposent \u00e0 des sanctions renforc\u00e9es.<\/p>\n<h3>La gestion des infractions li\u00e9es aux d\u00e9chets sauvages par les autorit\u00e9s locales<\/h3>\n<p>Les maires et les pr\u00e9fets, en tant que repr\u00e9sentants des collectivit\u00e9s locales, ont le pouvoir d\u2019imposer des sanctions aux contrevenants et d\u2019organiser la collecte des d\u00e9chets abandonn\u00e9s. En outre, ils peuvent obliger les responsables \u00e0 nettoyer les sites concern\u00e9s sous peine de sanctions administratives.<\/p>\n<h3>Les lois en vigueur contre les d\u00e9p\u00f4ts sauvages et les sanctions associ\u00e9es<\/h3>\n<p>En France, l\u2019article L.541-3 du Code de l\u2019environnement interdit l\u2019abandon de d\u00e9chets. Les personnes, physiques ou morales, impliqu\u00e9es dans de tels actes peuvent \u00eatre poursuivies pour atteinte \u00e0 l\u2019environnement.<\/p>\n<h2>Les meilleures pratiques pour lutter contre les d\u00e9p\u00f4ts ill\u00e9gaux de d\u00e9chets<\/h2>\n<h3>Les actions \u00e0 prendre pour pr\u00e9venir les d\u00e9p\u00f4ts ill\u00e9gaux de d\u00e9chets<\/h3>\n<p>Afin de limiter l\u2019essor des d\u00e9charges sauvages, plusieurs actions doivent \u00eatre mises en place. Les campagnes de sensibilisation sont un levier majeur pour expliquer \u00e0 la population les impacts environnementaux et sanitaires des d\u00e9chets abandonn\u00e9s. Le renforcement des contr\u00f4les et des sanctions s\u2019av\u00e8re aussi n\u00e9cessaire pour punir les fautifs. En parall\u00e8le, l\u2019\u00e9largissement des horaires d\u2019ouverture des d\u00e9chetteries et la mise en place de points de collecte mobiles encourageraient la population \u00e0 adopter des pratiques de gestion plus responsables.<\/p>\n<h3>Favoriser le recyclage et la gestion efficace des d\u00e9chets pour un meilleur avenir<\/h3>\n<p>Pour limiter l\u2019abandon des d\u00e9chets, il est n\u00e9cessaire de favoriser une gestion plus responsable et durable. Le tri s\u00e9lectif et la valorisation \u00e9nerg\u00e9tique sont des outils permettant de diminuer la quantit\u00e9 de d\u00e9chets enfouis, ce qui contribue \u00e0 r\u00e9duire leur empreinte \u00e9cologique. L\u2019emploi de mat\u00e9riaux recyclables est \u00e9galement un moyen de pr\u00e9venir la production excessive de d\u00e9chets. Enfin, soutenir les fili\u00e8res de r\u00e9emploi, telles que les ressourceries et les associations de r\u00e9cup\u00e9ration, offre une alternative pour prolonger la vie des objets et soutenir une \u00e9conomie circulaire b\u00e9n\u00e9fique pour l\u2019environnement.<\/p>\n<h3>T\u00e9moignages de r\u00e9ussite des initiatives locales et r\u00e9gionales face aux d\u00e9charges sauvages<\/h3>\n<p>Afin de contrer la prolif\u00e9ration des d\u00e9charges sauvages, plusieurs villes ont mis en \u0153uvre des solutions novatrices. Des plateformes comme \u00ab&nbsp;Je Signale&nbsp;\u00bb permettent aux citoyens de signaler facilement les d\u00e9p\u00f4ts ill\u00e9gaux, ce qui permet aux autorit\u00e9s de les traiter rapidement. Les brigades environnementales veillent \u00e0 la surveillance des espaces publics et verbalisent les contrevenants. De plus, des projets de recyclage participatif sont organis\u00e9s pour encourager les citoyens \u00e0 trier et recycler leurs d\u00e9chets de mani\u00e8re responsable. Utilisez <a href=\"https:\/\/www.applijesignale.fr\/\" rel=\"noopener noreferrer \" target=\"_blank\">je signale \u2013 un outil pour signaler un d\u00e9p\u00f4t sauvage <\/a>et aidez votre commune \u00e0 lutter contre la prolif\u00e9ration des d\u00e9charges ill\u00e9gales.<\/p>\n<h2>Pourquoi les d\u00e9charges sauvages sont-elles un d\u00e9fi pour nos soci\u00e9t\u00e9s ?<\/h2>\n<h3>Identifier une d\u00e9charge sauvage : caract\u00e9ristiques essentielles<\/h3>\n<p>Les d\u00e9charges sauvages d\u00e9signent des lieux o\u00f9 des d\u00e9chets sont jet\u00e9s ill\u00e9galement, souvent en pleine nature, sur des routes ou sur des terrains non pr\u00e9vus pour cela. Ces endroits \u00e9chappent \u00e0 toute r\u00e9gulation, ce qui engendre une pollution importante des sols et des eaux. Les d\u00e9chets concern\u00e9s peuvent \u00eatre des ordures m\u00e9nag\u00e8res, des gravats, des d\u00e9chets du BTP ou des mati\u00e8res dangereuses.<\/p>\n<h3>L\u2019ampleur du probl\u00e8me des d\u00e9p\u00f4ts sauvages de d\u00e9chets en France<\/h3>\n<p>En France, les d\u00e9charges sauvages repr\u00e9sentent un d\u00e9fi majeur \u00e0 la fois pour l\u2019environnement et pour les finances publiques. Chaque ann\u00e9e, des millions de tonnes de d\u00e9chets sont abandonn\u00e9s ill\u00e9galement, entra\u00eenant des co\u00fbts \u00e9lev\u00e9s pour les collectivit\u00e9s locales. L\u2019ADEME rapporte que plus de 100 000 sites sont touch\u00e9s, tant en milieu urbain qu\u2019en milieu rural, avec des d\u00e9p\u00f4ts identifi\u00e9s pr\u00e8s des routes et dans les zones bois\u00e9es.<\/p>\n<h3>Quelles sont les raisons de l\u2019abandon ill\u00e9gal des d\u00e9chets ?<\/h3>\n<p>La prolif\u00e9ration des d\u00e9charges sauvages est la cons\u00e9quence de plusieurs facteurs. Le co\u00fbt des services de collecte pousse certains \u00e0 se d\u00e9barrasser de leurs d\u00e9chets dans la nature, en attendant le jour de collecte ou en \u00e9vitant les frais. Le manque de d\u00e9chetteries dans les zones rurales complique \u00e9galement la gestion des d\u00e9chets. L\u2019ignorance des cons\u00e9quences environnementales de ces pratiques, ainsi que l\u2019insuffisance des contr\u00f4les et des sanctions, favorise la persistance de ce ph\u00e9nom\u00e8ne.<\/p>\n<h2>Les D\u00e9charges Sauvages : Une Menace pour la Nature et la Sant\u00e9 Publique<\/h2>\n<p>La lutte contre les d\u00e9charges sauvages demande une action commune. Sensibiliser la population, renforcer les lois existantes et adopter des solutions locales sont des moyens efficaces pour limiter ces d\u00e9p\u00f4ts ill\u00e9gaux et prot\u00e9ger notre environnement. Chacun de nous peut participer en triant correctement, en signalant les infractions et en soutenant les initiatives de recyclage.<\/p>\n<h2>Cons\u00e9quences \u00e9cologiques et sanitaires des d\u00e9p\u00f4ts sauvages de d\u00e9chets<\/h2>\n<h3>Les impacts sur la sant\u00e9 publique des d\u00e9charges sauvages de d\u00e9chets<\/h3>\n<p>L\u2019exposition aux d\u00e9charges sauvages engendre des risques importants pour la sant\u00e9 publique. Les eaux stagnantes provenant de ces d\u00e9p\u00f4ts ill\u00e9gaux deviennent un terrain fertile pour les bact\u00e9ries et virus, favorisant ainsi la propagation de maladies. De plus, la pollution de l\u2019air et de l\u2019eau devient un enjeu majeur, les substances toxiques des d\u00e9chets s\u2019infiltrant dans le sol et contaminant les nappes phr\u00e9atiques utilis\u00e9es pour l\u2019eau potable. \u00c0 cela s\u2019ajoute le danger d\u2019incendies, caus\u00e9 par les d\u00e9chets inflammables comme les solvants et les huiles, susceptibles de provoquer des feux de grande ampleur.<\/p>\n<h3>Les d\u00e9charges sauvages : un danger pour le climat et l\u2019\u00e9nergie<\/h3>\n<p>L\u2019abandon des d\u00e9chets dans la nature lib\u00e8re du m\u00e9thane, un gaz dont le potentiel de r\u00e9chauffement climatique est 25 fois plus \u00e9lev\u00e9 que celui du CO\u2082. En parall\u00e8le, le manque de tri et de recyclage des d\u00e9chets entra\u00eene un gaspillage de mat\u00e9riaux, alors que leur valorisation permettrait de r\u00e9duire la consommation d\u2019\u00e9nergie et de limiter les gaz \u00e0 effet de serre.<\/p>\n<h3>\u00c9valuer les perturbations des \u00e9cosyst\u00e8mes caus\u00e9es par les d\u00e9charges sauvages<\/h3>\n<p>L\u2019environnement local souffre gravement des d\u00e9charges sauvages. Plastiques et m\u00e9taux polluent les sols et l\u2019eau souterraine, tandis que des d\u00e9chets toxiques comme les piles et solvants empoisonnent les \u00e9cosyst\u00e8mes. Ces accumulations attirent \u00e9galement des nuisibles tels que les rats et les insectes, perturbant l\u2019\u00e9quilibre naturel.\n<\/p>\n<p>\n<br \/><a href=\"http:\/\/www.bing.com\/news\/apiclick.aspx?ref=FexRss&amp;aid=&amp;tid=696c654a6782465c8935d8bdbb44d6b8&amp;url=https%3A%2F%2Fwww.clm24.es%2Farticulo%2Fguadalajara%2Finvestigadas-dos-personas-guadalajara-vertidos-ilegales-amianto%2F20260117122522468919.html&amp;c=2191330397576003156&amp;mkt=fr-fr\">Source link <\/a><\/p>\n<p>#Deux #personnes #interrog\u00e9es #Guadalajara #pour #d\u00e9versement #ill\u00e9gal #d39amiante<\/p>\n<p> Cet article, qui traite du th\u00e8me \u00ab\u00a0Les 3 rivi\u00e8res dans la Somme\u00a0\u00bb, vous est sp\u00e9cialement sugg\u00e9r\u00e9 par cc3rivieres76.com. La chronique est reproduite du mieux possible. Dans le cas o\u00f9 vous souhaitez apporter quelques pr\u00e9cisions concernant le domaine de \u00ab\u00a0Les 3 rivi\u00e8res dans la Somme\u00a0\u00bb vous pouvez solliciter notre r\u00e9daction. La destination de cc3rivieres76.com est de d\u00e9battre de Les 3 rivi\u00e8res dans la Somme dans la transparence en vous apportant la connaissance de tout ce qui est en lien avec ce sujet sur la toile Connectez-vous sur notre site cc3rivieres76.com et nos r\u00e9seaux sociaux dans le but d\u2019\u00eatre inform\u00e9 des futures publications.<\/p>\n","protected":false},"excerpt":{"rendered":"<p>Voici l\u2019intitul\u00e9 de l\u2019article : Deux personnes interrog\u00e9es \u00e0 Guadalajara pour d\u00e9versement ill\u00e9gal d&rsquo;amiante Deux personnes ont fait l&rsquo;objet d&rsquo;une enqu\u00eate dans la province de Guadalajara pour leur implication pr\u00e9sum\u00e9e dans le d\u00e9versement ill\u00e9gal d&rsquo;amiante dans l&rsquo;environnement naturel, une pratique qui comporte un risque grave pour la sant\u00e9 publique et l&rsquo;environnement. L&rsquo;action a \u00e9t\u00e9 d\u00e9velopp\u00e9e &hellip; <\/p>\n<p class=\"link-more\"><a href=\"https:\/\/www.cc3rivieres76.com\/blog\/deux-personnes-interrogees-a-guadalajara-pour-deversement-illegal-damiante\/\" class=\"more-link\">Continuer la lecture <span class=\"screen-reader-text\"> \u00ab\u00a0Deux personnes interrog\u00e9es \u00e0 Guadalajara pour d\u00e9versement ill\u00e9gal d&rsquo;amiante\u00a0\u00bb<\/span><\/a><\/p>\n","protected":false},"author":3,"featured_media":1158,"comment_status":"closed","ping_status":"closed","sticky":false,"template":"","format":"standard","meta":{"footnotes":""},"categories":[2],"tags":[],"class_list":["post-1157","post","type-post","status-publish","format-standard","has-post-thumbnail","hentry","category-les-3-rivieres-dans-la-somme","entry"],"yoast_head":"<!-- This site is optimized with the Yoast SEO plugin v27.5 - https:\/\/yoast.com\/product\/yoast-seo-wordpress\/ -->\n<title>Deux personnes interrog\u00e9es \u00e0 Guadalajara pour d\u00e9versement ill\u00e9gal d&#039;amiante - CC3RIVIERES76<\/title>\n<meta name=\"robots\" content=\"index, follow, max-snippet:-1, max-image-preview:large, max-video-preview:-1\" \/>\n<link rel=\"canonical\" href=\"https:\/\/www.cc3rivieres76.com\/blog\/deux-personnes-interrogees-a-guadalajara-pour-deversement-illegal-damiante\/\" \/>\n<meta property=\"og:locale\" content=\"fr_FR\" \/>\n<meta property=\"og:type\" content=\"article\" \/>\n<meta property=\"og:title\" content=\"Deux personnes interrog\u00e9es \u00e0 Guadalajara pour d\u00e9versement ill\u00e9gal d&#039;amiante - CC3RIVIERES76\" \/>\n<meta property=\"og:description\" content=\"Voici l\u2019intitul\u00e9 de l\u2019article : Deux personnes interrog\u00e9es \u00e0 Guadalajara pour d\u00e9versement ill\u00e9gal d&rsquo;amiante Deux personnes ont fait l&rsquo;objet d&rsquo;une enqu\u00eate dans la province de Guadalajara pour leur implication pr\u00e9sum\u00e9e dans le d\u00e9versement ill\u00e9gal d&rsquo;amiante dans l&rsquo;environnement naturel, une pratique qui comporte un risque grave pour la sant\u00e9 publique et l&rsquo;environnement. L&rsquo;action a \u00e9t\u00e9 d\u00e9velopp\u00e9e &hellip; Continuer la lecture \u00ab\u00a0Deux personnes interrog\u00e9es \u00e0 Guadalajara pour d\u00e9versement ill\u00e9gal d&rsquo;amiante\u00a0\u00bb\" \/>\n<meta property=\"og:url\" content=\"https:\/\/www.cc3rivieres76.com\/blog\/deux-personnes-interrogees-a-guadalajara-pour-deversement-illegal-damiante\/\" \/>\n<meta property=\"og:site_name\" content=\"CC3RIVIERES76\" \/>\n<meta property=\"article:published_time\" content=\"2026-01-17T02:42:00+00:00\" \/>\n<meta name=\"author\" content=\"Sylvie DE LAUZAINGHEIN\" \/>\n<meta name=\"twitter:card\" content=\"summary_large_image\" \/>\n<meta name=\"twitter:label1\" content=\"\u00c9crit par\" \/>\n\t<meta name=\"twitter:data1\" content=\"Sylvie DE LAUZAINGHEIN\" \/>\n\t<meta name=\"twitter:label2\" content=\"Dur\u00e9e de lecture estim\u00e9e\" \/>\n\t<meta name=\"twitter:data2\" content=\"9 minutes\" \/>\n<script type=\"application\/ld+json\" class=\"yoast-schema-graph\">{\"@context\":\"https:\\\/\\\/schema.org\",\"@graph\":[{\"@type\":\"Article\",\"@id\":\"https:\\\/\\\/www.cc3rivieres76.com\\\/blog\\\/deux-personnes-interrogees-a-guadalajara-pour-deversement-illegal-damiante\\\/#article\",\"isPartOf\":{\"@id\":\"https:\\\/\\\/www.cc3rivieres76.com\\\/blog\\\/deux-personnes-interrogees-a-guadalajara-pour-deversement-illegal-damiante\\\/\"},\"author\":{\"name\":\"Sylvie DE LAUZAINGHEIN\",\"@id\":\"https:\\\/\\\/www.cc3rivieres76.com\\\/blog\\\/#\\\/schema\\\/person\\\/474d457fb7747b5218f39792dfaa5a1c\"},\"headline\":\"Deux personnes interrog\u00e9es \u00e0 Guadalajara pour d\u00e9versement ill\u00e9gal d&rsquo;amiante\",\"datePublished\":\"2026-01-17T02:42:00+00:00\",\"mainEntityOfPage\":{\"@id\":\"https:\\\/\\\/www.cc3rivieres76.com\\\/blog\\\/deux-personnes-interrogees-a-guadalajara-pour-deversement-illegal-damiante\\\/\"},\"wordCount\":1842,\"publisher\":{\"@id\":\"https:\\\/\\\/www.cc3rivieres76.com\\\/blog\\\/#organization\"},\"image\":{\"@id\":\"https:\\\/\\\/www.cc3rivieres76.com\\\/blog\\\/deux-personnes-interrogees-a-guadalajara-pour-deversement-illegal-damiante\\\/#primaryimage\"},\"thumbnailUrl\":\"https:\\\/\\\/www.cc3rivieres76.com\\\/blog\\\/wp-content\\\/uploads\\\/2026\\\/01\\\/deux-personnes-interrogees-a-guadalajara-pour-deversement-illegal-damiante.jpg\",\"articleSection\":[\"Les 3 Rivi\u00e8res Dans La Somme:\"],\"inLanguage\":\"fr-FR\"},{\"@type\":\"WebPage\",\"@id\":\"https:\\\/\\\/www.cc3rivieres76.com\\\/blog\\\/deux-personnes-interrogees-a-guadalajara-pour-deversement-illegal-damiante\\\/\",\"url\":\"https:\\\/\\\/www.cc3rivieres76.com\\\/blog\\\/deux-personnes-interrogees-a-guadalajara-pour-deversement-illegal-damiante\\\/\",\"name\":\"Deux personnes interrog\u00e9es \u00e0 Guadalajara pour d\u00e9versement ill\u00e9gal d'amiante - CC3RIVIERES76\",\"isPartOf\":{\"@id\":\"https:\\\/\\\/www.cc3rivieres76.com\\\/blog\\\/#website\"},\"primaryImageOfPage\":{\"@id\":\"https:\\\/\\\/www.cc3rivieres76.com\\\/blog\\\/deux-personnes-interrogees-a-guadalajara-pour-deversement-illegal-damiante\\\/#primaryimage\"},\"image\":{\"@id\":\"https:\\\/\\\/www.cc3rivieres76.com\\\/blog\\\/deux-personnes-interrogees-a-guadalajara-pour-deversement-illegal-damiante\\\/#primaryimage\"},\"thumbnailUrl\":\"https:\\\/\\\/www.cc3rivieres76.com\\\/blog\\\/wp-content\\\/uploads\\\/2026\\\/01\\\/deux-personnes-interrogees-a-guadalajara-pour-deversement-illegal-damiante.jpg\",\"datePublished\":\"2026-01-17T02:42:00+00:00\",\"breadcrumb\":{\"@id\":\"https:\\\/\\\/www.cc3rivieres76.com\\\/blog\\\/deux-personnes-interrogees-a-guadalajara-pour-deversement-illegal-damiante\\\/#breadcrumb\"},\"inLanguage\":\"fr-FR\",\"potentialAction\":[{\"@type\":\"ReadAction\",\"target\":[\"https:\\\/\\\/www.cc3rivieres76.com\\\/blog\\\/deux-personnes-interrogees-a-guadalajara-pour-deversement-illegal-damiante\\\/\"]}]},{\"@type\":\"ImageObject\",\"inLanguage\":\"fr-FR\",\"@id\":\"https:\\\/\\\/www.cc3rivieres76.com\\\/blog\\\/deux-personnes-interrogees-a-guadalajara-pour-deversement-illegal-damiante\\\/#primaryimage\",\"url\":\"https:\\\/\\\/www.cc3rivieres76.com\\\/blog\\\/wp-content\\\/uploads\\\/2026\\\/01\\\/deux-personnes-interrogees-a-guadalajara-pour-deversement-illegal-damiante.jpg\",\"contentUrl\":\"https:\\\/\\\/www.cc3rivieres76.com\\\/blog\\\/wp-content\\\/uploads\\\/2026\\\/01\\\/deux-personnes-interrogees-a-guadalajara-pour-deversement-illegal-damiante.jpg\",\"width\":1000,\"height\":563,\"caption\":\"Deux personnes interrog\u00e9es \u00e0 Guadalajara pour d\u00e9versement ill\u00e9gal d'amiante\"},{\"@type\":\"BreadcrumbList\",\"@id\":\"https:\\\/\\\/www.cc3rivieres76.com\\\/blog\\\/deux-personnes-interrogees-a-guadalajara-pour-deversement-illegal-damiante\\\/#breadcrumb\",\"itemListElement\":[{\"@type\":\"ListItem\",\"position\":1,\"name\":\"Accueil\",\"item\":\"https:\\\/\\\/www.cc3rivieres76.com\\\/blog\\\/\"},{\"@type\":\"ListItem\",\"position\":2,\"name\":\"Deux personnes interrog\u00e9es \u00e0 Guadalajara pour d\u00e9versement ill\u00e9gal d&rsquo;amiante\"}]},{\"@type\":\"WebSite\",\"@id\":\"https:\\\/\\\/www.cc3rivieres76.com\\\/blog\\\/#website\",\"url\":\"https:\\\/\\\/www.cc3rivieres76.com\\\/blog\\\/\",\"name\":\"CC3RIVIERES76\",\"description\":\"Les 3 rivi\u00e8res dans la Somme.\",\"publisher\":{\"@id\":\"https:\\\/\\\/www.cc3rivieres76.com\\\/blog\\\/#organization\"},\"potentialAction\":[{\"@type\":\"SearchAction\",\"target\":{\"@type\":\"EntryPoint\",\"urlTemplate\":\"https:\\\/\\\/www.cc3rivieres76.com\\\/blog\\\/?s={search_term_string}\"},\"query-input\":{\"@type\":\"PropertyValueSpecification\",\"valueRequired\":true,\"valueName\":\"search_term_string\"}}],\"inLanguage\":\"fr-FR\"},{\"@type\":\"Organization\",\"@id\":\"https:\\\/\\\/www.cc3rivieres76.com\\\/blog\\\/#organization\",\"name\":\"cc3rivieres76\",\"url\":\"https:\\\/\\\/www.cc3rivieres76.com\\\/blog\\\/\",\"logo\":{\"@type\":\"ImageObject\",\"inLanguage\":\"fr-FR\",\"@id\":\"https:\\\/\\\/www.cc3rivieres76.com\\\/blog\\\/#\\\/schema\\\/logo\\\/image\\\/\",\"url\":\"https:\\\/\\\/www.cc3rivieres76.com\\\/blog\\\/wp-content\\\/uploads\\\/2023\\\/06\\\/logo-2.png\",\"contentUrl\":\"https:\\\/\\\/www.cc3rivieres76.com\\\/blog\\\/wp-content\\\/uploads\\\/2023\\\/06\\\/logo-2.png\",\"width\":390,\"height\":388,\"caption\":\"cc3rivieres76\"},\"image\":{\"@id\":\"https:\\\/\\\/www.cc3rivieres76.com\\\/blog\\\/#\\\/schema\\\/logo\\\/image\\\/\"}},{\"@type\":\"Person\",\"@id\":\"https:\\\/\\\/www.cc3rivieres76.com\\\/blog\\\/#\\\/schema\\\/person\\\/474d457fb7747b5218f39792dfaa5a1c\",\"name\":\"Sylvie DE LAUZAINGHEIN\",\"image\":{\"@type\":\"ImageObject\",\"inLanguage\":\"fr-FR\",\"@id\":\"https:\\\/\\\/secure.gravatar.com\\\/avatar\\\/9c6a53b19e0a3431aa80de0895b9729fe665cd7e7d6cc94fc11abb152f4237d7?s=96&d=mm&r=g\",\"url\":\"https:\\\/\\\/secure.gravatar.com\\\/avatar\\\/9c6a53b19e0a3431aa80de0895b9729fe665cd7e7d6cc94fc11abb152f4237d7?s=96&d=mm&r=g\",\"contentUrl\":\"https:\\\/\\\/secure.gravatar.com\\\/avatar\\\/9c6a53b19e0a3431aa80de0895b9729fe665cd7e7d6cc94fc11abb152f4237d7?s=96&d=mm&r=g\",\"caption\":\"Sylvie DE LAUZAINGHEIN\"},\"url\":\"https:\\\/\\\/www.cc3rivieres76.com\\\/blog\\\/author\\\/s76sylvie\\\/\"}]}<\/script>\n<!-- \/ Yoast SEO plugin. -->","yoast_head_json":{"title":"Deux personnes interrog\u00e9es \u00e0 Guadalajara pour d\u00e9versement ill\u00e9gal d'amiante - CC3RIVIERES76","robots":{"index":"index","follow":"follow","max-snippet":"max-snippet:-1","max-image-preview":"max-image-preview:large","max-video-preview":"max-video-preview:-1"},"canonical":"https:\/\/www.cc3rivieres76.com\/blog\/deux-personnes-interrogees-a-guadalajara-pour-deversement-illegal-damiante\/","og_locale":"fr_FR","og_type":"article","og_title":"Deux personnes interrog\u00e9es \u00e0 Guadalajara pour d\u00e9versement ill\u00e9gal d'amiante - CC3RIVIERES76","og_description":"Voici l\u2019intitul\u00e9 de l\u2019article : Deux personnes interrog\u00e9es \u00e0 Guadalajara pour d\u00e9versement ill\u00e9gal d&rsquo;amiante Deux personnes ont fait l&rsquo;objet d&rsquo;une enqu\u00eate dans la province de Guadalajara pour leur implication pr\u00e9sum\u00e9e dans le d\u00e9versement ill\u00e9gal d&rsquo;amiante dans l&rsquo;environnement naturel, une pratique qui comporte un risque grave pour la sant\u00e9 publique et l&rsquo;environnement. L&rsquo;action a \u00e9t\u00e9 d\u00e9velopp\u00e9e &hellip; Continuer la lecture \u00ab\u00a0Deux personnes interrog\u00e9es \u00e0 Guadalajara pour d\u00e9versement ill\u00e9gal d&rsquo;amiante\u00a0\u00bb","og_url":"https:\/\/www.cc3rivieres76.com\/blog\/deux-personnes-interrogees-a-guadalajara-pour-deversement-illegal-damiante\/","og_site_name":"CC3RIVIERES76","article_published_time":"2026-01-17T02:42:00+00:00","author":"Sylvie DE LAUZAINGHEIN","twitter_card":"summary_large_image","twitter_misc":{"\u00c9crit par":"Sylvie DE LAUZAINGHEIN","Dur\u00e9e de lecture estim\u00e9e":"9 minutes"},"schema":{"@context":"https:\/\/schema.org","@graph":[{"@type":"Article","@id":"https:\/\/www.cc3rivieres76.com\/blog\/deux-personnes-interrogees-a-guadalajara-pour-deversement-illegal-damiante\/#article","isPartOf":{"@id":"https:\/\/www.cc3rivieres76.com\/blog\/deux-personnes-interrogees-a-guadalajara-pour-deversement-illegal-damiante\/"},"author":{"name":"Sylvie DE LAUZAINGHEIN","@id":"https:\/\/www.cc3rivieres76.com\/blog\/#\/schema\/person\/474d457fb7747b5218f39792dfaa5a1c"},"headline":"Deux personnes interrog\u00e9es \u00e0 Guadalajara pour d\u00e9versement ill\u00e9gal d&rsquo;amiante","datePublished":"2026-01-17T02:42:00+00:00","mainEntityOfPage":{"@id":"https:\/\/www.cc3rivieres76.com\/blog\/deux-personnes-interrogees-a-guadalajara-pour-deversement-illegal-damiante\/"},"wordCount":1842,"publisher":{"@id":"https:\/\/www.cc3rivieres76.com\/blog\/#organization"},"image":{"@id":"https:\/\/www.cc3rivieres76.com\/blog\/deux-personnes-interrogees-a-guadalajara-pour-deversement-illegal-damiante\/#primaryimage"},"thumbnailUrl":"https:\/\/www.cc3rivieres76.com\/blog\/wp-content\/uploads\/2026\/01\/deux-personnes-interrogees-a-guadalajara-pour-deversement-illegal-damiante.jpg","articleSection":["Les 3 Rivi\u00e8res Dans La Somme:"],"inLanguage":"fr-FR"},{"@type":"WebPage","@id":"https:\/\/www.cc3rivieres76.com\/blog\/deux-personnes-interrogees-a-guadalajara-pour-deversement-illegal-damiante\/","url":"https:\/\/www.cc3rivieres76.com\/blog\/deux-personnes-interrogees-a-guadalajara-pour-deversement-illegal-damiante\/","name":"Deux personnes interrog\u00e9es \u00e0 Guadalajara pour d\u00e9versement ill\u00e9gal d'amiante - CC3RIVIERES76","isPartOf":{"@id":"https:\/\/www.cc3rivieres76.com\/blog\/#website"},"primaryImageOfPage":{"@id":"https:\/\/www.cc3rivieres76.com\/blog\/deux-personnes-interrogees-a-guadalajara-pour-deversement-illegal-damiante\/#primaryimage"},"image":{"@id":"https:\/\/www.cc3rivieres76.com\/blog\/deux-personnes-interrogees-a-guadalajara-pour-deversement-illegal-damiante\/#primaryimage"},"thumbnailUrl":"https:\/\/www.cc3rivieres76.com\/blog\/wp-content\/uploads\/2026\/01\/deux-personnes-interrogees-a-guadalajara-pour-deversement-illegal-damiante.jpg","datePublished":"2026-01-17T02:42:00+00:00","breadcrumb":{"@id":"https:\/\/www.cc3rivieres76.com\/blog\/deux-personnes-interrogees-a-guadalajara-pour-deversement-illegal-damiante\/#breadcrumb"},"inLanguage":"fr-FR","potentialAction":[{"@type":"ReadAction","target":["https:\/\/www.cc3rivieres76.com\/blog\/deux-personnes-interrogees-a-guadalajara-pour-deversement-illegal-damiante\/"]}]},{"@type":"ImageObject","inLanguage":"fr-FR","@id":"https:\/\/www.cc3rivieres76.com\/blog\/deux-personnes-interrogees-a-guadalajara-pour-deversement-illegal-damiante\/#primaryimage","url":"https:\/\/www.cc3rivieres76.com\/blog\/wp-content\/uploads\/2026\/01\/deux-personnes-interrogees-a-guadalajara-pour-deversement-illegal-damiante.jpg","contentUrl":"https:\/\/www.cc3rivieres76.com\/blog\/wp-content\/uploads\/2026\/01\/deux-personnes-interrogees-a-guadalajara-pour-deversement-illegal-damiante.jpg","width":1000,"height":563,"caption":"Deux personnes interrog\u00e9es \u00e0 Guadalajara pour d\u00e9versement ill\u00e9gal d'amiante"},{"@type":"BreadcrumbList","@id":"https:\/\/www.cc3rivieres76.com\/blog\/deux-personnes-interrogees-a-guadalajara-pour-deversement-illegal-damiante\/#breadcrumb","itemListElement":[{"@type":"ListItem","position":1,"name":"Accueil","item":"https:\/\/www.cc3rivieres76.com\/blog\/"},{"@type":"ListItem","position":2,"name":"Deux personnes interrog\u00e9es \u00e0 Guadalajara pour d\u00e9versement ill\u00e9gal d&rsquo;amiante"}]},{"@type":"WebSite","@id":"https:\/\/www.cc3rivieres76.com\/blog\/#website","url":"https:\/\/www.cc3rivieres76.com\/blog\/","name":"CC3RIVIERES76","description":"Les 3 rivi\u00e8res dans la Somme.","publisher":{"@id":"https:\/\/www.cc3rivieres76.com\/blog\/#organization"},"potentialAction":[{"@type":"SearchAction","target":{"@type":"EntryPoint","urlTemplate":"https:\/\/www.cc3rivieres76.com\/blog\/?s={search_term_string}"},"query-input":{"@type":"PropertyValueSpecification","valueRequired":true,"valueName":"search_term_string"}}],"inLanguage":"fr-FR"},{"@type":"Organization","@id":"https:\/\/www.cc3rivieres76.com\/blog\/#organization","name":"cc3rivieres76","url":"https:\/\/www.cc3rivieres76.com\/blog\/","logo":{"@type":"ImageObject","inLanguage":"fr-FR","@id":"https:\/\/www.cc3rivieres76.com\/blog\/#\/schema\/logo\/image\/","url":"https:\/\/www.cc3rivieres76.com\/blog\/wp-content\/uploads\/2023\/06\/logo-2.png","contentUrl":"https:\/\/www.cc3rivieres76.com\/blog\/wp-content\/uploads\/2023\/06\/logo-2.png","width":390,"height":388,"caption":"cc3rivieres76"},"image":{"@id":"https:\/\/www.cc3rivieres76.com\/blog\/#\/schema\/logo\/image\/"}},{"@type":"Person","@id":"https:\/\/www.cc3rivieres76.com\/blog\/#\/schema\/person\/474d457fb7747b5218f39792dfaa5a1c","name":"Sylvie DE LAUZAINGHEIN","image":{"@type":"ImageObject","inLanguage":"fr-FR","@id":"https:\/\/secure.gravatar.com\/avatar\/9c6a53b19e0a3431aa80de0895b9729fe665cd7e7d6cc94fc11abb152f4237d7?s=96&d=mm&r=g","url":"https:\/\/secure.gravatar.com\/avatar\/9c6a53b19e0a3431aa80de0895b9729fe665cd7e7d6cc94fc11abb152f4237d7?s=96&d=mm&r=g","contentUrl":"https:\/\/secure.gravatar.com\/avatar\/9c6a53b19e0a3431aa80de0895b9729fe665cd7e7d6cc94fc11abb152f4237d7?s=96&d=mm&r=g","caption":"Sylvie DE LAUZAINGHEIN"},"url":"https:\/\/www.cc3rivieres76.com\/blog\/author\/s76sylvie\/"}]}},"_links":{"self":[{"href":"https:\/\/www.cc3rivieres76.com\/blog\/wp-json\/wp\/v2\/posts\/1157","targetHints":{"allow":["GET"]}}],"collection":[{"href":"https:\/\/www.cc3rivieres76.com\/blog\/wp-json\/wp\/v2\/posts"}],"about":[{"href":"https:\/\/www.cc3rivieres76.com\/blog\/wp-json\/wp\/v2\/types\/post"}],"author":[{"embeddable":true,"href":"https:\/\/www.cc3rivieres76.com\/blog\/wp-json\/wp\/v2\/users\/3"}],"replies":[{"embeddable":true,"href":"https:\/\/www.cc3rivieres76.com\/blog\/wp-json\/wp\/v2\/comments?post=1157"}],"version-history":[{"count":0,"href":"https:\/\/www.cc3rivieres76.com\/blog\/wp-json\/wp\/v2\/posts\/1157\/revisions"}],"wp:featuredmedia":[{"embeddable":true,"href":"https:\/\/www.cc3rivieres76.com\/blog\/wp-json\/wp\/v2\/media\/1158"}],"wp:attachment":[{"href":"https:\/\/www.cc3rivieres76.com\/blog\/wp-json\/wp\/v2\/media?parent=1157"}],"wp:term":[{"taxonomy":"category","embeddable":true,"href":"https:\/\/www.cc3rivieres76.com\/blog\/wp-json\/wp\/v2\/categories?post=1157"},{"taxonomy":"post_tag","embeddable":true,"href":"https:\/\/www.cc3rivieres76.com\/blog\/wp-json\/wp\/v2\/tags?post=1157"}],"curies":[{"name":"wp","href":"https:\/\/api.w.org\/{rel}","templated":true}]}}