{"id":1168,"date":"2026-01-20T15:25:55","date_gmt":"2026-01-20T14:25:55","guid":{"rendered":"https:\/\/www.site.cdcl.xyz\/?p=1121497"},"modified":"2026-01-20T15:25:55","modified_gmt":"2026-01-20T14:25:55","slug":"vertidos-ilegales-la-colombie-fait-fondre-8-000-armes-appartenant-a-des-groupes-illegaux-2","status":"publish","type":"post","link":"https:\/\/www.cc3rivieres76.com\/blog\/vertidos-ilegales-la-colombie-fait-fondre-8-000-armes-appartenant-a-des-groupes-illegaux-2\/","title":{"rendered":"vertidos ilegales; La Colombie fait fondre 8 000 armes appartenant \u00e0 des groupes ill\u00e9gaux"},"content":{"rendered":"<br \/>\n<h2>\n\u00ab&nbsp;vertidos ilegales&nbsp;\u00bb vu par afpespagnol<br \/><\/h2>\n<p>afpespagnol, sous son pseudonyme AFP Espa\u00f1ol, vient de mettre en ligne une vid\u00e9o sur dailymotion. La voil\u00e0 :\n<\/p>\n<p>\nNous avons constat\u00e9 un int\u00e9r\u00eat grandissant pour cette vid\u00e9o au moment o\u00f9 nous l\u2019avons vue. Le d\u00e9compte de vues indiquait: 11.<\/p>\n<p>\nCette vid\u00e9o, intitul\u00e9e (Colombia funde 8.000 armas de grupos ilegales) et d\u2019une dur\u00e9e de (00:00:55s), est accompagn\u00e9e de la description suivante:\u00ab<i>Ce mardi, les autorit\u00e9s colombiennes ont fait fondre quelque 8 000 armes saisies aupr\u00e8s de groupes arm\u00e9s ill\u00e9gaux et dont le m\u00e9tal ira aux fondations d\u2019\u00e9coles et d\u2019h\u00f4pitaux. <\/i> \u00bb.\n<\/p>\n<h3>Que faut-il retenir sur dailymotion<\/h3>\n<p>\ndailymotion, lanc\u00e9e en 2005, est une plateforme fran\u00e7aise de streaming vid\u00e9o qui propose une alternative \u00e0 YouTube en mettant en avant des contenus professionnels et ind\u00e9pendants. Son interface ergonomique et ses recommandations offrent une navigation fluide. Elle s\u00e9duit m\u00e9dias et Vblogueurs gr\u00e2ce \u00e0 ses outils de mon\u00e9tisation et ses param\u00e8tres de confidentialit\u00e9. Disponible sur plusieurs appareils, elle couvre divers sujets : actualit\u00e9s, culture, sport et divertissement.\n<\/p>\n<h2>Risques environnementaux et sanitaires li\u00e9s aux d\u00e9charges sauvages<\/h2>\n<h3>Comprendre comment les d\u00e9chets abandonn\u00e9s influencent le climat et la consommation d\u2019\u00e9nergie<\/h3>\n<p>Lorsque des d\u00e9chets sont abandonn\u00e9s, ils \u00e9mettent du m\u00e9thane, un gaz \u00e0 effet de serre dont le pouvoir r\u00e9chauffant est 25 fois plus \u00e9lev\u00e9 que celui du CO\u2082, contribuant au d\u00e9r\u00e8glement climatique. De plus, l\u2019absence de tri et de valorisation des d\u00e9chets favorise le gaspillage de ressources, alors que le recyclage pourrait r\u00e9duire l\u2019usage des mati\u00e8res premi\u00e8res et la production de gaz \u00e0 effet de serre.<\/p>\n<h3>L\u2019impact des d\u00e9charges sauvages sur la sant\u00e9 des populations locales<\/h3>\n<p>Les d\u00e9charges sauvages sont un v\u00e9ritable fl\u00e9au pour la sant\u00e9 publique. Les eaux stagnantes, issues des d\u00e9p\u00f4ts ill\u00e9gaux, favorisent la prolif\u00e9ration de bact\u00e9ries et de virus, cr\u00e9ant ainsi un environnement propice aux maladies. Les produits chimiques provenant des d\u00e9chets contaminent l\u2019air et l\u2019eau, affectant les nappes phr\u00e9atiques. De plus, le risque d\u2019incendie est \u00e9lev\u00e9 en raison de la pr\u00e9sence de d\u00e9chets inflammables comme les solvants et huiles, pouvant entra\u00eener des feux incontr\u00f4l\u00e9s aux effets d\u00e9vastateurs.<\/p>\n<h3>L\u2019impact des d\u00e9chets abandonn\u00e9s sur les \u00e9cosyst\u00e8mes et la biodiversit\u00e9<\/h3>\n<p>Les d\u00e9charges sauvages polluent gravement l\u2019\u00e9cosyst\u00e8me naturel. Les plastiques et m\u00e9taux d\u00e9gradent les sols et les nappes phr\u00e9atiques, tandis que les produits chimiques comme les piles et les solvants empoisonnent la faune et la flore. De plus, ces d\u00e9charges servent de terrain de reproduction pour des nuisibles comme les rats et les insectes, d\u00e9truisant ainsi les habitats naturels.<\/p>\n<h2>Les lois et sanctions li\u00e9es aux d\u00e9charges sauvages<\/h2>\n<h3>Peines et amendes pr\u00e9vues pour les d\u00e9p\u00f4ts ill\u00e9gaux de d\u00e9chets dans le Code de l\u2019environnement<\/h3>\n<p>Les sanctions pour d\u00e9p\u00f4t ill\u00e9gal de d\u00e9chets sont strictes et peuvent aller jusqu\u2019\u00e0 75 000 \u20ac d\u2019amende et deux ans de prison pour des d\u00e9chets dangereux abandonn\u00e9s en grande quantit\u00e9. Pour des d\u00e9chets jet\u00e9s sur la voie publique, l\u2019amende s\u2019\u00e9l\u00e8ve \u00e0 1 500 \u20ac. Les v\u00e9hicules utilis\u00e9s peuvent \u00eatre saisis, et les r\u00e9cidivistes s\u2019exposent \u00e0 des sanctions renforc\u00e9es.<\/p>\n<h3>Comprendre les r\u00e9gulations juridiques des d\u00e9p\u00f4ts de d\u00e9chets ill\u00e9gaux<\/h3>\n<p>L\u2019abandon des d\u00e9chets en France est soumis \u00e0 des sanctions en vertu de l\u2019article L.541-3 du Code de l\u2019environnement. Toute personne ou entit\u00e9 responsable peut \u00eatre poursuivie pour nuire \u00e0 l\u2019environnement.<\/p>\n<h3>Le travail des autorit\u00e9s locales pour pr\u00e9venir et sanctionner les infractions environnementales<\/h3>\n<p>Les maires et pr\u00e9fets, en tant qu\u2019autorit\u00e9s locales, sont investis du pouvoir de police pour contr\u00f4ler et sanctionner les d\u00e9p\u00f4ts sauvages de d\u00e9chets et organiser la collecte. Ils peuvent \u00e9galement imposer aux contrevenants de remettre les sites en \u00e9tat, sous peine de sanctions administratives.<\/p>\n<h2>Analyse des d\u00e9charges sauvages et de leurs impacts<\/h2>\n<h3>Les principales raisons qui expliquent l\u2019abandon des d\u00e9chets dans la nature<\/h3>\n<p>La prolif\u00e9ration des d\u00e9charges sauvages r\u00e9sulte de multiples facteurs. Parmi eux, le co\u00fbt des services de collecte incite des particuliers et des professionnels \u00e0 se d\u00e9barrasser de leurs d\u00e9chets en les abandonnant, pour ne pas avoir \u00e0 payer pour leur traitement. Le manque de structures adapt\u00e9es dans les zones rurales complique la gestion des d\u00e9chets, tout comme le d\u00e9ficit de sensibilisation aux risques environnementaux. Enfin, l\u2019inefficacit\u00e9 des contr\u00f4les et des sanctions explique pourquoi ces infractions se multiplient.<\/p>\n<h3>D\u00e9charge sauvage : explication et sp\u00e9cificit\u00e9s<\/h3>\n<p>Les d\u00e9charges sauvages sont des sites o\u00f9 des d\u00e9chets sont d\u00e9pos\u00e9s ill\u00e9galement, souvent en pleine nature, sur des routes ou des terrains non autoris\u00e9s. Ces lieux \u00e9chappent \u00e0 toute r\u00e9gulation, cr\u00e9ant ainsi une pollution importante des sols et des eaux. Les d\u00e9chets concern\u00e9s incluent des ordures m\u00e9nag\u00e8res, des gravats, des objets encombrants et des d\u00e9chets dangereux.<\/p>\n<h3>Les d\u00e9charges sauvages en France : un probl\u00e8me de plus en plus pr\u00e9occupant<\/h3>\n<p>Le ph\u00e9nom\u00e8ne des d\u00e9charges sauvages est un v\u00e9ritable probl\u00e8me en France, o\u00f9 des millions de tonnes de d\u00e9chets sont laiss\u00e9es ill\u00e9galement chaque ann\u00e9e. Cela entra\u00eene des co\u00fbts consid\u00e9rables pour les autorit\u00e9s locales en mati\u00e8re de nettoyage et de gestion. Selon l\u2019ADEME, plus de 100 000 sites sont touch\u00e9s, \u00e0 la fois en zones urbaines et rurales, notamment le long des routes et dans les for\u00eats.<\/p>\n<h2>D\u00e9chets, D\u00e9charges Ill\u00e9gales et Leur Impact D\u00e9vastateur sur l\u2019Environnement et la Sant\u00e9<\/h2>\n<p>Pour contrer l\u2019essor des d\u00e9charges sauvages, une mobilisation collective est indispensable. Par des actions de sensibilisation, un renforcement l\u00e9gislatif et des solutions adapt\u00e9es sur le terrain, nous pouvons lutter contre cette pratique nuisible. Chaque geste de tri, de signalement ou de recyclage fait la diff\u00e9rence.<\/p>\n<h2>Les approches pour combattre l\u2019abandon ill\u00e9gal de d\u00e9chets<\/h2>\n<h3>Initiatives locales et r\u00e9gionales exemplaires dans la gestion des d\u00e9charges sauvages<\/h3>\n<p>De nombreuses villes ont mis en place des initiatives originales pour contrer l\u2019expansion des d\u00e9charges sauvages. Des plateformes de signalement telles que \u00ab&nbsp;Je Signale&nbsp;\u00bb permettent aux citoyens de signaler facilement les d\u00e9p\u00f4ts ill\u00e9gaux, facilitant ainsi l\u2019intervention des autorit\u00e9s comp\u00e9tentes. Les brigades municipales de l\u2019environnement assurent \u00e9galement une vigilance constante sur l\u2019espace public, contr\u00f4lant les infractions et imposant des amendes. En parall\u00e8le, des projets de recyclage participatif sont d\u00e9velopp\u00e9s pour encourager un tri plus efficace et une gestion durable des d\u00e9chets. La plateforme <a href=\"https:\/\/www.applijesignale.fr\/\" rel=\"noopener noreferrer \" target=\"_blank\">l\u2019appli JeSignale \u2013 une aide pour signaler les d\u00e9p\u00f4ts sauvages <\/a>vous permet d\u2019informer les autorit\u00e9s locales et ainsi pr\u00e9server l\u2019espace public.<\/p>\n<h3>Comment encourager des pratiques de recyclage responsables et une gestion des d\u00e9chets optimale ?<\/h3>\n<p>Pour \u00e9viter l\u2019abandon des d\u00e9chets, il est important de promouvoir une gestion durable et responsable. Le tri s\u00e9lectif et la valorisation \u00e9nerg\u00e9tique limitent les d\u00e9chets enfouis, r\u00e9duisant ainsi leur impact sur la nature. L\u2019adoption de mat\u00e9riaux recyclables est \u00e9galement essentielle pour limiter la production de d\u00e9chets \u00e0 leur source. En outre, le soutien aux r\u00e9seaux de r\u00e9emploi, comme les ressourceries et les associations de r\u00e9cup\u00e9ration, permet de prolonger la dur\u00e9e de vie des objets et soutient une \u00e9conomie circulaire vertueuse.<\/p>\n<h3>Proposer des solutions de pr\u00e9vention et de sensibilisation pour r\u00e9duire les d\u00e9charges sauvages<\/h3>\n<p>Afin de limiter l\u2019essor des d\u00e9charges sauvages, plusieurs actions doivent \u00eatre mises en place. Les campagnes de sensibilisation sont un levier majeur pour expliquer \u00e0 la population les impacts environnementaux et sanitaires des d\u00e9chets abandonn\u00e9s. Le renforcement des contr\u00f4les et des sanctions s\u2019av\u00e8re aussi n\u00e9cessaire pour punir les fautifs. En parall\u00e8le, l\u2019\u00e9largissement des horaires d\u2019ouverture des d\u00e9chetteries et la mise en place de points de collecte mobiles encourageraient la population \u00e0 adopter des pratiques de gestion plus responsables. <\/p>\n<p>Utilisez ce lien pour visionner la vid\u00e9o directement sur dailymotion :<u> la publication originale:<\/u> <a href=\"http:\/\/www.dailymotion.com\/video\/x2b467x\">Cliquer ici<\/a>\n<\/p>\n<p>\n<u>Image de l\u2019auteur : <\/u>\n<\/p>\n<p><img decoding=\"async\" src=\"https:\/\/www.cc3rivieres76.com\/blog\/wp-content\/uploads\/2026\/01\/vertidos-ilegales-la-colombie-fait-fondre-8-000-armes-appartenant-a-des-groupes-illegaux.jpg\" alt=\"Profil dailymotion de l\u2019utilisateur AFP Espa\u00f1ol\"><\/p>\n<p>\n<u>Lien sur :<\/u> <strong><a href=\"http:\/\/www.dailymotion.com\/afpespagnol\">Cliquer ici<\/a><\/strong>.\n<\/p>\n<p>#Colombie #fait #fondre #armes #appartenant #des #groupes #ill\u00e9gaux\n<\/p>\n<p><img decoding=\"async\" src=\"https:\/\/www.site.cdcl.xyz\/wp-content\/uploads\/2026\/01\/vertidos-ilegalesLa-Colombie-fait-fondre-8-000-armes-appartenant-a.jpeg\" alt=\"Dailymotion Colombia funde 8.000 armas de grupos ilegales\"><\/p>\n<p> Cet article, qui traite du th\u00e8me \u00ab\u00a0Les 3 rivi\u00e8res dans la Somme\u00a0\u00bb, vous est sp\u00e9cialement sugg\u00e9r\u00e9 par cc3rivieres76.com. La chronique est reproduite du mieux possible. Dans le cas o\u00f9 vous souhaitez apporter quelques pr\u00e9cisions concernant le domaine de \u00ab\u00a0Les 3 rivi\u00e8res dans la Somme\u00a0\u00bb vous pouvez solliciter notre r\u00e9daction. La destination de cc3rivieres76.com est de d\u00e9battre de Les 3 rivi\u00e8res dans la Somme dans la transparence en vous apportant la connaissance de tout ce qui est en lien avec ce sujet sur la toile Connectez-vous sur notre site cc3rivieres76.com et nos r\u00e9seaux sociaux dans le but d\u2019\u00eatre inform\u00e9 des futures publications.<\/p>\n","protected":false},"excerpt":{"rendered":"<p>\u00ab&nbsp;vertidos ilegales&nbsp;\u00bb vu par afpespagnol afpespagnol, sous son pseudonyme AFP Espa\u00f1ol, vient de mettre en ligne une vid\u00e9o sur dailymotion. La voil\u00e0 : Nous avons constat\u00e9 un int\u00e9r\u00eat grandissant pour cette vid\u00e9o au moment o\u00f9 nous l\u2019avons vue. Le d\u00e9compte de vues indiquait: 11. Cette vid\u00e9o, intitul\u00e9e (Colombia funde 8.000 armas de grupos ilegales) et &hellip; <\/p>\n<p class=\"link-more\"><a href=\"https:\/\/www.cc3rivieres76.com\/blog\/vertidos-ilegales-la-colombie-fait-fondre-8-000-armes-appartenant-a-des-groupes-illegaux-2\/\" class=\"more-link\">Continuer la lecture <span class=\"screen-reader-text\"> \u00ab\u00a0vertidos ilegales; La Colombie fait fondre 8 000 armes appartenant \u00e0 des groupes ill\u00e9gaux\u00a0\u00bb<\/span><\/a><\/p>\n","protected":false},"author":3,"featured_media":1169,"comment_status":"closed","ping_status":"closed","sticky":false,"template":"","format":"standard","meta":{"footnotes":""},"categories":[2],"tags":[],"class_list":["post-1168","post","type-post","status-publish","format-standard","has-post-thumbnail","hentry","category-les-3-rivieres-dans-la-somme","entry"],"yoast_head":"<!-- This site is optimized with the Yoast SEO plugin v27.5 - https:\/\/yoast.com\/product\/yoast-seo-wordpress\/ -->\n<title>vertidos ilegales; La Colombie fait fondre 8 000 armes appartenant \u00e0 des groupes ill\u00e9gaux - CC3RIVIERES76<\/title>\n<meta name=\"robots\" content=\"index, follow, max-snippet:-1, max-image-preview:large, max-video-preview:-1\" \/>\n<link rel=\"canonical\" href=\"https:\/\/www.cc3rivieres76.com\/blog\/vertidos-ilegales-la-colombie-fait-fondre-8-000-armes-appartenant-a-des-groupes-illegaux-2\/\" \/>\n<meta property=\"og:locale\" content=\"fr_FR\" \/>\n<meta property=\"og:type\" content=\"article\" \/>\n<meta property=\"og:title\" content=\"vertidos ilegales; La Colombie fait fondre 8 000 armes appartenant \u00e0 des groupes ill\u00e9gaux - CC3RIVIERES76\" \/>\n<meta property=\"og:description\" content=\"\u00ab&nbsp;vertidos ilegales&nbsp;\u00bb vu par afpespagnol afpespagnol, sous son pseudonyme AFP Espa\u00f1ol, vient de mettre en ligne une vid\u00e9o sur dailymotion. La voil\u00e0 : Nous avons constat\u00e9 un int\u00e9r\u00eat grandissant pour cette vid\u00e9o au moment o\u00f9 nous l\u2019avons vue. Le d\u00e9compte de vues indiquait: 11. Cette vid\u00e9o, intitul\u00e9e (Colombia funde 8.000 armas de grupos ilegales) et &hellip; Continuer la lecture \u00ab\u00a0vertidos ilegales; La Colombie fait fondre 8 000 armes appartenant \u00e0 des groupes ill\u00e9gaux\u00a0\u00bb\" \/>\n<meta property=\"og:url\" content=\"https:\/\/www.cc3rivieres76.com\/blog\/vertidos-ilegales-la-colombie-fait-fondre-8-000-armes-appartenant-a-des-groupes-illegaux-2\/\" \/>\n<meta property=\"og:site_name\" content=\"CC3RIVIERES76\" \/>\n<meta property=\"article:published_time\" content=\"2026-01-20T14:25:55+00:00\" \/>\n<meta property=\"og:image\" content=\"https:\/\/www.cc3rivieres76.com\/blog\/wp-content\/uploads\/2026\/01\/vertidos-ilegales-la-colombie-fait-fondre-8-000-armes-appartenant-a-des-groupes-illegaux.jpg\" \/>\n<meta name=\"author\" content=\"Sylvie DE LAUZAINGHEIN\" \/>\n<meta name=\"twitter:card\" content=\"summary_large_image\" \/>\n<meta name=\"twitter:label1\" content=\"\u00c9crit par\" \/>\n\t<meta name=\"twitter:data1\" content=\"Sylvie DE LAUZAINGHEIN\" \/>\n\t<meta name=\"twitter:label2\" content=\"Dur\u00e9e de lecture estim\u00e9e\" \/>\n\t<meta name=\"twitter:data2\" content=\"8 minutes\" \/>\n<script type=\"application\/ld+json\" class=\"yoast-schema-graph\">{\"@context\":\"https:\\\/\\\/schema.org\",\"@graph\":[{\"@type\":\"Article\",\"@id\":\"https:\\\/\\\/www.cc3rivieres76.com\\\/blog\\\/vertidos-ilegales-la-colombie-fait-fondre-8-000-armes-appartenant-a-des-groupes-illegaux-2\\\/#article\",\"isPartOf\":{\"@id\":\"https:\\\/\\\/www.cc3rivieres76.com\\\/blog\\\/vertidos-ilegales-la-colombie-fait-fondre-8-000-armes-appartenant-a-des-groupes-illegaux-2\\\/\"},\"author\":{\"name\":\"Sylvie DE LAUZAINGHEIN\",\"@id\":\"https:\\\/\\\/www.cc3rivieres76.com\\\/blog\\\/#\\\/schema\\\/person\\\/474d457fb7747b5218f39792dfaa5a1c\"},\"headline\":\"vertidos ilegales; La Colombie fait fondre 8 000 armes appartenant \u00e0 des groupes ill\u00e9gaux\",\"datePublished\":\"2026-01-20T14:25:55+00:00\",\"mainEntityOfPage\":{\"@id\":\"https:\\\/\\\/www.cc3rivieres76.com\\\/blog\\\/vertidos-ilegales-la-colombie-fait-fondre-8-000-armes-appartenant-a-des-groupes-illegaux-2\\\/\"},\"wordCount\":1552,\"publisher\":{\"@id\":\"https:\\\/\\\/www.cc3rivieres76.com\\\/blog\\\/#organization\"},\"image\":{\"@id\":\"https:\\\/\\\/www.cc3rivieres76.com\\\/blog\\\/vertidos-ilegales-la-colombie-fait-fondre-8-000-armes-appartenant-a-des-groupes-illegaux-2\\\/#primaryimage\"},\"thumbnailUrl\":\"https:\\\/\\\/www.cc3rivieres76.com\\\/blog\\\/wp-content\\\/uploads\\\/2026\\\/01\\\/vertidos-ilegales-la-colombie-fait-fondre-8-000-armes-appartenant-a-des-groupes-illegaux.jpg\",\"articleSection\":[\"Les 3 Rivi\u00e8res Dans La Somme:\"],\"inLanguage\":\"fr-FR\"},{\"@type\":\"WebPage\",\"@id\":\"https:\\\/\\\/www.cc3rivieres76.com\\\/blog\\\/vertidos-ilegales-la-colombie-fait-fondre-8-000-armes-appartenant-a-des-groupes-illegaux-2\\\/\",\"url\":\"https:\\\/\\\/www.cc3rivieres76.com\\\/blog\\\/vertidos-ilegales-la-colombie-fait-fondre-8-000-armes-appartenant-a-des-groupes-illegaux-2\\\/\",\"name\":\"vertidos ilegales; La Colombie fait fondre 8 000 armes appartenant \u00e0 des groupes ill\u00e9gaux - CC3RIVIERES76\",\"isPartOf\":{\"@id\":\"https:\\\/\\\/www.cc3rivieres76.com\\\/blog\\\/#website\"},\"primaryImageOfPage\":{\"@id\":\"https:\\\/\\\/www.cc3rivieres76.com\\\/blog\\\/vertidos-ilegales-la-colombie-fait-fondre-8-000-armes-appartenant-a-des-groupes-illegaux-2\\\/#primaryimage\"},\"image\":{\"@id\":\"https:\\\/\\\/www.cc3rivieres76.com\\\/blog\\\/vertidos-ilegales-la-colombie-fait-fondre-8-000-armes-appartenant-a-des-groupes-illegaux-2\\\/#primaryimage\"},\"thumbnailUrl\":\"https:\\\/\\\/www.cc3rivieres76.com\\\/blog\\\/wp-content\\\/uploads\\\/2026\\\/01\\\/vertidos-ilegales-la-colombie-fait-fondre-8-000-armes-appartenant-a-des-groupes-illegaux.jpg\",\"datePublished\":\"2026-01-20T14:25:55+00:00\",\"breadcrumb\":{\"@id\":\"https:\\\/\\\/www.cc3rivieres76.com\\\/blog\\\/vertidos-ilegales-la-colombie-fait-fondre-8-000-armes-appartenant-a-des-groupes-illegaux-2\\\/#breadcrumb\"},\"inLanguage\":\"fr-FR\",\"potentialAction\":[{\"@type\":\"ReadAction\",\"target\":[\"https:\\\/\\\/www.cc3rivieres76.com\\\/blog\\\/vertidos-ilegales-la-colombie-fait-fondre-8-000-armes-appartenant-a-des-groupes-illegaux-2\\\/\"]}]},{\"@type\":\"ImageObject\",\"inLanguage\":\"fr-FR\",\"@id\":\"https:\\\/\\\/www.cc3rivieres76.com\\\/blog\\\/vertidos-ilegales-la-colombie-fait-fondre-8-000-armes-appartenant-a-des-groupes-illegaux-2\\\/#primaryimage\",\"url\":\"https:\\\/\\\/www.cc3rivieres76.com\\\/blog\\\/wp-content\\\/uploads\\\/2026\\\/01\\\/vertidos-ilegales-la-colombie-fait-fondre-8-000-armes-appartenant-a-des-groupes-illegaux.jpg\",\"contentUrl\":\"https:\\\/\\\/www.cc3rivieres76.com\\\/blog\\\/wp-content\\\/uploads\\\/2026\\\/01\\\/vertidos-ilegales-la-colombie-fait-fondre-8-000-armes-appartenant-a-des-groupes-illegaux.jpg\",\"width\":360,\"height\":360,\"caption\":\"vertidos ilegales; La Colombie fait fondre 8 000 armes appartenant \u00e0 des groupes ill\u00e9gaux\"},{\"@type\":\"BreadcrumbList\",\"@id\":\"https:\\\/\\\/www.cc3rivieres76.com\\\/blog\\\/vertidos-ilegales-la-colombie-fait-fondre-8-000-armes-appartenant-a-des-groupes-illegaux-2\\\/#breadcrumb\",\"itemListElement\":[{\"@type\":\"ListItem\",\"position\":1,\"name\":\"Accueil\",\"item\":\"https:\\\/\\\/www.cc3rivieres76.com\\\/blog\\\/\"},{\"@type\":\"ListItem\",\"position\":2,\"name\":\"vertidos ilegales; La Colombie fait fondre 8 000 armes appartenant \u00e0 des groupes ill\u00e9gaux\"}]},{\"@type\":\"WebSite\",\"@id\":\"https:\\\/\\\/www.cc3rivieres76.com\\\/blog\\\/#website\",\"url\":\"https:\\\/\\\/www.cc3rivieres76.com\\\/blog\\\/\",\"name\":\"CC3RIVIERES76\",\"description\":\"Les 3 rivi\u00e8res dans la Somme.\",\"publisher\":{\"@id\":\"https:\\\/\\\/www.cc3rivieres76.com\\\/blog\\\/#organization\"},\"potentialAction\":[{\"@type\":\"SearchAction\",\"target\":{\"@type\":\"EntryPoint\",\"urlTemplate\":\"https:\\\/\\\/www.cc3rivieres76.com\\\/blog\\\/?s={search_term_string}\"},\"query-input\":{\"@type\":\"PropertyValueSpecification\",\"valueRequired\":true,\"valueName\":\"search_term_string\"}}],\"inLanguage\":\"fr-FR\"},{\"@type\":\"Organization\",\"@id\":\"https:\\\/\\\/www.cc3rivieres76.com\\\/blog\\\/#organization\",\"name\":\"cc3rivieres76\",\"url\":\"https:\\\/\\\/www.cc3rivieres76.com\\\/blog\\\/\",\"logo\":{\"@type\":\"ImageObject\",\"inLanguage\":\"fr-FR\",\"@id\":\"https:\\\/\\\/www.cc3rivieres76.com\\\/blog\\\/#\\\/schema\\\/logo\\\/image\\\/\",\"url\":\"https:\\\/\\\/www.cc3rivieres76.com\\\/blog\\\/wp-content\\\/uploads\\\/2023\\\/06\\\/logo-2.png\",\"contentUrl\":\"https:\\\/\\\/www.cc3rivieres76.com\\\/blog\\\/wp-content\\\/uploads\\\/2023\\\/06\\\/logo-2.png\",\"width\":390,\"height\":388,\"caption\":\"cc3rivieres76\"},\"image\":{\"@id\":\"https:\\\/\\\/www.cc3rivieres76.com\\\/blog\\\/#\\\/schema\\\/logo\\\/image\\\/\"}},{\"@type\":\"Person\",\"@id\":\"https:\\\/\\\/www.cc3rivieres76.com\\\/blog\\\/#\\\/schema\\\/person\\\/474d457fb7747b5218f39792dfaa5a1c\",\"name\":\"Sylvie DE LAUZAINGHEIN\",\"image\":{\"@type\":\"ImageObject\",\"inLanguage\":\"fr-FR\",\"@id\":\"https:\\\/\\\/secure.gravatar.com\\\/avatar\\\/9c6a53b19e0a3431aa80de0895b9729fe665cd7e7d6cc94fc11abb152f4237d7?s=96&d=mm&r=g\",\"url\":\"https:\\\/\\\/secure.gravatar.com\\\/avatar\\\/9c6a53b19e0a3431aa80de0895b9729fe665cd7e7d6cc94fc11abb152f4237d7?s=96&d=mm&r=g\",\"contentUrl\":\"https:\\\/\\\/secure.gravatar.com\\\/avatar\\\/9c6a53b19e0a3431aa80de0895b9729fe665cd7e7d6cc94fc11abb152f4237d7?s=96&d=mm&r=g\",\"caption\":\"Sylvie DE LAUZAINGHEIN\"},\"url\":\"https:\\\/\\\/www.cc3rivieres76.com\\\/blog\\\/author\\\/s76sylvie\\\/\"}]}<\/script>\n<!-- \/ Yoast SEO plugin. -->","yoast_head_json":{"title":"vertidos ilegales; La Colombie fait fondre 8 000 armes appartenant \u00e0 des groupes ill\u00e9gaux - CC3RIVIERES76","robots":{"index":"index","follow":"follow","max-snippet":"max-snippet:-1","max-image-preview":"max-image-preview:large","max-video-preview":"max-video-preview:-1"},"canonical":"https:\/\/www.cc3rivieres76.com\/blog\/vertidos-ilegales-la-colombie-fait-fondre-8-000-armes-appartenant-a-des-groupes-illegaux-2\/","og_locale":"fr_FR","og_type":"article","og_title":"vertidos ilegales; La Colombie fait fondre 8 000 armes appartenant \u00e0 des groupes ill\u00e9gaux - CC3RIVIERES76","og_description":"\u00ab&nbsp;vertidos ilegales&nbsp;\u00bb vu par afpespagnol afpespagnol, sous son pseudonyme AFP Espa\u00f1ol, vient de mettre en ligne une vid\u00e9o sur dailymotion. La voil\u00e0 : Nous avons constat\u00e9 un int\u00e9r\u00eat grandissant pour cette vid\u00e9o au moment o\u00f9 nous l\u2019avons vue. Le d\u00e9compte de vues indiquait: 11. Cette vid\u00e9o, intitul\u00e9e (Colombia funde 8.000 armas de grupos ilegales) et &hellip; Continuer la lecture \u00ab\u00a0vertidos ilegales; La Colombie fait fondre 8 000 armes appartenant \u00e0 des groupes ill\u00e9gaux\u00a0\u00bb","og_url":"https:\/\/www.cc3rivieres76.com\/blog\/vertidos-ilegales-la-colombie-fait-fondre-8-000-armes-appartenant-a-des-groupes-illegaux-2\/","og_site_name":"CC3RIVIERES76","article_published_time":"2026-01-20T14:25:55+00:00","og_image":[{"url":"https:\/\/www.cc3rivieres76.com\/blog\/wp-content\/uploads\/2026\/01\/vertidos-ilegales-la-colombie-fait-fondre-8-000-armes-appartenant-a-des-groupes-illegaux.jpg","type":"","width":"","height":""}],"author":"Sylvie DE LAUZAINGHEIN","twitter_card":"summary_large_image","twitter_misc":{"\u00c9crit par":"Sylvie DE LAUZAINGHEIN","Dur\u00e9e de lecture estim\u00e9e":"8 minutes"},"schema":{"@context":"https:\/\/schema.org","@graph":[{"@type":"Article","@id":"https:\/\/www.cc3rivieres76.com\/blog\/vertidos-ilegales-la-colombie-fait-fondre-8-000-armes-appartenant-a-des-groupes-illegaux-2\/#article","isPartOf":{"@id":"https:\/\/www.cc3rivieres76.com\/blog\/vertidos-ilegales-la-colombie-fait-fondre-8-000-armes-appartenant-a-des-groupes-illegaux-2\/"},"author":{"name":"Sylvie DE LAUZAINGHEIN","@id":"https:\/\/www.cc3rivieres76.com\/blog\/#\/schema\/person\/474d457fb7747b5218f39792dfaa5a1c"},"headline":"vertidos ilegales; La Colombie fait fondre 8 000 armes appartenant \u00e0 des groupes ill\u00e9gaux","datePublished":"2026-01-20T14:25:55+00:00","mainEntityOfPage":{"@id":"https:\/\/www.cc3rivieres76.com\/blog\/vertidos-ilegales-la-colombie-fait-fondre-8-000-armes-appartenant-a-des-groupes-illegaux-2\/"},"wordCount":1552,"publisher":{"@id":"https:\/\/www.cc3rivieres76.com\/blog\/#organization"},"image":{"@id":"https:\/\/www.cc3rivieres76.com\/blog\/vertidos-ilegales-la-colombie-fait-fondre-8-000-armes-appartenant-a-des-groupes-illegaux-2\/#primaryimage"},"thumbnailUrl":"https:\/\/www.cc3rivieres76.com\/blog\/wp-content\/uploads\/2026\/01\/vertidos-ilegales-la-colombie-fait-fondre-8-000-armes-appartenant-a-des-groupes-illegaux.jpg","articleSection":["Les 3 Rivi\u00e8res Dans La Somme:"],"inLanguage":"fr-FR"},{"@type":"WebPage","@id":"https:\/\/www.cc3rivieres76.com\/blog\/vertidos-ilegales-la-colombie-fait-fondre-8-000-armes-appartenant-a-des-groupes-illegaux-2\/","url":"https:\/\/www.cc3rivieres76.com\/blog\/vertidos-ilegales-la-colombie-fait-fondre-8-000-armes-appartenant-a-des-groupes-illegaux-2\/","name":"vertidos ilegales; La Colombie fait fondre 8 000 armes appartenant \u00e0 des groupes ill\u00e9gaux - CC3RIVIERES76","isPartOf":{"@id":"https:\/\/www.cc3rivieres76.com\/blog\/#website"},"primaryImageOfPage":{"@id":"https:\/\/www.cc3rivieres76.com\/blog\/vertidos-ilegales-la-colombie-fait-fondre-8-000-armes-appartenant-a-des-groupes-illegaux-2\/#primaryimage"},"image":{"@id":"https:\/\/www.cc3rivieres76.com\/blog\/vertidos-ilegales-la-colombie-fait-fondre-8-000-armes-appartenant-a-des-groupes-illegaux-2\/#primaryimage"},"thumbnailUrl":"https:\/\/www.cc3rivieres76.com\/blog\/wp-content\/uploads\/2026\/01\/vertidos-ilegales-la-colombie-fait-fondre-8-000-armes-appartenant-a-des-groupes-illegaux.jpg","datePublished":"2026-01-20T14:25:55+00:00","breadcrumb":{"@id":"https:\/\/www.cc3rivieres76.com\/blog\/vertidos-ilegales-la-colombie-fait-fondre-8-000-armes-appartenant-a-des-groupes-illegaux-2\/#breadcrumb"},"inLanguage":"fr-FR","potentialAction":[{"@type":"ReadAction","target":["https:\/\/www.cc3rivieres76.com\/blog\/vertidos-ilegales-la-colombie-fait-fondre-8-000-armes-appartenant-a-des-groupes-illegaux-2\/"]}]},{"@type":"ImageObject","inLanguage":"fr-FR","@id":"https:\/\/www.cc3rivieres76.com\/blog\/vertidos-ilegales-la-colombie-fait-fondre-8-000-armes-appartenant-a-des-groupes-illegaux-2\/#primaryimage","url":"https:\/\/www.cc3rivieres76.com\/blog\/wp-content\/uploads\/2026\/01\/vertidos-ilegales-la-colombie-fait-fondre-8-000-armes-appartenant-a-des-groupes-illegaux.jpg","contentUrl":"https:\/\/www.cc3rivieres76.com\/blog\/wp-content\/uploads\/2026\/01\/vertidos-ilegales-la-colombie-fait-fondre-8-000-armes-appartenant-a-des-groupes-illegaux.jpg","width":360,"height":360,"caption":"vertidos ilegales; La Colombie fait fondre 8 000 armes appartenant \u00e0 des groupes ill\u00e9gaux"},{"@type":"BreadcrumbList","@id":"https:\/\/www.cc3rivieres76.com\/blog\/vertidos-ilegales-la-colombie-fait-fondre-8-000-armes-appartenant-a-des-groupes-illegaux-2\/#breadcrumb","itemListElement":[{"@type":"ListItem","position":1,"name":"Accueil","item":"https:\/\/www.cc3rivieres76.com\/blog\/"},{"@type":"ListItem","position":2,"name":"vertidos ilegales; La Colombie fait fondre 8 000 armes appartenant \u00e0 des groupes ill\u00e9gaux"}]},{"@type":"WebSite","@id":"https:\/\/www.cc3rivieres76.com\/blog\/#website","url":"https:\/\/www.cc3rivieres76.com\/blog\/","name":"CC3RIVIERES76","description":"Les 3 rivi\u00e8res dans la Somme.","publisher":{"@id":"https:\/\/www.cc3rivieres76.com\/blog\/#organization"},"potentialAction":[{"@type":"SearchAction","target":{"@type":"EntryPoint","urlTemplate":"https:\/\/www.cc3rivieres76.com\/blog\/?s={search_term_string}"},"query-input":{"@type":"PropertyValueSpecification","valueRequired":true,"valueName":"search_term_string"}}],"inLanguage":"fr-FR"},{"@type":"Organization","@id":"https:\/\/www.cc3rivieres76.com\/blog\/#organization","name":"cc3rivieres76","url":"https:\/\/www.cc3rivieres76.com\/blog\/","logo":{"@type":"ImageObject","inLanguage":"fr-FR","@id":"https:\/\/www.cc3rivieres76.com\/blog\/#\/schema\/logo\/image\/","url":"https:\/\/www.cc3rivieres76.com\/blog\/wp-content\/uploads\/2023\/06\/logo-2.png","contentUrl":"https:\/\/www.cc3rivieres76.com\/blog\/wp-content\/uploads\/2023\/06\/logo-2.png","width":390,"height":388,"caption":"cc3rivieres76"},"image":{"@id":"https:\/\/www.cc3rivieres76.com\/blog\/#\/schema\/logo\/image\/"}},{"@type":"Person","@id":"https:\/\/www.cc3rivieres76.com\/blog\/#\/schema\/person\/474d457fb7747b5218f39792dfaa5a1c","name":"Sylvie DE LAUZAINGHEIN","image":{"@type":"ImageObject","inLanguage":"fr-FR","@id":"https:\/\/secure.gravatar.com\/avatar\/9c6a53b19e0a3431aa80de0895b9729fe665cd7e7d6cc94fc11abb152f4237d7?s=96&d=mm&r=g","url":"https:\/\/secure.gravatar.com\/avatar\/9c6a53b19e0a3431aa80de0895b9729fe665cd7e7d6cc94fc11abb152f4237d7?s=96&d=mm&r=g","contentUrl":"https:\/\/secure.gravatar.com\/avatar\/9c6a53b19e0a3431aa80de0895b9729fe665cd7e7d6cc94fc11abb152f4237d7?s=96&d=mm&r=g","caption":"Sylvie DE LAUZAINGHEIN"},"url":"https:\/\/www.cc3rivieres76.com\/blog\/author\/s76sylvie\/"}]}},"_links":{"self":[{"href":"https:\/\/www.cc3rivieres76.com\/blog\/wp-json\/wp\/v2\/posts\/1168","targetHints":{"allow":["GET"]}}],"collection":[{"href":"https:\/\/www.cc3rivieres76.com\/blog\/wp-json\/wp\/v2\/posts"}],"about":[{"href":"https:\/\/www.cc3rivieres76.com\/blog\/wp-json\/wp\/v2\/types\/post"}],"author":[{"embeddable":true,"href":"https:\/\/www.cc3rivieres76.com\/blog\/wp-json\/wp\/v2\/users\/3"}],"replies":[{"embeddable":true,"href":"https:\/\/www.cc3rivieres76.com\/blog\/wp-json\/wp\/v2\/comments?post=1168"}],"version-history":[{"count":0,"href":"https:\/\/www.cc3rivieres76.com\/blog\/wp-json\/wp\/v2\/posts\/1168\/revisions"}],"wp:featuredmedia":[{"embeddable":true,"href":"https:\/\/www.cc3rivieres76.com\/blog\/wp-json\/wp\/v2\/media\/1169"}],"wp:attachment":[{"href":"https:\/\/www.cc3rivieres76.com\/blog\/wp-json\/wp\/v2\/media?parent=1168"}],"wp:term":[{"taxonomy":"category","embeddable":true,"href":"https:\/\/www.cc3rivieres76.com\/blog\/wp-json\/wp\/v2\/categories?post=1168"},{"taxonomy":"post_tag","embeddable":true,"href":"https:\/\/www.cc3rivieres76.com\/blog\/wp-json\/wp\/v2\/tags?post=1168"}],"curies":[{"name":"wp","href":"https:\/\/api.w.org\/{rel}","templated":true}]}}