{"id":1189,"date":"2026-01-28T05:27:00","date_gmt":"2026-01-28T04:27:00","guid":{"rendered":"https:\/\/www.site.cdcl.xyz\/2026\/01\/28\/noisy-le-grand-vente-locaux-professionnels-95-m%c2%b2-a-noisy-le-grand-93\/"},"modified":"2026-01-28T05:27:00","modified_gmt":"2026-01-28T04:27:00","slug":"noisy-le-grand-vente-locaux-professionnels-95-m%c2%b2-a-noisy-le-grand-93","status":"publish","type":"post","link":"https:\/\/www.cc3rivieres76.com\/blog\/noisy-le-grand-vente-locaux-professionnels-95-m%c2%b2-a-noisy-le-grand-93\/","title":{"rendered":"Noisy-le-Grand ; Vente locaux professionnels 95 m\u00b2 \u00e0 Noisy-le-Grand (93)"},"content":{"rendered":"\n<p>\nUn article portant le titre \u00ab&nbsp;Vente locaux professionnels 95 m\u00b2 \u00e0 Noisy-le-Grand (93)&nbsp;\u00bb a \u00e9t\u00e9 r\u00e9cemment mis en ligne. <\/p>\n<p>iad France \u2013 Sandrine Hellali (06 66 79 66 79) vous propose : *OPPORTUNITE A SAISIR RAPIDEMENT* dans l\u2019hypercentre de Noisy-le-Grand, quartier pris\u00e9, Vente Fonds de commerce \u2018Restaurant\u2019 avec extracti \u2026<\/p>\n<h2>NOISY-LE-GRAND : en pleine Crise Financi\u00e8re et morale<\/h2>\n<p>Une \u00e9tude approfondie en \u00cele-de-France, r\u00e9alis\u00e9e par un organisme ind\u00e9pendant et soutenue par une consultation sur internet, met en lumi\u00e8re la d\u00e9t\u00e9rioration des finances publiques et de la gestion de Noisy-le-Grand.<\/p>\n<p>L\u2019audit a \u00e9t\u00e9 effectu\u00e9 par une agence sp\u00e9cialis\u00e9e dans la gestion des collectivit\u00e9s locales. La recherche a port\u00e9 sur l\u2019ensemble des municipalit\u00e9s et mairies de l\u2019\u00eele-de-France. <a href=\"https:\/\/www.bilan-de-mandat.fr\/ile-de-france\/mairie\/seine-saint-denis_noisy-le-grand\/\" rel=\"noopener noreferrer\" target=\"blank\">Il est \u00e0 votre disposition de consulter les r\u00e9sultats de l\u2019\u00e9tude pour Noisy-le-Grand, afin de vous permettre de prendre connaissance de toutes les donn\u00e9es financi\u00e8res qui ont \u00e9t\u00e9 analys\u00e9es.<\/a><\/p>\n<p>Bien que Noisy-le-Grand dispose de ressources pr\u00e9cieuses, elle a choisi une gestion imprudente tant sur le plan financier que dans la gestion des services publics<\/p>\n<p>Bien que la conjoncture joue un r\u00f4le, la municipalit\u00e9 dirig\u00e9e par BRIGITTE MARSIGNY est directement responsable de la situation, \u00e0 hauteur de deux tiers.<\/p>\n<p>Le site ind\u00e9pendant Bilan de Mandat a men\u00e9 cette enqu\u00eate en compilant les chiffres budg\u00e9taires fournis en ligne par le minist\u00e8re des Finances, en se basant sur les 7 ann\u00e9es pr\u00e9c\u00e9dentes<\/p>\n<h3>Crise financi\u00e8re marqu\u00e9e au sein de Noisy-le-Grand<\/h3>\n<p>Noisy-le-Grand est en difficult\u00e9 sur le plan financier, avec un endettement grandissant et une gestion des d\u00e9penses qui inqui\u00e8te. Une \u00e9valuation compl\u00e8te des critiques essentielles et de leurs impacts.<\/p>\n<h3>Analyse de l\u2019endettement et des diff\u00e9rentes formes de dette<\/h3>\n<p>Noisy-le-Grand subit un endettement qui s\u2019est transform\u00e9 en une dette ing\u00e9rable. Cette r\u00e9alit\u00e9 a des effets consid\u00e9rables :<\/p>\n<ul>\n<li>Accroissement des charges financi\u00e8res : La croissance de la dette occasionne des co\u00fbts d\u2019int\u00e9r\u00eat plus \u00e9lev\u00e9s, limitant les ressources pour d\u2019autres investissements.\n<\/li>\n<li>Limitation des capacit\u00e9s d\u2019investissement : L\u2019endettement excessif r\u00e9duit les capacit\u00e9s de la ville \u00e0 investir dans des projets d\u2019infrastructure ou des services publics vitaux.\n<\/li>\n<li>Danger de non-paiement : Une dette trop importante augmente le risque de d\u00e9faillance, ce qui va engendrer des cons\u00e9quences financi\u00e8res ou des restrictions de la part des cr\u00e9anciers.\n<\/li>\n<li>Inqui\u00e9tude croissante des investisseurs : La fragilit\u00e9 financi\u00e8re va dissuader les investisseurs, ralentissant le d\u00e9veloppement \u00e9conomique de la ville.\n<\/li>\n<li>Influence sur l\u2019\u00e9valuation de cr\u00e9dit: Un endettement trop \u00e9lev\u00e9 augmente le risque de d\u00e9faillance, ce qui va entra\u00eener des p\u00e9nalit\u00e9s financi\u00e8res ou des restrictions de la part des cr\u00e9anciers.<\/li>\n<\/ul>\n<h3>R\u00e9mun\u00e9ration des agents de service<\/h3>\n<p>La compensation des agents municipaux repr\u00e9sente une part consid\u00e9rable des d\u00e9penses, atteignant en 2025 un niveau pr\u00e9occupant, tandis que les salaires des agents stagnent. Les r\u00e9sultats de cette situation sont multiples :<\/p>\n<ul>\n<li>Perte d\u2019entrain des agents v\u00e9t\u00e9rans : Le non-accroissement des salaires pour les agents historiques va mener \u00e0 une d\u00e9moralisation, impactant la qualit\u00e9 des services fournis.: Changement r\u00e9gulier des effectifs\n<\/li>\n<li>Turnover important : Des r\u00e9mun\u00e9rations sans progression vont pousser les employ\u00e9s \u00e0 chercher des alternatives, augmentant ainsi le turnover et les frais de formation pour la commune.\n<\/li>\n<li>\u00c9carts de r\u00e9mun\u00e9ration : Les diff\u00e9rences de r\u00e9mun\u00e9ration entre les nouveaux employ\u00e9s et les agents de longue date vont g\u00e9n\u00e9rer des tensions au sein de l\u2019\u00e9quipe municipale.\n<\/li>\n<li>Affaiblissement de la qualit\u00e9 des services publics : Un personnel d\u00e9moralis\u00e9 et fluctuant va alt\u00e9rer la qualit\u00e9 des services publics, impactant directement les citoyens.\n<\/li>\n<li>Charge sur le budget: La n\u00e9cessit\u00e9 de maintenir des salaires comp\u00e9titifs pour attirer de nouveaux employ\u00e9s va cr\u00e9er une pression additionnelle sur le budget municipal.<\/li>\n<\/ul>\n<h3>Hausse des contributions fiscales des contribuables NOIS\u00c9ENS<\/h3>\n<p>La ville doit n\u00e9cessairement augmenter les taxes sur les contribuables, mais cette action a \u00e9t\u00e9 suspendue en 2025 \u00e0 cause des \u00e9lections municipales de 2026. Les cons\u00e9quences de cette situation m\u00e9ritent une attention particuli\u00e8re :<\/p>\n<ul>\n<li>M\u00e9contentement des citoyens : L\u2019augmentation des imp\u00f4ts va provoquer un m\u00e9contentement g\u00e9n\u00e9ral chez les citoyens, affectant leur confiance envers la municipalit\u00e9.\n<\/li>\n<li>R\u00e9duction de la base fiscale : L\u2019augmentation des imp\u00f4ts va provoquer le d\u00e9part de certains contribuables, ce qui r\u00e9duit la base fiscale \u00e0 long terme.\n<\/li>\n<li>Enjeux financiers pour les familles : La hausse des taxes va peser sur les finances des m\u00e9nages, renfor\u00e7ant les in\u00e9galit\u00e9s sociales.\n<\/li>\n<li>Retard dans la mise en \u0153uvre des investissements : L\u2019absence d\u2019augmentation des charges fiscales en 2025 va ralentir des projets d\u2019investissement n\u00e9cessaires au d\u00e9veloppement de la commune.\n<\/li>\n<li>Charge sur les services publics : L\u2019exigence de compenser les pertes de revenus va engendrer des coupes dans les services publics, impactant le bien-\u00eatre des citoyens.<\/li>\n<\/ul>\n<h3>R\u00e9trogradation de la qualit\u00e9 des services publics NOIS\u00c9ENS<\/h3>\n<p>Une gestion financi\u00e8re mal orient\u00e9e entra\u00eenera in\u00e9vitablement des coupes dans les budgets des services publics pour 2026-2027, ce qui se traduit par :<\/p>\n<ul>\n<li>Diminution du nombre d\u2019employ\u00e9s : Moins de ressources humaines pour garantir des services vitaux tels que la propret\u00e9, la s\u00e9curit\u00e9 ou l\u2019\u00e9ducation.\n<\/li>\n<li>Diminution de la fr\u00e9quence des services offerts : R\u00e9duction des tourn\u00e9es de collecte des d\u00e9chets et horaires limit\u00e9s pour les biblioth\u00e8ques et centres communautaires.\n<\/li>\n<li>D\u00e9t\u00e9rioration de la satisfaction des usagers : Les citoyens, d\u00e9j\u00e0 sceptiques \u00e0 l\u2019\u00e9gard des services municipaux, subiront la baisse de la qualit\u00e9 des services et en p\u00e2tiront en premier, malgr\u00e9 une contribution sup\u00e9rieure \u00e0 la moyenne.<\/li>\n<\/ul>\n<h3>Incidences sur la dynamique \u00e9conomique locale<\/h3>\n<p>Une gestion financi\u00e8re d\u00e9ficiente impactera aussi le d\u00e9veloppement \u00e9conomique, notamment :<\/p>\n<ul>\n<li>Diminution des apports financiers : Les entreprises seront peu motiv\u00e9es \u00e0 s\u2019installer dans une collectivit\u00e9 en difficult\u00e9 financi\u00e8re, ce qui limitera les opportunit\u00e9s d\u2019emploi.\n<\/li>\n<li>Baisse de l\u2019attrait : Une gestion peu rigoureuse nuira \u00e0 la perception de la collectivit\u00e9, rendant l\u2019attraction de nouveaux r\u00e9sidents ou investisseurs plus complexe.\n<\/li>\n<li>R\u00e9duction des coop\u00e9rations : Les collectivit\u00e9s en difficult\u00e9 rencontreront des obstacles pour \u00e9tablir des partenariats avec d\u2019autres organisations, ce qui limitera les opportunit\u00e9s de coop\u00e9ration.<\/li>\n<\/ul>\n<h3>Foire aux questions concernant Noisy-le-Grand<\/h3>\n<h4>Quelles options s\u2019offrent \u00e0 nous pour participer aux activit\u00e9s des associations ?<\/h4>\n<p>Dans chaque ville, on peut observer que le nombre d\u2019associations et l\u2019agenda de leurs manifestations (th\u00e9\u00e2tre, festival\u2026) sont notables et autonomes par rapport \u00e0 la politique municipale. Les associations, comme c\u2019est le cas dans tout le pays, organisent divers \u00e9v\u00e9nements tout au long de l\u2019ann\u00e9e. Pour ceux qui d\u00e9sirent participer, il est simple de s\u2019inscrire \u00e0 ces activit\u00e9s en ligne, o\u00f9 un simple clic permet d\u2019acc\u00e9der \u00e0 l\u2019agenda des \u00e9v\u00e9nements ou aux num\u00e9ros de contact des responsables. Adh\u00e9rez d\u2019un simple clic.<\/p>\n<h4>Quelles options d\u2019information existent dans Noisy-le-Grand ?<\/h4>\n<p>Fondamentalement, les informations en ligne. Les r\u00e9sidents peuvent consulter les actualit\u00e9s et le journal municipal de leur commune ainsi que des villes alentour. Sur le site de la municipalit\u00e9, on peut acc\u00e9der \u00e0 la page d\u2019accueil pour les nouveaux r\u00e9sidents, aux num\u00e9ros utiles pour diverses d\u00e9marches, \u00e0 l\u2019annuaire des PME, aux journ\u00e9es et activit\u00e9s gratuites, aux informations sur la rentr\u00e9e scolaire, aux menus des cantines, \u00e0 l\u2019espace de confidentialit\u00e9 pour les comptes familles et aux d\u00e9marches administratives, notamment dans le domaine scolaire. Sur d\u2019autres sites internet qui ne sont pas administr\u00e9s par la mairie, les citoyens peuvent acc\u00e9der aux informations concernant les \u00e9v\u00e9nements culturels (spectacles, th\u00e9\u00e2tres, festivals) qui enrichissent la vie locale et offrent une perspective sur la culture.<\/p>\n<h4>Quelles activit\u00e9s historiques et culturelles sont disponibles ?<\/h4>\n<p>Le r\u00e9cit d\u2019une ville r\u00e9v\u00e8le sa culture. La mairie ou l\u2019h\u00f4tel de ville, les photos anciennes de l\u2019\u00e9cole, et les comp\u00e9tences des m\u00e9tiers traditionnels offrent une d\u00e9couverte gratuite, ainsi qu\u2019une transmission et une pr\u00e9servation de ce patrimoine local. Sur tout le territoire fran\u00e7ais, la politique de sensibilisation s\u2019assure que le patrimoine de la ville demeure vivant et accessible pour les g\u00e9n\u00e9rations \u00e0 venir.<\/p>\n<h4>Quelle est l\u2019analyse principale issue de l\u2019audit financier de Noisy-le-Grand ?<\/h4>\n<p>L\u2019enqu\u00eate fait \u00e9tat d\u2019une situation alarmante concernant les finances publiques et la gestion de Noisy-le-Grand, mettant en avant une imprudence tant financi\u00e8re que dans la gestion publique.<\/p>\n<h4>Quels \u00e9l\u00e9ments ont favoris\u00e9 cette crise financi\u00e8re ?<\/h4>\n<p>Bien que le climat \u00e9conomique soit pertinent, deux tiers des probl\u00e8mes rencontr\u00e9s sont attribuables aux choix politiques de la municipalit\u00e9 sous la direction de BRIGITTE MARSIGNY.<\/p>\n<h4>Qui d\u00e9tient le titre de maire dans Noisy-le-Grand ?<\/h4>\n<p>BRIGITTE MARSIGNY<\/p>\n<h4>Comment se pr\u00e9sente la situation des associations locales \u00e0 NOISY-LE-GRAND ?<\/h4>\n<p>Les associations locales apportent une contribution significative \u00e0 la culture. Si vous souhaitez obtenir les coordonn\u00e9es d\u2019une association, vous pouvez consulter l\u2019annuaire en ligne sur le site de la mairie de Noisy-le-Grand <\/p>\n<p> Cet article, qui traite du th\u00e8me \u00ab\u00a0Les 3 rivi\u00e8res dans la Somme\u00a0\u00bb, vous est sp\u00e9cialement sugg\u00e9r\u00e9 par cc3rivieres76.com. La chronique est reproduite du mieux possible. Dans le cas o\u00f9 vous souhaitez apporter quelques pr\u00e9cisions concernant le domaine de \u00ab\u00a0Les 3 rivi\u00e8res dans la Somme\u00a0\u00bb vous pouvez solliciter notre r\u00e9daction. La destination de cc3rivieres76.com est de d\u00e9battre de Les 3 rivi\u00e8res dans la Somme dans la transparence en vous apportant la connaissance de tout ce qui est en lien avec ce sujet sur la toile Connectez-vous sur notre site cc3rivieres76.com et nos r\u00e9seaux sociaux dans le but d\u2019\u00eatre inform\u00e9 des futures publications.<\/p>\n","protected":false},"excerpt":{"rendered":"<p>Un article portant le titre \u00ab&nbsp;Vente locaux professionnels 95 m\u00b2 \u00e0 Noisy-le-Grand (93)&nbsp;\u00bb a \u00e9t\u00e9 r\u00e9cemment mis en ligne. iad France \u2013 Sandrine Hellali (06 66 79 66 79) vous propose : *OPPORTUNITE A SAISIR RAPIDEMENT* dans l\u2019hypercentre de Noisy-le-Grand, quartier pris\u00e9, Vente Fonds de commerce \u2018Restaurant\u2019 avec extracti \u2026 NOISY-LE-GRAND : en pleine Crise &hellip; <\/p>\n<p class=\"link-more\"><a href=\"https:\/\/www.cc3rivieres76.com\/blog\/noisy-le-grand-vente-locaux-professionnels-95-m%c2%b2-a-noisy-le-grand-93\/\" class=\"more-link\">Continuer la lecture <span class=\"screen-reader-text\"> \u00ab\u00a0Noisy-le-Grand ; Vente locaux professionnels 95 m\u00b2 \u00e0 Noisy-le-Grand (93)\u00a0\u00bb<\/span><\/a><\/p>\n","protected":false},"author":3,"featured_media":0,"comment_status":"closed","ping_status":"closed","sticky":false,"template":"","format":"standard","meta":{"footnotes":""},"categories":[2],"tags":[],"class_list":["post-1189","post","type-post","status-publish","format-standard","hentry","category-les-3-rivieres-dans-la-somme","entry"],"yoast_head":"<!-- This site is optimized with the Yoast SEO plugin v27.5 - https:\/\/yoast.com\/product\/yoast-seo-wordpress\/ -->\n<title>Noisy-le-Grand ; Vente locaux professionnels 95 m\u00b2 \u00e0 Noisy-le-Grand (93) - CC3RIVIERES76<\/title>\n<meta name=\"robots\" content=\"index, follow, max-snippet:-1, max-image-preview:large, max-video-preview:-1\" \/>\n<link rel=\"canonical\" href=\"https:\/\/www.cc3rivieres76.com\/blog\/noisy-le-grand-vente-locaux-professionnels-95-m\u00b2-a-noisy-le-grand-93\/\" \/>\n<meta property=\"og:locale\" content=\"fr_FR\" \/>\n<meta property=\"og:type\" content=\"article\" \/>\n<meta property=\"og:title\" content=\"Noisy-le-Grand ; Vente locaux professionnels 95 m\u00b2 \u00e0 Noisy-le-Grand (93) - CC3RIVIERES76\" \/>\n<meta property=\"og:description\" content=\"Un article portant le titre \u00ab&nbsp;Vente locaux professionnels 95 m\u00b2 \u00e0 Noisy-le-Grand (93)&nbsp;\u00bb a \u00e9t\u00e9 r\u00e9cemment mis en ligne. iad France \u2013 Sandrine Hellali (06 66 79 66 79) vous propose : *OPPORTUNITE A SAISIR RAPIDEMENT* dans l\u2019hypercentre de Noisy-le-Grand, quartier pris\u00e9, Vente Fonds de commerce \u2018Restaurant\u2019 avec extracti \u2026 NOISY-LE-GRAND : en pleine Crise &hellip; Continuer la lecture \u00ab\u00a0Noisy-le-Grand ; Vente locaux professionnels 95 m\u00b2 \u00e0 Noisy-le-Grand (93)\u00a0\u00bb\" \/>\n<meta property=\"og:url\" content=\"https:\/\/www.cc3rivieres76.com\/blog\/noisy-le-grand-vente-locaux-professionnels-95-m\u00b2-a-noisy-le-grand-93\/\" \/>\n<meta property=\"og:site_name\" content=\"CC3RIVIERES76\" \/>\n<meta property=\"article:published_time\" content=\"2026-01-28T04:27:00+00:00\" \/>\n<meta name=\"author\" content=\"Sylvie DE LAUZAINGHEIN\" \/>\n<meta name=\"twitter:card\" content=\"summary_large_image\" \/>\n<meta name=\"twitter:label1\" content=\"\u00c9crit par\" \/>\n\t<meta name=\"twitter:data1\" content=\"Sylvie DE LAUZAINGHEIN\" \/>\n\t<meta name=\"twitter:label2\" content=\"Dur\u00e9e de lecture estim\u00e9e\" \/>\n\t<meta name=\"twitter:data2\" content=\"8 minutes\" \/>\n<script type=\"application\/ld+json\" class=\"yoast-schema-graph\">{\"@context\":\"https:\\\/\\\/schema.org\",\"@graph\":[{\"@type\":\"Article\",\"@id\":\"https:\\\/\\\/www.cc3rivieres76.com\\\/blog\\\/noisy-le-grand-vente-locaux-professionnels-95-m%c2%b2-a-noisy-le-grand-93\\\/#article\",\"isPartOf\":{\"@id\":\"https:\\\/\\\/www.cc3rivieres76.com\\\/blog\\\/noisy-le-grand-vente-locaux-professionnels-95-m%c2%b2-a-noisy-le-grand-93\\\/\"},\"author\":{\"name\":\"Sylvie DE LAUZAINGHEIN\",\"@id\":\"https:\\\/\\\/www.cc3rivieres76.com\\\/blog\\\/#\\\/schema\\\/person\\\/474d457fb7747b5218f39792dfaa5a1c\"},\"headline\":\"Noisy-le-Grand ; Vente locaux professionnels 95 m\u00b2 \u00e0 Noisy-le-Grand (93)\",\"datePublished\":\"2026-01-28T04:27:00+00:00\",\"mainEntityOfPage\":{\"@id\":\"https:\\\/\\\/www.cc3rivieres76.com\\\/blog\\\/noisy-le-grand-vente-locaux-professionnels-95-m%c2%b2-a-noisy-le-grand-93\\\/\"},\"wordCount\":1654,\"publisher\":{\"@id\":\"https:\\\/\\\/www.cc3rivieres76.com\\\/blog\\\/#organization\"},\"articleSection\":[\"Les 3 Rivi\u00e8res Dans La Somme:\"],\"inLanguage\":\"fr-FR\"},{\"@type\":\"WebPage\",\"@id\":\"https:\\\/\\\/www.cc3rivieres76.com\\\/blog\\\/noisy-le-grand-vente-locaux-professionnels-95-m%c2%b2-a-noisy-le-grand-93\\\/\",\"url\":\"https:\\\/\\\/www.cc3rivieres76.com\\\/blog\\\/noisy-le-grand-vente-locaux-professionnels-95-m%c2%b2-a-noisy-le-grand-93\\\/\",\"name\":\"Noisy-le-Grand ; Vente locaux professionnels 95 m\u00b2 \u00e0 Noisy-le-Grand (93) - CC3RIVIERES76\",\"isPartOf\":{\"@id\":\"https:\\\/\\\/www.cc3rivieres76.com\\\/blog\\\/#website\"},\"datePublished\":\"2026-01-28T04:27:00+00:00\",\"breadcrumb\":{\"@id\":\"https:\\\/\\\/www.cc3rivieres76.com\\\/blog\\\/noisy-le-grand-vente-locaux-professionnels-95-m%c2%b2-a-noisy-le-grand-93\\\/#breadcrumb\"},\"inLanguage\":\"fr-FR\",\"potentialAction\":[{\"@type\":\"ReadAction\",\"target\":[\"https:\\\/\\\/www.cc3rivieres76.com\\\/blog\\\/noisy-le-grand-vente-locaux-professionnels-95-m%c2%b2-a-noisy-le-grand-93\\\/\"]}]},{\"@type\":\"BreadcrumbList\",\"@id\":\"https:\\\/\\\/www.cc3rivieres76.com\\\/blog\\\/noisy-le-grand-vente-locaux-professionnels-95-m%c2%b2-a-noisy-le-grand-93\\\/#breadcrumb\",\"itemListElement\":[{\"@type\":\"ListItem\",\"position\":1,\"name\":\"Accueil\",\"item\":\"https:\\\/\\\/www.cc3rivieres76.com\\\/blog\\\/\"},{\"@type\":\"ListItem\",\"position\":2,\"name\":\"Noisy-le-Grand ; Vente locaux professionnels 95 m\u00b2 \u00e0 Noisy-le-Grand (93)\"}]},{\"@type\":\"WebSite\",\"@id\":\"https:\\\/\\\/www.cc3rivieres76.com\\\/blog\\\/#website\",\"url\":\"https:\\\/\\\/www.cc3rivieres76.com\\\/blog\\\/\",\"name\":\"CC3RIVIERES76\",\"description\":\"Les 3 rivi\u00e8res dans la Somme.\",\"publisher\":{\"@id\":\"https:\\\/\\\/www.cc3rivieres76.com\\\/blog\\\/#organization\"},\"potentialAction\":[{\"@type\":\"SearchAction\",\"target\":{\"@type\":\"EntryPoint\",\"urlTemplate\":\"https:\\\/\\\/www.cc3rivieres76.com\\\/blog\\\/?s={search_term_string}\"},\"query-input\":{\"@type\":\"PropertyValueSpecification\",\"valueRequired\":true,\"valueName\":\"search_term_string\"}}],\"inLanguage\":\"fr-FR\"},{\"@type\":\"Organization\",\"@id\":\"https:\\\/\\\/www.cc3rivieres76.com\\\/blog\\\/#organization\",\"name\":\"cc3rivieres76\",\"url\":\"https:\\\/\\\/www.cc3rivieres76.com\\\/blog\\\/\",\"logo\":{\"@type\":\"ImageObject\",\"inLanguage\":\"fr-FR\",\"@id\":\"https:\\\/\\\/www.cc3rivieres76.com\\\/blog\\\/#\\\/schema\\\/logo\\\/image\\\/\",\"url\":\"https:\\\/\\\/www.cc3rivieres76.com\\\/blog\\\/wp-content\\\/uploads\\\/2023\\\/06\\\/logo-2.png\",\"contentUrl\":\"https:\\\/\\\/www.cc3rivieres76.com\\\/blog\\\/wp-content\\\/uploads\\\/2023\\\/06\\\/logo-2.png\",\"width\":390,\"height\":388,\"caption\":\"cc3rivieres76\"},\"image\":{\"@id\":\"https:\\\/\\\/www.cc3rivieres76.com\\\/blog\\\/#\\\/schema\\\/logo\\\/image\\\/\"}},{\"@type\":\"Person\",\"@id\":\"https:\\\/\\\/www.cc3rivieres76.com\\\/blog\\\/#\\\/schema\\\/person\\\/474d457fb7747b5218f39792dfaa5a1c\",\"name\":\"Sylvie DE LAUZAINGHEIN\",\"image\":{\"@type\":\"ImageObject\",\"inLanguage\":\"fr-FR\",\"@id\":\"https:\\\/\\\/secure.gravatar.com\\\/avatar\\\/9c6a53b19e0a3431aa80de0895b9729fe665cd7e7d6cc94fc11abb152f4237d7?s=96&d=mm&r=g\",\"url\":\"https:\\\/\\\/secure.gravatar.com\\\/avatar\\\/9c6a53b19e0a3431aa80de0895b9729fe665cd7e7d6cc94fc11abb152f4237d7?s=96&d=mm&r=g\",\"contentUrl\":\"https:\\\/\\\/secure.gravatar.com\\\/avatar\\\/9c6a53b19e0a3431aa80de0895b9729fe665cd7e7d6cc94fc11abb152f4237d7?s=96&d=mm&r=g\",\"caption\":\"Sylvie DE LAUZAINGHEIN\"},\"url\":\"https:\\\/\\\/www.cc3rivieres76.com\\\/blog\\\/author\\\/s76sylvie\\\/\"}]}<\/script>\n<!-- \/ Yoast SEO plugin. -->","yoast_head_json":{"title":"Noisy-le-Grand ; Vente locaux professionnels 95 m\u00b2 \u00e0 Noisy-le-Grand (93) - CC3RIVIERES76","robots":{"index":"index","follow":"follow","max-snippet":"max-snippet:-1","max-image-preview":"max-image-preview:large","max-video-preview":"max-video-preview:-1"},"canonical":"https:\/\/www.cc3rivieres76.com\/blog\/noisy-le-grand-vente-locaux-professionnels-95-m\u00b2-a-noisy-le-grand-93\/","og_locale":"fr_FR","og_type":"article","og_title":"Noisy-le-Grand ; Vente locaux professionnels 95 m\u00b2 \u00e0 Noisy-le-Grand (93) - CC3RIVIERES76","og_description":"Un article portant le titre \u00ab&nbsp;Vente locaux professionnels 95 m\u00b2 \u00e0 Noisy-le-Grand (93)&nbsp;\u00bb a \u00e9t\u00e9 r\u00e9cemment mis en ligne. iad France \u2013 Sandrine Hellali (06 66 79 66 79) vous propose : *OPPORTUNITE A SAISIR RAPIDEMENT* dans l\u2019hypercentre de Noisy-le-Grand, quartier pris\u00e9, Vente Fonds de commerce \u2018Restaurant\u2019 avec extracti \u2026 NOISY-LE-GRAND : en pleine Crise &hellip; Continuer la lecture \u00ab\u00a0Noisy-le-Grand ; Vente locaux professionnels 95 m\u00b2 \u00e0 Noisy-le-Grand (93)\u00a0\u00bb","og_url":"https:\/\/www.cc3rivieres76.com\/blog\/noisy-le-grand-vente-locaux-professionnels-95-m\u00b2-a-noisy-le-grand-93\/","og_site_name":"CC3RIVIERES76","article_published_time":"2026-01-28T04:27:00+00:00","author":"Sylvie DE LAUZAINGHEIN","twitter_card":"summary_large_image","twitter_misc":{"\u00c9crit par":"Sylvie DE LAUZAINGHEIN","Dur\u00e9e de lecture estim\u00e9e":"8 minutes"},"schema":{"@context":"https:\/\/schema.org","@graph":[{"@type":"Article","@id":"https:\/\/www.cc3rivieres76.com\/blog\/noisy-le-grand-vente-locaux-professionnels-95-m%c2%b2-a-noisy-le-grand-93\/#article","isPartOf":{"@id":"https:\/\/www.cc3rivieres76.com\/blog\/noisy-le-grand-vente-locaux-professionnels-95-m%c2%b2-a-noisy-le-grand-93\/"},"author":{"name":"Sylvie DE LAUZAINGHEIN","@id":"https:\/\/www.cc3rivieres76.com\/blog\/#\/schema\/person\/474d457fb7747b5218f39792dfaa5a1c"},"headline":"Noisy-le-Grand ; Vente locaux professionnels 95 m\u00b2 \u00e0 Noisy-le-Grand (93)","datePublished":"2026-01-28T04:27:00+00:00","mainEntityOfPage":{"@id":"https:\/\/www.cc3rivieres76.com\/blog\/noisy-le-grand-vente-locaux-professionnels-95-m%c2%b2-a-noisy-le-grand-93\/"},"wordCount":1654,"publisher":{"@id":"https:\/\/www.cc3rivieres76.com\/blog\/#organization"},"articleSection":["Les 3 Rivi\u00e8res Dans La Somme:"],"inLanguage":"fr-FR"},{"@type":"WebPage","@id":"https:\/\/www.cc3rivieres76.com\/blog\/noisy-le-grand-vente-locaux-professionnels-95-m%c2%b2-a-noisy-le-grand-93\/","url":"https:\/\/www.cc3rivieres76.com\/blog\/noisy-le-grand-vente-locaux-professionnels-95-m%c2%b2-a-noisy-le-grand-93\/","name":"Noisy-le-Grand ; Vente locaux professionnels 95 m\u00b2 \u00e0 Noisy-le-Grand (93) - CC3RIVIERES76","isPartOf":{"@id":"https:\/\/www.cc3rivieres76.com\/blog\/#website"},"datePublished":"2026-01-28T04:27:00+00:00","breadcrumb":{"@id":"https:\/\/www.cc3rivieres76.com\/blog\/noisy-le-grand-vente-locaux-professionnels-95-m%c2%b2-a-noisy-le-grand-93\/#breadcrumb"},"inLanguage":"fr-FR","potentialAction":[{"@type":"ReadAction","target":["https:\/\/www.cc3rivieres76.com\/blog\/noisy-le-grand-vente-locaux-professionnels-95-m%c2%b2-a-noisy-le-grand-93\/"]}]},{"@type":"BreadcrumbList","@id":"https:\/\/www.cc3rivieres76.com\/blog\/noisy-le-grand-vente-locaux-professionnels-95-m%c2%b2-a-noisy-le-grand-93\/#breadcrumb","itemListElement":[{"@type":"ListItem","position":1,"name":"Accueil","item":"https:\/\/www.cc3rivieres76.com\/blog\/"},{"@type":"ListItem","position":2,"name":"Noisy-le-Grand ; Vente locaux professionnels 95 m\u00b2 \u00e0 Noisy-le-Grand (93)"}]},{"@type":"WebSite","@id":"https:\/\/www.cc3rivieres76.com\/blog\/#website","url":"https:\/\/www.cc3rivieres76.com\/blog\/","name":"CC3RIVIERES76","description":"Les 3 rivi\u00e8res dans la Somme.","publisher":{"@id":"https:\/\/www.cc3rivieres76.com\/blog\/#organization"},"potentialAction":[{"@type":"SearchAction","target":{"@type":"EntryPoint","urlTemplate":"https:\/\/www.cc3rivieres76.com\/blog\/?s={search_term_string}"},"query-input":{"@type":"PropertyValueSpecification","valueRequired":true,"valueName":"search_term_string"}}],"inLanguage":"fr-FR"},{"@type":"Organization","@id":"https:\/\/www.cc3rivieres76.com\/blog\/#organization","name":"cc3rivieres76","url":"https:\/\/www.cc3rivieres76.com\/blog\/","logo":{"@type":"ImageObject","inLanguage":"fr-FR","@id":"https:\/\/www.cc3rivieres76.com\/blog\/#\/schema\/logo\/image\/","url":"https:\/\/www.cc3rivieres76.com\/blog\/wp-content\/uploads\/2023\/06\/logo-2.png","contentUrl":"https:\/\/www.cc3rivieres76.com\/blog\/wp-content\/uploads\/2023\/06\/logo-2.png","width":390,"height":388,"caption":"cc3rivieres76"},"image":{"@id":"https:\/\/www.cc3rivieres76.com\/blog\/#\/schema\/logo\/image\/"}},{"@type":"Person","@id":"https:\/\/www.cc3rivieres76.com\/blog\/#\/schema\/person\/474d457fb7747b5218f39792dfaa5a1c","name":"Sylvie DE LAUZAINGHEIN","image":{"@type":"ImageObject","inLanguage":"fr-FR","@id":"https:\/\/secure.gravatar.com\/avatar\/9c6a53b19e0a3431aa80de0895b9729fe665cd7e7d6cc94fc11abb152f4237d7?s=96&d=mm&r=g","url":"https:\/\/secure.gravatar.com\/avatar\/9c6a53b19e0a3431aa80de0895b9729fe665cd7e7d6cc94fc11abb152f4237d7?s=96&d=mm&r=g","contentUrl":"https:\/\/secure.gravatar.com\/avatar\/9c6a53b19e0a3431aa80de0895b9729fe665cd7e7d6cc94fc11abb152f4237d7?s=96&d=mm&r=g","caption":"Sylvie DE LAUZAINGHEIN"},"url":"https:\/\/www.cc3rivieres76.com\/blog\/author\/s76sylvie\/"}]}},"_links":{"self":[{"href":"https:\/\/www.cc3rivieres76.com\/blog\/wp-json\/wp\/v2\/posts\/1189","targetHints":{"allow":["GET"]}}],"collection":[{"href":"https:\/\/www.cc3rivieres76.com\/blog\/wp-json\/wp\/v2\/posts"}],"about":[{"href":"https:\/\/www.cc3rivieres76.com\/blog\/wp-json\/wp\/v2\/types\/post"}],"author":[{"embeddable":true,"href":"https:\/\/www.cc3rivieres76.com\/blog\/wp-json\/wp\/v2\/users\/3"}],"replies":[{"embeddable":true,"href":"https:\/\/www.cc3rivieres76.com\/blog\/wp-json\/wp\/v2\/comments?post=1189"}],"version-history":[{"count":0,"href":"https:\/\/www.cc3rivieres76.com\/blog\/wp-json\/wp\/v2\/posts\/1189\/revisions"}],"wp:attachment":[{"href":"https:\/\/www.cc3rivieres76.com\/blog\/wp-json\/wp\/v2\/media?parent=1189"}],"wp:term":[{"taxonomy":"category","embeddable":true,"href":"https:\/\/www.cc3rivieres76.com\/blog\/wp-json\/wp\/v2\/categories?post=1189"},{"taxonomy":"post_tag","embeddable":true,"href":"https:\/\/www.cc3rivieres76.com\/blog\/wp-json\/wp\/v2\/tags?post=1189"}],"curies":[{"name":"wp","href":"https:\/\/api.w.org\/{rel}","templated":true}]}}