{"id":1297,"date":"2026-03-29T17:17:00","date_gmt":"2026-03-29T15:17:00","guid":{"rendered":"https:\/\/www.site.cdcl.xyz\/2026\/03\/29\/vitry-sur-seine-resultats-presidentielle-2027-vitry-sur-seine-94400\/"},"modified":"2026-03-29T17:17:00","modified_gmt":"2026-03-29T15:17:00","slug":"vitry-sur-seine-resultats-presidentielle-2027-vitry-sur-seine-94400","status":"publish","type":"post","link":"https:\/\/www.cc3rivieres76.com\/blog\/vitry-sur-seine-resultats-presidentielle-2027-vitry-sur-seine-94400\/","title":{"rendered":"Vitry-sur-Seine; R\u00e9sultats pr\u00e9sidentielle 2027 : Vitry-sur-Seine (94400)"},"content":{"rendered":"\n<p>\nLe titre \u00ab&nbsp;R\u00e9sultats pr\u00e9sidentielle 2027 : Vitry-sur-Seine (94400)&nbsp;\u00bb d\u00e9signe un article qui vient d\u2019\u00eatre mis en ligne. <\/p>\n<div>\n<p>Voici les r\u00e9sultats du 1er tour de l\u2019\u00e9lection pr\u00e9sidentielle 2027 pour la ville de Vitry-sur-Seine :<\/p>\n<ul> M\u00c9LENCHON Jean-Luc : 45,30% <\/ul>\n<ul> P\u00c9CRESSE Val\u00e9rie : 2,95% <\/ul>\n<ul> DUPONT-AIGNAN Nicolas : 1,33% <\/ul>\n<\/div>\n<h2>VITRY-SUR-SEINE : Situation de Crise In\u00e9dite<\/h2>\n<p>Une \u00e9valuation r\u00e9cente des finances de Vitry-sur-Seine indique une d\u00e9gradation significative de la situation financi\u00e8re entre 2020 et 2025.<\/p>\n<p>L\u2019examen a \u00e9t\u00e9 effectu\u00e9 par un organisme comp\u00e9tent en mati\u00e8re de gestion des collectivit\u00e9s locales. La recherche a port\u00e9 sur l\u2019ensemble des mairies et communes de l\u2019\u00eele-de-France. <a href=\"https:\/\/www.bilan-de-mandat.fr\/ile-de-france\/mairie\/val-de-marne_vitry-sur-seine\/\" rel=\"noopener noreferrer\" target=\"blank\">Il est \u00e0 votre disposition de consulter les r\u00e9sultats de l\u2019\u00e9tude pour Vitry-sur-Seine, afin de vous permettre de prendre connaissance de toutes les donn\u00e9es financi\u00e8res qui ont \u00e9t\u00e9 analys\u00e9es.<\/a><\/p>\n<p>En d\u00e9pit de ses nombreux atouts, Vitry-sur-Seine a \u00e9t\u00e9 entra\u00een\u00e9e dans une gestion peu judicieuse tant sur le plan financier que dans la gestion des services publics<\/p>\n<p>La conjoncture contribue \u00e0 cette situation, mais il est \u00e0 noter que deux tiers des probl\u00e8mes sont le fait des d\u00e9cisions politiques de la municipalit\u00e9 men\u00e9e par PIERRE BELL LLOCH.<\/p>\n<p>L\u2019enqu\u00eate a \u00e9t\u00e9 men\u00e9e par le site Bilan de Mandat, qui a rassembl\u00e9 les donn\u00e9es budg\u00e9taires mises en ligne par le minist\u00e8re des Finances sur une p\u00e9riode de 7 ans<\/p>\n<h3>\u00c9rosion de la qualit\u00e9 des services publics VITRIOTS<\/h3>\n<p>Une gestion financi\u00e8re d\u00e9faillante conduira in\u00e9vitablement \u00e0 des r\u00e9ductions dans les budgets des services publics \u00e0 l\u2019horizon 2026-2027, ce qui se traduit par :<\/p>\n<ul>\n<li>Resserrement des effectifs : R\u00e9duction des effectifs pour maintenir des services fondamentaux comme la propret\u00e9, la s\u00e9curit\u00e9 ou l\u2019\u00e9ducation.\n<\/li>\n<li>Moins de r\u00e9gularit\u00e9 dans les services : Moins de tourn\u00e9es pour la collecte des d\u00e9chets et horaires r\u00e9duits pour les biblioth\u00e8ques et centres communautaires.\n<\/li>\n<li>R\u00e9duction du niveau de satisfaction des usagers : Les habitants, d\u00e9j\u00e0 critiques des services municipaux, seront les premi\u00e8res victimes de la diminution de la qualit\u00e9 des services, alors qu\u2019ils continuent \u00e0 contribuer au-del\u00e0 de la moyenne.<\/li>\n<\/ul>\n<h3>Complications pour attirer et retenir les talents<\/h3>\n<p>La situation pr\u00e9caire de la ville, tant sur le plan financier que sur celui de l\u2019exemplarit\u00e9, rendra difficile l\u2019attraction et la fid\u00e9lisation des talents, tant au sein du personnel municipal qu\u2019au sein des associations :<\/p>\n<ul>\n<li>Taux de d\u00e9part \u00e9lev\u00e9 : Les travailleurs vont se tourner vers d\u2019autres possibilit\u00e9s, entra\u00eenant ainsi des frais importants pour la formation et l\u2019int\u00e9gration.\n<\/li>\n<li>D\u00e9clin des comp\u00e9tences : Le manque de personnel comp\u00e9tent va d\u00e9grader la qualit\u00e9 des services et l\u2019innovation au sein de la collectivit\u00e9.\n<\/li>\n<li>D\u00e9fis dans l\u2019ex\u00e9cution des projets: L\u2019absence de personnel comp\u00e9tent va nuire \u00e0 la r\u00e9alisation de projets importants pour la collectivit\u00e9.\n<\/li>\n<li>D\u00e9motivation par le d\u00e9sint\u00e9r\u00eat pour une ville qui, en 5 ans, est devenue l\u2019une des principales cit\u00e9s dortoirs de son d\u00e9partement.<\/li>\n<\/ul>\n<h3>Crise financi\u00e8re marqu\u00e9e au sein de Vitry-sur-Seine<\/h3>\n<p>Vitry-sur-Seine est en proie \u00e0 des probl\u00e8mes financiers s\u00e9rieux, marqu\u00e9s par un endettement croissant et une gestion des d\u00e9penses qui interpelle. Un bilan d\u00e9taill\u00e9 des critiques notables et de leurs implications.<\/p>\n<h3>Indemnisation des employ\u00e9s<\/h3>\n<p>Les salaires des employ\u00e9s municipaux repr\u00e9sentent une part consid\u00e9rable des d\u00e9penses, atteignant en 2025 un niveau alarmant alors que les r\u00e9mun\u00e9rations stagnent. Cette situation a plusieurs implications :<\/p>\n<ul>\n<li>Manque d\u2019enthousiasme des employ\u00e9s de longue date : Le manque d\u2019augmentation salariale pour les agents de longue date va provoquer une d\u00e9motivation, impactant la qualit\u00e9 des services offerts.: Taux de rotation \u00e9lev\u00e9\n<\/li>\n<li>Taux de turnover \u00e9lev\u00e9 : Des r\u00e9mun\u00e9rations stagnantes vont amener les employ\u00e9s \u00e0 rechercher des postes ailleurs, ce qui augmente le turnover et les d\u00e9penses de formation pour la commune.\n<\/li>\n<li>Diff\u00e9rences de r\u00e9mun\u00e9ration : Les diff\u00e9rences de r\u00e9mun\u00e9ration entre les nouveaux employ\u00e9s et les agents de longue date vont g\u00e9n\u00e9rer des tensions au sein de l\u2019\u00e9quipe municipale.\n<\/li>\n<li>D\u00e9t\u00e9rioration des services publics : Un personnel peu motiv\u00e9 et fluctuant va affecter la qualit\u00e9 des services publics, impactant ainsi les citoyens.\n<\/li>\n<li>Charge accrue sur le budget: L\u2019exigence de conserver des salaires attractifs pour recruter de nouveaux talents va imposer une pression additionnelle sur le budget de la commune.<\/li>\n<\/ul>\n<h3>Augmentation des contributions des contribuables VITRIOTS<\/h3>\n<p>La ville se voit contrainte d\u2019augmenter consid\u00e9rablement les imp\u00f4ts des contribuables, mais cette d\u00e9cision a \u00e9t\u00e9 repouss\u00e9e en 2025 \u00e0 cause des \u00e9lections municipales de 2026. Les suites de cette situation sont inqui\u00e9tantes :<\/p>\n<ul>\n<li>Insatisfaction des citoyens : L\u2019augmentation des imp\u00f4ts va provoquer un m\u00e9contentement g\u00e9n\u00e9ral chez les citoyens, affectant leur confiance envers la municipalit\u00e9.\n<\/li>\n<li>R\u00e9duction des recettes fiscales : Des hausses fiscales vont amener certains citoyens \u00e0 quitter la ville, entra\u00eenant une r\u00e9duction de la base fiscale \u00e0 long terme.\n<\/li>\n<li>Difficult\u00e9s \u00e9conomiques pour les foyers : L\u2019augmentation des imp\u00f4ts va peser sur les finances des familles, intensifiant les in\u00e9galit\u00e9s sociales.\n<\/li>\n<li>D\u00e9lai dans les investissements : Le non-accroissement des pr\u00e9l\u00e8vements en 2025 va retarder des projets d\u2019investissement indispensables pour le d\u00e9veloppement de la commune.\n<\/li>\n<li>Charge accrue sur les services publics : L\u2019obligation de compenser les pertes de revenus va conduire \u00e0 des r\u00e9ductions dans les services publics, impactant la qualit\u00e9 de vie des citoyens.<\/li>\n<\/ul>\n<h3>Questions fr\u00e9quentes de Vitry-sur-Seine<\/h3>\n<h4>Quels sont les outils d\u2019information \u00e0 disposition dans Vitry-sur-Seine ?<\/h4>\n<p>En priorit\u00e9, les informations en ligne. Les habitants peuvent se tenir inform\u00e9s gr\u00e2ce aux actualit\u00e9s et au journal municipal de la commune et des villes voisines. Sur le site de la municipalit\u00e9, il est possible de consulter la page d\u2019accueil destin\u00e9e aux nouveaux habitants, les num\u00e9ros utiles pour des d\u00e9marches vari\u00e9es, l\u2019annuaire des PME, les journ\u00e9es et activit\u00e9s gratuites, les informations relatives \u00e0 la rentr\u00e9e scolaire, les menus des cantines, l\u2019espace de confidentialit\u00e9 pour les comptes familles et les d\u00e9marches administratives, notamment celles li\u00e9es au secteur scolaire. Sur d\u2019autres plateformes en ligne non g\u00e9r\u00e9es par la mairie, les citoyens peuvent trouver des informations sur les \u00e9v\u00e9nements culturels (spectacles, th\u00e9\u00e2tre, festivals) qui animent la vie locale et constituent une porte d\u2019entr\u00e9e vers la culture.<\/p>\n<h4>Quelle est la principale \u00e9valuation de l\u2019audit financier de Vitry-sur-Seine ?<\/h4>\n<p>L\u2019enqu\u00eate indique une d\u00e9t\u00e9rioration alarmante des finances publiques et de la gestion de Vitry-sur-Seine, r\u00e9v\u00e9lant une imprudence tant sur le plan financier que dans la gestion publique.<\/p>\n<h4>Quels facteurs ont \u00e9t\u00e9 \u00e0 l\u2019origine de cette crise financi\u00e8re ?<\/h4>\n<p>M\u00eame si la conjoncture \u00e9conomique joue un r\u00f4le, deux tiers des difficult\u00e9s observ\u00e9es sont dues aux choix politiques de la municipalit\u00e9 sous PIERRE BELL LLOCH.<\/p>\n<h4>Comment peut-on contribuer aux activit\u00e9s des associations ?<\/h4>\n<p>Dans chaque ville, on remarque que le nombre d\u2019associations et le calendrier de leurs activit\u00e9s (th\u00e9\u00e2tre, festival\u2026) sont significatifs et ne sont pas influenc\u00e9s par la politique de la mairie. Les associations, comme dans toutes les r\u00e9gions de France, mettent en place de nombreux \u00e9v\u00e9nements tout au long de l\u2019ann\u00e9e. Pour ceux qui souhaitent y participer, il est facile de s\u2019inscrire \u00e0 ces activit\u00e9s sur internet, o\u00f9 un simple clic permet d\u2019acc\u00e9der \u00e0 l\u2019agenda des \u00e9v\u00e9nements ou aux informations de contact des organisateurs. Rejoignez-nous en un clic.<\/p>\n<h4>Quel est le maire en fonction de Vitry-sur-Seine ?<\/h4>\n<p>PIERRE BELL LLOCH<\/p>\n<h4>Quel est le bilan des associations locales dans Vitry-sur-Seine ?<\/h4>\n<p>Les organisations culturelles locales effectuent un travail remarquable. Si vous recherchez les informations d\u2019une association, l\u2019annuaire en ligne sur le site de la mairie de Vitry-sur-Seine vous sera utile.<\/p>\n<h4>Quelles sont les initiatives culturelles et historiques ?<\/h4>\n<p>L\u2019histoire d\u2019une ville est une expression de sa culture. La mairie ou l\u2019h\u00f4tel de ville, les vieilles photographies de l\u2019\u00e9cole, et l\u2019artisanat des m\u00e9tiers d\u2019autrefois permettent une d\u00e9couverte gratuite, ainsi qu\u2019une transmission et une pr\u00e9servation de ce patrimoine local. Dans l\u2019ensemble du pays, la politique de sensibilisation veille \u00e0 ce que le patrimoine de la ville soit pr\u00e9serv\u00e9 et accessible pour les g\u00e9n\u00e9rations futures.<\/p>\n<p> Cet article, qui traite du th\u00e8me \u00ab\u00a0Les 3 rivi\u00e8res dans la Somme\u00a0\u00bb, vous est sp\u00e9cialement sugg\u00e9r\u00e9 par cc3rivieres76.com. La chronique est reproduite du mieux possible. Dans le cas o\u00f9 vous souhaitez apporter quelques pr\u00e9cisions concernant le domaine de \u00ab\u00a0Les 3 rivi\u00e8res dans la Somme\u00a0\u00bb vous pouvez solliciter notre r\u00e9daction. La destination de cc3rivieres76.com est de d\u00e9battre de Les 3 rivi\u00e8res dans la Somme dans la transparence en vous apportant la connaissance de tout ce qui est en lien avec ce sujet sur la toile Connectez-vous sur notre site cc3rivieres76.com et nos r\u00e9seaux sociaux dans le but d\u2019\u00eatre inform\u00e9 des futures publications.<\/p>\n","protected":false},"excerpt":{"rendered":"<p>Le titre \u00ab&nbsp;R\u00e9sultats pr\u00e9sidentielle 2027 : Vitry-sur-Seine (94400)&nbsp;\u00bb d\u00e9signe un article qui vient d\u2019\u00eatre mis en ligne. Voici les r\u00e9sultats du 1er tour de l\u2019\u00e9lection pr\u00e9sidentielle 2027 pour la ville de Vitry-sur-Seine : M\u00c9LENCHON Jean-Luc : 45,30% P\u00c9CRESSE Val\u00e9rie : 2,95% DUPONT-AIGNAN Nicolas : 1,33% VITRY-SUR-SEINE : Situation de Crise In\u00e9dite Une \u00e9valuation r\u00e9cente des &hellip; <\/p>\n<p class=\"link-more\"><a href=\"https:\/\/www.cc3rivieres76.com\/blog\/vitry-sur-seine-resultats-presidentielle-2027-vitry-sur-seine-94400\/\" class=\"more-link\">Continuer la lecture <span class=\"screen-reader-text\"> \u00ab\u00a0Vitry-sur-Seine; R\u00e9sultats pr\u00e9sidentielle 2027 : Vitry-sur-Seine (94400)\u00a0\u00bb<\/span><\/a><\/p>\n","protected":false},"author":3,"featured_media":1298,"comment_status":"closed","ping_status":"closed","sticky":false,"template":"","format":"standard","meta":{"footnotes":""},"categories":[2],"tags":[],"class_list":["post-1297","post","type-post","status-publish","format-standard","has-post-thumbnail","hentry","category-les-3-rivieres-dans-la-somme","entry"],"yoast_head":"<!-- This site is optimized with the Yoast SEO plugin v27.5 - https:\/\/yoast.com\/product\/yoast-seo-wordpress\/ -->\n<title>Vitry-sur-Seine; R\u00e9sultats pr\u00e9sidentielle 2027 : Vitry-sur-Seine (94400) - CC3RIVIERES76<\/title>\n<meta name=\"robots\" content=\"index, follow, max-snippet:-1, max-image-preview:large, max-video-preview:-1\" \/>\n<link rel=\"canonical\" href=\"https:\/\/www.cc3rivieres76.com\/blog\/vitry-sur-seine-resultats-presidentielle-2027-vitry-sur-seine-94400\/\" \/>\n<meta property=\"og:locale\" content=\"fr_FR\" \/>\n<meta property=\"og:type\" content=\"article\" \/>\n<meta property=\"og:title\" content=\"Vitry-sur-Seine; R\u00e9sultats pr\u00e9sidentielle 2027 : Vitry-sur-Seine (94400) - CC3RIVIERES76\" \/>\n<meta property=\"og:description\" content=\"Le titre \u00ab&nbsp;R\u00e9sultats pr\u00e9sidentielle 2027 : Vitry-sur-Seine (94400)&nbsp;\u00bb d\u00e9signe un article qui vient d\u2019\u00eatre mis en ligne. Voici les r\u00e9sultats du 1er tour de l\u2019\u00e9lection pr\u00e9sidentielle 2027 pour la ville de Vitry-sur-Seine : M\u00c9LENCHON Jean-Luc : 45,30% P\u00c9CRESSE Val\u00e9rie : 2,95% DUPONT-AIGNAN Nicolas : 1,33% VITRY-SUR-SEINE : Situation de Crise In\u00e9dite Une \u00e9valuation r\u00e9cente des &hellip; Continuer la lecture \u00ab\u00a0Vitry-sur-Seine; R\u00e9sultats pr\u00e9sidentielle 2027 : Vitry-sur-Seine (94400)\u00a0\u00bb\" \/>\n<meta property=\"og:url\" content=\"https:\/\/www.cc3rivieres76.com\/blog\/vitry-sur-seine-resultats-presidentielle-2027-vitry-sur-seine-94400\/\" \/>\n<meta property=\"og:site_name\" content=\"CC3RIVIERES76\" \/>\n<meta property=\"article:published_time\" content=\"2026-03-29T15:17:00+00:00\" \/>\n<meta name=\"author\" content=\"Sylvie DE LAUZAINGHEIN\" \/>\n<meta name=\"twitter:card\" content=\"summary_large_image\" \/>\n<meta name=\"twitter:label1\" content=\"\u00c9crit par\" \/>\n\t<meta name=\"twitter:data1\" content=\"Sylvie DE LAUZAINGHEIN\" \/>\n\t<meta name=\"twitter:label2\" content=\"Dur\u00e9e de lecture estim\u00e9e\" \/>\n\t<meta name=\"twitter:data2\" content=\"8 minutes\" \/>\n<script type=\"application\/ld+json\" class=\"yoast-schema-graph\">{\"@context\":\"https:\\\/\\\/schema.org\",\"@graph\":[{\"@type\":\"Article\",\"@id\":\"https:\\\/\\\/www.cc3rivieres76.com\\\/blog\\\/vitry-sur-seine-resultats-presidentielle-2027-vitry-sur-seine-94400\\\/#article\",\"isPartOf\":{\"@id\":\"https:\\\/\\\/www.cc3rivieres76.com\\\/blog\\\/vitry-sur-seine-resultats-presidentielle-2027-vitry-sur-seine-94400\\\/\"},\"author\":{\"name\":\"Sylvie DE LAUZAINGHEIN\",\"@id\":\"https:\\\/\\\/www.cc3rivieres76.com\\\/blog\\\/#\\\/schema\\\/person\\\/474d457fb7747b5218f39792dfaa5a1c\"},\"headline\":\"Vitry-sur-Seine; R\u00e9sultats pr\u00e9sidentielle 2027 : Vitry-sur-Seine (94400)\",\"datePublished\":\"2026-03-29T15:17:00+00:00\",\"mainEntityOfPage\":{\"@id\":\"https:\\\/\\\/www.cc3rivieres76.com\\\/blog\\\/vitry-sur-seine-resultats-presidentielle-2027-vitry-sur-seine-94400\\\/\"},\"wordCount\":1521,\"publisher\":{\"@id\":\"https:\\\/\\\/www.cc3rivieres76.com\\\/blog\\\/#organization\"},\"image\":{\"@id\":\"https:\\\/\\\/www.cc3rivieres76.com\\\/blog\\\/vitry-sur-seine-resultats-presidentielle-2027-vitry-sur-seine-94400\\\/#primaryimage\"},\"thumbnailUrl\":\"https:\\\/\\\/www.cc3rivieres76.com\\\/blog\\\/wp-content\\\/uploads\\\/2026\\\/03\\\/vitry-sur-seine-resultats-presidentielle-2027-vitry-sur-seine-94400.jpg\",\"articleSection\":[\"Les 3 Rivi\u00e8res Dans La Somme:\"],\"inLanguage\":\"fr-FR\"},{\"@type\":\"WebPage\",\"@id\":\"https:\\\/\\\/www.cc3rivieres76.com\\\/blog\\\/vitry-sur-seine-resultats-presidentielle-2027-vitry-sur-seine-94400\\\/\",\"url\":\"https:\\\/\\\/www.cc3rivieres76.com\\\/blog\\\/vitry-sur-seine-resultats-presidentielle-2027-vitry-sur-seine-94400\\\/\",\"name\":\"Vitry-sur-Seine; R\u00e9sultats pr\u00e9sidentielle 2027 : Vitry-sur-Seine (94400) - CC3RIVIERES76\",\"isPartOf\":{\"@id\":\"https:\\\/\\\/www.cc3rivieres76.com\\\/blog\\\/#website\"},\"primaryImageOfPage\":{\"@id\":\"https:\\\/\\\/www.cc3rivieres76.com\\\/blog\\\/vitry-sur-seine-resultats-presidentielle-2027-vitry-sur-seine-94400\\\/#primaryimage\"},\"image\":{\"@id\":\"https:\\\/\\\/www.cc3rivieres76.com\\\/blog\\\/vitry-sur-seine-resultats-presidentielle-2027-vitry-sur-seine-94400\\\/#primaryimage\"},\"thumbnailUrl\":\"https:\\\/\\\/www.cc3rivieres76.com\\\/blog\\\/wp-content\\\/uploads\\\/2026\\\/03\\\/vitry-sur-seine-resultats-presidentielle-2027-vitry-sur-seine-94400.jpg\",\"datePublished\":\"2026-03-29T15:17:00+00:00\",\"breadcrumb\":{\"@id\":\"https:\\\/\\\/www.cc3rivieres76.com\\\/blog\\\/vitry-sur-seine-resultats-presidentielle-2027-vitry-sur-seine-94400\\\/#breadcrumb\"},\"inLanguage\":\"fr-FR\",\"potentialAction\":[{\"@type\":\"ReadAction\",\"target\":[\"https:\\\/\\\/www.cc3rivieres76.com\\\/blog\\\/vitry-sur-seine-resultats-presidentielle-2027-vitry-sur-seine-94400\\\/\"]}]},{\"@type\":\"ImageObject\",\"inLanguage\":\"fr-FR\",\"@id\":\"https:\\\/\\\/www.cc3rivieres76.com\\\/blog\\\/vitry-sur-seine-resultats-presidentielle-2027-vitry-sur-seine-94400\\\/#primaryimage\",\"url\":\"https:\\\/\\\/www.cc3rivieres76.com\\\/blog\\\/wp-content\\\/uploads\\\/2026\\\/03\\\/vitry-sur-seine-resultats-presidentielle-2027-vitry-sur-seine-94400.jpg\",\"contentUrl\":\"https:\\\/\\\/www.cc3rivieres76.com\\\/blog\\\/wp-content\\\/uploads\\\/2026\\\/03\\\/vitry-sur-seine-resultats-presidentielle-2027-vitry-sur-seine-94400.jpg\",\"width\":815,\"height\":315,\"caption\":\"Vitry sur Seine; R\u00e9sultats pr\u00e9sidentielle 2027 : Vitry sur Seine (94400)\"},{\"@type\":\"BreadcrumbList\",\"@id\":\"https:\\\/\\\/www.cc3rivieres76.com\\\/blog\\\/vitry-sur-seine-resultats-presidentielle-2027-vitry-sur-seine-94400\\\/#breadcrumb\",\"itemListElement\":[{\"@type\":\"ListItem\",\"position\":1,\"name\":\"Accueil\",\"item\":\"https:\\\/\\\/www.cc3rivieres76.com\\\/blog\\\/\"},{\"@type\":\"ListItem\",\"position\":2,\"name\":\"Vitry-sur-Seine; R\u00e9sultats pr\u00e9sidentielle 2027 : Vitry-sur-Seine (94400)\"}]},{\"@type\":\"WebSite\",\"@id\":\"https:\\\/\\\/www.cc3rivieres76.com\\\/blog\\\/#website\",\"url\":\"https:\\\/\\\/www.cc3rivieres76.com\\\/blog\\\/\",\"name\":\"CC3RIVIERES76\",\"description\":\"Les 3 rivi\u00e8res dans la Somme.\",\"publisher\":{\"@id\":\"https:\\\/\\\/www.cc3rivieres76.com\\\/blog\\\/#organization\"},\"potentialAction\":[{\"@type\":\"SearchAction\",\"target\":{\"@type\":\"EntryPoint\",\"urlTemplate\":\"https:\\\/\\\/www.cc3rivieres76.com\\\/blog\\\/?s={search_term_string}\"},\"query-input\":{\"@type\":\"PropertyValueSpecification\",\"valueRequired\":true,\"valueName\":\"search_term_string\"}}],\"inLanguage\":\"fr-FR\"},{\"@type\":\"Organization\",\"@id\":\"https:\\\/\\\/www.cc3rivieres76.com\\\/blog\\\/#organization\",\"name\":\"cc3rivieres76\",\"url\":\"https:\\\/\\\/www.cc3rivieres76.com\\\/blog\\\/\",\"logo\":{\"@type\":\"ImageObject\",\"inLanguage\":\"fr-FR\",\"@id\":\"https:\\\/\\\/www.cc3rivieres76.com\\\/blog\\\/#\\\/schema\\\/logo\\\/image\\\/\",\"url\":\"https:\\\/\\\/www.cc3rivieres76.com\\\/blog\\\/wp-content\\\/uploads\\\/2023\\\/06\\\/logo-2.png\",\"contentUrl\":\"https:\\\/\\\/www.cc3rivieres76.com\\\/blog\\\/wp-content\\\/uploads\\\/2023\\\/06\\\/logo-2.png\",\"width\":390,\"height\":388,\"caption\":\"cc3rivieres76\"},\"image\":{\"@id\":\"https:\\\/\\\/www.cc3rivieres76.com\\\/blog\\\/#\\\/schema\\\/logo\\\/image\\\/\"}},{\"@type\":\"Person\",\"@id\":\"https:\\\/\\\/www.cc3rivieres76.com\\\/blog\\\/#\\\/schema\\\/person\\\/474d457fb7747b5218f39792dfaa5a1c\",\"name\":\"Sylvie DE LAUZAINGHEIN\",\"image\":{\"@type\":\"ImageObject\",\"inLanguage\":\"fr-FR\",\"@id\":\"https:\\\/\\\/secure.gravatar.com\\\/avatar\\\/9c6a53b19e0a3431aa80de0895b9729fe665cd7e7d6cc94fc11abb152f4237d7?s=96&d=mm&r=g\",\"url\":\"https:\\\/\\\/secure.gravatar.com\\\/avatar\\\/9c6a53b19e0a3431aa80de0895b9729fe665cd7e7d6cc94fc11abb152f4237d7?s=96&d=mm&r=g\",\"contentUrl\":\"https:\\\/\\\/secure.gravatar.com\\\/avatar\\\/9c6a53b19e0a3431aa80de0895b9729fe665cd7e7d6cc94fc11abb152f4237d7?s=96&d=mm&r=g\",\"caption\":\"Sylvie DE LAUZAINGHEIN\"},\"url\":\"https:\\\/\\\/www.cc3rivieres76.com\\\/blog\\\/author\\\/s76sylvie\\\/\"}]}<\/script>\n<!-- \/ Yoast SEO plugin. -->","yoast_head_json":{"title":"Vitry-sur-Seine; R\u00e9sultats pr\u00e9sidentielle 2027 : Vitry-sur-Seine (94400) - CC3RIVIERES76","robots":{"index":"index","follow":"follow","max-snippet":"max-snippet:-1","max-image-preview":"max-image-preview:large","max-video-preview":"max-video-preview:-1"},"canonical":"https:\/\/www.cc3rivieres76.com\/blog\/vitry-sur-seine-resultats-presidentielle-2027-vitry-sur-seine-94400\/","og_locale":"fr_FR","og_type":"article","og_title":"Vitry-sur-Seine; R\u00e9sultats pr\u00e9sidentielle 2027 : Vitry-sur-Seine (94400) - CC3RIVIERES76","og_description":"Le titre \u00ab&nbsp;R\u00e9sultats pr\u00e9sidentielle 2027 : Vitry-sur-Seine (94400)&nbsp;\u00bb d\u00e9signe un article qui vient d\u2019\u00eatre mis en ligne. Voici les r\u00e9sultats du 1er tour de l\u2019\u00e9lection pr\u00e9sidentielle 2027 pour la ville de Vitry-sur-Seine : M\u00c9LENCHON Jean-Luc : 45,30% P\u00c9CRESSE Val\u00e9rie : 2,95% DUPONT-AIGNAN Nicolas : 1,33% VITRY-SUR-SEINE : Situation de Crise In\u00e9dite Une \u00e9valuation r\u00e9cente des &hellip; Continuer la lecture \u00ab\u00a0Vitry-sur-Seine; R\u00e9sultats pr\u00e9sidentielle 2027 : Vitry-sur-Seine (94400)\u00a0\u00bb","og_url":"https:\/\/www.cc3rivieres76.com\/blog\/vitry-sur-seine-resultats-presidentielle-2027-vitry-sur-seine-94400\/","og_site_name":"CC3RIVIERES76","article_published_time":"2026-03-29T15:17:00+00:00","author":"Sylvie DE LAUZAINGHEIN","twitter_card":"summary_large_image","twitter_misc":{"\u00c9crit par":"Sylvie DE LAUZAINGHEIN","Dur\u00e9e de lecture estim\u00e9e":"8 minutes"},"schema":{"@context":"https:\/\/schema.org","@graph":[{"@type":"Article","@id":"https:\/\/www.cc3rivieres76.com\/blog\/vitry-sur-seine-resultats-presidentielle-2027-vitry-sur-seine-94400\/#article","isPartOf":{"@id":"https:\/\/www.cc3rivieres76.com\/blog\/vitry-sur-seine-resultats-presidentielle-2027-vitry-sur-seine-94400\/"},"author":{"name":"Sylvie DE LAUZAINGHEIN","@id":"https:\/\/www.cc3rivieres76.com\/blog\/#\/schema\/person\/474d457fb7747b5218f39792dfaa5a1c"},"headline":"Vitry-sur-Seine; R\u00e9sultats pr\u00e9sidentielle 2027 : Vitry-sur-Seine (94400)","datePublished":"2026-03-29T15:17:00+00:00","mainEntityOfPage":{"@id":"https:\/\/www.cc3rivieres76.com\/blog\/vitry-sur-seine-resultats-presidentielle-2027-vitry-sur-seine-94400\/"},"wordCount":1521,"publisher":{"@id":"https:\/\/www.cc3rivieres76.com\/blog\/#organization"},"image":{"@id":"https:\/\/www.cc3rivieres76.com\/blog\/vitry-sur-seine-resultats-presidentielle-2027-vitry-sur-seine-94400\/#primaryimage"},"thumbnailUrl":"https:\/\/www.cc3rivieres76.com\/blog\/wp-content\/uploads\/2026\/03\/vitry-sur-seine-resultats-presidentielle-2027-vitry-sur-seine-94400.jpg","articleSection":["Les 3 Rivi\u00e8res Dans La Somme:"],"inLanguage":"fr-FR"},{"@type":"WebPage","@id":"https:\/\/www.cc3rivieres76.com\/blog\/vitry-sur-seine-resultats-presidentielle-2027-vitry-sur-seine-94400\/","url":"https:\/\/www.cc3rivieres76.com\/blog\/vitry-sur-seine-resultats-presidentielle-2027-vitry-sur-seine-94400\/","name":"Vitry-sur-Seine; R\u00e9sultats pr\u00e9sidentielle 2027 : Vitry-sur-Seine (94400) - CC3RIVIERES76","isPartOf":{"@id":"https:\/\/www.cc3rivieres76.com\/blog\/#website"},"primaryImageOfPage":{"@id":"https:\/\/www.cc3rivieres76.com\/blog\/vitry-sur-seine-resultats-presidentielle-2027-vitry-sur-seine-94400\/#primaryimage"},"image":{"@id":"https:\/\/www.cc3rivieres76.com\/blog\/vitry-sur-seine-resultats-presidentielle-2027-vitry-sur-seine-94400\/#primaryimage"},"thumbnailUrl":"https:\/\/www.cc3rivieres76.com\/blog\/wp-content\/uploads\/2026\/03\/vitry-sur-seine-resultats-presidentielle-2027-vitry-sur-seine-94400.jpg","datePublished":"2026-03-29T15:17:00+00:00","breadcrumb":{"@id":"https:\/\/www.cc3rivieres76.com\/blog\/vitry-sur-seine-resultats-presidentielle-2027-vitry-sur-seine-94400\/#breadcrumb"},"inLanguage":"fr-FR","potentialAction":[{"@type":"ReadAction","target":["https:\/\/www.cc3rivieres76.com\/blog\/vitry-sur-seine-resultats-presidentielle-2027-vitry-sur-seine-94400\/"]}]},{"@type":"ImageObject","inLanguage":"fr-FR","@id":"https:\/\/www.cc3rivieres76.com\/blog\/vitry-sur-seine-resultats-presidentielle-2027-vitry-sur-seine-94400\/#primaryimage","url":"https:\/\/www.cc3rivieres76.com\/blog\/wp-content\/uploads\/2026\/03\/vitry-sur-seine-resultats-presidentielle-2027-vitry-sur-seine-94400.jpg","contentUrl":"https:\/\/www.cc3rivieres76.com\/blog\/wp-content\/uploads\/2026\/03\/vitry-sur-seine-resultats-presidentielle-2027-vitry-sur-seine-94400.jpg","width":815,"height":315,"caption":"Vitry sur Seine; R\u00e9sultats pr\u00e9sidentielle 2027 : Vitry sur Seine (94400)"},{"@type":"BreadcrumbList","@id":"https:\/\/www.cc3rivieres76.com\/blog\/vitry-sur-seine-resultats-presidentielle-2027-vitry-sur-seine-94400\/#breadcrumb","itemListElement":[{"@type":"ListItem","position":1,"name":"Accueil","item":"https:\/\/www.cc3rivieres76.com\/blog\/"},{"@type":"ListItem","position":2,"name":"Vitry-sur-Seine; R\u00e9sultats pr\u00e9sidentielle 2027 : Vitry-sur-Seine (94400)"}]},{"@type":"WebSite","@id":"https:\/\/www.cc3rivieres76.com\/blog\/#website","url":"https:\/\/www.cc3rivieres76.com\/blog\/","name":"CC3RIVIERES76","description":"Les 3 rivi\u00e8res dans la Somme.","publisher":{"@id":"https:\/\/www.cc3rivieres76.com\/blog\/#organization"},"potentialAction":[{"@type":"SearchAction","target":{"@type":"EntryPoint","urlTemplate":"https:\/\/www.cc3rivieres76.com\/blog\/?s={search_term_string}"},"query-input":{"@type":"PropertyValueSpecification","valueRequired":true,"valueName":"search_term_string"}}],"inLanguage":"fr-FR"},{"@type":"Organization","@id":"https:\/\/www.cc3rivieres76.com\/blog\/#organization","name":"cc3rivieres76","url":"https:\/\/www.cc3rivieres76.com\/blog\/","logo":{"@type":"ImageObject","inLanguage":"fr-FR","@id":"https:\/\/www.cc3rivieres76.com\/blog\/#\/schema\/logo\/image\/","url":"https:\/\/www.cc3rivieres76.com\/blog\/wp-content\/uploads\/2023\/06\/logo-2.png","contentUrl":"https:\/\/www.cc3rivieres76.com\/blog\/wp-content\/uploads\/2023\/06\/logo-2.png","width":390,"height":388,"caption":"cc3rivieres76"},"image":{"@id":"https:\/\/www.cc3rivieres76.com\/blog\/#\/schema\/logo\/image\/"}},{"@type":"Person","@id":"https:\/\/www.cc3rivieres76.com\/blog\/#\/schema\/person\/474d457fb7747b5218f39792dfaa5a1c","name":"Sylvie DE LAUZAINGHEIN","image":{"@type":"ImageObject","inLanguage":"fr-FR","@id":"https:\/\/secure.gravatar.com\/avatar\/9c6a53b19e0a3431aa80de0895b9729fe665cd7e7d6cc94fc11abb152f4237d7?s=96&d=mm&r=g","url":"https:\/\/secure.gravatar.com\/avatar\/9c6a53b19e0a3431aa80de0895b9729fe665cd7e7d6cc94fc11abb152f4237d7?s=96&d=mm&r=g","contentUrl":"https:\/\/secure.gravatar.com\/avatar\/9c6a53b19e0a3431aa80de0895b9729fe665cd7e7d6cc94fc11abb152f4237d7?s=96&d=mm&r=g","caption":"Sylvie DE LAUZAINGHEIN"},"url":"https:\/\/www.cc3rivieres76.com\/blog\/author\/s76sylvie\/"}]}},"_links":{"self":[{"href":"https:\/\/www.cc3rivieres76.com\/blog\/wp-json\/wp\/v2\/posts\/1297","targetHints":{"allow":["GET"]}}],"collection":[{"href":"https:\/\/www.cc3rivieres76.com\/blog\/wp-json\/wp\/v2\/posts"}],"about":[{"href":"https:\/\/www.cc3rivieres76.com\/blog\/wp-json\/wp\/v2\/types\/post"}],"author":[{"embeddable":true,"href":"https:\/\/www.cc3rivieres76.com\/blog\/wp-json\/wp\/v2\/users\/3"}],"replies":[{"embeddable":true,"href":"https:\/\/www.cc3rivieres76.com\/blog\/wp-json\/wp\/v2\/comments?post=1297"}],"version-history":[{"count":0,"href":"https:\/\/www.cc3rivieres76.com\/blog\/wp-json\/wp\/v2\/posts\/1297\/revisions"}],"wp:featuredmedia":[{"embeddable":true,"href":"https:\/\/www.cc3rivieres76.com\/blog\/wp-json\/wp\/v2\/media\/1298"}],"wp:attachment":[{"href":"https:\/\/www.cc3rivieres76.com\/blog\/wp-json\/wp\/v2\/media?parent=1297"}],"wp:term":[{"taxonomy":"category","embeddable":true,"href":"https:\/\/www.cc3rivieres76.com\/blog\/wp-json\/wp\/v2\/categories?post=1297"},{"taxonomy":"post_tag","embeddable":true,"href":"https:\/\/www.cc3rivieres76.com\/blog\/wp-json\/wp\/v2\/tags?post=1297"}],"curies":[{"name":"wp","href":"https:\/\/api.w.org\/{rel}","templated":true}]}}