{"id":130,"date":"2023-05-30T17:28:00","date_gmt":"2023-05-30T15:28:00","guid":{"rendered":"https:\/\/www.site.cdcl.xyz\/2023\/05\/30\/informations-france-natif-de-paris-le-ministre-prendra-la-parole-au-banquet-de-la-naacp-nouvelles\/"},"modified":"2023-05-30T17:28:00","modified_gmt":"2023-05-30T15:28:00","slug":"informations-france-natif-de-paris-le-ministre-prendra-la-parole-au-banquet-de-la-naacp-nouvelles","status":"publish","type":"post","link":"https:\/\/www.cc3rivieres76.com\/blog\/informations-france-natif-de-paris-le-ministre-prendra-la-parole-au-banquet-de-la-naacp-nouvelles\/","title":{"rendered":"Informations france: Natif de Paris, le ministre prendra la parole au banquet de la NAACP | Nouvelles"},"content":{"rendered":"\n<p><img decoding=\"async\" src=\"https:\/\/www.cc3rivieres76.com\/blog\/wp-content\/uploads\/2023\/07\/informations-france-natif-de-paris-le-ministre-prendra-la-parole-au-banquet-de-la-naacp-nouvelles.jpg\"><\/p>\n<div id=\"article-body\">\n<div class=\"subscriber-preview\">\n<p>Les billets sont en vente pour le banquet du patrimoine de la NAACP pr\u00e9vu le 24 juin au Love Civic Center avec le pasteur m\u00e9thodiste de longue date du comt\u00e9 de Lamar, le r\u00e9v\u00e9rend Gary Dean d\u2019Atlanta, en G\u00e9orgie.<\/p>\n<\/div>\n<div class=\"subscriber-preview\">\n<p>Hole in The Wall est de r\u00e9pondre \u00e0 l\u2019\u00e9v\u00e9nement, qui comprend une vente aux ench\u00e8res silencieuse. Les billets co\u00fbtent 30 $ ou 240 $ pour une table de huit personnes et sont disponibles en appelant le 903-401-9331, le 903-785-8418 ou en contactant n\u2019importe quel membre de la NAACP.<\/p>\n<\/div><\/div>\n<p>Bibliographie :<\/p>\n<p>G\u00e9n\u00e9ration surdipl\u00f4m\u00e9e.,<a href=\"https:\/\/www.kobo.com\/fr\/fr\/ebook\/generation-surdiplomee\" target=\"_blank\" rel=\"noopener noreferrer nofollow\">Fiche compl\u00e8te<\/a><span><\/span>.<\/p>\n<p>M\u00e9thode B\/Bibliographie et r\u00e9f\u00e9rence.,<a href=\"https:\/\/fr.wikibooks.org\/wiki\/M%C3%A9thode_B\/Bibliographie_et_r%C3%A9f%C3%A9rence\" target=\"_blank\" rel=\"noopener noreferrer nofollow\">L\u2019ouvrage <\/a><span><\/span>. A emprunter en biblioth\u00e8que.<\/p>\n<p>Vol balistique et missiles balistiques\/Essais en vol.,<a href=\"https:\/\/fr.wikibooks.org\/wiki\/Vol_balistique_et_missiles_balistiques\/Essais_en_vol\" target=\"_blank\" rel=\"noopener noreferrer nofollow\">A voir <\/a><span><\/span>.<\/p>\n<p> Cet article, qui traite du th\u00e8me \u00ab\u00a0Les 3 rivi\u00e8res dans la Somme\u00a0\u00bb, vous est sp\u00e9cialement sugg\u00e9r\u00e9 par cc3rivieres76.com. La chronique est reproduite du mieux possible. Dans le cas o\u00f9 vous souhaitez apporter quelques pr\u00e9cisions concernant le domaine de \u00ab\u00a0Les 3 rivi\u00e8res dans la Somme\u00a0\u00bb vous pouvez solliciter notre r\u00e9daction. La destination de cc3rivieres76.com est de d\u00e9battre de Les 3 rivi\u00e8res dans la Somme dans la transparence en vous apportant la connaissance de tout ce qui est en lien avec ce sujet sur la toile Connectez-vous sur notre site cc3rivieres76.com et nos r\u00e9seaux sociaux dans le but d\u2019\u00eatre inform\u00e9 des futures publications.<\/p>\n","protected":false},"excerpt":{"rendered":"<p>Les billets sont en vente pour le banquet du patrimoine de la NAACP pr\u00e9vu le 24 juin au Love Civic Center avec le pasteur m\u00e9thodiste de longue date du comt\u00e9 de Lamar, le r\u00e9v\u00e9rend Gary Dean d\u2019Atlanta, en G\u00e9orgie. Hole in The Wall est de r\u00e9pondre \u00e0 l\u2019\u00e9v\u00e9nement, qui comprend une vente aux ench\u00e8res silencieuse. &hellip; <\/p>\n<p class=\"link-more\"><a href=\"https:\/\/www.cc3rivieres76.com\/blog\/informations-france-natif-de-paris-le-ministre-prendra-la-parole-au-banquet-de-la-naacp-nouvelles\/\" class=\"more-link\">Continuer la lecture <span class=\"screen-reader-text\"> \u00ab\u00a0Informations france: Natif de Paris, le ministre prendra la parole au banquet de la NAACP | Nouvelles\u00a0\u00bb<\/span><\/a><\/p>\n","protected":false},"author":3,"featured_media":131,"comment_status":"closed","ping_status":"closed","sticky":false,"template":"","format":"standard","meta":{"footnotes":""},"categories":[2],"tags":[],"class_list":["post-130","post","type-post","status-publish","format-standard","has-post-thumbnail","hentry","category-les-3-rivieres-dans-la-somme","entry"],"yoast_head":"<!-- This site is optimized with the Yoast SEO plugin v27.5 - https:\/\/yoast.com\/product\/yoast-seo-wordpress\/ -->\n<title>Informations france: Natif de Paris, le ministre prendra la parole au banquet de la NAACP | Nouvelles - CC3RIVIERES76<\/title>\n<meta name=\"robots\" content=\"index, follow, max-snippet:-1, max-image-preview:large, max-video-preview:-1\" \/>\n<link rel=\"canonical\" href=\"https:\/\/www.cc3rivieres76.com\/blog\/informations-france-natif-de-paris-le-ministre-prendra-la-parole-au-banquet-de-la-naacp-nouvelles\/\" \/>\n<meta property=\"og:locale\" content=\"fr_FR\" \/>\n<meta property=\"og:type\" content=\"article\" \/>\n<meta property=\"og:title\" content=\"Informations france: Natif de Paris, le ministre prendra la parole au banquet de la NAACP | Nouvelles - CC3RIVIERES76\" \/>\n<meta property=\"og:description\" content=\"Les billets sont en vente pour le banquet du patrimoine de la NAACP pr\u00e9vu le 24 juin au Love Civic Center avec le pasteur m\u00e9thodiste de longue date du comt\u00e9 de Lamar, le r\u00e9v\u00e9rend Gary Dean d\u2019Atlanta, en G\u00e9orgie. Hole in The Wall est de r\u00e9pondre \u00e0 l\u2019\u00e9v\u00e9nement, qui comprend une vente aux ench\u00e8res silencieuse. &hellip; Continuer la lecture \u00ab\u00a0Informations france: Natif de Paris, le ministre prendra la parole au banquet de la NAACP | Nouvelles\u00a0\u00bb\" \/>\n<meta property=\"og:url\" content=\"https:\/\/www.cc3rivieres76.com\/blog\/informations-france-natif-de-paris-le-ministre-prendra-la-parole-au-banquet-de-la-naacp-nouvelles\/\" \/>\n<meta property=\"og:site_name\" content=\"CC3RIVIERES76\" \/>\n<meta property=\"article:published_time\" content=\"2023-05-30T15:28:00+00:00\" \/>\n<meta property=\"og:image\" content=\"https:\/\/www.cc3rivieres76.com\/blog\/wp-content\/uploads\/2023\/07\/informations-france-natif-de-paris-le-ministre-prendra-la-parole-au-banquet-de-la-naacp-nouvelles.jpg\" \/>\n<meta name=\"author\" content=\"Sylvie DE LAUZAINGHEIN\" \/>\n<meta name=\"twitter:card\" content=\"summary_large_image\" \/>\n<meta name=\"twitter:label1\" content=\"\u00c9crit par\" \/>\n\t<meta name=\"twitter:data1\" content=\"Sylvie DE LAUZAINGHEIN\" \/>\n\t<meta name=\"twitter:label2\" content=\"Dur\u00e9e de lecture estim\u00e9e\" \/>\n\t<meta name=\"twitter:data2\" content=\"1 minute\" \/>\n<script type=\"application\/ld+json\" class=\"yoast-schema-graph\">{\"@context\":\"https:\\\/\\\/schema.org\",\"@graph\":[{\"@type\":\"Article\",\"@id\":\"https:\\\/\\\/www.cc3rivieres76.com\\\/blog\\\/informations-france-natif-de-paris-le-ministre-prendra-la-parole-au-banquet-de-la-naacp-nouvelles\\\/#article\",\"isPartOf\":{\"@id\":\"https:\\\/\\\/www.cc3rivieres76.com\\\/blog\\\/informations-france-natif-de-paris-le-ministre-prendra-la-parole-au-banquet-de-la-naacp-nouvelles\\\/\"},\"author\":{\"name\":\"Sylvie DE LAUZAINGHEIN\",\"@id\":\"https:\\\/\\\/www.cc3rivieres76.com\\\/blog\\\/#\\\/schema\\\/person\\\/474d457fb7747b5218f39792dfaa5a1c\"},\"headline\":\"Informations france: Natif de Paris, le ministre prendra la parole au banquet de la NAACP | Nouvelles\",\"datePublished\":\"2023-05-30T15:28:00+00:00\",\"mainEntityOfPage\":{\"@id\":\"https:\\\/\\\/www.cc3rivieres76.com\\\/blog\\\/informations-france-natif-de-paris-le-ministre-prendra-la-parole-au-banquet-de-la-naacp-nouvelles\\\/\"},\"wordCount\":261,\"publisher\":{\"@id\":\"https:\\\/\\\/www.cc3rivieres76.com\\\/blog\\\/#organization\"},\"image\":{\"@id\":\"https:\\\/\\\/www.cc3rivieres76.com\\\/blog\\\/informations-france-natif-de-paris-le-ministre-prendra-la-parole-au-banquet-de-la-naacp-nouvelles\\\/#primaryimage\"},\"thumbnailUrl\":\"https:\\\/\\\/www.cc3rivieres76.com\\\/blog\\\/wp-content\\\/uploads\\\/2023\\\/07\\\/informations-france-natif-de-paris-le-ministre-prendra-la-parole-au-banquet-de-la-naacp-nouvelles.jpg\",\"articleSection\":[\"Les 3 Rivi\u00e8res Dans La Somme:\"],\"inLanguage\":\"fr-FR\"},{\"@type\":\"WebPage\",\"@id\":\"https:\\\/\\\/www.cc3rivieres76.com\\\/blog\\\/informations-france-natif-de-paris-le-ministre-prendra-la-parole-au-banquet-de-la-naacp-nouvelles\\\/\",\"url\":\"https:\\\/\\\/www.cc3rivieres76.com\\\/blog\\\/informations-france-natif-de-paris-le-ministre-prendra-la-parole-au-banquet-de-la-naacp-nouvelles\\\/\",\"name\":\"Informations france: Natif de Paris, le ministre prendra la parole au banquet de la NAACP | Nouvelles - CC3RIVIERES76\",\"isPartOf\":{\"@id\":\"https:\\\/\\\/www.cc3rivieres76.com\\\/blog\\\/#website\"},\"primaryImageOfPage\":{\"@id\":\"https:\\\/\\\/www.cc3rivieres76.com\\\/blog\\\/informations-france-natif-de-paris-le-ministre-prendra-la-parole-au-banquet-de-la-naacp-nouvelles\\\/#primaryimage\"},\"image\":{\"@id\":\"https:\\\/\\\/www.cc3rivieres76.com\\\/blog\\\/informations-france-natif-de-paris-le-ministre-prendra-la-parole-au-banquet-de-la-naacp-nouvelles\\\/#primaryimage\"},\"thumbnailUrl\":\"https:\\\/\\\/www.cc3rivieres76.com\\\/blog\\\/wp-content\\\/uploads\\\/2023\\\/07\\\/informations-france-natif-de-paris-le-ministre-prendra-la-parole-au-banquet-de-la-naacp-nouvelles.jpg\",\"datePublished\":\"2023-05-30T15:28:00+00:00\",\"breadcrumb\":{\"@id\":\"https:\\\/\\\/www.cc3rivieres76.com\\\/blog\\\/informations-france-natif-de-paris-le-ministre-prendra-la-parole-au-banquet-de-la-naacp-nouvelles\\\/#breadcrumb\"},\"inLanguage\":\"fr-FR\",\"potentialAction\":[{\"@type\":\"ReadAction\",\"target\":[\"https:\\\/\\\/www.cc3rivieres76.com\\\/blog\\\/informations-france-natif-de-paris-le-ministre-prendra-la-parole-au-banquet-de-la-naacp-nouvelles\\\/\"]}]},{\"@type\":\"ImageObject\",\"inLanguage\":\"fr-FR\",\"@id\":\"https:\\\/\\\/www.cc3rivieres76.com\\\/blog\\\/informations-france-natif-de-paris-le-ministre-prendra-la-parole-au-banquet-de-la-naacp-nouvelles\\\/#primaryimage\",\"url\":\"https:\\\/\\\/www.cc3rivieres76.com\\\/blog\\\/wp-content\\\/uploads\\\/2023\\\/07\\\/informations-france-natif-de-paris-le-ministre-prendra-la-parole-au-banquet-de-la-naacp-nouvelles.jpg\",\"contentUrl\":\"https:\\\/\\\/www.cc3rivieres76.com\\\/blog\\\/wp-content\\\/uploads\\\/2023\\\/07\\\/informations-france-natif-de-paris-le-ministre-prendra-la-parole-au-banquet-de-la-naacp-nouvelles.jpg\",\"width\":300,\"height\":308,\"caption\":\"Informations france: Natif de Paris, le ministre prendra la parole au banquet de la NAACP | Nouvelles\"},{\"@type\":\"BreadcrumbList\",\"@id\":\"https:\\\/\\\/www.cc3rivieres76.com\\\/blog\\\/informations-france-natif-de-paris-le-ministre-prendra-la-parole-au-banquet-de-la-naacp-nouvelles\\\/#breadcrumb\",\"itemListElement\":[{\"@type\":\"ListItem\",\"position\":1,\"name\":\"Accueil\",\"item\":\"https:\\\/\\\/www.cc3rivieres76.com\\\/blog\\\/\"},{\"@type\":\"ListItem\",\"position\":2,\"name\":\"Informations france: Natif de Paris, le ministre prendra la parole au banquet de la NAACP | Nouvelles\"}]},{\"@type\":\"WebSite\",\"@id\":\"https:\\\/\\\/www.cc3rivieres76.com\\\/blog\\\/#website\",\"url\":\"https:\\\/\\\/www.cc3rivieres76.com\\\/blog\\\/\",\"name\":\"CC3RIVIERES76\",\"description\":\"Les 3 rivi\u00e8res dans la Somme.\",\"publisher\":{\"@id\":\"https:\\\/\\\/www.cc3rivieres76.com\\\/blog\\\/#organization\"},\"potentialAction\":[{\"@type\":\"SearchAction\",\"target\":{\"@type\":\"EntryPoint\",\"urlTemplate\":\"https:\\\/\\\/www.cc3rivieres76.com\\\/blog\\\/?s={search_term_string}\"},\"query-input\":{\"@type\":\"PropertyValueSpecification\",\"valueRequired\":true,\"valueName\":\"search_term_string\"}}],\"inLanguage\":\"fr-FR\"},{\"@type\":\"Organization\",\"@id\":\"https:\\\/\\\/www.cc3rivieres76.com\\\/blog\\\/#organization\",\"name\":\"cc3rivieres76\",\"url\":\"https:\\\/\\\/www.cc3rivieres76.com\\\/blog\\\/\",\"logo\":{\"@type\":\"ImageObject\",\"inLanguage\":\"fr-FR\",\"@id\":\"https:\\\/\\\/www.cc3rivieres76.com\\\/blog\\\/#\\\/schema\\\/logo\\\/image\\\/\",\"url\":\"https:\\\/\\\/www.cc3rivieres76.com\\\/blog\\\/wp-content\\\/uploads\\\/2023\\\/06\\\/logo-2.png\",\"contentUrl\":\"https:\\\/\\\/www.cc3rivieres76.com\\\/blog\\\/wp-content\\\/uploads\\\/2023\\\/06\\\/logo-2.png\",\"width\":390,\"height\":388,\"caption\":\"cc3rivieres76\"},\"image\":{\"@id\":\"https:\\\/\\\/www.cc3rivieres76.com\\\/blog\\\/#\\\/schema\\\/logo\\\/image\\\/\"}},{\"@type\":\"Person\",\"@id\":\"https:\\\/\\\/www.cc3rivieres76.com\\\/blog\\\/#\\\/schema\\\/person\\\/474d457fb7747b5218f39792dfaa5a1c\",\"name\":\"Sylvie DE LAUZAINGHEIN\",\"image\":{\"@type\":\"ImageObject\",\"inLanguage\":\"fr-FR\",\"@id\":\"https:\\\/\\\/secure.gravatar.com\\\/avatar\\\/9c6a53b19e0a3431aa80de0895b9729fe665cd7e7d6cc94fc11abb152f4237d7?s=96&d=mm&r=g\",\"url\":\"https:\\\/\\\/secure.gravatar.com\\\/avatar\\\/9c6a53b19e0a3431aa80de0895b9729fe665cd7e7d6cc94fc11abb152f4237d7?s=96&d=mm&r=g\",\"contentUrl\":\"https:\\\/\\\/secure.gravatar.com\\\/avatar\\\/9c6a53b19e0a3431aa80de0895b9729fe665cd7e7d6cc94fc11abb152f4237d7?s=96&d=mm&r=g\",\"caption\":\"Sylvie DE LAUZAINGHEIN\"},\"url\":\"https:\\\/\\\/www.cc3rivieres76.com\\\/blog\\\/author\\\/s76sylvie\\\/\"}]}<\/script>\n<!-- \/ Yoast SEO plugin. -->","yoast_head_json":{"title":"Informations france: Natif de Paris, le ministre prendra la parole au banquet de la NAACP | Nouvelles - CC3RIVIERES76","robots":{"index":"index","follow":"follow","max-snippet":"max-snippet:-1","max-image-preview":"max-image-preview:large","max-video-preview":"max-video-preview:-1"},"canonical":"https:\/\/www.cc3rivieres76.com\/blog\/informations-france-natif-de-paris-le-ministre-prendra-la-parole-au-banquet-de-la-naacp-nouvelles\/","og_locale":"fr_FR","og_type":"article","og_title":"Informations france: Natif de Paris, le ministre prendra la parole au banquet de la NAACP | Nouvelles - CC3RIVIERES76","og_description":"Les billets sont en vente pour le banquet du patrimoine de la NAACP pr\u00e9vu le 24 juin au Love Civic Center avec le pasteur m\u00e9thodiste de longue date du comt\u00e9 de Lamar, le r\u00e9v\u00e9rend Gary Dean d\u2019Atlanta, en G\u00e9orgie. Hole in The Wall est de r\u00e9pondre \u00e0 l\u2019\u00e9v\u00e9nement, qui comprend une vente aux ench\u00e8res silencieuse. &hellip; Continuer la lecture \u00ab\u00a0Informations france: Natif de Paris, le ministre prendra la parole au banquet de la NAACP | Nouvelles\u00a0\u00bb","og_url":"https:\/\/www.cc3rivieres76.com\/blog\/informations-france-natif-de-paris-le-ministre-prendra-la-parole-au-banquet-de-la-naacp-nouvelles\/","og_site_name":"CC3RIVIERES76","article_published_time":"2023-05-30T15:28:00+00:00","og_image":[{"url":"https:\/\/www.cc3rivieres76.com\/blog\/wp-content\/uploads\/2023\/07\/informations-france-natif-de-paris-le-ministre-prendra-la-parole-au-banquet-de-la-naacp-nouvelles.jpg","type":"","width":"","height":""}],"author":"Sylvie DE LAUZAINGHEIN","twitter_card":"summary_large_image","twitter_misc":{"\u00c9crit par":"Sylvie DE LAUZAINGHEIN","Dur\u00e9e de lecture estim\u00e9e":"1 minute"},"schema":{"@context":"https:\/\/schema.org","@graph":[{"@type":"Article","@id":"https:\/\/www.cc3rivieres76.com\/blog\/informations-france-natif-de-paris-le-ministre-prendra-la-parole-au-banquet-de-la-naacp-nouvelles\/#article","isPartOf":{"@id":"https:\/\/www.cc3rivieres76.com\/blog\/informations-france-natif-de-paris-le-ministre-prendra-la-parole-au-banquet-de-la-naacp-nouvelles\/"},"author":{"name":"Sylvie DE LAUZAINGHEIN","@id":"https:\/\/www.cc3rivieres76.com\/blog\/#\/schema\/person\/474d457fb7747b5218f39792dfaa5a1c"},"headline":"Informations france: Natif de Paris, le ministre prendra la parole au banquet de la NAACP | Nouvelles","datePublished":"2023-05-30T15:28:00+00:00","mainEntityOfPage":{"@id":"https:\/\/www.cc3rivieres76.com\/blog\/informations-france-natif-de-paris-le-ministre-prendra-la-parole-au-banquet-de-la-naacp-nouvelles\/"},"wordCount":261,"publisher":{"@id":"https:\/\/www.cc3rivieres76.com\/blog\/#organization"},"image":{"@id":"https:\/\/www.cc3rivieres76.com\/blog\/informations-france-natif-de-paris-le-ministre-prendra-la-parole-au-banquet-de-la-naacp-nouvelles\/#primaryimage"},"thumbnailUrl":"https:\/\/www.cc3rivieres76.com\/blog\/wp-content\/uploads\/2023\/07\/informations-france-natif-de-paris-le-ministre-prendra-la-parole-au-banquet-de-la-naacp-nouvelles.jpg","articleSection":["Les 3 Rivi\u00e8res Dans La Somme:"],"inLanguage":"fr-FR"},{"@type":"WebPage","@id":"https:\/\/www.cc3rivieres76.com\/blog\/informations-france-natif-de-paris-le-ministre-prendra-la-parole-au-banquet-de-la-naacp-nouvelles\/","url":"https:\/\/www.cc3rivieres76.com\/blog\/informations-france-natif-de-paris-le-ministre-prendra-la-parole-au-banquet-de-la-naacp-nouvelles\/","name":"Informations france: Natif de Paris, le ministre prendra la parole au banquet de la NAACP | Nouvelles - CC3RIVIERES76","isPartOf":{"@id":"https:\/\/www.cc3rivieres76.com\/blog\/#website"},"primaryImageOfPage":{"@id":"https:\/\/www.cc3rivieres76.com\/blog\/informations-france-natif-de-paris-le-ministre-prendra-la-parole-au-banquet-de-la-naacp-nouvelles\/#primaryimage"},"image":{"@id":"https:\/\/www.cc3rivieres76.com\/blog\/informations-france-natif-de-paris-le-ministre-prendra-la-parole-au-banquet-de-la-naacp-nouvelles\/#primaryimage"},"thumbnailUrl":"https:\/\/www.cc3rivieres76.com\/blog\/wp-content\/uploads\/2023\/07\/informations-france-natif-de-paris-le-ministre-prendra-la-parole-au-banquet-de-la-naacp-nouvelles.jpg","datePublished":"2023-05-30T15:28:00+00:00","breadcrumb":{"@id":"https:\/\/www.cc3rivieres76.com\/blog\/informations-france-natif-de-paris-le-ministre-prendra-la-parole-au-banquet-de-la-naacp-nouvelles\/#breadcrumb"},"inLanguage":"fr-FR","potentialAction":[{"@type":"ReadAction","target":["https:\/\/www.cc3rivieres76.com\/blog\/informations-france-natif-de-paris-le-ministre-prendra-la-parole-au-banquet-de-la-naacp-nouvelles\/"]}]},{"@type":"ImageObject","inLanguage":"fr-FR","@id":"https:\/\/www.cc3rivieres76.com\/blog\/informations-france-natif-de-paris-le-ministre-prendra-la-parole-au-banquet-de-la-naacp-nouvelles\/#primaryimage","url":"https:\/\/www.cc3rivieres76.com\/blog\/wp-content\/uploads\/2023\/07\/informations-france-natif-de-paris-le-ministre-prendra-la-parole-au-banquet-de-la-naacp-nouvelles.jpg","contentUrl":"https:\/\/www.cc3rivieres76.com\/blog\/wp-content\/uploads\/2023\/07\/informations-france-natif-de-paris-le-ministre-prendra-la-parole-au-banquet-de-la-naacp-nouvelles.jpg","width":300,"height":308,"caption":"Informations france: Natif de Paris, le ministre prendra la parole au banquet de la NAACP | Nouvelles"},{"@type":"BreadcrumbList","@id":"https:\/\/www.cc3rivieres76.com\/blog\/informations-france-natif-de-paris-le-ministre-prendra-la-parole-au-banquet-de-la-naacp-nouvelles\/#breadcrumb","itemListElement":[{"@type":"ListItem","position":1,"name":"Accueil","item":"https:\/\/www.cc3rivieres76.com\/blog\/"},{"@type":"ListItem","position":2,"name":"Informations france: Natif de Paris, le ministre prendra la parole au banquet de la NAACP | Nouvelles"}]},{"@type":"WebSite","@id":"https:\/\/www.cc3rivieres76.com\/blog\/#website","url":"https:\/\/www.cc3rivieres76.com\/blog\/","name":"CC3RIVIERES76","description":"Les 3 rivi\u00e8res dans la Somme.","publisher":{"@id":"https:\/\/www.cc3rivieres76.com\/blog\/#organization"},"potentialAction":[{"@type":"SearchAction","target":{"@type":"EntryPoint","urlTemplate":"https:\/\/www.cc3rivieres76.com\/blog\/?s={search_term_string}"},"query-input":{"@type":"PropertyValueSpecification","valueRequired":true,"valueName":"search_term_string"}}],"inLanguage":"fr-FR"},{"@type":"Organization","@id":"https:\/\/www.cc3rivieres76.com\/blog\/#organization","name":"cc3rivieres76","url":"https:\/\/www.cc3rivieres76.com\/blog\/","logo":{"@type":"ImageObject","inLanguage":"fr-FR","@id":"https:\/\/www.cc3rivieres76.com\/blog\/#\/schema\/logo\/image\/","url":"https:\/\/www.cc3rivieres76.com\/blog\/wp-content\/uploads\/2023\/06\/logo-2.png","contentUrl":"https:\/\/www.cc3rivieres76.com\/blog\/wp-content\/uploads\/2023\/06\/logo-2.png","width":390,"height":388,"caption":"cc3rivieres76"},"image":{"@id":"https:\/\/www.cc3rivieres76.com\/blog\/#\/schema\/logo\/image\/"}},{"@type":"Person","@id":"https:\/\/www.cc3rivieres76.com\/blog\/#\/schema\/person\/474d457fb7747b5218f39792dfaa5a1c","name":"Sylvie DE LAUZAINGHEIN","image":{"@type":"ImageObject","inLanguage":"fr-FR","@id":"https:\/\/secure.gravatar.com\/avatar\/9c6a53b19e0a3431aa80de0895b9729fe665cd7e7d6cc94fc11abb152f4237d7?s=96&d=mm&r=g","url":"https:\/\/secure.gravatar.com\/avatar\/9c6a53b19e0a3431aa80de0895b9729fe665cd7e7d6cc94fc11abb152f4237d7?s=96&d=mm&r=g","contentUrl":"https:\/\/secure.gravatar.com\/avatar\/9c6a53b19e0a3431aa80de0895b9729fe665cd7e7d6cc94fc11abb152f4237d7?s=96&d=mm&r=g","caption":"Sylvie DE LAUZAINGHEIN"},"url":"https:\/\/www.cc3rivieres76.com\/blog\/author\/s76sylvie\/"}]}},"_links":{"self":[{"href":"https:\/\/www.cc3rivieres76.com\/blog\/wp-json\/wp\/v2\/posts\/130","targetHints":{"allow":["GET"]}}],"collection":[{"href":"https:\/\/www.cc3rivieres76.com\/blog\/wp-json\/wp\/v2\/posts"}],"about":[{"href":"https:\/\/www.cc3rivieres76.com\/blog\/wp-json\/wp\/v2\/types\/post"}],"author":[{"embeddable":true,"href":"https:\/\/www.cc3rivieres76.com\/blog\/wp-json\/wp\/v2\/users\/3"}],"replies":[{"embeddable":true,"href":"https:\/\/www.cc3rivieres76.com\/blog\/wp-json\/wp\/v2\/comments?post=130"}],"version-history":[{"count":0,"href":"https:\/\/www.cc3rivieres76.com\/blog\/wp-json\/wp\/v2\/posts\/130\/revisions"}],"wp:featuredmedia":[{"embeddable":true,"href":"https:\/\/www.cc3rivieres76.com\/blog\/wp-json\/wp\/v2\/media\/131"}],"wp:attachment":[{"href":"https:\/\/www.cc3rivieres76.com\/blog\/wp-json\/wp\/v2\/media?parent=130"}],"wp:term":[{"taxonomy":"category","embeddable":true,"href":"https:\/\/www.cc3rivieres76.com\/blog\/wp-json\/wp\/v2\/categories?post=130"},{"taxonomy":"post_tag","embeddable":true,"href":"https:\/\/www.cc3rivieres76.com\/blog\/wp-json\/wp\/v2\/tags?post=130"}],"curies":[{"name":"wp","href":"https:\/\/api.w.org\/{rel}","templated":true}]}}