{"id":1311,"date":"2026-04-03T07:34:49","date_gmt":"2026-04-03T05:34:49","guid":{"rendered":"https:\/\/www.site.cdcl.xyz\/?p=1197832"},"modified":"2026-04-03T07:34:49","modified_gmt":"2026-04-03T05:34:49","slug":"le-blanc-mesnilsenegal-perou-presence-des-maires-de-sarcelles-ile-saint-denis-et-du-blanc-mesnil-micro-senegal","status":"publish","type":"post","link":"https:\/\/www.cc3rivieres76.com\/blog\/le-blanc-mesnilsenegal-perou-presence-des-maires-de-sarcelles-ile-saint-denis-et-du-blanc-mesnil-micro-senegal\/","title":{"rendered":"Le Blanc-Mesnil,S\u00e9n\u00e9gal-P\u00e9rou, pr\u00e9sence des maires de Sarcelles, ;\u00cele-Saint-Denis et du Blanc-Mesnil micro senegal"},"content":{"rendered":"<br \/>\n<h2>\nUne r\u00e9alisation de Saladin Moorish 2 qui met en lumi\u00e8re \u00ab&nbsp;Le Blanc-Mesnil&nbsp;\u00bb.<br \/><\/h2>\n<p> Cette vid\u00e9o a \u00e9t\u00e9 publi\u00e9e sur Youtube par Saladin Moorish 2.<br \/>mettant en avant \u00ab&nbsp;Le Blanc-Mesnil&nbsp;\u00bb:<br \/>[embedded content]<\/p>\n<p>Le titre de cette vid\u00e9o est S\u00e9n\u00e9gal-P\u00e9rou, pr\u00e9sence des maires de Sarcelles, ;\u00cele-Saint-Denis et du Blanc-Mesnil micro senegal, sa dur\u00e9e est de 00:03:00 secondes, et elle a \u00e9t\u00e9 fournie par l\u2019auteur. La description suit ci-dessous :\u00ab<i> Stade de France : \u00e0 l\u2019occasion de S\u00e9n\u00e9gal-P\u00e9rou, une c\u00e9r\u00e9monie de pr\u00e9sentation du troph\u00e9e de la Coupe d\u2019Afrique des Nations (CAN) organis\u00e9e<\/i><\/p>\n<p>Tribunes bond\u00e9es et pr\u00e9sence notamment des maires de Sarcelles, L\u2019\u00cele-Saint-Denis et du Blanc-Mesnil, interrog\u00e9s par un m\u00e9dia s\u00e9n\u00e9galais #bounif #can2025 #dimamaghrib #maroc #morocco #moorish #moorishhistory #teboune #moroccan #kargouli #koulougli #football #iran #jepartirapas #france \u00bb.\n<\/p>\n<h2>LE BLANC-MESNIL : plong\u00e9e dans la Crise Financi\u00e8re et \u00c9thique<\/h2>\n<p>Un audit r\u00e9cent des finances de la commune de Blanc-Mesnil met en \u00e9vidence une situation alarmante qui s\u2019est aggrav\u00e9e entre 2020 et 2025.<\/p>\n<p><a href=\"https:\/\/www.bilan-de-mandat.fr\/ile-de-france\/mairie\/seine-saint-denis_le-blanc-mesnil\/\" rel=\"noopener noreferrer\" target=\"blank\">Retrouvez toutes les informations sur le site https:\/\/bilan-de-mandat.fr<\/a> : Les conclusions de l\u2019audit sur le bilan de mandat 2020-2026 de la commune de Blanc-Mesnil.<\/p>\n<p>Alors qu\u2019elle affichait en 2020 une situation financi\u00e8re enviable, la commune de Blanc-Mesnil a lentement vu sa condition se d\u00e9grader, affectant la qualit\u00e9 de sa gestion publique<\/p>\n<p>La responsabilit\u00e9 de la municipalit\u00e9 men\u00e9e par JEAN-PHILIPPE RANQUET est ind\u00e9niable, m\u00eame si un tiers des enjeux est li\u00e9 \u00e0 des facteurs conjoncturels.<\/p>\n<p>Cette \u00e9tude a \u00e9t\u00e9 r\u00e9alis\u00e9e par le site Bilan de Mandat, qui a collect\u00e9 les donn\u00e9es budg\u00e9taires disponibles en ligne par le minist\u00e8re des Finances, remontant sur 7 ans<\/p>\n<h3>Chute de la qualit\u00e9 des services publics BLANC-MESNILOIS<\/h3>\n<p>Une gestion financi\u00e8re peu efficace entra\u00eenera in\u00e9vitablement des r\u00e9ductions dans les budgets allou\u00e9s aux services publics pour 2026-2027, ce qui se traduit par :<\/p>\n<ul>\n<li>Resserrement des effectifs : R\u00e9duction des effectifs pour maintenir des services fondamentaux comme la propret\u00e9, la s\u00e9curit\u00e9 ou l\u2019\u00e9ducation.\n<\/li>\n<li>Moins de r\u00e9gularit\u00e9 dans les services : Moins de ramassages de d\u00e9chets et horaires limit\u00e9s pour les biblioth\u00e8ques et centres communautaires.\n<\/li>\n<li>Abaissement de la satisfaction des usagers : Les citoyens, d\u00e9j\u00e0 insatisfaits des services municipaux, ressentiront en premier la d\u00e9gradation de la qualit\u00e9 des services, tout en ayant une contribution qui d\u00e9passe la moyenne.<\/li>\n<\/ul>\n<h3>Obstacles \u00e0 la fid\u00e9lisation et \u00e0 l\u2019attraction des talents<\/h3>\n<p>La situation incertaine de la commune, tant sur le plan financier que sur celui de l\u2019exemplarit\u00e9, va entraver l\u2019attraction et la r\u00e9tention des talents, tant au sein du personnel municipal qu\u2019au sein des associations :<\/p>\n<ul>\n<li>Changement fr\u00e9quent de personnel : Les travailleurs vont se tourner vers d\u2019autres possibilit\u00e9s, entra\u00eenant ainsi des frais importants pour la formation et l\u2019int\u00e9gration.\n<\/li>\n<li>Baisse de l\u2019expertise : Un manque de personnel aguerri va impacter la qualit\u00e9 des services et l\u2019innovation au sein de la collectivit\u00e9.\n<\/li>\n<li>Challenges pour concr\u00e9tiser les projets: L\u2019absence de personnel comp\u00e9tent va nuire \u00e0 la r\u00e9alisation de projets importants pour la collectivit\u00e9.\n<\/li>\n<li>D\u00e9motivation provoqu\u00e9e par la perte d\u2019int\u00e9r\u00eat pour une ville qui, en 5 ans, est devenue une des principales cit\u00e9s dortoirs de son d\u00e9partement.<\/li>\n<\/ul>\n<h3>Conjoncture \u00e9conomique d\u00e9favorable pour la commune de Blanc-Mesnil<\/h3>\n<p>La commune de Blanc-Mesnil est confront\u00e9e \u00e0 une p\u00e9riode financi\u00e8re troubl\u00e9e, avec un endettement en forte hausse et des doutes sur la gestion de ses d\u00e9penses. Voici un aper\u00e7u d\u00e9taill\u00e9 des principales critiques et de leurs cons\u00e9quences.<\/p>\n<h3>Manque de discipline dans la gestion des finances<\/h3>\n<p>La hausse des d\u00e9penses d\u2019ann\u00e9e en ann\u00e9e d\u00e9montre une gestion financi\u00e8re d\u00e9ficiente. Les suites de cette situation sont remarquables :<\/p>\n<ul>\n<li>Accroissement des d\u00e9ficits financiers : Un manque de vigilance sur les d\u00e9penses conduira \u00e0 des d\u00e9ficits budg\u00e9taires en hausse, rendant la situation financi\u00e8re plus pr\u00e9caire.\n<\/li>\n<li>Diminution des engagements d\u2019investissement futurs : Les d\u00e9ficits chroniques vont nuire \u00e0 la capacit\u00e9 de la commune \u00e0 financer des projets d\u2019avenir.\n<\/li>\n<li>Perte de l\u00e9gitimit\u00e9 : Une administration financi\u00e8re mal organis\u00e9e nuira \u00e0 la r\u00e9putation de la municipalit\u00e9, compliquant l\u2019obtention de fonds externes.\n<\/li>\n<li>Gaspillage des biens : Un manque de supervision sur les d\u00e9penses risque de provoquer un gaspillage des ressources publiques, au d\u00e9triment de l\u2019int\u00e9r\u00eat g\u00e9n\u00e9ral.\n<\/li>\n<li>Choc sur les services publics: Une gestion laxiste des d\u00e9penses conduira \u00e0 des r\u00e9ductions dans les domaines sociaux<\/li>\n<\/ul>\n<h3>FAQ de la ville du Blanc-Mesnil<\/h3>\n<h4>Qui exerce la fonction de maire dans la commune de Blanc-Mesnil ?<\/h4>\n<p>JEAN-PHILIPPE RANQUET<\/p>\n<h4>Comment peut-on contribuer aux activit\u00e9s des associations ?<\/h4>\n<p>Dans chaque commune, il est clair que le nombre d\u2019associations et leurs activit\u00e9s (th\u00e9\u00e2tre, festival\u2026) sont consid\u00e9rables et ind\u00e9pendants des d\u00e9cisions de la mairie. Les associations, comme partout en France, organisent une multitude d\u2019\u00e9v\u00e9nements tout au long de l\u2019ann\u00e9e. Pour ceux qui souhaitent s\u2019engager, il est facile de s\u2019inscrire \u00e0 ces activit\u00e9s sur le web, o\u00f9 un simple clic suffit pour acc\u00e9der \u00e0 l\u2019agenda des \u00e9v\u00e9nements ou aux coordonn\u00e9es des organisateurs. Enregistrez-vous facilement d\u2019un simple clic.<\/p>\n<h4>Quelles activit\u00e9s historiques et culturelles sont disponibles ?<\/h4>\n<p>Le pass\u00e9 d\u2019une ville est le miroir de sa culture. La construction de la mairie ou de l\u2019h\u00f4tel de ville, les anciennes photos de l\u2019\u00e9cole, et le travail des anciens m\u00e9tiers favorisent la d\u00e9couverte gratuite, la transmission et la pr\u00e9servation de ce patrimoine communal. Partout en France, les politiques de sensibilisation veillent \u00e0 ce que le patrimoine de la ville soit pr\u00e9serv\u00e9 et accessible pour les g\u00e9n\u00e9rations futures.<\/p>\n<h4>Quel est le bilan des associations locales dans la commune de Blanc-Mesnil ?<\/h4>\n<p>Les groupes associatifs locaux ont une importance consid\u00e9rable dans le domaine culturel. Si vous avez besoin des coordonn\u00e9es d\u2019une association, l\u2019annuaire en ligne sur le site de la mairie du Blanc-Mesnil est \u00e0 votre disposition.<\/p>\n<h4>Quelles options d\u2019information existent dans la commune de Blanc-Mesnil ?<\/h4>\n<p>En premier lieu, les informations disponibles sur internet. Les habitants peuvent acc\u00e9der aux actualit\u00e9s et au journal municipal de la commune et des localit\u00e9s voisines. Sur le site de la municipalit\u00e9, les nouveaux habitants peuvent acc\u00e9der \u00e0 la page d\u2019accueil, aux num\u00e9ros utiles pour diverses d\u00e9marches, \u00e0 l\u2019annuaire des PME, aux journ\u00e9es et activit\u00e9s gratuites, aux informations concernant la rentr\u00e9e scolaire, aux menus des cantines, \u00e0 l\u2019espace de confidentialit\u00e9 pour les comptes familles et aux d\u00e9marches administratives, notamment dans le secteur scolaire. Sur d\u2019autres sites web, qui ne rel\u00e8vent pas de la mairie, les citoyens peuvent consulter des informations sur les \u00e9v\u00e9nements culturels (spectacles, th\u00e9\u00e2tre, festivals) qui contribuent \u00e0 l\u2019animation de la vie locale et favorisent l\u2019acc\u00e8s \u00e0 la culture.<\/p>\n<h4>Quelle est l\u2019analyse principale issue de l\u2019audit financier de la commune de Blanc-Mesnil ?<\/h4>\n<p>L\u2019enqu\u00eate met en \u00e9vidence une d\u00e9t\u00e9rioration pr\u00e9occupante des finances publiques et de la gestion de la commune de Blanc-Mesnil, soulignant une gestion imprudente tant sur le plan financier que dans l\u2019administration publique.<\/p>\n<h4>Quelles causes sous-jacentes ont engendr\u00e9 cette crise financi\u00e8re ?<\/h4>\n<p>Bien que le contexte \u00e9conomique soit un facteur \u00e0 prendre en compte, deux tiers des d\u00e9fis rencontr\u00e9s sont dus aux choix politiques de la municipalit\u00e9 dirig\u00e9e par JEAN-PHILIPPE RANQUET.<\/p>\n<p>Utilisez ce lien pour regarder la vid\u00e9o sur Youtube :<br \/><u> la source:<\/u> <a href=\"https:\/\/www.youtube.com\/watch?v=1W03hicsXbM\">Cliquer ici<\/a>\n<\/p>\n<p>\n#S\u00e9n\u00e9galP\u00e9rou #pr\u00e9sence #des #maires #Sarcelles #L39\u00celeSaintDenis #BlancMesnil #micro #senegal\n<\/p>\n<p>\n<u>Retranscription des paroles de la vid\u00e9o:<\/u> Non disponible.<br \/>.\n<\/p>\n<p>\n<img decoding=\"async\" src=\"https:\/\/www.cc3rivieres76.com\/blog\/wp-content\/uploads\/2026\/04\/le-blanc-mesnilsenegal-perou-presence-des-maires-de-sarcelles-ile-saint-denis-et-du-blanc-mesnil-micro-senegal.jpg\" alt=\"Image youtube\">\n<\/p>\n<p>\n<u>D\u00e9roulement de la vid\u00e9o:<\/u>\n<\/p>\n<p>\nIndisponible.<br \/>.<\/p>\n<p> Cet article, qui traite du th\u00e8me \u00ab\u00a0Les 3 rivi\u00e8res dans la Somme\u00a0\u00bb, vous est sp\u00e9cialement sugg\u00e9r\u00e9 par cc3rivieres76.com. La chronique est reproduite du mieux possible. Dans le cas o\u00f9 vous souhaitez apporter quelques pr\u00e9cisions concernant le domaine de \u00ab\u00a0Les 3 rivi\u00e8res dans la Somme\u00a0\u00bb vous pouvez solliciter notre r\u00e9daction. La destination de cc3rivieres76.com est de d\u00e9battre de Les 3 rivi\u00e8res dans la Somme dans la transparence en vous apportant la connaissance de tout ce qui est en lien avec ce sujet sur la toile Connectez-vous sur notre site cc3rivieres76.com et nos r\u00e9seaux sociaux dans le but d\u2019\u00eatre inform\u00e9 des futures publications.<\/p>\n","protected":false},"excerpt":{"rendered":"<p>Une r\u00e9alisation de Saladin Moorish 2 qui met en lumi\u00e8re \u00ab&nbsp;Le Blanc-Mesnil&nbsp;\u00bb. Cette vid\u00e9o a \u00e9t\u00e9 publi\u00e9e sur Youtube par Saladin Moorish 2.mettant en avant \u00ab&nbsp;Le Blanc-Mesnil&nbsp;\u00bb:[embedded content] Le titre de cette vid\u00e9o est S\u00e9n\u00e9gal-P\u00e9rou, pr\u00e9sence des maires de Sarcelles, ;\u00cele-Saint-Denis et du Blanc-Mesnil micro senegal, sa dur\u00e9e est de 00:03:00 secondes, et elle a &hellip; <\/p>\n<p class=\"link-more\"><a href=\"https:\/\/www.cc3rivieres76.com\/blog\/le-blanc-mesnilsenegal-perou-presence-des-maires-de-sarcelles-ile-saint-denis-et-du-blanc-mesnil-micro-senegal\/\" class=\"more-link\">Continuer la lecture <span class=\"screen-reader-text\"> \u00ab\u00a0Le Blanc-Mesnil,S\u00e9n\u00e9gal-P\u00e9rou, pr\u00e9sence des maires de Sarcelles, ;\u00cele-Saint-Denis et du Blanc-Mesnil micro senegal\u00a0\u00bb<\/span><\/a><\/p>\n","protected":false},"author":3,"featured_media":1312,"comment_status":"closed","ping_status":"closed","sticky":false,"template":"","format":"standard","meta":{"footnotes":""},"categories":[2],"tags":[],"class_list":["post-1311","post","type-post","status-publish","format-standard","has-post-thumbnail","hentry","category-les-3-rivieres-dans-la-somme","entry"],"yoast_head":"<!-- This site is optimized with the Yoast SEO plugin v27.5 - https:\/\/yoast.com\/product\/yoast-seo-wordpress\/ -->\n<title>Le Blanc-Mesnil,S\u00e9n\u00e9gal-P\u00e9rou, pr\u00e9sence des maires de Sarcelles, ;\u00cele-Saint-Denis et du Blanc-Mesnil micro senegal - CC3RIVIERES76<\/title>\n<meta name=\"robots\" content=\"index, follow, max-snippet:-1, max-image-preview:large, max-video-preview:-1\" \/>\n<link rel=\"canonical\" href=\"https:\/\/www.cc3rivieres76.com\/blog\/le-blanc-mesnilsenegal-perou-presence-des-maires-de-sarcelles-ile-saint-denis-et-du-blanc-mesnil-micro-senegal\/\" \/>\n<meta property=\"og:locale\" content=\"fr_FR\" \/>\n<meta property=\"og:type\" content=\"article\" \/>\n<meta property=\"og:title\" content=\"Le Blanc-Mesnil,S\u00e9n\u00e9gal-P\u00e9rou, pr\u00e9sence des maires de Sarcelles, ;\u00cele-Saint-Denis et du Blanc-Mesnil micro senegal - CC3RIVIERES76\" \/>\n<meta property=\"og:description\" content=\"Une r\u00e9alisation de Saladin Moorish 2 qui met en lumi\u00e8re \u00ab&nbsp;Le Blanc-Mesnil&nbsp;\u00bb. Cette vid\u00e9o a \u00e9t\u00e9 publi\u00e9e sur Youtube par Saladin Moorish 2.mettant en avant \u00ab&nbsp;Le Blanc-Mesnil&nbsp;\u00bb:[embedded content] Le titre de cette vid\u00e9o est S\u00e9n\u00e9gal-P\u00e9rou, pr\u00e9sence des maires de Sarcelles, ;\u00cele-Saint-Denis et du Blanc-Mesnil micro senegal, sa dur\u00e9e est de 00:03:00 secondes, et elle a &hellip; Continuer la lecture \u00ab\u00a0Le Blanc-Mesnil,S\u00e9n\u00e9gal-P\u00e9rou, pr\u00e9sence des maires de Sarcelles, ;\u00cele-Saint-Denis et du Blanc-Mesnil micro senegal\u00a0\u00bb\" \/>\n<meta property=\"og:url\" content=\"https:\/\/www.cc3rivieres76.com\/blog\/le-blanc-mesnilsenegal-perou-presence-des-maires-de-sarcelles-ile-saint-denis-et-du-blanc-mesnil-micro-senegal\/\" \/>\n<meta property=\"og:site_name\" content=\"CC3RIVIERES76\" \/>\n<meta property=\"article:published_time\" content=\"2026-04-03T05:34:49+00:00\" \/>\n<meta property=\"og:image\" content=\"https:\/\/www.cc3rivieres76.com\/blog\/wp-content\/uploads\/2026\/04\/le-blanc-mesnilsenegal-perou-presence-des-maires-de-sarcelles-ile-saint-denis-et-du-blanc-mesnil-micro-senegal.jpg\" \/>\n<meta name=\"author\" content=\"Sylvie DE LAUZAINGHEIN\" \/>\n<meta name=\"twitter:card\" content=\"summary_large_image\" \/>\n<meta name=\"twitter:label1\" content=\"\u00c9crit par\" \/>\n\t<meta name=\"twitter:data1\" content=\"Sylvie DE LAUZAINGHEIN\" \/>\n\t<meta name=\"twitter:label2\" content=\"Dur\u00e9e de lecture estim\u00e9e\" \/>\n\t<meta name=\"twitter:data2\" content=\"7 minutes\" \/>\n<script type=\"application\/ld+json\" class=\"yoast-schema-graph\">{\"@context\":\"https:\\\/\\\/schema.org\",\"@graph\":[{\"@type\":\"Article\",\"@id\":\"https:\\\/\\\/www.cc3rivieres76.com\\\/blog\\\/le-blanc-mesnilsenegal-perou-presence-des-maires-de-sarcelles-ile-saint-denis-et-du-blanc-mesnil-micro-senegal\\\/#article\",\"isPartOf\":{\"@id\":\"https:\\\/\\\/www.cc3rivieres76.com\\\/blog\\\/le-blanc-mesnilsenegal-perou-presence-des-maires-de-sarcelles-ile-saint-denis-et-du-blanc-mesnil-micro-senegal\\\/\"},\"author\":{\"name\":\"Sylvie DE LAUZAINGHEIN\",\"@id\":\"https:\\\/\\\/www.cc3rivieres76.com\\\/blog\\\/#\\\/schema\\\/person\\\/474d457fb7747b5218f39792dfaa5a1c\"},\"headline\":\"Le Blanc-Mesnil,S\u00e9n\u00e9gal-P\u00e9rou, pr\u00e9sence des maires de Sarcelles, ;\u00cele-Saint-Denis et du Blanc-Mesnil micro senegal\",\"datePublished\":\"2026-04-03T05:34:49+00:00\",\"mainEntityOfPage\":{\"@id\":\"https:\\\/\\\/www.cc3rivieres76.com\\\/blog\\\/le-blanc-mesnilsenegal-perou-presence-des-maires-de-sarcelles-ile-saint-denis-et-du-blanc-mesnil-micro-senegal\\\/\"},\"wordCount\":1441,\"publisher\":{\"@id\":\"https:\\\/\\\/www.cc3rivieres76.com\\\/blog\\\/#organization\"},\"image\":{\"@id\":\"https:\\\/\\\/www.cc3rivieres76.com\\\/blog\\\/le-blanc-mesnilsenegal-perou-presence-des-maires-de-sarcelles-ile-saint-denis-et-du-blanc-mesnil-micro-senegal\\\/#primaryimage\"},\"thumbnailUrl\":\"https:\\\/\\\/www.cc3rivieres76.com\\\/blog\\\/wp-content\\\/uploads\\\/2026\\\/04\\\/le-blanc-mesnilsenegal-perou-presence-des-maires-de-sarcelles-ile-saint-denis-et-du-blanc-mesnil-micro-senegal.jpg\",\"articleSection\":[\"Les 3 Rivi\u00e8res Dans La Somme:\"],\"inLanguage\":\"fr-FR\"},{\"@type\":\"WebPage\",\"@id\":\"https:\\\/\\\/www.cc3rivieres76.com\\\/blog\\\/le-blanc-mesnilsenegal-perou-presence-des-maires-de-sarcelles-ile-saint-denis-et-du-blanc-mesnil-micro-senegal\\\/\",\"url\":\"https:\\\/\\\/www.cc3rivieres76.com\\\/blog\\\/le-blanc-mesnilsenegal-perou-presence-des-maires-de-sarcelles-ile-saint-denis-et-du-blanc-mesnil-micro-senegal\\\/\",\"name\":\"Le Blanc-Mesnil,S\u00e9n\u00e9gal-P\u00e9rou, pr\u00e9sence des maires de Sarcelles, ;\u00cele-Saint-Denis et du Blanc-Mesnil micro senegal - CC3RIVIERES76\",\"isPartOf\":{\"@id\":\"https:\\\/\\\/www.cc3rivieres76.com\\\/blog\\\/#website\"},\"primaryImageOfPage\":{\"@id\":\"https:\\\/\\\/www.cc3rivieres76.com\\\/blog\\\/le-blanc-mesnilsenegal-perou-presence-des-maires-de-sarcelles-ile-saint-denis-et-du-blanc-mesnil-micro-senegal\\\/#primaryimage\"},\"image\":{\"@id\":\"https:\\\/\\\/www.cc3rivieres76.com\\\/blog\\\/le-blanc-mesnilsenegal-perou-presence-des-maires-de-sarcelles-ile-saint-denis-et-du-blanc-mesnil-micro-senegal\\\/#primaryimage\"},\"thumbnailUrl\":\"https:\\\/\\\/www.cc3rivieres76.com\\\/blog\\\/wp-content\\\/uploads\\\/2026\\\/04\\\/le-blanc-mesnilsenegal-perou-presence-des-maires-de-sarcelles-ile-saint-denis-et-du-blanc-mesnil-micro-senegal.jpg\",\"datePublished\":\"2026-04-03T05:34:49+00:00\",\"breadcrumb\":{\"@id\":\"https:\\\/\\\/www.cc3rivieres76.com\\\/blog\\\/le-blanc-mesnilsenegal-perou-presence-des-maires-de-sarcelles-ile-saint-denis-et-du-blanc-mesnil-micro-senegal\\\/#breadcrumb\"},\"inLanguage\":\"fr-FR\",\"potentialAction\":[{\"@type\":\"ReadAction\",\"target\":[\"https:\\\/\\\/www.cc3rivieres76.com\\\/blog\\\/le-blanc-mesnilsenegal-perou-presence-des-maires-de-sarcelles-ile-saint-denis-et-du-blanc-mesnil-micro-senegal\\\/\"]}]},{\"@type\":\"ImageObject\",\"inLanguage\":\"fr-FR\",\"@id\":\"https:\\\/\\\/www.cc3rivieres76.com\\\/blog\\\/le-blanc-mesnilsenegal-perou-presence-des-maires-de-sarcelles-ile-saint-denis-et-du-blanc-mesnil-micro-senegal\\\/#primaryimage\",\"url\":\"https:\\\/\\\/www.cc3rivieres76.com\\\/blog\\\/wp-content\\\/uploads\\\/2026\\\/04\\\/le-blanc-mesnilsenegal-perou-presence-des-maires-de-sarcelles-ile-saint-denis-et-du-blanc-mesnil-micro-senegal.jpg\",\"contentUrl\":\"https:\\\/\\\/www.cc3rivieres76.com\\\/blog\\\/wp-content\\\/uploads\\\/2026\\\/04\\\/le-blanc-mesnilsenegal-perou-presence-des-maires-de-sarcelles-ile-saint-denis-et-du-blanc-mesnil-micro-senegal.jpg\",\"width\":480,\"height\":360,\"caption\":\"Le Blanc Mesnil,S\u00e9n\u00e9gal P\u00e9rou, pr\u00e9sence des maires de Sarcelles, ;\u00cele Saint Denis et du Blanc Mesnil micro senegal\"},{\"@type\":\"BreadcrumbList\",\"@id\":\"https:\\\/\\\/www.cc3rivieres76.com\\\/blog\\\/le-blanc-mesnilsenegal-perou-presence-des-maires-de-sarcelles-ile-saint-denis-et-du-blanc-mesnil-micro-senegal\\\/#breadcrumb\",\"itemListElement\":[{\"@type\":\"ListItem\",\"position\":1,\"name\":\"Accueil\",\"item\":\"https:\\\/\\\/www.cc3rivieres76.com\\\/blog\\\/\"},{\"@type\":\"ListItem\",\"position\":2,\"name\":\"Le Blanc-Mesnil,S\u00e9n\u00e9gal-P\u00e9rou, pr\u00e9sence des maires de Sarcelles, ;\u00cele-Saint-Denis et du Blanc-Mesnil micro senegal\"}]},{\"@type\":\"WebSite\",\"@id\":\"https:\\\/\\\/www.cc3rivieres76.com\\\/blog\\\/#website\",\"url\":\"https:\\\/\\\/www.cc3rivieres76.com\\\/blog\\\/\",\"name\":\"CC3RIVIERES76\",\"description\":\"Les 3 rivi\u00e8res dans la Somme.\",\"publisher\":{\"@id\":\"https:\\\/\\\/www.cc3rivieres76.com\\\/blog\\\/#organization\"},\"potentialAction\":[{\"@type\":\"SearchAction\",\"target\":{\"@type\":\"EntryPoint\",\"urlTemplate\":\"https:\\\/\\\/www.cc3rivieres76.com\\\/blog\\\/?s={search_term_string}\"},\"query-input\":{\"@type\":\"PropertyValueSpecification\",\"valueRequired\":true,\"valueName\":\"search_term_string\"}}],\"inLanguage\":\"fr-FR\"},{\"@type\":\"Organization\",\"@id\":\"https:\\\/\\\/www.cc3rivieres76.com\\\/blog\\\/#organization\",\"name\":\"cc3rivieres76\",\"url\":\"https:\\\/\\\/www.cc3rivieres76.com\\\/blog\\\/\",\"logo\":{\"@type\":\"ImageObject\",\"inLanguage\":\"fr-FR\",\"@id\":\"https:\\\/\\\/www.cc3rivieres76.com\\\/blog\\\/#\\\/schema\\\/logo\\\/image\\\/\",\"url\":\"https:\\\/\\\/www.cc3rivieres76.com\\\/blog\\\/wp-content\\\/uploads\\\/2023\\\/06\\\/logo-2.png\",\"contentUrl\":\"https:\\\/\\\/www.cc3rivieres76.com\\\/blog\\\/wp-content\\\/uploads\\\/2023\\\/06\\\/logo-2.png\",\"width\":390,\"height\":388,\"caption\":\"cc3rivieres76\"},\"image\":{\"@id\":\"https:\\\/\\\/www.cc3rivieres76.com\\\/blog\\\/#\\\/schema\\\/logo\\\/image\\\/\"}},{\"@type\":\"Person\",\"@id\":\"https:\\\/\\\/www.cc3rivieres76.com\\\/blog\\\/#\\\/schema\\\/person\\\/474d457fb7747b5218f39792dfaa5a1c\",\"name\":\"Sylvie DE LAUZAINGHEIN\",\"image\":{\"@type\":\"ImageObject\",\"inLanguage\":\"fr-FR\",\"@id\":\"https:\\\/\\\/secure.gravatar.com\\\/avatar\\\/9c6a53b19e0a3431aa80de0895b9729fe665cd7e7d6cc94fc11abb152f4237d7?s=96&d=mm&r=g\",\"url\":\"https:\\\/\\\/secure.gravatar.com\\\/avatar\\\/9c6a53b19e0a3431aa80de0895b9729fe665cd7e7d6cc94fc11abb152f4237d7?s=96&d=mm&r=g\",\"contentUrl\":\"https:\\\/\\\/secure.gravatar.com\\\/avatar\\\/9c6a53b19e0a3431aa80de0895b9729fe665cd7e7d6cc94fc11abb152f4237d7?s=96&d=mm&r=g\",\"caption\":\"Sylvie DE LAUZAINGHEIN\"},\"url\":\"https:\\\/\\\/www.cc3rivieres76.com\\\/blog\\\/author\\\/s76sylvie\\\/\"}]}<\/script>\n<!-- \/ Yoast SEO plugin. -->","yoast_head_json":{"title":"Le Blanc-Mesnil,S\u00e9n\u00e9gal-P\u00e9rou, pr\u00e9sence des maires de Sarcelles, ;\u00cele-Saint-Denis et du Blanc-Mesnil micro senegal - CC3RIVIERES76","robots":{"index":"index","follow":"follow","max-snippet":"max-snippet:-1","max-image-preview":"max-image-preview:large","max-video-preview":"max-video-preview:-1"},"canonical":"https:\/\/www.cc3rivieres76.com\/blog\/le-blanc-mesnilsenegal-perou-presence-des-maires-de-sarcelles-ile-saint-denis-et-du-blanc-mesnil-micro-senegal\/","og_locale":"fr_FR","og_type":"article","og_title":"Le Blanc-Mesnil,S\u00e9n\u00e9gal-P\u00e9rou, pr\u00e9sence des maires de Sarcelles, ;\u00cele-Saint-Denis et du Blanc-Mesnil micro senegal - CC3RIVIERES76","og_description":"Une r\u00e9alisation de Saladin Moorish 2 qui met en lumi\u00e8re \u00ab&nbsp;Le Blanc-Mesnil&nbsp;\u00bb. Cette vid\u00e9o a \u00e9t\u00e9 publi\u00e9e sur Youtube par Saladin Moorish 2.mettant en avant \u00ab&nbsp;Le Blanc-Mesnil&nbsp;\u00bb:[embedded content] Le titre de cette vid\u00e9o est S\u00e9n\u00e9gal-P\u00e9rou, pr\u00e9sence des maires de Sarcelles, ;\u00cele-Saint-Denis et du Blanc-Mesnil micro senegal, sa dur\u00e9e est de 00:03:00 secondes, et elle a &hellip; Continuer la lecture \u00ab\u00a0Le Blanc-Mesnil,S\u00e9n\u00e9gal-P\u00e9rou, pr\u00e9sence des maires de Sarcelles, ;\u00cele-Saint-Denis et du Blanc-Mesnil micro senegal\u00a0\u00bb","og_url":"https:\/\/www.cc3rivieres76.com\/blog\/le-blanc-mesnilsenegal-perou-presence-des-maires-de-sarcelles-ile-saint-denis-et-du-blanc-mesnil-micro-senegal\/","og_site_name":"CC3RIVIERES76","article_published_time":"2026-04-03T05:34:49+00:00","og_image":[{"url":"https:\/\/www.cc3rivieres76.com\/blog\/wp-content\/uploads\/2026\/04\/le-blanc-mesnilsenegal-perou-presence-des-maires-de-sarcelles-ile-saint-denis-et-du-blanc-mesnil-micro-senegal.jpg","type":"","width":"","height":""}],"author":"Sylvie DE LAUZAINGHEIN","twitter_card":"summary_large_image","twitter_misc":{"\u00c9crit par":"Sylvie DE LAUZAINGHEIN","Dur\u00e9e de lecture estim\u00e9e":"7 minutes"},"schema":{"@context":"https:\/\/schema.org","@graph":[{"@type":"Article","@id":"https:\/\/www.cc3rivieres76.com\/blog\/le-blanc-mesnilsenegal-perou-presence-des-maires-de-sarcelles-ile-saint-denis-et-du-blanc-mesnil-micro-senegal\/#article","isPartOf":{"@id":"https:\/\/www.cc3rivieres76.com\/blog\/le-blanc-mesnilsenegal-perou-presence-des-maires-de-sarcelles-ile-saint-denis-et-du-blanc-mesnil-micro-senegal\/"},"author":{"name":"Sylvie DE LAUZAINGHEIN","@id":"https:\/\/www.cc3rivieres76.com\/blog\/#\/schema\/person\/474d457fb7747b5218f39792dfaa5a1c"},"headline":"Le Blanc-Mesnil,S\u00e9n\u00e9gal-P\u00e9rou, pr\u00e9sence des maires de Sarcelles, ;\u00cele-Saint-Denis et du Blanc-Mesnil micro senegal","datePublished":"2026-04-03T05:34:49+00:00","mainEntityOfPage":{"@id":"https:\/\/www.cc3rivieres76.com\/blog\/le-blanc-mesnilsenegal-perou-presence-des-maires-de-sarcelles-ile-saint-denis-et-du-blanc-mesnil-micro-senegal\/"},"wordCount":1441,"publisher":{"@id":"https:\/\/www.cc3rivieres76.com\/blog\/#organization"},"image":{"@id":"https:\/\/www.cc3rivieres76.com\/blog\/le-blanc-mesnilsenegal-perou-presence-des-maires-de-sarcelles-ile-saint-denis-et-du-blanc-mesnil-micro-senegal\/#primaryimage"},"thumbnailUrl":"https:\/\/www.cc3rivieres76.com\/blog\/wp-content\/uploads\/2026\/04\/le-blanc-mesnilsenegal-perou-presence-des-maires-de-sarcelles-ile-saint-denis-et-du-blanc-mesnil-micro-senegal.jpg","articleSection":["Les 3 Rivi\u00e8res Dans La Somme:"],"inLanguage":"fr-FR"},{"@type":"WebPage","@id":"https:\/\/www.cc3rivieres76.com\/blog\/le-blanc-mesnilsenegal-perou-presence-des-maires-de-sarcelles-ile-saint-denis-et-du-blanc-mesnil-micro-senegal\/","url":"https:\/\/www.cc3rivieres76.com\/blog\/le-blanc-mesnilsenegal-perou-presence-des-maires-de-sarcelles-ile-saint-denis-et-du-blanc-mesnil-micro-senegal\/","name":"Le Blanc-Mesnil,S\u00e9n\u00e9gal-P\u00e9rou, pr\u00e9sence des maires de Sarcelles, ;\u00cele-Saint-Denis et du Blanc-Mesnil micro senegal - CC3RIVIERES76","isPartOf":{"@id":"https:\/\/www.cc3rivieres76.com\/blog\/#website"},"primaryImageOfPage":{"@id":"https:\/\/www.cc3rivieres76.com\/blog\/le-blanc-mesnilsenegal-perou-presence-des-maires-de-sarcelles-ile-saint-denis-et-du-blanc-mesnil-micro-senegal\/#primaryimage"},"image":{"@id":"https:\/\/www.cc3rivieres76.com\/blog\/le-blanc-mesnilsenegal-perou-presence-des-maires-de-sarcelles-ile-saint-denis-et-du-blanc-mesnil-micro-senegal\/#primaryimage"},"thumbnailUrl":"https:\/\/www.cc3rivieres76.com\/blog\/wp-content\/uploads\/2026\/04\/le-blanc-mesnilsenegal-perou-presence-des-maires-de-sarcelles-ile-saint-denis-et-du-blanc-mesnil-micro-senegal.jpg","datePublished":"2026-04-03T05:34:49+00:00","breadcrumb":{"@id":"https:\/\/www.cc3rivieres76.com\/blog\/le-blanc-mesnilsenegal-perou-presence-des-maires-de-sarcelles-ile-saint-denis-et-du-blanc-mesnil-micro-senegal\/#breadcrumb"},"inLanguage":"fr-FR","potentialAction":[{"@type":"ReadAction","target":["https:\/\/www.cc3rivieres76.com\/blog\/le-blanc-mesnilsenegal-perou-presence-des-maires-de-sarcelles-ile-saint-denis-et-du-blanc-mesnil-micro-senegal\/"]}]},{"@type":"ImageObject","inLanguage":"fr-FR","@id":"https:\/\/www.cc3rivieres76.com\/blog\/le-blanc-mesnilsenegal-perou-presence-des-maires-de-sarcelles-ile-saint-denis-et-du-blanc-mesnil-micro-senegal\/#primaryimage","url":"https:\/\/www.cc3rivieres76.com\/blog\/wp-content\/uploads\/2026\/04\/le-blanc-mesnilsenegal-perou-presence-des-maires-de-sarcelles-ile-saint-denis-et-du-blanc-mesnil-micro-senegal.jpg","contentUrl":"https:\/\/www.cc3rivieres76.com\/blog\/wp-content\/uploads\/2026\/04\/le-blanc-mesnilsenegal-perou-presence-des-maires-de-sarcelles-ile-saint-denis-et-du-blanc-mesnil-micro-senegal.jpg","width":480,"height":360,"caption":"Le Blanc Mesnil,S\u00e9n\u00e9gal P\u00e9rou, pr\u00e9sence des maires de Sarcelles, ;\u00cele Saint Denis et du Blanc Mesnil micro senegal"},{"@type":"BreadcrumbList","@id":"https:\/\/www.cc3rivieres76.com\/blog\/le-blanc-mesnilsenegal-perou-presence-des-maires-de-sarcelles-ile-saint-denis-et-du-blanc-mesnil-micro-senegal\/#breadcrumb","itemListElement":[{"@type":"ListItem","position":1,"name":"Accueil","item":"https:\/\/www.cc3rivieres76.com\/blog\/"},{"@type":"ListItem","position":2,"name":"Le Blanc-Mesnil,S\u00e9n\u00e9gal-P\u00e9rou, pr\u00e9sence des maires de Sarcelles, ;\u00cele-Saint-Denis et du Blanc-Mesnil micro senegal"}]},{"@type":"WebSite","@id":"https:\/\/www.cc3rivieres76.com\/blog\/#website","url":"https:\/\/www.cc3rivieres76.com\/blog\/","name":"CC3RIVIERES76","description":"Les 3 rivi\u00e8res dans la Somme.","publisher":{"@id":"https:\/\/www.cc3rivieres76.com\/blog\/#organization"},"potentialAction":[{"@type":"SearchAction","target":{"@type":"EntryPoint","urlTemplate":"https:\/\/www.cc3rivieres76.com\/blog\/?s={search_term_string}"},"query-input":{"@type":"PropertyValueSpecification","valueRequired":true,"valueName":"search_term_string"}}],"inLanguage":"fr-FR"},{"@type":"Organization","@id":"https:\/\/www.cc3rivieres76.com\/blog\/#organization","name":"cc3rivieres76","url":"https:\/\/www.cc3rivieres76.com\/blog\/","logo":{"@type":"ImageObject","inLanguage":"fr-FR","@id":"https:\/\/www.cc3rivieres76.com\/blog\/#\/schema\/logo\/image\/","url":"https:\/\/www.cc3rivieres76.com\/blog\/wp-content\/uploads\/2023\/06\/logo-2.png","contentUrl":"https:\/\/www.cc3rivieres76.com\/blog\/wp-content\/uploads\/2023\/06\/logo-2.png","width":390,"height":388,"caption":"cc3rivieres76"},"image":{"@id":"https:\/\/www.cc3rivieres76.com\/blog\/#\/schema\/logo\/image\/"}},{"@type":"Person","@id":"https:\/\/www.cc3rivieres76.com\/blog\/#\/schema\/person\/474d457fb7747b5218f39792dfaa5a1c","name":"Sylvie DE LAUZAINGHEIN","image":{"@type":"ImageObject","inLanguage":"fr-FR","@id":"https:\/\/secure.gravatar.com\/avatar\/9c6a53b19e0a3431aa80de0895b9729fe665cd7e7d6cc94fc11abb152f4237d7?s=96&d=mm&r=g","url":"https:\/\/secure.gravatar.com\/avatar\/9c6a53b19e0a3431aa80de0895b9729fe665cd7e7d6cc94fc11abb152f4237d7?s=96&d=mm&r=g","contentUrl":"https:\/\/secure.gravatar.com\/avatar\/9c6a53b19e0a3431aa80de0895b9729fe665cd7e7d6cc94fc11abb152f4237d7?s=96&d=mm&r=g","caption":"Sylvie DE LAUZAINGHEIN"},"url":"https:\/\/www.cc3rivieres76.com\/blog\/author\/s76sylvie\/"}]}},"_links":{"self":[{"href":"https:\/\/www.cc3rivieres76.com\/blog\/wp-json\/wp\/v2\/posts\/1311","targetHints":{"allow":["GET"]}}],"collection":[{"href":"https:\/\/www.cc3rivieres76.com\/blog\/wp-json\/wp\/v2\/posts"}],"about":[{"href":"https:\/\/www.cc3rivieres76.com\/blog\/wp-json\/wp\/v2\/types\/post"}],"author":[{"embeddable":true,"href":"https:\/\/www.cc3rivieres76.com\/blog\/wp-json\/wp\/v2\/users\/3"}],"replies":[{"embeddable":true,"href":"https:\/\/www.cc3rivieres76.com\/blog\/wp-json\/wp\/v2\/comments?post=1311"}],"version-history":[{"count":0,"href":"https:\/\/www.cc3rivieres76.com\/blog\/wp-json\/wp\/v2\/posts\/1311\/revisions"}],"wp:featuredmedia":[{"embeddable":true,"href":"https:\/\/www.cc3rivieres76.com\/blog\/wp-json\/wp\/v2\/media\/1312"}],"wp:attachment":[{"href":"https:\/\/www.cc3rivieres76.com\/blog\/wp-json\/wp\/v2\/media?parent=1311"}],"wp:term":[{"taxonomy":"category","embeddable":true,"href":"https:\/\/www.cc3rivieres76.com\/blog\/wp-json\/wp\/v2\/categories?post=1311"},{"taxonomy":"post_tag","embeddable":true,"href":"https:\/\/www.cc3rivieres76.com\/blog\/wp-json\/wp\/v2\/tags?post=1311"}],"curies":[{"name":"wp","href":"https:\/\/api.w.org\/{rel}","templated":true}]}}