{"id":1315,"date":"2026-04-05T10:06:04","date_gmt":"2026-04-05T08:06:04","guid":{"rendered":"https:\/\/www.site.cdcl.xyz\/?p=1199721"},"modified":"2026-04-05T10:06:04","modified_gmt":"2026-04-05T08:06:04","slug":"tiktok-decharge-sauvage-un-mois-apres-notre-reportage-video-la-decharge-sauvage-de-villepinte-pres-d","status":"publish","type":"post","link":"https:\/\/www.cc3rivieres76.com\/blog\/tiktok-decharge-sauvage-un-mois-apres-notre-reportage-video-la-decharge-sauvage-de-villepinte-pres-d\/","title":{"rendered":"Tiktok (d\u00e9charge sauvage): Un mois apr\u00e8s notre reportage vid\u00e9o, la d\u00e9charge sauvage de Villepinte, pr\u00e8s d\u2019"},"content":{"rendered":"<br \/>\n<h2>\nAnalyse approfondie de (d\u00e9charge sauvage) par Le Parisien.<br \/><\/h2>\n<p>\nUne vid\u00e9o marquante sur <strong>\u00ab&nbsp;d\u00e9charge sauvage&nbsp;\u00bb<\/strong> suscite des r\u00e9actions sur TikTok. L\u2019interaction sur TikTok transforme chaque vid\u00e9o en une porte ouverte vers de nouvelles discussions et d\u00e9couvertes sur une multitude de th\u00e8mes.\n<\/p>\n<p>\nLa cr\u00e9ation de <strong>Le Parisien<\/strong> s\u2019intitule \u00ab <strong>Un mois apr\u00e8s notre reportage vid\u00e9o, la d\u00e9charge sauvage de Villepinte, pr\u00e8s d\u2019<br \/><\/strong> \u00bb et est disponible sur TikTok. Pour en savoir davantage, lisez la description : <i> \u00ab <a rel=\"nofollow\" target=\"_blank\" title=\"@leparisien\" href=\"https:\/\/www.tiktok.com\/@leparisien?refer=embed\">@leparisien<\/a> <\/i><\/p>\n<p>Un mois apr\u00e8s notre reportage vid\u00e9o, la d\u00e9charge sauvage de Villepinte, pr\u00e8s d\u2019un site olympique de cet \u00e9t\u00e9, a \u00e9t\u00e9 enti\u00e8rement nettoy\u00e9e. <\/p>\n<p> <a rel=\"nofollow\" target=\"_blank\" title=\"\u266c son original - Le Parisien - Le Parisien\" href=\"https:\/\/www.tiktok.com\/music\/son-original-Le-Parisien-7358092162925447969?refer=embed\">\u266c son original \u2013 Le Parisien \u2013 Le Parisien<\/a>\u00bb.\n<\/p>\n<blockquote class=\"tiktok-embed\" cite=\"https:\/\/www.tiktok.com\/@leparisien\/video\/7358091359472995616\" data-video-id=\"7358091359472995616\">\n<section> <\/section>\n<\/blockquote>\n<h2>D\u00e9mystifier les causes des d\u00e9p\u00f4ts sauvages de d\u00e9chets<\/h2>\n<h3>Comprendre les raisons derri\u00e8re l\u2019abandon des d\u00e9chets<\/h3>\n<p>Plusieurs \u00e9l\u00e9ments expliquent la multiplication des d\u00e9charges sauvages. D\u2019abord, le co\u00fbt des services de collecte incite certains professionnels ou particuliers \u00e0 se d\u00e9barrasser de leurs d\u00e9chets de mani\u00e8re ill\u00e9gale, en attendant ou en \u00e9vitant le jour de collecte. Ensuite, le manque d\u2019infrastructures adapt\u00e9es, notamment en milieu rural, joue un r\u00f4le important. L\u2019absence de sensibilisation \u00e0 l\u2019impact de ces pratiques sur l\u2019environnement et la sant\u00e9 est \u00e9galement un facteur aggravant. Enfin, le manque de contr\u00f4les et de sanctions pousse \u00e0 l\u2019impunit\u00e9.<\/p>\n<h3>\u00c9valuer l\u2019ampleur du ph\u00e9nom\u00e8ne des d\u00e9charges sauvages en France<\/h3>\n<p>En France, les d\u00e9charges sauvages sont un probl\u00e8me pr\u00e9occupant. Des millions de tonnes de d\u00e9chets sont jet\u00e9es ill\u00e9galement chaque ann\u00e9e, occasionnant un co\u00fbt consid\u00e9rable pour les collectivit\u00e9s locales pour leur gestion. L\u2019ADEME estime que plus de 100 000 sites sont concern\u00e9s, aussi bien dans les villes que dans les campagnes, avec des d\u00e9p\u00f4ts souvent observ\u00e9s le long des routes et dans les for\u00eats.<\/p>\n<h3>D\u00e9charge sauvage : explication et sp\u00e9cificit\u00e9s<\/h3>\n<p>Un site de d\u00e9charge sauvage est un espace o\u00f9 des d\u00e9chets sont jet\u00e9s ill\u00e9galement, g\u00e9n\u00e9ralement dans la nature, le long des routes ou sur des terrains non destin\u00e9s \u00e0 cet usage. \u00c0 l\u2019inverse des sites r\u00e9glement\u00e9s, ces d\u00e9charges \u00e9chappent \u00e0 tout contr\u00f4le, favorisant la pollution des sols et des eaux. Les d\u00e9chets peuvent \u00eatre des ordures m\u00e9nag\u00e8res, des gravats, des d\u00e9chets du BTP ou des mati\u00e8res dangereuses.<\/p>\n<h2>Les meilleures pratiques pour lutter contre les d\u00e9p\u00f4ts ill\u00e9gaux de d\u00e9chets<\/h2>\n<h3>Favoriser le recyclage et la gestion efficace des d\u00e9chets pour un meilleur avenir<\/h3>\n<p>Pour lutter contre l\u2019abandon des d\u00e9chets, il est essentiel d\u2019encourager des pratiques de gestion responsables et durables. Le tri s\u00e9lectif et la valorisation \u00e9nerg\u00e9tique sont des mesures efficaces pour limiter les d\u00e9chets enfouis et leur impact environnemental. L\u2019utilisation de mat\u00e9riaux recyclables joue \u00e9galement un r\u00f4le cl\u00e9 dans la r\u00e9duction des d\u00e9chets \u00e0 la source. Par ailleurs, le soutien aux initiatives de r\u00e9emploi, comme les ressourceries et les associations de collecte, permet de donner une nouvelle vie aux objets et de soutenir une \u00e9conomie circulaire.<\/p>\n<h3>Comment pr\u00e9venir les d\u00e9charges sauvages : strat\u00e9gies et sensibilisation<\/h3>\n<p>Pour freiner l\u2019expansion des d\u00e9charges sauvages, une combinaison de mesures est indispensable. La sensibilisation des citoyens est un levier important pour leur faire comprendre les risques environnementaux et sanitaires li\u00e9s \u00e0 l\u2019abandon des d\u00e9chets. Il est aussi primordial de renforcer les contr\u00f4les et les sanctions pour dissuader les contrevenants. L\u2019extension des horaires des d\u00e9chetteries et l\u2019installation de points de collecte mobiles favoriseraient un tri des d\u00e9chets plus efficace et une gestion plus responsable.<\/p>\n<h3>Les bonnes pratiques locales et r\u00e9gionales pour lutter contre les d\u00e9p\u00f4ts sauvages de d\u00e9chets<\/h3>\n<p>Afin de contrer la prolif\u00e9ration des d\u00e9charges sauvages, plusieurs villes ont mis en \u0153uvre des solutions novatrices. Des plateformes comme \u00ab&nbsp;Je Signale&nbsp;\u00bb permettent aux citoyens de signaler facilement les d\u00e9p\u00f4ts ill\u00e9gaux, ce qui permet aux autorit\u00e9s de les traiter rapidement. Les brigades environnementales veillent \u00e0 la surveillance des espaces publics et verbalisent les contrevenants. De plus, des projets de recyclage participatif sont organis\u00e9s pour encourager les citoyens \u00e0 trier et recycler leurs d\u00e9chets de mani\u00e8re responsable. Utilisez <a href=\"https:\/\/www.applijesignale.fr\/\" rel=\"noopener noreferrer \" target=\"_blank\">je signale \u2013 un outil pour signaler un d\u00e9p\u00f4t sauvage <\/a>et aidez votre commune \u00e0 lutter contre la prolif\u00e9ration des d\u00e9charges ill\u00e9gales.<\/p>\n<h2>Pollution et risques sanitaires : les cons\u00e9quences des d\u00e9charges sauvages<\/h2>\n<h3>L\u2019impact environnemental des d\u00e9charges ill\u00e9gales sur les \u00e9cosyst\u00e8mes naturels<\/h3>\n<p>L\u2019impact environnemental des d\u00e9charges sauvages est consid\u00e9rable. Les plastiques et m\u00e9taux polluent de mani\u00e8re irr\u00e9versible les sols et les nappes phr\u00e9atiques, tandis que des produits dangereux comme les solvants et les piles empoisonnent les organismes vivants. Ces lieux de d\u00e9p\u00f4t favorisent \u00e9galement l\u2019apparition de nuisibles comme les rats et les insectes, mena\u00e7ant la biodiversit\u00e9.<\/p>\n<h3>Les risques sanitaires associ\u00e9s aux d\u00e9p\u00f4ts ill\u00e9gaux de d\u00e9chets<\/h3>\n<p>Les d\u00e9charges sauvages sont un v\u00e9ritable fl\u00e9au pour la sant\u00e9 publique. Les eaux stagnantes, issues des d\u00e9p\u00f4ts ill\u00e9gaux, favorisent la prolif\u00e9ration de bact\u00e9ries et de virus, cr\u00e9ant ainsi un environnement propice aux maladies. Les produits chimiques provenant des d\u00e9chets contaminent l\u2019air et l\u2019eau, affectant les nappes phr\u00e9atiques. De plus, le risque d\u2019incendie est \u00e9lev\u00e9 en raison de la pr\u00e9sence de d\u00e9chets inflammables comme les solvants et huiles, pouvant entra\u00eener des feux incontr\u00f4l\u00e9s aux effets d\u00e9vastateurs.<\/p>\n<h3>Comment les d\u00e9charges sauvages contribuent-elles au d\u00e9r\u00e8glement climatique et \u00e0 la crise \u00e9nerg\u00e9tique ?<\/h3>\n<p>Le m\u00e9thane, \u00e9mis par les d\u00e9chets abandonn\u00e9s, est un gaz \u00e0 effet de serre 25 fois plus puissant que le CO\u2082, contribuant au r\u00e9chauffement climatique. L\u2019absence de tri et de recyclage emp\u00eache \u00e9galement la r\u00e9cup\u00e9ration de ressources pr\u00e9cieuses, dont l\u2019utilisation aurait permis de r\u00e9duire la consommation d\u2019\u00e9nergie et de limiter les \u00e9missions de gaz \u00e0 effet de serre.<\/p>\n<h2>Les r\u00e8gles et p\u00e9nalit\u00e9s concernant les d\u00e9p\u00f4ts ill\u00e9gaux de d\u00e9chets<\/h2>\n<h3>Les r\u00e9glementations concernant les d\u00e9p\u00f4ts ill\u00e9gaux de d\u00e9chets<\/h3>\n<p>En vertu de l\u2019article L.541-3 du Code de l\u2019environnement, l\u2019abandon de d\u00e9chets est formellement interdit en France. Ceux qui s\u2019adonnent \u00e0 cette pratique ill\u00e9gale, qu\u2019ils soient particuliers ou entreprises, risquent des poursuites judiciaires.<\/p>\n<h3>La gestion des d\u00e9charges sauvages par les autorit\u00e9s locales : leurs actions et responsabilit\u00e9s<\/h3>\n<p>Les collectivit\u00e9s locales, par l\u2019entremise des maires et des pr\u00e9fets, peuvent sanctionner les infractions relatives aux d\u00e9p\u00f4ts sauvages et mettre en place des actions pour collecter les d\u00e9chets abandonn\u00e9s. Elles ont \u00e9galement la possibilit\u00e9 de contraindre les auteurs \u00e0 restaurer les sites, sous peine de sanctions administratives.<\/p>\n<h3>Peines et amendes pr\u00e9vues pour les d\u00e9p\u00f4ts ill\u00e9gaux de d\u00e9chets dans le Code de l\u2019environnement<\/h3>\n<p>En cas de d\u00e9p\u00f4t ill\u00e9gal de d\u00e9chets, les amendes et peines de prison peuvent \u00eatre s\u00e9v\u00e8res. Les personnes responsables d\u2019un d\u00e9p\u00f4t massif de d\u00e9chets dangereux encourent une amende de 75 000 \u20ac et jusqu\u2019\u00e0 deux ans de prison. Pour un d\u00e9p\u00f4t de d\u00e9chets sur la voie publique, l\u2019amende est de 1 500 \u20ac. Les v\u00e9hicules utilis\u00e9s peuvent \u00eatre confisqu\u00e9s, et des sanctions renforc\u00e9es sont appliqu\u00e9es en cas de r\u00e9cidive.<\/p>\n<h2>L\u2019impact des D\u00e9charges Ill\u00e9gales : Prot\u00e9ger la Nature et la Sant\u00e9 avant Tout<\/h2>\n<p>Combattre les d\u00e9charges sauvages n\u00e9cessite une approche collective. En sensibilisant les citoyens, en renfor\u00e7ant les sanctions et en d\u00e9veloppant des solutions locales, il est possible de r\u00e9duire ces pratiques ill\u00e9gales et pr\u00e9server la plan\u00e8te. Chaque effort de tri, de signalement et de recyclage contribue \u00e0 ce combat. <\/p>\n<p>D\u00e9couvrez ce post en d\u00e9tails sur TikTok en cliquant sur le lien suivant : <u>Lien vers la publication originale:<\/u> <a href=\"https:\/\/www.tiktok.com\/@leparisien\/video\/7358091359472995616\">Cliquer pour voir le contenu.<\/a>. Vous aurez la possibilit\u00e9 de voir le contenu complet et de vous engager dans la conversation.<\/p>\n<p>\n<img decoding=\"async\" src=\"https:\/\/www.cc3rivieres76.com\/blog\/wp-content\/uploads\/2026\/04\/tiktok-decharge-sauvage-un-mois-apres-notre-reportage-video-la-decharge-sauvage-de-villepinte-pres-d.png\">\n<\/p>\n<p>\n#mois #apr\u00e8s #notre #reportage #vid\u00e9o #d\u00e9charge #sauvage #Villepinte #pr\u00e8s<\/p>\n<p> Cet article, qui traite du th\u00e8me \u00ab\u00a0Les 3 rivi\u00e8res dans la Somme\u00a0\u00bb, vous est sp\u00e9cialement sugg\u00e9r\u00e9 par cc3rivieres76.com. La chronique est reproduite du mieux possible. Dans le cas o\u00f9 vous souhaitez apporter quelques pr\u00e9cisions concernant le domaine de \u00ab\u00a0Les 3 rivi\u00e8res dans la Somme\u00a0\u00bb vous pouvez solliciter notre r\u00e9daction. La destination de cc3rivieres76.com est de d\u00e9battre de Les 3 rivi\u00e8res dans la Somme dans la transparence en vous apportant la connaissance de tout ce qui est en lien avec ce sujet sur la toile Connectez-vous sur notre site cc3rivieres76.com et nos r\u00e9seaux sociaux dans le but d\u2019\u00eatre inform\u00e9 des futures publications.<\/p>\n","protected":false},"excerpt":{"rendered":"<p>Analyse approfondie de (d\u00e9charge sauvage) par Le Parisien. Une vid\u00e9o marquante sur \u00ab&nbsp;d\u00e9charge sauvage&nbsp;\u00bb suscite des r\u00e9actions sur TikTok. L\u2019interaction sur TikTok transforme chaque vid\u00e9o en une porte ouverte vers de nouvelles discussions et d\u00e9couvertes sur une multitude de th\u00e8mes. La cr\u00e9ation de Le Parisien s\u2019intitule \u00ab Un mois apr\u00e8s notre reportage vid\u00e9o, la d\u00e9charge &hellip; <\/p>\n<p class=\"link-more\"><a href=\"https:\/\/www.cc3rivieres76.com\/blog\/tiktok-decharge-sauvage-un-mois-apres-notre-reportage-video-la-decharge-sauvage-de-villepinte-pres-d\/\" class=\"more-link\">Continuer la lecture <span class=\"screen-reader-text\"> \u00ab\u00a0Tiktok (d\u00e9charge sauvage): Un mois apr\u00e8s notre reportage vid\u00e9o, la d\u00e9charge sauvage de Villepinte, pr\u00e8s d\u2019\u00a0\u00bb<\/span><\/a><\/p>\n","protected":false},"author":3,"featured_media":1316,"comment_status":"closed","ping_status":"closed","sticky":false,"template":"","format":"standard","meta":{"footnotes":""},"categories":[2],"tags":[],"class_list":["post-1315","post","type-post","status-publish","format-standard","has-post-thumbnail","hentry","category-les-3-rivieres-dans-la-somme","entry"],"yoast_head":"<!-- This site is optimized with the Yoast SEO plugin v27.5 - https:\/\/yoast.com\/product\/yoast-seo-wordpress\/ -->\n<title>Tiktok (d\u00e9charge sauvage): Un mois apr\u00e8s notre reportage vid\u00e9o, la d\u00e9charge sauvage de Villepinte, pr\u00e8s d\u2019 - CC3RIVIERES76<\/title>\n<meta name=\"robots\" content=\"index, follow, max-snippet:-1, max-image-preview:large, max-video-preview:-1\" \/>\n<link rel=\"canonical\" href=\"https:\/\/www.cc3rivieres76.com\/blog\/tiktok-decharge-sauvage-un-mois-apres-notre-reportage-video-la-decharge-sauvage-de-villepinte-pres-d\/\" \/>\n<meta property=\"og:locale\" content=\"fr_FR\" \/>\n<meta property=\"og:type\" content=\"article\" \/>\n<meta property=\"og:title\" content=\"Tiktok (d\u00e9charge sauvage): Un mois apr\u00e8s notre reportage vid\u00e9o, la d\u00e9charge sauvage de Villepinte, pr\u00e8s d\u2019 - CC3RIVIERES76\" \/>\n<meta property=\"og:description\" content=\"Analyse approfondie de (d\u00e9charge sauvage) par Le Parisien. Une vid\u00e9o marquante sur \u00ab&nbsp;d\u00e9charge sauvage&nbsp;\u00bb suscite des r\u00e9actions sur TikTok. L\u2019interaction sur TikTok transforme chaque vid\u00e9o en une porte ouverte vers de nouvelles discussions et d\u00e9couvertes sur une multitude de th\u00e8mes. La cr\u00e9ation de Le Parisien s\u2019intitule \u00ab Un mois apr\u00e8s notre reportage vid\u00e9o, la d\u00e9charge &hellip; Continuer la lecture \u00ab\u00a0Tiktok (d\u00e9charge sauvage): Un mois apr\u00e8s notre reportage vid\u00e9o, la d\u00e9charge sauvage de Villepinte, pr\u00e8s d\u2019\u00a0\u00bb\" \/>\n<meta property=\"og:url\" content=\"https:\/\/www.cc3rivieres76.com\/blog\/tiktok-decharge-sauvage-un-mois-apres-notre-reportage-video-la-decharge-sauvage-de-villepinte-pres-d\/\" \/>\n<meta property=\"og:site_name\" content=\"CC3RIVIERES76\" \/>\n<meta property=\"article:published_time\" content=\"2026-04-05T08:06:04+00:00\" \/>\n<meta property=\"og:image\" content=\"https:\/\/www.cc3rivieres76.com\/blog\/wp-content\/uploads\/2026\/04\/tiktok-decharge-sauvage-un-mois-apres-notre-reportage-video-la-decharge-sauvage-de-villepinte-pres-d.png\" \/>\n<meta name=\"author\" content=\"Sylvie DE LAUZAINGHEIN\" \/>\n<meta name=\"twitter:card\" content=\"summary_large_image\" \/>\n<meta name=\"twitter:label1\" content=\"\u00c9crit par\" \/>\n\t<meta name=\"twitter:data1\" content=\"Sylvie DE LAUZAINGHEIN\" \/>\n\t<meta name=\"twitter:label2\" content=\"Dur\u00e9e de lecture estim\u00e9e\" \/>\n\t<meta name=\"twitter:data2\" content=\"8 minutes\" \/>\n<script type=\"application\/ld+json\" class=\"yoast-schema-graph\">{\"@context\":\"https:\\\/\\\/schema.org\",\"@graph\":[{\"@type\":\"Article\",\"@id\":\"https:\\\/\\\/www.cc3rivieres76.com\\\/blog\\\/tiktok-decharge-sauvage-un-mois-apres-notre-reportage-video-la-decharge-sauvage-de-villepinte-pres-d\\\/#article\",\"isPartOf\":{\"@id\":\"https:\\\/\\\/www.cc3rivieres76.com\\\/blog\\\/tiktok-decharge-sauvage-un-mois-apres-notre-reportage-video-la-decharge-sauvage-de-villepinte-pres-d\\\/\"},\"author\":{\"name\":\"Sylvie DE LAUZAINGHEIN\",\"@id\":\"https:\\\/\\\/www.cc3rivieres76.com\\\/blog\\\/#\\\/schema\\\/person\\\/474d457fb7747b5218f39792dfaa5a1c\"},\"headline\":\"Tiktok (d\u00e9charge sauvage): Un mois apr\u00e8s notre reportage vid\u00e9o, la d\u00e9charge sauvage de Villepinte, pr\u00e8s d\u2019\",\"datePublished\":\"2026-04-05T08:06:04+00:00\",\"mainEntityOfPage\":{\"@id\":\"https:\\\/\\\/www.cc3rivieres76.com\\\/blog\\\/tiktok-decharge-sauvage-un-mois-apres-notre-reportage-video-la-decharge-sauvage-de-villepinte-pres-d\\\/\"},\"wordCount\":1547,\"publisher\":{\"@id\":\"https:\\\/\\\/www.cc3rivieres76.com\\\/blog\\\/#organization\"},\"image\":{\"@id\":\"https:\\\/\\\/www.cc3rivieres76.com\\\/blog\\\/tiktok-decharge-sauvage-un-mois-apres-notre-reportage-video-la-decharge-sauvage-de-villepinte-pres-d\\\/#primaryimage\"},\"thumbnailUrl\":\"https:\\\/\\\/www.cc3rivieres76.com\\\/blog\\\/wp-content\\\/uploads\\\/2026\\\/04\\\/tiktok-decharge-sauvage-un-mois-apres-notre-reportage-video-la-decharge-sauvage-de-villepinte-pres-d.png\",\"articleSection\":[\"Les 3 Rivi\u00e8res Dans La Somme:\"],\"inLanguage\":\"fr-FR\"},{\"@type\":\"WebPage\",\"@id\":\"https:\\\/\\\/www.cc3rivieres76.com\\\/blog\\\/tiktok-decharge-sauvage-un-mois-apres-notre-reportage-video-la-decharge-sauvage-de-villepinte-pres-d\\\/\",\"url\":\"https:\\\/\\\/www.cc3rivieres76.com\\\/blog\\\/tiktok-decharge-sauvage-un-mois-apres-notre-reportage-video-la-decharge-sauvage-de-villepinte-pres-d\\\/\",\"name\":\"Tiktok (d\u00e9charge sauvage): Un mois apr\u00e8s notre reportage vid\u00e9o, la d\u00e9charge sauvage de Villepinte, pr\u00e8s d\u2019 - CC3RIVIERES76\",\"isPartOf\":{\"@id\":\"https:\\\/\\\/www.cc3rivieres76.com\\\/blog\\\/#website\"},\"primaryImageOfPage\":{\"@id\":\"https:\\\/\\\/www.cc3rivieres76.com\\\/blog\\\/tiktok-decharge-sauvage-un-mois-apres-notre-reportage-video-la-decharge-sauvage-de-villepinte-pres-d\\\/#primaryimage\"},\"image\":{\"@id\":\"https:\\\/\\\/www.cc3rivieres76.com\\\/blog\\\/tiktok-decharge-sauvage-un-mois-apres-notre-reportage-video-la-decharge-sauvage-de-villepinte-pres-d\\\/#primaryimage\"},\"thumbnailUrl\":\"https:\\\/\\\/www.cc3rivieres76.com\\\/blog\\\/wp-content\\\/uploads\\\/2026\\\/04\\\/tiktok-decharge-sauvage-un-mois-apres-notre-reportage-video-la-decharge-sauvage-de-villepinte-pres-d.png\",\"datePublished\":\"2026-04-05T08:06:04+00:00\",\"breadcrumb\":{\"@id\":\"https:\\\/\\\/www.cc3rivieres76.com\\\/blog\\\/tiktok-decharge-sauvage-un-mois-apres-notre-reportage-video-la-decharge-sauvage-de-villepinte-pres-d\\\/#breadcrumb\"},\"inLanguage\":\"fr-FR\",\"potentialAction\":[{\"@type\":\"ReadAction\",\"target\":[\"https:\\\/\\\/www.cc3rivieres76.com\\\/blog\\\/tiktok-decharge-sauvage-un-mois-apres-notre-reportage-video-la-decharge-sauvage-de-villepinte-pres-d\\\/\"]}]},{\"@type\":\"ImageObject\",\"inLanguage\":\"fr-FR\",\"@id\":\"https:\\\/\\\/www.cc3rivieres76.com\\\/blog\\\/tiktok-decharge-sauvage-un-mois-apres-notre-reportage-video-la-decharge-sauvage-de-villepinte-pres-d\\\/#primaryimage\",\"url\":\"https:\\\/\\\/www.cc3rivieres76.com\\\/blog\\\/wp-content\\\/uploads\\\/2026\\\/04\\\/tiktok-decharge-sauvage-un-mois-apres-notre-reportage-video-la-decharge-sauvage-de-villepinte-pres-d.png\",\"contentUrl\":\"https:\\\/\\\/www.cc3rivieres76.com\\\/blog\\\/wp-content\\\/uploads\\\/2026\\\/04\\\/tiktok-decharge-sauvage-un-mois-apres-notre-reportage-video-la-decharge-sauvage-de-villepinte-pres-d.png\",\"width\":1080,\"height\":1440,\"caption\":\"Tiktok (d\u00e9charge sauvage): Un mois apr\u00e8s notre reportage vid\u00e9o, la d\u00e9charge sauvage de Villepinte, pr\u00e8s d\u2019\"},{\"@type\":\"BreadcrumbList\",\"@id\":\"https:\\\/\\\/www.cc3rivieres76.com\\\/blog\\\/tiktok-decharge-sauvage-un-mois-apres-notre-reportage-video-la-decharge-sauvage-de-villepinte-pres-d\\\/#breadcrumb\",\"itemListElement\":[{\"@type\":\"ListItem\",\"position\":1,\"name\":\"Accueil\",\"item\":\"https:\\\/\\\/www.cc3rivieres76.com\\\/blog\\\/\"},{\"@type\":\"ListItem\",\"position\":2,\"name\":\"Tiktok (d\u00e9charge sauvage): Un mois apr\u00e8s notre reportage vid\u00e9o, la d\u00e9charge sauvage de Villepinte, pr\u00e8s d\u2019\"}]},{\"@type\":\"WebSite\",\"@id\":\"https:\\\/\\\/www.cc3rivieres76.com\\\/blog\\\/#website\",\"url\":\"https:\\\/\\\/www.cc3rivieres76.com\\\/blog\\\/\",\"name\":\"CC3RIVIERES76\",\"description\":\"Les 3 rivi\u00e8res dans la Somme.\",\"publisher\":{\"@id\":\"https:\\\/\\\/www.cc3rivieres76.com\\\/blog\\\/#organization\"},\"potentialAction\":[{\"@type\":\"SearchAction\",\"target\":{\"@type\":\"EntryPoint\",\"urlTemplate\":\"https:\\\/\\\/www.cc3rivieres76.com\\\/blog\\\/?s={search_term_string}\"},\"query-input\":{\"@type\":\"PropertyValueSpecification\",\"valueRequired\":true,\"valueName\":\"search_term_string\"}}],\"inLanguage\":\"fr-FR\"},{\"@type\":\"Organization\",\"@id\":\"https:\\\/\\\/www.cc3rivieres76.com\\\/blog\\\/#organization\",\"name\":\"cc3rivieres76\",\"url\":\"https:\\\/\\\/www.cc3rivieres76.com\\\/blog\\\/\",\"logo\":{\"@type\":\"ImageObject\",\"inLanguage\":\"fr-FR\",\"@id\":\"https:\\\/\\\/www.cc3rivieres76.com\\\/blog\\\/#\\\/schema\\\/logo\\\/image\\\/\",\"url\":\"https:\\\/\\\/www.cc3rivieres76.com\\\/blog\\\/wp-content\\\/uploads\\\/2023\\\/06\\\/logo-2.png\",\"contentUrl\":\"https:\\\/\\\/www.cc3rivieres76.com\\\/blog\\\/wp-content\\\/uploads\\\/2023\\\/06\\\/logo-2.png\",\"width\":390,\"height\":388,\"caption\":\"cc3rivieres76\"},\"image\":{\"@id\":\"https:\\\/\\\/www.cc3rivieres76.com\\\/blog\\\/#\\\/schema\\\/logo\\\/image\\\/\"}},{\"@type\":\"Person\",\"@id\":\"https:\\\/\\\/www.cc3rivieres76.com\\\/blog\\\/#\\\/schema\\\/person\\\/474d457fb7747b5218f39792dfaa5a1c\",\"name\":\"Sylvie DE LAUZAINGHEIN\",\"image\":{\"@type\":\"ImageObject\",\"inLanguage\":\"fr-FR\",\"@id\":\"https:\\\/\\\/secure.gravatar.com\\\/avatar\\\/9c6a53b19e0a3431aa80de0895b9729fe665cd7e7d6cc94fc11abb152f4237d7?s=96&d=mm&r=g\",\"url\":\"https:\\\/\\\/secure.gravatar.com\\\/avatar\\\/9c6a53b19e0a3431aa80de0895b9729fe665cd7e7d6cc94fc11abb152f4237d7?s=96&d=mm&r=g\",\"contentUrl\":\"https:\\\/\\\/secure.gravatar.com\\\/avatar\\\/9c6a53b19e0a3431aa80de0895b9729fe665cd7e7d6cc94fc11abb152f4237d7?s=96&d=mm&r=g\",\"caption\":\"Sylvie DE LAUZAINGHEIN\"},\"url\":\"https:\\\/\\\/www.cc3rivieres76.com\\\/blog\\\/author\\\/s76sylvie\\\/\"}]}<\/script>\n<!-- \/ Yoast SEO plugin. -->","yoast_head_json":{"title":"Tiktok (d\u00e9charge sauvage): Un mois apr\u00e8s notre reportage vid\u00e9o, la d\u00e9charge sauvage de Villepinte, pr\u00e8s d\u2019 - CC3RIVIERES76","robots":{"index":"index","follow":"follow","max-snippet":"max-snippet:-1","max-image-preview":"max-image-preview:large","max-video-preview":"max-video-preview:-1"},"canonical":"https:\/\/www.cc3rivieres76.com\/blog\/tiktok-decharge-sauvage-un-mois-apres-notre-reportage-video-la-decharge-sauvage-de-villepinte-pres-d\/","og_locale":"fr_FR","og_type":"article","og_title":"Tiktok (d\u00e9charge sauvage): Un mois apr\u00e8s notre reportage vid\u00e9o, la d\u00e9charge sauvage de Villepinte, pr\u00e8s d\u2019 - CC3RIVIERES76","og_description":"Analyse approfondie de (d\u00e9charge sauvage) par Le Parisien. Une vid\u00e9o marquante sur \u00ab&nbsp;d\u00e9charge sauvage&nbsp;\u00bb suscite des r\u00e9actions sur TikTok. L\u2019interaction sur TikTok transforme chaque vid\u00e9o en une porte ouverte vers de nouvelles discussions et d\u00e9couvertes sur une multitude de th\u00e8mes. La cr\u00e9ation de Le Parisien s\u2019intitule \u00ab Un mois apr\u00e8s notre reportage vid\u00e9o, la d\u00e9charge &hellip; Continuer la lecture \u00ab\u00a0Tiktok (d\u00e9charge sauvage): Un mois apr\u00e8s notre reportage vid\u00e9o, la d\u00e9charge sauvage de Villepinte, pr\u00e8s d\u2019\u00a0\u00bb","og_url":"https:\/\/www.cc3rivieres76.com\/blog\/tiktok-decharge-sauvage-un-mois-apres-notre-reportage-video-la-decharge-sauvage-de-villepinte-pres-d\/","og_site_name":"CC3RIVIERES76","article_published_time":"2026-04-05T08:06:04+00:00","og_image":[{"url":"https:\/\/www.cc3rivieres76.com\/blog\/wp-content\/uploads\/2026\/04\/tiktok-decharge-sauvage-un-mois-apres-notre-reportage-video-la-decharge-sauvage-de-villepinte-pres-d.png","type":"","width":"","height":""}],"author":"Sylvie DE LAUZAINGHEIN","twitter_card":"summary_large_image","twitter_misc":{"\u00c9crit par":"Sylvie DE LAUZAINGHEIN","Dur\u00e9e de lecture estim\u00e9e":"8 minutes"},"schema":{"@context":"https:\/\/schema.org","@graph":[{"@type":"Article","@id":"https:\/\/www.cc3rivieres76.com\/blog\/tiktok-decharge-sauvage-un-mois-apres-notre-reportage-video-la-decharge-sauvage-de-villepinte-pres-d\/#article","isPartOf":{"@id":"https:\/\/www.cc3rivieres76.com\/blog\/tiktok-decharge-sauvage-un-mois-apres-notre-reportage-video-la-decharge-sauvage-de-villepinte-pres-d\/"},"author":{"name":"Sylvie DE LAUZAINGHEIN","@id":"https:\/\/www.cc3rivieres76.com\/blog\/#\/schema\/person\/474d457fb7747b5218f39792dfaa5a1c"},"headline":"Tiktok (d\u00e9charge sauvage): Un mois apr\u00e8s notre reportage vid\u00e9o, la d\u00e9charge sauvage de Villepinte, pr\u00e8s d\u2019","datePublished":"2026-04-05T08:06:04+00:00","mainEntityOfPage":{"@id":"https:\/\/www.cc3rivieres76.com\/blog\/tiktok-decharge-sauvage-un-mois-apres-notre-reportage-video-la-decharge-sauvage-de-villepinte-pres-d\/"},"wordCount":1547,"publisher":{"@id":"https:\/\/www.cc3rivieres76.com\/blog\/#organization"},"image":{"@id":"https:\/\/www.cc3rivieres76.com\/blog\/tiktok-decharge-sauvage-un-mois-apres-notre-reportage-video-la-decharge-sauvage-de-villepinte-pres-d\/#primaryimage"},"thumbnailUrl":"https:\/\/www.cc3rivieres76.com\/blog\/wp-content\/uploads\/2026\/04\/tiktok-decharge-sauvage-un-mois-apres-notre-reportage-video-la-decharge-sauvage-de-villepinte-pres-d.png","articleSection":["Les 3 Rivi\u00e8res Dans La Somme:"],"inLanguage":"fr-FR"},{"@type":"WebPage","@id":"https:\/\/www.cc3rivieres76.com\/blog\/tiktok-decharge-sauvage-un-mois-apres-notre-reportage-video-la-decharge-sauvage-de-villepinte-pres-d\/","url":"https:\/\/www.cc3rivieres76.com\/blog\/tiktok-decharge-sauvage-un-mois-apres-notre-reportage-video-la-decharge-sauvage-de-villepinte-pres-d\/","name":"Tiktok (d\u00e9charge sauvage): Un mois apr\u00e8s notre reportage vid\u00e9o, la d\u00e9charge sauvage de Villepinte, pr\u00e8s d\u2019 - CC3RIVIERES76","isPartOf":{"@id":"https:\/\/www.cc3rivieres76.com\/blog\/#website"},"primaryImageOfPage":{"@id":"https:\/\/www.cc3rivieres76.com\/blog\/tiktok-decharge-sauvage-un-mois-apres-notre-reportage-video-la-decharge-sauvage-de-villepinte-pres-d\/#primaryimage"},"image":{"@id":"https:\/\/www.cc3rivieres76.com\/blog\/tiktok-decharge-sauvage-un-mois-apres-notre-reportage-video-la-decharge-sauvage-de-villepinte-pres-d\/#primaryimage"},"thumbnailUrl":"https:\/\/www.cc3rivieres76.com\/blog\/wp-content\/uploads\/2026\/04\/tiktok-decharge-sauvage-un-mois-apres-notre-reportage-video-la-decharge-sauvage-de-villepinte-pres-d.png","datePublished":"2026-04-05T08:06:04+00:00","breadcrumb":{"@id":"https:\/\/www.cc3rivieres76.com\/blog\/tiktok-decharge-sauvage-un-mois-apres-notre-reportage-video-la-decharge-sauvage-de-villepinte-pres-d\/#breadcrumb"},"inLanguage":"fr-FR","potentialAction":[{"@type":"ReadAction","target":["https:\/\/www.cc3rivieres76.com\/blog\/tiktok-decharge-sauvage-un-mois-apres-notre-reportage-video-la-decharge-sauvage-de-villepinte-pres-d\/"]}]},{"@type":"ImageObject","inLanguage":"fr-FR","@id":"https:\/\/www.cc3rivieres76.com\/blog\/tiktok-decharge-sauvage-un-mois-apres-notre-reportage-video-la-decharge-sauvage-de-villepinte-pres-d\/#primaryimage","url":"https:\/\/www.cc3rivieres76.com\/blog\/wp-content\/uploads\/2026\/04\/tiktok-decharge-sauvage-un-mois-apres-notre-reportage-video-la-decharge-sauvage-de-villepinte-pres-d.png","contentUrl":"https:\/\/www.cc3rivieres76.com\/blog\/wp-content\/uploads\/2026\/04\/tiktok-decharge-sauvage-un-mois-apres-notre-reportage-video-la-decharge-sauvage-de-villepinte-pres-d.png","width":1080,"height":1440,"caption":"Tiktok (d\u00e9charge sauvage): Un mois apr\u00e8s notre reportage vid\u00e9o, la d\u00e9charge sauvage de Villepinte, pr\u00e8s d\u2019"},{"@type":"BreadcrumbList","@id":"https:\/\/www.cc3rivieres76.com\/blog\/tiktok-decharge-sauvage-un-mois-apres-notre-reportage-video-la-decharge-sauvage-de-villepinte-pres-d\/#breadcrumb","itemListElement":[{"@type":"ListItem","position":1,"name":"Accueil","item":"https:\/\/www.cc3rivieres76.com\/blog\/"},{"@type":"ListItem","position":2,"name":"Tiktok (d\u00e9charge sauvage): Un mois apr\u00e8s notre reportage vid\u00e9o, la d\u00e9charge sauvage de Villepinte, pr\u00e8s d\u2019"}]},{"@type":"WebSite","@id":"https:\/\/www.cc3rivieres76.com\/blog\/#website","url":"https:\/\/www.cc3rivieres76.com\/blog\/","name":"CC3RIVIERES76","description":"Les 3 rivi\u00e8res dans la Somme.","publisher":{"@id":"https:\/\/www.cc3rivieres76.com\/blog\/#organization"},"potentialAction":[{"@type":"SearchAction","target":{"@type":"EntryPoint","urlTemplate":"https:\/\/www.cc3rivieres76.com\/blog\/?s={search_term_string}"},"query-input":{"@type":"PropertyValueSpecification","valueRequired":true,"valueName":"search_term_string"}}],"inLanguage":"fr-FR"},{"@type":"Organization","@id":"https:\/\/www.cc3rivieres76.com\/blog\/#organization","name":"cc3rivieres76","url":"https:\/\/www.cc3rivieres76.com\/blog\/","logo":{"@type":"ImageObject","inLanguage":"fr-FR","@id":"https:\/\/www.cc3rivieres76.com\/blog\/#\/schema\/logo\/image\/","url":"https:\/\/www.cc3rivieres76.com\/blog\/wp-content\/uploads\/2023\/06\/logo-2.png","contentUrl":"https:\/\/www.cc3rivieres76.com\/blog\/wp-content\/uploads\/2023\/06\/logo-2.png","width":390,"height":388,"caption":"cc3rivieres76"},"image":{"@id":"https:\/\/www.cc3rivieres76.com\/blog\/#\/schema\/logo\/image\/"}},{"@type":"Person","@id":"https:\/\/www.cc3rivieres76.com\/blog\/#\/schema\/person\/474d457fb7747b5218f39792dfaa5a1c","name":"Sylvie DE LAUZAINGHEIN","image":{"@type":"ImageObject","inLanguage":"fr-FR","@id":"https:\/\/secure.gravatar.com\/avatar\/9c6a53b19e0a3431aa80de0895b9729fe665cd7e7d6cc94fc11abb152f4237d7?s=96&d=mm&r=g","url":"https:\/\/secure.gravatar.com\/avatar\/9c6a53b19e0a3431aa80de0895b9729fe665cd7e7d6cc94fc11abb152f4237d7?s=96&d=mm&r=g","contentUrl":"https:\/\/secure.gravatar.com\/avatar\/9c6a53b19e0a3431aa80de0895b9729fe665cd7e7d6cc94fc11abb152f4237d7?s=96&d=mm&r=g","caption":"Sylvie DE LAUZAINGHEIN"},"url":"https:\/\/www.cc3rivieres76.com\/blog\/author\/s76sylvie\/"}]}},"_links":{"self":[{"href":"https:\/\/www.cc3rivieres76.com\/blog\/wp-json\/wp\/v2\/posts\/1315","targetHints":{"allow":["GET"]}}],"collection":[{"href":"https:\/\/www.cc3rivieres76.com\/blog\/wp-json\/wp\/v2\/posts"}],"about":[{"href":"https:\/\/www.cc3rivieres76.com\/blog\/wp-json\/wp\/v2\/types\/post"}],"author":[{"embeddable":true,"href":"https:\/\/www.cc3rivieres76.com\/blog\/wp-json\/wp\/v2\/users\/3"}],"replies":[{"embeddable":true,"href":"https:\/\/www.cc3rivieres76.com\/blog\/wp-json\/wp\/v2\/comments?post=1315"}],"version-history":[{"count":0,"href":"https:\/\/www.cc3rivieres76.com\/blog\/wp-json\/wp\/v2\/posts\/1315\/revisions"}],"wp:featuredmedia":[{"embeddable":true,"href":"https:\/\/www.cc3rivieres76.com\/blog\/wp-json\/wp\/v2\/media\/1316"}],"wp:attachment":[{"href":"https:\/\/www.cc3rivieres76.com\/blog\/wp-json\/wp\/v2\/media?parent=1315"}],"wp:term":[{"taxonomy":"category","embeddable":true,"href":"https:\/\/www.cc3rivieres76.com\/blog\/wp-json\/wp\/v2\/categories?post=1315"},{"taxonomy":"post_tag","embeddable":true,"href":"https:\/\/www.cc3rivieres76.com\/blog\/wp-json\/wp\/v2\/tags?post=1315"}],"curies":[{"name":"wp","href":"https:\/\/api.w.org\/{rel}","templated":true}]}}