{"id":1326,"date":"2026-04-08T09:41:00","date_gmt":"2026-04-08T07:41:00","guid":{"rendered":"https:\/\/www.site.cdcl.xyz\/2026\/04\/08\/aprnews-panne-delectricite-a-laeroport-fhb\/"},"modified":"2026-04-08T09:41:00","modified_gmt":"2026-04-08T07:41:00","slug":"aprnews-panne-delectricite-a-laeroport-fhb","status":"publish","type":"post","link":"https:\/\/www.cc3rivieres76.com\/blog\/aprnews-panne-delectricite-a-laeroport-fhb\/","title":{"rendered":"APRNEWS: Panne d\u2019\u00e9lectricit\u00e9 \u00e0 l\u2019a\u00e9roport FHB"},"content":{"rendered":"<br \/>\n<h2>\nLe nom de l\u2019article est : APRNEWS: Panne d\u2019\u00e9lectricit\u00e9 \u00e0 l\u2019a\u00e9roport FHB<br \/>\n<\/h2>\n<p>\u00c0 la suite de la panne d\u2019\u00e9clairage qui a plong\u00e9 l\u2019a\u00e9roport international F\u00e9lix\u2011Houphou\u00ebt\u2011Boigny dans le noir, une confusion s\u2019est install\u00e9e sur les responsabilit\u00e9s r\u00e9elles de chacun des acteurs en pr\u00e9sence. Or, si AERIA, soci\u00e9t\u00e9 concessionnaire de droit ivoirien, g\u00e8re et exploite la plateforme a\u00e9roportuaire au titre d\u2019un contrat de service public avec l\u2019\u00c9tat, la ma\u00eetrise des syst\u00e8mes de balisage lumineux et de navigation, ainsi que la s\u00e9curit\u00e9 de la circulation des a\u00e9ronefs, rel\u00e8vent directement de l\u2019Agence pour la S\u00e9curit\u00e9 de la Navigation A\u00e9rienne en Afrique et \u00e0 Madagascar (ASECNA), organisme public international charg\u00e9 de ces missions dans plusieurs \u00c9tats africains, dont la C\u00f4te d\u2019Ivoire. Cette distinction est essentielle pour comprendre que l\u2019incident met d\u2019abord en cause la cha\u00eene technique et la communication de l\u2019ASECNA, qui facture les services de navigation et d\u2019\u00e9clairage \u00e0 chaque atterrissage, plut\u00f4t que la gestion quotidienne des terminaux et des infrastructures commerciales assur\u00e9e par AERIA.<\/p>\n<div>\n<h2 id=\"un-incident-qui-met-en-cause-lasecna\" class=\"font-editorial font-bold mb-2 mt-4 (.has-inline-images_&amp;):clear-end text-lg first:mt-0 md:text-lg (hr+&amp;):mt-4\">Un incident qui met en cause l\u2019ASECNA<\/h2>\n<p class=\"my-2 (&amp;+p):mt-4 (&amp;_strong:has(+br)):inline-block (&amp;_strong:has(+br)):pb-2\">Dimanche 5 avril 2026, une panne d\u2019\u00e9lectricit\u00e9 a bri\u00e8vement affect\u00e9 l\u2019a\u00e9roport international F\u00e9lix\u2011Houphou\u00ebt\u2011Boigny d\u2019Abidjan, perturbant le fonctionnement normal des installations dans l\u2019un des principaux hubs a\u00e9riens d\u2019Afrique de l\u2019Ouest. Au c\u0153ur de cet incident, un acteur cl\u00e9 reste jusqu\u2019ici silencieux.<\/p>\n<p class=\"my-2 (&amp;+p):mt-4 (&amp;_strong:has(+br)):inline-block (&amp;_strong:has(+br)):pb-2\">l\u2019Agence pour la S\u00e9curit\u00e9 de la Navigation A\u00e9rienne en Afrique et \u00e0 Madagascar (ASECNA), responsable de la gestion des aides \u00e0 la navigation et de l\u2019\u00e9clairage des pistes dans l\u2019espace a\u00e9rien r\u00e9gional.<\/p>\n<p class=\"my-2 (&amp;+p):mt-4 (&amp;_strong:has(+br)):inline-block (&amp;_strong:has(+br)):pb-2\">Cr\u00e9\u00e9e en 1959 et bas\u00e9e \u00e0 Dakar, l\u2019ASECNA est un organisme public international qui assure la s\u00e9curit\u00e9 de la navigation a\u00e9rienne dans 19 \u00c9tats membres (18 pays africains et la France), sur une superficie d\u2019environ 16,1 millions de km\u00b2 r\u00e9partie en six r\u00e9gions d\u2019information en vol. Elle est directement en charge, entre autres, des syst\u00e8mes lumineux qui guident atterrissages et d\u00e9collages dans les a\u00e9roports plac\u00e9s sous sa responsabilit\u00e9, dont Abidjan.<\/p>\n<p><img decoding=\"async\" class=\"sFlh5c FyHeAf iPVvYb\" src=\"https:\/\/www.cc3rivieres76.com\/blog\/wp-content\/uploads\/2026\/04\/aprnews-panne-delectricite-a-laeroport-fhb.jpg\" alt=\"L'a\u00e9roport international F\u00e9lix Houphou\u00ebt Boigny d'Abidjan, exploit\u00e9 par Egis, leader en mati\u00e8re de d\u00e9carbonation en Afrique\"><\/p>\n<h2 id=\"un-gestionnaire-daroport-injustement-mis-en-cause\" class=\"font-editorial font-bold mb-2 mt-4 (.has-inline-images_&amp;):clear-end text-lg first:mt-0 md:text-lg (hr+&amp;):mt-4\">Un gestionnaire d\u2019a\u00e9roport injustement mis en cause<\/h2>\n<p class=\"my-2 (&amp;+p):mt-4 (&amp;_strong:has(+br)):inline-block (&amp;_strong:has(+br)):pb-2\">Dans le cas de l\u2019incident survenu \u00e0 l\u2019a\u00e9roport FHB, tout indique que la panne ayant affect\u00e9 l\u2019\u00e9clairage de la piste rel\u00e8ve de la cha\u00eene technique plac\u00e9e sous la responsabilit\u00e9 op\u00e9rationnelle de l\u2019ASECNA. L\u2019exploitant de l\u2019a\u00e9roport, qui assure la gestion des terminaux, des services aux passagers et de nombreuses infrastructures au sol, n\u2019est en revanche pas le ma\u00eetre d\u2019\u0153uvre des installations de navigation a\u00e9rienne et des aides lumineuses qui garantissent la s\u00e9curit\u00e9 des mouvements d\u2019avions.<\/p>\n<p class=\"my-2 (&amp;+p):mt-4 (&amp;_strong:has(+br)):inline-block (&amp;_strong:has(+br)):pb-2\">En d\u2019autres termes, si la fourniture d\u2019\u00e9lectricit\u00e9 en amont d\u00e9pend du r\u00e9seau national, la continuit\u00e9 effective du service sur les syst\u00e8mes critiques de guidage et d\u2019\u00e9clairage rel\u00e8ve des proc\u00e9dures, de la redondance et de la maintenance mises en place par l\u2019ASECNA. Mettre en cause indistinctement \u00ab l\u2019a\u00e9roport \u00bb entretient une confusion qui dilue les responsabilit\u00e9s et emp\u00eache d\u2019interroger le bon acteur.<\/p>\n<h2 id=\"une-agence-qui-facture-mais-ne-parle-pas\" class=\"font-editorial font-bold mb-2 mt-4 (.has-inline-images_&amp;):clear-end text-lg first:mt-0 md:text-lg (hr+&amp;):mt-4\">Une agence qui facture\u2026 mais ne parle pas<\/h2>\n<p class=\"my-2 (&amp;+p):mt-4 (&amp;_strong:has(+br)):inline-block (&amp;_strong:has(+br)):pb-2\">L\u2019un des points qui choquent les professionnels comme les usagers est le contraste entre la capacit\u00e9 de l\u2019ASECNA \u00e0 facturer rigoureusement chaque atterrissage et chaque service de navigation, et son absence de communication publique apr\u00e8s un incident touchant l\u2019\u00e9clairage de piste. \u00c0 chaque mouvement d\u2019avion, des redevances sont per\u00e7ues au titre de la navigation a\u00e9rienne, dont une part est pr\u00e9cis\u00e9ment justifi\u00e9e par la disponibilit\u00e9 et la fiabilit\u00e9 des installations lumineuses.<\/p>\n<p class=\"my-2 (&amp;+p):mt-4 (&amp;_strong:has(+br)):inline-block (&amp;_strong:has(+br)):pb-2\">Dans ces conditions, le silence de l\u2019ASECNA apr\u00e8s une panne d\u2019une telle sensibilit\u00e9 interroge. Ni bulletin technique d\u00e9taill\u00e9, ni communiqu\u00e9 circonstanci\u00e9 expliquant l\u2019origine de l\u2019incident, les dispositifs de secours, la dur\u00e9e exacte de la perturbation et les mesures correctives engag\u00e9es n\u2019ont \u00e9t\u00e9 rendus publics \u00e0 ce stade. Cette absence de transparence fragilise la confiance des compagnies, des \u00e9quipages et des passagers dans un dispositif cens\u00e9 \u00eatre r\u00e9gi par une culture de la s\u00e9curit\u00e9 et de la pr\u00e9vention des risques.<\/p>\n<h2 id=\"un-enjeu-de-scurit-et-de-gouvernance\" class=\"font-editorial font-bold mb-2 mt-4 (.has-inline-images_&amp;):clear-end text-lg first:mt-0 md:text-lg (hr+&amp;):mt-4\">Un enjeu de s\u00e9curit\u00e9 et de gouvernance<\/h2>\n<p class=\"my-2 (&amp;+p):mt-4 (&amp;_strong:has(+br)):inline-block (&amp;_strong:has(+br)):pb-2\">L\u2019\u00e9clairage de piste ne constitue pas un simple confort visuel, mais un \u00e9l\u00e9ment central de la s\u00e9curit\u00e9 a\u00e9rienne, notamment en phase d\u2019atterrissage et de d\u00e9collage de nuit ou par visibilit\u00e9 r\u00e9duite. Qu\u2019une panne survienne peut relever d\u2019un al\u00e9a technique ; qu\u2019elle ne soit pas accompagn\u00e9e d\u2019une communication claire, structur\u00e9e et assum\u00e9e par l\u2019autorit\u00e9 responsable est, en revanche, un probl\u00e8me de gouvernance.<\/p>\n<p class=\"my-2 (&amp;+p):mt-4 (&amp;_strong:has(+br)):inline-block (&amp;_strong:has(+br)):pb-2\">Dans un environnement o\u00f9 l\u2019a\u00e9roport d\u2019Abidjan aspire au statut de hub r\u00e9gional de r\u00e9f\u00e9rence, il est l\u00e9gitime d\u2019exiger de l\u2019ASECNA le m\u00eame niveau d\u2019explication et de reddition de comptes que celui attendu de toute autorit\u00e9 de l\u2019aviation civile moderne. Cela implique non seulement de pr\u00e9ciser le r\u00f4le r\u00e9el de chaque acteur r\u00e9seau \u00e9lectrique national, exploitant de l\u2019a\u00e9roport, ASECNA &nbsp;mais aussi d\u2019assumer publiquement, le cas \u00e9ch\u00e9ant, les failles de sa propre cha\u00eene de responsabilit\u00e9.<\/p>\n<h2 id=\"pour-une-clarification-urgente-des-responsabilits\" class=\"font-editorial font-bold mb-2 mt-4 (.has-inline-images_&amp;):clear-end text-lg first:mt-0 md:text-lg (hr+&amp;):mt-4\">Pour une clarification urgente des responsabilit\u00e9s<\/h2>\n<p class=\"my-2 (&amp;+p):mt-4 (&amp;_strong:has(+br)):inline-block (&amp;_strong:has(+br)):pb-2\">L\u2019incident du 5 avril doit donc servir de d\u00e9clencheur \u00e0 une clarification nette des responsabilit\u00e9s entre les diff\u00e9rents intervenants autour de l\u2019a\u00e9roport FHB. L\u2019exploitant de la plateforme ne peut \u00eatre tenu pour responsable de d\u00e9faillances sur des \u00e9quipements dont la conception, la gestion et la surveillance rel\u00e8vent d\u2019une agence technique internationale dot\u00e9e de moyens, d\u2019un mandat pr\u00e9cis et de ressources financi\u00e8res issues des redevances de navigation.<\/p>\n<p class=\"my-2 (&amp;+p):mt-4 (&amp;_strong:has(+br)):inline-block (&amp;_strong:has(+br)):pb-2\">En refusant de se retrancher derri\u00e8re le flou et en interpellant directement l\u2019ASECNA sur son absence de communication, il devient possible de replacer le d\u00e9bat l\u00e0 o\u00f9 il doit \u00eatre sur la s\u00e9curit\u00e9 des vols, la fiabilit\u00e9 des aides \u00e0 la navigation et l\u2019obligation de transparence qui incombe \u00e0 toute structure qui encaisse, au nom de la s\u00e9curit\u00e9, des redevances \u00e0 chaque atterrissage.<\/p>\n<\/div>\n<p>.\n<\/p>\n<h2>Les pannes d\u2019\u00e9clairage public : un probl\u00e8me \u00e0 anticiper et r\u00e9soudre<\/h2>\n<h3>Quand la lumi\u00e8re s\u2019\u00e9teint : les enjeux des coupures d\u2019\u00e9clairage<\/h3>\n<p>Les pannes d\u2019\u00e9clairage public ont de nombreuses r\u00e9percussions, augmentant les dangers pour les pi\u00e9tons et les conducteurs, surtout dans les zones \u00e0 forte affluence ou pr\u00e8s des passages pi\u00e9tons. Elles d\u00e9t\u00e9riorent aussi la qualit\u00e9 de vie en diminuant la s\u00e9curit\u00e9 per\u00e7ue et l\u2019attractivit\u00e9 des lieux publics. En outre, elles affectent les finances des collectivit\u00e9s, car une intervention tardive engendre souvent des frais plus importants que les r\u00e9parations pr\u00e9ventives. Ces d\u00e9faillances contribuent aussi \u00e0 un gaspillage \u00e9nerg\u00e9tique, de nombreux dysfonctionnements \u00e9tant dus \u00e0 un \u00e9quipement v\u00e9tuste ou mal entretenu.<\/p>\n<h3>Avec AppliJeSignale, signalez et g\u00e9rez facilement les pannes<\/h3>\n<p>Il est crucial de disposer d\u2019un outil de signalement r\u00e9actif face \u00e0 ces d\u00e9fis. AppliJeSignale se distingue en tant que solution innovante, permettant aux citoyens de signaler facilement une panne d\u2019\u00e9clairage public, sans n\u00e9cessiter de t\u00e9l\u00e9chargement ou d\u2019inscription. Une ville bien \u00e9clair\u00e9e r\u00e9duit les risques d\u2019accidents et am\u00e9liore la qualit\u00e9 de vie. Pour signaler un dysfonctionnement, utilisez<a href=\"https:\/\/www.applijesignale.fr\/\" rel=\"noopener noreferrer nofollow\" target=\"_blank\"> cette plateforme <\/a>et contribuez \u00e0 un meilleur service public.<\/p>\n<h3>Comprendre le fonctionnement d\u2019AppliJeSignale<\/h3>\n<p>AppliJeSignale vous simplifie la t\u00e2che. Il n\u2019y a ni installation ni cr\u00e9ation de compte \u00e0 faire. Acc\u00e9dez directement au site depuis votre t\u00e9l\u00e9phone ou votre ordinateur, signalez la panne en quelques clics, et envoyez l\u2019information aux services comp\u00e9tents. Un suivi vous permet de savoir si votre signalement a \u00e9t\u00e9 pris en compte et de suivre l\u2019\u00e9volution des r\u00e9parations.<\/p>\n<h3>Une plateforme b\u00e9n\u00e9fique pour les citoyens et les collectivit\u00e9s locales<\/h3>\n<p>En utilisant AppliJeSignale, les collectivit\u00e9s peuvent intervenir plus rapidement, ce qui permet de limiter les risques pour la s\u00e9curit\u00e9 publique. L\u2019outil permet \u00e9galement d\u2019optimiser les co\u00fbts en d\u00e9tectant rapidement les pannes et en \u00e9vitant des r\u00e9parations inutiles. De plus, il permet aux citoyens de jouer un r\u00f4le actif en signalant les pannes, contribuant ainsi \u00e0 une gestion plus efficace des espaces publics.<\/p>\n<h3>S\u00e9curit\u00e9 et \u00e9clairage public : un duo indispensable<\/h3>\n<p>L\u2019\u00e9clairage public est fondamental pour assurer la s\u00e9curit\u00e9 des trajets nocturnes et le bien-\u00eatre des citoyens. Il aide \u00e0 \u00e9viter les accidents et \u00e0 limiter la d\u00e9linquance. Cependant, les d\u00e9faillances de l\u2019\u00e9clairage restent un d\u00e9fi qui perturbe la gestion de la ville et la vie quotidienne des habitants.<\/p>\n<h3>Un \u00e9clairage public durable pour des villes plus intelligentes<\/h3>\n<p>Afin d\u2019am\u00e9liorer la gestion des pannes d\u2019\u00e9clairage public, les villes doivent se tourner vers des solutions plus intelligentes et durables. L\u2019\u00e9clairage LED, qui consomme moins d\u2019\u00e9nergie et dure plus longtemps, est une premi\u00e8re r\u00e9ponse efficace. Les capteurs intelligents ajustent l\u2019intensit\u00e9 lumineuse en fonction de la fr\u00e9quentation des espaces publics, tandis que les syst\u00e8mes de gestion \u00e0 distance permettent de surveiller le r\u00e9seau en temps r\u00e9el. Cette gestion optimis\u00e9e permet de r\u00e9duire les co\u00fbts, de renforcer la s\u00e9curit\u00e9 et de pr\u00e9server l\u2019environnement. AppliJeSignale est un outil indispensable pour soutenir cette transition vers un \u00e9clairage plus responsable. L\u2019\u00e9clairage public a bien \u00e9volu\u00e9 depuis l\u2019\u00e9poque des lanternes \u00e0 gaz. \u00c0 l\u2019heure actuelle, l\u2019\u00e9lectricit\u00e9 est la norme, et certaines grandes villes, comme Paris, \u00e9clairent leurs rues en permanence. Cependant, pour des raisons d\u2019\u00e9conomies d\u2019\u00e9nergie, beaucoup de communes utilisent des dispositifs \u00e0 minuterie et des lampes \u00e0 intensit\u00e9 variable. Le code du travail impose \u00e9galement des r\u00e8gles de s\u00e9curit\u00e9 pour les lampadaires urbains.\n<\/p>\n<p>\n<br \/><a href=\"http:\/\/www.bing.com\/news\/apiclick.aspx?ref=FexRss&amp;aid=&amp;tid=69d6a7c6599b4a89a7b0d9224caf4d1c&amp;url=https%3A%2F%2Fapr-news.fr%2Faprnews-panne-delectricite-a-laeroport-fhb-lasecna-encaisse-lasecna-se-tait%2F&amp;c=7674904670029025405&amp;mkt=fr-fr\">Source link <\/a><\/p>\n<p>#APRNEWS #Panne #d\u00e9lectricit\u00e9 #la\u00e9roport #FHB<\/p>\n<p> Cet article, qui traite du th\u00e8me \u00ab\u00a0Les 3 rivi\u00e8res dans la Somme\u00a0\u00bb, vous est sp\u00e9cialement sugg\u00e9r\u00e9 par cc3rivieres76.com. La chronique est reproduite du mieux possible. Dans le cas o\u00f9 vous souhaitez apporter quelques pr\u00e9cisions concernant le domaine de \u00ab\u00a0Les 3 rivi\u00e8res dans la Somme\u00a0\u00bb vous pouvez solliciter notre r\u00e9daction. La destination de cc3rivieres76.com est de d\u00e9battre de Les 3 rivi\u00e8res dans la Somme dans la transparence en vous apportant la connaissance de tout ce qui est en lien avec ce sujet sur la toile Connectez-vous sur notre site cc3rivieres76.com et nos r\u00e9seaux sociaux dans le but d\u2019\u00eatre inform\u00e9 des futures publications.<\/p>\n","protected":false},"excerpt":{"rendered":"<p>Le nom de l\u2019article est : APRNEWS: Panne d\u2019\u00e9lectricit\u00e9 \u00e0 l\u2019a\u00e9roport FHB \u00c0 la suite de la panne d\u2019\u00e9clairage qui a plong\u00e9 l\u2019a\u00e9roport international F\u00e9lix\u2011Houphou\u00ebt\u2011Boigny dans le noir, une confusion s\u2019est install\u00e9e sur les responsabilit\u00e9s r\u00e9elles de chacun des acteurs en pr\u00e9sence. Or, si AERIA, soci\u00e9t\u00e9 concessionnaire de droit ivoirien, g\u00e8re et exploite la plateforme &hellip; <\/p>\n<p class=\"link-more\"><a href=\"https:\/\/www.cc3rivieres76.com\/blog\/aprnews-panne-delectricite-a-laeroport-fhb\/\" class=\"more-link\">Continuer la lecture <span class=\"screen-reader-text\"> \u00ab\u00a0APRNEWS: Panne d\u2019\u00e9lectricit\u00e9 \u00e0 l\u2019a\u00e9roport FHB\u00a0\u00bb<\/span><\/a><\/p>\n","protected":false},"author":3,"featured_media":1327,"comment_status":"closed","ping_status":"closed","sticky":false,"template":"","format":"standard","meta":{"footnotes":""},"categories":[2],"tags":[],"class_list":["post-1326","post","type-post","status-publish","format-standard","has-post-thumbnail","hentry","category-les-3-rivieres-dans-la-somme","entry"],"yoast_head":"<!-- This site is optimized with the Yoast SEO plugin v27.5 - https:\/\/yoast.com\/product\/yoast-seo-wordpress\/ -->\n<title>APRNEWS: Panne d\u2019\u00e9lectricit\u00e9 \u00e0 l\u2019a\u00e9roport FHB - CC3RIVIERES76<\/title>\n<meta name=\"robots\" content=\"index, follow, max-snippet:-1, max-image-preview:large, max-video-preview:-1\" \/>\n<link rel=\"canonical\" href=\"https:\/\/www.cc3rivieres76.com\/blog\/aprnews-panne-delectricite-a-laeroport-fhb\/\" \/>\n<meta property=\"og:locale\" content=\"fr_FR\" \/>\n<meta property=\"og:type\" content=\"article\" \/>\n<meta property=\"og:title\" content=\"APRNEWS: Panne d\u2019\u00e9lectricit\u00e9 \u00e0 l\u2019a\u00e9roport FHB - CC3RIVIERES76\" \/>\n<meta property=\"og:description\" content=\"Le nom de l\u2019article est : APRNEWS: Panne d\u2019\u00e9lectricit\u00e9 \u00e0 l\u2019a\u00e9roport FHB \u00c0 la suite de la panne d\u2019\u00e9clairage qui a plong\u00e9 l\u2019a\u00e9roport international F\u00e9lix\u2011Houphou\u00ebt\u2011Boigny dans le noir, une confusion s\u2019est install\u00e9e sur les responsabilit\u00e9s r\u00e9elles de chacun des acteurs en pr\u00e9sence. Or, si AERIA, soci\u00e9t\u00e9 concessionnaire de droit ivoirien, g\u00e8re et exploite la plateforme &hellip; Continuer la lecture \u00ab\u00a0APRNEWS: Panne d\u2019\u00e9lectricit\u00e9 \u00e0 l\u2019a\u00e9roport FHB\u00a0\u00bb\" \/>\n<meta property=\"og:url\" content=\"https:\/\/www.cc3rivieres76.com\/blog\/aprnews-panne-delectricite-a-laeroport-fhb\/\" \/>\n<meta property=\"og:site_name\" content=\"CC3RIVIERES76\" \/>\n<meta property=\"article:published_time\" content=\"2026-04-08T07:41:00+00:00\" \/>\n<meta property=\"og:image\" content=\"https:\/\/www.cc3rivieres76.com\/blog\/wp-content\/uploads\/2026\/04\/aprnews-panne-delectricite-a-laeroport-fhb.jpg\" \/>\n<meta name=\"author\" content=\"Sylvie DE LAUZAINGHEIN\" \/>\n<meta name=\"twitter:card\" content=\"summary_large_image\" \/>\n<meta name=\"twitter:label1\" content=\"\u00c9crit par\" \/>\n\t<meta name=\"twitter:data1\" content=\"Sylvie DE LAUZAINGHEIN\" \/>\n\t<meta name=\"twitter:label2\" content=\"Dur\u00e9e de lecture estim\u00e9e\" \/>\n\t<meta name=\"twitter:data2\" content=\"9 minutes\" \/>\n<script type=\"application\/ld+json\" class=\"yoast-schema-graph\">{\"@context\":\"https:\\\/\\\/schema.org\",\"@graph\":[{\"@type\":\"Article\",\"@id\":\"https:\\\/\\\/www.cc3rivieres76.com\\\/blog\\\/aprnews-panne-delectricite-a-laeroport-fhb\\\/#article\",\"isPartOf\":{\"@id\":\"https:\\\/\\\/www.cc3rivieres76.com\\\/blog\\\/aprnews-panne-delectricite-a-laeroport-fhb\\\/\"},\"author\":{\"name\":\"Sylvie DE LAUZAINGHEIN\",\"@id\":\"https:\\\/\\\/www.cc3rivieres76.com\\\/blog\\\/#\\\/schema\\\/person\\\/474d457fb7747b5218f39792dfaa5a1c\"},\"headline\":\"APRNEWS: Panne d\u2019\u00e9lectricit\u00e9 \u00e0 l\u2019a\u00e9roport FHB\",\"datePublished\":\"2026-04-08T07:41:00+00:00\",\"mainEntityOfPage\":{\"@id\":\"https:\\\/\\\/www.cc3rivieres76.com\\\/blog\\\/aprnews-panne-delectricite-a-laeroport-fhb\\\/\"},\"wordCount\":1795,\"publisher\":{\"@id\":\"https:\\\/\\\/www.cc3rivieres76.com\\\/blog\\\/#organization\"},\"image\":{\"@id\":\"https:\\\/\\\/www.cc3rivieres76.com\\\/blog\\\/aprnews-panne-delectricite-a-laeroport-fhb\\\/#primaryimage\"},\"thumbnailUrl\":\"https:\\\/\\\/www.cc3rivieres76.com\\\/blog\\\/wp-content\\\/uploads\\\/2026\\\/04\\\/aprnews-panne-delectricite-a-laeroport-fhb.jpg\",\"articleSection\":[\"Les 3 Rivi\u00e8res Dans La Somme:\"],\"inLanguage\":\"fr-FR\"},{\"@type\":\"WebPage\",\"@id\":\"https:\\\/\\\/www.cc3rivieres76.com\\\/blog\\\/aprnews-panne-delectricite-a-laeroport-fhb\\\/\",\"url\":\"https:\\\/\\\/www.cc3rivieres76.com\\\/blog\\\/aprnews-panne-delectricite-a-laeroport-fhb\\\/\",\"name\":\"APRNEWS: Panne d\u2019\u00e9lectricit\u00e9 \u00e0 l\u2019a\u00e9roport FHB - CC3RIVIERES76\",\"isPartOf\":{\"@id\":\"https:\\\/\\\/www.cc3rivieres76.com\\\/blog\\\/#website\"},\"primaryImageOfPage\":{\"@id\":\"https:\\\/\\\/www.cc3rivieres76.com\\\/blog\\\/aprnews-panne-delectricite-a-laeroport-fhb\\\/#primaryimage\"},\"image\":{\"@id\":\"https:\\\/\\\/www.cc3rivieres76.com\\\/blog\\\/aprnews-panne-delectricite-a-laeroport-fhb\\\/#primaryimage\"},\"thumbnailUrl\":\"https:\\\/\\\/www.cc3rivieres76.com\\\/blog\\\/wp-content\\\/uploads\\\/2026\\\/04\\\/aprnews-panne-delectricite-a-laeroport-fhb.jpg\",\"datePublished\":\"2026-04-08T07:41:00+00:00\",\"breadcrumb\":{\"@id\":\"https:\\\/\\\/www.cc3rivieres76.com\\\/blog\\\/aprnews-panne-delectricite-a-laeroport-fhb\\\/#breadcrumb\"},\"inLanguage\":\"fr-FR\",\"potentialAction\":[{\"@type\":\"ReadAction\",\"target\":[\"https:\\\/\\\/www.cc3rivieres76.com\\\/blog\\\/aprnews-panne-delectricite-a-laeroport-fhb\\\/\"]}]},{\"@type\":\"ImageObject\",\"inLanguage\":\"fr-FR\",\"@id\":\"https:\\\/\\\/www.cc3rivieres76.com\\\/blog\\\/aprnews-panne-delectricite-a-laeroport-fhb\\\/#primaryimage\",\"url\":\"https:\\\/\\\/www.cc3rivieres76.com\\\/blog\\\/wp-content\\\/uploads\\\/2026\\\/04\\\/aprnews-panne-delectricite-a-laeroport-fhb.jpg\",\"contentUrl\":\"https:\\\/\\\/www.cc3rivieres76.com\\\/blog\\\/wp-content\\\/uploads\\\/2026\\\/04\\\/aprnews-panne-delectricite-a-laeroport-fhb.jpg\",\"width\":1100,\"height\":800,\"caption\":\"APRNEWS: Panne d\u2019\u00e9lectricit\u00e9 \u00e0 l\u2019a\u00e9roport FHB\"},{\"@type\":\"BreadcrumbList\",\"@id\":\"https:\\\/\\\/www.cc3rivieres76.com\\\/blog\\\/aprnews-panne-delectricite-a-laeroport-fhb\\\/#breadcrumb\",\"itemListElement\":[{\"@type\":\"ListItem\",\"position\":1,\"name\":\"Accueil\",\"item\":\"https:\\\/\\\/www.cc3rivieres76.com\\\/blog\\\/\"},{\"@type\":\"ListItem\",\"position\":2,\"name\":\"APRNEWS: Panne d\u2019\u00e9lectricit\u00e9 \u00e0 l\u2019a\u00e9roport FHB\"}]},{\"@type\":\"WebSite\",\"@id\":\"https:\\\/\\\/www.cc3rivieres76.com\\\/blog\\\/#website\",\"url\":\"https:\\\/\\\/www.cc3rivieres76.com\\\/blog\\\/\",\"name\":\"CC3RIVIERES76\",\"description\":\"Les 3 rivi\u00e8res dans la Somme.\",\"publisher\":{\"@id\":\"https:\\\/\\\/www.cc3rivieres76.com\\\/blog\\\/#organization\"},\"potentialAction\":[{\"@type\":\"SearchAction\",\"target\":{\"@type\":\"EntryPoint\",\"urlTemplate\":\"https:\\\/\\\/www.cc3rivieres76.com\\\/blog\\\/?s={search_term_string}\"},\"query-input\":{\"@type\":\"PropertyValueSpecification\",\"valueRequired\":true,\"valueName\":\"search_term_string\"}}],\"inLanguage\":\"fr-FR\"},{\"@type\":\"Organization\",\"@id\":\"https:\\\/\\\/www.cc3rivieres76.com\\\/blog\\\/#organization\",\"name\":\"cc3rivieres76\",\"url\":\"https:\\\/\\\/www.cc3rivieres76.com\\\/blog\\\/\",\"logo\":{\"@type\":\"ImageObject\",\"inLanguage\":\"fr-FR\",\"@id\":\"https:\\\/\\\/www.cc3rivieres76.com\\\/blog\\\/#\\\/schema\\\/logo\\\/image\\\/\",\"url\":\"https:\\\/\\\/www.cc3rivieres76.com\\\/blog\\\/wp-content\\\/uploads\\\/2023\\\/06\\\/logo-2.png\",\"contentUrl\":\"https:\\\/\\\/www.cc3rivieres76.com\\\/blog\\\/wp-content\\\/uploads\\\/2023\\\/06\\\/logo-2.png\",\"width\":390,\"height\":388,\"caption\":\"cc3rivieres76\"},\"image\":{\"@id\":\"https:\\\/\\\/www.cc3rivieres76.com\\\/blog\\\/#\\\/schema\\\/logo\\\/image\\\/\"}},{\"@type\":\"Person\",\"@id\":\"https:\\\/\\\/www.cc3rivieres76.com\\\/blog\\\/#\\\/schema\\\/person\\\/474d457fb7747b5218f39792dfaa5a1c\",\"name\":\"Sylvie DE LAUZAINGHEIN\",\"image\":{\"@type\":\"ImageObject\",\"inLanguage\":\"fr-FR\",\"@id\":\"https:\\\/\\\/secure.gravatar.com\\\/avatar\\\/9c6a53b19e0a3431aa80de0895b9729fe665cd7e7d6cc94fc11abb152f4237d7?s=96&d=mm&r=g\",\"url\":\"https:\\\/\\\/secure.gravatar.com\\\/avatar\\\/9c6a53b19e0a3431aa80de0895b9729fe665cd7e7d6cc94fc11abb152f4237d7?s=96&d=mm&r=g\",\"contentUrl\":\"https:\\\/\\\/secure.gravatar.com\\\/avatar\\\/9c6a53b19e0a3431aa80de0895b9729fe665cd7e7d6cc94fc11abb152f4237d7?s=96&d=mm&r=g\",\"caption\":\"Sylvie DE LAUZAINGHEIN\"},\"url\":\"https:\\\/\\\/www.cc3rivieres76.com\\\/blog\\\/author\\\/s76sylvie\\\/\"}]}<\/script>\n<!-- \/ Yoast SEO plugin. -->","yoast_head_json":{"title":"APRNEWS: Panne d\u2019\u00e9lectricit\u00e9 \u00e0 l\u2019a\u00e9roport FHB - CC3RIVIERES76","robots":{"index":"index","follow":"follow","max-snippet":"max-snippet:-1","max-image-preview":"max-image-preview:large","max-video-preview":"max-video-preview:-1"},"canonical":"https:\/\/www.cc3rivieres76.com\/blog\/aprnews-panne-delectricite-a-laeroport-fhb\/","og_locale":"fr_FR","og_type":"article","og_title":"APRNEWS: Panne d\u2019\u00e9lectricit\u00e9 \u00e0 l\u2019a\u00e9roport FHB - CC3RIVIERES76","og_description":"Le nom de l\u2019article est : APRNEWS: Panne d\u2019\u00e9lectricit\u00e9 \u00e0 l\u2019a\u00e9roport FHB \u00c0 la suite de la panne d\u2019\u00e9clairage qui a plong\u00e9 l\u2019a\u00e9roport international F\u00e9lix\u2011Houphou\u00ebt\u2011Boigny dans le noir, une confusion s\u2019est install\u00e9e sur les responsabilit\u00e9s r\u00e9elles de chacun des acteurs en pr\u00e9sence. Or, si AERIA, soci\u00e9t\u00e9 concessionnaire de droit ivoirien, g\u00e8re et exploite la plateforme &hellip; Continuer la lecture \u00ab\u00a0APRNEWS: Panne d\u2019\u00e9lectricit\u00e9 \u00e0 l\u2019a\u00e9roport FHB\u00a0\u00bb","og_url":"https:\/\/www.cc3rivieres76.com\/blog\/aprnews-panne-delectricite-a-laeroport-fhb\/","og_site_name":"CC3RIVIERES76","article_published_time":"2026-04-08T07:41:00+00:00","og_image":[{"url":"https:\/\/www.cc3rivieres76.com\/blog\/wp-content\/uploads\/2026\/04\/aprnews-panne-delectricite-a-laeroport-fhb.jpg","type":"","width":"","height":""}],"author":"Sylvie DE LAUZAINGHEIN","twitter_card":"summary_large_image","twitter_misc":{"\u00c9crit par":"Sylvie DE LAUZAINGHEIN","Dur\u00e9e de lecture estim\u00e9e":"9 minutes"},"schema":{"@context":"https:\/\/schema.org","@graph":[{"@type":"Article","@id":"https:\/\/www.cc3rivieres76.com\/blog\/aprnews-panne-delectricite-a-laeroport-fhb\/#article","isPartOf":{"@id":"https:\/\/www.cc3rivieres76.com\/blog\/aprnews-panne-delectricite-a-laeroport-fhb\/"},"author":{"name":"Sylvie DE LAUZAINGHEIN","@id":"https:\/\/www.cc3rivieres76.com\/blog\/#\/schema\/person\/474d457fb7747b5218f39792dfaa5a1c"},"headline":"APRNEWS: Panne d\u2019\u00e9lectricit\u00e9 \u00e0 l\u2019a\u00e9roport FHB","datePublished":"2026-04-08T07:41:00+00:00","mainEntityOfPage":{"@id":"https:\/\/www.cc3rivieres76.com\/blog\/aprnews-panne-delectricite-a-laeroport-fhb\/"},"wordCount":1795,"publisher":{"@id":"https:\/\/www.cc3rivieres76.com\/blog\/#organization"},"image":{"@id":"https:\/\/www.cc3rivieres76.com\/blog\/aprnews-panne-delectricite-a-laeroport-fhb\/#primaryimage"},"thumbnailUrl":"https:\/\/www.cc3rivieres76.com\/blog\/wp-content\/uploads\/2026\/04\/aprnews-panne-delectricite-a-laeroport-fhb.jpg","articleSection":["Les 3 Rivi\u00e8res Dans La Somme:"],"inLanguage":"fr-FR"},{"@type":"WebPage","@id":"https:\/\/www.cc3rivieres76.com\/blog\/aprnews-panne-delectricite-a-laeroport-fhb\/","url":"https:\/\/www.cc3rivieres76.com\/blog\/aprnews-panne-delectricite-a-laeroport-fhb\/","name":"APRNEWS: Panne d\u2019\u00e9lectricit\u00e9 \u00e0 l\u2019a\u00e9roport FHB - CC3RIVIERES76","isPartOf":{"@id":"https:\/\/www.cc3rivieres76.com\/blog\/#website"},"primaryImageOfPage":{"@id":"https:\/\/www.cc3rivieres76.com\/blog\/aprnews-panne-delectricite-a-laeroport-fhb\/#primaryimage"},"image":{"@id":"https:\/\/www.cc3rivieres76.com\/blog\/aprnews-panne-delectricite-a-laeroport-fhb\/#primaryimage"},"thumbnailUrl":"https:\/\/www.cc3rivieres76.com\/blog\/wp-content\/uploads\/2026\/04\/aprnews-panne-delectricite-a-laeroport-fhb.jpg","datePublished":"2026-04-08T07:41:00+00:00","breadcrumb":{"@id":"https:\/\/www.cc3rivieres76.com\/blog\/aprnews-panne-delectricite-a-laeroport-fhb\/#breadcrumb"},"inLanguage":"fr-FR","potentialAction":[{"@type":"ReadAction","target":["https:\/\/www.cc3rivieres76.com\/blog\/aprnews-panne-delectricite-a-laeroport-fhb\/"]}]},{"@type":"ImageObject","inLanguage":"fr-FR","@id":"https:\/\/www.cc3rivieres76.com\/blog\/aprnews-panne-delectricite-a-laeroport-fhb\/#primaryimage","url":"https:\/\/www.cc3rivieres76.com\/blog\/wp-content\/uploads\/2026\/04\/aprnews-panne-delectricite-a-laeroport-fhb.jpg","contentUrl":"https:\/\/www.cc3rivieres76.com\/blog\/wp-content\/uploads\/2026\/04\/aprnews-panne-delectricite-a-laeroport-fhb.jpg","width":1100,"height":800,"caption":"APRNEWS: Panne d\u2019\u00e9lectricit\u00e9 \u00e0 l\u2019a\u00e9roport FHB"},{"@type":"BreadcrumbList","@id":"https:\/\/www.cc3rivieres76.com\/blog\/aprnews-panne-delectricite-a-laeroport-fhb\/#breadcrumb","itemListElement":[{"@type":"ListItem","position":1,"name":"Accueil","item":"https:\/\/www.cc3rivieres76.com\/blog\/"},{"@type":"ListItem","position":2,"name":"APRNEWS: Panne d\u2019\u00e9lectricit\u00e9 \u00e0 l\u2019a\u00e9roport FHB"}]},{"@type":"WebSite","@id":"https:\/\/www.cc3rivieres76.com\/blog\/#website","url":"https:\/\/www.cc3rivieres76.com\/blog\/","name":"CC3RIVIERES76","description":"Les 3 rivi\u00e8res dans la Somme.","publisher":{"@id":"https:\/\/www.cc3rivieres76.com\/blog\/#organization"},"potentialAction":[{"@type":"SearchAction","target":{"@type":"EntryPoint","urlTemplate":"https:\/\/www.cc3rivieres76.com\/blog\/?s={search_term_string}"},"query-input":{"@type":"PropertyValueSpecification","valueRequired":true,"valueName":"search_term_string"}}],"inLanguage":"fr-FR"},{"@type":"Organization","@id":"https:\/\/www.cc3rivieres76.com\/blog\/#organization","name":"cc3rivieres76","url":"https:\/\/www.cc3rivieres76.com\/blog\/","logo":{"@type":"ImageObject","inLanguage":"fr-FR","@id":"https:\/\/www.cc3rivieres76.com\/blog\/#\/schema\/logo\/image\/","url":"https:\/\/www.cc3rivieres76.com\/blog\/wp-content\/uploads\/2023\/06\/logo-2.png","contentUrl":"https:\/\/www.cc3rivieres76.com\/blog\/wp-content\/uploads\/2023\/06\/logo-2.png","width":390,"height":388,"caption":"cc3rivieres76"},"image":{"@id":"https:\/\/www.cc3rivieres76.com\/blog\/#\/schema\/logo\/image\/"}},{"@type":"Person","@id":"https:\/\/www.cc3rivieres76.com\/blog\/#\/schema\/person\/474d457fb7747b5218f39792dfaa5a1c","name":"Sylvie DE LAUZAINGHEIN","image":{"@type":"ImageObject","inLanguage":"fr-FR","@id":"https:\/\/secure.gravatar.com\/avatar\/9c6a53b19e0a3431aa80de0895b9729fe665cd7e7d6cc94fc11abb152f4237d7?s=96&d=mm&r=g","url":"https:\/\/secure.gravatar.com\/avatar\/9c6a53b19e0a3431aa80de0895b9729fe665cd7e7d6cc94fc11abb152f4237d7?s=96&d=mm&r=g","contentUrl":"https:\/\/secure.gravatar.com\/avatar\/9c6a53b19e0a3431aa80de0895b9729fe665cd7e7d6cc94fc11abb152f4237d7?s=96&d=mm&r=g","caption":"Sylvie DE LAUZAINGHEIN"},"url":"https:\/\/www.cc3rivieres76.com\/blog\/author\/s76sylvie\/"}]}},"_links":{"self":[{"href":"https:\/\/www.cc3rivieres76.com\/blog\/wp-json\/wp\/v2\/posts\/1326","targetHints":{"allow":["GET"]}}],"collection":[{"href":"https:\/\/www.cc3rivieres76.com\/blog\/wp-json\/wp\/v2\/posts"}],"about":[{"href":"https:\/\/www.cc3rivieres76.com\/blog\/wp-json\/wp\/v2\/types\/post"}],"author":[{"embeddable":true,"href":"https:\/\/www.cc3rivieres76.com\/blog\/wp-json\/wp\/v2\/users\/3"}],"replies":[{"embeddable":true,"href":"https:\/\/www.cc3rivieres76.com\/blog\/wp-json\/wp\/v2\/comments?post=1326"}],"version-history":[{"count":0,"href":"https:\/\/www.cc3rivieres76.com\/blog\/wp-json\/wp\/v2\/posts\/1326\/revisions"}],"wp:featuredmedia":[{"embeddable":true,"href":"https:\/\/www.cc3rivieres76.com\/blog\/wp-json\/wp\/v2\/media\/1327"}],"wp:attachment":[{"href":"https:\/\/www.cc3rivieres76.com\/blog\/wp-json\/wp\/v2\/media?parent=1326"}],"wp:term":[{"taxonomy":"category","embeddable":true,"href":"https:\/\/www.cc3rivieres76.com\/blog\/wp-json\/wp\/v2\/categories?post=1326"},{"taxonomy":"post_tag","embeddable":true,"href":"https:\/\/www.cc3rivieres76.com\/blog\/wp-json\/wp\/v2\/tags?post=1326"}],"curies":[{"name":"wp","href":"https:\/\/api.w.org\/{rel}","templated":true}]}}