{"id":1328,"date":"2026-04-10T12:13:00","date_gmt":"2026-04-10T10:13:00","guid":{"rendered":"https:\/\/www.site.cdcl.xyz\/2026\/04\/10\/a-thouars-des-conteneurs-enterres-mis-en-service-place-lavault\/"},"modified":"2026-04-10T12:13:00","modified_gmt":"2026-04-10T10:13:00","slug":"a-thouars-des-conteneurs-enterres-mis-en-service-place-lavault","status":"publish","type":"post","link":"https:\/\/www.cc3rivieres76.com\/blog\/a-thouars-des-conteneurs-enterres-mis-en-service-place-lavault\/","title":{"rendered":"\u00c0 Thouars, des conteneurs enterr\u00e9s mis en service place Lavault"},"content":{"rendered":"<br \/>\n<h2>\nVoici le nom de cet article : \u00c0 Thouars, des conteneurs enterr\u00e9s mis en service place Lavault<br \/>\n<\/h2>\n<div data-testid=\"contenu-article\">\n<p>Sur la place Lavault de Thouars nouvellement r\u00e9am\u00e9nag\u00e9e, et <a rel=\"nofollow\" target=\"_self\" href=\"https:\/\/www.lanouvellerepublique.fr\/thouars\/c-est-mieux-pour-les-affaires-apres-la-galere-des-travaux-le-marche-de-thouars-plebiscite-sur-la-nouvelle-place-lavault-1775235665\">qui a accueilli ses premiers march\u00e9s<\/a>des conteneurs enterr\u00e9s destin\u00e9s \u00e0 la collecte des d\u00e9chets ont \u00e9t\u00e9 mis en service, jeudi 9&nbsp;avril 2026.<\/p>\n<aside class=\"block dfp blocDFP_dfpCLS__p919M blocDFP_In_Article_1_Height__JVzHJ blocDFP_antiCrop__VeOe3\" aria-label=\"publicit\u00e9\">\n<p>Huit conteneurs install\u00e9s en face du magasin Utile, et qui incitent au tri. En effet, trois d\u2019entre eux sont \u00e0 destination des emballages cartons, deux pour le verre, deux pour les ordures m\u00e9nag\u00e8res, et un pour les d\u00e9chets papiers\/journaux.<\/p>\n<p>Pr\u00e9cision importante, pour acc\u00e9der au conteneur des d\u00e9chets m\u00e9nagers, il est n\u00e9cessaire d\u2019avoir son badge d\u2019acc\u00e8s \u00e0 en d\u00e9chetterie.<\/p>\n<h2 class=\"intertitre\">Trier et limiter les d\u00e9p\u00f4ts sauvages<\/h2>\n<p>En cas de doute sur quel conteneur est le plus adapt\u00e9 pour tel d\u00e9chet, des \u00e9criteaux sont dispos\u00e9s sur les poubelles pour maximiser un tri efficace.<\/p>\n<p>Ces conteneurs ont aussi vocation \u00e0 limiter les d\u00e9p\u00f4ts au sol, consid\u00e9r\u00e9s <a rel=\"nofollow\" target=\"_self\" href=\"https:\/\/www.lanouvellerepublique.fr\/thouars\/on-va-intervenir-d-ici-la-fin-du-mois-face-a-ce-depot-sauvage-en-entree-de-thouars-la-ville-promet-d-agir-1768914605\">comme d\u00e9p\u00f4t sauvage <\/a>et passible d\u2019une amende qui peut monter jusqu\u2019\u00e0 1.500&nbsp;\u20ac.<\/p>\n<\/aside>\n<\/div>\n<p>.\n<\/p>\n<h2>Lutter contre les d\u00e9charges sauvages : quelles sont les options possibles ?<\/h2>\n<h3>Focus sur les projets locaux et r\u00e9gionaux qui ont bien fonctionn\u00e9 dans la lutte contre les d\u00e9charges sauvages<\/h3>\n<p>Dans diverses villes, des solutions novatrices ont \u00e9t\u00e9 mises en place pour lutter contre l\u2019augmentation des d\u00e9charges sauvages. Par exemple, des plateformes comme \u00ab&nbsp;Je Signale&nbsp;\u00bb permettent aux citoyens de d\u00e9noncer facilement les d\u00e9p\u00f4ts ill\u00e9gaux, ce qui facilite leur gestion par les autorit\u00e9s locales. Les brigades environnementales, en charge de la surveillance des lieux publics, interviennent \u00e9galement en cas de non-respect des r\u00e8gles. Par ailleurs, des projets communautaires de recyclage participatif visent \u00e0 promouvoir une gestion plus responsable des d\u00e9chets. Signalez les d\u00e9chets abandonn\u00e9s de mani\u00e8re efficace via <a href=\"https:\/\/www.applijesignale.fr\/\" rel=\"noopener noreferrer \" target=\"_blank\">la plateforme JeSignale \u2013 agir pour l\u2019environnement <\/a>et aidez \u00e0 garder votre ville propre et saine.<\/p>\n<h3>Encourager des pratiques de recyclage et de gestion responsable des d\u00e9chets<\/h3>\n<p>Pour lutter contre l\u2019abandon des d\u00e9chets, il est essentiel d\u2019encourager des pratiques de gestion responsables et durables. Le tri s\u00e9lectif et la valorisation \u00e9nerg\u00e9tique sont des mesures efficaces pour limiter les d\u00e9chets enfouis et leur impact environnemental. L\u2019utilisation de mat\u00e9riaux recyclables joue \u00e9galement un r\u00f4le cl\u00e9 dans la r\u00e9duction des d\u00e9chets \u00e0 la source. Par ailleurs, le soutien aux initiatives de r\u00e9emploi, comme les ressourceries et les associations de collecte, permet de donner une nouvelle vie aux objets et de soutenir une \u00e9conomie circulaire.<\/p>\n<h3>Approches efficaces de pr\u00e9vention et sensibilisation contre les d\u00e9chets abandonn\u00e9s<\/h3>\n<p>Pour lutter contre la multiplication des d\u00e9charges sauvages, il est n\u00e9cessaire de mettre en place diverses solutions. Les campagnes de sensibilisation sont fondamentales pour informer la population sur les dangers des d\u00e9p\u00f4ts sauvages. Renforcer les contr\u00f4les et les sanctions permettrait de d\u00e9courager les contrevenants. De plus, en rendant les d\u00e9chetteries plus accessibles gr\u00e2ce \u00e0 des horaires \u00e9tendus et \u00e0 des points de collecte mobiles, on favoriserait un meilleur tri et une gestion plus responsable des d\u00e9chets.<\/p>\n<h2>Les cons\u00e9quences juridiques des d\u00e9charges ill\u00e9gales : ce que dit la loi<\/h2>\n<h3>Les amendes et peines pr\u00e9vues par le Code de l\u2019environnement pour les d\u00e9charges ill\u00e9gales<\/h3>\n<p>En cas de d\u00e9p\u00f4t ill\u00e9gal de d\u00e9chets, les peines peuvent \u00eatre tr\u00e8s s\u00e9v\u00e8res. Un d\u00e9p\u00f4t massif de d\u00e9chets dangereux peut entra\u00eener une amende de 75 000 \u20ac et deux ans de prison. Les particuliers qui jettent des d\u00e9chets sur la voie publique risquent une amende de 1 500 \u20ac. En outre, les v\u00e9hicules utilis\u00e9s peuvent \u00eatre confisqu\u00e9s, et des peines plus s\u00e9v\u00e8res sont impos\u00e9es en cas de r\u00e9cidive.<\/p>\n<h3>Explorer les lois encadrant les d\u00e9p\u00f4ts sauvages de d\u00e9chets<\/h3>\n<p>En France, le Code de l\u2019environnement (article L.541-3) impose des r\u00e8gles strictes concernant l\u2019abandon de d\u00e9chets. Ceux qui enfreignent cette l\u00e9gislation, qu\u2019ils soient particuliers ou entreprises, peuvent faire l\u2019objet de poursuites judiciaires.<\/p>\n<h3>Le r\u00f4le cl\u00e9 des collectivit\u00e9s locales face aux infractions de d\u00e9p\u00f4ts ill\u00e9gaux<\/h3>\n<p>Les autorit\u00e9s locales, dont les maires et les pr\u00e9fets, sont habilit\u00e9es \u00e0 intervenir pour sanctionner les d\u00e9p\u00f4ts ill\u00e9gaux de d\u00e9chets et organiser la collecte des ordures abandonn\u00e9es. Elles peuvent aussi imposer aux responsables de remettre les lieux en \u00e9tat, sous peine de sanctions administratives.<\/p>\n<h2>Cons\u00e9quences \u00e9cologiques et sanitaires des d\u00e9p\u00f4ts sauvages de d\u00e9chets<\/h2>\n<h3>Lien entre pollution par d\u00e9chets sauvages et risques pour la sant\u00e9 publique<\/h3>\n<p>L\u2019exposition aux d\u00e9charges sauvages engendre des risques importants pour la sant\u00e9 publique. Les eaux stagnantes provenant de ces d\u00e9p\u00f4ts ill\u00e9gaux deviennent un terrain fertile pour les bact\u00e9ries et virus, favorisant ainsi la propagation de maladies. De plus, la pollution de l\u2019air et de l\u2019eau devient un enjeu majeur, les substances toxiques des d\u00e9chets s\u2019infiltrant dans le sol et contaminant les nappes phr\u00e9atiques utilis\u00e9es pour l\u2019eau potable. \u00c0 cela s\u2019ajoute le danger d\u2019incendies, caus\u00e9 par les d\u00e9chets inflammables comme les solvants et les huiles, susceptibles de provoquer des feux de grande ampleur.<\/p>\n<h3>Analyser les cons\u00e9quences des d\u00e9p\u00f4ts ill\u00e9gaux de d\u00e9chets sur la faune et la flore<\/h3>\n<p>Les d\u00e9charges sauvages polluent gravement l\u2019\u00e9cosyst\u00e8me naturel. Les plastiques et m\u00e9taux d\u00e9gradent les sols et les nappes phr\u00e9atiques, tandis que les produits chimiques comme les piles et les solvants empoisonnent la faune et la flore. De plus, ces d\u00e9charges servent de terrain de reproduction pour des nuisibles comme les rats et les insectes, d\u00e9truisant ainsi les habitats naturels.<\/p>\n<h3>Comment les d\u00e9charges sauvages contribuent-elles au d\u00e9r\u00e8glement climatique et \u00e0 la crise \u00e9nerg\u00e9tique ?<\/h3>\n<p>Les d\u00e9charges ill\u00e9gales d\u00e9gagent du m\u00e9thane, un gaz \u00e0 effet de serre ayant un pouvoir r\u00e9chauffant 25 fois sup\u00e9rieur \u00e0 celui du CO\u2082, contribuant ainsi \u00e0 l\u2019acc\u00e9l\u00e9ration du r\u00e9chauffement climatique. Le manque de tri et de recyclage entra\u00eene \u00e9galement un gaspillage de mati\u00e8res premi\u00e8res, alors que leur valorisation permettrait de r\u00e9duire la consommation d\u2019\u00e9nergie et d\u2019att\u00e9nuer les \u00e9missions polluantes.<\/p>\n<h2>L\u2019Enfer des D\u00e9charges Ill\u00e9gales : Impacts Environnementaux et Risques Sanitaires<\/h2>\n<p>Combattre les d\u00e9charges sauvages n\u00e9cessite une approche collective. En sensibilisant les citoyens, en renfor\u00e7ant les sanctions et en d\u00e9veloppant des solutions locales, il est possible de r\u00e9duire ces pratiques ill\u00e9gales et pr\u00e9server la plan\u00e8te. Chaque effort de tri, de signalement et de recyclage contribue \u00e0 ce combat.<\/p>\n<h2>Le fl\u00e9au des d\u00e9charges sauvages : Comprendre et agir<\/h2>\n<h3>Le ph\u00e9nom\u00e8ne des d\u00e9charges sauvages en France : une analyse approfondie<\/h3>\n<p>En France, les d\u00e9charges sauvages repr\u00e9sentent un fl\u00e9au de plus en plus pr\u00e9occupant. Des millions de tonnes de d\u00e9chets sont d\u00e9pos\u00e9es ill\u00e9galement chaque ann\u00e9e, engendrant des co\u00fbts importants pour les collectivit\u00e9s locales. Selon l\u2019ADEME, plus de 100 000 sites sont concern\u00e9s, tant dans les zones urbaines que rurales, avec des points noirs recens\u00e9s aux abords des routes et dans les for\u00eats.<\/p>\n<h3>Quels facteurs contribuent \u00e0 l\u2019abandon des d\u00e9chets ?<\/h3>\n<p>Les raisons de l\u2019augmentation des d\u00e9charges sauvages sont multiples. Parmi elles, le co\u00fbt des services de collecte incite de nombreux particuliers et professionnels \u00e0 abandonner leurs d\u00e9chets dans la nature, pr\u00e9f\u00e9rant cela aux frais li\u00e9s \u00e0 l\u2019\u00e9limination r\u00e9guli\u00e8re. Le manque de d\u00e9chetteries accessibles, surtout en zones rurales, est un autre facteur aggravant. En outre, une grande partie de la population n\u2019est pas encore sensibilis\u00e9e aux dangers de ces pratiques pour l\u2019environnement et la sant\u00e9. L\u2019absence de surveillance et de sanctions rigoureuses renforce encore ces comportements.<\/p>\n<h3>Une d\u00e9charge sauvage : d\u00e9finition et points \u00e0 conna\u00eetre<\/h3>\n<p>Une d\u00e9charge sauvage est un lieu o\u00f9 des d\u00e9chets sont jet\u00e9s ill\u00e9galement dans des zones non appropri\u00e9es comme les bords de routes ou des terrains non r\u00e9glement\u00e9s. Ces sites \u00e9chappent \u00e0 la r\u00e9gulation, polluant les sols et les eaux. Parmi les d\u00e9chets d\u00e9pos\u00e9s, on retrouve des ordures m\u00e9nag\u00e8res, des gravats du BTP, des encombrants et des produits dangereux.\n<\/p>\n<p>\n<br \/><a href=\"http:\/\/www.bing.com\/news\/apiclick.aspx?ref=FexRss&amp;aid=&amp;tid=69d94587eb93437ab7aa6159df7ee53f&amp;url=https%3A%2F%2Fwww.lanouvellerepublique.fr%2Fthouars%2Fa-thouars-des-conteneurs-enterres-mis-en-service-place-lavault-1775832122&amp;c=2031091449246697224&amp;mkt=fr-fr\">Source link <\/a><\/p>\n<p>#Thouars #des #conteneurs #enterr\u00e9s #mis #service #place #Lavault<\/p>\n<p> Cet article, qui traite du th\u00e8me \u00ab\u00a0Les 3 rivi\u00e8res dans la Somme\u00a0\u00bb, vous est sp\u00e9cialement sugg\u00e9r\u00e9 par cc3rivieres76.com. La chronique est reproduite du mieux possible. Dans le cas o\u00f9 vous souhaitez apporter quelques pr\u00e9cisions concernant le domaine de \u00ab\u00a0Les 3 rivi\u00e8res dans la Somme\u00a0\u00bb vous pouvez solliciter notre r\u00e9daction. La destination de cc3rivieres76.com est de d\u00e9battre de Les 3 rivi\u00e8res dans la Somme dans la transparence en vous apportant la connaissance de tout ce qui est en lien avec ce sujet sur la toile Connectez-vous sur notre site cc3rivieres76.com et nos r\u00e9seaux sociaux dans le but d\u2019\u00eatre inform\u00e9 des futures publications.<\/p>\n","protected":false},"excerpt":{"rendered":"<p>Voici le nom de cet article : \u00c0 Thouars, des conteneurs enterr\u00e9s mis en service place Lavault Sur la place Lavault de Thouars nouvellement r\u00e9am\u00e9nag\u00e9e, et qui a accueilli ses premiers march\u00e9sdes conteneurs enterr\u00e9s destin\u00e9s \u00e0 la collecte des d\u00e9chets ont \u00e9t\u00e9 mis en service, jeudi 9&nbsp;avril 2026. Huit conteneurs install\u00e9s en face du magasin &hellip; <\/p>\n<p class=\"link-more\"><a href=\"https:\/\/www.cc3rivieres76.com\/blog\/a-thouars-des-conteneurs-enterres-mis-en-service-place-lavault\/\" class=\"more-link\">Continuer la lecture <span class=\"screen-reader-text\"> \u00ab\u00a0\u00c0 Thouars, des conteneurs enterr\u00e9s mis en service place Lavault\u00a0\u00bb<\/span><\/a><\/p>\n","protected":false},"author":3,"featured_media":1329,"comment_status":"closed","ping_status":"closed","sticky":false,"template":"","format":"standard","meta":{"footnotes":""},"categories":[2],"tags":[],"class_list":["post-1328","post","type-post","status-publish","format-standard","has-post-thumbnail","hentry","category-les-3-rivieres-dans-la-somme","entry"],"yoast_head":"<!-- This site is optimized with the Yoast SEO plugin v27.5 - https:\/\/yoast.com\/product\/yoast-seo-wordpress\/ -->\n<title>\u00c0 Thouars, des conteneurs enterr\u00e9s mis en service place Lavault - CC3RIVIERES76<\/title>\n<meta name=\"robots\" content=\"index, follow, max-snippet:-1, max-image-preview:large, max-video-preview:-1\" \/>\n<link rel=\"canonical\" href=\"https:\/\/www.cc3rivieres76.com\/blog\/a-thouars-des-conteneurs-enterres-mis-en-service-place-lavault\/\" \/>\n<meta property=\"og:locale\" content=\"fr_FR\" \/>\n<meta property=\"og:type\" content=\"article\" \/>\n<meta property=\"og:title\" content=\"\u00c0 Thouars, des conteneurs enterr\u00e9s mis en service place Lavault - CC3RIVIERES76\" \/>\n<meta property=\"og:description\" content=\"Voici le nom de cet article : \u00c0 Thouars, des conteneurs enterr\u00e9s mis en service place Lavault Sur la place Lavault de Thouars nouvellement r\u00e9am\u00e9nag\u00e9e, et qui a accueilli ses premiers march\u00e9sdes conteneurs enterr\u00e9s destin\u00e9s \u00e0 la collecte des d\u00e9chets ont \u00e9t\u00e9 mis en service, jeudi 9&nbsp;avril 2026. Huit conteneurs install\u00e9s en face du magasin &hellip; Continuer la lecture \u00ab\u00a0\u00c0 Thouars, des conteneurs enterr\u00e9s mis en service place Lavault\u00a0\u00bb\" \/>\n<meta property=\"og:url\" content=\"https:\/\/www.cc3rivieres76.com\/blog\/a-thouars-des-conteneurs-enterres-mis-en-service-place-lavault\/\" \/>\n<meta property=\"og:site_name\" content=\"CC3RIVIERES76\" \/>\n<meta property=\"article:published_time\" content=\"2026-04-10T10:13:00+00:00\" \/>\n<meta name=\"author\" content=\"Sylvie DE LAUZAINGHEIN\" \/>\n<meta name=\"twitter:card\" content=\"summary_large_image\" \/>\n<meta name=\"twitter:label1\" content=\"\u00c9crit par\" \/>\n\t<meta name=\"twitter:data1\" content=\"Sylvie DE LAUZAINGHEIN\" \/>\n\t<meta name=\"twitter:label2\" content=\"Dur\u00e9e de lecture estim\u00e9e\" \/>\n\t<meta name=\"twitter:data2\" content=\"8 minutes\" \/>\n<script type=\"application\/ld+json\" class=\"yoast-schema-graph\">{\"@context\":\"https:\\\/\\\/schema.org\",\"@graph\":[{\"@type\":\"Article\",\"@id\":\"https:\\\/\\\/www.cc3rivieres76.com\\\/blog\\\/a-thouars-des-conteneurs-enterres-mis-en-service-place-lavault\\\/#article\",\"isPartOf\":{\"@id\":\"https:\\\/\\\/www.cc3rivieres76.com\\\/blog\\\/a-thouars-des-conteneurs-enterres-mis-en-service-place-lavault\\\/\"},\"author\":{\"name\":\"Sylvie DE LAUZAINGHEIN\",\"@id\":\"https:\\\/\\\/www.cc3rivieres76.com\\\/blog\\\/#\\\/schema\\\/person\\\/474d457fb7747b5218f39792dfaa5a1c\"},\"headline\":\"\u00c0 Thouars, des conteneurs enterr\u00e9s mis en service place Lavault\",\"datePublished\":\"2026-04-10T10:13:00+00:00\",\"mainEntityOfPage\":{\"@id\":\"https:\\\/\\\/www.cc3rivieres76.com\\\/blog\\\/a-thouars-des-conteneurs-enterres-mis-en-service-place-lavault\\\/\"},\"wordCount\":1562,\"publisher\":{\"@id\":\"https:\\\/\\\/www.cc3rivieres76.com\\\/blog\\\/#organization\"},\"image\":{\"@id\":\"https:\\\/\\\/www.cc3rivieres76.com\\\/blog\\\/a-thouars-des-conteneurs-enterres-mis-en-service-place-lavault\\\/#primaryimage\"},\"thumbnailUrl\":\"https:\\\/\\\/www.cc3rivieres76.com\\\/blog\\\/wp-content\\\/uploads\\\/2026\\\/04\\\/a-thouars-des-conteneurs-enterres-mis-en-service-place-lavault.jpg\",\"articleSection\":[\"Les 3 Rivi\u00e8res Dans La Somme:\"],\"inLanguage\":\"fr-FR\"},{\"@type\":\"WebPage\",\"@id\":\"https:\\\/\\\/www.cc3rivieres76.com\\\/blog\\\/a-thouars-des-conteneurs-enterres-mis-en-service-place-lavault\\\/\",\"url\":\"https:\\\/\\\/www.cc3rivieres76.com\\\/blog\\\/a-thouars-des-conteneurs-enterres-mis-en-service-place-lavault\\\/\",\"name\":\"\u00c0 Thouars, des conteneurs enterr\u00e9s mis en service place Lavault - CC3RIVIERES76\",\"isPartOf\":{\"@id\":\"https:\\\/\\\/www.cc3rivieres76.com\\\/blog\\\/#website\"},\"primaryImageOfPage\":{\"@id\":\"https:\\\/\\\/www.cc3rivieres76.com\\\/blog\\\/a-thouars-des-conteneurs-enterres-mis-en-service-place-lavault\\\/#primaryimage\"},\"image\":{\"@id\":\"https:\\\/\\\/www.cc3rivieres76.com\\\/blog\\\/a-thouars-des-conteneurs-enterres-mis-en-service-place-lavault\\\/#primaryimage\"},\"thumbnailUrl\":\"https:\\\/\\\/www.cc3rivieres76.com\\\/blog\\\/wp-content\\\/uploads\\\/2026\\\/04\\\/a-thouars-des-conteneurs-enterres-mis-en-service-place-lavault.jpg\",\"datePublished\":\"2026-04-10T10:13:00+00:00\",\"breadcrumb\":{\"@id\":\"https:\\\/\\\/www.cc3rivieres76.com\\\/blog\\\/a-thouars-des-conteneurs-enterres-mis-en-service-place-lavault\\\/#breadcrumb\"},\"inLanguage\":\"fr-FR\",\"potentialAction\":[{\"@type\":\"ReadAction\",\"target\":[\"https:\\\/\\\/www.cc3rivieres76.com\\\/blog\\\/a-thouars-des-conteneurs-enterres-mis-en-service-place-lavault\\\/\"]}]},{\"@type\":\"ImageObject\",\"inLanguage\":\"fr-FR\",\"@id\":\"https:\\\/\\\/www.cc3rivieres76.com\\\/blog\\\/a-thouars-des-conteneurs-enterres-mis-en-service-place-lavault\\\/#primaryimage\",\"url\":\"https:\\\/\\\/www.cc3rivieres76.com\\\/blog\\\/wp-content\\\/uploads\\\/2026\\\/04\\\/a-thouars-des-conteneurs-enterres-mis-en-service-place-lavault.jpg\",\"contentUrl\":\"https:\\\/\\\/www.cc3rivieres76.com\\\/blog\\\/wp-content\\\/uploads\\\/2026\\\/04\\\/a-thouars-des-conteneurs-enterres-mis-en-service-place-lavault.jpg\",\"width\":1024,\"height\":575,\"caption\":\"\u00c0 Thouars, des conteneurs enterr\u00e9s mis en service place Lavault\"},{\"@type\":\"BreadcrumbList\",\"@id\":\"https:\\\/\\\/www.cc3rivieres76.com\\\/blog\\\/a-thouars-des-conteneurs-enterres-mis-en-service-place-lavault\\\/#breadcrumb\",\"itemListElement\":[{\"@type\":\"ListItem\",\"position\":1,\"name\":\"Accueil\",\"item\":\"https:\\\/\\\/www.cc3rivieres76.com\\\/blog\\\/\"},{\"@type\":\"ListItem\",\"position\":2,\"name\":\"\u00c0 Thouars, des conteneurs enterr\u00e9s mis en service place Lavault\"}]},{\"@type\":\"WebSite\",\"@id\":\"https:\\\/\\\/www.cc3rivieres76.com\\\/blog\\\/#website\",\"url\":\"https:\\\/\\\/www.cc3rivieres76.com\\\/blog\\\/\",\"name\":\"CC3RIVIERES76\",\"description\":\"Les 3 rivi\u00e8res dans la Somme.\",\"publisher\":{\"@id\":\"https:\\\/\\\/www.cc3rivieres76.com\\\/blog\\\/#organization\"},\"potentialAction\":[{\"@type\":\"SearchAction\",\"target\":{\"@type\":\"EntryPoint\",\"urlTemplate\":\"https:\\\/\\\/www.cc3rivieres76.com\\\/blog\\\/?s={search_term_string}\"},\"query-input\":{\"@type\":\"PropertyValueSpecification\",\"valueRequired\":true,\"valueName\":\"search_term_string\"}}],\"inLanguage\":\"fr-FR\"},{\"@type\":\"Organization\",\"@id\":\"https:\\\/\\\/www.cc3rivieres76.com\\\/blog\\\/#organization\",\"name\":\"cc3rivieres76\",\"url\":\"https:\\\/\\\/www.cc3rivieres76.com\\\/blog\\\/\",\"logo\":{\"@type\":\"ImageObject\",\"inLanguage\":\"fr-FR\",\"@id\":\"https:\\\/\\\/www.cc3rivieres76.com\\\/blog\\\/#\\\/schema\\\/logo\\\/image\\\/\",\"url\":\"https:\\\/\\\/www.cc3rivieres76.com\\\/blog\\\/wp-content\\\/uploads\\\/2023\\\/06\\\/logo-2.png\",\"contentUrl\":\"https:\\\/\\\/www.cc3rivieres76.com\\\/blog\\\/wp-content\\\/uploads\\\/2023\\\/06\\\/logo-2.png\",\"width\":390,\"height\":388,\"caption\":\"cc3rivieres76\"},\"image\":{\"@id\":\"https:\\\/\\\/www.cc3rivieres76.com\\\/blog\\\/#\\\/schema\\\/logo\\\/image\\\/\"}},{\"@type\":\"Person\",\"@id\":\"https:\\\/\\\/www.cc3rivieres76.com\\\/blog\\\/#\\\/schema\\\/person\\\/474d457fb7747b5218f39792dfaa5a1c\",\"name\":\"Sylvie DE LAUZAINGHEIN\",\"image\":{\"@type\":\"ImageObject\",\"inLanguage\":\"fr-FR\",\"@id\":\"https:\\\/\\\/secure.gravatar.com\\\/avatar\\\/9c6a53b19e0a3431aa80de0895b9729fe665cd7e7d6cc94fc11abb152f4237d7?s=96&d=mm&r=g\",\"url\":\"https:\\\/\\\/secure.gravatar.com\\\/avatar\\\/9c6a53b19e0a3431aa80de0895b9729fe665cd7e7d6cc94fc11abb152f4237d7?s=96&d=mm&r=g\",\"contentUrl\":\"https:\\\/\\\/secure.gravatar.com\\\/avatar\\\/9c6a53b19e0a3431aa80de0895b9729fe665cd7e7d6cc94fc11abb152f4237d7?s=96&d=mm&r=g\",\"caption\":\"Sylvie DE LAUZAINGHEIN\"},\"url\":\"https:\\\/\\\/www.cc3rivieres76.com\\\/blog\\\/author\\\/s76sylvie\\\/\"}]}<\/script>\n<!-- \/ Yoast SEO plugin. -->","yoast_head_json":{"title":"\u00c0 Thouars, des conteneurs enterr\u00e9s mis en service place Lavault - CC3RIVIERES76","robots":{"index":"index","follow":"follow","max-snippet":"max-snippet:-1","max-image-preview":"max-image-preview:large","max-video-preview":"max-video-preview:-1"},"canonical":"https:\/\/www.cc3rivieres76.com\/blog\/a-thouars-des-conteneurs-enterres-mis-en-service-place-lavault\/","og_locale":"fr_FR","og_type":"article","og_title":"\u00c0 Thouars, des conteneurs enterr\u00e9s mis en service place Lavault - CC3RIVIERES76","og_description":"Voici le nom de cet article : \u00c0 Thouars, des conteneurs enterr\u00e9s mis en service place Lavault Sur la place Lavault de Thouars nouvellement r\u00e9am\u00e9nag\u00e9e, et qui a accueilli ses premiers march\u00e9sdes conteneurs enterr\u00e9s destin\u00e9s \u00e0 la collecte des d\u00e9chets ont \u00e9t\u00e9 mis en service, jeudi 9&nbsp;avril 2026. Huit conteneurs install\u00e9s en face du magasin &hellip; Continuer la lecture \u00ab\u00a0\u00c0 Thouars, des conteneurs enterr\u00e9s mis en service place Lavault\u00a0\u00bb","og_url":"https:\/\/www.cc3rivieres76.com\/blog\/a-thouars-des-conteneurs-enterres-mis-en-service-place-lavault\/","og_site_name":"CC3RIVIERES76","article_published_time":"2026-04-10T10:13:00+00:00","author":"Sylvie DE LAUZAINGHEIN","twitter_card":"summary_large_image","twitter_misc":{"\u00c9crit par":"Sylvie DE LAUZAINGHEIN","Dur\u00e9e de lecture estim\u00e9e":"8 minutes"},"schema":{"@context":"https:\/\/schema.org","@graph":[{"@type":"Article","@id":"https:\/\/www.cc3rivieres76.com\/blog\/a-thouars-des-conteneurs-enterres-mis-en-service-place-lavault\/#article","isPartOf":{"@id":"https:\/\/www.cc3rivieres76.com\/blog\/a-thouars-des-conteneurs-enterres-mis-en-service-place-lavault\/"},"author":{"name":"Sylvie DE LAUZAINGHEIN","@id":"https:\/\/www.cc3rivieres76.com\/blog\/#\/schema\/person\/474d457fb7747b5218f39792dfaa5a1c"},"headline":"\u00c0 Thouars, des conteneurs enterr\u00e9s mis en service place Lavault","datePublished":"2026-04-10T10:13:00+00:00","mainEntityOfPage":{"@id":"https:\/\/www.cc3rivieres76.com\/blog\/a-thouars-des-conteneurs-enterres-mis-en-service-place-lavault\/"},"wordCount":1562,"publisher":{"@id":"https:\/\/www.cc3rivieres76.com\/blog\/#organization"},"image":{"@id":"https:\/\/www.cc3rivieres76.com\/blog\/a-thouars-des-conteneurs-enterres-mis-en-service-place-lavault\/#primaryimage"},"thumbnailUrl":"https:\/\/www.cc3rivieres76.com\/blog\/wp-content\/uploads\/2026\/04\/a-thouars-des-conteneurs-enterres-mis-en-service-place-lavault.jpg","articleSection":["Les 3 Rivi\u00e8res Dans La Somme:"],"inLanguage":"fr-FR"},{"@type":"WebPage","@id":"https:\/\/www.cc3rivieres76.com\/blog\/a-thouars-des-conteneurs-enterres-mis-en-service-place-lavault\/","url":"https:\/\/www.cc3rivieres76.com\/blog\/a-thouars-des-conteneurs-enterres-mis-en-service-place-lavault\/","name":"\u00c0 Thouars, des conteneurs enterr\u00e9s mis en service place Lavault - CC3RIVIERES76","isPartOf":{"@id":"https:\/\/www.cc3rivieres76.com\/blog\/#website"},"primaryImageOfPage":{"@id":"https:\/\/www.cc3rivieres76.com\/blog\/a-thouars-des-conteneurs-enterres-mis-en-service-place-lavault\/#primaryimage"},"image":{"@id":"https:\/\/www.cc3rivieres76.com\/blog\/a-thouars-des-conteneurs-enterres-mis-en-service-place-lavault\/#primaryimage"},"thumbnailUrl":"https:\/\/www.cc3rivieres76.com\/blog\/wp-content\/uploads\/2026\/04\/a-thouars-des-conteneurs-enterres-mis-en-service-place-lavault.jpg","datePublished":"2026-04-10T10:13:00+00:00","breadcrumb":{"@id":"https:\/\/www.cc3rivieres76.com\/blog\/a-thouars-des-conteneurs-enterres-mis-en-service-place-lavault\/#breadcrumb"},"inLanguage":"fr-FR","potentialAction":[{"@type":"ReadAction","target":["https:\/\/www.cc3rivieres76.com\/blog\/a-thouars-des-conteneurs-enterres-mis-en-service-place-lavault\/"]}]},{"@type":"ImageObject","inLanguage":"fr-FR","@id":"https:\/\/www.cc3rivieres76.com\/blog\/a-thouars-des-conteneurs-enterres-mis-en-service-place-lavault\/#primaryimage","url":"https:\/\/www.cc3rivieres76.com\/blog\/wp-content\/uploads\/2026\/04\/a-thouars-des-conteneurs-enterres-mis-en-service-place-lavault.jpg","contentUrl":"https:\/\/www.cc3rivieres76.com\/blog\/wp-content\/uploads\/2026\/04\/a-thouars-des-conteneurs-enterres-mis-en-service-place-lavault.jpg","width":1024,"height":575,"caption":"\u00c0 Thouars, des conteneurs enterr\u00e9s mis en service place Lavault"},{"@type":"BreadcrumbList","@id":"https:\/\/www.cc3rivieres76.com\/blog\/a-thouars-des-conteneurs-enterres-mis-en-service-place-lavault\/#breadcrumb","itemListElement":[{"@type":"ListItem","position":1,"name":"Accueil","item":"https:\/\/www.cc3rivieres76.com\/blog\/"},{"@type":"ListItem","position":2,"name":"\u00c0 Thouars, des conteneurs enterr\u00e9s mis en service place Lavault"}]},{"@type":"WebSite","@id":"https:\/\/www.cc3rivieres76.com\/blog\/#website","url":"https:\/\/www.cc3rivieres76.com\/blog\/","name":"CC3RIVIERES76","description":"Les 3 rivi\u00e8res dans la Somme.","publisher":{"@id":"https:\/\/www.cc3rivieres76.com\/blog\/#organization"},"potentialAction":[{"@type":"SearchAction","target":{"@type":"EntryPoint","urlTemplate":"https:\/\/www.cc3rivieres76.com\/blog\/?s={search_term_string}"},"query-input":{"@type":"PropertyValueSpecification","valueRequired":true,"valueName":"search_term_string"}}],"inLanguage":"fr-FR"},{"@type":"Organization","@id":"https:\/\/www.cc3rivieres76.com\/blog\/#organization","name":"cc3rivieres76","url":"https:\/\/www.cc3rivieres76.com\/blog\/","logo":{"@type":"ImageObject","inLanguage":"fr-FR","@id":"https:\/\/www.cc3rivieres76.com\/blog\/#\/schema\/logo\/image\/","url":"https:\/\/www.cc3rivieres76.com\/blog\/wp-content\/uploads\/2023\/06\/logo-2.png","contentUrl":"https:\/\/www.cc3rivieres76.com\/blog\/wp-content\/uploads\/2023\/06\/logo-2.png","width":390,"height":388,"caption":"cc3rivieres76"},"image":{"@id":"https:\/\/www.cc3rivieres76.com\/blog\/#\/schema\/logo\/image\/"}},{"@type":"Person","@id":"https:\/\/www.cc3rivieres76.com\/blog\/#\/schema\/person\/474d457fb7747b5218f39792dfaa5a1c","name":"Sylvie DE LAUZAINGHEIN","image":{"@type":"ImageObject","inLanguage":"fr-FR","@id":"https:\/\/secure.gravatar.com\/avatar\/9c6a53b19e0a3431aa80de0895b9729fe665cd7e7d6cc94fc11abb152f4237d7?s=96&d=mm&r=g","url":"https:\/\/secure.gravatar.com\/avatar\/9c6a53b19e0a3431aa80de0895b9729fe665cd7e7d6cc94fc11abb152f4237d7?s=96&d=mm&r=g","contentUrl":"https:\/\/secure.gravatar.com\/avatar\/9c6a53b19e0a3431aa80de0895b9729fe665cd7e7d6cc94fc11abb152f4237d7?s=96&d=mm&r=g","caption":"Sylvie DE LAUZAINGHEIN"},"url":"https:\/\/www.cc3rivieres76.com\/blog\/author\/s76sylvie\/"}]}},"_links":{"self":[{"href":"https:\/\/www.cc3rivieres76.com\/blog\/wp-json\/wp\/v2\/posts\/1328","targetHints":{"allow":["GET"]}}],"collection":[{"href":"https:\/\/www.cc3rivieres76.com\/blog\/wp-json\/wp\/v2\/posts"}],"about":[{"href":"https:\/\/www.cc3rivieres76.com\/blog\/wp-json\/wp\/v2\/types\/post"}],"author":[{"embeddable":true,"href":"https:\/\/www.cc3rivieres76.com\/blog\/wp-json\/wp\/v2\/users\/3"}],"replies":[{"embeddable":true,"href":"https:\/\/www.cc3rivieres76.com\/blog\/wp-json\/wp\/v2\/comments?post=1328"}],"version-history":[{"count":0,"href":"https:\/\/www.cc3rivieres76.com\/blog\/wp-json\/wp\/v2\/posts\/1328\/revisions"}],"wp:featuredmedia":[{"embeddable":true,"href":"https:\/\/www.cc3rivieres76.com\/blog\/wp-json\/wp\/v2\/media\/1329"}],"wp:attachment":[{"href":"https:\/\/www.cc3rivieres76.com\/blog\/wp-json\/wp\/v2\/media?parent=1328"}],"wp:term":[{"taxonomy":"category","embeddable":true,"href":"https:\/\/www.cc3rivieres76.com\/blog\/wp-json\/wp\/v2\/categories?post=1328"},{"taxonomy":"post_tag","embeddable":true,"href":"https:\/\/www.cc3rivieres76.com\/blog\/wp-json\/wp\/v2\/tags?post=1328"}],"curies":[{"name":"wp","href":"https:\/\/api.w.org\/{rel}","templated":true}]}}