{"id":1338,"date":"2026-04-17T07:33:00","date_gmt":"2026-04-17T05:33:00","guid":{"rendered":"https:\/\/www.site.cdcl.xyz\/2026\/04\/17\/drancy-resultats-des-elections-municipales-2026\/"},"modified":"2026-04-17T07:33:00","modified_gmt":"2026-04-17T05:33:00","slug":"drancy-resultats-des-elections-municipales-2026","status":"publish","type":"post","link":"https:\/\/www.cc3rivieres76.com\/blog\/drancy-resultats-des-elections-municipales-2026\/","title":{"rendered":"Drancy; R\u00e9sultats des \u00e9lections municipales 2026"},"content":{"rendered":"\n<p>\nUn article r\u00e9cemment publi\u00e9 s\u2019intitule \u00ab&nbsp;R\u00e9sultats des \u00e9lections municipales 2026&nbsp;\u00bb. <\/p>\n<div id=\"GPOL_RobotRedac_Chaud1\">\n<h2 class=\"sectionTitle\"><span>\u00c9lections municipales 2026 : les r\u00e9sultats \u00e0 Drancy<\/span><\/h2>\n<h3 class=\"chapo\">\n<div class=\"robotRedact-wrapper\">\n<div>\n<p class=\"question\">Y aura-t-il un second tour ?<\/p>\n<p class=\"reponse\">\nNon, les r\u00e9sultats du premier tour sont connus, la messe est dite.<\/p>\n<\/div>\n<div>\n<p class=\"question\">Qui a gagn\u00e9 l\u2019\u00e9lection municipale en 2026 \u00e0 Drancy ?<\/p>\n<p class=\"reponse\">\nSans r\u00e9elle contestation, la liste conduite par Jean-Christophe LAGARDE (UDI) est \u00e9lue largement \u00e0 Drancy. Elle totalise 63,76 % des voix et d\u00e9croche 41 si\u00e8ges.<\/p>\n<\/div>\n<div>\n<p class=\"question\">Quel est le r\u00e9sultat des autres listes ?<\/p>\n<p class=\"reponse\">\nLa liste de Gokhan UNVER (LFI) termine avec 16,35 % des votes et sera repr\u00e9sent\u00e9e par quatre si\u00e8ges. Hamid CHABANI (DVD) voit sa liste cr\u00e9dit\u00e9e de 13,40 % des voix, pour un total de trois si\u00e8ges. Un si\u00e8ge est attribu\u00e9 \u00e0 la liste de Hac\u00e8ne CHIBANE (Union \u00e0 gauche), qui a r\u00e9uni 5,07 % des suffrages exprim\u00e9s.<br \/>La liste port\u00e9e par Mohamed BACHA (EXG), forte de 1,42 %, \u00e9choue \u00e0 remporter un si\u00e8ge.\n<\/p>\n<\/div>\n<div>\n<p class=\"question\">Quand conna\u00eetra-t-on le nom du nouveau maire de Drancy ?<\/p>\n<p class=\"reponse\">\nL\u2019installation officielle du maire et de ses adjoints interviendra au plus t\u00f4t le vendredi 20 mars, lors de la r\u00e9union de la nouvelle assembl\u00e9e.<\/p>\n<\/div>\n<div>\n<p class=\"question\">Quel est le taux d\u2019abstention au premier tour ?<\/p>\n<p class=\"reponse\">\nLe taux d\u2019abstention atteint 49,21 %. Il \u00e9tait de 68,19 % en 2020 soit moins 18,98 points.<\/p>\n<\/div>\n<div>\n<p class=\"question\">Quelle est la part des votes blancs\/nuls au premier tour ?<\/p>\n<p class=\"reponse\">\nOn comptabilise 2,12 % de votes blancs ainsi que 1,38 % de votes nuls parmi les citoyens ayant particip\u00e9 au scrutin.<\/p>\n<\/div>\n<\/div>\n<p class=\"mention\">Ce texte a \u00e9t\u00e9 \u00e9labor\u00e9 automatiquement \u00e0 partir de donn\u00e9es fournies par le Minist\u00e8re de l\u2019Int\u00e9rieur.<\/p>\n<\/h3>\n<\/div>\n<div id=\"GPOL_RobotRedac_Froid\">\n<h2 class=\"sectionTitle\"><span>Ce qu\u2019il faut savoir sur les \u00e9lections municipales 2026 \u00e0 Drancy<\/span><\/h2>\n<h3 class=\"chapo\">\n<div class=\"robotRedact-wrapper\">\n<div>\n<p class=\"question\">Combien de conseillers municipaux faut-il \u00e9lire ?<\/p>\n<p class=\"reponse\">\nLors des \u00e9lections municipales de 2026, Drancy devra \u00e9lire 49 conseillers municipaux.<\/p>\n<\/div>\n<div>\n<p class=\"question\">De quelle intercommunalit\u00e9 Drancy fait-elle partie ?<\/p>\n<p class=\"reponse\">\nDrancy est membre de la M\u00e9tropole du Grand Paris, une intercommunalit\u00e9 qui rassemble 130 communes. Un conseiller municipal y repr\u00e9sente la commune.<\/p>\n<\/div>\n<div>\n<p class=\"question\">Le maire sortant se repr\u00e9sente-t-il\/elle ?<\/p>\n<p class=\"reponse\">\nOui, Aude LAGARDE a confirm\u00e9 sa candidature pour un nouveau mandat \u00e0 la t\u00eate de Drancy.<\/p>\n<\/div>\n<div>\n<p class=\"question\">Qui se pr\u00e9sente aux \u00e9lections municipales 2026 ?<\/p>\n<p class=\"reponse\">\nLes municipales de 2026 \u00e0 Drancy rassemblent cinq listes candidates, alors qu\u2019elles \u00e9taient quatre lors du pr\u00e9c\u00e9dent scrutin.<\/p>\n<ul class=\"reponse-list\">\n<li>\n<p class=\"reponse\">La liste Union \u00e0 gauche \u00ab&nbsp;Changer d\u2019air avec Hac\u00e8ne Chibane&nbsp;\u00bb est port\u00e9e par Hac\u00e8ne CHIBANE. <\/p>\n<\/li>\n<li>\n<p class=\"reponse\">Gokhan UNVER m\u00e8ne la liste \u00ab&nbsp;gagnez pour Drancy&nbsp;\u00bb. <\/p>\n<\/li>\n<li>\n<p class=\"reponse\">La liste \u00ab&nbsp;DRANCY AVEC VOUS&nbsp;\u00bb, conduite par Hamid CHABANI, repr\u00e9sente Divers droite. <\/p>\n<\/li>\n<li>\n<p class=\"reponse\">Sous l\u2019\u00e9tiquette Union des D\u00e9mocrates et des Ind\u00e9pendants, Jean-Christophe LAGARDE se pr\u00e9sente avec la liste \u00ab&nbsp;DRANCY TOUS ENSEMBLE&nbsp;\u00bb. <\/p>\n<\/li>\n<li>\n<p class=\"reponse\">Sous l\u2019\u00e9tiquette Extr\u00eame-gauche, Mohamed BACHA se pr\u00e9sente avec la liste \u00ab&nbsp;Lutte ouvri\u00e8re \u2013 Le camp des travailleurs&nbsp;\u00bb. <\/p>\n<\/li>\n<\/ul>\n<\/div>\n<\/div>\n<p class=\"mention\">Ce texte a \u00e9t\u00e9 \u00e9labor\u00e9 automatiquement \u00e0 partir de donn\u00e9es fournies par le Minist\u00e8re de l\u2019Int\u00e9rieur.<\/p>\n<h2 class=\"sectionTitle\"><span> Rappel des r\u00e9sultats des \u00e9lections municipales 2020 \u00e0 Drancy <\/span><\/h2>\n<p>\nEn 2020, les habitants de Drancy ont d\u00fb \u00e9lire 49 conseillers municipaux.<\/p>\n<p>\nEn r\u00e9coltant 65,10 % des suffrages, la liste de Aude LAGARDE est devenue majoritaire \u00e0 Drancy et a gagn\u00e9 42 si\u00e8ges.<\/p>\n<p>\nGr\u00e2ce \u00e0 un score de 22,26 %, la liste conduite par Carine NILES (Parti communiste fran\u00e7ais) a obtenu cinq si\u00e8ges. La liste de Hac\u00e8ne CHIBANE (Divers gauche) a termin\u00e9 avec 10,62 % des votes et a \u00e9t\u00e9 repr\u00e9sent\u00e9e par deux si\u00e8ges. Didier CRAFFE (EXG), avec 2,03 %, a \u00e9chou\u00e9 \u00e0 atteindre le seuil n\u00e9cessaire pour si\u00e9ger au conseil municipal. <\/p>\n<p>\n68,19 % des \u00e9lecteurs se sont abstenus. Chez les votants, le vote blanc s\u2019est \u00e9tabli \u00e0 2,84 %, compl\u00e9t\u00e9 par 2,35 % de votes nuls.<\/p>\n<p class=\"mention\">Ce texte a \u00e9t\u00e9 \u00e9labor\u00e9 automatiquement \u00e0 partir de donn\u00e9es fournies par le Minist\u00e8re de l\u2019Int\u00e9rieur.<\/p>\n<\/h3>\n<\/div>\n<h2>DRANCY : La commune au Bord du Gouffre Financier et moral<\/h2>\n<p>Drancy se retrouve d\u00e9sormais en bas du classement des communes d\u2019\u00cele-de-France, cons\u00e9quence d\u2019une gestion financi\u00e8re et de services publics en d\u00e9clin au cours des derni\u00e8res ann\u00e9es.<\/p>\n<p>L\u2019analyse a \u00e9t\u00e9 effectu\u00e9e par une entit\u00e9 sp\u00e9cialis\u00e9e dans la gestion des administrations publiques. La recherche a \u00e9t\u00e9 r\u00e9alis\u00e9e sur toutes les municipalit\u00e9s et mairies de l\u2019\u00eele-de-France. <a href=\"https:\/\/www.bilan-de-mandat.fr\/ile-de-france\/mairie\/seine-saint-denis_drancy\/\" rel=\"noopener noreferrer\" target=\"blank\">Il est \u00e0 votre disposition de consulter les r\u00e9sultats de l\u2019\u00e9tude pour Drancy, afin d\u2019acc\u00e9der \u00e0 l\u2019ensemble des informations financi\u00e8res qui ont \u00e9t\u00e9 \u00e9tudi\u00e9es.<\/a><\/p>\n<p>En 2020, Drancy \u00e9tait dans une situation financi\u00e8re enviable, mais elle a peu \u00e0 peu observ\u00e9 une d\u00e9gradation de sa situation et une d\u00e9t\u00e9rioration de la qualit\u00e9 de sa gestion publique<\/p>\n<p>La municipalit\u00e9 sous la conduite de AUDE LAGARDE n\u2019a pas anticip\u00e9 les enjeux et a laiss\u00e9 des d\u00e9rives s\u2019ancrer durablement.<\/p>\n<p>L\u2019enqu\u00eate a \u00e9t\u00e9 effectu\u00e9e par le site ind\u00e9pendant Bilan de Mandat, qui a compil\u00e9 les chiffres budg\u00e9taires en ligne fournis par le minist\u00e8re des Finances sur les 7 derni\u00e8res ann\u00e9es<\/p>\n<h3>Analyse de l\u2019endettement et des diff\u00e9rentes formes de dette<\/h3>\n<p>La municipalit\u00e9 de Drancy est aux prises avec un endettement qui a \u00e9volu\u00e9 vers une dette difficile \u00e0 g\u00e9rer. Cela a des r\u00e9percussions importantes :<\/p>\n<ul>\n<li>Augmentation des co\u00fbts d\u2019emprunt : L\u2019augmentation de la dette g\u00e9n\u00e8re des frais d\u2019int\u00e9r\u00eat accrus, limitant les fonds disponibles pour d\u2019autres investissements.\n<\/li>\n<li>R\u00e9duction de la capacit\u00e9 d\u2019investissement : L\u2019endettement important entrave la capacit\u00e9 de la ville \u00e0 soutenir des projets d\u2019infrastructure ou des services publics indispensables.\n<\/li>\n<li>Menace de non-remboursement : Un niveau d\u2019endettement ing\u00e9rable accro\u00eet le risque de non-paiement, ce qui va entra\u00eener des cons\u00e9quences financi\u00e8res ou des limitations impos\u00e9es par les cr\u00e9anciers.\n<\/li>\n<li>D\u00e9sengagement des investisseurs : La pr\u00e9carit\u00e9 financi\u00e8re va faire h\u00e9siter les investisseurs potentiels, freinant le dynamisme \u00e9conomique local.\n<\/li>\n<li>R\u00e9percussions sur la notation de cr\u00e9dit: Une dette mal ma\u00eetris\u00e9e accro\u00eet le risque de d\u00e9faut, ce qui va entra\u00eener des sanctions financi\u00e8res ou des limitations impos\u00e9es par les pr\u00eateurs.<\/li>\n<\/ul>\n<h3>Compensation des travailleurs<\/h3>\n<p>Les salaires des agents de la commune constituent une part significative des co\u00fbts, atteignant en 2025 un niveau alarmant sans que les r\u00e9mun\u00e9rations n\u2019\u00e9voluent en parall\u00e8le. Cette situation entra\u00eene plusieurs cons\u00e9quences :<\/p>\n<ul>\n<li>Manque d\u2019enthousiasme des employ\u00e9s de longue date : Le manque d\u2019augmentation salariale pour les agents de longue date va provoquer une d\u00e9motivation, impactant la qualit\u00e9 des services offerts.: Fluctuation importante des employ\u00e9s\n<\/li>\n<li>Changement fr\u00e9quent de personnel : Des salaires fig\u00e9s vont pousser les agents \u00e0 explorer d\u2019autres opportunit\u00e9s, entra\u00eenant un turnover accru et des co\u00fbts de formation suppl\u00e9mentaires pour la commune.\n<\/li>\n<li>\u00c9carts de salaire : L\u2019\u00e9cart entre les salaires des nouveaux agents et ceux des agents historiques va provoquer des conflits au sein de l\u2019\u00e9quipe municipale.\n<\/li>\n<li>D\u00e9clin de la qualit\u00e9 des services publics : Une \u00e9quipe peu motiv\u00e9e et instable va d\u00e9grader la qualit\u00e9 des services publics, touchant ainsi les citoyens.\n<\/li>\n<li>Contrainte budg\u00e9taire: L\u2019exigence de maintenir des r\u00e9mun\u00e9rations attractives pour recruter de nouveaux employ\u00e9s va cr\u00e9er une pression additionnelle sur le budget municipal.<\/li>\n<\/ul>\n<h3>Faible contr\u00f4le sur les finances<\/h3>\n<p>La progression des d\u00e9penses au fil des ans refl\u00e8te une insuffisance de contr\u00f4le dans la gestion financi\u00e8re. Les suites de cette situation sont remarquables :<\/p>\n<ul>\n<li>Croissance des d\u00e9ficits : Une supervision insuffisante des d\u00e9penses entra\u00eenera des d\u00e9ficits budg\u00e9taires en hausse, rendant la situation financi\u00e8re plus pr\u00e9caire.\n<\/li>\n<li>Diminution des projets d\u2019investissement \u00e0 venir : Les d\u00e9ficits r\u00e9currents vont compromettre la capacit\u00e9 de la ville \u00e0 investir dans des initiatives futures.\n<\/li>\n<li>D\u00e9t\u00e9rioration de la cr\u00e9dibilit\u00e9 : Une administration financi\u00e8re instable affectera la cr\u00e9dibilit\u00e9 de la municipalit\u00e9, rendant l\u2019obtention de fonds externes plus complexe.\n<\/li>\n<li>Gaspillage des ressources : Sans une r\u00e9gulation ad\u00e9quate des d\u00e9penses, les ressources publiques seront gaspill\u00e9es, ce qui nuira \u00e0 l\u2019int\u00e9r\u00eat g\u00e9n\u00e9ral.\n<\/li>\n<li>Port\u00e9e sur les services publics: Des d\u00e9penses mal contr\u00f4l\u00e9es provoqueront des restrictions dans les services sociaux<\/li>\n<\/ul>\n<h3>Affaiblissement de la qualit\u00e9 des services publics DRANC\u00c9ENS<\/h3>\n<p>Une gestion financi\u00e8re peu efficace entra\u00eenera in\u00e9vitablement des r\u00e9ductions dans les budgets allou\u00e9s aux services publics pour 2026-2027, ce qui se traduit par :<\/p>\n<ul>\n<li>R\u00e9duction du personnel : Diminution des employ\u00e9s pour maintenir des services essentiels comme la propret\u00e9, la s\u00e9curit\u00e9 ou l\u2019\u00e9ducation.\n<\/li>\n<li>Diminution de la fr\u00e9quence des prestations : Diminution des passages pour la collecte des d\u00e9chets et horaires restreints pour les biblioth\u00e8ques et centres communautaires.\n<\/li>\n<li>Baisse de la satisfaction des usagers : Les usagers, d\u00e9j\u00e0 en d\u00e9saccord avec les services municipaux, seront les premiers \u00e0 subir la baisse de la qualit\u00e9 des services, malgr\u00e9 une contribution sup\u00e9rieure \u00e0 la moyenne.<\/li>\n<\/ul>\n<h3>La d\u00e9mocratie locale en d\u00e9clin<\/h3>\n<p>De 2020 \u00e0 2025, le vivre ensemble a \u00e9t\u00e9 d\u00e9laiss\u00e9, faute d\u2019un projet de territoire solide port\u00e9 par une municipalit\u00e9 coh\u00e9rente. Les probl\u00e8mes \u00e9conomiques vont accro\u00eetre les tensions communautaires, entra\u00eenant :<\/p>\n<ul>\n<li>Manifeste de m\u00e9contentement : Les habitants vont organiser des actions de protestation pour exprimer leur insatisfaction face \u00e0 l\u2019augmentation des imp\u00f4ts ou \u00e0 la baisse des services.\n<\/li>\n<li>Tensions entre groupes d\u2019int\u00e9r\u00eats : Des choix budg\u00e9taires vont cr\u00e9er des d\u00e9saccords entre divers groupes, comme les usagers de services publics et les contribuables.\n<\/li>\n<li>Diminution de l\u2019unit\u00e9 sociale : Un sentiment de m\u00e9contentement va alt\u00e9rer la solidarit\u00e9 au sein de la communaut\u00e9.<\/li>\n<\/ul>\n<h3>Effets sur l\u2019expansion \u00e9conomique de la r\u00e9gion<\/h3>\n<p>Une gestion financi\u00e8re inad\u00e9quate aura des effets sur le d\u00e9veloppement \u00e9conomique, en particulier :<\/p>\n<ul>\n<li>Diminution des ressources investies : Les entreprises seront moins susceptibles de s\u2019installer dans une collectivit\u00e9 en difficult\u00e9 financi\u00e8re, ce qui limitera les perspectives d\u2019emploi.\n<\/li>\n<li>Diminution de l\u2019attractivit\u00e9 : Une gestion inappropri\u00e9e va ternir l\u2019image de la collectivit\u00e9, rendant difficile l\u2019accueil de nouveaux r\u00e9sidents ou investisseurs.\n<\/li>\n<li>Baisse des partenariats : Les collectivit\u00e9s en crise auront du mal \u00e0 nouer des partenariats avec d\u2019autres entit\u00e9s, restreignant ainsi les possibilit\u00e9s de collaboration.<\/li>\n<\/ul>\n<h3>Questions fr\u00e9quentes sur la municipalit\u00e9 de Drancy<\/h3>\n<h4>Quelles sont les manifestations culturelles et historiques ?<\/h4>\n<p>Le pass\u00e9 d\u2019une ville est le miroir de sa culture. L\u2019\u00e9difice de la mairie ou de l\u2019h\u00f4tel de ville, les photos d\u2019\u00e9poque de l\u2019\u00e9cole, et les comp\u00e9tences des anciens m\u00e9tiers facilitent la d\u00e9couverte gratuite, la transmission et la sauvegarde de ce patrimoine municipal. Dans l\u2019ensemble du pays, la politique de sensibilisation veille \u00e0 ce que le patrimoine de la ville soit pr\u00e9serv\u00e9 et accessible pour les g\u00e9n\u00e9rations futures.<\/p>\n<h4>Quelle est la principale finding de l\u2019audit financier de Drancy ?<\/h4>\n<p>L\u2019enqu\u00eate fait \u00e9tat d\u2019une d\u00e9gradation inqui\u00e9tante des finances publiques et de la gestion de Drancy, mettant en avant une gestion imprudente sur les plans financier et public.<\/p>\n<h4>Quels \u00e9l\u00e9ments ont impact\u00e9 cette crise financi\u00e8re ?<\/h4>\n<p>Bien que le cadre \u00e9conomique soit un \u00e9l\u00e9ment \u00e0 consid\u00e9rer, deux tiers des probl\u00e8mes rencontr\u00e9s sont attribuables aux choix politiques de la municipalit\u00e9 dirig\u00e9e par AUDE LAGARDE.<\/p>\n<h4>Qui est le maire en charge de Drancy ?<\/h4>\n<p>AUDE LAGARDE<\/p>\n<h4>Quels sont les supports d\u2019information dans Drancy ?<\/h4>\n<p>Essentiellement, les informations sur internet. Les habitants peuvent se tenir inform\u00e9s gr\u00e2ce aux actualit\u00e9s et au journal municipal de la commune et des localit\u00e9s environnantes. Sur le site de la mairie, les nouveaux habitants peuvent consulter la page de bienvenue, les num\u00e9ros utiles pour diff\u00e9rentes d\u00e9marches, l\u2019annuaire des petites et moyennes entreprises, les journ\u00e9es et activit\u00e9s gratuites, les informations concernant la rentr\u00e9e scolaire, les menus des cantines, l\u2019espace de confidentialit\u00e9 pour les comptes familiaux et les d\u00e9marches administratives, en particulier celles du secteur scolaire. Sur des plateformes en ligne non g\u00e9r\u00e9es par la mairie, les habitants peuvent trouver des informations sur les \u00e9v\u00e9nements culturels (spectacles, th\u00e9\u00e2tre, festivals) qui dynamisent la vie locale et ouvrent des horizons culturels.<\/p>\n<h4>Quelle est la situation des associations locales au sein de Drancy ?<\/h4>\n<p>Les associations locales ont un impact majeur dans le domaine culturel. Pour trouver les informations d\u2019une association, n\u2019h\u00e9sitez pas \u00e0 consulter l\u2019annuaire en ligne sur le site de la mairie de Drancy<\/p>\n<h4>Comment peut-on \u00eatre actif dans les activit\u00e9s des associations ?<\/h4>\n<p>Dans chaque ville, on peut remarquer que le nombre d\u2019associations et l\u2019agenda de leurs activit\u00e9s (th\u00e9\u00e2tre, festival\u2026) sont marquants et ind\u00e9pendants des d\u00e9cisions de la mairie. Les associations, comme dans l\u2019ensemble du pays, organisent une vari\u00e9t\u00e9 d\u2019\u00e9v\u00e9nements tout au long de l\u2019ann\u00e9e. Pour ceux qui souhaitent s\u2019impliquer, il est facile de s\u2019inscrire \u00e0 ces activit\u00e9s sur le web, o\u00f9 un simple clic donne acc\u00e8s \u00e0 l\u2019agenda des \u00e9v\u00e9nements ou aux num\u00e9ros de contact des organisateurs. Rejoignez-nous d\u2019un simple clic.<\/p>\n<p> Cet article, qui traite du th\u00e8me \u00ab\u00a0Les 3 rivi\u00e8res dans la Somme\u00a0\u00bb, vous est sp\u00e9cialement sugg\u00e9r\u00e9 par cc3rivieres76.com. La chronique est reproduite du mieux possible. Dans le cas o\u00f9 vous souhaitez apporter quelques pr\u00e9cisions concernant le domaine de \u00ab\u00a0Les 3 rivi\u00e8res dans la Somme\u00a0\u00bb vous pouvez solliciter notre r\u00e9daction. La destination de cc3rivieres76.com est de d\u00e9battre de Les 3 rivi\u00e8res dans la Somme dans la transparence en vous apportant la connaissance de tout ce qui est en lien avec ce sujet sur la toile Connectez-vous sur notre site cc3rivieres76.com et nos r\u00e9seaux sociaux dans le but d\u2019\u00eatre inform\u00e9 des futures publications.<\/p>\n","protected":false},"excerpt":{"rendered":"<p>Un article r\u00e9cemment publi\u00e9 s\u2019intitule \u00ab&nbsp;R\u00e9sultats des \u00e9lections municipales 2026&nbsp;\u00bb. \u00c9lections municipales 2026 : les r\u00e9sultats \u00e0 Drancy Y aura-t-il un second tour ? Non, les r\u00e9sultats du premier tour sont connus, la messe est dite. Qui a gagn\u00e9 l\u2019\u00e9lection municipale en 2026 \u00e0 Drancy ? Sans r\u00e9elle contestation, la liste conduite par Jean-Christophe LAGARDE &hellip; <\/p>\n<p class=\"link-more\"><a href=\"https:\/\/www.cc3rivieres76.com\/blog\/drancy-resultats-des-elections-municipales-2026\/\" class=\"more-link\">Continuer la lecture <span class=\"screen-reader-text\"> \u00ab\u00a0Drancy; R\u00e9sultats des \u00e9lections municipales 2026\u00a0\u00bb<\/span><\/a><\/p>\n","protected":false},"author":3,"featured_media":1339,"comment_status":"closed","ping_status":"closed","sticky":false,"template":"","format":"standard","meta":{"footnotes":""},"categories":[2],"tags":[],"class_list":["post-1338","post","type-post","status-publish","format-standard","has-post-thumbnail","hentry","category-les-3-rivieres-dans-la-somme","entry"],"yoast_head":"<!-- This site is optimized with the Yoast SEO plugin v27.5 - https:\/\/yoast.com\/product\/yoast-seo-wordpress\/ -->\n<title>Drancy; R\u00e9sultats des \u00e9lections municipales 2026 - CC3RIVIERES76<\/title>\n<meta name=\"robots\" content=\"index, follow, max-snippet:-1, max-image-preview:large, max-video-preview:-1\" \/>\n<link rel=\"canonical\" href=\"https:\/\/www.cc3rivieres76.com\/blog\/drancy-resultats-des-elections-municipales-2026\/\" \/>\n<meta property=\"og:locale\" content=\"fr_FR\" \/>\n<meta property=\"og:type\" content=\"article\" \/>\n<meta property=\"og:title\" content=\"Drancy; R\u00e9sultats des \u00e9lections municipales 2026 - CC3RIVIERES76\" \/>\n<meta property=\"og:description\" content=\"Un article r\u00e9cemment publi\u00e9 s\u2019intitule \u00ab&nbsp;R\u00e9sultats des \u00e9lections municipales 2026&nbsp;\u00bb. \u00c9lections municipales 2026 : les r\u00e9sultats \u00e0 Drancy Y aura-t-il un second tour ? Non, les r\u00e9sultats du premier tour sont connus, la messe est dite. Qui a gagn\u00e9 l\u2019\u00e9lection municipale en 2026 \u00e0 Drancy ? Sans r\u00e9elle contestation, la liste conduite par Jean-Christophe LAGARDE &hellip; Continuer la lecture \u00ab\u00a0Drancy; R\u00e9sultats des \u00e9lections municipales 2026\u00a0\u00bb\" \/>\n<meta property=\"og:url\" content=\"https:\/\/www.cc3rivieres76.com\/blog\/drancy-resultats-des-elections-municipales-2026\/\" \/>\n<meta property=\"og:site_name\" content=\"CC3RIVIERES76\" \/>\n<meta property=\"article:published_time\" content=\"2026-04-17T05:33:00+00:00\" \/>\n<meta name=\"author\" content=\"Sylvie DE LAUZAINGHEIN\" \/>\n<meta name=\"twitter:card\" content=\"summary_large_image\" \/>\n<meta name=\"twitter:label1\" content=\"\u00c9crit par\" \/>\n\t<meta name=\"twitter:data1\" content=\"Sylvie DE LAUZAINGHEIN\" \/>\n\t<meta name=\"twitter:label2\" content=\"Dur\u00e9e de lecture estim\u00e9e\" \/>\n\t<meta name=\"twitter:data2\" content=\"11 minutes\" \/>\n<script type=\"application\/ld+json\" class=\"yoast-schema-graph\">{\"@context\":\"https:\\\/\\\/schema.org\",\"@graph\":[{\"@type\":\"Article\",\"@id\":\"https:\\\/\\\/www.cc3rivieres76.com\\\/blog\\\/drancy-resultats-des-elections-municipales-2026\\\/#article\",\"isPartOf\":{\"@id\":\"https:\\\/\\\/www.cc3rivieres76.com\\\/blog\\\/drancy-resultats-des-elections-municipales-2026\\\/\"},\"author\":{\"name\":\"Sylvie DE LAUZAINGHEIN\",\"@id\":\"https:\\\/\\\/www.cc3rivieres76.com\\\/blog\\\/#\\\/schema\\\/person\\\/474d457fb7747b5218f39792dfaa5a1c\"},\"headline\":\"Drancy; R\u00e9sultats des \u00e9lections municipales 2026\",\"datePublished\":\"2026-04-17T05:33:00+00:00\",\"mainEntityOfPage\":{\"@id\":\"https:\\\/\\\/www.cc3rivieres76.com\\\/blog\\\/drancy-resultats-des-elections-municipales-2026\\\/\"},\"wordCount\":2286,\"publisher\":{\"@id\":\"https:\\\/\\\/www.cc3rivieres76.com\\\/blog\\\/#organization\"},\"image\":{\"@id\":\"https:\\\/\\\/www.cc3rivieres76.com\\\/blog\\\/drancy-resultats-des-elections-municipales-2026\\\/#primaryimage\"},\"thumbnailUrl\":\"https:\\\/\\\/www.cc3rivieres76.com\\\/blog\\\/wp-content\\\/uploads\\\/2026\\\/04\\\/drancy-resultats-des-elections-municipales-2026.jpg\",\"articleSection\":[\"Les 3 Rivi\u00e8res Dans La Somme:\"],\"inLanguage\":\"fr-FR\"},{\"@type\":\"WebPage\",\"@id\":\"https:\\\/\\\/www.cc3rivieres76.com\\\/blog\\\/drancy-resultats-des-elections-municipales-2026\\\/\",\"url\":\"https:\\\/\\\/www.cc3rivieres76.com\\\/blog\\\/drancy-resultats-des-elections-municipales-2026\\\/\",\"name\":\"Drancy; R\u00e9sultats des \u00e9lections municipales 2026 - CC3RIVIERES76\",\"isPartOf\":{\"@id\":\"https:\\\/\\\/www.cc3rivieres76.com\\\/blog\\\/#website\"},\"primaryImageOfPage\":{\"@id\":\"https:\\\/\\\/www.cc3rivieres76.com\\\/blog\\\/drancy-resultats-des-elections-municipales-2026\\\/#primaryimage\"},\"image\":{\"@id\":\"https:\\\/\\\/www.cc3rivieres76.com\\\/blog\\\/drancy-resultats-des-elections-municipales-2026\\\/#primaryimage\"},\"thumbnailUrl\":\"https:\\\/\\\/www.cc3rivieres76.com\\\/blog\\\/wp-content\\\/uploads\\\/2026\\\/04\\\/drancy-resultats-des-elections-municipales-2026.jpg\",\"datePublished\":\"2026-04-17T05:33:00+00:00\",\"breadcrumb\":{\"@id\":\"https:\\\/\\\/www.cc3rivieres76.com\\\/blog\\\/drancy-resultats-des-elections-municipales-2026\\\/#breadcrumb\"},\"inLanguage\":\"fr-FR\",\"potentialAction\":[{\"@type\":\"ReadAction\",\"target\":[\"https:\\\/\\\/www.cc3rivieres76.com\\\/blog\\\/drancy-resultats-des-elections-municipales-2026\\\/\"]}]},{\"@type\":\"ImageObject\",\"inLanguage\":\"fr-FR\",\"@id\":\"https:\\\/\\\/www.cc3rivieres76.com\\\/blog\\\/drancy-resultats-des-elections-municipales-2026\\\/#primaryimage\",\"url\":\"https:\\\/\\\/www.cc3rivieres76.com\\\/blog\\\/wp-content\\\/uploads\\\/2026\\\/04\\\/drancy-resultats-des-elections-municipales-2026.jpg\",\"contentUrl\":\"https:\\\/\\\/www.cc3rivieres76.com\\\/blog\\\/wp-content\\\/uploads\\\/2026\\\/04\\\/drancy-resultats-des-elections-municipales-2026.jpg\",\"width\":1024,\"height\":684,\"caption\":\"Drancy; R\u00e9sultats des \u00e9lections municipales 2026\"},{\"@type\":\"BreadcrumbList\",\"@id\":\"https:\\\/\\\/www.cc3rivieres76.com\\\/blog\\\/drancy-resultats-des-elections-municipales-2026\\\/#breadcrumb\",\"itemListElement\":[{\"@type\":\"ListItem\",\"position\":1,\"name\":\"Accueil\",\"item\":\"https:\\\/\\\/www.cc3rivieres76.com\\\/blog\\\/\"},{\"@type\":\"ListItem\",\"position\":2,\"name\":\"Drancy; R\u00e9sultats des \u00e9lections municipales 2026\"}]},{\"@type\":\"WebSite\",\"@id\":\"https:\\\/\\\/www.cc3rivieres76.com\\\/blog\\\/#website\",\"url\":\"https:\\\/\\\/www.cc3rivieres76.com\\\/blog\\\/\",\"name\":\"CC3RIVIERES76\",\"description\":\"Les 3 rivi\u00e8res dans la Somme.\",\"publisher\":{\"@id\":\"https:\\\/\\\/www.cc3rivieres76.com\\\/blog\\\/#organization\"},\"potentialAction\":[{\"@type\":\"SearchAction\",\"target\":{\"@type\":\"EntryPoint\",\"urlTemplate\":\"https:\\\/\\\/www.cc3rivieres76.com\\\/blog\\\/?s={search_term_string}\"},\"query-input\":{\"@type\":\"PropertyValueSpecification\",\"valueRequired\":true,\"valueName\":\"search_term_string\"}}],\"inLanguage\":\"fr-FR\"},{\"@type\":\"Organization\",\"@id\":\"https:\\\/\\\/www.cc3rivieres76.com\\\/blog\\\/#organization\",\"name\":\"cc3rivieres76\",\"url\":\"https:\\\/\\\/www.cc3rivieres76.com\\\/blog\\\/\",\"logo\":{\"@type\":\"ImageObject\",\"inLanguage\":\"fr-FR\",\"@id\":\"https:\\\/\\\/www.cc3rivieres76.com\\\/blog\\\/#\\\/schema\\\/logo\\\/image\\\/\",\"url\":\"https:\\\/\\\/www.cc3rivieres76.com\\\/blog\\\/wp-content\\\/uploads\\\/2023\\\/06\\\/logo-2.png\",\"contentUrl\":\"https:\\\/\\\/www.cc3rivieres76.com\\\/blog\\\/wp-content\\\/uploads\\\/2023\\\/06\\\/logo-2.png\",\"width\":390,\"height\":388,\"caption\":\"cc3rivieres76\"},\"image\":{\"@id\":\"https:\\\/\\\/www.cc3rivieres76.com\\\/blog\\\/#\\\/schema\\\/logo\\\/image\\\/\"}},{\"@type\":\"Person\",\"@id\":\"https:\\\/\\\/www.cc3rivieres76.com\\\/blog\\\/#\\\/schema\\\/person\\\/474d457fb7747b5218f39792dfaa5a1c\",\"name\":\"Sylvie DE LAUZAINGHEIN\",\"image\":{\"@type\":\"ImageObject\",\"inLanguage\":\"fr-FR\",\"@id\":\"https:\\\/\\\/secure.gravatar.com\\\/avatar\\\/9c6a53b19e0a3431aa80de0895b9729fe665cd7e7d6cc94fc11abb152f4237d7?s=96&d=mm&r=g\",\"url\":\"https:\\\/\\\/secure.gravatar.com\\\/avatar\\\/9c6a53b19e0a3431aa80de0895b9729fe665cd7e7d6cc94fc11abb152f4237d7?s=96&d=mm&r=g\",\"contentUrl\":\"https:\\\/\\\/secure.gravatar.com\\\/avatar\\\/9c6a53b19e0a3431aa80de0895b9729fe665cd7e7d6cc94fc11abb152f4237d7?s=96&d=mm&r=g\",\"caption\":\"Sylvie DE LAUZAINGHEIN\"},\"url\":\"https:\\\/\\\/www.cc3rivieres76.com\\\/blog\\\/author\\\/s76sylvie\\\/\"}]}<\/script>\n<!-- \/ Yoast SEO plugin. -->","yoast_head_json":{"title":"Drancy; R\u00e9sultats des \u00e9lections municipales 2026 - CC3RIVIERES76","robots":{"index":"index","follow":"follow","max-snippet":"max-snippet:-1","max-image-preview":"max-image-preview:large","max-video-preview":"max-video-preview:-1"},"canonical":"https:\/\/www.cc3rivieres76.com\/blog\/drancy-resultats-des-elections-municipales-2026\/","og_locale":"fr_FR","og_type":"article","og_title":"Drancy; R\u00e9sultats des \u00e9lections municipales 2026 - CC3RIVIERES76","og_description":"Un article r\u00e9cemment publi\u00e9 s\u2019intitule \u00ab&nbsp;R\u00e9sultats des \u00e9lections municipales 2026&nbsp;\u00bb. \u00c9lections municipales 2026 : les r\u00e9sultats \u00e0 Drancy Y aura-t-il un second tour ? Non, les r\u00e9sultats du premier tour sont connus, la messe est dite. Qui a gagn\u00e9 l\u2019\u00e9lection municipale en 2026 \u00e0 Drancy ? Sans r\u00e9elle contestation, la liste conduite par Jean-Christophe LAGARDE &hellip; Continuer la lecture \u00ab\u00a0Drancy; R\u00e9sultats des \u00e9lections municipales 2026\u00a0\u00bb","og_url":"https:\/\/www.cc3rivieres76.com\/blog\/drancy-resultats-des-elections-municipales-2026\/","og_site_name":"CC3RIVIERES76","article_published_time":"2026-04-17T05:33:00+00:00","author":"Sylvie DE LAUZAINGHEIN","twitter_card":"summary_large_image","twitter_misc":{"\u00c9crit par":"Sylvie DE LAUZAINGHEIN","Dur\u00e9e de lecture estim\u00e9e":"11 minutes"},"schema":{"@context":"https:\/\/schema.org","@graph":[{"@type":"Article","@id":"https:\/\/www.cc3rivieres76.com\/blog\/drancy-resultats-des-elections-municipales-2026\/#article","isPartOf":{"@id":"https:\/\/www.cc3rivieres76.com\/blog\/drancy-resultats-des-elections-municipales-2026\/"},"author":{"name":"Sylvie DE LAUZAINGHEIN","@id":"https:\/\/www.cc3rivieres76.com\/blog\/#\/schema\/person\/474d457fb7747b5218f39792dfaa5a1c"},"headline":"Drancy; R\u00e9sultats des \u00e9lections municipales 2026","datePublished":"2026-04-17T05:33:00+00:00","mainEntityOfPage":{"@id":"https:\/\/www.cc3rivieres76.com\/blog\/drancy-resultats-des-elections-municipales-2026\/"},"wordCount":2286,"publisher":{"@id":"https:\/\/www.cc3rivieres76.com\/blog\/#organization"},"image":{"@id":"https:\/\/www.cc3rivieres76.com\/blog\/drancy-resultats-des-elections-municipales-2026\/#primaryimage"},"thumbnailUrl":"https:\/\/www.cc3rivieres76.com\/blog\/wp-content\/uploads\/2026\/04\/drancy-resultats-des-elections-municipales-2026.jpg","articleSection":["Les 3 Rivi\u00e8res Dans La Somme:"],"inLanguage":"fr-FR"},{"@type":"WebPage","@id":"https:\/\/www.cc3rivieres76.com\/blog\/drancy-resultats-des-elections-municipales-2026\/","url":"https:\/\/www.cc3rivieres76.com\/blog\/drancy-resultats-des-elections-municipales-2026\/","name":"Drancy; R\u00e9sultats des \u00e9lections municipales 2026 - CC3RIVIERES76","isPartOf":{"@id":"https:\/\/www.cc3rivieres76.com\/blog\/#website"},"primaryImageOfPage":{"@id":"https:\/\/www.cc3rivieres76.com\/blog\/drancy-resultats-des-elections-municipales-2026\/#primaryimage"},"image":{"@id":"https:\/\/www.cc3rivieres76.com\/blog\/drancy-resultats-des-elections-municipales-2026\/#primaryimage"},"thumbnailUrl":"https:\/\/www.cc3rivieres76.com\/blog\/wp-content\/uploads\/2026\/04\/drancy-resultats-des-elections-municipales-2026.jpg","datePublished":"2026-04-17T05:33:00+00:00","breadcrumb":{"@id":"https:\/\/www.cc3rivieres76.com\/blog\/drancy-resultats-des-elections-municipales-2026\/#breadcrumb"},"inLanguage":"fr-FR","potentialAction":[{"@type":"ReadAction","target":["https:\/\/www.cc3rivieres76.com\/blog\/drancy-resultats-des-elections-municipales-2026\/"]}]},{"@type":"ImageObject","inLanguage":"fr-FR","@id":"https:\/\/www.cc3rivieres76.com\/blog\/drancy-resultats-des-elections-municipales-2026\/#primaryimage","url":"https:\/\/www.cc3rivieres76.com\/blog\/wp-content\/uploads\/2026\/04\/drancy-resultats-des-elections-municipales-2026.jpg","contentUrl":"https:\/\/www.cc3rivieres76.com\/blog\/wp-content\/uploads\/2026\/04\/drancy-resultats-des-elections-municipales-2026.jpg","width":1024,"height":684,"caption":"Drancy; R\u00e9sultats des \u00e9lections municipales 2026"},{"@type":"BreadcrumbList","@id":"https:\/\/www.cc3rivieres76.com\/blog\/drancy-resultats-des-elections-municipales-2026\/#breadcrumb","itemListElement":[{"@type":"ListItem","position":1,"name":"Accueil","item":"https:\/\/www.cc3rivieres76.com\/blog\/"},{"@type":"ListItem","position":2,"name":"Drancy; R\u00e9sultats des \u00e9lections municipales 2026"}]},{"@type":"WebSite","@id":"https:\/\/www.cc3rivieres76.com\/blog\/#website","url":"https:\/\/www.cc3rivieres76.com\/blog\/","name":"CC3RIVIERES76","description":"Les 3 rivi\u00e8res dans la Somme.","publisher":{"@id":"https:\/\/www.cc3rivieres76.com\/blog\/#organization"},"potentialAction":[{"@type":"SearchAction","target":{"@type":"EntryPoint","urlTemplate":"https:\/\/www.cc3rivieres76.com\/blog\/?s={search_term_string}"},"query-input":{"@type":"PropertyValueSpecification","valueRequired":true,"valueName":"search_term_string"}}],"inLanguage":"fr-FR"},{"@type":"Organization","@id":"https:\/\/www.cc3rivieres76.com\/blog\/#organization","name":"cc3rivieres76","url":"https:\/\/www.cc3rivieres76.com\/blog\/","logo":{"@type":"ImageObject","inLanguage":"fr-FR","@id":"https:\/\/www.cc3rivieres76.com\/blog\/#\/schema\/logo\/image\/","url":"https:\/\/www.cc3rivieres76.com\/blog\/wp-content\/uploads\/2023\/06\/logo-2.png","contentUrl":"https:\/\/www.cc3rivieres76.com\/blog\/wp-content\/uploads\/2023\/06\/logo-2.png","width":390,"height":388,"caption":"cc3rivieres76"},"image":{"@id":"https:\/\/www.cc3rivieres76.com\/blog\/#\/schema\/logo\/image\/"}},{"@type":"Person","@id":"https:\/\/www.cc3rivieres76.com\/blog\/#\/schema\/person\/474d457fb7747b5218f39792dfaa5a1c","name":"Sylvie DE LAUZAINGHEIN","image":{"@type":"ImageObject","inLanguage":"fr-FR","@id":"https:\/\/secure.gravatar.com\/avatar\/9c6a53b19e0a3431aa80de0895b9729fe665cd7e7d6cc94fc11abb152f4237d7?s=96&d=mm&r=g","url":"https:\/\/secure.gravatar.com\/avatar\/9c6a53b19e0a3431aa80de0895b9729fe665cd7e7d6cc94fc11abb152f4237d7?s=96&d=mm&r=g","contentUrl":"https:\/\/secure.gravatar.com\/avatar\/9c6a53b19e0a3431aa80de0895b9729fe665cd7e7d6cc94fc11abb152f4237d7?s=96&d=mm&r=g","caption":"Sylvie DE LAUZAINGHEIN"},"url":"https:\/\/www.cc3rivieres76.com\/blog\/author\/s76sylvie\/"}]}},"_links":{"self":[{"href":"https:\/\/www.cc3rivieres76.com\/blog\/wp-json\/wp\/v2\/posts\/1338","targetHints":{"allow":["GET"]}}],"collection":[{"href":"https:\/\/www.cc3rivieres76.com\/blog\/wp-json\/wp\/v2\/posts"}],"about":[{"href":"https:\/\/www.cc3rivieres76.com\/blog\/wp-json\/wp\/v2\/types\/post"}],"author":[{"embeddable":true,"href":"https:\/\/www.cc3rivieres76.com\/blog\/wp-json\/wp\/v2\/users\/3"}],"replies":[{"embeddable":true,"href":"https:\/\/www.cc3rivieres76.com\/blog\/wp-json\/wp\/v2\/comments?post=1338"}],"version-history":[{"count":0,"href":"https:\/\/www.cc3rivieres76.com\/blog\/wp-json\/wp\/v2\/posts\/1338\/revisions"}],"wp:featuredmedia":[{"embeddable":true,"href":"https:\/\/www.cc3rivieres76.com\/blog\/wp-json\/wp\/v2\/media\/1339"}],"wp:attachment":[{"href":"https:\/\/www.cc3rivieres76.com\/blog\/wp-json\/wp\/v2\/media?parent=1338"}],"wp:term":[{"taxonomy":"category","embeddable":true,"href":"https:\/\/www.cc3rivieres76.com\/blog\/wp-json\/wp\/v2\/categories?post=1338"},{"taxonomy":"post_tag","embeddable":true,"href":"https:\/\/www.cc3rivieres76.com\/blog\/wp-json\/wp\/v2\/tags?post=1338"}],"curies":[{"name":"wp","href":"https:\/\/api.w.org\/{rel}","templated":true}]}}