{"id":1569,"date":"2026-08-28T13:22:00","date_gmt":"2026-08-28T11:22:00","guid":{"rendered":"https:\/\/www.n42.fr\/2026\/08\/28\/revue-de-presse-il-a-fallu-faire-le-choix-dabandonner-le-parking-a-etages-de-la-vigne-le-maire-de-cette-commune-ariegeoise-abandonne-un-projet-phare-de-sa-candidature-aux-elections-municipales\/"},"modified":"2026-08-28T13:22:00","modified_gmt":"2026-08-28T11:22:00","slug":"revue-de-presse-il-a-fallu-faire-le-choix-dabandonner-le-parking-a-etages-de-la-vigne-le-maire-de-cette-commune-ariegeoise-abandonne-un-projet-phare-de-sa-candidatu","status":"publish","type":"post","link":"https:\/\/www.cc3rivieres76.com\/blog\/revue-de-presse-il-a-fallu-faire-le-choix-dabandonner-le-parking-a-etages-de-la-vigne-le-maire-de-cette-commune-ariegeoise-abandonne-un-projet-phare-de-sa-candidatu\/","title":{"rendered":"Revue de presse: \u00ab\u00a0Il a fallu faire le choix d\u2019abandonner le parking \u00e0 \u00e9tages de la Vigne\u00a0\u00bb : le maire de cette commune ari\u00e9geoise abandonne un projet phare de sa candidature aux \u00e9lections municipales"},"content":{"rendered":"\n<p> <span class=\"article-full__chapo-label hide-on-small-only\">l\u2019essentiel<\/span><br \/>Pourtant annonc\u00e9 dans son programme de candidature \u00e0 l\u2019\u00e9lection municipale, J\u00e9r\u00f4me Mat\u00e9os, maire de Foix, fait marche arri\u00e8re sur sa promesse de parking \u00e0 deux \u00e9tages sur le site de la Vigne. Un abandon qu\u2019il explique incompatible avec l\u2019inscription du ch\u00e2teau \u00e0 l\u2019UNESCO. Le groupe d\u2019opposition, Foix en commun.e, et les automobilistes partagent un m\u00eame avis : les \u00e9conomies engendr\u00e9es pourraient servir au d\u00e9veloppement de la mobilit\u00e9 douce. <\/p>\n<div data-state=\"fixed-height\" data-selection=\"disabled\"> <!-- Pub DFP Position [outstream] --><\/p>\n<p>En f\u00e9vrier dernier, J\u00e9r\u00f4me Mat\u00e9os annon\u00e7ait dans nos pages sa candidature aux \u00e9lections municipales avec une promesse d\u2019accessibilit\u00e9 : la r\u00e9habilitation du parking de la Vigne pour en faire un \u00e0 \u00e9tages.<\/p>\n<p>\u00ab&nbsp;Le pr\u00e9alable pour que la ville redevienne attractive, c\u2019est la question du stationnement. Et pour moi, la r\u00e9ponse est claire : il faut agrandir le parking de la Vigne en y mettant le plus de places possible. Et si c\u2019est le seul investissement qu\u2019on fera en six ans, eh bien, \u00e7a sera le seul&nbsp;\u00bb, avait-il assur\u00e9.<\/p>\n<h2 class=\"txt-int\">Un projet estim\u00e9 \u00e0 pr\u00e8s de huit millions d\u2019euros<\/h2>\n<p>Mais c\u2019est en marge du vernissage de l\u2019exposition pr\u00e9sentant la candidature du ch\u00e2teau de Foix, et de onze autres \u00e9difices au patrimoine mondial de l\u2019Unesco, jeudi 27 ao\u00fbt, que l\u2019\u00e9lu l\u2019a annonc\u00e9 : \u00ab&nbsp;Le projet, tel que j\u2019avais envisag\u00e9 de le faire, ou comme je l\u2019ai trouv\u00e9 sur mon bureau en arrivant, est incompatible avec l\u2019inscription du monument. Il a fallu faire le choix d\u2019abandonner le parking \u00e0 \u00e9tages de la Vigne&nbsp;\u00bb, a-t-il expliqu\u00e9. \u00ab&nbsp;Il aurait d\u00fb faire l\u2019objet d\u2019un concours d\u2019architecture, ce qui n\u2019a pas \u00e9t\u00e9 r\u00e9alis\u00e9. C\u2019est tout sauf judicieux de le faire \u00e0 pr\u00e9sent.&nbsp;\u00bb<\/p>\n<p>Pour rappel, l\u2019ouvrage devait offrir 200 emplacements suppl\u00e9mentaires pour un co\u00fbt estim\u00e9 jusqu\u2019\u00e0 huit millions d\u2019euros TTC. \u00ab&nbsp;Cela va nous obliger \u00e0 trouver des zones de stationnement ailleurs, dispers\u00e9es dans la commune&nbsp;\u00bb, confirme l\u2019\u00e9dile. \u00ab&nbsp;Mais c\u2019est aussi cela d\u2019avoir des responsabilit\u00e9s. C\u2019est de savoir changer son fusil d\u2019\u00e9paule et, je pense, que les Fux\u00e9ens le comprendront.&nbsp;\u00bb<\/p>\n<h2 class=\"txt-int\">\u00ab&nbsp;C\u2019est toujours satisfaisant d\u2019avoir raison, mais il faut avant tout se projeter sur la suite&nbsp;\u00bb<\/h2>\n<p>Du c\u00f4t\u00e9 de l\u2019opposition, qui avait d\u00e9j\u00e0 \u00e9pingl\u00e9 cette proposition \u00e0 l\u2019\u00e9poque de la campagne \u00e9lectorale pour des raisons \u00e9cologiques et \u00e9conomiques, \u00ab&nbsp;les faits lui donnent raison&nbsp;\u00bb, a avou\u00e9 J\u00e9r\u00f4me Mat\u00e9os.<\/p>\n<p>\u00ab&nbsp;C\u2019est toujours satisfaisant d\u2019avoir raison, mais il faut avant tout se projeter sur la suite pour am\u00e9liorer la mobilit\u00e9 sur Foix&nbsp;\u00bb, avance Alexandre Besson, ancienne t\u00eate de liste Foix en commun.e. \u00ab&nbsp;Nous avons d\u00e9j\u00e0 \u00e9t\u00e9 sollicit\u00e9s par le pr\u00e9sident de l\u2019agglom\u00e9ration, Michel Tarti\u00e9, afin d\u2019en discuter.&nbsp;\u00bb<\/p>\n<p>Le groupe a des solutions bien pr\u00e9cises pour trouver les 200 places suppl\u00e9mentaires, sans pour autant toucher \u00e0 la capacit\u00e9 de stationnement dans le centre-ville : \u00ab&nbsp;Nous devons nous montrer intelligents.&nbsp;\u00bb<\/p>\n<p>Parkings relais reli\u00e9s \u00e0 des navettes, zones de covoiturage, pistes cyclables, v\u00e9los en libre-service ou passerelle vers la zone commerciale de Peysales : les propositions alternatives de mobilit\u00e9 douce ne manquent pas\u2026<\/p>\n<p>\u00ab&nbsp;Quand la distance est assez faible comme c\u2019est le cas pour Montgailhard, Peysales et Saint-Paul-de-Jarrat, il faut permettre aux usagers de se d\u00e9placer autrement. Cela r\u00e9duirait le nombre de voitures sur la route, ou dans la ville. Une voiture en moins, c\u2019est 12 m\u00b2 d\u2019espace lib\u00e9r\u00e9.&nbsp;\u00bb<\/p>\n<h2 class=\"txt-int\">\u00ab&nbsp;Cela nous fera des \u00e9conomies comme nous sommes toujours en train de courir derri\u00e8re l\u2019argent&nbsp;\u00bb<\/h2>\n<p>Au parking de la Vigne, l\u2019attente est longue pour trouver une place, pourtant les usagers semblent ravis de cet abandon. \u00ab&nbsp;Chaque semaine, c\u2019est une bataille pour stationner, mais je suis contente que ce projet ne se fasse pas. Il allait d\u00e9figurer le site&nbsp;\u00bb, affirme Marie, une Toulousaine de passage chaque vendredi.<\/p>\n<p>Certains se rangent m\u00eame \u00e0 l\u2019avis du groupe d\u2019opposition, comme Annick Fraisse. \u00ab&nbsp;C\u2019est une gal\u00e8re de se garer en centre-ville, c\u2019est certain, mais c\u2019est plut\u00f4t une bonne chose, cela nous fera des \u00e9conomies comme nous sommes toujours en train de courir derri\u00e8re l\u2019argent&nbsp;\u00bb, indique-t-elle, rejointe par une commer\u00e7ante du march\u00e9. \u00ab&nbsp;Les gens continueront \u00e0 se mettre comme ils le peuvent, \u00e0 peu pr\u00e8s.&nbsp;\u00bb<\/p>\n<p>La somme ainsi \u00e9conomis\u00e9e devrait, selon elle, servir \u00e0 renforcer le r\u00e9seau de navettes. \u00ab&nbsp;Elles ne passent pas vers chez moi et c\u2019est toutes les heures. Elles pourraient faire le lien avec des parkings plus \u00e9loign\u00e9s&nbsp;\u00bb, assure-t-elle. \u00ab&nbsp;Au quartier du Courbet, j\u2019y ai r\u00e9fl\u00e9chi, mais \u00e0 moins de faire la boucle, je n\u2019ai pas de solution.&nbsp;\u00bb<\/p>\n<p>\u00c0 voir par la suite ce que le maire de la commune entreprendra pour le stationnement de la commune. \u00ab&nbsp;Nous avons quelques id\u00e9es en t\u00eate&nbsp;\u00bb, conclut-il.<\/p>\n<\/div>\n<h2>Les candidats aux \u00e9lections se sont vu attribuer un centre de ressources<\/h2>\n<p>Dans un cadre o\u00f9 les probl\u00e9matiques locales prennent une place pr\u00e9pond\u00e9rante, un accompagnement clair et efficace s\u2019av\u00e8re essentiel pour les pr\u00e9tendants au conseil municipal.<\/p>\n<h2>Un accompagnement diversifi\u00e9 pour l\u2019\u00e9lection municipale<\/h2>\n<p>Le service \u00ab&nbsp;Gagner les Municipales 2026&nbsp;\u00bb se d\u00e9cline en trois niveaux distincts afin de satisfaire les besoins diversifi\u00e9s des candidats. Le premier niveau, Suivi, garantit un \u00e9change continu gr\u00e2ce \u00e0 un intranet, ainsi qu\u2019un calendrier de campagne et des donn\u00e9es juridiques essentielles. Les candidats re\u00e7oivent \u00e9galement des invitations \u00e0 des t\u00e9l\u00e9conf\u00e9rences sur des enjeux pr\u00e9cis pour se tenir inform\u00e9s des tendances r\u00e9centes. Au deuxi\u00e8me niveau, Assistance, il est possible d\u2019acc\u00e9der \u00e0 tout le n\u00e9cessaire pour une campagne pleine d\u2019\u00e9nergie : une hotline active 24 heures sur 24 pour poser des questions et recevoir des r\u00e9ponses rapides, ainsi que des interactions enrichissantes avec d\u2019autres candidats. En somme, le niveau Accompagnement Complet propose un service haut de gamme avec un soutien illimit\u00e9, allant des conseils strat\u00e9giques complets \u00e0 la cr\u00e9ation de supports de communication int\u00e9gr\u00e9s, tout en assurant un suivi personnalis\u00e9 pour maximiser l\u2019efficacit\u00e9 de chaque campagne.<\/p>\n<h2>Des Ressources Vitales \u00e0 Votre Service<\/h2>\n<p>Les candidats auront acc\u00e8s \u00e0 des ressources compl\u00e8tes, englobant la conception et l\u2019impression de supports promotionnels et l\u2019\u00e9laboration d\u2019une strat\u00e9gie num\u00e9rique coh\u00e9rente. Gr\u00e2ce \u00e0 des outils tels qu\u2019un audit pr\u00e9\u00e9lectoral et une plateforme d\u2019\u00e9changes, ce service se r\u00e9v\u00e8le \u00eatre un v\u00e9ritable alli\u00e9 pour les candidats visant \u00e0 se d\u00e9marquer sur un march\u00e9 \u00e9lectoral comp\u00e9titif. L\u2019association d\u00e9clare que \u00ab&nbsp;s\u2019emparer d\u2019une \u00e9lection devrait \u00eatre possible pour tous&nbsp;\u00bb, et par le biais de cette initiative, le CDCL aspire \u00e0 donner les outils n\u00e9cessaires afin que tous les candidats m\u00e8nent leur campagne en toute s\u00e9r\u00e9nit\u00e9 et avec efficacit\u00e9. Les candidats s\u2019interrogent sur de nombreux sujets :<\/p>\n<ul>\n<li>Outils de vote \u00e9lectronique\n<ul>\n<li>Compr\u00e9hension des nouvelles technologies de vote.<\/li>\n<\/ul>\n<\/li>\n<li>Refus d\u2019enregistrement\n<ul>\n<li>Raisons possibles de refus d\u2019enregistrement des candidatures.<\/li>\n<\/ul>\n<\/li>\n<li>R\u00e8gles de validit\u00e9 des suffrages\n<ul>\n<li>Comprendre les crit\u00e8res qui d\u00e9terminent si un vote est valide.<\/li>\n<\/ul>\n<\/li>\n<li>Conditions pour remboursement forfaitaire\n<ul>\n<li>Crit\u00e8res \u00e0 remplir pour b\u00e9n\u00e9ficier du remboursement forfaitaire.<\/li>\n<\/ul>\n<\/li>\n<li>Acc\u00e8s \u00e0 l\u2019information sur les r\u00e9sultats\n<ul>\n<li>S\u2019assurer que l\u2019information sur les r\u00e9sultats est accessible aux \u00e9lecteurs.<\/li>\n<\/ul>\n<\/li>\n<\/ul>\n<p>Pour les appuyer dans leurs efforts \u00e9lectoraux, ils auront la possibilit\u00e9 de d\u00e9couvrir les r\u00e9ponses sur le site de l\u2019association destin\u00e9 aux candidats des \u00e9lections municipales des 15 et 22 mars 2026 <a href=\"https:\/\/www.gagner2026.cdcl.fr\/\" target=\"_blank\">pour se pr\u00e9parer efficacement aux \u00e9lections municipales de 2026 en exploitant toutes les ressources disponibles.<\/a><\/p>\n<h2>Cet ensemble d\u2019outils pour s\u2019imposer lors des \u00e9lections municipales est-il fondamental ?<\/h2>\n<p>\u00c0 une p\u00e9riode o\u00f9 l\u2019engagement \u00e9lectoral et la communication sont capitales, \u00ab&nbsp;Gagner les Municipales 2026&nbsp;\u00bb arrive comme une r\u00e9ponse \u00e0 une forte demande d\u2019accompagnement. Les candidats peuvent d\u00e9sormais se pr\u00e9parer \u00e0 mener des campagnes solides, en s\u2019appuyant sur des m\u00e9thodes \u00e9prouv\u00e9es et des bonnes pratiques communiqu\u00e9es. Pour ceux qui envisagent de faire leur entr\u00e9e dans le milieu \u00e9lectoral, un tel accompagnement pourrait bien changer la donne, de la candidature banale \u00e0 la victoire \u00e9lectorale.<\/p>\n<p> Ce post a \u00e9t\u00e9 reconstitu\u00e9 de la fa\u00e7on la plus compl\u00e8te qui soit. Dans le cas o\u00f9 vous d\u00e9sirez mettre \u00e0 disposition des renseignements suppl\u00e9mentaires \u00e0 cet article sur le sujet \u00ab\u00a0Les 3 rivi\u00e8res dans la Somme\u00a0\u00bb il vous est possible d\u2019\u00e9crire aux coordonn\u00e9es affich\u00e9es sur ce site web. Ce dossier parlant du sujet \u00ab\u00a0Les 3 rivi\u00e8res dans la Somme\u00a0\u00bb fut pris sur internet par les professionnels de la r\u00e9daction de cc3rivieres76.com La finalit\u00e9 de cc3rivieres76.com est de d\u00e9battre de Les 3 rivi\u00e8res dans la Somme dans la transparence en vous donnant la connaissance de tout ce qui est mis en ligne sur ce th\u00e8me sur la toile Il y aura plusieurs d\u00e9veloppements autour du sujet \u00ab\u00a0Les 3 rivi\u00e8res dans la Somme\u00a0\u00bb dans quelques jours, nous vous incitons \u00e0 naviguer sur notre site internet p\u00e9riodiquement.<\/p>\n","protected":false},"excerpt":{"rendered":"<p>l\u2019essentielPourtant annonc\u00e9 dans son programme de candidature \u00e0 l\u2019\u00e9lection municipale, J\u00e9r\u00f4me Mat\u00e9os, maire de Foix, fait marche arri\u00e8re sur sa promesse de parking \u00e0 deux \u00e9tages sur le site de la Vigne. Un abandon qu\u2019il explique incompatible avec l\u2019inscription du ch\u00e2teau \u00e0 l\u2019UNESCO. Le groupe d\u2019opposition, Foix en commun.e, et les automobilistes partagent un m\u00eame &hellip; <\/p>\n<p class=\"link-more\"><a href=\"https:\/\/www.cc3rivieres76.com\/blog\/revue-de-presse-il-a-fallu-faire-le-choix-dabandonner-le-parking-a-etages-de-la-vigne-le-maire-de-cette-commune-ariegeoise-abandonne-un-projet-phare-de-sa-candidatu\/\" class=\"more-link\">Continuer la lecture <span class=\"screen-reader-text\"> \u00ab\u00a0Revue de presse: \u00ab\u00a0Il a fallu faire le choix d\u2019abandonner le parking \u00e0 \u00e9tages de la Vigne\u00a0\u00bb : le maire de cette commune ari\u00e9geoise abandonne un projet phare de sa candidature aux \u00e9lections municipales\u00a0\u00bb<\/span><\/a><\/p>\n","protected":false},"author":2,"featured_media":1570,"comment_status":"closed","ping_status":"closed","sticky":false,"template":"","format":"standard","meta":{"footnotes":""},"categories":[3],"tags":[],"class_list":["post-1569","post","type-post","status-publish","format-standard","has-post-thumbnail","hentry","category-les-3-rivieres-dans-la-somme-actus-24-7","entry"],"yoast_head":"<!-- This site is optimized with the Yoast SEO plugin v28.4 - https:\/\/yoast.com\/product\/yoast-seo-wordpress\/ -->\n<title>Revue de presse: \u00ab\u00a0Il a fallu faire le choix d\u2019abandonner le parking \u00e0 \u00e9tages de la Vigne\u00a0\u00bb : le maire de cette commune ari\u00e9geoise abandonne un projet phare de sa candidature aux \u00e9lections municipales - CC3RIVIERES76<\/title>\n<meta name=\"robots\" content=\"index, follow, max-snippet:-1, max-image-preview:large, max-video-preview:-1\" \/>\n<link rel=\"canonical\" href=\"https:\/\/www.cc3rivieres76.com\/blog\/revue-de-presse-il-a-fallu-faire-le-choix-dabandonner-le-parking-a-etages-de-la-vigne-le-maire-de-cette-commune-ariegeoise-abandonne-un-projet-phare-de-sa-candidatu\/\" \/>\n<meta property=\"og:locale\" content=\"fr_FR\" \/>\n<meta property=\"og:type\" content=\"article\" \/>\n<meta property=\"og:title\" content=\"Revue de presse: \u00ab\u00a0Il a fallu faire le choix d\u2019abandonner le parking \u00e0 \u00e9tages de la Vigne\u00a0\u00bb : le maire de cette commune ari\u00e9geoise abandonne un projet phare de sa candidature aux \u00e9lections municipales - CC3RIVIERES76\" \/>\n<meta property=\"og:description\" content=\"l\u2019essentielPourtant annonc\u00e9 dans son programme de candidature \u00e0 l\u2019\u00e9lection municipale, J\u00e9r\u00f4me Mat\u00e9os, maire de Foix, fait marche arri\u00e8re sur sa promesse de parking \u00e0 deux \u00e9tages sur le site de la Vigne. Un abandon qu\u2019il explique incompatible avec l\u2019inscription du ch\u00e2teau \u00e0 l\u2019UNESCO. Le groupe d\u2019opposition, Foix en commun.e, et les automobilistes partagent un m\u00eame &hellip; Continuer la lecture \u00ab\u00a0Revue de presse: \u00ab\u00a0Il a fallu faire le choix d\u2019abandonner le parking \u00e0 \u00e9tages de la Vigne\u00a0\u00bb : le maire de cette commune ari\u00e9geoise abandonne un projet phare de sa candidature aux \u00e9lections municipales\u00a0\u00bb\" \/>\n<meta property=\"og:url\" content=\"https:\/\/www.cc3rivieres76.com\/blog\/revue-de-presse-il-a-fallu-faire-le-choix-dabandonner-le-parking-a-etages-de-la-vigne-le-maire-de-cette-commune-ariegeoise-abandonne-un-projet-phare-de-sa-candidatu\/\" \/>\n<meta property=\"og:site_name\" content=\"CC3RIVIERES76\" \/>\n<meta property=\"article:published_time\" content=\"2026-08-28T11:22:00+00:00\" \/>\n<meta name=\"author\" content=\"Frater GLORIA\" \/>\n<meta name=\"twitter:card\" content=\"summary_large_image\" \/>\n<meta name=\"twitter:label1\" content=\"\u00c9crit par\" \/>\n\t<meta name=\"twitter:data1\" content=\"Frater GLORIA\" \/>\n\t<meta name=\"twitter:label2\" content=\"Dur\u00e9e de lecture estim\u00e9e\" \/>\n\t<meta name=\"twitter:data2\" content=\"8 minutes\" \/>\n<script type=\"application\/ld+json\" class=\"yoast-schema-graph\">{\"@context\":\"https:\\\/\\\/schema.org\",\"@graph\":[{\"@type\":\"Article\",\"@id\":\"https:\\\/\\\/www.cc3rivieres76.com\\\/blog\\\/revue-de-presse-il-a-fallu-faire-le-choix-dabandonner-le-parking-a-etages-de-la-vigne-le-maire-de-cette-commune-ariegeoise-abandonne-un-projet-phare-de-sa-candidatu\\\/#article\",\"isPartOf\":{\"@id\":\"https:\\\/\\\/www.cc3rivieres76.com\\\/blog\\\/revue-de-presse-il-a-fallu-faire-le-choix-dabandonner-le-parking-a-etages-de-la-vigne-le-maire-de-cette-commune-ariegeoise-abandonne-un-projet-phare-de-sa-candidatu\\\/\"},\"author\":{\"name\":\"Frater GLORIA\",\"@id\":\"https:\\\/\\\/www.cc3rivieres76.com\\\/blog\\\/#\\\/schema\\\/person\\\/01c3eceba6cf14200159d7c395208b79\"},\"headline\":\"Revue de presse: \u00ab\u00a0Il a fallu faire le choix d\u2019abandonner le parking \u00e0 \u00e9tages de la Vigne\u00a0\u00bb : le maire de cette commune ari\u00e9geoise abandonne un projet phare de sa candidature aux \u00e9lections municipales\",\"datePublished\":\"2026-08-28T11:22:00+00:00\",\"mainEntityOfPage\":{\"@id\":\"https:\\\/\\\/www.cc3rivieres76.com\\\/blog\\\/revue-de-presse-il-a-fallu-faire-le-choix-dabandonner-le-parking-a-etages-de-la-vigne-le-maire-de-cette-commune-ariegeoise-abandonne-un-projet-phare-de-sa-candidatu\\\/\"},\"wordCount\":1598,\"publisher\":{\"@id\":\"https:\\\/\\\/www.cc3rivieres76.com\\\/blog\\\/#organization\"},\"image\":{\"@id\":\"https:\\\/\\\/www.cc3rivieres76.com\\\/blog\\\/revue-de-presse-il-a-fallu-faire-le-choix-dabandonner-le-parking-a-etages-de-la-vigne-le-maire-de-cette-commune-ariegeoise-abandonne-un-projet-phare-de-sa-candidatu\\\/#primaryimage\"},\"thumbnailUrl\":\"https:\\\/\\\/www.cc3rivieres76.com\\\/blog\\\/wp-content\\\/uploads\\\/2026\\\/08\\\/revue-de-presse-il-a-fallu-faire-le-choix-dabandonner-le-parking-a-etages-de-la-vigne-le-maire-de-cette-commune-ariegeoise-abandonne-un-projet-phare-de-sa-candidat.jpg\",\"articleSection\":[\"Les 3 Rivi\u00e8res Dans La Somme; Actus 24\\\/7:\"],\"inLanguage\":\"fr-FR\"},{\"@type\":\"WebPage\",\"@id\":\"https:\\\/\\\/www.cc3rivieres76.com\\\/blog\\\/revue-de-presse-il-a-fallu-faire-le-choix-dabandonner-le-parking-a-etages-de-la-vigne-le-maire-de-cette-commune-ariegeoise-abandonne-un-projet-phare-de-sa-candidatu\\\/\",\"url\":\"https:\\\/\\\/www.cc3rivieres76.com\\\/blog\\\/revue-de-presse-il-a-fallu-faire-le-choix-dabandonner-le-parking-a-etages-de-la-vigne-le-maire-de-cette-commune-ariegeoise-abandonne-un-projet-phare-de-sa-candidatu\\\/\",\"name\":\"Revue de presse: \u00ab\u00a0Il a fallu faire le choix d\u2019abandonner le parking \u00e0 \u00e9tages de la Vigne\u00a0\u00bb : le maire de cette commune ari\u00e9geoise abandonne un projet phare de sa candidature aux \u00e9lections municipales - CC3RIVIERES76\",\"isPartOf\":{\"@id\":\"https:\\\/\\\/www.cc3rivieres76.com\\\/blog\\\/#website\"},\"primaryImageOfPage\":{\"@id\":\"https:\\\/\\\/www.cc3rivieres76.com\\\/blog\\\/revue-de-presse-il-a-fallu-faire-le-choix-dabandonner-le-parking-a-etages-de-la-vigne-le-maire-de-cette-commune-ariegeoise-abandonne-un-projet-phare-de-sa-candidatu\\\/#primaryimage\"},\"image\":{\"@id\":\"https:\\\/\\\/www.cc3rivieres76.com\\\/blog\\\/revue-de-presse-il-a-fallu-faire-le-choix-dabandonner-le-parking-a-etages-de-la-vigne-le-maire-de-cette-commune-ariegeoise-abandonne-un-projet-phare-de-sa-candidatu\\\/#primaryimage\"},\"thumbnailUrl\":\"https:\\\/\\\/www.cc3rivieres76.com\\\/blog\\\/wp-content\\\/uploads\\\/2026\\\/08\\\/revue-de-presse-il-a-fallu-faire-le-choix-dabandonner-le-parking-a-etages-de-la-vigne-le-maire-de-cette-commune-ariegeoise-abandonne-un-projet-phare-de-sa-candidat.jpg\",\"datePublished\":\"2026-08-28T11:22:00+00:00\",\"breadcrumb\":{\"@id\":\"https:\\\/\\\/www.cc3rivieres76.com\\\/blog\\\/revue-de-presse-il-a-fallu-faire-le-choix-dabandonner-le-parking-a-etages-de-la-vigne-le-maire-de-cette-commune-ariegeoise-abandonne-un-projet-phare-de-sa-candidatu\\\/#breadcrumb\"},\"inLanguage\":\"fr-FR\",\"potentialAction\":[{\"@type\":\"ReadAction\",\"target\":[\"https:\\\/\\\/www.cc3rivieres76.com\\\/blog\\\/revue-de-presse-il-a-fallu-faire-le-choix-dabandonner-le-parking-a-etages-de-la-vigne-le-maire-de-cette-commune-ariegeoise-abandonne-un-projet-phare-de-sa-candidatu\\\/\"]}]},{\"@type\":\"ImageObject\",\"inLanguage\":\"fr-FR\",\"@id\":\"https:\\\/\\\/www.cc3rivieres76.com\\\/blog\\\/revue-de-presse-il-a-fallu-faire-le-choix-dabandonner-le-parking-a-etages-de-la-vigne-le-maire-de-cette-commune-ariegeoise-abandonne-un-projet-phare-de-sa-candidatu\\\/#primaryimage\",\"url\":\"https:\\\/\\\/www.cc3rivieres76.com\\\/blog\\\/wp-content\\\/uploads\\\/2026\\\/08\\\/revue-de-presse-il-a-fallu-faire-le-choix-dabandonner-le-parking-a-etages-de-la-vigne-le-maire-de-cette-commune-ariegeoise-abandonne-un-projet-phare-de-sa-candidat.jpg\",\"contentUrl\":\"https:\\\/\\\/www.cc3rivieres76.com\\\/blog\\\/wp-content\\\/uploads\\\/2026\\\/08\\\/revue-de-presse-il-a-fallu-faire-le-choix-dabandonner-le-parking-a-etages-de-la-vigne-le-maire-de-cette-commune-ariegeoise-abandonne-un-projet-phare-de-sa-candidat.jpg\",\"width\":1024,\"height\":576,\"caption\":\"Revue de presse: \u00ab\u00a0Il a fallu faire le choix d\u2019abandonner le parking \u00e0 \u00e9tages de la Vigne\u00a0\u00bb : le maire de cette commune ari\u00e9geoise abandonne un projet phare de sa candidature aux \u00e9lections municipales\"},{\"@type\":\"BreadcrumbList\",\"@id\":\"https:\\\/\\\/www.cc3rivieres76.com\\\/blog\\\/revue-de-presse-il-a-fallu-faire-le-choix-dabandonner-le-parking-a-etages-de-la-vigne-le-maire-de-cette-commune-ariegeoise-abandonne-un-projet-phare-de-sa-candidatu\\\/#breadcrumb\",\"itemListElement\":[{\"@type\":\"ListItem\",\"position\":1,\"name\":\"Accueil\",\"item\":\"https:\\\/\\\/www.cc3rivieres76.com\\\/blog\\\/\"},{\"@type\":\"ListItem\",\"position\":2,\"name\":\"Revue de presse: \u00ab\u00a0Il a fallu faire le choix d\u2019abandonner le parking \u00e0 \u00e9tages de la Vigne\u00a0\u00bb : le maire de cette commune ari\u00e9geoise abandonne un projet phare de sa candidature aux \u00e9lections municipales\"}]},{\"@type\":\"WebSite\",\"@id\":\"https:\\\/\\\/www.cc3rivieres76.com\\\/blog\\\/#website\",\"url\":\"https:\\\/\\\/www.cc3rivieres76.com\\\/blog\\\/\",\"name\":\"CC3RIVIERES76\",\"description\":\"Les 3 rivi\u00e8res dans la Somme.\",\"publisher\":{\"@id\":\"https:\\\/\\\/www.cc3rivieres76.com\\\/blog\\\/#organization\"},\"potentialAction\":[{\"@type\":\"SearchAction\",\"target\":{\"@type\":\"EntryPoint\",\"urlTemplate\":\"https:\\\/\\\/www.cc3rivieres76.com\\\/blog\\\/?s={search_term_string}\"},\"query-input\":{\"@type\":\"PropertyValueSpecification\",\"valueRequired\":true,\"valueName\":\"search_term_string\"}}],\"inLanguage\":\"fr-FR\"},{\"@type\":\"Organization\",\"@id\":\"https:\\\/\\\/www.cc3rivieres76.com\\\/blog\\\/#organization\",\"name\":\"cc3rivieres76\",\"url\":\"https:\\\/\\\/www.cc3rivieres76.com\\\/blog\\\/\",\"logo\":{\"@type\":\"ImageObject\",\"inLanguage\":\"fr-FR\",\"@id\":\"https:\\\/\\\/www.cc3rivieres76.com\\\/blog\\\/#\\\/schema\\\/logo\\\/image\\\/\",\"url\":\"https:\\\/\\\/www.cc3rivieres76.com\\\/blog\\\/wp-content\\\/uploads\\\/2023\\\/06\\\/logo-2.png\",\"contentUrl\":\"https:\\\/\\\/www.cc3rivieres76.com\\\/blog\\\/wp-content\\\/uploads\\\/2023\\\/06\\\/logo-2.png\",\"width\":390,\"height\":388,\"caption\":\"cc3rivieres76\"},\"image\":{\"@id\":\"https:\\\/\\\/www.cc3rivieres76.com\\\/blog\\\/#\\\/schema\\\/logo\\\/image\\\/\"}},{\"@type\":\"Person\",\"@id\":\"https:\\\/\\\/www.cc3rivieres76.com\\\/blog\\\/#\\\/schema\\\/person\\\/01c3eceba6cf14200159d7c395208b79\",\"name\":\"Frater GLORIA\",\"image\":{\"@type\":\"ImageObject\",\"inLanguage\":\"fr-FR\",\"@id\":\"https:\\\/\\\/secure.gravatar.com\\\/avatar\\\/1f183720655ee40b4a8703053ad8b70d27350df35abdd097e186c62324f4ba35?s=96&d=mm&r=g\",\"url\":\"https:\\\/\\\/secure.gravatar.com\\\/avatar\\\/1f183720655ee40b4a8703053ad8b70d27350df35abdd097e186c62324f4ba35?s=96&d=mm&r=g\",\"contentUrl\":\"https:\\\/\\\/secure.gravatar.com\\\/avatar\\\/1f183720655ee40b4a8703053ad8b70d27350df35abdd097e186c62324f4ba35?s=96&d=mm&r=g\",\"caption\":\"Frater GLORIA\"},\"url\":\"https:\\\/\\\/www.cc3rivieres76.com\\\/blog\\\/author\\\/s76frater\\\/\"}]}<\/script>\n<!-- \/ Yoast SEO plugin. -->","yoast_head_json":{"title":"Revue de presse: \u00ab\u00a0Il a fallu faire le choix d\u2019abandonner le parking \u00e0 \u00e9tages de la Vigne\u00a0\u00bb : le maire de cette commune ari\u00e9geoise abandonne un projet phare de sa candidature aux \u00e9lections municipales - CC3RIVIERES76","robots":{"index":"index","follow":"follow","max-snippet":"max-snippet:-1","max-image-preview":"max-image-preview:large","max-video-preview":"max-video-preview:-1"},"canonical":"https:\/\/www.cc3rivieres76.com\/blog\/revue-de-presse-il-a-fallu-faire-le-choix-dabandonner-le-parking-a-etages-de-la-vigne-le-maire-de-cette-commune-ariegeoise-abandonne-un-projet-phare-de-sa-candidatu\/","og_locale":"fr_FR","og_type":"article","og_title":"Revue de presse: \u00ab\u00a0Il a fallu faire le choix d\u2019abandonner le parking \u00e0 \u00e9tages de la Vigne\u00a0\u00bb : le maire de cette commune ari\u00e9geoise abandonne un projet phare de sa candidature aux \u00e9lections municipales - CC3RIVIERES76","og_description":"l\u2019essentielPourtant annonc\u00e9 dans son programme de candidature \u00e0 l\u2019\u00e9lection municipale, J\u00e9r\u00f4me Mat\u00e9os, maire de Foix, fait marche arri\u00e8re sur sa promesse de parking \u00e0 deux \u00e9tages sur le site de la Vigne. Un abandon qu\u2019il explique incompatible avec l\u2019inscription du ch\u00e2teau \u00e0 l\u2019UNESCO. Le groupe d\u2019opposition, Foix en commun.e, et les automobilistes partagent un m\u00eame &hellip; Continuer la lecture \u00ab\u00a0Revue de presse: \u00ab\u00a0Il a fallu faire le choix d\u2019abandonner le parking \u00e0 \u00e9tages de la Vigne\u00a0\u00bb : le maire de cette commune ari\u00e9geoise abandonne un projet phare de sa candidature aux \u00e9lections municipales\u00a0\u00bb","og_url":"https:\/\/www.cc3rivieres76.com\/blog\/revue-de-presse-il-a-fallu-faire-le-choix-dabandonner-le-parking-a-etages-de-la-vigne-le-maire-de-cette-commune-ariegeoise-abandonne-un-projet-phare-de-sa-candidatu\/","og_site_name":"CC3RIVIERES76","article_published_time":"2026-08-28T11:22:00+00:00","author":"Frater GLORIA","twitter_card":"summary_large_image","twitter_misc":{"\u00c9crit par":"Frater GLORIA","Dur\u00e9e de lecture estim\u00e9e":"8 minutes"},"schema":{"@context":"https:\/\/schema.org","@graph":[{"@type":"Article","@id":"https:\/\/www.cc3rivieres76.com\/blog\/revue-de-presse-il-a-fallu-faire-le-choix-dabandonner-le-parking-a-etages-de-la-vigne-le-maire-de-cette-commune-ariegeoise-abandonne-un-projet-phare-de-sa-candidatu\/#article","isPartOf":{"@id":"https:\/\/www.cc3rivieres76.com\/blog\/revue-de-presse-il-a-fallu-faire-le-choix-dabandonner-le-parking-a-etages-de-la-vigne-le-maire-de-cette-commune-ariegeoise-abandonne-un-projet-phare-de-sa-candidatu\/"},"author":{"name":"Frater GLORIA","@id":"https:\/\/www.cc3rivieres76.com\/blog\/#\/schema\/person\/01c3eceba6cf14200159d7c395208b79"},"headline":"Revue de presse: \u00ab\u00a0Il a fallu faire le choix d\u2019abandonner le parking \u00e0 \u00e9tages de la Vigne\u00a0\u00bb : le maire de cette commune ari\u00e9geoise abandonne un projet phare de sa candidature aux \u00e9lections municipales","datePublished":"2026-08-28T11:22:00+00:00","mainEntityOfPage":{"@id":"https:\/\/www.cc3rivieres76.com\/blog\/revue-de-presse-il-a-fallu-faire-le-choix-dabandonner-le-parking-a-etages-de-la-vigne-le-maire-de-cette-commune-ariegeoise-abandonne-un-projet-phare-de-sa-candidatu\/"},"wordCount":1598,"publisher":{"@id":"https:\/\/www.cc3rivieres76.com\/blog\/#organization"},"image":{"@id":"https:\/\/www.cc3rivieres76.com\/blog\/revue-de-presse-il-a-fallu-faire-le-choix-dabandonner-le-parking-a-etages-de-la-vigne-le-maire-de-cette-commune-ariegeoise-abandonne-un-projet-phare-de-sa-candidatu\/#primaryimage"},"thumbnailUrl":"https:\/\/www.cc3rivieres76.com\/blog\/wp-content\/uploads\/2026\/08\/revue-de-presse-il-a-fallu-faire-le-choix-dabandonner-le-parking-a-etages-de-la-vigne-le-maire-de-cette-commune-ariegeoise-abandonne-un-projet-phare-de-sa-candidat.jpg","articleSection":["Les 3 Rivi\u00e8res Dans La Somme; Actus 24\/7:"],"inLanguage":"fr-FR"},{"@type":"WebPage","@id":"https:\/\/www.cc3rivieres76.com\/blog\/revue-de-presse-il-a-fallu-faire-le-choix-dabandonner-le-parking-a-etages-de-la-vigne-le-maire-de-cette-commune-ariegeoise-abandonne-un-projet-phare-de-sa-candidatu\/","url":"https:\/\/www.cc3rivieres76.com\/blog\/revue-de-presse-il-a-fallu-faire-le-choix-dabandonner-le-parking-a-etages-de-la-vigne-le-maire-de-cette-commune-ariegeoise-abandonne-un-projet-phare-de-sa-candidatu\/","name":"Revue de presse: \u00ab\u00a0Il a fallu faire le choix d\u2019abandonner le parking \u00e0 \u00e9tages de la Vigne\u00a0\u00bb : le maire de cette commune ari\u00e9geoise abandonne un projet phare de sa candidature aux \u00e9lections municipales - CC3RIVIERES76","isPartOf":{"@id":"https:\/\/www.cc3rivieres76.com\/blog\/#website"},"primaryImageOfPage":{"@id":"https:\/\/www.cc3rivieres76.com\/blog\/revue-de-presse-il-a-fallu-faire-le-choix-dabandonner-le-parking-a-etages-de-la-vigne-le-maire-de-cette-commune-ariegeoise-abandonne-un-projet-phare-de-sa-candidatu\/#primaryimage"},"image":{"@id":"https:\/\/www.cc3rivieres76.com\/blog\/revue-de-presse-il-a-fallu-faire-le-choix-dabandonner-le-parking-a-etages-de-la-vigne-le-maire-de-cette-commune-ariegeoise-abandonne-un-projet-phare-de-sa-candidatu\/#primaryimage"},"thumbnailUrl":"https:\/\/www.cc3rivieres76.com\/blog\/wp-content\/uploads\/2026\/08\/revue-de-presse-il-a-fallu-faire-le-choix-dabandonner-le-parking-a-etages-de-la-vigne-le-maire-de-cette-commune-ariegeoise-abandonne-un-projet-phare-de-sa-candidat.jpg","datePublished":"2026-08-28T11:22:00+00:00","breadcrumb":{"@id":"https:\/\/www.cc3rivieres76.com\/blog\/revue-de-presse-il-a-fallu-faire-le-choix-dabandonner-le-parking-a-etages-de-la-vigne-le-maire-de-cette-commune-ariegeoise-abandonne-un-projet-phare-de-sa-candidatu\/#breadcrumb"},"inLanguage":"fr-FR","potentialAction":[{"@type":"ReadAction","target":["https:\/\/www.cc3rivieres76.com\/blog\/revue-de-presse-il-a-fallu-faire-le-choix-dabandonner-le-parking-a-etages-de-la-vigne-le-maire-de-cette-commune-ariegeoise-abandonne-un-projet-phare-de-sa-candidatu\/"]}]},{"@type":"ImageObject","inLanguage":"fr-FR","@id":"https:\/\/www.cc3rivieres76.com\/blog\/revue-de-presse-il-a-fallu-faire-le-choix-dabandonner-le-parking-a-etages-de-la-vigne-le-maire-de-cette-commune-ariegeoise-abandonne-un-projet-phare-de-sa-candidatu\/#primaryimage","url":"https:\/\/www.cc3rivieres76.com\/blog\/wp-content\/uploads\/2026\/08\/revue-de-presse-il-a-fallu-faire-le-choix-dabandonner-le-parking-a-etages-de-la-vigne-le-maire-de-cette-commune-ariegeoise-abandonne-un-projet-phare-de-sa-candidat.jpg","contentUrl":"https:\/\/www.cc3rivieres76.com\/blog\/wp-content\/uploads\/2026\/08\/revue-de-presse-il-a-fallu-faire-le-choix-dabandonner-le-parking-a-etages-de-la-vigne-le-maire-de-cette-commune-ariegeoise-abandonne-un-projet-phare-de-sa-candidat.jpg","width":1024,"height":576,"caption":"Revue de presse: \u00ab\u00a0Il a fallu faire le choix d\u2019abandonner le parking \u00e0 \u00e9tages de la Vigne\u00a0\u00bb : le maire de cette commune ari\u00e9geoise abandonne un projet phare de sa candidature aux \u00e9lections municipales"},{"@type":"BreadcrumbList","@id":"https:\/\/www.cc3rivieres76.com\/blog\/revue-de-presse-il-a-fallu-faire-le-choix-dabandonner-le-parking-a-etages-de-la-vigne-le-maire-de-cette-commune-ariegeoise-abandonne-un-projet-phare-de-sa-candidatu\/#breadcrumb","itemListElement":[{"@type":"ListItem","position":1,"name":"Accueil","item":"https:\/\/www.cc3rivieres76.com\/blog\/"},{"@type":"ListItem","position":2,"name":"Revue de presse: \u00ab\u00a0Il a fallu faire le choix d\u2019abandonner le parking \u00e0 \u00e9tages de la Vigne\u00a0\u00bb : le maire de cette commune ari\u00e9geoise abandonne un projet phare de sa candidature aux \u00e9lections municipales"}]},{"@type":"WebSite","@id":"https:\/\/www.cc3rivieres76.com\/blog\/#website","url":"https:\/\/www.cc3rivieres76.com\/blog\/","name":"CC3RIVIERES76","description":"Les 3 rivi\u00e8res dans la Somme.","publisher":{"@id":"https:\/\/www.cc3rivieres76.com\/blog\/#organization"},"potentialAction":[{"@type":"SearchAction","target":{"@type":"EntryPoint","urlTemplate":"https:\/\/www.cc3rivieres76.com\/blog\/?s={search_term_string}"},"query-input":{"@type":"PropertyValueSpecification","valueRequired":true,"valueName":"search_term_string"}}],"inLanguage":"fr-FR"},{"@type":"Organization","@id":"https:\/\/www.cc3rivieres76.com\/blog\/#organization","name":"cc3rivieres76","url":"https:\/\/www.cc3rivieres76.com\/blog\/","logo":{"@type":"ImageObject","inLanguage":"fr-FR","@id":"https:\/\/www.cc3rivieres76.com\/blog\/#\/schema\/logo\/image\/","url":"https:\/\/www.cc3rivieres76.com\/blog\/wp-content\/uploads\/2023\/06\/logo-2.png","contentUrl":"https:\/\/www.cc3rivieres76.com\/blog\/wp-content\/uploads\/2023\/06\/logo-2.png","width":390,"height":388,"caption":"cc3rivieres76"},"image":{"@id":"https:\/\/www.cc3rivieres76.com\/blog\/#\/schema\/logo\/image\/"}},{"@type":"Person","@id":"https:\/\/www.cc3rivieres76.com\/blog\/#\/schema\/person\/01c3eceba6cf14200159d7c395208b79","name":"Frater GLORIA","image":{"@type":"ImageObject","inLanguage":"fr-FR","@id":"https:\/\/secure.gravatar.com\/avatar\/1f183720655ee40b4a8703053ad8b70d27350df35abdd097e186c62324f4ba35?s=96&d=mm&r=g","url":"https:\/\/secure.gravatar.com\/avatar\/1f183720655ee40b4a8703053ad8b70d27350df35abdd097e186c62324f4ba35?s=96&d=mm&r=g","contentUrl":"https:\/\/secure.gravatar.com\/avatar\/1f183720655ee40b4a8703053ad8b70d27350df35abdd097e186c62324f4ba35?s=96&d=mm&r=g","caption":"Frater GLORIA"},"url":"https:\/\/www.cc3rivieres76.com\/blog\/author\/s76frater\/"}]}},"_links":{"self":[{"href":"https:\/\/www.cc3rivieres76.com\/blog\/wp-json\/wp\/v2\/posts\/1569","targetHints":{"allow":["GET"]}}],"collection":[{"href":"https:\/\/www.cc3rivieres76.com\/blog\/wp-json\/wp\/v2\/posts"}],"about":[{"href":"https:\/\/www.cc3rivieres76.com\/blog\/wp-json\/wp\/v2\/types\/post"}],"author":[{"embeddable":true,"href":"https:\/\/www.cc3rivieres76.com\/blog\/wp-json\/wp\/v2\/users\/2"}],"replies":[{"embeddable":true,"href":"https:\/\/www.cc3rivieres76.com\/blog\/wp-json\/wp\/v2\/comments?post=1569"}],"version-history":[{"count":0,"href":"https:\/\/www.cc3rivieres76.com\/blog\/wp-json\/wp\/v2\/posts\/1569\/revisions"}],"wp:featuredmedia":[{"embeddable":true,"href":"https:\/\/www.cc3rivieres76.com\/blog\/wp-json\/wp\/v2\/media\/1570"}],"wp:attachment":[{"href":"https:\/\/www.cc3rivieres76.com\/blog\/wp-json\/wp\/v2\/media?parent=1569"}],"wp:term":[{"taxonomy":"category","embeddable":true,"href":"https:\/\/www.cc3rivieres76.com\/blog\/wp-json\/wp\/v2\/categories?post=1569"},{"taxonomy":"post_tag","embeddable":true,"href":"https:\/\/www.cc3rivieres76.com\/blog\/wp-json\/wp\/v2\/tags?post=1569"}],"curies":[{"name":"wp","href":"https:\/\/api.w.org\/{rel}","templated":true}]}}