{"id":172,"date":"2023-09-17T15:51:00","date_gmt":"2023-09-17T13:51:00","guid":{"rendered":"https:\/\/www.site.cdcl.xyz\/2023\/09\/17\/actualites-nationale-les-juntes-du-mali-du-burkina-faso-et-du-niger-renforcent-leur-cooperation-securitaire-france\/"},"modified":"2023-09-17T15:51:00","modified_gmt":"2023-09-17T13:51:00","slug":"actualites-nationale-les-juntes-du-mali-du-burkina-faso-et-du-niger-renforcent-leur-cooperation-securitaire-france","status":"publish","type":"post","link":"https:\/\/www.cc3rivieres76.com\/blog\/actualites-nationale-les-juntes-du-mali-du-burkina-faso-et-du-niger-renforcent-leur-cooperation-securitaire-france\/","title":{"rendered":"Actualit\u00e9s nationale: Les juntes du Mali, du Burkina Faso et du Niger renforcent leur coop\u00e9ration s\u00e9curitaire #France"},"content":{"rendered":"\n<p>Nous venons de remarquer ce papier sur le th\u00e8me \u00ab&nbsp;Actualit\u00e9 fran\u00e7aise&nbsp;\u00bb. Avec plaisir nous vous en communiquons l\u2019essentiel ici.<\/p>\n<p> Annonc\u00e9 sous le nom \u00ab\u00bb, le journaliste est positivement connu pour plusieurs autres \u00e9ditoriaux qu\u2019il a publi\u00e9s sur internet.<\/p>\n<p>La date de parution est 2023-09-17 15:21:00.<\/p>\n<p>Voil\u00e0 lle texte en question : <\/p>\n<p>Ouvrages sur un propos analogue:<\/p>\n<p>Jardin au naturel\/Comment am\u00e9nager un jardin au naturel ?\/Comment favoriser certains animaux ?\/Pourquoi aider les oiseaux ?.,<a href=\"https:\/\/fr.wikibooks.org\/wiki\/Jardin_au_naturel\/Comment_am%C3%A9nager_un_jardin_au_naturel_%3F\/Comment_favoriser_certains_animaux_%3F\/Pourquoi_aider_les_oiseaux_%3F\" target=\"_blank\" rel=\"noopener noreferrer nofollow\">Redirection vers la fiche de pr\u00e9sentation de cet ouvrage<\/a><span><\/span>. Disponible dans toutes les bonnes de l\u2019\u00e9diteurs.<\/p>\n<p>La France occup\u00e9e 1914-1918.,<a href=\"https:\/\/www.kobo.com\/fr\/fr\/ebook\/la-france-occupee-1914-1918\" target=\"_blank\" rel=\"noopener noreferrer nofollow\">R\u00e9f\u00e9rences de l\u2019ouvrage<\/a><span><\/span>. Disponible dans toutes les bonnes biblioth\u00e8ques de votre d\u00e9partement.<\/p>\n<p>Voyages dans la France myst\u00e9rieuse.,<a href=\"https:\/\/www.kobo.com\/fr\/fr\/ebook\/voyages-dans-la-france-mysterieuse\" target=\"_blank\" rel=\"noopener noreferrer nofollow\">Informations sur ce livre<\/a><span><\/span>.<\/p>\n<p> Cet article, qui traite du th\u00e8me \u00ab\u00a0Les 3 rivi\u00e8res dans la Somme\u00a0\u00bb, vous est sp\u00e9cialement sugg\u00e9r\u00e9 par cc3rivieres76.com. La chronique est reproduite du mieux possible. Dans le cas o\u00f9 vous souhaitez apporter quelques pr\u00e9cisions concernant le domaine de \u00ab\u00a0Les 3 rivi\u00e8res dans la Somme\u00a0\u00bb vous pouvez solliciter notre r\u00e9daction. La destination de cc3rivieres76.com est de d\u00e9battre de Les 3 rivi\u00e8res dans la Somme dans la transparence en vous apportant la connaissance de tout ce qui est en lien avec ce sujet sur la toile Connectez-vous sur notre site cc3rivieres76.com et nos r\u00e9seaux sociaux dans le but d\u2019\u00eatre inform\u00e9 des futures publications.<\/p>\n","protected":false},"excerpt":{"rendered":"<p>Nous venons de remarquer ce papier sur le th\u00e8me \u00ab&nbsp;Actualit\u00e9 fran\u00e7aise&nbsp;\u00bb. Avec plaisir nous vous en communiquons l\u2019essentiel ici. Annonc\u00e9 sous le nom \u00ab\u00bb, le journaliste est positivement connu pour plusieurs autres \u00e9ditoriaux qu\u2019il a publi\u00e9s sur internet. La date de parution est 2023-09-17 15:21:00. Voil\u00e0 lle texte en question : Ouvrages sur un propos &hellip; <\/p>\n<p class=\"link-more\"><a href=\"https:\/\/www.cc3rivieres76.com\/blog\/actualites-nationale-les-juntes-du-mali-du-burkina-faso-et-du-niger-renforcent-leur-cooperation-securitaire-france\/\" class=\"more-link\">Continuer la lecture <span class=\"screen-reader-text\"> \u00ab\u00a0Actualit\u00e9s nationale: Les juntes du Mali, du Burkina Faso et du Niger renforcent leur coop\u00e9ration s\u00e9curitaire #France\u00a0\u00bb<\/span><\/a><\/p>\n","protected":false},"author":3,"featured_media":173,"comment_status":"closed","ping_status":"closed","sticky":false,"template":"","format":"standard","meta":{"footnotes":""},"categories":[2],"tags":[],"class_list":["post-172","post","type-post","status-publish","format-standard","has-post-thumbnail","hentry","category-les-3-rivieres-dans-la-somme","entry"],"yoast_head":"<!-- This site is optimized with the Yoast SEO plugin v27.5 - https:\/\/yoast.com\/product\/yoast-seo-wordpress\/ -->\n<title>Actualit\u00e9s nationale: Les juntes du Mali, du Burkina Faso et du Niger renforcent leur coop\u00e9ration s\u00e9curitaire #France - CC3RIVIERES76<\/title>\n<meta name=\"robots\" content=\"index, follow, max-snippet:-1, max-image-preview:large, max-video-preview:-1\" \/>\n<link rel=\"canonical\" href=\"https:\/\/www.cc3rivieres76.com\/blog\/actualites-nationale-les-juntes-du-mali-du-burkina-faso-et-du-niger-renforcent-leur-cooperation-securitaire-france\/\" \/>\n<meta property=\"og:locale\" content=\"fr_FR\" \/>\n<meta property=\"og:type\" content=\"article\" \/>\n<meta property=\"og:title\" content=\"Actualit\u00e9s nationale: Les juntes du Mali, du Burkina Faso et du Niger renforcent leur coop\u00e9ration s\u00e9curitaire #France - CC3RIVIERES76\" \/>\n<meta property=\"og:description\" content=\"Nous venons de remarquer ce papier sur le th\u00e8me \u00ab&nbsp;Actualit\u00e9 fran\u00e7aise&nbsp;\u00bb. Avec plaisir nous vous en communiquons l\u2019essentiel ici. Annonc\u00e9 sous le nom \u00ab\u00bb, le journaliste est positivement connu pour plusieurs autres \u00e9ditoriaux qu\u2019il a publi\u00e9s sur internet. La date de parution est 2023-09-17 15:21:00. Voil\u00e0 lle texte en question : Ouvrages sur un propos &hellip; Continuer la lecture \u00ab\u00a0Actualit\u00e9s nationale: Les juntes du Mali, du Burkina Faso et du Niger renforcent leur coop\u00e9ration s\u00e9curitaire #France\u00a0\u00bb\" \/>\n<meta property=\"og:url\" content=\"https:\/\/www.cc3rivieres76.com\/blog\/actualites-nationale-les-juntes-du-mali-du-burkina-faso-et-du-niger-renforcent-leur-cooperation-securitaire-france\/\" \/>\n<meta property=\"og:site_name\" content=\"CC3RIVIERES76\" \/>\n<meta property=\"article:published_time\" content=\"2023-09-17T13:51:00+00:00\" \/>\n<meta name=\"author\" content=\"Sylvie DE LAUZAINGHEIN\" \/>\n<meta name=\"twitter:card\" content=\"summary_large_image\" \/>\n<meta name=\"twitter:label1\" content=\"\u00c9crit par\" \/>\n\t<meta name=\"twitter:data1\" content=\"Sylvie DE LAUZAINGHEIN\" \/>\n\t<meta name=\"twitter:label2\" content=\"Dur\u00e9e de lecture estim\u00e9e\" \/>\n\t<meta name=\"twitter:data2\" content=\"1 minute\" \/>\n<script type=\"application\/ld+json\" class=\"yoast-schema-graph\">{\"@context\":\"https:\\\/\\\/schema.org\",\"@graph\":[{\"@type\":\"Article\",\"@id\":\"https:\\\/\\\/www.cc3rivieres76.com\\\/blog\\\/actualites-nationale-les-juntes-du-mali-du-burkina-faso-et-du-niger-renforcent-leur-cooperation-securitaire-france\\\/#article\",\"isPartOf\":{\"@id\":\"https:\\\/\\\/www.cc3rivieres76.com\\\/blog\\\/actualites-nationale-les-juntes-du-mali-du-burkina-faso-et-du-niger-renforcent-leur-cooperation-securitaire-france\\\/\"},\"author\":{\"name\":\"Sylvie DE LAUZAINGHEIN\",\"@id\":\"https:\\\/\\\/www.cc3rivieres76.com\\\/blog\\\/#\\\/schema\\\/person\\\/474d457fb7747b5218f39792dfaa5a1c\"},\"headline\":\"Actualit\u00e9s nationale: Les juntes du Mali, du Burkina Faso et du Niger renforcent leur coop\u00e9ration s\u00e9curitaire #France\",\"datePublished\":\"2023-09-17T13:51:00+00:00\",\"mainEntityOfPage\":{\"@id\":\"https:\\\/\\\/www.cc3rivieres76.com\\\/blog\\\/actualites-nationale-les-juntes-du-mali-du-burkina-faso-et-du-niger-renforcent-leur-cooperation-securitaire-france\\\/\"},\"wordCount\":264,\"publisher\":{\"@id\":\"https:\\\/\\\/www.cc3rivieres76.com\\\/blog\\\/#organization\"},\"image\":{\"@id\":\"https:\\\/\\\/www.cc3rivieres76.com\\\/blog\\\/actualites-nationale-les-juntes-du-mali-du-burkina-faso-et-du-niger-renforcent-leur-cooperation-securitaire-france\\\/#primaryimage\"},\"thumbnailUrl\":\"https:\\\/\\\/www.cc3rivieres76.com\\\/blog\\\/wp-content\\\/uploads\\\/2023\\\/09\\\/actualites-nationale-les-juntes-du-mali-du-burkina-faso-et-du-niger-renforcent-leur-cooperation-securitaire-france.jpg\",\"articleSection\":[\"Les 3 Rivi\u00e8res Dans La Somme:\"],\"inLanguage\":\"fr-FR\"},{\"@type\":\"WebPage\",\"@id\":\"https:\\\/\\\/www.cc3rivieres76.com\\\/blog\\\/actualites-nationale-les-juntes-du-mali-du-burkina-faso-et-du-niger-renforcent-leur-cooperation-securitaire-france\\\/\",\"url\":\"https:\\\/\\\/www.cc3rivieres76.com\\\/blog\\\/actualites-nationale-les-juntes-du-mali-du-burkina-faso-et-du-niger-renforcent-leur-cooperation-securitaire-france\\\/\",\"name\":\"Actualit\u00e9s nationale: Les juntes du Mali, du Burkina Faso et du Niger renforcent leur coop\u00e9ration s\u00e9curitaire #France - CC3RIVIERES76\",\"isPartOf\":{\"@id\":\"https:\\\/\\\/www.cc3rivieres76.com\\\/blog\\\/#website\"},\"primaryImageOfPage\":{\"@id\":\"https:\\\/\\\/www.cc3rivieres76.com\\\/blog\\\/actualites-nationale-les-juntes-du-mali-du-burkina-faso-et-du-niger-renforcent-leur-cooperation-securitaire-france\\\/#primaryimage\"},\"image\":{\"@id\":\"https:\\\/\\\/www.cc3rivieres76.com\\\/blog\\\/actualites-nationale-les-juntes-du-mali-du-burkina-faso-et-du-niger-renforcent-leur-cooperation-securitaire-france\\\/#primaryimage\"},\"thumbnailUrl\":\"https:\\\/\\\/www.cc3rivieres76.com\\\/blog\\\/wp-content\\\/uploads\\\/2023\\\/09\\\/actualites-nationale-les-juntes-du-mali-du-burkina-faso-et-du-niger-renforcent-leur-cooperation-securitaire-france.jpg\",\"datePublished\":\"2023-09-17T13:51:00+00:00\",\"breadcrumb\":{\"@id\":\"https:\\\/\\\/www.cc3rivieres76.com\\\/blog\\\/actualites-nationale-les-juntes-du-mali-du-burkina-faso-et-du-niger-renforcent-leur-cooperation-securitaire-france\\\/#breadcrumb\"},\"inLanguage\":\"fr-FR\",\"potentialAction\":[{\"@type\":\"ReadAction\",\"target\":[\"https:\\\/\\\/www.cc3rivieres76.com\\\/blog\\\/actualites-nationale-les-juntes-du-mali-du-burkina-faso-et-du-niger-renforcent-leur-cooperation-securitaire-france\\\/\"]}]},{\"@type\":\"ImageObject\",\"inLanguage\":\"fr-FR\",\"@id\":\"https:\\\/\\\/www.cc3rivieres76.com\\\/blog\\\/actualites-nationale-les-juntes-du-mali-du-burkina-faso-et-du-niger-renforcent-leur-cooperation-securitaire-france\\\/#primaryimage\",\"url\":\"https:\\\/\\\/www.cc3rivieres76.com\\\/blog\\\/wp-content\\\/uploads\\\/2023\\\/09\\\/actualites-nationale-les-juntes-du-mali-du-burkina-faso-et-du-niger-renforcent-leur-cooperation-securitaire-france.jpg\",\"contentUrl\":\"https:\\\/\\\/www.cc3rivieres76.com\\\/blog\\\/wp-content\\\/uploads\\\/2023\\\/09\\\/actualites-nationale-les-juntes-du-mali-du-burkina-faso-et-du-niger-renforcent-leur-cooperation-securitaire-france.jpg\",\"width\":710,\"height\":473,\"caption\":\"Actualit\u00e9s nationale: Les juntes du Mali, du Burkina Faso et du Niger renforcent leur coop\u00e9ration s\u00e9curitaire #France\"},{\"@type\":\"BreadcrumbList\",\"@id\":\"https:\\\/\\\/www.cc3rivieres76.com\\\/blog\\\/actualites-nationale-les-juntes-du-mali-du-burkina-faso-et-du-niger-renforcent-leur-cooperation-securitaire-france\\\/#breadcrumb\",\"itemListElement\":[{\"@type\":\"ListItem\",\"position\":1,\"name\":\"Accueil\",\"item\":\"https:\\\/\\\/www.cc3rivieres76.com\\\/blog\\\/\"},{\"@type\":\"ListItem\",\"position\":2,\"name\":\"Actualit\u00e9s nationale: Les juntes du Mali, du Burkina Faso et du Niger renforcent leur coop\u00e9ration s\u00e9curitaire #France\"}]},{\"@type\":\"WebSite\",\"@id\":\"https:\\\/\\\/www.cc3rivieres76.com\\\/blog\\\/#website\",\"url\":\"https:\\\/\\\/www.cc3rivieres76.com\\\/blog\\\/\",\"name\":\"CC3RIVIERES76\",\"description\":\"Les 3 rivi\u00e8res dans la Somme.\",\"publisher\":{\"@id\":\"https:\\\/\\\/www.cc3rivieres76.com\\\/blog\\\/#organization\"},\"potentialAction\":[{\"@type\":\"SearchAction\",\"target\":{\"@type\":\"EntryPoint\",\"urlTemplate\":\"https:\\\/\\\/www.cc3rivieres76.com\\\/blog\\\/?s={search_term_string}\"},\"query-input\":{\"@type\":\"PropertyValueSpecification\",\"valueRequired\":true,\"valueName\":\"search_term_string\"}}],\"inLanguage\":\"fr-FR\"},{\"@type\":\"Organization\",\"@id\":\"https:\\\/\\\/www.cc3rivieres76.com\\\/blog\\\/#organization\",\"name\":\"cc3rivieres76\",\"url\":\"https:\\\/\\\/www.cc3rivieres76.com\\\/blog\\\/\",\"logo\":{\"@type\":\"ImageObject\",\"inLanguage\":\"fr-FR\",\"@id\":\"https:\\\/\\\/www.cc3rivieres76.com\\\/blog\\\/#\\\/schema\\\/logo\\\/image\\\/\",\"url\":\"https:\\\/\\\/www.cc3rivieres76.com\\\/blog\\\/wp-content\\\/uploads\\\/2023\\\/06\\\/logo-2.png\",\"contentUrl\":\"https:\\\/\\\/www.cc3rivieres76.com\\\/blog\\\/wp-content\\\/uploads\\\/2023\\\/06\\\/logo-2.png\",\"width\":390,\"height\":388,\"caption\":\"cc3rivieres76\"},\"image\":{\"@id\":\"https:\\\/\\\/www.cc3rivieres76.com\\\/blog\\\/#\\\/schema\\\/logo\\\/image\\\/\"}},{\"@type\":\"Person\",\"@id\":\"https:\\\/\\\/www.cc3rivieres76.com\\\/blog\\\/#\\\/schema\\\/person\\\/474d457fb7747b5218f39792dfaa5a1c\",\"name\":\"Sylvie DE LAUZAINGHEIN\",\"image\":{\"@type\":\"ImageObject\",\"inLanguage\":\"fr-FR\",\"@id\":\"https:\\\/\\\/secure.gravatar.com\\\/avatar\\\/9c6a53b19e0a3431aa80de0895b9729fe665cd7e7d6cc94fc11abb152f4237d7?s=96&d=mm&r=g\",\"url\":\"https:\\\/\\\/secure.gravatar.com\\\/avatar\\\/9c6a53b19e0a3431aa80de0895b9729fe665cd7e7d6cc94fc11abb152f4237d7?s=96&d=mm&r=g\",\"contentUrl\":\"https:\\\/\\\/secure.gravatar.com\\\/avatar\\\/9c6a53b19e0a3431aa80de0895b9729fe665cd7e7d6cc94fc11abb152f4237d7?s=96&d=mm&r=g\",\"caption\":\"Sylvie DE LAUZAINGHEIN\"},\"url\":\"https:\\\/\\\/www.cc3rivieres76.com\\\/blog\\\/author\\\/s76sylvie\\\/\"}]}<\/script>\n<!-- \/ Yoast SEO plugin. -->","yoast_head_json":{"title":"Actualit\u00e9s nationale: Les juntes du Mali, du Burkina Faso et du Niger renforcent leur coop\u00e9ration s\u00e9curitaire #France - CC3RIVIERES76","robots":{"index":"index","follow":"follow","max-snippet":"max-snippet:-1","max-image-preview":"max-image-preview:large","max-video-preview":"max-video-preview:-1"},"canonical":"https:\/\/www.cc3rivieres76.com\/blog\/actualites-nationale-les-juntes-du-mali-du-burkina-faso-et-du-niger-renforcent-leur-cooperation-securitaire-france\/","og_locale":"fr_FR","og_type":"article","og_title":"Actualit\u00e9s nationale: Les juntes du Mali, du Burkina Faso et du Niger renforcent leur coop\u00e9ration s\u00e9curitaire #France - CC3RIVIERES76","og_description":"Nous venons de remarquer ce papier sur le th\u00e8me \u00ab&nbsp;Actualit\u00e9 fran\u00e7aise&nbsp;\u00bb. Avec plaisir nous vous en communiquons l\u2019essentiel ici. Annonc\u00e9 sous le nom \u00ab\u00bb, le journaliste est positivement connu pour plusieurs autres \u00e9ditoriaux qu\u2019il a publi\u00e9s sur internet. La date de parution est 2023-09-17 15:21:00. Voil\u00e0 lle texte en question : Ouvrages sur un propos &hellip; Continuer la lecture \u00ab\u00a0Actualit\u00e9s nationale: Les juntes du Mali, du Burkina Faso et du Niger renforcent leur coop\u00e9ration s\u00e9curitaire #France\u00a0\u00bb","og_url":"https:\/\/www.cc3rivieres76.com\/blog\/actualites-nationale-les-juntes-du-mali-du-burkina-faso-et-du-niger-renforcent-leur-cooperation-securitaire-france\/","og_site_name":"CC3RIVIERES76","article_published_time":"2023-09-17T13:51:00+00:00","author":"Sylvie DE LAUZAINGHEIN","twitter_card":"summary_large_image","twitter_misc":{"\u00c9crit par":"Sylvie DE LAUZAINGHEIN","Dur\u00e9e de lecture estim\u00e9e":"1 minute"},"schema":{"@context":"https:\/\/schema.org","@graph":[{"@type":"Article","@id":"https:\/\/www.cc3rivieres76.com\/blog\/actualites-nationale-les-juntes-du-mali-du-burkina-faso-et-du-niger-renforcent-leur-cooperation-securitaire-france\/#article","isPartOf":{"@id":"https:\/\/www.cc3rivieres76.com\/blog\/actualites-nationale-les-juntes-du-mali-du-burkina-faso-et-du-niger-renforcent-leur-cooperation-securitaire-france\/"},"author":{"name":"Sylvie DE LAUZAINGHEIN","@id":"https:\/\/www.cc3rivieres76.com\/blog\/#\/schema\/person\/474d457fb7747b5218f39792dfaa5a1c"},"headline":"Actualit\u00e9s nationale: Les juntes du Mali, du Burkina Faso et du Niger renforcent leur coop\u00e9ration s\u00e9curitaire #France","datePublished":"2023-09-17T13:51:00+00:00","mainEntityOfPage":{"@id":"https:\/\/www.cc3rivieres76.com\/blog\/actualites-nationale-les-juntes-du-mali-du-burkina-faso-et-du-niger-renforcent-leur-cooperation-securitaire-france\/"},"wordCount":264,"publisher":{"@id":"https:\/\/www.cc3rivieres76.com\/blog\/#organization"},"image":{"@id":"https:\/\/www.cc3rivieres76.com\/blog\/actualites-nationale-les-juntes-du-mali-du-burkina-faso-et-du-niger-renforcent-leur-cooperation-securitaire-france\/#primaryimage"},"thumbnailUrl":"https:\/\/www.cc3rivieres76.com\/blog\/wp-content\/uploads\/2023\/09\/actualites-nationale-les-juntes-du-mali-du-burkina-faso-et-du-niger-renforcent-leur-cooperation-securitaire-france.jpg","articleSection":["Les 3 Rivi\u00e8res Dans La Somme:"],"inLanguage":"fr-FR"},{"@type":"WebPage","@id":"https:\/\/www.cc3rivieres76.com\/blog\/actualites-nationale-les-juntes-du-mali-du-burkina-faso-et-du-niger-renforcent-leur-cooperation-securitaire-france\/","url":"https:\/\/www.cc3rivieres76.com\/blog\/actualites-nationale-les-juntes-du-mali-du-burkina-faso-et-du-niger-renforcent-leur-cooperation-securitaire-france\/","name":"Actualit\u00e9s nationale: Les juntes du Mali, du Burkina Faso et du Niger renforcent leur coop\u00e9ration s\u00e9curitaire #France - CC3RIVIERES76","isPartOf":{"@id":"https:\/\/www.cc3rivieres76.com\/blog\/#website"},"primaryImageOfPage":{"@id":"https:\/\/www.cc3rivieres76.com\/blog\/actualites-nationale-les-juntes-du-mali-du-burkina-faso-et-du-niger-renforcent-leur-cooperation-securitaire-france\/#primaryimage"},"image":{"@id":"https:\/\/www.cc3rivieres76.com\/blog\/actualites-nationale-les-juntes-du-mali-du-burkina-faso-et-du-niger-renforcent-leur-cooperation-securitaire-france\/#primaryimage"},"thumbnailUrl":"https:\/\/www.cc3rivieres76.com\/blog\/wp-content\/uploads\/2023\/09\/actualites-nationale-les-juntes-du-mali-du-burkina-faso-et-du-niger-renforcent-leur-cooperation-securitaire-france.jpg","datePublished":"2023-09-17T13:51:00+00:00","breadcrumb":{"@id":"https:\/\/www.cc3rivieres76.com\/blog\/actualites-nationale-les-juntes-du-mali-du-burkina-faso-et-du-niger-renforcent-leur-cooperation-securitaire-france\/#breadcrumb"},"inLanguage":"fr-FR","potentialAction":[{"@type":"ReadAction","target":["https:\/\/www.cc3rivieres76.com\/blog\/actualites-nationale-les-juntes-du-mali-du-burkina-faso-et-du-niger-renforcent-leur-cooperation-securitaire-france\/"]}]},{"@type":"ImageObject","inLanguage":"fr-FR","@id":"https:\/\/www.cc3rivieres76.com\/blog\/actualites-nationale-les-juntes-du-mali-du-burkina-faso-et-du-niger-renforcent-leur-cooperation-securitaire-france\/#primaryimage","url":"https:\/\/www.cc3rivieres76.com\/blog\/wp-content\/uploads\/2023\/09\/actualites-nationale-les-juntes-du-mali-du-burkina-faso-et-du-niger-renforcent-leur-cooperation-securitaire-france.jpg","contentUrl":"https:\/\/www.cc3rivieres76.com\/blog\/wp-content\/uploads\/2023\/09\/actualites-nationale-les-juntes-du-mali-du-burkina-faso-et-du-niger-renforcent-leur-cooperation-securitaire-france.jpg","width":710,"height":473,"caption":"Actualit\u00e9s nationale: Les juntes du Mali, du Burkina Faso et du Niger renforcent leur coop\u00e9ration s\u00e9curitaire #France"},{"@type":"BreadcrumbList","@id":"https:\/\/www.cc3rivieres76.com\/blog\/actualites-nationale-les-juntes-du-mali-du-burkina-faso-et-du-niger-renforcent-leur-cooperation-securitaire-france\/#breadcrumb","itemListElement":[{"@type":"ListItem","position":1,"name":"Accueil","item":"https:\/\/www.cc3rivieres76.com\/blog\/"},{"@type":"ListItem","position":2,"name":"Actualit\u00e9s nationale: Les juntes du Mali, du Burkina Faso et du Niger renforcent leur coop\u00e9ration s\u00e9curitaire #France"}]},{"@type":"WebSite","@id":"https:\/\/www.cc3rivieres76.com\/blog\/#website","url":"https:\/\/www.cc3rivieres76.com\/blog\/","name":"CC3RIVIERES76","description":"Les 3 rivi\u00e8res dans la Somme.","publisher":{"@id":"https:\/\/www.cc3rivieres76.com\/blog\/#organization"},"potentialAction":[{"@type":"SearchAction","target":{"@type":"EntryPoint","urlTemplate":"https:\/\/www.cc3rivieres76.com\/blog\/?s={search_term_string}"},"query-input":{"@type":"PropertyValueSpecification","valueRequired":true,"valueName":"search_term_string"}}],"inLanguage":"fr-FR"},{"@type":"Organization","@id":"https:\/\/www.cc3rivieres76.com\/blog\/#organization","name":"cc3rivieres76","url":"https:\/\/www.cc3rivieres76.com\/blog\/","logo":{"@type":"ImageObject","inLanguage":"fr-FR","@id":"https:\/\/www.cc3rivieres76.com\/blog\/#\/schema\/logo\/image\/","url":"https:\/\/www.cc3rivieres76.com\/blog\/wp-content\/uploads\/2023\/06\/logo-2.png","contentUrl":"https:\/\/www.cc3rivieres76.com\/blog\/wp-content\/uploads\/2023\/06\/logo-2.png","width":390,"height":388,"caption":"cc3rivieres76"},"image":{"@id":"https:\/\/www.cc3rivieres76.com\/blog\/#\/schema\/logo\/image\/"}},{"@type":"Person","@id":"https:\/\/www.cc3rivieres76.com\/blog\/#\/schema\/person\/474d457fb7747b5218f39792dfaa5a1c","name":"Sylvie DE LAUZAINGHEIN","image":{"@type":"ImageObject","inLanguage":"fr-FR","@id":"https:\/\/secure.gravatar.com\/avatar\/9c6a53b19e0a3431aa80de0895b9729fe665cd7e7d6cc94fc11abb152f4237d7?s=96&d=mm&r=g","url":"https:\/\/secure.gravatar.com\/avatar\/9c6a53b19e0a3431aa80de0895b9729fe665cd7e7d6cc94fc11abb152f4237d7?s=96&d=mm&r=g","contentUrl":"https:\/\/secure.gravatar.com\/avatar\/9c6a53b19e0a3431aa80de0895b9729fe665cd7e7d6cc94fc11abb152f4237d7?s=96&d=mm&r=g","caption":"Sylvie DE LAUZAINGHEIN"},"url":"https:\/\/www.cc3rivieres76.com\/blog\/author\/s76sylvie\/"}]}},"_links":{"self":[{"href":"https:\/\/www.cc3rivieres76.com\/blog\/wp-json\/wp\/v2\/posts\/172","targetHints":{"allow":["GET"]}}],"collection":[{"href":"https:\/\/www.cc3rivieres76.com\/blog\/wp-json\/wp\/v2\/posts"}],"about":[{"href":"https:\/\/www.cc3rivieres76.com\/blog\/wp-json\/wp\/v2\/types\/post"}],"author":[{"embeddable":true,"href":"https:\/\/www.cc3rivieres76.com\/blog\/wp-json\/wp\/v2\/users\/3"}],"replies":[{"embeddable":true,"href":"https:\/\/www.cc3rivieres76.com\/blog\/wp-json\/wp\/v2\/comments?post=172"}],"version-history":[{"count":0,"href":"https:\/\/www.cc3rivieres76.com\/blog\/wp-json\/wp\/v2\/posts\/172\/revisions"}],"wp:featuredmedia":[{"embeddable":true,"href":"https:\/\/www.cc3rivieres76.com\/blog\/wp-json\/wp\/v2\/media\/173"}],"wp:attachment":[{"href":"https:\/\/www.cc3rivieres76.com\/blog\/wp-json\/wp\/v2\/media?parent=172"}],"wp:term":[{"taxonomy":"category","embeddable":true,"href":"https:\/\/www.cc3rivieres76.com\/blog\/wp-json\/wp\/v2\/categories?post=172"},{"taxonomy":"post_tag","embeddable":true,"href":"https:\/\/www.cc3rivieres76.com\/blog\/wp-json\/wp\/v2\/tags?post=172"}],"curies":[{"name":"wp","href":"https:\/\/api.w.org\/{rel}","templated":true}]}}