{"id":180,"date":"2023-09-20T18:12:00","date_gmt":"2023-09-20T16:12:00","guid":{"rendered":"https:\/\/www.site.cdcl.xyz\/2023\/09\/20\/actualites-france-comment-menton-se-prepare-a-un-afflux-de-migrants-france\/"},"modified":"2023-09-20T18:12:00","modified_gmt":"2023-09-20T16:12:00","slug":"actualites-france-comment-menton-se-prepare-a-un-afflux-de-migrants-france","status":"publish","type":"post","link":"https:\/\/www.cc3rivieres76.com\/blog\/actualites-france-comment-menton-se-prepare-a-un-afflux-de-migrants-france\/","title":{"rendered":"Actualit\u00e9s France: Comment Menton se pr\u00e9pare \u00e0 un afflux de migrants #France"},"content":{"rendered":"\n<p>Cet \u00e9ditorial ayant pour sujet \u00ab&nbsp;Actualit\u00e9 fran\u00e7aise&nbsp;\u00bb se propage sur internet, nous avons d\u00e9cid\u00e9 de vous le exposer plus bas.<\/p>\n<p>Sachez que le journaliste (identifi\u00e9 sous la signature ) est positivement connu.<\/p>\n<p>Le post a \u00e9t\u00e9 publi\u00e9 \u00e0 une date indiqu\u00e9e 2023-09-20 18:11:00.<\/p>\n<p>A lire sur le m\u00eame objet:<\/p>\n<p>Jeanne d\u2019Arc. H\u00e9ro\u00efne diffam\u00e9e et martyre.,<a href=\"https:\/\/www.kobo.com\/fr\/fr\/ebook\/jeanne-d-arc-heroine-diffamee-et-martyre-1\" target=\"_blank\" rel=\"noopener noreferrer nofollow\">R\u00e9f\u00e9rence lit\u00e9raire de cet ouvrage<\/a><span><\/span>.<\/p>\n<p>Photographie\/Personnalit\u00e9s\/D\/Louis Arthur Ducos du Hauron.,<a href=\"https:\/\/fr.wikibooks.org\/wiki\/Photographie\/Personnalit%C3%A9s\/D\/Louis_Arthur_Ducos_du_Hauron\" target=\"_blank\" rel=\"noopener noreferrer nofollow\">R\u00e9f\u00e9rence lit\u00e9raire<\/a><span><\/span>. Disponible \u00e0 la FNAC.<\/p>\n<p>Photographie\/Soci\u00e9t\u00e9s et Organisations\/F\u00e9d\u00e9ration Photographique de France.,<a href=\"https:\/\/fr.wikibooks.org\/wiki\/Photographie\/Soci%C3%A9t%C3%A9s_et_Organisations\/F%C3%A9d%C3%A9ration_Photographique_de_France\" target=\"_blank\" rel=\"noopener noreferrer nofollow\">R\u00e9f\u00e9rence lit\u00e9raire de ce livre<\/a><span><\/span>.<\/p>\n<p> Cet article, qui traite du th\u00e8me \u00ab\u00a0Les 3 rivi\u00e8res dans la Somme\u00a0\u00bb, vous est sp\u00e9cialement sugg\u00e9r\u00e9 par cc3rivieres76.com. La chronique est reproduite du mieux possible. Dans le cas o\u00f9 vous souhaitez apporter quelques pr\u00e9cisions concernant le domaine de \u00ab\u00a0Les 3 rivi\u00e8res dans la Somme\u00a0\u00bb vous pouvez solliciter notre r\u00e9daction. La destination de cc3rivieres76.com est de d\u00e9battre de Les 3 rivi\u00e8res dans la Somme dans la transparence en vous apportant la connaissance de tout ce qui est en lien avec ce sujet sur la toile Connectez-vous sur notre site cc3rivieres76.com et nos r\u00e9seaux sociaux dans le but d\u2019\u00eatre inform\u00e9 des futures publications.<\/p>\n","protected":false},"excerpt":{"rendered":"<p>Cet \u00e9ditorial ayant pour sujet \u00ab&nbsp;Actualit\u00e9 fran\u00e7aise&nbsp;\u00bb se propage sur internet, nous avons d\u00e9cid\u00e9 de vous le exposer plus bas. Sachez que le journaliste (identifi\u00e9 sous la signature ) est positivement connu. Le post a \u00e9t\u00e9 publi\u00e9 \u00e0 une date indiqu\u00e9e 2023-09-20 18:11:00. A lire sur le m\u00eame objet: Jeanne d\u2019Arc. H\u00e9ro\u00efne diffam\u00e9e et martyre.,R\u00e9f\u00e9rence &hellip; <\/p>\n<p class=\"link-more\"><a href=\"https:\/\/www.cc3rivieres76.com\/blog\/actualites-france-comment-menton-se-prepare-a-un-afflux-de-migrants-france\/\" class=\"more-link\">Continuer la lecture <span class=\"screen-reader-text\"> \u00ab\u00a0Actualit\u00e9s France: Comment Menton se pr\u00e9pare \u00e0 un afflux de migrants #France\u00a0\u00bb<\/span><\/a><\/p>\n","protected":false},"author":3,"featured_media":181,"comment_status":"closed","ping_status":"closed","sticky":false,"template":"","format":"standard","meta":{"footnotes":""},"categories":[2],"tags":[],"class_list":["post-180","post","type-post","status-publish","format-standard","has-post-thumbnail","hentry","category-les-3-rivieres-dans-la-somme","entry"],"yoast_head":"<!-- This site is optimized with the Yoast SEO plugin v27.5 - https:\/\/yoast.com\/product\/yoast-seo-wordpress\/ -->\n<title>Actualit\u00e9s France: Comment Menton se pr\u00e9pare \u00e0 un afflux de migrants #France - CC3RIVIERES76<\/title>\n<meta name=\"robots\" content=\"index, follow, max-snippet:-1, max-image-preview:large, max-video-preview:-1\" \/>\n<link rel=\"canonical\" href=\"https:\/\/www.cc3rivieres76.com\/blog\/actualites-france-comment-menton-se-prepare-a-un-afflux-de-migrants-france\/\" \/>\n<meta property=\"og:locale\" content=\"fr_FR\" \/>\n<meta property=\"og:type\" content=\"article\" \/>\n<meta property=\"og:title\" content=\"Actualit\u00e9s France: Comment Menton se pr\u00e9pare \u00e0 un afflux de migrants #France - CC3RIVIERES76\" \/>\n<meta property=\"og:description\" content=\"Cet \u00e9ditorial ayant pour sujet \u00ab&nbsp;Actualit\u00e9 fran\u00e7aise&nbsp;\u00bb se propage sur internet, nous avons d\u00e9cid\u00e9 de vous le exposer plus bas. Sachez que le journaliste (identifi\u00e9 sous la signature ) est positivement connu. Le post a \u00e9t\u00e9 publi\u00e9 \u00e0 une date indiqu\u00e9e 2023-09-20 18:11:00. A lire sur le m\u00eame objet: Jeanne d\u2019Arc. H\u00e9ro\u00efne diffam\u00e9e et martyre.,R\u00e9f\u00e9rence &hellip; Continuer la lecture \u00ab\u00a0Actualit\u00e9s France: Comment Menton se pr\u00e9pare \u00e0 un afflux de migrants #France\u00a0\u00bb\" \/>\n<meta property=\"og:url\" content=\"https:\/\/www.cc3rivieres76.com\/blog\/actualites-france-comment-menton-se-prepare-a-un-afflux-de-migrants-france\/\" \/>\n<meta property=\"og:site_name\" content=\"CC3RIVIERES76\" \/>\n<meta property=\"article:published_time\" content=\"2023-09-20T16:12:00+00:00\" \/>\n<meta name=\"author\" content=\"Sylvie DE LAUZAINGHEIN\" \/>\n<meta name=\"twitter:card\" content=\"summary_large_image\" \/>\n<meta name=\"twitter:label1\" content=\"\u00c9crit par\" \/>\n\t<meta name=\"twitter:data1\" content=\"Sylvie DE LAUZAINGHEIN\" \/>\n\t<meta name=\"twitter:label2\" content=\"Dur\u00e9e de lecture estim\u00e9e\" \/>\n\t<meta name=\"twitter:data2\" content=\"1 minute\" \/>\n<script type=\"application\/ld+json\" class=\"yoast-schema-graph\">{\"@context\":\"https:\\\/\\\/schema.org\",\"@graph\":[{\"@type\":\"Article\",\"@id\":\"https:\\\/\\\/www.cc3rivieres76.com\\\/blog\\\/actualites-france-comment-menton-se-prepare-a-un-afflux-de-migrants-france\\\/#article\",\"isPartOf\":{\"@id\":\"https:\\\/\\\/www.cc3rivieres76.com\\\/blog\\\/actualites-france-comment-menton-se-prepare-a-un-afflux-de-migrants-france\\\/\"},\"author\":{\"name\":\"Sylvie DE LAUZAINGHEIN\",\"@id\":\"https:\\\/\\\/www.cc3rivieres76.com\\\/blog\\\/#\\\/schema\\\/person\\\/474d457fb7747b5218f39792dfaa5a1c\"},\"headline\":\"Actualit\u00e9s France: Comment Menton se pr\u00e9pare \u00e0 un afflux de migrants #France\",\"datePublished\":\"2023-09-20T16:12:00+00:00\",\"mainEntityOfPage\":{\"@id\":\"https:\\\/\\\/www.cc3rivieres76.com\\\/blog\\\/actualites-france-comment-menton-se-prepare-a-un-afflux-de-migrants-france\\\/\"},\"wordCount\":236,\"publisher\":{\"@id\":\"https:\\\/\\\/www.cc3rivieres76.com\\\/blog\\\/#organization\"},\"image\":{\"@id\":\"https:\\\/\\\/www.cc3rivieres76.com\\\/blog\\\/actualites-france-comment-menton-se-prepare-a-un-afflux-de-migrants-france\\\/#primaryimage\"},\"thumbnailUrl\":\"https:\\\/\\\/www.cc3rivieres76.com\\\/blog\\\/wp-content\\\/uploads\\\/2023\\\/09\\\/actualites-france-comment-menton-se-prepare-a-un-afflux-de-migrants-france.jpg\",\"articleSection\":[\"Les 3 Rivi\u00e8res Dans La Somme:\"],\"inLanguage\":\"fr-FR\"},{\"@type\":\"WebPage\",\"@id\":\"https:\\\/\\\/www.cc3rivieres76.com\\\/blog\\\/actualites-france-comment-menton-se-prepare-a-un-afflux-de-migrants-france\\\/\",\"url\":\"https:\\\/\\\/www.cc3rivieres76.com\\\/blog\\\/actualites-france-comment-menton-se-prepare-a-un-afflux-de-migrants-france\\\/\",\"name\":\"Actualit\u00e9s France: Comment Menton se pr\u00e9pare \u00e0 un afflux de migrants #France - CC3RIVIERES76\",\"isPartOf\":{\"@id\":\"https:\\\/\\\/www.cc3rivieres76.com\\\/blog\\\/#website\"},\"primaryImageOfPage\":{\"@id\":\"https:\\\/\\\/www.cc3rivieres76.com\\\/blog\\\/actualites-france-comment-menton-se-prepare-a-un-afflux-de-migrants-france\\\/#primaryimage\"},\"image\":{\"@id\":\"https:\\\/\\\/www.cc3rivieres76.com\\\/blog\\\/actualites-france-comment-menton-se-prepare-a-un-afflux-de-migrants-france\\\/#primaryimage\"},\"thumbnailUrl\":\"https:\\\/\\\/www.cc3rivieres76.com\\\/blog\\\/wp-content\\\/uploads\\\/2023\\\/09\\\/actualites-france-comment-menton-se-prepare-a-un-afflux-de-migrants-france.jpg\",\"datePublished\":\"2023-09-20T16:12:00+00:00\",\"breadcrumb\":{\"@id\":\"https:\\\/\\\/www.cc3rivieres76.com\\\/blog\\\/actualites-france-comment-menton-se-prepare-a-un-afflux-de-migrants-france\\\/#breadcrumb\"},\"inLanguage\":\"fr-FR\",\"potentialAction\":[{\"@type\":\"ReadAction\",\"target\":[\"https:\\\/\\\/www.cc3rivieres76.com\\\/blog\\\/actualites-france-comment-menton-se-prepare-a-un-afflux-de-migrants-france\\\/\"]}]},{\"@type\":\"ImageObject\",\"inLanguage\":\"fr-FR\",\"@id\":\"https:\\\/\\\/www.cc3rivieres76.com\\\/blog\\\/actualites-france-comment-menton-se-prepare-a-un-afflux-de-migrants-france\\\/#primaryimage\",\"url\":\"https:\\\/\\\/www.cc3rivieres76.com\\\/blog\\\/wp-content\\\/uploads\\\/2023\\\/09\\\/actualites-france-comment-menton-se-prepare-a-un-afflux-de-migrants-france.jpg\",\"contentUrl\":\"https:\\\/\\\/www.cc3rivieres76.com\\\/blog\\\/wp-content\\\/uploads\\\/2023\\\/09\\\/actualites-france-comment-menton-se-prepare-a-un-afflux-de-migrants-france.jpg\",\"width\":720,\"height\":405,\"caption\":\"Actualit\u00e9s France: Comment Menton se pr\u00e9pare \u00e0 un afflux de migrants #France\"},{\"@type\":\"BreadcrumbList\",\"@id\":\"https:\\\/\\\/www.cc3rivieres76.com\\\/blog\\\/actualites-france-comment-menton-se-prepare-a-un-afflux-de-migrants-france\\\/#breadcrumb\",\"itemListElement\":[{\"@type\":\"ListItem\",\"position\":1,\"name\":\"Accueil\",\"item\":\"https:\\\/\\\/www.cc3rivieres76.com\\\/blog\\\/\"},{\"@type\":\"ListItem\",\"position\":2,\"name\":\"Actualit\u00e9s France: Comment Menton se pr\u00e9pare \u00e0 un afflux de migrants #France\"}]},{\"@type\":\"WebSite\",\"@id\":\"https:\\\/\\\/www.cc3rivieres76.com\\\/blog\\\/#website\",\"url\":\"https:\\\/\\\/www.cc3rivieres76.com\\\/blog\\\/\",\"name\":\"CC3RIVIERES76\",\"description\":\"Les 3 rivi\u00e8res dans la Somme.\",\"publisher\":{\"@id\":\"https:\\\/\\\/www.cc3rivieres76.com\\\/blog\\\/#organization\"},\"potentialAction\":[{\"@type\":\"SearchAction\",\"target\":{\"@type\":\"EntryPoint\",\"urlTemplate\":\"https:\\\/\\\/www.cc3rivieres76.com\\\/blog\\\/?s={search_term_string}\"},\"query-input\":{\"@type\":\"PropertyValueSpecification\",\"valueRequired\":true,\"valueName\":\"search_term_string\"}}],\"inLanguage\":\"fr-FR\"},{\"@type\":\"Organization\",\"@id\":\"https:\\\/\\\/www.cc3rivieres76.com\\\/blog\\\/#organization\",\"name\":\"cc3rivieres76\",\"url\":\"https:\\\/\\\/www.cc3rivieres76.com\\\/blog\\\/\",\"logo\":{\"@type\":\"ImageObject\",\"inLanguage\":\"fr-FR\",\"@id\":\"https:\\\/\\\/www.cc3rivieres76.com\\\/blog\\\/#\\\/schema\\\/logo\\\/image\\\/\",\"url\":\"https:\\\/\\\/www.cc3rivieres76.com\\\/blog\\\/wp-content\\\/uploads\\\/2023\\\/06\\\/logo-2.png\",\"contentUrl\":\"https:\\\/\\\/www.cc3rivieres76.com\\\/blog\\\/wp-content\\\/uploads\\\/2023\\\/06\\\/logo-2.png\",\"width\":390,\"height\":388,\"caption\":\"cc3rivieres76\"},\"image\":{\"@id\":\"https:\\\/\\\/www.cc3rivieres76.com\\\/blog\\\/#\\\/schema\\\/logo\\\/image\\\/\"}},{\"@type\":\"Person\",\"@id\":\"https:\\\/\\\/www.cc3rivieres76.com\\\/blog\\\/#\\\/schema\\\/person\\\/474d457fb7747b5218f39792dfaa5a1c\",\"name\":\"Sylvie DE LAUZAINGHEIN\",\"image\":{\"@type\":\"ImageObject\",\"inLanguage\":\"fr-FR\",\"@id\":\"https:\\\/\\\/secure.gravatar.com\\\/avatar\\\/9c6a53b19e0a3431aa80de0895b9729fe665cd7e7d6cc94fc11abb152f4237d7?s=96&d=mm&r=g\",\"url\":\"https:\\\/\\\/secure.gravatar.com\\\/avatar\\\/9c6a53b19e0a3431aa80de0895b9729fe665cd7e7d6cc94fc11abb152f4237d7?s=96&d=mm&r=g\",\"contentUrl\":\"https:\\\/\\\/secure.gravatar.com\\\/avatar\\\/9c6a53b19e0a3431aa80de0895b9729fe665cd7e7d6cc94fc11abb152f4237d7?s=96&d=mm&r=g\",\"caption\":\"Sylvie DE LAUZAINGHEIN\"},\"url\":\"https:\\\/\\\/www.cc3rivieres76.com\\\/blog\\\/author\\\/s76sylvie\\\/\"}]}<\/script>\n<!-- \/ Yoast SEO plugin. -->","yoast_head_json":{"title":"Actualit\u00e9s France: Comment Menton se pr\u00e9pare \u00e0 un afflux de migrants #France - CC3RIVIERES76","robots":{"index":"index","follow":"follow","max-snippet":"max-snippet:-1","max-image-preview":"max-image-preview:large","max-video-preview":"max-video-preview:-1"},"canonical":"https:\/\/www.cc3rivieres76.com\/blog\/actualites-france-comment-menton-se-prepare-a-un-afflux-de-migrants-france\/","og_locale":"fr_FR","og_type":"article","og_title":"Actualit\u00e9s France: Comment Menton se pr\u00e9pare \u00e0 un afflux de migrants #France - CC3RIVIERES76","og_description":"Cet \u00e9ditorial ayant pour sujet \u00ab&nbsp;Actualit\u00e9 fran\u00e7aise&nbsp;\u00bb se propage sur internet, nous avons d\u00e9cid\u00e9 de vous le exposer plus bas. Sachez que le journaliste (identifi\u00e9 sous la signature ) est positivement connu. Le post a \u00e9t\u00e9 publi\u00e9 \u00e0 une date indiqu\u00e9e 2023-09-20 18:11:00. A lire sur le m\u00eame objet: Jeanne d\u2019Arc. H\u00e9ro\u00efne diffam\u00e9e et martyre.,R\u00e9f\u00e9rence &hellip; Continuer la lecture \u00ab\u00a0Actualit\u00e9s France: Comment Menton se pr\u00e9pare \u00e0 un afflux de migrants #France\u00a0\u00bb","og_url":"https:\/\/www.cc3rivieres76.com\/blog\/actualites-france-comment-menton-se-prepare-a-un-afflux-de-migrants-france\/","og_site_name":"CC3RIVIERES76","article_published_time":"2023-09-20T16:12:00+00:00","author":"Sylvie DE LAUZAINGHEIN","twitter_card":"summary_large_image","twitter_misc":{"\u00c9crit par":"Sylvie DE LAUZAINGHEIN","Dur\u00e9e de lecture estim\u00e9e":"1 minute"},"schema":{"@context":"https:\/\/schema.org","@graph":[{"@type":"Article","@id":"https:\/\/www.cc3rivieres76.com\/blog\/actualites-france-comment-menton-se-prepare-a-un-afflux-de-migrants-france\/#article","isPartOf":{"@id":"https:\/\/www.cc3rivieres76.com\/blog\/actualites-france-comment-menton-se-prepare-a-un-afflux-de-migrants-france\/"},"author":{"name":"Sylvie DE LAUZAINGHEIN","@id":"https:\/\/www.cc3rivieres76.com\/blog\/#\/schema\/person\/474d457fb7747b5218f39792dfaa5a1c"},"headline":"Actualit\u00e9s France: Comment Menton se pr\u00e9pare \u00e0 un afflux de migrants #France","datePublished":"2023-09-20T16:12:00+00:00","mainEntityOfPage":{"@id":"https:\/\/www.cc3rivieres76.com\/blog\/actualites-france-comment-menton-se-prepare-a-un-afflux-de-migrants-france\/"},"wordCount":236,"publisher":{"@id":"https:\/\/www.cc3rivieres76.com\/blog\/#organization"},"image":{"@id":"https:\/\/www.cc3rivieres76.com\/blog\/actualites-france-comment-menton-se-prepare-a-un-afflux-de-migrants-france\/#primaryimage"},"thumbnailUrl":"https:\/\/www.cc3rivieres76.com\/blog\/wp-content\/uploads\/2023\/09\/actualites-france-comment-menton-se-prepare-a-un-afflux-de-migrants-france.jpg","articleSection":["Les 3 Rivi\u00e8res Dans La Somme:"],"inLanguage":"fr-FR"},{"@type":"WebPage","@id":"https:\/\/www.cc3rivieres76.com\/blog\/actualites-france-comment-menton-se-prepare-a-un-afflux-de-migrants-france\/","url":"https:\/\/www.cc3rivieres76.com\/blog\/actualites-france-comment-menton-se-prepare-a-un-afflux-de-migrants-france\/","name":"Actualit\u00e9s France: Comment Menton se pr\u00e9pare \u00e0 un afflux de migrants #France - CC3RIVIERES76","isPartOf":{"@id":"https:\/\/www.cc3rivieres76.com\/blog\/#website"},"primaryImageOfPage":{"@id":"https:\/\/www.cc3rivieres76.com\/blog\/actualites-france-comment-menton-se-prepare-a-un-afflux-de-migrants-france\/#primaryimage"},"image":{"@id":"https:\/\/www.cc3rivieres76.com\/blog\/actualites-france-comment-menton-se-prepare-a-un-afflux-de-migrants-france\/#primaryimage"},"thumbnailUrl":"https:\/\/www.cc3rivieres76.com\/blog\/wp-content\/uploads\/2023\/09\/actualites-france-comment-menton-se-prepare-a-un-afflux-de-migrants-france.jpg","datePublished":"2023-09-20T16:12:00+00:00","breadcrumb":{"@id":"https:\/\/www.cc3rivieres76.com\/blog\/actualites-france-comment-menton-se-prepare-a-un-afflux-de-migrants-france\/#breadcrumb"},"inLanguage":"fr-FR","potentialAction":[{"@type":"ReadAction","target":["https:\/\/www.cc3rivieres76.com\/blog\/actualites-france-comment-menton-se-prepare-a-un-afflux-de-migrants-france\/"]}]},{"@type":"ImageObject","inLanguage":"fr-FR","@id":"https:\/\/www.cc3rivieres76.com\/blog\/actualites-france-comment-menton-se-prepare-a-un-afflux-de-migrants-france\/#primaryimage","url":"https:\/\/www.cc3rivieres76.com\/blog\/wp-content\/uploads\/2023\/09\/actualites-france-comment-menton-se-prepare-a-un-afflux-de-migrants-france.jpg","contentUrl":"https:\/\/www.cc3rivieres76.com\/blog\/wp-content\/uploads\/2023\/09\/actualites-france-comment-menton-se-prepare-a-un-afflux-de-migrants-france.jpg","width":720,"height":405,"caption":"Actualit\u00e9s France: Comment Menton se pr\u00e9pare \u00e0 un afflux de migrants #France"},{"@type":"BreadcrumbList","@id":"https:\/\/www.cc3rivieres76.com\/blog\/actualites-france-comment-menton-se-prepare-a-un-afflux-de-migrants-france\/#breadcrumb","itemListElement":[{"@type":"ListItem","position":1,"name":"Accueil","item":"https:\/\/www.cc3rivieres76.com\/blog\/"},{"@type":"ListItem","position":2,"name":"Actualit\u00e9s France: Comment Menton se pr\u00e9pare \u00e0 un afflux de migrants #France"}]},{"@type":"WebSite","@id":"https:\/\/www.cc3rivieres76.com\/blog\/#website","url":"https:\/\/www.cc3rivieres76.com\/blog\/","name":"CC3RIVIERES76","description":"Les 3 rivi\u00e8res dans la Somme.","publisher":{"@id":"https:\/\/www.cc3rivieres76.com\/blog\/#organization"},"potentialAction":[{"@type":"SearchAction","target":{"@type":"EntryPoint","urlTemplate":"https:\/\/www.cc3rivieres76.com\/blog\/?s={search_term_string}"},"query-input":{"@type":"PropertyValueSpecification","valueRequired":true,"valueName":"search_term_string"}}],"inLanguage":"fr-FR"},{"@type":"Organization","@id":"https:\/\/www.cc3rivieres76.com\/blog\/#organization","name":"cc3rivieres76","url":"https:\/\/www.cc3rivieres76.com\/blog\/","logo":{"@type":"ImageObject","inLanguage":"fr-FR","@id":"https:\/\/www.cc3rivieres76.com\/blog\/#\/schema\/logo\/image\/","url":"https:\/\/www.cc3rivieres76.com\/blog\/wp-content\/uploads\/2023\/06\/logo-2.png","contentUrl":"https:\/\/www.cc3rivieres76.com\/blog\/wp-content\/uploads\/2023\/06\/logo-2.png","width":390,"height":388,"caption":"cc3rivieres76"},"image":{"@id":"https:\/\/www.cc3rivieres76.com\/blog\/#\/schema\/logo\/image\/"}},{"@type":"Person","@id":"https:\/\/www.cc3rivieres76.com\/blog\/#\/schema\/person\/474d457fb7747b5218f39792dfaa5a1c","name":"Sylvie DE LAUZAINGHEIN","image":{"@type":"ImageObject","inLanguage":"fr-FR","@id":"https:\/\/secure.gravatar.com\/avatar\/9c6a53b19e0a3431aa80de0895b9729fe665cd7e7d6cc94fc11abb152f4237d7?s=96&d=mm&r=g","url":"https:\/\/secure.gravatar.com\/avatar\/9c6a53b19e0a3431aa80de0895b9729fe665cd7e7d6cc94fc11abb152f4237d7?s=96&d=mm&r=g","contentUrl":"https:\/\/secure.gravatar.com\/avatar\/9c6a53b19e0a3431aa80de0895b9729fe665cd7e7d6cc94fc11abb152f4237d7?s=96&d=mm&r=g","caption":"Sylvie DE LAUZAINGHEIN"},"url":"https:\/\/www.cc3rivieres76.com\/blog\/author\/s76sylvie\/"}]}},"_links":{"self":[{"href":"https:\/\/www.cc3rivieres76.com\/blog\/wp-json\/wp\/v2\/posts\/180","targetHints":{"allow":["GET"]}}],"collection":[{"href":"https:\/\/www.cc3rivieres76.com\/blog\/wp-json\/wp\/v2\/posts"}],"about":[{"href":"https:\/\/www.cc3rivieres76.com\/blog\/wp-json\/wp\/v2\/types\/post"}],"author":[{"embeddable":true,"href":"https:\/\/www.cc3rivieres76.com\/blog\/wp-json\/wp\/v2\/users\/3"}],"replies":[{"embeddable":true,"href":"https:\/\/www.cc3rivieres76.com\/blog\/wp-json\/wp\/v2\/comments?post=180"}],"version-history":[{"count":0,"href":"https:\/\/www.cc3rivieres76.com\/blog\/wp-json\/wp\/v2\/posts\/180\/revisions"}],"wp:featuredmedia":[{"embeddable":true,"href":"https:\/\/www.cc3rivieres76.com\/blog\/wp-json\/wp\/v2\/media\/181"}],"wp:attachment":[{"href":"https:\/\/www.cc3rivieres76.com\/blog\/wp-json\/wp\/v2\/media?parent=180"}],"wp:term":[{"taxonomy":"category","embeddable":true,"href":"https:\/\/www.cc3rivieres76.com\/blog\/wp-json\/wp\/v2\/categories?post=180"},{"taxonomy":"post_tag","embeddable":true,"href":"https:\/\/www.cc3rivieres76.com\/blog\/wp-json\/wp\/v2\/tags?post=180"}],"curies":[{"name":"wp","href":"https:\/\/api.w.org\/{rel}","templated":true}]}}