{"id":190,"date":"2023-10-03T17:10:17","date_gmt":"2023-10-03T15:10:17","guid":{"rendered":"https:\/\/www.site.cdcl.xyz\/2023\/10\/03\/actualites-francaise-la-deputee-lfi-sophia-chikirou-en-pleine-tempete-mediatique-et-judiciaire\/"},"modified":"2023-10-03T17:10:17","modified_gmt":"2023-10-03T15:10:17","slug":"actualites-francaise-la-deputee-lfi-sophia-chikirou-en-pleine-tempete-mediatique-et-judiciaire","status":"publish","type":"post","link":"https:\/\/www.cc3rivieres76.com\/blog\/actualites-francaise-la-deputee-lfi-sophia-chikirou-en-pleine-tempete-mediatique-et-judiciaire\/","title":{"rendered":"Actualit\u00e9s fran\u00e7aise: la d\u00e9put\u00e9e LFI Sophia Chikirou en pleine temp\u00eate m\u00e9diatique et judiciaire"},"content":{"rendered":"\n<p><img decoding=\"async\" src=\"https:\/\/www.cc3rivieres76.com\/blog\/wp-content\/uploads\/2023\/10\/actualites-francaise-la-deputee-lfi-sophia-chikirou-en-pleine-tempete-mediatique-et-judiciaire.jpg\"><\/p>\n<p> La d\u00e9put\u00e9e Sophia Chikirou, proche conseill\u00e8re du chef de La France insoumise Jean-Luc M\u00e9lenchon, fait l\u2019objet de plusieurs enqu\u00eates. L\u2019une est judiciaire et concerne son activit\u00e9 de prestation en communication lors de la pr\u00e9sidentielle 2017. Les autres sont journalistiques et portent \u00e9galement sur son r\u00f4le dans la machine Insoumise. <\/p>\n<div>\n<p class=\"m-pub-dates\"><span class=\"m-pub-dates__date\">Publi\u00e9 le : 10\/03\/2023 \u2013 16:38<\/span><\/p>\n<p> <span class=\"a-svg a-svg--picto-clock\" title=\"Temps de lecture\"> 4 minutes<\/span><\/p>\n<\/div>\n<div>\n<p>Le quotidien <em>Le Monde<\/em> \u00e0 fait para\u00eetre <strong>un long dossier<\/strong> ce 3 octobre et France T\u00e9l\u00e9visions s\u2019appr\u00eate \u00e0 diffuser jeudi 5 octobre un reportage de <strong>Compl\u00e9ment d\u2019enqu\u00eate<\/strong>, consacr\u00e9 \u00e0 son parcours. Et tous deux reviennent sur l\u2019aspect judiciaire. Pour Sophia Chikirou, le dossier est \u00e9pineux. La d\u00e9put\u00e9e est soup\u00e7onn\u00e9e d\u2019avoir surfactur\u00e9 des prestations de son entreprise de communication, qui travaille presque exclusivement pour LFI et Jean-Luc M\u00e9lenchon, puis d\u2019avoir ensuite empoch\u00e9 la diff\u00e9rence.<\/p>\n<p>Selon<em> Le Monde<\/em>cela pourrait lui valoir bient\u00f4t une mise en examen pour \u00ab <em>escroquerie aggrav\u00e9e<\/em> \u00bb. Le quotidien liste \u00e9galement plusieurs prestations ant\u00e9rieures sujettes \u00e0 d\u00e9bat avant de revenir sur l\u2019affaire du M\u00e9dia, cette t\u00e9l\u00e9vision en ligne mont\u00e9e initialement par l\u2019entourage de Jean-Luc M\u00e9lenchon et que Sophia Chikirou a r\u00e9alis\u00e9 pendant quelques mois. Cela s\u2019est mal fini et deux plaintes contre X pour vol ont \u00e9t\u00e9 d\u00e9pos\u00e9es par la webt\u00e9l\u00e9 apr\u00e8s que le bureau de Sophia Chikirou a \u00e9t\u00e9 discr\u00e8tement vid\u00e9 au moment de son d\u00e9part.<\/p>\n<h2>Indignation \u00e0 la France insoumise<\/h2>\n<p>M\u00eame si ces informations ne sont pas nouvelles, les enqu\u00eates \u00e9tant connues depuis plusieurs ann\u00e9es, l\u2019article du <em>Monde<\/em> est jug\u00e9 \u00ab<em> extr\u00eamement \u00e0 charge<\/em> \u00bb par un cadre Insoumise qui s\u2019interroge par ailleurs sur le timing de ces enqu\u00eates journalistiques alors que Jean-Luc M\u00e9lenchon revient sur le devant de la sc\u00e8ne politique avec son nouveau livre dont il entame la promotion cette semaine au Maroc. La pr\u00e9sidente du groupe Insoumis \u00e0 l\u2019Assembl\u00e9e Nationale, Mathilde Panot, parle de son c\u00f4t\u00e9 de \u00ab <em>harc\u00e8lement<\/em> \u00bb de la part des journalistes de Compl\u00e9ment d\u2019enqu\u00eate et aurait ordonn\u00e9, selon le pr\u00e9sentateur de l\u2019\u00e9mission Tristan Waleckx, aux d\u00e9put\u00e9s LFI ne pas r\u00e9pondre \u00e0 France 2.<\/p>\n<p>Interrog\u00e9e ce matin sur le dossier Chikirou au point presse hebdomadaire de LFI, Mathilde Panot a avanc\u00e9 une autre explication au coup de projecteur m\u00e9diatique sur Sophia Chikirou. \u00ab <em>Je trouve profond\u00e9ment sexiste qu\u2019on s\u2019attaque r\u00e9guli\u00e8rement aux femmes politiques, <\/em>at-elle lanc\u00e9.<em> J\u2019ai moi-fait l\u2019objet d\u2019m\u00eame un article du <\/em>Parisien<em> qui \u00e9tait int\u00e9ressant, o\u00f9 apr\u00e8s six ans, on expliquait que je n\u2019\u00e9tais pas celle qui \u00e9crivait mon discours. Bon, voil\u00e0, je n\u2019ai rien d\u2019autre de plus \u00e0 dire sur cette question.<\/em> \u00bb<\/p>\n<p>La r\u00e9ponse de Mathilde Panot peut para\u00eetre \u00e9tonnante, mais elle fait surtout r\u00e9f\u00e9rence \u00e0 l\u2019autre versant des enqu\u00eates journalistiques sur Sophia Chikirou : son influence \u00e0 LFI et son comportement<\/p>\n<h2>La m\u00e9thode Chikirou en question<\/h2>\n<p>Le r\u00f4le et la position de Sophia Chikirou sont ambigus. Officiellement, elle n\u2019est aujourd\u2019hui qu\u2019une simple d\u00e9put\u00e9e et cheffe de file des Insoumis \u00e0 Paris. Mais elle reste tr\u00e8s influente du fait de sa proximit\u00e9 avec Jean-Luc M\u00e9lenchon, avec lequel <em>Le Monde<\/em> lui pr\u00eate une relation sentimentale compliqu\u00e9e. Elle l\u2019a conseill\u00e9 lors de ses trois campagnes pr\u00e9sidentielles et sa candidature aux l\u00e9gislatives \u00e0 Paris a \u00e9t\u00e9 au c\u0153ur d\u2019une brouille qui dure encore entre LFI et une frange du Parti socialiste. L\u2019un de ses r\u00e9cents messages sur les r\u00e9seaux sociaux compare le patron des Communistes Fabien Roussel \u00e0 Jacques Doriot, ex-communiste devenu collaborateur des nazis durant la Seconde Guerre mondiale, a \u00e9galement provoqu\u00e9 une crise ouverte au sein de la Nouvelle union populaire \u00e9cologique et sociale (Nupes).<\/p>\n<p>Sa \u00ab m\u00e9thode \u00bb et ses relations avec les autres, font aussi d\u00e9bat. <em>Le Monde<\/em>Compl\u00e9ment d\u2019enqu\u00eate ainsi que des articles de <em>Lib\u00e9ration<\/em> et de <em>l\u2019Express<\/em> rapportent des propositions particuli\u00e8rement grossi\u00e8res tenues par Sophia Chikirou, au sein du groupe LFI \u00e0 l\u2019Assembl\u00e9e, mais aussi lors de son exp\u00e9rience au M\u00e9dia. Dans ce dernier cas, Sophia Chikirou aurait tenu des discours notamment homophobes, ce qui a conduit le d\u00e9put\u00e9 Insoumis Andy Kerbrat \u00e0 demander une clarification.<\/p>\n<h2>Une dirigeante silencieuse et crainte<\/h2>\n<p>Sophia Chikirou a choisit pour l\u2019instant le silence, tout comme Jean-Luc M\u00e9lenchon, ce qui n\u2019est pas n\u00e9cessairement dans ses habitudes. Cela est une particularit\u00e9 de la d\u00e9put\u00e9e qui ne parle quasiment pas aux m\u00e9dias et est rarement cit\u00e9e dans les \u00e9changes avec les Insoumis. C\u2019est en cela un paradoxe \u00e0 LFI. Tout le monde conna\u00eet son influence, mais personne ne parle d\u2019elle. L\u2019explication officielle est qu\u2019elle n\u2019a pas de poste de premier plan dans l\u2019organigramme du mouvement. L\u2019officieuse est qu\u2019elle est tr\u00e8s crainte, y compris d\u2019ailleurs chez les journalistes qui h\u00e9sitent souvent \u00e0 la solliciter. Cela pourrait changer dans les prochains jours et encore plus, si elle devait \u00eatre mise en examen.<\/p>\n<\/div>\n<p>Bibliographie :<\/p>\n<p>Guide du v\u00e9lo en ville\/Une question d\u2019\u00e9quipement.,<a href=\"https:\/\/fr.wikibooks.org\/wiki\/Guide_du_v%C3%A9lo_en_ville\/Une_question_d%27%C3%A9quipement\" target=\"_blank\" rel=\"noopener noreferrer nofollow\">R\u00e9f\u00e9rence lit\u00e9raire de cet ouvrage<\/a><span><\/span>. Disponible \u00e0 l\u2019achat sur les plateformes Amazon, Fnac, Cultura \u2026.<\/p>\n<p>Le Roi tu\u00e9 par un cochon. Une mort inf\u00e2me aux origines des embl\u00e8mes de la France ?.,<a href=\"https:\/\/www.kobo.com\/fr\/fr\/ebook\/le-roi-tue-par-un-cochon-une-mort-infame-aux-origines-des-emblemes-de-la-france-2\" target=\"_blank\" rel=\"noopener noreferrer nofollow\">Le livre <\/a><span><\/span>. Disponible dans toutes les bonnes librairies.<\/p>\n<p>Photographie\/Soci\u00e9t\u00e9s et Organisations\/\u00c9diteurs de livres photographiques\/\u00c9ditions Altus.,<a href=\"https:\/\/fr.wikibooks.org\/wiki\/Photographie\/Soci%C3%A9t%C3%A9s_et_Organisations\/%C3%89diteurs_de_livres_photographiques\/%C3%89ditions_Altus\" target=\"_blank\" rel=\"noopener noreferrer nofollow\">Lien sur la fiche de pr\u00e9sentation de ce livre<\/a><span><\/span>. Disponible dans toutes les bonnes biblioth\u00e8ques de votre d\u00e9partement.<\/p>\n<p> Cet article, qui traite du th\u00e8me \u00ab\u00a0Les 3 rivi\u00e8res dans la Somme\u00a0\u00bb, vous est sp\u00e9cialement sugg\u00e9r\u00e9 par cc3rivieres76.com. La chronique est reproduite du mieux possible. Dans le cas o\u00f9 vous souhaitez apporter quelques pr\u00e9cisions concernant le domaine de \u00ab\u00a0Les 3 rivi\u00e8res dans la Somme\u00a0\u00bb vous pouvez solliciter notre r\u00e9daction. La destination de cc3rivieres76.com est de d\u00e9battre de Les 3 rivi\u00e8res dans la Somme dans la transparence en vous apportant la connaissance de tout ce qui est en lien avec ce sujet sur la toile Connectez-vous sur notre site cc3rivieres76.com et nos r\u00e9seaux sociaux dans le but d\u2019\u00eatre inform\u00e9 des futures publications.<\/p>\n","protected":false},"excerpt":{"rendered":"<p>La d\u00e9put\u00e9e Sophia Chikirou, proche conseill\u00e8re du chef de La France insoumise Jean-Luc M\u00e9lenchon, fait l\u2019objet de plusieurs enqu\u00eates. L\u2019une est judiciaire et concerne son activit\u00e9 de prestation en communication lors de la pr\u00e9sidentielle 2017. Les autres sont journalistiques et portent \u00e9galement sur son r\u00f4le dans la machine Insoumise. Publi\u00e9 le : 10\/03\/2023 \u2013 16:38 &hellip; <\/p>\n<p class=\"link-more\"><a href=\"https:\/\/www.cc3rivieres76.com\/blog\/actualites-francaise-la-deputee-lfi-sophia-chikirou-en-pleine-tempete-mediatique-et-judiciaire\/\" class=\"more-link\">Continuer la lecture <span class=\"screen-reader-text\"> \u00ab\u00a0Actualit\u00e9s fran\u00e7aise: la d\u00e9put\u00e9e LFI Sophia Chikirou en pleine temp\u00eate m\u00e9diatique et judiciaire\u00a0\u00bb<\/span><\/a><\/p>\n","protected":false},"author":3,"featured_media":191,"comment_status":"closed","ping_status":"closed","sticky":false,"template":"","format":"standard","meta":{"footnotes":""},"categories":[2],"tags":[],"class_list":["post-190","post","type-post","status-publish","format-standard","has-post-thumbnail","hentry","category-les-3-rivieres-dans-la-somme","entry"],"yoast_head":"<!-- This site is optimized with the Yoast SEO plugin v27.5 - https:\/\/yoast.com\/product\/yoast-seo-wordpress\/ -->\n<title>Actualit\u00e9s fran\u00e7aise: la d\u00e9put\u00e9e LFI Sophia Chikirou en pleine temp\u00eate m\u00e9diatique et judiciaire - CC3RIVIERES76<\/title>\n<meta name=\"robots\" content=\"index, follow, max-snippet:-1, max-image-preview:large, max-video-preview:-1\" \/>\n<link rel=\"canonical\" href=\"https:\/\/www.cc3rivieres76.com\/blog\/actualites-francaise-la-deputee-lfi-sophia-chikirou-en-pleine-tempete-mediatique-et-judiciaire\/\" \/>\n<meta property=\"og:locale\" content=\"fr_FR\" \/>\n<meta property=\"og:type\" content=\"article\" \/>\n<meta property=\"og:title\" content=\"Actualit\u00e9s fran\u00e7aise: la d\u00e9put\u00e9e LFI Sophia Chikirou en pleine temp\u00eate m\u00e9diatique et judiciaire - CC3RIVIERES76\" \/>\n<meta property=\"og:description\" content=\"La d\u00e9put\u00e9e Sophia Chikirou, proche conseill\u00e8re du chef de La France insoumise Jean-Luc M\u00e9lenchon, fait l\u2019objet de plusieurs enqu\u00eates. L\u2019une est judiciaire et concerne son activit\u00e9 de prestation en communication lors de la pr\u00e9sidentielle 2017. Les autres sont journalistiques et portent \u00e9galement sur son r\u00f4le dans la machine Insoumise. Publi\u00e9 le : 10\/03\/2023 \u2013 16:38 &hellip; Continuer la lecture \u00ab\u00a0Actualit\u00e9s fran\u00e7aise: la d\u00e9put\u00e9e LFI Sophia Chikirou en pleine temp\u00eate m\u00e9diatique et judiciaire\u00a0\u00bb\" \/>\n<meta property=\"og:url\" content=\"https:\/\/www.cc3rivieres76.com\/blog\/actualites-francaise-la-deputee-lfi-sophia-chikirou-en-pleine-tempete-mediatique-et-judiciaire\/\" \/>\n<meta property=\"og:site_name\" content=\"CC3RIVIERES76\" \/>\n<meta property=\"article:published_time\" content=\"2023-10-03T15:10:17+00:00\" \/>\n<meta property=\"og:image\" content=\"https:\/\/www.cc3rivieres76.com\/blog\/wp-content\/uploads\/2023\/10\/actualites-francaise-la-deputee-lfi-sophia-chikirou-en-pleine-tempete-mediatique-et-judiciaire.jpg\" \/>\n<meta name=\"author\" content=\"Sylvie DE LAUZAINGHEIN\" \/>\n<meta name=\"twitter:card\" content=\"summary_large_image\" \/>\n<meta name=\"twitter:label1\" content=\"\u00c9crit par\" \/>\n\t<meta name=\"twitter:data1\" content=\"Sylvie DE LAUZAINGHEIN\" \/>\n\t<meta name=\"twitter:label2\" content=\"Dur\u00e9e de lecture estim\u00e9e\" \/>\n\t<meta name=\"twitter:data2\" content=\"5 minutes\" \/>\n<script type=\"application\/ld+json\" class=\"yoast-schema-graph\">{\"@context\":\"https:\\\/\\\/schema.org\",\"@graph\":[{\"@type\":\"Article\",\"@id\":\"https:\\\/\\\/www.cc3rivieres76.com\\\/blog\\\/actualites-francaise-la-deputee-lfi-sophia-chikirou-en-pleine-tempete-mediatique-et-judiciaire\\\/#article\",\"isPartOf\":{\"@id\":\"https:\\\/\\\/www.cc3rivieres76.com\\\/blog\\\/actualites-francaise-la-deputee-lfi-sophia-chikirou-en-pleine-tempete-mediatique-et-judiciaire\\\/\"},\"author\":{\"name\":\"Sylvie DE LAUZAINGHEIN\",\"@id\":\"https:\\\/\\\/www.cc3rivieres76.com\\\/blog\\\/#\\\/schema\\\/person\\\/474d457fb7747b5218f39792dfaa5a1c\"},\"headline\":\"Actualit\u00e9s fran\u00e7aise: la d\u00e9put\u00e9e LFI Sophia Chikirou en pleine temp\u00eate m\u00e9diatique et judiciaire\",\"datePublished\":\"2023-10-03T15:10:17+00:00\",\"mainEntityOfPage\":{\"@id\":\"https:\\\/\\\/www.cc3rivieres76.com\\\/blog\\\/actualites-francaise-la-deputee-lfi-sophia-chikirou-en-pleine-tempete-mediatique-et-judiciaire\\\/\"},\"wordCount\":1090,\"publisher\":{\"@id\":\"https:\\\/\\\/www.cc3rivieres76.com\\\/blog\\\/#organization\"},\"image\":{\"@id\":\"https:\\\/\\\/www.cc3rivieres76.com\\\/blog\\\/actualites-francaise-la-deputee-lfi-sophia-chikirou-en-pleine-tempete-mediatique-et-judiciaire\\\/#primaryimage\"},\"thumbnailUrl\":\"https:\\\/\\\/www.cc3rivieres76.com\\\/blog\\\/wp-content\\\/uploads\\\/2023\\\/10\\\/actualites-francaise-la-deputee-lfi-sophia-chikirou-en-pleine-tempete-mediatique-et-judiciaire.jpg\",\"articleSection\":[\"Les 3 Rivi\u00e8res Dans La Somme:\"],\"inLanguage\":\"fr-FR\"},{\"@type\":\"WebPage\",\"@id\":\"https:\\\/\\\/www.cc3rivieres76.com\\\/blog\\\/actualites-francaise-la-deputee-lfi-sophia-chikirou-en-pleine-tempete-mediatique-et-judiciaire\\\/\",\"url\":\"https:\\\/\\\/www.cc3rivieres76.com\\\/blog\\\/actualites-francaise-la-deputee-lfi-sophia-chikirou-en-pleine-tempete-mediatique-et-judiciaire\\\/\",\"name\":\"Actualit\u00e9s fran\u00e7aise: la d\u00e9put\u00e9e LFI Sophia Chikirou en pleine temp\u00eate m\u00e9diatique et judiciaire - CC3RIVIERES76\",\"isPartOf\":{\"@id\":\"https:\\\/\\\/www.cc3rivieres76.com\\\/blog\\\/#website\"},\"primaryImageOfPage\":{\"@id\":\"https:\\\/\\\/www.cc3rivieres76.com\\\/blog\\\/actualites-francaise-la-deputee-lfi-sophia-chikirou-en-pleine-tempete-mediatique-et-judiciaire\\\/#primaryimage\"},\"image\":{\"@id\":\"https:\\\/\\\/www.cc3rivieres76.com\\\/blog\\\/actualites-francaise-la-deputee-lfi-sophia-chikirou-en-pleine-tempete-mediatique-et-judiciaire\\\/#primaryimage\"},\"thumbnailUrl\":\"https:\\\/\\\/www.cc3rivieres76.com\\\/blog\\\/wp-content\\\/uploads\\\/2023\\\/10\\\/actualites-francaise-la-deputee-lfi-sophia-chikirou-en-pleine-tempete-mediatique-et-judiciaire.jpg\",\"datePublished\":\"2023-10-03T15:10:17+00:00\",\"breadcrumb\":{\"@id\":\"https:\\\/\\\/www.cc3rivieres76.com\\\/blog\\\/actualites-francaise-la-deputee-lfi-sophia-chikirou-en-pleine-tempete-mediatique-et-judiciaire\\\/#breadcrumb\"},\"inLanguage\":\"fr-FR\",\"potentialAction\":[{\"@type\":\"ReadAction\",\"target\":[\"https:\\\/\\\/www.cc3rivieres76.com\\\/blog\\\/actualites-francaise-la-deputee-lfi-sophia-chikirou-en-pleine-tempete-mediatique-et-judiciaire\\\/\"]}]},{\"@type\":\"ImageObject\",\"inLanguage\":\"fr-FR\",\"@id\":\"https:\\\/\\\/www.cc3rivieres76.com\\\/blog\\\/actualites-francaise-la-deputee-lfi-sophia-chikirou-en-pleine-tempete-mediatique-et-judiciaire\\\/#primaryimage\",\"url\":\"https:\\\/\\\/www.cc3rivieres76.com\\\/blog\\\/wp-content\\\/uploads\\\/2023\\\/10\\\/actualites-francaise-la-deputee-lfi-sophia-chikirou-en-pleine-tempete-mediatique-et-judiciaire.jpg\",\"contentUrl\":\"https:\\\/\\\/www.cc3rivieres76.com\\\/blog\\\/wp-content\\\/uploads\\\/2023\\\/10\\\/actualites-francaise-la-deputee-lfi-sophia-chikirou-en-pleine-tempete-mediatique-et-judiciaire.jpg\",\"width\":1024,\"height\":576,\"caption\":\"Actualit\u00e9s fran\u00e7aise: la d\u00e9put\u00e9e LFI Sophia Chikirou en pleine temp\u00eate m\u00e9diatique et judiciaire\"},{\"@type\":\"BreadcrumbList\",\"@id\":\"https:\\\/\\\/www.cc3rivieres76.com\\\/blog\\\/actualites-francaise-la-deputee-lfi-sophia-chikirou-en-pleine-tempete-mediatique-et-judiciaire\\\/#breadcrumb\",\"itemListElement\":[{\"@type\":\"ListItem\",\"position\":1,\"name\":\"Accueil\",\"item\":\"https:\\\/\\\/www.cc3rivieres76.com\\\/blog\\\/\"},{\"@type\":\"ListItem\",\"position\":2,\"name\":\"Actualit\u00e9s fran\u00e7aise: la d\u00e9put\u00e9e LFI Sophia Chikirou en pleine temp\u00eate m\u00e9diatique et judiciaire\"}]},{\"@type\":\"WebSite\",\"@id\":\"https:\\\/\\\/www.cc3rivieres76.com\\\/blog\\\/#website\",\"url\":\"https:\\\/\\\/www.cc3rivieres76.com\\\/blog\\\/\",\"name\":\"CC3RIVIERES76\",\"description\":\"Les 3 rivi\u00e8res dans la Somme.\",\"publisher\":{\"@id\":\"https:\\\/\\\/www.cc3rivieres76.com\\\/blog\\\/#organization\"},\"potentialAction\":[{\"@type\":\"SearchAction\",\"target\":{\"@type\":\"EntryPoint\",\"urlTemplate\":\"https:\\\/\\\/www.cc3rivieres76.com\\\/blog\\\/?s={search_term_string}\"},\"query-input\":{\"@type\":\"PropertyValueSpecification\",\"valueRequired\":true,\"valueName\":\"search_term_string\"}}],\"inLanguage\":\"fr-FR\"},{\"@type\":\"Organization\",\"@id\":\"https:\\\/\\\/www.cc3rivieres76.com\\\/blog\\\/#organization\",\"name\":\"cc3rivieres76\",\"url\":\"https:\\\/\\\/www.cc3rivieres76.com\\\/blog\\\/\",\"logo\":{\"@type\":\"ImageObject\",\"inLanguage\":\"fr-FR\",\"@id\":\"https:\\\/\\\/www.cc3rivieres76.com\\\/blog\\\/#\\\/schema\\\/logo\\\/image\\\/\",\"url\":\"https:\\\/\\\/www.cc3rivieres76.com\\\/blog\\\/wp-content\\\/uploads\\\/2023\\\/06\\\/logo-2.png\",\"contentUrl\":\"https:\\\/\\\/www.cc3rivieres76.com\\\/blog\\\/wp-content\\\/uploads\\\/2023\\\/06\\\/logo-2.png\",\"width\":390,\"height\":388,\"caption\":\"cc3rivieres76\"},\"image\":{\"@id\":\"https:\\\/\\\/www.cc3rivieres76.com\\\/blog\\\/#\\\/schema\\\/logo\\\/image\\\/\"}},{\"@type\":\"Person\",\"@id\":\"https:\\\/\\\/www.cc3rivieres76.com\\\/blog\\\/#\\\/schema\\\/person\\\/474d457fb7747b5218f39792dfaa5a1c\",\"name\":\"Sylvie DE LAUZAINGHEIN\",\"image\":{\"@type\":\"ImageObject\",\"inLanguage\":\"fr-FR\",\"@id\":\"https:\\\/\\\/secure.gravatar.com\\\/avatar\\\/9c6a53b19e0a3431aa80de0895b9729fe665cd7e7d6cc94fc11abb152f4237d7?s=96&d=mm&r=g\",\"url\":\"https:\\\/\\\/secure.gravatar.com\\\/avatar\\\/9c6a53b19e0a3431aa80de0895b9729fe665cd7e7d6cc94fc11abb152f4237d7?s=96&d=mm&r=g\",\"contentUrl\":\"https:\\\/\\\/secure.gravatar.com\\\/avatar\\\/9c6a53b19e0a3431aa80de0895b9729fe665cd7e7d6cc94fc11abb152f4237d7?s=96&d=mm&r=g\",\"caption\":\"Sylvie DE LAUZAINGHEIN\"},\"url\":\"https:\\\/\\\/www.cc3rivieres76.com\\\/blog\\\/author\\\/s76sylvie\\\/\"}]}<\/script>\n<!-- \/ Yoast SEO plugin. -->","yoast_head_json":{"title":"Actualit\u00e9s fran\u00e7aise: la d\u00e9put\u00e9e LFI Sophia Chikirou en pleine temp\u00eate m\u00e9diatique et judiciaire - CC3RIVIERES76","robots":{"index":"index","follow":"follow","max-snippet":"max-snippet:-1","max-image-preview":"max-image-preview:large","max-video-preview":"max-video-preview:-1"},"canonical":"https:\/\/www.cc3rivieres76.com\/blog\/actualites-francaise-la-deputee-lfi-sophia-chikirou-en-pleine-tempete-mediatique-et-judiciaire\/","og_locale":"fr_FR","og_type":"article","og_title":"Actualit\u00e9s fran\u00e7aise: la d\u00e9put\u00e9e LFI Sophia Chikirou en pleine temp\u00eate m\u00e9diatique et judiciaire - CC3RIVIERES76","og_description":"La d\u00e9put\u00e9e Sophia Chikirou, proche conseill\u00e8re du chef de La France insoumise Jean-Luc M\u00e9lenchon, fait l\u2019objet de plusieurs enqu\u00eates. L\u2019une est judiciaire et concerne son activit\u00e9 de prestation en communication lors de la pr\u00e9sidentielle 2017. Les autres sont journalistiques et portent \u00e9galement sur son r\u00f4le dans la machine Insoumise. Publi\u00e9 le : 10\/03\/2023 \u2013 16:38 &hellip; Continuer la lecture \u00ab\u00a0Actualit\u00e9s fran\u00e7aise: la d\u00e9put\u00e9e LFI Sophia Chikirou en pleine temp\u00eate m\u00e9diatique et judiciaire\u00a0\u00bb","og_url":"https:\/\/www.cc3rivieres76.com\/blog\/actualites-francaise-la-deputee-lfi-sophia-chikirou-en-pleine-tempete-mediatique-et-judiciaire\/","og_site_name":"CC3RIVIERES76","article_published_time":"2023-10-03T15:10:17+00:00","og_image":[{"url":"https:\/\/www.cc3rivieres76.com\/blog\/wp-content\/uploads\/2023\/10\/actualites-francaise-la-deputee-lfi-sophia-chikirou-en-pleine-tempete-mediatique-et-judiciaire.jpg","type":"","width":"","height":""}],"author":"Sylvie DE LAUZAINGHEIN","twitter_card":"summary_large_image","twitter_misc":{"\u00c9crit par":"Sylvie DE LAUZAINGHEIN","Dur\u00e9e de lecture estim\u00e9e":"5 minutes"},"schema":{"@context":"https:\/\/schema.org","@graph":[{"@type":"Article","@id":"https:\/\/www.cc3rivieres76.com\/blog\/actualites-francaise-la-deputee-lfi-sophia-chikirou-en-pleine-tempete-mediatique-et-judiciaire\/#article","isPartOf":{"@id":"https:\/\/www.cc3rivieres76.com\/blog\/actualites-francaise-la-deputee-lfi-sophia-chikirou-en-pleine-tempete-mediatique-et-judiciaire\/"},"author":{"name":"Sylvie DE LAUZAINGHEIN","@id":"https:\/\/www.cc3rivieres76.com\/blog\/#\/schema\/person\/474d457fb7747b5218f39792dfaa5a1c"},"headline":"Actualit\u00e9s fran\u00e7aise: la d\u00e9put\u00e9e LFI Sophia Chikirou en pleine temp\u00eate m\u00e9diatique et judiciaire","datePublished":"2023-10-03T15:10:17+00:00","mainEntityOfPage":{"@id":"https:\/\/www.cc3rivieres76.com\/blog\/actualites-francaise-la-deputee-lfi-sophia-chikirou-en-pleine-tempete-mediatique-et-judiciaire\/"},"wordCount":1090,"publisher":{"@id":"https:\/\/www.cc3rivieres76.com\/blog\/#organization"},"image":{"@id":"https:\/\/www.cc3rivieres76.com\/blog\/actualites-francaise-la-deputee-lfi-sophia-chikirou-en-pleine-tempete-mediatique-et-judiciaire\/#primaryimage"},"thumbnailUrl":"https:\/\/www.cc3rivieres76.com\/blog\/wp-content\/uploads\/2023\/10\/actualites-francaise-la-deputee-lfi-sophia-chikirou-en-pleine-tempete-mediatique-et-judiciaire.jpg","articleSection":["Les 3 Rivi\u00e8res Dans La Somme:"],"inLanguage":"fr-FR"},{"@type":"WebPage","@id":"https:\/\/www.cc3rivieres76.com\/blog\/actualites-francaise-la-deputee-lfi-sophia-chikirou-en-pleine-tempete-mediatique-et-judiciaire\/","url":"https:\/\/www.cc3rivieres76.com\/blog\/actualites-francaise-la-deputee-lfi-sophia-chikirou-en-pleine-tempete-mediatique-et-judiciaire\/","name":"Actualit\u00e9s fran\u00e7aise: la d\u00e9put\u00e9e LFI Sophia Chikirou en pleine temp\u00eate m\u00e9diatique et judiciaire - CC3RIVIERES76","isPartOf":{"@id":"https:\/\/www.cc3rivieres76.com\/blog\/#website"},"primaryImageOfPage":{"@id":"https:\/\/www.cc3rivieres76.com\/blog\/actualites-francaise-la-deputee-lfi-sophia-chikirou-en-pleine-tempete-mediatique-et-judiciaire\/#primaryimage"},"image":{"@id":"https:\/\/www.cc3rivieres76.com\/blog\/actualites-francaise-la-deputee-lfi-sophia-chikirou-en-pleine-tempete-mediatique-et-judiciaire\/#primaryimage"},"thumbnailUrl":"https:\/\/www.cc3rivieres76.com\/blog\/wp-content\/uploads\/2023\/10\/actualites-francaise-la-deputee-lfi-sophia-chikirou-en-pleine-tempete-mediatique-et-judiciaire.jpg","datePublished":"2023-10-03T15:10:17+00:00","breadcrumb":{"@id":"https:\/\/www.cc3rivieres76.com\/blog\/actualites-francaise-la-deputee-lfi-sophia-chikirou-en-pleine-tempete-mediatique-et-judiciaire\/#breadcrumb"},"inLanguage":"fr-FR","potentialAction":[{"@type":"ReadAction","target":["https:\/\/www.cc3rivieres76.com\/blog\/actualites-francaise-la-deputee-lfi-sophia-chikirou-en-pleine-tempete-mediatique-et-judiciaire\/"]}]},{"@type":"ImageObject","inLanguage":"fr-FR","@id":"https:\/\/www.cc3rivieres76.com\/blog\/actualites-francaise-la-deputee-lfi-sophia-chikirou-en-pleine-tempete-mediatique-et-judiciaire\/#primaryimage","url":"https:\/\/www.cc3rivieres76.com\/blog\/wp-content\/uploads\/2023\/10\/actualites-francaise-la-deputee-lfi-sophia-chikirou-en-pleine-tempete-mediatique-et-judiciaire.jpg","contentUrl":"https:\/\/www.cc3rivieres76.com\/blog\/wp-content\/uploads\/2023\/10\/actualites-francaise-la-deputee-lfi-sophia-chikirou-en-pleine-tempete-mediatique-et-judiciaire.jpg","width":1024,"height":576,"caption":"Actualit\u00e9s fran\u00e7aise: la d\u00e9put\u00e9e LFI Sophia Chikirou en pleine temp\u00eate m\u00e9diatique et judiciaire"},{"@type":"BreadcrumbList","@id":"https:\/\/www.cc3rivieres76.com\/blog\/actualites-francaise-la-deputee-lfi-sophia-chikirou-en-pleine-tempete-mediatique-et-judiciaire\/#breadcrumb","itemListElement":[{"@type":"ListItem","position":1,"name":"Accueil","item":"https:\/\/www.cc3rivieres76.com\/blog\/"},{"@type":"ListItem","position":2,"name":"Actualit\u00e9s fran\u00e7aise: la d\u00e9put\u00e9e LFI Sophia Chikirou en pleine temp\u00eate m\u00e9diatique et judiciaire"}]},{"@type":"WebSite","@id":"https:\/\/www.cc3rivieres76.com\/blog\/#website","url":"https:\/\/www.cc3rivieres76.com\/blog\/","name":"CC3RIVIERES76","description":"Les 3 rivi\u00e8res dans la Somme.","publisher":{"@id":"https:\/\/www.cc3rivieres76.com\/blog\/#organization"},"potentialAction":[{"@type":"SearchAction","target":{"@type":"EntryPoint","urlTemplate":"https:\/\/www.cc3rivieres76.com\/blog\/?s={search_term_string}"},"query-input":{"@type":"PropertyValueSpecification","valueRequired":true,"valueName":"search_term_string"}}],"inLanguage":"fr-FR"},{"@type":"Organization","@id":"https:\/\/www.cc3rivieres76.com\/blog\/#organization","name":"cc3rivieres76","url":"https:\/\/www.cc3rivieres76.com\/blog\/","logo":{"@type":"ImageObject","inLanguage":"fr-FR","@id":"https:\/\/www.cc3rivieres76.com\/blog\/#\/schema\/logo\/image\/","url":"https:\/\/www.cc3rivieres76.com\/blog\/wp-content\/uploads\/2023\/06\/logo-2.png","contentUrl":"https:\/\/www.cc3rivieres76.com\/blog\/wp-content\/uploads\/2023\/06\/logo-2.png","width":390,"height":388,"caption":"cc3rivieres76"},"image":{"@id":"https:\/\/www.cc3rivieres76.com\/blog\/#\/schema\/logo\/image\/"}},{"@type":"Person","@id":"https:\/\/www.cc3rivieres76.com\/blog\/#\/schema\/person\/474d457fb7747b5218f39792dfaa5a1c","name":"Sylvie DE LAUZAINGHEIN","image":{"@type":"ImageObject","inLanguage":"fr-FR","@id":"https:\/\/secure.gravatar.com\/avatar\/9c6a53b19e0a3431aa80de0895b9729fe665cd7e7d6cc94fc11abb152f4237d7?s=96&d=mm&r=g","url":"https:\/\/secure.gravatar.com\/avatar\/9c6a53b19e0a3431aa80de0895b9729fe665cd7e7d6cc94fc11abb152f4237d7?s=96&d=mm&r=g","contentUrl":"https:\/\/secure.gravatar.com\/avatar\/9c6a53b19e0a3431aa80de0895b9729fe665cd7e7d6cc94fc11abb152f4237d7?s=96&d=mm&r=g","caption":"Sylvie DE LAUZAINGHEIN"},"url":"https:\/\/www.cc3rivieres76.com\/blog\/author\/s76sylvie\/"}]}},"_links":{"self":[{"href":"https:\/\/www.cc3rivieres76.com\/blog\/wp-json\/wp\/v2\/posts\/190","targetHints":{"allow":["GET"]}}],"collection":[{"href":"https:\/\/www.cc3rivieres76.com\/blog\/wp-json\/wp\/v2\/posts"}],"about":[{"href":"https:\/\/www.cc3rivieres76.com\/blog\/wp-json\/wp\/v2\/types\/post"}],"author":[{"embeddable":true,"href":"https:\/\/www.cc3rivieres76.com\/blog\/wp-json\/wp\/v2\/users\/3"}],"replies":[{"embeddable":true,"href":"https:\/\/www.cc3rivieres76.com\/blog\/wp-json\/wp\/v2\/comments?post=190"}],"version-history":[{"count":0,"href":"https:\/\/www.cc3rivieres76.com\/blog\/wp-json\/wp\/v2\/posts\/190\/revisions"}],"wp:featuredmedia":[{"embeddable":true,"href":"https:\/\/www.cc3rivieres76.com\/blog\/wp-json\/wp\/v2\/media\/191"}],"wp:attachment":[{"href":"https:\/\/www.cc3rivieres76.com\/blog\/wp-json\/wp\/v2\/media?parent=190"}],"wp:term":[{"taxonomy":"category","embeddable":true,"href":"https:\/\/www.cc3rivieres76.com\/blog\/wp-json\/wp\/v2\/categories?post=190"},{"taxonomy":"post_tag","embeddable":true,"href":"https:\/\/www.cc3rivieres76.com\/blog\/wp-json\/wp\/v2\/tags?post=190"}],"curies":[{"name":"wp","href":"https:\/\/api.w.org\/{rel}","templated":true}]}}