{"id":228,"date":"2023-11-01T17:30:17","date_gmt":"2023-11-01T16:30:17","guid":{"rendered":"https:\/\/www.site.cdcl.xyz\/2023\/11\/01\/informations-france-la-suede-revoit-a-la-hausse-le-salaire-minimum-exige-pour-un-titre-de-sejour\/"},"modified":"2023-11-01T17:30:17","modified_gmt":"2023-11-01T16:30:17","slug":"informations-france-la-suede-revoit-a-la-hausse-le-salaire-minimum-exige-pour-un-titre-de-sejour","status":"publish","type":"post","link":"https:\/\/www.cc3rivieres76.com\/blog\/informations-france-la-suede-revoit-a-la-hausse-le-salaire-minimum-exige-pour-un-titre-de-sejour\/","title":{"rendered":"Informations france: La Su\u00e8de r\u00e9voit \u00e0 la hausse le salaire minimum exig\u00e9 pour un titre de s\u00e9jour"},"content":{"rendered":"\n<p><img decoding=\"async\" src=\"https:\/\/www.cc3rivieres76.com\/blog\/wp-content\/uploads\/2023\/11\/informations-france-la-suede-revoit-a-la-hausse-le-salaire-minimum-exige-pour-un-titre-de-sejour.jpg\"><\/p>\n<p> En Su\u00e8de, les travailleurs non europ\u00e9ens d\u00e9montreront d\u00e9sormais qu\u2019ils gagnent plus de 27 360 couronnes par mois, l\u2019\u00e9quivalent de 2 310 euros mensuels. Cette mesure du gouvernement conservateur, soutenue au Parlement par l\u2019extr\u00eame droite pour restreindre l\u2019immigration, suscite une lev\u00e9e de boucliers au sein des entreprises et des syndicats su\u00e9dois. <\/p>\n<div>\n<p class=\"m-pub-dates\"><span class=\"m-pub-dates__date\">Publi\u00e9 le : 01\/11\/2023 \u2013 16:44<\/span><\/p>\n<p> <span class=\"a-svg a-svg--picto-clock\" title=\"Temps de lecture\"> 1 minute<\/span><\/p>\n<\/div>\n<div>\n<p><em>Avec notre correspondant \u00e0 Stockholm,<\/em><strong> Carlotta Morteo<\/strong><\/p>\n<p>Les travailleurs non europ\u00e9ens gagneront d\u00e9sormais le double de ce qui \u00e9tait jusque-l\u00e0 n\u00e9cessaire pour obtenir un permis de r\u00e9sidence. Dans l\u2019h\u00f4tellerie, les entrep\u00f4ts, la construction ou les soins \u00e0 la personne, la main-d\u2019\u0153uvre manque d\u00e9j\u00e0 cruellement. Or, les conditions de revenus d\u00e9sormais exig\u00e9es aux immigr\u00e9s non europ\u00e9ens sont souvent au-dessus des salaires propos\u00e9s dans ces secteurs, o\u00f9 les travailleurs \u00e9trangers sont indispensables pour faire tourner l\u2019activit\u00e9. Les conf\u00e9d\u00e9rations syndicales et les organisations d\u2019employeurs d\u00e9noncent une mesure qui risque non seulement de nuire \u00e0 l\u2019\u00e9conomie su\u00e9doise, mais qui met aussi \u00e0 mal l\u2019un des principes fondateurs de ce pays.<\/p>\n<h2>De nombreuses interrogations en suspens<\/h2>\n<p>Depuis 1938 et la signature de l\u2019accord de Saltsj\u00f6baden, les accords collectifs sign\u00e9s entre partenaires sociaux r\u00e9gissent habituellement les salaires, les pensions, les conditions de travail, sans interf\u00e9rence, du gouvernement. Et les Su\u00e9dois sont tr\u00e8s attach\u00e9s \u00e0 ces n\u00e9gociations. Le mod\u00e8le fonctionne encore relativement bien, d\u2019o\u00f9 le d\u00e9ferlement de critiques ce matin dans la presse : \u00ab <em>Id\u00e9ologique<\/em> \u00bb, \u00ab<em> contre-productif<\/em> \u00bb, ce salaire-plancher pour les travailleurs immigr\u00e9s est une \u00ab<em> exp\u00e9rience risqu\u00e9e, dont les cons\u00e9quences sont impr\u00e9visibles <\/em>\u00bb.<\/p>\n<p>Les \u00e9trangers se retrouveront-ils \u00e9cart\u00e9s du march\u00e9 du travail parce que trop chers ? Les entreprises pourront-elles vraiment s\u2019en passer ? Et qui dit que leurs coll\u00e8gues su\u00e9dois ou europ\u00e9ens ne demanderont pas un alignement des salaires, \u00e0 la hausse ? Dans l\u2019imm\u00e9diat, des milliers de personnes pourraient \u00eatre oblig\u00e9es de quitter le pays, faute de revenus suffisants.<\/p>\n<p class=\"a-read-more\"><span class=\"a-read-more__label\">\u00c0 lire aussi<\/span>Su\u00e8de : les prestations sociales seront renforc\u00e9es pour les immigr\u00e9s<\/p>\n<\/div>\n<p>Publications:<\/p>\n<p>Affaire Priore\/Bibliographie.,<a href=\"https:\/\/fr.wikibooks.org\/wiki\/Affaire_Priore\/Bibliographie\" target=\"_blank\" rel=\"noopener noreferrer nofollow\">Clicker sur ce lien <\/a><span><\/span>.<\/p>\n<p>La France sans \u00e9toile.,<a href=\"https:\/\/www.kobo.com\/fr\/fr\/ebook\/la-france-sans-etoile-1\" target=\"_blank\" rel=\"noopener noreferrer nofollow\">A lire. <\/a><span><\/span>. Disponible sur internet.<\/p>\n<p>Portrait de la France.,<a href=\"https:\/\/www.kobo.com\/fr\/fr\/ebook\/portrait-de-la-france\" target=\"_blank\" rel=\"noopener noreferrer nofollow\">Redirection vers la fiche de de l\u2019\u00e9diteur<\/a><span><\/span>. Disponible \u00e0 l\u2019achat sur les plateformes Amazon, Fnac, Cultura \u2026.<\/p>\n<p> Cet article, qui traite du th\u00e8me \u00ab\u00a0Les 3 rivi\u00e8res dans la Somme\u00a0\u00bb, vous est sp\u00e9cialement sugg\u00e9r\u00e9 par cc3rivieres76.com. La chronique est reproduite du mieux possible. Dans le cas o\u00f9 vous souhaitez apporter quelques pr\u00e9cisions concernant le domaine de \u00ab\u00a0Les 3 rivi\u00e8res dans la Somme\u00a0\u00bb vous pouvez solliciter notre r\u00e9daction. La destination de cc3rivieres76.com est de d\u00e9battre de Les 3 rivi\u00e8res dans la Somme dans la transparence en vous apportant la connaissance de tout ce qui est en lien avec ce sujet sur la toile Connectez-vous sur notre site cc3rivieres76.com et nos r\u00e9seaux sociaux dans le but d\u2019\u00eatre inform\u00e9 des futures publications.<\/p>\n","protected":false},"excerpt":{"rendered":"<p>En Su\u00e8de, les travailleurs non europ\u00e9ens d\u00e9montreront d\u00e9sormais qu\u2019ils gagnent plus de 27 360 couronnes par mois, l\u2019\u00e9quivalent de 2 310 euros mensuels. Cette mesure du gouvernement conservateur, soutenue au Parlement par l\u2019extr\u00eame droite pour restreindre l\u2019immigration, suscite une lev\u00e9e de boucliers au sein des entreprises et des syndicats su\u00e9dois. Publi\u00e9 le : 01\/11\/2023 \u2013 &hellip; <\/p>\n<p class=\"link-more\"><a href=\"https:\/\/www.cc3rivieres76.com\/blog\/informations-france-la-suede-revoit-a-la-hausse-le-salaire-minimum-exige-pour-un-titre-de-sejour\/\" class=\"more-link\">Continuer la lecture <span class=\"screen-reader-text\"> \u00ab\u00a0Informations france: La Su\u00e8de r\u00e9voit \u00e0 la hausse le salaire minimum exig\u00e9 pour un titre de s\u00e9jour\u00a0\u00bb<\/span><\/a><\/p>\n","protected":false},"author":3,"featured_media":229,"comment_status":"closed","ping_status":"closed","sticky":false,"template":"","format":"standard","meta":{"footnotes":""},"categories":[2],"tags":[],"class_list":["post-228","post","type-post","status-publish","format-standard","has-post-thumbnail","hentry","category-les-3-rivieres-dans-la-somme","entry"],"yoast_head":"<!-- This site is optimized with the Yoast SEO plugin v27.5 - https:\/\/yoast.com\/product\/yoast-seo-wordpress\/ -->\n<title>Informations france: La Su\u00e8de r\u00e9voit \u00e0 la hausse le salaire minimum exig\u00e9 pour un titre de s\u00e9jour - CC3RIVIERES76<\/title>\n<meta name=\"robots\" content=\"index, follow, max-snippet:-1, max-image-preview:large, max-video-preview:-1\" \/>\n<link rel=\"canonical\" href=\"https:\/\/www.cc3rivieres76.com\/blog\/informations-france-la-suede-revoit-a-la-hausse-le-salaire-minimum-exige-pour-un-titre-de-sejour\/\" \/>\n<meta property=\"og:locale\" content=\"fr_FR\" \/>\n<meta property=\"og:type\" content=\"article\" \/>\n<meta property=\"og:title\" content=\"Informations france: La Su\u00e8de r\u00e9voit \u00e0 la hausse le salaire minimum exig\u00e9 pour un titre de s\u00e9jour - CC3RIVIERES76\" \/>\n<meta property=\"og:description\" content=\"En Su\u00e8de, les travailleurs non europ\u00e9ens d\u00e9montreront d\u00e9sormais qu\u2019ils gagnent plus de 27 360 couronnes par mois, l\u2019\u00e9quivalent de 2 310 euros mensuels. Cette mesure du gouvernement conservateur, soutenue au Parlement par l\u2019extr\u00eame droite pour restreindre l\u2019immigration, suscite une lev\u00e9e de boucliers au sein des entreprises et des syndicats su\u00e9dois. Publi\u00e9 le : 01\/11\/2023 \u2013 &hellip; Continuer la lecture \u00ab\u00a0Informations france: La Su\u00e8de r\u00e9voit \u00e0 la hausse le salaire minimum exig\u00e9 pour un titre de s\u00e9jour\u00a0\u00bb\" \/>\n<meta property=\"og:url\" content=\"https:\/\/www.cc3rivieres76.com\/blog\/informations-france-la-suede-revoit-a-la-hausse-le-salaire-minimum-exige-pour-un-titre-de-sejour\/\" \/>\n<meta property=\"og:site_name\" content=\"CC3RIVIERES76\" \/>\n<meta property=\"article:published_time\" content=\"2023-11-01T16:30:17+00:00\" \/>\n<meta property=\"og:image\" content=\"https:\/\/www.cc3rivieres76.com\/blog\/wp-content\/uploads\/2023\/11\/informations-france-la-suede-revoit-a-la-hausse-le-salaire-minimum-exige-pour-un-titre-de-sejour.jpg\" \/>\n<meta name=\"author\" content=\"Sylvie DE LAUZAINGHEIN\" \/>\n<meta name=\"twitter:card\" content=\"summary_large_image\" \/>\n<meta name=\"twitter:label1\" content=\"\u00c9crit par\" \/>\n\t<meta name=\"twitter:data1\" content=\"Sylvie DE LAUZAINGHEIN\" \/>\n\t<meta name=\"twitter:label2\" content=\"Dur\u00e9e de lecture estim\u00e9e\" \/>\n\t<meta name=\"twitter:data2\" content=\"3 minutes\" \/>\n<script type=\"application\/ld+json\" class=\"yoast-schema-graph\">{\"@context\":\"https:\\\/\\\/schema.org\",\"@graph\":[{\"@type\":\"Article\",\"@id\":\"https:\\\/\\\/www.cc3rivieres76.com\\\/blog\\\/informations-france-la-suede-revoit-a-la-hausse-le-salaire-minimum-exige-pour-un-titre-de-sejour\\\/#article\",\"isPartOf\":{\"@id\":\"https:\\\/\\\/www.cc3rivieres76.com\\\/blog\\\/informations-france-la-suede-revoit-a-la-hausse-le-salaire-minimum-exige-pour-un-titre-de-sejour\\\/\"},\"author\":{\"name\":\"Sylvie DE LAUZAINGHEIN\",\"@id\":\"https:\\\/\\\/www.cc3rivieres76.com\\\/blog\\\/#\\\/schema\\\/person\\\/474d457fb7747b5218f39792dfaa5a1c\"},\"headline\":\"Informations france: La Su\u00e8de r\u00e9voit \u00e0 la hausse le salaire minimum exig\u00e9 pour un titre de s\u00e9jour\",\"datePublished\":\"2023-11-01T16:30:17+00:00\",\"mainEntityOfPage\":{\"@id\":\"https:\\\/\\\/www.cc3rivieres76.com\\\/blog\\\/informations-france-la-suede-revoit-a-la-hausse-le-salaire-minimum-exige-pour-un-titre-de-sejour\\\/\"},\"wordCount\":524,\"publisher\":{\"@id\":\"https:\\\/\\\/www.cc3rivieres76.com\\\/blog\\\/#organization\"},\"image\":{\"@id\":\"https:\\\/\\\/www.cc3rivieres76.com\\\/blog\\\/informations-france-la-suede-revoit-a-la-hausse-le-salaire-minimum-exige-pour-un-titre-de-sejour\\\/#primaryimage\"},\"thumbnailUrl\":\"https:\\\/\\\/www.cc3rivieres76.com\\\/blog\\\/wp-content\\\/uploads\\\/2023\\\/11\\\/informations-france-la-suede-revoit-a-la-hausse-le-salaire-minimum-exige-pour-un-titre-de-sejour.jpg\",\"articleSection\":[\"Les 3 Rivi\u00e8res Dans La Somme:\"],\"inLanguage\":\"fr-FR\"},{\"@type\":\"WebPage\",\"@id\":\"https:\\\/\\\/www.cc3rivieres76.com\\\/blog\\\/informations-france-la-suede-revoit-a-la-hausse-le-salaire-minimum-exige-pour-un-titre-de-sejour\\\/\",\"url\":\"https:\\\/\\\/www.cc3rivieres76.com\\\/blog\\\/informations-france-la-suede-revoit-a-la-hausse-le-salaire-minimum-exige-pour-un-titre-de-sejour\\\/\",\"name\":\"Informations france: La Su\u00e8de r\u00e9voit \u00e0 la hausse le salaire minimum exig\u00e9 pour un titre de s\u00e9jour - CC3RIVIERES76\",\"isPartOf\":{\"@id\":\"https:\\\/\\\/www.cc3rivieres76.com\\\/blog\\\/#website\"},\"primaryImageOfPage\":{\"@id\":\"https:\\\/\\\/www.cc3rivieres76.com\\\/blog\\\/informations-france-la-suede-revoit-a-la-hausse-le-salaire-minimum-exige-pour-un-titre-de-sejour\\\/#primaryimage\"},\"image\":{\"@id\":\"https:\\\/\\\/www.cc3rivieres76.com\\\/blog\\\/informations-france-la-suede-revoit-a-la-hausse-le-salaire-minimum-exige-pour-un-titre-de-sejour\\\/#primaryimage\"},\"thumbnailUrl\":\"https:\\\/\\\/www.cc3rivieres76.com\\\/blog\\\/wp-content\\\/uploads\\\/2023\\\/11\\\/informations-france-la-suede-revoit-a-la-hausse-le-salaire-minimum-exige-pour-un-titre-de-sejour.jpg\",\"datePublished\":\"2023-11-01T16:30:17+00:00\",\"breadcrumb\":{\"@id\":\"https:\\\/\\\/www.cc3rivieres76.com\\\/blog\\\/informations-france-la-suede-revoit-a-la-hausse-le-salaire-minimum-exige-pour-un-titre-de-sejour\\\/#breadcrumb\"},\"inLanguage\":\"fr-FR\",\"potentialAction\":[{\"@type\":\"ReadAction\",\"target\":[\"https:\\\/\\\/www.cc3rivieres76.com\\\/blog\\\/informations-france-la-suede-revoit-a-la-hausse-le-salaire-minimum-exige-pour-un-titre-de-sejour\\\/\"]}]},{\"@type\":\"ImageObject\",\"inLanguage\":\"fr-FR\",\"@id\":\"https:\\\/\\\/www.cc3rivieres76.com\\\/blog\\\/informations-france-la-suede-revoit-a-la-hausse-le-salaire-minimum-exige-pour-un-titre-de-sejour\\\/#primaryimage\",\"url\":\"https:\\\/\\\/www.cc3rivieres76.com\\\/blog\\\/wp-content\\\/uploads\\\/2023\\\/11\\\/informations-france-la-suede-revoit-a-la-hausse-le-salaire-minimum-exige-pour-un-titre-de-sejour.jpg\",\"contentUrl\":\"https:\\\/\\\/www.cc3rivieres76.com\\\/blog\\\/wp-content\\\/uploads\\\/2023\\\/11\\\/informations-france-la-suede-revoit-a-la-hausse-le-salaire-minimum-exige-pour-un-titre-de-sejour.jpg\",\"width\":1024,\"height\":576,\"caption\":\"Informations france: La Su\u00e8de r\u00e9voit \u00e0 la hausse le salaire minimum exig\u00e9 pour un titre de s\u00e9jour\"},{\"@type\":\"BreadcrumbList\",\"@id\":\"https:\\\/\\\/www.cc3rivieres76.com\\\/blog\\\/informations-france-la-suede-revoit-a-la-hausse-le-salaire-minimum-exige-pour-un-titre-de-sejour\\\/#breadcrumb\",\"itemListElement\":[{\"@type\":\"ListItem\",\"position\":1,\"name\":\"Accueil\",\"item\":\"https:\\\/\\\/www.cc3rivieres76.com\\\/blog\\\/\"},{\"@type\":\"ListItem\",\"position\":2,\"name\":\"Informations france: La Su\u00e8de r\u00e9voit \u00e0 la hausse le salaire minimum exig\u00e9 pour un titre de s\u00e9jour\"}]},{\"@type\":\"WebSite\",\"@id\":\"https:\\\/\\\/www.cc3rivieres76.com\\\/blog\\\/#website\",\"url\":\"https:\\\/\\\/www.cc3rivieres76.com\\\/blog\\\/\",\"name\":\"CC3RIVIERES76\",\"description\":\"Les 3 rivi\u00e8res dans la Somme.\",\"publisher\":{\"@id\":\"https:\\\/\\\/www.cc3rivieres76.com\\\/blog\\\/#organization\"},\"potentialAction\":[{\"@type\":\"SearchAction\",\"target\":{\"@type\":\"EntryPoint\",\"urlTemplate\":\"https:\\\/\\\/www.cc3rivieres76.com\\\/blog\\\/?s={search_term_string}\"},\"query-input\":{\"@type\":\"PropertyValueSpecification\",\"valueRequired\":true,\"valueName\":\"search_term_string\"}}],\"inLanguage\":\"fr-FR\"},{\"@type\":\"Organization\",\"@id\":\"https:\\\/\\\/www.cc3rivieres76.com\\\/blog\\\/#organization\",\"name\":\"cc3rivieres76\",\"url\":\"https:\\\/\\\/www.cc3rivieres76.com\\\/blog\\\/\",\"logo\":{\"@type\":\"ImageObject\",\"inLanguage\":\"fr-FR\",\"@id\":\"https:\\\/\\\/www.cc3rivieres76.com\\\/blog\\\/#\\\/schema\\\/logo\\\/image\\\/\",\"url\":\"https:\\\/\\\/www.cc3rivieres76.com\\\/blog\\\/wp-content\\\/uploads\\\/2023\\\/06\\\/logo-2.png\",\"contentUrl\":\"https:\\\/\\\/www.cc3rivieres76.com\\\/blog\\\/wp-content\\\/uploads\\\/2023\\\/06\\\/logo-2.png\",\"width\":390,\"height\":388,\"caption\":\"cc3rivieres76\"},\"image\":{\"@id\":\"https:\\\/\\\/www.cc3rivieres76.com\\\/blog\\\/#\\\/schema\\\/logo\\\/image\\\/\"}},{\"@type\":\"Person\",\"@id\":\"https:\\\/\\\/www.cc3rivieres76.com\\\/blog\\\/#\\\/schema\\\/person\\\/474d457fb7747b5218f39792dfaa5a1c\",\"name\":\"Sylvie DE LAUZAINGHEIN\",\"image\":{\"@type\":\"ImageObject\",\"inLanguage\":\"fr-FR\",\"@id\":\"https:\\\/\\\/secure.gravatar.com\\\/avatar\\\/9c6a53b19e0a3431aa80de0895b9729fe665cd7e7d6cc94fc11abb152f4237d7?s=96&d=mm&r=g\",\"url\":\"https:\\\/\\\/secure.gravatar.com\\\/avatar\\\/9c6a53b19e0a3431aa80de0895b9729fe665cd7e7d6cc94fc11abb152f4237d7?s=96&d=mm&r=g\",\"contentUrl\":\"https:\\\/\\\/secure.gravatar.com\\\/avatar\\\/9c6a53b19e0a3431aa80de0895b9729fe665cd7e7d6cc94fc11abb152f4237d7?s=96&d=mm&r=g\",\"caption\":\"Sylvie DE LAUZAINGHEIN\"},\"url\":\"https:\\\/\\\/www.cc3rivieres76.com\\\/blog\\\/author\\\/s76sylvie\\\/\"}]}<\/script>\n<!-- \/ Yoast SEO plugin. -->","yoast_head_json":{"title":"Informations france: La Su\u00e8de r\u00e9voit \u00e0 la hausse le salaire minimum exig\u00e9 pour un titre de s\u00e9jour - CC3RIVIERES76","robots":{"index":"index","follow":"follow","max-snippet":"max-snippet:-1","max-image-preview":"max-image-preview:large","max-video-preview":"max-video-preview:-1"},"canonical":"https:\/\/www.cc3rivieres76.com\/blog\/informations-france-la-suede-revoit-a-la-hausse-le-salaire-minimum-exige-pour-un-titre-de-sejour\/","og_locale":"fr_FR","og_type":"article","og_title":"Informations france: La Su\u00e8de r\u00e9voit \u00e0 la hausse le salaire minimum exig\u00e9 pour un titre de s\u00e9jour - CC3RIVIERES76","og_description":"En Su\u00e8de, les travailleurs non europ\u00e9ens d\u00e9montreront d\u00e9sormais qu\u2019ils gagnent plus de 27 360 couronnes par mois, l\u2019\u00e9quivalent de 2 310 euros mensuels. Cette mesure du gouvernement conservateur, soutenue au Parlement par l\u2019extr\u00eame droite pour restreindre l\u2019immigration, suscite une lev\u00e9e de boucliers au sein des entreprises et des syndicats su\u00e9dois. Publi\u00e9 le : 01\/11\/2023 \u2013 &hellip; Continuer la lecture \u00ab\u00a0Informations france: La Su\u00e8de r\u00e9voit \u00e0 la hausse le salaire minimum exig\u00e9 pour un titre de s\u00e9jour\u00a0\u00bb","og_url":"https:\/\/www.cc3rivieres76.com\/blog\/informations-france-la-suede-revoit-a-la-hausse-le-salaire-minimum-exige-pour-un-titre-de-sejour\/","og_site_name":"CC3RIVIERES76","article_published_time":"2023-11-01T16:30:17+00:00","og_image":[{"url":"https:\/\/www.cc3rivieres76.com\/blog\/wp-content\/uploads\/2023\/11\/informations-france-la-suede-revoit-a-la-hausse-le-salaire-minimum-exige-pour-un-titre-de-sejour.jpg","type":"","width":"","height":""}],"author":"Sylvie DE LAUZAINGHEIN","twitter_card":"summary_large_image","twitter_misc":{"\u00c9crit par":"Sylvie DE LAUZAINGHEIN","Dur\u00e9e de lecture estim\u00e9e":"3 minutes"},"schema":{"@context":"https:\/\/schema.org","@graph":[{"@type":"Article","@id":"https:\/\/www.cc3rivieres76.com\/blog\/informations-france-la-suede-revoit-a-la-hausse-le-salaire-minimum-exige-pour-un-titre-de-sejour\/#article","isPartOf":{"@id":"https:\/\/www.cc3rivieres76.com\/blog\/informations-france-la-suede-revoit-a-la-hausse-le-salaire-minimum-exige-pour-un-titre-de-sejour\/"},"author":{"name":"Sylvie DE LAUZAINGHEIN","@id":"https:\/\/www.cc3rivieres76.com\/blog\/#\/schema\/person\/474d457fb7747b5218f39792dfaa5a1c"},"headline":"Informations france: La Su\u00e8de r\u00e9voit \u00e0 la hausse le salaire minimum exig\u00e9 pour un titre de s\u00e9jour","datePublished":"2023-11-01T16:30:17+00:00","mainEntityOfPage":{"@id":"https:\/\/www.cc3rivieres76.com\/blog\/informations-france-la-suede-revoit-a-la-hausse-le-salaire-minimum-exige-pour-un-titre-de-sejour\/"},"wordCount":524,"publisher":{"@id":"https:\/\/www.cc3rivieres76.com\/blog\/#organization"},"image":{"@id":"https:\/\/www.cc3rivieres76.com\/blog\/informations-france-la-suede-revoit-a-la-hausse-le-salaire-minimum-exige-pour-un-titre-de-sejour\/#primaryimage"},"thumbnailUrl":"https:\/\/www.cc3rivieres76.com\/blog\/wp-content\/uploads\/2023\/11\/informations-france-la-suede-revoit-a-la-hausse-le-salaire-minimum-exige-pour-un-titre-de-sejour.jpg","articleSection":["Les 3 Rivi\u00e8res Dans La Somme:"],"inLanguage":"fr-FR"},{"@type":"WebPage","@id":"https:\/\/www.cc3rivieres76.com\/blog\/informations-france-la-suede-revoit-a-la-hausse-le-salaire-minimum-exige-pour-un-titre-de-sejour\/","url":"https:\/\/www.cc3rivieres76.com\/blog\/informations-france-la-suede-revoit-a-la-hausse-le-salaire-minimum-exige-pour-un-titre-de-sejour\/","name":"Informations france: La Su\u00e8de r\u00e9voit \u00e0 la hausse le salaire minimum exig\u00e9 pour un titre de s\u00e9jour - CC3RIVIERES76","isPartOf":{"@id":"https:\/\/www.cc3rivieres76.com\/blog\/#website"},"primaryImageOfPage":{"@id":"https:\/\/www.cc3rivieres76.com\/blog\/informations-france-la-suede-revoit-a-la-hausse-le-salaire-minimum-exige-pour-un-titre-de-sejour\/#primaryimage"},"image":{"@id":"https:\/\/www.cc3rivieres76.com\/blog\/informations-france-la-suede-revoit-a-la-hausse-le-salaire-minimum-exige-pour-un-titre-de-sejour\/#primaryimage"},"thumbnailUrl":"https:\/\/www.cc3rivieres76.com\/blog\/wp-content\/uploads\/2023\/11\/informations-france-la-suede-revoit-a-la-hausse-le-salaire-minimum-exige-pour-un-titre-de-sejour.jpg","datePublished":"2023-11-01T16:30:17+00:00","breadcrumb":{"@id":"https:\/\/www.cc3rivieres76.com\/blog\/informations-france-la-suede-revoit-a-la-hausse-le-salaire-minimum-exige-pour-un-titre-de-sejour\/#breadcrumb"},"inLanguage":"fr-FR","potentialAction":[{"@type":"ReadAction","target":["https:\/\/www.cc3rivieres76.com\/blog\/informations-france-la-suede-revoit-a-la-hausse-le-salaire-minimum-exige-pour-un-titre-de-sejour\/"]}]},{"@type":"ImageObject","inLanguage":"fr-FR","@id":"https:\/\/www.cc3rivieres76.com\/blog\/informations-france-la-suede-revoit-a-la-hausse-le-salaire-minimum-exige-pour-un-titre-de-sejour\/#primaryimage","url":"https:\/\/www.cc3rivieres76.com\/blog\/wp-content\/uploads\/2023\/11\/informations-france-la-suede-revoit-a-la-hausse-le-salaire-minimum-exige-pour-un-titre-de-sejour.jpg","contentUrl":"https:\/\/www.cc3rivieres76.com\/blog\/wp-content\/uploads\/2023\/11\/informations-france-la-suede-revoit-a-la-hausse-le-salaire-minimum-exige-pour-un-titre-de-sejour.jpg","width":1024,"height":576,"caption":"Informations france: La Su\u00e8de r\u00e9voit \u00e0 la hausse le salaire minimum exig\u00e9 pour un titre de s\u00e9jour"},{"@type":"BreadcrumbList","@id":"https:\/\/www.cc3rivieres76.com\/blog\/informations-france-la-suede-revoit-a-la-hausse-le-salaire-minimum-exige-pour-un-titre-de-sejour\/#breadcrumb","itemListElement":[{"@type":"ListItem","position":1,"name":"Accueil","item":"https:\/\/www.cc3rivieres76.com\/blog\/"},{"@type":"ListItem","position":2,"name":"Informations france: La Su\u00e8de r\u00e9voit \u00e0 la hausse le salaire minimum exig\u00e9 pour un titre de s\u00e9jour"}]},{"@type":"WebSite","@id":"https:\/\/www.cc3rivieres76.com\/blog\/#website","url":"https:\/\/www.cc3rivieres76.com\/blog\/","name":"CC3RIVIERES76","description":"Les 3 rivi\u00e8res dans la Somme.","publisher":{"@id":"https:\/\/www.cc3rivieres76.com\/blog\/#organization"},"potentialAction":[{"@type":"SearchAction","target":{"@type":"EntryPoint","urlTemplate":"https:\/\/www.cc3rivieres76.com\/blog\/?s={search_term_string}"},"query-input":{"@type":"PropertyValueSpecification","valueRequired":true,"valueName":"search_term_string"}}],"inLanguage":"fr-FR"},{"@type":"Organization","@id":"https:\/\/www.cc3rivieres76.com\/blog\/#organization","name":"cc3rivieres76","url":"https:\/\/www.cc3rivieres76.com\/blog\/","logo":{"@type":"ImageObject","inLanguage":"fr-FR","@id":"https:\/\/www.cc3rivieres76.com\/blog\/#\/schema\/logo\/image\/","url":"https:\/\/www.cc3rivieres76.com\/blog\/wp-content\/uploads\/2023\/06\/logo-2.png","contentUrl":"https:\/\/www.cc3rivieres76.com\/blog\/wp-content\/uploads\/2023\/06\/logo-2.png","width":390,"height":388,"caption":"cc3rivieres76"},"image":{"@id":"https:\/\/www.cc3rivieres76.com\/blog\/#\/schema\/logo\/image\/"}},{"@type":"Person","@id":"https:\/\/www.cc3rivieres76.com\/blog\/#\/schema\/person\/474d457fb7747b5218f39792dfaa5a1c","name":"Sylvie DE LAUZAINGHEIN","image":{"@type":"ImageObject","inLanguage":"fr-FR","@id":"https:\/\/secure.gravatar.com\/avatar\/9c6a53b19e0a3431aa80de0895b9729fe665cd7e7d6cc94fc11abb152f4237d7?s=96&d=mm&r=g","url":"https:\/\/secure.gravatar.com\/avatar\/9c6a53b19e0a3431aa80de0895b9729fe665cd7e7d6cc94fc11abb152f4237d7?s=96&d=mm&r=g","contentUrl":"https:\/\/secure.gravatar.com\/avatar\/9c6a53b19e0a3431aa80de0895b9729fe665cd7e7d6cc94fc11abb152f4237d7?s=96&d=mm&r=g","caption":"Sylvie DE LAUZAINGHEIN"},"url":"https:\/\/www.cc3rivieres76.com\/blog\/author\/s76sylvie\/"}]}},"_links":{"self":[{"href":"https:\/\/www.cc3rivieres76.com\/blog\/wp-json\/wp\/v2\/posts\/228","targetHints":{"allow":["GET"]}}],"collection":[{"href":"https:\/\/www.cc3rivieres76.com\/blog\/wp-json\/wp\/v2\/posts"}],"about":[{"href":"https:\/\/www.cc3rivieres76.com\/blog\/wp-json\/wp\/v2\/types\/post"}],"author":[{"embeddable":true,"href":"https:\/\/www.cc3rivieres76.com\/blog\/wp-json\/wp\/v2\/users\/3"}],"replies":[{"embeddable":true,"href":"https:\/\/www.cc3rivieres76.com\/blog\/wp-json\/wp\/v2\/comments?post=228"}],"version-history":[{"count":0,"href":"https:\/\/www.cc3rivieres76.com\/blog\/wp-json\/wp\/v2\/posts\/228\/revisions"}],"wp:featuredmedia":[{"embeddable":true,"href":"https:\/\/www.cc3rivieres76.com\/blog\/wp-json\/wp\/v2\/media\/229"}],"wp:attachment":[{"href":"https:\/\/www.cc3rivieres76.com\/blog\/wp-json\/wp\/v2\/media?parent=228"}],"wp:term":[{"taxonomy":"category","embeddable":true,"href":"https:\/\/www.cc3rivieres76.com\/blog\/wp-json\/wp\/v2\/categories?post=228"},{"taxonomy":"post_tag","embeddable":true,"href":"https:\/\/www.cc3rivieres76.com\/blog\/wp-json\/wp\/v2\/tags?post=228"}],"curies":[{"name":"wp","href":"https:\/\/api.w.org\/{rel}","templated":true}]}}