{"id":262,"date":"2023-12-19T17:54:00","date_gmt":"2023-12-19T16:54:00","guid":{"rendered":"https:\/\/www.site.cdcl.xyz\/2023\/12\/19\/infos-france-prairiland-isd-embauche-un-directeur-par-interim-a-deport-elementary\/"},"modified":"2023-12-19T17:54:00","modified_gmt":"2023-12-19T16:54:00","slug":"infos-france-prairiland-isd-embauche-un-directeur-par-interim-a-deport-elementary","status":"publish","type":"post","link":"https:\/\/www.cc3rivieres76.com\/blog\/infos-france-prairiland-isd-embauche-un-directeur-par-interim-a-deport-elementary\/","title":{"rendered":"Infos france: Prairiland ISD embauche un directeur par int\u00e9rim \u00e0 Deport Elementary"},"content":{"rendered":"\n<p><img decoding=\"async\" src=\"https:\/\/www.cc3rivieres76.com\/blog\/wp-content\/uploads\/2023\/12\/infos-france-prairiland-isd-embauche-un-directeur-par-interim-a-deport-elementary.jpg\"><br \/>Apr\u00e8s deux heures de discussion, le conseil d\u2019administration de Prairiland ISD a vot\u00e9 pour promouvoir Janice Patterson au poste de directrice par int\u00e9rim de l\u2019\u00e9cole \u00e9l\u00e9mentaire Deport, en remplacement du directeur de longue date Lanny Mathews.<\/p>\n<p>Parutions sur un objet comparable:<\/p>\n<p>Climat et \u00e9cocitoyens\/Le p\u00e9dibus.,<a href=\"https:\/\/fr.wikibooks.org\/wiki\/Climat_et_%C3%A9cocitoyens\/Le_p%C3%A9dibus\" target=\"_blank\" rel=\"noopener noreferrer nofollow\">Pr\u00e9sentation du livre<\/a><span><\/span>. Disponible dans toutes les bonnes de l\u2019\u00e9diteurs.<\/p>\n<p>Les bienfaits de la France.,<a href=\"https:\/\/www.kobo.com\/fr\/fr\/ebook\/les-bienfaits-de-la-france\" target=\"_blank\" rel=\"noopener noreferrer nofollow\">Redirection vers l\u2019ouvrage<\/a><span><\/span>.<\/p>\n<p>Renaissance et R\u00e9forme\/Avant la R\u00e9forme, les hommes, les id\u00e9es.,<a href=\"https:\/\/fr.wikibooks.org\/wiki\/Renaissance_et_R%C3%A9forme\/Avant_la_R%C3%A9forme,_les_hommes,_les_id%C3%A9es\" target=\"_blank\" rel=\"noopener noreferrer nofollow\">Redirection vers l\u2019ouvrage<\/a><span><\/span>.<\/p>\n<p> Cet article, qui traite du th\u00e8me \u00ab\u00a0Les 3 rivi\u00e8res dans la Somme\u00a0\u00bb, vous est sp\u00e9cialement sugg\u00e9r\u00e9 par cc3rivieres76.com. La chronique est reproduite du mieux possible. Dans le cas o\u00f9 vous souhaitez apporter quelques pr\u00e9cisions concernant le domaine de \u00ab\u00a0Les 3 rivi\u00e8res dans la Somme\u00a0\u00bb vous pouvez solliciter notre r\u00e9daction. La destination de cc3rivieres76.com est de d\u00e9battre de Les 3 rivi\u00e8res dans la Somme dans la transparence en vous apportant la connaissance de tout ce qui est en lien avec ce sujet sur la toile Connectez-vous sur notre site cc3rivieres76.com et nos r\u00e9seaux sociaux dans le but d\u2019\u00eatre inform\u00e9 des futures publications.<\/p>\n","protected":false},"excerpt":{"rendered":"<p>Apr\u00e8s deux heures de discussion, le conseil d\u2019administration de Prairiland ISD a vot\u00e9 pour promouvoir Janice Patterson au poste de directrice par int\u00e9rim de l\u2019\u00e9cole \u00e9l\u00e9mentaire Deport, en remplacement du directeur de longue date Lanny Mathews. Parutions sur un objet comparable: Climat et \u00e9cocitoyens\/Le p\u00e9dibus.,Pr\u00e9sentation du livre. Disponible dans toutes les bonnes de l\u2019\u00e9diteurs. Les &hellip; <\/p>\n<p class=\"link-more\"><a href=\"https:\/\/www.cc3rivieres76.com\/blog\/infos-france-prairiland-isd-embauche-un-directeur-par-interim-a-deport-elementary\/\" class=\"more-link\">Continuer la lecture <span class=\"screen-reader-text\"> \u00ab\u00a0Infos france: Prairiland ISD embauche un directeur par int\u00e9rim \u00e0 Deport Elementary\u00a0\u00bb<\/span><\/a><\/p>\n","protected":false},"author":3,"featured_media":263,"comment_status":"closed","ping_status":"closed","sticky":false,"template":"","format":"standard","meta":{"footnotes":""},"categories":[2],"tags":[],"class_list":["post-262","post","type-post","status-publish","format-standard","has-post-thumbnail","hentry","category-les-3-rivieres-dans-la-somme","entry"],"yoast_head":"<!-- This site is optimized with the Yoast SEO plugin v27.5 - https:\/\/yoast.com\/product\/yoast-seo-wordpress\/ -->\n<title>Infos france: Prairiland ISD embauche un directeur par int\u00e9rim \u00e0 Deport Elementary - CC3RIVIERES76<\/title>\n<meta name=\"robots\" content=\"index, follow, max-snippet:-1, max-image-preview:large, max-video-preview:-1\" \/>\n<link rel=\"canonical\" href=\"https:\/\/www.cc3rivieres76.com\/blog\/infos-france-prairiland-isd-embauche-un-directeur-par-interim-a-deport-elementary\/\" \/>\n<meta property=\"og:locale\" content=\"fr_FR\" \/>\n<meta property=\"og:type\" content=\"article\" \/>\n<meta property=\"og:title\" content=\"Infos france: Prairiland ISD embauche un directeur par int\u00e9rim \u00e0 Deport Elementary - CC3RIVIERES76\" \/>\n<meta property=\"og:description\" content=\"Apr\u00e8s deux heures de discussion, le conseil d\u2019administration de Prairiland ISD a vot\u00e9 pour promouvoir Janice Patterson au poste de directrice par int\u00e9rim de l\u2019\u00e9cole \u00e9l\u00e9mentaire Deport, en remplacement du directeur de longue date Lanny Mathews. Parutions sur un objet comparable: Climat et \u00e9cocitoyens\/Le p\u00e9dibus.,Pr\u00e9sentation du livre. Disponible dans toutes les bonnes de l\u2019\u00e9diteurs. Les &hellip; Continuer la lecture \u00ab\u00a0Infos france: Prairiland ISD embauche un directeur par int\u00e9rim \u00e0 Deport Elementary\u00a0\u00bb\" \/>\n<meta property=\"og:url\" content=\"https:\/\/www.cc3rivieres76.com\/blog\/infos-france-prairiland-isd-embauche-un-directeur-par-interim-a-deport-elementary\/\" \/>\n<meta property=\"og:site_name\" content=\"CC3RIVIERES76\" \/>\n<meta property=\"article:published_time\" content=\"2023-12-19T16:54:00+00:00\" \/>\n<meta property=\"og:image\" content=\"https:\/\/www.cc3rivieres76.com\/blog\/wp-content\/uploads\/2023\/12\/infos-france-prairiland-isd-embauche-un-directeur-par-interim-a-deport-elementary.jpg\" \/>\n<meta name=\"author\" content=\"Sylvie DE LAUZAINGHEIN\" \/>\n<meta name=\"twitter:card\" content=\"summary_large_image\" \/>\n<meta name=\"twitter:label1\" content=\"\u00c9crit par\" \/>\n\t<meta name=\"twitter:data1\" content=\"Sylvie DE LAUZAINGHEIN\" \/>\n\t<meta name=\"twitter:label2\" content=\"Dur\u00e9e de lecture estim\u00e9e\" \/>\n\t<meta name=\"twitter:data2\" content=\"1 minute\" \/>\n<script type=\"application\/ld+json\" class=\"yoast-schema-graph\">{\"@context\":\"https:\\\/\\\/schema.org\",\"@graph\":[{\"@type\":\"Article\",\"@id\":\"https:\\\/\\\/www.cc3rivieres76.com\\\/blog\\\/infos-france-prairiland-isd-embauche-un-directeur-par-interim-a-deport-elementary\\\/#article\",\"isPartOf\":{\"@id\":\"https:\\\/\\\/www.cc3rivieres76.com\\\/blog\\\/infos-france-prairiland-isd-embauche-un-directeur-par-interim-a-deport-elementary\\\/\"},\"author\":{\"name\":\"Sylvie DE LAUZAINGHEIN\",\"@id\":\"https:\\\/\\\/www.cc3rivieres76.com\\\/blog\\\/#\\\/schema\\\/person\\\/474d457fb7747b5218f39792dfaa5a1c\"},\"headline\":\"Infos france: Prairiland ISD embauche un directeur par int\u00e9rim \u00e0 Deport Elementary\",\"datePublished\":\"2023-12-19T16:54:00+00:00\",\"mainEntityOfPage\":{\"@id\":\"https:\\\/\\\/www.cc3rivieres76.com\\\/blog\\\/infos-france-prairiland-isd-embauche-un-directeur-par-interim-a-deport-elementary\\\/\"},\"wordCount\":217,\"publisher\":{\"@id\":\"https:\\\/\\\/www.cc3rivieres76.com\\\/blog\\\/#organization\"},\"image\":{\"@id\":\"https:\\\/\\\/www.cc3rivieres76.com\\\/blog\\\/infos-france-prairiland-isd-embauche-un-directeur-par-interim-a-deport-elementary\\\/#primaryimage\"},\"thumbnailUrl\":\"https:\\\/\\\/www.cc3rivieres76.com\\\/blog\\\/wp-content\\\/uploads\\\/2023\\\/12\\\/infos-france-prairiland-isd-embauche-un-directeur-par-interim-a-deport-elementary.jpg\",\"articleSection\":[\"Les 3 Rivi\u00e8res Dans La Somme:\"],\"inLanguage\":\"fr-FR\"},{\"@type\":\"WebPage\",\"@id\":\"https:\\\/\\\/www.cc3rivieres76.com\\\/blog\\\/infos-france-prairiland-isd-embauche-un-directeur-par-interim-a-deport-elementary\\\/\",\"url\":\"https:\\\/\\\/www.cc3rivieres76.com\\\/blog\\\/infos-france-prairiland-isd-embauche-un-directeur-par-interim-a-deport-elementary\\\/\",\"name\":\"Infos france: Prairiland ISD embauche un directeur par int\u00e9rim \u00e0 Deport Elementary - CC3RIVIERES76\",\"isPartOf\":{\"@id\":\"https:\\\/\\\/www.cc3rivieres76.com\\\/blog\\\/#website\"},\"primaryImageOfPage\":{\"@id\":\"https:\\\/\\\/www.cc3rivieres76.com\\\/blog\\\/infos-france-prairiland-isd-embauche-un-directeur-par-interim-a-deport-elementary\\\/#primaryimage\"},\"image\":{\"@id\":\"https:\\\/\\\/www.cc3rivieres76.com\\\/blog\\\/infos-france-prairiland-isd-embauche-un-directeur-par-interim-a-deport-elementary\\\/#primaryimage\"},\"thumbnailUrl\":\"https:\\\/\\\/www.cc3rivieres76.com\\\/blog\\\/wp-content\\\/uploads\\\/2023\\\/12\\\/infos-france-prairiland-isd-embauche-un-directeur-par-interim-a-deport-elementary.jpg\",\"datePublished\":\"2023-12-19T16:54:00+00:00\",\"breadcrumb\":{\"@id\":\"https:\\\/\\\/www.cc3rivieres76.com\\\/blog\\\/infos-france-prairiland-isd-embauche-un-directeur-par-interim-a-deport-elementary\\\/#breadcrumb\"},\"inLanguage\":\"fr-FR\",\"potentialAction\":[{\"@type\":\"ReadAction\",\"target\":[\"https:\\\/\\\/www.cc3rivieres76.com\\\/blog\\\/infos-france-prairiland-isd-embauche-un-directeur-par-interim-a-deport-elementary\\\/\"]}]},{\"@type\":\"ImageObject\",\"inLanguage\":\"fr-FR\",\"@id\":\"https:\\\/\\\/www.cc3rivieres76.com\\\/blog\\\/infos-france-prairiland-isd-embauche-un-directeur-par-interim-a-deport-elementary\\\/#primaryimage\",\"url\":\"https:\\\/\\\/www.cc3rivieres76.com\\\/blog\\\/wp-content\\\/uploads\\\/2023\\\/12\\\/infos-france-prairiland-isd-embauche-un-directeur-par-interim-a-deport-elementary.jpg\",\"contentUrl\":\"https:\\\/\\\/www.cc3rivieres76.com\\\/blog\\\/wp-content\\\/uploads\\\/2023\\\/12\\\/infos-france-prairiland-isd-embauche-un-directeur-par-interim-a-deport-elementary.jpg\",\"width\":300,\"height\":419,\"caption\":\"Infos france: Prairiland ISD embauche un directeur par int\u00e9rim \u00e0 Deport Elementary\"},{\"@type\":\"BreadcrumbList\",\"@id\":\"https:\\\/\\\/www.cc3rivieres76.com\\\/blog\\\/infos-france-prairiland-isd-embauche-un-directeur-par-interim-a-deport-elementary\\\/#breadcrumb\",\"itemListElement\":[{\"@type\":\"ListItem\",\"position\":1,\"name\":\"Accueil\",\"item\":\"https:\\\/\\\/www.cc3rivieres76.com\\\/blog\\\/\"},{\"@type\":\"ListItem\",\"position\":2,\"name\":\"Infos france: Prairiland ISD embauche un directeur par int\u00e9rim \u00e0 Deport Elementary\"}]},{\"@type\":\"WebSite\",\"@id\":\"https:\\\/\\\/www.cc3rivieres76.com\\\/blog\\\/#website\",\"url\":\"https:\\\/\\\/www.cc3rivieres76.com\\\/blog\\\/\",\"name\":\"CC3RIVIERES76\",\"description\":\"Les 3 rivi\u00e8res dans la Somme.\",\"publisher\":{\"@id\":\"https:\\\/\\\/www.cc3rivieres76.com\\\/blog\\\/#organization\"},\"potentialAction\":[{\"@type\":\"SearchAction\",\"target\":{\"@type\":\"EntryPoint\",\"urlTemplate\":\"https:\\\/\\\/www.cc3rivieres76.com\\\/blog\\\/?s={search_term_string}\"},\"query-input\":{\"@type\":\"PropertyValueSpecification\",\"valueRequired\":true,\"valueName\":\"search_term_string\"}}],\"inLanguage\":\"fr-FR\"},{\"@type\":\"Organization\",\"@id\":\"https:\\\/\\\/www.cc3rivieres76.com\\\/blog\\\/#organization\",\"name\":\"cc3rivieres76\",\"url\":\"https:\\\/\\\/www.cc3rivieres76.com\\\/blog\\\/\",\"logo\":{\"@type\":\"ImageObject\",\"inLanguage\":\"fr-FR\",\"@id\":\"https:\\\/\\\/www.cc3rivieres76.com\\\/blog\\\/#\\\/schema\\\/logo\\\/image\\\/\",\"url\":\"https:\\\/\\\/www.cc3rivieres76.com\\\/blog\\\/wp-content\\\/uploads\\\/2023\\\/06\\\/logo-2.png\",\"contentUrl\":\"https:\\\/\\\/www.cc3rivieres76.com\\\/blog\\\/wp-content\\\/uploads\\\/2023\\\/06\\\/logo-2.png\",\"width\":390,\"height\":388,\"caption\":\"cc3rivieres76\"},\"image\":{\"@id\":\"https:\\\/\\\/www.cc3rivieres76.com\\\/blog\\\/#\\\/schema\\\/logo\\\/image\\\/\"}},{\"@type\":\"Person\",\"@id\":\"https:\\\/\\\/www.cc3rivieres76.com\\\/blog\\\/#\\\/schema\\\/person\\\/474d457fb7747b5218f39792dfaa5a1c\",\"name\":\"Sylvie DE LAUZAINGHEIN\",\"image\":{\"@type\":\"ImageObject\",\"inLanguage\":\"fr-FR\",\"@id\":\"https:\\\/\\\/secure.gravatar.com\\\/avatar\\\/9c6a53b19e0a3431aa80de0895b9729fe665cd7e7d6cc94fc11abb152f4237d7?s=96&d=mm&r=g\",\"url\":\"https:\\\/\\\/secure.gravatar.com\\\/avatar\\\/9c6a53b19e0a3431aa80de0895b9729fe665cd7e7d6cc94fc11abb152f4237d7?s=96&d=mm&r=g\",\"contentUrl\":\"https:\\\/\\\/secure.gravatar.com\\\/avatar\\\/9c6a53b19e0a3431aa80de0895b9729fe665cd7e7d6cc94fc11abb152f4237d7?s=96&d=mm&r=g\",\"caption\":\"Sylvie DE LAUZAINGHEIN\"},\"url\":\"https:\\\/\\\/www.cc3rivieres76.com\\\/blog\\\/author\\\/s76sylvie\\\/\"}]}<\/script>\n<!-- \/ Yoast SEO plugin. -->","yoast_head_json":{"title":"Infos france: Prairiland ISD embauche un directeur par int\u00e9rim \u00e0 Deport Elementary - CC3RIVIERES76","robots":{"index":"index","follow":"follow","max-snippet":"max-snippet:-1","max-image-preview":"max-image-preview:large","max-video-preview":"max-video-preview:-1"},"canonical":"https:\/\/www.cc3rivieres76.com\/blog\/infos-france-prairiland-isd-embauche-un-directeur-par-interim-a-deport-elementary\/","og_locale":"fr_FR","og_type":"article","og_title":"Infos france: Prairiland ISD embauche un directeur par int\u00e9rim \u00e0 Deport Elementary - CC3RIVIERES76","og_description":"Apr\u00e8s deux heures de discussion, le conseil d\u2019administration de Prairiland ISD a vot\u00e9 pour promouvoir Janice Patterson au poste de directrice par int\u00e9rim de l\u2019\u00e9cole \u00e9l\u00e9mentaire Deport, en remplacement du directeur de longue date Lanny Mathews. Parutions sur un objet comparable: Climat et \u00e9cocitoyens\/Le p\u00e9dibus.,Pr\u00e9sentation du livre. Disponible dans toutes les bonnes de l\u2019\u00e9diteurs. Les &hellip; Continuer la lecture \u00ab\u00a0Infos france: Prairiland ISD embauche un directeur par int\u00e9rim \u00e0 Deport Elementary\u00a0\u00bb","og_url":"https:\/\/www.cc3rivieres76.com\/blog\/infos-france-prairiland-isd-embauche-un-directeur-par-interim-a-deport-elementary\/","og_site_name":"CC3RIVIERES76","article_published_time":"2023-12-19T16:54:00+00:00","og_image":[{"url":"https:\/\/www.cc3rivieres76.com\/blog\/wp-content\/uploads\/2023\/12\/infos-france-prairiland-isd-embauche-un-directeur-par-interim-a-deport-elementary.jpg","type":"","width":"","height":""}],"author":"Sylvie DE LAUZAINGHEIN","twitter_card":"summary_large_image","twitter_misc":{"\u00c9crit par":"Sylvie DE LAUZAINGHEIN","Dur\u00e9e de lecture estim\u00e9e":"1 minute"},"schema":{"@context":"https:\/\/schema.org","@graph":[{"@type":"Article","@id":"https:\/\/www.cc3rivieres76.com\/blog\/infos-france-prairiland-isd-embauche-un-directeur-par-interim-a-deport-elementary\/#article","isPartOf":{"@id":"https:\/\/www.cc3rivieres76.com\/blog\/infos-france-prairiland-isd-embauche-un-directeur-par-interim-a-deport-elementary\/"},"author":{"name":"Sylvie DE LAUZAINGHEIN","@id":"https:\/\/www.cc3rivieres76.com\/blog\/#\/schema\/person\/474d457fb7747b5218f39792dfaa5a1c"},"headline":"Infos france: Prairiland ISD embauche un directeur par int\u00e9rim \u00e0 Deport Elementary","datePublished":"2023-12-19T16:54:00+00:00","mainEntityOfPage":{"@id":"https:\/\/www.cc3rivieres76.com\/blog\/infos-france-prairiland-isd-embauche-un-directeur-par-interim-a-deport-elementary\/"},"wordCount":217,"publisher":{"@id":"https:\/\/www.cc3rivieres76.com\/blog\/#organization"},"image":{"@id":"https:\/\/www.cc3rivieres76.com\/blog\/infos-france-prairiland-isd-embauche-un-directeur-par-interim-a-deport-elementary\/#primaryimage"},"thumbnailUrl":"https:\/\/www.cc3rivieres76.com\/blog\/wp-content\/uploads\/2023\/12\/infos-france-prairiland-isd-embauche-un-directeur-par-interim-a-deport-elementary.jpg","articleSection":["Les 3 Rivi\u00e8res Dans La Somme:"],"inLanguage":"fr-FR"},{"@type":"WebPage","@id":"https:\/\/www.cc3rivieres76.com\/blog\/infos-france-prairiland-isd-embauche-un-directeur-par-interim-a-deport-elementary\/","url":"https:\/\/www.cc3rivieres76.com\/blog\/infos-france-prairiland-isd-embauche-un-directeur-par-interim-a-deport-elementary\/","name":"Infos france: Prairiland ISD embauche un directeur par int\u00e9rim \u00e0 Deport Elementary - CC3RIVIERES76","isPartOf":{"@id":"https:\/\/www.cc3rivieres76.com\/blog\/#website"},"primaryImageOfPage":{"@id":"https:\/\/www.cc3rivieres76.com\/blog\/infos-france-prairiland-isd-embauche-un-directeur-par-interim-a-deport-elementary\/#primaryimage"},"image":{"@id":"https:\/\/www.cc3rivieres76.com\/blog\/infos-france-prairiland-isd-embauche-un-directeur-par-interim-a-deport-elementary\/#primaryimage"},"thumbnailUrl":"https:\/\/www.cc3rivieres76.com\/blog\/wp-content\/uploads\/2023\/12\/infos-france-prairiland-isd-embauche-un-directeur-par-interim-a-deport-elementary.jpg","datePublished":"2023-12-19T16:54:00+00:00","breadcrumb":{"@id":"https:\/\/www.cc3rivieres76.com\/blog\/infos-france-prairiland-isd-embauche-un-directeur-par-interim-a-deport-elementary\/#breadcrumb"},"inLanguage":"fr-FR","potentialAction":[{"@type":"ReadAction","target":["https:\/\/www.cc3rivieres76.com\/blog\/infos-france-prairiland-isd-embauche-un-directeur-par-interim-a-deport-elementary\/"]}]},{"@type":"ImageObject","inLanguage":"fr-FR","@id":"https:\/\/www.cc3rivieres76.com\/blog\/infos-france-prairiland-isd-embauche-un-directeur-par-interim-a-deport-elementary\/#primaryimage","url":"https:\/\/www.cc3rivieres76.com\/blog\/wp-content\/uploads\/2023\/12\/infos-france-prairiland-isd-embauche-un-directeur-par-interim-a-deport-elementary.jpg","contentUrl":"https:\/\/www.cc3rivieres76.com\/blog\/wp-content\/uploads\/2023\/12\/infos-france-prairiland-isd-embauche-un-directeur-par-interim-a-deport-elementary.jpg","width":300,"height":419,"caption":"Infos france: Prairiland ISD embauche un directeur par int\u00e9rim \u00e0 Deport Elementary"},{"@type":"BreadcrumbList","@id":"https:\/\/www.cc3rivieres76.com\/blog\/infos-france-prairiland-isd-embauche-un-directeur-par-interim-a-deport-elementary\/#breadcrumb","itemListElement":[{"@type":"ListItem","position":1,"name":"Accueil","item":"https:\/\/www.cc3rivieres76.com\/blog\/"},{"@type":"ListItem","position":2,"name":"Infos france: Prairiland ISD embauche un directeur par int\u00e9rim \u00e0 Deport Elementary"}]},{"@type":"WebSite","@id":"https:\/\/www.cc3rivieres76.com\/blog\/#website","url":"https:\/\/www.cc3rivieres76.com\/blog\/","name":"CC3RIVIERES76","description":"Les 3 rivi\u00e8res dans la Somme.","publisher":{"@id":"https:\/\/www.cc3rivieres76.com\/blog\/#organization"},"potentialAction":[{"@type":"SearchAction","target":{"@type":"EntryPoint","urlTemplate":"https:\/\/www.cc3rivieres76.com\/blog\/?s={search_term_string}"},"query-input":{"@type":"PropertyValueSpecification","valueRequired":true,"valueName":"search_term_string"}}],"inLanguage":"fr-FR"},{"@type":"Organization","@id":"https:\/\/www.cc3rivieres76.com\/blog\/#organization","name":"cc3rivieres76","url":"https:\/\/www.cc3rivieres76.com\/blog\/","logo":{"@type":"ImageObject","inLanguage":"fr-FR","@id":"https:\/\/www.cc3rivieres76.com\/blog\/#\/schema\/logo\/image\/","url":"https:\/\/www.cc3rivieres76.com\/blog\/wp-content\/uploads\/2023\/06\/logo-2.png","contentUrl":"https:\/\/www.cc3rivieres76.com\/blog\/wp-content\/uploads\/2023\/06\/logo-2.png","width":390,"height":388,"caption":"cc3rivieres76"},"image":{"@id":"https:\/\/www.cc3rivieres76.com\/blog\/#\/schema\/logo\/image\/"}},{"@type":"Person","@id":"https:\/\/www.cc3rivieres76.com\/blog\/#\/schema\/person\/474d457fb7747b5218f39792dfaa5a1c","name":"Sylvie DE LAUZAINGHEIN","image":{"@type":"ImageObject","inLanguage":"fr-FR","@id":"https:\/\/secure.gravatar.com\/avatar\/9c6a53b19e0a3431aa80de0895b9729fe665cd7e7d6cc94fc11abb152f4237d7?s=96&d=mm&r=g","url":"https:\/\/secure.gravatar.com\/avatar\/9c6a53b19e0a3431aa80de0895b9729fe665cd7e7d6cc94fc11abb152f4237d7?s=96&d=mm&r=g","contentUrl":"https:\/\/secure.gravatar.com\/avatar\/9c6a53b19e0a3431aa80de0895b9729fe665cd7e7d6cc94fc11abb152f4237d7?s=96&d=mm&r=g","caption":"Sylvie DE LAUZAINGHEIN"},"url":"https:\/\/www.cc3rivieres76.com\/blog\/author\/s76sylvie\/"}]}},"_links":{"self":[{"href":"https:\/\/www.cc3rivieres76.com\/blog\/wp-json\/wp\/v2\/posts\/262","targetHints":{"allow":["GET"]}}],"collection":[{"href":"https:\/\/www.cc3rivieres76.com\/blog\/wp-json\/wp\/v2\/posts"}],"about":[{"href":"https:\/\/www.cc3rivieres76.com\/blog\/wp-json\/wp\/v2\/types\/post"}],"author":[{"embeddable":true,"href":"https:\/\/www.cc3rivieres76.com\/blog\/wp-json\/wp\/v2\/users\/3"}],"replies":[{"embeddable":true,"href":"https:\/\/www.cc3rivieres76.com\/blog\/wp-json\/wp\/v2\/comments?post=262"}],"version-history":[{"count":0,"href":"https:\/\/www.cc3rivieres76.com\/blog\/wp-json\/wp\/v2\/posts\/262\/revisions"}],"wp:featuredmedia":[{"embeddable":true,"href":"https:\/\/www.cc3rivieres76.com\/blog\/wp-json\/wp\/v2\/media\/263"}],"wp:attachment":[{"href":"https:\/\/www.cc3rivieres76.com\/blog\/wp-json\/wp\/v2\/media?parent=262"}],"wp:term":[{"taxonomy":"category","embeddable":true,"href":"https:\/\/www.cc3rivieres76.com\/blog\/wp-json\/wp\/v2\/categories?post=262"},{"taxonomy":"post_tag","embeddable":true,"href":"https:\/\/www.cc3rivieres76.com\/blog\/wp-json\/wp\/v2\/tags?post=262"}],"curies":[{"name":"wp","href":"https:\/\/api.w.org\/{rel}","templated":true}]}}