{"id":268,"date":"2024-01-01T10:08:00","date_gmt":"2024-01-01T09:08:00","guid":{"rendered":"https:\/\/www.site.cdcl.xyz\/2024\/01\/01\/infos-francaise-emmanuel-macron-sur-les-ailes-de-notre-dame-france\/"},"modified":"2024-01-01T10:08:00","modified_gmt":"2024-01-01T09:08:00","slug":"infos-francaise-emmanuel-macron-sur-les-ailes-de-notre-dame-france","status":"publish","type":"post","link":"https:\/\/www.cc3rivieres76.com\/blog\/infos-francaise-emmanuel-macron-sur-les-ailes-de-notre-dame-france\/","title":{"rendered":"Infos fran\u00e7aise: Emmanuel Macron sur les ailes de Notre-Dame #France"},"content":{"rendered":"\n<p>J\u2019ai rep\u00e9r\u00e9 un post sur le web dont le th\u00e8me est \u00abActualit\u00e9 fran\u00e7aise\u00bb.<\/p>\n<p>Le chroniqueur (annonc\u00e9 sous le nom ) est positivement connu.<\/p>\n<p>Voil\u00e0 lle texte en question : <\/p>\n<p>Bibliographie :<\/p>\n<p>Enseignement du gallo\/Contenu.,<a href=\"https:\/\/fr.wikibooks.org\/wiki\/Enseignement_du_gallo\/Contenu\" target=\"_blank\" rel=\"noopener noreferrer nofollow\">sur ce lien la fiche de pr\u00e9sentation<\/a><span><\/span>.<\/p>\n<p>Langue des signes fran\u00e7aise.,<a href=\"https:\/\/fr.wikibooks.org\/wiki\/Langue_des_signes_fran%C3%A7aise\" target=\"_blank\" rel=\"noopener noreferrer nofollow\">R\u00e9f\u00e9rence lit\u00e9raire de cet ouvrage<\/a><span><\/span>.<\/p>\n<p>Programmer en R\/Comprendre la grammaire des graphiques.,<a href=\"https:\/\/fr.wikibooks.org\/wiki\/Programmer_en_R\/Comprendre_la_grammaire_des_graphiques\" target=\"_blank\" rel=\"noopener noreferrer nofollow\">A voir <\/a><span><\/span>.<\/p>\n<p> Cet article, qui traite du th\u00e8me \u00ab\u00a0Les 3 rivi\u00e8res dans la Somme\u00a0\u00bb, vous est sp\u00e9cialement sugg\u00e9r\u00e9 par cc3rivieres76.com. La chronique est reproduite du mieux possible. Dans le cas o\u00f9 vous souhaitez apporter quelques pr\u00e9cisions concernant le domaine de \u00ab\u00a0Les 3 rivi\u00e8res dans la Somme\u00a0\u00bb vous pouvez solliciter notre r\u00e9daction. La destination de cc3rivieres76.com est de d\u00e9battre de Les 3 rivi\u00e8res dans la Somme dans la transparence en vous apportant la connaissance de tout ce qui est en lien avec ce sujet sur la toile Connectez-vous sur notre site cc3rivieres76.com et nos r\u00e9seaux sociaux dans le but d\u2019\u00eatre inform\u00e9 des futures publications.<\/p>\n","protected":false},"excerpt":{"rendered":"<p>J\u2019ai rep\u00e9r\u00e9 un post sur le web dont le th\u00e8me est \u00abActualit\u00e9 fran\u00e7aise\u00bb. Le chroniqueur (annonc\u00e9 sous le nom ) est positivement connu. Voil\u00e0 lle texte en question : Bibliographie : Enseignement du gallo\/Contenu.,sur ce lien la fiche de pr\u00e9sentation. Langue des signes fran\u00e7aise.,R\u00e9f\u00e9rence lit\u00e9raire de cet ouvrage. Programmer en R\/Comprendre la grammaire des graphiques.,A &hellip; <\/p>\n<p class=\"link-more\"><a href=\"https:\/\/www.cc3rivieres76.com\/blog\/infos-francaise-emmanuel-macron-sur-les-ailes-de-notre-dame-france\/\" class=\"more-link\">Continuer la lecture <span class=\"screen-reader-text\"> \u00ab\u00a0Infos fran\u00e7aise: Emmanuel Macron sur les ailes de Notre-Dame #France\u00a0\u00bb<\/span><\/a><\/p>\n","protected":false},"author":3,"featured_media":269,"comment_status":"closed","ping_status":"closed","sticky":false,"template":"","format":"standard","meta":{"footnotes":""},"categories":[2],"tags":[],"class_list":["post-268","post","type-post","status-publish","format-standard","has-post-thumbnail","hentry","category-les-3-rivieres-dans-la-somme","entry"],"yoast_head":"<!-- This site is optimized with the Yoast SEO plugin v27.5 - https:\/\/yoast.com\/product\/yoast-seo-wordpress\/ -->\n<title>Infos fran\u00e7aise: Emmanuel Macron sur les ailes de Notre-Dame #France - CC3RIVIERES76<\/title>\n<meta name=\"robots\" content=\"index, follow, max-snippet:-1, max-image-preview:large, max-video-preview:-1\" \/>\n<link rel=\"canonical\" href=\"https:\/\/www.cc3rivieres76.com\/blog\/infos-francaise-emmanuel-macron-sur-les-ailes-de-notre-dame-france\/\" \/>\n<meta property=\"og:locale\" content=\"fr_FR\" \/>\n<meta property=\"og:type\" content=\"article\" \/>\n<meta property=\"og:title\" content=\"Infos fran\u00e7aise: Emmanuel Macron sur les ailes de Notre-Dame #France - CC3RIVIERES76\" \/>\n<meta property=\"og:description\" content=\"J\u2019ai rep\u00e9r\u00e9 un post sur le web dont le th\u00e8me est \u00abActualit\u00e9 fran\u00e7aise\u00bb. Le chroniqueur (annonc\u00e9 sous le nom ) est positivement connu. Voil\u00e0 lle texte en question : Bibliographie : Enseignement du gallo\/Contenu.,sur ce lien la fiche de pr\u00e9sentation. Langue des signes fran\u00e7aise.,R\u00e9f\u00e9rence lit\u00e9raire de cet ouvrage. Programmer en R\/Comprendre la grammaire des graphiques.,A &hellip; Continuer la lecture \u00ab\u00a0Infos fran\u00e7aise: Emmanuel Macron sur les ailes de Notre-Dame #France\u00a0\u00bb\" \/>\n<meta property=\"og:url\" content=\"https:\/\/www.cc3rivieres76.com\/blog\/infos-francaise-emmanuel-macron-sur-les-ailes-de-notre-dame-france\/\" \/>\n<meta property=\"og:site_name\" content=\"CC3RIVIERES76\" \/>\n<meta property=\"article:published_time\" content=\"2024-01-01T09:08:00+00:00\" \/>\n<meta name=\"author\" content=\"Sylvie DE LAUZAINGHEIN\" \/>\n<meta name=\"twitter:card\" content=\"summary_large_image\" \/>\n<meta name=\"twitter:label1\" content=\"\u00c9crit par\" \/>\n\t<meta name=\"twitter:data1\" content=\"Sylvie DE LAUZAINGHEIN\" \/>\n\t<meta name=\"twitter:label2\" content=\"Dur\u00e9e de lecture estim\u00e9e\" \/>\n\t<meta name=\"twitter:data2\" content=\"1 minute\" \/>\n<script type=\"application\/ld+json\" class=\"yoast-schema-graph\">{\"@context\":\"https:\\\/\\\/schema.org\",\"@graph\":[{\"@type\":\"Article\",\"@id\":\"https:\\\/\\\/www.cc3rivieres76.com\\\/blog\\\/infos-francaise-emmanuel-macron-sur-les-ailes-de-notre-dame-france\\\/#article\",\"isPartOf\":{\"@id\":\"https:\\\/\\\/www.cc3rivieres76.com\\\/blog\\\/infos-francaise-emmanuel-macron-sur-les-ailes-de-notre-dame-france\\\/\"},\"author\":{\"name\":\"Sylvie DE LAUZAINGHEIN\",\"@id\":\"https:\\\/\\\/www.cc3rivieres76.com\\\/blog\\\/#\\\/schema\\\/person\\\/474d457fb7747b5218f39792dfaa5a1c\"},\"headline\":\"Infos fran\u00e7aise: Emmanuel Macron sur les ailes de Notre-Dame #France\",\"datePublished\":\"2024-01-01T09:08:00+00:00\",\"mainEntityOfPage\":{\"@id\":\"https:\\\/\\\/www.cc3rivieres76.com\\\/blog\\\/infos-francaise-emmanuel-macron-sur-les-ailes-de-notre-dame-france\\\/\"},\"wordCount\":193,\"publisher\":{\"@id\":\"https:\\\/\\\/www.cc3rivieres76.com\\\/blog\\\/#organization\"},\"image\":{\"@id\":\"https:\\\/\\\/www.cc3rivieres76.com\\\/blog\\\/infos-francaise-emmanuel-macron-sur-les-ailes-de-notre-dame-france\\\/#primaryimage\"},\"thumbnailUrl\":\"https:\\\/\\\/www.cc3rivieres76.com\\\/blog\\\/wp-content\\\/uploads\\\/2024\\\/01\\\/infos-francaise-emmanuel-macron-sur-les-ailes-de-notre-dame-france.jpg\",\"articleSection\":[\"Les 3 Rivi\u00e8res Dans La Somme:\"],\"inLanguage\":\"fr-FR\"},{\"@type\":\"WebPage\",\"@id\":\"https:\\\/\\\/www.cc3rivieres76.com\\\/blog\\\/infos-francaise-emmanuel-macron-sur-les-ailes-de-notre-dame-france\\\/\",\"url\":\"https:\\\/\\\/www.cc3rivieres76.com\\\/blog\\\/infos-francaise-emmanuel-macron-sur-les-ailes-de-notre-dame-france\\\/\",\"name\":\"Infos fran\u00e7aise: Emmanuel Macron sur les ailes de Notre-Dame #France - CC3RIVIERES76\",\"isPartOf\":{\"@id\":\"https:\\\/\\\/www.cc3rivieres76.com\\\/blog\\\/#website\"},\"primaryImageOfPage\":{\"@id\":\"https:\\\/\\\/www.cc3rivieres76.com\\\/blog\\\/infos-francaise-emmanuel-macron-sur-les-ailes-de-notre-dame-france\\\/#primaryimage\"},\"image\":{\"@id\":\"https:\\\/\\\/www.cc3rivieres76.com\\\/blog\\\/infos-francaise-emmanuel-macron-sur-les-ailes-de-notre-dame-france\\\/#primaryimage\"},\"thumbnailUrl\":\"https:\\\/\\\/www.cc3rivieres76.com\\\/blog\\\/wp-content\\\/uploads\\\/2024\\\/01\\\/infos-francaise-emmanuel-macron-sur-les-ailes-de-notre-dame-france.jpg\",\"datePublished\":\"2024-01-01T09:08:00+00:00\",\"breadcrumb\":{\"@id\":\"https:\\\/\\\/www.cc3rivieres76.com\\\/blog\\\/infos-francaise-emmanuel-macron-sur-les-ailes-de-notre-dame-france\\\/#breadcrumb\"},\"inLanguage\":\"fr-FR\",\"potentialAction\":[{\"@type\":\"ReadAction\",\"target\":[\"https:\\\/\\\/www.cc3rivieres76.com\\\/blog\\\/infos-francaise-emmanuel-macron-sur-les-ailes-de-notre-dame-france\\\/\"]}]},{\"@type\":\"ImageObject\",\"inLanguage\":\"fr-FR\",\"@id\":\"https:\\\/\\\/www.cc3rivieres76.com\\\/blog\\\/infos-francaise-emmanuel-macron-sur-les-ailes-de-notre-dame-france\\\/#primaryimage\",\"url\":\"https:\\\/\\\/www.cc3rivieres76.com\\\/blog\\\/wp-content\\\/uploads\\\/2024\\\/01\\\/infos-francaise-emmanuel-macron-sur-les-ailes-de-notre-dame-france.jpg\",\"contentUrl\":\"https:\\\/\\\/www.cc3rivieres76.com\\\/blog\\\/wp-content\\\/uploads\\\/2024\\\/01\\\/infos-francaise-emmanuel-macron-sur-les-ailes-de-notre-dame-france.jpg\",\"width\":715,\"height\":406,\"caption\":\"Infos fran\u00e7aise: Emmanuel Macron sur les ailes de Notre Dame #France\"},{\"@type\":\"BreadcrumbList\",\"@id\":\"https:\\\/\\\/www.cc3rivieres76.com\\\/blog\\\/infos-francaise-emmanuel-macron-sur-les-ailes-de-notre-dame-france\\\/#breadcrumb\",\"itemListElement\":[{\"@type\":\"ListItem\",\"position\":1,\"name\":\"Accueil\",\"item\":\"https:\\\/\\\/www.cc3rivieres76.com\\\/blog\\\/\"},{\"@type\":\"ListItem\",\"position\":2,\"name\":\"Infos fran\u00e7aise: Emmanuel Macron sur les ailes de Notre-Dame #France\"}]},{\"@type\":\"WebSite\",\"@id\":\"https:\\\/\\\/www.cc3rivieres76.com\\\/blog\\\/#website\",\"url\":\"https:\\\/\\\/www.cc3rivieres76.com\\\/blog\\\/\",\"name\":\"CC3RIVIERES76\",\"description\":\"Les 3 rivi\u00e8res dans la Somme.\",\"publisher\":{\"@id\":\"https:\\\/\\\/www.cc3rivieres76.com\\\/blog\\\/#organization\"},\"potentialAction\":[{\"@type\":\"SearchAction\",\"target\":{\"@type\":\"EntryPoint\",\"urlTemplate\":\"https:\\\/\\\/www.cc3rivieres76.com\\\/blog\\\/?s={search_term_string}\"},\"query-input\":{\"@type\":\"PropertyValueSpecification\",\"valueRequired\":true,\"valueName\":\"search_term_string\"}}],\"inLanguage\":\"fr-FR\"},{\"@type\":\"Organization\",\"@id\":\"https:\\\/\\\/www.cc3rivieres76.com\\\/blog\\\/#organization\",\"name\":\"cc3rivieres76\",\"url\":\"https:\\\/\\\/www.cc3rivieres76.com\\\/blog\\\/\",\"logo\":{\"@type\":\"ImageObject\",\"inLanguage\":\"fr-FR\",\"@id\":\"https:\\\/\\\/www.cc3rivieres76.com\\\/blog\\\/#\\\/schema\\\/logo\\\/image\\\/\",\"url\":\"https:\\\/\\\/www.cc3rivieres76.com\\\/blog\\\/wp-content\\\/uploads\\\/2023\\\/06\\\/logo-2.png\",\"contentUrl\":\"https:\\\/\\\/www.cc3rivieres76.com\\\/blog\\\/wp-content\\\/uploads\\\/2023\\\/06\\\/logo-2.png\",\"width\":390,\"height\":388,\"caption\":\"cc3rivieres76\"},\"image\":{\"@id\":\"https:\\\/\\\/www.cc3rivieres76.com\\\/blog\\\/#\\\/schema\\\/logo\\\/image\\\/\"}},{\"@type\":\"Person\",\"@id\":\"https:\\\/\\\/www.cc3rivieres76.com\\\/blog\\\/#\\\/schema\\\/person\\\/474d457fb7747b5218f39792dfaa5a1c\",\"name\":\"Sylvie DE LAUZAINGHEIN\",\"image\":{\"@type\":\"ImageObject\",\"inLanguage\":\"fr-FR\",\"@id\":\"https:\\\/\\\/secure.gravatar.com\\\/avatar\\\/9c6a53b19e0a3431aa80de0895b9729fe665cd7e7d6cc94fc11abb152f4237d7?s=96&d=mm&r=g\",\"url\":\"https:\\\/\\\/secure.gravatar.com\\\/avatar\\\/9c6a53b19e0a3431aa80de0895b9729fe665cd7e7d6cc94fc11abb152f4237d7?s=96&d=mm&r=g\",\"contentUrl\":\"https:\\\/\\\/secure.gravatar.com\\\/avatar\\\/9c6a53b19e0a3431aa80de0895b9729fe665cd7e7d6cc94fc11abb152f4237d7?s=96&d=mm&r=g\",\"caption\":\"Sylvie DE LAUZAINGHEIN\"},\"url\":\"https:\\\/\\\/www.cc3rivieres76.com\\\/blog\\\/author\\\/s76sylvie\\\/\"}]}<\/script>\n<!-- \/ Yoast SEO plugin. -->","yoast_head_json":{"title":"Infos fran\u00e7aise: Emmanuel Macron sur les ailes de Notre-Dame #France - CC3RIVIERES76","robots":{"index":"index","follow":"follow","max-snippet":"max-snippet:-1","max-image-preview":"max-image-preview:large","max-video-preview":"max-video-preview:-1"},"canonical":"https:\/\/www.cc3rivieres76.com\/blog\/infos-francaise-emmanuel-macron-sur-les-ailes-de-notre-dame-france\/","og_locale":"fr_FR","og_type":"article","og_title":"Infos fran\u00e7aise: Emmanuel Macron sur les ailes de Notre-Dame #France - CC3RIVIERES76","og_description":"J\u2019ai rep\u00e9r\u00e9 un post sur le web dont le th\u00e8me est \u00abActualit\u00e9 fran\u00e7aise\u00bb. Le chroniqueur (annonc\u00e9 sous le nom ) est positivement connu. Voil\u00e0 lle texte en question : Bibliographie : Enseignement du gallo\/Contenu.,sur ce lien la fiche de pr\u00e9sentation. Langue des signes fran\u00e7aise.,R\u00e9f\u00e9rence lit\u00e9raire de cet ouvrage. Programmer en R\/Comprendre la grammaire des graphiques.,A &hellip; Continuer la lecture \u00ab\u00a0Infos fran\u00e7aise: Emmanuel Macron sur les ailes de Notre-Dame #France\u00a0\u00bb","og_url":"https:\/\/www.cc3rivieres76.com\/blog\/infos-francaise-emmanuel-macron-sur-les-ailes-de-notre-dame-france\/","og_site_name":"CC3RIVIERES76","article_published_time":"2024-01-01T09:08:00+00:00","author":"Sylvie DE LAUZAINGHEIN","twitter_card":"summary_large_image","twitter_misc":{"\u00c9crit par":"Sylvie DE LAUZAINGHEIN","Dur\u00e9e de lecture estim\u00e9e":"1 minute"},"schema":{"@context":"https:\/\/schema.org","@graph":[{"@type":"Article","@id":"https:\/\/www.cc3rivieres76.com\/blog\/infos-francaise-emmanuel-macron-sur-les-ailes-de-notre-dame-france\/#article","isPartOf":{"@id":"https:\/\/www.cc3rivieres76.com\/blog\/infos-francaise-emmanuel-macron-sur-les-ailes-de-notre-dame-france\/"},"author":{"name":"Sylvie DE LAUZAINGHEIN","@id":"https:\/\/www.cc3rivieres76.com\/blog\/#\/schema\/person\/474d457fb7747b5218f39792dfaa5a1c"},"headline":"Infos fran\u00e7aise: Emmanuel Macron sur les ailes de Notre-Dame #France","datePublished":"2024-01-01T09:08:00+00:00","mainEntityOfPage":{"@id":"https:\/\/www.cc3rivieres76.com\/blog\/infos-francaise-emmanuel-macron-sur-les-ailes-de-notre-dame-france\/"},"wordCount":193,"publisher":{"@id":"https:\/\/www.cc3rivieres76.com\/blog\/#organization"},"image":{"@id":"https:\/\/www.cc3rivieres76.com\/blog\/infos-francaise-emmanuel-macron-sur-les-ailes-de-notre-dame-france\/#primaryimage"},"thumbnailUrl":"https:\/\/www.cc3rivieres76.com\/blog\/wp-content\/uploads\/2024\/01\/infos-francaise-emmanuel-macron-sur-les-ailes-de-notre-dame-france.jpg","articleSection":["Les 3 Rivi\u00e8res Dans La Somme:"],"inLanguage":"fr-FR"},{"@type":"WebPage","@id":"https:\/\/www.cc3rivieres76.com\/blog\/infos-francaise-emmanuel-macron-sur-les-ailes-de-notre-dame-france\/","url":"https:\/\/www.cc3rivieres76.com\/blog\/infos-francaise-emmanuel-macron-sur-les-ailes-de-notre-dame-france\/","name":"Infos fran\u00e7aise: Emmanuel Macron sur les ailes de Notre-Dame #France - CC3RIVIERES76","isPartOf":{"@id":"https:\/\/www.cc3rivieres76.com\/blog\/#website"},"primaryImageOfPage":{"@id":"https:\/\/www.cc3rivieres76.com\/blog\/infos-francaise-emmanuel-macron-sur-les-ailes-de-notre-dame-france\/#primaryimage"},"image":{"@id":"https:\/\/www.cc3rivieres76.com\/blog\/infos-francaise-emmanuel-macron-sur-les-ailes-de-notre-dame-france\/#primaryimage"},"thumbnailUrl":"https:\/\/www.cc3rivieres76.com\/blog\/wp-content\/uploads\/2024\/01\/infos-francaise-emmanuel-macron-sur-les-ailes-de-notre-dame-france.jpg","datePublished":"2024-01-01T09:08:00+00:00","breadcrumb":{"@id":"https:\/\/www.cc3rivieres76.com\/blog\/infos-francaise-emmanuel-macron-sur-les-ailes-de-notre-dame-france\/#breadcrumb"},"inLanguage":"fr-FR","potentialAction":[{"@type":"ReadAction","target":["https:\/\/www.cc3rivieres76.com\/blog\/infos-francaise-emmanuel-macron-sur-les-ailes-de-notre-dame-france\/"]}]},{"@type":"ImageObject","inLanguage":"fr-FR","@id":"https:\/\/www.cc3rivieres76.com\/blog\/infos-francaise-emmanuel-macron-sur-les-ailes-de-notre-dame-france\/#primaryimage","url":"https:\/\/www.cc3rivieres76.com\/blog\/wp-content\/uploads\/2024\/01\/infos-francaise-emmanuel-macron-sur-les-ailes-de-notre-dame-france.jpg","contentUrl":"https:\/\/www.cc3rivieres76.com\/blog\/wp-content\/uploads\/2024\/01\/infos-francaise-emmanuel-macron-sur-les-ailes-de-notre-dame-france.jpg","width":715,"height":406,"caption":"Infos fran\u00e7aise: Emmanuel Macron sur les ailes de Notre Dame #France"},{"@type":"BreadcrumbList","@id":"https:\/\/www.cc3rivieres76.com\/blog\/infos-francaise-emmanuel-macron-sur-les-ailes-de-notre-dame-france\/#breadcrumb","itemListElement":[{"@type":"ListItem","position":1,"name":"Accueil","item":"https:\/\/www.cc3rivieres76.com\/blog\/"},{"@type":"ListItem","position":2,"name":"Infos fran\u00e7aise: Emmanuel Macron sur les ailes de Notre-Dame #France"}]},{"@type":"WebSite","@id":"https:\/\/www.cc3rivieres76.com\/blog\/#website","url":"https:\/\/www.cc3rivieres76.com\/blog\/","name":"CC3RIVIERES76","description":"Les 3 rivi\u00e8res dans la Somme.","publisher":{"@id":"https:\/\/www.cc3rivieres76.com\/blog\/#organization"},"potentialAction":[{"@type":"SearchAction","target":{"@type":"EntryPoint","urlTemplate":"https:\/\/www.cc3rivieres76.com\/blog\/?s={search_term_string}"},"query-input":{"@type":"PropertyValueSpecification","valueRequired":true,"valueName":"search_term_string"}}],"inLanguage":"fr-FR"},{"@type":"Organization","@id":"https:\/\/www.cc3rivieres76.com\/blog\/#organization","name":"cc3rivieres76","url":"https:\/\/www.cc3rivieres76.com\/blog\/","logo":{"@type":"ImageObject","inLanguage":"fr-FR","@id":"https:\/\/www.cc3rivieres76.com\/blog\/#\/schema\/logo\/image\/","url":"https:\/\/www.cc3rivieres76.com\/blog\/wp-content\/uploads\/2023\/06\/logo-2.png","contentUrl":"https:\/\/www.cc3rivieres76.com\/blog\/wp-content\/uploads\/2023\/06\/logo-2.png","width":390,"height":388,"caption":"cc3rivieres76"},"image":{"@id":"https:\/\/www.cc3rivieres76.com\/blog\/#\/schema\/logo\/image\/"}},{"@type":"Person","@id":"https:\/\/www.cc3rivieres76.com\/blog\/#\/schema\/person\/474d457fb7747b5218f39792dfaa5a1c","name":"Sylvie DE LAUZAINGHEIN","image":{"@type":"ImageObject","inLanguage":"fr-FR","@id":"https:\/\/secure.gravatar.com\/avatar\/9c6a53b19e0a3431aa80de0895b9729fe665cd7e7d6cc94fc11abb152f4237d7?s=96&d=mm&r=g","url":"https:\/\/secure.gravatar.com\/avatar\/9c6a53b19e0a3431aa80de0895b9729fe665cd7e7d6cc94fc11abb152f4237d7?s=96&d=mm&r=g","contentUrl":"https:\/\/secure.gravatar.com\/avatar\/9c6a53b19e0a3431aa80de0895b9729fe665cd7e7d6cc94fc11abb152f4237d7?s=96&d=mm&r=g","caption":"Sylvie DE LAUZAINGHEIN"},"url":"https:\/\/www.cc3rivieres76.com\/blog\/author\/s76sylvie\/"}]}},"_links":{"self":[{"href":"https:\/\/www.cc3rivieres76.com\/blog\/wp-json\/wp\/v2\/posts\/268","targetHints":{"allow":["GET"]}}],"collection":[{"href":"https:\/\/www.cc3rivieres76.com\/blog\/wp-json\/wp\/v2\/posts"}],"about":[{"href":"https:\/\/www.cc3rivieres76.com\/blog\/wp-json\/wp\/v2\/types\/post"}],"author":[{"embeddable":true,"href":"https:\/\/www.cc3rivieres76.com\/blog\/wp-json\/wp\/v2\/users\/3"}],"replies":[{"embeddable":true,"href":"https:\/\/www.cc3rivieres76.com\/blog\/wp-json\/wp\/v2\/comments?post=268"}],"version-history":[{"count":0,"href":"https:\/\/www.cc3rivieres76.com\/blog\/wp-json\/wp\/v2\/posts\/268\/revisions"}],"wp:featuredmedia":[{"embeddable":true,"href":"https:\/\/www.cc3rivieres76.com\/blog\/wp-json\/wp\/v2\/media\/269"}],"wp:attachment":[{"href":"https:\/\/www.cc3rivieres76.com\/blog\/wp-json\/wp\/v2\/media?parent=268"}],"wp:term":[{"taxonomy":"category","embeddable":true,"href":"https:\/\/www.cc3rivieres76.com\/blog\/wp-json\/wp\/v2\/categories?post=268"},{"taxonomy":"post_tag","embeddable":true,"href":"https:\/\/www.cc3rivieres76.com\/blog\/wp-json\/wp\/v2\/tags?post=268"}],"curies":[{"name":"wp","href":"https:\/\/api.w.org\/{rel}","templated":true}]}}