{"id":282,"date":"2024-01-13T19:21:27","date_gmt":"2024-01-13T18:21:27","guid":{"rendered":"https:\/\/www.site.cdcl.xyz\/2024\/01\/13\/actualites-france-une-etude-revele-la-discrimination-des-patients-aux-urgences\/"},"modified":"2024-01-13T19:21:27","modified_gmt":"2024-01-13T18:21:27","slug":"actualites-france-une-etude-revele-la-discrimination-des-patients-aux-urgences","status":"publish","type":"post","link":"https:\/\/www.cc3rivieres76.com\/blog\/actualites-france-une-etude-revele-la-discrimination-des-patients-aux-urgences\/","title":{"rendered":"Actualit\u00e9s france: une \u00e9tude r\u00e9v\u00e8le la discrimination des patients aux urgences"},"content":{"rendered":"\n<p><img decoding=\"async\" src=\"https:\/\/www.cc3rivieres76.com\/blog\/wp-content\/uploads\/2024\/01\/actualites-france-une-etude-revele-la-discrimination-des-patients-aux-urgences.jpg\"><\/p>\n<p> Une \u00e9tude men\u00e9e par un m\u00e9decin urgentiste de Montpellier (sud-est) et publi\u00e9e cette semaine dans la revue internationale <em>Journal europ\u00e9en de m\u00e9decine d\u2019urgence<\/em>montre l\u2019importance des pr\u00e9jug\u00e9s dans le diagnostic des soignants. <\/p>\n<div>\n<p class=\"m-pub-dates\"><span class=\"m-pub-dates__date\">Publi\u00e9 le : 13\/01\/2024 \u2013 18h55<\/span><\/p>\n<p> <span class=\"a-svg a-svg--picto-clock\" title=\"Temps de lecture\"> 1 minute<\/span><\/p>\n<\/div>\n<div>\n<p>Qu\u2019on soit une femme ou un homme, noir ou blanc, on n\u2019est pas toujours trait\u00e9 de la m\u00eame mani\u00e8re aux urgences d\u2019un h\u00f4pital. Telles sont les conclusions d\u2019une vaste \u00e9tude men\u00e9e aupr\u00e8s de 1 500 professionnels, issue de 159 villes de France, Belgique, Suisse et de Monaco. <\/p>\n<p>Comme \u00e0 l\u2019accueil d\u2019un service d\u2019urgence, les soignants int\u00e9gr\u00e9s ont d\u00fb trier les dossiers de patients factices en fonction de la gravit\u00e9 de leurs sympt\u00f4mes. Tous souffraient de douleurs thoraciques plut\u00f4t classiques. Les dossiers m\u00e9dicaux \u00e9taient accompagn\u00e9s de la photo de huit profils de malades, g\u00e9n\u00e9r\u00e9s par une intelligence artificielle : quatre hommes et quatre femmes quinquag\u00e9naires, la main sur la poitrine, habill\u00e9s de la m\u00eame mani\u00e8re, mais d\u2019origines suppos\u00e9es diff\u00e9rentes \u2013 asiatiques, europ\u00e9ennes, maghr\u00e9bines et subsahariennes.<\/p>\n<p>R\u00e9sultat, le cas est jug\u00e9 moins grave quand c\u2019est une femme plut\u00f4t qu\u2019un homme. Il en va de m\u00eame quand la personne est noire. Ainsi, une femme noire n\u2019a que 40% de chance d\u2019\u00eatre class\u00e9e dans les urgences vitales, et donc d\u2019\u00eatre prise en charge en priorit\u00e9, contre 60% pour un homme blanc.<\/p>\n<p>Le docteur Xavier Bobbia, \u00e0 l\u2019origine de cette \u00e9tude, juge ces conclusions intol\u00e9rables. Et pr\u00e9cisez que les soignantes ont les m\u00eames pr\u00e9jug\u00e9s que les soignants ; cela ne d\u00e9pend pas du genre du professionnel de la sant\u00e9. L\u2019urgentiste avance n\u00e9anmoins des solutions : la cr\u00e9ation d\u2019une \u00e9chelle de triage standardis\u00e9e pour l\u2019ensemble des services, o\u00f9 l\u2019intelligence artificielle pourrait aider \u00e0 \u00e9tablir des diagnostics moins subjectifs. Une piste que le CHU de Montpellier, o\u00f9 exerce Xavier Bobbia, \u00e9tudie en ce moment.<\/p>\n<\/div>\n<p>Livres sur un propos similaire:<\/p>\n<p>Droit fiscal\/Le paiement de l\u2019IS.,<a href=\"https:\/\/fr.wikibooks.org\/wiki\/Droit_fiscal\/Le_paiement_de_l%E2%80%99IS\" target=\"_blank\" rel=\"noopener noreferrer nofollow\">Pr\u00e9sentation du livre<\/a><span><\/span>.<\/p>\n<p>L\u2019\u00e9conomie de la t\u00e9l\u00e9phonie\/Le droit.,<a href=\"https:\/\/fr.wikibooks.org\/wiki\/L%27%C3%A9conomie_de_la_t%C3%A9l%C3%A9phonie\/Le_droit\" target=\"_blank\" rel=\"noopener noreferrer nofollow\">Lien sur la fiche descriptive<\/a><span><\/span>.<\/p>\n<p>Voyage sentimental \u00e0 travers la France et l\u2019Italie.,<a href=\"https:\/\/www.kobo.com\/fr\/fr\/ebook\/voyage-sentimental-a-travers-la-france-et-l-italie-1\" target=\"_blank\" rel=\"noopener noreferrer nofollow\">Informations sur cet ouvrage<\/a><span><\/span>.<\/p>\n<p> Cet article, qui traite du th\u00e8me \u00ab\u00a0Les 3 rivi\u00e8res dans la Somme\u00a0\u00bb, vous est sp\u00e9cialement sugg\u00e9r\u00e9 par cc3rivieres76.com. La chronique est reproduite du mieux possible. Dans le cas o\u00f9 vous souhaitez apporter quelques pr\u00e9cisions concernant le domaine de \u00ab\u00a0Les 3 rivi\u00e8res dans la Somme\u00a0\u00bb vous pouvez solliciter notre r\u00e9daction. La destination de cc3rivieres76.com est de d\u00e9battre de Les 3 rivi\u00e8res dans la Somme dans la transparence en vous apportant la connaissance de tout ce qui est en lien avec ce sujet sur la toile Connectez-vous sur notre site cc3rivieres76.com et nos r\u00e9seaux sociaux dans le but d\u2019\u00eatre inform\u00e9 des futures publications.<\/p>\n","protected":false},"excerpt":{"rendered":"<p>Une \u00e9tude men\u00e9e par un m\u00e9decin urgentiste de Montpellier (sud-est) et publi\u00e9e cette semaine dans la revue internationale Journal europ\u00e9en de m\u00e9decine d\u2019urgencemontre l\u2019importance des pr\u00e9jug\u00e9s dans le diagnostic des soignants. Publi\u00e9 le : 13\/01\/2024 \u2013 18h55 1 minute Qu\u2019on soit une femme ou un homme, noir ou blanc, on n\u2019est pas toujours trait\u00e9 de &hellip; <\/p>\n<p class=\"link-more\"><a href=\"https:\/\/www.cc3rivieres76.com\/blog\/actualites-france-une-etude-revele-la-discrimination-des-patients-aux-urgences\/\" class=\"more-link\">Continuer la lecture <span class=\"screen-reader-text\"> \u00ab\u00a0Actualit\u00e9s france: une \u00e9tude r\u00e9v\u00e8le la discrimination des patients aux urgences\u00a0\u00bb<\/span><\/a><\/p>\n","protected":false},"author":3,"featured_media":283,"comment_status":"closed","ping_status":"closed","sticky":false,"template":"","format":"standard","meta":{"footnotes":""},"categories":[2],"tags":[],"class_list":["post-282","post","type-post","status-publish","format-standard","has-post-thumbnail","hentry","category-les-3-rivieres-dans-la-somme","entry"],"yoast_head":"<!-- This site is optimized with the Yoast SEO plugin v27.5 - https:\/\/yoast.com\/product\/yoast-seo-wordpress\/ -->\n<title>Actualit\u00e9s france: une \u00e9tude r\u00e9v\u00e8le la discrimination des patients aux urgences - CC3RIVIERES76<\/title>\n<meta name=\"robots\" content=\"index, follow, max-snippet:-1, max-image-preview:large, max-video-preview:-1\" \/>\n<link rel=\"canonical\" href=\"https:\/\/www.cc3rivieres76.com\/blog\/actualites-france-une-etude-revele-la-discrimination-des-patients-aux-urgences\/\" \/>\n<meta property=\"og:locale\" content=\"fr_FR\" \/>\n<meta property=\"og:type\" content=\"article\" \/>\n<meta property=\"og:title\" content=\"Actualit\u00e9s france: une \u00e9tude r\u00e9v\u00e8le la discrimination des patients aux urgences - CC3RIVIERES76\" \/>\n<meta property=\"og:description\" content=\"Une \u00e9tude men\u00e9e par un m\u00e9decin urgentiste de Montpellier (sud-est) et publi\u00e9e cette semaine dans la revue internationale Journal europ\u00e9en de m\u00e9decine d\u2019urgencemontre l\u2019importance des pr\u00e9jug\u00e9s dans le diagnostic des soignants. Publi\u00e9 le : 13\/01\/2024 \u2013 18h55 1 minute Qu\u2019on soit une femme ou un homme, noir ou blanc, on n\u2019est pas toujours trait\u00e9 de &hellip; Continuer la lecture \u00ab\u00a0Actualit\u00e9s france: une \u00e9tude r\u00e9v\u00e8le la discrimination des patients aux urgences\u00a0\u00bb\" \/>\n<meta property=\"og:url\" content=\"https:\/\/www.cc3rivieres76.com\/blog\/actualites-france-une-etude-revele-la-discrimination-des-patients-aux-urgences\/\" \/>\n<meta property=\"og:site_name\" content=\"CC3RIVIERES76\" \/>\n<meta property=\"article:published_time\" content=\"2024-01-13T18:21:27+00:00\" \/>\n<meta property=\"og:image\" content=\"https:\/\/www.cc3rivieres76.com\/blog\/wp-content\/uploads\/2024\/01\/actualites-france-une-etude-revele-la-discrimination-des-patients-aux-urgences.jpg\" \/>\n<meta name=\"author\" content=\"Sylvie DE LAUZAINGHEIN\" \/>\n<meta name=\"twitter:card\" content=\"summary_large_image\" \/>\n<meta name=\"twitter:label1\" content=\"\u00c9crit par\" \/>\n\t<meta name=\"twitter:data1\" content=\"Sylvie DE LAUZAINGHEIN\" \/>\n\t<meta name=\"twitter:label2\" content=\"Dur\u00e9e de lecture estim\u00e9e\" \/>\n\t<meta name=\"twitter:data2\" content=\"2 minutes\" \/>\n<script type=\"application\/ld+json\" class=\"yoast-schema-graph\">{\"@context\":\"https:\\\/\\\/schema.org\",\"@graph\":[{\"@type\":\"Article\",\"@id\":\"https:\\\/\\\/www.cc3rivieres76.com\\\/blog\\\/actualites-france-une-etude-revele-la-discrimination-des-patients-aux-urgences\\\/#article\",\"isPartOf\":{\"@id\":\"https:\\\/\\\/www.cc3rivieres76.com\\\/blog\\\/actualites-france-une-etude-revele-la-discrimination-des-patients-aux-urgences\\\/\"},\"author\":{\"name\":\"Sylvie DE LAUZAINGHEIN\",\"@id\":\"https:\\\/\\\/www.cc3rivieres76.com\\\/blog\\\/#\\\/schema\\\/person\\\/474d457fb7747b5218f39792dfaa5a1c\"},\"headline\":\"Actualit\u00e9s france: une \u00e9tude r\u00e9v\u00e8le la discrimination des patients aux urgences\",\"datePublished\":\"2024-01-13T18:21:27+00:00\",\"mainEntityOfPage\":{\"@id\":\"https:\\\/\\\/www.cc3rivieres76.com\\\/blog\\\/actualites-france-une-etude-revele-la-discrimination-des-patients-aux-urgences\\\/\"},\"wordCount\":513,\"publisher\":{\"@id\":\"https:\\\/\\\/www.cc3rivieres76.com\\\/blog\\\/#organization\"},\"image\":{\"@id\":\"https:\\\/\\\/www.cc3rivieres76.com\\\/blog\\\/actualites-france-une-etude-revele-la-discrimination-des-patients-aux-urgences\\\/#primaryimage\"},\"thumbnailUrl\":\"https:\\\/\\\/www.cc3rivieres76.com\\\/blog\\\/wp-content\\\/uploads\\\/2024\\\/01\\\/actualites-france-une-etude-revele-la-discrimination-des-patients-aux-urgences.jpg\",\"articleSection\":[\"Les 3 Rivi\u00e8res Dans La Somme:\"],\"inLanguage\":\"fr-FR\"},{\"@type\":\"WebPage\",\"@id\":\"https:\\\/\\\/www.cc3rivieres76.com\\\/blog\\\/actualites-france-une-etude-revele-la-discrimination-des-patients-aux-urgences\\\/\",\"url\":\"https:\\\/\\\/www.cc3rivieres76.com\\\/blog\\\/actualites-france-une-etude-revele-la-discrimination-des-patients-aux-urgences\\\/\",\"name\":\"Actualit\u00e9s france: une \u00e9tude r\u00e9v\u00e8le la discrimination des patients aux urgences - CC3RIVIERES76\",\"isPartOf\":{\"@id\":\"https:\\\/\\\/www.cc3rivieres76.com\\\/blog\\\/#website\"},\"primaryImageOfPage\":{\"@id\":\"https:\\\/\\\/www.cc3rivieres76.com\\\/blog\\\/actualites-france-une-etude-revele-la-discrimination-des-patients-aux-urgences\\\/#primaryimage\"},\"image\":{\"@id\":\"https:\\\/\\\/www.cc3rivieres76.com\\\/blog\\\/actualites-france-une-etude-revele-la-discrimination-des-patients-aux-urgences\\\/#primaryimage\"},\"thumbnailUrl\":\"https:\\\/\\\/www.cc3rivieres76.com\\\/blog\\\/wp-content\\\/uploads\\\/2024\\\/01\\\/actualites-france-une-etude-revele-la-discrimination-des-patients-aux-urgences.jpg\",\"datePublished\":\"2024-01-13T18:21:27+00:00\",\"breadcrumb\":{\"@id\":\"https:\\\/\\\/www.cc3rivieres76.com\\\/blog\\\/actualites-france-une-etude-revele-la-discrimination-des-patients-aux-urgences\\\/#breadcrumb\"},\"inLanguage\":\"fr-FR\",\"potentialAction\":[{\"@type\":\"ReadAction\",\"target\":[\"https:\\\/\\\/www.cc3rivieres76.com\\\/blog\\\/actualites-france-une-etude-revele-la-discrimination-des-patients-aux-urgences\\\/\"]}]},{\"@type\":\"ImageObject\",\"inLanguage\":\"fr-FR\",\"@id\":\"https:\\\/\\\/www.cc3rivieres76.com\\\/blog\\\/actualites-france-une-etude-revele-la-discrimination-des-patients-aux-urgences\\\/#primaryimage\",\"url\":\"https:\\\/\\\/www.cc3rivieres76.com\\\/blog\\\/wp-content\\\/uploads\\\/2024\\\/01\\\/actualites-france-une-etude-revele-la-discrimination-des-patients-aux-urgences.jpg\",\"contentUrl\":\"https:\\\/\\\/www.cc3rivieres76.com\\\/blog\\\/wp-content\\\/uploads\\\/2024\\\/01\\\/actualites-france-une-etude-revele-la-discrimination-des-patients-aux-urgences.jpg\",\"width\":1024,\"height\":576,\"caption\":\"Actualit\u00e9s france: une \u00e9tude r\u00e9v\u00e8le la discrimination des patients aux urgences\"},{\"@type\":\"BreadcrumbList\",\"@id\":\"https:\\\/\\\/www.cc3rivieres76.com\\\/blog\\\/actualites-france-une-etude-revele-la-discrimination-des-patients-aux-urgences\\\/#breadcrumb\",\"itemListElement\":[{\"@type\":\"ListItem\",\"position\":1,\"name\":\"Accueil\",\"item\":\"https:\\\/\\\/www.cc3rivieres76.com\\\/blog\\\/\"},{\"@type\":\"ListItem\",\"position\":2,\"name\":\"Actualit\u00e9s france: une \u00e9tude r\u00e9v\u00e8le la discrimination des patients aux urgences\"}]},{\"@type\":\"WebSite\",\"@id\":\"https:\\\/\\\/www.cc3rivieres76.com\\\/blog\\\/#website\",\"url\":\"https:\\\/\\\/www.cc3rivieres76.com\\\/blog\\\/\",\"name\":\"CC3RIVIERES76\",\"description\":\"Les 3 rivi\u00e8res dans la Somme.\",\"publisher\":{\"@id\":\"https:\\\/\\\/www.cc3rivieres76.com\\\/blog\\\/#organization\"},\"potentialAction\":[{\"@type\":\"SearchAction\",\"target\":{\"@type\":\"EntryPoint\",\"urlTemplate\":\"https:\\\/\\\/www.cc3rivieres76.com\\\/blog\\\/?s={search_term_string}\"},\"query-input\":{\"@type\":\"PropertyValueSpecification\",\"valueRequired\":true,\"valueName\":\"search_term_string\"}}],\"inLanguage\":\"fr-FR\"},{\"@type\":\"Organization\",\"@id\":\"https:\\\/\\\/www.cc3rivieres76.com\\\/blog\\\/#organization\",\"name\":\"cc3rivieres76\",\"url\":\"https:\\\/\\\/www.cc3rivieres76.com\\\/blog\\\/\",\"logo\":{\"@type\":\"ImageObject\",\"inLanguage\":\"fr-FR\",\"@id\":\"https:\\\/\\\/www.cc3rivieres76.com\\\/blog\\\/#\\\/schema\\\/logo\\\/image\\\/\",\"url\":\"https:\\\/\\\/www.cc3rivieres76.com\\\/blog\\\/wp-content\\\/uploads\\\/2023\\\/06\\\/logo-2.png\",\"contentUrl\":\"https:\\\/\\\/www.cc3rivieres76.com\\\/blog\\\/wp-content\\\/uploads\\\/2023\\\/06\\\/logo-2.png\",\"width\":390,\"height\":388,\"caption\":\"cc3rivieres76\"},\"image\":{\"@id\":\"https:\\\/\\\/www.cc3rivieres76.com\\\/blog\\\/#\\\/schema\\\/logo\\\/image\\\/\"}},{\"@type\":\"Person\",\"@id\":\"https:\\\/\\\/www.cc3rivieres76.com\\\/blog\\\/#\\\/schema\\\/person\\\/474d457fb7747b5218f39792dfaa5a1c\",\"name\":\"Sylvie DE LAUZAINGHEIN\",\"image\":{\"@type\":\"ImageObject\",\"inLanguage\":\"fr-FR\",\"@id\":\"https:\\\/\\\/secure.gravatar.com\\\/avatar\\\/9c6a53b19e0a3431aa80de0895b9729fe665cd7e7d6cc94fc11abb152f4237d7?s=96&d=mm&r=g\",\"url\":\"https:\\\/\\\/secure.gravatar.com\\\/avatar\\\/9c6a53b19e0a3431aa80de0895b9729fe665cd7e7d6cc94fc11abb152f4237d7?s=96&d=mm&r=g\",\"contentUrl\":\"https:\\\/\\\/secure.gravatar.com\\\/avatar\\\/9c6a53b19e0a3431aa80de0895b9729fe665cd7e7d6cc94fc11abb152f4237d7?s=96&d=mm&r=g\",\"caption\":\"Sylvie DE LAUZAINGHEIN\"},\"url\":\"https:\\\/\\\/www.cc3rivieres76.com\\\/blog\\\/author\\\/s76sylvie\\\/\"}]}<\/script>\n<!-- \/ Yoast SEO plugin. -->","yoast_head_json":{"title":"Actualit\u00e9s france: une \u00e9tude r\u00e9v\u00e8le la discrimination des patients aux urgences - CC3RIVIERES76","robots":{"index":"index","follow":"follow","max-snippet":"max-snippet:-1","max-image-preview":"max-image-preview:large","max-video-preview":"max-video-preview:-1"},"canonical":"https:\/\/www.cc3rivieres76.com\/blog\/actualites-france-une-etude-revele-la-discrimination-des-patients-aux-urgences\/","og_locale":"fr_FR","og_type":"article","og_title":"Actualit\u00e9s france: une \u00e9tude r\u00e9v\u00e8le la discrimination des patients aux urgences - CC3RIVIERES76","og_description":"Une \u00e9tude men\u00e9e par un m\u00e9decin urgentiste de Montpellier (sud-est) et publi\u00e9e cette semaine dans la revue internationale Journal europ\u00e9en de m\u00e9decine d\u2019urgencemontre l\u2019importance des pr\u00e9jug\u00e9s dans le diagnostic des soignants. Publi\u00e9 le : 13\/01\/2024 \u2013 18h55 1 minute Qu\u2019on soit une femme ou un homme, noir ou blanc, on n\u2019est pas toujours trait\u00e9 de &hellip; Continuer la lecture \u00ab\u00a0Actualit\u00e9s france: une \u00e9tude r\u00e9v\u00e8le la discrimination des patients aux urgences\u00a0\u00bb","og_url":"https:\/\/www.cc3rivieres76.com\/blog\/actualites-france-une-etude-revele-la-discrimination-des-patients-aux-urgences\/","og_site_name":"CC3RIVIERES76","article_published_time":"2024-01-13T18:21:27+00:00","og_image":[{"url":"https:\/\/www.cc3rivieres76.com\/blog\/wp-content\/uploads\/2024\/01\/actualites-france-une-etude-revele-la-discrimination-des-patients-aux-urgences.jpg","type":"","width":"","height":""}],"author":"Sylvie DE LAUZAINGHEIN","twitter_card":"summary_large_image","twitter_misc":{"\u00c9crit par":"Sylvie DE LAUZAINGHEIN","Dur\u00e9e de lecture estim\u00e9e":"2 minutes"},"schema":{"@context":"https:\/\/schema.org","@graph":[{"@type":"Article","@id":"https:\/\/www.cc3rivieres76.com\/blog\/actualites-france-une-etude-revele-la-discrimination-des-patients-aux-urgences\/#article","isPartOf":{"@id":"https:\/\/www.cc3rivieres76.com\/blog\/actualites-france-une-etude-revele-la-discrimination-des-patients-aux-urgences\/"},"author":{"name":"Sylvie DE LAUZAINGHEIN","@id":"https:\/\/www.cc3rivieres76.com\/blog\/#\/schema\/person\/474d457fb7747b5218f39792dfaa5a1c"},"headline":"Actualit\u00e9s france: une \u00e9tude r\u00e9v\u00e8le la discrimination des patients aux urgences","datePublished":"2024-01-13T18:21:27+00:00","mainEntityOfPage":{"@id":"https:\/\/www.cc3rivieres76.com\/blog\/actualites-france-une-etude-revele-la-discrimination-des-patients-aux-urgences\/"},"wordCount":513,"publisher":{"@id":"https:\/\/www.cc3rivieres76.com\/blog\/#organization"},"image":{"@id":"https:\/\/www.cc3rivieres76.com\/blog\/actualites-france-une-etude-revele-la-discrimination-des-patients-aux-urgences\/#primaryimage"},"thumbnailUrl":"https:\/\/www.cc3rivieres76.com\/blog\/wp-content\/uploads\/2024\/01\/actualites-france-une-etude-revele-la-discrimination-des-patients-aux-urgences.jpg","articleSection":["Les 3 Rivi\u00e8res Dans La Somme:"],"inLanguage":"fr-FR"},{"@type":"WebPage","@id":"https:\/\/www.cc3rivieres76.com\/blog\/actualites-france-une-etude-revele-la-discrimination-des-patients-aux-urgences\/","url":"https:\/\/www.cc3rivieres76.com\/blog\/actualites-france-une-etude-revele-la-discrimination-des-patients-aux-urgences\/","name":"Actualit\u00e9s france: une \u00e9tude r\u00e9v\u00e8le la discrimination des patients aux urgences - CC3RIVIERES76","isPartOf":{"@id":"https:\/\/www.cc3rivieres76.com\/blog\/#website"},"primaryImageOfPage":{"@id":"https:\/\/www.cc3rivieres76.com\/blog\/actualites-france-une-etude-revele-la-discrimination-des-patients-aux-urgences\/#primaryimage"},"image":{"@id":"https:\/\/www.cc3rivieres76.com\/blog\/actualites-france-une-etude-revele-la-discrimination-des-patients-aux-urgences\/#primaryimage"},"thumbnailUrl":"https:\/\/www.cc3rivieres76.com\/blog\/wp-content\/uploads\/2024\/01\/actualites-france-une-etude-revele-la-discrimination-des-patients-aux-urgences.jpg","datePublished":"2024-01-13T18:21:27+00:00","breadcrumb":{"@id":"https:\/\/www.cc3rivieres76.com\/blog\/actualites-france-une-etude-revele-la-discrimination-des-patients-aux-urgences\/#breadcrumb"},"inLanguage":"fr-FR","potentialAction":[{"@type":"ReadAction","target":["https:\/\/www.cc3rivieres76.com\/blog\/actualites-france-une-etude-revele-la-discrimination-des-patients-aux-urgences\/"]}]},{"@type":"ImageObject","inLanguage":"fr-FR","@id":"https:\/\/www.cc3rivieres76.com\/blog\/actualites-france-une-etude-revele-la-discrimination-des-patients-aux-urgences\/#primaryimage","url":"https:\/\/www.cc3rivieres76.com\/blog\/wp-content\/uploads\/2024\/01\/actualites-france-une-etude-revele-la-discrimination-des-patients-aux-urgences.jpg","contentUrl":"https:\/\/www.cc3rivieres76.com\/blog\/wp-content\/uploads\/2024\/01\/actualites-france-une-etude-revele-la-discrimination-des-patients-aux-urgences.jpg","width":1024,"height":576,"caption":"Actualit\u00e9s france: une \u00e9tude r\u00e9v\u00e8le la discrimination des patients aux urgences"},{"@type":"BreadcrumbList","@id":"https:\/\/www.cc3rivieres76.com\/blog\/actualites-france-une-etude-revele-la-discrimination-des-patients-aux-urgences\/#breadcrumb","itemListElement":[{"@type":"ListItem","position":1,"name":"Accueil","item":"https:\/\/www.cc3rivieres76.com\/blog\/"},{"@type":"ListItem","position":2,"name":"Actualit\u00e9s france: une \u00e9tude r\u00e9v\u00e8le la discrimination des patients aux urgences"}]},{"@type":"WebSite","@id":"https:\/\/www.cc3rivieres76.com\/blog\/#website","url":"https:\/\/www.cc3rivieres76.com\/blog\/","name":"CC3RIVIERES76","description":"Les 3 rivi\u00e8res dans la Somme.","publisher":{"@id":"https:\/\/www.cc3rivieres76.com\/blog\/#organization"},"potentialAction":[{"@type":"SearchAction","target":{"@type":"EntryPoint","urlTemplate":"https:\/\/www.cc3rivieres76.com\/blog\/?s={search_term_string}"},"query-input":{"@type":"PropertyValueSpecification","valueRequired":true,"valueName":"search_term_string"}}],"inLanguage":"fr-FR"},{"@type":"Organization","@id":"https:\/\/www.cc3rivieres76.com\/blog\/#organization","name":"cc3rivieres76","url":"https:\/\/www.cc3rivieres76.com\/blog\/","logo":{"@type":"ImageObject","inLanguage":"fr-FR","@id":"https:\/\/www.cc3rivieres76.com\/blog\/#\/schema\/logo\/image\/","url":"https:\/\/www.cc3rivieres76.com\/blog\/wp-content\/uploads\/2023\/06\/logo-2.png","contentUrl":"https:\/\/www.cc3rivieres76.com\/blog\/wp-content\/uploads\/2023\/06\/logo-2.png","width":390,"height":388,"caption":"cc3rivieres76"},"image":{"@id":"https:\/\/www.cc3rivieres76.com\/blog\/#\/schema\/logo\/image\/"}},{"@type":"Person","@id":"https:\/\/www.cc3rivieres76.com\/blog\/#\/schema\/person\/474d457fb7747b5218f39792dfaa5a1c","name":"Sylvie DE LAUZAINGHEIN","image":{"@type":"ImageObject","inLanguage":"fr-FR","@id":"https:\/\/secure.gravatar.com\/avatar\/9c6a53b19e0a3431aa80de0895b9729fe665cd7e7d6cc94fc11abb152f4237d7?s=96&d=mm&r=g","url":"https:\/\/secure.gravatar.com\/avatar\/9c6a53b19e0a3431aa80de0895b9729fe665cd7e7d6cc94fc11abb152f4237d7?s=96&d=mm&r=g","contentUrl":"https:\/\/secure.gravatar.com\/avatar\/9c6a53b19e0a3431aa80de0895b9729fe665cd7e7d6cc94fc11abb152f4237d7?s=96&d=mm&r=g","caption":"Sylvie DE LAUZAINGHEIN"},"url":"https:\/\/www.cc3rivieres76.com\/blog\/author\/s76sylvie\/"}]}},"_links":{"self":[{"href":"https:\/\/www.cc3rivieres76.com\/blog\/wp-json\/wp\/v2\/posts\/282","targetHints":{"allow":["GET"]}}],"collection":[{"href":"https:\/\/www.cc3rivieres76.com\/blog\/wp-json\/wp\/v2\/posts"}],"about":[{"href":"https:\/\/www.cc3rivieres76.com\/blog\/wp-json\/wp\/v2\/types\/post"}],"author":[{"embeddable":true,"href":"https:\/\/www.cc3rivieres76.com\/blog\/wp-json\/wp\/v2\/users\/3"}],"replies":[{"embeddable":true,"href":"https:\/\/www.cc3rivieres76.com\/blog\/wp-json\/wp\/v2\/comments?post=282"}],"version-history":[{"count":0,"href":"https:\/\/www.cc3rivieres76.com\/blog\/wp-json\/wp\/v2\/posts\/282\/revisions"}],"wp:featuredmedia":[{"embeddable":true,"href":"https:\/\/www.cc3rivieres76.com\/blog\/wp-json\/wp\/v2\/media\/283"}],"wp:attachment":[{"href":"https:\/\/www.cc3rivieres76.com\/blog\/wp-json\/wp\/v2\/media?parent=282"}],"wp:term":[{"taxonomy":"category","embeddable":true,"href":"https:\/\/www.cc3rivieres76.com\/blog\/wp-json\/wp\/v2\/categories?post=282"},{"taxonomy":"post_tag","embeddable":true,"href":"https:\/\/www.cc3rivieres76.com\/blog\/wp-json\/wp\/v2\/tags?post=282"}],"curies":[{"name":"wp","href":"https:\/\/api.w.org\/{rel}","templated":true}]}}