{"id":290,"date":"2024-01-26T16:10:49","date_gmt":"2024-01-26T15:10:49","guid":{"rendered":"https:\/\/www.site.cdcl.xyz\/2024\/01\/26\/informations-france-la-face-cachee-de-lagriculture-francaise\/"},"modified":"2024-01-26T16:10:49","modified_gmt":"2024-01-26T15:10:49","slug":"informations-france-la-face-cachee-de-lagriculture-francaise","status":"publish","type":"post","link":"https:\/\/www.cc3rivieres76.com\/blog\/informations-france-la-face-cachee-de-lagriculture-francaise\/","title":{"rendered":"Informations france: La face cach\u00e9e de l\u2019agriculture fran\u00e7aise"},"content":{"rendered":"\n<div>\n<p><strong>Alors que 20 % des agriculteurs fran\u00e7ais sont riches et 20 % vivent d\u00e9cemment de leur travail, environ 60 % connaissent de s\u00e9rieuses difficult\u00e9s, principalement dues \u00e0 la concurrence d\u00e9loyale des pays tiers. La profession enregistre deux suicides par jour !<\/strong><\/p>\n<p>Ils sont c\u00e9r\u00e9aliers de la Beauce et de la Brie, vignerons de Champagne ou de Bordeaux, \u00e9leveurs de ch\u00e8vres du Larzac ou encore producteurs de fruits et l\u00e9gumes de la Vall\u00e9e du Rh\u00f4ne. Ce sont tous des agriculteurs, mais ils ont des statuts, des contraintes et des revenus compl\u00e8tement diff\u00e9rents. Il y a 400 000 agriculteurs actifs en France. 20 % d\u2019entre eux s\u2019en sortent tr\u00e8s bien \u00bb, explique Jean-Luc Gu\u00e9rard, ancien polyculteur-\u00e9levage \u00e0 Villers-en-Haye, en Meurthe-et-Moselle. Ce sont les grands c\u00e9r\u00e9aliers, les grands viticulteurs. Ils sont souvent \u00e9lus dans leur commune ou d\u00e9partement, parfois \u00e0 l\u2019Assembl\u00e9e ou au S\u00e9nat, et fr\u00e9quentent les dirigeants politiques de Paris et de Bruxelles. Pas de probl\u00e8me pour eux.<\/p>\n<h2>Poulets import\u00e9s d\u2019Ukraine<\/h2>\n<p>Il existe \u00e9galement une classe d\u2019agriculteurs un peu moins ais\u00e9s. Environ 20 % de la profession dispose d\u2019un bon capital, d\u2019employ\u00e9s et d\u2019\u00e9quipements de pointe pour g\u00e9rer leur exploitation. Ils cherchent \u00e0 s\u2019agrandir pour augmenter leurs revenus confortables.<br \/>Enfin, 60 % des agriculteurs fran\u00e7ais sont \u00ab dans une situation difficile, voire tr\u00e8s difficile \u00bb, comme le souligne Jean-Luc Gu\u00e9rard. Plus que les deux autres cat\u00e9gories, leurs revenus sont soumis aux al\u00e9as climatiques, \u00e9conomiques et g\u00e9opolitiques\u2026 \u00bb.<br \/>L\u2019Ukraine en est un bon exemple. Depuis le d\u00e9but de la guerre avec la Russie, Bruxelles a suspendu les droits de douane, pour soutenir l\u2019\u00e9conomie du pays. Officiellement, 8,1 millions d\u2019euros de viande et de volaille ukrainienne sont import\u00e9s en France. En r\u00e9alit\u00e9, c\u2019est bien plus, puisque l\u2019Ukraine fait transformer ses poulets dans des usines en Pologne, en Belgique ou aux Pays-Bas, qui les revendent ensuite en France sans \u00eatre oblig\u00e9es d\u2019indiquer leur origine. C\u2019est une concurrence d\u00e9loyale \u00bb, confirme un agriculteur de la Bresse. L\u2019Ukraine, qui ne fait pas partie de l\u2019Europe, n\u2019est pas soumise aux m\u00eames normes que nous. Par exemple, Bruxelles interdit les unit\u00e9s de production de plus de 20 000 oiseaux. Pourtant, un oligarque ukrainien a mis en place une unit\u00e9 de production int\u00e9gr\u00e9e (de la production d\u2019aliments \u00e0 l\u2019abattage, la d\u00e9coupe et la distribution en barquettes) comptant 4 millions de poulets. \u00ab Comment lutter contre cette concurrence \u00bb, s\u2019interroge Jean-Luc Gu\u00e9rard ?<\/p>\n<h2>Distorsion de concurrence<\/h2>\n<p>Ces anomalies concurrentielles se retrouvent dans tous les secteurs professionnels. L\u2019Europe interdit certains produits phytosanitaires pour le b\u00e9tail et les cultures. Ils sont pourtant autoris\u00e9s dans les pays qui exportent leur production vers la France. Les OGM, par exemple, sont utilis\u00e9s dans de nombreux pays pour produire du soja destin\u00e9 \u00e0 l\u2019alimentation animale.<br \/>Il en va de m\u00eame pour les veaux n\u00e9s en France, \u00e9lev\u00e9s en Italie et revendus en France ; porcs n\u00e9s en Belgique et abattus en Roumanie pour \u00eatre redistribu\u00e9s dans toute l\u2019Europe.<br \/>Ce n\u2019est pas mieux pour les fruits et l\u00e9gumes cultiv\u00e9s en Espagne ou au Maroc avec des engrais interdits en Europe (tomates, laitues, raisins, p\u00eaches, abricots, etc.), ni pour le vin et l\u2019huile d\u2019olive de mauvaise qualit\u00e9 vendus dans les supermarch\u00e9s. Parfois sous la marque propre du distributeur. (<strong>Voir ci-dessous les 40 tonnes d\u2019\u0153ufs du Portugal<\/strong>).<\/p>\n<h2>Deux suicides par jour !<\/h2>\n<p>Il est d\u2019autant plus difficile pour les petits producteurs et \u00e9leveurs de r\u00e9agir que les co\u00fbts de production ne cessent d\u2019augmenter (diesel, \u00e9lectricit\u00e9, engrais, alimentation animale, etc.), que les prix de vente du lait, des c\u00e9r\u00e9ales et de la viande n\u2019augmentent pas. , voire en baisse, et que les subventions de la PAC ne sont pas vers\u00e9es \u00e0 temps\u2026 On comprend facilement pourquoi les agriculteurs sont dans un tel d\u00e9sarroi. Et si l\u2019on y ajoute le casse-t\u00eate des normes que Paris et Bruxelles leur imposent au quotidien, c\u2019est de quoi donner envie de se pendre.<br \/>Une \u00e9tude de Sant\u00e9 publique France, men\u00e9e en 2017 sur des donn\u00e9es de 2007 \u00e0 2011, r\u00e9v\u00e8le qu\u2019un agriculteur se suicide tous les deux jours en France (300 personnes en deux ans). L\u2019\u00e9tude MSA de 2019, bas\u00e9e sur les donn\u00e9es de 2015, faisait \u00e9tat de deux suicides par jour (605 personnes) !<br \/>Dans quel autre m\u00e9tier trouve-t-on autant de raisons de bloquer les routes et les autoroutes ?<\/p>\n<blockquote class=\"twitter-tweet\" data-width=\"550\" data-dnt=\"true\">\n<p lang=\"zxx\" dir=\"ltr\"><a rel=\"nofollow noopener\" target=\"_blank\" href=\"https:\/\/t.co\/p0mhc1PWH0\">pic.twitter.com\/p0mhc1PWH0<\/a><\/p>\n<p>\u2013 V\u00c9RIT\u00c9 France (@verity_france) <a rel=\"nofollow noopener\" target=\"_blank\" href=\"https:\/\/twitter.com\/verity_france\/status\/1750813709935509544?ref_src=twsrc%5Etfw\">26 janvier 2024<\/a><\/p>\n<\/blockquote>\n<blockquote class=\"twitter-tweet\" data-width=\"550\" data-dnt=\"true\">\n<p lang=\"fr\" dir=\"ltr\">\ud83d\udd34La MSA de See More <a rel=\"nofollow noopener\" target=\"_blank\" href=\"https:\/\/twitter.com\/hashtag\/Narbonne?src=hash&amp;ref_src=twsrc%5Etfw\">#Narbonne<\/a> incendi\u00e9e par des viticulteurs et <a rel=\"nofollow noopener\" target=\"_blank\" href=\"https:\/\/twitter.com\/hashtag\/agriculteurs?src=hash&amp;ref_src=twsrc%5Etfw\">#agriculteurs<\/a>. <a rel=\"nofollow noopener\" target=\"_blank\" href=\"https:\/\/twitter.com\/hashtag\/AgriculteursEnColere?src=hash&amp;ref_src=twsrc%5Etfw\">#AgriculteursEnCol\u00e8re<\/a> <a rel=\"nofollow noopener\" target=\"_blank\" href=\"https:\/\/t.co\/YoNXQAL9D4\">pic.twitter.com\/YoNXQAL9D4<\/a><\/p>\n<p>\u2013 Anonyme Citoyen (@AnonymeCitoyen) <a rel=\"nofollow noopener\" target=\"_blank\" href=\"https:\/\/twitter.com\/AnonymeCitoyen\/status\/1750876015583269285?ref_src=twsrc%5Etfw\">26 janvier 2024<\/a><\/p>\n<\/blockquote>\n<\/div>\n<p>Ouvrages sur un th\u00e8me analogue:<\/p>\n<p>Itin\u00e9raires de Paris \u00e0 J\u00e9rusalem : La France et le conflit isra\u00e9lo-arabe (1).,<a href=\"https:\/\/www.kobo.com\/fr\/fr\/ebook\/itineraires-de-paris-a-jerusalem-la-france-et-le-conflit-israelo-arabe-1\" target=\"_blank\" rel=\"noopener noreferrer nofollow\">Pr\u00e9sentation du livre<\/a><span><\/span>.<\/p>\n<p>Le Peuple de la For\u00eat.,<a href=\"https:\/\/www.kobo.com\/fr\/fr\/ebook\/le-peuple-de-la-foret\" target=\"_blank\" rel=\"noopener noreferrer nofollow\">Redirection vers la fiche descriptive<\/a><span><\/span>. Disponible sur internet.<\/p>\n<p>Renaissance et R\u00e9forme\/Autour de Jean Calvin.,<a href=\"https:\/\/fr.wikibooks.org\/wiki\/Renaissance_et_R%C3%A9forme\/Autour_de_Jean_Calvin\" target=\"_blank\" rel=\"noopener noreferrer nofollow\">Redirection vers la description <\/a><span><\/span>.<\/p>\n<p> Cet article, qui traite du th\u00e8me \u00ab\u00a0Les 3 rivi\u00e8res dans la Somme\u00a0\u00bb, vous est sp\u00e9cialement sugg\u00e9r\u00e9 par cc3rivieres76.com. La chronique est reproduite du mieux possible. Dans le cas o\u00f9 vous souhaitez apporter quelques pr\u00e9cisions concernant le domaine de \u00ab\u00a0Les 3 rivi\u00e8res dans la Somme\u00a0\u00bb vous pouvez solliciter notre r\u00e9daction. La destination de cc3rivieres76.com est de d\u00e9battre de Les 3 rivi\u00e8res dans la Somme dans la transparence en vous apportant la connaissance de tout ce qui est en lien avec ce sujet sur la toile Connectez-vous sur notre site cc3rivieres76.com et nos r\u00e9seaux sociaux dans le but d\u2019\u00eatre inform\u00e9 des futures publications.<\/p>\n","protected":false},"excerpt":{"rendered":"<p>Alors que 20 % des agriculteurs fran\u00e7ais sont riches et 20 % vivent d\u00e9cemment de leur travail, environ 60 % connaissent de s\u00e9rieuses difficult\u00e9s, principalement dues \u00e0 la concurrence d\u00e9loyale des pays tiers. La profession enregistre deux suicides par jour ! Ils sont c\u00e9r\u00e9aliers de la Beauce et de la Brie, vignerons de Champagne ou &hellip; <\/p>\n<p class=\"link-more\"><a href=\"https:\/\/www.cc3rivieres76.com\/blog\/informations-france-la-face-cachee-de-lagriculture-francaise\/\" class=\"more-link\">Continuer la lecture <span class=\"screen-reader-text\"> \u00ab\u00a0Informations france: La face cach\u00e9e de l\u2019agriculture fran\u00e7aise\u00a0\u00bb<\/span><\/a><\/p>\n","protected":false},"author":3,"featured_media":291,"comment_status":"closed","ping_status":"closed","sticky":false,"template":"","format":"standard","meta":{"footnotes":""},"categories":[2],"tags":[],"class_list":["post-290","post","type-post","status-publish","format-standard","has-post-thumbnail","hentry","category-les-3-rivieres-dans-la-somme","entry"],"yoast_head":"<!-- This site is optimized with the Yoast SEO plugin v27.5 - https:\/\/yoast.com\/product\/yoast-seo-wordpress\/ -->\n<title>Informations france: La face cach\u00e9e de l\u2019agriculture fran\u00e7aise - CC3RIVIERES76<\/title>\n<meta name=\"robots\" content=\"index, follow, max-snippet:-1, max-image-preview:large, max-video-preview:-1\" \/>\n<link rel=\"canonical\" href=\"https:\/\/www.cc3rivieres76.com\/blog\/informations-france-la-face-cachee-de-lagriculture-francaise\/\" \/>\n<meta property=\"og:locale\" content=\"fr_FR\" \/>\n<meta property=\"og:type\" content=\"article\" \/>\n<meta property=\"og:title\" content=\"Informations france: La face cach\u00e9e de l\u2019agriculture fran\u00e7aise - CC3RIVIERES76\" \/>\n<meta property=\"og:description\" content=\"Alors que 20 % des agriculteurs fran\u00e7ais sont riches et 20 % vivent d\u00e9cemment de leur travail, environ 60 % connaissent de s\u00e9rieuses difficult\u00e9s, principalement dues \u00e0 la concurrence d\u00e9loyale des pays tiers. La profession enregistre deux suicides par jour ! Ils sont c\u00e9r\u00e9aliers de la Beauce et de la Brie, vignerons de Champagne ou &hellip; Continuer la lecture \u00ab\u00a0Informations france: La face cach\u00e9e de l\u2019agriculture fran\u00e7aise\u00a0\u00bb\" \/>\n<meta property=\"og:url\" content=\"https:\/\/www.cc3rivieres76.com\/blog\/informations-france-la-face-cachee-de-lagriculture-francaise\/\" \/>\n<meta property=\"og:site_name\" content=\"CC3RIVIERES76\" \/>\n<meta property=\"article:published_time\" content=\"2024-01-26T15:10:49+00:00\" \/>\n<meta name=\"author\" content=\"Sylvie DE LAUZAINGHEIN\" \/>\n<meta name=\"twitter:card\" content=\"summary_large_image\" \/>\n<meta name=\"twitter:label1\" content=\"\u00c9crit par\" \/>\n\t<meta name=\"twitter:data1\" content=\"Sylvie DE LAUZAINGHEIN\" \/>\n\t<meta name=\"twitter:label2\" content=\"Dur\u00e9e de lecture estim\u00e9e\" \/>\n\t<meta name=\"twitter:data2\" content=\"5 minutes\" \/>\n<script type=\"application\/ld+json\" class=\"yoast-schema-graph\">{\"@context\":\"https:\\\/\\\/schema.org\",\"@graph\":[{\"@type\":\"Article\",\"@id\":\"https:\\\/\\\/www.cc3rivieres76.com\\\/blog\\\/informations-france-la-face-cachee-de-lagriculture-francaise\\\/#article\",\"isPartOf\":{\"@id\":\"https:\\\/\\\/www.cc3rivieres76.com\\\/blog\\\/informations-france-la-face-cachee-de-lagriculture-francaise\\\/\"},\"author\":{\"name\":\"Sylvie DE LAUZAINGHEIN\",\"@id\":\"https:\\\/\\\/www.cc3rivieres76.com\\\/blog\\\/#\\\/schema\\\/person\\\/474d457fb7747b5218f39792dfaa5a1c\"},\"headline\":\"Informations france: La face cach\u00e9e de l\u2019agriculture fran\u00e7aise\",\"datePublished\":\"2024-01-26T15:10:49+00:00\",\"mainEntityOfPage\":{\"@id\":\"https:\\\/\\\/www.cc3rivieres76.com\\\/blog\\\/informations-france-la-face-cachee-de-lagriculture-francaise\\\/\"},\"wordCount\":974,\"publisher\":{\"@id\":\"https:\\\/\\\/www.cc3rivieres76.com\\\/blog\\\/#organization\"},\"image\":{\"@id\":\"https:\\\/\\\/www.cc3rivieres76.com\\\/blog\\\/informations-france-la-face-cachee-de-lagriculture-francaise\\\/#primaryimage\"},\"thumbnailUrl\":\"https:\\\/\\\/www.cc3rivieres76.com\\\/blog\\\/wp-content\\\/uploads\\\/2024\\\/01\\\/informations-france-la-face-cachee-de-lagriculture-francaise.jpg\",\"articleSection\":[\"Les 3 Rivi\u00e8res Dans La Somme:\"],\"inLanguage\":\"fr-FR\"},{\"@type\":\"WebPage\",\"@id\":\"https:\\\/\\\/www.cc3rivieres76.com\\\/blog\\\/informations-france-la-face-cachee-de-lagriculture-francaise\\\/\",\"url\":\"https:\\\/\\\/www.cc3rivieres76.com\\\/blog\\\/informations-france-la-face-cachee-de-lagriculture-francaise\\\/\",\"name\":\"Informations france: La face cach\u00e9e de l\u2019agriculture fran\u00e7aise - CC3RIVIERES76\",\"isPartOf\":{\"@id\":\"https:\\\/\\\/www.cc3rivieres76.com\\\/blog\\\/#website\"},\"primaryImageOfPage\":{\"@id\":\"https:\\\/\\\/www.cc3rivieres76.com\\\/blog\\\/informations-france-la-face-cachee-de-lagriculture-francaise\\\/#primaryimage\"},\"image\":{\"@id\":\"https:\\\/\\\/www.cc3rivieres76.com\\\/blog\\\/informations-france-la-face-cachee-de-lagriculture-francaise\\\/#primaryimage\"},\"thumbnailUrl\":\"https:\\\/\\\/www.cc3rivieres76.com\\\/blog\\\/wp-content\\\/uploads\\\/2024\\\/01\\\/informations-france-la-face-cachee-de-lagriculture-francaise.jpg\",\"datePublished\":\"2024-01-26T15:10:49+00:00\",\"breadcrumb\":{\"@id\":\"https:\\\/\\\/www.cc3rivieres76.com\\\/blog\\\/informations-france-la-face-cachee-de-lagriculture-francaise\\\/#breadcrumb\"},\"inLanguage\":\"fr-FR\",\"potentialAction\":[{\"@type\":\"ReadAction\",\"target\":[\"https:\\\/\\\/www.cc3rivieres76.com\\\/blog\\\/informations-france-la-face-cachee-de-lagriculture-francaise\\\/\"]}]},{\"@type\":\"ImageObject\",\"inLanguage\":\"fr-FR\",\"@id\":\"https:\\\/\\\/www.cc3rivieres76.com\\\/blog\\\/informations-france-la-face-cachee-de-lagriculture-francaise\\\/#primaryimage\",\"url\":\"https:\\\/\\\/www.cc3rivieres76.com\\\/blog\\\/wp-content\\\/uploads\\\/2024\\\/01\\\/informations-france-la-face-cachee-de-lagriculture-francaise.jpg\",\"contentUrl\":\"https:\\\/\\\/www.cc3rivieres76.com\\\/blog\\\/wp-content\\\/uploads\\\/2024\\\/01\\\/informations-france-la-face-cachee-de-lagriculture-francaise.jpg\",\"width\":780,\"height\":546,\"caption\":\"Informations france: La face cach\u00e9e de l\u2019agriculture fran\u00e7aise\"},{\"@type\":\"BreadcrumbList\",\"@id\":\"https:\\\/\\\/www.cc3rivieres76.com\\\/blog\\\/informations-france-la-face-cachee-de-lagriculture-francaise\\\/#breadcrumb\",\"itemListElement\":[{\"@type\":\"ListItem\",\"position\":1,\"name\":\"Accueil\",\"item\":\"https:\\\/\\\/www.cc3rivieres76.com\\\/blog\\\/\"},{\"@type\":\"ListItem\",\"position\":2,\"name\":\"Informations france: La face cach\u00e9e de l\u2019agriculture fran\u00e7aise\"}]},{\"@type\":\"WebSite\",\"@id\":\"https:\\\/\\\/www.cc3rivieres76.com\\\/blog\\\/#website\",\"url\":\"https:\\\/\\\/www.cc3rivieres76.com\\\/blog\\\/\",\"name\":\"CC3RIVIERES76\",\"description\":\"Les 3 rivi\u00e8res dans la Somme.\",\"publisher\":{\"@id\":\"https:\\\/\\\/www.cc3rivieres76.com\\\/blog\\\/#organization\"},\"potentialAction\":[{\"@type\":\"SearchAction\",\"target\":{\"@type\":\"EntryPoint\",\"urlTemplate\":\"https:\\\/\\\/www.cc3rivieres76.com\\\/blog\\\/?s={search_term_string}\"},\"query-input\":{\"@type\":\"PropertyValueSpecification\",\"valueRequired\":true,\"valueName\":\"search_term_string\"}}],\"inLanguage\":\"fr-FR\"},{\"@type\":\"Organization\",\"@id\":\"https:\\\/\\\/www.cc3rivieres76.com\\\/blog\\\/#organization\",\"name\":\"cc3rivieres76\",\"url\":\"https:\\\/\\\/www.cc3rivieres76.com\\\/blog\\\/\",\"logo\":{\"@type\":\"ImageObject\",\"inLanguage\":\"fr-FR\",\"@id\":\"https:\\\/\\\/www.cc3rivieres76.com\\\/blog\\\/#\\\/schema\\\/logo\\\/image\\\/\",\"url\":\"https:\\\/\\\/www.cc3rivieres76.com\\\/blog\\\/wp-content\\\/uploads\\\/2023\\\/06\\\/logo-2.png\",\"contentUrl\":\"https:\\\/\\\/www.cc3rivieres76.com\\\/blog\\\/wp-content\\\/uploads\\\/2023\\\/06\\\/logo-2.png\",\"width\":390,\"height\":388,\"caption\":\"cc3rivieres76\"},\"image\":{\"@id\":\"https:\\\/\\\/www.cc3rivieres76.com\\\/blog\\\/#\\\/schema\\\/logo\\\/image\\\/\"}},{\"@type\":\"Person\",\"@id\":\"https:\\\/\\\/www.cc3rivieres76.com\\\/blog\\\/#\\\/schema\\\/person\\\/474d457fb7747b5218f39792dfaa5a1c\",\"name\":\"Sylvie DE LAUZAINGHEIN\",\"image\":{\"@type\":\"ImageObject\",\"inLanguage\":\"fr-FR\",\"@id\":\"https:\\\/\\\/secure.gravatar.com\\\/avatar\\\/9c6a53b19e0a3431aa80de0895b9729fe665cd7e7d6cc94fc11abb152f4237d7?s=96&d=mm&r=g\",\"url\":\"https:\\\/\\\/secure.gravatar.com\\\/avatar\\\/9c6a53b19e0a3431aa80de0895b9729fe665cd7e7d6cc94fc11abb152f4237d7?s=96&d=mm&r=g\",\"contentUrl\":\"https:\\\/\\\/secure.gravatar.com\\\/avatar\\\/9c6a53b19e0a3431aa80de0895b9729fe665cd7e7d6cc94fc11abb152f4237d7?s=96&d=mm&r=g\",\"caption\":\"Sylvie DE LAUZAINGHEIN\"},\"url\":\"https:\\\/\\\/www.cc3rivieres76.com\\\/blog\\\/author\\\/s76sylvie\\\/\"}]}<\/script>\n<!-- \/ Yoast SEO plugin. -->","yoast_head_json":{"title":"Informations france: La face cach\u00e9e de l\u2019agriculture fran\u00e7aise - CC3RIVIERES76","robots":{"index":"index","follow":"follow","max-snippet":"max-snippet:-1","max-image-preview":"max-image-preview:large","max-video-preview":"max-video-preview:-1"},"canonical":"https:\/\/www.cc3rivieres76.com\/blog\/informations-france-la-face-cachee-de-lagriculture-francaise\/","og_locale":"fr_FR","og_type":"article","og_title":"Informations france: La face cach\u00e9e de l\u2019agriculture fran\u00e7aise - CC3RIVIERES76","og_description":"Alors que 20 % des agriculteurs fran\u00e7ais sont riches et 20 % vivent d\u00e9cemment de leur travail, environ 60 % connaissent de s\u00e9rieuses difficult\u00e9s, principalement dues \u00e0 la concurrence d\u00e9loyale des pays tiers. La profession enregistre deux suicides par jour ! Ils sont c\u00e9r\u00e9aliers de la Beauce et de la Brie, vignerons de Champagne ou &hellip; Continuer la lecture \u00ab\u00a0Informations france: La face cach\u00e9e de l\u2019agriculture fran\u00e7aise\u00a0\u00bb","og_url":"https:\/\/www.cc3rivieres76.com\/blog\/informations-france-la-face-cachee-de-lagriculture-francaise\/","og_site_name":"CC3RIVIERES76","article_published_time":"2024-01-26T15:10:49+00:00","author":"Sylvie DE LAUZAINGHEIN","twitter_card":"summary_large_image","twitter_misc":{"\u00c9crit par":"Sylvie DE LAUZAINGHEIN","Dur\u00e9e de lecture estim\u00e9e":"5 minutes"},"schema":{"@context":"https:\/\/schema.org","@graph":[{"@type":"Article","@id":"https:\/\/www.cc3rivieres76.com\/blog\/informations-france-la-face-cachee-de-lagriculture-francaise\/#article","isPartOf":{"@id":"https:\/\/www.cc3rivieres76.com\/blog\/informations-france-la-face-cachee-de-lagriculture-francaise\/"},"author":{"name":"Sylvie DE LAUZAINGHEIN","@id":"https:\/\/www.cc3rivieres76.com\/blog\/#\/schema\/person\/474d457fb7747b5218f39792dfaa5a1c"},"headline":"Informations france: La face cach\u00e9e de l\u2019agriculture fran\u00e7aise","datePublished":"2024-01-26T15:10:49+00:00","mainEntityOfPage":{"@id":"https:\/\/www.cc3rivieres76.com\/blog\/informations-france-la-face-cachee-de-lagriculture-francaise\/"},"wordCount":974,"publisher":{"@id":"https:\/\/www.cc3rivieres76.com\/blog\/#organization"},"image":{"@id":"https:\/\/www.cc3rivieres76.com\/blog\/informations-france-la-face-cachee-de-lagriculture-francaise\/#primaryimage"},"thumbnailUrl":"https:\/\/www.cc3rivieres76.com\/blog\/wp-content\/uploads\/2024\/01\/informations-france-la-face-cachee-de-lagriculture-francaise.jpg","articleSection":["Les 3 Rivi\u00e8res Dans La Somme:"],"inLanguage":"fr-FR"},{"@type":"WebPage","@id":"https:\/\/www.cc3rivieres76.com\/blog\/informations-france-la-face-cachee-de-lagriculture-francaise\/","url":"https:\/\/www.cc3rivieres76.com\/blog\/informations-france-la-face-cachee-de-lagriculture-francaise\/","name":"Informations france: La face cach\u00e9e de l\u2019agriculture fran\u00e7aise - CC3RIVIERES76","isPartOf":{"@id":"https:\/\/www.cc3rivieres76.com\/blog\/#website"},"primaryImageOfPage":{"@id":"https:\/\/www.cc3rivieres76.com\/blog\/informations-france-la-face-cachee-de-lagriculture-francaise\/#primaryimage"},"image":{"@id":"https:\/\/www.cc3rivieres76.com\/blog\/informations-france-la-face-cachee-de-lagriculture-francaise\/#primaryimage"},"thumbnailUrl":"https:\/\/www.cc3rivieres76.com\/blog\/wp-content\/uploads\/2024\/01\/informations-france-la-face-cachee-de-lagriculture-francaise.jpg","datePublished":"2024-01-26T15:10:49+00:00","breadcrumb":{"@id":"https:\/\/www.cc3rivieres76.com\/blog\/informations-france-la-face-cachee-de-lagriculture-francaise\/#breadcrumb"},"inLanguage":"fr-FR","potentialAction":[{"@type":"ReadAction","target":["https:\/\/www.cc3rivieres76.com\/blog\/informations-france-la-face-cachee-de-lagriculture-francaise\/"]}]},{"@type":"ImageObject","inLanguage":"fr-FR","@id":"https:\/\/www.cc3rivieres76.com\/blog\/informations-france-la-face-cachee-de-lagriculture-francaise\/#primaryimage","url":"https:\/\/www.cc3rivieres76.com\/blog\/wp-content\/uploads\/2024\/01\/informations-france-la-face-cachee-de-lagriculture-francaise.jpg","contentUrl":"https:\/\/www.cc3rivieres76.com\/blog\/wp-content\/uploads\/2024\/01\/informations-france-la-face-cachee-de-lagriculture-francaise.jpg","width":780,"height":546,"caption":"Informations france: La face cach\u00e9e de l\u2019agriculture fran\u00e7aise"},{"@type":"BreadcrumbList","@id":"https:\/\/www.cc3rivieres76.com\/blog\/informations-france-la-face-cachee-de-lagriculture-francaise\/#breadcrumb","itemListElement":[{"@type":"ListItem","position":1,"name":"Accueil","item":"https:\/\/www.cc3rivieres76.com\/blog\/"},{"@type":"ListItem","position":2,"name":"Informations france: La face cach\u00e9e de l\u2019agriculture fran\u00e7aise"}]},{"@type":"WebSite","@id":"https:\/\/www.cc3rivieres76.com\/blog\/#website","url":"https:\/\/www.cc3rivieres76.com\/blog\/","name":"CC3RIVIERES76","description":"Les 3 rivi\u00e8res dans la Somme.","publisher":{"@id":"https:\/\/www.cc3rivieres76.com\/blog\/#organization"},"potentialAction":[{"@type":"SearchAction","target":{"@type":"EntryPoint","urlTemplate":"https:\/\/www.cc3rivieres76.com\/blog\/?s={search_term_string}"},"query-input":{"@type":"PropertyValueSpecification","valueRequired":true,"valueName":"search_term_string"}}],"inLanguage":"fr-FR"},{"@type":"Organization","@id":"https:\/\/www.cc3rivieres76.com\/blog\/#organization","name":"cc3rivieres76","url":"https:\/\/www.cc3rivieres76.com\/blog\/","logo":{"@type":"ImageObject","inLanguage":"fr-FR","@id":"https:\/\/www.cc3rivieres76.com\/blog\/#\/schema\/logo\/image\/","url":"https:\/\/www.cc3rivieres76.com\/blog\/wp-content\/uploads\/2023\/06\/logo-2.png","contentUrl":"https:\/\/www.cc3rivieres76.com\/blog\/wp-content\/uploads\/2023\/06\/logo-2.png","width":390,"height":388,"caption":"cc3rivieres76"},"image":{"@id":"https:\/\/www.cc3rivieres76.com\/blog\/#\/schema\/logo\/image\/"}},{"@type":"Person","@id":"https:\/\/www.cc3rivieres76.com\/blog\/#\/schema\/person\/474d457fb7747b5218f39792dfaa5a1c","name":"Sylvie DE LAUZAINGHEIN","image":{"@type":"ImageObject","inLanguage":"fr-FR","@id":"https:\/\/secure.gravatar.com\/avatar\/9c6a53b19e0a3431aa80de0895b9729fe665cd7e7d6cc94fc11abb152f4237d7?s=96&d=mm&r=g","url":"https:\/\/secure.gravatar.com\/avatar\/9c6a53b19e0a3431aa80de0895b9729fe665cd7e7d6cc94fc11abb152f4237d7?s=96&d=mm&r=g","contentUrl":"https:\/\/secure.gravatar.com\/avatar\/9c6a53b19e0a3431aa80de0895b9729fe665cd7e7d6cc94fc11abb152f4237d7?s=96&d=mm&r=g","caption":"Sylvie DE LAUZAINGHEIN"},"url":"https:\/\/www.cc3rivieres76.com\/blog\/author\/s76sylvie\/"}]}},"_links":{"self":[{"href":"https:\/\/www.cc3rivieres76.com\/blog\/wp-json\/wp\/v2\/posts\/290","targetHints":{"allow":["GET"]}}],"collection":[{"href":"https:\/\/www.cc3rivieres76.com\/blog\/wp-json\/wp\/v2\/posts"}],"about":[{"href":"https:\/\/www.cc3rivieres76.com\/blog\/wp-json\/wp\/v2\/types\/post"}],"author":[{"embeddable":true,"href":"https:\/\/www.cc3rivieres76.com\/blog\/wp-json\/wp\/v2\/users\/3"}],"replies":[{"embeddable":true,"href":"https:\/\/www.cc3rivieres76.com\/blog\/wp-json\/wp\/v2\/comments?post=290"}],"version-history":[{"count":0,"href":"https:\/\/www.cc3rivieres76.com\/blog\/wp-json\/wp\/v2\/posts\/290\/revisions"}],"wp:featuredmedia":[{"embeddable":true,"href":"https:\/\/www.cc3rivieres76.com\/blog\/wp-json\/wp\/v2\/media\/291"}],"wp:attachment":[{"href":"https:\/\/www.cc3rivieres76.com\/blog\/wp-json\/wp\/v2\/media?parent=290"}],"wp:term":[{"taxonomy":"category","embeddable":true,"href":"https:\/\/www.cc3rivieres76.com\/blog\/wp-json\/wp\/v2\/categories?post=290"},{"taxonomy":"post_tag","embeddable":true,"href":"https:\/\/www.cc3rivieres76.com\/blog\/wp-json\/wp\/v2\/tags?post=290"}],"curies":[{"name":"wp","href":"https:\/\/api.w.org\/{rel}","templated":true}]}}