{"id":294,"date":"2024-01-30T17:11:42","date_gmt":"2024-01-30T16:11:42","guid":{"rendered":"https:\/\/www.site.cdcl.xyz\/2024\/01\/30\/actualites-france-apres-deux-ans-paralysie-politique-une-sortie-de-crise-se-profile\/"},"modified":"2024-01-30T17:11:42","modified_gmt":"2024-01-30T16:11:42","slug":"actualites-france-apres-deux-ans-paralysie-politique-une-sortie-de-crise-se-profile","status":"publish","type":"post","link":"https:\/\/www.cc3rivieres76.com\/blog\/actualites-france-apres-deux-ans-paralysie-politique-une-sortie-de-crise-se-profile\/","title":{"rendered":"Actualit\u00e9s france: apr\u00e8s deux ans paralysie politique, une sortie de crise se profile"},"content":{"rendered":"\n<p><img decoding=\"async\" src=\"https:\/\/www.cc3rivieres76.com\/blog\/wp-content\/uploads\/2024\/01\/actualites-france-apres-deux-ans-paralysie-politique-une-sortie-de-crise-se-profile.jpg\"><\/p>\n<p> Un accord a \u00e9t\u00e9 trouv\u00e9, dans la nuit de lundi \u00e0 mardi 30 janvier, pour restaurer le gouvernement nord-irlandais. Faute d\u2019ex\u00e9cutif depuis deux ans d\u00e9j\u00e0, tout ce temps, c\u2019est Londres qui g\u00e9rait les affaires courantes en Irlande du Nord. On s\u2019attend maintenant \u00e0 un retour \u00e0 la normale. <\/p>\n<div>\n<p class=\"m-pub-dates\"><span class=\"m-pub-dates__date\">Publi\u00e9 le : 30\/01\/2024 \u2013 16:17<\/span><\/p>\n<p> <span class=\"a-svg a-svg--picto-clock\" title=\"Temps de lecture\"> 1 minute<\/span><\/p>\n<\/div>\n<div>\n<p><em>Avec notre correspondant \u00e0 Dublin<\/em>, <strong>Cl\u00e9mence P\u00e9nard<\/strong><\/p>\n<p>Le boycott du gouvernement local par le DUP \u2013 le Parti d\u00e9mocratique unioniste \u2013<\/p>\n<p>aura dure 24 mois. Les unionistes s\u2019\u00e9taient retir\u00e9s de Stormont, le Parlement,<\/p>\n<p>pour s\u2019opposer aux r\u00e8gles commerciales post-Brexit.<\/p>\n<p>Mais le DUP a donc enfin accept\u00e9 un accord pour r\u00e9tablir le partage du pouvoir. Annonce faite par le chef du parti, Jeffrey Donaldson, peu avant 1 heure du matin cette nuit.<\/p>\n<p>Mais pendant cette r\u00e9union du parti, signe des profondes divisions au sein de l\u2019unionisme, des manifestants ont exprim\u00e9 leur m\u00e9contentement.<\/p>\n<p>Le ministre britannique en charge de l\u2019Irlande du Nord, Chris Heaton-Harris, quant \u00e0 lui, salue une \u00ab <em>\u00e9tape significative<\/em> \u00bb.<\/p>\n<p>Le DUP et les autres partis politiques nord-irlandais se r\u00e9unissent aujourd\u2019hui.<\/p>\n<p>Le retour de l\u2019ex\u00e9cutif a d\u00e9clench\u00e9 le d\u00e9blocage de 3,8 milliards d\u2019euros. Une partie importante de ce paquet financier sera allou\u00e9e pour r\u00e9gler les conflits en cours en Irlande du Nord sur les salaires du secteur public.<\/p>\n<p class=\"a-read-more\"><span class=\"a-read-more__label\">\u00c0 lire aussi<\/span>Accord sur l\u2019Irlande du Nord : unionistes et r\u00e9publicains restent prudents<\/p>\n<\/div>\n<p>Bibliographie :<\/p>\n<p>La France \u00e0 quitte ou double.,<a href=\"https:\/\/www.kobo.com\/fr\/fr\/ebook\/la-france-a-quitte-ou-double\" target=\"_blank\" rel=\"noopener noreferrer nofollow\">Ici la fiche descriptive<\/a><span><\/span>.<\/p>\n<p>La france des ca\u00efds.,<a href=\"https:\/\/www.kobo.com\/fr\/fr\/ebook\/la-france-des-caids\" target=\"_blank\" rel=\"noopener noreferrer nofollow\">Lien sur la fiche de pr\u00e9sentation<\/a><span><\/span>.<\/p>\n<p>Programmer en R\/Repr\u00e9senter une carte.,<a href=\"https:\/\/fr.wikibooks.org\/wiki\/Programmer_en_R\/Repr%C3%A9senter_une_carte\" target=\"_blank\" rel=\"noopener noreferrer nofollow\">Pour en savoir plus<\/a><span><\/span>.<\/p>\n<p> Cet article, qui traite du th\u00e8me \u00ab\u00a0Les 3 rivi\u00e8res dans la Somme\u00a0\u00bb, vous est sp\u00e9cialement sugg\u00e9r\u00e9 par cc3rivieres76.com. La chronique est reproduite du mieux possible. Dans le cas o\u00f9 vous souhaitez apporter quelques pr\u00e9cisions concernant le domaine de \u00ab\u00a0Les 3 rivi\u00e8res dans la Somme\u00a0\u00bb vous pouvez solliciter notre r\u00e9daction. La destination de cc3rivieres76.com est de d\u00e9battre de Les 3 rivi\u00e8res dans la Somme dans la transparence en vous apportant la connaissance de tout ce qui est en lien avec ce sujet sur la toile Connectez-vous sur notre site cc3rivieres76.com et nos r\u00e9seaux sociaux dans le but d\u2019\u00eatre inform\u00e9 des futures publications.<\/p>\n","protected":false},"excerpt":{"rendered":"<p>Un accord a \u00e9t\u00e9 trouv\u00e9, dans la nuit de lundi \u00e0 mardi 30 janvier, pour restaurer le gouvernement nord-irlandais. Faute d\u2019ex\u00e9cutif depuis deux ans d\u00e9j\u00e0, tout ce temps, c\u2019est Londres qui g\u00e9rait les affaires courantes en Irlande du Nord. On s\u2019attend maintenant \u00e0 un retour \u00e0 la normale. Publi\u00e9 le : 30\/01\/2024 \u2013 16:17 1 &hellip; <\/p>\n<p class=\"link-more\"><a href=\"https:\/\/www.cc3rivieres76.com\/blog\/actualites-france-apres-deux-ans-paralysie-politique-une-sortie-de-crise-se-profile\/\" class=\"more-link\">Continuer la lecture <span class=\"screen-reader-text\"> \u00ab\u00a0Actualit\u00e9s france: apr\u00e8s deux ans paralysie politique, une sortie de crise se profile\u00a0\u00bb<\/span><\/a><\/p>\n","protected":false},"author":3,"featured_media":295,"comment_status":"closed","ping_status":"closed","sticky":false,"template":"","format":"standard","meta":{"footnotes":""},"categories":[2],"tags":[],"class_list":["post-294","post","type-post","status-publish","format-standard","has-post-thumbnail","hentry","category-les-3-rivieres-dans-la-somme","entry"],"yoast_head":"<!-- This site is optimized with the Yoast SEO plugin v27.5 - https:\/\/yoast.com\/product\/yoast-seo-wordpress\/ -->\n<title>Actualit\u00e9s france: apr\u00e8s deux ans paralysie politique, une sortie de crise se profile - CC3RIVIERES76<\/title>\n<meta name=\"robots\" content=\"index, follow, max-snippet:-1, max-image-preview:large, max-video-preview:-1\" \/>\n<link rel=\"canonical\" href=\"https:\/\/www.cc3rivieres76.com\/blog\/actualites-france-apres-deux-ans-paralysie-politique-une-sortie-de-crise-se-profile\/\" \/>\n<meta property=\"og:locale\" content=\"fr_FR\" \/>\n<meta property=\"og:type\" content=\"article\" \/>\n<meta property=\"og:title\" content=\"Actualit\u00e9s france: apr\u00e8s deux ans paralysie politique, une sortie de crise se profile - CC3RIVIERES76\" \/>\n<meta property=\"og:description\" content=\"Un accord a \u00e9t\u00e9 trouv\u00e9, dans la nuit de lundi \u00e0 mardi 30 janvier, pour restaurer le gouvernement nord-irlandais. Faute d\u2019ex\u00e9cutif depuis deux ans d\u00e9j\u00e0, tout ce temps, c\u2019est Londres qui g\u00e9rait les affaires courantes en Irlande du Nord. On s\u2019attend maintenant \u00e0 un retour \u00e0 la normale. Publi\u00e9 le : 30\/01\/2024 \u2013 16:17 1 &hellip; Continuer la lecture \u00ab\u00a0Actualit\u00e9s france: apr\u00e8s deux ans paralysie politique, une sortie de crise se profile\u00a0\u00bb\" \/>\n<meta property=\"og:url\" content=\"https:\/\/www.cc3rivieres76.com\/blog\/actualites-france-apres-deux-ans-paralysie-politique-une-sortie-de-crise-se-profile\/\" \/>\n<meta property=\"og:site_name\" content=\"CC3RIVIERES76\" \/>\n<meta property=\"article:published_time\" content=\"2024-01-30T16:11:42+00:00\" \/>\n<meta property=\"og:image\" content=\"https:\/\/www.cc3rivieres76.com\/blog\/wp-content\/uploads\/2024\/01\/actualites-france-apres-deux-ans-paralysie-politique-une-sortie-de-crise-se-profile.jpg\" \/>\n<meta name=\"author\" content=\"Sylvie DE LAUZAINGHEIN\" \/>\n<meta name=\"twitter:card\" content=\"summary_large_image\" \/>\n<meta name=\"twitter:label1\" content=\"\u00c9crit par\" \/>\n\t<meta name=\"twitter:data1\" content=\"Sylvie DE LAUZAINGHEIN\" \/>\n\t<meta name=\"twitter:label2\" content=\"Dur\u00e9e de lecture estim\u00e9e\" \/>\n\t<meta name=\"twitter:data2\" content=\"2 minutes\" \/>\n<script type=\"application\/ld+json\" class=\"yoast-schema-graph\">{\"@context\":\"https:\\\/\\\/schema.org\",\"@graph\":[{\"@type\":\"Article\",\"@id\":\"https:\\\/\\\/www.cc3rivieres76.com\\\/blog\\\/actualites-france-apres-deux-ans-paralysie-politique-une-sortie-de-crise-se-profile\\\/#article\",\"isPartOf\":{\"@id\":\"https:\\\/\\\/www.cc3rivieres76.com\\\/blog\\\/actualites-france-apres-deux-ans-paralysie-politique-une-sortie-de-crise-se-profile\\\/\"},\"author\":{\"name\":\"Sylvie DE LAUZAINGHEIN\",\"@id\":\"https:\\\/\\\/www.cc3rivieres76.com\\\/blog\\\/#\\\/schema\\\/person\\\/474d457fb7747b5218f39792dfaa5a1c\"},\"headline\":\"Actualit\u00e9s france: apr\u00e8s deux ans paralysie politique, une sortie de crise se profile\",\"datePublished\":\"2024-01-30T16:11:42+00:00\",\"mainEntityOfPage\":{\"@id\":\"https:\\\/\\\/www.cc3rivieres76.com\\\/blog\\\/actualites-france-apres-deux-ans-paralysie-politique-une-sortie-de-crise-se-profile\\\/\"},\"wordCount\":400,\"publisher\":{\"@id\":\"https:\\\/\\\/www.cc3rivieres76.com\\\/blog\\\/#organization\"},\"image\":{\"@id\":\"https:\\\/\\\/www.cc3rivieres76.com\\\/blog\\\/actualites-france-apres-deux-ans-paralysie-politique-une-sortie-de-crise-se-profile\\\/#primaryimage\"},\"thumbnailUrl\":\"https:\\\/\\\/www.cc3rivieres76.com\\\/blog\\\/wp-content\\\/uploads\\\/2024\\\/01\\\/actualites-france-apres-deux-ans-paralysie-politique-une-sortie-de-crise-se-profile.jpg\",\"articleSection\":[\"Les 3 Rivi\u00e8res Dans La Somme:\"],\"inLanguage\":\"fr-FR\"},{\"@type\":\"WebPage\",\"@id\":\"https:\\\/\\\/www.cc3rivieres76.com\\\/blog\\\/actualites-france-apres-deux-ans-paralysie-politique-une-sortie-de-crise-se-profile\\\/\",\"url\":\"https:\\\/\\\/www.cc3rivieres76.com\\\/blog\\\/actualites-france-apres-deux-ans-paralysie-politique-une-sortie-de-crise-se-profile\\\/\",\"name\":\"Actualit\u00e9s france: apr\u00e8s deux ans paralysie politique, une sortie de crise se profile - CC3RIVIERES76\",\"isPartOf\":{\"@id\":\"https:\\\/\\\/www.cc3rivieres76.com\\\/blog\\\/#website\"},\"primaryImageOfPage\":{\"@id\":\"https:\\\/\\\/www.cc3rivieres76.com\\\/blog\\\/actualites-france-apres-deux-ans-paralysie-politique-une-sortie-de-crise-se-profile\\\/#primaryimage\"},\"image\":{\"@id\":\"https:\\\/\\\/www.cc3rivieres76.com\\\/blog\\\/actualites-france-apres-deux-ans-paralysie-politique-une-sortie-de-crise-se-profile\\\/#primaryimage\"},\"thumbnailUrl\":\"https:\\\/\\\/www.cc3rivieres76.com\\\/blog\\\/wp-content\\\/uploads\\\/2024\\\/01\\\/actualites-france-apres-deux-ans-paralysie-politique-une-sortie-de-crise-se-profile.jpg\",\"datePublished\":\"2024-01-30T16:11:42+00:00\",\"breadcrumb\":{\"@id\":\"https:\\\/\\\/www.cc3rivieres76.com\\\/blog\\\/actualites-france-apres-deux-ans-paralysie-politique-une-sortie-de-crise-se-profile\\\/#breadcrumb\"},\"inLanguage\":\"fr-FR\",\"potentialAction\":[{\"@type\":\"ReadAction\",\"target\":[\"https:\\\/\\\/www.cc3rivieres76.com\\\/blog\\\/actualites-france-apres-deux-ans-paralysie-politique-une-sortie-de-crise-se-profile\\\/\"]}]},{\"@type\":\"ImageObject\",\"inLanguage\":\"fr-FR\",\"@id\":\"https:\\\/\\\/www.cc3rivieres76.com\\\/blog\\\/actualites-france-apres-deux-ans-paralysie-politique-une-sortie-de-crise-se-profile\\\/#primaryimage\",\"url\":\"https:\\\/\\\/www.cc3rivieres76.com\\\/blog\\\/wp-content\\\/uploads\\\/2024\\\/01\\\/actualites-france-apres-deux-ans-paralysie-politique-une-sortie-de-crise-se-profile.jpg\",\"contentUrl\":\"https:\\\/\\\/www.cc3rivieres76.com\\\/blog\\\/wp-content\\\/uploads\\\/2024\\\/01\\\/actualites-france-apres-deux-ans-paralysie-politique-une-sortie-de-crise-se-profile.jpg\",\"width\":1024,\"height\":576,\"caption\":\"Actualit\u00e9s france: apr\u00e8s deux ans paralysie politique, une sortie de crise se profile\"},{\"@type\":\"BreadcrumbList\",\"@id\":\"https:\\\/\\\/www.cc3rivieres76.com\\\/blog\\\/actualites-france-apres-deux-ans-paralysie-politique-une-sortie-de-crise-se-profile\\\/#breadcrumb\",\"itemListElement\":[{\"@type\":\"ListItem\",\"position\":1,\"name\":\"Accueil\",\"item\":\"https:\\\/\\\/www.cc3rivieres76.com\\\/blog\\\/\"},{\"@type\":\"ListItem\",\"position\":2,\"name\":\"Actualit\u00e9s france: apr\u00e8s deux ans paralysie politique, une sortie de crise se profile\"}]},{\"@type\":\"WebSite\",\"@id\":\"https:\\\/\\\/www.cc3rivieres76.com\\\/blog\\\/#website\",\"url\":\"https:\\\/\\\/www.cc3rivieres76.com\\\/blog\\\/\",\"name\":\"CC3RIVIERES76\",\"description\":\"Les 3 rivi\u00e8res dans la Somme.\",\"publisher\":{\"@id\":\"https:\\\/\\\/www.cc3rivieres76.com\\\/blog\\\/#organization\"},\"potentialAction\":[{\"@type\":\"SearchAction\",\"target\":{\"@type\":\"EntryPoint\",\"urlTemplate\":\"https:\\\/\\\/www.cc3rivieres76.com\\\/blog\\\/?s={search_term_string}\"},\"query-input\":{\"@type\":\"PropertyValueSpecification\",\"valueRequired\":true,\"valueName\":\"search_term_string\"}}],\"inLanguage\":\"fr-FR\"},{\"@type\":\"Organization\",\"@id\":\"https:\\\/\\\/www.cc3rivieres76.com\\\/blog\\\/#organization\",\"name\":\"cc3rivieres76\",\"url\":\"https:\\\/\\\/www.cc3rivieres76.com\\\/blog\\\/\",\"logo\":{\"@type\":\"ImageObject\",\"inLanguage\":\"fr-FR\",\"@id\":\"https:\\\/\\\/www.cc3rivieres76.com\\\/blog\\\/#\\\/schema\\\/logo\\\/image\\\/\",\"url\":\"https:\\\/\\\/www.cc3rivieres76.com\\\/blog\\\/wp-content\\\/uploads\\\/2023\\\/06\\\/logo-2.png\",\"contentUrl\":\"https:\\\/\\\/www.cc3rivieres76.com\\\/blog\\\/wp-content\\\/uploads\\\/2023\\\/06\\\/logo-2.png\",\"width\":390,\"height\":388,\"caption\":\"cc3rivieres76\"},\"image\":{\"@id\":\"https:\\\/\\\/www.cc3rivieres76.com\\\/blog\\\/#\\\/schema\\\/logo\\\/image\\\/\"}},{\"@type\":\"Person\",\"@id\":\"https:\\\/\\\/www.cc3rivieres76.com\\\/blog\\\/#\\\/schema\\\/person\\\/474d457fb7747b5218f39792dfaa5a1c\",\"name\":\"Sylvie DE LAUZAINGHEIN\",\"image\":{\"@type\":\"ImageObject\",\"inLanguage\":\"fr-FR\",\"@id\":\"https:\\\/\\\/secure.gravatar.com\\\/avatar\\\/9c6a53b19e0a3431aa80de0895b9729fe665cd7e7d6cc94fc11abb152f4237d7?s=96&d=mm&r=g\",\"url\":\"https:\\\/\\\/secure.gravatar.com\\\/avatar\\\/9c6a53b19e0a3431aa80de0895b9729fe665cd7e7d6cc94fc11abb152f4237d7?s=96&d=mm&r=g\",\"contentUrl\":\"https:\\\/\\\/secure.gravatar.com\\\/avatar\\\/9c6a53b19e0a3431aa80de0895b9729fe665cd7e7d6cc94fc11abb152f4237d7?s=96&d=mm&r=g\",\"caption\":\"Sylvie DE LAUZAINGHEIN\"},\"url\":\"https:\\\/\\\/www.cc3rivieres76.com\\\/blog\\\/author\\\/s76sylvie\\\/\"}]}<\/script>\n<!-- \/ Yoast SEO plugin. -->","yoast_head_json":{"title":"Actualit\u00e9s france: apr\u00e8s deux ans paralysie politique, une sortie de crise se profile - CC3RIVIERES76","robots":{"index":"index","follow":"follow","max-snippet":"max-snippet:-1","max-image-preview":"max-image-preview:large","max-video-preview":"max-video-preview:-1"},"canonical":"https:\/\/www.cc3rivieres76.com\/blog\/actualites-france-apres-deux-ans-paralysie-politique-une-sortie-de-crise-se-profile\/","og_locale":"fr_FR","og_type":"article","og_title":"Actualit\u00e9s france: apr\u00e8s deux ans paralysie politique, une sortie de crise se profile - CC3RIVIERES76","og_description":"Un accord a \u00e9t\u00e9 trouv\u00e9, dans la nuit de lundi \u00e0 mardi 30 janvier, pour restaurer le gouvernement nord-irlandais. Faute d\u2019ex\u00e9cutif depuis deux ans d\u00e9j\u00e0, tout ce temps, c\u2019est Londres qui g\u00e9rait les affaires courantes en Irlande du Nord. On s\u2019attend maintenant \u00e0 un retour \u00e0 la normale. Publi\u00e9 le : 30\/01\/2024 \u2013 16:17 1 &hellip; Continuer la lecture \u00ab\u00a0Actualit\u00e9s france: apr\u00e8s deux ans paralysie politique, une sortie de crise se profile\u00a0\u00bb","og_url":"https:\/\/www.cc3rivieres76.com\/blog\/actualites-france-apres-deux-ans-paralysie-politique-une-sortie-de-crise-se-profile\/","og_site_name":"CC3RIVIERES76","article_published_time":"2024-01-30T16:11:42+00:00","og_image":[{"url":"https:\/\/www.cc3rivieres76.com\/blog\/wp-content\/uploads\/2024\/01\/actualites-france-apres-deux-ans-paralysie-politique-une-sortie-de-crise-se-profile.jpg","type":"","width":"","height":""}],"author":"Sylvie DE LAUZAINGHEIN","twitter_card":"summary_large_image","twitter_misc":{"\u00c9crit par":"Sylvie DE LAUZAINGHEIN","Dur\u00e9e de lecture estim\u00e9e":"2 minutes"},"schema":{"@context":"https:\/\/schema.org","@graph":[{"@type":"Article","@id":"https:\/\/www.cc3rivieres76.com\/blog\/actualites-france-apres-deux-ans-paralysie-politique-une-sortie-de-crise-se-profile\/#article","isPartOf":{"@id":"https:\/\/www.cc3rivieres76.com\/blog\/actualites-france-apres-deux-ans-paralysie-politique-une-sortie-de-crise-se-profile\/"},"author":{"name":"Sylvie DE LAUZAINGHEIN","@id":"https:\/\/www.cc3rivieres76.com\/blog\/#\/schema\/person\/474d457fb7747b5218f39792dfaa5a1c"},"headline":"Actualit\u00e9s france: apr\u00e8s deux ans paralysie politique, une sortie de crise se profile","datePublished":"2024-01-30T16:11:42+00:00","mainEntityOfPage":{"@id":"https:\/\/www.cc3rivieres76.com\/blog\/actualites-france-apres-deux-ans-paralysie-politique-une-sortie-de-crise-se-profile\/"},"wordCount":400,"publisher":{"@id":"https:\/\/www.cc3rivieres76.com\/blog\/#organization"},"image":{"@id":"https:\/\/www.cc3rivieres76.com\/blog\/actualites-france-apres-deux-ans-paralysie-politique-une-sortie-de-crise-se-profile\/#primaryimage"},"thumbnailUrl":"https:\/\/www.cc3rivieres76.com\/blog\/wp-content\/uploads\/2024\/01\/actualites-france-apres-deux-ans-paralysie-politique-une-sortie-de-crise-se-profile.jpg","articleSection":["Les 3 Rivi\u00e8res Dans La Somme:"],"inLanguage":"fr-FR"},{"@type":"WebPage","@id":"https:\/\/www.cc3rivieres76.com\/blog\/actualites-france-apres-deux-ans-paralysie-politique-une-sortie-de-crise-se-profile\/","url":"https:\/\/www.cc3rivieres76.com\/blog\/actualites-france-apres-deux-ans-paralysie-politique-une-sortie-de-crise-se-profile\/","name":"Actualit\u00e9s france: apr\u00e8s deux ans paralysie politique, une sortie de crise se profile - CC3RIVIERES76","isPartOf":{"@id":"https:\/\/www.cc3rivieres76.com\/blog\/#website"},"primaryImageOfPage":{"@id":"https:\/\/www.cc3rivieres76.com\/blog\/actualites-france-apres-deux-ans-paralysie-politique-une-sortie-de-crise-se-profile\/#primaryimage"},"image":{"@id":"https:\/\/www.cc3rivieres76.com\/blog\/actualites-france-apres-deux-ans-paralysie-politique-une-sortie-de-crise-se-profile\/#primaryimage"},"thumbnailUrl":"https:\/\/www.cc3rivieres76.com\/blog\/wp-content\/uploads\/2024\/01\/actualites-france-apres-deux-ans-paralysie-politique-une-sortie-de-crise-se-profile.jpg","datePublished":"2024-01-30T16:11:42+00:00","breadcrumb":{"@id":"https:\/\/www.cc3rivieres76.com\/blog\/actualites-france-apres-deux-ans-paralysie-politique-une-sortie-de-crise-se-profile\/#breadcrumb"},"inLanguage":"fr-FR","potentialAction":[{"@type":"ReadAction","target":["https:\/\/www.cc3rivieres76.com\/blog\/actualites-france-apres-deux-ans-paralysie-politique-une-sortie-de-crise-se-profile\/"]}]},{"@type":"ImageObject","inLanguage":"fr-FR","@id":"https:\/\/www.cc3rivieres76.com\/blog\/actualites-france-apres-deux-ans-paralysie-politique-une-sortie-de-crise-se-profile\/#primaryimage","url":"https:\/\/www.cc3rivieres76.com\/blog\/wp-content\/uploads\/2024\/01\/actualites-france-apres-deux-ans-paralysie-politique-une-sortie-de-crise-se-profile.jpg","contentUrl":"https:\/\/www.cc3rivieres76.com\/blog\/wp-content\/uploads\/2024\/01\/actualites-france-apres-deux-ans-paralysie-politique-une-sortie-de-crise-se-profile.jpg","width":1024,"height":576,"caption":"Actualit\u00e9s france: apr\u00e8s deux ans paralysie politique, une sortie de crise se profile"},{"@type":"BreadcrumbList","@id":"https:\/\/www.cc3rivieres76.com\/blog\/actualites-france-apres-deux-ans-paralysie-politique-une-sortie-de-crise-se-profile\/#breadcrumb","itemListElement":[{"@type":"ListItem","position":1,"name":"Accueil","item":"https:\/\/www.cc3rivieres76.com\/blog\/"},{"@type":"ListItem","position":2,"name":"Actualit\u00e9s france: apr\u00e8s deux ans paralysie politique, une sortie de crise se profile"}]},{"@type":"WebSite","@id":"https:\/\/www.cc3rivieres76.com\/blog\/#website","url":"https:\/\/www.cc3rivieres76.com\/blog\/","name":"CC3RIVIERES76","description":"Les 3 rivi\u00e8res dans la Somme.","publisher":{"@id":"https:\/\/www.cc3rivieres76.com\/blog\/#organization"},"potentialAction":[{"@type":"SearchAction","target":{"@type":"EntryPoint","urlTemplate":"https:\/\/www.cc3rivieres76.com\/blog\/?s={search_term_string}"},"query-input":{"@type":"PropertyValueSpecification","valueRequired":true,"valueName":"search_term_string"}}],"inLanguage":"fr-FR"},{"@type":"Organization","@id":"https:\/\/www.cc3rivieres76.com\/blog\/#organization","name":"cc3rivieres76","url":"https:\/\/www.cc3rivieres76.com\/blog\/","logo":{"@type":"ImageObject","inLanguage":"fr-FR","@id":"https:\/\/www.cc3rivieres76.com\/blog\/#\/schema\/logo\/image\/","url":"https:\/\/www.cc3rivieres76.com\/blog\/wp-content\/uploads\/2023\/06\/logo-2.png","contentUrl":"https:\/\/www.cc3rivieres76.com\/blog\/wp-content\/uploads\/2023\/06\/logo-2.png","width":390,"height":388,"caption":"cc3rivieres76"},"image":{"@id":"https:\/\/www.cc3rivieres76.com\/blog\/#\/schema\/logo\/image\/"}},{"@type":"Person","@id":"https:\/\/www.cc3rivieres76.com\/blog\/#\/schema\/person\/474d457fb7747b5218f39792dfaa5a1c","name":"Sylvie DE LAUZAINGHEIN","image":{"@type":"ImageObject","inLanguage":"fr-FR","@id":"https:\/\/secure.gravatar.com\/avatar\/9c6a53b19e0a3431aa80de0895b9729fe665cd7e7d6cc94fc11abb152f4237d7?s=96&d=mm&r=g","url":"https:\/\/secure.gravatar.com\/avatar\/9c6a53b19e0a3431aa80de0895b9729fe665cd7e7d6cc94fc11abb152f4237d7?s=96&d=mm&r=g","contentUrl":"https:\/\/secure.gravatar.com\/avatar\/9c6a53b19e0a3431aa80de0895b9729fe665cd7e7d6cc94fc11abb152f4237d7?s=96&d=mm&r=g","caption":"Sylvie DE LAUZAINGHEIN"},"url":"https:\/\/www.cc3rivieres76.com\/blog\/author\/s76sylvie\/"}]}},"_links":{"self":[{"href":"https:\/\/www.cc3rivieres76.com\/blog\/wp-json\/wp\/v2\/posts\/294","targetHints":{"allow":["GET"]}}],"collection":[{"href":"https:\/\/www.cc3rivieres76.com\/blog\/wp-json\/wp\/v2\/posts"}],"about":[{"href":"https:\/\/www.cc3rivieres76.com\/blog\/wp-json\/wp\/v2\/types\/post"}],"author":[{"embeddable":true,"href":"https:\/\/www.cc3rivieres76.com\/blog\/wp-json\/wp\/v2\/users\/3"}],"replies":[{"embeddable":true,"href":"https:\/\/www.cc3rivieres76.com\/blog\/wp-json\/wp\/v2\/comments?post=294"}],"version-history":[{"count":0,"href":"https:\/\/www.cc3rivieres76.com\/blog\/wp-json\/wp\/v2\/posts\/294\/revisions"}],"wp:featuredmedia":[{"embeddable":true,"href":"https:\/\/www.cc3rivieres76.com\/blog\/wp-json\/wp\/v2\/media\/295"}],"wp:attachment":[{"href":"https:\/\/www.cc3rivieres76.com\/blog\/wp-json\/wp\/v2\/media?parent=294"}],"wp:term":[{"taxonomy":"category","embeddable":true,"href":"https:\/\/www.cc3rivieres76.com\/blog\/wp-json\/wp\/v2\/categories?post=294"},{"taxonomy":"post_tag","embeddable":true,"href":"https:\/\/www.cc3rivieres76.com\/blog\/wp-json\/wp\/v2\/tags?post=294"}],"curies":[{"name":"wp","href":"https:\/\/api.w.org\/{rel}","templated":true}]}}