{"id":329,"date":"2024-03-30T21:23:00","date_gmt":"2024-03-30T19:23:00","guid":{"rendered":"https:\/\/www.site.cdcl.xyz\/2024\/03\/30\/actu-francaise-expulsion-ce-samedi-dun-marocain-condamne-pour-terrorisme-en-2007-france\/"},"modified":"2024-03-30T21:23:00","modified_gmt":"2024-03-30T19:23:00","slug":"actu-francaise-expulsion-ce-samedi-dun-marocain-condamne-pour-terrorisme-en-2007-france","status":"publish","type":"post","link":"https:\/\/www.cc3rivieres76.com\/blog\/actu-francaise-expulsion-ce-samedi-dun-marocain-condamne-pour-terrorisme-en-2007-france\/","title":{"rendered":"Actu fran\u00e7aise: Expulsion ce samedi d\u2019un Marocain condamn\u00e9 pour terrorisme en 2007 #France"},"content":{"rendered":"\n<p>L\u2019article suivant a \u00e9t\u00e9 publi\u00e9 par Le Point \u2013 Politique :<\/p>\n<h2>Expulsion ce samedi d\u2019un Marocain condamn\u00e9 pour terrorisme en 2007<\/h2>\n<p>G\u00e9rald Darmanin a annonc\u00e9 samedi l\u2019expulsion vers le Maroc de Rachid A\u00eft El Hadj, un individu marocain condamn\u00e9 pour terrorisme en 2007 et ayant perdu sa nationalit\u00e9 fran\u00e7aise. \u00ab Fermet\u00e9. Merci aux pr\u00e9fets, policiers, gendarmes et agents des services de renseignement. On se donne du mal, mais les efforts payent pour prot\u00e9ger la France \u00bb, a alors tweet\u00e9 le ministre de l\u2019Int\u00e9rieur.<\/p>\n<p>En 2007, Rachid A\u00eft El Hadj avait \u00e9t\u00e9 condamn\u00e9 \u00e0 une peine de huit ans de prison, aux c\u00f4t\u00e9s de quatre autres individus (trois Franco-Marocains et un Franco-Turc), pour leur implication pr\u00e9sum\u00e9e dans une association de malfaiteurs en vue de la pr\u00e9paration d\u2019un acte terroriste. L\u2019homme a \u00e9t\u00e9 interpell\u00e9 ce samedi 30 mars par la police aux fronti\u00e8res. Selon Le Figaro, son avion en direction du Maroc a d\u00e9coll\u00e9 \u00e0 la mi-journ\u00e9e.<\/p>\n<h2>Il entretenait des liens avec la mouvance djihadiste<\/h2>\n<p>Malgr\u00e9 sa condamnation en 2007, l\u2019individu d\u00e9chu de la nationalit\u00e9 fran\u00e7aise r\u00e9sidait toujours sur le territoire. Il \u00e9tait sous une surveillance accrue en raison de ses liens persistants avec la mouvance djihadiste, selon Le Figaro. Le 22 mars dernier, le pr\u00e9fet des Yvelines avait pris un arr\u00eat\u00e9 d\u2019expulsion.<\/p>\n<p>En 2007, il avait \u00e9t\u00e9 \u00e9galement accus\u00e9 de liens avec des membres d\u2019un groupe djihadiste impliqu\u00e9 dans les attentats de Casablanca (Maroc) du 16 mai 2003. Ces attaques, ciblant des restaurants, un h\u00f4tel et un centre de l\u2019association juive, avaient entra\u00een\u00e9 la mort de quarante-cinq personnes, dont trois ressortissants fran\u00e7ais, et bless\u00e9 environ une centaine de personnes.<\/p>\n<p>Rachid A\u00eft El Hadj est aussi soup\u00e7onn\u00e9 d\u2019avoir eu des liens avec Sid Ahmed Ghlam, responsable de l\u2019attentat manqu\u00e9 contre une \u00e9glise \u00e0 Villejuif, ainsi qu\u2019avec Larossi Abballa, auteur de l\u2019attaque de Magnanville au cours de laquelle les policiers Jean-Baptiste Salvaing et sa compagne, Jessica Schneider, avaient \u00e9t\u00e9 tragiquement tu\u00e9s, comme le rapporte Le Figaro.<\/p>\n<p>Date et heure de la r\u00e9ception de la d\u00e9p\u00eache sur notre fil d\u2019info : <strong><span id=\"date\"><\/span><\/strong><\/p>\n<p>Date et heure de publication sur internet : <strong><span id=\"datecrea\"><\/span><\/strong><\/p>\n<p>Titre exact donn\u00e9 par le journal : Expulsion ce samedi d\u2019un Marocain condamn\u00e9 pour terrorisme en 2007<\/p>\n<p>Information et contenu publi\u00e9s :<\/p>\n<p>Reprise de l\u2019information dans un style journalistique professionnel descriptif en organisant les id\u00e9es dans un ordre coh\u00e9rent avec titres HTML.<\/p>\n<p><img decoding=\"async\" src=\"https:\/\/www.site.cdcl.xyz\/2024\/03\/30\/actu-francaise-expulsion-ce-samedi-dun-marocain-condamne-pour-terrorisme-en-2007-france\/\" alt=\"Expulsion ce samedi d\u2019un Marocain condamn\u00e9 pour terrorisme en 2007\"><\/p>\n<p>#Expulsion #samedi #dun #Marocain #condamn\u00e9 #pour #terrorisme<\/p>\n<p> Cet article, qui traite du th\u00e8me \u00ab\u00a0Les 3 rivi\u00e8res dans la Somme\u00a0\u00bb, vous est sp\u00e9cialement sugg\u00e9r\u00e9 par cc3rivieres76.com. La chronique est reproduite du mieux possible. Dans le cas o\u00f9 vous souhaitez apporter quelques pr\u00e9cisions concernant le domaine de \u00ab\u00a0Les 3 rivi\u00e8res dans la Somme\u00a0\u00bb vous pouvez solliciter notre r\u00e9daction. La destination de cc3rivieres76.com est de d\u00e9battre de Les 3 rivi\u00e8res dans la Somme dans la transparence en vous apportant la connaissance de tout ce qui est en lien avec ce sujet sur la toile Connectez-vous sur notre site cc3rivieres76.com et nos r\u00e9seaux sociaux dans le but d\u2019\u00eatre inform\u00e9 des futures publications.<\/p>\n","protected":false},"excerpt":{"rendered":"<p>L\u2019article suivant a \u00e9t\u00e9 publi\u00e9 par Le Point \u2013 Politique : Expulsion ce samedi d\u2019un Marocain condamn\u00e9 pour terrorisme en 2007 G\u00e9rald Darmanin a annonc\u00e9 samedi l\u2019expulsion vers le Maroc de Rachid A\u00eft El Hadj, un individu marocain condamn\u00e9 pour terrorisme en 2007 et ayant perdu sa nationalit\u00e9 fran\u00e7aise. \u00ab Fermet\u00e9. Merci aux pr\u00e9fets, policiers, &hellip; <\/p>\n<p class=\"link-more\"><a href=\"https:\/\/www.cc3rivieres76.com\/blog\/actu-francaise-expulsion-ce-samedi-dun-marocain-condamne-pour-terrorisme-en-2007-france\/\" class=\"more-link\">Continuer la lecture <span class=\"screen-reader-text\"> \u00ab\u00a0Actu fran\u00e7aise: Expulsion ce samedi d\u2019un Marocain condamn\u00e9 pour terrorisme en 2007 #France\u00a0\u00bb<\/span><\/a><\/p>\n","protected":false},"author":3,"featured_media":0,"comment_status":"closed","ping_status":"closed","sticky":false,"template":"","format":"standard","meta":{"footnotes":""},"categories":[2],"tags":[],"class_list":["post-329","post","type-post","status-publish","format-standard","hentry","category-les-3-rivieres-dans-la-somme","entry"],"yoast_head":"<!-- This site is optimized with the Yoast SEO plugin v27.5 - https:\/\/yoast.com\/product\/yoast-seo-wordpress\/ -->\n<title>Actu fran\u00e7aise: Expulsion ce samedi d\u2019un Marocain condamn\u00e9 pour terrorisme en 2007 #France - CC3RIVIERES76<\/title>\n<meta name=\"robots\" content=\"index, follow, max-snippet:-1, max-image-preview:large, max-video-preview:-1\" \/>\n<link rel=\"canonical\" href=\"https:\/\/www.cc3rivieres76.com\/blog\/actu-francaise-expulsion-ce-samedi-dun-marocain-condamne-pour-terrorisme-en-2007-france\/\" \/>\n<meta property=\"og:locale\" content=\"fr_FR\" \/>\n<meta property=\"og:type\" content=\"article\" \/>\n<meta property=\"og:title\" content=\"Actu fran\u00e7aise: Expulsion ce samedi d\u2019un Marocain condamn\u00e9 pour terrorisme en 2007 #France - CC3RIVIERES76\" \/>\n<meta property=\"og:description\" content=\"L\u2019article suivant a \u00e9t\u00e9 publi\u00e9 par Le Point \u2013 Politique : Expulsion ce samedi d\u2019un Marocain condamn\u00e9 pour terrorisme en 2007 G\u00e9rald Darmanin a annonc\u00e9 samedi l\u2019expulsion vers le Maroc de Rachid A\u00eft El Hadj, un individu marocain condamn\u00e9 pour terrorisme en 2007 et ayant perdu sa nationalit\u00e9 fran\u00e7aise. \u00ab Fermet\u00e9. Merci aux pr\u00e9fets, policiers, &hellip; Continuer la lecture \u00ab\u00a0Actu fran\u00e7aise: Expulsion ce samedi d\u2019un Marocain condamn\u00e9 pour terrorisme en 2007 #France\u00a0\u00bb\" \/>\n<meta property=\"og:url\" content=\"https:\/\/www.cc3rivieres76.com\/blog\/actu-francaise-expulsion-ce-samedi-dun-marocain-condamne-pour-terrorisme-en-2007-france\/\" \/>\n<meta property=\"og:site_name\" content=\"CC3RIVIERES76\" \/>\n<meta property=\"article:published_time\" content=\"2024-03-30T19:23:00+00:00\" \/>\n<meta property=\"og:image\" content=\"https:\/\/www.site.cdcl.xyz\/2024\/03\/30\/actu-francaise-expulsion-ce-samedi-dun-marocain-condamne-pour-terrorisme-en-2007-france\/\" \/>\n<meta name=\"author\" content=\"Sylvie DE LAUZAINGHEIN\" \/>\n<meta name=\"twitter:card\" content=\"summary_large_image\" \/>\n<meta name=\"twitter:label1\" content=\"\u00c9crit par\" \/>\n\t<meta name=\"twitter:data1\" content=\"Sylvie DE LAUZAINGHEIN\" \/>\n\t<meta name=\"twitter:label2\" content=\"Dur\u00e9e de lecture estim\u00e9e\" \/>\n\t<meta name=\"twitter:data2\" content=\"3 minutes\" \/>\n<script type=\"application\/ld+json\" class=\"yoast-schema-graph\">{\"@context\":\"https:\\\/\\\/schema.org\",\"@graph\":[{\"@type\":\"Article\",\"@id\":\"https:\\\/\\\/www.cc3rivieres76.com\\\/blog\\\/actu-francaise-expulsion-ce-samedi-dun-marocain-condamne-pour-terrorisme-en-2007-france\\\/#article\",\"isPartOf\":{\"@id\":\"https:\\\/\\\/www.cc3rivieres76.com\\\/blog\\\/actu-francaise-expulsion-ce-samedi-dun-marocain-condamne-pour-terrorisme-en-2007-france\\\/\"},\"author\":{\"name\":\"Sylvie DE LAUZAINGHEIN\",\"@id\":\"https:\\\/\\\/www.cc3rivieres76.com\\\/blog\\\/#\\\/schema\\\/person\\\/474d457fb7747b5218f39792dfaa5a1c\"},\"headline\":\"Actu fran\u00e7aise: Expulsion ce samedi d\u2019un Marocain condamn\u00e9 pour terrorisme en 2007 #France\",\"datePublished\":\"2024-03-30T19:23:00+00:00\",\"mainEntityOfPage\":{\"@id\":\"https:\\\/\\\/www.cc3rivieres76.com\\\/blog\\\/actu-francaise-expulsion-ce-samedi-dun-marocain-condamne-pour-terrorisme-en-2007-france\\\/\"},\"wordCount\":551,\"publisher\":{\"@id\":\"https:\\\/\\\/www.cc3rivieres76.com\\\/blog\\\/#organization\"},\"image\":{\"@id\":\"https:\\\/\\\/www.cc3rivieres76.com\\\/blog\\\/actu-francaise-expulsion-ce-samedi-dun-marocain-condamne-pour-terrorisme-en-2007-france\\\/#primaryimage\"},\"thumbnailUrl\":\"https:\\\/\\\/www.site.cdcl.xyz\\\/2024\\\/03\\\/30\\\/actu-francaise-expulsion-ce-samedi-dun-marocain-condamne-pour-terrorisme-en-2007-france\\\/\",\"articleSection\":[\"Les 3 Rivi\u00e8res Dans La Somme:\"],\"inLanguage\":\"fr-FR\"},{\"@type\":\"WebPage\",\"@id\":\"https:\\\/\\\/www.cc3rivieres76.com\\\/blog\\\/actu-francaise-expulsion-ce-samedi-dun-marocain-condamne-pour-terrorisme-en-2007-france\\\/\",\"url\":\"https:\\\/\\\/www.cc3rivieres76.com\\\/blog\\\/actu-francaise-expulsion-ce-samedi-dun-marocain-condamne-pour-terrorisme-en-2007-france\\\/\",\"name\":\"Actu fran\u00e7aise: Expulsion ce samedi d\u2019un Marocain condamn\u00e9 pour terrorisme en 2007 #France - CC3RIVIERES76\",\"isPartOf\":{\"@id\":\"https:\\\/\\\/www.cc3rivieres76.com\\\/blog\\\/#website\"},\"primaryImageOfPage\":{\"@id\":\"https:\\\/\\\/www.cc3rivieres76.com\\\/blog\\\/actu-francaise-expulsion-ce-samedi-dun-marocain-condamne-pour-terrorisme-en-2007-france\\\/#primaryimage\"},\"image\":{\"@id\":\"https:\\\/\\\/www.cc3rivieres76.com\\\/blog\\\/actu-francaise-expulsion-ce-samedi-dun-marocain-condamne-pour-terrorisme-en-2007-france\\\/#primaryimage\"},\"thumbnailUrl\":\"https:\\\/\\\/www.site.cdcl.xyz\\\/2024\\\/03\\\/30\\\/actu-francaise-expulsion-ce-samedi-dun-marocain-condamne-pour-terrorisme-en-2007-france\\\/\",\"datePublished\":\"2024-03-30T19:23:00+00:00\",\"breadcrumb\":{\"@id\":\"https:\\\/\\\/www.cc3rivieres76.com\\\/blog\\\/actu-francaise-expulsion-ce-samedi-dun-marocain-condamne-pour-terrorisme-en-2007-france\\\/#breadcrumb\"},\"inLanguage\":\"fr-FR\",\"potentialAction\":[{\"@type\":\"ReadAction\",\"target\":[\"https:\\\/\\\/www.cc3rivieres76.com\\\/blog\\\/actu-francaise-expulsion-ce-samedi-dun-marocain-condamne-pour-terrorisme-en-2007-france\\\/\"]}]},{\"@type\":\"ImageObject\",\"inLanguage\":\"fr-FR\",\"@id\":\"https:\\\/\\\/www.cc3rivieres76.com\\\/blog\\\/actu-francaise-expulsion-ce-samedi-dun-marocain-condamne-pour-terrorisme-en-2007-france\\\/#primaryimage\",\"url\":\"https:\\\/\\\/www.site.cdcl.xyz\\\/2024\\\/03\\\/30\\\/actu-francaise-expulsion-ce-samedi-dun-marocain-condamne-pour-terrorisme-en-2007-france\\\/\",\"contentUrl\":\"https:\\\/\\\/www.site.cdcl.xyz\\\/2024\\\/03\\\/30\\\/actu-francaise-expulsion-ce-samedi-dun-marocain-condamne-pour-terrorisme-en-2007-france\\\/\"},{\"@type\":\"BreadcrumbList\",\"@id\":\"https:\\\/\\\/www.cc3rivieres76.com\\\/blog\\\/actu-francaise-expulsion-ce-samedi-dun-marocain-condamne-pour-terrorisme-en-2007-france\\\/#breadcrumb\",\"itemListElement\":[{\"@type\":\"ListItem\",\"position\":1,\"name\":\"Accueil\",\"item\":\"https:\\\/\\\/www.cc3rivieres76.com\\\/blog\\\/\"},{\"@type\":\"ListItem\",\"position\":2,\"name\":\"Actu fran\u00e7aise: Expulsion ce samedi d\u2019un Marocain condamn\u00e9 pour terrorisme en 2007 #France\"}]},{\"@type\":\"WebSite\",\"@id\":\"https:\\\/\\\/www.cc3rivieres76.com\\\/blog\\\/#website\",\"url\":\"https:\\\/\\\/www.cc3rivieres76.com\\\/blog\\\/\",\"name\":\"CC3RIVIERES76\",\"description\":\"Les 3 rivi\u00e8res dans la Somme.\",\"publisher\":{\"@id\":\"https:\\\/\\\/www.cc3rivieres76.com\\\/blog\\\/#organization\"},\"potentialAction\":[{\"@type\":\"SearchAction\",\"target\":{\"@type\":\"EntryPoint\",\"urlTemplate\":\"https:\\\/\\\/www.cc3rivieres76.com\\\/blog\\\/?s={search_term_string}\"},\"query-input\":{\"@type\":\"PropertyValueSpecification\",\"valueRequired\":true,\"valueName\":\"search_term_string\"}}],\"inLanguage\":\"fr-FR\"},{\"@type\":\"Organization\",\"@id\":\"https:\\\/\\\/www.cc3rivieres76.com\\\/blog\\\/#organization\",\"name\":\"cc3rivieres76\",\"url\":\"https:\\\/\\\/www.cc3rivieres76.com\\\/blog\\\/\",\"logo\":{\"@type\":\"ImageObject\",\"inLanguage\":\"fr-FR\",\"@id\":\"https:\\\/\\\/www.cc3rivieres76.com\\\/blog\\\/#\\\/schema\\\/logo\\\/image\\\/\",\"url\":\"https:\\\/\\\/www.cc3rivieres76.com\\\/blog\\\/wp-content\\\/uploads\\\/2023\\\/06\\\/logo-2.png\",\"contentUrl\":\"https:\\\/\\\/www.cc3rivieres76.com\\\/blog\\\/wp-content\\\/uploads\\\/2023\\\/06\\\/logo-2.png\",\"width\":390,\"height\":388,\"caption\":\"cc3rivieres76\"},\"image\":{\"@id\":\"https:\\\/\\\/www.cc3rivieres76.com\\\/blog\\\/#\\\/schema\\\/logo\\\/image\\\/\"}},{\"@type\":\"Person\",\"@id\":\"https:\\\/\\\/www.cc3rivieres76.com\\\/blog\\\/#\\\/schema\\\/person\\\/474d457fb7747b5218f39792dfaa5a1c\",\"name\":\"Sylvie DE LAUZAINGHEIN\",\"image\":{\"@type\":\"ImageObject\",\"inLanguage\":\"fr-FR\",\"@id\":\"https:\\\/\\\/secure.gravatar.com\\\/avatar\\\/9c6a53b19e0a3431aa80de0895b9729fe665cd7e7d6cc94fc11abb152f4237d7?s=96&d=mm&r=g\",\"url\":\"https:\\\/\\\/secure.gravatar.com\\\/avatar\\\/9c6a53b19e0a3431aa80de0895b9729fe665cd7e7d6cc94fc11abb152f4237d7?s=96&d=mm&r=g\",\"contentUrl\":\"https:\\\/\\\/secure.gravatar.com\\\/avatar\\\/9c6a53b19e0a3431aa80de0895b9729fe665cd7e7d6cc94fc11abb152f4237d7?s=96&d=mm&r=g\",\"caption\":\"Sylvie DE LAUZAINGHEIN\"},\"url\":\"https:\\\/\\\/www.cc3rivieres76.com\\\/blog\\\/author\\\/s76sylvie\\\/\"}]}<\/script>\n<!-- \/ Yoast SEO plugin. -->","yoast_head_json":{"title":"Actu fran\u00e7aise: Expulsion ce samedi d\u2019un Marocain condamn\u00e9 pour terrorisme en 2007 #France - CC3RIVIERES76","robots":{"index":"index","follow":"follow","max-snippet":"max-snippet:-1","max-image-preview":"max-image-preview:large","max-video-preview":"max-video-preview:-1"},"canonical":"https:\/\/www.cc3rivieres76.com\/blog\/actu-francaise-expulsion-ce-samedi-dun-marocain-condamne-pour-terrorisme-en-2007-france\/","og_locale":"fr_FR","og_type":"article","og_title":"Actu fran\u00e7aise: Expulsion ce samedi d\u2019un Marocain condamn\u00e9 pour terrorisme en 2007 #France - CC3RIVIERES76","og_description":"L\u2019article suivant a \u00e9t\u00e9 publi\u00e9 par Le Point \u2013 Politique : Expulsion ce samedi d\u2019un Marocain condamn\u00e9 pour terrorisme en 2007 G\u00e9rald Darmanin a annonc\u00e9 samedi l\u2019expulsion vers le Maroc de Rachid A\u00eft El Hadj, un individu marocain condamn\u00e9 pour terrorisme en 2007 et ayant perdu sa nationalit\u00e9 fran\u00e7aise. \u00ab Fermet\u00e9. Merci aux pr\u00e9fets, policiers, &hellip; Continuer la lecture \u00ab\u00a0Actu fran\u00e7aise: Expulsion ce samedi d\u2019un Marocain condamn\u00e9 pour terrorisme en 2007 #France\u00a0\u00bb","og_url":"https:\/\/www.cc3rivieres76.com\/blog\/actu-francaise-expulsion-ce-samedi-dun-marocain-condamne-pour-terrorisme-en-2007-france\/","og_site_name":"CC3RIVIERES76","article_published_time":"2024-03-30T19:23:00+00:00","og_image":[{"url":"https:\/\/www.site.cdcl.xyz\/2024\/03\/30\/actu-francaise-expulsion-ce-samedi-dun-marocain-condamne-pour-terrorisme-en-2007-france\/","type":"","width":"","height":""}],"author":"Sylvie DE LAUZAINGHEIN","twitter_card":"summary_large_image","twitter_misc":{"\u00c9crit par":"Sylvie DE LAUZAINGHEIN","Dur\u00e9e de lecture estim\u00e9e":"3 minutes"},"schema":{"@context":"https:\/\/schema.org","@graph":[{"@type":"Article","@id":"https:\/\/www.cc3rivieres76.com\/blog\/actu-francaise-expulsion-ce-samedi-dun-marocain-condamne-pour-terrorisme-en-2007-france\/#article","isPartOf":{"@id":"https:\/\/www.cc3rivieres76.com\/blog\/actu-francaise-expulsion-ce-samedi-dun-marocain-condamne-pour-terrorisme-en-2007-france\/"},"author":{"name":"Sylvie DE LAUZAINGHEIN","@id":"https:\/\/www.cc3rivieres76.com\/blog\/#\/schema\/person\/474d457fb7747b5218f39792dfaa5a1c"},"headline":"Actu fran\u00e7aise: Expulsion ce samedi d\u2019un Marocain condamn\u00e9 pour terrorisme en 2007 #France","datePublished":"2024-03-30T19:23:00+00:00","mainEntityOfPage":{"@id":"https:\/\/www.cc3rivieres76.com\/blog\/actu-francaise-expulsion-ce-samedi-dun-marocain-condamne-pour-terrorisme-en-2007-france\/"},"wordCount":551,"publisher":{"@id":"https:\/\/www.cc3rivieres76.com\/blog\/#organization"},"image":{"@id":"https:\/\/www.cc3rivieres76.com\/blog\/actu-francaise-expulsion-ce-samedi-dun-marocain-condamne-pour-terrorisme-en-2007-france\/#primaryimage"},"thumbnailUrl":"https:\/\/www.site.cdcl.xyz\/2024\/03\/30\/actu-francaise-expulsion-ce-samedi-dun-marocain-condamne-pour-terrorisme-en-2007-france\/","articleSection":["Les 3 Rivi\u00e8res Dans La Somme:"],"inLanguage":"fr-FR"},{"@type":"WebPage","@id":"https:\/\/www.cc3rivieres76.com\/blog\/actu-francaise-expulsion-ce-samedi-dun-marocain-condamne-pour-terrorisme-en-2007-france\/","url":"https:\/\/www.cc3rivieres76.com\/blog\/actu-francaise-expulsion-ce-samedi-dun-marocain-condamne-pour-terrorisme-en-2007-france\/","name":"Actu fran\u00e7aise: Expulsion ce samedi d\u2019un Marocain condamn\u00e9 pour terrorisme en 2007 #France - CC3RIVIERES76","isPartOf":{"@id":"https:\/\/www.cc3rivieres76.com\/blog\/#website"},"primaryImageOfPage":{"@id":"https:\/\/www.cc3rivieres76.com\/blog\/actu-francaise-expulsion-ce-samedi-dun-marocain-condamne-pour-terrorisme-en-2007-france\/#primaryimage"},"image":{"@id":"https:\/\/www.cc3rivieres76.com\/blog\/actu-francaise-expulsion-ce-samedi-dun-marocain-condamne-pour-terrorisme-en-2007-france\/#primaryimage"},"thumbnailUrl":"https:\/\/www.site.cdcl.xyz\/2024\/03\/30\/actu-francaise-expulsion-ce-samedi-dun-marocain-condamne-pour-terrorisme-en-2007-france\/","datePublished":"2024-03-30T19:23:00+00:00","breadcrumb":{"@id":"https:\/\/www.cc3rivieres76.com\/blog\/actu-francaise-expulsion-ce-samedi-dun-marocain-condamne-pour-terrorisme-en-2007-france\/#breadcrumb"},"inLanguage":"fr-FR","potentialAction":[{"@type":"ReadAction","target":["https:\/\/www.cc3rivieres76.com\/blog\/actu-francaise-expulsion-ce-samedi-dun-marocain-condamne-pour-terrorisme-en-2007-france\/"]}]},{"@type":"ImageObject","inLanguage":"fr-FR","@id":"https:\/\/www.cc3rivieres76.com\/blog\/actu-francaise-expulsion-ce-samedi-dun-marocain-condamne-pour-terrorisme-en-2007-france\/#primaryimage","url":"https:\/\/www.site.cdcl.xyz\/2024\/03\/30\/actu-francaise-expulsion-ce-samedi-dun-marocain-condamne-pour-terrorisme-en-2007-france\/","contentUrl":"https:\/\/www.site.cdcl.xyz\/2024\/03\/30\/actu-francaise-expulsion-ce-samedi-dun-marocain-condamne-pour-terrorisme-en-2007-france\/"},{"@type":"BreadcrumbList","@id":"https:\/\/www.cc3rivieres76.com\/blog\/actu-francaise-expulsion-ce-samedi-dun-marocain-condamne-pour-terrorisme-en-2007-france\/#breadcrumb","itemListElement":[{"@type":"ListItem","position":1,"name":"Accueil","item":"https:\/\/www.cc3rivieres76.com\/blog\/"},{"@type":"ListItem","position":2,"name":"Actu fran\u00e7aise: Expulsion ce samedi d\u2019un Marocain condamn\u00e9 pour terrorisme en 2007 #France"}]},{"@type":"WebSite","@id":"https:\/\/www.cc3rivieres76.com\/blog\/#website","url":"https:\/\/www.cc3rivieres76.com\/blog\/","name":"CC3RIVIERES76","description":"Les 3 rivi\u00e8res dans la Somme.","publisher":{"@id":"https:\/\/www.cc3rivieres76.com\/blog\/#organization"},"potentialAction":[{"@type":"SearchAction","target":{"@type":"EntryPoint","urlTemplate":"https:\/\/www.cc3rivieres76.com\/blog\/?s={search_term_string}"},"query-input":{"@type":"PropertyValueSpecification","valueRequired":true,"valueName":"search_term_string"}}],"inLanguage":"fr-FR"},{"@type":"Organization","@id":"https:\/\/www.cc3rivieres76.com\/blog\/#organization","name":"cc3rivieres76","url":"https:\/\/www.cc3rivieres76.com\/blog\/","logo":{"@type":"ImageObject","inLanguage":"fr-FR","@id":"https:\/\/www.cc3rivieres76.com\/blog\/#\/schema\/logo\/image\/","url":"https:\/\/www.cc3rivieres76.com\/blog\/wp-content\/uploads\/2023\/06\/logo-2.png","contentUrl":"https:\/\/www.cc3rivieres76.com\/blog\/wp-content\/uploads\/2023\/06\/logo-2.png","width":390,"height":388,"caption":"cc3rivieres76"},"image":{"@id":"https:\/\/www.cc3rivieres76.com\/blog\/#\/schema\/logo\/image\/"}},{"@type":"Person","@id":"https:\/\/www.cc3rivieres76.com\/blog\/#\/schema\/person\/474d457fb7747b5218f39792dfaa5a1c","name":"Sylvie DE LAUZAINGHEIN","image":{"@type":"ImageObject","inLanguage":"fr-FR","@id":"https:\/\/secure.gravatar.com\/avatar\/9c6a53b19e0a3431aa80de0895b9729fe665cd7e7d6cc94fc11abb152f4237d7?s=96&d=mm&r=g","url":"https:\/\/secure.gravatar.com\/avatar\/9c6a53b19e0a3431aa80de0895b9729fe665cd7e7d6cc94fc11abb152f4237d7?s=96&d=mm&r=g","contentUrl":"https:\/\/secure.gravatar.com\/avatar\/9c6a53b19e0a3431aa80de0895b9729fe665cd7e7d6cc94fc11abb152f4237d7?s=96&d=mm&r=g","caption":"Sylvie DE LAUZAINGHEIN"},"url":"https:\/\/www.cc3rivieres76.com\/blog\/author\/s76sylvie\/"}]}},"_links":{"self":[{"href":"https:\/\/www.cc3rivieres76.com\/blog\/wp-json\/wp\/v2\/posts\/329","targetHints":{"allow":["GET"]}}],"collection":[{"href":"https:\/\/www.cc3rivieres76.com\/blog\/wp-json\/wp\/v2\/posts"}],"about":[{"href":"https:\/\/www.cc3rivieres76.com\/blog\/wp-json\/wp\/v2\/types\/post"}],"author":[{"embeddable":true,"href":"https:\/\/www.cc3rivieres76.com\/blog\/wp-json\/wp\/v2\/users\/3"}],"replies":[{"embeddable":true,"href":"https:\/\/www.cc3rivieres76.com\/blog\/wp-json\/wp\/v2\/comments?post=329"}],"version-history":[{"count":0,"href":"https:\/\/www.cc3rivieres76.com\/blog\/wp-json\/wp\/v2\/posts\/329\/revisions"}],"wp:attachment":[{"href":"https:\/\/www.cc3rivieres76.com\/blog\/wp-json\/wp\/v2\/media?parent=329"}],"wp:term":[{"taxonomy":"category","embeddable":true,"href":"https:\/\/www.cc3rivieres76.com\/blog\/wp-json\/wp\/v2\/categories?post=329"},{"taxonomy":"post_tag","embeddable":true,"href":"https:\/\/www.cc3rivieres76.com\/blog\/wp-json\/wp\/v2\/tags?post=329"}],"curies":[{"name":"wp","href":"https:\/\/api.w.org\/{rel}","templated":true}]}}