{"id":344,"date":"2024-04-17T09:56:00","date_gmt":"2024-04-17T07:56:00","guid":{"rendered":"https:\/\/www.site.cdcl.xyz\/2024\/04\/17\/informations-france-la-france-rappelle-son-ambassadrice-en-azerbaidjan-france\/"},"modified":"2024-04-17T09:56:00","modified_gmt":"2024-04-17T07:56:00","slug":"informations-france-la-france-rappelle-son-ambassadrice-en-azerbaidjan-france","status":"publish","type":"post","link":"https:\/\/www.cc3rivieres76.com\/blog\/informations-france-la-france-rappelle-son-ambassadrice-en-azerbaidjan-france\/","title":{"rendered":"Informations France: la France rappelle son ambassadrice en Azerba\u00efdjan #France"},"content":{"rendered":"<br \/>\n<h2>La France rappelle son ambassadrice en Azerba\u00efdjan<\/h2>\n<p>Les relations entre Paris et Bakou continuent de se tendre. Le minist\u00e8re des Affaires \u00e9trang\u00e8res a annonc\u00e9 ce mardi 16 avril le rappel de son ambassadrice en Azerba\u00efdjan \u00ab&nbsp;pour consultations&nbsp;\u00bb. Une d\u00e9cision annonc\u00e9e par le Quai d\u2019Orsay \u00ab&nbsp;en raison de la poursuite au cours des derniers mois, par l\u2019Azerba\u00efdjan, d\u2019actions unilat\u00e9rales dommageables pour la relation entre nos deux pays&nbsp;\u00bb.<\/p>\n<p>Emmanuel Macron \u00ab&nbsp;a re\u00e7u aujourd\u2019hui notre ambassadrice \u00e0 ce sujet. Il a regrett\u00e9 les actions de l\u2019Azerba\u00efdjan et exprim\u00e9 le souhait d\u2019une clarification par la partie azerba\u00efdjanaise de ses intentions&nbsp;\u00bb, est-il indiqu\u00e9 dans le communiqu\u00e9 du minist\u00e8re.<\/p>\n<h2>La France, m\u00e9diateur entre l\u2019Arm\u00e9nie et l\u2019Azerba\u00efdjan<\/h2>\n<p>Les relations entre Paris et Bakou se sont d\u00e9t\u00e9rior\u00e9es depuis ces derniers mois, depuis l\u2019arrestation d\u2019un entrepreneur fran\u00e7ais en Azerba\u00efdjan, accus\u00e9 d\u2019espionnage, suivie de l\u2019expulsion de deux diplomates fran\u00e7ais. Le lendemain, la France annon\u00e7ait une mesure r\u00e9ciproque identique.<\/p>\n<p>En parall\u00e8le, le chef de l\u2019\u00c9tat azerba\u00efdjanais, Ilham Aliev, reproche notamment \u00e0 Paris de soutenir l\u2019Arm\u00e9nie dans le conflit territorial entre Erevan et Bakou autour de la r\u00e9gion du Haut-Karabakh.<\/p>\n<p>La France rappelle son soutien \u00e0 la normalisation des relations entre l\u2019Azerba\u00efdjan et l\u2019Arm\u00e9nie, dans le respect du droit international et de l\u2019int\u00e9grit\u00e9 territoriale des deux pays. Cette normalisation b\u00e9n\u00e9ficiera aux deux pays et \u00e0 l\u2019ensemble de la r\u00e9gion&nbsp;\u00bb, souligne le Quai d\u2019Orsay dans son communiqu\u00e9.<\/p>\n<p>Depuis des d\u00e9cennies, l\u2019Arm\u00e9nie et l\u2019Azerba\u00efdjan, deux pays voisins, se disputent le territoire du Haut-Karabakh. En septembre 2023, une offensive militaire lanc\u00e9e par Bakou a pouss\u00e9 les s\u00e9paratistes arm\u00e9niens \u00e0 capituler. Selon l\u2019AFP, la quasi-totalit\u00e9 de la population arm\u00e9nienne de la r\u00e9gion a d\u00fb fuir vers l\u2019Arm\u00e9nie.<\/p>\n<p>Les deux pays avaient r\u00e9cemment annonc\u00e9 leur volont\u00e9 de normaliser leurs relations. La France, qui accueille une importante diaspora arm\u00e9nienne, s\u2019\u00e9tait alors dite pr\u00eate \u00e0 participer aux efforts de m\u00e9diation.<\/p>\n<p>A lire:<\/p>\n<p>D\u2019ici et d\u2019ailleurs.,<a href=\"https:\/\/www.kobo.com\/fr\/fr\/ebook\/d-ici-et-d-ailleurs-6\" target=\"_blank\" rel=\"noopener noreferrer nofollow\">Fiche de l\u2019\u00e9diteur<\/a><span><\/span>.<\/p>\n<p>Les \u00e9crivains fran\u00e7ais devant la guerre de 1870 et devant la Commune.,<a href=\"https:\/\/www.kobo.com\/fr\/fr\/ebook\/les-ecrivains-francais-devant-la-guerre-de-1870-et-devant-la-commune-1\" target=\"_blank\" rel=\"noopener noreferrer nofollow\">Pr\u00e9sentation du livre<\/a><span><\/span>.<\/p>\n<p>R\u00e9-ensauvageons la France.,<a href=\"https:\/\/www.kobo.com\/fr\/fr\/ebook\/re-ensauvageons-la-france-1\" target=\"_blank\" rel=\"noopener noreferrer nofollow\">Fiche de l\u2019\u00e9diteur<\/a><span><\/span>. Disponible \u00e0 CULTURA.<\/p>\n<p> Cet article, qui traite du th\u00e8me \u00ab\u00a0Les 3 rivi\u00e8res dans la Somme\u00a0\u00bb, vous est sp\u00e9cialement sugg\u00e9r\u00e9 par cc3rivieres76.com. La chronique est reproduite du mieux possible. Dans le cas o\u00f9 vous souhaitez apporter quelques pr\u00e9cisions concernant le domaine de \u00ab\u00a0Les 3 rivi\u00e8res dans la Somme\u00a0\u00bb vous pouvez solliciter notre r\u00e9daction. La destination de cc3rivieres76.com est de d\u00e9battre de Les 3 rivi\u00e8res dans la Somme dans la transparence en vous apportant la connaissance de tout ce qui est en lien avec ce sujet sur la toile Connectez-vous sur notre site cc3rivieres76.com et nos r\u00e9seaux sociaux dans le but d\u2019\u00eatre inform\u00e9 des futures publications.<\/p>\n","protected":false},"excerpt":{"rendered":"<p>La France rappelle son ambassadrice en Azerba\u00efdjan Les relations entre Paris et Bakou continuent de se tendre. Le minist\u00e8re des Affaires \u00e9trang\u00e8res a annonc\u00e9 ce mardi 16 avril le rappel de son ambassadrice en Azerba\u00efdjan \u00ab&nbsp;pour consultations&nbsp;\u00bb. Une d\u00e9cision annonc\u00e9e par le Quai d\u2019Orsay \u00ab&nbsp;en raison de la poursuite au cours des derniers mois, par &hellip; <\/p>\n<p class=\"link-more\"><a href=\"https:\/\/www.cc3rivieres76.com\/blog\/informations-france-la-france-rappelle-son-ambassadrice-en-azerbaidjan-france\/\" class=\"more-link\">Continuer la lecture <span class=\"screen-reader-text\"> \u00ab\u00a0Informations France: la France rappelle son ambassadrice en Azerba\u00efdjan #France\u00a0\u00bb<\/span><\/a><\/p>\n","protected":false},"author":3,"featured_media":345,"comment_status":"closed","ping_status":"closed","sticky":false,"template":"","format":"standard","meta":{"footnotes":""},"categories":[2],"tags":[],"class_list":["post-344","post","type-post","status-publish","format-standard","has-post-thumbnail","hentry","category-les-3-rivieres-dans-la-somme","entry"],"yoast_head":"<!-- This site is optimized with the Yoast SEO plugin v27.5 - https:\/\/yoast.com\/product\/yoast-seo-wordpress\/ -->\n<title>Informations France: la France rappelle son ambassadrice en Azerba\u00efdjan #France - CC3RIVIERES76<\/title>\n<meta name=\"robots\" content=\"index, follow, max-snippet:-1, max-image-preview:large, max-video-preview:-1\" \/>\n<link rel=\"canonical\" href=\"https:\/\/www.cc3rivieres76.com\/blog\/informations-france-la-france-rappelle-son-ambassadrice-en-azerbaidjan-france\/\" \/>\n<meta property=\"og:locale\" content=\"fr_FR\" \/>\n<meta property=\"og:type\" content=\"article\" \/>\n<meta property=\"og:title\" content=\"Informations France: la France rappelle son ambassadrice en Azerba\u00efdjan #France - CC3RIVIERES76\" \/>\n<meta property=\"og:description\" content=\"La France rappelle son ambassadrice en Azerba\u00efdjan Les relations entre Paris et Bakou continuent de se tendre. Le minist\u00e8re des Affaires \u00e9trang\u00e8res a annonc\u00e9 ce mardi 16 avril le rappel de son ambassadrice en Azerba\u00efdjan \u00ab&nbsp;pour consultations&nbsp;\u00bb. Une d\u00e9cision annonc\u00e9e par le Quai d\u2019Orsay \u00ab&nbsp;en raison de la poursuite au cours des derniers mois, par &hellip; Continuer la lecture \u00ab\u00a0Informations France: la France rappelle son ambassadrice en Azerba\u00efdjan #France\u00a0\u00bb\" \/>\n<meta property=\"og:url\" content=\"https:\/\/www.cc3rivieres76.com\/blog\/informations-france-la-france-rappelle-son-ambassadrice-en-azerbaidjan-france\/\" \/>\n<meta property=\"og:site_name\" content=\"CC3RIVIERES76\" \/>\n<meta property=\"article:published_time\" content=\"2024-04-17T07:56:00+00:00\" \/>\n<meta name=\"author\" content=\"Sylvie DE LAUZAINGHEIN\" \/>\n<meta name=\"twitter:card\" content=\"summary_large_image\" \/>\n<meta name=\"twitter:label1\" content=\"\u00c9crit par\" \/>\n\t<meta name=\"twitter:data1\" content=\"Sylvie DE LAUZAINGHEIN\" \/>\n\t<meta name=\"twitter:label2\" content=\"Dur\u00e9e de lecture estim\u00e9e\" \/>\n\t<meta name=\"twitter:data2\" content=\"3 minutes\" \/>\n<script type=\"application\/ld+json\" class=\"yoast-schema-graph\">{\"@context\":\"https:\\\/\\\/schema.org\",\"@graph\":[{\"@type\":\"Article\",\"@id\":\"https:\\\/\\\/www.cc3rivieres76.com\\\/blog\\\/informations-france-la-france-rappelle-son-ambassadrice-en-azerbaidjan-france\\\/#article\",\"isPartOf\":{\"@id\":\"https:\\\/\\\/www.cc3rivieres76.com\\\/blog\\\/informations-france-la-france-rappelle-son-ambassadrice-en-azerbaidjan-france\\\/\"},\"author\":{\"name\":\"Sylvie DE LAUZAINGHEIN\",\"@id\":\"https:\\\/\\\/www.cc3rivieres76.com\\\/blog\\\/#\\\/schema\\\/person\\\/474d457fb7747b5218f39792dfaa5a1c\"},\"headline\":\"Informations France: la France rappelle son ambassadrice en Azerba\u00efdjan #France\",\"datePublished\":\"2024-04-17T07:56:00+00:00\",\"mainEntityOfPage\":{\"@id\":\"https:\\\/\\\/www.cc3rivieres76.com\\\/blog\\\/informations-france-la-france-rappelle-son-ambassadrice-en-azerbaidjan-france\\\/\"},\"wordCount\":533,\"publisher\":{\"@id\":\"https:\\\/\\\/www.cc3rivieres76.com\\\/blog\\\/#organization\"},\"image\":{\"@id\":\"https:\\\/\\\/www.cc3rivieres76.com\\\/blog\\\/informations-france-la-france-rappelle-son-ambassadrice-en-azerbaidjan-france\\\/#primaryimage\"},\"thumbnailUrl\":\"https:\\\/\\\/www.cc3rivieres76.com\\\/blog\\\/wp-content\\\/uploads\\\/2024\\\/04\\\/informations-france-la-france-rappelle-son-ambassadrice-en-azerbaidjan-france.jpg\",\"articleSection\":[\"Les 3 Rivi\u00e8res Dans La Somme:\"],\"inLanguage\":\"fr-FR\"},{\"@type\":\"WebPage\",\"@id\":\"https:\\\/\\\/www.cc3rivieres76.com\\\/blog\\\/informations-france-la-france-rappelle-son-ambassadrice-en-azerbaidjan-france\\\/\",\"url\":\"https:\\\/\\\/www.cc3rivieres76.com\\\/blog\\\/informations-france-la-france-rappelle-son-ambassadrice-en-azerbaidjan-france\\\/\",\"name\":\"Informations France: la France rappelle son ambassadrice en Azerba\u00efdjan #France - CC3RIVIERES76\",\"isPartOf\":{\"@id\":\"https:\\\/\\\/www.cc3rivieres76.com\\\/blog\\\/#website\"},\"primaryImageOfPage\":{\"@id\":\"https:\\\/\\\/www.cc3rivieres76.com\\\/blog\\\/informations-france-la-france-rappelle-son-ambassadrice-en-azerbaidjan-france\\\/#primaryimage\"},\"image\":{\"@id\":\"https:\\\/\\\/www.cc3rivieres76.com\\\/blog\\\/informations-france-la-france-rappelle-son-ambassadrice-en-azerbaidjan-france\\\/#primaryimage\"},\"thumbnailUrl\":\"https:\\\/\\\/www.cc3rivieres76.com\\\/blog\\\/wp-content\\\/uploads\\\/2024\\\/04\\\/informations-france-la-france-rappelle-son-ambassadrice-en-azerbaidjan-france.jpg\",\"datePublished\":\"2024-04-17T07:56:00+00:00\",\"breadcrumb\":{\"@id\":\"https:\\\/\\\/www.cc3rivieres76.com\\\/blog\\\/informations-france-la-france-rappelle-son-ambassadrice-en-azerbaidjan-france\\\/#breadcrumb\"},\"inLanguage\":\"fr-FR\",\"potentialAction\":[{\"@type\":\"ReadAction\",\"target\":[\"https:\\\/\\\/www.cc3rivieres76.com\\\/blog\\\/informations-france-la-france-rappelle-son-ambassadrice-en-azerbaidjan-france\\\/\"]}]},{\"@type\":\"ImageObject\",\"inLanguage\":\"fr-FR\",\"@id\":\"https:\\\/\\\/www.cc3rivieres76.com\\\/blog\\\/informations-france-la-france-rappelle-son-ambassadrice-en-azerbaidjan-france\\\/#primaryimage\",\"url\":\"https:\\\/\\\/www.cc3rivieres76.com\\\/blog\\\/wp-content\\\/uploads\\\/2024\\\/04\\\/informations-france-la-france-rappelle-son-ambassadrice-en-azerbaidjan-france.jpg\",\"contentUrl\":\"https:\\\/\\\/www.cc3rivieres76.com\\\/blog\\\/wp-content\\\/uploads\\\/2024\\\/04\\\/informations-france-la-france-rappelle-son-ambassadrice-en-azerbaidjan-france.jpg\",\"width\":1024,\"height\":683,\"caption\":\"Informations France: la France rappelle son ambassadrice en Azerba\u00efdjan #France\"},{\"@type\":\"BreadcrumbList\",\"@id\":\"https:\\\/\\\/www.cc3rivieres76.com\\\/blog\\\/informations-france-la-france-rappelle-son-ambassadrice-en-azerbaidjan-france\\\/#breadcrumb\",\"itemListElement\":[{\"@type\":\"ListItem\",\"position\":1,\"name\":\"Accueil\",\"item\":\"https:\\\/\\\/www.cc3rivieres76.com\\\/blog\\\/\"},{\"@type\":\"ListItem\",\"position\":2,\"name\":\"Informations France: la France rappelle son ambassadrice en Azerba\u00efdjan #France\"}]},{\"@type\":\"WebSite\",\"@id\":\"https:\\\/\\\/www.cc3rivieres76.com\\\/blog\\\/#website\",\"url\":\"https:\\\/\\\/www.cc3rivieres76.com\\\/blog\\\/\",\"name\":\"CC3RIVIERES76\",\"description\":\"Les 3 rivi\u00e8res dans la Somme.\",\"publisher\":{\"@id\":\"https:\\\/\\\/www.cc3rivieres76.com\\\/blog\\\/#organization\"},\"potentialAction\":[{\"@type\":\"SearchAction\",\"target\":{\"@type\":\"EntryPoint\",\"urlTemplate\":\"https:\\\/\\\/www.cc3rivieres76.com\\\/blog\\\/?s={search_term_string}\"},\"query-input\":{\"@type\":\"PropertyValueSpecification\",\"valueRequired\":true,\"valueName\":\"search_term_string\"}}],\"inLanguage\":\"fr-FR\"},{\"@type\":\"Organization\",\"@id\":\"https:\\\/\\\/www.cc3rivieres76.com\\\/blog\\\/#organization\",\"name\":\"cc3rivieres76\",\"url\":\"https:\\\/\\\/www.cc3rivieres76.com\\\/blog\\\/\",\"logo\":{\"@type\":\"ImageObject\",\"inLanguage\":\"fr-FR\",\"@id\":\"https:\\\/\\\/www.cc3rivieres76.com\\\/blog\\\/#\\\/schema\\\/logo\\\/image\\\/\",\"url\":\"https:\\\/\\\/www.cc3rivieres76.com\\\/blog\\\/wp-content\\\/uploads\\\/2023\\\/06\\\/logo-2.png\",\"contentUrl\":\"https:\\\/\\\/www.cc3rivieres76.com\\\/blog\\\/wp-content\\\/uploads\\\/2023\\\/06\\\/logo-2.png\",\"width\":390,\"height\":388,\"caption\":\"cc3rivieres76\"},\"image\":{\"@id\":\"https:\\\/\\\/www.cc3rivieres76.com\\\/blog\\\/#\\\/schema\\\/logo\\\/image\\\/\"}},{\"@type\":\"Person\",\"@id\":\"https:\\\/\\\/www.cc3rivieres76.com\\\/blog\\\/#\\\/schema\\\/person\\\/474d457fb7747b5218f39792dfaa5a1c\",\"name\":\"Sylvie DE LAUZAINGHEIN\",\"image\":{\"@type\":\"ImageObject\",\"inLanguage\":\"fr-FR\",\"@id\":\"https:\\\/\\\/secure.gravatar.com\\\/avatar\\\/9c6a53b19e0a3431aa80de0895b9729fe665cd7e7d6cc94fc11abb152f4237d7?s=96&d=mm&r=g\",\"url\":\"https:\\\/\\\/secure.gravatar.com\\\/avatar\\\/9c6a53b19e0a3431aa80de0895b9729fe665cd7e7d6cc94fc11abb152f4237d7?s=96&d=mm&r=g\",\"contentUrl\":\"https:\\\/\\\/secure.gravatar.com\\\/avatar\\\/9c6a53b19e0a3431aa80de0895b9729fe665cd7e7d6cc94fc11abb152f4237d7?s=96&d=mm&r=g\",\"caption\":\"Sylvie DE LAUZAINGHEIN\"},\"url\":\"https:\\\/\\\/www.cc3rivieres76.com\\\/blog\\\/author\\\/s76sylvie\\\/\"}]}<\/script>\n<!-- \/ Yoast SEO plugin. -->","yoast_head_json":{"title":"Informations France: la France rappelle son ambassadrice en Azerba\u00efdjan #France - CC3RIVIERES76","robots":{"index":"index","follow":"follow","max-snippet":"max-snippet:-1","max-image-preview":"max-image-preview:large","max-video-preview":"max-video-preview:-1"},"canonical":"https:\/\/www.cc3rivieres76.com\/blog\/informations-france-la-france-rappelle-son-ambassadrice-en-azerbaidjan-france\/","og_locale":"fr_FR","og_type":"article","og_title":"Informations France: la France rappelle son ambassadrice en Azerba\u00efdjan #France - CC3RIVIERES76","og_description":"La France rappelle son ambassadrice en Azerba\u00efdjan Les relations entre Paris et Bakou continuent de se tendre. Le minist\u00e8re des Affaires \u00e9trang\u00e8res a annonc\u00e9 ce mardi 16 avril le rappel de son ambassadrice en Azerba\u00efdjan \u00ab&nbsp;pour consultations&nbsp;\u00bb. Une d\u00e9cision annonc\u00e9e par le Quai d\u2019Orsay \u00ab&nbsp;en raison de la poursuite au cours des derniers mois, par &hellip; Continuer la lecture \u00ab\u00a0Informations France: la France rappelle son ambassadrice en Azerba\u00efdjan #France\u00a0\u00bb","og_url":"https:\/\/www.cc3rivieres76.com\/blog\/informations-france-la-france-rappelle-son-ambassadrice-en-azerbaidjan-france\/","og_site_name":"CC3RIVIERES76","article_published_time":"2024-04-17T07:56:00+00:00","author":"Sylvie DE LAUZAINGHEIN","twitter_card":"summary_large_image","twitter_misc":{"\u00c9crit par":"Sylvie DE LAUZAINGHEIN","Dur\u00e9e de lecture estim\u00e9e":"3 minutes"},"schema":{"@context":"https:\/\/schema.org","@graph":[{"@type":"Article","@id":"https:\/\/www.cc3rivieres76.com\/blog\/informations-france-la-france-rappelle-son-ambassadrice-en-azerbaidjan-france\/#article","isPartOf":{"@id":"https:\/\/www.cc3rivieres76.com\/blog\/informations-france-la-france-rappelle-son-ambassadrice-en-azerbaidjan-france\/"},"author":{"name":"Sylvie DE LAUZAINGHEIN","@id":"https:\/\/www.cc3rivieres76.com\/blog\/#\/schema\/person\/474d457fb7747b5218f39792dfaa5a1c"},"headline":"Informations France: la France rappelle son ambassadrice en Azerba\u00efdjan #France","datePublished":"2024-04-17T07:56:00+00:00","mainEntityOfPage":{"@id":"https:\/\/www.cc3rivieres76.com\/blog\/informations-france-la-france-rappelle-son-ambassadrice-en-azerbaidjan-france\/"},"wordCount":533,"publisher":{"@id":"https:\/\/www.cc3rivieres76.com\/blog\/#organization"},"image":{"@id":"https:\/\/www.cc3rivieres76.com\/blog\/informations-france-la-france-rappelle-son-ambassadrice-en-azerbaidjan-france\/#primaryimage"},"thumbnailUrl":"https:\/\/www.cc3rivieres76.com\/blog\/wp-content\/uploads\/2024\/04\/informations-france-la-france-rappelle-son-ambassadrice-en-azerbaidjan-france.jpg","articleSection":["Les 3 Rivi\u00e8res Dans La Somme:"],"inLanguage":"fr-FR"},{"@type":"WebPage","@id":"https:\/\/www.cc3rivieres76.com\/blog\/informations-france-la-france-rappelle-son-ambassadrice-en-azerbaidjan-france\/","url":"https:\/\/www.cc3rivieres76.com\/blog\/informations-france-la-france-rappelle-son-ambassadrice-en-azerbaidjan-france\/","name":"Informations France: la France rappelle son ambassadrice en Azerba\u00efdjan #France - CC3RIVIERES76","isPartOf":{"@id":"https:\/\/www.cc3rivieres76.com\/blog\/#website"},"primaryImageOfPage":{"@id":"https:\/\/www.cc3rivieres76.com\/blog\/informations-france-la-france-rappelle-son-ambassadrice-en-azerbaidjan-france\/#primaryimage"},"image":{"@id":"https:\/\/www.cc3rivieres76.com\/blog\/informations-france-la-france-rappelle-son-ambassadrice-en-azerbaidjan-france\/#primaryimage"},"thumbnailUrl":"https:\/\/www.cc3rivieres76.com\/blog\/wp-content\/uploads\/2024\/04\/informations-france-la-france-rappelle-son-ambassadrice-en-azerbaidjan-france.jpg","datePublished":"2024-04-17T07:56:00+00:00","breadcrumb":{"@id":"https:\/\/www.cc3rivieres76.com\/blog\/informations-france-la-france-rappelle-son-ambassadrice-en-azerbaidjan-france\/#breadcrumb"},"inLanguage":"fr-FR","potentialAction":[{"@type":"ReadAction","target":["https:\/\/www.cc3rivieres76.com\/blog\/informations-france-la-france-rappelle-son-ambassadrice-en-azerbaidjan-france\/"]}]},{"@type":"ImageObject","inLanguage":"fr-FR","@id":"https:\/\/www.cc3rivieres76.com\/blog\/informations-france-la-france-rappelle-son-ambassadrice-en-azerbaidjan-france\/#primaryimage","url":"https:\/\/www.cc3rivieres76.com\/blog\/wp-content\/uploads\/2024\/04\/informations-france-la-france-rappelle-son-ambassadrice-en-azerbaidjan-france.jpg","contentUrl":"https:\/\/www.cc3rivieres76.com\/blog\/wp-content\/uploads\/2024\/04\/informations-france-la-france-rappelle-son-ambassadrice-en-azerbaidjan-france.jpg","width":1024,"height":683,"caption":"Informations France: la France rappelle son ambassadrice en Azerba\u00efdjan #France"},{"@type":"BreadcrumbList","@id":"https:\/\/www.cc3rivieres76.com\/blog\/informations-france-la-france-rappelle-son-ambassadrice-en-azerbaidjan-france\/#breadcrumb","itemListElement":[{"@type":"ListItem","position":1,"name":"Accueil","item":"https:\/\/www.cc3rivieres76.com\/blog\/"},{"@type":"ListItem","position":2,"name":"Informations France: la France rappelle son ambassadrice en Azerba\u00efdjan #France"}]},{"@type":"WebSite","@id":"https:\/\/www.cc3rivieres76.com\/blog\/#website","url":"https:\/\/www.cc3rivieres76.com\/blog\/","name":"CC3RIVIERES76","description":"Les 3 rivi\u00e8res dans la Somme.","publisher":{"@id":"https:\/\/www.cc3rivieres76.com\/blog\/#organization"},"potentialAction":[{"@type":"SearchAction","target":{"@type":"EntryPoint","urlTemplate":"https:\/\/www.cc3rivieres76.com\/blog\/?s={search_term_string}"},"query-input":{"@type":"PropertyValueSpecification","valueRequired":true,"valueName":"search_term_string"}}],"inLanguage":"fr-FR"},{"@type":"Organization","@id":"https:\/\/www.cc3rivieres76.com\/blog\/#organization","name":"cc3rivieres76","url":"https:\/\/www.cc3rivieres76.com\/blog\/","logo":{"@type":"ImageObject","inLanguage":"fr-FR","@id":"https:\/\/www.cc3rivieres76.com\/blog\/#\/schema\/logo\/image\/","url":"https:\/\/www.cc3rivieres76.com\/blog\/wp-content\/uploads\/2023\/06\/logo-2.png","contentUrl":"https:\/\/www.cc3rivieres76.com\/blog\/wp-content\/uploads\/2023\/06\/logo-2.png","width":390,"height":388,"caption":"cc3rivieres76"},"image":{"@id":"https:\/\/www.cc3rivieres76.com\/blog\/#\/schema\/logo\/image\/"}},{"@type":"Person","@id":"https:\/\/www.cc3rivieres76.com\/blog\/#\/schema\/person\/474d457fb7747b5218f39792dfaa5a1c","name":"Sylvie DE LAUZAINGHEIN","image":{"@type":"ImageObject","inLanguage":"fr-FR","@id":"https:\/\/secure.gravatar.com\/avatar\/9c6a53b19e0a3431aa80de0895b9729fe665cd7e7d6cc94fc11abb152f4237d7?s=96&d=mm&r=g","url":"https:\/\/secure.gravatar.com\/avatar\/9c6a53b19e0a3431aa80de0895b9729fe665cd7e7d6cc94fc11abb152f4237d7?s=96&d=mm&r=g","contentUrl":"https:\/\/secure.gravatar.com\/avatar\/9c6a53b19e0a3431aa80de0895b9729fe665cd7e7d6cc94fc11abb152f4237d7?s=96&d=mm&r=g","caption":"Sylvie DE LAUZAINGHEIN"},"url":"https:\/\/www.cc3rivieres76.com\/blog\/author\/s76sylvie\/"}]}},"_links":{"self":[{"href":"https:\/\/www.cc3rivieres76.com\/blog\/wp-json\/wp\/v2\/posts\/344","targetHints":{"allow":["GET"]}}],"collection":[{"href":"https:\/\/www.cc3rivieres76.com\/blog\/wp-json\/wp\/v2\/posts"}],"about":[{"href":"https:\/\/www.cc3rivieres76.com\/blog\/wp-json\/wp\/v2\/types\/post"}],"author":[{"embeddable":true,"href":"https:\/\/www.cc3rivieres76.com\/blog\/wp-json\/wp\/v2\/users\/3"}],"replies":[{"embeddable":true,"href":"https:\/\/www.cc3rivieres76.com\/blog\/wp-json\/wp\/v2\/comments?post=344"}],"version-history":[{"count":0,"href":"https:\/\/www.cc3rivieres76.com\/blog\/wp-json\/wp\/v2\/posts\/344\/revisions"}],"wp:featuredmedia":[{"embeddable":true,"href":"https:\/\/www.cc3rivieres76.com\/blog\/wp-json\/wp\/v2\/media\/345"}],"wp:attachment":[{"href":"https:\/\/www.cc3rivieres76.com\/blog\/wp-json\/wp\/v2\/media?parent=344"}],"wp:term":[{"taxonomy":"category","embeddable":true,"href":"https:\/\/www.cc3rivieres76.com\/blog\/wp-json\/wp\/v2\/categories?post=344"},{"taxonomy":"post_tag","embeddable":true,"href":"https:\/\/www.cc3rivieres76.com\/blog\/wp-json\/wp\/v2\/tags?post=344"}],"curies":[{"name":"wp","href":"https:\/\/api.w.org\/{rel}","templated":true}]}}