{"id":350,"date":"2024-04-29T19:03:10","date_gmt":"2024-04-29T17:03:10","guid":{"rendered":"https:\/\/www.site.cdcl.xyz\/2024\/04\/29\/actus-france-letat-francais-a-la-rescousse\/"},"modified":"2024-04-29T19:03:10","modified_gmt":"2024-04-29T17:03:10","slug":"actus-france-letat-francais-a-la-rescousse","status":"publish","type":"post","link":"https:\/\/www.cc3rivieres76.com\/blog\/actus-france-letat-francais-a-la-rescousse\/","title":{"rendered":"Actus france: l&rsquo;\u00c9tat fran\u00e7ais \u00e0 la rescousse"},"content":{"rendered":"\n<p><img decoding=\"async\" src=\"https:\/\/www.cc3rivieres76.com\/blog\/wp-content\/uploads\/2024\/04\/actus-france-letat-francais-a-la-rescousse.jpg\"><\/p>\n<p> Ancien fleuron du secteur informatique, le groupe fran\u00e7ais Atos est en grande difficult\u00e9 depuis plusieurs mois et cherche un repreneur pour \u00e9chapper \u00e0 la faillite. Le gouvernement s&rsquo;est port\u00e9 candidat ce week-end pour racheter ses activit\u00e9s strat\u00e9giques et de d\u00e9fense. <\/p>\n<div>\n<p class=\"m-pub-dates\"><span class=\"m-pub-dates__date\">Publi\u00e9 le : 29\/04\/2024 \u2013 18:04<\/span><\/p>\n<p> <span class=\"a-svg a-svg--picto-clock\" title=\"Temps de lecture\"> 4 minutes<\/span><\/p>\n<\/div>\n<div>\n<p>Depuis un an, le groupe Atos a perdu pr\u00e8s de 80% de sa valeur en bourse. Endett\u00e9e \u00e0 hauteur de 5 milliards d&rsquo;euros, l&rsquo;entreprise aux plus de 100 000 salari\u00e9s \u00e0 travers le monde cherche un repreneur. Un temps, <strong>le milliardaire tch\u00e8que Daniel Kretinsky a manifest\u00e9 son int\u00e9r\u00eat<\/strong>mais les n\u00e9gociations n&rsquo;ont pas abouti.<\/p>\n<p>Un potentiel repreneur \u00e9tranger plut\u00f4t mal vu par le gouvernement fran\u00e7ais, car Atos a des supercalculateurs (des ordinateurs avec des capacit\u00e9s de calcul tr\u00e8s importantes) utilis\u00e9s pour la dissuasion nucl\u00e9aire, ou encore pour l&rsquo;intelligence artificielle. Le groupe a ainsi des contrats avec l&rsquo;arm\u00e9e fran\u00e7aise. C&rsquo;est aussi lui qui assure la cybers\u00e9curit\u00e9 pour les Jeux olympiques de Paris cette ann\u00e9e et une partie de la cybers\u00e9curit\u00e9 des centrales nucl\u00e9aires civiles fran\u00e7aises et de certains services publics comme la S\u00e9curit\u00e9 sociale. Le gouvernement ne souhaite pas que ces activit\u00e9s soient rachet\u00e9es par un groupe \u00e9tranger et propose que l&rsquo;\u00c9tat devienne actionnaire de l&rsquo;entreprise.<\/p>\n<p>\u00ab <em>J&rsquo;ai d\u00e9pos\u00e9 ce week-end une lettre d&rsquo;intention en vue d&rsquo;acqu\u00e9rir toutes les activit\u00e9s de souverainet\u00e9 d&rsquo;Atos<\/em> \u00bb, a donc annonc\u00e9, dimanche 28 avril, sur la cha\u00eene LCI, le ministre fran\u00e7ais de l&rsquo;\u00c9conomie et des Finances Bruno Le Maire. \u00ab <em>On verra demain les autres actionnaires qui pourraient participer, uniquement des actionnaires fran\u00e7ais. L&rsquo;objectif est que les activit\u00e9s strat\u00e9giques d&rsquo;Atos restent sous contr\u00f4le exclusif de la France et d&rsquo;\u00e9viter que des activit\u00e9s sensibles, d\u00e9cisives en mati\u00e8re de supercalculateurs, de d\u00e9fense, puissent d\u00e9pendre d&rsquo;int\u00e9r\u00eats \u00e9trangers<\/em> \u00bb, a-t-il pr\u00e9cis\u00e9. Une annonce salu\u00e9e par Atos ce lundi.<\/p>\n<p class=\"a-read-more\"><span class=\"a-read-more__label\">\u00c0 lire aussi<\/span>Atos : l&rsquo;\u00c9tat \u00e0 la man\u0153uvre pour sauver le groupe fran\u00e7ais<\/p>\n<h2><strong>Un groupe en grande difficult\u00e9<\/strong><\/h2>\n<p>Il faut dire que le groupe fran\u00e7ais a revu \u00e0 la hausse ses besoins financiers pour les prochains mois. Atos assure ce lundi avoir besoin de plus 1,1 milliard d&rsquo;euros pour financer ses activit\u00e9s jusqu&rsquo;\u00e0 la fin de l&rsquo;ann\u00e9e prochaine. C&rsquo;est pr\u00e8s du double de l&rsquo;estimation qu&rsquo;il avait avanc\u00e9 pr\u00e9c\u00e9demment.<\/p>\n<p>Son chiffre d&rsquo;affaires a baiss\u00e9 de 11% au premier trimestre. L&rsquo;entreprise a perdu pr\u00e8s de 80% de sa valeur en bourse depuis un an, m\u00eame si son titre grimpait ce lundi 29 avril \u00e0 Paris en r\u00e9action \u00e0 l&rsquo;annonce de Bruno Le Maire. Le fait que l&rsquo;\u00c9tat fran\u00e7ais puisse se porter acqu\u00e9reur d&rsquo;une partie de ses activit\u00e9s est une bouff\u00e9e d&rsquo;air frais pour l&rsquo;entreprise.<\/p>\n<p>L&rsquo;annonce du gouvernement a pour mais d&rsquo;essayer de convaincre les repreneurs, estime Jean-Pierre Maulny, directeur adjoint de l&rsquo;Institut des relations internationales et strat\u00e9giques (Iris). \u00ab <em>Dans ce cas de figure, en g\u00e9n\u00e9ral, on cherche un repreneur fran\u00e7ais. Visiblement, aucun ne veut reprendre toute cette activit\u00e9, donc l&rsquo;\u00c9tat fran\u00e7ais a d\u00e9cid\u00e9 de mettre la main \u00e0 la poche \u2013 mais pas compl\u00e8tement \u2013 \u200b\u200bpour inciter des entreprises fran\u00e7aises \u00e0 racheter Atos<\/em>explique-t-il. <em>La soci\u00e9t\u00e9 deviendrait ainsi une entreprise priv\u00e9e avec de l&rsquo;actionnariat public, comme chez Thales, Safran ou Airbus<\/em> \u00bb, des entreprises de d\u00e9fense et d&rsquo;a\u00e9ronautique, souligne-t-il.<\/p>\n<p>Ce type d&rsquo;initiative est toutefois rare. \u00ab<em> G\u00e9n\u00e9ralement, sur l\u2019application de la l\u00e9gislation sur le contr\u00f4le des investissements \u00e9trangers. L&rsquo;\u00c9tat ne souhaite pas qu&rsquo;une entreprise \u00e9trang\u00e8re rach\u00e8te une entreprise fran\u00e7aise et cherche des actionnaires fran\u00e7ais <\/em>\u00bb,<em> <\/em>pr\u00e9cise Jean-Pierre Maulny<em>. <\/em>Par exemple, en 2020, <strong>Photonis, une entreprise du secteur de l&rsquo;\u00e9lectronique de d\u00e9fense, risque d&rsquo;\u00eatre achet\u00e9 par une entreprise am\u00e9ricaine<\/strong> :<em> <\/em>\u00ab<em> L&rsquo;\u00c9tat fran\u00e7ais ne s&rsquo;\u00e9tait pas port\u00e9 directement acqu\u00e9reur, n&rsquo;avait pas rachet\u00e9 d&rsquo;actions<\/em> \u00bb, mais s&rsquo;\u00e9tait oppos\u00e9 au rachat par l&rsquo;entreprise \u00e9tats-unienne, rappelle-t-il.<\/p>\n<p>Dans le cas d&rsquo;Atos, reste \u00e0 savoir si l&rsquo;annonce du gouvernement suffira pour convaincre des repreneurs priv\u00e9s fran\u00e7ais. Autre question en suspens : combien ce rachat partiel co\u00fbterait-il \u00e0 l&rsquo;\u00c9tat ? Aujourd&rsquo;hui, le groupe vaut, en bourse, environ 250 millions d&rsquo;euros, mais la valeur globale de l&rsquo;entreprise, toutes activit\u00e9s confondues, est estim\u00e9e entre 700 millions et 1 milliard d&rsquo;euros.<\/p>\n<p class=\"a-read-more\"><span class=\"a-read-more__label\">\u00c0 lire aussi<\/span>L&rsquo;\u00c9tat fran\u00e7ais veut transf\u00e9rer les activit\u00e9s sensibles de l&rsquo;ex-fleuron de l&rsquo;informatique Atos<\/p>\n<\/div>\n<p>Ce th\u00e8me correspond \u00e0 vos investigations vous appr\u00e9cierez beaucoup ces parutions:<\/p>\n<p>Atlas historique de la France.,<a href=\"https:\/\/images.epagine.fr\/612\/9791037502612_1_m.jpg\" target=\"_blank\" rel=\"noopener noreferrer nofollow\">Description<\/a><span><\/span>. Ouvrage de r\u00e9f\u00e9rence.<\/p>\n<p>Le Combat de deux Empires.,<a href=\"https:\/\/www.kobo.com\/fr\/fr\/ebook\/le-combat-de-deux-empires\" target=\"_blank\" rel=\"noopener noreferrer nofollow\">Infos sur l\u2019ouvrage<\/a><span><\/span>. Disponible \u00e0 CULTURA.<\/p>\n<p>Sept Jours \u2013 17-23 juin 1789 : la France entre en r\u00e9volution.,<a href=\"https:\/\/www.kobo.com\/fr\/fr\/audiobook\/sept-jours-17-23-juin-1789-la-france-entre-en-revolution\" target=\"_blank\" rel=\"noopener noreferrer nofollow\">Redirection vers la fiche de pr\u00e9sentation de ce livre<\/a><span><\/span>. Disponible dans toutes les bonnes biblioth\u00e8ques de votre d\u00e9partement.<\/p>\n<p> Cet article, qui traite du th\u00e8me \u00ab\u00a0Les 3 rivi\u00e8res dans la Somme\u00a0\u00bb, vous est sp\u00e9cialement sugg\u00e9r\u00e9 par cc3rivieres76.com. La chronique est reproduite du mieux possible. Dans le cas o\u00f9 vous souhaitez apporter quelques pr\u00e9cisions concernant le domaine de \u00ab\u00a0Les 3 rivi\u00e8res dans la Somme\u00a0\u00bb vous pouvez solliciter notre r\u00e9daction. La destination de cc3rivieres76.com est de d\u00e9battre de Les 3 rivi\u00e8res dans la Somme dans la transparence en vous apportant la connaissance de tout ce qui est en lien avec ce sujet sur la toile Connectez-vous sur notre site cc3rivieres76.com et nos r\u00e9seaux sociaux dans le but d\u2019\u00eatre inform\u00e9 des futures publications.<\/p>\n","protected":false},"excerpt":{"rendered":"<p>Ancien fleuron du secteur informatique, le groupe fran\u00e7ais Atos est en grande difficult\u00e9 depuis plusieurs mois et cherche un repreneur pour \u00e9chapper \u00e0 la faillite. Le gouvernement s&rsquo;est port\u00e9 candidat ce week-end pour racheter ses activit\u00e9s strat\u00e9giques et de d\u00e9fense. Publi\u00e9 le : 29\/04\/2024 \u2013 18:04 4 minutes Depuis un an, le groupe Atos a &hellip; <\/p>\n<p class=\"link-more\"><a href=\"https:\/\/www.cc3rivieres76.com\/blog\/actus-france-letat-francais-a-la-rescousse\/\" class=\"more-link\">Continuer la lecture <span class=\"screen-reader-text\"> \u00ab\u00a0Actus france: l&rsquo;\u00c9tat fran\u00e7ais \u00e0 la rescousse\u00a0\u00bb<\/span><\/a><\/p>\n","protected":false},"author":3,"featured_media":351,"comment_status":"closed","ping_status":"closed","sticky":false,"template":"","format":"standard","meta":{"footnotes":""},"categories":[2],"tags":[],"class_list":["post-350","post","type-post","status-publish","format-standard","has-post-thumbnail","hentry","category-les-3-rivieres-dans-la-somme","entry"],"yoast_head":"<!-- This site is optimized with the Yoast SEO plugin v27.5 - https:\/\/yoast.com\/product\/yoast-seo-wordpress\/ -->\n<title>Actus france: l&#039;\u00c9tat fran\u00e7ais \u00e0 la rescousse - CC3RIVIERES76<\/title>\n<meta name=\"robots\" content=\"index, follow, max-snippet:-1, max-image-preview:large, max-video-preview:-1\" \/>\n<link rel=\"canonical\" href=\"https:\/\/www.cc3rivieres76.com\/blog\/actus-france-letat-francais-a-la-rescousse\/\" \/>\n<meta property=\"og:locale\" content=\"fr_FR\" \/>\n<meta property=\"og:type\" content=\"article\" \/>\n<meta property=\"og:title\" content=\"Actus france: l&#039;\u00c9tat fran\u00e7ais \u00e0 la rescousse - CC3RIVIERES76\" \/>\n<meta property=\"og:description\" content=\"Ancien fleuron du secteur informatique, le groupe fran\u00e7ais Atos est en grande difficult\u00e9 depuis plusieurs mois et cherche un repreneur pour \u00e9chapper \u00e0 la faillite. Le gouvernement s&rsquo;est port\u00e9 candidat ce week-end pour racheter ses activit\u00e9s strat\u00e9giques et de d\u00e9fense. Publi\u00e9 le : 29\/04\/2024 \u2013 18:04 4 minutes Depuis un an, le groupe Atos a &hellip; Continuer la lecture \u00ab\u00a0Actus france: l&rsquo;\u00c9tat fran\u00e7ais \u00e0 la rescousse\u00a0\u00bb\" \/>\n<meta property=\"og:url\" content=\"https:\/\/www.cc3rivieres76.com\/blog\/actus-france-letat-francais-a-la-rescousse\/\" \/>\n<meta property=\"og:site_name\" content=\"CC3RIVIERES76\" \/>\n<meta property=\"article:published_time\" content=\"2024-04-29T17:03:10+00:00\" \/>\n<meta property=\"og:image\" content=\"https:\/\/www.cc3rivieres76.com\/blog\/wp-content\/uploads\/2024\/04\/actus-france-letat-francais-a-la-rescousse.jpg\" \/>\n<meta name=\"author\" content=\"Sylvie DE LAUZAINGHEIN\" \/>\n<meta name=\"twitter:card\" content=\"summary_large_image\" \/>\n<meta name=\"twitter:label1\" content=\"\u00c9crit par\" \/>\n\t<meta name=\"twitter:data1\" content=\"Sylvie DE LAUZAINGHEIN\" \/>\n\t<meta name=\"twitter:label2\" content=\"Dur\u00e9e de lecture estim\u00e9e\" \/>\n\t<meta name=\"twitter:data2\" content=\"5 minutes\" \/>\n<script type=\"application\/ld+json\" class=\"yoast-schema-graph\">{\"@context\":\"https:\\\/\\\/schema.org\",\"@graph\":[{\"@type\":\"Article\",\"@id\":\"https:\\\/\\\/www.cc3rivieres76.com\\\/blog\\\/actus-france-letat-francais-a-la-rescousse\\\/#article\",\"isPartOf\":{\"@id\":\"https:\\\/\\\/www.cc3rivieres76.com\\\/blog\\\/actus-france-letat-francais-a-la-rescousse\\\/\"},\"author\":{\"name\":\"Sylvie DE LAUZAINGHEIN\",\"@id\":\"https:\\\/\\\/www.cc3rivieres76.com\\\/blog\\\/#\\\/schema\\\/person\\\/474d457fb7747b5218f39792dfaa5a1c\"},\"headline\":\"Actus france: l&rsquo;\u00c9tat fran\u00e7ais \u00e0 la rescousse\",\"datePublished\":\"2024-04-29T17:03:10+00:00\",\"mainEntityOfPage\":{\"@id\":\"https:\\\/\\\/www.cc3rivieres76.com\\\/blog\\\/actus-france-letat-francais-a-la-rescousse\\\/\"},\"wordCount\":972,\"publisher\":{\"@id\":\"https:\\\/\\\/www.cc3rivieres76.com\\\/blog\\\/#organization\"},\"image\":{\"@id\":\"https:\\\/\\\/www.cc3rivieres76.com\\\/blog\\\/actus-france-letat-francais-a-la-rescousse\\\/#primaryimage\"},\"thumbnailUrl\":\"https:\\\/\\\/www.cc3rivieres76.com\\\/blog\\\/wp-content\\\/uploads\\\/2024\\\/04\\\/actus-france-letat-francais-a-la-rescousse.jpg\",\"articleSection\":[\"Les 3 Rivi\u00e8res Dans La Somme:\"],\"inLanguage\":\"fr-FR\"},{\"@type\":\"WebPage\",\"@id\":\"https:\\\/\\\/www.cc3rivieres76.com\\\/blog\\\/actus-france-letat-francais-a-la-rescousse\\\/\",\"url\":\"https:\\\/\\\/www.cc3rivieres76.com\\\/blog\\\/actus-france-letat-francais-a-la-rescousse\\\/\",\"name\":\"Actus france: l'\u00c9tat fran\u00e7ais \u00e0 la rescousse - CC3RIVIERES76\",\"isPartOf\":{\"@id\":\"https:\\\/\\\/www.cc3rivieres76.com\\\/blog\\\/#website\"},\"primaryImageOfPage\":{\"@id\":\"https:\\\/\\\/www.cc3rivieres76.com\\\/blog\\\/actus-france-letat-francais-a-la-rescousse\\\/#primaryimage\"},\"image\":{\"@id\":\"https:\\\/\\\/www.cc3rivieres76.com\\\/blog\\\/actus-france-letat-francais-a-la-rescousse\\\/#primaryimage\"},\"thumbnailUrl\":\"https:\\\/\\\/www.cc3rivieres76.com\\\/blog\\\/wp-content\\\/uploads\\\/2024\\\/04\\\/actus-france-letat-francais-a-la-rescousse.jpg\",\"datePublished\":\"2024-04-29T17:03:10+00:00\",\"breadcrumb\":{\"@id\":\"https:\\\/\\\/www.cc3rivieres76.com\\\/blog\\\/actus-france-letat-francais-a-la-rescousse\\\/#breadcrumb\"},\"inLanguage\":\"fr-FR\",\"potentialAction\":[{\"@type\":\"ReadAction\",\"target\":[\"https:\\\/\\\/www.cc3rivieres76.com\\\/blog\\\/actus-france-letat-francais-a-la-rescousse\\\/\"]}]},{\"@type\":\"ImageObject\",\"inLanguage\":\"fr-FR\",\"@id\":\"https:\\\/\\\/www.cc3rivieres76.com\\\/blog\\\/actus-france-letat-francais-a-la-rescousse\\\/#primaryimage\",\"url\":\"https:\\\/\\\/www.cc3rivieres76.com\\\/blog\\\/wp-content\\\/uploads\\\/2024\\\/04\\\/actus-france-letat-francais-a-la-rescousse.jpg\",\"contentUrl\":\"https:\\\/\\\/www.cc3rivieres76.com\\\/blog\\\/wp-content\\\/uploads\\\/2024\\\/04\\\/actus-france-letat-francais-a-la-rescousse.jpg\",\"width\":1024,\"height\":576,\"caption\":\"Actus france: l'\u00c9tat fran\u00e7ais \u00e0 la rescousse\"},{\"@type\":\"BreadcrumbList\",\"@id\":\"https:\\\/\\\/www.cc3rivieres76.com\\\/blog\\\/actus-france-letat-francais-a-la-rescousse\\\/#breadcrumb\",\"itemListElement\":[{\"@type\":\"ListItem\",\"position\":1,\"name\":\"Accueil\",\"item\":\"https:\\\/\\\/www.cc3rivieres76.com\\\/blog\\\/\"},{\"@type\":\"ListItem\",\"position\":2,\"name\":\"Actus france: l&rsquo;\u00c9tat fran\u00e7ais \u00e0 la rescousse\"}]},{\"@type\":\"WebSite\",\"@id\":\"https:\\\/\\\/www.cc3rivieres76.com\\\/blog\\\/#website\",\"url\":\"https:\\\/\\\/www.cc3rivieres76.com\\\/blog\\\/\",\"name\":\"CC3RIVIERES76\",\"description\":\"Les 3 rivi\u00e8res dans la Somme.\",\"publisher\":{\"@id\":\"https:\\\/\\\/www.cc3rivieres76.com\\\/blog\\\/#organization\"},\"potentialAction\":[{\"@type\":\"SearchAction\",\"target\":{\"@type\":\"EntryPoint\",\"urlTemplate\":\"https:\\\/\\\/www.cc3rivieres76.com\\\/blog\\\/?s={search_term_string}\"},\"query-input\":{\"@type\":\"PropertyValueSpecification\",\"valueRequired\":true,\"valueName\":\"search_term_string\"}}],\"inLanguage\":\"fr-FR\"},{\"@type\":\"Organization\",\"@id\":\"https:\\\/\\\/www.cc3rivieres76.com\\\/blog\\\/#organization\",\"name\":\"cc3rivieres76\",\"url\":\"https:\\\/\\\/www.cc3rivieres76.com\\\/blog\\\/\",\"logo\":{\"@type\":\"ImageObject\",\"inLanguage\":\"fr-FR\",\"@id\":\"https:\\\/\\\/www.cc3rivieres76.com\\\/blog\\\/#\\\/schema\\\/logo\\\/image\\\/\",\"url\":\"https:\\\/\\\/www.cc3rivieres76.com\\\/blog\\\/wp-content\\\/uploads\\\/2023\\\/06\\\/logo-2.png\",\"contentUrl\":\"https:\\\/\\\/www.cc3rivieres76.com\\\/blog\\\/wp-content\\\/uploads\\\/2023\\\/06\\\/logo-2.png\",\"width\":390,\"height\":388,\"caption\":\"cc3rivieres76\"},\"image\":{\"@id\":\"https:\\\/\\\/www.cc3rivieres76.com\\\/blog\\\/#\\\/schema\\\/logo\\\/image\\\/\"}},{\"@type\":\"Person\",\"@id\":\"https:\\\/\\\/www.cc3rivieres76.com\\\/blog\\\/#\\\/schema\\\/person\\\/474d457fb7747b5218f39792dfaa5a1c\",\"name\":\"Sylvie DE LAUZAINGHEIN\",\"image\":{\"@type\":\"ImageObject\",\"inLanguage\":\"fr-FR\",\"@id\":\"https:\\\/\\\/secure.gravatar.com\\\/avatar\\\/9c6a53b19e0a3431aa80de0895b9729fe665cd7e7d6cc94fc11abb152f4237d7?s=96&d=mm&r=g\",\"url\":\"https:\\\/\\\/secure.gravatar.com\\\/avatar\\\/9c6a53b19e0a3431aa80de0895b9729fe665cd7e7d6cc94fc11abb152f4237d7?s=96&d=mm&r=g\",\"contentUrl\":\"https:\\\/\\\/secure.gravatar.com\\\/avatar\\\/9c6a53b19e0a3431aa80de0895b9729fe665cd7e7d6cc94fc11abb152f4237d7?s=96&d=mm&r=g\",\"caption\":\"Sylvie DE LAUZAINGHEIN\"},\"url\":\"https:\\\/\\\/www.cc3rivieres76.com\\\/blog\\\/author\\\/s76sylvie\\\/\"}]}<\/script>\n<!-- \/ Yoast SEO plugin. -->","yoast_head_json":{"title":"Actus france: l'\u00c9tat fran\u00e7ais \u00e0 la rescousse - CC3RIVIERES76","robots":{"index":"index","follow":"follow","max-snippet":"max-snippet:-1","max-image-preview":"max-image-preview:large","max-video-preview":"max-video-preview:-1"},"canonical":"https:\/\/www.cc3rivieres76.com\/blog\/actus-france-letat-francais-a-la-rescousse\/","og_locale":"fr_FR","og_type":"article","og_title":"Actus france: l'\u00c9tat fran\u00e7ais \u00e0 la rescousse - CC3RIVIERES76","og_description":"Ancien fleuron du secteur informatique, le groupe fran\u00e7ais Atos est en grande difficult\u00e9 depuis plusieurs mois et cherche un repreneur pour \u00e9chapper \u00e0 la faillite. Le gouvernement s&rsquo;est port\u00e9 candidat ce week-end pour racheter ses activit\u00e9s strat\u00e9giques et de d\u00e9fense. Publi\u00e9 le : 29\/04\/2024 \u2013 18:04 4 minutes Depuis un an, le groupe Atos a &hellip; Continuer la lecture \u00ab\u00a0Actus france: l&rsquo;\u00c9tat fran\u00e7ais \u00e0 la rescousse\u00a0\u00bb","og_url":"https:\/\/www.cc3rivieres76.com\/blog\/actus-france-letat-francais-a-la-rescousse\/","og_site_name":"CC3RIVIERES76","article_published_time":"2024-04-29T17:03:10+00:00","og_image":[{"url":"https:\/\/www.cc3rivieres76.com\/blog\/wp-content\/uploads\/2024\/04\/actus-france-letat-francais-a-la-rescousse.jpg","type":"","width":"","height":""}],"author":"Sylvie DE LAUZAINGHEIN","twitter_card":"summary_large_image","twitter_misc":{"\u00c9crit par":"Sylvie DE LAUZAINGHEIN","Dur\u00e9e de lecture estim\u00e9e":"5 minutes"},"schema":{"@context":"https:\/\/schema.org","@graph":[{"@type":"Article","@id":"https:\/\/www.cc3rivieres76.com\/blog\/actus-france-letat-francais-a-la-rescousse\/#article","isPartOf":{"@id":"https:\/\/www.cc3rivieres76.com\/blog\/actus-france-letat-francais-a-la-rescousse\/"},"author":{"name":"Sylvie DE LAUZAINGHEIN","@id":"https:\/\/www.cc3rivieres76.com\/blog\/#\/schema\/person\/474d457fb7747b5218f39792dfaa5a1c"},"headline":"Actus france: l&rsquo;\u00c9tat fran\u00e7ais \u00e0 la rescousse","datePublished":"2024-04-29T17:03:10+00:00","mainEntityOfPage":{"@id":"https:\/\/www.cc3rivieres76.com\/blog\/actus-france-letat-francais-a-la-rescousse\/"},"wordCount":972,"publisher":{"@id":"https:\/\/www.cc3rivieres76.com\/blog\/#organization"},"image":{"@id":"https:\/\/www.cc3rivieres76.com\/blog\/actus-france-letat-francais-a-la-rescousse\/#primaryimage"},"thumbnailUrl":"https:\/\/www.cc3rivieres76.com\/blog\/wp-content\/uploads\/2024\/04\/actus-france-letat-francais-a-la-rescousse.jpg","articleSection":["Les 3 Rivi\u00e8res Dans La Somme:"],"inLanguage":"fr-FR"},{"@type":"WebPage","@id":"https:\/\/www.cc3rivieres76.com\/blog\/actus-france-letat-francais-a-la-rescousse\/","url":"https:\/\/www.cc3rivieres76.com\/blog\/actus-france-letat-francais-a-la-rescousse\/","name":"Actus france: l'\u00c9tat fran\u00e7ais \u00e0 la rescousse - CC3RIVIERES76","isPartOf":{"@id":"https:\/\/www.cc3rivieres76.com\/blog\/#website"},"primaryImageOfPage":{"@id":"https:\/\/www.cc3rivieres76.com\/blog\/actus-france-letat-francais-a-la-rescousse\/#primaryimage"},"image":{"@id":"https:\/\/www.cc3rivieres76.com\/blog\/actus-france-letat-francais-a-la-rescousse\/#primaryimage"},"thumbnailUrl":"https:\/\/www.cc3rivieres76.com\/blog\/wp-content\/uploads\/2024\/04\/actus-france-letat-francais-a-la-rescousse.jpg","datePublished":"2024-04-29T17:03:10+00:00","breadcrumb":{"@id":"https:\/\/www.cc3rivieres76.com\/blog\/actus-france-letat-francais-a-la-rescousse\/#breadcrumb"},"inLanguage":"fr-FR","potentialAction":[{"@type":"ReadAction","target":["https:\/\/www.cc3rivieres76.com\/blog\/actus-france-letat-francais-a-la-rescousse\/"]}]},{"@type":"ImageObject","inLanguage":"fr-FR","@id":"https:\/\/www.cc3rivieres76.com\/blog\/actus-france-letat-francais-a-la-rescousse\/#primaryimage","url":"https:\/\/www.cc3rivieres76.com\/blog\/wp-content\/uploads\/2024\/04\/actus-france-letat-francais-a-la-rescousse.jpg","contentUrl":"https:\/\/www.cc3rivieres76.com\/blog\/wp-content\/uploads\/2024\/04\/actus-france-letat-francais-a-la-rescousse.jpg","width":1024,"height":576,"caption":"Actus france: l'\u00c9tat fran\u00e7ais \u00e0 la rescousse"},{"@type":"BreadcrumbList","@id":"https:\/\/www.cc3rivieres76.com\/blog\/actus-france-letat-francais-a-la-rescousse\/#breadcrumb","itemListElement":[{"@type":"ListItem","position":1,"name":"Accueil","item":"https:\/\/www.cc3rivieres76.com\/blog\/"},{"@type":"ListItem","position":2,"name":"Actus france: l&rsquo;\u00c9tat fran\u00e7ais \u00e0 la rescousse"}]},{"@type":"WebSite","@id":"https:\/\/www.cc3rivieres76.com\/blog\/#website","url":"https:\/\/www.cc3rivieres76.com\/blog\/","name":"CC3RIVIERES76","description":"Les 3 rivi\u00e8res dans la Somme.","publisher":{"@id":"https:\/\/www.cc3rivieres76.com\/blog\/#organization"},"potentialAction":[{"@type":"SearchAction","target":{"@type":"EntryPoint","urlTemplate":"https:\/\/www.cc3rivieres76.com\/blog\/?s={search_term_string}"},"query-input":{"@type":"PropertyValueSpecification","valueRequired":true,"valueName":"search_term_string"}}],"inLanguage":"fr-FR"},{"@type":"Organization","@id":"https:\/\/www.cc3rivieres76.com\/blog\/#organization","name":"cc3rivieres76","url":"https:\/\/www.cc3rivieres76.com\/blog\/","logo":{"@type":"ImageObject","inLanguage":"fr-FR","@id":"https:\/\/www.cc3rivieres76.com\/blog\/#\/schema\/logo\/image\/","url":"https:\/\/www.cc3rivieres76.com\/blog\/wp-content\/uploads\/2023\/06\/logo-2.png","contentUrl":"https:\/\/www.cc3rivieres76.com\/blog\/wp-content\/uploads\/2023\/06\/logo-2.png","width":390,"height":388,"caption":"cc3rivieres76"},"image":{"@id":"https:\/\/www.cc3rivieres76.com\/blog\/#\/schema\/logo\/image\/"}},{"@type":"Person","@id":"https:\/\/www.cc3rivieres76.com\/blog\/#\/schema\/person\/474d457fb7747b5218f39792dfaa5a1c","name":"Sylvie DE LAUZAINGHEIN","image":{"@type":"ImageObject","inLanguage":"fr-FR","@id":"https:\/\/secure.gravatar.com\/avatar\/9c6a53b19e0a3431aa80de0895b9729fe665cd7e7d6cc94fc11abb152f4237d7?s=96&d=mm&r=g","url":"https:\/\/secure.gravatar.com\/avatar\/9c6a53b19e0a3431aa80de0895b9729fe665cd7e7d6cc94fc11abb152f4237d7?s=96&d=mm&r=g","contentUrl":"https:\/\/secure.gravatar.com\/avatar\/9c6a53b19e0a3431aa80de0895b9729fe665cd7e7d6cc94fc11abb152f4237d7?s=96&d=mm&r=g","caption":"Sylvie DE LAUZAINGHEIN"},"url":"https:\/\/www.cc3rivieres76.com\/blog\/author\/s76sylvie\/"}]}},"_links":{"self":[{"href":"https:\/\/www.cc3rivieres76.com\/blog\/wp-json\/wp\/v2\/posts\/350","targetHints":{"allow":["GET"]}}],"collection":[{"href":"https:\/\/www.cc3rivieres76.com\/blog\/wp-json\/wp\/v2\/posts"}],"about":[{"href":"https:\/\/www.cc3rivieres76.com\/blog\/wp-json\/wp\/v2\/types\/post"}],"author":[{"embeddable":true,"href":"https:\/\/www.cc3rivieres76.com\/blog\/wp-json\/wp\/v2\/users\/3"}],"replies":[{"embeddable":true,"href":"https:\/\/www.cc3rivieres76.com\/blog\/wp-json\/wp\/v2\/comments?post=350"}],"version-history":[{"count":0,"href":"https:\/\/www.cc3rivieres76.com\/blog\/wp-json\/wp\/v2\/posts\/350\/revisions"}],"wp:featuredmedia":[{"embeddable":true,"href":"https:\/\/www.cc3rivieres76.com\/blog\/wp-json\/wp\/v2\/media\/351"}],"wp:attachment":[{"href":"https:\/\/www.cc3rivieres76.com\/blog\/wp-json\/wp\/v2\/media?parent=350"}],"wp:term":[{"taxonomy":"category","embeddable":true,"href":"https:\/\/www.cc3rivieres76.com\/blog\/wp-json\/wp\/v2\/categories?post=350"},{"taxonomy":"post_tag","embeddable":true,"href":"https:\/\/www.cc3rivieres76.com\/blog\/wp-json\/wp\/v2\/tags?post=350"}],"curies":[{"name":"wp","href":"https:\/\/api.w.org\/{rel}","templated":true}]}}