{"id":354,"date":"2024-05-05T18:02:00","date_gmt":"2024-05-05T16:02:00","guid":{"rendered":"https:\/\/www.site.cdcl.xyz\/2024\/05\/05\/actualites-france-les-heritiers-de-la-brise-de-mer-devant-les-assises-france\/"},"modified":"2024-05-05T18:02:00","modified_gmt":"2024-05-05T16:02:00","slug":"actualites-france-les-heritiers-de-la-brise-de-mer-devant-les-assises-france","status":"publish","type":"post","link":"https:\/\/www.cc3rivieres76.com\/blog\/actualites-france-les-heritiers-de-la-brise-de-mer-devant-les-assises-france\/","title":{"rendered":"Actualit\u00e9s France: les \u00ab\u00a0h\u00e9ritiers de la Brise de mer\u00a0\u00bb devant les assises #France"},"content":{"rendered":"\n<p>Voil\u00e0 qui va vous plaire : Un nouveau post que nous venons de trouver sur internet et que nous vous reproduisons ci-dessous. Le sujet est \u00ab&nbsp;Actualit\u00e9 fran\u00e7aise&nbsp;\u00bb.<\/p>\n<h2>\nDiffus\u00e9 sur Le Point \u2013 Toute l&rsquo;info en continu, l\u2019article ci-dessous<\/h2>\n<p><u>Signature . <\/u><\/p>\n<p><u>Date et heure de la r\u00e9ception de la d\u00e9p\u00e9che sur notre fil d\u2019info:<\/u><strong><span id=\"date\"><\/span><\/strong><\/p>\n<p><u>Date et heure de publication sur internet:<\/u> <strong><span id=\"datecrea\"><\/span><\/strong><\/p>\n<p><u>Titre exacte donn\u00e9 par le journal \u00e9tait:<\/u> <strong>les \u00ab&nbsp;h\u00e9ritiers de la Brise de mer&nbsp;\u00bb devant les assises<\/strong><\/p>\n<p><u>Information et contenu publi\u00e9s :<\/u><\/p>\n<p><img decoding=\"async\" src=\"https:\/\/www.cc3rivieres76.com\/blog\/wp-content\/uploads\/2024\/05\/actualites-france-les-heritiers-de-la-brise-de-mer-devant-les-assises-france.jpg\"><\/p>\n<div id=\"contenu\"> <!-- include t_www_2023\/pages\/article\/blocs\/tag_pub.tpl --><br \/><!-- include \/t_www_2023\/pages\/article\/blocs\/tag_pub.tpl --><\/p>\n<p><span class=\"dflt-txt__lettrine\">\u00ab&nbsp;C<\/span>e n\u2019est rien, c\u2019est un film&nbsp;\u00bb, avait lanc\u00e9 \u00e0 deux t\u00e9moins stup\u00e9faits le chauffeur d\u2019une Golf noire dans laquelle s\u2019appr\u00eate \u00e0 monter l\u2019auteur de la sanglante fusillade qui vient de se produire sur le parking de l\u2019a\u00e9roport de Bastia Poretta (Haute-Corse), ce 5&nbsp;d\u00e9cembre 2017. Quelques m\u00e8tres plus loin, deux barons du banditisme insulaire gisent au sol, dans une mare de sang.<\/p>\n<section class=\"mbl txtcenter\">\n<div id=\"newsletter\" class=\"bloc-1 title-top\">\n<span class=\"h2\">Le point du soir<\/span><\/p>\n<div class=\"step-1\">\n<p class=\"period\">Tous les soirs \u00e0 partir de 18h<\/p>\n<p>Recevez l\u2019information analys\u00e9e et d\u00e9crypt\u00e9e par la r\u00e9daction du Point.<\/p>\n<\/div>\n<div class=\"step-2\">\n<p>Merci !<br \/>Votre inscription a bien \u00e9t\u00e9 prise en compte avec l\u2019adresse email :<br \/><span class=\"email-sended\"><\/span><\/p>\n<p>Pour d\u00e9couvrir toutes nos autres newsletters, rendez-vous ici : MonCompte<\/p>\n<\/div>\n<p>En vous inscrivant, vous acceptez les conditions g\u00e9n\u00e9rales d\u2019utilisations et notre politique de confidentialit\u00e9.<\/p>\n<\/div>\n<p>Le propos du conducteur ne sera finalement pas qu\u2019une diversion, tant l\u2019affaire qui s\u2019est nou\u00e9e en cette fin de matin\u00e9e a nourri la fiction. Elle a inspir\u00e9 un livre-enqu\u00eate, tir\u00e9 de l\u2019instruction, et surtout un film, <em>Borgo<\/em>, nimb\u00e9 d\u2019une aura pol\u00e9mique qui n\u2019en finit plus de tenir l\u2019\u00eele en haleine, \u00e0 la veille d\u2019un proc\u00e8s qui s\u2019annonce retentissant.<\/p>\n<p>Pendant deux mois, \u00e0 compter du 6&nbsp;mai, les jur\u00e9s de la cour d\u2019assises des Bouches-du-Rh\u00f4ne vont se pencher sur une vendetta m\u00fbrie dans la t\u00eate d\u2019orphelins rong\u00e9s par une haine recuite. Celle qui a pr\u00e9cipit\u00e9 la mort violente d\u2019Antoine Quilichini, dit \u00ab&nbsp;Tony le Boucher&nbsp;\u00bb, 49&nbsp;ans, et de Jean-Luc Codaccioni, 54&nbsp;ans, tous deux pris pour cibles devant l\u2019a\u00e9rogare par un commando lourdement arm\u00e9 et bien renseign\u00e9. Le premier, atteint d\u2019au moins&nbsp;21&nbsp;tirs d\u2019arme \u00e0 feu, \u00e9tait sorti de prison deux semaines plus t\u00f4t. Dans une BMW blind\u00e9e, il venait r\u00e9cup\u00e9rer son ami, tout juste d\u00e9barqu\u00e9 de l\u2019avion en provenance de Paris, qui devait regagner le soir m\u00eame la prison de Borgo (Haute-Corse), au terme de cinq jours de permission.<\/p>\n<section class=\"mbl txtcenter\">\n<h2><strong>\u00ab&nbsp;Une nouvelle \u00e9tape de l\u2019histoire criminelle corse&nbsp;\u00bb<\/strong><\/h2>\n<p>Dans leur ordonnance de mise en accusation, que <em>Le Point<\/em> a pu consulter, les juges de la juridiction interr\u00e9gionale sp\u00e9cialis\u00e9e (Jirs) de Marseille renvoient&nbsp;16&nbsp;accus\u00e9s devant la justice. Il s\u2019agit, selon les magistrats, des auteurs et complices de ce double assassinat, et d\u2019une dizaine d\u2019affid\u00e9s \u00ab&nbsp;\u00e0 la loyaut\u00e9 ind\u00e9fectible&nbsp;\u00bb, qui auraient apport\u00e9 leur concours \u00e0 la r\u00e9alisation de ce projet criminel. L\u2019enqu\u00eate identifiera rapidement parmi les protagonistes de ce sc\u00e9nario digne d\u2019un roman noir&nbsp;l\u2019implication d\u2019une surveillante de la prison de Borgo, Cathy S\u00e9n\u00e9chal.<\/p>\n<p>En poste \u00e0 la maison d\u2019arr\u00eat depuis deux ans, cette m\u00e8re de cinq enfants avait d\u00e9sign\u00e9 les deux victimes du commando par un \u00ab&nbsp;baiser.&nbsp;\u00bb En embrassant Jean-Luc Codaccioni et Antoine Quilichini sur le parking, cette matonne de 48&nbsp;ans aurait donn\u00e9 le top d\u00e9part de l\u2019op\u00e9ration, selon les juges. Dans cette affaire atypique, d\u00e9crite comme \u00ab&nbsp;une nouvelle \u00e9tape de l\u2019histoire criminelle corse&nbsp;\u00bb, les magistrats attribuent \u00e0 Christophe Guazzelli, 32&nbsp;ans, un \u00ab&nbsp;r\u00f4le central&nbsp;\u00bb. Celui du tireur dont le visage \u00e9tait couvert d\u2019un masque en latex.<\/p>\n<p>Avec son fr\u00e8re Richard, 34&nbsp;ans, pr\u00e9sent\u00e9 comme le \u00ab&nbsp;codirecteur de cette enqu\u00eate criminelle&nbsp;\u00bb, renvoy\u00e9 lui aussi pour \u00ab&nbsp;assassinat en bande organis\u00e9e&nbsp;\u00bb, il aurait foment\u00e9 ce double homicide pour venger la mort de leur p\u00e8re, Francis Guazzelli, tu\u00e9 par un feu nourri alors qu\u2019il circulait \u00e0 bord de son 4X4 pour aller \u00e0 la chasse, un matin de novembre&nbsp;2009. L\u2019assassinat de ce pilier du gang dit de la \u00ab&nbsp;Brise de mer&nbsp;\u00bb, qui a r\u00e9gn\u00e9 sans partage sur la Haute-Corse jusqu\u2019\u00e0 la fin des ann\u00e9es 2000, s\u2019inscrivait, selon les magistrats, dans une s\u00e9rie de r\u00e8glements de comptes entre bandes rivales dans le milieu insulaire.<\/p>\n<h2><strong>\u00ab&nbsp;On se venge comme les grands de ce monde&nbsp;\u00bb<\/strong><\/h2>\n<p>Si les deux fr\u00e8res ont pr\u00e9f\u00e9r\u00e9 garder le silence durant l\u2019instruction, les enqu\u00eateurs ont r\u00e9ussi \u2013 par une prouesse informatique in\u00e9dite \u00e0 l\u2019\u00e9poque \u2013 \u00e0 faire parler leurs t\u00e9l\u00e9phones. Les messages \u00e9chang\u00e9s par les protagonistes de cette affaire, tous munis de t\u00e9l\u00e9phones PGP, alors r\u00e9put\u00e9s inviolables, ont pu \u00eatre d\u00e9crypt\u00e9s par les policiers. Dans des \u00e9crits retrac\u00e9s par les enqu\u00eateurs, Christophe Guazzelli se r\u00e9jouit d\u2019avoir \u00ab&nbsp;fait tomber deux parrains&nbsp;\u00bb. Il revendique m\u00eame cette vendetta&nbsp;aupr\u00e8s d\u2019un autre accus\u00e9, Ange-Marie Michelosi, dont le p\u00e8re a lui aussi \u00e9t\u00e9 tu\u00e9, en juillet&nbsp;2008, sur la rive sud du golfe d\u2019Ajaccio&nbsp;: \u00ab&nbsp;On se venge comme les grands de ce monde.&nbsp;\u00bb<\/p>\n<section class=\"mbl txtcenter\">\n<p>Celui que la justice d\u00e9crit comme le personnage central de ce projet criminel va m\u00eame jusqu\u2019\u00e0 donner des d\u00e9tails sur les minutes pr\u00e9c\u00e9dant les assassinats. Il s\u2019en f\u00e9licite dans des messages aupr\u00e8s de Jacques Mariani, une figure du banditisme insulaire, dont le p\u00e8re, Francis, fondateur de la Brise de mer, a \u00e9t\u00e9 tu\u00e9 en janvier&nbsp;2009 dans l\u2019\u00e9trange explosion d\u2019un hangar, \u00e0 Casevecchie (Haute-Corse). \u00ab&nbsp;Je vais t\u2019expliquer, fr\u00e8re, la vengeance je l\u2019ai, \u00e9crit Christophe Guazzelli. Personne n\u2019a cru en moi. Maintenant que j\u2019ai rendu toute sa puissance \u00e0 \u201cta Brise&nbsp;\u00bb, tu peux parler en mon nom.&nbsp;\u00bb<\/p>\n<p>D\u00e9tenu \u00e0 l\u2019\u00e9poque des faits, Jacques Mariani, 58&nbsp;ans, dont plus de&nbsp;35&nbsp;pass\u00e9s derri\u00e8re les barreaux, est lui aussi renvoy\u00e9 aux assises pour \u00ab&nbsp;association de malfaiteurs&nbsp;\u00bb. Il aurait jou\u00e9, selon les juges, un r\u00f4le de conseil et de d\u00e9signation d\u2019autres victimes dans ce qui est pr\u00e9sent\u00e9 comme le premier acte d\u2019un vaste projet d\u2019\u00e9limination du clan adverse, plac\u00e9 sous le patronage d\u2019un baron de la voyoucratie corso-africaine, Jean-Luc Germani, dont les deux victimes \u00e9taient des proches.<\/p>\n<h2><strong>Un projet \u00ab&nbsp;d\u2019\u00e9radication&nbsp;\u00bb du clan Germani<\/strong><\/h2>\n<p>Un projet que les magistrats de la Jirs d\u00e9crivent au long cours des&nbsp;386&nbsp;pages de leur ordonnance de mise en accusation&nbsp;: \u00ab&nbsp;Du fait de la disparition de leurs p\u00e8res, qu\u2019ils attribuent aux membres du clan Germani, Richard et Christophe Guazzelli, Ange-Marie Michelosi et Jacques Mariani, aid\u00e9s par d\u2019autres, ont eu le souci de venger les pertes de leurs proches et d\u2019organiser non seulement les assassinats de membres importants [de ce gang criminel], mais aussi de proc\u00e9der \u00e0 son \u00e9radication totale.&nbsp;\u00bb<\/p>\n<section class=\"mbl txtcenter\">\n<p>Apr\u00e8s Jean-Luc Codaccioni et Antoine Quilichini, d\u2019autres homicides \u00e9taient projet\u00e9s contre le clan Germani. Une affaire connexe, jug\u00e9e en juin&nbsp;2022 par le tribunal correctionnel de Marseille, a mis en lumi\u00e8re l\u2019organisation d\u2019un vaste trafic de stup\u00e9fiants, cens\u00e9 permettre le financement de la mise en fuite de personnes concern\u00e9es par la commission de ces assassinats. Apr\u00e8s le double homicide de Poretta, la matonne avait notamment \u00e9t\u00e9&nbsp;missionn\u00e9e pour empoisonner dans sa cellule un autre membre pr\u00e9sum\u00e9 du clan adverse, St\u00e9phane Luciani, alors d\u00e9tenu \u00e0 Borgo.<\/p>\n<p>Dans les \u00e9changes retrac\u00e9s via PGP, il est aussi question d\u2019assassiner Paul Canarelli, propri\u00e9taire du luxueux domaine de Murtoli, un pilier du gang des Africains, Fr\u00e9d\u00e9ric Federici, ou encore Jean-Luc Germani lui-m\u00eame. L\u2019arrestation des \u00ab&nbsp;orphelins&nbsp;\u00bb de la Brise de mer aura permis de mettre un terme \u00e0 ce funeste projet. Au cours de leurs interrogatoires, les protagonistes du double assassinat ont gard\u00e9 le silence. Le briseront-ils \u00e0 l\u2019audience&nbsp;?<\/p>\n<\/section>\n<\/section>\n<\/section>\n<\/section>\n<\/div>\n<p> <img decoding=\"async\" src=\"https:\/\/www.cc3rivieres76.com\/blog\/wp-content\/uploads\/2024\/05\/actualites-france-les-heritiers-de-la-brise-de-mer-devant-les-assises-france.jpg\" alt=\"les \u00ab&nbsp;h\u00e9ritiers de la Brise de mer&nbsp;\u00bb devant les assises\"><\/p>\n<p>#les #h\u00e9ritiers #Brise #mer #devant #les #assises<\/p>\n<p>Reprise de l\u2019information dans un style journalistique professionnel descriptif en organisant les id\u00e9es dans un ordre coh\u00e9rent avec titres html <\/p>\n<p>Ouvrages sur un propos semblable:<\/p>\n<p>Il \u00e9tait une fois en France t.6 ; la terre promise.,<a href=\"https:\/\/images.epagine.fr\/992\/9782723484992_1_m.jpg\" target=\"_blank\" rel=\"noopener noreferrer nofollow\">Lien sur la fiche de librairie<\/a><span><\/span>.<\/p>\n<p>Palais des Beaux-Arts de Lille\/WikiMuseum (projet mis en lanc\u00e9 en octobre 2016).,<a href=\"https:\/\/fr.wikibooks.org\/wiki\/Palais_des_Beaux-Arts_de_Lille\/WikiMuseum_(projet_mis_en_lanc%C3%A9_en_octobre_2016)\" target=\"_blank\" rel=\"noopener noreferrer nofollow\">Pr\u00e9sentation de l\u2019ouvrage<\/a><span><\/span>.<\/p>\n<p> Cet article, qui traite du th\u00e8me \u00ab\u00a0Les 3 rivi\u00e8res dans la Somme\u00a0\u00bb, vous est sp\u00e9cialement sugg\u00e9r\u00e9 par cc3rivieres76.com. La chronique est reproduite du mieux possible. Dans le cas o\u00f9 vous souhaitez apporter quelques pr\u00e9cisions concernant le domaine de \u00ab\u00a0Les 3 rivi\u00e8res dans la Somme\u00a0\u00bb vous pouvez solliciter notre r\u00e9daction. La destination de cc3rivieres76.com est de d\u00e9battre de Les 3 rivi\u00e8res dans la Somme dans la transparence en vous apportant la connaissance de tout ce qui est en lien avec ce sujet sur la toile Connectez-vous sur notre site cc3rivieres76.com et nos r\u00e9seaux sociaux dans le but d\u2019\u00eatre inform\u00e9 des futures publications.<\/p>\n","protected":false},"excerpt":{"rendered":"<p>Voil\u00e0 qui va vous plaire : Un nouveau post que nous venons de trouver sur internet et que nous vous reproduisons ci-dessous. Le sujet est \u00ab&nbsp;Actualit\u00e9 fran\u00e7aise&nbsp;\u00bb. Diffus\u00e9 sur Le Point \u2013 Toute l&rsquo;info en continu, l\u2019article ci-dessous Signature . Date et heure de la r\u00e9ception de la d\u00e9p\u00e9che sur notre fil d\u2019info: Date et &hellip; <\/p>\n<p class=\"link-more\"><a href=\"https:\/\/www.cc3rivieres76.com\/blog\/actualites-france-les-heritiers-de-la-brise-de-mer-devant-les-assises-france\/\" class=\"more-link\">Continuer la lecture <span class=\"screen-reader-text\"> \u00ab\u00a0Actualit\u00e9s France: les \u00ab\u00a0h\u00e9ritiers de la Brise de mer\u00a0\u00bb devant les assises #France\u00a0\u00bb<\/span><\/a><\/p>\n","protected":false},"author":3,"featured_media":355,"comment_status":"closed","ping_status":"closed","sticky":false,"template":"","format":"standard","meta":{"footnotes":""},"categories":[2],"tags":[],"class_list":["post-354","post","type-post","status-publish","format-standard","has-post-thumbnail","hentry","category-les-3-rivieres-dans-la-somme","entry"],"yoast_head":"<!-- This site is optimized with the Yoast SEO plugin v27.5 - https:\/\/yoast.com\/product\/yoast-seo-wordpress\/ -->\n<title>Actualit\u00e9s France: les \u00ab\u00a0h\u00e9ritiers de la Brise de mer\u00a0\u00bb devant les assises #France - CC3RIVIERES76<\/title>\n<meta name=\"robots\" content=\"index, follow, max-snippet:-1, max-image-preview:large, max-video-preview:-1\" \/>\n<link rel=\"canonical\" href=\"https:\/\/www.cc3rivieres76.com\/blog\/actualites-france-les-heritiers-de-la-brise-de-mer-devant-les-assises-france\/\" \/>\n<meta property=\"og:locale\" content=\"fr_FR\" \/>\n<meta property=\"og:type\" content=\"article\" \/>\n<meta property=\"og:title\" content=\"Actualit\u00e9s France: les \u00ab\u00a0h\u00e9ritiers de la Brise de mer\u00a0\u00bb devant les assises #France - CC3RIVIERES76\" \/>\n<meta property=\"og:description\" content=\"Voil\u00e0 qui va vous plaire : Un nouveau post que nous venons de trouver sur internet et que nous vous reproduisons ci-dessous. Le sujet est \u00ab&nbsp;Actualit\u00e9 fran\u00e7aise&nbsp;\u00bb. Diffus\u00e9 sur Le Point \u2013 Toute l&rsquo;info en continu, l\u2019article ci-dessous Signature . Date et heure de la r\u00e9ception de la d\u00e9p\u00e9che sur notre fil d\u2019info: Date et &hellip; Continuer la lecture \u00ab\u00a0Actualit\u00e9s France: les \u00ab\u00a0h\u00e9ritiers de la Brise de mer\u00a0\u00bb devant les assises #France\u00a0\u00bb\" \/>\n<meta property=\"og:url\" content=\"https:\/\/www.cc3rivieres76.com\/blog\/actualites-france-les-heritiers-de-la-brise-de-mer-devant-les-assises-france\/\" \/>\n<meta property=\"og:site_name\" content=\"CC3RIVIERES76\" \/>\n<meta property=\"article:published_time\" content=\"2024-05-05T16:02:00+00:00\" \/>\n<meta property=\"og:image\" content=\"https:\/\/www.cc3rivieres76.com\/blog\/wp-content\/uploads\/2024\/05\/actualites-france-les-heritiers-de-la-brise-de-mer-devant-les-assises-france.jpg\" \/>\n<meta name=\"author\" content=\"Sylvie DE LAUZAINGHEIN\" \/>\n<meta name=\"twitter:card\" content=\"summary_large_image\" \/>\n<meta name=\"twitter:label1\" content=\"\u00c9crit par\" \/>\n\t<meta name=\"twitter:data1\" content=\"Sylvie DE LAUZAINGHEIN\" \/>\n\t<meta name=\"twitter:label2\" content=\"Dur\u00e9e de lecture estim\u00e9e\" \/>\n\t<meta name=\"twitter:data2\" content=\"8 minutes\" \/>\n<script type=\"application\/ld+json\" class=\"yoast-schema-graph\">{\"@context\":\"https:\\\/\\\/schema.org\",\"@graph\":[{\"@type\":\"Article\",\"@id\":\"https:\\\/\\\/www.cc3rivieres76.com\\\/blog\\\/actualites-france-les-heritiers-de-la-brise-de-mer-devant-les-assises-france\\\/#article\",\"isPartOf\":{\"@id\":\"https:\\\/\\\/www.cc3rivieres76.com\\\/blog\\\/actualites-france-les-heritiers-de-la-brise-de-mer-devant-les-assises-france\\\/\"},\"author\":{\"name\":\"Sylvie DE LAUZAINGHEIN\",\"@id\":\"https:\\\/\\\/www.cc3rivieres76.com\\\/blog\\\/#\\\/schema\\\/person\\\/474d457fb7747b5218f39792dfaa5a1c\"},\"headline\":\"Actualit\u00e9s France: les \u00ab\u00a0h\u00e9ritiers de la Brise de mer\u00a0\u00bb devant les assises #France\",\"datePublished\":\"2024-05-05T16:02:00+00:00\",\"mainEntityOfPage\":{\"@id\":\"https:\\\/\\\/www.cc3rivieres76.com\\\/blog\\\/actualites-france-les-heritiers-de-la-brise-de-mer-devant-les-assises-france\\\/\"},\"wordCount\":1601,\"publisher\":{\"@id\":\"https:\\\/\\\/www.cc3rivieres76.com\\\/blog\\\/#organization\"},\"image\":{\"@id\":\"https:\\\/\\\/www.cc3rivieres76.com\\\/blog\\\/actualites-france-les-heritiers-de-la-brise-de-mer-devant-les-assises-france\\\/#primaryimage\"},\"thumbnailUrl\":\"https:\\\/\\\/www.cc3rivieres76.com\\\/blog\\\/wp-content\\\/uploads\\\/2024\\\/05\\\/actualites-france-les-heritiers-de-la-brise-de-mer-devant-les-assises-france.jpg\",\"articleSection\":[\"Les 3 Rivi\u00e8res Dans La Somme:\"],\"inLanguage\":\"fr-FR\"},{\"@type\":\"WebPage\",\"@id\":\"https:\\\/\\\/www.cc3rivieres76.com\\\/blog\\\/actualites-france-les-heritiers-de-la-brise-de-mer-devant-les-assises-france\\\/\",\"url\":\"https:\\\/\\\/www.cc3rivieres76.com\\\/blog\\\/actualites-france-les-heritiers-de-la-brise-de-mer-devant-les-assises-france\\\/\",\"name\":\"Actualit\u00e9s France: les \u00ab\u00a0h\u00e9ritiers de la Brise de mer\u00a0\u00bb devant les assises #France - CC3RIVIERES76\",\"isPartOf\":{\"@id\":\"https:\\\/\\\/www.cc3rivieres76.com\\\/blog\\\/#website\"},\"primaryImageOfPage\":{\"@id\":\"https:\\\/\\\/www.cc3rivieres76.com\\\/blog\\\/actualites-france-les-heritiers-de-la-brise-de-mer-devant-les-assises-france\\\/#primaryimage\"},\"image\":{\"@id\":\"https:\\\/\\\/www.cc3rivieres76.com\\\/blog\\\/actualites-france-les-heritiers-de-la-brise-de-mer-devant-les-assises-france\\\/#primaryimage\"},\"thumbnailUrl\":\"https:\\\/\\\/www.cc3rivieres76.com\\\/blog\\\/wp-content\\\/uploads\\\/2024\\\/05\\\/actualites-france-les-heritiers-de-la-brise-de-mer-devant-les-assises-france.jpg\",\"datePublished\":\"2024-05-05T16:02:00+00:00\",\"breadcrumb\":{\"@id\":\"https:\\\/\\\/www.cc3rivieres76.com\\\/blog\\\/actualites-france-les-heritiers-de-la-brise-de-mer-devant-les-assises-france\\\/#breadcrumb\"},\"inLanguage\":\"fr-FR\",\"potentialAction\":[{\"@type\":\"ReadAction\",\"target\":[\"https:\\\/\\\/www.cc3rivieres76.com\\\/blog\\\/actualites-france-les-heritiers-de-la-brise-de-mer-devant-les-assises-france\\\/\"]}]},{\"@type\":\"ImageObject\",\"inLanguage\":\"fr-FR\",\"@id\":\"https:\\\/\\\/www.cc3rivieres76.com\\\/blog\\\/actualites-france-les-heritiers-de-la-brise-de-mer-devant-les-assises-france\\\/#primaryimage\",\"url\":\"https:\\\/\\\/www.cc3rivieres76.com\\\/blog\\\/wp-content\\\/uploads\\\/2024\\\/05\\\/actualites-france-les-heritiers-de-la-brise-de-mer-devant-les-assises-france.jpg\",\"contentUrl\":\"https:\\\/\\\/www.cc3rivieres76.com\\\/blog\\\/wp-content\\\/uploads\\\/2024\\\/05\\\/actualites-france-les-heritiers-de-la-brise-de-mer-devant-les-assises-france.jpg\",\"width\":1440,\"height\":960,\"caption\":\"Actualit\u00e9s France: les \u00ab\u00a0h\u00e9ritiers de la Brise de mer\u00a0\u00bb devant les assises #France\"},{\"@type\":\"BreadcrumbList\",\"@id\":\"https:\\\/\\\/www.cc3rivieres76.com\\\/blog\\\/actualites-france-les-heritiers-de-la-brise-de-mer-devant-les-assises-france\\\/#breadcrumb\",\"itemListElement\":[{\"@type\":\"ListItem\",\"position\":1,\"name\":\"Accueil\",\"item\":\"https:\\\/\\\/www.cc3rivieres76.com\\\/blog\\\/\"},{\"@type\":\"ListItem\",\"position\":2,\"name\":\"Actualit\u00e9s France: les \u00ab\u00a0h\u00e9ritiers de la Brise de mer\u00a0\u00bb devant les assises #France\"}]},{\"@type\":\"WebSite\",\"@id\":\"https:\\\/\\\/www.cc3rivieres76.com\\\/blog\\\/#website\",\"url\":\"https:\\\/\\\/www.cc3rivieres76.com\\\/blog\\\/\",\"name\":\"CC3RIVIERES76\",\"description\":\"Les 3 rivi\u00e8res dans la Somme.\",\"publisher\":{\"@id\":\"https:\\\/\\\/www.cc3rivieres76.com\\\/blog\\\/#organization\"},\"potentialAction\":[{\"@type\":\"SearchAction\",\"target\":{\"@type\":\"EntryPoint\",\"urlTemplate\":\"https:\\\/\\\/www.cc3rivieres76.com\\\/blog\\\/?s={search_term_string}\"},\"query-input\":{\"@type\":\"PropertyValueSpecification\",\"valueRequired\":true,\"valueName\":\"search_term_string\"}}],\"inLanguage\":\"fr-FR\"},{\"@type\":\"Organization\",\"@id\":\"https:\\\/\\\/www.cc3rivieres76.com\\\/blog\\\/#organization\",\"name\":\"cc3rivieres76\",\"url\":\"https:\\\/\\\/www.cc3rivieres76.com\\\/blog\\\/\",\"logo\":{\"@type\":\"ImageObject\",\"inLanguage\":\"fr-FR\",\"@id\":\"https:\\\/\\\/www.cc3rivieres76.com\\\/blog\\\/#\\\/schema\\\/logo\\\/image\\\/\",\"url\":\"https:\\\/\\\/www.cc3rivieres76.com\\\/blog\\\/wp-content\\\/uploads\\\/2023\\\/06\\\/logo-2.png\",\"contentUrl\":\"https:\\\/\\\/www.cc3rivieres76.com\\\/blog\\\/wp-content\\\/uploads\\\/2023\\\/06\\\/logo-2.png\",\"width\":390,\"height\":388,\"caption\":\"cc3rivieres76\"},\"image\":{\"@id\":\"https:\\\/\\\/www.cc3rivieres76.com\\\/blog\\\/#\\\/schema\\\/logo\\\/image\\\/\"}},{\"@type\":\"Person\",\"@id\":\"https:\\\/\\\/www.cc3rivieres76.com\\\/blog\\\/#\\\/schema\\\/person\\\/474d457fb7747b5218f39792dfaa5a1c\",\"name\":\"Sylvie DE LAUZAINGHEIN\",\"image\":{\"@type\":\"ImageObject\",\"inLanguage\":\"fr-FR\",\"@id\":\"https:\\\/\\\/secure.gravatar.com\\\/avatar\\\/9c6a53b19e0a3431aa80de0895b9729fe665cd7e7d6cc94fc11abb152f4237d7?s=96&d=mm&r=g\",\"url\":\"https:\\\/\\\/secure.gravatar.com\\\/avatar\\\/9c6a53b19e0a3431aa80de0895b9729fe665cd7e7d6cc94fc11abb152f4237d7?s=96&d=mm&r=g\",\"contentUrl\":\"https:\\\/\\\/secure.gravatar.com\\\/avatar\\\/9c6a53b19e0a3431aa80de0895b9729fe665cd7e7d6cc94fc11abb152f4237d7?s=96&d=mm&r=g\",\"caption\":\"Sylvie DE LAUZAINGHEIN\"},\"url\":\"https:\\\/\\\/www.cc3rivieres76.com\\\/blog\\\/author\\\/s76sylvie\\\/\"}]}<\/script>\n<!-- \/ Yoast SEO plugin. -->","yoast_head_json":{"title":"Actualit\u00e9s France: les \u00ab\u00a0h\u00e9ritiers de la Brise de mer\u00a0\u00bb devant les assises #France - CC3RIVIERES76","robots":{"index":"index","follow":"follow","max-snippet":"max-snippet:-1","max-image-preview":"max-image-preview:large","max-video-preview":"max-video-preview:-1"},"canonical":"https:\/\/www.cc3rivieres76.com\/blog\/actualites-france-les-heritiers-de-la-brise-de-mer-devant-les-assises-france\/","og_locale":"fr_FR","og_type":"article","og_title":"Actualit\u00e9s France: les \u00ab\u00a0h\u00e9ritiers de la Brise de mer\u00a0\u00bb devant les assises #France - CC3RIVIERES76","og_description":"Voil\u00e0 qui va vous plaire : Un nouveau post que nous venons de trouver sur internet et que nous vous reproduisons ci-dessous. Le sujet est \u00ab&nbsp;Actualit\u00e9 fran\u00e7aise&nbsp;\u00bb. Diffus\u00e9 sur Le Point \u2013 Toute l&rsquo;info en continu, l\u2019article ci-dessous Signature . Date et heure de la r\u00e9ception de la d\u00e9p\u00e9che sur notre fil d\u2019info: Date et &hellip; Continuer la lecture \u00ab\u00a0Actualit\u00e9s France: les \u00ab\u00a0h\u00e9ritiers de la Brise de mer\u00a0\u00bb devant les assises #France\u00a0\u00bb","og_url":"https:\/\/www.cc3rivieres76.com\/blog\/actualites-france-les-heritiers-de-la-brise-de-mer-devant-les-assises-france\/","og_site_name":"CC3RIVIERES76","article_published_time":"2024-05-05T16:02:00+00:00","og_image":[{"url":"https:\/\/www.cc3rivieres76.com\/blog\/wp-content\/uploads\/2024\/05\/actualites-france-les-heritiers-de-la-brise-de-mer-devant-les-assises-france.jpg","type":"","width":"","height":""}],"author":"Sylvie DE LAUZAINGHEIN","twitter_card":"summary_large_image","twitter_misc":{"\u00c9crit par":"Sylvie DE LAUZAINGHEIN","Dur\u00e9e de lecture estim\u00e9e":"8 minutes"},"schema":{"@context":"https:\/\/schema.org","@graph":[{"@type":"Article","@id":"https:\/\/www.cc3rivieres76.com\/blog\/actualites-france-les-heritiers-de-la-brise-de-mer-devant-les-assises-france\/#article","isPartOf":{"@id":"https:\/\/www.cc3rivieres76.com\/blog\/actualites-france-les-heritiers-de-la-brise-de-mer-devant-les-assises-france\/"},"author":{"name":"Sylvie DE LAUZAINGHEIN","@id":"https:\/\/www.cc3rivieres76.com\/blog\/#\/schema\/person\/474d457fb7747b5218f39792dfaa5a1c"},"headline":"Actualit\u00e9s France: les \u00ab\u00a0h\u00e9ritiers de la Brise de mer\u00a0\u00bb devant les assises #France","datePublished":"2024-05-05T16:02:00+00:00","mainEntityOfPage":{"@id":"https:\/\/www.cc3rivieres76.com\/blog\/actualites-france-les-heritiers-de-la-brise-de-mer-devant-les-assises-france\/"},"wordCount":1601,"publisher":{"@id":"https:\/\/www.cc3rivieres76.com\/blog\/#organization"},"image":{"@id":"https:\/\/www.cc3rivieres76.com\/blog\/actualites-france-les-heritiers-de-la-brise-de-mer-devant-les-assises-france\/#primaryimage"},"thumbnailUrl":"https:\/\/www.cc3rivieres76.com\/blog\/wp-content\/uploads\/2024\/05\/actualites-france-les-heritiers-de-la-brise-de-mer-devant-les-assises-france.jpg","articleSection":["Les 3 Rivi\u00e8res Dans La Somme:"],"inLanguage":"fr-FR"},{"@type":"WebPage","@id":"https:\/\/www.cc3rivieres76.com\/blog\/actualites-france-les-heritiers-de-la-brise-de-mer-devant-les-assises-france\/","url":"https:\/\/www.cc3rivieres76.com\/blog\/actualites-france-les-heritiers-de-la-brise-de-mer-devant-les-assises-france\/","name":"Actualit\u00e9s France: les \u00ab\u00a0h\u00e9ritiers de la Brise de mer\u00a0\u00bb devant les assises #France - CC3RIVIERES76","isPartOf":{"@id":"https:\/\/www.cc3rivieres76.com\/blog\/#website"},"primaryImageOfPage":{"@id":"https:\/\/www.cc3rivieres76.com\/blog\/actualites-france-les-heritiers-de-la-brise-de-mer-devant-les-assises-france\/#primaryimage"},"image":{"@id":"https:\/\/www.cc3rivieres76.com\/blog\/actualites-france-les-heritiers-de-la-brise-de-mer-devant-les-assises-france\/#primaryimage"},"thumbnailUrl":"https:\/\/www.cc3rivieres76.com\/blog\/wp-content\/uploads\/2024\/05\/actualites-france-les-heritiers-de-la-brise-de-mer-devant-les-assises-france.jpg","datePublished":"2024-05-05T16:02:00+00:00","breadcrumb":{"@id":"https:\/\/www.cc3rivieres76.com\/blog\/actualites-france-les-heritiers-de-la-brise-de-mer-devant-les-assises-france\/#breadcrumb"},"inLanguage":"fr-FR","potentialAction":[{"@type":"ReadAction","target":["https:\/\/www.cc3rivieres76.com\/blog\/actualites-france-les-heritiers-de-la-brise-de-mer-devant-les-assises-france\/"]}]},{"@type":"ImageObject","inLanguage":"fr-FR","@id":"https:\/\/www.cc3rivieres76.com\/blog\/actualites-france-les-heritiers-de-la-brise-de-mer-devant-les-assises-france\/#primaryimage","url":"https:\/\/www.cc3rivieres76.com\/blog\/wp-content\/uploads\/2024\/05\/actualites-france-les-heritiers-de-la-brise-de-mer-devant-les-assises-france.jpg","contentUrl":"https:\/\/www.cc3rivieres76.com\/blog\/wp-content\/uploads\/2024\/05\/actualites-france-les-heritiers-de-la-brise-de-mer-devant-les-assises-france.jpg","width":1440,"height":960,"caption":"Actualit\u00e9s France: les \u00ab\u00a0h\u00e9ritiers de la Brise de mer\u00a0\u00bb devant les assises #France"},{"@type":"BreadcrumbList","@id":"https:\/\/www.cc3rivieres76.com\/blog\/actualites-france-les-heritiers-de-la-brise-de-mer-devant-les-assises-france\/#breadcrumb","itemListElement":[{"@type":"ListItem","position":1,"name":"Accueil","item":"https:\/\/www.cc3rivieres76.com\/blog\/"},{"@type":"ListItem","position":2,"name":"Actualit\u00e9s France: les \u00ab\u00a0h\u00e9ritiers de la Brise de mer\u00a0\u00bb devant les assises #France"}]},{"@type":"WebSite","@id":"https:\/\/www.cc3rivieres76.com\/blog\/#website","url":"https:\/\/www.cc3rivieres76.com\/blog\/","name":"CC3RIVIERES76","description":"Les 3 rivi\u00e8res dans la Somme.","publisher":{"@id":"https:\/\/www.cc3rivieres76.com\/blog\/#organization"},"potentialAction":[{"@type":"SearchAction","target":{"@type":"EntryPoint","urlTemplate":"https:\/\/www.cc3rivieres76.com\/blog\/?s={search_term_string}"},"query-input":{"@type":"PropertyValueSpecification","valueRequired":true,"valueName":"search_term_string"}}],"inLanguage":"fr-FR"},{"@type":"Organization","@id":"https:\/\/www.cc3rivieres76.com\/blog\/#organization","name":"cc3rivieres76","url":"https:\/\/www.cc3rivieres76.com\/blog\/","logo":{"@type":"ImageObject","inLanguage":"fr-FR","@id":"https:\/\/www.cc3rivieres76.com\/blog\/#\/schema\/logo\/image\/","url":"https:\/\/www.cc3rivieres76.com\/blog\/wp-content\/uploads\/2023\/06\/logo-2.png","contentUrl":"https:\/\/www.cc3rivieres76.com\/blog\/wp-content\/uploads\/2023\/06\/logo-2.png","width":390,"height":388,"caption":"cc3rivieres76"},"image":{"@id":"https:\/\/www.cc3rivieres76.com\/blog\/#\/schema\/logo\/image\/"}},{"@type":"Person","@id":"https:\/\/www.cc3rivieres76.com\/blog\/#\/schema\/person\/474d457fb7747b5218f39792dfaa5a1c","name":"Sylvie DE LAUZAINGHEIN","image":{"@type":"ImageObject","inLanguage":"fr-FR","@id":"https:\/\/secure.gravatar.com\/avatar\/9c6a53b19e0a3431aa80de0895b9729fe665cd7e7d6cc94fc11abb152f4237d7?s=96&d=mm&r=g","url":"https:\/\/secure.gravatar.com\/avatar\/9c6a53b19e0a3431aa80de0895b9729fe665cd7e7d6cc94fc11abb152f4237d7?s=96&d=mm&r=g","contentUrl":"https:\/\/secure.gravatar.com\/avatar\/9c6a53b19e0a3431aa80de0895b9729fe665cd7e7d6cc94fc11abb152f4237d7?s=96&d=mm&r=g","caption":"Sylvie DE LAUZAINGHEIN"},"url":"https:\/\/www.cc3rivieres76.com\/blog\/author\/s76sylvie\/"}]}},"_links":{"self":[{"href":"https:\/\/www.cc3rivieres76.com\/blog\/wp-json\/wp\/v2\/posts\/354","targetHints":{"allow":["GET"]}}],"collection":[{"href":"https:\/\/www.cc3rivieres76.com\/blog\/wp-json\/wp\/v2\/posts"}],"about":[{"href":"https:\/\/www.cc3rivieres76.com\/blog\/wp-json\/wp\/v2\/types\/post"}],"author":[{"embeddable":true,"href":"https:\/\/www.cc3rivieres76.com\/blog\/wp-json\/wp\/v2\/users\/3"}],"replies":[{"embeddable":true,"href":"https:\/\/www.cc3rivieres76.com\/blog\/wp-json\/wp\/v2\/comments?post=354"}],"version-history":[{"count":0,"href":"https:\/\/www.cc3rivieres76.com\/blog\/wp-json\/wp\/v2\/posts\/354\/revisions"}],"wp:featuredmedia":[{"embeddable":true,"href":"https:\/\/www.cc3rivieres76.com\/blog\/wp-json\/wp\/v2\/media\/355"}],"wp:attachment":[{"href":"https:\/\/www.cc3rivieres76.com\/blog\/wp-json\/wp\/v2\/media?parent=354"}],"wp:term":[{"taxonomy":"category","embeddable":true,"href":"https:\/\/www.cc3rivieres76.com\/blog\/wp-json\/wp\/v2\/categories?post=354"},{"taxonomy":"post_tag","embeddable":true,"href":"https:\/\/www.cc3rivieres76.com\/blog\/wp-json\/wp\/v2\/tags?post=354"}],"curies":[{"name":"wp","href":"https:\/\/api.w.org\/{rel}","templated":true}]}}