{"id":358,"date":"2024-05-08T15:30:00","date_gmt":"2024-05-08T13:30:00","guid":{"rendered":"https:\/\/www.site.cdcl.xyz\/2024\/05\/08\/infos-france-les-comptes-a-rebours-demmanuel-macron-france\/"},"modified":"2024-05-08T15:30:00","modified_gmt":"2024-05-08T13:30:00","slug":"infos-france-les-comptes-a-rebours-demmanuel-macron-france","status":"publish","type":"post","link":"https:\/\/www.cc3rivieres76.com\/blog\/infos-france-les-comptes-a-rebours-demmanuel-macron-france\/","title":{"rendered":"Infos France: Les comptes \u00e0 rebours d\u2019Emmanuel Macron #France"},"content":{"rendered":"\n<p>Notre \u00e9quipe a trouv\u00e9 un texte sur internet dont la th\u00e9matique est \u00abActualit\u00e9 fran\u00e7aise\u00bb.<\/p>\n<h2>Ceci a \u00e9t\u00e9 diffus\u00e9 par Le Point \u2013 Toute l&rsquo;info en continu<\/h2>\n<p><u>Signature . <\/u><\/p>\n<p><u>Date et heure de la r\u00e9ception de la d\u00e9p\u00e9che sur notre fil d\u2019info:<\/u><strong><span id=\"date\"><\/span><\/strong><\/p>\n<p><u>Date et heure de publication sur internet:<\/u> <strong><span id=\"datecrea\"><\/span><\/strong><\/p>\n<p><u>Titre exacte donn\u00e9 par le journal \u00e9tait:<\/u> <strong>Les comptes \u00e0 rebours d\u2019Emmanuel Macron<\/strong><\/p>\n<p><u>Information et contenu publi\u00e9s :<\/u><\/p>\n<p><img decoding=\"async\" src=\"https:\/\/www.cc3rivieres76.com\/blog\/wp-content\/uploads\/2024\/05\/infos-france-les-comptes-a-rebours-demmanuel-macron-france.jpg\"><\/p>\n<div id=\"contenu\"> <!-- include t_www_2023\/pages\/article\/blocs\/tag_pub.tpl --><br \/><!-- include \/t_www_2023\/pages\/article\/blocs\/tag_pub.tpl --><\/p>\n<p><span class=\"dflt-txt__lettrine\">L<\/span>e <em>Belem<\/em> accoste donc ce soir \u00e0 Marseille, apr\u00e8s une longue journ\u00e9e de parade maritime, donnant le top d\u00e9part d\u2019une d\u00e9ambulation de la flamme olympique \u00e0 travers le pays. Emmanuel Macron \u00e9tait bien s\u00fbr aux premi\u00e8res loges pour vivre cet \u00e9v\u00e9nement, apr\u00e8s avoir pr\u00e9sid\u00e9 le matin la c\u00e9r\u00e9monie de comm\u00e9moration du 8&nbsp;mai 1945, \u00e0 l\u2019Arc de Triomphe. Le chef de l\u2019\u00c9tat n\u2019a pas que le compte \u00e0 rebours des Jeux olympiques en t\u00eate&nbsp;: l\u2019\u00e9ch\u00e9ance des europ\u00e9ennes se rapproche, avec le spectre d\u2019une sanction dans les urnes. Puisse la flamme olympique raviver la flamme macroniste&nbsp;? L\u2019\u00e9lectorat qui a vot\u00e9 pour Emmanuel Macron au premier tour de la pr\u00e9sidentielle en&nbsp;2022&nbsp;para\u00eet dangereusement d\u00e9mobilis\u00e9, quand il n\u2019est pas d\u00e9j\u00e0 parti chez un certain Rapha\u00ebl Glucksmann\u2026 Et le r\u00e9cent discours de La Sorbonne n\u2019a visiblement pas eu d\u2019effet. \u00ab&nbsp;Le raisonnement est bon, mais l\u2019incantation ne suffit pas&nbsp;\u00bb, juge \u00c9tienne Gernelle dans son \u00e9dito de la semaine, intitul\u00e9 \u00ab&nbsp;Qu\u2019avons-nous fait de nos europ\u00e9ennes&nbsp;?&nbsp;\u00bb. Pr\u00e9sent mardi soir au meeting parisien de la candidate Val\u00e9rie Hayer, S\u00e9bastien Schneegans nous raconte le d\u00e9sarroi des troupes et cet \u00ab&nbsp;esprit de d\u00e9faite&nbsp;\u00bb qui guette les bataillons de marcheurs.<\/p>\n<section class=\"mbl txtcenter\">\n<div id=\"newsletter\" class=\"bloc-1 title-top\">\n<span class=\"h2\">Le point du soir<\/span><\/p>\n<div class=\"step-1\">\n<p class=\"period\">Tous les soirs \u00e0 partir de 18h<\/p>\n<p>Recevez l\u2019information analys\u00e9e et d\u00e9crypt\u00e9e par la r\u00e9daction du Point.<\/p>\n<\/div>\n<div class=\"step-2\">\n<p>Merci !<br \/>Votre inscription a bien \u00e9t\u00e9 prise en compte avec l\u2019adresse email :<br \/><span class=\"email-sended\"><\/span><\/p>\n<p>Pour d\u00e9couvrir toutes nos autres newsletters, rendez-vous ici : MonCompte<\/p>\n<\/div>\n<p>En vous inscrivant, vous acceptez les conditions g\u00e9n\u00e9rales d\u2019utilisations et notre politique de confidentialit\u00e9.<\/p>\n<\/div>\n<p><strong>\u25ba&nbsp;MIRAGE&nbsp;? <\/strong>Les deux m\u00e9dicaments du laboratoire danois&nbsp;Novo Nordisk, qui ont fait fureur aux \u00c9tats-Unis, d\u00e9barquent dans les officines fran\u00e7aises \u00e0 la fin de l\u2019ann\u00e9e. Le premier, Wegovy, traite l\u2019ob\u00e9sit\u00e9, le second, Ozempic, le diab\u00e8te. Et les deux ont en commun d\u2019\u00eatre compos\u00e9 de&nbsp;s\u00e9maglutide, la mol\u00e9cule qui fait maigrir, en agissant \u00e0 la fois sur le taux de sucre dans le sang et sur le syst\u00e8me nerveux central, pour r\u00e9duire la sensation de faim. \u00ab&nbsp;Apr\u00e8s un an de traitement, des doses de s\u00e9maglutide comprises entre 0,05&nbsp;mg et 0,4&nbsp;mg par jour ont engendr\u00e9 des pertes de 6&nbsp;\u00e0 11,2&nbsp;% du poids d\u2019origine.&nbsp;Plus la dose augmente, plus le tour de taille diminue&nbsp;\u00bb, expliquent dans leur grande enqu\u00eate&nbsp;H\u00e9lo\u00efse Rambert et Caroline Tourbe. A priori pas un mirage, donc. Mais apr\u00e8s le scandale du Mediator, les autorit\u00e9s suivront de pr\u00e8s la prescription de ces traitements. Et gare aux effets ind\u00e9sirables\u2026<\/p>\n<p><strong>\u25ba J\u00c9R\u00d4ME GUEDJ, CHIFFON ROUGE&nbsp;DES INSOUMIS.<\/strong> \u00ab&nbsp;En ces temps de&nbsp;drames \u00e0 Gaza et en Isra\u00ebl, M\u00e9lenchon s\u2019est assign\u00e9 pour mission&nbsp;d\u2019amplifier un peu plus le bruit et la fureur \u201cantisionistes\u201d&nbsp;\u00bb, d\u00e9plore&nbsp;tr\u00e8s justement notre r\u00e9dacteur en chef, Sa\u00efd Mahrane. Le d\u00e9put\u00e9 socialiste J\u00e9r\u00f4me Guedj, qui fut pourtant pendant des ann\u00e9es un compagnon de route&nbsp;de l\u2019Insoumis en chef, se retrouve cible de ses attaques violentes pour ses positions sur le conflit \u00e0 Gaza. \u00ab&nbsp;Pour la premi\u00e8re fois dans ma vie politique, on me renvoie \u00e0 mon juda\u00efsme&nbsp;\u00bb, a-t-il regrett\u00e9. \u00ab&nbsp;Il devient une cible politique, nous devons en faire un symbole universaliste&nbsp;\u00bb, \u00e9crit Sa\u00efd Mahrane.<\/p>\n<\/section>\n<\/div>\n<p> <img decoding=\"async\" src=\"https:\/\/www.cc3rivieres76.com\/blog\/wp-content\/uploads\/2024\/05\/infos-france-les-comptes-a-rebours-demmanuel-macron-france.jpg\" alt=\"Les comptes \u00e0 rebours d\u2019Emmanuel Macron\"><\/p>\n<p>#Les #comptes #rebours #dEmmanuel #Macron<\/p>\n<p>Reprise de l\u2019information dans un style journalistique professionnel descriptif en organisant les id\u00e9es dans un ordre coh\u00e9rent avec titres html <\/p>\n<p>Vous aimerez aussi:<\/p>\n<p>Affaire Priore\/Le Calendrier de l\u2019Affaire Priore\/1992.,<a href=\"https:\/\/fr.wikibooks.org\/wiki\/Affaire_Priore\/Le_Calendrier_de_l%27Affaire_Priore\/1992\" target=\"_blank\" rel=\"noopener noreferrer nofollow\">Fiche de l\u2019ouvrage<\/a><span><\/span>. A emprunter en biblioth\u00e8que.<\/p>\n<p>L\u2019\u00e2ge d\u2019or de l\u2019ordre masculin \u2013 La France, les femmes et le pouvoir 1804-1860.,<a href=\"https:\/\/www.kobo.com\/fr\/fr\/ebook\/l-age-d-or-de-l-ordre-masculin-la-france-les-femmes-et-le-pouvoir-1804-1860\" target=\"_blank\" rel=\"noopener noreferrer nofollow\">Lien sur la fiche de pr\u00e9sentation de ce livre<\/a><span><\/span>. Disponible dans toutes les bonnes biblioth\u00e8ques de votre d\u00e9partement.<\/p>\n<p>Sept Jours \u2013 17-23 juin 1789 : la France entre en r\u00e9volution.,<a href=\"https:\/\/www.kobo.com\/fr\/fr\/audiobook\/sept-jours-17-23-juin-1789-la-france-entre-en-revolution\" target=\"_blank\" rel=\"noopener noreferrer nofollow\">Redirection vers la fiche de pr\u00e9sentation de ce livre<\/a><span><\/span>.<\/p>\n<p> Cet article, qui traite du th\u00e8me \u00ab\u00a0Les 3 rivi\u00e8res dans la Somme\u00a0\u00bb, vous est sp\u00e9cialement sugg\u00e9r\u00e9 par cc3rivieres76.com. La chronique est reproduite du mieux possible. Dans le cas o\u00f9 vous souhaitez apporter quelques pr\u00e9cisions concernant le domaine de \u00ab\u00a0Les 3 rivi\u00e8res dans la Somme\u00a0\u00bb vous pouvez solliciter notre r\u00e9daction. La destination de cc3rivieres76.com est de d\u00e9battre de Les 3 rivi\u00e8res dans la Somme dans la transparence en vous apportant la connaissance de tout ce qui est en lien avec ce sujet sur la toile Connectez-vous sur notre site cc3rivieres76.com et nos r\u00e9seaux sociaux dans le but d\u2019\u00eatre inform\u00e9 des futures publications.<\/p>\n","protected":false},"excerpt":{"rendered":"<p>Notre \u00e9quipe a trouv\u00e9 un texte sur internet dont la th\u00e9matique est \u00abActualit\u00e9 fran\u00e7aise\u00bb. Ceci a \u00e9t\u00e9 diffus\u00e9 par Le Point \u2013 Toute l&rsquo;info en continu Signature . Date et heure de la r\u00e9ception de la d\u00e9p\u00e9che sur notre fil d\u2019info: Date et heure de publication sur internet: Titre exacte donn\u00e9 par le journal \u00e9tait: &hellip; <\/p>\n<p class=\"link-more\"><a href=\"https:\/\/www.cc3rivieres76.com\/blog\/infos-france-les-comptes-a-rebours-demmanuel-macron-france\/\" class=\"more-link\">Continuer la lecture <span class=\"screen-reader-text\"> \u00ab\u00a0Infos France: Les comptes \u00e0 rebours d\u2019Emmanuel Macron #France\u00a0\u00bb<\/span><\/a><\/p>\n","protected":false},"author":3,"featured_media":359,"comment_status":"closed","ping_status":"closed","sticky":false,"template":"","format":"standard","meta":{"footnotes":""},"categories":[2],"tags":[],"class_list":["post-358","post","type-post","status-publish","format-standard","has-post-thumbnail","hentry","category-les-3-rivieres-dans-la-somme","entry"],"yoast_head":"<!-- This site is optimized with the Yoast SEO plugin v27.5 - https:\/\/yoast.com\/product\/yoast-seo-wordpress\/ -->\n<title>Infos France: Les comptes \u00e0 rebours d\u2019Emmanuel Macron #France - CC3RIVIERES76<\/title>\n<meta name=\"robots\" content=\"index, follow, max-snippet:-1, max-image-preview:large, max-video-preview:-1\" \/>\n<link rel=\"canonical\" href=\"https:\/\/www.cc3rivieres76.com\/blog\/infos-france-les-comptes-a-rebours-demmanuel-macron-france\/\" \/>\n<meta property=\"og:locale\" content=\"fr_FR\" \/>\n<meta property=\"og:type\" content=\"article\" \/>\n<meta property=\"og:title\" content=\"Infos France: Les comptes \u00e0 rebours d\u2019Emmanuel Macron #France - CC3RIVIERES76\" \/>\n<meta property=\"og:description\" content=\"Notre \u00e9quipe a trouv\u00e9 un texte sur internet dont la th\u00e9matique est \u00abActualit\u00e9 fran\u00e7aise\u00bb. Ceci a \u00e9t\u00e9 diffus\u00e9 par Le Point \u2013 Toute l&rsquo;info en continu Signature . Date et heure de la r\u00e9ception de la d\u00e9p\u00e9che sur notre fil d\u2019info: Date et heure de publication sur internet: Titre exacte donn\u00e9 par le journal \u00e9tait: &hellip; Continuer la lecture \u00ab\u00a0Infos France: Les comptes \u00e0 rebours d\u2019Emmanuel Macron #France\u00a0\u00bb\" \/>\n<meta property=\"og:url\" content=\"https:\/\/www.cc3rivieres76.com\/blog\/infos-france-les-comptes-a-rebours-demmanuel-macron-france\/\" \/>\n<meta property=\"og:site_name\" content=\"CC3RIVIERES76\" \/>\n<meta property=\"article:published_time\" content=\"2024-05-08T13:30:00+00:00\" \/>\n<meta property=\"og:image\" content=\"https:\/\/www.cc3rivieres76.com\/blog\/wp-content\/uploads\/2024\/05\/infos-france-les-comptes-a-rebours-demmanuel-macron-france.jpg\" \/>\n<meta name=\"author\" content=\"Sylvie DE LAUZAINGHEIN\" \/>\n<meta name=\"twitter:card\" content=\"summary_large_image\" \/>\n<meta name=\"twitter:label1\" content=\"\u00c9crit par\" \/>\n\t<meta name=\"twitter:data1\" content=\"Sylvie DE LAUZAINGHEIN\" \/>\n\t<meta name=\"twitter:label2\" content=\"Dur\u00e9e de lecture estim\u00e9e\" \/>\n\t<meta name=\"twitter:data2\" content=\"4 minutes\" \/>\n<script type=\"application\/ld+json\" class=\"yoast-schema-graph\">{\"@context\":\"https:\\\/\\\/schema.org\",\"@graph\":[{\"@type\":\"Article\",\"@id\":\"https:\\\/\\\/www.cc3rivieres76.com\\\/blog\\\/infos-france-les-comptes-a-rebours-demmanuel-macron-france\\\/#article\",\"isPartOf\":{\"@id\":\"https:\\\/\\\/www.cc3rivieres76.com\\\/blog\\\/infos-france-les-comptes-a-rebours-demmanuel-macron-france\\\/\"},\"author\":{\"name\":\"Sylvie DE LAUZAINGHEIN\",\"@id\":\"https:\\\/\\\/www.cc3rivieres76.com\\\/blog\\\/#\\\/schema\\\/person\\\/474d457fb7747b5218f39792dfaa5a1c\"},\"headline\":\"Infos France: Les comptes \u00e0 rebours d\u2019Emmanuel Macron #France\",\"datePublished\":\"2024-05-08T13:30:00+00:00\",\"mainEntityOfPage\":{\"@id\":\"https:\\\/\\\/www.cc3rivieres76.com\\\/blog\\\/infos-france-les-comptes-a-rebours-demmanuel-macron-france\\\/\"},\"wordCount\":909,\"publisher\":{\"@id\":\"https:\\\/\\\/www.cc3rivieres76.com\\\/blog\\\/#organization\"},\"image\":{\"@id\":\"https:\\\/\\\/www.cc3rivieres76.com\\\/blog\\\/infos-france-les-comptes-a-rebours-demmanuel-macron-france\\\/#primaryimage\"},\"thumbnailUrl\":\"https:\\\/\\\/www.cc3rivieres76.com\\\/blog\\\/wp-content\\\/uploads\\\/2024\\\/05\\\/infos-france-les-comptes-a-rebours-demmanuel-macron-france.jpg\",\"articleSection\":[\"Les 3 Rivi\u00e8res Dans La Somme:\"],\"inLanguage\":\"fr-FR\"},{\"@type\":\"WebPage\",\"@id\":\"https:\\\/\\\/www.cc3rivieres76.com\\\/blog\\\/infos-france-les-comptes-a-rebours-demmanuel-macron-france\\\/\",\"url\":\"https:\\\/\\\/www.cc3rivieres76.com\\\/blog\\\/infos-france-les-comptes-a-rebours-demmanuel-macron-france\\\/\",\"name\":\"Infos France: Les comptes \u00e0 rebours d\u2019Emmanuel Macron #France - CC3RIVIERES76\",\"isPartOf\":{\"@id\":\"https:\\\/\\\/www.cc3rivieres76.com\\\/blog\\\/#website\"},\"primaryImageOfPage\":{\"@id\":\"https:\\\/\\\/www.cc3rivieres76.com\\\/blog\\\/infos-france-les-comptes-a-rebours-demmanuel-macron-france\\\/#primaryimage\"},\"image\":{\"@id\":\"https:\\\/\\\/www.cc3rivieres76.com\\\/blog\\\/infos-france-les-comptes-a-rebours-demmanuel-macron-france\\\/#primaryimage\"},\"thumbnailUrl\":\"https:\\\/\\\/www.cc3rivieres76.com\\\/blog\\\/wp-content\\\/uploads\\\/2024\\\/05\\\/infos-france-les-comptes-a-rebours-demmanuel-macron-france.jpg\",\"datePublished\":\"2024-05-08T13:30:00+00:00\",\"breadcrumb\":{\"@id\":\"https:\\\/\\\/www.cc3rivieres76.com\\\/blog\\\/infos-france-les-comptes-a-rebours-demmanuel-macron-france\\\/#breadcrumb\"},\"inLanguage\":\"fr-FR\",\"potentialAction\":[{\"@type\":\"ReadAction\",\"target\":[\"https:\\\/\\\/www.cc3rivieres76.com\\\/blog\\\/infos-france-les-comptes-a-rebours-demmanuel-macron-france\\\/\"]}]},{\"@type\":\"ImageObject\",\"inLanguage\":\"fr-FR\",\"@id\":\"https:\\\/\\\/www.cc3rivieres76.com\\\/blog\\\/infos-france-les-comptes-a-rebours-demmanuel-macron-france\\\/#primaryimage\",\"url\":\"https:\\\/\\\/www.cc3rivieres76.com\\\/blog\\\/wp-content\\\/uploads\\\/2024\\\/05\\\/infos-france-les-comptes-a-rebours-demmanuel-macron-france.jpg\",\"contentUrl\":\"https:\\\/\\\/www.cc3rivieres76.com\\\/blog\\\/wp-content\\\/uploads\\\/2024\\\/05\\\/infos-france-les-comptes-a-rebours-demmanuel-macron-france.jpg\",\"width\":1440,\"height\":960,\"caption\":\"Infos France: Les comptes \u00e0 rebours d\u2019Emmanuel Macron #France\"},{\"@type\":\"BreadcrumbList\",\"@id\":\"https:\\\/\\\/www.cc3rivieres76.com\\\/blog\\\/infos-france-les-comptes-a-rebours-demmanuel-macron-france\\\/#breadcrumb\",\"itemListElement\":[{\"@type\":\"ListItem\",\"position\":1,\"name\":\"Accueil\",\"item\":\"https:\\\/\\\/www.cc3rivieres76.com\\\/blog\\\/\"},{\"@type\":\"ListItem\",\"position\":2,\"name\":\"Infos France: Les comptes \u00e0 rebours d\u2019Emmanuel Macron #France\"}]},{\"@type\":\"WebSite\",\"@id\":\"https:\\\/\\\/www.cc3rivieres76.com\\\/blog\\\/#website\",\"url\":\"https:\\\/\\\/www.cc3rivieres76.com\\\/blog\\\/\",\"name\":\"CC3RIVIERES76\",\"description\":\"Les 3 rivi\u00e8res dans la Somme.\",\"publisher\":{\"@id\":\"https:\\\/\\\/www.cc3rivieres76.com\\\/blog\\\/#organization\"},\"potentialAction\":[{\"@type\":\"SearchAction\",\"target\":{\"@type\":\"EntryPoint\",\"urlTemplate\":\"https:\\\/\\\/www.cc3rivieres76.com\\\/blog\\\/?s={search_term_string}\"},\"query-input\":{\"@type\":\"PropertyValueSpecification\",\"valueRequired\":true,\"valueName\":\"search_term_string\"}}],\"inLanguage\":\"fr-FR\"},{\"@type\":\"Organization\",\"@id\":\"https:\\\/\\\/www.cc3rivieres76.com\\\/blog\\\/#organization\",\"name\":\"cc3rivieres76\",\"url\":\"https:\\\/\\\/www.cc3rivieres76.com\\\/blog\\\/\",\"logo\":{\"@type\":\"ImageObject\",\"inLanguage\":\"fr-FR\",\"@id\":\"https:\\\/\\\/www.cc3rivieres76.com\\\/blog\\\/#\\\/schema\\\/logo\\\/image\\\/\",\"url\":\"https:\\\/\\\/www.cc3rivieres76.com\\\/blog\\\/wp-content\\\/uploads\\\/2023\\\/06\\\/logo-2.png\",\"contentUrl\":\"https:\\\/\\\/www.cc3rivieres76.com\\\/blog\\\/wp-content\\\/uploads\\\/2023\\\/06\\\/logo-2.png\",\"width\":390,\"height\":388,\"caption\":\"cc3rivieres76\"},\"image\":{\"@id\":\"https:\\\/\\\/www.cc3rivieres76.com\\\/blog\\\/#\\\/schema\\\/logo\\\/image\\\/\"}},{\"@type\":\"Person\",\"@id\":\"https:\\\/\\\/www.cc3rivieres76.com\\\/blog\\\/#\\\/schema\\\/person\\\/474d457fb7747b5218f39792dfaa5a1c\",\"name\":\"Sylvie DE LAUZAINGHEIN\",\"image\":{\"@type\":\"ImageObject\",\"inLanguage\":\"fr-FR\",\"@id\":\"https:\\\/\\\/secure.gravatar.com\\\/avatar\\\/9c6a53b19e0a3431aa80de0895b9729fe665cd7e7d6cc94fc11abb152f4237d7?s=96&d=mm&r=g\",\"url\":\"https:\\\/\\\/secure.gravatar.com\\\/avatar\\\/9c6a53b19e0a3431aa80de0895b9729fe665cd7e7d6cc94fc11abb152f4237d7?s=96&d=mm&r=g\",\"contentUrl\":\"https:\\\/\\\/secure.gravatar.com\\\/avatar\\\/9c6a53b19e0a3431aa80de0895b9729fe665cd7e7d6cc94fc11abb152f4237d7?s=96&d=mm&r=g\",\"caption\":\"Sylvie DE LAUZAINGHEIN\"},\"url\":\"https:\\\/\\\/www.cc3rivieres76.com\\\/blog\\\/author\\\/s76sylvie\\\/\"}]}<\/script>\n<!-- \/ Yoast SEO plugin. -->","yoast_head_json":{"title":"Infos France: Les comptes \u00e0 rebours d\u2019Emmanuel Macron #France - CC3RIVIERES76","robots":{"index":"index","follow":"follow","max-snippet":"max-snippet:-1","max-image-preview":"max-image-preview:large","max-video-preview":"max-video-preview:-1"},"canonical":"https:\/\/www.cc3rivieres76.com\/blog\/infos-france-les-comptes-a-rebours-demmanuel-macron-france\/","og_locale":"fr_FR","og_type":"article","og_title":"Infos France: Les comptes \u00e0 rebours d\u2019Emmanuel Macron #France - CC3RIVIERES76","og_description":"Notre \u00e9quipe a trouv\u00e9 un texte sur internet dont la th\u00e9matique est \u00abActualit\u00e9 fran\u00e7aise\u00bb. Ceci a \u00e9t\u00e9 diffus\u00e9 par Le Point \u2013 Toute l&rsquo;info en continu Signature . Date et heure de la r\u00e9ception de la d\u00e9p\u00e9che sur notre fil d\u2019info: Date et heure de publication sur internet: Titre exacte donn\u00e9 par le journal \u00e9tait: &hellip; Continuer la lecture \u00ab\u00a0Infos France: Les comptes \u00e0 rebours d\u2019Emmanuel Macron #France\u00a0\u00bb","og_url":"https:\/\/www.cc3rivieres76.com\/blog\/infos-france-les-comptes-a-rebours-demmanuel-macron-france\/","og_site_name":"CC3RIVIERES76","article_published_time":"2024-05-08T13:30:00+00:00","og_image":[{"url":"https:\/\/www.cc3rivieres76.com\/blog\/wp-content\/uploads\/2024\/05\/infos-france-les-comptes-a-rebours-demmanuel-macron-france.jpg","type":"","width":"","height":""}],"author":"Sylvie DE LAUZAINGHEIN","twitter_card":"summary_large_image","twitter_misc":{"\u00c9crit par":"Sylvie DE LAUZAINGHEIN","Dur\u00e9e de lecture estim\u00e9e":"4 minutes"},"schema":{"@context":"https:\/\/schema.org","@graph":[{"@type":"Article","@id":"https:\/\/www.cc3rivieres76.com\/blog\/infos-france-les-comptes-a-rebours-demmanuel-macron-france\/#article","isPartOf":{"@id":"https:\/\/www.cc3rivieres76.com\/blog\/infos-france-les-comptes-a-rebours-demmanuel-macron-france\/"},"author":{"name":"Sylvie DE LAUZAINGHEIN","@id":"https:\/\/www.cc3rivieres76.com\/blog\/#\/schema\/person\/474d457fb7747b5218f39792dfaa5a1c"},"headline":"Infos France: Les comptes \u00e0 rebours d\u2019Emmanuel Macron #France","datePublished":"2024-05-08T13:30:00+00:00","mainEntityOfPage":{"@id":"https:\/\/www.cc3rivieres76.com\/blog\/infos-france-les-comptes-a-rebours-demmanuel-macron-france\/"},"wordCount":909,"publisher":{"@id":"https:\/\/www.cc3rivieres76.com\/blog\/#organization"},"image":{"@id":"https:\/\/www.cc3rivieres76.com\/blog\/infos-france-les-comptes-a-rebours-demmanuel-macron-france\/#primaryimage"},"thumbnailUrl":"https:\/\/www.cc3rivieres76.com\/blog\/wp-content\/uploads\/2024\/05\/infos-france-les-comptes-a-rebours-demmanuel-macron-france.jpg","articleSection":["Les 3 Rivi\u00e8res Dans La Somme:"],"inLanguage":"fr-FR"},{"@type":"WebPage","@id":"https:\/\/www.cc3rivieres76.com\/blog\/infos-france-les-comptes-a-rebours-demmanuel-macron-france\/","url":"https:\/\/www.cc3rivieres76.com\/blog\/infos-france-les-comptes-a-rebours-demmanuel-macron-france\/","name":"Infos France: Les comptes \u00e0 rebours d\u2019Emmanuel Macron #France - CC3RIVIERES76","isPartOf":{"@id":"https:\/\/www.cc3rivieres76.com\/blog\/#website"},"primaryImageOfPage":{"@id":"https:\/\/www.cc3rivieres76.com\/blog\/infos-france-les-comptes-a-rebours-demmanuel-macron-france\/#primaryimage"},"image":{"@id":"https:\/\/www.cc3rivieres76.com\/blog\/infos-france-les-comptes-a-rebours-demmanuel-macron-france\/#primaryimage"},"thumbnailUrl":"https:\/\/www.cc3rivieres76.com\/blog\/wp-content\/uploads\/2024\/05\/infos-france-les-comptes-a-rebours-demmanuel-macron-france.jpg","datePublished":"2024-05-08T13:30:00+00:00","breadcrumb":{"@id":"https:\/\/www.cc3rivieres76.com\/blog\/infos-france-les-comptes-a-rebours-demmanuel-macron-france\/#breadcrumb"},"inLanguage":"fr-FR","potentialAction":[{"@type":"ReadAction","target":["https:\/\/www.cc3rivieres76.com\/blog\/infos-france-les-comptes-a-rebours-demmanuel-macron-france\/"]}]},{"@type":"ImageObject","inLanguage":"fr-FR","@id":"https:\/\/www.cc3rivieres76.com\/blog\/infos-france-les-comptes-a-rebours-demmanuel-macron-france\/#primaryimage","url":"https:\/\/www.cc3rivieres76.com\/blog\/wp-content\/uploads\/2024\/05\/infos-france-les-comptes-a-rebours-demmanuel-macron-france.jpg","contentUrl":"https:\/\/www.cc3rivieres76.com\/blog\/wp-content\/uploads\/2024\/05\/infos-france-les-comptes-a-rebours-demmanuel-macron-france.jpg","width":1440,"height":960,"caption":"Infos France: Les comptes \u00e0 rebours d\u2019Emmanuel Macron #France"},{"@type":"BreadcrumbList","@id":"https:\/\/www.cc3rivieres76.com\/blog\/infos-france-les-comptes-a-rebours-demmanuel-macron-france\/#breadcrumb","itemListElement":[{"@type":"ListItem","position":1,"name":"Accueil","item":"https:\/\/www.cc3rivieres76.com\/blog\/"},{"@type":"ListItem","position":2,"name":"Infos France: Les comptes \u00e0 rebours d\u2019Emmanuel Macron #France"}]},{"@type":"WebSite","@id":"https:\/\/www.cc3rivieres76.com\/blog\/#website","url":"https:\/\/www.cc3rivieres76.com\/blog\/","name":"CC3RIVIERES76","description":"Les 3 rivi\u00e8res dans la Somme.","publisher":{"@id":"https:\/\/www.cc3rivieres76.com\/blog\/#organization"},"potentialAction":[{"@type":"SearchAction","target":{"@type":"EntryPoint","urlTemplate":"https:\/\/www.cc3rivieres76.com\/blog\/?s={search_term_string}"},"query-input":{"@type":"PropertyValueSpecification","valueRequired":true,"valueName":"search_term_string"}}],"inLanguage":"fr-FR"},{"@type":"Organization","@id":"https:\/\/www.cc3rivieres76.com\/blog\/#organization","name":"cc3rivieres76","url":"https:\/\/www.cc3rivieres76.com\/blog\/","logo":{"@type":"ImageObject","inLanguage":"fr-FR","@id":"https:\/\/www.cc3rivieres76.com\/blog\/#\/schema\/logo\/image\/","url":"https:\/\/www.cc3rivieres76.com\/blog\/wp-content\/uploads\/2023\/06\/logo-2.png","contentUrl":"https:\/\/www.cc3rivieres76.com\/blog\/wp-content\/uploads\/2023\/06\/logo-2.png","width":390,"height":388,"caption":"cc3rivieres76"},"image":{"@id":"https:\/\/www.cc3rivieres76.com\/blog\/#\/schema\/logo\/image\/"}},{"@type":"Person","@id":"https:\/\/www.cc3rivieres76.com\/blog\/#\/schema\/person\/474d457fb7747b5218f39792dfaa5a1c","name":"Sylvie DE LAUZAINGHEIN","image":{"@type":"ImageObject","inLanguage":"fr-FR","@id":"https:\/\/secure.gravatar.com\/avatar\/9c6a53b19e0a3431aa80de0895b9729fe665cd7e7d6cc94fc11abb152f4237d7?s=96&d=mm&r=g","url":"https:\/\/secure.gravatar.com\/avatar\/9c6a53b19e0a3431aa80de0895b9729fe665cd7e7d6cc94fc11abb152f4237d7?s=96&d=mm&r=g","contentUrl":"https:\/\/secure.gravatar.com\/avatar\/9c6a53b19e0a3431aa80de0895b9729fe665cd7e7d6cc94fc11abb152f4237d7?s=96&d=mm&r=g","caption":"Sylvie DE LAUZAINGHEIN"},"url":"https:\/\/www.cc3rivieres76.com\/blog\/author\/s76sylvie\/"}]}},"_links":{"self":[{"href":"https:\/\/www.cc3rivieres76.com\/blog\/wp-json\/wp\/v2\/posts\/358","targetHints":{"allow":["GET"]}}],"collection":[{"href":"https:\/\/www.cc3rivieres76.com\/blog\/wp-json\/wp\/v2\/posts"}],"about":[{"href":"https:\/\/www.cc3rivieres76.com\/blog\/wp-json\/wp\/v2\/types\/post"}],"author":[{"embeddable":true,"href":"https:\/\/www.cc3rivieres76.com\/blog\/wp-json\/wp\/v2\/users\/3"}],"replies":[{"embeddable":true,"href":"https:\/\/www.cc3rivieres76.com\/blog\/wp-json\/wp\/v2\/comments?post=358"}],"version-history":[{"count":0,"href":"https:\/\/www.cc3rivieres76.com\/blog\/wp-json\/wp\/v2\/posts\/358\/revisions"}],"wp:featuredmedia":[{"embeddable":true,"href":"https:\/\/www.cc3rivieres76.com\/blog\/wp-json\/wp\/v2\/media\/359"}],"wp:attachment":[{"href":"https:\/\/www.cc3rivieres76.com\/blog\/wp-json\/wp\/v2\/media?parent=358"}],"wp:term":[{"taxonomy":"category","embeddable":true,"href":"https:\/\/www.cc3rivieres76.com\/blog\/wp-json\/wp\/v2\/categories?post=358"},{"taxonomy":"post_tag","embeddable":true,"href":"https:\/\/www.cc3rivieres76.com\/blog\/wp-json\/wp\/v2\/tags?post=358"}],"curies":[{"name":"wp","href":"https:\/\/api.w.org\/{rel}","templated":true}]}}