{"id":368,"date":"2024-05-22T07:24:00","date_gmt":"2024-05-22T05:24:00","guid":{"rendered":"https:\/\/www.site.cdcl.xyz\/2024\/05\/22\/actus-francaises-quand-jordan-bardella-valerie-hayer-manon-aubry-et-raphael-glucksmann-debattent-de-tout-sur-lci-sauf-de-leurope-france\/"},"modified":"2024-05-22T07:24:00","modified_gmt":"2024-05-22T05:24:00","slug":"actus-francaises-quand-jordan-bardella-valerie-hayer-manon-aubry-et-raphael-glucksmann-debattent-de-tout-sur-lci-sauf-de-leurope-france","status":"publish","type":"post","link":"https:\/\/www.cc3rivieres76.com\/blog\/actus-francaises-quand-jordan-bardella-valerie-hayer-manon-aubry-et-raphael-glucksmann-debattent-de-tout-sur-lci-sauf-de-leurope-france\/","title":{"rendered":"Actus fran\u00e7aises: quand Jordan Bardella, Val\u00e9rie Hayer, Manon Aubry et Rapha\u00ebl Glucksmann d\u00e9battent de tout sur LCI\u2026 sauf de l\u2019Europe #France"},"content":{"rendered":"\n<p>Ce \u00ab&nbsp;papier&nbsp;\u00bb, dont la th\u00e9matique est \u00ab&nbsp;Actualit\u00e9 fran\u00e7aise&nbsp;\u00bb, a \u00e9t\u00e9 relev\u00e9 sur le web, notre \u00e9quipe est heureuse de vous en reproduire l\u2019essentiel plus bas.<\/p>\n<h2>Ceci a \u00e9t\u00e9 diffus\u00e9 par Le Point \u2013 Politique<\/h2>\n<p><u>Signature . <\/u><\/p>\n<p><u>Date et heure de la r\u00e9ception de la d\u00e9p\u00e9che sur notre fil d\u2019info:<\/u><strong><span id=\"date\"><\/span><\/strong><\/p>\n<p><u>Date et heure de publication sur internet:<\/u> <strong><span id=\"datecrea\"><\/span><\/strong><\/p>\n<p><u>Titre exacte donn\u00e9 par le journal \u00e9tait:<\/u> <strong>quand Jordan Bardella, Val\u00e9rie Hayer, Manon Aubry et Rapha\u00ebl Glucksmann d\u00e9battent de tout sur LCI\u2026 sauf de l\u2019Europe<\/strong><\/p>\n<p><u>Information et contenu publi\u00e9s :<\/u><\/p>\n<p><img decoding=\"async\" src=\"https:\/\/www.cc3rivieres76.com\/blog\/wp-content\/uploads\/2024\/05\/actus-francaises-quand-jordan-bardella-valerie-hayer-manon-aubry-et-raphael-glucksmann-debattent-de-tout-sur-lci-sauf-de-leurope-france.jpg\"><\/p>\n<div id=\"contenu\"> <!-- include t_www_2023\/pages\/article\/blocs\/tag_pub.tpl --><br \/><!-- include \/t_www_2023\/pages\/article\/blocs\/tag_pub.tpl --><\/p>\n<p><span class=\"dflt-txt__lettrine\">L<\/span>e d\u00e9bat le plus long&nbsp;: plus de trois heures de confrontation entre les huit principaux candidats aux \u00e9lections europ\u00e9ennes, ce mardi soir sur LCI. Y a-t-il des gagnants, des perdants&nbsp;? La d\u00e9couverte de cette soir\u00e9e est L\u00e9on Deffontaines. Le candidat communiste a montr\u00e9 qu\u2019il avait du r\u00e9pondant face \u00e0 des interlocuteurs plus exp\u00e9riment\u00e9s que lui.<\/p>\n<section class=\"mbl txtcenter\">\n<p>Jordan Bardella, son presque contemporain \u2013 ils ont exactement six mois d\u2019\u00e9cart \u2013, a surv\u00e9cu aux attaques multiples qui s\u2019abattent sur tout favori mais parvient de plus en plus difficilement \u00e0 masquer le complexe de sup\u00e9riorit\u00e9 qui s\u2019est empar\u00e9 de lui \u00e0 la lecture des sondages. L\u00e0 s\u2019arr\u00eate en effet la ressemblance entre les hommes&nbsp;: l\u2019un plafonne \u00e0 2&nbsp;% des intentions de vote quand l\u2019autre s\u2019envole \u00e0 trente points de plus.<\/p>\n<p><span class=\"Capsule premium\"><span class=\"Phylactery\">\u00c0 LIRE AUSSI<\/span> <strong class=\"strong\">Attal-Barde\u2026<\/strong><\/span><\/p>\n<aside id=\"article-reserve-aux-abonnes\" class=\"paywall\" data-gtm=\"display:abo\" data-campaign=\"paywall_article\">\n<div class=\"paywall-content\">\n<p>Toute l\u2019actualit\u00e9 \u00e0 1\u20ac le premier mois<\/p>\n<p>S\u2019abonner<\/p>\n<p><span>ou<\/span><\/p>\n<\/div>\n<\/aside>\n<div id=\"newsletter\" class=\"bloc-1 title-top\">\n<span class=\"h2\">La newsletter politique<\/span><\/p>\n<div class=\"step-1\">\n<p class=\"period\">Tous les jeudis \u00e0 7h30<\/p>\n<p>Recevez en avant-premi\u00e8re les informations et analyses politiques de la r\u00e9daction du Point.<\/p>\n<\/div>\n<div class=\"step-2\">\n<p>Merci !<br \/>Votre inscription a bien \u00e9t\u00e9 prise en compte avec l\u2019adresse email :<br \/><span class=\"email-sended\"><\/span><\/p>\n<p>Pour d\u00e9couvrir toutes nos autres newsletters, rendez-vous ici : MonCompte<\/p>\n<\/div>\n<p>En vous inscrivant, vous acceptez les conditions g\u00e9n\u00e9rales d\u2019utilisations et notre politique de confidentialit\u00e9.<\/p>\n<\/div>\n<\/section>\n<\/div>\n<p> <img decoding=\"async\" src=\"https:\/\/www.cc3rivieres76.com\/blog\/wp-content\/uploads\/2024\/05\/actus-francaises-quand-jordan-bardella-valerie-hayer-manon-aubry-et-raphael-glucksmann-debattent-de-tout-sur-lci-sauf-de-leurope-france.jpg\" alt=\"quand Jordan Bardella, Val\u00e9rie Hayer, Manon Aubry et Rapha\u00ebl Glucksmann d\u00e9battent de tout sur LCI\u2026 sauf de l\u2019Europe\"><\/p>\n<p>#quand #Jordan #Bardella #Val\u00e9rie #Hayer #Manon #Aubry #Rapha\u00ebl #Glucksmann #d\u00e9battent #tout #sur #LCI #sauf #lEurope<\/p>\n<p>Reprise de l\u2019information dans un style journalistique professionnel descriptif en organisant les id\u00e9es dans un ordre coh\u00e9rent avec titres html <\/p>\n<p>A lire sur le m\u00eame th\u00e8me:<\/p>\n<p>Hommage \u00e0 Illumination : de Paris \u00e0 Hollywood, les Minions \u00e0 la conqu\u00eate du monde !.,<a href=\"https:\/\/images.epagine.fr\/580\/9782376971580_1_m.jpg\" target=\"_blank\" rel=\"noopener noreferrer nofollow\">R\u00e9f\u00e9rence de ce livre<\/a><span><\/span>. Disponible sur internet.<\/p>\n<p>Le catholicisme dans la France classique, 1610-1715 (1).,<a href=\"https:\/\/www.kobo.com\/fr\/fr\/ebook\/le-catholicisme-dans-la-france-classique-1610-1715-1-1\" target=\"_blank\" rel=\"noopener noreferrer nofollow\">Description<\/a><span><\/span>. Ouvrage de r\u00e9f\u00e9rence.<\/p>\n<p>Photographie\/Soci\u00e9t\u00e9s et Organisations\/F\u00e9d\u00e9rations photographiques \u00e9trang\u00e8res.,<a href=\"https:\/\/fr.wikibooks.org\/wiki\/Photographie\/Soci%C3%A9t%C3%A9s_et_Organisations\/F%C3%A9d%C3%A9rations_photographiques_%C3%A9trang%C3%A8res\" target=\"_blank\" rel=\"noopener noreferrer nofollow\">Fiche de l\u2019\u00e9diteur<\/a><span><\/span>. Disponible \u00e0 CULTURA.<\/p>\n<p> Cet article, qui traite du th\u00e8me \u00ab\u00a0Les 3 rivi\u00e8res dans la Somme\u00a0\u00bb, vous est sp\u00e9cialement sugg\u00e9r\u00e9 par cc3rivieres76.com. La chronique est reproduite du mieux possible. Dans le cas o\u00f9 vous souhaitez apporter quelques pr\u00e9cisions concernant le domaine de \u00ab\u00a0Les 3 rivi\u00e8res dans la Somme\u00a0\u00bb vous pouvez solliciter notre r\u00e9daction. La destination de cc3rivieres76.com est de d\u00e9battre de Les 3 rivi\u00e8res dans la Somme dans la transparence en vous apportant la connaissance de tout ce qui est en lien avec ce sujet sur la toile Connectez-vous sur notre site cc3rivieres76.com et nos r\u00e9seaux sociaux dans le but d\u2019\u00eatre inform\u00e9 des futures publications.<\/p>\n","protected":false},"excerpt":{"rendered":"<p>Ce \u00ab&nbsp;papier&nbsp;\u00bb, dont la th\u00e9matique est \u00ab&nbsp;Actualit\u00e9 fran\u00e7aise&nbsp;\u00bb, a \u00e9t\u00e9 relev\u00e9 sur le web, notre \u00e9quipe est heureuse de vous en reproduire l\u2019essentiel plus bas. Ceci a \u00e9t\u00e9 diffus\u00e9 par Le Point \u2013 Politique Signature . Date et heure de la r\u00e9ception de la d\u00e9p\u00e9che sur notre fil d\u2019info: Date et heure de publication sur &hellip; <\/p>\n<p class=\"link-more\"><a href=\"https:\/\/www.cc3rivieres76.com\/blog\/actus-francaises-quand-jordan-bardella-valerie-hayer-manon-aubry-et-raphael-glucksmann-debattent-de-tout-sur-lci-sauf-de-leurope-france\/\" class=\"more-link\">Continuer la lecture <span class=\"screen-reader-text\"> \u00ab\u00a0Actus fran\u00e7aises: quand Jordan Bardella, Val\u00e9rie Hayer, Manon Aubry et Rapha\u00ebl Glucksmann d\u00e9battent de tout sur LCI\u2026 sauf de l\u2019Europe #France\u00a0\u00bb<\/span><\/a><\/p>\n","protected":false},"author":3,"featured_media":369,"comment_status":"closed","ping_status":"closed","sticky":false,"template":"","format":"standard","meta":{"footnotes":""},"categories":[2],"tags":[],"class_list":["post-368","post","type-post","status-publish","format-standard","has-post-thumbnail","hentry","category-les-3-rivieres-dans-la-somme","entry"],"yoast_head":"<!-- This site is optimized with the Yoast SEO plugin v27.5 - https:\/\/yoast.com\/product\/yoast-seo-wordpress\/ -->\n<title>Actus fran\u00e7aises: quand Jordan Bardella, Val\u00e9rie Hayer, Manon Aubry et Rapha\u00ebl Glucksmann d\u00e9battent de tout sur LCI\u2026 sauf de l\u2019Europe #France - CC3RIVIERES76<\/title>\n<meta name=\"robots\" content=\"index, follow, max-snippet:-1, max-image-preview:large, max-video-preview:-1\" \/>\n<link rel=\"canonical\" href=\"https:\/\/www.cc3rivieres76.com\/blog\/actus-francaises-quand-jordan-bardella-valerie-hayer-manon-aubry-et-raphael-glucksmann-debattent-de-tout-sur-lci-sauf-de-leurope-france\/\" \/>\n<meta property=\"og:locale\" content=\"fr_FR\" \/>\n<meta property=\"og:type\" content=\"article\" \/>\n<meta property=\"og:title\" content=\"Actus fran\u00e7aises: quand Jordan Bardella, Val\u00e9rie Hayer, Manon Aubry et Rapha\u00ebl Glucksmann d\u00e9battent de tout sur LCI\u2026 sauf de l\u2019Europe #France - CC3RIVIERES76\" \/>\n<meta property=\"og:description\" content=\"Ce \u00ab&nbsp;papier&nbsp;\u00bb, dont la th\u00e9matique est \u00ab&nbsp;Actualit\u00e9 fran\u00e7aise&nbsp;\u00bb, a \u00e9t\u00e9 relev\u00e9 sur le web, notre \u00e9quipe est heureuse de vous en reproduire l\u2019essentiel plus bas. Ceci a \u00e9t\u00e9 diffus\u00e9 par Le Point \u2013 Politique Signature . Date et heure de la r\u00e9ception de la d\u00e9p\u00e9che sur notre fil d\u2019info: Date et heure de publication sur &hellip; Continuer la lecture \u00ab\u00a0Actus fran\u00e7aises: quand Jordan Bardella, Val\u00e9rie Hayer, Manon Aubry et Rapha\u00ebl Glucksmann d\u00e9battent de tout sur LCI\u2026 sauf de l\u2019Europe #France\u00a0\u00bb\" \/>\n<meta property=\"og:url\" content=\"https:\/\/www.cc3rivieres76.com\/blog\/actus-francaises-quand-jordan-bardella-valerie-hayer-manon-aubry-et-raphael-glucksmann-debattent-de-tout-sur-lci-sauf-de-leurope-france\/\" \/>\n<meta property=\"og:site_name\" content=\"CC3RIVIERES76\" \/>\n<meta property=\"article:published_time\" content=\"2024-05-22T05:24:00+00:00\" \/>\n<meta property=\"og:image\" content=\"https:\/\/www.cc3rivieres76.com\/blog\/wp-content\/uploads\/2024\/05\/actus-francaises-quand-jordan-bardella-valerie-hayer-manon-aubry-et-raphael-glucksmann-debattent-de-tout-sur-lci-sauf-de-leurope-france.jpg\" \/>\n<meta name=\"author\" content=\"Sylvie DE LAUZAINGHEIN\" \/>\n<meta name=\"twitter:card\" content=\"summary_large_image\" \/>\n<meta name=\"twitter:label1\" content=\"\u00c9crit par\" \/>\n\t<meta name=\"twitter:data1\" content=\"Sylvie DE LAUZAINGHEIN\" \/>\n\t<meta name=\"twitter:label2\" content=\"Dur\u00e9e de lecture estim\u00e9e\" \/>\n\t<meta name=\"twitter:data2\" content=\"3 minutes\" \/>\n<script type=\"application\/ld+json\" class=\"yoast-schema-graph\">{\"@context\":\"https:\\\/\\\/schema.org\",\"@graph\":[{\"@type\":\"Article\",\"@id\":\"https:\\\/\\\/www.cc3rivieres76.com\\\/blog\\\/actus-francaises-quand-jordan-bardella-valerie-hayer-manon-aubry-et-raphael-glucksmann-debattent-de-tout-sur-lci-sauf-de-leurope-france\\\/#article\",\"isPartOf\":{\"@id\":\"https:\\\/\\\/www.cc3rivieres76.com\\\/blog\\\/actus-francaises-quand-jordan-bardella-valerie-hayer-manon-aubry-et-raphael-glucksmann-debattent-de-tout-sur-lci-sauf-de-leurope-france\\\/\"},\"author\":{\"name\":\"Sylvie DE LAUZAINGHEIN\",\"@id\":\"https:\\\/\\\/www.cc3rivieres76.com\\\/blog\\\/#\\\/schema\\\/person\\\/474d457fb7747b5218f39792dfaa5a1c\"},\"headline\":\"Actus fran\u00e7aises: quand Jordan Bardella, Val\u00e9rie Hayer, Manon Aubry et Rapha\u00ebl Glucksmann d\u00e9battent de tout sur LCI\u2026 sauf de l\u2019Europe #France\",\"datePublished\":\"2024-05-22T05:24:00+00:00\",\"mainEntityOfPage\":{\"@id\":\"https:\\\/\\\/www.cc3rivieres76.com\\\/blog\\\/actus-francaises-quand-jordan-bardella-valerie-hayer-manon-aubry-et-raphael-glucksmann-debattent-de-tout-sur-lci-sauf-de-leurope-france\\\/\"},\"wordCount\":556,\"publisher\":{\"@id\":\"https:\\\/\\\/www.cc3rivieres76.com\\\/blog\\\/#organization\"},\"image\":{\"@id\":\"https:\\\/\\\/www.cc3rivieres76.com\\\/blog\\\/actus-francaises-quand-jordan-bardella-valerie-hayer-manon-aubry-et-raphael-glucksmann-debattent-de-tout-sur-lci-sauf-de-leurope-france\\\/#primaryimage\"},\"thumbnailUrl\":\"https:\\\/\\\/www.cc3rivieres76.com\\\/blog\\\/wp-content\\\/uploads\\\/2024\\\/05\\\/actus-francaises-quand-jordan-bardella-valerie-hayer-manon-aubry-et-raphael-glucksmann-debattent-de-tout-sur-lci-sauf-de-leurope-france.jpg\",\"articleSection\":[\"Les 3 Rivi\u00e8res Dans La Somme:\"],\"inLanguage\":\"fr-FR\"},{\"@type\":\"WebPage\",\"@id\":\"https:\\\/\\\/www.cc3rivieres76.com\\\/blog\\\/actus-francaises-quand-jordan-bardella-valerie-hayer-manon-aubry-et-raphael-glucksmann-debattent-de-tout-sur-lci-sauf-de-leurope-france\\\/\",\"url\":\"https:\\\/\\\/www.cc3rivieres76.com\\\/blog\\\/actus-francaises-quand-jordan-bardella-valerie-hayer-manon-aubry-et-raphael-glucksmann-debattent-de-tout-sur-lci-sauf-de-leurope-france\\\/\",\"name\":\"Actus fran\u00e7aises: quand Jordan Bardella, Val\u00e9rie Hayer, Manon Aubry et Rapha\u00ebl Glucksmann d\u00e9battent de tout sur LCI\u2026 sauf de l\u2019Europe #France - CC3RIVIERES76\",\"isPartOf\":{\"@id\":\"https:\\\/\\\/www.cc3rivieres76.com\\\/blog\\\/#website\"},\"primaryImageOfPage\":{\"@id\":\"https:\\\/\\\/www.cc3rivieres76.com\\\/blog\\\/actus-francaises-quand-jordan-bardella-valerie-hayer-manon-aubry-et-raphael-glucksmann-debattent-de-tout-sur-lci-sauf-de-leurope-france\\\/#primaryimage\"},\"image\":{\"@id\":\"https:\\\/\\\/www.cc3rivieres76.com\\\/blog\\\/actus-francaises-quand-jordan-bardella-valerie-hayer-manon-aubry-et-raphael-glucksmann-debattent-de-tout-sur-lci-sauf-de-leurope-france\\\/#primaryimage\"},\"thumbnailUrl\":\"https:\\\/\\\/www.cc3rivieres76.com\\\/blog\\\/wp-content\\\/uploads\\\/2024\\\/05\\\/actus-francaises-quand-jordan-bardella-valerie-hayer-manon-aubry-et-raphael-glucksmann-debattent-de-tout-sur-lci-sauf-de-leurope-france.jpg\",\"datePublished\":\"2024-05-22T05:24:00+00:00\",\"breadcrumb\":{\"@id\":\"https:\\\/\\\/www.cc3rivieres76.com\\\/blog\\\/actus-francaises-quand-jordan-bardella-valerie-hayer-manon-aubry-et-raphael-glucksmann-debattent-de-tout-sur-lci-sauf-de-leurope-france\\\/#breadcrumb\"},\"inLanguage\":\"fr-FR\",\"potentialAction\":[{\"@type\":\"ReadAction\",\"target\":[\"https:\\\/\\\/www.cc3rivieres76.com\\\/blog\\\/actus-francaises-quand-jordan-bardella-valerie-hayer-manon-aubry-et-raphael-glucksmann-debattent-de-tout-sur-lci-sauf-de-leurope-france\\\/\"]}]},{\"@type\":\"ImageObject\",\"inLanguage\":\"fr-FR\",\"@id\":\"https:\\\/\\\/www.cc3rivieres76.com\\\/blog\\\/actus-francaises-quand-jordan-bardella-valerie-hayer-manon-aubry-et-raphael-glucksmann-debattent-de-tout-sur-lci-sauf-de-leurope-france\\\/#primaryimage\",\"url\":\"https:\\\/\\\/www.cc3rivieres76.com\\\/blog\\\/wp-content\\\/uploads\\\/2024\\\/05\\\/actus-francaises-quand-jordan-bardella-valerie-hayer-manon-aubry-et-raphael-glucksmann-debattent-de-tout-sur-lci-sauf-de-leurope-france.jpg\",\"contentUrl\":\"https:\\\/\\\/www.cc3rivieres76.com\\\/blog\\\/wp-content\\\/uploads\\\/2024\\\/05\\\/actus-francaises-quand-jordan-bardella-valerie-hayer-manon-aubry-et-raphael-glucksmann-debattent-de-tout-sur-lci-sauf-de-leurope-france.jpg\",\"width\":1440,\"height\":960,\"caption\":\"Actus fran\u00e7aises: quand Jordan Bardella, Val\u00e9rie Hayer, Manon Aubry et Rapha\u00ebl Glucksmann d\u00e9battent de tout sur LCI\u2026 sauf de l\u2019Europe #France\"},{\"@type\":\"BreadcrumbList\",\"@id\":\"https:\\\/\\\/www.cc3rivieres76.com\\\/blog\\\/actus-francaises-quand-jordan-bardella-valerie-hayer-manon-aubry-et-raphael-glucksmann-debattent-de-tout-sur-lci-sauf-de-leurope-france\\\/#breadcrumb\",\"itemListElement\":[{\"@type\":\"ListItem\",\"position\":1,\"name\":\"Accueil\",\"item\":\"https:\\\/\\\/www.cc3rivieres76.com\\\/blog\\\/\"},{\"@type\":\"ListItem\",\"position\":2,\"name\":\"Actus fran\u00e7aises: quand Jordan Bardella, Val\u00e9rie Hayer, Manon Aubry et Rapha\u00ebl Glucksmann d\u00e9battent de tout sur LCI\u2026 sauf de l\u2019Europe #France\"}]},{\"@type\":\"WebSite\",\"@id\":\"https:\\\/\\\/www.cc3rivieres76.com\\\/blog\\\/#website\",\"url\":\"https:\\\/\\\/www.cc3rivieres76.com\\\/blog\\\/\",\"name\":\"CC3RIVIERES76\",\"description\":\"Les 3 rivi\u00e8res dans la Somme.\",\"publisher\":{\"@id\":\"https:\\\/\\\/www.cc3rivieres76.com\\\/blog\\\/#organization\"},\"potentialAction\":[{\"@type\":\"SearchAction\",\"target\":{\"@type\":\"EntryPoint\",\"urlTemplate\":\"https:\\\/\\\/www.cc3rivieres76.com\\\/blog\\\/?s={search_term_string}\"},\"query-input\":{\"@type\":\"PropertyValueSpecification\",\"valueRequired\":true,\"valueName\":\"search_term_string\"}}],\"inLanguage\":\"fr-FR\"},{\"@type\":\"Organization\",\"@id\":\"https:\\\/\\\/www.cc3rivieres76.com\\\/blog\\\/#organization\",\"name\":\"cc3rivieres76\",\"url\":\"https:\\\/\\\/www.cc3rivieres76.com\\\/blog\\\/\",\"logo\":{\"@type\":\"ImageObject\",\"inLanguage\":\"fr-FR\",\"@id\":\"https:\\\/\\\/www.cc3rivieres76.com\\\/blog\\\/#\\\/schema\\\/logo\\\/image\\\/\",\"url\":\"https:\\\/\\\/www.cc3rivieres76.com\\\/blog\\\/wp-content\\\/uploads\\\/2023\\\/06\\\/logo-2.png\",\"contentUrl\":\"https:\\\/\\\/www.cc3rivieres76.com\\\/blog\\\/wp-content\\\/uploads\\\/2023\\\/06\\\/logo-2.png\",\"width\":390,\"height\":388,\"caption\":\"cc3rivieres76\"},\"image\":{\"@id\":\"https:\\\/\\\/www.cc3rivieres76.com\\\/blog\\\/#\\\/schema\\\/logo\\\/image\\\/\"}},{\"@type\":\"Person\",\"@id\":\"https:\\\/\\\/www.cc3rivieres76.com\\\/blog\\\/#\\\/schema\\\/person\\\/474d457fb7747b5218f39792dfaa5a1c\",\"name\":\"Sylvie DE LAUZAINGHEIN\",\"image\":{\"@type\":\"ImageObject\",\"inLanguage\":\"fr-FR\",\"@id\":\"https:\\\/\\\/secure.gravatar.com\\\/avatar\\\/9c6a53b19e0a3431aa80de0895b9729fe665cd7e7d6cc94fc11abb152f4237d7?s=96&d=mm&r=g\",\"url\":\"https:\\\/\\\/secure.gravatar.com\\\/avatar\\\/9c6a53b19e0a3431aa80de0895b9729fe665cd7e7d6cc94fc11abb152f4237d7?s=96&d=mm&r=g\",\"contentUrl\":\"https:\\\/\\\/secure.gravatar.com\\\/avatar\\\/9c6a53b19e0a3431aa80de0895b9729fe665cd7e7d6cc94fc11abb152f4237d7?s=96&d=mm&r=g\",\"caption\":\"Sylvie DE LAUZAINGHEIN\"},\"url\":\"https:\\\/\\\/www.cc3rivieres76.com\\\/blog\\\/author\\\/s76sylvie\\\/\"}]}<\/script>\n<!-- \/ Yoast SEO plugin. -->","yoast_head_json":{"title":"Actus fran\u00e7aises: quand Jordan Bardella, Val\u00e9rie Hayer, Manon Aubry et Rapha\u00ebl Glucksmann d\u00e9battent de tout sur LCI\u2026 sauf de l\u2019Europe #France - CC3RIVIERES76","robots":{"index":"index","follow":"follow","max-snippet":"max-snippet:-1","max-image-preview":"max-image-preview:large","max-video-preview":"max-video-preview:-1"},"canonical":"https:\/\/www.cc3rivieres76.com\/blog\/actus-francaises-quand-jordan-bardella-valerie-hayer-manon-aubry-et-raphael-glucksmann-debattent-de-tout-sur-lci-sauf-de-leurope-france\/","og_locale":"fr_FR","og_type":"article","og_title":"Actus fran\u00e7aises: quand Jordan Bardella, Val\u00e9rie Hayer, Manon Aubry et Rapha\u00ebl Glucksmann d\u00e9battent de tout sur LCI\u2026 sauf de l\u2019Europe #France - CC3RIVIERES76","og_description":"Ce \u00ab&nbsp;papier&nbsp;\u00bb, dont la th\u00e9matique est \u00ab&nbsp;Actualit\u00e9 fran\u00e7aise&nbsp;\u00bb, a \u00e9t\u00e9 relev\u00e9 sur le web, notre \u00e9quipe est heureuse de vous en reproduire l\u2019essentiel plus bas. Ceci a \u00e9t\u00e9 diffus\u00e9 par Le Point \u2013 Politique Signature . Date et heure de la r\u00e9ception de la d\u00e9p\u00e9che sur notre fil d\u2019info: Date et heure de publication sur &hellip; Continuer la lecture \u00ab\u00a0Actus fran\u00e7aises: quand Jordan Bardella, Val\u00e9rie Hayer, Manon Aubry et Rapha\u00ebl Glucksmann d\u00e9battent de tout sur LCI\u2026 sauf de l\u2019Europe #France\u00a0\u00bb","og_url":"https:\/\/www.cc3rivieres76.com\/blog\/actus-francaises-quand-jordan-bardella-valerie-hayer-manon-aubry-et-raphael-glucksmann-debattent-de-tout-sur-lci-sauf-de-leurope-france\/","og_site_name":"CC3RIVIERES76","article_published_time":"2024-05-22T05:24:00+00:00","og_image":[{"url":"https:\/\/www.cc3rivieres76.com\/blog\/wp-content\/uploads\/2024\/05\/actus-francaises-quand-jordan-bardella-valerie-hayer-manon-aubry-et-raphael-glucksmann-debattent-de-tout-sur-lci-sauf-de-leurope-france.jpg","type":"","width":"","height":""}],"author":"Sylvie DE LAUZAINGHEIN","twitter_card":"summary_large_image","twitter_misc":{"\u00c9crit par":"Sylvie DE LAUZAINGHEIN","Dur\u00e9e de lecture estim\u00e9e":"3 minutes"},"schema":{"@context":"https:\/\/schema.org","@graph":[{"@type":"Article","@id":"https:\/\/www.cc3rivieres76.com\/blog\/actus-francaises-quand-jordan-bardella-valerie-hayer-manon-aubry-et-raphael-glucksmann-debattent-de-tout-sur-lci-sauf-de-leurope-france\/#article","isPartOf":{"@id":"https:\/\/www.cc3rivieres76.com\/blog\/actus-francaises-quand-jordan-bardella-valerie-hayer-manon-aubry-et-raphael-glucksmann-debattent-de-tout-sur-lci-sauf-de-leurope-france\/"},"author":{"name":"Sylvie DE LAUZAINGHEIN","@id":"https:\/\/www.cc3rivieres76.com\/blog\/#\/schema\/person\/474d457fb7747b5218f39792dfaa5a1c"},"headline":"Actus fran\u00e7aises: quand Jordan Bardella, Val\u00e9rie Hayer, Manon Aubry et Rapha\u00ebl Glucksmann d\u00e9battent de tout sur LCI\u2026 sauf de l\u2019Europe #France","datePublished":"2024-05-22T05:24:00+00:00","mainEntityOfPage":{"@id":"https:\/\/www.cc3rivieres76.com\/blog\/actus-francaises-quand-jordan-bardella-valerie-hayer-manon-aubry-et-raphael-glucksmann-debattent-de-tout-sur-lci-sauf-de-leurope-france\/"},"wordCount":556,"publisher":{"@id":"https:\/\/www.cc3rivieres76.com\/blog\/#organization"},"image":{"@id":"https:\/\/www.cc3rivieres76.com\/blog\/actus-francaises-quand-jordan-bardella-valerie-hayer-manon-aubry-et-raphael-glucksmann-debattent-de-tout-sur-lci-sauf-de-leurope-france\/#primaryimage"},"thumbnailUrl":"https:\/\/www.cc3rivieres76.com\/blog\/wp-content\/uploads\/2024\/05\/actus-francaises-quand-jordan-bardella-valerie-hayer-manon-aubry-et-raphael-glucksmann-debattent-de-tout-sur-lci-sauf-de-leurope-france.jpg","articleSection":["Les 3 Rivi\u00e8res Dans La Somme:"],"inLanguage":"fr-FR"},{"@type":"WebPage","@id":"https:\/\/www.cc3rivieres76.com\/blog\/actus-francaises-quand-jordan-bardella-valerie-hayer-manon-aubry-et-raphael-glucksmann-debattent-de-tout-sur-lci-sauf-de-leurope-france\/","url":"https:\/\/www.cc3rivieres76.com\/blog\/actus-francaises-quand-jordan-bardella-valerie-hayer-manon-aubry-et-raphael-glucksmann-debattent-de-tout-sur-lci-sauf-de-leurope-france\/","name":"Actus fran\u00e7aises: quand Jordan Bardella, Val\u00e9rie Hayer, Manon Aubry et Rapha\u00ebl Glucksmann d\u00e9battent de tout sur LCI\u2026 sauf de l\u2019Europe #France - CC3RIVIERES76","isPartOf":{"@id":"https:\/\/www.cc3rivieres76.com\/blog\/#website"},"primaryImageOfPage":{"@id":"https:\/\/www.cc3rivieres76.com\/blog\/actus-francaises-quand-jordan-bardella-valerie-hayer-manon-aubry-et-raphael-glucksmann-debattent-de-tout-sur-lci-sauf-de-leurope-france\/#primaryimage"},"image":{"@id":"https:\/\/www.cc3rivieres76.com\/blog\/actus-francaises-quand-jordan-bardella-valerie-hayer-manon-aubry-et-raphael-glucksmann-debattent-de-tout-sur-lci-sauf-de-leurope-france\/#primaryimage"},"thumbnailUrl":"https:\/\/www.cc3rivieres76.com\/blog\/wp-content\/uploads\/2024\/05\/actus-francaises-quand-jordan-bardella-valerie-hayer-manon-aubry-et-raphael-glucksmann-debattent-de-tout-sur-lci-sauf-de-leurope-france.jpg","datePublished":"2024-05-22T05:24:00+00:00","breadcrumb":{"@id":"https:\/\/www.cc3rivieres76.com\/blog\/actus-francaises-quand-jordan-bardella-valerie-hayer-manon-aubry-et-raphael-glucksmann-debattent-de-tout-sur-lci-sauf-de-leurope-france\/#breadcrumb"},"inLanguage":"fr-FR","potentialAction":[{"@type":"ReadAction","target":["https:\/\/www.cc3rivieres76.com\/blog\/actus-francaises-quand-jordan-bardella-valerie-hayer-manon-aubry-et-raphael-glucksmann-debattent-de-tout-sur-lci-sauf-de-leurope-france\/"]}]},{"@type":"ImageObject","inLanguage":"fr-FR","@id":"https:\/\/www.cc3rivieres76.com\/blog\/actus-francaises-quand-jordan-bardella-valerie-hayer-manon-aubry-et-raphael-glucksmann-debattent-de-tout-sur-lci-sauf-de-leurope-france\/#primaryimage","url":"https:\/\/www.cc3rivieres76.com\/blog\/wp-content\/uploads\/2024\/05\/actus-francaises-quand-jordan-bardella-valerie-hayer-manon-aubry-et-raphael-glucksmann-debattent-de-tout-sur-lci-sauf-de-leurope-france.jpg","contentUrl":"https:\/\/www.cc3rivieres76.com\/blog\/wp-content\/uploads\/2024\/05\/actus-francaises-quand-jordan-bardella-valerie-hayer-manon-aubry-et-raphael-glucksmann-debattent-de-tout-sur-lci-sauf-de-leurope-france.jpg","width":1440,"height":960,"caption":"Actus fran\u00e7aises: quand Jordan Bardella, Val\u00e9rie Hayer, Manon Aubry et Rapha\u00ebl Glucksmann d\u00e9battent de tout sur LCI\u2026 sauf de l\u2019Europe #France"},{"@type":"BreadcrumbList","@id":"https:\/\/www.cc3rivieres76.com\/blog\/actus-francaises-quand-jordan-bardella-valerie-hayer-manon-aubry-et-raphael-glucksmann-debattent-de-tout-sur-lci-sauf-de-leurope-france\/#breadcrumb","itemListElement":[{"@type":"ListItem","position":1,"name":"Accueil","item":"https:\/\/www.cc3rivieres76.com\/blog\/"},{"@type":"ListItem","position":2,"name":"Actus fran\u00e7aises: quand Jordan Bardella, Val\u00e9rie Hayer, Manon Aubry et Rapha\u00ebl Glucksmann d\u00e9battent de tout sur LCI\u2026 sauf de l\u2019Europe #France"}]},{"@type":"WebSite","@id":"https:\/\/www.cc3rivieres76.com\/blog\/#website","url":"https:\/\/www.cc3rivieres76.com\/blog\/","name":"CC3RIVIERES76","description":"Les 3 rivi\u00e8res dans la Somme.","publisher":{"@id":"https:\/\/www.cc3rivieres76.com\/blog\/#organization"},"potentialAction":[{"@type":"SearchAction","target":{"@type":"EntryPoint","urlTemplate":"https:\/\/www.cc3rivieres76.com\/blog\/?s={search_term_string}"},"query-input":{"@type":"PropertyValueSpecification","valueRequired":true,"valueName":"search_term_string"}}],"inLanguage":"fr-FR"},{"@type":"Organization","@id":"https:\/\/www.cc3rivieres76.com\/blog\/#organization","name":"cc3rivieres76","url":"https:\/\/www.cc3rivieres76.com\/blog\/","logo":{"@type":"ImageObject","inLanguage":"fr-FR","@id":"https:\/\/www.cc3rivieres76.com\/blog\/#\/schema\/logo\/image\/","url":"https:\/\/www.cc3rivieres76.com\/blog\/wp-content\/uploads\/2023\/06\/logo-2.png","contentUrl":"https:\/\/www.cc3rivieres76.com\/blog\/wp-content\/uploads\/2023\/06\/logo-2.png","width":390,"height":388,"caption":"cc3rivieres76"},"image":{"@id":"https:\/\/www.cc3rivieres76.com\/blog\/#\/schema\/logo\/image\/"}},{"@type":"Person","@id":"https:\/\/www.cc3rivieres76.com\/blog\/#\/schema\/person\/474d457fb7747b5218f39792dfaa5a1c","name":"Sylvie DE LAUZAINGHEIN","image":{"@type":"ImageObject","inLanguage":"fr-FR","@id":"https:\/\/secure.gravatar.com\/avatar\/9c6a53b19e0a3431aa80de0895b9729fe665cd7e7d6cc94fc11abb152f4237d7?s=96&d=mm&r=g","url":"https:\/\/secure.gravatar.com\/avatar\/9c6a53b19e0a3431aa80de0895b9729fe665cd7e7d6cc94fc11abb152f4237d7?s=96&d=mm&r=g","contentUrl":"https:\/\/secure.gravatar.com\/avatar\/9c6a53b19e0a3431aa80de0895b9729fe665cd7e7d6cc94fc11abb152f4237d7?s=96&d=mm&r=g","caption":"Sylvie DE LAUZAINGHEIN"},"url":"https:\/\/www.cc3rivieres76.com\/blog\/author\/s76sylvie\/"}]}},"_links":{"self":[{"href":"https:\/\/www.cc3rivieres76.com\/blog\/wp-json\/wp\/v2\/posts\/368","targetHints":{"allow":["GET"]}}],"collection":[{"href":"https:\/\/www.cc3rivieres76.com\/blog\/wp-json\/wp\/v2\/posts"}],"about":[{"href":"https:\/\/www.cc3rivieres76.com\/blog\/wp-json\/wp\/v2\/types\/post"}],"author":[{"embeddable":true,"href":"https:\/\/www.cc3rivieres76.com\/blog\/wp-json\/wp\/v2\/users\/3"}],"replies":[{"embeddable":true,"href":"https:\/\/www.cc3rivieres76.com\/blog\/wp-json\/wp\/v2\/comments?post=368"}],"version-history":[{"count":0,"href":"https:\/\/www.cc3rivieres76.com\/blog\/wp-json\/wp\/v2\/posts\/368\/revisions"}],"wp:featuredmedia":[{"embeddable":true,"href":"https:\/\/www.cc3rivieres76.com\/blog\/wp-json\/wp\/v2\/media\/369"}],"wp:attachment":[{"href":"https:\/\/www.cc3rivieres76.com\/blog\/wp-json\/wp\/v2\/media?parent=368"}],"wp:term":[{"taxonomy":"category","embeddable":true,"href":"https:\/\/www.cc3rivieres76.com\/blog\/wp-json\/wp\/v2\/categories?post=368"},{"taxonomy":"post_tag","embeddable":true,"href":"https:\/\/www.cc3rivieres76.com\/blog\/wp-json\/wp\/v2\/tags?post=368"}],"curies":[{"name":"wp","href":"https:\/\/api.w.org\/{rel}","templated":true}]}}