{"id":378,"date":"2024-06-24T16:52:00","date_gmt":"2024-06-24T14:52:00","guid":{"rendered":"https:\/\/www.site.cdcl.xyz\/2024\/06\/24\/infos-francaises-pourquoi-emmanuel-macron-ne-doit-meme-pas-y-songer-france\/"},"modified":"2024-06-24T16:52:00","modified_gmt":"2024-06-24T14:52:00","slug":"infos-francaises-pourquoi-emmanuel-macron-ne-doit-meme-pas-y-songer-france","status":"publish","type":"post","link":"https:\/\/www.cc3rivieres76.com\/blog\/infos-francaises-pourquoi-emmanuel-macron-ne-doit-meme-pas-y-songer-france\/","title":{"rendered":"Infos fran\u00e7aises: pourquoi Emmanuel Macron ne doit m\u00eame pas y songer #France"},"content":{"rendered":"\n<p>Voici un tout nouvel article qui va parfaire notre revue de presse sur \u00ab&nbsp;Actualit\u00e9 fran\u00e7aise&nbsp;\u00bb.<\/p>\n<h2>\nPubli\u00e9 sur Le Point \u2013 Politique, l\u2019article suivant<\/h2>\n<p><u>Signature . <\/u><\/p>\n<p><u>Date et heure de la r\u00e9ception de la d\u00e9p\u00e9che sur notre fil d\u2019info:<\/u><strong><span id=\"date\"><\/span><\/strong><\/p>\n<p><u>Date et heure de publication sur internet:<\/u> <strong><span id=\"datecrea\"><\/span><\/strong><\/p>\n<p><u>Titre exacte donn\u00e9 par le journal \u00e9tait:<\/u> <strong>pourquoi Emmanuel Macron ne doit m\u00eame pas y songer<\/strong><\/p>\n<p><u>Information et contenu publi\u00e9s :<\/u><\/p>\n<p><img decoding=\"async\" src=\"https:\/\/www.cc3rivieres76.com\/blog\/wp-content\/uploads\/2024\/06\/infos-francaises-pourquoi-emmanuel-macron-ne-doit-meme-pas-y-songer-france.jpg\"><\/p>\n<div id=\"contenu\"> <!-- include t_www_2023\/pages\/article\/blocs\/tag_pub.tpl --><br \/><!-- include \/t_www_2023\/pages\/article\/blocs\/tag_pub.tpl --><\/p>\n<p><span class=\"dflt-txt__lettrine\">E<\/span>lle ne fait pas encore partie des disciplines olympiques, mais la rumeur politique est un sport tr\u00e8s en vogue, depuis la dissolution de l\u2019Assembl\u00e9e nationale. Apr\u00e8s l\u2019hypoth\u00e8se \u2013 vite d\u00e9construite par les constitutionnalistes, en tout cas les plus s\u00e9rieux \u2013 d\u2019une possible troisi\u00e8me candidature d\u2019Emmanuel Macron, dans l\u2019hypoth\u00e8se o\u00f9 il d\u00e9missionnerait de son mandat, voil\u00e0 que surgit un nouvel \u00e9pouvantail&nbsp;: le possible recours, par le pr\u00e9sident en exercice, \u00e0 l\u2019article&nbsp;16 de la Constitution, si le d\u00e9sordre devait s\u2019installer apr\u00e8s les l\u00e9gislatives.<\/p>\n<section class=\"mbl txtcenter\">\n<div id=\"newsletter\" class=\"bloc-1 title-top\">\n<span class=\"h2\">La newsletter politique<\/span><\/p>\n<div class=\"step-1\">\n<p class=\"period\">Tous les jeudis \u00e0 7h30<\/p>\n<p>Recevez en avant-premi\u00e8re les informations et analyses politiques de la r\u00e9daction du Point.<\/p>\n<\/div>\n<div class=\"step-2\">\n<p>Merci !<br \/>Votre inscription a bien \u00e9t\u00e9 prise en compte avec l\u2019adresse email :<br \/><span class=\"email-sended\"><\/span><\/p>\n<p>Pour d\u00e9couvrir toutes nos autres newsletters, rendez-vous ici : MonCompte<\/p>\n<\/div>\n<p>En vous inscrivant, vous acceptez les conditions g\u00e9n\u00e9rales d\u2019utilisations et notre politique de confidentialit\u00e9.<\/p>\n<\/div>\n<p>Cette disposition, qui fleure bon la dictature, \u00e9nonce que \u00ab&nbsp;lorsque les institutions de la R\u00e9publique, l\u2019ind\u00e9pendance de la Nation, l\u2019int\u00e9grit\u00e9 de son territoire ou l\u2019ex\u00e9cution de ses engagements internationaux sont menac\u00e9s d\u2019une mani\u00e8re grave et imm\u00e9diate et que le fonctionnement r\u00e9gulier des pouvoirs publics constitutionnels est interrompu, le pr\u00e9sident de la R\u00e9publique prend les mesures exig\u00e9es par ces circonstances&nbsp;\u00bb.<\/p>\n<p>\u00c0 qui profite la rumeur d\u2019une possible activation des \u00ab&nbsp;pouvoirs exceptionnels&nbsp;\u00bb \u2013 puisque c\u2019est de cela qu\u2019il s\u2019agit \u2013 du chef de l\u2019\u00c9tat&nbsp;? Relayant des \u00ab&nbsp;bruits de couloirs \u00e9lys\u00e9ens&nbsp;\u00bb, nos confr\u00e8res d\u2019Europe&nbsp;1&nbsp;ont rapport\u00e9 une discussion qu\u2019Emmanuel Macron aurait eue avec ses proches, sur un possible d\u00e9clenchement de l\u2019article&nbsp;16 en cas de \u00ab&nbsp;chienlit&nbsp;parlementaire&nbsp;\u00bb, de majorit\u00e9 introuvable, apr\u00e8s les \u00e9lections l\u00e9gislatives des 30&nbsp;juin et 7&nbsp;juillet prochains.<\/p>\n<section class=\"mbl txtcenter\">\n<h2>Un seul pr\u00e9c\u00e9dent, lors du putsch d\u2019Alger<\/h2>\n<p>On ne conna\u00eet qu\u2019un seul pr\u00e9c\u00e9dent de l\u2019utilisation de cette arme nucl\u00e9aro-constitutionnelle, depuis&nbsp;1958&nbsp;et le d\u00e9but de la V<sup>e<\/sup>&nbsp;R\u00e9publique&nbsp;: celle que le g\u00e9n\u00e9ral de Gaulle en fit du 23&nbsp;avril au&nbsp;29&nbsp;septembre 1961, apr\u00e8s le&nbsp;putsch d\u2019Alger, coup d\u2019\u00c9tat manqu\u00e9 men\u00e9 par \u00ab&nbsp;un quarteron de g\u00e9n\u00e9raux \u00e0 la retraite&nbsp;\u00bb. Neuf mois de pouvoirs exceptionnels avaient permis au g\u00e9n\u00e9ral de r\u00e9tablir l\u2019ordre et, constateront am\u00e8rement ses adversaires, de prendre de mani\u00e8re discr\u00e9tionnaire toute une s\u00e9rie de mesures n\u2019ayant qu\u2019un lointain rapport avec les \u00ab&nbsp;\u00e9v\u00e9nements&nbsp;\u00bb.<\/p>\n<p>L\u2019ordre formel donn\u00e9 aux militaires comme aux civils de demeurer \u00ab&nbsp;dans l\u2019ob\u00e9issance au pouvoir l\u00e9gal&nbsp;\u00bb, dans un message radiot\u00e9l\u00e9vis\u00e9 prononc\u00e9 en uniforme et sur un ton martial, le 23&nbsp;avril 1961, a laiss\u00e9 des traces dans l\u2019inconscient collectif.<\/p>\n<p>Emmanuel Macron sera-t-il le deuxi\u00e8me pr\u00e9sident de la V<sup>e<\/sup> \u00e0 actionner l\u2019article&nbsp;16, qu\u2019aucun autre ne s\u2019est risqu\u00e9 \u00e0 utiliser depuis de Gaulle&nbsp;? Peut-il songer s\u00e9rieusement, \u00e0 46&nbsp;ans, entamer une carri\u00e8re de dictateur&nbsp;?<\/p>\n<h2>Ce que dit l\u2019article&nbsp;16<\/h2>\n<p>Pour le savoir, le mieux est encore de lire le texte. Or, celui-ci est on ne peut plus clair&nbsp;: pour instaurer ces \u00ab&nbsp;pleins pouvoirs&nbsp;\u00bb, qui portent gravement atteinte au principe de la s\u00e9paration des pouvoirs \u2013 l\u2019ex\u00e9cutif et le l\u00e9gislatif \u2013, deux conditions doivent \u00eatre r\u00e9unies&nbsp;: les institutions, l\u2019ind\u00e9pendance de la Nation, l\u2019int\u00e9grit\u00e9 du territoire ou l\u2019ex\u00e9cution de ses engagements internationaux doivent \u00eatre \u00ab&nbsp;menac\u00e9es&nbsp;de mani\u00e8re grave et imm\u00e9diate&nbsp;\u00bb <em>et<\/em> \u2013 ce n\u2019est pas un <em>ou<\/em>, les deux conditions sont cumulatives \u2013 \u00ab&nbsp;le fonctionnement r\u00e9gulier des pouvoirs publics constitutionnel doit \u00eatre interrompu&nbsp;\u00bb. Autant dire qu\u2019il&nbsp;faudrait beaucoup plus qu\u2019un simple blocage parlementaire pour que le chef de l\u2019\u00c9tat puisse appuyer sur cette touche.<\/p>\n<section class=\"mbl txtcenter\">\n<p>Le pr\u00e9sident, dont on mesure chaque jour l\u2019intr\u00e9pidit\u00e9, pourrait y songer, mais \u00e0 ses risques et p\u00e9rils. Un double verrou, politique et juridictionnel, est cens\u00e9, en effet, emp\u00eacher un recours abusif \u00e0 l\u2019inqui\u00e9tant article&nbsp;16. Verrou que la r\u00e9forme constitutionnelle du 23&nbsp;juillet 2008 a renforc\u00e9 de mani\u00e8re salutaire. Un nouvel alin\u00e9a, ainsi r\u00e9dig\u00e9, pr\u00e9cise d\u00e9sormais qu\u2019\u00ab&nbsp;apr\u00e8s trente jours d\u2019exercice des pouvoirs exceptionnels, le Conseil constitutionnel peut \u00eatre saisi par le pr\u00e9sident de l\u2019Assembl\u00e9e nationale, le pr\u00e9sident du S\u00e9nat, soixante d\u00e9put\u00e9s ou s\u00e9nateurs aux fins d\u2019examiner si les conditions \u00e9nonc\u00e9es au premier alin\u00e9a [pour instaurer les pouvoirs exceptionnels] sont r\u00e9unies&nbsp;\u00bb.<\/p>\n<p>De surcro\u00eet, le Conseil constitutionnel \u00ab&nbsp;proc\u00e8de de plein droit \u00e0 cet examen [\u2026] au terme de soixante jours d\u2019exercice des pouvoirs exceptionnels et \u00e0 tout moment au-del\u00e0 de cette date&nbsp;\u00bb.<\/p>\n<p>Contr\u00f4le facultatif d\u00e8s trente jours, contr\u00f4le de plein droit apr\u00e8s deux mois&nbsp;: bien qu\u2019exorbitants, les pouvoirs conf\u00e9r\u00e9s par l\u2019article&nbsp;16 ne sauraient donc \u00eatre ni illimit\u00e9s dans le temps&nbsp;ni incontr\u00f4l\u00e9s dans les faits, d\u2019autant que l\u2019Assembl\u00e9e ne peut \u00eatre dissoute sous ce r\u00e9gime d\u2019exception \u2013 de m\u00eame que le pr\u00e9sident omnipotent ne peut emp\u00eacher, dans ce contexte, le Parlement de se r\u00e9unir&nbsp;ni engager une r\u00e9vision constitutionnelle.<\/p>\n<section class=\"mbl txtcenter\">\n<p>\u00c0 ce contr\u00f4le institutionnel s\u2019ajoute un contr\u00f4le juridictionnel et politique. Les d\u00e9cisions pr\u00e9sidentielles qui seraient prises en application de l\u2019article&nbsp;16 \u00ab&nbsp;peuvent \u00eatre contr\u00f4l\u00e9es par le juge administratif [le Conseil d\u2019\u00c9tat, principalement] dans le domaine du r\u00e8glement [d\u00e9crets]&nbsp;\u00bb, pr\u00e9cise le Conseil constitutionnel dans une d\u00e9cision&nbsp;consacr\u00e9e \u00e0 l\u2019article&nbsp;16. Et de rappeler qu\u2019en vertu de l\u2019article&nbsp;68 de la Constitution, l\u2019apprenti dictateur qui abuserait de ses pr\u00e9rogatives pourrait \u00eatre destitu\u00e9 par le Parlement constitu\u00e9 en Haute Cour, \u00ab&nbsp;en cas de manquement \u00e0 ses devoirs manifestement incompatibles avec l\u2019exercice de son mandat&nbsp;\u00bb [article&nbsp;68].<\/p>\n<p>Voil\u00e0 qui nous rassure, tant les pouvoirs exceptionnels peuvent \u00eatre dangereux, quand ils sont instaur\u00e9s. En vertu de l\u2019article&nbsp;16, le pr\u00e9sident prend \u00ab&nbsp;toutes les mesures&nbsp;\u00bb dict\u00e9es par les circonstances. Il se substitue&nbsp;au Parlement (pouvoir l\u00e9gislatif) mais peut&nbsp;aussi exercer le pouvoir r\u00e9glementaire sans en r\u00e9f\u00e9rer \u00e0 son Premier ministre et \u00e0 ses ministres.&nbsp;Une limite, tout de m\u00eame&nbsp;: le Conseil constitutionnel doit \u00eatre consult\u00e9 sur chacune des mesures prises.<\/p>\n<h2>\u00ab&nbsp;La crise \u00e9pouvantable de 1940&nbsp;\u00bb<\/h2>\n<p>Au moment de la r\u00e9daction de la Constitution, Charles de Gaulle tenait dur comme fer \u00e0 la possibilit\u00e9 de doter le pr\u00e9sident d\u2019un pouvoir d\u2019exception, gardant grav\u00e9 dans sa m\u00e9moire le souvenir \u00ab&nbsp;\u00e9pouvantable&nbsp;\u00bb de 1940. Le 22&nbsp;juin de cette ann\u00e9e noire, P\u00e9tain signait l\u2019armistice&nbsp;; la France se divisait en deux zones, l\u2019une \u00ab&nbsp;libre&nbsp;\u00bb, l\u2019autre occup\u00e9e. Un mois plus tard, le Parlement votait les pleins pouvoirs au mar\u00e9chal.&nbsp;Pour de Gaulle, l\u2019article&nbsp;16 permettait&nbsp;de \u00ab&nbsp;pr\u00e9server l\u2019\u00c9tat&nbsp;\u00bb face \u00e0 des circonstances d\u2019une exceptionnelle gravit\u00e9.<\/p>\n<p>Dans une formule g\u00e9niale, le grand juriste&nbsp;Ren\u00e9 Capitant a pu qualifier ainsi&nbsp;l\u2019article&nbsp;16 de \u00ab&nbsp;constitutionnalisation de l\u2019appel du 18&nbsp;juin 1940&nbsp;\u00bb. Le constitutionnaliste&nbsp;Jean Gicquel avait&nbsp;qualifi\u00e9, pour sa part, son d\u00e9clenchement \u00e0 une \u00ab&nbsp;dictature temporaire en p\u00e9riode de n\u00e9cessit\u00e9&nbsp;\u00bb, comparable \u00e0 celle qu\u2019avait pu conna\u00eetre la Rome antique.<\/p>\n<p>La deuxi\u00e8me raison invoqu\u00e9e par le g\u00e9n\u00e9ral de Gaulle, au b\u00e9n\u00e9fice de l\u2019article&nbsp;16, fut la peur d\u2019une \u00ab&nbsp;r\u00e9volution de l\u2019int\u00e9rieur&nbsp;\u00bb men\u00e9e par les&nbsp;communistes. Il dira ainsi&nbsp;: \u00ab&nbsp;Nous avons \u00e0 l\u2019int\u00e9rieur de notre pays un nombre consid\u00e9rable, h\u00e9las, de Fran\u00e7ais qui ne jouent plus pour la France [\u2026] et nous pouvons nous trouver, d\u2019un moment \u00e0 l\u2019autre, dans une crise indescriptible.&nbsp;\u00bb<\/p>\n<p>Nous n\u2019en sommes&nbsp;pas l\u00e0, heureusement. Mais le simple fait d\u2019y songer \u2013 la rumeur a depuis \u00e9t\u00e9 d\u00e9mentie&nbsp;par l\u2019\u00c9lys\u00e9e \u2013 est d\u00e9j\u00e0, en soi, inqui\u00e9tant.<\/p>\n<\/section>\n<\/section>\n<\/section>\n<\/section>\n<\/div>\n<p> <img decoding=\"async\" src=\"https:\/\/www.cc3rivieres76.com\/blog\/wp-content\/uploads\/2024\/06\/infos-francaises-pourquoi-emmanuel-macron-ne-doit-meme-pas-y-songer-france.jpg\" alt=\"pourquoi Emmanuel Macron ne doit m\u00eame pas y songer\"><\/p>\n<p>#pourquoi #Emmanuel #Macron #doit #m\u00eame #pas #songer<\/p>\n<p>Reprise de l\u2019information dans un style journalistique professionnel descriptif en organisant les id\u00e9es dans un ordre coh\u00e9rent avec titres html <\/p>\n<p>Livres sur un th\u00e8me concordant:<\/p>\n<p>Histoire de la France m\u00e9di\u00e9vale.,<a href=\"https:\/\/fr.wikibooks.org\/wiki\/Histoire_de_la_France_m%C3%A9di%C3%A9vale\" target=\"_blank\" rel=\"noopener noreferrer nofollow\">Infos sur l\u2019ouvrage<\/a><span><\/span>. Disponible \u00e0 CULTURA.<\/p>\n<p>La France de la Belle \u00c9poque.,<a href=\"https:\/\/www.kobo.com\/fr\/fr\/ebook\/la-france-de-la-belle-epoque\" target=\"_blank\" rel=\"noopener noreferrer nofollow\">Informations sur ce livre<\/a><span><\/span>. Disponible chez votre libraire.<\/p>\n<p>Photographie\/Personnalit\u00e9s\/V\/Agn\u00e8s Varda.,<a href=\"https:\/\/fr.wikibooks.org\/wiki\/Photographie\/Personnalit%C3%A9s\/V\/Agn%C3%A8s_Varda\" target=\"_blank\" rel=\"noopener noreferrer nofollow\">Clique ICI <\/a><span><\/span>.<\/p>\n<p> Cet article, qui traite du th\u00e8me \u00ab\u00a0Les 3 rivi\u00e8res dans la Somme\u00a0\u00bb, vous est sp\u00e9cialement sugg\u00e9r\u00e9 par cc3rivieres76.com. La chronique est reproduite du mieux possible. Dans le cas o\u00f9 vous souhaitez apporter quelques pr\u00e9cisions concernant le domaine de \u00ab\u00a0Les 3 rivi\u00e8res dans la Somme\u00a0\u00bb vous pouvez solliciter notre r\u00e9daction. La destination de cc3rivieres76.com est de d\u00e9battre de Les 3 rivi\u00e8res dans la Somme dans la transparence en vous apportant la connaissance de tout ce qui est en lien avec ce sujet sur la toile Connectez-vous sur notre site cc3rivieres76.com et nos r\u00e9seaux sociaux dans le but d\u2019\u00eatre inform\u00e9 des futures publications.<\/p>\n","protected":false},"excerpt":{"rendered":"<p>Voici un tout nouvel article qui va parfaire notre revue de presse sur \u00ab&nbsp;Actualit\u00e9 fran\u00e7aise&nbsp;\u00bb. Publi\u00e9 sur Le Point \u2013 Politique, l\u2019article suivant Signature . Date et heure de la r\u00e9ception de la d\u00e9p\u00e9che sur notre fil d\u2019info: Date et heure de publication sur internet: Titre exacte donn\u00e9 par le journal \u00e9tait: pourquoi Emmanuel Macron &hellip; <\/p>\n<p class=\"link-more\"><a href=\"https:\/\/www.cc3rivieres76.com\/blog\/infos-francaises-pourquoi-emmanuel-macron-ne-doit-meme-pas-y-songer-france\/\" class=\"more-link\">Continuer la lecture <span class=\"screen-reader-text\"> \u00ab\u00a0Infos fran\u00e7aises: pourquoi Emmanuel Macron ne doit m\u00eame pas y songer #France\u00a0\u00bb<\/span><\/a><\/p>\n","protected":false},"author":3,"featured_media":379,"comment_status":"closed","ping_status":"closed","sticky":false,"template":"","format":"standard","meta":{"footnotes":""},"categories":[2],"tags":[],"class_list":["post-378","post","type-post","status-publish","format-standard","has-post-thumbnail","hentry","category-les-3-rivieres-dans-la-somme","entry"],"yoast_head":"<!-- This site is optimized with the Yoast SEO plugin v27.5 - https:\/\/yoast.com\/product\/yoast-seo-wordpress\/ -->\n<title>Infos fran\u00e7aises: pourquoi Emmanuel Macron ne doit m\u00eame pas y songer #France - CC3RIVIERES76<\/title>\n<meta name=\"robots\" content=\"index, follow, max-snippet:-1, max-image-preview:large, max-video-preview:-1\" \/>\n<link rel=\"canonical\" href=\"https:\/\/www.cc3rivieres76.com\/blog\/infos-francaises-pourquoi-emmanuel-macron-ne-doit-meme-pas-y-songer-france\/\" \/>\n<meta property=\"og:locale\" content=\"fr_FR\" \/>\n<meta property=\"og:type\" content=\"article\" \/>\n<meta property=\"og:title\" content=\"Infos fran\u00e7aises: pourquoi Emmanuel Macron ne doit m\u00eame pas y songer #France - CC3RIVIERES76\" \/>\n<meta property=\"og:description\" content=\"Voici un tout nouvel article qui va parfaire notre revue de presse sur \u00ab&nbsp;Actualit\u00e9 fran\u00e7aise&nbsp;\u00bb. Publi\u00e9 sur Le Point \u2013 Politique, l\u2019article suivant Signature . Date et heure de la r\u00e9ception de la d\u00e9p\u00e9che sur notre fil d\u2019info: Date et heure de publication sur internet: Titre exacte donn\u00e9 par le journal \u00e9tait: pourquoi Emmanuel Macron &hellip; Continuer la lecture \u00ab\u00a0Infos fran\u00e7aises: pourquoi Emmanuel Macron ne doit m\u00eame pas y songer #France\u00a0\u00bb\" \/>\n<meta property=\"og:url\" content=\"https:\/\/www.cc3rivieres76.com\/blog\/infos-francaises-pourquoi-emmanuel-macron-ne-doit-meme-pas-y-songer-france\/\" \/>\n<meta property=\"og:site_name\" content=\"CC3RIVIERES76\" \/>\n<meta property=\"article:published_time\" content=\"2024-06-24T14:52:00+00:00\" \/>\n<meta property=\"og:image\" content=\"https:\/\/www.cc3rivieres76.com\/blog\/wp-content\/uploads\/2024\/06\/infos-francaises-pourquoi-emmanuel-macron-ne-doit-meme-pas-y-songer-france.jpg\" \/>\n<meta name=\"author\" content=\"Sylvie DE LAUZAINGHEIN\" \/>\n<meta name=\"twitter:card\" content=\"summary_large_image\" \/>\n<meta name=\"twitter:label1\" content=\"\u00c9crit par\" \/>\n\t<meta name=\"twitter:data1\" content=\"Sylvie DE LAUZAINGHEIN\" \/>\n\t<meta name=\"twitter:label2\" content=\"Dur\u00e9e de lecture estim\u00e9e\" \/>\n\t<meta name=\"twitter:data2\" content=\"8 minutes\" \/>\n<script type=\"application\/ld+json\" class=\"yoast-schema-graph\">{\"@context\":\"https:\\\/\\\/schema.org\",\"@graph\":[{\"@type\":\"Article\",\"@id\":\"https:\\\/\\\/www.cc3rivieres76.com\\\/blog\\\/infos-francaises-pourquoi-emmanuel-macron-ne-doit-meme-pas-y-songer-france\\\/#article\",\"isPartOf\":{\"@id\":\"https:\\\/\\\/www.cc3rivieres76.com\\\/blog\\\/infos-francaises-pourquoi-emmanuel-macron-ne-doit-meme-pas-y-songer-france\\\/\"},\"author\":{\"name\":\"Sylvie DE LAUZAINGHEIN\",\"@id\":\"https:\\\/\\\/www.cc3rivieres76.com\\\/blog\\\/#\\\/schema\\\/person\\\/474d457fb7747b5218f39792dfaa5a1c\"},\"headline\":\"Infos fran\u00e7aises: pourquoi Emmanuel Macron ne doit m\u00eame pas y songer #France\",\"datePublished\":\"2024-06-24T14:52:00+00:00\",\"mainEntityOfPage\":{\"@id\":\"https:\\\/\\\/www.cc3rivieres76.com\\\/blog\\\/infos-francaises-pourquoi-emmanuel-macron-ne-doit-meme-pas-y-songer-france\\\/\"},\"wordCount\":1704,\"publisher\":{\"@id\":\"https:\\\/\\\/www.cc3rivieres76.com\\\/blog\\\/#organization\"},\"image\":{\"@id\":\"https:\\\/\\\/www.cc3rivieres76.com\\\/blog\\\/infos-francaises-pourquoi-emmanuel-macron-ne-doit-meme-pas-y-songer-france\\\/#primaryimage\"},\"thumbnailUrl\":\"https:\\\/\\\/www.cc3rivieres76.com\\\/blog\\\/wp-content\\\/uploads\\\/2024\\\/06\\\/infos-francaises-pourquoi-emmanuel-macron-ne-doit-meme-pas-y-songer-france.jpg\",\"articleSection\":[\"Les 3 Rivi\u00e8res Dans La Somme:\"],\"inLanguage\":\"fr-FR\"},{\"@type\":\"WebPage\",\"@id\":\"https:\\\/\\\/www.cc3rivieres76.com\\\/blog\\\/infos-francaises-pourquoi-emmanuel-macron-ne-doit-meme-pas-y-songer-france\\\/\",\"url\":\"https:\\\/\\\/www.cc3rivieres76.com\\\/blog\\\/infos-francaises-pourquoi-emmanuel-macron-ne-doit-meme-pas-y-songer-france\\\/\",\"name\":\"Infos fran\u00e7aises: pourquoi Emmanuel Macron ne doit m\u00eame pas y songer #France - CC3RIVIERES76\",\"isPartOf\":{\"@id\":\"https:\\\/\\\/www.cc3rivieres76.com\\\/blog\\\/#website\"},\"primaryImageOfPage\":{\"@id\":\"https:\\\/\\\/www.cc3rivieres76.com\\\/blog\\\/infos-francaises-pourquoi-emmanuel-macron-ne-doit-meme-pas-y-songer-france\\\/#primaryimage\"},\"image\":{\"@id\":\"https:\\\/\\\/www.cc3rivieres76.com\\\/blog\\\/infos-francaises-pourquoi-emmanuel-macron-ne-doit-meme-pas-y-songer-france\\\/#primaryimage\"},\"thumbnailUrl\":\"https:\\\/\\\/www.cc3rivieres76.com\\\/blog\\\/wp-content\\\/uploads\\\/2024\\\/06\\\/infos-francaises-pourquoi-emmanuel-macron-ne-doit-meme-pas-y-songer-france.jpg\",\"datePublished\":\"2024-06-24T14:52:00+00:00\",\"breadcrumb\":{\"@id\":\"https:\\\/\\\/www.cc3rivieres76.com\\\/blog\\\/infos-francaises-pourquoi-emmanuel-macron-ne-doit-meme-pas-y-songer-france\\\/#breadcrumb\"},\"inLanguage\":\"fr-FR\",\"potentialAction\":[{\"@type\":\"ReadAction\",\"target\":[\"https:\\\/\\\/www.cc3rivieres76.com\\\/blog\\\/infos-francaises-pourquoi-emmanuel-macron-ne-doit-meme-pas-y-songer-france\\\/\"]}]},{\"@type\":\"ImageObject\",\"inLanguage\":\"fr-FR\",\"@id\":\"https:\\\/\\\/www.cc3rivieres76.com\\\/blog\\\/infos-francaises-pourquoi-emmanuel-macron-ne-doit-meme-pas-y-songer-france\\\/#primaryimage\",\"url\":\"https:\\\/\\\/www.cc3rivieres76.com\\\/blog\\\/wp-content\\\/uploads\\\/2024\\\/06\\\/infos-francaises-pourquoi-emmanuel-macron-ne-doit-meme-pas-y-songer-france.jpg\",\"contentUrl\":\"https:\\\/\\\/www.cc3rivieres76.com\\\/blog\\\/wp-content\\\/uploads\\\/2024\\\/06\\\/infos-francaises-pourquoi-emmanuel-macron-ne-doit-meme-pas-y-songer-france.jpg\",\"width\":1440,\"height\":960,\"caption\":\"Infos fran\u00e7aises: pourquoi Emmanuel Macron ne doit m\u00eame pas y songer #France\"},{\"@type\":\"BreadcrumbList\",\"@id\":\"https:\\\/\\\/www.cc3rivieres76.com\\\/blog\\\/infos-francaises-pourquoi-emmanuel-macron-ne-doit-meme-pas-y-songer-france\\\/#breadcrumb\",\"itemListElement\":[{\"@type\":\"ListItem\",\"position\":1,\"name\":\"Accueil\",\"item\":\"https:\\\/\\\/www.cc3rivieres76.com\\\/blog\\\/\"},{\"@type\":\"ListItem\",\"position\":2,\"name\":\"Infos fran\u00e7aises: pourquoi Emmanuel Macron ne doit m\u00eame pas y songer #France\"}]},{\"@type\":\"WebSite\",\"@id\":\"https:\\\/\\\/www.cc3rivieres76.com\\\/blog\\\/#website\",\"url\":\"https:\\\/\\\/www.cc3rivieres76.com\\\/blog\\\/\",\"name\":\"CC3RIVIERES76\",\"description\":\"Les 3 rivi\u00e8res dans la Somme.\",\"publisher\":{\"@id\":\"https:\\\/\\\/www.cc3rivieres76.com\\\/blog\\\/#organization\"},\"potentialAction\":[{\"@type\":\"SearchAction\",\"target\":{\"@type\":\"EntryPoint\",\"urlTemplate\":\"https:\\\/\\\/www.cc3rivieres76.com\\\/blog\\\/?s={search_term_string}\"},\"query-input\":{\"@type\":\"PropertyValueSpecification\",\"valueRequired\":true,\"valueName\":\"search_term_string\"}}],\"inLanguage\":\"fr-FR\"},{\"@type\":\"Organization\",\"@id\":\"https:\\\/\\\/www.cc3rivieres76.com\\\/blog\\\/#organization\",\"name\":\"cc3rivieres76\",\"url\":\"https:\\\/\\\/www.cc3rivieres76.com\\\/blog\\\/\",\"logo\":{\"@type\":\"ImageObject\",\"inLanguage\":\"fr-FR\",\"@id\":\"https:\\\/\\\/www.cc3rivieres76.com\\\/blog\\\/#\\\/schema\\\/logo\\\/image\\\/\",\"url\":\"https:\\\/\\\/www.cc3rivieres76.com\\\/blog\\\/wp-content\\\/uploads\\\/2023\\\/06\\\/logo-2.png\",\"contentUrl\":\"https:\\\/\\\/www.cc3rivieres76.com\\\/blog\\\/wp-content\\\/uploads\\\/2023\\\/06\\\/logo-2.png\",\"width\":390,\"height\":388,\"caption\":\"cc3rivieres76\"},\"image\":{\"@id\":\"https:\\\/\\\/www.cc3rivieres76.com\\\/blog\\\/#\\\/schema\\\/logo\\\/image\\\/\"}},{\"@type\":\"Person\",\"@id\":\"https:\\\/\\\/www.cc3rivieres76.com\\\/blog\\\/#\\\/schema\\\/person\\\/474d457fb7747b5218f39792dfaa5a1c\",\"name\":\"Sylvie DE LAUZAINGHEIN\",\"image\":{\"@type\":\"ImageObject\",\"inLanguage\":\"fr-FR\",\"@id\":\"https:\\\/\\\/secure.gravatar.com\\\/avatar\\\/9c6a53b19e0a3431aa80de0895b9729fe665cd7e7d6cc94fc11abb152f4237d7?s=96&d=mm&r=g\",\"url\":\"https:\\\/\\\/secure.gravatar.com\\\/avatar\\\/9c6a53b19e0a3431aa80de0895b9729fe665cd7e7d6cc94fc11abb152f4237d7?s=96&d=mm&r=g\",\"contentUrl\":\"https:\\\/\\\/secure.gravatar.com\\\/avatar\\\/9c6a53b19e0a3431aa80de0895b9729fe665cd7e7d6cc94fc11abb152f4237d7?s=96&d=mm&r=g\",\"caption\":\"Sylvie DE LAUZAINGHEIN\"},\"url\":\"https:\\\/\\\/www.cc3rivieres76.com\\\/blog\\\/author\\\/s76sylvie\\\/\"}]}<\/script>\n<!-- \/ Yoast SEO plugin. -->","yoast_head_json":{"title":"Infos fran\u00e7aises: pourquoi Emmanuel Macron ne doit m\u00eame pas y songer #France - CC3RIVIERES76","robots":{"index":"index","follow":"follow","max-snippet":"max-snippet:-1","max-image-preview":"max-image-preview:large","max-video-preview":"max-video-preview:-1"},"canonical":"https:\/\/www.cc3rivieres76.com\/blog\/infos-francaises-pourquoi-emmanuel-macron-ne-doit-meme-pas-y-songer-france\/","og_locale":"fr_FR","og_type":"article","og_title":"Infos fran\u00e7aises: pourquoi Emmanuel Macron ne doit m\u00eame pas y songer #France - CC3RIVIERES76","og_description":"Voici un tout nouvel article qui va parfaire notre revue de presse sur \u00ab&nbsp;Actualit\u00e9 fran\u00e7aise&nbsp;\u00bb. Publi\u00e9 sur Le Point \u2013 Politique, l\u2019article suivant Signature . Date et heure de la r\u00e9ception de la d\u00e9p\u00e9che sur notre fil d\u2019info: Date et heure de publication sur internet: Titre exacte donn\u00e9 par le journal \u00e9tait: pourquoi Emmanuel Macron &hellip; Continuer la lecture \u00ab\u00a0Infos fran\u00e7aises: pourquoi Emmanuel Macron ne doit m\u00eame pas y songer #France\u00a0\u00bb","og_url":"https:\/\/www.cc3rivieres76.com\/blog\/infos-francaises-pourquoi-emmanuel-macron-ne-doit-meme-pas-y-songer-france\/","og_site_name":"CC3RIVIERES76","article_published_time":"2024-06-24T14:52:00+00:00","og_image":[{"url":"https:\/\/www.cc3rivieres76.com\/blog\/wp-content\/uploads\/2024\/06\/infos-francaises-pourquoi-emmanuel-macron-ne-doit-meme-pas-y-songer-france.jpg","type":"","width":"","height":""}],"author":"Sylvie DE LAUZAINGHEIN","twitter_card":"summary_large_image","twitter_misc":{"\u00c9crit par":"Sylvie DE LAUZAINGHEIN","Dur\u00e9e de lecture estim\u00e9e":"8 minutes"},"schema":{"@context":"https:\/\/schema.org","@graph":[{"@type":"Article","@id":"https:\/\/www.cc3rivieres76.com\/blog\/infos-francaises-pourquoi-emmanuel-macron-ne-doit-meme-pas-y-songer-france\/#article","isPartOf":{"@id":"https:\/\/www.cc3rivieres76.com\/blog\/infos-francaises-pourquoi-emmanuel-macron-ne-doit-meme-pas-y-songer-france\/"},"author":{"name":"Sylvie DE LAUZAINGHEIN","@id":"https:\/\/www.cc3rivieres76.com\/blog\/#\/schema\/person\/474d457fb7747b5218f39792dfaa5a1c"},"headline":"Infos fran\u00e7aises: pourquoi Emmanuel Macron ne doit m\u00eame pas y songer #France","datePublished":"2024-06-24T14:52:00+00:00","mainEntityOfPage":{"@id":"https:\/\/www.cc3rivieres76.com\/blog\/infos-francaises-pourquoi-emmanuel-macron-ne-doit-meme-pas-y-songer-france\/"},"wordCount":1704,"publisher":{"@id":"https:\/\/www.cc3rivieres76.com\/blog\/#organization"},"image":{"@id":"https:\/\/www.cc3rivieres76.com\/blog\/infos-francaises-pourquoi-emmanuel-macron-ne-doit-meme-pas-y-songer-france\/#primaryimage"},"thumbnailUrl":"https:\/\/www.cc3rivieres76.com\/blog\/wp-content\/uploads\/2024\/06\/infos-francaises-pourquoi-emmanuel-macron-ne-doit-meme-pas-y-songer-france.jpg","articleSection":["Les 3 Rivi\u00e8res Dans La Somme:"],"inLanguage":"fr-FR"},{"@type":"WebPage","@id":"https:\/\/www.cc3rivieres76.com\/blog\/infos-francaises-pourquoi-emmanuel-macron-ne-doit-meme-pas-y-songer-france\/","url":"https:\/\/www.cc3rivieres76.com\/blog\/infos-francaises-pourquoi-emmanuel-macron-ne-doit-meme-pas-y-songer-france\/","name":"Infos fran\u00e7aises: pourquoi Emmanuel Macron ne doit m\u00eame pas y songer #France - CC3RIVIERES76","isPartOf":{"@id":"https:\/\/www.cc3rivieres76.com\/blog\/#website"},"primaryImageOfPage":{"@id":"https:\/\/www.cc3rivieres76.com\/blog\/infos-francaises-pourquoi-emmanuel-macron-ne-doit-meme-pas-y-songer-france\/#primaryimage"},"image":{"@id":"https:\/\/www.cc3rivieres76.com\/blog\/infos-francaises-pourquoi-emmanuel-macron-ne-doit-meme-pas-y-songer-france\/#primaryimage"},"thumbnailUrl":"https:\/\/www.cc3rivieres76.com\/blog\/wp-content\/uploads\/2024\/06\/infos-francaises-pourquoi-emmanuel-macron-ne-doit-meme-pas-y-songer-france.jpg","datePublished":"2024-06-24T14:52:00+00:00","breadcrumb":{"@id":"https:\/\/www.cc3rivieres76.com\/blog\/infos-francaises-pourquoi-emmanuel-macron-ne-doit-meme-pas-y-songer-france\/#breadcrumb"},"inLanguage":"fr-FR","potentialAction":[{"@type":"ReadAction","target":["https:\/\/www.cc3rivieres76.com\/blog\/infos-francaises-pourquoi-emmanuel-macron-ne-doit-meme-pas-y-songer-france\/"]}]},{"@type":"ImageObject","inLanguage":"fr-FR","@id":"https:\/\/www.cc3rivieres76.com\/blog\/infos-francaises-pourquoi-emmanuel-macron-ne-doit-meme-pas-y-songer-france\/#primaryimage","url":"https:\/\/www.cc3rivieres76.com\/blog\/wp-content\/uploads\/2024\/06\/infos-francaises-pourquoi-emmanuel-macron-ne-doit-meme-pas-y-songer-france.jpg","contentUrl":"https:\/\/www.cc3rivieres76.com\/blog\/wp-content\/uploads\/2024\/06\/infos-francaises-pourquoi-emmanuel-macron-ne-doit-meme-pas-y-songer-france.jpg","width":1440,"height":960,"caption":"Infos fran\u00e7aises: pourquoi Emmanuel Macron ne doit m\u00eame pas y songer #France"},{"@type":"BreadcrumbList","@id":"https:\/\/www.cc3rivieres76.com\/blog\/infos-francaises-pourquoi-emmanuel-macron-ne-doit-meme-pas-y-songer-france\/#breadcrumb","itemListElement":[{"@type":"ListItem","position":1,"name":"Accueil","item":"https:\/\/www.cc3rivieres76.com\/blog\/"},{"@type":"ListItem","position":2,"name":"Infos fran\u00e7aises: pourquoi Emmanuel Macron ne doit m\u00eame pas y songer #France"}]},{"@type":"WebSite","@id":"https:\/\/www.cc3rivieres76.com\/blog\/#website","url":"https:\/\/www.cc3rivieres76.com\/blog\/","name":"CC3RIVIERES76","description":"Les 3 rivi\u00e8res dans la Somme.","publisher":{"@id":"https:\/\/www.cc3rivieres76.com\/blog\/#organization"},"potentialAction":[{"@type":"SearchAction","target":{"@type":"EntryPoint","urlTemplate":"https:\/\/www.cc3rivieres76.com\/blog\/?s={search_term_string}"},"query-input":{"@type":"PropertyValueSpecification","valueRequired":true,"valueName":"search_term_string"}}],"inLanguage":"fr-FR"},{"@type":"Organization","@id":"https:\/\/www.cc3rivieres76.com\/blog\/#organization","name":"cc3rivieres76","url":"https:\/\/www.cc3rivieres76.com\/blog\/","logo":{"@type":"ImageObject","inLanguage":"fr-FR","@id":"https:\/\/www.cc3rivieres76.com\/blog\/#\/schema\/logo\/image\/","url":"https:\/\/www.cc3rivieres76.com\/blog\/wp-content\/uploads\/2023\/06\/logo-2.png","contentUrl":"https:\/\/www.cc3rivieres76.com\/blog\/wp-content\/uploads\/2023\/06\/logo-2.png","width":390,"height":388,"caption":"cc3rivieres76"},"image":{"@id":"https:\/\/www.cc3rivieres76.com\/blog\/#\/schema\/logo\/image\/"}},{"@type":"Person","@id":"https:\/\/www.cc3rivieres76.com\/blog\/#\/schema\/person\/474d457fb7747b5218f39792dfaa5a1c","name":"Sylvie DE LAUZAINGHEIN","image":{"@type":"ImageObject","inLanguage":"fr-FR","@id":"https:\/\/secure.gravatar.com\/avatar\/9c6a53b19e0a3431aa80de0895b9729fe665cd7e7d6cc94fc11abb152f4237d7?s=96&d=mm&r=g","url":"https:\/\/secure.gravatar.com\/avatar\/9c6a53b19e0a3431aa80de0895b9729fe665cd7e7d6cc94fc11abb152f4237d7?s=96&d=mm&r=g","contentUrl":"https:\/\/secure.gravatar.com\/avatar\/9c6a53b19e0a3431aa80de0895b9729fe665cd7e7d6cc94fc11abb152f4237d7?s=96&d=mm&r=g","caption":"Sylvie DE LAUZAINGHEIN"},"url":"https:\/\/www.cc3rivieres76.com\/blog\/author\/s76sylvie\/"}]}},"_links":{"self":[{"href":"https:\/\/www.cc3rivieres76.com\/blog\/wp-json\/wp\/v2\/posts\/378","targetHints":{"allow":["GET"]}}],"collection":[{"href":"https:\/\/www.cc3rivieres76.com\/blog\/wp-json\/wp\/v2\/posts"}],"about":[{"href":"https:\/\/www.cc3rivieres76.com\/blog\/wp-json\/wp\/v2\/types\/post"}],"author":[{"embeddable":true,"href":"https:\/\/www.cc3rivieres76.com\/blog\/wp-json\/wp\/v2\/users\/3"}],"replies":[{"embeddable":true,"href":"https:\/\/www.cc3rivieres76.com\/blog\/wp-json\/wp\/v2\/comments?post=378"}],"version-history":[{"count":0,"href":"https:\/\/www.cc3rivieres76.com\/blog\/wp-json\/wp\/v2\/posts\/378\/revisions"}],"wp:featuredmedia":[{"embeddable":true,"href":"https:\/\/www.cc3rivieres76.com\/blog\/wp-json\/wp\/v2\/media\/379"}],"wp:attachment":[{"href":"https:\/\/www.cc3rivieres76.com\/blog\/wp-json\/wp\/v2\/media?parent=378"}],"wp:term":[{"taxonomy":"category","embeddable":true,"href":"https:\/\/www.cc3rivieres76.com\/blog\/wp-json\/wp\/v2\/categories?post=378"},{"taxonomy":"post_tag","embeddable":true,"href":"https:\/\/www.cc3rivieres76.com\/blog\/wp-json\/wp\/v2\/tags?post=378"}],"curies":[{"name":"wp","href":"https:\/\/api.w.org\/{rel}","templated":true}]}}