{"id":386,"date":"2024-08-07T08:40:00","date_gmt":"2024-08-07T06:40:00","guid":{"rendered":"https:\/\/www.site.cdcl.xyz\/2024\/08\/07\/actus-francaises-lucie-castets-devoile-son-homosexualite-france\/"},"modified":"2024-08-07T08:40:00","modified_gmt":"2024-08-07T06:40:00","slug":"actus-francaises-lucie-castets-devoile-son-homosexualite-france","status":"publish","type":"post","link":"https:\/\/www.cc3rivieres76.com\/blog\/actus-francaises-lucie-castets-devoile-son-homosexualite-france\/","title":{"rendered":"Actus fran\u00e7aises: Lucie Castets d\u00e9voile son homosexualit\u00e9 #France"},"content":{"rendered":"\n<p>A voir, cet \u00e9ditorial sur le web dont le sujet est \u00ab&nbsp;Actualit\u00e9 fran\u00e7aise&nbsp;\u00bb et qui va vous int\u00e9resser.<\/p>\n<h2>\nPubli\u00e9 sur Le Point \u2013 Politique, l\u2019article ci-dessous<\/h2>\n<p><u>Signature . <\/u><\/p>\n<p><u>Date et heure de la r\u00e9ception de la d\u00e9p\u00e9che sur notre fil d\u2019info:<\/u><strong><span id=\"date\"><\/span><\/strong><\/p>\n<p><u>Date et heure de publication sur internet:<\/u> <strong><span id=\"datecrea\"><\/span><\/strong><\/p>\n<p><u>Titre exacte donn\u00e9 par le journal \u00e9tait:<\/u> <strong>Lucie Castets d\u00e9voile son homosexualit\u00e9<\/strong><\/p>\n<p><u>Information et contenu publi\u00e9s :<\/u><\/p>\n<p><img decoding=\"async\" src=\"https:\/\/www.cc3rivieres76.com\/blog\/wp-content\/uploads\/2024\/08\/actus-francaises-lucie-castets-devoile-son-homosexualite-france.jpg\"><\/p>\n<div id=\"contenu\"> <!-- include t_www_2023\/pages\/article\/blocs\/tag_pub.tpl --><br \/><!-- include \/t_www_2023\/pages\/article\/blocs\/tag_pub.tpl --><\/p>\n<p><span class=\"dflt-txt__lettrine\">\u00ab&nbsp;J<\/span>e veux dire qui je suis.&nbsp;\u00bb Lucie Castets, personnalit\u00e9 inconnue du grand public et propos\u00e9e par le Nouveau Front populaire pour Matignon, a accord\u00e9 un entretien \u00e0 <em>Paris Match<\/em> mardi 6&nbsp;ao\u00fbt au soir, o\u00f9 elle a \u00e9voqu\u00e9 sa vie personnelle, en particulier son homosexualit\u00e9. \u00ab&nbsp;Je souhaite trouver un \u00e9quilibre entre prot\u00e9ger ma famille, ma femme et notre enfant, et dire qui je suis [\u2026]. \u00c7a me semble encore important aujourd\u2019hui&nbsp;\u00bb, r\u00e9v\u00e8le&nbsp;la haute fonctionnaire. Selon l\u2019hebdomadaire, l\u2019enfant du couple est \u00e2g\u00e9 de 2&nbsp;ans et demi.<\/p>\n<section class=\"mbl txtcenter\">\n<div id=\"newsletter\" class=\"bloc-1 title-top\">\n<span class=\"h2\">La newsletter politique<\/span><\/p>\n<div class=\"step-1\">\n<p class=\"period\">Tous les jeudis \u00e0 7h30<\/p>\n<p>Recevez en avant-premi\u00e8re les informations et analyses politiques de la r\u00e9daction du Point.<\/p>\n<\/div>\n<div class=\"step-2\">\n<p>Merci !<br \/>Votre inscription a bien \u00e9t\u00e9 prise en compte avec l\u2019adresse email :<br \/><span class=\"email-sended\"><\/span><\/p>\n<p>Pour d\u00e9couvrir toutes nos autres newsletters, rendez-vous ici : MonCompte<\/p>\n<\/div>\n<p>En vous inscrivant, vous acceptez les conditions g\u00e9n\u00e9rales d\u2019utilisations et notre politique de confidentialit\u00e9.<\/p>\n<\/div>\n<p>\u00c0 l\u2019instar de Gabriel Attal, devenu le premier chef de gouvernement fran\u00e7ais \u00e0 assumer son homosexualit\u00e9, elle explique&nbsp;\u00eatre d\u00e9j\u00e0 victime de messages de \u00ab&nbsp;haters d\u2019extr\u00eame droite&nbsp;\u00bb \u00e0 propos de son union avec une femme, avant m\u00eame la publication de <em>Paris Match<\/em>. Lucie Castets dit ainsi \u00ab&nbsp;garder en t\u00eate les remarques&nbsp;\u00bb contre Gabriel Attal qui ont pouss\u00e9&nbsp;le Premier ministre d\u00e9missionnaire \u00e0 porter plainte en 2021&nbsp;apr\u00e8s avoir re\u00e7u&nbsp;une lettre antis\u00e9mite et homophobe.<\/p>\n<h2>Fan de surf et \u00e9narque<\/h2>\n<p>Dans les colonnes de <em>Paris Match<\/em>, Lucie Castets, haute fonctionnaire de 37&nbsp;ans, d\u00e9voile d\u2019autres aspects de sa personnalit\u00e9, dont son amour du sport. Avec, entre autres, du tennis, du handball et du taekwondo \u00e0 son actif, elle dit \u00ab&nbsp;aimer l\u2019effort physique&nbsp;\u00bb et \u00eatre fan de surf.<\/p>\n<section class=\"mbl txtcenter\">\n<p>Elle r\u00e9pond aussi aux critiques qu\u2019elle anticipe sur son parcours universitaire, marqu\u00e9 par des voyages, et sur son passage par l\u2019ENA, l\u2019\u00e9cole des \u00e9lites. \u00ab&nbsp;Je n\u2019ai rien \u00e0 prouver. Je suis bien dans mes baskets, les gens d\u00e9couvriront cela, ou pas. \u00c9narque, c\u2019est une partie de ma r\u00e9alit\u00e9&nbsp;\u00bb, assume-t-elle.<\/p>\n<p><span class=\"Capsule premium\"><span class=\"Phylactery\">\u00c0 LIRE AUSSI<\/span> <strong class=\"strong\">Matignon&nbsp;? Lucie Castets s\u2019y voit d\u00e9j\u00e0<\/strong><\/span>La candidate du NFP pour Matignon en profite pour raconter le moment, o\u00f9, le 22&nbsp;juillet, Olivier Faure lui propose de repr\u00e9senter la coalition de gauche \u00e0 Matignon. \u00ab&nbsp;Je lui ai dit qu\u2019il pouvait tester mon nom, pensant qu\u2019il y en avait d\u2019autres sur la table&nbsp;\u00bb, confie-t-elle. Son nom est finalement d\u00e9voil\u00e9 le lendemain, et rapidement balay\u00e9 par Emmanuel Macron.<\/p>\n<\/section>\n<\/section>\n<\/div>\n<p> <img decoding=\"async\" src=\"https:\/\/www.cc3rivieres76.com\/blog\/wp-content\/uploads\/2024\/08\/actus-francaises-lucie-castets-devoile-son-homosexualite-france.jpg\" alt=\"Lucie Castets d\u00e9voile son homosexualit\u00e9\"><\/p>\n<p>#Lucie #Castets #d\u00e9voile #son #homosexualit\u00e9<\/p>\n<p>Reprise de l\u2019information dans un style journalistique professionnel descriptif en organisant les id\u00e9es dans un ordre coh\u00e9rent avec titres html <\/p>\n<p>Publications:<\/p>\n<p>Chronologie : Comment la France a-t-elle g\u00e9r\u00e9 la crise sanitaire ? #Covid19.,<a href=\"https:\/\/www.kobo.com\/fr\/fr\/ebook\/chronologie-comment-la-france-a-t-elle-gere-la-crise-sanitaire-covid19\" target=\"_blank\" rel=\"noopener noreferrer nofollow\">Pour en savoir plus<\/a><span><\/span>.<\/p>\n<p>Les luttes et les r\u00eaves.,<a href=\"https:\/\/www.kobo.com\/fr\/fr\/ebook\/les-luttes-et-les-reves\" target=\"_blank\" rel=\"noopener noreferrer nofollow\">sur ce lien la fiche descriptive<\/a><span><\/span>.<\/p>\n<p>Photographie\/Personnalit\u00e9s\/S\/Jean-Louis Swiners.,<a href=\"https:\/\/fr.wikibooks.org\/wiki\/Photographie\/Personnalit%C3%A9s\/S\/Jean-Louis_Swiners\" target=\"_blank\" rel=\"noopener noreferrer nofollow\">A lire. <\/a><span><\/span>.<\/p>\n<p> Cet article, qui traite du th\u00e8me \u00ab\u00a0Les 3 rivi\u00e8res dans la Somme\u00a0\u00bb, vous est sp\u00e9cialement sugg\u00e9r\u00e9 par cc3rivieres76.com. La chronique est reproduite du mieux possible. Dans le cas o\u00f9 vous souhaitez apporter quelques pr\u00e9cisions concernant le domaine de \u00ab\u00a0Les 3 rivi\u00e8res dans la Somme\u00a0\u00bb vous pouvez solliciter notre r\u00e9daction. La destination de cc3rivieres76.com est de d\u00e9battre de Les 3 rivi\u00e8res dans la Somme dans la transparence en vous apportant la connaissance de tout ce qui est en lien avec ce sujet sur la toile Connectez-vous sur notre site cc3rivieres76.com et nos r\u00e9seaux sociaux dans le but d\u2019\u00eatre inform\u00e9 des futures publications.<\/p>\n","protected":false},"excerpt":{"rendered":"<p>A voir, cet \u00e9ditorial sur le web dont le sujet est \u00ab&nbsp;Actualit\u00e9 fran\u00e7aise&nbsp;\u00bb et qui va vous int\u00e9resser. Publi\u00e9 sur Le Point \u2013 Politique, l\u2019article ci-dessous Signature . Date et heure de la r\u00e9ception de la d\u00e9p\u00e9che sur notre fil d\u2019info: Date et heure de publication sur internet: Titre exacte donn\u00e9 par le journal \u00e9tait: &hellip; <\/p>\n<p class=\"link-more\"><a href=\"https:\/\/www.cc3rivieres76.com\/blog\/actus-francaises-lucie-castets-devoile-son-homosexualite-france\/\" class=\"more-link\">Continuer la lecture <span class=\"screen-reader-text\"> \u00ab\u00a0Actus fran\u00e7aises: Lucie Castets d\u00e9voile son homosexualit\u00e9 #France\u00a0\u00bb<\/span><\/a><\/p>\n","protected":false},"author":3,"featured_media":387,"comment_status":"closed","ping_status":"closed","sticky":false,"template":"","format":"standard","meta":{"footnotes":""},"categories":[2],"tags":[],"class_list":["post-386","post","type-post","status-publish","format-standard","has-post-thumbnail","hentry","category-les-3-rivieres-dans-la-somme","entry"],"yoast_head":"<!-- This site is optimized with the Yoast SEO plugin v27.5 - https:\/\/yoast.com\/product\/yoast-seo-wordpress\/ -->\n<title>Actus fran\u00e7aises: Lucie Castets d\u00e9voile son homosexualit\u00e9 #France - CC3RIVIERES76<\/title>\n<meta name=\"robots\" content=\"index, follow, max-snippet:-1, max-image-preview:large, max-video-preview:-1\" \/>\n<link rel=\"canonical\" href=\"https:\/\/www.cc3rivieres76.com\/blog\/actus-francaises-lucie-castets-devoile-son-homosexualite-france\/\" \/>\n<meta property=\"og:locale\" content=\"fr_FR\" \/>\n<meta property=\"og:type\" content=\"article\" \/>\n<meta property=\"og:title\" content=\"Actus fran\u00e7aises: Lucie Castets d\u00e9voile son homosexualit\u00e9 #France - CC3RIVIERES76\" \/>\n<meta property=\"og:description\" content=\"A voir, cet \u00e9ditorial sur le web dont le sujet est \u00ab&nbsp;Actualit\u00e9 fran\u00e7aise&nbsp;\u00bb et qui va vous int\u00e9resser. Publi\u00e9 sur Le Point \u2013 Politique, l\u2019article ci-dessous Signature . Date et heure de la r\u00e9ception de la d\u00e9p\u00e9che sur notre fil d\u2019info: Date et heure de publication sur internet: Titre exacte donn\u00e9 par le journal \u00e9tait: &hellip; Continuer la lecture \u00ab\u00a0Actus fran\u00e7aises: Lucie Castets d\u00e9voile son homosexualit\u00e9 #France\u00a0\u00bb\" \/>\n<meta property=\"og:url\" content=\"https:\/\/www.cc3rivieres76.com\/blog\/actus-francaises-lucie-castets-devoile-son-homosexualite-france\/\" \/>\n<meta property=\"og:site_name\" content=\"CC3RIVIERES76\" \/>\n<meta property=\"article:published_time\" content=\"2024-08-07T06:40:00+00:00\" \/>\n<meta property=\"og:image\" content=\"https:\/\/www.cc3rivieres76.com\/blog\/wp-content\/uploads\/2024\/08\/actus-francaises-lucie-castets-devoile-son-homosexualite-france.jpg\" \/>\n<meta name=\"author\" content=\"Sylvie DE LAUZAINGHEIN\" \/>\n<meta name=\"twitter:card\" content=\"summary_large_image\" \/>\n<meta name=\"twitter:label1\" content=\"\u00c9crit par\" \/>\n\t<meta name=\"twitter:data1\" content=\"Sylvie DE LAUZAINGHEIN\" \/>\n\t<meta name=\"twitter:label2\" content=\"Dur\u00e9e de lecture estim\u00e9e\" \/>\n\t<meta name=\"twitter:data2\" content=\"3 minutes\" \/>\n<script type=\"application\/ld+json\" class=\"yoast-schema-graph\">{\"@context\":\"https:\\\/\\\/schema.org\",\"@graph\":[{\"@type\":\"Article\",\"@id\":\"https:\\\/\\\/www.cc3rivieres76.com\\\/blog\\\/actus-francaises-lucie-castets-devoile-son-homosexualite-france\\\/#article\",\"isPartOf\":{\"@id\":\"https:\\\/\\\/www.cc3rivieres76.com\\\/blog\\\/actus-francaises-lucie-castets-devoile-son-homosexualite-france\\\/\"},\"author\":{\"name\":\"Sylvie DE LAUZAINGHEIN\",\"@id\":\"https:\\\/\\\/www.cc3rivieres76.com\\\/blog\\\/#\\\/schema\\\/person\\\/474d457fb7747b5218f39792dfaa5a1c\"},\"headline\":\"Actus fran\u00e7aises: Lucie Castets d\u00e9voile son homosexualit\u00e9 #France\",\"datePublished\":\"2024-08-07T06:40:00+00:00\",\"mainEntityOfPage\":{\"@id\":\"https:\\\/\\\/www.cc3rivieres76.com\\\/blog\\\/actus-francaises-lucie-castets-devoile-son-homosexualite-france\\\/\"},\"wordCount\":702,\"publisher\":{\"@id\":\"https:\\\/\\\/www.cc3rivieres76.com\\\/blog\\\/#organization\"},\"image\":{\"@id\":\"https:\\\/\\\/www.cc3rivieres76.com\\\/blog\\\/actus-francaises-lucie-castets-devoile-son-homosexualite-france\\\/#primaryimage\"},\"thumbnailUrl\":\"https:\\\/\\\/www.cc3rivieres76.com\\\/blog\\\/wp-content\\\/uploads\\\/2024\\\/08\\\/actus-francaises-lucie-castets-devoile-son-homosexualite-france.jpg\",\"articleSection\":[\"Les 3 Rivi\u00e8res Dans La Somme:\"],\"inLanguage\":\"fr-FR\"},{\"@type\":\"WebPage\",\"@id\":\"https:\\\/\\\/www.cc3rivieres76.com\\\/blog\\\/actus-francaises-lucie-castets-devoile-son-homosexualite-france\\\/\",\"url\":\"https:\\\/\\\/www.cc3rivieres76.com\\\/blog\\\/actus-francaises-lucie-castets-devoile-son-homosexualite-france\\\/\",\"name\":\"Actus fran\u00e7aises: Lucie Castets d\u00e9voile son homosexualit\u00e9 #France - CC3RIVIERES76\",\"isPartOf\":{\"@id\":\"https:\\\/\\\/www.cc3rivieres76.com\\\/blog\\\/#website\"},\"primaryImageOfPage\":{\"@id\":\"https:\\\/\\\/www.cc3rivieres76.com\\\/blog\\\/actus-francaises-lucie-castets-devoile-son-homosexualite-france\\\/#primaryimage\"},\"image\":{\"@id\":\"https:\\\/\\\/www.cc3rivieres76.com\\\/blog\\\/actus-francaises-lucie-castets-devoile-son-homosexualite-france\\\/#primaryimage\"},\"thumbnailUrl\":\"https:\\\/\\\/www.cc3rivieres76.com\\\/blog\\\/wp-content\\\/uploads\\\/2024\\\/08\\\/actus-francaises-lucie-castets-devoile-son-homosexualite-france.jpg\",\"datePublished\":\"2024-08-07T06:40:00+00:00\",\"breadcrumb\":{\"@id\":\"https:\\\/\\\/www.cc3rivieres76.com\\\/blog\\\/actus-francaises-lucie-castets-devoile-son-homosexualite-france\\\/#breadcrumb\"},\"inLanguage\":\"fr-FR\",\"potentialAction\":[{\"@type\":\"ReadAction\",\"target\":[\"https:\\\/\\\/www.cc3rivieres76.com\\\/blog\\\/actus-francaises-lucie-castets-devoile-son-homosexualite-france\\\/\"]}]},{\"@type\":\"ImageObject\",\"inLanguage\":\"fr-FR\",\"@id\":\"https:\\\/\\\/www.cc3rivieres76.com\\\/blog\\\/actus-francaises-lucie-castets-devoile-son-homosexualite-france\\\/#primaryimage\",\"url\":\"https:\\\/\\\/www.cc3rivieres76.com\\\/blog\\\/wp-content\\\/uploads\\\/2024\\\/08\\\/actus-francaises-lucie-castets-devoile-son-homosexualite-france.jpg\",\"contentUrl\":\"https:\\\/\\\/www.cc3rivieres76.com\\\/blog\\\/wp-content\\\/uploads\\\/2024\\\/08\\\/actus-francaises-lucie-castets-devoile-son-homosexualite-france.jpg\",\"width\":1440,\"height\":960,\"caption\":\"Actus fran\u00e7aises: Lucie Castets d\u00e9voile son homosexualit\u00e9 #France\"},{\"@type\":\"BreadcrumbList\",\"@id\":\"https:\\\/\\\/www.cc3rivieres76.com\\\/blog\\\/actus-francaises-lucie-castets-devoile-son-homosexualite-france\\\/#breadcrumb\",\"itemListElement\":[{\"@type\":\"ListItem\",\"position\":1,\"name\":\"Accueil\",\"item\":\"https:\\\/\\\/www.cc3rivieres76.com\\\/blog\\\/\"},{\"@type\":\"ListItem\",\"position\":2,\"name\":\"Actus fran\u00e7aises: Lucie Castets d\u00e9voile son homosexualit\u00e9 #France\"}]},{\"@type\":\"WebSite\",\"@id\":\"https:\\\/\\\/www.cc3rivieres76.com\\\/blog\\\/#website\",\"url\":\"https:\\\/\\\/www.cc3rivieres76.com\\\/blog\\\/\",\"name\":\"CC3RIVIERES76\",\"description\":\"Les 3 rivi\u00e8res dans la Somme.\",\"publisher\":{\"@id\":\"https:\\\/\\\/www.cc3rivieres76.com\\\/blog\\\/#organization\"},\"potentialAction\":[{\"@type\":\"SearchAction\",\"target\":{\"@type\":\"EntryPoint\",\"urlTemplate\":\"https:\\\/\\\/www.cc3rivieres76.com\\\/blog\\\/?s={search_term_string}\"},\"query-input\":{\"@type\":\"PropertyValueSpecification\",\"valueRequired\":true,\"valueName\":\"search_term_string\"}}],\"inLanguage\":\"fr-FR\"},{\"@type\":\"Organization\",\"@id\":\"https:\\\/\\\/www.cc3rivieres76.com\\\/blog\\\/#organization\",\"name\":\"cc3rivieres76\",\"url\":\"https:\\\/\\\/www.cc3rivieres76.com\\\/blog\\\/\",\"logo\":{\"@type\":\"ImageObject\",\"inLanguage\":\"fr-FR\",\"@id\":\"https:\\\/\\\/www.cc3rivieres76.com\\\/blog\\\/#\\\/schema\\\/logo\\\/image\\\/\",\"url\":\"https:\\\/\\\/www.cc3rivieres76.com\\\/blog\\\/wp-content\\\/uploads\\\/2023\\\/06\\\/logo-2.png\",\"contentUrl\":\"https:\\\/\\\/www.cc3rivieres76.com\\\/blog\\\/wp-content\\\/uploads\\\/2023\\\/06\\\/logo-2.png\",\"width\":390,\"height\":388,\"caption\":\"cc3rivieres76\"},\"image\":{\"@id\":\"https:\\\/\\\/www.cc3rivieres76.com\\\/blog\\\/#\\\/schema\\\/logo\\\/image\\\/\"}},{\"@type\":\"Person\",\"@id\":\"https:\\\/\\\/www.cc3rivieres76.com\\\/blog\\\/#\\\/schema\\\/person\\\/474d457fb7747b5218f39792dfaa5a1c\",\"name\":\"Sylvie DE LAUZAINGHEIN\",\"image\":{\"@type\":\"ImageObject\",\"inLanguage\":\"fr-FR\",\"@id\":\"https:\\\/\\\/secure.gravatar.com\\\/avatar\\\/9c6a53b19e0a3431aa80de0895b9729fe665cd7e7d6cc94fc11abb152f4237d7?s=96&d=mm&r=g\",\"url\":\"https:\\\/\\\/secure.gravatar.com\\\/avatar\\\/9c6a53b19e0a3431aa80de0895b9729fe665cd7e7d6cc94fc11abb152f4237d7?s=96&d=mm&r=g\",\"contentUrl\":\"https:\\\/\\\/secure.gravatar.com\\\/avatar\\\/9c6a53b19e0a3431aa80de0895b9729fe665cd7e7d6cc94fc11abb152f4237d7?s=96&d=mm&r=g\",\"caption\":\"Sylvie DE LAUZAINGHEIN\"},\"url\":\"https:\\\/\\\/www.cc3rivieres76.com\\\/blog\\\/author\\\/s76sylvie\\\/\"}]}<\/script>\n<!-- \/ Yoast SEO plugin. -->","yoast_head_json":{"title":"Actus fran\u00e7aises: Lucie Castets d\u00e9voile son homosexualit\u00e9 #France - CC3RIVIERES76","robots":{"index":"index","follow":"follow","max-snippet":"max-snippet:-1","max-image-preview":"max-image-preview:large","max-video-preview":"max-video-preview:-1"},"canonical":"https:\/\/www.cc3rivieres76.com\/blog\/actus-francaises-lucie-castets-devoile-son-homosexualite-france\/","og_locale":"fr_FR","og_type":"article","og_title":"Actus fran\u00e7aises: Lucie Castets d\u00e9voile son homosexualit\u00e9 #France - CC3RIVIERES76","og_description":"A voir, cet \u00e9ditorial sur le web dont le sujet est \u00ab&nbsp;Actualit\u00e9 fran\u00e7aise&nbsp;\u00bb et qui va vous int\u00e9resser. Publi\u00e9 sur Le Point \u2013 Politique, l\u2019article ci-dessous Signature . Date et heure de la r\u00e9ception de la d\u00e9p\u00e9che sur notre fil d\u2019info: Date et heure de publication sur internet: Titre exacte donn\u00e9 par le journal \u00e9tait: &hellip; Continuer la lecture \u00ab\u00a0Actus fran\u00e7aises: Lucie Castets d\u00e9voile son homosexualit\u00e9 #France\u00a0\u00bb","og_url":"https:\/\/www.cc3rivieres76.com\/blog\/actus-francaises-lucie-castets-devoile-son-homosexualite-france\/","og_site_name":"CC3RIVIERES76","article_published_time":"2024-08-07T06:40:00+00:00","og_image":[{"url":"https:\/\/www.cc3rivieres76.com\/blog\/wp-content\/uploads\/2024\/08\/actus-francaises-lucie-castets-devoile-son-homosexualite-france.jpg","type":"","width":"","height":""}],"author":"Sylvie DE LAUZAINGHEIN","twitter_card":"summary_large_image","twitter_misc":{"\u00c9crit par":"Sylvie DE LAUZAINGHEIN","Dur\u00e9e de lecture estim\u00e9e":"3 minutes"},"schema":{"@context":"https:\/\/schema.org","@graph":[{"@type":"Article","@id":"https:\/\/www.cc3rivieres76.com\/blog\/actus-francaises-lucie-castets-devoile-son-homosexualite-france\/#article","isPartOf":{"@id":"https:\/\/www.cc3rivieres76.com\/blog\/actus-francaises-lucie-castets-devoile-son-homosexualite-france\/"},"author":{"name":"Sylvie DE LAUZAINGHEIN","@id":"https:\/\/www.cc3rivieres76.com\/blog\/#\/schema\/person\/474d457fb7747b5218f39792dfaa5a1c"},"headline":"Actus fran\u00e7aises: Lucie Castets d\u00e9voile son homosexualit\u00e9 #France","datePublished":"2024-08-07T06:40:00+00:00","mainEntityOfPage":{"@id":"https:\/\/www.cc3rivieres76.com\/blog\/actus-francaises-lucie-castets-devoile-son-homosexualite-france\/"},"wordCount":702,"publisher":{"@id":"https:\/\/www.cc3rivieres76.com\/blog\/#organization"},"image":{"@id":"https:\/\/www.cc3rivieres76.com\/blog\/actus-francaises-lucie-castets-devoile-son-homosexualite-france\/#primaryimage"},"thumbnailUrl":"https:\/\/www.cc3rivieres76.com\/blog\/wp-content\/uploads\/2024\/08\/actus-francaises-lucie-castets-devoile-son-homosexualite-france.jpg","articleSection":["Les 3 Rivi\u00e8res Dans La Somme:"],"inLanguage":"fr-FR"},{"@type":"WebPage","@id":"https:\/\/www.cc3rivieres76.com\/blog\/actus-francaises-lucie-castets-devoile-son-homosexualite-france\/","url":"https:\/\/www.cc3rivieres76.com\/blog\/actus-francaises-lucie-castets-devoile-son-homosexualite-france\/","name":"Actus fran\u00e7aises: Lucie Castets d\u00e9voile son homosexualit\u00e9 #France - CC3RIVIERES76","isPartOf":{"@id":"https:\/\/www.cc3rivieres76.com\/blog\/#website"},"primaryImageOfPage":{"@id":"https:\/\/www.cc3rivieres76.com\/blog\/actus-francaises-lucie-castets-devoile-son-homosexualite-france\/#primaryimage"},"image":{"@id":"https:\/\/www.cc3rivieres76.com\/blog\/actus-francaises-lucie-castets-devoile-son-homosexualite-france\/#primaryimage"},"thumbnailUrl":"https:\/\/www.cc3rivieres76.com\/blog\/wp-content\/uploads\/2024\/08\/actus-francaises-lucie-castets-devoile-son-homosexualite-france.jpg","datePublished":"2024-08-07T06:40:00+00:00","breadcrumb":{"@id":"https:\/\/www.cc3rivieres76.com\/blog\/actus-francaises-lucie-castets-devoile-son-homosexualite-france\/#breadcrumb"},"inLanguage":"fr-FR","potentialAction":[{"@type":"ReadAction","target":["https:\/\/www.cc3rivieres76.com\/blog\/actus-francaises-lucie-castets-devoile-son-homosexualite-france\/"]}]},{"@type":"ImageObject","inLanguage":"fr-FR","@id":"https:\/\/www.cc3rivieres76.com\/blog\/actus-francaises-lucie-castets-devoile-son-homosexualite-france\/#primaryimage","url":"https:\/\/www.cc3rivieres76.com\/blog\/wp-content\/uploads\/2024\/08\/actus-francaises-lucie-castets-devoile-son-homosexualite-france.jpg","contentUrl":"https:\/\/www.cc3rivieres76.com\/blog\/wp-content\/uploads\/2024\/08\/actus-francaises-lucie-castets-devoile-son-homosexualite-france.jpg","width":1440,"height":960,"caption":"Actus fran\u00e7aises: Lucie Castets d\u00e9voile son homosexualit\u00e9 #France"},{"@type":"BreadcrumbList","@id":"https:\/\/www.cc3rivieres76.com\/blog\/actus-francaises-lucie-castets-devoile-son-homosexualite-france\/#breadcrumb","itemListElement":[{"@type":"ListItem","position":1,"name":"Accueil","item":"https:\/\/www.cc3rivieres76.com\/blog\/"},{"@type":"ListItem","position":2,"name":"Actus fran\u00e7aises: Lucie Castets d\u00e9voile son homosexualit\u00e9 #France"}]},{"@type":"WebSite","@id":"https:\/\/www.cc3rivieres76.com\/blog\/#website","url":"https:\/\/www.cc3rivieres76.com\/blog\/","name":"CC3RIVIERES76","description":"Les 3 rivi\u00e8res dans la Somme.","publisher":{"@id":"https:\/\/www.cc3rivieres76.com\/blog\/#organization"},"potentialAction":[{"@type":"SearchAction","target":{"@type":"EntryPoint","urlTemplate":"https:\/\/www.cc3rivieres76.com\/blog\/?s={search_term_string}"},"query-input":{"@type":"PropertyValueSpecification","valueRequired":true,"valueName":"search_term_string"}}],"inLanguage":"fr-FR"},{"@type":"Organization","@id":"https:\/\/www.cc3rivieres76.com\/blog\/#organization","name":"cc3rivieres76","url":"https:\/\/www.cc3rivieres76.com\/blog\/","logo":{"@type":"ImageObject","inLanguage":"fr-FR","@id":"https:\/\/www.cc3rivieres76.com\/blog\/#\/schema\/logo\/image\/","url":"https:\/\/www.cc3rivieres76.com\/blog\/wp-content\/uploads\/2023\/06\/logo-2.png","contentUrl":"https:\/\/www.cc3rivieres76.com\/blog\/wp-content\/uploads\/2023\/06\/logo-2.png","width":390,"height":388,"caption":"cc3rivieres76"},"image":{"@id":"https:\/\/www.cc3rivieres76.com\/blog\/#\/schema\/logo\/image\/"}},{"@type":"Person","@id":"https:\/\/www.cc3rivieres76.com\/blog\/#\/schema\/person\/474d457fb7747b5218f39792dfaa5a1c","name":"Sylvie DE LAUZAINGHEIN","image":{"@type":"ImageObject","inLanguage":"fr-FR","@id":"https:\/\/secure.gravatar.com\/avatar\/9c6a53b19e0a3431aa80de0895b9729fe665cd7e7d6cc94fc11abb152f4237d7?s=96&d=mm&r=g","url":"https:\/\/secure.gravatar.com\/avatar\/9c6a53b19e0a3431aa80de0895b9729fe665cd7e7d6cc94fc11abb152f4237d7?s=96&d=mm&r=g","contentUrl":"https:\/\/secure.gravatar.com\/avatar\/9c6a53b19e0a3431aa80de0895b9729fe665cd7e7d6cc94fc11abb152f4237d7?s=96&d=mm&r=g","caption":"Sylvie DE LAUZAINGHEIN"},"url":"https:\/\/www.cc3rivieres76.com\/blog\/author\/s76sylvie\/"}]}},"_links":{"self":[{"href":"https:\/\/www.cc3rivieres76.com\/blog\/wp-json\/wp\/v2\/posts\/386","targetHints":{"allow":["GET"]}}],"collection":[{"href":"https:\/\/www.cc3rivieres76.com\/blog\/wp-json\/wp\/v2\/posts"}],"about":[{"href":"https:\/\/www.cc3rivieres76.com\/blog\/wp-json\/wp\/v2\/types\/post"}],"author":[{"embeddable":true,"href":"https:\/\/www.cc3rivieres76.com\/blog\/wp-json\/wp\/v2\/users\/3"}],"replies":[{"embeddable":true,"href":"https:\/\/www.cc3rivieres76.com\/blog\/wp-json\/wp\/v2\/comments?post=386"}],"version-history":[{"count":0,"href":"https:\/\/www.cc3rivieres76.com\/blog\/wp-json\/wp\/v2\/posts\/386\/revisions"}],"wp:featuredmedia":[{"embeddable":true,"href":"https:\/\/www.cc3rivieres76.com\/blog\/wp-json\/wp\/v2\/media\/387"}],"wp:attachment":[{"href":"https:\/\/www.cc3rivieres76.com\/blog\/wp-json\/wp\/v2\/media?parent=386"}],"wp:term":[{"taxonomy":"category","embeddable":true,"href":"https:\/\/www.cc3rivieres76.com\/blog\/wp-json\/wp\/v2\/categories?post=386"},{"taxonomy":"post_tag","embeddable":true,"href":"https:\/\/www.cc3rivieres76.com\/blog\/wp-json\/wp\/v2\/tags?post=386"}],"curies":[{"name":"wp","href":"https:\/\/api.w.org\/{rel}","templated":true}]}}