{"id":392,"date":"2024-09-04T09:23:00","date_gmt":"2024-09-04T07:23:00","guid":{"rendered":"https:\/\/www.site.cdcl.xyz\/2024\/09\/04\/infos-francaises-absence-de-premier-ministre-faut-il-blamer-emmanuel-macron-ou-le-quinquennat-france\/"},"modified":"2024-09-04T09:23:00","modified_gmt":"2024-09-04T07:23:00","slug":"infos-francaises-absence-de-premier-ministre-faut-il-blamer-emmanuel-macron-ou-le-quinquennat-france","status":"publish","type":"post","link":"https:\/\/www.cc3rivieres76.com\/blog\/infos-francaises-absence-de-premier-ministre-faut-il-blamer-emmanuel-macron-ou-le-quinquennat-france\/","title":{"rendered":"Infos fran\u00e7aises: Absence de Premier ministre\u00a0: faut-il bl\u00e2mer Emmanuel Macron ou le quinquennat\u00a0? #France"},"content":{"rendered":"\n<p>Nous avons relev\u00e9 un papier sur internet dont la th\u00e9matique est \u00abActualit\u00e9 fran\u00e7aise\u00bb.<\/p>\n<h2>Ceci a \u00e9t\u00e9 diffus\u00e9 par Le Point \u2013 Politique<\/h2>\n<p><u>Signature . <\/u><\/p>\n<p><u>Date et heure de la r\u00e9ception de la d\u00e9p\u00e9che sur notre fil d\u2019info:<\/u><strong><span id=\"date\"><\/span><\/strong><\/p>\n<p><u>Date et heure de publication sur internet:<\/u> <strong><span id=\"datecrea\"><\/span><\/strong><\/p>\n<p><u>Titre exacte donn\u00e9 par le journal \u00e9tait:<\/u> <strong>Absence de Premier ministre&nbsp;: faut-il bl\u00e2mer Emmanuel Macron ou le quinquennat&nbsp;?<\/strong><\/p>\n<p><u>Information et contenu publi\u00e9s :<\/u><\/p>\n<p><img decoding=\"async\" src=\"https:\/\/www.cc3rivieres76.com\/blog\/wp-content\/uploads\/2024\/09\/infos-francaises-absence-de-premier-ministre-faut-il-blamer-emmanuel-macron-ou-le-quinquennat-france.jpg\"><br \/>LE QUARTIER LIBRE DE SERGE RAFFY. En procrastinant sur le choix du Premier ministre, le president nous rappelle que c\u2019est lui qui s\u2019est attribue le poste. La faute a Macron ou au quinquennat ?<\/p>\n<p> <img decoding=\"async\" src=\"https:\/\/www.cc3rivieres76.com\/blog\/wp-content\/uploads\/2024\/09\/infos-francaises-absence-de-premier-ministre-faut-il-blamer-emmanuel-macron-ou-le-quinquennat-france.jpg\" alt=\"Absence de Premier ministre&nbsp;: faut-il bl\u00e2mer Emmanuel Macron ou le quinquennat&nbsp;?\"><\/p>\n<p>#Absence #Premier #ministre #fautil #bl\u00e2mer #Emmanuel #Macron #quinquennat<\/p>\n<p>Reprise de l\u2019information dans un style journalistique professionnel descriptif en organisant les id\u00e9es dans un ordre coh\u00e9rent avec titres html <\/p>\n<p>Ouvrages sur un objet semblable:<\/p>\n<p>Histoire des \u00c9tats-Unis d\u2019Am\u00e9rique\/L\u2019occupation europ\u00e9enne.,<a href=\"https:\/\/fr.wikibooks.org\/wiki\/Histoire_des_%C3%89tats-Unis_d%27Am%C3%A9rique\/L%27occupation_europ%C3%A9enne\" target=\"_blank\" rel=\"noopener noreferrer nofollow\">R\u00e9f\u00e9rence lit\u00e9raire<\/a><span><\/span>. Disponible \u00e0 la FNAC.<\/p>\n<p>L\u2019\u00e9conomie de la t\u00e9l\u00e9phonie\/Les technologies.,<a href=\"https:\/\/fr.wikibooks.org\/wiki\/L%27%C3%A9conomie_de_la_t%C3%A9l%C3%A9phonie\/Les_technologies\" target=\"_blank\" rel=\"noopener noreferrer nofollow\">Ici la fiche descriptive<\/a><span><\/span>. Ouvrage de r\u00e9f\u00e9rence.<\/p>\n<p> Cet article, qui traite du th\u00e8me \u00ab\u00a0Les 3 rivi\u00e8res dans la Somme\u00a0\u00bb, vous est sp\u00e9cialement sugg\u00e9r\u00e9 par cc3rivieres76.com. La chronique est reproduite du mieux possible. Dans le cas o\u00f9 vous souhaitez apporter quelques pr\u00e9cisions concernant le domaine de \u00ab\u00a0Les 3 rivi\u00e8res dans la Somme\u00a0\u00bb vous pouvez solliciter notre r\u00e9daction. La destination de cc3rivieres76.com est de d\u00e9battre de Les 3 rivi\u00e8res dans la Somme dans la transparence en vous apportant la connaissance de tout ce qui est en lien avec ce sujet sur la toile Connectez-vous sur notre site cc3rivieres76.com et nos r\u00e9seaux sociaux dans le but d\u2019\u00eatre inform\u00e9 des futures publications.<\/p>\n","protected":false},"excerpt":{"rendered":"<p>Nous avons relev\u00e9 un papier sur internet dont la th\u00e9matique est \u00abActualit\u00e9 fran\u00e7aise\u00bb. Ceci a \u00e9t\u00e9 diffus\u00e9 par Le Point \u2013 Politique Signature . Date et heure de la r\u00e9ception de la d\u00e9p\u00e9che sur notre fil d\u2019info: Date et heure de publication sur internet: Titre exacte donn\u00e9 par le journal \u00e9tait: Absence de Premier ministre&nbsp;: &hellip; <\/p>\n<p class=\"link-more\"><a href=\"https:\/\/www.cc3rivieres76.com\/blog\/infos-francaises-absence-de-premier-ministre-faut-il-blamer-emmanuel-macron-ou-le-quinquennat-france\/\" class=\"more-link\">Continuer la lecture <span class=\"screen-reader-text\"> \u00ab\u00a0Infos fran\u00e7aises: Absence de Premier ministre\u00a0: faut-il bl\u00e2mer Emmanuel Macron ou le quinquennat\u00a0? #France\u00a0\u00bb<\/span><\/a><\/p>\n","protected":false},"author":3,"featured_media":393,"comment_status":"closed","ping_status":"closed","sticky":false,"template":"","format":"standard","meta":{"footnotes":""},"categories":[2],"tags":[],"class_list":["post-392","post","type-post","status-publish","format-standard","has-post-thumbnail","hentry","category-les-3-rivieres-dans-la-somme","entry"],"yoast_head":"<!-- This site is optimized with the Yoast SEO plugin v27.5 - https:\/\/yoast.com\/product\/yoast-seo-wordpress\/ -->\n<title>Infos fran\u00e7aises: Absence de Premier ministre\u00a0: faut-il bl\u00e2mer Emmanuel Macron ou le quinquennat\u00a0? #France - CC3RIVIERES76<\/title>\n<meta name=\"robots\" content=\"index, follow, max-snippet:-1, max-image-preview:large, max-video-preview:-1\" \/>\n<link rel=\"canonical\" href=\"https:\/\/www.cc3rivieres76.com\/blog\/infos-francaises-absence-de-premier-ministre-faut-il-blamer-emmanuel-macron-ou-le-quinquennat-france\/\" \/>\n<meta property=\"og:locale\" content=\"fr_FR\" \/>\n<meta property=\"og:type\" content=\"article\" \/>\n<meta property=\"og:title\" content=\"Infos fran\u00e7aises: Absence de Premier ministre\u00a0: faut-il bl\u00e2mer Emmanuel Macron ou le quinquennat\u00a0? #France - CC3RIVIERES76\" \/>\n<meta property=\"og:description\" content=\"Nous avons relev\u00e9 un papier sur internet dont la th\u00e9matique est \u00abActualit\u00e9 fran\u00e7aise\u00bb. Ceci a \u00e9t\u00e9 diffus\u00e9 par Le Point \u2013 Politique Signature . Date et heure de la r\u00e9ception de la d\u00e9p\u00e9che sur notre fil d\u2019info: Date et heure de publication sur internet: Titre exacte donn\u00e9 par le journal \u00e9tait: Absence de Premier ministre&nbsp;: &hellip; Continuer la lecture \u00ab\u00a0Infos fran\u00e7aises: Absence de Premier ministre\u00a0: faut-il bl\u00e2mer Emmanuel Macron ou le quinquennat\u00a0? #France\u00a0\u00bb\" \/>\n<meta property=\"og:url\" content=\"https:\/\/www.cc3rivieres76.com\/blog\/infos-francaises-absence-de-premier-ministre-faut-il-blamer-emmanuel-macron-ou-le-quinquennat-france\/\" \/>\n<meta property=\"og:site_name\" content=\"CC3RIVIERES76\" \/>\n<meta property=\"article:published_time\" content=\"2024-09-04T07:23:00+00:00\" \/>\n<meta property=\"og:image\" content=\"https:\/\/www.cc3rivieres76.com\/blog\/wp-content\/uploads\/2024\/09\/infos-francaises-absence-de-premier-ministre-faut-il-blamer-emmanuel-macron-ou-le-quinquennat-france.jpg\" \/>\n<meta name=\"author\" content=\"Sylvie DE LAUZAINGHEIN\" \/>\n<meta name=\"twitter:card\" content=\"summary_large_image\" \/>\n<meta name=\"twitter:label1\" content=\"\u00c9crit par\" \/>\n\t<meta name=\"twitter:data1\" content=\"Sylvie DE LAUZAINGHEIN\" \/>\n\t<meta name=\"twitter:label2\" content=\"Dur\u00e9e de lecture estim\u00e9e\" \/>\n\t<meta name=\"twitter:data2\" content=\"1 minute\" \/>\n<script type=\"application\/ld+json\" class=\"yoast-schema-graph\">{\"@context\":\"https:\\\/\\\/schema.org\",\"@graph\":[{\"@type\":\"Article\",\"@id\":\"https:\\\/\\\/www.cc3rivieres76.com\\\/blog\\\/infos-francaises-absence-de-premier-ministre-faut-il-blamer-emmanuel-macron-ou-le-quinquennat-france\\\/#article\",\"isPartOf\":{\"@id\":\"https:\\\/\\\/www.cc3rivieres76.com\\\/blog\\\/infos-francaises-absence-de-premier-ministre-faut-il-blamer-emmanuel-macron-ou-le-quinquennat-france\\\/\"},\"author\":{\"name\":\"Sylvie DE LAUZAINGHEIN\",\"@id\":\"https:\\\/\\\/www.cc3rivieres76.com\\\/blog\\\/#\\\/schema\\\/person\\\/474d457fb7747b5218f39792dfaa5a1c\"},\"headline\":\"Infos fran\u00e7aises: Absence de Premier ministre\u00a0: faut-il bl\u00e2mer Emmanuel Macron ou le quinquennat\u00a0? #France\",\"datePublished\":\"2024-09-04T07:23:00+00:00\",\"mainEntityOfPage\":{\"@id\":\"https:\\\/\\\/www.cc3rivieres76.com\\\/blog\\\/infos-francaises-absence-de-premier-ministre-faut-il-blamer-emmanuel-macron-ou-le-quinquennat-france\\\/\"},\"wordCount\":313,\"publisher\":{\"@id\":\"https:\\\/\\\/www.cc3rivieres76.com\\\/blog\\\/#organization\"},\"image\":{\"@id\":\"https:\\\/\\\/www.cc3rivieres76.com\\\/blog\\\/infos-francaises-absence-de-premier-ministre-faut-il-blamer-emmanuel-macron-ou-le-quinquennat-france\\\/#primaryimage\"},\"thumbnailUrl\":\"https:\\\/\\\/www.cc3rivieres76.com\\\/blog\\\/wp-content\\\/uploads\\\/2024\\\/09\\\/infos-francaises-absence-de-premier-ministre-faut-il-blamer-emmanuel-macron-ou-le-quinquennat-france.jpg\",\"articleSection\":[\"Les 3 Rivi\u00e8res Dans La Somme:\"],\"inLanguage\":\"fr-FR\"},{\"@type\":\"WebPage\",\"@id\":\"https:\\\/\\\/www.cc3rivieres76.com\\\/blog\\\/infos-francaises-absence-de-premier-ministre-faut-il-blamer-emmanuel-macron-ou-le-quinquennat-france\\\/\",\"url\":\"https:\\\/\\\/www.cc3rivieres76.com\\\/blog\\\/infos-francaises-absence-de-premier-ministre-faut-il-blamer-emmanuel-macron-ou-le-quinquennat-france\\\/\",\"name\":\"Infos fran\u00e7aises: Absence de Premier ministre\u00a0: faut-il bl\u00e2mer Emmanuel Macron ou le quinquennat\u00a0? #France - CC3RIVIERES76\",\"isPartOf\":{\"@id\":\"https:\\\/\\\/www.cc3rivieres76.com\\\/blog\\\/#website\"},\"primaryImageOfPage\":{\"@id\":\"https:\\\/\\\/www.cc3rivieres76.com\\\/blog\\\/infos-francaises-absence-de-premier-ministre-faut-il-blamer-emmanuel-macron-ou-le-quinquennat-france\\\/#primaryimage\"},\"image\":{\"@id\":\"https:\\\/\\\/www.cc3rivieres76.com\\\/blog\\\/infos-francaises-absence-de-premier-ministre-faut-il-blamer-emmanuel-macron-ou-le-quinquennat-france\\\/#primaryimage\"},\"thumbnailUrl\":\"https:\\\/\\\/www.cc3rivieres76.com\\\/blog\\\/wp-content\\\/uploads\\\/2024\\\/09\\\/infos-francaises-absence-de-premier-ministre-faut-il-blamer-emmanuel-macron-ou-le-quinquennat-france.jpg\",\"datePublished\":\"2024-09-04T07:23:00+00:00\",\"breadcrumb\":{\"@id\":\"https:\\\/\\\/www.cc3rivieres76.com\\\/blog\\\/infos-francaises-absence-de-premier-ministre-faut-il-blamer-emmanuel-macron-ou-le-quinquennat-france\\\/#breadcrumb\"},\"inLanguage\":\"fr-FR\",\"potentialAction\":[{\"@type\":\"ReadAction\",\"target\":[\"https:\\\/\\\/www.cc3rivieres76.com\\\/blog\\\/infos-francaises-absence-de-premier-ministre-faut-il-blamer-emmanuel-macron-ou-le-quinquennat-france\\\/\"]}]},{\"@type\":\"ImageObject\",\"inLanguage\":\"fr-FR\",\"@id\":\"https:\\\/\\\/www.cc3rivieres76.com\\\/blog\\\/infos-francaises-absence-de-premier-ministre-faut-il-blamer-emmanuel-macron-ou-le-quinquennat-france\\\/#primaryimage\",\"url\":\"https:\\\/\\\/www.cc3rivieres76.com\\\/blog\\\/wp-content\\\/uploads\\\/2024\\\/09\\\/infos-francaises-absence-de-premier-ministre-faut-il-blamer-emmanuel-macron-ou-le-quinquennat-france.jpg\",\"contentUrl\":\"https:\\\/\\\/www.cc3rivieres76.com\\\/blog\\\/wp-content\\\/uploads\\\/2024\\\/09\\\/infos-francaises-absence-de-premier-ministre-faut-il-blamer-emmanuel-macron-ou-le-quinquennat-france.jpg\",\"width\":1440,\"height\":960,\"caption\":\"Infos fran\u00e7aises: Absence de Premier ministre\u00a0: faut il bl\u00e2mer Emmanuel Macron ou le quinquennat\u00a0? #France\"},{\"@type\":\"BreadcrumbList\",\"@id\":\"https:\\\/\\\/www.cc3rivieres76.com\\\/blog\\\/infos-francaises-absence-de-premier-ministre-faut-il-blamer-emmanuel-macron-ou-le-quinquennat-france\\\/#breadcrumb\",\"itemListElement\":[{\"@type\":\"ListItem\",\"position\":1,\"name\":\"Accueil\",\"item\":\"https:\\\/\\\/www.cc3rivieres76.com\\\/blog\\\/\"},{\"@type\":\"ListItem\",\"position\":2,\"name\":\"Infos fran\u00e7aises: Absence de Premier ministre\u00a0: faut-il bl\u00e2mer Emmanuel Macron ou le quinquennat\u00a0? #France\"}]},{\"@type\":\"WebSite\",\"@id\":\"https:\\\/\\\/www.cc3rivieres76.com\\\/blog\\\/#website\",\"url\":\"https:\\\/\\\/www.cc3rivieres76.com\\\/blog\\\/\",\"name\":\"CC3RIVIERES76\",\"description\":\"Les 3 rivi\u00e8res dans la Somme.\",\"publisher\":{\"@id\":\"https:\\\/\\\/www.cc3rivieres76.com\\\/blog\\\/#organization\"},\"potentialAction\":[{\"@type\":\"SearchAction\",\"target\":{\"@type\":\"EntryPoint\",\"urlTemplate\":\"https:\\\/\\\/www.cc3rivieres76.com\\\/blog\\\/?s={search_term_string}\"},\"query-input\":{\"@type\":\"PropertyValueSpecification\",\"valueRequired\":true,\"valueName\":\"search_term_string\"}}],\"inLanguage\":\"fr-FR\"},{\"@type\":\"Organization\",\"@id\":\"https:\\\/\\\/www.cc3rivieres76.com\\\/blog\\\/#organization\",\"name\":\"cc3rivieres76\",\"url\":\"https:\\\/\\\/www.cc3rivieres76.com\\\/blog\\\/\",\"logo\":{\"@type\":\"ImageObject\",\"inLanguage\":\"fr-FR\",\"@id\":\"https:\\\/\\\/www.cc3rivieres76.com\\\/blog\\\/#\\\/schema\\\/logo\\\/image\\\/\",\"url\":\"https:\\\/\\\/www.cc3rivieres76.com\\\/blog\\\/wp-content\\\/uploads\\\/2023\\\/06\\\/logo-2.png\",\"contentUrl\":\"https:\\\/\\\/www.cc3rivieres76.com\\\/blog\\\/wp-content\\\/uploads\\\/2023\\\/06\\\/logo-2.png\",\"width\":390,\"height\":388,\"caption\":\"cc3rivieres76\"},\"image\":{\"@id\":\"https:\\\/\\\/www.cc3rivieres76.com\\\/blog\\\/#\\\/schema\\\/logo\\\/image\\\/\"}},{\"@type\":\"Person\",\"@id\":\"https:\\\/\\\/www.cc3rivieres76.com\\\/blog\\\/#\\\/schema\\\/person\\\/474d457fb7747b5218f39792dfaa5a1c\",\"name\":\"Sylvie DE LAUZAINGHEIN\",\"image\":{\"@type\":\"ImageObject\",\"inLanguage\":\"fr-FR\",\"@id\":\"https:\\\/\\\/secure.gravatar.com\\\/avatar\\\/9c6a53b19e0a3431aa80de0895b9729fe665cd7e7d6cc94fc11abb152f4237d7?s=96&d=mm&r=g\",\"url\":\"https:\\\/\\\/secure.gravatar.com\\\/avatar\\\/9c6a53b19e0a3431aa80de0895b9729fe665cd7e7d6cc94fc11abb152f4237d7?s=96&d=mm&r=g\",\"contentUrl\":\"https:\\\/\\\/secure.gravatar.com\\\/avatar\\\/9c6a53b19e0a3431aa80de0895b9729fe665cd7e7d6cc94fc11abb152f4237d7?s=96&d=mm&r=g\",\"caption\":\"Sylvie DE LAUZAINGHEIN\"},\"url\":\"https:\\\/\\\/www.cc3rivieres76.com\\\/blog\\\/author\\\/s76sylvie\\\/\"}]}<\/script>\n<!-- \/ Yoast SEO plugin. -->","yoast_head_json":{"title":"Infos fran\u00e7aises: Absence de Premier ministre\u00a0: faut-il bl\u00e2mer Emmanuel Macron ou le quinquennat\u00a0? #France - CC3RIVIERES76","robots":{"index":"index","follow":"follow","max-snippet":"max-snippet:-1","max-image-preview":"max-image-preview:large","max-video-preview":"max-video-preview:-1"},"canonical":"https:\/\/www.cc3rivieres76.com\/blog\/infos-francaises-absence-de-premier-ministre-faut-il-blamer-emmanuel-macron-ou-le-quinquennat-france\/","og_locale":"fr_FR","og_type":"article","og_title":"Infos fran\u00e7aises: Absence de Premier ministre\u00a0: faut-il bl\u00e2mer Emmanuel Macron ou le quinquennat\u00a0? #France - CC3RIVIERES76","og_description":"Nous avons relev\u00e9 un papier sur internet dont la th\u00e9matique est \u00abActualit\u00e9 fran\u00e7aise\u00bb. Ceci a \u00e9t\u00e9 diffus\u00e9 par Le Point \u2013 Politique Signature . Date et heure de la r\u00e9ception de la d\u00e9p\u00e9che sur notre fil d\u2019info: Date et heure de publication sur internet: Titre exacte donn\u00e9 par le journal \u00e9tait: Absence de Premier ministre&nbsp;: &hellip; Continuer la lecture \u00ab\u00a0Infos fran\u00e7aises: Absence de Premier ministre\u00a0: faut-il bl\u00e2mer Emmanuel Macron ou le quinquennat\u00a0? #France\u00a0\u00bb","og_url":"https:\/\/www.cc3rivieres76.com\/blog\/infos-francaises-absence-de-premier-ministre-faut-il-blamer-emmanuel-macron-ou-le-quinquennat-france\/","og_site_name":"CC3RIVIERES76","article_published_time":"2024-09-04T07:23:00+00:00","og_image":[{"url":"https:\/\/www.cc3rivieres76.com\/blog\/wp-content\/uploads\/2024\/09\/infos-francaises-absence-de-premier-ministre-faut-il-blamer-emmanuel-macron-ou-le-quinquennat-france.jpg","type":"","width":"","height":""}],"author":"Sylvie DE LAUZAINGHEIN","twitter_card":"summary_large_image","twitter_misc":{"\u00c9crit par":"Sylvie DE LAUZAINGHEIN","Dur\u00e9e de lecture estim\u00e9e":"1 minute"},"schema":{"@context":"https:\/\/schema.org","@graph":[{"@type":"Article","@id":"https:\/\/www.cc3rivieres76.com\/blog\/infos-francaises-absence-de-premier-ministre-faut-il-blamer-emmanuel-macron-ou-le-quinquennat-france\/#article","isPartOf":{"@id":"https:\/\/www.cc3rivieres76.com\/blog\/infos-francaises-absence-de-premier-ministre-faut-il-blamer-emmanuel-macron-ou-le-quinquennat-france\/"},"author":{"name":"Sylvie DE LAUZAINGHEIN","@id":"https:\/\/www.cc3rivieres76.com\/blog\/#\/schema\/person\/474d457fb7747b5218f39792dfaa5a1c"},"headline":"Infos fran\u00e7aises: Absence de Premier ministre\u00a0: faut-il bl\u00e2mer Emmanuel Macron ou le quinquennat\u00a0? #France","datePublished":"2024-09-04T07:23:00+00:00","mainEntityOfPage":{"@id":"https:\/\/www.cc3rivieres76.com\/blog\/infos-francaises-absence-de-premier-ministre-faut-il-blamer-emmanuel-macron-ou-le-quinquennat-france\/"},"wordCount":313,"publisher":{"@id":"https:\/\/www.cc3rivieres76.com\/blog\/#organization"},"image":{"@id":"https:\/\/www.cc3rivieres76.com\/blog\/infos-francaises-absence-de-premier-ministre-faut-il-blamer-emmanuel-macron-ou-le-quinquennat-france\/#primaryimage"},"thumbnailUrl":"https:\/\/www.cc3rivieres76.com\/blog\/wp-content\/uploads\/2024\/09\/infos-francaises-absence-de-premier-ministre-faut-il-blamer-emmanuel-macron-ou-le-quinquennat-france.jpg","articleSection":["Les 3 Rivi\u00e8res Dans La Somme:"],"inLanguage":"fr-FR"},{"@type":"WebPage","@id":"https:\/\/www.cc3rivieres76.com\/blog\/infos-francaises-absence-de-premier-ministre-faut-il-blamer-emmanuel-macron-ou-le-quinquennat-france\/","url":"https:\/\/www.cc3rivieres76.com\/blog\/infos-francaises-absence-de-premier-ministre-faut-il-blamer-emmanuel-macron-ou-le-quinquennat-france\/","name":"Infos fran\u00e7aises: Absence de Premier ministre\u00a0: faut-il bl\u00e2mer Emmanuel Macron ou le quinquennat\u00a0? #France - CC3RIVIERES76","isPartOf":{"@id":"https:\/\/www.cc3rivieres76.com\/blog\/#website"},"primaryImageOfPage":{"@id":"https:\/\/www.cc3rivieres76.com\/blog\/infos-francaises-absence-de-premier-ministre-faut-il-blamer-emmanuel-macron-ou-le-quinquennat-france\/#primaryimage"},"image":{"@id":"https:\/\/www.cc3rivieres76.com\/blog\/infos-francaises-absence-de-premier-ministre-faut-il-blamer-emmanuel-macron-ou-le-quinquennat-france\/#primaryimage"},"thumbnailUrl":"https:\/\/www.cc3rivieres76.com\/blog\/wp-content\/uploads\/2024\/09\/infos-francaises-absence-de-premier-ministre-faut-il-blamer-emmanuel-macron-ou-le-quinquennat-france.jpg","datePublished":"2024-09-04T07:23:00+00:00","breadcrumb":{"@id":"https:\/\/www.cc3rivieres76.com\/blog\/infos-francaises-absence-de-premier-ministre-faut-il-blamer-emmanuel-macron-ou-le-quinquennat-france\/#breadcrumb"},"inLanguage":"fr-FR","potentialAction":[{"@type":"ReadAction","target":["https:\/\/www.cc3rivieres76.com\/blog\/infos-francaises-absence-de-premier-ministre-faut-il-blamer-emmanuel-macron-ou-le-quinquennat-france\/"]}]},{"@type":"ImageObject","inLanguage":"fr-FR","@id":"https:\/\/www.cc3rivieres76.com\/blog\/infos-francaises-absence-de-premier-ministre-faut-il-blamer-emmanuel-macron-ou-le-quinquennat-france\/#primaryimage","url":"https:\/\/www.cc3rivieres76.com\/blog\/wp-content\/uploads\/2024\/09\/infos-francaises-absence-de-premier-ministre-faut-il-blamer-emmanuel-macron-ou-le-quinquennat-france.jpg","contentUrl":"https:\/\/www.cc3rivieres76.com\/blog\/wp-content\/uploads\/2024\/09\/infos-francaises-absence-de-premier-ministre-faut-il-blamer-emmanuel-macron-ou-le-quinquennat-france.jpg","width":1440,"height":960,"caption":"Infos fran\u00e7aises: Absence de Premier ministre\u00a0: faut il bl\u00e2mer Emmanuel Macron ou le quinquennat\u00a0? #France"},{"@type":"BreadcrumbList","@id":"https:\/\/www.cc3rivieres76.com\/blog\/infos-francaises-absence-de-premier-ministre-faut-il-blamer-emmanuel-macron-ou-le-quinquennat-france\/#breadcrumb","itemListElement":[{"@type":"ListItem","position":1,"name":"Accueil","item":"https:\/\/www.cc3rivieres76.com\/blog\/"},{"@type":"ListItem","position":2,"name":"Infos fran\u00e7aises: Absence de Premier ministre\u00a0: faut-il bl\u00e2mer Emmanuel Macron ou le quinquennat\u00a0? #France"}]},{"@type":"WebSite","@id":"https:\/\/www.cc3rivieres76.com\/blog\/#website","url":"https:\/\/www.cc3rivieres76.com\/blog\/","name":"CC3RIVIERES76","description":"Les 3 rivi\u00e8res dans la Somme.","publisher":{"@id":"https:\/\/www.cc3rivieres76.com\/blog\/#organization"},"potentialAction":[{"@type":"SearchAction","target":{"@type":"EntryPoint","urlTemplate":"https:\/\/www.cc3rivieres76.com\/blog\/?s={search_term_string}"},"query-input":{"@type":"PropertyValueSpecification","valueRequired":true,"valueName":"search_term_string"}}],"inLanguage":"fr-FR"},{"@type":"Organization","@id":"https:\/\/www.cc3rivieres76.com\/blog\/#organization","name":"cc3rivieres76","url":"https:\/\/www.cc3rivieres76.com\/blog\/","logo":{"@type":"ImageObject","inLanguage":"fr-FR","@id":"https:\/\/www.cc3rivieres76.com\/blog\/#\/schema\/logo\/image\/","url":"https:\/\/www.cc3rivieres76.com\/blog\/wp-content\/uploads\/2023\/06\/logo-2.png","contentUrl":"https:\/\/www.cc3rivieres76.com\/blog\/wp-content\/uploads\/2023\/06\/logo-2.png","width":390,"height":388,"caption":"cc3rivieres76"},"image":{"@id":"https:\/\/www.cc3rivieres76.com\/blog\/#\/schema\/logo\/image\/"}},{"@type":"Person","@id":"https:\/\/www.cc3rivieres76.com\/blog\/#\/schema\/person\/474d457fb7747b5218f39792dfaa5a1c","name":"Sylvie DE LAUZAINGHEIN","image":{"@type":"ImageObject","inLanguage":"fr-FR","@id":"https:\/\/secure.gravatar.com\/avatar\/9c6a53b19e0a3431aa80de0895b9729fe665cd7e7d6cc94fc11abb152f4237d7?s=96&d=mm&r=g","url":"https:\/\/secure.gravatar.com\/avatar\/9c6a53b19e0a3431aa80de0895b9729fe665cd7e7d6cc94fc11abb152f4237d7?s=96&d=mm&r=g","contentUrl":"https:\/\/secure.gravatar.com\/avatar\/9c6a53b19e0a3431aa80de0895b9729fe665cd7e7d6cc94fc11abb152f4237d7?s=96&d=mm&r=g","caption":"Sylvie DE LAUZAINGHEIN"},"url":"https:\/\/www.cc3rivieres76.com\/blog\/author\/s76sylvie\/"}]}},"_links":{"self":[{"href":"https:\/\/www.cc3rivieres76.com\/blog\/wp-json\/wp\/v2\/posts\/392","targetHints":{"allow":["GET"]}}],"collection":[{"href":"https:\/\/www.cc3rivieres76.com\/blog\/wp-json\/wp\/v2\/posts"}],"about":[{"href":"https:\/\/www.cc3rivieres76.com\/blog\/wp-json\/wp\/v2\/types\/post"}],"author":[{"embeddable":true,"href":"https:\/\/www.cc3rivieres76.com\/blog\/wp-json\/wp\/v2\/users\/3"}],"replies":[{"embeddable":true,"href":"https:\/\/www.cc3rivieres76.com\/blog\/wp-json\/wp\/v2\/comments?post=392"}],"version-history":[{"count":0,"href":"https:\/\/www.cc3rivieres76.com\/blog\/wp-json\/wp\/v2\/posts\/392\/revisions"}],"wp:featuredmedia":[{"embeddable":true,"href":"https:\/\/www.cc3rivieres76.com\/blog\/wp-json\/wp\/v2\/media\/393"}],"wp:attachment":[{"href":"https:\/\/www.cc3rivieres76.com\/blog\/wp-json\/wp\/v2\/media?parent=392"}],"wp:term":[{"taxonomy":"category","embeddable":true,"href":"https:\/\/www.cc3rivieres76.com\/blog\/wp-json\/wp\/v2\/categories?post=392"},{"taxonomy":"post_tag","embeddable":true,"href":"https:\/\/www.cc3rivieres76.com\/blog\/wp-json\/wp\/v2\/tags?post=392"}],"curies":[{"name":"wp","href":"https:\/\/api.w.org\/{rel}","templated":true}]}}