{"id":398,"date":"2024-09-07T08:58:00","date_gmt":"2024-09-07T06:58:00","guid":{"rendered":"https:\/\/www.site.cdcl.xyz\/2024\/09\/07\/actus-francaises-le-fantome-de-marine-le-pen-a-matignon-france\/"},"modified":"2024-09-07T08:58:00","modified_gmt":"2024-09-07T06:58:00","slug":"actus-francaises-le-fantome-de-marine-le-pen-a-matignon-france","status":"publish","type":"post","link":"https:\/\/www.cc3rivieres76.com\/blog\/actus-francaises-le-fantome-de-marine-le-pen-a-matignon-france\/","title":{"rendered":"Actus fran\u00e7aises: Le fant\u00f4me de Marine Le\u00a0Pen \u00e0 Matignon #France"},"content":{"rendered":"\n<p>J\u2019ai remarqu\u00e9 un papier sur le web dont le sujet est \u00abActualit\u00e9 fran\u00e7aise\u00bb.<\/p>\n<h2>\nA lire sur Le Point \u2013 Politique, l\u2019article ci-dessous<\/h2>\n<p><u>Signature . <\/u><\/p>\n<p><u>Date et heure de la r\u00e9ception de la d\u00e9p\u00e9che sur notre fil d\u2019info:<\/u><strong><span id=\"date\"><\/span><\/strong><\/p>\n<p><u>Date et heure de publication sur internet:<\/u> <strong><span id=\"datecrea\"><\/span><\/strong><\/p>\n<p><u>Titre exacte donn\u00e9 par le journal \u00e9tait:<\/u> <strong>Le fant\u00f4me de Marine Le&nbsp;Pen \u00e0 Matignon<\/strong><\/p>\n<p><u>Information et contenu publi\u00e9s :<\/u><\/p>\n<p><img decoding=\"async\" src=\"https:\/\/www.cc3rivieres76.com\/blog\/wp-content\/uploads\/2024\/09\/actus-francaises-le-fantome-de-marine-le-pen-a-matignon-france.jpg\"><\/p>\n<div id=\"contenu\"> <!-- include t_www_2023\/pages\/article\/blocs\/tag_pub.tpl --><br \/><!-- include \/t_www_2023\/pages\/article\/blocs\/tag_pub.tpl --><\/p>\n<p><span class=\"dflt-txt__lettrine\">M<\/span>ais comment a-t-on pu en arriver l\u00e0&nbsp;? \u00c0 ce que Marine Le&nbsp;Pen soit \u00e0 Matignon&nbsp;? Non pas en chair et en os, mais en directrice RH, en influenceuse sans qui Michel Barnier ne serait pas dans la place. On ne soup\u00e7onne en rien le ma\u00eetre officiel des lieux, Michel Barnier, d\u2019\u00eatre si peu que ce soit complice ou complaisant vis-\u00e0-vis du Rassemblement national. Mais il est av\u00e9r\u00e9 que sa nomination n\u2019a \u00e9t\u00e9 rendue possible que parce qu\u2019elle a re\u00e7u un <em>nihil obstat<\/em> de ce parti. Voil\u00e0 qui ne l\u2019assure nullement d\u2019une long\u00e9vit\u00e9 garantie, mais au moins b\u00e9n\u00e9ficie-t-il d\u2019une \u00ab&nbsp;non-censurabilit\u00e9&nbsp;\u00bb imm\u00e9diate.<\/p>\n<section class=\"mbl txtcenter\">\n<p>Comment en est-on arriv\u00e9&nbsp;\u00e0 ce que le parti de Marine Le&nbsp;Pen et de Jordan Bardella ait pu ainsi jouer les arbitres des \u00e9l\u00e9gances matignonesques&nbsp;? C\u2019\u00e9tait le parti \u00e0 abattre \u00e0 tout prix apr\u00e8s qu\u2019il a recu\u2026<\/p>\n<aside id=\"article-reserve-aux-abonnes\" class=\"paywall\">\n<div class=\"paywall-content\">\n<p>Toute l\u2019actualit\u00e9 \u00e0 1\u20ac le premier mois<\/p>\n<p>S\u2019abonner<\/p>\n<p><span>ou<\/span><\/p>\n<\/div>\n<\/aside>\n<div id=\"newsletter\" class=\"bloc-1 title-top\">\n<span class=\"h2\">La newsletter politique<\/span><\/p>\n<div class=\"step-1\">\n<p class=\"period\">Tous les jeudis \u00e0 7h30<\/p>\n<p>Recevez en avant-premi\u00e8re les informations et analyses politiques de la r\u00e9daction du Point.<\/p>\n<\/div>\n<div class=\"step-2\">\n<p>Merci !<br \/>Votre inscription a bien \u00e9t\u00e9 prise en compte avec l\u2019adresse email :<br \/><span class=\"email-sended\"><\/span><\/p>\n<p>Pour d\u00e9couvrir toutes nos autres newsletters, rendez-vous ici : MonCompte<\/p>\n<\/div>\n<p>En vous inscrivant, vous acceptez les conditions g\u00e9n\u00e9rales d\u2019utilisations et notre politique de confidentialit\u00e9.<\/p>\n<\/div>\n<\/section>\n<\/div>\n<p> <img decoding=\"async\" src=\"https:\/\/www.cc3rivieres76.com\/blog\/wp-content\/uploads\/2024\/09\/actus-francaises-le-fantome-de-marine-le-pen-a-matignon-france.jpg\" alt=\"Le fant\u00f4me de Marine Le&nbsp;Pen \u00e0 Matignon\"><\/p>\n<p>#fant\u00f4me #Marine #LePen #Matignon<\/p>\n<p>Reprise de l\u2019information dans un style journalistique professionnel descriptif en organisant les id\u00e9es dans un ordre coh\u00e9rent avec titres html <\/p>\n<p>Lecture:<\/p>\n<p>Complicit\u00e9 de g\u00e9nocide ?.,<a href=\"https:\/\/www.kobo.com\/fr\/fr\/ebook\/complicite-de-genocide\" target=\"_blank\" rel=\"noopener noreferrer nofollow\">Clique ICI <\/a><span><\/span>.<\/p>\n<p>Photographie\/Personnalit\u00e9s\/P.,<a href=\"https:\/\/fr.wikibooks.org\/wiki\/Photographie\/Personnalit%C3%A9s\/P\" target=\"_blank\" rel=\"noopener noreferrer nofollow\">R\u00e9f\u00e9rence de ce livre<\/a><span><\/span>.<\/p>\n<p> Cet article, qui traite du th\u00e8me \u00ab\u00a0Les 3 rivi\u00e8res dans la Somme\u00a0\u00bb, vous est sp\u00e9cialement sugg\u00e9r\u00e9 par cc3rivieres76.com. La chronique est reproduite du mieux possible. Dans le cas o\u00f9 vous souhaitez apporter quelques pr\u00e9cisions concernant le domaine de \u00ab\u00a0Les 3 rivi\u00e8res dans la Somme\u00a0\u00bb vous pouvez solliciter notre r\u00e9daction. La destination de cc3rivieres76.com est de d\u00e9battre de Les 3 rivi\u00e8res dans la Somme dans la transparence en vous apportant la connaissance de tout ce qui est en lien avec ce sujet sur la toile Connectez-vous sur notre site cc3rivieres76.com et nos r\u00e9seaux sociaux dans le but d\u2019\u00eatre inform\u00e9 des futures publications.<\/p>\n","protected":false},"excerpt":{"rendered":"<p>J\u2019ai remarqu\u00e9 un papier sur le web dont le sujet est \u00abActualit\u00e9 fran\u00e7aise\u00bb. A lire sur Le Point \u2013 Politique, l\u2019article ci-dessous Signature . Date et heure de la r\u00e9ception de la d\u00e9p\u00e9che sur notre fil d\u2019info: Date et heure de publication sur internet: Titre exacte donn\u00e9 par le journal \u00e9tait: Le fant\u00f4me de Marine &hellip; <\/p>\n<p class=\"link-more\"><a href=\"https:\/\/www.cc3rivieres76.com\/blog\/actus-francaises-le-fantome-de-marine-le-pen-a-matignon-france\/\" class=\"more-link\">Continuer la lecture <span class=\"screen-reader-text\"> \u00ab\u00a0Actus fran\u00e7aises: Le fant\u00f4me de Marine Le\u00a0Pen \u00e0 Matignon #France\u00a0\u00bb<\/span><\/a><\/p>\n","protected":false},"author":3,"featured_media":399,"comment_status":"closed","ping_status":"closed","sticky":false,"template":"","format":"standard","meta":{"footnotes":""},"categories":[2],"tags":[],"class_list":["post-398","post","type-post","status-publish","format-standard","has-post-thumbnail","hentry","category-les-3-rivieres-dans-la-somme","entry"],"yoast_head":"<!-- This site is optimized with the Yoast SEO plugin v27.5 - https:\/\/yoast.com\/product\/yoast-seo-wordpress\/ -->\n<title>Actus fran\u00e7aises: Le fant\u00f4me de Marine Le\u00a0Pen \u00e0 Matignon #France - CC3RIVIERES76<\/title>\n<meta name=\"robots\" content=\"index, follow, max-snippet:-1, max-image-preview:large, max-video-preview:-1\" \/>\n<link rel=\"canonical\" href=\"https:\/\/www.cc3rivieres76.com\/blog\/actus-francaises-le-fantome-de-marine-le-pen-a-matignon-france\/\" \/>\n<meta property=\"og:locale\" content=\"fr_FR\" \/>\n<meta property=\"og:type\" content=\"article\" \/>\n<meta property=\"og:title\" content=\"Actus fran\u00e7aises: Le fant\u00f4me de Marine Le\u00a0Pen \u00e0 Matignon #France - CC3RIVIERES76\" \/>\n<meta property=\"og:description\" content=\"J\u2019ai remarqu\u00e9 un papier sur le web dont le sujet est \u00abActualit\u00e9 fran\u00e7aise\u00bb. A lire sur Le Point \u2013 Politique, l\u2019article ci-dessous Signature . Date et heure de la r\u00e9ception de la d\u00e9p\u00e9che sur notre fil d\u2019info: Date et heure de publication sur internet: Titre exacte donn\u00e9 par le journal \u00e9tait: Le fant\u00f4me de Marine &hellip; Continuer la lecture \u00ab\u00a0Actus fran\u00e7aises: Le fant\u00f4me de Marine Le\u00a0Pen \u00e0 Matignon #France\u00a0\u00bb\" \/>\n<meta property=\"og:url\" content=\"https:\/\/www.cc3rivieres76.com\/blog\/actus-francaises-le-fantome-de-marine-le-pen-a-matignon-france\/\" \/>\n<meta property=\"og:site_name\" content=\"CC3RIVIERES76\" \/>\n<meta property=\"article:published_time\" content=\"2024-09-07T06:58:00+00:00\" \/>\n<meta property=\"og:image\" content=\"https:\/\/www.cc3rivieres76.com\/blog\/wp-content\/uploads\/2024\/09\/actus-francaises-le-fantome-de-marine-le-pen-a-matignon-france.jpg\" \/>\n<meta name=\"author\" content=\"Sylvie DE LAUZAINGHEIN\" \/>\n<meta name=\"twitter:card\" content=\"summary_large_image\" \/>\n<meta name=\"twitter:label1\" content=\"\u00c9crit par\" \/>\n\t<meta name=\"twitter:data1\" content=\"Sylvie DE LAUZAINGHEIN\" \/>\n\t<meta name=\"twitter:label2\" content=\"Dur\u00e9e de lecture estim\u00e9e\" \/>\n\t<meta name=\"twitter:data2\" content=\"2 minutes\" \/>\n<script type=\"application\/ld+json\" class=\"yoast-schema-graph\">{\"@context\":\"https:\\\/\\\/schema.org\",\"@graph\":[{\"@type\":\"Article\",\"@id\":\"https:\\\/\\\/www.cc3rivieres76.com\\\/blog\\\/actus-francaises-le-fantome-de-marine-le-pen-a-matignon-france\\\/#article\",\"isPartOf\":{\"@id\":\"https:\\\/\\\/www.cc3rivieres76.com\\\/blog\\\/actus-francaises-le-fantome-de-marine-le-pen-a-matignon-france\\\/\"},\"author\":{\"name\":\"Sylvie DE LAUZAINGHEIN\",\"@id\":\"https:\\\/\\\/www.cc3rivieres76.com\\\/blog\\\/#\\\/schema\\\/person\\\/474d457fb7747b5218f39792dfaa5a1c\"},\"headline\":\"Actus fran\u00e7aises: Le fant\u00f4me de Marine Le\u00a0Pen \u00e0 Matignon #France\",\"datePublished\":\"2024-09-07T06:58:00+00:00\",\"mainEntityOfPage\":{\"@id\":\"https:\\\/\\\/www.cc3rivieres76.com\\\/blog\\\/actus-francaises-le-fantome-de-marine-le-pen-a-matignon-france\\\/\"},\"wordCount\":474,\"publisher\":{\"@id\":\"https:\\\/\\\/www.cc3rivieres76.com\\\/blog\\\/#organization\"},\"image\":{\"@id\":\"https:\\\/\\\/www.cc3rivieres76.com\\\/blog\\\/actus-francaises-le-fantome-de-marine-le-pen-a-matignon-france\\\/#primaryimage\"},\"thumbnailUrl\":\"https:\\\/\\\/www.cc3rivieres76.com\\\/blog\\\/wp-content\\\/uploads\\\/2024\\\/09\\\/actus-francaises-le-fantome-de-marine-le-pen-a-matignon-france.jpg\",\"articleSection\":[\"Les 3 Rivi\u00e8res Dans La Somme:\"],\"inLanguage\":\"fr-FR\"},{\"@type\":\"WebPage\",\"@id\":\"https:\\\/\\\/www.cc3rivieres76.com\\\/blog\\\/actus-francaises-le-fantome-de-marine-le-pen-a-matignon-france\\\/\",\"url\":\"https:\\\/\\\/www.cc3rivieres76.com\\\/blog\\\/actus-francaises-le-fantome-de-marine-le-pen-a-matignon-france\\\/\",\"name\":\"Actus fran\u00e7aises: Le fant\u00f4me de Marine Le\u00a0Pen \u00e0 Matignon #France - CC3RIVIERES76\",\"isPartOf\":{\"@id\":\"https:\\\/\\\/www.cc3rivieres76.com\\\/blog\\\/#website\"},\"primaryImageOfPage\":{\"@id\":\"https:\\\/\\\/www.cc3rivieres76.com\\\/blog\\\/actus-francaises-le-fantome-de-marine-le-pen-a-matignon-france\\\/#primaryimage\"},\"image\":{\"@id\":\"https:\\\/\\\/www.cc3rivieres76.com\\\/blog\\\/actus-francaises-le-fantome-de-marine-le-pen-a-matignon-france\\\/#primaryimage\"},\"thumbnailUrl\":\"https:\\\/\\\/www.cc3rivieres76.com\\\/blog\\\/wp-content\\\/uploads\\\/2024\\\/09\\\/actus-francaises-le-fantome-de-marine-le-pen-a-matignon-france.jpg\",\"datePublished\":\"2024-09-07T06:58:00+00:00\",\"breadcrumb\":{\"@id\":\"https:\\\/\\\/www.cc3rivieres76.com\\\/blog\\\/actus-francaises-le-fantome-de-marine-le-pen-a-matignon-france\\\/#breadcrumb\"},\"inLanguage\":\"fr-FR\",\"potentialAction\":[{\"@type\":\"ReadAction\",\"target\":[\"https:\\\/\\\/www.cc3rivieres76.com\\\/blog\\\/actus-francaises-le-fantome-de-marine-le-pen-a-matignon-france\\\/\"]}]},{\"@type\":\"ImageObject\",\"inLanguage\":\"fr-FR\",\"@id\":\"https:\\\/\\\/www.cc3rivieres76.com\\\/blog\\\/actus-francaises-le-fantome-de-marine-le-pen-a-matignon-france\\\/#primaryimage\",\"url\":\"https:\\\/\\\/www.cc3rivieres76.com\\\/blog\\\/wp-content\\\/uploads\\\/2024\\\/09\\\/actus-francaises-le-fantome-de-marine-le-pen-a-matignon-france.jpg\",\"contentUrl\":\"https:\\\/\\\/www.cc3rivieres76.com\\\/blog\\\/wp-content\\\/uploads\\\/2024\\\/09\\\/actus-francaises-le-fantome-de-marine-le-pen-a-matignon-france.jpg\",\"width\":1440,\"height\":960,\"caption\":\"Actus fran\u00e7aises: Le fant\u00f4me de Marine Le\u00a0Pen \u00e0 Matignon #France\"},{\"@type\":\"BreadcrumbList\",\"@id\":\"https:\\\/\\\/www.cc3rivieres76.com\\\/blog\\\/actus-francaises-le-fantome-de-marine-le-pen-a-matignon-france\\\/#breadcrumb\",\"itemListElement\":[{\"@type\":\"ListItem\",\"position\":1,\"name\":\"Accueil\",\"item\":\"https:\\\/\\\/www.cc3rivieres76.com\\\/blog\\\/\"},{\"@type\":\"ListItem\",\"position\":2,\"name\":\"Actus fran\u00e7aises: Le fant\u00f4me de Marine Le\u00a0Pen \u00e0 Matignon #France\"}]},{\"@type\":\"WebSite\",\"@id\":\"https:\\\/\\\/www.cc3rivieres76.com\\\/blog\\\/#website\",\"url\":\"https:\\\/\\\/www.cc3rivieres76.com\\\/blog\\\/\",\"name\":\"CC3RIVIERES76\",\"description\":\"Les 3 rivi\u00e8res dans la Somme.\",\"publisher\":{\"@id\":\"https:\\\/\\\/www.cc3rivieres76.com\\\/blog\\\/#organization\"},\"potentialAction\":[{\"@type\":\"SearchAction\",\"target\":{\"@type\":\"EntryPoint\",\"urlTemplate\":\"https:\\\/\\\/www.cc3rivieres76.com\\\/blog\\\/?s={search_term_string}\"},\"query-input\":{\"@type\":\"PropertyValueSpecification\",\"valueRequired\":true,\"valueName\":\"search_term_string\"}}],\"inLanguage\":\"fr-FR\"},{\"@type\":\"Organization\",\"@id\":\"https:\\\/\\\/www.cc3rivieres76.com\\\/blog\\\/#organization\",\"name\":\"cc3rivieres76\",\"url\":\"https:\\\/\\\/www.cc3rivieres76.com\\\/blog\\\/\",\"logo\":{\"@type\":\"ImageObject\",\"inLanguage\":\"fr-FR\",\"@id\":\"https:\\\/\\\/www.cc3rivieres76.com\\\/blog\\\/#\\\/schema\\\/logo\\\/image\\\/\",\"url\":\"https:\\\/\\\/www.cc3rivieres76.com\\\/blog\\\/wp-content\\\/uploads\\\/2023\\\/06\\\/logo-2.png\",\"contentUrl\":\"https:\\\/\\\/www.cc3rivieres76.com\\\/blog\\\/wp-content\\\/uploads\\\/2023\\\/06\\\/logo-2.png\",\"width\":390,\"height\":388,\"caption\":\"cc3rivieres76\"},\"image\":{\"@id\":\"https:\\\/\\\/www.cc3rivieres76.com\\\/blog\\\/#\\\/schema\\\/logo\\\/image\\\/\"}},{\"@type\":\"Person\",\"@id\":\"https:\\\/\\\/www.cc3rivieres76.com\\\/blog\\\/#\\\/schema\\\/person\\\/474d457fb7747b5218f39792dfaa5a1c\",\"name\":\"Sylvie DE LAUZAINGHEIN\",\"image\":{\"@type\":\"ImageObject\",\"inLanguage\":\"fr-FR\",\"@id\":\"https:\\\/\\\/secure.gravatar.com\\\/avatar\\\/9c6a53b19e0a3431aa80de0895b9729fe665cd7e7d6cc94fc11abb152f4237d7?s=96&d=mm&r=g\",\"url\":\"https:\\\/\\\/secure.gravatar.com\\\/avatar\\\/9c6a53b19e0a3431aa80de0895b9729fe665cd7e7d6cc94fc11abb152f4237d7?s=96&d=mm&r=g\",\"contentUrl\":\"https:\\\/\\\/secure.gravatar.com\\\/avatar\\\/9c6a53b19e0a3431aa80de0895b9729fe665cd7e7d6cc94fc11abb152f4237d7?s=96&d=mm&r=g\",\"caption\":\"Sylvie DE LAUZAINGHEIN\"},\"url\":\"https:\\\/\\\/www.cc3rivieres76.com\\\/blog\\\/author\\\/s76sylvie\\\/\"}]}<\/script>\n<!-- \/ Yoast SEO plugin. -->","yoast_head_json":{"title":"Actus fran\u00e7aises: Le fant\u00f4me de Marine Le\u00a0Pen \u00e0 Matignon #France - CC3RIVIERES76","robots":{"index":"index","follow":"follow","max-snippet":"max-snippet:-1","max-image-preview":"max-image-preview:large","max-video-preview":"max-video-preview:-1"},"canonical":"https:\/\/www.cc3rivieres76.com\/blog\/actus-francaises-le-fantome-de-marine-le-pen-a-matignon-france\/","og_locale":"fr_FR","og_type":"article","og_title":"Actus fran\u00e7aises: Le fant\u00f4me de Marine Le\u00a0Pen \u00e0 Matignon #France - CC3RIVIERES76","og_description":"J\u2019ai remarqu\u00e9 un papier sur le web dont le sujet est \u00abActualit\u00e9 fran\u00e7aise\u00bb. A lire sur Le Point \u2013 Politique, l\u2019article ci-dessous Signature . Date et heure de la r\u00e9ception de la d\u00e9p\u00e9che sur notre fil d\u2019info: Date et heure de publication sur internet: Titre exacte donn\u00e9 par le journal \u00e9tait: Le fant\u00f4me de Marine &hellip; Continuer la lecture \u00ab\u00a0Actus fran\u00e7aises: Le fant\u00f4me de Marine Le\u00a0Pen \u00e0 Matignon #France\u00a0\u00bb","og_url":"https:\/\/www.cc3rivieres76.com\/blog\/actus-francaises-le-fantome-de-marine-le-pen-a-matignon-france\/","og_site_name":"CC3RIVIERES76","article_published_time":"2024-09-07T06:58:00+00:00","og_image":[{"url":"https:\/\/www.cc3rivieres76.com\/blog\/wp-content\/uploads\/2024\/09\/actus-francaises-le-fantome-de-marine-le-pen-a-matignon-france.jpg","type":"","width":"","height":""}],"author":"Sylvie DE LAUZAINGHEIN","twitter_card":"summary_large_image","twitter_misc":{"\u00c9crit par":"Sylvie DE LAUZAINGHEIN","Dur\u00e9e de lecture estim\u00e9e":"2 minutes"},"schema":{"@context":"https:\/\/schema.org","@graph":[{"@type":"Article","@id":"https:\/\/www.cc3rivieres76.com\/blog\/actus-francaises-le-fantome-de-marine-le-pen-a-matignon-france\/#article","isPartOf":{"@id":"https:\/\/www.cc3rivieres76.com\/blog\/actus-francaises-le-fantome-de-marine-le-pen-a-matignon-france\/"},"author":{"name":"Sylvie DE LAUZAINGHEIN","@id":"https:\/\/www.cc3rivieres76.com\/blog\/#\/schema\/person\/474d457fb7747b5218f39792dfaa5a1c"},"headline":"Actus fran\u00e7aises: Le fant\u00f4me de Marine Le\u00a0Pen \u00e0 Matignon #France","datePublished":"2024-09-07T06:58:00+00:00","mainEntityOfPage":{"@id":"https:\/\/www.cc3rivieres76.com\/blog\/actus-francaises-le-fantome-de-marine-le-pen-a-matignon-france\/"},"wordCount":474,"publisher":{"@id":"https:\/\/www.cc3rivieres76.com\/blog\/#organization"},"image":{"@id":"https:\/\/www.cc3rivieres76.com\/blog\/actus-francaises-le-fantome-de-marine-le-pen-a-matignon-france\/#primaryimage"},"thumbnailUrl":"https:\/\/www.cc3rivieres76.com\/blog\/wp-content\/uploads\/2024\/09\/actus-francaises-le-fantome-de-marine-le-pen-a-matignon-france.jpg","articleSection":["Les 3 Rivi\u00e8res Dans La Somme:"],"inLanguage":"fr-FR"},{"@type":"WebPage","@id":"https:\/\/www.cc3rivieres76.com\/blog\/actus-francaises-le-fantome-de-marine-le-pen-a-matignon-france\/","url":"https:\/\/www.cc3rivieres76.com\/blog\/actus-francaises-le-fantome-de-marine-le-pen-a-matignon-france\/","name":"Actus fran\u00e7aises: Le fant\u00f4me de Marine Le\u00a0Pen \u00e0 Matignon #France - CC3RIVIERES76","isPartOf":{"@id":"https:\/\/www.cc3rivieres76.com\/blog\/#website"},"primaryImageOfPage":{"@id":"https:\/\/www.cc3rivieres76.com\/blog\/actus-francaises-le-fantome-de-marine-le-pen-a-matignon-france\/#primaryimage"},"image":{"@id":"https:\/\/www.cc3rivieres76.com\/blog\/actus-francaises-le-fantome-de-marine-le-pen-a-matignon-france\/#primaryimage"},"thumbnailUrl":"https:\/\/www.cc3rivieres76.com\/blog\/wp-content\/uploads\/2024\/09\/actus-francaises-le-fantome-de-marine-le-pen-a-matignon-france.jpg","datePublished":"2024-09-07T06:58:00+00:00","breadcrumb":{"@id":"https:\/\/www.cc3rivieres76.com\/blog\/actus-francaises-le-fantome-de-marine-le-pen-a-matignon-france\/#breadcrumb"},"inLanguage":"fr-FR","potentialAction":[{"@type":"ReadAction","target":["https:\/\/www.cc3rivieres76.com\/blog\/actus-francaises-le-fantome-de-marine-le-pen-a-matignon-france\/"]}]},{"@type":"ImageObject","inLanguage":"fr-FR","@id":"https:\/\/www.cc3rivieres76.com\/blog\/actus-francaises-le-fantome-de-marine-le-pen-a-matignon-france\/#primaryimage","url":"https:\/\/www.cc3rivieres76.com\/blog\/wp-content\/uploads\/2024\/09\/actus-francaises-le-fantome-de-marine-le-pen-a-matignon-france.jpg","contentUrl":"https:\/\/www.cc3rivieres76.com\/blog\/wp-content\/uploads\/2024\/09\/actus-francaises-le-fantome-de-marine-le-pen-a-matignon-france.jpg","width":1440,"height":960,"caption":"Actus fran\u00e7aises: Le fant\u00f4me de Marine Le\u00a0Pen \u00e0 Matignon #France"},{"@type":"BreadcrumbList","@id":"https:\/\/www.cc3rivieres76.com\/blog\/actus-francaises-le-fantome-de-marine-le-pen-a-matignon-france\/#breadcrumb","itemListElement":[{"@type":"ListItem","position":1,"name":"Accueil","item":"https:\/\/www.cc3rivieres76.com\/blog\/"},{"@type":"ListItem","position":2,"name":"Actus fran\u00e7aises: Le fant\u00f4me de Marine Le\u00a0Pen \u00e0 Matignon #France"}]},{"@type":"WebSite","@id":"https:\/\/www.cc3rivieres76.com\/blog\/#website","url":"https:\/\/www.cc3rivieres76.com\/blog\/","name":"CC3RIVIERES76","description":"Les 3 rivi\u00e8res dans la Somme.","publisher":{"@id":"https:\/\/www.cc3rivieres76.com\/blog\/#organization"},"potentialAction":[{"@type":"SearchAction","target":{"@type":"EntryPoint","urlTemplate":"https:\/\/www.cc3rivieres76.com\/blog\/?s={search_term_string}"},"query-input":{"@type":"PropertyValueSpecification","valueRequired":true,"valueName":"search_term_string"}}],"inLanguage":"fr-FR"},{"@type":"Organization","@id":"https:\/\/www.cc3rivieres76.com\/blog\/#organization","name":"cc3rivieres76","url":"https:\/\/www.cc3rivieres76.com\/blog\/","logo":{"@type":"ImageObject","inLanguage":"fr-FR","@id":"https:\/\/www.cc3rivieres76.com\/blog\/#\/schema\/logo\/image\/","url":"https:\/\/www.cc3rivieres76.com\/blog\/wp-content\/uploads\/2023\/06\/logo-2.png","contentUrl":"https:\/\/www.cc3rivieres76.com\/blog\/wp-content\/uploads\/2023\/06\/logo-2.png","width":390,"height":388,"caption":"cc3rivieres76"},"image":{"@id":"https:\/\/www.cc3rivieres76.com\/blog\/#\/schema\/logo\/image\/"}},{"@type":"Person","@id":"https:\/\/www.cc3rivieres76.com\/blog\/#\/schema\/person\/474d457fb7747b5218f39792dfaa5a1c","name":"Sylvie DE LAUZAINGHEIN","image":{"@type":"ImageObject","inLanguage":"fr-FR","@id":"https:\/\/secure.gravatar.com\/avatar\/9c6a53b19e0a3431aa80de0895b9729fe665cd7e7d6cc94fc11abb152f4237d7?s=96&d=mm&r=g","url":"https:\/\/secure.gravatar.com\/avatar\/9c6a53b19e0a3431aa80de0895b9729fe665cd7e7d6cc94fc11abb152f4237d7?s=96&d=mm&r=g","contentUrl":"https:\/\/secure.gravatar.com\/avatar\/9c6a53b19e0a3431aa80de0895b9729fe665cd7e7d6cc94fc11abb152f4237d7?s=96&d=mm&r=g","caption":"Sylvie DE LAUZAINGHEIN"},"url":"https:\/\/www.cc3rivieres76.com\/blog\/author\/s76sylvie\/"}]}},"_links":{"self":[{"href":"https:\/\/www.cc3rivieres76.com\/blog\/wp-json\/wp\/v2\/posts\/398","targetHints":{"allow":["GET"]}}],"collection":[{"href":"https:\/\/www.cc3rivieres76.com\/blog\/wp-json\/wp\/v2\/posts"}],"about":[{"href":"https:\/\/www.cc3rivieres76.com\/blog\/wp-json\/wp\/v2\/types\/post"}],"author":[{"embeddable":true,"href":"https:\/\/www.cc3rivieres76.com\/blog\/wp-json\/wp\/v2\/users\/3"}],"replies":[{"embeddable":true,"href":"https:\/\/www.cc3rivieres76.com\/blog\/wp-json\/wp\/v2\/comments?post=398"}],"version-history":[{"count":0,"href":"https:\/\/www.cc3rivieres76.com\/blog\/wp-json\/wp\/v2\/posts\/398\/revisions"}],"wp:featuredmedia":[{"embeddable":true,"href":"https:\/\/www.cc3rivieres76.com\/blog\/wp-json\/wp\/v2\/media\/399"}],"wp:attachment":[{"href":"https:\/\/www.cc3rivieres76.com\/blog\/wp-json\/wp\/v2\/media?parent=398"}],"wp:term":[{"taxonomy":"category","embeddable":true,"href":"https:\/\/www.cc3rivieres76.com\/blog\/wp-json\/wp\/v2\/categories?post=398"},{"taxonomy":"post_tag","embeddable":true,"href":"https:\/\/www.cc3rivieres76.com\/blog\/wp-json\/wp\/v2\/tags?post=398"}],"curies":[{"name":"wp","href":"https:\/\/api.w.org\/{rel}","templated":true}]}}