{"id":402,"date":"2024-09-11T17:15:00","date_gmt":"2024-09-11T15:15:00","guid":{"rendered":"https:\/\/www.site.cdcl.xyz\/2024\/09\/11\/infos-nationales-la-region-ile-de-france-refuse-de-voir-le-peripherique-de-paris-limite-a-50-km-h-france\/"},"modified":"2024-09-11T17:15:00","modified_gmt":"2024-09-11T15:15:00","slug":"infos-nationales-la-region-ile-de-france-refuse-de-voir-le-peripherique-de-paris-limite-a-50-km-h-france","status":"publish","type":"post","link":"https:\/\/www.cc3rivieres76.com\/blog\/infos-nationales-la-region-ile-de-france-refuse-de-voir-le-peripherique-de-paris-limite-a-50-km-h-france\/","title":{"rendered":"Infos nationales: La r\u00e9gion \u00cele-de-France refuse de voir le p\u00e9riph\u00e9rique de Paris limit\u00e9 \u00e0 50\u00a0km\/h #France"},"content":{"rendered":"\n<p>Ce papier ayant pour sujet \u00ab&nbsp;Actualit\u00e9 fran\u00e7aise&nbsp;\u00bb circule sur le web, nous avons projet\u00e9 de vous le pr\u00e9senter d\u00e8s \u00e0 pr\u00e9sent.<\/p>\n<h2>Ceci a \u00e9t\u00e9 diffus\u00e9 par Le Point \u2013 Politique<\/h2>\n<p><u>Signature . <\/u><\/p>\n<p><u>Date et heure de la r\u00e9ception de la d\u00e9p\u00e9che sur notre fil d\u2019info:<\/u><strong><span id=\"date\"><\/span><\/strong><\/p>\n<p><u>Date et heure de publication sur internet:<\/u> <strong><span id=\"datecrea\"><\/span><\/strong><\/p>\n<p><u>Titre exacte donn\u00e9 par le journal \u00e9tait:<\/u> <strong>La r\u00e9gion \u00cele-de-France refuse de voir le p\u00e9riph\u00e9rique de Paris limit\u00e9 \u00e0 50&nbsp;km\/h<\/strong><\/p>\n<p><u>Information et contenu publi\u00e9s :<\/u><\/p>\n<p><img decoding=\"async\" src=\"https:\/\/www.cc3rivieres76.com\/blog\/wp-content\/uploads\/2024\/09\/infos-nationales-la-region-ile-de-france-refuse-de-voir-le-peripherique-de-paris-limite-a-50-km-h-france.jpg\"><\/p>\n<div id=\"contenu\"> <!-- include t_www_2023\/pages\/article\/blocs\/tag_pub.tpl --><br \/><!-- include \/t_www_2023\/pages\/article\/blocs\/tag_pub.tpl --><\/p>\n<p><span class=\"dflt-txt__lettrine\">P<\/span>as de doute, entre Anne Hidalgo et Val\u00e9rie P\u00e9cresse, la tr\u00eave olympique est bel et bien termin\u00e9e.&nbsp;Ce mercredi 11&nbsp;septembre, la r\u00e9gion \u00cele-de-France a adopt\u00e9 une motion appelant la maire de Paris, Anne Hidalgo, \u00e0 \u00ab&nbsp;renoncer&nbsp;\u00bb \u00e0 son projet de limiter la vitesse maximale sur le p\u00e9riph\u00e9rique parisien \u00e0 50&nbsp;km\/h \u00e0 compter du 1<sup>er<\/sup>&nbsp;octobre.<\/p>\n<section class=\"mbl txtcenter\">\n<div id=\"newsletter\" class=\"bloc-1 title-top\">\n<span class=\"h2\">La newsletter politique<\/span><\/p>\n<div class=\"step-1\">\n<p class=\"period\">Tous les jeudis \u00e0 7h30<\/p>\n<p>Recevez en avant-premi\u00e8re les informations et analyses politiques de la r\u00e9daction du Point.<\/p>\n<\/div>\n<div class=\"step-2\">\n<p>Merci !<br \/>Votre inscription a bien \u00e9t\u00e9 prise en compte avec l\u2019adresse email :<br \/><span class=\"email-sended\"><\/span><\/p>\n<p>Pour d\u00e9couvrir toutes nos autres newsletters, rendez-vous ici : MonCompte<\/p>\n<\/div>\n<p>En vous inscrivant, vous acceptez les conditions g\u00e9n\u00e9rales d\u2019utilisations et notre politique de confidentialit\u00e9.<\/p>\n<\/div>\n<p>La r\u00e9gion \u00cele-de-France, pr\u00e9sid\u00e9e par Val\u00e9rie&nbsp;P\u00e9cresse&nbsp;(Les R\u00e9publicains \u2013 LR), demande \u00e0 la mairie de renoncer \u00e0 son projet \u00ab&nbsp;au profit de la pose d\u2019enrob\u00e9s phoniques neufs&nbsp;\u00bb qu\u2019elle juge plus efficaces pour r\u00e9duire les nuisances sonores, et qu\u2019elle est pr\u00eate \u00e0 financer pour moiti\u00e9, pr\u00e9cise-t-elle dans un communiqu\u00e9.<\/p>\n<h2>L\u2019\u00c9tat peut prendre position dans cette affaire<\/h2>\n<p>Anne Hidalgo avait annonc\u00e9, lundi 9&nbsp;septembre, que la vitesse maximale sur l\u2019autoroute urbaine de 35&nbsp;kilom\u00e8tres qui ceint la capitale, actuellement de 70&nbsp;km\/h, passerait \u00e0 50&nbsp;km\/h au 1<sup>er<\/sup>&nbsp;octobre, afin de r\u00e9duire les nuisances sonores et la pollution de l\u2019air subies par plus d\u2019un demi-million de riverains. Affirmant \u00eatre la seule d\u00e9cisionnaire, l\u2019\u00e9dile socialiste n\u2019a pas attendu l\u2019avis de l\u2019\u00c9tat, qui affirme de son c\u00f4t\u00e9 avoir son mot \u00e0 dire.<\/p>\n<section class=\"mbl txtcenter\">\n<p>La r\u00e9gion \u00cele-de-France, qui souhaite \u00ab&nbsp;se voir transf\u00e9rer la comp\u00e9tence de gestion&nbsp;\u00bb du p\u00e9riph\u00e9rique, soulignant qu\u2019il est \u00ab&nbsp;emprunt\u00e9 quotidiennement par plus de 1&nbsp;million de v\u00e9hicules, avec 40&nbsp;% de trajets effectu\u00e9s de banlieue \u00e0 banlieue et 80&nbsp;% d\u2019usagers non parisiens&nbsp;\u00bb, a condamn\u00e9 une d\u00e9cision \u00ab&nbsp;unilat\u00e9rale, antisociale et inefficace&nbsp;\u00bb de la maire de Paris.<\/p>\n<h2>Ne pas p\u00e9naliser les travailleurs de nuit<\/h2>\n<p>\u00ab&nbsp;Sur le p\u00e9riph\u00e9rique dans la journ\u00e9e, la vitesse moyenne est \u00e0 36&nbsp;km\/h. Donc ce n\u2019est pas les travailleurs de la journ\u00e9e qu\u2019on va g\u00eaner avec cette baisse de la vitesse, ce sont les travailleurs de la nuit, les travailleurs en horaires d\u00e9cal\u00e9s, les travailleurs les plus modestes, ceux qui n\u2019ont pas le choix et qui doivent prendre la voiture&nbsp;\u00bb, a plaid\u00e9 mercredi Val\u00e9rie&nbsp;P\u00e9cresse&nbsp;devant les \u00e9lus de la r\u00e9gion, r\u00e9unis pour voter la strat\u00e9gie d\u2019am\u00e9nagement du territoire jusqu\u2019en 2040.<\/p>\n<p>Elle a donn\u00e9 l\u2019exemple d\u2019un \u00ab&nbsp;travailleur de Pantin (Seine-Saint-Denis) qui doit se rendre en pleine nuit \u00e0 Issy-les-Moulineaux&nbsp;: si on lui baisse sa vitesse de&nbsp;70&nbsp;\u00e0 50&nbsp;km\/h, il va perdre&nbsp;6&nbsp;minutes \u00e0 l\u2019aller,&nbsp;6&nbsp;minutes au retour, soit&nbsp;12&nbsp;minutes de sommeil&nbsp;\u00bb.<\/p>\n<p>Selon la r\u00e9gion, des enrob\u00e9s phoniques neufs permettraient de \u00ab&nbsp;diviser le bruit par cinq (de l\u2019ordre de \u2013&nbsp;7 d\u00e9cibels)&nbsp;\u00bb pour \u00ab&nbsp;les 30&nbsp;000 riverains du boulevard p\u00e9riph\u00e9rique particuli\u00e8rement affect\u00e9s&nbsp;\u00bb par la pollution sonore, versus seulement \u00ab&nbsp;\u2013&nbsp;2 \u00e0 \u2013&nbsp;3 d\u00e9cibels&nbsp;\u00bb avec la limitation de vitesse \u00e0 50&nbsp;km\/h.<\/p>\n<\/section>\n<\/section>\n<\/div>\n<p> <img decoding=\"async\" src=\"https:\/\/www.cc3rivieres76.com\/blog\/wp-content\/uploads\/2024\/09\/infos-nationales-la-region-ile-de-france-refuse-de-voir-le-peripherique-de-paris-limite-a-50-km-h-france.jpg\" alt=\"La r\u00e9gion \u00cele-de-France refuse de voir le p\u00e9riph\u00e9rique de Paris limit\u00e9 \u00e0 50&nbsp;km\/h\"><\/p>\n<p>#r\u00e9gion #\u00celedeFrance #refuse #voir #p\u00e9riph\u00e9rique #Paris #limit\u00e9 #50kmh<\/p>\n<p>Reprise de l\u2019information dans un style journalistique professionnel descriptif en organisant les id\u00e9es dans un ordre coh\u00e9rent avec titres html <\/p>\n<p>Bibliographie :<\/p>\n<p>Comprendre les r\u00e9f\u00e9rendums de 2018-2022 en Nouvelle-Cal\u00e9donie.,<a href=\"https:\/\/www.kobo.com\/fr\/fr\/ebook\/comprendre-les-referendums-de-2018-2022-en-nouvelle-caledonie\" target=\"_blank\" rel=\"noopener noreferrer nofollow\">A voir <\/a><span><\/span>. Disponible dans toutes les bonnes librairies.<\/p>\n<p>Photographie\/Personnalit\u00e9s\/H.,<a href=\"https:\/\/fr.wikibooks.org\/wiki\/Photographie\/Personnalit%C3%A9s\/H\" target=\"_blank\" rel=\"noopener noreferrer nofollow\">Suivre ce lien <\/a><span><\/span>. Ouvrage de r\u00e9f\u00e9rence.<\/p>\n<p>Port-Louis, les ombres de la citadelle.,<a href=\"https:\/\/www.kobo.com\/fr\/fr\/ebook\/port-louis-les-ombres-de-la-citadelle\" target=\"_blank\" rel=\"noopener noreferrer nofollow\">Redirection vers la description compl\u00e8te<\/a><span><\/span>.<\/p>\n<p> Cet article, qui traite du th\u00e8me \u00ab\u00a0Les 3 rivi\u00e8res dans la Somme\u00a0\u00bb, vous est sp\u00e9cialement sugg\u00e9r\u00e9 par cc3rivieres76.com. La chronique est reproduite du mieux possible. Dans le cas o\u00f9 vous souhaitez apporter quelques pr\u00e9cisions concernant le domaine de \u00ab\u00a0Les 3 rivi\u00e8res dans la Somme\u00a0\u00bb vous pouvez solliciter notre r\u00e9daction. La destination de cc3rivieres76.com est de d\u00e9battre de Les 3 rivi\u00e8res dans la Somme dans la transparence en vous apportant la connaissance de tout ce qui est en lien avec ce sujet sur la toile Connectez-vous sur notre site cc3rivieres76.com et nos r\u00e9seaux sociaux dans le but d\u2019\u00eatre inform\u00e9 des futures publications.<\/p>\n","protected":false},"excerpt":{"rendered":"<p>Ce papier ayant pour sujet \u00ab&nbsp;Actualit\u00e9 fran\u00e7aise&nbsp;\u00bb circule sur le web, nous avons projet\u00e9 de vous le pr\u00e9senter d\u00e8s \u00e0 pr\u00e9sent. Ceci a \u00e9t\u00e9 diffus\u00e9 par Le Point \u2013 Politique Signature . Date et heure de la r\u00e9ception de la d\u00e9p\u00e9che sur notre fil d\u2019info: Date et heure de publication sur internet: Titre exacte donn\u00e9 &hellip; <\/p>\n<p class=\"link-more\"><a href=\"https:\/\/www.cc3rivieres76.com\/blog\/infos-nationales-la-region-ile-de-france-refuse-de-voir-le-peripherique-de-paris-limite-a-50-km-h-france\/\" class=\"more-link\">Continuer la lecture <span class=\"screen-reader-text\"> \u00ab\u00a0Infos nationales: La r\u00e9gion \u00cele-de-France refuse de voir le p\u00e9riph\u00e9rique de Paris limit\u00e9 \u00e0 50\u00a0km\/h #France\u00a0\u00bb<\/span><\/a><\/p>\n","protected":false},"author":3,"featured_media":403,"comment_status":"closed","ping_status":"closed","sticky":false,"template":"","format":"standard","meta":{"footnotes":""},"categories":[2],"tags":[],"class_list":["post-402","post","type-post","status-publish","format-standard","has-post-thumbnail","hentry","category-les-3-rivieres-dans-la-somme","entry"],"yoast_head":"<!-- This site is optimized with the Yoast SEO plugin v27.5 - https:\/\/yoast.com\/product\/yoast-seo-wordpress\/ -->\n<title>Infos nationales: La r\u00e9gion \u00cele-de-France refuse de voir le p\u00e9riph\u00e9rique de Paris limit\u00e9 \u00e0 50\u00a0km\/h #France - CC3RIVIERES76<\/title>\n<meta name=\"robots\" content=\"index, follow, max-snippet:-1, max-image-preview:large, max-video-preview:-1\" \/>\n<link rel=\"canonical\" href=\"https:\/\/www.cc3rivieres76.com\/blog\/infos-nationales-la-region-ile-de-france-refuse-de-voir-le-peripherique-de-paris-limite-a-50-km-h-france\/\" \/>\n<meta property=\"og:locale\" content=\"fr_FR\" \/>\n<meta property=\"og:type\" content=\"article\" \/>\n<meta property=\"og:title\" content=\"Infos nationales: La r\u00e9gion \u00cele-de-France refuse de voir le p\u00e9riph\u00e9rique de Paris limit\u00e9 \u00e0 50\u00a0km\/h #France - CC3RIVIERES76\" \/>\n<meta property=\"og:description\" content=\"Ce papier ayant pour sujet \u00ab&nbsp;Actualit\u00e9 fran\u00e7aise&nbsp;\u00bb circule sur le web, nous avons projet\u00e9 de vous le pr\u00e9senter d\u00e8s \u00e0 pr\u00e9sent. Ceci a \u00e9t\u00e9 diffus\u00e9 par Le Point \u2013 Politique Signature . Date et heure de la r\u00e9ception de la d\u00e9p\u00e9che sur notre fil d\u2019info: Date et heure de publication sur internet: Titre exacte donn\u00e9 &hellip; Continuer la lecture \u00ab\u00a0Infos nationales: La r\u00e9gion \u00cele-de-France refuse de voir le p\u00e9riph\u00e9rique de Paris limit\u00e9 \u00e0 50\u00a0km\/h #France\u00a0\u00bb\" \/>\n<meta property=\"og:url\" content=\"https:\/\/www.cc3rivieres76.com\/blog\/infos-nationales-la-region-ile-de-france-refuse-de-voir-le-peripherique-de-paris-limite-a-50-km-h-france\/\" \/>\n<meta property=\"og:site_name\" content=\"CC3RIVIERES76\" \/>\n<meta property=\"article:published_time\" content=\"2024-09-11T15:15:00+00:00\" \/>\n<meta property=\"og:image\" content=\"https:\/\/www.cc3rivieres76.com\/blog\/wp-content\/uploads\/2024\/09\/infos-nationales-la-region-ile-de-france-refuse-de-voir-le-peripherique-de-paris-limite-a-50-km-h-france.jpg\" \/>\n<meta name=\"author\" content=\"Sylvie DE LAUZAINGHEIN\" \/>\n<meta name=\"twitter:card\" content=\"summary_large_image\" \/>\n<meta name=\"twitter:label1\" content=\"\u00c9crit par\" \/>\n\t<meta name=\"twitter:data1\" content=\"Sylvie DE LAUZAINGHEIN\" \/>\n\t<meta name=\"twitter:label2\" content=\"Dur\u00e9e de lecture estim\u00e9e\" \/>\n\t<meta name=\"twitter:data2\" content=\"4 minutes\" \/>\n<script type=\"application\/ld+json\" class=\"yoast-schema-graph\">{\"@context\":\"https:\\\/\\\/schema.org\",\"@graph\":[{\"@type\":\"Article\",\"@id\":\"https:\\\/\\\/www.cc3rivieres76.com\\\/blog\\\/infos-nationales-la-region-ile-de-france-refuse-de-voir-le-peripherique-de-paris-limite-a-50-km-h-france\\\/#article\",\"isPartOf\":{\"@id\":\"https:\\\/\\\/www.cc3rivieres76.com\\\/blog\\\/infos-nationales-la-region-ile-de-france-refuse-de-voir-le-peripherique-de-paris-limite-a-50-km-h-france\\\/\"},\"author\":{\"name\":\"Sylvie DE LAUZAINGHEIN\",\"@id\":\"https:\\\/\\\/www.cc3rivieres76.com\\\/blog\\\/#\\\/schema\\\/person\\\/474d457fb7747b5218f39792dfaa5a1c\"},\"headline\":\"Infos nationales: La r\u00e9gion \u00cele-de-France refuse de voir le p\u00e9riph\u00e9rique de Paris limit\u00e9 \u00e0 50\u00a0km\\\/h #France\",\"datePublished\":\"2024-09-11T15:15:00+00:00\",\"mainEntityOfPage\":{\"@id\":\"https:\\\/\\\/www.cc3rivieres76.com\\\/blog\\\/infos-nationales-la-region-ile-de-france-refuse-de-voir-le-peripherique-de-paris-limite-a-50-km-h-france\\\/\"},\"wordCount\":873,\"publisher\":{\"@id\":\"https:\\\/\\\/www.cc3rivieres76.com\\\/blog\\\/#organization\"},\"image\":{\"@id\":\"https:\\\/\\\/www.cc3rivieres76.com\\\/blog\\\/infos-nationales-la-region-ile-de-france-refuse-de-voir-le-peripherique-de-paris-limite-a-50-km-h-france\\\/#primaryimage\"},\"thumbnailUrl\":\"https:\\\/\\\/www.cc3rivieres76.com\\\/blog\\\/wp-content\\\/uploads\\\/2024\\\/09\\\/infos-nationales-la-region-ile-de-france-refuse-de-voir-le-peripherique-de-paris-limite-a-50-km-h-france.jpg\",\"articleSection\":[\"Les 3 Rivi\u00e8res Dans La Somme:\"],\"inLanguage\":\"fr-FR\"},{\"@type\":\"WebPage\",\"@id\":\"https:\\\/\\\/www.cc3rivieres76.com\\\/blog\\\/infos-nationales-la-region-ile-de-france-refuse-de-voir-le-peripherique-de-paris-limite-a-50-km-h-france\\\/\",\"url\":\"https:\\\/\\\/www.cc3rivieres76.com\\\/blog\\\/infos-nationales-la-region-ile-de-france-refuse-de-voir-le-peripherique-de-paris-limite-a-50-km-h-france\\\/\",\"name\":\"Infos nationales: La r\u00e9gion \u00cele-de-France refuse de voir le p\u00e9riph\u00e9rique de Paris limit\u00e9 \u00e0 50\u00a0km\\\/h #France - CC3RIVIERES76\",\"isPartOf\":{\"@id\":\"https:\\\/\\\/www.cc3rivieres76.com\\\/blog\\\/#website\"},\"primaryImageOfPage\":{\"@id\":\"https:\\\/\\\/www.cc3rivieres76.com\\\/blog\\\/infos-nationales-la-region-ile-de-france-refuse-de-voir-le-peripherique-de-paris-limite-a-50-km-h-france\\\/#primaryimage\"},\"image\":{\"@id\":\"https:\\\/\\\/www.cc3rivieres76.com\\\/blog\\\/infos-nationales-la-region-ile-de-france-refuse-de-voir-le-peripherique-de-paris-limite-a-50-km-h-france\\\/#primaryimage\"},\"thumbnailUrl\":\"https:\\\/\\\/www.cc3rivieres76.com\\\/blog\\\/wp-content\\\/uploads\\\/2024\\\/09\\\/infos-nationales-la-region-ile-de-france-refuse-de-voir-le-peripherique-de-paris-limite-a-50-km-h-france.jpg\",\"datePublished\":\"2024-09-11T15:15:00+00:00\",\"breadcrumb\":{\"@id\":\"https:\\\/\\\/www.cc3rivieres76.com\\\/blog\\\/infos-nationales-la-region-ile-de-france-refuse-de-voir-le-peripherique-de-paris-limite-a-50-km-h-france\\\/#breadcrumb\"},\"inLanguage\":\"fr-FR\",\"potentialAction\":[{\"@type\":\"ReadAction\",\"target\":[\"https:\\\/\\\/www.cc3rivieres76.com\\\/blog\\\/infos-nationales-la-region-ile-de-france-refuse-de-voir-le-peripherique-de-paris-limite-a-50-km-h-france\\\/\"]}]},{\"@type\":\"ImageObject\",\"inLanguage\":\"fr-FR\",\"@id\":\"https:\\\/\\\/www.cc3rivieres76.com\\\/blog\\\/infos-nationales-la-region-ile-de-france-refuse-de-voir-le-peripherique-de-paris-limite-a-50-km-h-france\\\/#primaryimage\",\"url\":\"https:\\\/\\\/www.cc3rivieres76.com\\\/blog\\\/wp-content\\\/uploads\\\/2024\\\/09\\\/infos-nationales-la-region-ile-de-france-refuse-de-voir-le-peripherique-de-paris-limite-a-50-km-h-france.jpg\",\"contentUrl\":\"https:\\\/\\\/www.cc3rivieres76.com\\\/blog\\\/wp-content\\\/uploads\\\/2024\\\/09\\\/infos-nationales-la-region-ile-de-france-refuse-de-voir-le-peripherique-de-paris-limite-a-50-km-h-france.jpg\",\"width\":1440,\"height\":960,\"caption\":\"Infos nationales: La r\u00e9gion \u00cele de France refuse de voir le p\u00e9riph\u00e9rique de Paris limit\u00e9 \u00e0 50\u00a0km\\\/h #France\"},{\"@type\":\"BreadcrumbList\",\"@id\":\"https:\\\/\\\/www.cc3rivieres76.com\\\/blog\\\/infos-nationales-la-region-ile-de-france-refuse-de-voir-le-peripherique-de-paris-limite-a-50-km-h-france\\\/#breadcrumb\",\"itemListElement\":[{\"@type\":\"ListItem\",\"position\":1,\"name\":\"Accueil\",\"item\":\"https:\\\/\\\/www.cc3rivieres76.com\\\/blog\\\/\"},{\"@type\":\"ListItem\",\"position\":2,\"name\":\"Infos nationales: La r\u00e9gion \u00cele-de-France refuse de voir le p\u00e9riph\u00e9rique de Paris limit\u00e9 \u00e0 50\u00a0km\\\/h #France\"}]},{\"@type\":\"WebSite\",\"@id\":\"https:\\\/\\\/www.cc3rivieres76.com\\\/blog\\\/#website\",\"url\":\"https:\\\/\\\/www.cc3rivieres76.com\\\/blog\\\/\",\"name\":\"CC3RIVIERES76\",\"description\":\"Les 3 rivi\u00e8res dans la Somme.\",\"publisher\":{\"@id\":\"https:\\\/\\\/www.cc3rivieres76.com\\\/blog\\\/#organization\"},\"potentialAction\":[{\"@type\":\"SearchAction\",\"target\":{\"@type\":\"EntryPoint\",\"urlTemplate\":\"https:\\\/\\\/www.cc3rivieres76.com\\\/blog\\\/?s={search_term_string}\"},\"query-input\":{\"@type\":\"PropertyValueSpecification\",\"valueRequired\":true,\"valueName\":\"search_term_string\"}}],\"inLanguage\":\"fr-FR\"},{\"@type\":\"Organization\",\"@id\":\"https:\\\/\\\/www.cc3rivieres76.com\\\/blog\\\/#organization\",\"name\":\"cc3rivieres76\",\"url\":\"https:\\\/\\\/www.cc3rivieres76.com\\\/blog\\\/\",\"logo\":{\"@type\":\"ImageObject\",\"inLanguage\":\"fr-FR\",\"@id\":\"https:\\\/\\\/www.cc3rivieres76.com\\\/blog\\\/#\\\/schema\\\/logo\\\/image\\\/\",\"url\":\"https:\\\/\\\/www.cc3rivieres76.com\\\/blog\\\/wp-content\\\/uploads\\\/2023\\\/06\\\/logo-2.png\",\"contentUrl\":\"https:\\\/\\\/www.cc3rivieres76.com\\\/blog\\\/wp-content\\\/uploads\\\/2023\\\/06\\\/logo-2.png\",\"width\":390,\"height\":388,\"caption\":\"cc3rivieres76\"},\"image\":{\"@id\":\"https:\\\/\\\/www.cc3rivieres76.com\\\/blog\\\/#\\\/schema\\\/logo\\\/image\\\/\"}},{\"@type\":\"Person\",\"@id\":\"https:\\\/\\\/www.cc3rivieres76.com\\\/blog\\\/#\\\/schema\\\/person\\\/474d457fb7747b5218f39792dfaa5a1c\",\"name\":\"Sylvie DE LAUZAINGHEIN\",\"image\":{\"@type\":\"ImageObject\",\"inLanguage\":\"fr-FR\",\"@id\":\"https:\\\/\\\/secure.gravatar.com\\\/avatar\\\/9c6a53b19e0a3431aa80de0895b9729fe665cd7e7d6cc94fc11abb152f4237d7?s=96&d=mm&r=g\",\"url\":\"https:\\\/\\\/secure.gravatar.com\\\/avatar\\\/9c6a53b19e0a3431aa80de0895b9729fe665cd7e7d6cc94fc11abb152f4237d7?s=96&d=mm&r=g\",\"contentUrl\":\"https:\\\/\\\/secure.gravatar.com\\\/avatar\\\/9c6a53b19e0a3431aa80de0895b9729fe665cd7e7d6cc94fc11abb152f4237d7?s=96&d=mm&r=g\",\"caption\":\"Sylvie DE LAUZAINGHEIN\"},\"url\":\"https:\\\/\\\/www.cc3rivieres76.com\\\/blog\\\/author\\\/s76sylvie\\\/\"}]}<\/script>\n<!-- \/ Yoast SEO plugin. -->","yoast_head_json":{"title":"Infos nationales: La r\u00e9gion \u00cele-de-France refuse de voir le p\u00e9riph\u00e9rique de Paris limit\u00e9 \u00e0 50\u00a0km\/h #France - CC3RIVIERES76","robots":{"index":"index","follow":"follow","max-snippet":"max-snippet:-1","max-image-preview":"max-image-preview:large","max-video-preview":"max-video-preview:-1"},"canonical":"https:\/\/www.cc3rivieres76.com\/blog\/infos-nationales-la-region-ile-de-france-refuse-de-voir-le-peripherique-de-paris-limite-a-50-km-h-france\/","og_locale":"fr_FR","og_type":"article","og_title":"Infos nationales: La r\u00e9gion \u00cele-de-France refuse de voir le p\u00e9riph\u00e9rique de Paris limit\u00e9 \u00e0 50\u00a0km\/h #France - CC3RIVIERES76","og_description":"Ce papier ayant pour sujet \u00ab&nbsp;Actualit\u00e9 fran\u00e7aise&nbsp;\u00bb circule sur le web, nous avons projet\u00e9 de vous le pr\u00e9senter d\u00e8s \u00e0 pr\u00e9sent. Ceci a \u00e9t\u00e9 diffus\u00e9 par Le Point \u2013 Politique Signature . Date et heure de la r\u00e9ception de la d\u00e9p\u00e9che sur notre fil d\u2019info: Date et heure de publication sur internet: Titre exacte donn\u00e9 &hellip; Continuer la lecture \u00ab\u00a0Infos nationales: La r\u00e9gion \u00cele-de-France refuse de voir le p\u00e9riph\u00e9rique de Paris limit\u00e9 \u00e0 50\u00a0km\/h #France\u00a0\u00bb","og_url":"https:\/\/www.cc3rivieres76.com\/blog\/infos-nationales-la-region-ile-de-france-refuse-de-voir-le-peripherique-de-paris-limite-a-50-km-h-france\/","og_site_name":"CC3RIVIERES76","article_published_time":"2024-09-11T15:15:00+00:00","og_image":[{"url":"https:\/\/www.cc3rivieres76.com\/blog\/wp-content\/uploads\/2024\/09\/infos-nationales-la-region-ile-de-france-refuse-de-voir-le-peripherique-de-paris-limite-a-50-km-h-france.jpg","type":"","width":"","height":""}],"author":"Sylvie DE LAUZAINGHEIN","twitter_card":"summary_large_image","twitter_misc":{"\u00c9crit par":"Sylvie DE LAUZAINGHEIN","Dur\u00e9e de lecture estim\u00e9e":"4 minutes"},"schema":{"@context":"https:\/\/schema.org","@graph":[{"@type":"Article","@id":"https:\/\/www.cc3rivieres76.com\/blog\/infos-nationales-la-region-ile-de-france-refuse-de-voir-le-peripherique-de-paris-limite-a-50-km-h-france\/#article","isPartOf":{"@id":"https:\/\/www.cc3rivieres76.com\/blog\/infos-nationales-la-region-ile-de-france-refuse-de-voir-le-peripherique-de-paris-limite-a-50-km-h-france\/"},"author":{"name":"Sylvie DE LAUZAINGHEIN","@id":"https:\/\/www.cc3rivieres76.com\/blog\/#\/schema\/person\/474d457fb7747b5218f39792dfaa5a1c"},"headline":"Infos nationales: La r\u00e9gion \u00cele-de-France refuse de voir le p\u00e9riph\u00e9rique de Paris limit\u00e9 \u00e0 50\u00a0km\/h #France","datePublished":"2024-09-11T15:15:00+00:00","mainEntityOfPage":{"@id":"https:\/\/www.cc3rivieres76.com\/blog\/infos-nationales-la-region-ile-de-france-refuse-de-voir-le-peripherique-de-paris-limite-a-50-km-h-france\/"},"wordCount":873,"publisher":{"@id":"https:\/\/www.cc3rivieres76.com\/blog\/#organization"},"image":{"@id":"https:\/\/www.cc3rivieres76.com\/blog\/infos-nationales-la-region-ile-de-france-refuse-de-voir-le-peripherique-de-paris-limite-a-50-km-h-france\/#primaryimage"},"thumbnailUrl":"https:\/\/www.cc3rivieres76.com\/blog\/wp-content\/uploads\/2024\/09\/infos-nationales-la-region-ile-de-france-refuse-de-voir-le-peripherique-de-paris-limite-a-50-km-h-france.jpg","articleSection":["Les 3 Rivi\u00e8res Dans La Somme:"],"inLanguage":"fr-FR"},{"@type":"WebPage","@id":"https:\/\/www.cc3rivieres76.com\/blog\/infos-nationales-la-region-ile-de-france-refuse-de-voir-le-peripherique-de-paris-limite-a-50-km-h-france\/","url":"https:\/\/www.cc3rivieres76.com\/blog\/infos-nationales-la-region-ile-de-france-refuse-de-voir-le-peripherique-de-paris-limite-a-50-km-h-france\/","name":"Infos nationales: La r\u00e9gion \u00cele-de-France refuse de voir le p\u00e9riph\u00e9rique de Paris limit\u00e9 \u00e0 50\u00a0km\/h #France - CC3RIVIERES76","isPartOf":{"@id":"https:\/\/www.cc3rivieres76.com\/blog\/#website"},"primaryImageOfPage":{"@id":"https:\/\/www.cc3rivieres76.com\/blog\/infos-nationales-la-region-ile-de-france-refuse-de-voir-le-peripherique-de-paris-limite-a-50-km-h-france\/#primaryimage"},"image":{"@id":"https:\/\/www.cc3rivieres76.com\/blog\/infos-nationales-la-region-ile-de-france-refuse-de-voir-le-peripherique-de-paris-limite-a-50-km-h-france\/#primaryimage"},"thumbnailUrl":"https:\/\/www.cc3rivieres76.com\/blog\/wp-content\/uploads\/2024\/09\/infos-nationales-la-region-ile-de-france-refuse-de-voir-le-peripherique-de-paris-limite-a-50-km-h-france.jpg","datePublished":"2024-09-11T15:15:00+00:00","breadcrumb":{"@id":"https:\/\/www.cc3rivieres76.com\/blog\/infos-nationales-la-region-ile-de-france-refuse-de-voir-le-peripherique-de-paris-limite-a-50-km-h-france\/#breadcrumb"},"inLanguage":"fr-FR","potentialAction":[{"@type":"ReadAction","target":["https:\/\/www.cc3rivieres76.com\/blog\/infos-nationales-la-region-ile-de-france-refuse-de-voir-le-peripherique-de-paris-limite-a-50-km-h-france\/"]}]},{"@type":"ImageObject","inLanguage":"fr-FR","@id":"https:\/\/www.cc3rivieres76.com\/blog\/infos-nationales-la-region-ile-de-france-refuse-de-voir-le-peripherique-de-paris-limite-a-50-km-h-france\/#primaryimage","url":"https:\/\/www.cc3rivieres76.com\/blog\/wp-content\/uploads\/2024\/09\/infos-nationales-la-region-ile-de-france-refuse-de-voir-le-peripherique-de-paris-limite-a-50-km-h-france.jpg","contentUrl":"https:\/\/www.cc3rivieres76.com\/blog\/wp-content\/uploads\/2024\/09\/infos-nationales-la-region-ile-de-france-refuse-de-voir-le-peripherique-de-paris-limite-a-50-km-h-france.jpg","width":1440,"height":960,"caption":"Infos nationales: La r\u00e9gion \u00cele de France refuse de voir le p\u00e9riph\u00e9rique de Paris limit\u00e9 \u00e0 50\u00a0km\/h #France"},{"@type":"BreadcrumbList","@id":"https:\/\/www.cc3rivieres76.com\/blog\/infos-nationales-la-region-ile-de-france-refuse-de-voir-le-peripherique-de-paris-limite-a-50-km-h-france\/#breadcrumb","itemListElement":[{"@type":"ListItem","position":1,"name":"Accueil","item":"https:\/\/www.cc3rivieres76.com\/blog\/"},{"@type":"ListItem","position":2,"name":"Infos nationales: La r\u00e9gion \u00cele-de-France refuse de voir le p\u00e9riph\u00e9rique de Paris limit\u00e9 \u00e0 50\u00a0km\/h #France"}]},{"@type":"WebSite","@id":"https:\/\/www.cc3rivieres76.com\/blog\/#website","url":"https:\/\/www.cc3rivieres76.com\/blog\/","name":"CC3RIVIERES76","description":"Les 3 rivi\u00e8res dans la Somme.","publisher":{"@id":"https:\/\/www.cc3rivieres76.com\/blog\/#organization"},"potentialAction":[{"@type":"SearchAction","target":{"@type":"EntryPoint","urlTemplate":"https:\/\/www.cc3rivieres76.com\/blog\/?s={search_term_string}"},"query-input":{"@type":"PropertyValueSpecification","valueRequired":true,"valueName":"search_term_string"}}],"inLanguage":"fr-FR"},{"@type":"Organization","@id":"https:\/\/www.cc3rivieres76.com\/blog\/#organization","name":"cc3rivieres76","url":"https:\/\/www.cc3rivieres76.com\/blog\/","logo":{"@type":"ImageObject","inLanguage":"fr-FR","@id":"https:\/\/www.cc3rivieres76.com\/blog\/#\/schema\/logo\/image\/","url":"https:\/\/www.cc3rivieres76.com\/blog\/wp-content\/uploads\/2023\/06\/logo-2.png","contentUrl":"https:\/\/www.cc3rivieres76.com\/blog\/wp-content\/uploads\/2023\/06\/logo-2.png","width":390,"height":388,"caption":"cc3rivieres76"},"image":{"@id":"https:\/\/www.cc3rivieres76.com\/blog\/#\/schema\/logo\/image\/"}},{"@type":"Person","@id":"https:\/\/www.cc3rivieres76.com\/blog\/#\/schema\/person\/474d457fb7747b5218f39792dfaa5a1c","name":"Sylvie DE LAUZAINGHEIN","image":{"@type":"ImageObject","inLanguage":"fr-FR","@id":"https:\/\/secure.gravatar.com\/avatar\/9c6a53b19e0a3431aa80de0895b9729fe665cd7e7d6cc94fc11abb152f4237d7?s=96&d=mm&r=g","url":"https:\/\/secure.gravatar.com\/avatar\/9c6a53b19e0a3431aa80de0895b9729fe665cd7e7d6cc94fc11abb152f4237d7?s=96&d=mm&r=g","contentUrl":"https:\/\/secure.gravatar.com\/avatar\/9c6a53b19e0a3431aa80de0895b9729fe665cd7e7d6cc94fc11abb152f4237d7?s=96&d=mm&r=g","caption":"Sylvie DE LAUZAINGHEIN"},"url":"https:\/\/www.cc3rivieres76.com\/blog\/author\/s76sylvie\/"}]}},"_links":{"self":[{"href":"https:\/\/www.cc3rivieres76.com\/blog\/wp-json\/wp\/v2\/posts\/402","targetHints":{"allow":["GET"]}}],"collection":[{"href":"https:\/\/www.cc3rivieres76.com\/blog\/wp-json\/wp\/v2\/posts"}],"about":[{"href":"https:\/\/www.cc3rivieres76.com\/blog\/wp-json\/wp\/v2\/types\/post"}],"author":[{"embeddable":true,"href":"https:\/\/www.cc3rivieres76.com\/blog\/wp-json\/wp\/v2\/users\/3"}],"replies":[{"embeddable":true,"href":"https:\/\/www.cc3rivieres76.com\/blog\/wp-json\/wp\/v2\/comments?post=402"}],"version-history":[{"count":0,"href":"https:\/\/www.cc3rivieres76.com\/blog\/wp-json\/wp\/v2\/posts\/402\/revisions"}],"wp:featuredmedia":[{"embeddable":true,"href":"https:\/\/www.cc3rivieres76.com\/blog\/wp-json\/wp\/v2\/media\/403"}],"wp:attachment":[{"href":"https:\/\/www.cc3rivieres76.com\/blog\/wp-json\/wp\/v2\/media?parent=402"}],"wp:term":[{"taxonomy":"category","embeddable":true,"href":"https:\/\/www.cc3rivieres76.com\/blog\/wp-json\/wp\/v2\/categories?post=402"},{"taxonomy":"post_tag","embeddable":true,"href":"https:\/\/www.cc3rivieres76.com\/blog\/wp-json\/wp\/v2\/tags?post=402"}],"curies":[{"name":"wp","href":"https:\/\/api.w.org\/{rel}","templated":true}]}}