{"id":408,"date":"2024-09-20T13:30:28","date_gmt":"2024-09-20T11:30:28","guid":{"rendered":"https:\/\/www.site.cdcl.xyz\/2024\/09\/20\/actualites-francaises-madagascar-a-antananarivo-une-exposition-et-un-festival-pour-sensibiliser-a-la-cause-des-femmes\/"},"modified":"2024-09-20T13:30:28","modified_gmt":"2024-09-20T11:30:28","slug":"actualites-francaises-madagascar-a-antananarivo-une-exposition-et-un-festival-pour-sensibiliser-a-la-cause-des-femmes","status":"publish","type":"post","link":"https:\/\/www.cc3rivieres76.com\/blog\/actualites-francaises-madagascar-a-antananarivo-une-exposition-et-un-festival-pour-sensibiliser-a-la-cause-des-femmes\/","title":{"rendered":"Actualit\u00e9s fran\u00e7aises: Madagascar : \u00e0 Antananarivo, une exposition et un festival pour sensibiliser \u00e0 la cause des femmes"},"content":{"rendered":"\n<p><img decoding=\"async\" src=\"https:\/\/www.cc3rivieres76.com\/blog\/wp-content\/uploads\/2024\/09\/actualites-francaises-madagascar-a-antananarivo-une-exposition-et-un-festival-pour-sensibiliser-a-la-cause-des-femmes.jpg\"><br \/>Comment comm\u00e9morer les femmes malgaches ? Comment leur permettre de se raconter, de se r\u00e9approprier l&rsquo;histoire \u00e0 travers leurs propres histoires ? \u00c0 Antananarivo, une exposition et un festival baptis\u00e9s tous deux \u00ab Vavy \u00bb (\u00ab femmes \u00bb en malgache) se d\u00e9roulent jusqu&rsquo;au 21 septembre 2024 dans diff\u00e9rents lieux de la capitale. Illustration \u00e0 l&rsquo;H\u00f4tel de ville avec l&rsquo;exposition baptis\u00e9e \u00ab Vavy, les archives de nos vies \u00bb.<\/p>\n<p>A lire:<\/p>\n<p>Histoire du clavier alphab\u00e9tique\/Machine \u00e0 \u00e9crire.,<a href=\"https:\/\/fr.wikibooks.org\/wiki\/Histoire_du_clavier_alphab%C3%A9tique\/Machine_%C3%A0_%C3%A9crire\" target=\"_blank\" rel=\"noopener noreferrer nofollow\">A lire. <\/a><span><\/span>.<\/p>\n<p>L\u2019\u00e2me de la France.,<a href=\"https:\/\/www.kobo.com\/fr\/fr\/ebook\/l-ame-de-la-france\" target=\"_blank\" rel=\"noopener noreferrer nofollow\">Ici la fiche de pr\u00e9sentation<\/a><span><\/span>.<\/p>\n<p>Programmer en R\/Comprendre la grammaire des graphiques.,<a href=\"https:\/\/fr.wikibooks.org\/wiki\/Programmer_en_R\/Comprendre_la_grammaire_des_graphiques\" target=\"_blank\" rel=\"noopener noreferrer nofollow\">A voir <\/a><span><\/span>.<\/p>\n<p> Cet article, qui traite du th\u00e8me \u00ab\u00a0Les 3 rivi\u00e8res dans la Somme\u00a0\u00bb, vous est sp\u00e9cialement sugg\u00e9r\u00e9 par cc3rivieres76.com. La chronique est reproduite du mieux possible. Dans le cas o\u00f9 vous souhaitez apporter quelques pr\u00e9cisions concernant le domaine de \u00ab\u00a0Les 3 rivi\u00e8res dans la Somme\u00a0\u00bb vous pouvez solliciter notre r\u00e9daction. La destination de cc3rivieres76.com est de d\u00e9battre de Les 3 rivi\u00e8res dans la Somme dans la transparence en vous apportant la connaissance de tout ce qui est en lien avec ce sujet sur la toile Connectez-vous sur notre site cc3rivieres76.com et nos r\u00e9seaux sociaux dans le but d\u2019\u00eatre inform\u00e9 des futures publications.<\/p>\n","protected":false},"excerpt":{"rendered":"<p>Comment comm\u00e9morer les femmes malgaches ? Comment leur permettre de se raconter, de se r\u00e9approprier l&rsquo;histoire \u00e0 travers leurs propres histoires ? \u00c0 Antananarivo, une exposition et un festival baptis\u00e9s tous deux \u00ab Vavy \u00bb (\u00ab femmes \u00bb en malgache) se d\u00e9roulent jusqu&rsquo;au 21 septembre 2024 dans diff\u00e9rents lieux de la capitale. Illustration \u00e0 l&rsquo;H\u00f4tel &hellip; <\/p>\n<p class=\"link-more\"><a href=\"https:\/\/www.cc3rivieres76.com\/blog\/actualites-francaises-madagascar-a-antananarivo-une-exposition-et-un-festival-pour-sensibiliser-a-la-cause-des-femmes\/\" class=\"more-link\">Continuer la lecture <span class=\"screen-reader-text\"> \u00ab\u00a0Actualit\u00e9s fran\u00e7aises: Madagascar : \u00e0 Antananarivo, une exposition et un festival pour sensibiliser \u00e0 la cause des femmes\u00a0\u00bb<\/span><\/a><\/p>\n","protected":false},"author":3,"featured_media":409,"comment_status":"closed","ping_status":"closed","sticky":false,"template":"","format":"standard","meta":{"footnotes":""},"categories":[2],"tags":[],"class_list":["post-408","post","type-post","status-publish","format-standard","has-post-thumbnail","hentry","category-les-3-rivieres-dans-la-somme","entry"],"yoast_head":"<!-- This site is optimized with the Yoast SEO plugin v27.5 - https:\/\/yoast.com\/product\/yoast-seo-wordpress\/ -->\n<title>Actualit\u00e9s fran\u00e7aises: Madagascar : \u00e0 Antananarivo, une exposition et un festival pour sensibiliser \u00e0 la cause des femmes - CC3RIVIERES76<\/title>\n<meta name=\"robots\" content=\"index, follow, max-snippet:-1, max-image-preview:large, max-video-preview:-1\" \/>\n<link rel=\"canonical\" href=\"https:\/\/www.cc3rivieres76.com\/blog\/actualites-francaises-madagascar-a-antananarivo-une-exposition-et-un-festival-pour-sensibiliser-a-la-cause-des-femmes\/\" \/>\n<meta property=\"og:locale\" content=\"fr_FR\" \/>\n<meta property=\"og:type\" content=\"article\" \/>\n<meta property=\"og:title\" content=\"Actualit\u00e9s fran\u00e7aises: Madagascar : \u00e0 Antananarivo, une exposition et un festival pour sensibiliser \u00e0 la cause des femmes - CC3RIVIERES76\" \/>\n<meta property=\"og:description\" content=\"Comment comm\u00e9morer les femmes malgaches ? Comment leur permettre de se raconter, de se r\u00e9approprier l&rsquo;histoire \u00e0 travers leurs propres histoires ? \u00c0 Antananarivo, une exposition et un festival baptis\u00e9s tous deux \u00ab Vavy \u00bb (\u00ab femmes \u00bb en malgache) se d\u00e9roulent jusqu&rsquo;au 21 septembre 2024 dans diff\u00e9rents lieux de la capitale. Illustration \u00e0 l&rsquo;H\u00f4tel &hellip; Continuer la lecture \u00ab\u00a0Actualit\u00e9s fran\u00e7aises: Madagascar : \u00e0 Antananarivo, une exposition et un festival pour sensibiliser \u00e0 la cause des femmes\u00a0\u00bb\" \/>\n<meta property=\"og:url\" content=\"https:\/\/www.cc3rivieres76.com\/blog\/actualites-francaises-madagascar-a-antananarivo-une-exposition-et-un-festival-pour-sensibiliser-a-la-cause-des-femmes\/\" \/>\n<meta property=\"og:site_name\" content=\"CC3RIVIERES76\" \/>\n<meta property=\"article:published_time\" content=\"2024-09-20T11:30:28+00:00\" \/>\n<meta property=\"og:image\" content=\"https:\/\/www.cc3rivieres76.com\/blog\/wp-content\/uploads\/2024\/09\/actualites-francaises-madagascar-a-antananarivo-une-exposition-et-un-festival-pour-sensibiliser-a-la-cause-des-femmes.jpg\" \/>\n<meta name=\"author\" content=\"Sylvie DE LAUZAINGHEIN\" \/>\n<meta name=\"twitter:card\" content=\"summary_large_image\" \/>\n<meta name=\"twitter:label1\" content=\"\u00c9crit par\" \/>\n\t<meta name=\"twitter:data1\" content=\"Sylvie DE LAUZAINGHEIN\" \/>\n\t<meta name=\"twitter:label2\" content=\"Dur\u00e9e de lecture estim\u00e9e\" \/>\n\t<meta name=\"twitter:data2\" content=\"1 minute\" \/>\n<script type=\"application\/ld+json\" class=\"yoast-schema-graph\">{\"@context\":\"https:\\\/\\\/schema.org\",\"@graph\":[{\"@type\":\"Article\",\"@id\":\"https:\\\/\\\/www.cc3rivieres76.com\\\/blog\\\/actualites-francaises-madagascar-a-antananarivo-une-exposition-et-un-festival-pour-sensibiliser-a-la-cause-des-femmes\\\/#article\",\"isPartOf\":{\"@id\":\"https:\\\/\\\/www.cc3rivieres76.com\\\/blog\\\/actualites-francaises-madagascar-a-antananarivo-une-exposition-et-un-festival-pour-sensibiliser-a-la-cause-des-femmes\\\/\"},\"author\":{\"name\":\"Sylvie DE LAUZAINGHEIN\",\"@id\":\"https:\\\/\\\/www.cc3rivieres76.com\\\/blog\\\/#\\\/schema\\\/person\\\/474d457fb7747b5218f39792dfaa5a1c\"},\"headline\":\"Actualit\u00e9s fran\u00e7aises: Madagascar : \u00e0 Antananarivo, une exposition et un festival pour sensibiliser \u00e0 la cause des femmes\",\"datePublished\":\"2024-09-20T11:30:28+00:00\",\"mainEntityOfPage\":{\"@id\":\"https:\\\/\\\/www.cc3rivieres76.com\\\/blog\\\/actualites-francaises-madagascar-a-antananarivo-une-exposition-et-un-festival-pour-sensibiliser-a-la-cause-des-femmes\\\/\"},\"wordCount\":230,\"publisher\":{\"@id\":\"https:\\\/\\\/www.cc3rivieres76.com\\\/blog\\\/#organization\"},\"image\":{\"@id\":\"https:\\\/\\\/www.cc3rivieres76.com\\\/blog\\\/actualites-francaises-madagascar-a-antananarivo-une-exposition-et-un-festival-pour-sensibiliser-a-la-cause-des-femmes\\\/#primaryimage\"},\"thumbnailUrl\":\"https:\\\/\\\/www.cc3rivieres76.com\\\/blog\\\/wp-content\\\/uploads\\\/2024\\\/09\\\/actualites-francaises-madagascar-a-antananarivo-une-exposition-et-un-festival-pour-sensibiliser-a-la-cause-des-femmes.jpg\",\"articleSection\":[\"Les 3 Rivi\u00e8res Dans La Somme:\"],\"inLanguage\":\"fr-FR\"},{\"@type\":\"WebPage\",\"@id\":\"https:\\\/\\\/www.cc3rivieres76.com\\\/blog\\\/actualites-francaises-madagascar-a-antananarivo-une-exposition-et-un-festival-pour-sensibiliser-a-la-cause-des-femmes\\\/\",\"url\":\"https:\\\/\\\/www.cc3rivieres76.com\\\/blog\\\/actualites-francaises-madagascar-a-antananarivo-une-exposition-et-un-festival-pour-sensibiliser-a-la-cause-des-femmes\\\/\",\"name\":\"Actualit\u00e9s fran\u00e7aises: Madagascar : \u00e0 Antananarivo, une exposition et un festival pour sensibiliser \u00e0 la cause des femmes - CC3RIVIERES76\",\"isPartOf\":{\"@id\":\"https:\\\/\\\/www.cc3rivieres76.com\\\/blog\\\/#website\"},\"primaryImageOfPage\":{\"@id\":\"https:\\\/\\\/www.cc3rivieres76.com\\\/blog\\\/actualites-francaises-madagascar-a-antananarivo-une-exposition-et-un-festival-pour-sensibiliser-a-la-cause-des-femmes\\\/#primaryimage\"},\"image\":{\"@id\":\"https:\\\/\\\/www.cc3rivieres76.com\\\/blog\\\/actualites-francaises-madagascar-a-antananarivo-une-exposition-et-un-festival-pour-sensibiliser-a-la-cause-des-femmes\\\/#primaryimage\"},\"thumbnailUrl\":\"https:\\\/\\\/www.cc3rivieres76.com\\\/blog\\\/wp-content\\\/uploads\\\/2024\\\/09\\\/actualites-francaises-madagascar-a-antananarivo-une-exposition-et-un-festival-pour-sensibiliser-a-la-cause-des-femmes.jpg\",\"datePublished\":\"2024-09-20T11:30:28+00:00\",\"breadcrumb\":{\"@id\":\"https:\\\/\\\/www.cc3rivieres76.com\\\/blog\\\/actualites-francaises-madagascar-a-antananarivo-une-exposition-et-un-festival-pour-sensibiliser-a-la-cause-des-femmes\\\/#breadcrumb\"},\"inLanguage\":\"fr-FR\",\"potentialAction\":[{\"@type\":\"ReadAction\",\"target\":[\"https:\\\/\\\/www.cc3rivieres76.com\\\/blog\\\/actualites-francaises-madagascar-a-antananarivo-une-exposition-et-un-festival-pour-sensibiliser-a-la-cause-des-femmes\\\/\"]}]},{\"@type\":\"ImageObject\",\"inLanguage\":\"fr-FR\",\"@id\":\"https:\\\/\\\/www.cc3rivieres76.com\\\/blog\\\/actualites-francaises-madagascar-a-antananarivo-une-exposition-et-un-festival-pour-sensibiliser-a-la-cause-des-femmes\\\/#primaryimage\",\"url\":\"https:\\\/\\\/www.cc3rivieres76.com\\\/blog\\\/wp-content\\\/uploads\\\/2024\\\/09\\\/actualites-francaises-madagascar-a-antananarivo-une-exposition-et-un-festival-pour-sensibiliser-a-la-cause-des-femmes.jpg\",\"contentUrl\":\"https:\\\/\\\/www.cc3rivieres76.com\\\/blog\\\/wp-content\\\/uploads\\\/2024\\\/09\\\/actualites-francaises-madagascar-a-antananarivo-une-exposition-et-un-festival-pour-sensibiliser-a-la-cause-des-femmes.jpg\",\"width\":1024,\"height\":576,\"caption\":\"Actualit\u00e9s fran\u00e7aises: Madagascar : \u00e0 Antananarivo, une exposition et un festival pour sensibiliser \u00e0 la cause des femmes\"},{\"@type\":\"BreadcrumbList\",\"@id\":\"https:\\\/\\\/www.cc3rivieres76.com\\\/blog\\\/actualites-francaises-madagascar-a-antananarivo-une-exposition-et-un-festival-pour-sensibiliser-a-la-cause-des-femmes\\\/#breadcrumb\",\"itemListElement\":[{\"@type\":\"ListItem\",\"position\":1,\"name\":\"Accueil\",\"item\":\"https:\\\/\\\/www.cc3rivieres76.com\\\/blog\\\/\"},{\"@type\":\"ListItem\",\"position\":2,\"name\":\"Actualit\u00e9s fran\u00e7aises: Madagascar : \u00e0 Antananarivo, une exposition et un festival pour sensibiliser \u00e0 la cause des femmes\"}]},{\"@type\":\"WebSite\",\"@id\":\"https:\\\/\\\/www.cc3rivieres76.com\\\/blog\\\/#website\",\"url\":\"https:\\\/\\\/www.cc3rivieres76.com\\\/blog\\\/\",\"name\":\"CC3RIVIERES76\",\"description\":\"Les 3 rivi\u00e8res dans la Somme.\",\"publisher\":{\"@id\":\"https:\\\/\\\/www.cc3rivieres76.com\\\/blog\\\/#organization\"},\"potentialAction\":[{\"@type\":\"SearchAction\",\"target\":{\"@type\":\"EntryPoint\",\"urlTemplate\":\"https:\\\/\\\/www.cc3rivieres76.com\\\/blog\\\/?s={search_term_string}\"},\"query-input\":{\"@type\":\"PropertyValueSpecification\",\"valueRequired\":true,\"valueName\":\"search_term_string\"}}],\"inLanguage\":\"fr-FR\"},{\"@type\":\"Organization\",\"@id\":\"https:\\\/\\\/www.cc3rivieres76.com\\\/blog\\\/#organization\",\"name\":\"cc3rivieres76\",\"url\":\"https:\\\/\\\/www.cc3rivieres76.com\\\/blog\\\/\",\"logo\":{\"@type\":\"ImageObject\",\"inLanguage\":\"fr-FR\",\"@id\":\"https:\\\/\\\/www.cc3rivieres76.com\\\/blog\\\/#\\\/schema\\\/logo\\\/image\\\/\",\"url\":\"https:\\\/\\\/www.cc3rivieres76.com\\\/blog\\\/wp-content\\\/uploads\\\/2023\\\/06\\\/logo-2.png\",\"contentUrl\":\"https:\\\/\\\/www.cc3rivieres76.com\\\/blog\\\/wp-content\\\/uploads\\\/2023\\\/06\\\/logo-2.png\",\"width\":390,\"height\":388,\"caption\":\"cc3rivieres76\"},\"image\":{\"@id\":\"https:\\\/\\\/www.cc3rivieres76.com\\\/blog\\\/#\\\/schema\\\/logo\\\/image\\\/\"}},{\"@type\":\"Person\",\"@id\":\"https:\\\/\\\/www.cc3rivieres76.com\\\/blog\\\/#\\\/schema\\\/person\\\/474d457fb7747b5218f39792dfaa5a1c\",\"name\":\"Sylvie DE LAUZAINGHEIN\",\"image\":{\"@type\":\"ImageObject\",\"inLanguage\":\"fr-FR\",\"@id\":\"https:\\\/\\\/secure.gravatar.com\\\/avatar\\\/9c6a53b19e0a3431aa80de0895b9729fe665cd7e7d6cc94fc11abb152f4237d7?s=96&d=mm&r=g\",\"url\":\"https:\\\/\\\/secure.gravatar.com\\\/avatar\\\/9c6a53b19e0a3431aa80de0895b9729fe665cd7e7d6cc94fc11abb152f4237d7?s=96&d=mm&r=g\",\"contentUrl\":\"https:\\\/\\\/secure.gravatar.com\\\/avatar\\\/9c6a53b19e0a3431aa80de0895b9729fe665cd7e7d6cc94fc11abb152f4237d7?s=96&d=mm&r=g\",\"caption\":\"Sylvie DE LAUZAINGHEIN\"},\"url\":\"https:\\\/\\\/www.cc3rivieres76.com\\\/blog\\\/author\\\/s76sylvie\\\/\"}]}<\/script>\n<!-- \/ Yoast SEO plugin. -->","yoast_head_json":{"title":"Actualit\u00e9s fran\u00e7aises: Madagascar : \u00e0 Antananarivo, une exposition et un festival pour sensibiliser \u00e0 la cause des femmes - CC3RIVIERES76","robots":{"index":"index","follow":"follow","max-snippet":"max-snippet:-1","max-image-preview":"max-image-preview:large","max-video-preview":"max-video-preview:-1"},"canonical":"https:\/\/www.cc3rivieres76.com\/blog\/actualites-francaises-madagascar-a-antananarivo-une-exposition-et-un-festival-pour-sensibiliser-a-la-cause-des-femmes\/","og_locale":"fr_FR","og_type":"article","og_title":"Actualit\u00e9s fran\u00e7aises: Madagascar : \u00e0 Antananarivo, une exposition et un festival pour sensibiliser \u00e0 la cause des femmes - CC3RIVIERES76","og_description":"Comment comm\u00e9morer les femmes malgaches ? Comment leur permettre de se raconter, de se r\u00e9approprier l&rsquo;histoire \u00e0 travers leurs propres histoires ? \u00c0 Antananarivo, une exposition et un festival baptis\u00e9s tous deux \u00ab Vavy \u00bb (\u00ab femmes \u00bb en malgache) se d\u00e9roulent jusqu&rsquo;au 21 septembre 2024 dans diff\u00e9rents lieux de la capitale. Illustration \u00e0 l&rsquo;H\u00f4tel &hellip; Continuer la lecture \u00ab\u00a0Actualit\u00e9s fran\u00e7aises: Madagascar : \u00e0 Antananarivo, une exposition et un festival pour sensibiliser \u00e0 la cause des femmes\u00a0\u00bb","og_url":"https:\/\/www.cc3rivieres76.com\/blog\/actualites-francaises-madagascar-a-antananarivo-une-exposition-et-un-festival-pour-sensibiliser-a-la-cause-des-femmes\/","og_site_name":"CC3RIVIERES76","article_published_time":"2024-09-20T11:30:28+00:00","og_image":[{"url":"https:\/\/www.cc3rivieres76.com\/blog\/wp-content\/uploads\/2024\/09\/actualites-francaises-madagascar-a-antananarivo-une-exposition-et-un-festival-pour-sensibiliser-a-la-cause-des-femmes.jpg","type":"","width":"","height":""}],"author":"Sylvie DE LAUZAINGHEIN","twitter_card":"summary_large_image","twitter_misc":{"\u00c9crit par":"Sylvie DE LAUZAINGHEIN","Dur\u00e9e de lecture estim\u00e9e":"1 minute"},"schema":{"@context":"https:\/\/schema.org","@graph":[{"@type":"Article","@id":"https:\/\/www.cc3rivieres76.com\/blog\/actualites-francaises-madagascar-a-antananarivo-une-exposition-et-un-festival-pour-sensibiliser-a-la-cause-des-femmes\/#article","isPartOf":{"@id":"https:\/\/www.cc3rivieres76.com\/blog\/actualites-francaises-madagascar-a-antananarivo-une-exposition-et-un-festival-pour-sensibiliser-a-la-cause-des-femmes\/"},"author":{"name":"Sylvie DE LAUZAINGHEIN","@id":"https:\/\/www.cc3rivieres76.com\/blog\/#\/schema\/person\/474d457fb7747b5218f39792dfaa5a1c"},"headline":"Actualit\u00e9s fran\u00e7aises: Madagascar : \u00e0 Antananarivo, une exposition et un festival pour sensibiliser \u00e0 la cause des femmes","datePublished":"2024-09-20T11:30:28+00:00","mainEntityOfPage":{"@id":"https:\/\/www.cc3rivieres76.com\/blog\/actualites-francaises-madagascar-a-antananarivo-une-exposition-et-un-festival-pour-sensibiliser-a-la-cause-des-femmes\/"},"wordCount":230,"publisher":{"@id":"https:\/\/www.cc3rivieres76.com\/blog\/#organization"},"image":{"@id":"https:\/\/www.cc3rivieres76.com\/blog\/actualites-francaises-madagascar-a-antananarivo-une-exposition-et-un-festival-pour-sensibiliser-a-la-cause-des-femmes\/#primaryimage"},"thumbnailUrl":"https:\/\/www.cc3rivieres76.com\/blog\/wp-content\/uploads\/2024\/09\/actualites-francaises-madagascar-a-antananarivo-une-exposition-et-un-festival-pour-sensibiliser-a-la-cause-des-femmes.jpg","articleSection":["Les 3 Rivi\u00e8res Dans La Somme:"],"inLanguage":"fr-FR"},{"@type":"WebPage","@id":"https:\/\/www.cc3rivieres76.com\/blog\/actualites-francaises-madagascar-a-antananarivo-une-exposition-et-un-festival-pour-sensibiliser-a-la-cause-des-femmes\/","url":"https:\/\/www.cc3rivieres76.com\/blog\/actualites-francaises-madagascar-a-antananarivo-une-exposition-et-un-festival-pour-sensibiliser-a-la-cause-des-femmes\/","name":"Actualit\u00e9s fran\u00e7aises: Madagascar : \u00e0 Antananarivo, une exposition et un festival pour sensibiliser \u00e0 la cause des femmes - CC3RIVIERES76","isPartOf":{"@id":"https:\/\/www.cc3rivieres76.com\/blog\/#website"},"primaryImageOfPage":{"@id":"https:\/\/www.cc3rivieres76.com\/blog\/actualites-francaises-madagascar-a-antananarivo-une-exposition-et-un-festival-pour-sensibiliser-a-la-cause-des-femmes\/#primaryimage"},"image":{"@id":"https:\/\/www.cc3rivieres76.com\/blog\/actualites-francaises-madagascar-a-antananarivo-une-exposition-et-un-festival-pour-sensibiliser-a-la-cause-des-femmes\/#primaryimage"},"thumbnailUrl":"https:\/\/www.cc3rivieres76.com\/blog\/wp-content\/uploads\/2024\/09\/actualites-francaises-madagascar-a-antananarivo-une-exposition-et-un-festival-pour-sensibiliser-a-la-cause-des-femmes.jpg","datePublished":"2024-09-20T11:30:28+00:00","breadcrumb":{"@id":"https:\/\/www.cc3rivieres76.com\/blog\/actualites-francaises-madagascar-a-antananarivo-une-exposition-et-un-festival-pour-sensibiliser-a-la-cause-des-femmes\/#breadcrumb"},"inLanguage":"fr-FR","potentialAction":[{"@type":"ReadAction","target":["https:\/\/www.cc3rivieres76.com\/blog\/actualites-francaises-madagascar-a-antananarivo-une-exposition-et-un-festival-pour-sensibiliser-a-la-cause-des-femmes\/"]}]},{"@type":"ImageObject","inLanguage":"fr-FR","@id":"https:\/\/www.cc3rivieres76.com\/blog\/actualites-francaises-madagascar-a-antananarivo-une-exposition-et-un-festival-pour-sensibiliser-a-la-cause-des-femmes\/#primaryimage","url":"https:\/\/www.cc3rivieres76.com\/blog\/wp-content\/uploads\/2024\/09\/actualites-francaises-madagascar-a-antananarivo-une-exposition-et-un-festival-pour-sensibiliser-a-la-cause-des-femmes.jpg","contentUrl":"https:\/\/www.cc3rivieres76.com\/blog\/wp-content\/uploads\/2024\/09\/actualites-francaises-madagascar-a-antananarivo-une-exposition-et-un-festival-pour-sensibiliser-a-la-cause-des-femmes.jpg","width":1024,"height":576,"caption":"Actualit\u00e9s fran\u00e7aises: Madagascar : \u00e0 Antananarivo, une exposition et un festival pour sensibiliser \u00e0 la cause des femmes"},{"@type":"BreadcrumbList","@id":"https:\/\/www.cc3rivieres76.com\/blog\/actualites-francaises-madagascar-a-antananarivo-une-exposition-et-un-festival-pour-sensibiliser-a-la-cause-des-femmes\/#breadcrumb","itemListElement":[{"@type":"ListItem","position":1,"name":"Accueil","item":"https:\/\/www.cc3rivieres76.com\/blog\/"},{"@type":"ListItem","position":2,"name":"Actualit\u00e9s fran\u00e7aises: Madagascar : \u00e0 Antananarivo, une exposition et un festival pour sensibiliser \u00e0 la cause des femmes"}]},{"@type":"WebSite","@id":"https:\/\/www.cc3rivieres76.com\/blog\/#website","url":"https:\/\/www.cc3rivieres76.com\/blog\/","name":"CC3RIVIERES76","description":"Les 3 rivi\u00e8res dans la Somme.","publisher":{"@id":"https:\/\/www.cc3rivieres76.com\/blog\/#organization"},"potentialAction":[{"@type":"SearchAction","target":{"@type":"EntryPoint","urlTemplate":"https:\/\/www.cc3rivieres76.com\/blog\/?s={search_term_string}"},"query-input":{"@type":"PropertyValueSpecification","valueRequired":true,"valueName":"search_term_string"}}],"inLanguage":"fr-FR"},{"@type":"Organization","@id":"https:\/\/www.cc3rivieres76.com\/blog\/#organization","name":"cc3rivieres76","url":"https:\/\/www.cc3rivieres76.com\/blog\/","logo":{"@type":"ImageObject","inLanguage":"fr-FR","@id":"https:\/\/www.cc3rivieres76.com\/blog\/#\/schema\/logo\/image\/","url":"https:\/\/www.cc3rivieres76.com\/blog\/wp-content\/uploads\/2023\/06\/logo-2.png","contentUrl":"https:\/\/www.cc3rivieres76.com\/blog\/wp-content\/uploads\/2023\/06\/logo-2.png","width":390,"height":388,"caption":"cc3rivieres76"},"image":{"@id":"https:\/\/www.cc3rivieres76.com\/blog\/#\/schema\/logo\/image\/"}},{"@type":"Person","@id":"https:\/\/www.cc3rivieres76.com\/blog\/#\/schema\/person\/474d457fb7747b5218f39792dfaa5a1c","name":"Sylvie DE LAUZAINGHEIN","image":{"@type":"ImageObject","inLanguage":"fr-FR","@id":"https:\/\/secure.gravatar.com\/avatar\/9c6a53b19e0a3431aa80de0895b9729fe665cd7e7d6cc94fc11abb152f4237d7?s=96&d=mm&r=g","url":"https:\/\/secure.gravatar.com\/avatar\/9c6a53b19e0a3431aa80de0895b9729fe665cd7e7d6cc94fc11abb152f4237d7?s=96&d=mm&r=g","contentUrl":"https:\/\/secure.gravatar.com\/avatar\/9c6a53b19e0a3431aa80de0895b9729fe665cd7e7d6cc94fc11abb152f4237d7?s=96&d=mm&r=g","caption":"Sylvie DE LAUZAINGHEIN"},"url":"https:\/\/www.cc3rivieres76.com\/blog\/author\/s76sylvie\/"}]}},"_links":{"self":[{"href":"https:\/\/www.cc3rivieres76.com\/blog\/wp-json\/wp\/v2\/posts\/408","targetHints":{"allow":["GET"]}}],"collection":[{"href":"https:\/\/www.cc3rivieres76.com\/blog\/wp-json\/wp\/v2\/posts"}],"about":[{"href":"https:\/\/www.cc3rivieres76.com\/blog\/wp-json\/wp\/v2\/types\/post"}],"author":[{"embeddable":true,"href":"https:\/\/www.cc3rivieres76.com\/blog\/wp-json\/wp\/v2\/users\/3"}],"replies":[{"embeddable":true,"href":"https:\/\/www.cc3rivieres76.com\/blog\/wp-json\/wp\/v2\/comments?post=408"}],"version-history":[{"count":0,"href":"https:\/\/www.cc3rivieres76.com\/blog\/wp-json\/wp\/v2\/posts\/408\/revisions"}],"wp:featuredmedia":[{"embeddable":true,"href":"https:\/\/www.cc3rivieres76.com\/blog\/wp-json\/wp\/v2\/media\/409"}],"wp:attachment":[{"href":"https:\/\/www.cc3rivieres76.com\/blog\/wp-json\/wp\/v2\/media?parent=408"}],"wp:term":[{"taxonomy":"category","embeddable":true,"href":"https:\/\/www.cc3rivieres76.com\/blog\/wp-json\/wp\/v2\/categories?post=408"},{"taxonomy":"post_tag","embeddable":true,"href":"https:\/\/www.cc3rivieres76.com\/blog\/wp-json\/wp\/v2\/tags?post=408"}],"curies":[{"name":"wp","href":"https:\/\/api.w.org\/{rel}","templated":true}]}}