{"id":414,"date":"2024-09-24T14:26:00","date_gmt":"2024-09-24T12:26:00","guid":{"rendered":"https:\/\/www.site.cdcl.xyz\/2024\/09\/24\/actualites-nationales-ce-qui-attend-le-prochain-commissaire-europeen-a-lagriculture-france\/"},"modified":"2024-09-24T14:26:00","modified_gmt":"2024-09-24T12:26:00","slug":"actualites-nationales-ce-qui-attend-le-prochain-commissaire-europeen-a-lagriculture-france","status":"publish","type":"post","link":"https:\/\/www.cc3rivieres76.com\/blog\/actualites-nationales-ce-qui-attend-le-prochain-commissaire-europeen-a-lagriculture-france\/","title":{"rendered":"Actualit\u00e9s nationales: Ce qui attend\u00a0le\u00a0prochain commissaire europ\u00e9en \u00e0 l\u2019Agriculture #France"},"content":{"rendered":"\n<p>Cet \u00e9ditorial ayant pour th\u00e9matique \u00ab&nbsp;Actualit\u00e9 fran\u00e7aise&nbsp;\u00bb se propage sur internet, nous avons projet\u00e9 de vous le pr\u00e9senter plus bas.<\/p>\n<h2>L\u2019article ci-dessous a \u00e9t\u00e9 publi\u00e9 par Le Point \u2013 Toute l&rsquo;info en continu<\/h2>\n<p><u>Signature . <\/u><\/p>\n<p><u>Date et heure de la r\u00e9ception de la d\u00e9p\u00e9che sur notre fil d\u2019info:<\/u><strong><span id=\"date\"><\/span><\/strong><\/p>\n<p><u>Date et heure de publication sur internet:<\/u> <strong><span id=\"datecrea\"><\/span><\/strong><\/p>\n<p><u>Titre exacte donn\u00e9 par le journal \u00e9tait:<\/u> <strong>Ce qui attend&nbsp;le&nbsp;prochain commissaire europ\u00e9en \u00e0 l\u2019Agriculture<\/strong><\/p>\n<p><u>Information et contenu publi\u00e9s :<\/u><\/p>\n<p><img decoding=\"async\" src=\"https:\/\/www.cc3rivieres76.com\/blog\/wp-content\/uploads\/2024\/09\/actualites-nationales-ce-qui-attend-le-prochain-commissaire-europeen-a-lagriculture-france.jpg\"><\/p>\n<div id=\"contenu\"> <!-- include t_www_2023\/pages\/article\/blocs\/tag_pub.tpl --><br \/><!-- include \/t_www_2023\/pages\/article\/blocs\/tag_pub.tpl --><\/p>\n<p><span class=\"dflt-txt__lettrine\">E<\/span>ntre catastrophes naturelles, pressions r\u00e9glementaires et concurrence internationale d\u00e9loyale, l\u2019inqui\u00e9tude planait&nbsp;sur&nbsp;le&nbsp;conseil Agri-p\u00eache qui s\u2019est r\u00e9uni&nbsp;\u00e0 Bruxelles&nbsp;lundi.&nbsp;Les ministres europ\u00e9ens de l\u2019Agriculture ont sonn\u00e9 l\u2019alarme sur l\u2019\u00e9tat du secteur agricole. Passation de pouvoirs oblige, ni Annie Genevard, la nouvelle ministre fran\u00e7aise, ni Marc Fesneau ne pouvaient \u00eatre pr\u00e9sents \u00e0 Bruxelles. Le nouveau commissaire \u00e0 l\u2019Agriculture, le Luxembourgeois Christophe Hansen (PPE), non plus, puisqu\u2019il ne prendra ses fonctions que vers la fin de l\u2019ann\u00e9e.<\/p>\n<section class=\"mbl txtcenter\">\n<p>\u00c2g\u00e9 de 42&nbsp;ans, le Luxembourgeois, ancien eurod\u00e9put\u00e9, doit d\u2019abord&nbsp;passer des auditions devant le Parlement europ\u00e9en. Il aura souvent l\u2019occasion de croiser sa cousine, Martine Hansen, qui est ministre de l\u2019Agriculture dans son pays depuis novembre&nbsp;2023.&nbsp;Christophe Hansen, en tant que d\u00e9put\u00e9 europ\u00e9en, si\u00e9geait dans la commission du Commerce international et \u00e9tait suppl\u00e9ant en commission de l\u2019Environnement.<\/p>\n<h2>Un portefeuille copieux<\/h2>\n<p>Le Luxembourgeois h\u00e9rite d\u2019un portefeuille aussi copieux qu\u2019une assiette de choucroute garnie. La pr\u00e9sidente von der Leyen lui a \u00e9tabli un menu cinq \u00e9toiles dans sa lettre de mission&nbsp;: concocter une \u00ab&nbsp;vision pour l\u2019Agriculture&nbsp;\u00bb en moins de cent jours (un record pour la bureaucratie bruxelloise), doper la comp\u00e9titivit\u00e9 des agriculteurs&nbsp;europ\u00e9ens tout en verdissant la PAC, et jouer les Robin des Bois face aux g\u00e9ants de l\u2019agroalimentaire qui \u00e9crasent les prix. Cerise sur le g\u00e2teau, il devra rajeunir un m\u00e9tier vieillissant. La herse devra \u00eatre bien lourde pour tracer un sillon durable\u2026<\/p>\n<section class=\"mbl txtcenter\">\n<p><span class=\"Capsule premium\"><span class=\"Phylactery\">\u00c0 LIRE AUSSI<\/span> <strong class=\"strong\">Six choses \u00e0 retenir de la nouvelle Commission europ\u00e9enne<\/strong><\/span> \u00ab&nbsp;La PAC doit redevenir l\u2019instrument qui garantit le revenu aux agriculteurs&nbsp;\u00bb, a martel\u00e9 Francesco Lollobrigida, le ministre italien, donnant le ton d\u2019une r\u00e9union plac\u00e9e sous le sceau des crises multiples. Son homologue allemand, Cem Ozdemir, a quant \u00e0 lui insist\u00e9 sur l\u2019urgence de la solidarit\u00e9 europ\u00e9enne face aux inondations qui ont frapp\u00e9 plusieurs \u00c9tats membres. \u00ab&nbsp;Nous sommes aux c\u00f4t\u00e9s de nos partenaires et amis europ\u00e9ens face \u00e0 la souffrance que les gens y vivent&nbsp;\u00bb, a-t-il d\u00e9clar\u00e9, saluant au passage l\u2019annonce de 10&nbsp;milliards d\u2019euros du fonds de coh\u00e9sion pour les r\u00e9gions sinistr\u00e9es.<\/p>\n<p>Mais c\u2019est peut-\u00eatre la ministre n\u00e9erlandaise, Femke Wiersma, qui a le mieux r\u00e9sum\u00e9 l\u2019ambiance g\u00e9n\u00e9rale&nbsp;: \u00ab&nbsp;Politiquement, je pense qu\u2019un vent l\u00e9g\u00e8rement diff\u00e9rent souffle partout. La question est de savoir \u00e0 quel point il souffle fort.&nbsp;\u00bb Une m\u00e9taphore qui prend tout son sens \u00e0 l\u2019aune du rapport Strohschneider, issu du Dialogue strat\u00e9gique lanc\u00e9 par Ursula von der Leyen, et qui a occup\u00e9 une bonne partie des discussions.<\/p>\n<h2>La Pologne peu convaincue par le rapport Strohschneider<\/h2>\n<p>Ce rapport, v\u00e9ritable feuille de route pour l\u2019agriculture europ\u00e9enne de demain, a re\u00e7u un accueil mitig\u00e9. Si Cem Ozdemir a salu\u00e9 son \u00ab&nbsp;approche \u00e9quilibr\u00e9e&nbsp;\u00bb, cherchant \u00e0 concilier les int\u00e9r\u00eats de l\u2019agriculture et de la protection de l\u2019environnement, d\u2019autres, comme le Polonais Czes\u0142aw Siekierski, ont soulign\u00e9 que les conclusions restaient \u00ab&nbsp;trop \u200b\u200bg\u00e9n\u00e9rales&nbsp;\u00bb et ne r\u00e9pondaient pas suffisamment aux attentes des agriculteurs.<\/p>\n<p>Le Hongrois Zsolt Feldman, qui assure la pr\u00e9sidence tournante du Conseil, a lui-m\u00eame reconnu que \u00ab&nbsp;certains passages sont probl\u00e9matiques, notamment en ce qui concerne l\u2019avenir de l\u2019\u00e9levage&nbsp;\u00bb.&nbsp;Dans ce domaine, le rapport Strohschneider&nbsp;reconna\u00eet la tendance \u00e0 la r\u00e9duction de la consommation de produits animaux et soutient un r\u00e9\u00e9quilibrage vers les prot\u00e9ines v\u00e9g\u00e9tales. Il vise \u00e0 concilier durabilit\u00e9 environnementale, bien-\u00eatre animal et viabilit\u00e9 \u00e9conomique du secteur. Une pierre dans le jardin du futur commissaire \u00e0 l\u2019Agriculture, le Luxembourgeois Christophe Hansen, qui aura la lourde t\u00e2che de transformer ces recommandations en actions concr\u00e8tes.<\/p>\n<section class=\"mbl txtcenter\">\n<h2>La proposition franco-allemande d\u2019une augmentation des aides d\u2019\u00c9tat<\/h2>\n<p>Mais au-del\u00e0 des consid\u00e9rations strat\u00e9giques, c\u2019est l\u2019urgence du quotidien qui a domin\u00e9 les d\u00e9bats. La proposition franco-allemande d\u2019augmenter l\u2019aide de minimis, aides d\u2019\u00c9tat de faible montant accord\u00e9es aux entreprises, \u00e0 50&nbsp;000&nbsp;euros&nbsp;a re\u00e7u un soutien massif de&nbsp;16&nbsp;\u00c9tats membres. Ces aides de minimis, v\u00e9ritables bou\u00e9es de sauvetage pour les agriculteurs en difficult\u00e9, sont des subventions que les \u00c9tats peuvent accorder sans autorisation pr\u00e9alable de Bruxelles, \u00e0 condition de ne pas d\u00e9passer un certain plafond \u2013 actuellement fix\u00e9 \u00e0 20&nbsp;000&nbsp;euros par exploitation sur trois ans. En proposant de rehausser ce&nbsp;plafond \u00e0 plus du double, Paris et Berlin ont clairement mis le doigt sur le besoin criant de liquidit\u00e9s dans les campagnes europ\u00e9ennes. Mais quand&nbsp;? \u00ab&nbsp;C\u2019est une question de semaines. Je pense plut\u00f4t \u00e0 quelques semaines, pas des mois&nbsp;\u00bb, a pr\u00e9cis\u00e9 le ministre polonais Siekierski, soulignant l\u2019urgence de la situation pour de nombreux agriculteurs frapp\u00e9s par les catastrophes naturelles.<\/p>\n<p>Les ministres ont \u00e9galement tir\u00e9 la sonnette d\u2019alarme sur la concurrence d\u00e9loyale, notamment en provenance d\u2019Ukraine. \u00ab&nbsp;Il n\u2019y a pas de conditions de concurrence \u00e9quitables, et c\u2019est ce qui a affect\u00e9 nos producteurs&nbsp;\u00bb, a soulign\u00e9 le Hongrois Feldman, r\u00e9sumant un sentiment largement partag\u00e9. La d\u00e9l\u00e9gation bulgare a indiqu\u00e9 un probl\u00e8me sur les importations d\u2019\u0153ufs d\u2019Ukraine. \u00ab&nbsp;Nous avons examin\u00e9 les diff\u00e9rents outils dont dispose l\u2019Union europ\u00e9enne pour prot\u00e9ger son march\u00e9 et ses producteurs&nbsp;\u00bb, a indiqu\u00e9 le ministre polonais. Un&nbsp;nouveau m\u00e9canisme de sauvegarde automatique impose \u00e0&nbsp;la Commission europ\u00e9enne de&nbsp;r\u00e9introduire des contingents tarifaires si les importations de volailles, d\u2019\u0153ufs, de sucre, d\u2019avoine, de ma\u00efs, de gruaux et de miel d\u00e9passent la moyenne arithm\u00e9tique des quantit\u00e9s import\u00e9es au deuxi\u00e8me semestre de 2021, en&nbsp;2022&nbsp;et&nbsp;en 2023.<\/p>\n<p>Face \u00e0 ce sombre tableau, une lueur d\u2019espoir&nbsp;: la volont\u00e9 affich\u00e9e de simplifier la PAC. \u00ab&nbsp;La simplification ne devrait pas signifier g\u00e9n\u00e9rer plus de paperasserie&nbsp;\u00bb, a insist\u00e9 la pr\u00e9sidence hongroise, dans ce qui ressemble \u00e0 un mea culpa collectif face \u00e0 la bureaucratie bruxelloise.<\/p>\n<\/section>\n<\/section>\n<\/section>\n<\/div>\n<p> <img decoding=\"async\" src=\"https:\/\/www.cc3rivieres76.com\/blog\/wp-content\/uploads\/2024\/09\/actualites-nationales-ce-qui-attend-le-prochain-commissaire-europeen-a-lagriculture-france.jpg\" alt=\"Ce qui attend&nbsp;le&nbsp;prochain commissaire europ\u00e9en \u00e0 l\u2019Agriculture\"><\/p>\n<p>#qui #attendleprochain #commissaire #europ\u00e9en #lAgriculture<\/p>\n<p>Reprise de l\u2019information dans un style journalistique professionnel descriptif en organisant les id\u00e9es dans un ordre coh\u00e9rent avec titres html <\/p>\n<p>Lecture:<\/p>\n<p>Histoire de France (Tome 2) \u2013 Tableau de la France, les croisades, Saint Louis.,<a href=\"https:\/\/www.kobo.com\/fr\/fr\/ebook\/histoire-de-france-tome-2-tableau-de-la-france-les-croisades-saint-louis-1\" target=\"_blank\" rel=\"noopener noreferrer nofollow\">Clique ICI <\/a><span><\/span>. Disponible \u00e0 l\u2019achat sur les plateformes Amazon, Fnac, Cultura \u2026.<\/p>\n<p>Photographie\/Personnalit\u00e9s\/B.,<a href=\"https:\/\/fr.wikibooks.org\/wiki\/Photographie\/Personnalit%C3%A9s\/B\" target=\"_blank\" rel=\"noopener noreferrer nofollow\">Pr\u00e9sentation du livre<\/a><span><\/span>.<\/p>\n<p>Quand la France est au pied du mur \u2013 De Clovis aux taxis de la Marne.,<a href=\"https:\/\/www.kobo.com\/fr\/fr\/ebook\/quand-la-france-est-au-pied-du-mur-de-clovis-aux-taxis-de-la-marne\" target=\"_blank\" rel=\"noopener noreferrer nofollow\">Fiche du livre<\/a><span><\/span>.<\/p>\n<p> Cet article, qui traite du th\u00e8me \u00ab\u00a0Les 3 rivi\u00e8res dans la Somme\u00a0\u00bb, vous est sp\u00e9cialement sugg\u00e9r\u00e9 par cc3rivieres76.com. La chronique est reproduite du mieux possible. Dans le cas o\u00f9 vous souhaitez apporter quelques pr\u00e9cisions concernant le domaine de \u00ab\u00a0Les 3 rivi\u00e8res dans la Somme\u00a0\u00bb vous pouvez solliciter notre r\u00e9daction. La destination de cc3rivieres76.com est de d\u00e9battre de Les 3 rivi\u00e8res dans la Somme dans la transparence en vous apportant la connaissance de tout ce qui est en lien avec ce sujet sur la toile Connectez-vous sur notre site cc3rivieres76.com et nos r\u00e9seaux sociaux dans le but d\u2019\u00eatre inform\u00e9 des futures publications.<\/p>\n","protected":false},"excerpt":{"rendered":"<p>Cet \u00e9ditorial ayant pour th\u00e9matique \u00ab&nbsp;Actualit\u00e9 fran\u00e7aise&nbsp;\u00bb se propage sur internet, nous avons projet\u00e9 de vous le pr\u00e9senter plus bas. L\u2019article ci-dessous a \u00e9t\u00e9 publi\u00e9 par Le Point \u2013 Toute l&rsquo;info en continu Signature . Date et heure de la r\u00e9ception de la d\u00e9p\u00e9che sur notre fil d\u2019info: Date et heure de publication sur internet: &hellip; <\/p>\n<p class=\"link-more\"><a href=\"https:\/\/www.cc3rivieres76.com\/blog\/actualites-nationales-ce-qui-attend-le-prochain-commissaire-europeen-a-lagriculture-france\/\" class=\"more-link\">Continuer la lecture <span class=\"screen-reader-text\"> \u00ab\u00a0Actualit\u00e9s nationales: Ce qui attend\u00a0le\u00a0prochain commissaire europ\u00e9en \u00e0 l\u2019Agriculture #France\u00a0\u00bb<\/span><\/a><\/p>\n","protected":false},"author":3,"featured_media":415,"comment_status":"closed","ping_status":"closed","sticky":false,"template":"","format":"standard","meta":{"footnotes":""},"categories":[2],"tags":[],"class_list":["post-414","post","type-post","status-publish","format-standard","has-post-thumbnail","hentry","category-les-3-rivieres-dans-la-somme","entry"],"yoast_head":"<!-- This site is optimized with the Yoast SEO plugin v27.5 - https:\/\/yoast.com\/product\/yoast-seo-wordpress\/ -->\n<title>Actualit\u00e9s nationales: Ce qui attend\u00a0le\u00a0prochain commissaire europ\u00e9en \u00e0 l\u2019Agriculture #France - CC3RIVIERES76<\/title>\n<meta name=\"robots\" content=\"index, follow, max-snippet:-1, max-image-preview:large, max-video-preview:-1\" \/>\n<link rel=\"canonical\" href=\"https:\/\/www.cc3rivieres76.com\/blog\/actualites-nationales-ce-qui-attend-le-prochain-commissaire-europeen-a-lagriculture-france\/\" \/>\n<meta property=\"og:locale\" content=\"fr_FR\" \/>\n<meta property=\"og:type\" content=\"article\" \/>\n<meta property=\"og:title\" content=\"Actualit\u00e9s nationales: Ce qui attend\u00a0le\u00a0prochain commissaire europ\u00e9en \u00e0 l\u2019Agriculture #France - CC3RIVIERES76\" \/>\n<meta property=\"og:description\" content=\"Cet \u00e9ditorial ayant pour th\u00e9matique \u00ab&nbsp;Actualit\u00e9 fran\u00e7aise&nbsp;\u00bb se propage sur internet, nous avons projet\u00e9 de vous le pr\u00e9senter plus bas. L\u2019article ci-dessous a \u00e9t\u00e9 publi\u00e9 par Le Point \u2013 Toute l&rsquo;info en continu Signature . Date et heure de la r\u00e9ception de la d\u00e9p\u00e9che sur notre fil d\u2019info: Date et heure de publication sur internet: &hellip; Continuer la lecture \u00ab\u00a0Actualit\u00e9s nationales: Ce qui attend\u00a0le\u00a0prochain commissaire europ\u00e9en \u00e0 l\u2019Agriculture #France\u00a0\u00bb\" \/>\n<meta property=\"og:url\" content=\"https:\/\/www.cc3rivieres76.com\/blog\/actualites-nationales-ce-qui-attend-le-prochain-commissaire-europeen-a-lagriculture-france\/\" \/>\n<meta property=\"og:site_name\" content=\"CC3RIVIERES76\" \/>\n<meta property=\"article:published_time\" content=\"2024-09-24T12:26:00+00:00\" \/>\n<meta property=\"og:image\" content=\"https:\/\/www.cc3rivieres76.com\/blog\/wp-content\/uploads\/2024\/09\/actualites-nationales-ce-qui-attend-le-prochain-commissaire-europeen-a-lagriculture-france.jpg\" \/>\n<meta name=\"author\" content=\"Sylvie DE LAUZAINGHEIN\" \/>\n<meta name=\"twitter:card\" content=\"summary_large_image\" \/>\n<meta name=\"twitter:label1\" content=\"\u00c9crit par\" \/>\n\t<meta name=\"twitter:data1\" content=\"Sylvie DE LAUZAINGHEIN\" \/>\n\t<meta name=\"twitter:label2\" content=\"Dur\u00e9e de lecture estim\u00e9e\" \/>\n\t<meta name=\"twitter:data2\" content=\"7 minutes\" \/>\n<script type=\"application\/ld+json\" class=\"yoast-schema-graph\">{\"@context\":\"https:\\\/\\\/schema.org\",\"@graph\":[{\"@type\":\"Article\",\"@id\":\"https:\\\/\\\/www.cc3rivieres76.com\\\/blog\\\/actualites-nationales-ce-qui-attend-le-prochain-commissaire-europeen-a-lagriculture-france\\\/#article\",\"isPartOf\":{\"@id\":\"https:\\\/\\\/www.cc3rivieres76.com\\\/blog\\\/actualites-nationales-ce-qui-attend-le-prochain-commissaire-europeen-a-lagriculture-france\\\/\"},\"author\":{\"name\":\"Sylvie DE LAUZAINGHEIN\",\"@id\":\"https:\\\/\\\/www.cc3rivieres76.com\\\/blog\\\/#\\\/schema\\\/person\\\/474d457fb7747b5218f39792dfaa5a1c\"},\"headline\":\"Actualit\u00e9s nationales: Ce qui attend\u00a0le\u00a0prochain commissaire europ\u00e9en \u00e0 l\u2019Agriculture #France\",\"datePublished\":\"2024-09-24T12:26:00+00:00\",\"mainEntityOfPage\":{\"@id\":\"https:\\\/\\\/www.cc3rivieres76.com\\\/blog\\\/actualites-nationales-ce-qui-attend-le-prochain-commissaire-europeen-a-lagriculture-france\\\/\"},\"wordCount\":1359,\"publisher\":{\"@id\":\"https:\\\/\\\/www.cc3rivieres76.com\\\/blog\\\/#organization\"},\"image\":{\"@id\":\"https:\\\/\\\/www.cc3rivieres76.com\\\/blog\\\/actualites-nationales-ce-qui-attend-le-prochain-commissaire-europeen-a-lagriculture-france\\\/#primaryimage\"},\"thumbnailUrl\":\"https:\\\/\\\/www.cc3rivieres76.com\\\/blog\\\/wp-content\\\/uploads\\\/2024\\\/09\\\/actualites-nationales-ce-qui-attend-le-prochain-commissaire-europeen-a-lagriculture-france.jpg\",\"articleSection\":[\"Les 3 Rivi\u00e8res Dans La Somme:\"],\"inLanguage\":\"fr-FR\"},{\"@type\":\"WebPage\",\"@id\":\"https:\\\/\\\/www.cc3rivieres76.com\\\/blog\\\/actualites-nationales-ce-qui-attend-le-prochain-commissaire-europeen-a-lagriculture-france\\\/\",\"url\":\"https:\\\/\\\/www.cc3rivieres76.com\\\/blog\\\/actualites-nationales-ce-qui-attend-le-prochain-commissaire-europeen-a-lagriculture-france\\\/\",\"name\":\"Actualit\u00e9s nationales: Ce qui attend\u00a0le\u00a0prochain commissaire europ\u00e9en \u00e0 l\u2019Agriculture #France - CC3RIVIERES76\",\"isPartOf\":{\"@id\":\"https:\\\/\\\/www.cc3rivieres76.com\\\/blog\\\/#website\"},\"primaryImageOfPage\":{\"@id\":\"https:\\\/\\\/www.cc3rivieres76.com\\\/blog\\\/actualites-nationales-ce-qui-attend-le-prochain-commissaire-europeen-a-lagriculture-france\\\/#primaryimage\"},\"image\":{\"@id\":\"https:\\\/\\\/www.cc3rivieres76.com\\\/blog\\\/actualites-nationales-ce-qui-attend-le-prochain-commissaire-europeen-a-lagriculture-france\\\/#primaryimage\"},\"thumbnailUrl\":\"https:\\\/\\\/www.cc3rivieres76.com\\\/blog\\\/wp-content\\\/uploads\\\/2024\\\/09\\\/actualites-nationales-ce-qui-attend-le-prochain-commissaire-europeen-a-lagriculture-france.jpg\",\"datePublished\":\"2024-09-24T12:26:00+00:00\",\"breadcrumb\":{\"@id\":\"https:\\\/\\\/www.cc3rivieres76.com\\\/blog\\\/actualites-nationales-ce-qui-attend-le-prochain-commissaire-europeen-a-lagriculture-france\\\/#breadcrumb\"},\"inLanguage\":\"fr-FR\",\"potentialAction\":[{\"@type\":\"ReadAction\",\"target\":[\"https:\\\/\\\/www.cc3rivieres76.com\\\/blog\\\/actualites-nationales-ce-qui-attend-le-prochain-commissaire-europeen-a-lagriculture-france\\\/\"]}]},{\"@type\":\"ImageObject\",\"inLanguage\":\"fr-FR\",\"@id\":\"https:\\\/\\\/www.cc3rivieres76.com\\\/blog\\\/actualites-nationales-ce-qui-attend-le-prochain-commissaire-europeen-a-lagriculture-france\\\/#primaryimage\",\"url\":\"https:\\\/\\\/www.cc3rivieres76.com\\\/blog\\\/wp-content\\\/uploads\\\/2024\\\/09\\\/actualites-nationales-ce-qui-attend-le-prochain-commissaire-europeen-a-lagriculture-france.jpg\",\"contentUrl\":\"https:\\\/\\\/www.cc3rivieres76.com\\\/blog\\\/wp-content\\\/uploads\\\/2024\\\/09\\\/actualites-nationales-ce-qui-attend-le-prochain-commissaire-europeen-a-lagriculture-france.jpg\",\"width\":1440,\"height\":960,\"caption\":\"Actualit\u00e9s nationales: Ce qui attend\u00a0le\u00a0prochain commissaire europ\u00e9en \u00e0 l\u2019Agriculture #France\"},{\"@type\":\"BreadcrumbList\",\"@id\":\"https:\\\/\\\/www.cc3rivieres76.com\\\/blog\\\/actualites-nationales-ce-qui-attend-le-prochain-commissaire-europeen-a-lagriculture-france\\\/#breadcrumb\",\"itemListElement\":[{\"@type\":\"ListItem\",\"position\":1,\"name\":\"Accueil\",\"item\":\"https:\\\/\\\/www.cc3rivieres76.com\\\/blog\\\/\"},{\"@type\":\"ListItem\",\"position\":2,\"name\":\"Actualit\u00e9s nationales: Ce qui attend\u00a0le\u00a0prochain commissaire europ\u00e9en \u00e0 l\u2019Agriculture #France\"}]},{\"@type\":\"WebSite\",\"@id\":\"https:\\\/\\\/www.cc3rivieres76.com\\\/blog\\\/#website\",\"url\":\"https:\\\/\\\/www.cc3rivieres76.com\\\/blog\\\/\",\"name\":\"CC3RIVIERES76\",\"description\":\"Les 3 rivi\u00e8res dans la Somme.\",\"publisher\":{\"@id\":\"https:\\\/\\\/www.cc3rivieres76.com\\\/blog\\\/#organization\"},\"potentialAction\":[{\"@type\":\"SearchAction\",\"target\":{\"@type\":\"EntryPoint\",\"urlTemplate\":\"https:\\\/\\\/www.cc3rivieres76.com\\\/blog\\\/?s={search_term_string}\"},\"query-input\":{\"@type\":\"PropertyValueSpecification\",\"valueRequired\":true,\"valueName\":\"search_term_string\"}}],\"inLanguage\":\"fr-FR\"},{\"@type\":\"Organization\",\"@id\":\"https:\\\/\\\/www.cc3rivieres76.com\\\/blog\\\/#organization\",\"name\":\"cc3rivieres76\",\"url\":\"https:\\\/\\\/www.cc3rivieres76.com\\\/blog\\\/\",\"logo\":{\"@type\":\"ImageObject\",\"inLanguage\":\"fr-FR\",\"@id\":\"https:\\\/\\\/www.cc3rivieres76.com\\\/blog\\\/#\\\/schema\\\/logo\\\/image\\\/\",\"url\":\"https:\\\/\\\/www.cc3rivieres76.com\\\/blog\\\/wp-content\\\/uploads\\\/2023\\\/06\\\/logo-2.png\",\"contentUrl\":\"https:\\\/\\\/www.cc3rivieres76.com\\\/blog\\\/wp-content\\\/uploads\\\/2023\\\/06\\\/logo-2.png\",\"width\":390,\"height\":388,\"caption\":\"cc3rivieres76\"},\"image\":{\"@id\":\"https:\\\/\\\/www.cc3rivieres76.com\\\/blog\\\/#\\\/schema\\\/logo\\\/image\\\/\"}},{\"@type\":\"Person\",\"@id\":\"https:\\\/\\\/www.cc3rivieres76.com\\\/blog\\\/#\\\/schema\\\/person\\\/474d457fb7747b5218f39792dfaa5a1c\",\"name\":\"Sylvie DE LAUZAINGHEIN\",\"image\":{\"@type\":\"ImageObject\",\"inLanguage\":\"fr-FR\",\"@id\":\"https:\\\/\\\/secure.gravatar.com\\\/avatar\\\/9c6a53b19e0a3431aa80de0895b9729fe665cd7e7d6cc94fc11abb152f4237d7?s=96&d=mm&r=g\",\"url\":\"https:\\\/\\\/secure.gravatar.com\\\/avatar\\\/9c6a53b19e0a3431aa80de0895b9729fe665cd7e7d6cc94fc11abb152f4237d7?s=96&d=mm&r=g\",\"contentUrl\":\"https:\\\/\\\/secure.gravatar.com\\\/avatar\\\/9c6a53b19e0a3431aa80de0895b9729fe665cd7e7d6cc94fc11abb152f4237d7?s=96&d=mm&r=g\",\"caption\":\"Sylvie DE LAUZAINGHEIN\"},\"url\":\"https:\\\/\\\/www.cc3rivieres76.com\\\/blog\\\/author\\\/s76sylvie\\\/\"}]}<\/script>\n<!-- \/ Yoast SEO plugin. -->","yoast_head_json":{"title":"Actualit\u00e9s nationales: Ce qui attend\u00a0le\u00a0prochain commissaire europ\u00e9en \u00e0 l\u2019Agriculture #France - CC3RIVIERES76","robots":{"index":"index","follow":"follow","max-snippet":"max-snippet:-1","max-image-preview":"max-image-preview:large","max-video-preview":"max-video-preview:-1"},"canonical":"https:\/\/www.cc3rivieres76.com\/blog\/actualites-nationales-ce-qui-attend-le-prochain-commissaire-europeen-a-lagriculture-france\/","og_locale":"fr_FR","og_type":"article","og_title":"Actualit\u00e9s nationales: Ce qui attend\u00a0le\u00a0prochain commissaire europ\u00e9en \u00e0 l\u2019Agriculture #France - CC3RIVIERES76","og_description":"Cet \u00e9ditorial ayant pour th\u00e9matique \u00ab&nbsp;Actualit\u00e9 fran\u00e7aise&nbsp;\u00bb se propage sur internet, nous avons projet\u00e9 de vous le pr\u00e9senter plus bas. L\u2019article ci-dessous a \u00e9t\u00e9 publi\u00e9 par Le Point \u2013 Toute l&rsquo;info en continu Signature . Date et heure de la r\u00e9ception de la d\u00e9p\u00e9che sur notre fil d\u2019info: Date et heure de publication sur internet: &hellip; Continuer la lecture \u00ab\u00a0Actualit\u00e9s nationales: Ce qui attend\u00a0le\u00a0prochain commissaire europ\u00e9en \u00e0 l\u2019Agriculture #France\u00a0\u00bb","og_url":"https:\/\/www.cc3rivieres76.com\/blog\/actualites-nationales-ce-qui-attend-le-prochain-commissaire-europeen-a-lagriculture-france\/","og_site_name":"CC3RIVIERES76","article_published_time":"2024-09-24T12:26:00+00:00","og_image":[{"url":"https:\/\/www.cc3rivieres76.com\/blog\/wp-content\/uploads\/2024\/09\/actualites-nationales-ce-qui-attend-le-prochain-commissaire-europeen-a-lagriculture-france.jpg","type":"","width":"","height":""}],"author":"Sylvie DE LAUZAINGHEIN","twitter_card":"summary_large_image","twitter_misc":{"\u00c9crit par":"Sylvie DE LAUZAINGHEIN","Dur\u00e9e de lecture estim\u00e9e":"7 minutes"},"schema":{"@context":"https:\/\/schema.org","@graph":[{"@type":"Article","@id":"https:\/\/www.cc3rivieres76.com\/blog\/actualites-nationales-ce-qui-attend-le-prochain-commissaire-europeen-a-lagriculture-france\/#article","isPartOf":{"@id":"https:\/\/www.cc3rivieres76.com\/blog\/actualites-nationales-ce-qui-attend-le-prochain-commissaire-europeen-a-lagriculture-france\/"},"author":{"name":"Sylvie DE LAUZAINGHEIN","@id":"https:\/\/www.cc3rivieres76.com\/blog\/#\/schema\/person\/474d457fb7747b5218f39792dfaa5a1c"},"headline":"Actualit\u00e9s nationales: Ce qui attend\u00a0le\u00a0prochain commissaire europ\u00e9en \u00e0 l\u2019Agriculture #France","datePublished":"2024-09-24T12:26:00+00:00","mainEntityOfPage":{"@id":"https:\/\/www.cc3rivieres76.com\/blog\/actualites-nationales-ce-qui-attend-le-prochain-commissaire-europeen-a-lagriculture-france\/"},"wordCount":1359,"publisher":{"@id":"https:\/\/www.cc3rivieres76.com\/blog\/#organization"},"image":{"@id":"https:\/\/www.cc3rivieres76.com\/blog\/actualites-nationales-ce-qui-attend-le-prochain-commissaire-europeen-a-lagriculture-france\/#primaryimage"},"thumbnailUrl":"https:\/\/www.cc3rivieres76.com\/blog\/wp-content\/uploads\/2024\/09\/actualites-nationales-ce-qui-attend-le-prochain-commissaire-europeen-a-lagriculture-france.jpg","articleSection":["Les 3 Rivi\u00e8res Dans La Somme:"],"inLanguage":"fr-FR"},{"@type":"WebPage","@id":"https:\/\/www.cc3rivieres76.com\/blog\/actualites-nationales-ce-qui-attend-le-prochain-commissaire-europeen-a-lagriculture-france\/","url":"https:\/\/www.cc3rivieres76.com\/blog\/actualites-nationales-ce-qui-attend-le-prochain-commissaire-europeen-a-lagriculture-france\/","name":"Actualit\u00e9s nationales: Ce qui attend\u00a0le\u00a0prochain commissaire europ\u00e9en \u00e0 l\u2019Agriculture #France - CC3RIVIERES76","isPartOf":{"@id":"https:\/\/www.cc3rivieres76.com\/blog\/#website"},"primaryImageOfPage":{"@id":"https:\/\/www.cc3rivieres76.com\/blog\/actualites-nationales-ce-qui-attend-le-prochain-commissaire-europeen-a-lagriculture-france\/#primaryimage"},"image":{"@id":"https:\/\/www.cc3rivieres76.com\/blog\/actualites-nationales-ce-qui-attend-le-prochain-commissaire-europeen-a-lagriculture-france\/#primaryimage"},"thumbnailUrl":"https:\/\/www.cc3rivieres76.com\/blog\/wp-content\/uploads\/2024\/09\/actualites-nationales-ce-qui-attend-le-prochain-commissaire-europeen-a-lagriculture-france.jpg","datePublished":"2024-09-24T12:26:00+00:00","breadcrumb":{"@id":"https:\/\/www.cc3rivieres76.com\/blog\/actualites-nationales-ce-qui-attend-le-prochain-commissaire-europeen-a-lagriculture-france\/#breadcrumb"},"inLanguage":"fr-FR","potentialAction":[{"@type":"ReadAction","target":["https:\/\/www.cc3rivieres76.com\/blog\/actualites-nationales-ce-qui-attend-le-prochain-commissaire-europeen-a-lagriculture-france\/"]}]},{"@type":"ImageObject","inLanguage":"fr-FR","@id":"https:\/\/www.cc3rivieres76.com\/blog\/actualites-nationales-ce-qui-attend-le-prochain-commissaire-europeen-a-lagriculture-france\/#primaryimage","url":"https:\/\/www.cc3rivieres76.com\/blog\/wp-content\/uploads\/2024\/09\/actualites-nationales-ce-qui-attend-le-prochain-commissaire-europeen-a-lagriculture-france.jpg","contentUrl":"https:\/\/www.cc3rivieres76.com\/blog\/wp-content\/uploads\/2024\/09\/actualites-nationales-ce-qui-attend-le-prochain-commissaire-europeen-a-lagriculture-france.jpg","width":1440,"height":960,"caption":"Actualit\u00e9s nationales: Ce qui attend\u00a0le\u00a0prochain commissaire europ\u00e9en \u00e0 l\u2019Agriculture #France"},{"@type":"BreadcrumbList","@id":"https:\/\/www.cc3rivieres76.com\/blog\/actualites-nationales-ce-qui-attend-le-prochain-commissaire-europeen-a-lagriculture-france\/#breadcrumb","itemListElement":[{"@type":"ListItem","position":1,"name":"Accueil","item":"https:\/\/www.cc3rivieres76.com\/blog\/"},{"@type":"ListItem","position":2,"name":"Actualit\u00e9s nationales: Ce qui attend\u00a0le\u00a0prochain commissaire europ\u00e9en \u00e0 l\u2019Agriculture #France"}]},{"@type":"WebSite","@id":"https:\/\/www.cc3rivieres76.com\/blog\/#website","url":"https:\/\/www.cc3rivieres76.com\/blog\/","name":"CC3RIVIERES76","description":"Les 3 rivi\u00e8res dans la Somme.","publisher":{"@id":"https:\/\/www.cc3rivieres76.com\/blog\/#organization"},"potentialAction":[{"@type":"SearchAction","target":{"@type":"EntryPoint","urlTemplate":"https:\/\/www.cc3rivieres76.com\/blog\/?s={search_term_string}"},"query-input":{"@type":"PropertyValueSpecification","valueRequired":true,"valueName":"search_term_string"}}],"inLanguage":"fr-FR"},{"@type":"Organization","@id":"https:\/\/www.cc3rivieres76.com\/blog\/#organization","name":"cc3rivieres76","url":"https:\/\/www.cc3rivieres76.com\/blog\/","logo":{"@type":"ImageObject","inLanguage":"fr-FR","@id":"https:\/\/www.cc3rivieres76.com\/blog\/#\/schema\/logo\/image\/","url":"https:\/\/www.cc3rivieres76.com\/blog\/wp-content\/uploads\/2023\/06\/logo-2.png","contentUrl":"https:\/\/www.cc3rivieres76.com\/blog\/wp-content\/uploads\/2023\/06\/logo-2.png","width":390,"height":388,"caption":"cc3rivieres76"},"image":{"@id":"https:\/\/www.cc3rivieres76.com\/blog\/#\/schema\/logo\/image\/"}},{"@type":"Person","@id":"https:\/\/www.cc3rivieres76.com\/blog\/#\/schema\/person\/474d457fb7747b5218f39792dfaa5a1c","name":"Sylvie DE LAUZAINGHEIN","image":{"@type":"ImageObject","inLanguage":"fr-FR","@id":"https:\/\/secure.gravatar.com\/avatar\/9c6a53b19e0a3431aa80de0895b9729fe665cd7e7d6cc94fc11abb152f4237d7?s=96&d=mm&r=g","url":"https:\/\/secure.gravatar.com\/avatar\/9c6a53b19e0a3431aa80de0895b9729fe665cd7e7d6cc94fc11abb152f4237d7?s=96&d=mm&r=g","contentUrl":"https:\/\/secure.gravatar.com\/avatar\/9c6a53b19e0a3431aa80de0895b9729fe665cd7e7d6cc94fc11abb152f4237d7?s=96&d=mm&r=g","caption":"Sylvie DE LAUZAINGHEIN"},"url":"https:\/\/www.cc3rivieres76.com\/blog\/author\/s76sylvie\/"}]}},"_links":{"self":[{"href":"https:\/\/www.cc3rivieres76.com\/blog\/wp-json\/wp\/v2\/posts\/414","targetHints":{"allow":["GET"]}}],"collection":[{"href":"https:\/\/www.cc3rivieres76.com\/blog\/wp-json\/wp\/v2\/posts"}],"about":[{"href":"https:\/\/www.cc3rivieres76.com\/blog\/wp-json\/wp\/v2\/types\/post"}],"author":[{"embeddable":true,"href":"https:\/\/www.cc3rivieres76.com\/blog\/wp-json\/wp\/v2\/users\/3"}],"replies":[{"embeddable":true,"href":"https:\/\/www.cc3rivieres76.com\/blog\/wp-json\/wp\/v2\/comments?post=414"}],"version-history":[{"count":0,"href":"https:\/\/www.cc3rivieres76.com\/blog\/wp-json\/wp\/v2\/posts\/414\/revisions"}],"wp:featuredmedia":[{"embeddable":true,"href":"https:\/\/www.cc3rivieres76.com\/blog\/wp-json\/wp\/v2\/media\/415"}],"wp:attachment":[{"href":"https:\/\/www.cc3rivieres76.com\/blog\/wp-json\/wp\/v2\/media?parent=414"}],"wp:term":[{"taxonomy":"category","embeddable":true,"href":"https:\/\/www.cc3rivieres76.com\/blog\/wp-json\/wp\/v2\/categories?post=414"},{"taxonomy":"post_tag","embeddable":true,"href":"https:\/\/www.cc3rivieres76.com\/blog\/wp-json\/wp\/v2\/tags?post=414"}],"curies":[{"name":"wp","href":"https:\/\/api.w.org\/{rel}","templated":true}]}}