{"id":420,"date":"2024-10-05T08:49:00","date_gmt":"2024-10-05T06:49:00","guid":{"rendered":"https:\/\/www.site.cdcl.xyz\/2024\/10\/05\/actualites-francaises-pas-question-dy-toucher-assure-la-ministre-de-la-sante-france\/"},"modified":"2024-10-05T08:49:00","modified_gmt":"2024-10-05T06:49:00","slug":"actualites-francaises-pas-question-dy-toucher-assure-la-ministre-de-la-sante-france","status":"publish","type":"post","link":"https:\/\/www.cc3rivieres76.com\/blog\/actualites-francaises-pas-question-dy-toucher-assure-la-ministre-de-la-sante-france\/","title":{"rendered":"Actualit\u00e9s fran\u00e7aises: \u00ab\u00a0pas question d\u2019y toucher\u00a0\u00bb, assure la ministre de la Sant\u00e9 #France"},"content":{"rendered":"\n<p>En parcourant internet j\u2019ai remarqu\u00e9 un \u00e9ditorial qui va vous plaire. Sa th\u00e9matique est \u00ab&nbsp;Actualit\u00e9 fran\u00e7aise&nbsp;\u00bb.<\/p>\n<h2>L\u2019article suivant a \u00e9t\u00e9 publi\u00e9 par Le Point \u2013 Politique<\/h2>\n<p><u>Signature . <\/u><\/p>\n<p><u>Date et heure de la r\u00e9ception de la d\u00e9p\u00e9che sur notre fil d\u2019info:<\/u><strong><span id=\"date\"><\/span><\/strong><\/p>\n<p><u>Date et heure de publication sur internet:<\/u> <strong><span id=\"datecrea\"><\/span><\/strong><\/p>\n<p><u>Titre exacte donn\u00e9 par le journal \u00e9tait:<\/u> <strong>\u00ab&nbsp;pas question d\u2019y toucher&nbsp;\u00bb, assure la ministre de la Sant\u00e9<\/strong><\/p>\n<p><u>Information et contenu publi\u00e9s :<\/u><\/p>\n<p><img decoding=\"async\" src=\"https:\/\/www.cc3rivieres76.com\/blog\/wp-content\/uploads\/2024\/10\/actualites-francaises-pas-question-dy-toucher-assure-la-ministre-de-la-sante-france.jpg\"><\/p>\n<div id=\"contenu\"> <!-- include t_www_2023\/pages\/article\/blocs\/tag_pub.tpl --><br \/><!-- include \/t_www_2023\/pages\/article\/blocs\/tag_pub.tpl --><\/p>\n<p><span class=\"dflt-txt__lettrine\">N<\/span>ouveau sujet de dissension au sein du gouvernement. Alors que Bruno Retailleau, le ministre de l\u2019Int\u00e9rieur, souhaite r\u00e9duire le p\u00e9rim\u00e8tre de l\u2019aide m\u00e9dicale de l\u2019\u00c9tat (AME), sa coll\u00e8gue \u00e0 la Sant\u00e9, Genevi\u00e8ve Darrieussecq, a assur\u00e9 vendredi soir qu\u2019il n\u2019\u00e9tait \u00ab&nbsp;pas question de toucher \u00e0 l\u2019aide m\u00e9dicale d\u2019\u00c9tat&nbsp;\u00bb, qui permet aux sans-papiers d\u2019acc\u00e9der \u00e0 des soins.<\/p>\n<section class=\"mbl txtcenter\">\n<div id=\"newsletter\" class=\"bloc-1 title-top\">\n<span class=\"h2\">La newsletter politique<\/span><\/p>\n<div class=\"step-1\">\n<p class=\"period\">Tous les jeudis \u00e0 7h30<\/p>\n<p>Recevez en avant-premi\u00e8re les informations et analyses politiques de la r\u00e9daction du Point.<\/p>\n<\/div>\n<div class=\"step-2\">\n<p>Merci !<br \/>Votre inscription a bien \u00e9t\u00e9 prise en compte avec l\u2019adresse email :<br \/><span class=\"email-sended\"><\/span><\/p>\n<p>Pour d\u00e9couvrir toutes nos autres newsletters, rendez-vous ici : MonCompte<\/p>\n<\/div>\n<p>En vous inscrivant, vous acceptez les conditions g\u00e9n\u00e9rales d\u2019utilisations et notre politique de confidentialit\u00e9.<\/p>\n<\/div>\n<p>\u00ab&nbsp;L\u2019AME, c\u2019est aussi une assurance sur la sant\u00e9 des Fran\u00e7ais pour \u00e9viter certaines contagions&nbsp;\u00bb, a soulign\u00e9 la ministre, \u00e9galement m\u00e9decin, interrog\u00e9e sur France Info. \u00ab&nbsp;Il ne faut pas avoir de tabou avec ce sujet, mais il ne faut pas non plus cr\u00e9er des fantasmes&nbsp;\u00bb, a-t-elle ajout\u00e9.<br \/><span class=\"Capsule free\"><span class=\"Phylactery\">\u00c0 LIRE AUSSI<\/span> <strong class=\"strong\">Sant\u00e9&nbsp;: les dossiers chauds qui attendent la nouvelle ministre<\/strong><\/span><\/p>\n<p>En 2024, l\u2019enveloppe de l\u2019AME pr\u00e9vue par l\u2019\u00c9tat s\u2019\u00e9tablit \u00e0 1,2&nbsp;milliard d\u2019euros, soit environ 0,5&nbsp;% des d\u00e9penses de sant\u00e9 pr\u00e9vues par le budget de la S\u00e9cu (PLFSS). Fin 2023, on comptait 466&nbsp;000 b\u00e9n\u00e9ficiaires de l\u2019AME. Elle concerne les soins m\u00e9dicaux et dentaires, les m\u00e9dicaments rembours\u00e9s, les frais d\u2019analyses et d\u2019hospitalisation, ainsi que ceux aff\u00e9rents&nbsp;\u00e0 certaines vaccinations et certains d\u00e9pistages, \u00e0 la contraception et l\u2019IVG.<\/p>\n<h2>Il est possible de \u00ab&nbsp;mieux g\u00e9rer l\u2019AME&nbsp;\u00bb, selon Michel Barnier<\/h2>\n<p>De son c\u00f4t\u00e9, le Premier ministre, Michel Barnier, avait estim\u00e9, jeudi 3&nbsp;octobre, sur France 2, qu\u2019il \u00e9tait possible de \u00ab&nbsp;mieux g\u00e9rer&nbsp;\u00bb l\u2019AME et qu\u2019il fallait \u00ab&nbsp;voir calmement les choses pour que ceux qui y ont droit puissent la recevoir&nbsp;\u00bb. Le ministre de l\u2019Int\u00e9rieur, Bruno Retailleau, avait, lui, laiss\u00e9 entendre, le 24&nbsp;septembre dernier, qu\u2019il ne \u00ab&nbsp;s\u2019interdisait pas de prendre, notamment par la voie r\u00e9glementaire, un certain nombre de dispositions&nbsp;\u00bb.<\/p>\n<\/section>\n<\/div>\n<p> <img decoding=\"async\" src=\"https:\/\/www.cc3rivieres76.com\/blog\/wp-content\/uploads\/2024\/10\/actualites-francaises-pas-question-dy-toucher-assure-la-ministre-de-la-sante-france.jpg\" alt=\"\u00ab&nbsp;pas question d\u2019y toucher&nbsp;\u00bb, assure la ministre de la Sant\u00e9\"><\/p>\n<p>#pas #question #toucher #assure #ministre #Sant\u00e9<\/p>\n<p>Reprise de l\u2019information dans un style journalistique professionnel descriptif en organisant les id\u00e9es dans un ordre coh\u00e9rent avec titres html <\/p>\n<p>Parutions sur un th\u00e8me \u00e9quivalent:<\/p>\n<p>La France contre les robots.,<a href=\"https:\/\/www.kobo.com\/fr\/fr\/ebook\/la-france-contre-les-robots-9\" target=\"_blank\" rel=\"noopener noreferrer nofollow\">Pr\u00e9sentation du livre<\/a><span><\/span>.<\/p>\n<p>La france d\u2019en bas ?.,<a href=\"https:\/\/www.kobo.com\/fr\/fr\/ebook\/la-france-d-en-bas-epub\" target=\"_blank\" rel=\"noopener noreferrer nofollow\">Fiche du livre<\/a><span><\/span>.<\/p>\n<p>Photographie\/Th\u00e8mes\/La nature\/Les mammif\u00e8res.,<a href=\"https:\/\/fr.wikibooks.org\/wiki\/Photographie\/Th%C3%A8mes\/La_nature\/Les_mammif%C3%A8res\" target=\"_blank\" rel=\"noopener noreferrer nofollow\">A d\u00e9couvrir <\/a><span><\/span>.<\/p>\n<p> Cet article, qui traite du th\u00e8me \u00ab\u00a0Les 3 rivi\u00e8res dans la Somme\u00a0\u00bb, vous est sp\u00e9cialement sugg\u00e9r\u00e9 par cc3rivieres76.com. La chronique est reproduite du mieux possible. Dans le cas o\u00f9 vous souhaitez apporter quelques pr\u00e9cisions concernant le domaine de \u00ab\u00a0Les 3 rivi\u00e8res dans la Somme\u00a0\u00bb vous pouvez solliciter notre r\u00e9daction. La destination de cc3rivieres76.com est de d\u00e9battre de Les 3 rivi\u00e8res dans la Somme dans la transparence en vous apportant la connaissance de tout ce qui est en lien avec ce sujet sur la toile Connectez-vous sur notre site cc3rivieres76.com et nos r\u00e9seaux sociaux dans le but d\u2019\u00eatre inform\u00e9 des futures publications.<\/p>\n","protected":false},"excerpt":{"rendered":"<p>En parcourant internet j\u2019ai remarqu\u00e9 un \u00e9ditorial qui va vous plaire. Sa th\u00e9matique est \u00ab&nbsp;Actualit\u00e9 fran\u00e7aise&nbsp;\u00bb. L\u2019article suivant a \u00e9t\u00e9 publi\u00e9 par Le Point \u2013 Politique Signature . Date et heure de la r\u00e9ception de la d\u00e9p\u00e9che sur notre fil d\u2019info: Date et heure de publication sur internet: Titre exacte donn\u00e9 par le journal \u00e9tait: &hellip; <\/p>\n<p class=\"link-more\"><a href=\"https:\/\/www.cc3rivieres76.com\/blog\/actualites-francaises-pas-question-dy-toucher-assure-la-ministre-de-la-sante-france\/\" class=\"more-link\">Continuer la lecture <span class=\"screen-reader-text\"> \u00ab\u00a0Actualit\u00e9s fran\u00e7aises: \u00ab\u00a0pas question d\u2019y toucher\u00a0\u00bb, assure la ministre de la Sant\u00e9 #France\u00a0\u00bb<\/span><\/a><\/p>\n","protected":false},"author":3,"featured_media":421,"comment_status":"closed","ping_status":"closed","sticky":false,"template":"","format":"standard","meta":{"footnotes":""},"categories":[2],"tags":[],"class_list":["post-420","post","type-post","status-publish","format-standard","has-post-thumbnail","hentry","category-les-3-rivieres-dans-la-somme","entry"],"yoast_head":"<!-- This site is optimized with the Yoast SEO plugin v27.5 - https:\/\/yoast.com\/product\/yoast-seo-wordpress\/ -->\n<title>Actualit\u00e9s fran\u00e7aises: \u00ab\u00a0pas question d\u2019y toucher\u00a0\u00bb, assure la ministre de la Sant\u00e9 #France - CC3RIVIERES76<\/title>\n<meta name=\"robots\" content=\"index, follow, max-snippet:-1, max-image-preview:large, max-video-preview:-1\" \/>\n<link rel=\"canonical\" href=\"https:\/\/www.cc3rivieres76.com\/blog\/actualites-francaises-pas-question-dy-toucher-assure-la-ministre-de-la-sante-france\/\" \/>\n<meta property=\"og:locale\" content=\"fr_FR\" \/>\n<meta property=\"og:type\" content=\"article\" \/>\n<meta property=\"og:title\" content=\"Actualit\u00e9s fran\u00e7aises: \u00ab\u00a0pas question d\u2019y toucher\u00a0\u00bb, assure la ministre de la Sant\u00e9 #France - CC3RIVIERES76\" \/>\n<meta property=\"og:description\" content=\"En parcourant internet j\u2019ai remarqu\u00e9 un \u00e9ditorial qui va vous plaire. Sa th\u00e9matique est \u00ab&nbsp;Actualit\u00e9 fran\u00e7aise&nbsp;\u00bb. L\u2019article suivant a \u00e9t\u00e9 publi\u00e9 par Le Point \u2013 Politique Signature . Date et heure de la r\u00e9ception de la d\u00e9p\u00e9che sur notre fil d\u2019info: Date et heure de publication sur internet: Titre exacte donn\u00e9 par le journal \u00e9tait: &hellip; Continuer la lecture \u00ab\u00a0Actualit\u00e9s fran\u00e7aises: \u00ab\u00a0pas question d\u2019y toucher\u00a0\u00bb, assure la ministre de la Sant\u00e9 #France\u00a0\u00bb\" \/>\n<meta property=\"og:url\" content=\"https:\/\/www.cc3rivieres76.com\/blog\/actualites-francaises-pas-question-dy-toucher-assure-la-ministre-de-la-sante-france\/\" \/>\n<meta property=\"og:site_name\" content=\"CC3RIVIERES76\" \/>\n<meta property=\"article:published_time\" content=\"2024-10-05T06:49:00+00:00\" \/>\n<meta property=\"og:image\" content=\"https:\/\/www.cc3rivieres76.com\/blog\/wp-content\/uploads\/2024\/10\/actualites-francaises-pas-question-dy-toucher-assure-la-ministre-de-la-sante-france.jpg\" \/>\n<meta name=\"author\" content=\"Sylvie DE LAUZAINGHEIN\" \/>\n<meta name=\"twitter:card\" content=\"summary_large_image\" \/>\n<meta name=\"twitter:label1\" content=\"\u00c9crit par\" \/>\n\t<meta name=\"twitter:data1\" content=\"Sylvie DE LAUZAINGHEIN\" \/>\n\t<meta name=\"twitter:label2\" content=\"Dur\u00e9e de lecture estim\u00e9e\" \/>\n\t<meta name=\"twitter:data2\" content=\"3 minutes\" \/>\n<script type=\"application\/ld+json\" class=\"yoast-schema-graph\">{\"@context\":\"https:\\\/\\\/schema.org\",\"@graph\":[{\"@type\":\"Article\",\"@id\":\"https:\\\/\\\/www.cc3rivieres76.com\\\/blog\\\/actualites-francaises-pas-question-dy-toucher-assure-la-ministre-de-la-sante-france\\\/#article\",\"isPartOf\":{\"@id\":\"https:\\\/\\\/www.cc3rivieres76.com\\\/blog\\\/actualites-francaises-pas-question-dy-toucher-assure-la-ministre-de-la-sante-france\\\/\"},\"author\":{\"name\":\"Sylvie DE LAUZAINGHEIN\",\"@id\":\"https:\\\/\\\/www.cc3rivieres76.com\\\/blog\\\/#\\\/schema\\\/person\\\/474d457fb7747b5218f39792dfaa5a1c\"},\"headline\":\"Actualit\u00e9s fran\u00e7aises: \u00ab\u00a0pas question d\u2019y toucher\u00a0\u00bb, assure la ministre de la Sant\u00e9 #France\",\"datePublished\":\"2024-10-05T06:49:00+00:00\",\"mainEntityOfPage\":{\"@id\":\"https:\\\/\\\/www.cc3rivieres76.com\\\/blog\\\/actualites-francaises-pas-question-dy-toucher-assure-la-ministre-de-la-sante-france\\\/\"},\"wordCount\":657,\"publisher\":{\"@id\":\"https:\\\/\\\/www.cc3rivieres76.com\\\/blog\\\/#organization\"},\"image\":{\"@id\":\"https:\\\/\\\/www.cc3rivieres76.com\\\/blog\\\/actualites-francaises-pas-question-dy-toucher-assure-la-ministre-de-la-sante-france\\\/#primaryimage\"},\"thumbnailUrl\":\"https:\\\/\\\/www.cc3rivieres76.com\\\/blog\\\/wp-content\\\/uploads\\\/2024\\\/10\\\/actualites-francaises-pas-question-dy-toucher-assure-la-ministre-de-la-sante-france.jpg\",\"articleSection\":[\"Les 3 Rivi\u00e8res Dans La Somme:\"],\"inLanguage\":\"fr-FR\"},{\"@type\":\"WebPage\",\"@id\":\"https:\\\/\\\/www.cc3rivieres76.com\\\/blog\\\/actualites-francaises-pas-question-dy-toucher-assure-la-ministre-de-la-sante-france\\\/\",\"url\":\"https:\\\/\\\/www.cc3rivieres76.com\\\/blog\\\/actualites-francaises-pas-question-dy-toucher-assure-la-ministre-de-la-sante-france\\\/\",\"name\":\"Actualit\u00e9s fran\u00e7aises: \u00ab\u00a0pas question d\u2019y toucher\u00a0\u00bb, assure la ministre de la Sant\u00e9 #France - CC3RIVIERES76\",\"isPartOf\":{\"@id\":\"https:\\\/\\\/www.cc3rivieres76.com\\\/blog\\\/#website\"},\"primaryImageOfPage\":{\"@id\":\"https:\\\/\\\/www.cc3rivieres76.com\\\/blog\\\/actualites-francaises-pas-question-dy-toucher-assure-la-ministre-de-la-sante-france\\\/#primaryimage\"},\"image\":{\"@id\":\"https:\\\/\\\/www.cc3rivieres76.com\\\/blog\\\/actualites-francaises-pas-question-dy-toucher-assure-la-ministre-de-la-sante-france\\\/#primaryimage\"},\"thumbnailUrl\":\"https:\\\/\\\/www.cc3rivieres76.com\\\/blog\\\/wp-content\\\/uploads\\\/2024\\\/10\\\/actualites-francaises-pas-question-dy-toucher-assure-la-ministre-de-la-sante-france.jpg\",\"datePublished\":\"2024-10-05T06:49:00+00:00\",\"breadcrumb\":{\"@id\":\"https:\\\/\\\/www.cc3rivieres76.com\\\/blog\\\/actualites-francaises-pas-question-dy-toucher-assure-la-ministre-de-la-sante-france\\\/#breadcrumb\"},\"inLanguage\":\"fr-FR\",\"potentialAction\":[{\"@type\":\"ReadAction\",\"target\":[\"https:\\\/\\\/www.cc3rivieres76.com\\\/blog\\\/actualites-francaises-pas-question-dy-toucher-assure-la-ministre-de-la-sante-france\\\/\"]}]},{\"@type\":\"ImageObject\",\"inLanguage\":\"fr-FR\",\"@id\":\"https:\\\/\\\/www.cc3rivieres76.com\\\/blog\\\/actualites-francaises-pas-question-dy-toucher-assure-la-ministre-de-la-sante-france\\\/#primaryimage\",\"url\":\"https:\\\/\\\/www.cc3rivieres76.com\\\/blog\\\/wp-content\\\/uploads\\\/2024\\\/10\\\/actualites-francaises-pas-question-dy-toucher-assure-la-ministre-de-la-sante-france.jpg\",\"contentUrl\":\"https:\\\/\\\/www.cc3rivieres76.com\\\/blog\\\/wp-content\\\/uploads\\\/2024\\\/10\\\/actualites-francaises-pas-question-dy-toucher-assure-la-ministre-de-la-sante-france.jpg\",\"width\":1440,\"height\":960,\"caption\":\"Actualit\u00e9s fran\u00e7aises: \u00ab\u00a0pas question d\u2019y toucher\u00a0\u00bb, assure la ministre de la Sant\u00e9 #France\"},{\"@type\":\"BreadcrumbList\",\"@id\":\"https:\\\/\\\/www.cc3rivieres76.com\\\/blog\\\/actualites-francaises-pas-question-dy-toucher-assure-la-ministre-de-la-sante-france\\\/#breadcrumb\",\"itemListElement\":[{\"@type\":\"ListItem\",\"position\":1,\"name\":\"Accueil\",\"item\":\"https:\\\/\\\/www.cc3rivieres76.com\\\/blog\\\/\"},{\"@type\":\"ListItem\",\"position\":2,\"name\":\"Actualit\u00e9s fran\u00e7aises: \u00ab\u00a0pas question d\u2019y toucher\u00a0\u00bb, assure la ministre de la Sant\u00e9 #France\"}]},{\"@type\":\"WebSite\",\"@id\":\"https:\\\/\\\/www.cc3rivieres76.com\\\/blog\\\/#website\",\"url\":\"https:\\\/\\\/www.cc3rivieres76.com\\\/blog\\\/\",\"name\":\"CC3RIVIERES76\",\"description\":\"Les 3 rivi\u00e8res dans la Somme.\",\"publisher\":{\"@id\":\"https:\\\/\\\/www.cc3rivieres76.com\\\/blog\\\/#organization\"},\"potentialAction\":[{\"@type\":\"SearchAction\",\"target\":{\"@type\":\"EntryPoint\",\"urlTemplate\":\"https:\\\/\\\/www.cc3rivieres76.com\\\/blog\\\/?s={search_term_string}\"},\"query-input\":{\"@type\":\"PropertyValueSpecification\",\"valueRequired\":true,\"valueName\":\"search_term_string\"}}],\"inLanguage\":\"fr-FR\"},{\"@type\":\"Organization\",\"@id\":\"https:\\\/\\\/www.cc3rivieres76.com\\\/blog\\\/#organization\",\"name\":\"cc3rivieres76\",\"url\":\"https:\\\/\\\/www.cc3rivieres76.com\\\/blog\\\/\",\"logo\":{\"@type\":\"ImageObject\",\"inLanguage\":\"fr-FR\",\"@id\":\"https:\\\/\\\/www.cc3rivieres76.com\\\/blog\\\/#\\\/schema\\\/logo\\\/image\\\/\",\"url\":\"https:\\\/\\\/www.cc3rivieres76.com\\\/blog\\\/wp-content\\\/uploads\\\/2023\\\/06\\\/logo-2.png\",\"contentUrl\":\"https:\\\/\\\/www.cc3rivieres76.com\\\/blog\\\/wp-content\\\/uploads\\\/2023\\\/06\\\/logo-2.png\",\"width\":390,\"height\":388,\"caption\":\"cc3rivieres76\"},\"image\":{\"@id\":\"https:\\\/\\\/www.cc3rivieres76.com\\\/blog\\\/#\\\/schema\\\/logo\\\/image\\\/\"}},{\"@type\":\"Person\",\"@id\":\"https:\\\/\\\/www.cc3rivieres76.com\\\/blog\\\/#\\\/schema\\\/person\\\/474d457fb7747b5218f39792dfaa5a1c\",\"name\":\"Sylvie DE LAUZAINGHEIN\",\"image\":{\"@type\":\"ImageObject\",\"inLanguage\":\"fr-FR\",\"@id\":\"https:\\\/\\\/secure.gravatar.com\\\/avatar\\\/9c6a53b19e0a3431aa80de0895b9729fe665cd7e7d6cc94fc11abb152f4237d7?s=96&d=mm&r=g\",\"url\":\"https:\\\/\\\/secure.gravatar.com\\\/avatar\\\/9c6a53b19e0a3431aa80de0895b9729fe665cd7e7d6cc94fc11abb152f4237d7?s=96&d=mm&r=g\",\"contentUrl\":\"https:\\\/\\\/secure.gravatar.com\\\/avatar\\\/9c6a53b19e0a3431aa80de0895b9729fe665cd7e7d6cc94fc11abb152f4237d7?s=96&d=mm&r=g\",\"caption\":\"Sylvie DE LAUZAINGHEIN\"},\"url\":\"https:\\\/\\\/www.cc3rivieres76.com\\\/blog\\\/author\\\/s76sylvie\\\/\"}]}<\/script>\n<!-- \/ Yoast SEO plugin. -->","yoast_head_json":{"title":"Actualit\u00e9s fran\u00e7aises: \u00ab\u00a0pas question d\u2019y toucher\u00a0\u00bb, assure la ministre de la Sant\u00e9 #France - CC3RIVIERES76","robots":{"index":"index","follow":"follow","max-snippet":"max-snippet:-1","max-image-preview":"max-image-preview:large","max-video-preview":"max-video-preview:-1"},"canonical":"https:\/\/www.cc3rivieres76.com\/blog\/actualites-francaises-pas-question-dy-toucher-assure-la-ministre-de-la-sante-france\/","og_locale":"fr_FR","og_type":"article","og_title":"Actualit\u00e9s fran\u00e7aises: \u00ab\u00a0pas question d\u2019y toucher\u00a0\u00bb, assure la ministre de la Sant\u00e9 #France - CC3RIVIERES76","og_description":"En parcourant internet j\u2019ai remarqu\u00e9 un \u00e9ditorial qui va vous plaire. Sa th\u00e9matique est \u00ab&nbsp;Actualit\u00e9 fran\u00e7aise&nbsp;\u00bb. L\u2019article suivant a \u00e9t\u00e9 publi\u00e9 par Le Point \u2013 Politique Signature . Date et heure de la r\u00e9ception de la d\u00e9p\u00e9che sur notre fil d\u2019info: Date et heure de publication sur internet: Titre exacte donn\u00e9 par le journal \u00e9tait: &hellip; Continuer la lecture \u00ab\u00a0Actualit\u00e9s fran\u00e7aises: \u00ab\u00a0pas question d\u2019y toucher\u00a0\u00bb, assure la ministre de la Sant\u00e9 #France\u00a0\u00bb","og_url":"https:\/\/www.cc3rivieres76.com\/blog\/actualites-francaises-pas-question-dy-toucher-assure-la-ministre-de-la-sante-france\/","og_site_name":"CC3RIVIERES76","article_published_time":"2024-10-05T06:49:00+00:00","og_image":[{"url":"https:\/\/www.cc3rivieres76.com\/blog\/wp-content\/uploads\/2024\/10\/actualites-francaises-pas-question-dy-toucher-assure-la-ministre-de-la-sante-france.jpg","type":"","width":"","height":""}],"author":"Sylvie DE LAUZAINGHEIN","twitter_card":"summary_large_image","twitter_misc":{"\u00c9crit par":"Sylvie DE LAUZAINGHEIN","Dur\u00e9e de lecture estim\u00e9e":"3 minutes"},"schema":{"@context":"https:\/\/schema.org","@graph":[{"@type":"Article","@id":"https:\/\/www.cc3rivieres76.com\/blog\/actualites-francaises-pas-question-dy-toucher-assure-la-ministre-de-la-sante-france\/#article","isPartOf":{"@id":"https:\/\/www.cc3rivieres76.com\/blog\/actualites-francaises-pas-question-dy-toucher-assure-la-ministre-de-la-sante-france\/"},"author":{"name":"Sylvie DE LAUZAINGHEIN","@id":"https:\/\/www.cc3rivieres76.com\/blog\/#\/schema\/person\/474d457fb7747b5218f39792dfaa5a1c"},"headline":"Actualit\u00e9s fran\u00e7aises: \u00ab\u00a0pas question d\u2019y toucher\u00a0\u00bb, assure la ministre de la Sant\u00e9 #France","datePublished":"2024-10-05T06:49:00+00:00","mainEntityOfPage":{"@id":"https:\/\/www.cc3rivieres76.com\/blog\/actualites-francaises-pas-question-dy-toucher-assure-la-ministre-de-la-sante-france\/"},"wordCount":657,"publisher":{"@id":"https:\/\/www.cc3rivieres76.com\/blog\/#organization"},"image":{"@id":"https:\/\/www.cc3rivieres76.com\/blog\/actualites-francaises-pas-question-dy-toucher-assure-la-ministre-de-la-sante-france\/#primaryimage"},"thumbnailUrl":"https:\/\/www.cc3rivieres76.com\/blog\/wp-content\/uploads\/2024\/10\/actualites-francaises-pas-question-dy-toucher-assure-la-ministre-de-la-sante-france.jpg","articleSection":["Les 3 Rivi\u00e8res Dans La Somme:"],"inLanguage":"fr-FR"},{"@type":"WebPage","@id":"https:\/\/www.cc3rivieres76.com\/blog\/actualites-francaises-pas-question-dy-toucher-assure-la-ministre-de-la-sante-france\/","url":"https:\/\/www.cc3rivieres76.com\/blog\/actualites-francaises-pas-question-dy-toucher-assure-la-ministre-de-la-sante-france\/","name":"Actualit\u00e9s fran\u00e7aises: \u00ab\u00a0pas question d\u2019y toucher\u00a0\u00bb, assure la ministre de la Sant\u00e9 #France - CC3RIVIERES76","isPartOf":{"@id":"https:\/\/www.cc3rivieres76.com\/blog\/#website"},"primaryImageOfPage":{"@id":"https:\/\/www.cc3rivieres76.com\/blog\/actualites-francaises-pas-question-dy-toucher-assure-la-ministre-de-la-sante-france\/#primaryimage"},"image":{"@id":"https:\/\/www.cc3rivieres76.com\/blog\/actualites-francaises-pas-question-dy-toucher-assure-la-ministre-de-la-sante-france\/#primaryimage"},"thumbnailUrl":"https:\/\/www.cc3rivieres76.com\/blog\/wp-content\/uploads\/2024\/10\/actualites-francaises-pas-question-dy-toucher-assure-la-ministre-de-la-sante-france.jpg","datePublished":"2024-10-05T06:49:00+00:00","breadcrumb":{"@id":"https:\/\/www.cc3rivieres76.com\/blog\/actualites-francaises-pas-question-dy-toucher-assure-la-ministre-de-la-sante-france\/#breadcrumb"},"inLanguage":"fr-FR","potentialAction":[{"@type":"ReadAction","target":["https:\/\/www.cc3rivieres76.com\/blog\/actualites-francaises-pas-question-dy-toucher-assure-la-ministre-de-la-sante-france\/"]}]},{"@type":"ImageObject","inLanguage":"fr-FR","@id":"https:\/\/www.cc3rivieres76.com\/blog\/actualites-francaises-pas-question-dy-toucher-assure-la-ministre-de-la-sante-france\/#primaryimage","url":"https:\/\/www.cc3rivieres76.com\/blog\/wp-content\/uploads\/2024\/10\/actualites-francaises-pas-question-dy-toucher-assure-la-ministre-de-la-sante-france.jpg","contentUrl":"https:\/\/www.cc3rivieres76.com\/blog\/wp-content\/uploads\/2024\/10\/actualites-francaises-pas-question-dy-toucher-assure-la-ministre-de-la-sante-france.jpg","width":1440,"height":960,"caption":"Actualit\u00e9s fran\u00e7aises: \u00ab\u00a0pas question d\u2019y toucher\u00a0\u00bb, assure la ministre de la Sant\u00e9 #France"},{"@type":"BreadcrumbList","@id":"https:\/\/www.cc3rivieres76.com\/blog\/actualites-francaises-pas-question-dy-toucher-assure-la-ministre-de-la-sante-france\/#breadcrumb","itemListElement":[{"@type":"ListItem","position":1,"name":"Accueil","item":"https:\/\/www.cc3rivieres76.com\/blog\/"},{"@type":"ListItem","position":2,"name":"Actualit\u00e9s fran\u00e7aises: \u00ab\u00a0pas question d\u2019y toucher\u00a0\u00bb, assure la ministre de la Sant\u00e9 #France"}]},{"@type":"WebSite","@id":"https:\/\/www.cc3rivieres76.com\/blog\/#website","url":"https:\/\/www.cc3rivieres76.com\/blog\/","name":"CC3RIVIERES76","description":"Les 3 rivi\u00e8res dans la Somme.","publisher":{"@id":"https:\/\/www.cc3rivieres76.com\/blog\/#organization"},"potentialAction":[{"@type":"SearchAction","target":{"@type":"EntryPoint","urlTemplate":"https:\/\/www.cc3rivieres76.com\/blog\/?s={search_term_string}"},"query-input":{"@type":"PropertyValueSpecification","valueRequired":true,"valueName":"search_term_string"}}],"inLanguage":"fr-FR"},{"@type":"Organization","@id":"https:\/\/www.cc3rivieres76.com\/blog\/#organization","name":"cc3rivieres76","url":"https:\/\/www.cc3rivieres76.com\/blog\/","logo":{"@type":"ImageObject","inLanguage":"fr-FR","@id":"https:\/\/www.cc3rivieres76.com\/blog\/#\/schema\/logo\/image\/","url":"https:\/\/www.cc3rivieres76.com\/blog\/wp-content\/uploads\/2023\/06\/logo-2.png","contentUrl":"https:\/\/www.cc3rivieres76.com\/blog\/wp-content\/uploads\/2023\/06\/logo-2.png","width":390,"height":388,"caption":"cc3rivieres76"},"image":{"@id":"https:\/\/www.cc3rivieres76.com\/blog\/#\/schema\/logo\/image\/"}},{"@type":"Person","@id":"https:\/\/www.cc3rivieres76.com\/blog\/#\/schema\/person\/474d457fb7747b5218f39792dfaa5a1c","name":"Sylvie DE LAUZAINGHEIN","image":{"@type":"ImageObject","inLanguage":"fr-FR","@id":"https:\/\/secure.gravatar.com\/avatar\/9c6a53b19e0a3431aa80de0895b9729fe665cd7e7d6cc94fc11abb152f4237d7?s=96&d=mm&r=g","url":"https:\/\/secure.gravatar.com\/avatar\/9c6a53b19e0a3431aa80de0895b9729fe665cd7e7d6cc94fc11abb152f4237d7?s=96&d=mm&r=g","contentUrl":"https:\/\/secure.gravatar.com\/avatar\/9c6a53b19e0a3431aa80de0895b9729fe665cd7e7d6cc94fc11abb152f4237d7?s=96&d=mm&r=g","caption":"Sylvie DE LAUZAINGHEIN"},"url":"https:\/\/www.cc3rivieres76.com\/blog\/author\/s76sylvie\/"}]}},"_links":{"self":[{"href":"https:\/\/www.cc3rivieres76.com\/blog\/wp-json\/wp\/v2\/posts\/420","targetHints":{"allow":["GET"]}}],"collection":[{"href":"https:\/\/www.cc3rivieres76.com\/blog\/wp-json\/wp\/v2\/posts"}],"about":[{"href":"https:\/\/www.cc3rivieres76.com\/blog\/wp-json\/wp\/v2\/types\/post"}],"author":[{"embeddable":true,"href":"https:\/\/www.cc3rivieres76.com\/blog\/wp-json\/wp\/v2\/users\/3"}],"replies":[{"embeddable":true,"href":"https:\/\/www.cc3rivieres76.com\/blog\/wp-json\/wp\/v2\/comments?post=420"}],"version-history":[{"count":0,"href":"https:\/\/www.cc3rivieres76.com\/blog\/wp-json\/wp\/v2\/posts\/420\/revisions"}],"wp:featuredmedia":[{"embeddable":true,"href":"https:\/\/www.cc3rivieres76.com\/blog\/wp-json\/wp\/v2\/media\/421"}],"wp:attachment":[{"href":"https:\/\/www.cc3rivieres76.com\/blog\/wp-json\/wp\/v2\/media?parent=420"}],"wp:term":[{"taxonomy":"category","embeddable":true,"href":"https:\/\/www.cc3rivieres76.com\/blog\/wp-json\/wp\/v2\/categories?post=420"},{"taxonomy":"post_tag","embeddable":true,"href":"https:\/\/www.cc3rivieres76.com\/blog\/wp-json\/wp\/v2\/tags?post=420"}],"curies":[{"name":"wp","href":"https:\/\/api.w.org\/{rel}","templated":true}]}}