{"id":422,"date":"2024-10-09T15:07:00","date_gmt":"2024-10-09T13:07:00","guid":{"rendered":"https:\/\/www.site.cdcl.xyz\/2024\/10\/09\/actualites-nationales-lfi-decroche-la-presidence-de-la-commission-des-affaires-economiques-france\/"},"modified":"2024-10-09T15:07:00","modified_gmt":"2024-10-09T13:07:00","slug":"actualites-nationales-lfi-decroche-la-presidence-de-la-commission-des-affaires-economiques-france","status":"publish","type":"post","link":"https:\/\/www.cc3rivieres76.com\/blog\/actualites-nationales-lfi-decroche-la-presidence-de-la-commission-des-affaires-economiques-france\/","title":{"rendered":"Actualit\u00e9s nationales: LFI d\u00e9croche la pr\u00e9sidence de la commission des Affaires \u00e9conomiques #France"},"content":{"rendered":"\n<p>A nouveau, ce site va porter \u00e0 votre connaissance un \u00e9ditorial qui circule sur le web. Le th\u00e8me est \u00abActualit\u00e9 fran\u00e7aise\u00bb.<\/p>\n<h2>L\u2019article ci-dessous a \u00e9t\u00e9 diffus\u00e9 par Le Point \u2013 Politique<\/h2>\n<p><u>Signature . <\/u><\/p>\n<p><u>Date et heure de la r\u00e9ception de la d\u00e9p\u00e9che sur notre fil d\u2019info:<\/u><strong><span id=\"date\"><\/span><\/strong><\/p>\n<p><u>Date et heure de publication sur internet:<\/u> <strong><span id=\"datecrea\"><\/span><\/strong><\/p>\n<p><u>Titre exacte donn\u00e9 par le journal \u00e9tait:<\/u> <strong>LFI d\u00e9croche la pr\u00e9sidence de la commission des Affaires \u00e9conomiques<\/strong><\/p>\n<p><u>Information et contenu publi\u00e9s :<\/u><\/p>\n<p><img decoding=\"async\" src=\"https:\/\/www.cc3rivieres76.com\/blog\/wp-content\/uploads\/2024\/10\/actualites-nationales-lfi-decroche-la-presidence-de-la-commission-des-affaires-economiques-france.jpg\"><\/p>\n<div id=\"contenu\"> <!-- include t_www_2023\/pages\/article\/blocs\/tag_pub.tpl --><br \/><!-- include \/t_www_2023\/pages\/article\/blocs\/tag_pub.tpl --><\/p>\n<p><span class=\"dflt-txt__lettrine\">A<\/span>ur\u00e9lie Trouv\u00e9&nbsp;l\u2019a emport\u00e9 \u00e0 la surprise g\u00e9n\u00e9rale. La d\u00e9put\u00e9e de La France insoumise&nbsp;a \u00e9t\u00e9 \u00e9lue, ce mercredi 9&nbsp;octobre, pr\u00e9sidente de la commission des Affaires \u00e9conomiques, a indiqu\u00e9 le compte X de l\u2019Assembl\u00e9e nationale. Le poste avait \u00e9t\u00e9 laiss\u00e9 vacant par Antoine Armand (Ensemble pour la R\u00e9publique), \u00e9lu au Palais-Bourbon en juin dernier&nbsp;mais appel\u00e9 au minist\u00e8re des Finances en septembre.<\/p>\n<section class=\"mbl txtcenter\">\n<div id=\"newsletter\" class=\"bloc-1 title-top\">\n<span class=\"h2\">La newsletter politique<\/span><\/p>\n<div class=\"step-1\">\n<p class=\"period\">Tous les jeudis \u00e0 7h30<\/p>\n<p>Recevez en avant-premi\u00e8re les informations et analyses politiques de la r\u00e9daction du Point.<\/p>\n<\/div>\n<div class=\"step-2\">\n<p>Merci !<br \/>Votre inscription a bien \u00e9t\u00e9 prise en compte avec l\u2019adresse email :<br \/><span class=\"email-sended\"><\/span><\/p>\n<p>Pour d\u00e9couvrir toutes nos autres newsletters, rendez-vous ici : MonCompte<\/p>\n<\/div>\n<p>En vous inscrivant, vous acceptez les conditions g\u00e9n\u00e9rales d\u2019utilisations et notre politique de confidentialit\u00e9.<\/p>\n<\/div>\n<p>Ce poste semblait pouvoir revenir au d\u00e9put\u00e9 St\u00e9phane Travert, d\u2019Ensemble pour la R\u00e9publique (ex-Renaissance), mais les reports de voix et un d\u00e9saccord entre la macronie et Les R\u00e9publicains ont ouvert la voie \u00e0 l\u2019\u00e9lection de la d\u00e9put\u00e9e de Seine-Saint-Denis. Selon l\u2019Agence France-Presse (AFP), Aur\u00e9lie Trouv\u00e9 a \u00e9t\u00e9 \u00e9lue par vingt-sept voix contre vingt-cinq pour St\u00e9phane Travert. Elle s\u2019est dite \u00ab&nbsp;tr\u00e8s honor\u00e9e&nbsp;\u00bb \u00e0 l\u2019issue du vote.<\/p>\n<p>Outre la pr\u00e9sidence de la commission des Affaires \u00e9conomiques, deux autres postes majeurs de l\u2019Assembl\u00e9e nationale ont \u00e9t\u00e9 laiss\u00e9s vacants par la nomination au gouvernement de leur titulaire membre de l\u2019ex-majorit\u00e9. La pr\u00e9sidence de la commission des Affaires \u00e9trang\u00e8res a ainsi \u00e9t\u00e9 r\u00e9attribu\u00e9e \u00e0 Bruno Fuchs (MoDem), tandis que Fr\u00e9d\u00e9ric Valletoux (Horizons) a \u00e9t\u00e9 \u00e9lu \u00e0 la t\u00eate de la commission des Affaires sociales.<\/p>\n<section class=\"mbl txtcenter\">\n<div>\n<div class=\"mts\">\n<div class=\"reset-text mtm mbm\">\n<div class=\"art-twitter\">\n<blockquote class=\"twitter-tweet-unloaded\" data-twitter-extracted-i1728474860416364016=\"true\">\n<p dir=\"ltr\" lang=\"fr\">\ufffd\ufffd Aur\u00e9lie Trouv\u00e9 (<a rel=\"nofollow noopener\" target=\"_blank\" href=\"https:\/\/twitter.com\/TrouveAurelie?ref_src=twsrc%5Etfw\">@TrouveAurelie<\/a>), d\u00e9put\u00e9e de la 9e circonscription de Seine-Saint-Denis, membre du groupe \u00ab&nbsp;La France insoumise \u2013 Nouveau Front Populaire&nbsp;\u00bb, est \u00e9lue pr\u00e9sidente de la commission des affaires \u00e9conomiques.<a rel=\"nofollow noopener\" target=\"_blank\" href=\"https:\/\/twitter.com\/hashtag\/DirectAN?src=hash&amp;ref_src=twsrc%5Etfw\">#DirectAN<\/a> <a rel=\"nofollow noopener\" target=\"_blank\" href=\"https:\/\/t.co\/k0FOkLX60I\">pic.twitter.com\/k0FOkLX60I<\/a><\/p>\n<p> \u2014 Assembl\u00e9e nationale (@AssembleeNat) <a rel=\"nofollow noopener\" target=\"_blank\" href=\"https:\/\/twitter.com\/AssembleeNat\/status\/1843937669539336567?ref_src=twsrc%5Etfw\">October 9, 2024<\/a> <\/p>\n<\/blockquote>\n<\/div>\n<\/div>\n<\/div>\n<\/div>\n<h2>\u00ab&nbsp;Pressions et combines d\u2019appareil&nbsp;\u00bb<\/h2>\n<p>Une tension a \u00e9clat\u00e9 ces derniers jours entre le groupe de l\u2019ex-majorit\u00e9, pr\u00e9sid\u00e9 par Gabriel Attal, et&nbsp;la Droite r\u00e9publicaine, dirig\u00e9e par Laurent Wauquiez, qui exigeait une pr\u00e9sidence&nbsp;de commission, laissant planer&nbsp;la menace de pr\u00e9senter trois candidats face \u00e0 ceux de la macronie. Finalement, les candidats se sont retir\u00e9s&nbsp;et la droite a apport\u00e9 son soutien \u00e0 Fr\u00e9d\u00e9ric Valletoux&nbsp;pour la commission des Affaires sociales, ainsi qu\u2019\u00e0 Bruno Fuchs pour&nbsp;la commission des Affaires \u00e9trang\u00e8res.<\/p>\n<p>En revanche, la situation s\u2019est compliqu\u00e9e pour la commission des Affaires \u00e9conomiques. Si le d\u00e9put\u00e9 Julien Dive (LR) a bien retir\u00e9 sa candidature au troisi\u00e8me tour, les d\u00e9put\u00e9s de droite n\u2019ont pas pour autant apport\u00e9 leur soutien \u00e0 St\u00e9phane Travert. Selon l\u2019AFP, les d\u00e9put\u00e9s de son camp se sont abstenus, tandis que l\u2019un a vot\u00e9 pour l\u2019Insoumise Aur\u00e9lie Trouv\u00e9. \u00ab&nbsp;Les LR voulaient la pr\u00e9sidence de la commission. Les macronistes ont refus\u00e9 et pr\u00e9sent\u00e9 leur candidat. Au 3<sup>e<\/sup> tour, ils se sont retir\u00e9s et abstenus. On est num\u00e9riquement plus nombreux [\u00e0 gauche], on a donc gagn\u00e9&nbsp;\u00bb, a comment\u00e9 une source du Parti socialiste \u00e0 France Info.<\/p>\n<p><span class=\"Capsule free\"><span class=\"Phylactery\">\u00c0 LIRE AUSSI<\/span> <strong class=\"strong\">Pr\u00e9sidence, commissions\u2026 Qui a obtenu quoi \u00e0 l\u2019Assembl\u00e9e nationale&nbsp;?<\/strong><\/span> D\u2019apr\u00e8s <em><em>Lib\u00e9ration<\/em><\/em>, le&nbsp;patron du groupe Ensemble pour la R\u00e9publique (EPR), Gabriel Attal, a d\u00e9plor\u00e9 dans un message interne le chantage de la Droite r\u00e9publicaine. \u00ab&nbsp;Aujourd\u2019hui, le groupe de Laurent Wauquiez a fait le choix de favoriser l\u2019\u00e9lection de l\u2019Insoumise Aur\u00e9lie Trouv\u00e9 au d\u00e9triment de notre coll\u00e8gue St\u00e9phane Travert&nbsp;\u00bb, a-t-il d\u00e9clar\u00e9, se disant \u00ab&nbsp;r\u00e9volt\u00e9 et profond\u00e9ment d\u00e9sol\u00e9&nbsp;\u00bb pour son coll\u00e8gue battu. Et d\u2019affirmer&nbsp;: \u00ab&nbsp;Nous avons refus\u00e9 d\u2019entrer dans les pressions et combines d\u2019appareil.&nbsp;\u00bb \u00ab&nbsp;Le socle commun, c\u2019est le soutien au gouvernement. Pour le reste, il n\u2019y a de socle que lorsqu\u2019il y a une entente. EPR n\u2019a pas voulu s\u2019entendre, voil\u00e0 la cons\u00e9quence&nbsp;\u00bb, a de son c\u00f4t\u00e9 affirm\u00e9 l\u2019entourage de Laurent Wauquiez&nbsp;aupr\u00e8s de France Info.<\/p>\n<\/section>\n<\/section>\n<\/div>\n<p> <img decoding=\"async\" src=\"https:\/\/www.cc3rivieres76.com\/blog\/wp-content\/uploads\/2024\/10\/actualites-nationales-lfi-decroche-la-presidence-de-la-commission-des-affaires-economiques-france.jpg\" alt=\"LFI d\u00e9croche la pr\u00e9sidence de la commission des Affaires \u00e9conomiques\"><\/p>\n<p>#LFI #d\u00e9croche #pr\u00e9sidence #commission #des #Affaires #\u00e9conomiques<\/p>\n<p>Reprise de l\u2019information dans un style journalistique professionnel descriptif en organisant les id\u00e9es dans un ordre coh\u00e9rent avec titres html <\/p>\n<p>Bibliographie :<\/p>\n<p>Dictionnaire de la France sous l\u2019Occupation.,<a href=\"https:\/\/www.kobo.com\/fr\/fr\/ebook\/dictionnaire-de-la-france-sous-l-occupation\" target=\"_blank\" rel=\"noopener noreferrer nofollow\">Clicker sur ce lien <\/a><span><\/span>.<\/p>\n<p>Photographie\/Personnalit\u00e9s\/A\/Pierre-Jean Amar.,<a href=\"https:\/\/fr.wikibooks.org\/wiki\/Photographie\/Personnalit%C3%A9s\/A\/Pierre-Jean_Amar\" target=\"_blank\" rel=\"noopener noreferrer nofollow\">Pr\u00e9sentation de l\u2019ouvrage<\/a><span><\/span>. Disponible chez votre libraire.<\/p>\n<p>Phytosociologie\/Classes CATMINAT de v\u00e9g\u00e9tation en France.,<a href=\"https:\/\/fr.wikibooks.org\/wiki\/Phytosociologie\/Classes_CATMINAT_de_v%C3%A9g%C3%A9tation_en_France\" target=\"_blank\" rel=\"noopener noreferrer nofollow\">Infos sur ce livre<\/a><span><\/span>. Disponible \u00e0 la FNAC.<\/p>\n<p> Cet article, qui traite du th\u00e8me \u00ab\u00a0Les 3 rivi\u00e8res dans la Somme\u00a0\u00bb, vous est sp\u00e9cialement sugg\u00e9r\u00e9 par cc3rivieres76.com. La chronique est reproduite du mieux possible. Dans le cas o\u00f9 vous souhaitez apporter quelques pr\u00e9cisions concernant le domaine de \u00ab\u00a0Les 3 rivi\u00e8res dans la Somme\u00a0\u00bb vous pouvez solliciter notre r\u00e9daction. La destination de cc3rivieres76.com est de d\u00e9battre de Les 3 rivi\u00e8res dans la Somme dans la transparence en vous apportant la connaissance de tout ce qui est en lien avec ce sujet sur la toile Connectez-vous sur notre site cc3rivieres76.com et nos r\u00e9seaux sociaux dans le but d\u2019\u00eatre inform\u00e9 des futures publications.<\/p>\n","protected":false},"excerpt":{"rendered":"<p>A nouveau, ce site va porter \u00e0 votre connaissance un \u00e9ditorial qui circule sur le web. Le th\u00e8me est \u00abActualit\u00e9 fran\u00e7aise\u00bb. L\u2019article ci-dessous a \u00e9t\u00e9 diffus\u00e9 par Le Point \u2013 Politique Signature . Date et heure de la r\u00e9ception de la d\u00e9p\u00e9che sur notre fil d\u2019info: Date et heure de publication sur internet: Titre exacte &hellip; <\/p>\n<p class=\"link-more\"><a href=\"https:\/\/www.cc3rivieres76.com\/blog\/actualites-nationales-lfi-decroche-la-presidence-de-la-commission-des-affaires-economiques-france\/\" class=\"more-link\">Continuer la lecture <span class=\"screen-reader-text\"> \u00ab\u00a0Actualit\u00e9s nationales: LFI d\u00e9croche la pr\u00e9sidence de la commission des Affaires \u00e9conomiques #France\u00a0\u00bb<\/span><\/a><\/p>\n","protected":false},"author":3,"featured_media":423,"comment_status":"closed","ping_status":"closed","sticky":false,"template":"","format":"standard","meta":{"footnotes":""},"categories":[2],"tags":[],"class_list":["post-422","post","type-post","status-publish","format-standard","has-post-thumbnail","hentry","category-les-3-rivieres-dans-la-somme","entry"],"yoast_head":"<!-- This site is optimized with the Yoast SEO plugin v27.5 - https:\/\/yoast.com\/product\/yoast-seo-wordpress\/ -->\n<title>Actualit\u00e9s nationales: LFI d\u00e9croche la pr\u00e9sidence de la commission des Affaires \u00e9conomiques #France - CC3RIVIERES76<\/title>\n<meta name=\"robots\" content=\"index, follow, max-snippet:-1, max-image-preview:large, max-video-preview:-1\" \/>\n<link rel=\"canonical\" href=\"https:\/\/www.cc3rivieres76.com\/blog\/actualites-nationales-lfi-decroche-la-presidence-de-la-commission-des-affaires-economiques-france\/\" \/>\n<meta property=\"og:locale\" content=\"fr_FR\" \/>\n<meta property=\"og:type\" content=\"article\" \/>\n<meta property=\"og:title\" content=\"Actualit\u00e9s nationales: LFI d\u00e9croche la pr\u00e9sidence de la commission des Affaires \u00e9conomiques #France - CC3RIVIERES76\" \/>\n<meta property=\"og:description\" content=\"A nouveau, ce site va porter \u00e0 votre connaissance un \u00e9ditorial qui circule sur le web. Le th\u00e8me est \u00abActualit\u00e9 fran\u00e7aise\u00bb. L\u2019article ci-dessous a \u00e9t\u00e9 diffus\u00e9 par Le Point \u2013 Politique Signature . Date et heure de la r\u00e9ception de la d\u00e9p\u00e9che sur notre fil d\u2019info: Date et heure de publication sur internet: Titre exacte &hellip; Continuer la lecture \u00ab\u00a0Actualit\u00e9s nationales: LFI d\u00e9croche la pr\u00e9sidence de la commission des Affaires \u00e9conomiques #France\u00a0\u00bb\" \/>\n<meta property=\"og:url\" content=\"https:\/\/www.cc3rivieres76.com\/blog\/actualites-nationales-lfi-decroche-la-presidence-de-la-commission-des-affaires-economiques-france\/\" \/>\n<meta property=\"og:site_name\" content=\"CC3RIVIERES76\" \/>\n<meta property=\"article:published_time\" content=\"2024-10-09T13:07:00+00:00\" \/>\n<meta property=\"og:image\" content=\"https:\/\/www.cc3rivieres76.com\/blog\/wp-content\/uploads\/2024\/10\/actualites-nationales-lfi-decroche-la-presidence-de-la-commission-des-affaires-economiques-france.jpg\" \/>\n<meta name=\"author\" content=\"Sylvie DE LAUZAINGHEIN\" \/>\n<meta name=\"twitter:card\" content=\"summary_large_image\" \/>\n<meta name=\"twitter:label1\" content=\"\u00c9crit par\" \/>\n\t<meta name=\"twitter:data1\" content=\"Sylvie DE LAUZAINGHEIN\" \/>\n\t<meta name=\"twitter:label2\" content=\"Dur\u00e9e de lecture estim\u00e9e\" \/>\n\t<meta name=\"twitter:data2\" content=\"5 minutes\" \/>\n<script type=\"application\/ld+json\" class=\"yoast-schema-graph\">{\"@context\":\"https:\\\/\\\/schema.org\",\"@graph\":[{\"@type\":\"Article\",\"@id\":\"https:\\\/\\\/www.cc3rivieres76.com\\\/blog\\\/actualites-nationales-lfi-decroche-la-presidence-de-la-commission-des-affaires-economiques-france\\\/#article\",\"isPartOf\":{\"@id\":\"https:\\\/\\\/www.cc3rivieres76.com\\\/blog\\\/actualites-nationales-lfi-decroche-la-presidence-de-la-commission-des-affaires-economiques-france\\\/\"},\"author\":{\"name\":\"Sylvie DE LAUZAINGHEIN\",\"@id\":\"https:\\\/\\\/www.cc3rivieres76.com\\\/blog\\\/#\\\/schema\\\/person\\\/474d457fb7747b5218f39792dfaa5a1c\"},\"headline\":\"Actualit\u00e9s nationales: LFI d\u00e9croche la pr\u00e9sidence de la commission des Affaires \u00e9conomiques #France\",\"datePublished\":\"2024-10-09T13:07:00+00:00\",\"mainEntityOfPage\":{\"@id\":\"https:\\\/\\\/www.cc3rivieres76.com\\\/blog\\\/actualites-nationales-lfi-decroche-la-presidence-de-la-commission-des-affaires-economiques-france\\\/\"},\"wordCount\":1016,\"publisher\":{\"@id\":\"https:\\\/\\\/www.cc3rivieres76.com\\\/blog\\\/#organization\"},\"image\":{\"@id\":\"https:\\\/\\\/www.cc3rivieres76.com\\\/blog\\\/actualites-nationales-lfi-decroche-la-presidence-de-la-commission-des-affaires-economiques-france\\\/#primaryimage\"},\"thumbnailUrl\":\"https:\\\/\\\/www.cc3rivieres76.com\\\/blog\\\/wp-content\\\/uploads\\\/2024\\\/10\\\/actualites-nationales-lfi-decroche-la-presidence-de-la-commission-des-affaires-economiques-france.jpg\",\"articleSection\":[\"Les 3 Rivi\u00e8res Dans La Somme:\"],\"inLanguage\":\"fr-FR\"},{\"@type\":\"WebPage\",\"@id\":\"https:\\\/\\\/www.cc3rivieres76.com\\\/blog\\\/actualites-nationales-lfi-decroche-la-presidence-de-la-commission-des-affaires-economiques-france\\\/\",\"url\":\"https:\\\/\\\/www.cc3rivieres76.com\\\/blog\\\/actualites-nationales-lfi-decroche-la-presidence-de-la-commission-des-affaires-economiques-france\\\/\",\"name\":\"Actualit\u00e9s nationales: LFI d\u00e9croche la pr\u00e9sidence de la commission des Affaires \u00e9conomiques #France - CC3RIVIERES76\",\"isPartOf\":{\"@id\":\"https:\\\/\\\/www.cc3rivieres76.com\\\/blog\\\/#website\"},\"primaryImageOfPage\":{\"@id\":\"https:\\\/\\\/www.cc3rivieres76.com\\\/blog\\\/actualites-nationales-lfi-decroche-la-presidence-de-la-commission-des-affaires-economiques-france\\\/#primaryimage\"},\"image\":{\"@id\":\"https:\\\/\\\/www.cc3rivieres76.com\\\/blog\\\/actualites-nationales-lfi-decroche-la-presidence-de-la-commission-des-affaires-economiques-france\\\/#primaryimage\"},\"thumbnailUrl\":\"https:\\\/\\\/www.cc3rivieres76.com\\\/blog\\\/wp-content\\\/uploads\\\/2024\\\/10\\\/actualites-nationales-lfi-decroche-la-presidence-de-la-commission-des-affaires-economiques-france.jpg\",\"datePublished\":\"2024-10-09T13:07:00+00:00\",\"breadcrumb\":{\"@id\":\"https:\\\/\\\/www.cc3rivieres76.com\\\/blog\\\/actualites-nationales-lfi-decroche-la-presidence-de-la-commission-des-affaires-economiques-france\\\/#breadcrumb\"},\"inLanguage\":\"fr-FR\",\"potentialAction\":[{\"@type\":\"ReadAction\",\"target\":[\"https:\\\/\\\/www.cc3rivieres76.com\\\/blog\\\/actualites-nationales-lfi-decroche-la-presidence-de-la-commission-des-affaires-economiques-france\\\/\"]}]},{\"@type\":\"ImageObject\",\"inLanguage\":\"fr-FR\",\"@id\":\"https:\\\/\\\/www.cc3rivieres76.com\\\/blog\\\/actualites-nationales-lfi-decroche-la-presidence-de-la-commission-des-affaires-economiques-france\\\/#primaryimage\",\"url\":\"https:\\\/\\\/www.cc3rivieres76.com\\\/blog\\\/wp-content\\\/uploads\\\/2024\\\/10\\\/actualites-nationales-lfi-decroche-la-presidence-de-la-commission-des-affaires-economiques-france.jpg\",\"contentUrl\":\"https:\\\/\\\/www.cc3rivieres76.com\\\/blog\\\/wp-content\\\/uploads\\\/2024\\\/10\\\/actualites-nationales-lfi-decroche-la-presidence-de-la-commission-des-affaires-economiques-france.jpg\",\"width\":1440,\"height\":960,\"caption\":\"Actualit\u00e9s nationales: LFI d\u00e9croche la pr\u00e9sidence de la commission des Affaires \u00e9conomiques #France\"},{\"@type\":\"BreadcrumbList\",\"@id\":\"https:\\\/\\\/www.cc3rivieres76.com\\\/blog\\\/actualites-nationales-lfi-decroche-la-presidence-de-la-commission-des-affaires-economiques-france\\\/#breadcrumb\",\"itemListElement\":[{\"@type\":\"ListItem\",\"position\":1,\"name\":\"Accueil\",\"item\":\"https:\\\/\\\/www.cc3rivieres76.com\\\/blog\\\/\"},{\"@type\":\"ListItem\",\"position\":2,\"name\":\"Actualit\u00e9s nationales: LFI d\u00e9croche la pr\u00e9sidence de la commission des Affaires \u00e9conomiques #France\"}]},{\"@type\":\"WebSite\",\"@id\":\"https:\\\/\\\/www.cc3rivieres76.com\\\/blog\\\/#website\",\"url\":\"https:\\\/\\\/www.cc3rivieres76.com\\\/blog\\\/\",\"name\":\"CC3RIVIERES76\",\"description\":\"Les 3 rivi\u00e8res dans la Somme.\",\"publisher\":{\"@id\":\"https:\\\/\\\/www.cc3rivieres76.com\\\/blog\\\/#organization\"},\"potentialAction\":[{\"@type\":\"SearchAction\",\"target\":{\"@type\":\"EntryPoint\",\"urlTemplate\":\"https:\\\/\\\/www.cc3rivieres76.com\\\/blog\\\/?s={search_term_string}\"},\"query-input\":{\"@type\":\"PropertyValueSpecification\",\"valueRequired\":true,\"valueName\":\"search_term_string\"}}],\"inLanguage\":\"fr-FR\"},{\"@type\":\"Organization\",\"@id\":\"https:\\\/\\\/www.cc3rivieres76.com\\\/blog\\\/#organization\",\"name\":\"cc3rivieres76\",\"url\":\"https:\\\/\\\/www.cc3rivieres76.com\\\/blog\\\/\",\"logo\":{\"@type\":\"ImageObject\",\"inLanguage\":\"fr-FR\",\"@id\":\"https:\\\/\\\/www.cc3rivieres76.com\\\/blog\\\/#\\\/schema\\\/logo\\\/image\\\/\",\"url\":\"https:\\\/\\\/www.cc3rivieres76.com\\\/blog\\\/wp-content\\\/uploads\\\/2023\\\/06\\\/logo-2.png\",\"contentUrl\":\"https:\\\/\\\/www.cc3rivieres76.com\\\/blog\\\/wp-content\\\/uploads\\\/2023\\\/06\\\/logo-2.png\",\"width\":390,\"height\":388,\"caption\":\"cc3rivieres76\"},\"image\":{\"@id\":\"https:\\\/\\\/www.cc3rivieres76.com\\\/blog\\\/#\\\/schema\\\/logo\\\/image\\\/\"}},{\"@type\":\"Person\",\"@id\":\"https:\\\/\\\/www.cc3rivieres76.com\\\/blog\\\/#\\\/schema\\\/person\\\/474d457fb7747b5218f39792dfaa5a1c\",\"name\":\"Sylvie DE LAUZAINGHEIN\",\"image\":{\"@type\":\"ImageObject\",\"inLanguage\":\"fr-FR\",\"@id\":\"https:\\\/\\\/secure.gravatar.com\\\/avatar\\\/9c6a53b19e0a3431aa80de0895b9729fe665cd7e7d6cc94fc11abb152f4237d7?s=96&d=mm&r=g\",\"url\":\"https:\\\/\\\/secure.gravatar.com\\\/avatar\\\/9c6a53b19e0a3431aa80de0895b9729fe665cd7e7d6cc94fc11abb152f4237d7?s=96&d=mm&r=g\",\"contentUrl\":\"https:\\\/\\\/secure.gravatar.com\\\/avatar\\\/9c6a53b19e0a3431aa80de0895b9729fe665cd7e7d6cc94fc11abb152f4237d7?s=96&d=mm&r=g\",\"caption\":\"Sylvie DE LAUZAINGHEIN\"},\"url\":\"https:\\\/\\\/www.cc3rivieres76.com\\\/blog\\\/author\\\/s76sylvie\\\/\"}]}<\/script>\n<!-- \/ Yoast SEO plugin. -->","yoast_head_json":{"title":"Actualit\u00e9s nationales: LFI d\u00e9croche la pr\u00e9sidence de la commission des Affaires \u00e9conomiques #France - CC3RIVIERES76","robots":{"index":"index","follow":"follow","max-snippet":"max-snippet:-1","max-image-preview":"max-image-preview:large","max-video-preview":"max-video-preview:-1"},"canonical":"https:\/\/www.cc3rivieres76.com\/blog\/actualites-nationales-lfi-decroche-la-presidence-de-la-commission-des-affaires-economiques-france\/","og_locale":"fr_FR","og_type":"article","og_title":"Actualit\u00e9s nationales: LFI d\u00e9croche la pr\u00e9sidence de la commission des Affaires \u00e9conomiques #France - CC3RIVIERES76","og_description":"A nouveau, ce site va porter \u00e0 votre connaissance un \u00e9ditorial qui circule sur le web. Le th\u00e8me est \u00abActualit\u00e9 fran\u00e7aise\u00bb. L\u2019article ci-dessous a \u00e9t\u00e9 diffus\u00e9 par Le Point \u2013 Politique Signature . Date et heure de la r\u00e9ception de la d\u00e9p\u00e9che sur notre fil d\u2019info: Date et heure de publication sur internet: Titre exacte &hellip; Continuer la lecture \u00ab\u00a0Actualit\u00e9s nationales: LFI d\u00e9croche la pr\u00e9sidence de la commission des Affaires \u00e9conomiques #France\u00a0\u00bb","og_url":"https:\/\/www.cc3rivieres76.com\/blog\/actualites-nationales-lfi-decroche-la-presidence-de-la-commission-des-affaires-economiques-france\/","og_site_name":"CC3RIVIERES76","article_published_time":"2024-10-09T13:07:00+00:00","og_image":[{"url":"https:\/\/www.cc3rivieres76.com\/blog\/wp-content\/uploads\/2024\/10\/actualites-nationales-lfi-decroche-la-presidence-de-la-commission-des-affaires-economiques-france.jpg","type":"","width":"","height":""}],"author":"Sylvie DE LAUZAINGHEIN","twitter_card":"summary_large_image","twitter_misc":{"\u00c9crit par":"Sylvie DE LAUZAINGHEIN","Dur\u00e9e de lecture estim\u00e9e":"5 minutes"},"schema":{"@context":"https:\/\/schema.org","@graph":[{"@type":"Article","@id":"https:\/\/www.cc3rivieres76.com\/blog\/actualites-nationales-lfi-decroche-la-presidence-de-la-commission-des-affaires-economiques-france\/#article","isPartOf":{"@id":"https:\/\/www.cc3rivieres76.com\/blog\/actualites-nationales-lfi-decroche-la-presidence-de-la-commission-des-affaires-economiques-france\/"},"author":{"name":"Sylvie DE LAUZAINGHEIN","@id":"https:\/\/www.cc3rivieres76.com\/blog\/#\/schema\/person\/474d457fb7747b5218f39792dfaa5a1c"},"headline":"Actualit\u00e9s nationales: LFI d\u00e9croche la pr\u00e9sidence de la commission des Affaires \u00e9conomiques #France","datePublished":"2024-10-09T13:07:00+00:00","mainEntityOfPage":{"@id":"https:\/\/www.cc3rivieres76.com\/blog\/actualites-nationales-lfi-decroche-la-presidence-de-la-commission-des-affaires-economiques-france\/"},"wordCount":1016,"publisher":{"@id":"https:\/\/www.cc3rivieres76.com\/blog\/#organization"},"image":{"@id":"https:\/\/www.cc3rivieres76.com\/blog\/actualites-nationales-lfi-decroche-la-presidence-de-la-commission-des-affaires-economiques-france\/#primaryimage"},"thumbnailUrl":"https:\/\/www.cc3rivieres76.com\/blog\/wp-content\/uploads\/2024\/10\/actualites-nationales-lfi-decroche-la-presidence-de-la-commission-des-affaires-economiques-france.jpg","articleSection":["Les 3 Rivi\u00e8res Dans La Somme:"],"inLanguage":"fr-FR"},{"@type":"WebPage","@id":"https:\/\/www.cc3rivieres76.com\/blog\/actualites-nationales-lfi-decroche-la-presidence-de-la-commission-des-affaires-economiques-france\/","url":"https:\/\/www.cc3rivieres76.com\/blog\/actualites-nationales-lfi-decroche-la-presidence-de-la-commission-des-affaires-economiques-france\/","name":"Actualit\u00e9s nationales: LFI d\u00e9croche la pr\u00e9sidence de la commission des Affaires \u00e9conomiques #France - CC3RIVIERES76","isPartOf":{"@id":"https:\/\/www.cc3rivieres76.com\/blog\/#website"},"primaryImageOfPage":{"@id":"https:\/\/www.cc3rivieres76.com\/blog\/actualites-nationales-lfi-decroche-la-presidence-de-la-commission-des-affaires-economiques-france\/#primaryimage"},"image":{"@id":"https:\/\/www.cc3rivieres76.com\/blog\/actualites-nationales-lfi-decroche-la-presidence-de-la-commission-des-affaires-economiques-france\/#primaryimage"},"thumbnailUrl":"https:\/\/www.cc3rivieres76.com\/blog\/wp-content\/uploads\/2024\/10\/actualites-nationales-lfi-decroche-la-presidence-de-la-commission-des-affaires-economiques-france.jpg","datePublished":"2024-10-09T13:07:00+00:00","breadcrumb":{"@id":"https:\/\/www.cc3rivieres76.com\/blog\/actualites-nationales-lfi-decroche-la-presidence-de-la-commission-des-affaires-economiques-france\/#breadcrumb"},"inLanguage":"fr-FR","potentialAction":[{"@type":"ReadAction","target":["https:\/\/www.cc3rivieres76.com\/blog\/actualites-nationales-lfi-decroche-la-presidence-de-la-commission-des-affaires-economiques-france\/"]}]},{"@type":"ImageObject","inLanguage":"fr-FR","@id":"https:\/\/www.cc3rivieres76.com\/blog\/actualites-nationales-lfi-decroche-la-presidence-de-la-commission-des-affaires-economiques-france\/#primaryimage","url":"https:\/\/www.cc3rivieres76.com\/blog\/wp-content\/uploads\/2024\/10\/actualites-nationales-lfi-decroche-la-presidence-de-la-commission-des-affaires-economiques-france.jpg","contentUrl":"https:\/\/www.cc3rivieres76.com\/blog\/wp-content\/uploads\/2024\/10\/actualites-nationales-lfi-decroche-la-presidence-de-la-commission-des-affaires-economiques-france.jpg","width":1440,"height":960,"caption":"Actualit\u00e9s nationales: LFI d\u00e9croche la pr\u00e9sidence de la commission des Affaires \u00e9conomiques #France"},{"@type":"BreadcrumbList","@id":"https:\/\/www.cc3rivieres76.com\/blog\/actualites-nationales-lfi-decroche-la-presidence-de-la-commission-des-affaires-economiques-france\/#breadcrumb","itemListElement":[{"@type":"ListItem","position":1,"name":"Accueil","item":"https:\/\/www.cc3rivieres76.com\/blog\/"},{"@type":"ListItem","position":2,"name":"Actualit\u00e9s nationales: LFI d\u00e9croche la pr\u00e9sidence de la commission des Affaires \u00e9conomiques #France"}]},{"@type":"WebSite","@id":"https:\/\/www.cc3rivieres76.com\/blog\/#website","url":"https:\/\/www.cc3rivieres76.com\/blog\/","name":"CC3RIVIERES76","description":"Les 3 rivi\u00e8res dans la Somme.","publisher":{"@id":"https:\/\/www.cc3rivieres76.com\/blog\/#organization"},"potentialAction":[{"@type":"SearchAction","target":{"@type":"EntryPoint","urlTemplate":"https:\/\/www.cc3rivieres76.com\/blog\/?s={search_term_string}"},"query-input":{"@type":"PropertyValueSpecification","valueRequired":true,"valueName":"search_term_string"}}],"inLanguage":"fr-FR"},{"@type":"Organization","@id":"https:\/\/www.cc3rivieres76.com\/blog\/#organization","name":"cc3rivieres76","url":"https:\/\/www.cc3rivieres76.com\/blog\/","logo":{"@type":"ImageObject","inLanguage":"fr-FR","@id":"https:\/\/www.cc3rivieres76.com\/blog\/#\/schema\/logo\/image\/","url":"https:\/\/www.cc3rivieres76.com\/blog\/wp-content\/uploads\/2023\/06\/logo-2.png","contentUrl":"https:\/\/www.cc3rivieres76.com\/blog\/wp-content\/uploads\/2023\/06\/logo-2.png","width":390,"height":388,"caption":"cc3rivieres76"},"image":{"@id":"https:\/\/www.cc3rivieres76.com\/blog\/#\/schema\/logo\/image\/"}},{"@type":"Person","@id":"https:\/\/www.cc3rivieres76.com\/blog\/#\/schema\/person\/474d457fb7747b5218f39792dfaa5a1c","name":"Sylvie DE LAUZAINGHEIN","image":{"@type":"ImageObject","inLanguage":"fr-FR","@id":"https:\/\/secure.gravatar.com\/avatar\/9c6a53b19e0a3431aa80de0895b9729fe665cd7e7d6cc94fc11abb152f4237d7?s=96&d=mm&r=g","url":"https:\/\/secure.gravatar.com\/avatar\/9c6a53b19e0a3431aa80de0895b9729fe665cd7e7d6cc94fc11abb152f4237d7?s=96&d=mm&r=g","contentUrl":"https:\/\/secure.gravatar.com\/avatar\/9c6a53b19e0a3431aa80de0895b9729fe665cd7e7d6cc94fc11abb152f4237d7?s=96&d=mm&r=g","caption":"Sylvie DE LAUZAINGHEIN"},"url":"https:\/\/www.cc3rivieres76.com\/blog\/author\/s76sylvie\/"}]}},"_links":{"self":[{"href":"https:\/\/www.cc3rivieres76.com\/blog\/wp-json\/wp\/v2\/posts\/422","targetHints":{"allow":["GET"]}}],"collection":[{"href":"https:\/\/www.cc3rivieres76.com\/blog\/wp-json\/wp\/v2\/posts"}],"about":[{"href":"https:\/\/www.cc3rivieres76.com\/blog\/wp-json\/wp\/v2\/types\/post"}],"author":[{"embeddable":true,"href":"https:\/\/www.cc3rivieres76.com\/blog\/wp-json\/wp\/v2\/users\/3"}],"replies":[{"embeddable":true,"href":"https:\/\/www.cc3rivieres76.com\/blog\/wp-json\/wp\/v2\/comments?post=422"}],"version-history":[{"count":0,"href":"https:\/\/www.cc3rivieres76.com\/blog\/wp-json\/wp\/v2\/posts\/422\/revisions"}],"wp:featuredmedia":[{"embeddable":true,"href":"https:\/\/www.cc3rivieres76.com\/blog\/wp-json\/wp\/v2\/media\/423"}],"wp:attachment":[{"href":"https:\/\/www.cc3rivieres76.com\/blog\/wp-json\/wp\/v2\/media?parent=422"}],"wp:term":[{"taxonomy":"category","embeddable":true,"href":"https:\/\/www.cc3rivieres76.com\/blog\/wp-json\/wp\/v2\/categories?post=422"},{"taxonomy":"post_tag","embeddable":true,"href":"https:\/\/www.cc3rivieres76.com\/blog\/wp-json\/wp\/v2\/tags?post=422"}],"curies":[{"name":"wp","href":"https:\/\/api.w.org\/{rel}","templated":true}]}}