{"id":428,"date":"2024-10-15T09:49:08","date_gmt":"2024-10-15T07:49:08","guid":{"rendered":"https:\/\/www.site.cdcl.xyz\/2024\/10\/15\/actualites-france-mais-qui-arretera-benjamin-netanyahu\/"},"modified":"2024-10-15T09:49:08","modified_gmt":"2024-10-15T07:49:08","slug":"actualites-france-mais-qui-arretera-benjamin-netanyahu","status":"publish","type":"post","link":"https:\/\/www.cc3rivieres76.com\/blog\/actualites-france-mais-qui-arretera-benjamin-netanyahu\/","title":{"rendered":"Actualit\u00e9s france: Mais qui arr\u00eatera Benjamin Netanyahu ?"},"content":{"rendered":"\n<div>\n<p><strong>Le Premier ministre isra\u00e9lien a d\u00e9clar\u00e9 lundi qu&rsquo;Isra\u00ebl continuerait \u00ab \u00e0 frapper sans piti\u00e9 le Hezbollah dans toutes les r\u00e9gions du Liban, y compris Beyrouth \u00bb. Combien de temps encore ce dangereux psychopathe sanguinaire continuera-t-il \u00e0 massacrer des civils ?<\/strong><\/p>\n<p>Rien ni personne ne semble pouvoir arr\u00eater Netanyahu dans sa folie meurtri\u00e8re. Lundi 14 octobre, un nouveau bilan du minist\u00e8re libanais de la Sant\u00e9 fait \u00e9tat de vingt et un morts et huit autres bless\u00e9s, suite \u00e0 l&rsquo;attaque isra\u00e9lienne contre A\u00eftou, un village du nord du Liban. Depuis le 27 septembre, le sud du Liban est bombard\u00e9 sans rel\u00e2che, visant principalement des cibles civiles, des \u00e9coles et des h\u00f4pitaux, o\u00f9 se cachent, selon Isra\u00ebl, des combattants du Hezbollah, la milice proche de T\u00e9h\u00e9ran. Et ce n&rsquo;est pas tout, si l&rsquo;on en croit Benjamin Netanyahu lui-m\u00eame, qui a annonc\u00e9 son intention de \u00ab frapper le Hezbollah sans piti\u00e9, y compris \u00e0 Beyrouth \u00bb.<\/p>\n<h2>Plus de 42 000 morts<\/h2>\n<p>Malgr\u00e9 l&rsquo;ouverture de ce deuxi\u00e8me front, les frappes isra\u00e9liennes se sont poursuivies sur Gaza. Un bombardement a vis\u00e9 la cour de l&rsquo;h\u00f4pital des martyrs d&rsquo;Al-Aqsa \u00e0 Deir Al-Balah, o\u00f9 vivaient des personnes d\u00e9plac\u00e9es, tuant au moins quatre personnes. Un autre bombardement a touch\u00e9 un centre de distribution d&rsquo;aide humanitaire dans le camp de r\u00e9fugi\u00e9s de Jabaliya, dans le nord du pays, tuant au moins dix personnes, selon des sources m\u00e9dicales palestiniennes. Lundi, le minist\u00e8re de la Sant\u00e9 du gouvernement Hamas a annonc\u00e9 un nouveau bilan de 42 289 morts dans le territoire palestinien depuis octobre 2023.<\/p>\n<h2>La communaut\u00e9 internationale stup\u00e9faite<\/h2>\n<p>Jusqu&rsquo;\u00e0 quand ? Combien de temps encore ce d\u00e9luge de tirs et de crimes de guerre va-t-il durer ? La communaut\u00e9 internationale, stup\u00e9faite par cette barbarie, ferme les yeux et n\u2019ose pas condamner Isra\u00ebl et son Premier ministre, qui a longtemps bafou\u00e9 le droit international. Il ose m\u00eame tirer sur les soldats de la paix de l&rsquo;ONU, dont cinq ont \u00e9t\u00e9 bless\u00e9s, et appelle \u00e0 leur retrait du Liban. Le secr\u00e9taire g\u00e9n\u00e9ral de l\u2019ONU, Ant\u00f3nio Guterres, r\u00e9pond \u00e0 cette demande du bout des l\u00e8vres. Il est vrai que Guterres est persona non grata en Isra\u00ebl pour ne pas avoir condamn\u00e9 l\u2019attaque iranienne du 1\u1d49\u02b3 octobre.<br \/>Les \u00c9tats-Unis, principal alli\u00e9 de Tel-Aviv, continuent de soutenir Benjamin Netanyahu malgr\u00e9 de vives protestations de l&rsquo;opinion publique, notamment dans les universit\u00e9s am\u00e9ricaines. Mais l\u2019approche des \u00e9lections emp\u00eache Joe Biden de prendre des positions radicales. N\u00e9anmoins, les \u00c9tats-Unis exhortent d\u00e9sormais leurs citoyens \u00e0 quitter le Liban, craignant une conflagration g\u00e9n\u00e9rale dans la r\u00e9gion.<\/p>\n<h2>Des Europ\u00e9ens divis\u00e9s et impuissants<\/h2>\n<figure id=\"attachment_11540\" aria-describedby=\"caption-attachment-11540\" class=\"wp-caption alignright\"><img decoding=\"async\" class=\"wp-image-11540 size-full\" src=\"https:\/\/www.cc3rivieres76.com\/blog\/wp-content\/uploads\/2024\/10\/actualites-france-mais-qui-arretera-benjamin-netanyahu.jpg\" alt=\"Emmanuel Macron a rencontr\u00e9 Benjamin Netanyahu (Flickr)\" width=\"1200\" height=\"800\"><figcaption id=\"caption-attachment-11540\" class=\"wp-caption-text\">Emmanuel Macron a rencontr\u00e9 Benjamin Netanyahu (Flickr)<\/figcaption><\/figure>\n<p>Le chef de la diplomatie europ\u00e9enne, Josep Borrell, a condamn\u00e9 les attaques \u00ab inacceptables \u00bb d&rsquo;Isra\u00ebl contre la FINUL au Liban. Il a annonc\u00e9 que les 27 \u00c9tats membres \u00e9taient convenus d&rsquo;adopter une d\u00e9claration commune condamnant les attaques et appelant \u00e0 leur cessation imm\u00e9diate. De beaux mots, mais totalement insignifiants.<br \/>Emmanuel Macron a lanc\u00e9 l&rsquo;id\u00e9e de ne plus envoyer d&rsquo;armes en Isra\u00ebl. Un v\u0153u pieux, rien de plus. Il a \u00e9t\u00e9 suivi par le Premier ministre espagnol Pedro S\u00e1nchez, qui a exprim\u00e9 sa ferme opposition au retrait des forces de l&rsquo;ONU du Liban. Poursuivant ses critiques \u00e0 l&rsquo;\u00e9gard d&rsquo;Isra\u00ebl, Pedro S\u00e1nchez a r\u00e9it\u00e9r\u00e9 son appel \u00e0 l&rsquo;arr\u00eat imm\u00e9diat des livraisons d&rsquo;armes \u00e0 l&rsquo;\u00c9tat h\u00e9breu, affirmant que sans armes, la guerre ne pourrait pas continuer. Il a \u00e9galement d\u00e9clar\u00e9 que la Commission europ\u00e9enne devrait reconsid\u00e9rer son accord d&rsquo;association avec Isra\u00ebl si des violations des droits de l&rsquo;homme \u00e9taient prouv\u00e9es.<br \/>Netanyahu y est unanimement oppos\u00e9, mais s\u2019en fiche. M\u00eame la Chine est \u00e9mue par les atrocit\u00e9s perp\u00e9tr\u00e9es par Tsahal et appelle Isra\u00ebl \u00e0 mettre fin aux \u00ab catastrophes humanitaires \u00bb \u00e0 Gaza. Cela veut tout dire !<br \/>Mais qui arr\u00eatera Netanyahu dans sa folie meurtri\u00e8re, qui menace d\u2019engloutir tous les pays occidentaux dans une explosion mondiale ?<\/p>\n<blockquote class=\"wp-embedded-content\" data-secret=\"kFM99zltwF\">\n<p>Le Liban sous les bombes isra\u00e9liennes<\/p>\n<\/blockquote><\/div>\n<p>A lire sur le m\u00eame th\u00e8me:<\/p>\n<p>Climat et \u00e9cocitoyens\/La Cyclofficine de Paris.,<a href=\"https:\/\/fr.wikibooks.org\/wiki\/Climat_et_%C3%A9cocitoyens\/La_Cyclofficine_de_Paris\" target=\"_blank\" rel=\"noopener noreferrer nofollow\">Fiche compl\u00e8te<\/a><span><\/span>.<\/p>\n<p>La France nucl\u00e9aire. L\u2019art de gouverner une technologie contest\u00e9e.,<a href=\"https:\/\/www.kobo.com\/fr\/fr\/ebook\/la-france-nucleaire-l-art-de-gouverner-une-technologie-contestee-2\" target=\"_blank\" rel=\"noopener noreferrer nofollow\">Fiche de l\u2019ouvrage<\/a><span><\/span>. A emprunter en biblioth\u00e8que.<\/p>\n<p>Reb\u00e2tir la France apr\u00e8s le COVID-19.,<a href=\"https:\/\/www.kobo.com\/fr\/fr\/ebook\/rebatir-la-france-apres-le-covid-19-1\" target=\"_blank\" rel=\"noopener noreferrer nofollow\">Lien sur la fiche de pr\u00e9sentation de ce livre<\/a><span><\/span>.<\/p>\n<p> Cet article, qui traite du th\u00e8me \u00ab\u00a0Les 3 rivi\u00e8res dans la Somme\u00a0\u00bb, vous est sp\u00e9cialement sugg\u00e9r\u00e9 par cc3rivieres76.com. La chronique est reproduite du mieux possible. Dans le cas o\u00f9 vous souhaitez apporter quelques pr\u00e9cisions concernant le domaine de \u00ab\u00a0Les 3 rivi\u00e8res dans la Somme\u00a0\u00bb vous pouvez solliciter notre r\u00e9daction. La destination de cc3rivieres76.com est de d\u00e9battre de Les 3 rivi\u00e8res dans la Somme dans la transparence en vous apportant la connaissance de tout ce qui est en lien avec ce sujet sur la toile Connectez-vous sur notre site cc3rivieres76.com et nos r\u00e9seaux sociaux dans le but d\u2019\u00eatre inform\u00e9 des futures publications.<\/p>\n","protected":false},"excerpt":{"rendered":"<p>Le Premier ministre isra\u00e9lien a d\u00e9clar\u00e9 lundi qu&rsquo;Isra\u00ebl continuerait \u00ab \u00e0 frapper sans piti\u00e9 le Hezbollah dans toutes les r\u00e9gions du Liban, y compris Beyrouth \u00bb. Combien de temps encore ce dangereux psychopathe sanguinaire continuera-t-il \u00e0 massacrer des civils ? Rien ni personne ne semble pouvoir arr\u00eater Netanyahu dans sa folie meurtri\u00e8re. Lundi 14 octobre, &hellip; <\/p>\n<p class=\"link-more\"><a href=\"https:\/\/www.cc3rivieres76.com\/blog\/actualites-france-mais-qui-arretera-benjamin-netanyahu\/\" class=\"more-link\">Continuer la lecture <span class=\"screen-reader-text\"> \u00ab\u00a0Actualit\u00e9s france: Mais qui arr\u00eatera Benjamin Netanyahu ?\u00a0\u00bb<\/span><\/a><\/p>\n","protected":false},"author":3,"featured_media":429,"comment_status":"closed","ping_status":"closed","sticky":false,"template":"","format":"standard","meta":{"footnotes":""},"categories":[2],"tags":[],"class_list":["post-428","post","type-post","status-publish","format-standard","has-post-thumbnail","hentry","category-les-3-rivieres-dans-la-somme","entry"],"yoast_head":"<!-- This site is optimized with the Yoast SEO plugin v27.5 - https:\/\/yoast.com\/product\/yoast-seo-wordpress\/ -->\n<title>Actualit\u00e9s france: Mais qui arr\u00eatera Benjamin Netanyahu ? - CC3RIVIERES76<\/title>\n<meta name=\"robots\" content=\"index, follow, max-snippet:-1, max-image-preview:large, max-video-preview:-1\" \/>\n<link rel=\"canonical\" href=\"https:\/\/www.cc3rivieres76.com\/blog\/actualites-france-mais-qui-arretera-benjamin-netanyahu\/\" \/>\n<meta property=\"og:locale\" content=\"fr_FR\" \/>\n<meta property=\"og:type\" content=\"article\" \/>\n<meta property=\"og:title\" content=\"Actualit\u00e9s france: Mais qui arr\u00eatera Benjamin Netanyahu ? - CC3RIVIERES76\" \/>\n<meta property=\"og:description\" content=\"Le Premier ministre isra\u00e9lien a d\u00e9clar\u00e9 lundi qu&rsquo;Isra\u00ebl continuerait \u00ab \u00e0 frapper sans piti\u00e9 le Hezbollah dans toutes les r\u00e9gions du Liban, y compris Beyrouth \u00bb. Combien de temps encore ce dangereux psychopathe sanguinaire continuera-t-il \u00e0 massacrer des civils ? Rien ni personne ne semble pouvoir arr\u00eater Netanyahu dans sa folie meurtri\u00e8re. Lundi 14 octobre, &hellip; Continuer la lecture \u00ab\u00a0Actualit\u00e9s france: Mais qui arr\u00eatera Benjamin Netanyahu ?\u00a0\u00bb\" \/>\n<meta property=\"og:url\" content=\"https:\/\/www.cc3rivieres76.com\/blog\/actualites-france-mais-qui-arretera-benjamin-netanyahu\/\" \/>\n<meta property=\"og:site_name\" content=\"CC3RIVIERES76\" \/>\n<meta property=\"article:published_time\" content=\"2024-10-15T07:49:08+00:00\" \/>\n<meta name=\"author\" content=\"Sylvie DE LAUZAINGHEIN\" \/>\n<meta name=\"twitter:card\" content=\"summary_large_image\" \/>\n<meta name=\"twitter:label1\" content=\"\u00c9crit par\" \/>\n\t<meta name=\"twitter:data1\" content=\"Sylvie DE LAUZAINGHEIN\" \/>\n\t<meta name=\"twitter:label2\" content=\"Dur\u00e9e de lecture estim\u00e9e\" \/>\n\t<meta name=\"twitter:data2\" content=\"4 minutes\" \/>\n<script type=\"application\/ld+json\" class=\"yoast-schema-graph\">{\"@context\":\"https:\\\/\\\/schema.org\",\"@graph\":[{\"@type\":\"Article\",\"@id\":\"https:\\\/\\\/www.cc3rivieres76.com\\\/blog\\\/actualites-france-mais-qui-arretera-benjamin-netanyahu\\\/#article\",\"isPartOf\":{\"@id\":\"https:\\\/\\\/www.cc3rivieres76.com\\\/blog\\\/actualites-france-mais-qui-arretera-benjamin-netanyahu\\\/\"},\"author\":{\"name\":\"Sylvie DE LAUZAINGHEIN\",\"@id\":\"https:\\\/\\\/www.cc3rivieres76.com\\\/blog\\\/#\\\/schema\\\/person\\\/474d457fb7747b5218f39792dfaa5a1c\"},\"headline\":\"Actualit\u00e9s france: Mais qui arr\u00eatera Benjamin Netanyahu ?\",\"datePublished\":\"2024-10-15T07:49:08+00:00\",\"mainEntityOfPage\":{\"@id\":\"https:\\\/\\\/www.cc3rivieres76.com\\\/blog\\\/actualites-france-mais-qui-arretera-benjamin-netanyahu\\\/\"},\"wordCount\":887,\"publisher\":{\"@id\":\"https:\\\/\\\/www.cc3rivieres76.com\\\/blog\\\/#organization\"},\"image\":{\"@id\":\"https:\\\/\\\/www.cc3rivieres76.com\\\/blog\\\/actualites-france-mais-qui-arretera-benjamin-netanyahu\\\/#primaryimage\"},\"thumbnailUrl\":\"https:\\\/\\\/www.cc3rivieres76.com\\\/blog\\\/wp-content\\\/uploads\\\/2024\\\/10\\\/actualites-france-mais-qui-arretera-benjamin-netanyahu.jpg\",\"articleSection\":[\"Les 3 Rivi\u00e8res Dans La Somme:\"],\"inLanguage\":\"fr-FR\"},{\"@type\":\"WebPage\",\"@id\":\"https:\\\/\\\/www.cc3rivieres76.com\\\/blog\\\/actualites-france-mais-qui-arretera-benjamin-netanyahu\\\/\",\"url\":\"https:\\\/\\\/www.cc3rivieres76.com\\\/blog\\\/actualites-france-mais-qui-arretera-benjamin-netanyahu\\\/\",\"name\":\"Actualit\u00e9s france: Mais qui arr\u00eatera Benjamin Netanyahu ? - CC3RIVIERES76\",\"isPartOf\":{\"@id\":\"https:\\\/\\\/www.cc3rivieres76.com\\\/blog\\\/#website\"},\"primaryImageOfPage\":{\"@id\":\"https:\\\/\\\/www.cc3rivieres76.com\\\/blog\\\/actualites-france-mais-qui-arretera-benjamin-netanyahu\\\/#primaryimage\"},\"image\":{\"@id\":\"https:\\\/\\\/www.cc3rivieres76.com\\\/blog\\\/actualites-france-mais-qui-arretera-benjamin-netanyahu\\\/#primaryimage\"},\"thumbnailUrl\":\"https:\\\/\\\/www.cc3rivieres76.com\\\/blog\\\/wp-content\\\/uploads\\\/2024\\\/10\\\/actualites-france-mais-qui-arretera-benjamin-netanyahu.jpg\",\"datePublished\":\"2024-10-15T07:49:08+00:00\",\"breadcrumb\":{\"@id\":\"https:\\\/\\\/www.cc3rivieres76.com\\\/blog\\\/actualites-france-mais-qui-arretera-benjamin-netanyahu\\\/#breadcrumb\"},\"inLanguage\":\"fr-FR\",\"potentialAction\":[{\"@type\":\"ReadAction\",\"target\":[\"https:\\\/\\\/www.cc3rivieres76.com\\\/blog\\\/actualites-france-mais-qui-arretera-benjamin-netanyahu\\\/\"]}]},{\"@type\":\"ImageObject\",\"inLanguage\":\"fr-FR\",\"@id\":\"https:\\\/\\\/www.cc3rivieres76.com\\\/blog\\\/actualites-france-mais-qui-arretera-benjamin-netanyahu\\\/#primaryimage\",\"url\":\"https:\\\/\\\/www.cc3rivieres76.com\\\/blog\\\/wp-content\\\/uploads\\\/2024\\\/10\\\/actualites-france-mais-qui-arretera-benjamin-netanyahu.jpg\",\"contentUrl\":\"https:\\\/\\\/www.cc3rivieres76.com\\\/blog\\\/wp-content\\\/uploads\\\/2024\\\/10\\\/actualites-france-mais-qui-arretera-benjamin-netanyahu.jpg\",\"width\":1200,\"height\":800,\"caption\":\"Actualit\u00e9s france: Mais qui arr\u00eatera Benjamin Netanyahu ?\"},{\"@type\":\"BreadcrumbList\",\"@id\":\"https:\\\/\\\/www.cc3rivieres76.com\\\/blog\\\/actualites-france-mais-qui-arretera-benjamin-netanyahu\\\/#breadcrumb\",\"itemListElement\":[{\"@type\":\"ListItem\",\"position\":1,\"name\":\"Accueil\",\"item\":\"https:\\\/\\\/www.cc3rivieres76.com\\\/blog\\\/\"},{\"@type\":\"ListItem\",\"position\":2,\"name\":\"Actualit\u00e9s france: Mais qui arr\u00eatera Benjamin Netanyahu ?\"}]},{\"@type\":\"WebSite\",\"@id\":\"https:\\\/\\\/www.cc3rivieres76.com\\\/blog\\\/#website\",\"url\":\"https:\\\/\\\/www.cc3rivieres76.com\\\/blog\\\/\",\"name\":\"CC3RIVIERES76\",\"description\":\"Les 3 rivi\u00e8res dans la Somme.\",\"publisher\":{\"@id\":\"https:\\\/\\\/www.cc3rivieres76.com\\\/blog\\\/#organization\"},\"potentialAction\":[{\"@type\":\"SearchAction\",\"target\":{\"@type\":\"EntryPoint\",\"urlTemplate\":\"https:\\\/\\\/www.cc3rivieres76.com\\\/blog\\\/?s={search_term_string}\"},\"query-input\":{\"@type\":\"PropertyValueSpecification\",\"valueRequired\":true,\"valueName\":\"search_term_string\"}}],\"inLanguage\":\"fr-FR\"},{\"@type\":\"Organization\",\"@id\":\"https:\\\/\\\/www.cc3rivieres76.com\\\/blog\\\/#organization\",\"name\":\"cc3rivieres76\",\"url\":\"https:\\\/\\\/www.cc3rivieres76.com\\\/blog\\\/\",\"logo\":{\"@type\":\"ImageObject\",\"inLanguage\":\"fr-FR\",\"@id\":\"https:\\\/\\\/www.cc3rivieres76.com\\\/blog\\\/#\\\/schema\\\/logo\\\/image\\\/\",\"url\":\"https:\\\/\\\/www.cc3rivieres76.com\\\/blog\\\/wp-content\\\/uploads\\\/2023\\\/06\\\/logo-2.png\",\"contentUrl\":\"https:\\\/\\\/www.cc3rivieres76.com\\\/blog\\\/wp-content\\\/uploads\\\/2023\\\/06\\\/logo-2.png\",\"width\":390,\"height\":388,\"caption\":\"cc3rivieres76\"},\"image\":{\"@id\":\"https:\\\/\\\/www.cc3rivieres76.com\\\/blog\\\/#\\\/schema\\\/logo\\\/image\\\/\"}},{\"@type\":\"Person\",\"@id\":\"https:\\\/\\\/www.cc3rivieres76.com\\\/blog\\\/#\\\/schema\\\/person\\\/474d457fb7747b5218f39792dfaa5a1c\",\"name\":\"Sylvie DE LAUZAINGHEIN\",\"image\":{\"@type\":\"ImageObject\",\"inLanguage\":\"fr-FR\",\"@id\":\"https:\\\/\\\/secure.gravatar.com\\\/avatar\\\/9c6a53b19e0a3431aa80de0895b9729fe665cd7e7d6cc94fc11abb152f4237d7?s=96&d=mm&r=g\",\"url\":\"https:\\\/\\\/secure.gravatar.com\\\/avatar\\\/9c6a53b19e0a3431aa80de0895b9729fe665cd7e7d6cc94fc11abb152f4237d7?s=96&d=mm&r=g\",\"contentUrl\":\"https:\\\/\\\/secure.gravatar.com\\\/avatar\\\/9c6a53b19e0a3431aa80de0895b9729fe665cd7e7d6cc94fc11abb152f4237d7?s=96&d=mm&r=g\",\"caption\":\"Sylvie DE LAUZAINGHEIN\"},\"url\":\"https:\\\/\\\/www.cc3rivieres76.com\\\/blog\\\/author\\\/s76sylvie\\\/\"}]}<\/script>\n<!-- \/ Yoast SEO plugin. -->","yoast_head_json":{"title":"Actualit\u00e9s france: Mais qui arr\u00eatera Benjamin Netanyahu ? - CC3RIVIERES76","robots":{"index":"index","follow":"follow","max-snippet":"max-snippet:-1","max-image-preview":"max-image-preview:large","max-video-preview":"max-video-preview:-1"},"canonical":"https:\/\/www.cc3rivieres76.com\/blog\/actualites-france-mais-qui-arretera-benjamin-netanyahu\/","og_locale":"fr_FR","og_type":"article","og_title":"Actualit\u00e9s france: Mais qui arr\u00eatera Benjamin Netanyahu ? - CC3RIVIERES76","og_description":"Le Premier ministre isra\u00e9lien a d\u00e9clar\u00e9 lundi qu&rsquo;Isra\u00ebl continuerait \u00ab \u00e0 frapper sans piti\u00e9 le Hezbollah dans toutes les r\u00e9gions du Liban, y compris Beyrouth \u00bb. Combien de temps encore ce dangereux psychopathe sanguinaire continuera-t-il \u00e0 massacrer des civils ? Rien ni personne ne semble pouvoir arr\u00eater Netanyahu dans sa folie meurtri\u00e8re. Lundi 14 octobre, &hellip; Continuer la lecture \u00ab\u00a0Actualit\u00e9s france: Mais qui arr\u00eatera Benjamin Netanyahu ?\u00a0\u00bb","og_url":"https:\/\/www.cc3rivieres76.com\/blog\/actualites-france-mais-qui-arretera-benjamin-netanyahu\/","og_site_name":"CC3RIVIERES76","article_published_time":"2024-10-15T07:49:08+00:00","author":"Sylvie DE LAUZAINGHEIN","twitter_card":"summary_large_image","twitter_misc":{"\u00c9crit par":"Sylvie DE LAUZAINGHEIN","Dur\u00e9e de lecture estim\u00e9e":"4 minutes"},"schema":{"@context":"https:\/\/schema.org","@graph":[{"@type":"Article","@id":"https:\/\/www.cc3rivieres76.com\/blog\/actualites-france-mais-qui-arretera-benjamin-netanyahu\/#article","isPartOf":{"@id":"https:\/\/www.cc3rivieres76.com\/blog\/actualites-france-mais-qui-arretera-benjamin-netanyahu\/"},"author":{"name":"Sylvie DE LAUZAINGHEIN","@id":"https:\/\/www.cc3rivieres76.com\/blog\/#\/schema\/person\/474d457fb7747b5218f39792dfaa5a1c"},"headline":"Actualit\u00e9s france: Mais qui arr\u00eatera Benjamin Netanyahu ?","datePublished":"2024-10-15T07:49:08+00:00","mainEntityOfPage":{"@id":"https:\/\/www.cc3rivieres76.com\/blog\/actualites-france-mais-qui-arretera-benjamin-netanyahu\/"},"wordCount":887,"publisher":{"@id":"https:\/\/www.cc3rivieres76.com\/blog\/#organization"},"image":{"@id":"https:\/\/www.cc3rivieres76.com\/blog\/actualites-france-mais-qui-arretera-benjamin-netanyahu\/#primaryimage"},"thumbnailUrl":"https:\/\/www.cc3rivieres76.com\/blog\/wp-content\/uploads\/2024\/10\/actualites-france-mais-qui-arretera-benjamin-netanyahu.jpg","articleSection":["Les 3 Rivi\u00e8res Dans La Somme:"],"inLanguage":"fr-FR"},{"@type":"WebPage","@id":"https:\/\/www.cc3rivieres76.com\/blog\/actualites-france-mais-qui-arretera-benjamin-netanyahu\/","url":"https:\/\/www.cc3rivieres76.com\/blog\/actualites-france-mais-qui-arretera-benjamin-netanyahu\/","name":"Actualit\u00e9s france: Mais qui arr\u00eatera Benjamin Netanyahu ? - CC3RIVIERES76","isPartOf":{"@id":"https:\/\/www.cc3rivieres76.com\/blog\/#website"},"primaryImageOfPage":{"@id":"https:\/\/www.cc3rivieres76.com\/blog\/actualites-france-mais-qui-arretera-benjamin-netanyahu\/#primaryimage"},"image":{"@id":"https:\/\/www.cc3rivieres76.com\/blog\/actualites-france-mais-qui-arretera-benjamin-netanyahu\/#primaryimage"},"thumbnailUrl":"https:\/\/www.cc3rivieres76.com\/blog\/wp-content\/uploads\/2024\/10\/actualites-france-mais-qui-arretera-benjamin-netanyahu.jpg","datePublished":"2024-10-15T07:49:08+00:00","breadcrumb":{"@id":"https:\/\/www.cc3rivieres76.com\/blog\/actualites-france-mais-qui-arretera-benjamin-netanyahu\/#breadcrumb"},"inLanguage":"fr-FR","potentialAction":[{"@type":"ReadAction","target":["https:\/\/www.cc3rivieres76.com\/blog\/actualites-france-mais-qui-arretera-benjamin-netanyahu\/"]}]},{"@type":"ImageObject","inLanguage":"fr-FR","@id":"https:\/\/www.cc3rivieres76.com\/blog\/actualites-france-mais-qui-arretera-benjamin-netanyahu\/#primaryimage","url":"https:\/\/www.cc3rivieres76.com\/blog\/wp-content\/uploads\/2024\/10\/actualites-france-mais-qui-arretera-benjamin-netanyahu.jpg","contentUrl":"https:\/\/www.cc3rivieres76.com\/blog\/wp-content\/uploads\/2024\/10\/actualites-france-mais-qui-arretera-benjamin-netanyahu.jpg","width":1200,"height":800,"caption":"Actualit\u00e9s france: Mais qui arr\u00eatera Benjamin Netanyahu ?"},{"@type":"BreadcrumbList","@id":"https:\/\/www.cc3rivieres76.com\/blog\/actualites-france-mais-qui-arretera-benjamin-netanyahu\/#breadcrumb","itemListElement":[{"@type":"ListItem","position":1,"name":"Accueil","item":"https:\/\/www.cc3rivieres76.com\/blog\/"},{"@type":"ListItem","position":2,"name":"Actualit\u00e9s france: Mais qui arr\u00eatera Benjamin Netanyahu ?"}]},{"@type":"WebSite","@id":"https:\/\/www.cc3rivieres76.com\/blog\/#website","url":"https:\/\/www.cc3rivieres76.com\/blog\/","name":"CC3RIVIERES76","description":"Les 3 rivi\u00e8res dans la Somme.","publisher":{"@id":"https:\/\/www.cc3rivieres76.com\/blog\/#organization"},"potentialAction":[{"@type":"SearchAction","target":{"@type":"EntryPoint","urlTemplate":"https:\/\/www.cc3rivieres76.com\/blog\/?s={search_term_string}"},"query-input":{"@type":"PropertyValueSpecification","valueRequired":true,"valueName":"search_term_string"}}],"inLanguage":"fr-FR"},{"@type":"Organization","@id":"https:\/\/www.cc3rivieres76.com\/blog\/#organization","name":"cc3rivieres76","url":"https:\/\/www.cc3rivieres76.com\/blog\/","logo":{"@type":"ImageObject","inLanguage":"fr-FR","@id":"https:\/\/www.cc3rivieres76.com\/blog\/#\/schema\/logo\/image\/","url":"https:\/\/www.cc3rivieres76.com\/blog\/wp-content\/uploads\/2023\/06\/logo-2.png","contentUrl":"https:\/\/www.cc3rivieres76.com\/blog\/wp-content\/uploads\/2023\/06\/logo-2.png","width":390,"height":388,"caption":"cc3rivieres76"},"image":{"@id":"https:\/\/www.cc3rivieres76.com\/blog\/#\/schema\/logo\/image\/"}},{"@type":"Person","@id":"https:\/\/www.cc3rivieres76.com\/blog\/#\/schema\/person\/474d457fb7747b5218f39792dfaa5a1c","name":"Sylvie DE LAUZAINGHEIN","image":{"@type":"ImageObject","inLanguage":"fr-FR","@id":"https:\/\/secure.gravatar.com\/avatar\/9c6a53b19e0a3431aa80de0895b9729fe665cd7e7d6cc94fc11abb152f4237d7?s=96&d=mm&r=g","url":"https:\/\/secure.gravatar.com\/avatar\/9c6a53b19e0a3431aa80de0895b9729fe665cd7e7d6cc94fc11abb152f4237d7?s=96&d=mm&r=g","contentUrl":"https:\/\/secure.gravatar.com\/avatar\/9c6a53b19e0a3431aa80de0895b9729fe665cd7e7d6cc94fc11abb152f4237d7?s=96&d=mm&r=g","caption":"Sylvie DE LAUZAINGHEIN"},"url":"https:\/\/www.cc3rivieres76.com\/blog\/author\/s76sylvie\/"}]}},"_links":{"self":[{"href":"https:\/\/www.cc3rivieres76.com\/blog\/wp-json\/wp\/v2\/posts\/428","targetHints":{"allow":["GET"]}}],"collection":[{"href":"https:\/\/www.cc3rivieres76.com\/blog\/wp-json\/wp\/v2\/posts"}],"about":[{"href":"https:\/\/www.cc3rivieres76.com\/blog\/wp-json\/wp\/v2\/types\/post"}],"author":[{"embeddable":true,"href":"https:\/\/www.cc3rivieres76.com\/blog\/wp-json\/wp\/v2\/users\/3"}],"replies":[{"embeddable":true,"href":"https:\/\/www.cc3rivieres76.com\/blog\/wp-json\/wp\/v2\/comments?post=428"}],"version-history":[{"count":0,"href":"https:\/\/www.cc3rivieres76.com\/blog\/wp-json\/wp\/v2\/posts\/428\/revisions"}],"wp:featuredmedia":[{"embeddable":true,"href":"https:\/\/www.cc3rivieres76.com\/blog\/wp-json\/wp\/v2\/media\/429"}],"wp:attachment":[{"href":"https:\/\/www.cc3rivieres76.com\/blog\/wp-json\/wp\/v2\/media?parent=428"}],"wp:term":[{"taxonomy":"category","embeddable":true,"href":"https:\/\/www.cc3rivieres76.com\/blog\/wp-json\/wp\/v2\/categories?post=428"},{"taxonomy":"post_tag","embeddable":true,"href":"https:\/\/www.cc3rivieres76.com\/blog\/wp-json\/wp\/v2\/tags?post=428"}],"curies":[{"name":"wp","href":"https:\/\/api.w.org\/{rel}","templated":true}]}}