{"id":436,"date":"2024-10-26T14:53:00","date_gmt":"2024-10-26T12:53:00","guid":{"rendered":"https:\/\/www.site.cdcl.xyz\/2024\/10\/26\/infos-nationales-mettre-les-voiles-en-italie-meridionale-eblouissantes-iles-eoliennes-france\/"},"modified":"2024-10-26T14:53:00","modified_gmt":"2024-10-26T12:53:00","slug":"infos-nationales-mettre-les-voiles-en-italie-meridionale-eblouissantes-iles-eoliennes-france","status":"publish","type":"post","link":"https:\/\/www.cc3rivieres76.com\/blog\/infos-nationales-mettre-les-voiles-en-italie-meridionale-eblouissantes-iles-eoliennes-france\/","title":{"rendered":"Infos nationales: Mettre les voiles en Italie m\u00e9ridionale\u00a0: \u00e9blouissantes \u00eeles \u00e9oliennes #France"},"content":{"rendered":"\n<p>Notre \u00e9quipe vient de rep\u00e9rer ce papier sur la th\u00e9matique \u00ab&nbsp;Actualit\u00e9 fran\u00e7aise&nbsp;\u00bb. Avec plaisir nous vous en apportons l\u2019essentiel dans cette publication.<\/p>\n<h2>\nPubli\u00e9 sur Le Point \u2013 Toute l&rsquo;info en continu, l\u2019article ci-dessous<\/h2>\n<p><u>Signature . <\/u><\/p>\n<p><u>Date et heure de la r\u00e9ception de la d\u00e9p\u00e9che sur notre fil d\u2019info:<\/u><strong><span id=\"date\"><\/span><\/strong><\/p>\n<p><u>Date et heure de publication sur internet:<\/u> <strong><span id=\"datecrea\"><\/span><\/strong><\/p>\n<p><u>Titre exacte donn\u00e9 par le journal \u00e9tait:<\/u> <strong>Mettre les voiles en Italie m\u00e9ridionale&nbsp;: \u00e9blouissantes \u00eeles \u00e9oliennes<\/strong><\/p>\n<p><u>Information et contenu publi\u00e9s :<\/u><\/p>\n<div id=\"contenu\"> <!-- include t_www_2023\/pages\/article\/blocs\/tag_pub.tpl --><br \/><!-- include \/t_www_2023\/pages\/article\/blocs\/tag_pub.tpl --><\/p>\n<p><span class=\"dflt-txt__lettrine\">C<\/span>ette nuit encore, les passagers ont bien dormi, berc\u00e9s par les flots, par le souffle du vent, dans le confort de leur cabine. Le stabilisateur fait des miracles. Vitesse de croisi\u00e8re&nbsp;: entre&nbsp;5&nbsp;et&nbsp;17&nbsp;n\u0153uds. Petites mais bien con\u00e7ues, avec un vrai lit double, des meubles sur mesure et des hublots ronds, les&nbsp;83&nbsp;cabines, dont celle de l\u2019armateur \u00e0 la poupe, aussi grand qu\u2019une suite d\u2019h\u00f4tel, \u00e9pousent la coque du bateau. Aucune ne poss\u00e8de de balcon, nous sommes sur un voilier\u2026 Les boiseries en acajou, les \u00e9l\u00e9ments en cuivre et en laiton, la d\u00e9coration bleu marine et or refl\u00e8tent l\u2019\u00e9l\u00e9gance des navires d\u2019antan. Nostalgie, nostalgie\u2026<\/p>\n<section class=\"mbl txtcenter\">\n<p>Juste apr\u00e8s le lever du soleil d\u00e9bute le cours de yoga, adapt\u00e9 \u00e0 tous les niveaux. Les tapis sont dispos\u00e9s sur le pont arri\u00e8re, face \u00e0 la mer qui, par sa seule pr\u00e9sence, contribue au l\u00e2cher-prise, emporte les esprits loin des tracas du quotidien. Toute la semaine, t\u00f4t le matin et en fin d\u2019apr\u00e8s-midi, la douce Inge donne le tempo des mouvements, des postures, des respirations. Une heure apr\u00e8s, Niels, le coach sportif, prend le relais pour une s\u00e9ance de gym.<\/p>\n<section class=\"mbl txtcenter\">\n<p>Terre en vue&nbsp;! Les \u00eeles \u00c9oliennes se profilent \u00e0 l\u2019horizon, loin devant. Elles sont sept, flottant au large de la Sicile. Toutes volcaniques, toutes diff\u00e9rentes. Lipari, connue pour ses carri\u00e8res d\u2019obsidienne et de pierre ponce, est la plus habit\u00e9e et la plus anim\u00e9e, surtout l\u2019\u00e9t\u00e9. Hors saison, elle retrouve sa douceur de vivre.<\/p>\n<h2>Le \u00ab&nbsp;Star Flyer&nbsp;\u00bb ce majestueux<\/h2>\n<p>Ce matin, le <em>Star Flyer<\/em> jette l\u2019ancre devant le petit port de Marina Corta, \u00e9cras\u00e9 de soleil. Son faible tirant d\u2019eau, \u00e0 peine six m\u00e8tres, lui permet d\u2019atteindre des baies inaccessibles pour la plupart des bateaux de croisi\u00e8re. Une chance&nbsp;! Assis dans leur barque, les p\u00eacheurs trient leurs filets. Les retrait\u00e9s discutent \u00e0 l\u2019ombre de la fontaine centrale. Les fid\u00e8les sortent de la petite \u00e9glise et se dirigent vers le labyrinthe de ruelles \u00e9troites \u00e0 l\u2019arri\u00e8re. Les touristes se rafra\u00eechissent \u00e0 la terrasse des bars.<\/p>\n<p>Au fil des rues pav\u00e9es et le long de l\u2019art\u00e8re principale, le corso Vittorio Emanuele, qui rejoint l\u2019autre rade, Marina Lunga, s\u2019alignent les petits restaurants typiques, les \u00e9choppes de souvenirs, les vendeurs de glaces et de granite artisanales, de cannoli fourr\u00e9s \u00e0 la cr\u00e8me de ricotta. Une pente douce m\u00e8ne au promontoire en surplomb de la petite ville de Lipari, o\u00f9 se trouvent la cath\u00e9drale de San Bartolomeo, l\u2019ancienne acropole et ses remparts, le mus\u00e9e arch\u00e9ologique.<\/p>\n<p>Autre bonne raison de grimper si haut, le panorama&nbsp;: le <em>Star Flyer<\/em> se distingue au loin, majestueux. Sa coque blanche de&nbsp;115&nbsp;m\u00e8tres de longueur et ses quatre m\u00e2ts se d\u00e9marquent nettement sur les eaux limpides de la mer Tyrrh\u00e9nienne. Quelle belle allure&nbsp;! Et en regardant mieux, on aper\u00e7oit quelques paddles et kayaks, mis \u00e0 disposition lors des escales et si la m\u00e9t\u00e9o est favorable, qui lui tournent autour.<\/p>\n<section class=\"mbl txtcenter\">\n<p>De retour \u00e0 bord, avant que le bateau ne reprenne la mer, certains passagers participent \u00e0 un atelier de n\u0153uds marins. Les plus t\u00e9m\u00e9raires escaladent le m\u00e2t de misaine jusqu\u2019\u00e0 la hune, \u00e0&nbsp;20&nbsp;m\u00e8tres de hauteur. Vertigineux&nbsp;! D\u2019autres pr\u00e9f\u00e8rent profiter de la mini-piscine et des transats du solarium jusqu\u2019au d\u00eener, annonc\u00e9 par le tintement d\u2019une cloche. En descendant au restaurant, surprise dans les escaliers, une paroi vitr\u00e9e donne sur le fond de l\u2019une des deux piscines&nbsp;!<\/p>\n<p>Menu \u00e0 la carte pour tous, volontairement r\u00e9duit, mais vari\u00e9 et de qualit\u00e9 toute la semaine. Le dessert est \u00e9court\u00e9, la nouvelle se r\u00e9pand vite \u00e0 bord&nbsp;: le bateau est en approche de l\u2019\u00eele de Stromboli, reconnaissable, m\u00eame dans l\u2019obscurit\u00e9, \u00e0 son volcan \u00e0 la forme conique parfaite. Les explosions de lave jaillissent du crat\u00e8re \u00e0 intervalles r\u00e9guliers. Telles des fulgurances incandescentes dans la nuit noire.<\/p>\n<section class=\"mbl txtcenter\">\n<p><span class=\"Capsule discover-kangourou\"><br \/><span class=\"Phylactery\">\u00c0 D\u00e9couvrir<\/span><br \/><strong class=\"discover-kangourou__line\"><br \/><img decoding=\"async\" class=\"discover-kangourou__img\" src=\"https:\/\/www.site.cdcl.xyz\/wp-content\/uploads\/2024\/10\/Actus-nationales-Presidentielle-americaine-Kamala-Harris-hausse-le-ton-face.svg.svg+xml\"><br \/><strong class=\"discover-kangourou__txt\"><br \/><strong>Le Kangourou du jour<\/strong><\/strong><\/strong><\/span><\/p>\n<p>R\u00e9pondre<\/p>\n<p><em>En 2025, Kuoni propose la croisi\u00e8re \u00ab&nbsp;Amalfi&nbsp;&amp;&nbsp;Sicile&nbsp;\u00bb sur le Royal Clipper (une date de d\u00e9part&nbsp;: le 27&nbsp;septembre 2025).&nbsp;8&nbsp;jours\/7 nuits en pension compl\u00e8te \u00e0 partir de 2&nbsp;610&nbsp;\u20ac\/pers., hors taxes portuaires (235&nbsp;\u20ac) et vols depuis la France. L\u2019hiver prochain et le suivant, le <\/em>Star Flyer<em> alternera deux itin\u00e9raires dans les Cara\u00efbes au d\u00e9part de Saint-Martin&nbsp;: \u00ab&nbsp;\u00celes sous le Vent&nbsp;\u00bb (Barbuda, Dominique, Saintes, Guadeloupe, Antigua, Saint-Barth\u00e9lemy<\/em><em>) et \u00ab&nbsp;\u00celes au tr\u00e9sor&nbsp;\u00bb (Anguilla, Tortola, \u00celes vierges britanniques, St. Kitts, Saint-Barth\u00e9lemy). 01&nbsp;55&nbsp;87&nbsp;80&nbsp;54 et&nbsp;<em>kuoni.fr<\/em><\/em><\/p>\n<p><strong>Pr\u00e9c\u00e9dente&nbsp;\u00e9tape&nbsp;de notre croisi\u00e8re&nbsp;:<\/strong><br \/><em>Un r\u00eave de passionn\u00e9s<\/em><\/p>\n<p><strong>Prochaines \u00e9tapes de notre croisi\u00e8re&nbsp;:<\/strong><br \/><em>La Sicile, un d\u00e9cor de cin\u00e9ma<br \/>Amalfi, un balcon sur la mer<br \/>Sorrente, l\u2019histoire en h\u00e9ritage<br \/>Ponza, un secret bien gard\u00e9<\/em><\/p>\n<\/section>\n<\/section>\n<\/section>\n<\/section>\n<\/div>\n<p> <img decoding=\"async\" src=\"https:\/\/www.cc3rivieres76.com\/blog\/wp-content\/uploads\/2024\/10\/infos-nationales-mettre-les-voiles-en-italie-meridionale-eblouissantes-iles-eoliennes-france.jpg\" alt=\"Mettre les voiles en Italie m\u00e9ridionale&nbsp;: \u00e9blouissantes \u00eeles \u00e9oliennes\"><\/p>\n<p>#Mettre #les #voiles #Italie #m\u00e9ridionale #\u00e9blouissantes #\u00eeles #\u00e9oliennes<\/p>\n<p>Reprise de l\u2019information dans un style journalistique professionnel descriptif en organisant les id\u00e9es dans un ordre coh\u00e9rent avec titres html <\/p>\n<p>Bibliographie :<\/p>\n<p>Histoire de France\/Lutte contre l\u2019Autriche.,<a href=\"https:\/\/fr.wikibooks.org\/wiki\/Histoire_de_France\/Lutte_contre_l%27Autriche\" target=\"_blank\" rel=\"noopener noreferrer nofollow\">Le livre <\/a><span><\/span>.<\/p>\n<p>Le centre de la France.,<a href=\"https:\/\/www.kobo.com\/fr\/fr\/ebook\/le-centre-de-la-france\" target=\"_blank\" rel=\"noopener noreferrer nofollow\">Informations sur cet ouvrage<\/a><span><\/span>.<\/p>\n<p>Photographie\/Soci\u00e9t\u00e9s et Organisations\/Global Photographic Union.,<a href=\"https:\/\/fr.wikibooks.org\/wiki\/Photographie\/Soci%C3%A9t%C3%A9s_et_Organisations\/Global_Photographic_Union\" target=\"_blank\" rel=\"noopener noreferrer nofollow\">R\u00e9f\u00e9rence lit\u00e9raire<\/a><span><\/span>.<\/p>\n<p> Cet article, qui traite du th\u00e8me \u00ab\u00a0Les 3 rivi\u00e8res dans la Somme\u00a0\u00bb, vous est sp\u00e9cialement sugg\u00e9r\u00e9 par cc3rivieres76.com. La chronique est reproduite du mieux possible. Dans le cas o\u00f9 vous souhaitez apporter quelques pr\u00e9cisions concernant le domaine de \u00ab\u00a0Les 3 rivi\u00e8res dans la Somme\u00a0\u00bb vous pouvez solliciter notre r\u00e9daction. La destination de cc3rivieres76.com est de d\u00e9battre de Les 3 rivi\u00e8res dans la Somme dans la transparence en vous apportant la connaissance de tout ce qui est en lien avec ce sujet sur la toile Connectez-vous sur notre site cc3rivieres76.com et nos r\u00e9seaux sociaux dans le but d\u2019\u00eatre inform\u00e9 des futures publications.<\/p>\n","protected":false},"excerpt":{"rendered":"<p>Notre \u00e9quipe vient de rep\u00e9rer ce papier sur la th\u00e9matique \u00ab&nbsp;Actualit\u00e9 fran\u00e7aise&nbsp;\u00bb. Avec plaisir nous vous en apportons l\u2019essentiel dans cette publication. Publi\u00e9 sur Le Point \u2013 Toute l&rsquo;info en continu, l\u2019article ci-dessous Signature . Date et heure de la r\u00e9ception de la d\u00e9p\u00e9che sur notre fil d\u2019info: Date et heure de publication sur internet: &hellip; <\/p>\n<p class=\"link-more\"><a href=\"https:\/\/www.cc3rivieres76.com\/blog\/infos-nationales-mettre-les-voiles-en-italie-meridionale-eblouissantes-iles-eoliennes-france\/\" class=\"more-link\">Continuer la lecture <span class=\"screen-reader-text\"> \u00ab\u00a0Infos nationales: Mettre les voiles en Italie m\u00e9ridionale\u00a0: \u00e9blouissantes \u00eeles \u00e9oliennes #France\u00a0\u00bb<\/span><\/a><\/p>\n","protected":false},"author":3,"featured_media":0,"comment_status":"closed","ping_status":"closed","sticky":false,"template":"","format":"standard","meta":{"footnotes":""},"categories":[2],"tags":[],"class_list":["post-436","post","type-post","status-publish","format-standard","hentry","category-les-3-rivieres-dans-la-somme","entry"],"yoast_head":"<!-- This site is optimized with the Yoast SEO plugin v27.5 - https:\/\/yoast.com\/product\/yoast-seo-wordpress\/ -->\n<title>Infos nationales: Mettre les voiles en Italie m\u00e9ridionale\u00a0: \u00e9blouissantes \u00eeles \u00e9oliennes #France - CC3RIVIERES76<\/title>\n<meta name=\"robots\" content=\"index, follow, max-snippet:-1, max-image-preview:large, max-video-preview:-1\" \/>\n<link rel=\"canonical\" href=\"https:\/\/www.cc3rivieres76.com\/blog\/infos-nationales-mettre-les-voiles-en-italie-meridionale-eblouissantes-iles-eoliennes-france\/\" \/>\n<meta property=\"og:locale\" content=\"fr_FR\" \/>\n<meta property=\"og:type\" content=\"article\" \/>\n<meta property=\"og:title\" content=\"Infos nationales: Mettre les voiles en Italie m\u00e9ridionale\u00a0: \u00e9blouissantes \u00eeles \u00e9oliennes #France - CC3RIVIERES76\" \/>\n<meta property=\"og:description\" content=\"Notre \u00e9quipe vient de rep\u00e9rer ce papier sur la th\u00e9matique \u00ab&nbsp;Actualit\u00e9 fran\u00e7aise&nbsp;\u00bb. Avec plaisir nous vous en apportons l\u2019essentiel dans cette publication. Publi\u00e9 sur Le Point \u2013 Toute l&rsquo;info en continu, l\u2019article ci-dessous Signature . Date et heure de la r\u00e9ception de la d\u00e9p\u00e9che sur notre fil d\u2019info: Date et heure de publication sur internet: &hellip; Continuer la lecture \u00ab\u00a0Infos nationales: Mettre les voiles en Italie m\u00e9ridionale\u00a0: \u00e9blouissantes \u00eeles \u00e9oliennes #France\u00a0\u00bb\" \/>\n<meta property=\"og:url\" content=\"https:\/\/www.cc3rivieres76.com\/blog\/infos-nationales-mettre-les-voiles-en-italie-meridionale-eblouissantes-iles-eoliennes-france\/\" \/>\n<meta property=\"og:site_name\" content=\"CC3RIVIERES76\" \/>\n<meta property=\"article:published_time\" content=\"2024-10-26T12:53:00+00:00\" \/>\n<meta property=\"og:image\" content=\"https:\/\/www.site.cdcl.xyz\/wp-content\/uploads\/2024\/10\/Actus-nationales-Presidentielle-americaine-Kamala-Harris-hausse-le-ton-face.svg.svg+xml\" \/>\n<meta name=\"author\" content=\"Sylvie DE LAUZAINGHEIN\" \/>\n<meta name=\"twitter:card\" content=\"summary_large_image\" \/>\n<meta name=\"twitter:label1\" content=\"\u00c9crit par\" \/>\n\t<meta name=\"twitter:data1\" content=\"Sylvie DE LAUZAINGHEIN\" \/>\n\t<meta name=\"twitter:label2\" content=\"Dur\u00e9e de lecture estim\u00e9e\" \/>\n\t<meta name=\"twitter:data2\" content=\"6 minutes\" \/>\n<script type=\"application\/ld+json\" class=\"yoast-schema-graph\">{\"@context\":\"https:\\\/\\\/schema.org\",\"@graph\":[{\"@type\":\"Article\",\"@id\":\"https:\\\/\\\/www.cc3rivieres76.com\\\/blog\\\/infos-nationales-mettre-les-voiles-en-italie-meridionale-eblouissantes-iles-eoliennes-france\\\/#article\",\"isPartOf\":{\"@id\":\"https:\\\/\\\/www.cc3rivieres76.com\\\/blog\\\/infos-nationales-mettre-les-voiles-en-italie-meridionale-eblouissantes-iles-eoliennes-france\\\/\"},\"author\":{\"name\":\"Sylvie DE LAUZAINGHEIN\",\"@id\":\"https:\\\/\\\/www.cc3rivieres76.com\\\/blog\\\/#\\\/schema\\\/person\\\/474d457fb7747b5218f39792dfaa5a1c\"},\"headline\":\"Infos nationales: Mettre les voiles en Italie m\u00e9ridionale\u00a0: \u00e9blouissantes \u00eeles \u00e9oliennes #France\",\"datePublished\":\"2024-10-26T12:53:00+00:00\",\"mainEntityOfPage\":{\"@id\":\"https:\\\/\\\/www.cc3rivieres76.com\\\/blog\\\/infos-nationales-mettre-les-voiles-en-italie-meridionale-eblouissantes-iles-eoliennes-france\\\/\"},\"wordCount\":1143,\"publisher\":{\"@id\":\"https:\\\/\\\/www.cc3rivieres76.com\\\/blog\\\/#organization\"},\"image\":{\"@id\":\"https:\\\/\\\/www.cc3rivieres76.com\\\/blog\\\/infos-nationales-mettre-les-voiles-en-italie-meridionale-eblouissantes-iles-eoliennes-france\\\/#primaryimage\"},\"thumbnailUrl\":\"https:\\\/\\\/www.site.cdcl.xyz\\\/wp-content\\\/uploads\\\/2024\\\/10\\\/Actus-nationales-Presidentielle-americaine-Kamala-Harris-hausse-le-ton-face.svg.svg+xml\",\"articleSection\":[\"Les 3 Rivi\u00e8res Dans La Somme:\"],\"inLanguage\":\"fr-FR\"},{\"@type\":\"WebPage\",\"@id\":\"https:\\\/\\\/www.cc3rivieres76.com\\\/blog\\\/infos-nationales-mettre-les-voiles-en-italie-meridionale-eblouissantes-iles-eoliennes-france\\\/\",\"url\":\"https:\\\/\\\/www.cc3rivieres76.com\\\/blog\\\/infos-nationales-mettre-les-voiles-en-italie-meridionale-eblouissantes-iles-eoliennes-france\\\/\",\"name\":\"Infos nationales: Mettre les voiles en Italie m\u00e9ridionale\u00a0: \u00e9blouissantes \u00eeles \u00e9oliennes #France - CC3RIVIERES76\",\"isPartOf\":{\"@id\":\"https:\\\/\\\/www.cc3rivieres76.com\\\/blog\\\/#website\"},\"primaryImageOfPage\":{\"@id\":\"https:\\\/\\\/www.cc3rivieres76.com\\\/blog\\\/infos-nationales-mettre-les-voiles-en-italie-meridionale-eblouissantes-iles-eoliennes-france\\\/#primaryimage\"},\"image\":{\"@id\":\"https:\\\/\\\/www.cc3rivieres76.com\\\/blog\\\/infos-nationales-mettre-les-voiles-en-italie-meridionale-eblouissantes-iles-eoliennes-france\\\/#primaryimage\"},\"thumbnailUrl\":\"https:\\\/\\\/www.site.cdcl.xyz\\\/wp-content\\\/uploads\\\/2024\\\/10\\\/Actus-nationales-Presidentielle-americaine-Kamala-Harris-hausse-le-ton-face.svg.svg+xml\",\"datePublished\":\"2024-10-26T12:53:00+00:00\",\"breadcrumb\":{\"@id\":\"https:\\\/\\\/www.cc3rivieres76.com\\\/blog\\\/infos-nationales-mettre-les-voiles-en-italie-meridionale-eblouissantes-iles-eoliennes-france\\\/#breadcrumb\"},\"inLanguage\":\"fr-FR\",\"potentialAction\":[{\"@type\":\"ReadAction\",\"target\":[\"https:\\\/\\\/www.cc3rivieres76.com\\\/blog\\\/infos-nationales-mettre-les-voiles-en-italie-meridionale-eblouissantes-iles-eoliennes-france\\\/\"]}]},{\"@type\":\"ImageObject\",\"inLanguage\":\"fr-FR\",\"@id\":\"https:\\\/\\\/www.cc3rivieres76.com\\\/blog\\\/infos-nationales-mettre-les-voiles-en-italie-meridionale-eblouissantes-iles-eoliennes-france\\\/#primaryimage\",\"url\":\"https:\\\/\\\/www.site.cdcl.xyz\\\/wp-content\\\/uploads\\\/2024\\\/10\\\/Actus-nationales-Presidentielle-americaine-Kamala-Harris-hausse-le-ton-face.svg.svg+xml\",\"contentUrl\":\"https:\\\/\\\/www.site.cdcl.xyz\\\/wp-content\\\/uploads\\\/2024\\\/10\\\/Actus-nationales-Presidentielle-americaine-Kamala-Harris-hausse-le-ton-face.svg.svg+xml\"},{\"@type\":\"BreadcrumbList\",\"@id\":\"https:\\\/\\\/www.cc3rivieres76.com\\\/blog\\\/infos-nationales-mettre-les-voiles-en-italie-meridionale-eblouissantes-iles-eoliennes-france\\\/#breadcrumb\",\"itemListElement\":[{\"@type\":\"ListItem\",\"position\":1,\"name\":\"Accueil\",\"item\":\"https:\\\/\\\/www.cc3rivieres76.com\\\/blog\\\/\"},{\"@type\":\"ListItem\",\"position\":2,\"name\":\"Infos nationales: Mettre les voiles en Italie m\u00e9ridionale\u00a0: \u00e9blouissantes \u00eeles \u00e9oliennes #France\"}]},{\"@type\":\"WebSite\",\"@id\":\"https:\\\/\\\/www.cc3rivieres76.com\\\/blog\\\/#website\",\"url\":\"https:\\\/\\\/www.cc3rivieres76.com\\\/blog\\\/\",\"name\":\"CC3RIVIERES76\",\"description\":\"Les 3 rivi\u00e8res dans la Somme.\",\"publisher\":{\"@id\":\"https:\\\/\\\/www.cc3rivieres76.com\\\/blog\\\/#organization\"},\"potentialAction\":[{\"@type\":\"SearchAction\",\"target\":{\"@type\":\"EntryPoint\",\"urlTemplate\":\"https:\\\/\\\/www.cc3rivieres76.com\\\/blog\\\/?s={search_term_string}\"},\"query-input\":{\"@type\":\"PropertyValueSpecification\",\"valueRequired\":true,\"valueName\":\"search_term_string\"}}],\"inLanguage\":\"fr-FR\"},{\"@type\":\"Organization\",\"@id\":\"https:\\\/\\\/www.cc3rivieres76.com\\\/blog\\\/#organization\",\"name\":\"cc3rivieres76\",\"url\":\"https:\\\/\\\/www.cc3rivieres76.com\\\/blog\\\/\",\"logo\":{\"@type\":\"ImageObject\",\"inLanguage\":\"fr-FR\",\"@id\":\"https:\\\/\\\/www.cc3rivieres76.com\\\/blog\\\/#\\\/schema\\\/logo\\\/image\\\/\",\"url\":\"https:\\\/\\\/www.cc3rivieres76.com\\\/blog\\\/wp-content\\\/uploads\\\/2023\\\/06\\\/logo-2.png\",\"contentUrl\":\"https:\\\/\\\/www.cc3rivieres76.com\\\/blog\\\/wp-content\\\/uploads\\\/2023\\\/06\\\/logo-2.png\",\"width\":390,\"height\":388,\"caption\":\"cc3rivieres76\"},\"image\":{\"@id\":\"https:\\\/\\\/www.cc3rivieres76.com\\\/blog\\\/#\\\/schema\\\/logo\\\/image\\\/\"}},{\"@type\":\"Person\",\"@id\":\"https:\\\/\\\/www.cc3rivieres76.com\\\/blog\\\/#\\\/schema\\\/person\\\/474d457fb7747b5218f39792dfaa5a1c\",\"name\":\"Sylvie DE LAUZAINGHEIN\",\"image\":{\"@type\":\"ImageObject\",\"inLanguage\":\"fr-FR\",\"@id\":\"https:\\\/\\\/secure.gravatar.com\\\/avatar\\\/9c6a53b19e0a3431aa80de0895b9729fe665cd7e7d6cc94fc11abb152f4237d7?s=96&d=mm&r=g\",\"url\":\"https:\\\/\\\/secure.gravatar.com\\\/avatar\\\/9c6a53b19e0a3431aa80de0895b9729fe665cd7e7d6cc94fc11abb152f4237d7?s=96&d=mm&r=g\",\"contentUrl\":\"https:\\\/\\\/secure.gravatar.com\\\/avatar\\\/9c6a53b19e0a3431aa80de0895b9729fe665cd7e7d6cc94fc11abb152f4237d7?s=96&d=mm&r=g\",\"caption\":\"Sylvie DE LAUZAINGHEIN\"},\"url\":\"https:\\\/\\\/www.cc3rivieres76.com\\\/blog\\\/author\\\/s76sylvie\\\/\"}]}<\/script>\n<!-- \/ Yoast SEO plugin. -->","yoast_head_json":{"title":"Infos nationales: Mettre les voiles en Italie m\u00e9ridionale\u00a0: \u00e9blouissantes \u00eeles \u00e9oliennes #France - CC3RIVIERES76","robots":{"index":"index","follow":"follow","max-snippet":"max-snippet:-1","max-image-preview":"max-image-preview:large","max-video-preview":"max-video-preview:-1"},"canonical":"https:\/\/www.cc3rivieres76.com\/blog\/infos-nationales-mettre-les-voiles-en-italie-meridionale-eblouissantes-iles-eoliennes-france\/","og_locale":"fr_FR","og_type":"article","og_title":"Infos nationales: Mettre les voiles en Italie m\u00e9ridionale\u00a0: \u00e9blouissantes \u00eeles \u00e9oliennes #France - CC3RIVIERES76","og_description":"Notre \u00e9quipe vient de rep\u00e9rer ce papier sur la th\u00e9matique \u00ab&nbsp;Actualit\u00e9 fran\u00e7aise&nbsp;\u00bb. Avec plaisir nous vous en apportons l\u2019essentiel dans cette publication. Publi\u00e9 sur Le Point \u2013 Toute l&rsquo;info en continu, l\u2019article ci-dessous Signature . Date et heure de la r\u00e9ception de la d\u00e9p\u00e9che sur notre fil d\u2019info: Date et heure de publication sur internet: &hellip; Continuer la lecture \u00ab\u00a0Infos nationales: Mettre les voiles en Italie m\u00e9ridionale\u00a0: \u00e9blouissantes \u00eeles \u00e9oliennes #France\u00a0\u00bb","og_url":"https:\/\/www.cc3rivieres76.com\/blog\/infos-nationales-mettre-les-voiles-en-italie-meridionale-eblouissantes-iles-eoliennes-france\/","og_site_name":"CC3RIVIERES76","article_published_time":"2024-10-26T12:53:00+00:00","og_image":[{"url":"https:\/\/www.site.cdcl.xyz\/wp-content\/uploads\/2024\/10\/Actus-nationales-Presidentielle-americaine-Kamala-Harris-hausse-le-ton-face.svg.svg+xml","type":"","width":"","height":""}],"author":"Sylvie DE LAUZAINGHEIN","twitter_card":"summary_large_image","twitter_misc":{"\u00c9crit par":"Sylvie DE LAUZAINGHEIN","Dur\u00e9e de lecture estim\u00e9e":"6 minutes"},"schema":{"@context":"https:\/\/schema.org","@graph":[{"@type":"Article","@id":"https:\/\/www.cc3rivieres76.com\/blog\/infos-nationales-mettre-les-voiles-en-italie-meridionale-eblouissantes-iles-eoliennes-france\/#article","isPartOf":{"@id":"https:\/\/www.cc3rivieres76.com\/blog\/infos-nationales-mettre-les-voiles-en-italie-meridionale-eblouissantes-iles-eoliennes-france\/"},"author":{"name":"Sylvie DE LAUZAINGHEIN","@id":"https:\/\/www.cc3rivieres76.com\/blog\/#\/schema\/person\/474d457fb7747b5218f39792dfaa5a1c"},"headline":"Infos nationales: Mettre les voiles en Italie m\u00e9ridionale\u00a0: \u00e9blouissantes \u00eeles \u00e9oliennes #France","datePublished":"2024-10-26T12:53:00+00:00","mainEntityOfPage":{"@id":"https:\/\/www.cc3rivieres76.com\/blog\/infos-nationales-mettre-les-voiles-en-italie-meridionale-eblouissantes-iles-eoliennes-france\/"},"wordCount":1143,"publisher":{"@id":"https:\/\/www.cc3rivieres76.com\/blog\/#organization"},"image":{"@id":"https:\/\/www.cc3rivieres76.com\/blog\/infos-nationales-mettre-les-voiles-en-italie-meridionale-eblouissantes-iles-eoliennes-france\/#primaryimage"},"thumbnailUrl":"https:\/\/www.site.cdcl.xyz\/wp-content\/uploads\/2024\/10\/Actus-nationales-Presidentielle-americaine-Kamala-Harris-hausse-le-ton-face.svg.svg+xml","articleSection":["Les 3 Rivi\u00e8res Dans La Somme:"],"inLanguage":"fr-FR"},{"@type":"WebPage","@id":"https:\/\/www.cc3rivieres76.com\/blog\/infos-nationales-mettre-les-voiles-en-italie-meridionale-eblouissantes-iles-eoliennes-france\/","url":"https:\/\/www.cc3rivieres76.com\/blog\/infos-nationales-mettre-les-voiles-en-italie-meridionale-eblouissantes-iles-eoliennes-france\/","name":"Infos nationales: Mettre les voiles en Italie m\u00e9ridionale\u00a0: \u00e9blouissantes \u00eeles \u00e9oliennes #France - CC3RIVIERES76","isPartOf":{"@id":"https:\/\/www.cc3rivieres76.com\/blog\/#website"},"primaryImageOfPage":{"@id":"https:\/\/www.cc3rivieres76.com\/blog\/infos-nationales-mettre-les-voiles-en-italie-meridionale-eblouissantes-iles-eoliennes-france\/#primaryimage"},"image":{"@id":"https:\/\/www.cc3rivieres76.com\/blog\/infos-nationales-mettre-les-voiles-en-italie-meridionale-eblouissantes-iles-eoliennes-france\/#primaryimage"},"thumbnailUrl":"https:\/\/www.site.cdcl.xyz\/wp-content\/uploads\/2024\/10\/Actus-nationales-Presidentielle-americaine-Kamala-Harris-hausse-le-ton-face.svg.svg+xml","datePublished":"2024-10-26T12:53:00+00:00","breadcrumb":{"@id":"https:\/\/www.cc3rivieres76.com\/blog\/infos-nationales-mettre-les-voiles-en-italie-meridionale-eblouissantes-iles-eoliennes-france\/#breadcrumb"},"inLanguage":"fr-FR","potentialAction":[{"@type":"ReadAction","target":["https:\/\/www.cc3rivieres76.com\/blog\/infos-nationales-mettre-les-voiles-en-italie-meridionale-eblouissantes-iles-eoliennes-france\/"]}]},{"@type":"ImageObject","inLanguage":"fr-FR","@id":"https:\/\/www.cc3rivieres76.com\/blog\/infos-nationales-mettre-les-voiles-en-italie-meridionale-eblouissantes-iles-eoliennes-france\/#primaryimage","url":"https:\/\/www.site.cdcl.xyz\/wp-content\/uploads\/2024\/10\/Actus-nationales-Presidentielle-americaine-Kamala-Harris-hausse-le-ton-face.svg.svg+xml","contentUrl":"https:\/\/www.site.cdcl.xyz\/wp-content\/uploads\/2024\/10\/Actus-nationales-Presidentielle-americaine-Kamala-Harris-hausse-le-ton-face.svg.svg+xml"},{"@type":"BreadcrumbList","@id":"https:\/\/www.cc3rivieres76.com\/blog\/infos-nationales-mettre-les-voiles-en-italie-meridionale-eblouissantes-iles-eoliennes-france\/#breadcrumb","itemListElement":[{"@type":"ListItem","position":1,"name":"Accueil","item":"https:\/\/www.cc3rivieres76.com\/blog\/"},{"@type":"ListItem","position":2,"name":"Infos nationales: Mettre les voiles en Italie m\u00e9ridionale\u00a0: \u00e9blouissantes \u00eeles \u00e9oliennes #France"}]},{"@type":"WebSite","@id":"https:\/\/www.cc3rivieres76.com\/blog\/#website","url":"https:\/\/www.cc3rivieres76.com\/blog\/","name":"CC3RIVIERES76","description":"Les 3 rivi\u00e8res dans la Somme.","publisher":{"@id":"https:\/\/www.cc3rivieres76.com\/blog\/#organization"},"potentialAction":[{"@type":"SearchAction","target":{"@type":"EntryPoint","urlTemplate":"https:\/\/www.cc3rivieres76.com\/blog\/?s={search_term_string}"},"query-input":{"@type":"PropertyValueSpecification","valueRequired":true,"valueName":"search_term_string"}}],"inLanguage":"fr-FR"},{"@type":"Organization","@id":"https:\/\/www.cc3rivieres76.com\/blog\/#organization","name":"cc3rivieres76","url":"https:\/\/www.cc3rivieres76.com\/blog\/","logo":{"@type":"ImageObject","inLanguage":"fr-FR","@id":"https:\/\/www.cc3rivieres76.com\/blog\/#\/schema\/logo\/image\/","url":"https:\/\/www.cc3rivieres76.com\/blog\/wp-content\/uploads\/2023\/06\/logo-2.png","contentUrl":"https:\/\/www.cc3rivieres76.com\/blog\/wp-content\/uploads\/2023\/06\/logo-2.png","width":390,"height":388,"caption":"cc3rivieres76"},"image":{"@id":"https:\/\/www.cc3rivieres76.com\/blog\/#\/schema\/logo\/image\/"}},{"@type":"Person","@id":"https:\/\/www.cc3rivieres76.com\/blog\/#\/schema\/person\/474d457fb7747b5218f39792dfaa5a1c","name":"Sylvie DE LAUZAINGHEIN","image":{"@type":"ImageObject","inLanguage":"fr-FR","@id":"https:\/\/secure.gravatar.com\/avatar\/9c6a53b19e0a3431aa80de0895b9729fe665cd7e7d6cc94fc11abb152f4237d7?s=96&d=mm&r=g","url":"https:\/\/secure.gravatar.com\/avatar\/9c6a53b19e0a3431aa80de0895b9729fe665cd7e7d6cc94fc11abb152f4237d7?s=96&d=mm&r=g","contentUrl":"https:\/\/secure.gravatar.com\/avatar\/9c6a53b19e0a3431aa80de0895b9729fe665cd7e7d6cc94fc11abb152f4237d7?s=96&d=mm&r=g","caption":"Sylvie DE LAUZAINGHEIN"},"url":"https:\/\/www.cc3rivieres76.com\/blog\/author\/s76sylvie\/"}]}},"_links":{"self":[{"href":"https:\/\/www.cc3rivieres76.com\/blog\/wp-json\/wp\/v2\/posts\/436","targetHints":{"allow":["GET"]}}],"collection":[{"href":"https:\/\/www.cc3rivieres76.com\/blog\/wp-json\/wp\/v2\/posts"}],"about":[{"href":"https:\/\/www.cc3rivieres76.com\/blog\/wp-json\/wp\/v2\/types\/post"}],"author":[{"embeddable":true,"href":"https:\/\/www.cc3rivieres76.com\/blog\/wp-json\/wp\/v2\/users\/3"}],"replies":[{"embeddable":true,"href":"https:\/\/www.cc3rivieres76.com\/blog\/wp-json\/wp\/v2\/comments?post=436"}],"version-history":[{"count":0,"href":"https:\/\/www.cc3rivieres76.com\/blog\/wp-json\/wp\/v2\/posts\/436\/revisions"}],"wp:attachment":[{"href":"https:\/\/www.cc3rivieres76.com\/blog\/wp-json\/wp\/v2\/media?parent=436"}],"wp:term":[{"taxonomy":"category","embeddable":true,"href":"https:\/\/www.cc3rivieres76.com\/blog\/wp-json\/wp\/v2\/categories?post=436"},{"taxonomy":"post_tag","embeddable":true,"href":"https:\/\/www.cc3rivieres76.com\/blog\/wp-json\/wp\/v2\/tags?post=436"}],"curies":[{"name":"wp","href":"https:\/\/api.w.org\/{rel}","templated":true}]}}