{"id":460,"date":"2024-11-20T18:28:06","date_gmt":"2024-11-20T17:28:06","guid":{"rendered":"https:\/\/www.site.cdcl.xyz\/2024\/11\/20\/infos-france-les-serbes-en-colere-exigeant-le-depart-du-gouvernement-apres-leffondrement-meurtrier-dun-toit\/"},"modified":"2024-11-20T18:28:06","modified_gmt":"2024-11-20T17:28:06","slug":"infos-france-les-serbes-en-colere-exigeant-le-depart-du-gouvernement-apres-leffondrement-meurtrier-dun-toit","status":"publish","type":"post","link":"https:\/\/www.cc3rivieres76.com\/blog\/infos-france-les-serbes-en-colere-exigeant-le-depart-du-gouvernement-apres-leffondrement-meurtrier-dun-toit\/","title":{"rendered":"Infos france: Les Serbes en col\u00e8re exigeant le d\u00e9part du gouvernement apr\u00e8s l&rsquo;effondrement meurtrier d&rsquo;un toit"},"content":{"rendered":"\n<p><img decoding=\"async\" src=\"https:\/\/www.cc3rivieres76.com\/blog\/wp-content\/uploads\/2024\/11\/infos-france-les-serbes-en-colere-exigeant-le-depart-du-gouvernement-apres-leffondrement-meurtrier-dun-toit.jpg\"><br \/>Le ministre serbe du Commerce Tomislav Momirovic a d\u00e9missionn\u00e9 mercredi 20 novembre. C&rsquo;est le deuxi\u00e8me membre du gouvernement depuis l&rsquo;effondrement de l&rsquo;auvent en b\u00e9ton de la gare de Novi Sad qui a tu\u00e9 au moins 15 personnes, dont plusieurs enfants, selon les m\u00e9dias officiels. Des dizaines de milliers de Serbes manifestent chaque jour, r\u00e9clamant justice et le d\u00e9part de membres du gouvernement, dont le Premier ministre, accus\u00e9s de corruption et de n\u00e9potisme.<\/p>\n<p>Ouvrages sur un th\u00e8me analogue:<\/p>\n<p>Culture et politique dans la France des Lumi\u00e8res.,<a href=\"https:\/\/www.kobo.com\/fr\/fr\/ebook\/culture-et-politique-dans-la-france-des-lumieres\" target=\"_blank\" rel=\"noopener noreferrer nofollow\">Pr\u00e9sentation du livre<\/a><span><\/span>.<\/p>\n<p>La France de 1914 \u00e0 nos jours.,<a href=\"https:\/\/www.kobo.com\/fr\/fr\/ebook\/la-france-de-1914-a-nos-jours\" target=\"_blank\" rel=\"noopener noreferrer nofollow\">Lien sur l\u2019ouvrage<\/a><span><\/span>.<\/p>\n<p>Photographie\/Th\u00e8mes\/La nature\/Les papillons.,<a href=\"https:\/\/fr.wikibooks.org\/wiki\/Photographie\/Th%C3%A8mes\/La_nature\/Les_papillons\" target=\"_blank\" rel=\"noopener noreferrer nofollow\">Redirection vers la description <\/a><span><\/span>.<\/p>\n<p> Cet article, qui traite du th\u00e8me \u00ab\u00a0Les 3 rivi\u00e8res dans la Somme\u00a0\u00bb, vous est sp\u00e9cialement sugg\u00e9r\u00e9 par cc3rivieres76.com. La chronique est reproduite du mieux possible. Dans le cas o\u00f9 vous souhaitez apporter quelques pr\u00e9cisions concernant le domaine de \u00ab\u00a0Les 3 rivi\u00e8res dans la Somme\u00a0\u00bb vous pouvez solliciter notre r\u00e9daction. La destination de cc3rivieres76.com est de d\u00e9battre de Les 3 rivi\u00e8res dans la Somme dans la transparence en vous apportant la connaissance de tout ce qui est en lien avec ce sujet sur la toile Connectez-vous sur notre site cc3rivieres76.com et nos r\u00e9seaux sociaux dans le but d\u2019\u00eatre inform\u00e9 des futures publications.<\/p>\n","protected":false},"excerpt":{"rendered":"<p>Le ministre serbe du Commerce Tomislav Momirovic a d\u00e9missionn\u00e9 mercredi 20 novembre. C&rsquo;est le deuxi\u00e8me membre du gouvernement depuis l&rsquo;effondrement de l&rsquo;auvent en b\u00e9ton de la gare de Novi Sad qui a tu\u00e9 au moins 15 personnes, dont plusieurs enfants, selon les m\u00e9dias officiels. Des dizaines de milliers de Serbes manifestent chaque jour, r\u00e9clamant justice &hellip; <\/p>\n<p class=\"link-more\"><a href=\"https:\/\/www.cc3rivieres76.com\/blog\/infos-france-les-serbes-en-colere-exigeant-le-depart-du-gouvernement-apres-leffondrement-meurtrier-dun-toit\/\" class=\"more-link\">Continuer la lecture <span class=\"screen-reader-text\"> \u00ab\u00a0Infos france: Les Serbes en col\u00e8re exigeant le d\u00e9part du gouvernement apr\u00e8s l&rsquo;effondrement meurtrier d&rsquo;un toit\u00a0\u00bb<\/span><\/a><\/p>\n","protected":false},"author":3,"featured_media":461,"comment_status":"closed","ping_status":"closed","sticky":false,"template":"","format":"standard","meta":{"footnotes":""},"categories":[2],"tags":[],"class_list":["post-460","post","type-post","status-publish","format-standard","has-post-thumbnail","hentry","category-les-3-rivieres-dans-la-somme","entry"],"yoast_head":"<!-- This site is optimized with the Yoast SEO plugin v27.5 - https:\/\/yoast.com\/product\/yoast-seo-wordpress\/ -->\n<title>Infos france: Les Serbes en col\u00e8re exigeant le d\u00e9part du gouvernement apr\u00e8s l&#039;effondrement meurtrier d&#039;un toit - CC3RIVIERES76<\/title>\n<meta name=\"robots\" content=\"index, follow, max-snippet:-1, max-image-preview:large, max-video-preview:-1\" \/>\n<link rel=\"canonical\" href=\"https:\/\/www.cc3rivieres76.com\/blog\/infos-france-les-serbes-en-colere-exigeant-le-depart-du-gouvernement-apres-leffondrement-meurtrier-dun-toit\/\" \/>\n<meta property=\"og:locale\" content=\"fr_FR\" \/>\n<meta property=\"og:type\" content=\"article\" \/>\n<meta property=\"og:title\" content=\"Infos france: Les Serbes en col\u00e8re exigeant le d\u00e9part du gouvernement apr\u00e8s l&#039;effondrement meurtrier d&#039;un toit - CC3RIVIERES76\" \/>\n<meta property=\"og:description\" content=\"Le ministre serbe du Commerce Tomislav Momirovic a d\u00e9missionn\u00e9 mercredi 20 novembre. C&rsquo;est le deuxi\u00e8me membre du gouvernement depuis l&rsquo;effondrement de l&rsquo;auvent en b\u00e9ton de la gare de Novi Sad qui a tu\u00e9 au moins 15 personnes, dont plusieurs enfants, selon les m\u00e9dias officiels. Des dizaines de milliers de Serbes manifestent chaque jour, r\u00e9clamant justice &hellip; Continuer la lecture \u00ab\u00a0Infos france: Les Serbes en col\u00e8re exigeant le d\u00e9part du gouvernement apr\u00e8s l&rsquo;effondrement meurtrier d&rsquo;un toit\u00a0\u00bb\" \/>\n<meta property=\"og:url\" content=\"https:\/\/www.cc3rivieres76.com\/blog\/infos-france-les-serbes-en-colere-exigeant-le-depart-du-gouvernement-apres-leffondrement-meurtrier-dun-toit\/\" \/>\n<meta property=\"og:site_name\" content=\"CC3RIVIERES76\" \/>\n<meta property=\"article:published_time\" content=\"2024-11-20T17:28:06+00:00\" \/>\n<meta property=\"og:image\" content=\"https:\/\/www.cc3rivieres76.com\/blog\/wp-content\/uploads\/2024\/11\/infos-france-les-serbes-en-colere-exigeant-le-depart-du-gouvernement-apres-leffondrement-meurtrier-dun-toit.jpg\" \/>\n<meta name=\"author\" content=\"Sylvie DE LAUZAINGHEIN\" \/>\n<meta name=\"twitter:card\" content=\"summary_large_image\" \/>\n<meta name=\"twitter:label1\" content=\"\u00c9crit par\" \/>\n\t<meta name=\"twitter:data1\" content=\"Sylvie DE LAUZAINGHEIN\" \/>\n\t<meta name=\"twitter:label2\" content=\"Dur\u00e9e de lecture estim\u00e9e\" \/>\n\t<meta name=\"twitter:data2\" content=\"1 minute\" \/>\n<script type=\"application\/ld+json\" class=\"yoast-schema-graph\">{\"@context\":\"https:\\\/\\\/schema.org\",\"@graph\":[{\"@type\":\"Article\",\"@id\":\"https:\\\/\\\/www.cc3rivieres76.com\\\/blog\\\/infos-france-les-serbes-en-colere-exigeant-le-depart-du-gouvernement-apres-leffondrement-meurtrier-dun-toit\\\/#article\",\"isPartOf\":{\"@id\":\"https:\\\/\\\/www.cc3rivieres76.com\\\/blog\\\/infos-france-les-serbes-en-colere-exigeant-le-depart-du-gouvernement-apres-leffondrement-meurtrier-dun-toit\\\/\"},\"author\":{\"name\":\"Sylvie DE LAUZAINGHEIN\",\"@id\":\"https:\\\/\\\/www.cc3rivieres76.com\\\/blog\\\/#\\\/schema\\\/person\\\/474d457fb7747b5218f39792dfaa5a1c\"},\"headline\":\"Infos france: Les Serbes en col\u00e8re exigeant le d\u00e9part du gouvernement apr\u00e8s l&rsquo;effondrement meurtrier d&rsquo;un toit\",\"datePublished\":\"2024-11-20T17:28:06+00:00\",\"mainEntityOfPage\":{\"@id\":\"https:\\\/\\\/www.cc3rivieres76.com\\\/blog\\\/infos-france-les-serbes-en-colere-exigeant-le-depart-du-gouvernement-apres-leffondrement-meurtrier-dun-toit\\\/\"},\"wordCount\":256,\"publisher\":{\"@id\":\"https:\\\/\\\/www.cc3rivieres76.com\\\/blog\\\/#organization\"},\"image\":{\"@id\":\"https:\\\/\\\/www.cc3rivieres76.com\\\/blog\\\/infos-france-les-serbes-en-colere-exigeant-le-depart-du-gouvernement-apres-leffondrement-meurtrier-dun-toit\\\/#primaryimage\"},\"thumbnailUrl\":\"https:\\\/\\\/www.cc3rivieres76.com\\\/blog\\\/wp-content\\\/uploads\\\/2024\\\/11\\\/infos-france-les-serbes-en-colere-exigeant-le-depart-du-gouvernement-apres-leffondrement-meurtrier-dun-toit.jpg\",\"articleSection\":[\"Les 3 Rivi\u00e8res Dans La Somme:\"],\"inLanguage\":\"fr-FR\"},{\"@type\":\"WebPage\",\"@id\":\"https:\\\/\\\/www.cc3rivieres76.com\\\/blog\\\/infos-france-les-serbes-en-colere-exigeant-le-depart-du-gouvernement-apres-leffondrement-meurtrier-dun-toit\\\/\",\"url\":\"https:\\\/\\\/www.cc3rivieres76.com\\\/blog\\\/infos-france-les-serbes-en-colere-exigeant-le-depart-du-gouvernement-apres-leffondrement-meurtrier-dun-toit\\\/\",\"name\":\"Infos france: Les Serbes en col\u00e8re exigeant le d\u00e9part du gouvernement apr\u00e8s l'effondrement meurtrier d'un toit - CC3RIVIERES76\",\"isPartOf\":{\"@id\":\"https:\\\/\\\/www.cc3rivieres76.com\\\/blog\\\/#website\"},\"primaryImageOfPage\":{\"@id\":\"https:\\\/\\\/www.cc3rivieres76.com\\\/blog\\\/infos-france-les-serbes-en-colere-exigeant-le-depart-du-gouvernement-apres-leffondrement-meurtrier-dun-toit\\\/#primaryimage\"},\"image\":{\"@id\":\"https:\\\/\\\/www.cc3rivieres76.com\\\/blog\\\/infos-france-les-serbes-en-colere-exigeant-le-depart-du-gouvernement-apres-leffondrement-meurtrier-dun-toit\\\/#primaryimage\"},\"thumbnailUrl\":\"https:\\\/\\\/www.cc3rivieres76.com\\\/blog\\\/wp-content\\\/uploads\\\/2024\\\/11\\\/infos-france-les-serbes-en-colere-exigeant-le-depart-du-gouvernement-apres-leffondrement-meurtrier-dun-toit.jpg\",\"datePublished\":\"2024-11-20T17:28:06+00:00\",\"breadcrumb\":{\"@id\":\"https:\\\/\\\/www.cc3rivieres76.com\\\/blog\\\/infos-france-les-serbes-en-colere-exigeant-le-depart-du-gouvernement-apres-leffondrement-meurtrier-dun-toit\\\/#breadcrumb\"},\"inLanguage\":\"fr-FR\",\"potentialAction\":[{\"@type\":\"ReadAction\",\"target\":[\"https:\\\/\\\/www.cc3rivieres76.com\\\/blog\\\/infos-france-les-serbes-en-colere-exigeant-le-depart-du-gouvernement-apres-leffondrement-meurtrier-dun-toit\\\/\"]}]},{\"@type\":\"ImageObject\",\"inLanguage\":\"fr-FR\",\"@id\":\"https:\\\/\\\/www.cc3rivieres76.com\\\/blog\\\/infos-france-les-serbes-en-colere-exigeant-le-depart-du-gouvernement-apres-leffondrement-meurtrier-dun-toit\\\/#primaryimage\",\"url\":\"https:\\\/\\\/www.cc3rivieres76.com\\\/blog\\\/wp-content\\\/uploads\\\/2024\\\/11\\\/infos-france-les-serbes-en-colere-exigeant-le-depart-du-gouvernement-apres-leffondrement-meurtrier-dun-toit.jpg\",\"contentUrl\":\"https:\\\/\\\/www.cc3rivieres76.com\\\/blog\\\/wp-content\\\/uploads\\\/2024\\\/11\\\/infos-france-les-serbes-en-colere-exigeant-le-depart-du-gouvernement-apres-leffondrement-meurtrier-dun-toit.jpg\",\"width\":1024,\"height\":576,\"caption\":\"Infos france: Les Serbes en col\u00e8re exigeant le d\u00e9part du gouvernement apr\u00e8s l'effondrement meurtrier d'un toit\"},{\"@type\":\"BreadcrumbList\",\"@id\":\"https:\\\/\\\/www.cc3rivieres76.com\\\/blog\\\/infos-france-les-serbes-en-colere-exigeant-le-depart-du-gouvernement-apres-leffondrement-meurtrier-dun-toit\\\/#breadcrumb\",\"itemListElement\":[{\"@type\":\"ListItem\",\"position\":1,\"name\":\"Accueil\",\"item\":\"https:\\\/\\\/www.cc3rivieres76.com\\\/blog\\\/\"},{\"@type\":\"ListItem\",\"position\":2,\"name\":\"Infos france: Les Serbes en col\u00e8re exigeant le d\u00e9part du gouvernement apr\u00e8s l&rsquo;effondrement meurtrier d&rsquo;un toit\"}]},{\"@type\":\"WebSite\",\"@id\":\"https:\\\/\\\/www.cc3rivieres76.com\\\/blog\\\/#website\",\"url\":\"https:\\\/\\\/www.cc3rivieres76.com\\\/blog\\\/\",\"name\":\"CC3RIVIERES76\",\"description\":\"Les 3 rivi\u00e8res dans la Somme.\",\"publisher\":{\"@id\":\"https:\\\/\\\/www.cc3rivieres76.com\\\/blog\\\/#organization\"},\"potentialAction\":[{\"@type\":\"SearchAction\",\"target\":{\"@type\":\"EntryPoint\",\"urlTemplate\":\"https:\\\/\\\/www.cc3rivieres76.com\\\/blog\\\/?s={search_term_string}\"},\"query-input\":{\"@type\":\"PropertyValueSpecification\",\"valueRequired\":true,\"valueName\":\"search_term_string\"}}],\"inLanguage\":\"fr-FR\"},{\"@type\":\"Organization\",\"@id\":\"https:\\\/\\\/www.cc3rivieres76.com\\\/blog\\\/#organization\",\"name\":\"cc3rivieres76\",\"url\":\"https:\\\/\\\/www.cc3rivieres76.com\\\/blog\\\/\",\"logo\":{\"@type\":\"ImageObject\",\"inLanguage\":\"fr-FR\",\"@id\":\"https:\\\/\\\/www.cc3rivieres76.com\\\/blog\\\/#\\\/schema\\\/logo\\\/image\\\/\",\"url\":\"https:\\\/\\\/www.cc3rivieres76.com\\\/blog\\\/wp-content\\\/uploads\\\/2023\\\/06\\\/logo-2.png\",\"contentUrl\":\"https:\\\/\\\/www.cc3rivieres76.com\\\/blog\\\/wp-content\\\/uploads\\\/2023\\\/06\\\/logo-2.png\",\"width\":390,\"height\":388,\"caption\":\"cc3rivieres76\"},\"image\":{\"@id\":\"https:\\\/\\\/www.cc3rivieres76.com\\\/blog\\\/#\\\/schema\\\/logo\\\/image\\\/\"}},{\"@type\":\"Person\",\"@id\":\"https:\\\/\\\/www.cc3rivieres76.com\\\/blog\\\/#\\\/schema\\\/person\\\/474d457fb7747b5218f39792dfaa5a1c\",\"name\":\"Sylvie DE LAUZAINGHEIN\",\"image\":{\"@type\":\"ImageObject\",\"inLanguage\":\"fr-FR\",\"@id\":\"https:\\\/\\\/secure.gravatar.com\\\/avatar\\\/9c6a53b19e0a3431aa80de0895b9729fe665cd7e7d6cc94fc11abb152f4237d7?s=96&d=mm&r=g\",\"url\":\"https:\\\/\\\/secure.gravatar.com\\\/avatar\\\/9c6a53b19e0a3431aa80de0895b9729fe665cd7e7d6cc94fc11abb152f4237d7?s=96&d=mm&r=g\",\"contentUrl\":\"https:\\\/\\\/secure.gravatar.com\\\/avatar\\\/9c6a53b19e0a3431aa80de0895b9729fe665cd7e7d6cc94fc11abb152f4237d7?s=96&d=mm&r=g\",\"caption\":\"Sylvie DE LAUZAINGHEIN\"},\"url\":\"https:\\\/\\\/www.cc3rivieres76.com\\\/blog\\\/author\\\/s76sylvie\\\/\"}]}<\/script>\n<!-- \/ Yoast SEO plugin. -->","yoast_head_json":{"title":"Infos france: Les Serbes en col\u00e8re exigeant le d\u00e9part du gouvernement apr\u00e8s l'effondrement meurtrier d'un toit - CC3RIVIERES76","robots":{"index":"index","follow":"follow","max-snippet":"max-snippet:-1","max-image-preview":"max-image-preview:large","max-video-preview":"max-video-preview:-1"},"canonical":"https:\/\/www.cc3rivieres76.com\/blog\/infos-france-les-serbes-en-colere-exigeant-le-depart-du-gouvernement-apres-leffondrement-meurtrier-dun-toit\/","og_locale":"fr_FR","og_type":"article","og_title":"Infos france: Les Serbes en col\u00e8re exigeant le d\u00e9part du gouvernement apr\u00e8s l'effondrement meurtrier d'un toit - CC3RIVIERES76","og_description":"Le ministre serbe du Commerce Tomislav Momirovic a d\u00e9missionn\u00e9 mercredi 20 novembre. C&rsquo;est le deuxi\u00e8me membre du gouvernement depuis l&rsquo;effondrement de l&rsquo;auvent en b\u00e9ton de la gare de Novi Sad qui a tu\u00e9 au moins 15 personnes, dont plusieurs enfants, selon les m\u00e9dias officiels. Des dizaines de milliers de Serbes manifestent chaque jour, r\u00e9clamant justice &hellip; Continuer la lecture \u00ab\u00a0Infos france: Les Serbes en col\u00e8re exigeant le d\u00e9part du gouvernement apr\u00e8s l&rsquo;effondrement meurtrier d&rsquo;un toit\u00a0\u00bb","og_url":"https:\/\/www.cc3rivieres76.com\/blog\/infos-france-les-serbes-en-colere-exigeant-le-depart-du-gouvernement-apres-leffondrement-meurtrier-dun-toit\/","og_site_name":"CC3RIVIERES76","article_published_time":"2024-11-20T17:28:06+00:00","og_image":[{"url":"https:\/\/www.cc3rivieres76.com\/blog\/wp-content\/uploads\/2024\/11\/infos-france-les-serbes-en-colere-exigeant-le-depart-du-gouvernement-apres-leffondrement-meurtrier-dun-toit.jpg","type":"","width":"","height":""}],"author":"Sylvie DE LAUZAINGHEIN","twitter_card":"summary_large_image","twitter_misc":{"\u00c9crit par":"Sylvie DE LAUZAINGHEIN","Dur\u00e9e de lecture estim\u00e9e":"1 minute"},"schema":{"@context":"https:\/\/schema.org","@graph":[{"@type":"Article","@id":"https:\/\/www.cc3rivieres76.com\/blog\/infos-france-les-serbes-en-colere-exigeant-le-depart-du-gouvernement-apres-leffondrement-meurtrier-dun-toit\/#article","isPartOf":{"@id":"https:\/\/www.cc3rivieres76.com\/blog\/infos-france-les-serbes-en-colere-exigeant-le-depart-du-gouvernement-apres-leffondrement-meurtrier-dun-toit\/"},"author":{"name":"Sylvie DE LAUZAINGHEIN","@id":"https:\/\/www.cc3rivieres76.com\/blog\/#\/schema\/person\/474d457fb7747b5218f39792dfaa5a1c"},"headline":"Infos france: Les Serbes en col\u00e8re exigeant le d\u00e9part du gouvernement apr\u00e8s l&rsquo;effondrement meurtrier d&rsquo;un toit","datePublished":"2024-11-20T17:28:06+00:00","mainEntityOfPage":{"@id":"https:\/\/www.cc3rivieres76.com\/blog\/infos-france-les-serbes-en-colere-exigeant-le-depart-du-gouvernement-apres-leffondrement-meurtrier-dun-toit\/"},"wordCount":256,"publisher":{"@id":"https:\/\/www.cc3rivieres76.com\/blog\/#organization"},"image":{"@id":"https:\/\/www.cc3rivieres76.com\/blog\/infos-france-les-serbes-en-colere-exigeant-le-depart-du-gouvernement-apres-leffondrement-meurtrier-dun-toit\/#primaryimage"},"thumbnailUrl":"https:\/\/www.cc3rivieres76.com\/blog\/wp-content\/uploads\/2024\/11\/infos-france-les-serbes-en-colere-exigeant-le-depart-du-gouvernement-apres-leffondrement-meurtrier-dun-toit.jpg","articleSection":["Les 3 Rivi\u00e8res Dans La Somme:"],"inLanguage":"fr-FR"},{"@type":"WebPage","@id":"https:\/\/www.cc3rivieres76.com\/blog\/infos-france-les-serbes-en-colere-exigeant-le-depart-du-gouvernement-apres-leffondrement-meurtrier-dun-toit\/","url":"https:\/\/www.cc3rivieres76.com\/blog\/infos-france-les-serbes-en-colere-exigeant-le-depart-du-gouvernement-apres-leffondrement-meurtrier-dun-toit\/","name":"Infos france: Les Serbes en col\u00e8re exigeant le d\u00e9part du gouvernement apr\u00e8s l'effondrement meurtrier d'un toit - CC3RIVIERES76","isPartOf":{"@id":"https:\/\/www.cc3rivieres76.com\/blog\/#website"},"primaryImageOfPage":{"@id":"https:\/\/www.cc3rivieres76.com\/blog\/infos-france-les-serbes-en-colere-exigeant-le-depart-du-gouvernement-apres-leffondrement-meurtrier-dun-toit\/#primaryimage"},"image":{"@id":"https:\/\/www.cc3rivieres76.com\/blog\/infos-france-les-serbes-en-colere-exigeant-le-depart-du-gouvernement-apres-leffondrement-meurtrier-dun-toit\/#primaryimage"},"thumbnailUrl":"https:\/\/www.cc3rivieres76.com\/blog\/wp-content\/uploads\/2024\/11\/infos-france-les-serbes-en-colere-exigeant-le-depart-du-gouvernement-apres-leffondrement-meurtrier-dun-toit.jpg","datePublished":"2024-11-20T17:28:06+00:00","breadcrumb":{"@id":"https:\/\/www.cc3rivieres76.com\/blog\/infos-france-les-serbes-en-colere-exigeant-le-depart-du-gouvernement-apres-leffondrement-meurtrier-dun-toit\/#breadcrumb"},"inLanguage":"fr-FR","potentialAction":[{"@type":"ReadAction","target":["https:\/\/www.cc3rivieres76.com\/blog\/infos-france-les-serbes-en-colere-exigeant-le-depart-du-gouvernement-apres-leffondrement-meurtrier-dun-toit\/"]}]},{"@type":"ImageObject","inLanguage":"fr-FR","@id":"https:\/\/www.cc3rivieres76.com\/blog\/infos-france-les-serbes-en-colere-exigeant-le-depart-du-gouvernement-apres-leffondrement-meurtrier-dun-toit\/#primaryimage","url":"https:\/\/www.cc3rivieres76.com\/blog\/wp-content\/uploads\/2024\/11\/infos-france-les-serbes-en-colere-exigeant-le-depart-du-gouvernement-apres-leffondrement-meurtrier-dun-toit.jpg","contentUrl":"https:\/\/www.cc3rivieres76.com\/blog\/wp-content\/uploads\/2024\/11\/infos-france-les-serbes-en-colere-exigeant-le-depart-du-gouvernement-apres-leffondrement-meurtrier-dun-toit.jpg","width":1024,"height":576,"caption":"Infos france: Les Serbes en col\u00e8re exigeant le d\u00e9part du gouvernement apr\u00e8s l'effondrement meurtrier d'un toit"},{"@type":"BreadcrumbList","@id":"https:\/\/www.cc3rivieres76.com\/blog\/infos-france-les-serbes-en-colere-exigeant-le-depart-du-gouvernement-apres-leffondrement-meurtrier-dun-toit\/#breadcrumb","itemListElement":[{"@type":"ListItem","position":1,"name":"Accueil","item":"https:\/\/www.cc3rivieres76.com\/blog\/"},{"@type":"ListItem","position":2,"name":"Infos france: Les Serbes en col\u00e8re exigeant le d\u00e9part du gouvernement apr\u00e8s l&rsquo;effondrement meurtrier d&rsquo;un toit"}]},{"@type":"WebSite","@id":"https:\/\/www.cc3rivieres76.com\/blog\/#website","url":"https:\/\/www.cc3rivieres76.com\/blog\/","name":"CC3RIVIERES76","description":"Les 3 rivi\u00e8res dans la Somme.","publisher":{"@id":"https:\/\/www.cc3rivieres76.com\/blog\/#organization"},"potentialAction":[{"@type":"SearchAction","target":{"@type":"EntryPoint","urlTemplate":"https:\/\/www.cc3rivieres76.com\/blog\/?s={search_term_string}"},"query-input":{"@type":"PropertyValueSpecification","valueRequired":true,"valueName":"search_term_string"}}],"inLanguage":"fr-FR"},{"@type":"Organization","@id":"https:\/\/www.cc3rivieres76.com\/blog\/#organization","name":"cc3rivieres76","url":"https:\/\/www.cc3rivieres76.com\/blog\/","logo":{"@type":"ImageObject","inLanguage":"fr-FR","@id":"https:\/\/www.cc3rivieres76.com\/blog\/#\/schema\/logo\/image\/","url":"https:\/\/www.cc3rivieres76.com\/blog\/wp-content\/uploads\/2023\/06\/logo-2.png","contentUrl":"https:\/\/www.cc3rivieres76.com\/blog\/wp-content\/uploads\/2023\/06\/logo-2.png","width":390,"height":388,"caption":"cc3rivieres76"},"image":{"@id":"https:\/\/www.cc3rivieres76.com\/blog\/#\/schema\/logo\/image\/"}},{"@type":"Person","@id":"https:\/\/www.cc3rivieres76.com\/blog\/#\/schema\/person\/474d457fb7747b5218f39792dfaa5a1c","name":"Sylvie DE LAUZAINGHEIN","image":{"@type":"ImageObject","inLanguage":"fr-FR","@id":"https:\/\/secure.gravatar.com\/avatar\/9c6a53b19e0a3431aa80de0895b9729fe665cd7e7d6cc94fc11abb152f4237d7?s=96&d=mm&r=g","url":"https:\/\/secure.gravatar.com\/avatar\/9c6a53b19e0a3431aa80de0895b9729fe665cd7e7d6cc94fc11abb152f4237d7?s=96&d=mm&r=g","contentUrl":"https:\/\/secure.gravatar.com\/avatar\/9c6a53b19e0a3431aa80de0895b9729fe665cd7e7d6cc94fc11abb152f4237d7?s=96&d=mm&r=g","caption":"Sylvie DE LAUZAINGHEIN"},"url":"https:\/\/www.cc3rivieres76.com\/blog\/author\/s76sylvie\/"}]}},"_links":{"self":[{"href":"https:\/\/www.cc3rivieres76.com\/blog\/wp-json\/wp\/v2\/posts\/460","targetHints":{"allow":["GET"]}}],"collection":[{"href":"https:\/\/www.cc3rivieres76.com\/blog\/wp-json\/wp\/v2\/posts"}],"about":[{"href":"https:\/\/www.cc3rivieres76.com\/blog\/wp-json\/wp\/v2\/types\/post"}],"author":[{"embeddable":true,"href":"https:\/\/www.cc3rivieres76.com\/blog\/wp-json\/wp\/v2\/users\/3"}],"replies":[{"embeddable":true,"href":"https:\/\/www.cc3rivieres76.com\/blog\/wp-json\/wp\/v2\/comments?post=460"}],"version-history":[{"count":0,"href":"https:\/\/www.cc3rivieres76.com\/blog\/wp-json\/wp\/v2\/posts\/460\/revisions"}],"wp:featuredmedia":[{"embeddable":true,"href":"https:\/\/www.cc3rivieres76.com\/blog\/wp-json\/wp\/v2\/media\/461"}],"wp:attachment":[{"href":"https:\/\/www.cc3rivieres76.com\/blog\/wp-json\/wp\/v2\/media?parent=460"}],"wp:term":[{"taxonomy":"category","embeddable":true,"href":"https:\/\/www.cc3rivieres76.com\/blog\/wp-json\/wp\/v2\/categories?post=460"},{"taxonomy":"post_tag","embeddable":true,"href":"https:\/\/www.cc3rivieres76.com\/blog\/wp-json\/wp\/v2\/tags?post=460"}],"curies":[{"name":"wp","href":"https:\/\/api.w.org\/{rel}","templated":true}]}}