{"id":462,"date":"2024-11-20T14:35:00","date_gmt":"2024-11-20T13:35:00","guid":{"rendered":"https:\/\/www.site.cdcl.xyz\/2024\/11\/20\/informations-nationales-le-parquet-de-paris-fait-appel-de-la-condamnation-de-lauteur-de-menaces-contre-le-proviseur-du-lycee-ravel-france\/"},"modified":"2024-11-20T14:35:00","modified_gmt":"2024-11-20T13:35:00","slug":"informations-nationales-le-parquet-de-paris-fait-appel-de-la-condamnation-de-lauteur-de-menaces-contre-le-proviseur-du-lycee-ravel-france","status":"publish","type":"post","link":"https:\/\/www.cc3rivieres76.com\/blog\/informations-nationales-le-parquet-de-paris-fait-appel-de-la-condamnation-de-lauteur-de-menaces-contre-le-proviseur-du-lycee-ravel-france\/","title":{"rendered":"Informations nationales: Le parquet de Paris fait appel de\u00a0la condamnation de l\u2019auteur de menaces contre le proviseur du lyc\u00e9e Ravel #France"},"content":{"rendered":"\n<p>A noter, cet encart sur internet dont le sujet est \u00ab&nbsp;Actualit\u00e9 fran\u00e7aise&nbsp;\u00bb et qui va vous int\u00e9resser.<\/p>\n<h2>L\u2019article ci-dessous a \u00e9t\u00e9 publi\u00e9 par Le Point \u2013 Toute l&rsquo;info en continu<\/h2>\n<p><u>Signature . <\/u><\/p>\n<p><u>Date et heure de la r\u00e9ception de la d\u00e9p\u00e9che sur notre fil d\u2019info:<\/u><strong><span id=\"date\"><\/span><\/strong><\/p>\n<p><u>Date et heure de publication sur internet:<\/u> <strong><span id=\"datecrea\"><\/span><\/strong><\/p>\n<p><u>Titre exacte donn\u00e9 par le journal \u00e9tait:<\/u> <strong>Le parquet de Paris fait appel de&nbsp;la condamnation de l\u2019auteur de menaces contre le proviseur du lyc\u00e9e Ravel<\/strong><\/p>\n<p><u>Information et contenu publi\u00e9s :<\/u><\/p>\n<div id=\"contenu\"> <!-- include t_www_2023\/pages\/article\/blocs\/tag_pub.tpl --><br \/><!-- include \/t_www_2023\/pages\/article\/blocs\/tag_pub.tpl --><\/p>\n<p><span class=\"dflt-txt__lettrine\">L<\/span>e parquet de Paris a fait appel de la condamnation de l\u2019homme jug\u00e9 pour avoir menac\u00e9 de mort le proviseur du lyc\u00e9e Maurice-Ravel. Le pr\u00e9venu de 27&nbsp;ans a \u00e9t\u00e9 condamn\u00e9 ce lundi 18&nbsp;novembre \u00e0 suivre un stage de citoyennet\u00e9 ainsi qu\u2019\u00e0&nbsp;60&nbsp;jours-amende, de 10&nbsp;euros chacun, pour avoir appel\u00e9 \u00e0 \u00ab&nbsp;br\u00fbler vif&nbsp;\u00bb le chef de l\u2019\u00e9tablissement parisien.&nbsp;Le tribunal correctionnel de Paris&nbsp;l\u2019a \u00e9galement condamn\u00e9 \u00e0&nbsp;verser 3&nbsp;000&nbsp;euros de dommages et int\u00e9r\u00eats \u00e0 la victime.<\/p>\n<section class=\"mbl txtcenter\">\n<div id=\"newsletter\" class=\"bloc-1 title-top\">\n<span class=\"h2\">Le point du soir<\/span><\/p>\n<div class=\"step-1\">\n<p class=\"period\">Tous les soirs \u00e0 partir de 18h<\/p>\n<p>Recevez l\u2019information analys\u00e9e et d\u00e9crypt\u00e9e par la r\u00e9daction du Point.<\/p>\n<\/div>\n<div class=\"step-2\">\n<p>Merci !<br \/>Votre inscription a bien \u00e9t\u00e9 prise en compte avec l\u2019adresse email :<br \/><span class=\"email-sended\"><\/span><\/p>\n<p>Pour d\u00e9couvrir toutes nos autres newsletters, rendez-vous ici : MonCompte<\/p>\n<\/div>\n<p>En vous inscrivant, vous acceptez les conditions g\u00e9n\u00e9rales d\u2019utilisations et notre politique de confidentialit\u00e9.<\/p>\n<\/div>\n<p>Le parquet de Paris, qui avait requis un an de prison avec sursis et un stage au m\u00e9morial de la Shoah, a donc d\u00e9cid\u00e9 de faire appel ce mercredi 20&nbsp;novembre. Il souligne, aupr\u00e8s de BFMTV, qu\u2019un homme poursuivi pour la m\u00eame infraction mardi, apr\u00e8s avoir appel\u00e9 \u00e0 la mort d\u2019une enseignante sur les r\u00e9seaux sociaux, a \u00e9t\u00e9 condamn\u00e9 \u00e0 un an de prison et \u00e0 un stage de citoyennet\u00e9.<\/p>\n<h2>Un \u00ab&nbsp;coup port\u00e9 \u00e0 l\u2019\u00c9ducation nationale&nbsp;\u00bb<\/h2>\n<p><span class=\"Capsule discover-kangourou\"><br \/><span class=\"Phylactery\">\u00c0 D\u00e9couvrir<\/span><br \/><strong class=\"discover-kangourou__line\"><br \/><img decoding=\"async\" class=\"discover-kangourou__img\" src=\"https:\/\/www.site.cdcl.xyz\/wp-content\/uploads\/2024\/10\/Actus-nationales-Presidentielle-americaine-Kamala-Harris-hausse-le-ton-face.svg.svg+xml\"><br \/><strong class=\"discover-kangourou__txt\"><br \/><strong>Le Kangourou du jour<\/strong><\/strong><\/strong><\/span><\/p>\n<p>R\u00e9pondre<\/p>\n<p>L\u2019affaire du lyc\u00e9e Maurice-Ravel remonte au 28&nbsp;f\u00e9vrier 2024. Le proviseur avait&nbsp;eu une altercation avec une \u00e9tudiante de BTS qui refusait de retirer son voile&nbsp;dans l\u2019enceinte de la cit\u00e9 scolaire. Le lendemain, plusieurs menaces de mort \u00e9taient publi\u00e9es en ligne, dont celle du jeune homme de 27&nbsp;ans jug\u00e9 \u00e0 Paris, qui sur son compte X \u00e9crivait&nbsp;: \u00ab&nbsp;C\u2019est une dinguerie. Faut le br\u00fbler vif, ce chien.&nbsp;\u00bb Ces menaces ont conduit au d\u00e9part en retraite&nbsp;anticip\u00e9e du chef d\u2019\u00e9tablissement, pour raisons de s\u00e9curit\u00e9.<\/p>\n<p><span class=\"Capsule free\"><span class=\"Phylactery\">\u00c0 LIRE AUSSI<\/span> <strong class=\"strong\">\u00ab&nbsp;Je n\u2019arrivais plus \u00e0 prendre le m\u00e9tro&nbsp;\u00bb&nbsp;: l\u2019\u00e9mouvant t\u00e9moignage&nbsp;du proviseur du lyc\u00e9e Maurice-Ravel menac\u00e9 de mort<\/strong><\/span>\u00c0 la sortie de l\u2019audience lundi, l\u2019avocat du proviseur avait d\u00e9nonc\u00e9&nbsp;une d\u00e9cision \u00ab&nbsp;incompr\u00e9hensible au regard de la gravit\u00e9 des faits&nbsp;\u00bb. Il s\u2019agit \u00ab&nbsp;d\u2019un jugement stup\u00e9fiant qui banalise les discours de haine contre les chefs d\u2019\u00e9tablissement menac\u00e9s de mort dans l\u2019exercice de leurs fonctions&nbsp;\u00bb, a d\u00e9plor\u00e9&nbsp;M<sup>e<\/sup> Francis Lec.&nbsp;Pour la ministre&nbsp;Anne Genetet, cette condamnation est un \u00ab&nbsp;coup port\u00e9 \u00e0 l\u2019\u00c9ducation nationale&nbsp;\u00bb. \u00ab&nbsp;Il a \u00e9t\u00e9 condamn\u00e9, c\u2019est bien&nbsp;\u00bb, avait sobrement r\u00e9agi, pour sa part, l\u2019ex-proviseur du lyc\u00e9e Maurice-Ravel.<\/p>\n<\/section>\n<\/div>\n<p> <img decoding=\"async\" src=\"https:\/\/www.cc3rivieres76.com\/blog\/wp-content\/uploads\/2024\/11\/informations-nationales-le-parquet-de-paris-fait-appel-de-la-condamnation-de-lauteur-de-menaces-contre-le-proviseur-du-lycee-ravel-france.jpg\" alt=\"Le parquet de Paris fait appel de&nbsp;la condamnation de l\u2019auteur de menaces contre le proviseur du lyc\u00e9e Ravel\"><\/p>\n<p>#parquet #Paris #fait #appel #dela #condamnation #lauteur #menaces #contre #proviseur #lyc\u00e9e #Ravel<\/p>\n<p>Reprise de l\u2019information dans un style journalistique professionnel descriptif en organisant les id\u00e9es dans un ordre coh\u00e9rent avec titres html <\/p>\n<p>A lire sur un th\u00e8me analogue:<\/p>\n<p>Des jeunes gens m\u00f6dernes. Post-Punk, Cold Wave et culture nov\u00f6 en France de 1978 \u00e0 1983.,<a href=\"https:\/\/booknode.com\/des_jeunes_gens_modernes_post_punk_cold_wave_et_culture_novo_en_france_de_1978_a_1983_0101653\" target=\"_blank\" rel=\"noopener noreferrer nofollow\">Ici la fiche de pr\u00e9sentation<\/a><span><\/span>.<\/p>\n<p>Photographie\/Personnalit\u00e9s\/H.,<a href=\"https:\/\/fr.wikibooks.org\/wiki\/Photographie\/Personnalit%C3%A9s\/H\" target=\"_blank\" rel=\"noopener noreferrer nofollow\">Suivre ce lien <\/a><span><\/span>.<\/p>\n<p>Pourquoi on aime la France.,<a href=\"https:\/\/www.kobo.com\/fr\/fr\/ebook\/pourquoi-on-aime-la-france\" target=\"_blank\" rel=\"noopener noreferrer nofollow\">R\u00e9f\u00e9rence lit\u00e9raire de cet ouvrage<\/a><span><\/span>.<\/p>\n<p> Cet article, qui traite du th\u00e8me \u00ab\u00a0Les 3 rivi\u00e8res dans la Somme\u00a0\u00bb, vous est sp\u00e9cialement sugg\u00e9r\u00e9 par cc3rivieres76.com. La chronique est reproduite du mieux possible. Dans le cas o\u00f9 vous souhaitez apporter quelques pr\u00e9cisions concernant le domaine de \u00ab\u00a0Les 3 rivi\u00e8res dans la Somme\u00a0\u00bb vous pouvez solliciter notre r\u00e9daction. La destination de cc3rivieres76.com est de d\u00e9battre de Les 3 rivi\u00e8res dans la Somme dans la transparence en vous apportant la connaissance de tout ce qui est en lien avec ce sujet sur la toile Connectez-vous sur notre site cc3rivieres76.com et nos r\u00e9seaux sociaux dans le but d\u2019\u00eatre inform\u00e9 des futures publications.<\/p>\n","protected":false},"excerpt":{"rendered":"<p>A noter, cet encart sur internet dont le sujet est \u00ab&nbsp;Actualit\u00e9 fran\u00e7aise&nbsp;\u00bb et qui va vous int\u00e9resser. L\u2019article ci-dessous a \u00e9t\u00e9 publi\u00e9 par Le Point \u2013 Toute l&rsquo;info en continu Signature . Date et heure de la r\u00e9ception de la d\u00e9p\u00e9che sur notre fil d\u2019info: Date et heure de publication sur internet: Titre exacte donn\u00e9 &hellip; <\/p>\n<p class=\"link-more\"><a href=\"https:\/\/www.cc3rivieres76.com\/blog\/informations-nationales-le-parquet-de-paris-fait-appel-de-la-condamnation-de-lauteur-de-menaces-contre-le-proviseur-du-lycee-ravel-france\/\" class=\"more-link\">Continuer la lecture <span class=\"screen-reader-text\"> \u00ab\u00a0Informations nationales: Le parquet de Paris fait appel de\u00a0la condamnation de l\u2019auteur de menaces contre le proviseur du lyc\u00e9e Ravel #France\u00a0\u00bb<\/span><\/a><\/p>\n","protected":false},"author":3,"featured_media":0,"comment_status":"closed","ping_status":"closed","sticky":false,"template":"","format":"standard","meta":{"footnotes":""},"categories":[2],"tags":[],"class_list":["post-462","post","type-post","status-publish","format-standard","hentry","category-les-3-rivieres-dans-la-somme","entry"],"yoast_head":"<!-- This site is optimized with the Yoast SEO plugin v27.5 - https:\/\/yoast.com\/product\/yoast-seo-wordpress\/ -->\n<title>Informations nationales: Le parquet de Paris fait appel de\u00a0la condamnation de l\u2019auteur de menaces contre le proviseur du lyc\u00e9e Ravel #France - CC3RIVIERES76<\/title>\n<meta name=\"robots\" content=\"index, follow, max-snippet:-1, max-image-preview:large, max-video-preview:-1\" \/>\n<link rel=\"canonical\" href=\"https:\/\/www.cc3rivieres76.com\/blog\/informations-nationales-le-parquet-de-paris-fait-appel-de-la-condamnation-de-lauteur-de-menaces-contre-le-proviseur-du-lycee-ravel-france\/\" \/>\n<meta property=\"og:locale\" content=\"fr_FR\" \/>\n<meta property=\"og:type\" content=\"article\" \/>\n<meta property=\"og:title\" content=\"Informations nationales: Le parquet de Paris fait appel de\u00a0la condamnation de l\u2019auteur de menaces contre le proviseur du lyc\u00e9e Ravel #France - CC3RIVIERES76\" \/>\n<meta property=\"og:description\" content=\"A noter, cet encart sur internet dont le sujet est \u00ab&nbsp;Actualit\u00e9 fran\u00e7aise&nbsp;\u00bb et qui va vous int\u00e9resser. L\u2019article ci-dessous a \u00e9t\u00e9 publi\u00e9 par Le Point \u2013 Toute l&rsquo;info en continu Signature . Date et heure de la r\u00e9ception de la d\u00e9p\u00e9che sur notre fil d\u2019info: Date et heure de publication sur internet: Titre exacte donn\u00e9 &hellip; Continuer la lecture \u00ab\u00a0Informations nationales: Le parquet de Paris fait appel de\u00a0la condamnation de l\u2019auteur de menaces contre le proviseur du lyc\u00e9e Ravel #France\u00a0\u00bb\" \/>\n<meta property=\"og:url\" content=\"https:\/\/www.cc3rivieres76.com\/blog\/informations-nationales-le-parquet-de-paris-fait-appel-de-la-condamnation-de-lauteur-de-menaces-contre-le-proviseur-du-lycee-ravel-france\/\" \/>\n<meta property=\"og:site_name\" content=\"CC3RIVIERES76\" \/>\n<meta property=\"article:published_time\" content=\"2024-11-20T13:35:00+00:00\" \/>\n<meta property=\"og:image\" content=\"https:\/\/www.site.cdcl.xyz\/wp-content\/uploads\/2024\/10\/Actus-nationales-Presidentielle-americaine-Kamala-Harris-hausse-le-ton-face.svg.svg+xml\" \/>\n<meta name=\"author\" content=\"Sylvie DE LAUZAINGHEIN\" \/>\n<meta name=\"twitter:card\" content=\"summary_large_image\" \/>\n<meta name=\"twitter:label1\" content=\"\u00c9crit par\" \/>\n\t<meta name=\"twitter:data1\" content=\"Sylvie DE LAUZAINGHEIN\" \/>\n\t<meta name=\"twitter:label2\" content=\"Dur\u00e9e de lecture estim\u00e9e\" \/>\n\t<meta name=\"twitter:data2\" content=\"4 minutes\" \/>\n<script type=\"application\/ld+json\" class=\"yoast-schema-graph\">{\"@context\":\"https:\\\/\\\/schema.org\",\"@graph\":[{\"@type\":\"Article\",\"@id\":\"https:\\\/\\\/www.cc3rivieres76.com\\\/blog\\\/informations-nationales-le-parquet-de-paris-fait-appel-de-la-condamnation-de-lauteur-de-menaces-contre-le-proviseur-du-lycee-ravel-france\\\/#article\",\"isPartOf\":{\"@id\":\"https:\\\/\\\/www.cc3rivieres76.com\\\/blog\\\/informations-nationales-le-parquet-de-paris-fait-appel-de-la-condamnation-de-lauteur-de-menaces-contre-le-proviseur-du-lycee-ravel-france\\\/\"},\"author\":{\"name\":\"Sylvie DE LAUZAINGHEIN\",\"@id\":\"https:\\\/\\\/www.cc3rivieres76.com\\\/blog\\\/#\\\/schema\\\/person\\\/474d457fb7747b5218f39792dfaa5a1c\"},\"headline\":\"Informations nationales: Le parquet de Paris fait appel de\u00a0la condamnation de l\u2019auteur de menaces contre le proviseur du lyc\u00e9e Ravel #France\",\"datePublished\":\"2024-11-20T13:35:00+00:00\",\"mainEntityOfPage\":{\"@id\":\"https:\\\/\\\/www.cc3rivieres76.com\\\/blog\\\/informations-nationales-le-parquet-de-paris-fait-appel-de-la-condamnation-de-lauteur-de-menaces-contre-le-proviseur-du-lycee-ravel-france\\\/\"},\"wordCount\":794,\"publisher\":{\"@id\":\"https:\\\/\\\/www.cc3rivieres76.com\\\/blog\\\/#organization\"},\"image\":{\"@id\":\"https:\\\/\\\/www.cc3rivieres76.com\\\/blog\\\/informations-nationales-le-parquet-de-paris-fait-appel-de-la-condamnation-de-lauteur-de-menaces-contre-le-proviseur-du-lycee-ravel-france\\\/#primaryimage\"},\"thumbnailUrl\":\"https:\\\/\\\/www.site.cdcl.xyz\\\/wp-content\\\/uploads\\\/2024\\\/10\\\/Actus-nationales-Presidentielle-americaine-Kamala-Harris-hausse-le-ton-face.svg.svg+xml\",\"articleSection\":[\"Les 3 Rivi\u00e8res Dans La Somme:\"],\"inLanguage\":\"fr-FR\"},{\"@type\":\"WebPage\",\"@id\":\"https:\\\/\\\/www.cc3rivieres76.com\\\/blog\\\/informations-nationales-le-parquet-de-paris-fait-appel-de-la-condamnation-de-lauteur-de-menaces-contre-le-proviseur-du-lycee-ravel-france\\\/\",\"url\":\"https:\\\/\\\/www.cc3rivieres76.com\\\/blog\\\/informations-nationales-le-parquet-de-paris-fait-appel-de-la-condamnation-de-lauteur-de-menaces-contre-le-proviseur-du-lycee-ravel-france\\\/\",\"name\":\"Informations nationales: Le parquet de Paris fait appel de\u00a0la condamnation de l\u2019auteur de menaces contre le proviseur du lyc\u00e9e Ravel #France - CC3RIVIERES76\",\"isPartOf\":{\"@id\":\"https:\\\/\\\/www.cc3rivieres76.com\\\/blog\\\/#website\"},\"primaryImageOfPage\":{\"@id\":\"https:\\\/\\\/www.cc3rivieres76.com\\\/blog\\\/informations-nationales-le-parquet-de-paris-fait-appel-de-la-condamnation-de-lauteur-de-menaces-contre-le-proviseur-du-lycee-ravel-france\\\/#primaryimage\"},\"image\":{\"@id\":\"https:\\\/\\\/www.cc3rivieres76.com\\\/blog\\\/informations-nationales-le-parquet-de-paris-fait-appel-de-la-condamnation-de-lauteur-de-menaces-contre-le-proviseur-du-lycee-ravel-france\\\/#primaryimage\"},\"thumbnailUrl\":\"https:\\\/\\\/www.site.cdcl.xyz\\\/wp-content\\\/uploads\\\/2024\\\/10\\\/Actus-nationales-Presidentielle-americaine-Kamala-Harris-hausse-le-ton-face.svg.svg+xml\",\"datePublished\":\"2024-11-20T13:35:00+00:00\",\"breadcrumb\":{\"@id\":\"https:\\\/\\\/www.cc3rivieres76.com\\\/blog\\\/informations-nationales-le-parquet-de-paris-fait-appel-de-la-condamnation-de-lauteur-de-menaces-contre-le-proviseur-du-lycee-ravel-france\\\/#breadcrumb\"},\"inLanguage\":\"fr-FR\",\"potentialAction\":[{\"@type\":\"ReadAction\",\"target\":[\"https:\\\/\\\/www.cc3rivieres76.com\\\/blog\\\/informations-nationales-le-parquet-de-paris-fait-appel-de-la-condamnation-de-lauteur-de-menaces-contre-le-proviseur-du-lycee-ravel-france\\\/\"]}]},{\"@type\":\"ImageObject\",\"inLanguage\":\"fr-FR\",\"@id\":\"https:\\\/\\\/www.cc3rivieres76.com\\\/blog\\\/informations-nationales-le-parquet-de-paris-fait-appel-de-la-condamnation-de-lauteur-de-menaces-contre-le-proviseur-du-lycee-ravel-france\\\/#primaryimage\",\"url\":\"https:\\\/\\\/www.site.cdcl.xyz\\\/wp-content\\\/uploads\\\/2024\\\/10\\\/Actus-nationales-Presidentielle-americaine-Kamala-Harris-hausse-le-ton-face.svg.svg+xml\",\"contentUrl\":\"https:\\\/\\\/www.site.cdcl.xyz\\\/wp-content\\\/uploads\\\/2024\\\/10\\\/Actus-nationales-Presidentielle-americaine-Kamala-Harris-hausse-le-ton-face.svg.svg+xml\"},{\"@type\":\"BreadcrumbList\",\"@id\":\"https:\\\/\\\/www.cc3rivieres76.com\\\/blog\\\/informations-nationales-le-parquet-de-paris-fait-appel-de-la-condamnation-de-lauteur-de-menaces-contre-le-proviseur-du-lycee-ravel-france\\\/#breadcrumb\",\"itemListElement\":[{\"@type\":\"ListItem\",\"position\":1,\"name\":\"Accueil\",\"item\":\"https:\\\/\\\/www.cc3rivieres76.com\\\/blog\\\/\"},{\"@type\":\"ListItem\",\"position\":2,\"name\":\"Informations nationales: Le parquet de Paris fait appel de\u00a0la condamnation de l\u2019auteur de menaces contre le proviseur du lyc\u00e9e Ravel #France\"}]},{\"@type\":\"WebSite\",\"@id\":\"https:\\\/\\\/www.cc3rivieres76.com\\\/blog\\\/#website\",\"url\":\"https:\\\/\\\/www.cc3rivieres76.com\\\/blog\\\/\",\"name\":\"CC3RIVIERES76\",\"description\":\"Les 3 rivi\u00e8res dans la Somme.\",\"publisher\":{\"@id\":\"https:\\\/\\\/www.cc3rivieres76.com\\\/blog\\\/#organization\"},\"potentialAction\":[{\"@type\":\"SearchAction\",\"target\":{\"@type\":\"EntryPoint\",\"urlTemplate\":\"https:\\\/\\\/www.cc3rivieres76.com\\\/blog\\\/?s={search_term_string}\"},\"query-input\":{\"@type\":\"PropertyValueSpecification\",\"valueRequired\":true,\"valueName\":\"search_term_string\"}}],\"inLanguage\":\"fr-FR\"},{\"@type\":\"Organization\",\"@id\":\"https:\\\/\\\/www.cc3rivieres76.com\\\/blog\\\/#organization\",\"name\":\"cc3rivieres76\",\"url\":\"https:\\\/\\\/www.cc3rivieres76.com\\\/blog\\\/\",\"logo\":{\"@type\":\"ImageObject\",\"inLanguage\":\"fr-FR\",\"@id\":\"https:\\\/\\\/www.cc3rivieres76.com\\\/blog\\\/#\\\/schema\\\/logo\\\/image\\\/\",\"url\":\"https:\\\/\\\/www.cc3rivieres76.com\\\/blog\\\/wp-content\\\/uploads\\\/2023\\\/06\\\/logo-2.png\",\"contentUrl\":\"https:\\\/\\\/www.cc3rivieres76.com\\\/blog\\\/wp-content\\\/uploads\\\/2023\\\/06\\\/logo-2.png\",\"width\":390,\"height\":388,\"caption\":\"cc3rivieres76\"},\"image\":{\"@id\":\"https:\\\/\\\/www.cc3rivieres76.com\\\/blog\\\/#\\\/schema\\\/logo\\\/image\\\/\"}},{\"@type\":\"Person\",\"@id\":\"https:\\\/\\\/www.cc3rivieres76.com\\\/blog\\\/#\\\/schema\\\/person\\\/474d457fb7747b5218f39792dfaa5a1c\",\"name\":\"Sylvie DE LAUZAINGHEIN\",\"image\":{\"@type\":\"ImageObject\",\"inLanguage\":\"fr-FR\",\"@id\":\"https:\\\/\\\/secure.gravatar.com\\\/avatar\\\/9c6a53b19e0a3431aa80de0895b9729fe665cd7e7d6cc94fc11abb152f4237d7?s=96&d=mm&r=g\",\"url\":\"https:\\\/\\\/secure.gravatar.com\\\/avatar\\\/9c6a53b19e0a3431aa80de0895b9729fe665cd7e7d6cc94fc11abb152f4237d7?s=96&d=mm&r=g\",\"contentUrl\":\"https:\\\/\\\/secure.gravatar.com\\\/avatar\\\/9c6a53b19e0a3431aa80de0895b9729fe665cd7e7d6cc94fc11abb152f4237d7?s=96&d=mm&r=g\",\"caption\":\"Sylvie DE LAUZAINGHEIN\"},\"url\":\"https:\\\/\\\/www.cc3rivieres76.com\\\/blog\\\/author\\\/s76sylvie\\\/\"}]}<\/script>\n<!-- \/ Yoast SEO plugin. -->","yoast_head_json":{"title":"Informations nationales: Le parquet de Paris fait appel de\u00a0la condamnation de l\u2019auteur de menaces contre le proviseur du lyc\u00e9e Ravel #France - CC3RIVIERES76","robots":{"index":"index","follow":"follow","max-snippet":"max-snippet:-1","max-image-preview":"max-image-preview:large","max-video-preview":"max-video-preview:-1"},"canonical":"https:\/\/www.cc3rivieres76.com\/blog\/informations-nationales-le-parquet-de-paris-fait-appel-de-la-condamnation-de-lauteur-de-menaces-contre-le-proviseur-du-lycee-ravel-france\/","og_locale":"fr_FR","og_type":"article","og_title":"Informations nationales: Le parquet de Paris fait appel de\u00a0la condamnation de l\u2019auteur de menaces contre le proviseur du lyc\u00e9e Ravel #France - CC3RIVIERES76","og_description":"A noter, cet encart sur internet dont le sujet est \u00ab&nbsp;Actualit\u00e9 fran\u00e7aise&nbsp;\u00bb et qui va vous int\u00e9resser. L\u2019article ci-dessous a \u00e9t\u00e9 publi\u00e9 par Le Point \u2013 Toute l&rsquo;info en continu Signature . Date et heure de la r\u00e9ception de la d\u00e9p\u00e9che sur notre fil d\u2019info: Date et heure de publication sur internet: Titre exacte donn\u00e9 &hellip; Continuer la lecture \u00ab\u00a0Informations nationales: Le parquet de Paris fait appel de\u00a0la condamnation de l\u2019auteur de menaces contre le proviseur du lyc\u00e9e Ravel #France\u00a0\u00bb","og_url":"https:\/\/www.cc3rivieres76.com\/blog\/informations-nationales-le-parquet-de-paris-fait-appel-de-la-condamnation-de-lauteur-de-menaces-contre-le-proviseur-du-lycee-ravel-france\/","og_site_name":"CC3RIVIERES76","article_published_time":"2024-11-20T13:35:00+00:00","og_image":[{"url":"https:\/\/www.site.cdcl.xyz\/wp-content\/uploads\/2024\/10\/Actus-nationales-Presidentielle-americaine-Kamala-Harris-hausse-le-ton-face.svg.svg+xml","type":"","width":"","height":""}],"author":"Sylvie DE LAUZAINGHEIN","twitter_card":"summary_large_image","twitter_misc":{"\u00c9crit par":"Sylvie DE LAUZAINGHEIN","Dur\u00e9e de lecture estim\u00e9e":"4 minutes"},"schema":{"@context":"https:\/\/schema.org","@graph":[{"@type":"Article","@id":"https:\/\/www.cc3rivieres76.com\/blog\/informations-nationales-le-parquet-de-paris-fait-appel-de-la-condamnation-de-lauteur-de-menaces-contre-le-proviseur-du-lycee-ravel-france\/#article","isPartOf":{"@id":"https:\/\/www.cc3rivieres76.com\/blog\/informations-nationales-le-parquet-de-paris-fait-appel-de-la-condamnation-de-lauteur-de-menaces-contre-le-proviseur-du-lycee-ravel-france\/"},"author":{"name":"Sylvie DE LAUZAINGHEIN","@id":"https:\/\/www.cc3rivieres76.com\/blog\/#\/schema\/person\/474d457fb7747b5218f39792dfaa5a1c"},"headline":"Informations nationales: Le parquet de Paris fait appel de\u00a0la condamnation de l\u2019auteur de menaces contre le proviseur du lyc\u00e9e Ravel #France","datePublished":"2024-11-20T13:35:00+00:00","mainEntityOfPage":{"@id":"https:\/\/www.cc3rivieres76.com\/blog\/informations-nationales-le-parquet-de-paris-fait-appel-de-la-condamnation-de-lauteur-de-menaces-contre-le-proviseur-du-lycee-ravel-france\/"},"wordCount":794,"publisher":{"@id":"https:\/\/www.cc3rivieres76.com\/blog\/#organization"},"image":{"@id":"https:\/\/www.cc3rivieres76.com\/blog\/informations-nationales-le-parquet-de-paris-fait-appel-de-la-condamnation-de-lauteur-de-menaces-contre-le-proviseur-du-lycee-ravel-france\/#primaryimage"},"thumbnailUrl":"https:\/\/www.site.cdcl.xyz\/wp-content\/uploads\/2024\/10\/Actus-nationales-Presidentielle-americaine-Kamala-Harris-hausse-le-ton-face.svg.svg+xml","articleSection":["Les 3 Rivi\u00e8res Dans La Somme:"],"inLanguage":"fr-FR"},{"@type":"WebPage","@id":"https:\/\/www.cc3rivieres76.com\/blog\/informations-nationales-le-parquet-de-paris-fait-appel-de-la-condamnation-de-lauteur-de-menaces-contre-le-proviseur-du-lycee-ravel-france\/","url":"https:\/\/www.cc3rivieres76.com\/blog\/informations-nationales-le-parquet-de-paris-fait-appel-de-la-condamnation-de-lauteur-de-menaces-contre-le-proviseur-du-lycee-ravel-france\/","name":"Informations nationales: Le parquet de Paris fait appel de\u00a0la condamnation de l\u2019auteur de menaces contre le proviseur du lyc\u00e9e Ravel #France - CC3RIVIERES76","isPartOf":{"@id":"https:\/\/www.cc3rivieres76.com\/blog\/#website"},"primaryImageOfPage":{"@id":"https:\/\/www.cc3rivieres76.com\/blog\/informations-nationales-le-parquet-de-paris-fait-appel-de-la-condamnation-de-lauteur-de-menaces-contre-le-proviseur-du-lycee-ravel-france\/#primaryimage"},"image":{"@id":"https:\/\/www.cc3rivieres76.com\/blog\/informations-nationales-le-parquet-de-paris-fait-appel-de-la-condamnation-de-lauteur-de-menaces-contre-le-proviseur-du-lycee-ravel-france\/#primaryimage"},"thumbnailUrl":"https:\/\/www.site.cdcl.xyz\/wp-content\/uploads\/2024\/10\/Actus-nationales-Presidentielle-americaine-Kamala-Harris-hausse-le-ton-face.svg.svg+xml","datePublished":"2024-11-20T13:35:00+00:00","breadcrumb":{"@id":"https:\/\/www.cc3rivieres76.com\/blog\/informations-nationales-le-parquet-de-paris-fait-appel-de-la-condamnation-de-lauteur-de-menaces-contre-le-proviseur-du-lycee-ravel-france\/#breadcrumb"},"inLanguage":"fr-FR","potentialAction":[{"@type":"ReadAction","target":["https:\/\/www.cc3rivieres76.com\/blog\/informations-nationales-le-parquet-de-paris-fait-appel-de-la-condamnation-de-lauteur-de-menaces-contre-le-proviseur-du-lycee-ravel-france\/"]}]},{"@type":"ImageObject","inLanguage":"fr-FR","@id":"https:\/\/www.cc3rivieres76.com\/blog\/informations-nationales-le-parquet-de-paris-fait-appel-de-la-condamnation-de-lauteur-de-menaces-contre-le-proviseur-du-lycee-ravel-france\/#primaryimage","url":"https:\/\/www.site.cdcl.xyz\/wp-content\/uploads\/2024\/10\/Actus-nationales-Presidentielle-americaine-Kamala-Harris-hausse-le-ton-face.svg.svg+xml","contentUrl":"https:\/\/www.site.cdcl.xyz\/wp-content\/uploads\/2024\/10\/Actus-nationales-Presidentielle-americaine-Kamala-Harris-hausse-le-ton-face.svg.svg+xml"},{"@type":"BreadcrumbList","@id":"https:\/\/www.cc3rivieres76.com\/blog\/informations-nationales-le-parquet-de-paris-fait-appel-de-la-condamnation-de-lauteur-de-menaces-contre-le-proviseur-du-lycee-ravel-france\/#breadcrumb","itemListElement":[{"@type":"ListItem","position":1,"name":"Accueil","item":"https:\/\/www.cc3rivieres76.com\/blog\/"},{"@type":"ListItem","position":2,"name":"Informations nationales: Le parquet de Paris fait appel de\u00a0la condamnation de l\u2019auteur de menaces contre le proviseur du lyc\u00e9e Ravel #France"}]},{"@type":"WebSite","@id":"https:\/\/www.cc3rivieres76.com\/blog\/#website","url":"https:\/\/www.cc3rivieres76.com\/blog\/","name":"CC3RIVIERES76","description":"Les 3 rivi\u00e8res dans la Somme.","publisher":{"@id":"https:\/\/www.cc3rivieres76.com\/blog\/#organization"},"potentialAction":[{"@type":"SearchAction","target":{"@type":"EntryPoint","urlTemplate":"https:\/\/www.cc3rivieres76.com\/blog\/?s={search_term_string}"},"query-input":{"@type":"PropertyValueSpecification","valueRequired":true,"valueName":"search_term_string"}}],"inLanguage":"fr-FR"},{"@type":"Organization","@id":"https:\/\/www.cc3rivieres76.com\/blog\/#organization","name":"cc3rivieres76","url":"https:\/\/www.cc3rivieres76.com\/blog\/","logo":{"@type":"ImageObject","inLanguage":"fr-FR","@id":"https:\/\/www.cc3rivieres76.com\/blog\/#\/schema\/logo\/image\/","url":"https:\/\/www.cc3rivieres76.com\/blog\/wp-content\/uploads\/2023\/06\/logo-2.png","contentUrl":"https:\/\/www.cc3rivieres76.com\/blog\/wp-content\/uploads\/2023\/06\/logo-2.png","width":390,"height":388,"caption":"cc3rivieres76"},"image":{"@id":"https:\/\/www.cc3rivieres76.com\/blog\/#\/schema\/logo\/image\/"}},{"@type":"Person","@id":"https:\/\/www.cc3rivieres76.com\/blog\/#\/schema\/person\/474d457fb7747b5218f39792dfaa5a1c","name":"Sylvie DE LAUZAINGHEIN","image":{"@type":"ImageObject","inLanguage":"fr-FR","@id":"https:\/\/secure.gravatar.com\/avatar\/9c6a53b19e0a3431aa80de0895b9729fe665cd7e7d6cc94fc11abb152f4237d7?s=96&d=mm&r=g","url":"https:\/\/secure.gravatar.com\/avatar\/9c6a53b19e0a3431aa80de0895b9729fe665cd7e7d6cc94fc11abb152f4237d7?s=96&d=mm&r=g","contentUrl":"https:\/\/secure.gravatar.com\/avatar\/9c6a53b19e0a3431aa80de0895b9729fe665cd7e7d6cc94fc11abb152f4237d7?s=96&d=mm&r=g","caption":"Sylvie DE LAUZAINGHEIN"},"url":"https:\/\/www.cc3rivieres76.com\/blog\/author\/s76sylvie\/"}]}},"_links":{"self":[{"href":"https:\/\/www.cc3rivieres76.com\/blog\/wp-json\/wp\/v2\/posts\/462","targetHints":{"allow":["GET"]}}],"collection":[{"href":"https:\/\/www.cc3rivieres76.com\/blog\/wp-json\/wp\/v2\/posts"}],"about":[{"href":"https:\/\/www.cc3rivieres76.com\/blog\/wp-json\/wp\/v2\/types\/post"}],"author":[{"embeddable":true,"href":"https:\/\/www.cc3rivieres76.com\/blog\/wp-json\/wp\/v2\/users\/3"}],"replies":[{"embeddable":true,"href":"https:\/\/www.cc3rivieres76.com\/blog\/wp-json\/wp\/v2\/comments?post=462"}],"version-history":[{"count":0,"href":"https:\/\/www.cc3rivieres76.com\/blog\/wp-json\/wp\/v2\/posts\/462\/revisions"}],"wp:attachment":[{"href":"https:\/\/www.cc3rivieres76.com\/blog\/wp-json\/wp\/v2\/media?parent=462"}],"wp:term":[{"taxonomy":"category","embeddable":true,"href":"https:\/\/www.cc3rivieres76.com\/blog\/wp-json\/wp\/v2\/categories?post=462"},{"taxonomy":"post_tag","embeddable":true,"href":"https:\/\/www.cc3rivieres76.com\/blog\/wp-json\/wp\/v2\/tags?post=462"}],"curies":[{"name":"wp","href":"https:\/\/api.w.org\/{rel}","templated":true}]}}