{"id":473,"date":"2024-12-05T15:08:23","date_gmt":"2024-12-05T14:08:23","guid":{"rendered":"https:\/\/www.site.cdcl.xyz\/2024\/12\/05\/infos-francaises-etats-unis-donald-trump-nomme-un-proche-delon-musk-a-la-tete-de-la-nasa\/"},"modified":"2024-12-05T15:08:23","modified_gmt":"2024-12-05T14:08:23","slug":"infos-francaises-etats-unis-donald-trump-nomme-un-proche-delon-musk-a-la-tete-de-la-nasa","status":"publish","type":"post","link":"https:\/\/www.cc3rivieres76.com\/blog\/infos-francaises-etats-unis-donald-trump-nomme-un-proche-delon-musk-a-la-tete-de-la-nasa\/","title":{"rendered":"Infos fran\u00e7aises: \u00c9tats-Unis : Donald Trump nomme un proche d&rsquo;Elon Musk \u00e0 la t\u00eate de la Nasa"},"content":{"rendered":"\n<p><img decoding=\"async\" src=\"https:\/\/www.cc3rivieres76.com\/blog\/wp-content\/uploads\/2024\/12\/infos-francaises-etats-unis-donald-trump-nomme-un-proche-delon-musk-a-la-tete-de-la-nasa.jpg\"><br \/>Alors que Donald Trump poursuit les nominations \u00e0 la t\u00eate de sa future administration, Jared Isaacman vient d&rsquo;\u00eatre nomm\u00e9, ce mercredi 4 d\u00e9cembre, pour diriger la Nasa, l&rsquo;agence spatiale am\u00e9ricaine. Il s&rsquo;agit d&rsquo;un proche d&rsquo;Elon Musk, le milliardaire \u00e9galement patron de la soci\u00e9t\u00e9 priv\u00e9e Space X, avec qui Jared Isaacman avait justement men\u00e9 des missions dans l&rsquo;espace.<\/p>\n<p>Lecture:<\/p>\n<p>Combats pour la France.,<a href=\"https:\/\/www.kobo.com\/fr\/fr\/ebook\/combats-pour-la-france\" target=\"_blank\" rel=\"noopener noreferrer nofollow\">R\u00e9f\u00e9rence lit\u00e9raire de ce livre<\/a><span><\/span>.<\/p>\n<p>La France libre fut africaine.,<a href=\"https:\/\/www.kobo.com\/fr\/fr\/ebook\/la-france-libre-fut-africaine\" target=\"_blank\" rel=\"noopener noreferrer nofollow\">Clique ICI <\/a><span><\/span>. Disponible \u00e0 l\u2019achat sur les plateformes Amazon, Fnac, Cultura \u2026.<\/p>\n<p>Photographie\/Soci\u00e9t\u00e9s et Organisations\/\u00c9diteurs de cartes postales\/Au Pays de France.,<a href=\"https:\/\/fr.wikibooks.org\/wiki\/Photographie\/Soci%C3%A9t%C3%A9s_et_Organisations\/%C3%89diteurs_de_cartes_postales\/Au_Pays_de_France\" target=\"_blank\" rel=\"noopener noreferrer nofollow\">Fiche compl\u00e8te<\/a><span><\/span>.<\/p>\n<p> Cet article, qui traite du th\u00e8me \u00ab\u00a0Les 3 rivi\u00e8res dans la Somme\u00a0\u00bb, vous est sp\u00e9cialement sugg\u00e9r\u00e9 par cc3rivieres76.com. La chronique est reproduite du mieux possible. Dans le cas o\u00f9 vous souhaitez apporter quelques pr\u00e9cisions concernant le domaine de \u00ab\u00a0Les 3 rivi\u00e8res dans la Somme\u00a0\u00bb vous pouvez solliciter notre r\u00e9daction. La destination de cc3rivieres76.com est de d\u00e9battre de Les 3 rivi\u00e8res dans la Somme dans la transparence en vous apportant la connaissance de tout ce qui est en lien avec ce sujet sur la toile Connectez-vous sur notre site cc3rivieres76.com et nos r\u00e9seaux sociaux dans le but d\u2019\u00eatre inform\u00e9 des futures publications.<\/p>\n","protected":false},"excerpt":{"rendered":"<p>Alors que Donald Trump poursuit les nominations \u00e0 la t\u00eate de sa future administration, Jared Isaacman vient d&rsquo;\u00eatre nomm\u00e9, ce mercredi 4 d\u00e9cembre, pour diriger la Nasa, l&rsquo;agence spatiale am\u00e9ricaine. Il s&rsquo;agit d&rsquo;un proche d&rsquo;Elon Musk, le milliardaire \u00e9galement patron de la soci\u00e9t\u00e9 priv\u00e9e Space X, avec qui Jared Isaacman avait justement men\u00e9 des missions &hellip; <\/p>\n<p class=\"link-more\"><a href=\"https:\/\/www.cc3rivieres76.com\/blog\/infos-francaises-etats-unis-donald-trump-nomme-un-proche-delon-musk-a-la-tete-de-la-nasa\/\" class=\"more-link\">Continuer la lecture <span class=\"screen-reader-text\"> \u00ab\u00a0Infos fran\u00e7aises: \u00c9tats-Unis : Donald Trump nomme un proche d&rsquo;Elon Musk \u00e0 la t\u00eate de la Nasa\u00a0\u00bb<\/span><\/a><\/p>\n","protected":false},"author":3,"featured_media":474,"comment_status":"closed","ping_status":"closed","sticky":false,"template":"","format":"standard","meta":{"footnotes":""},"categories":[2],"tags":[],"class_list":["post-473","post","type-post","status-publish","format-standard","has-post-thumbnail","hentry","category-les-3-rivieres-dans-la-somme","entry"],"yoast_head":"<!-- This site is optimized with the Yoast SEO plugin v27.5 - https:\/\/yoast.com\/product\/yoast-seo-wordpress\/ -->\n<title>Infos fran\u00e7aises: \u00c9tats-Unis : Donald Trump nomme un proche d&#039;Elon Musk \u00e0 la t\u00eate de la Nasa - CC3RIVIERES76<\/title>\n<meta name=\"robots\" content=\"index, follow, max-snippet:-1, max-image-preview:large, max-video-preview:-1\" \/>\n<link rel=\"canonical\" href=\"https:\/\/www.cc3rivieres76.com\/blog\/infos-francaises-etats-unis-donald-trump-nomme-un-proche-delon-musk-a-la-tete-de-la-nasa\/\" \/>\n<meta property=\"og:locale\" content=\"fr_FR\" \/>\n<meta property=\"og:type\" content=\"article\" \/>\n<meta property=\"og:title\" content=\"Infos fran\u00e7aises: \u00c9tats-Unis : Donald Trump nomme un proche d&#039;Elon Musk \u00e0 la t\u00eate de la Nasa - CC3RIVIERES76\" \/>\n<meta property=\"og:description\" content=\"Alors que Donald Trump poursuit les nominations \u00e0 la t\u00eate de sa future administration, Jared Isaacman vient d&rsquo;\u00eatre nomm\u00e9, ce mercredi 4 d\u00e9cembre, pour diriger la Nasa, l&rsquo;agence spatiale am\u00e9ricaine. Il s&rsquo;agit d&rsquo;un proche d&rsquo;Elon Musk, le milliardaire \u00e9galement patron de la soci\u00e9t\u00e9 priv\u00e9e Space X, avec qui Jared Isaacman avait justement men\u00e9 des missions &hellip; Continuer la lecture \u00ab\u00a0Infos fran\u00e7aises: \u00c9tats-Unis : Donald Trump nomme un proche d&rsquo;Elon Musk \u00e0 la t\u00eate de la Nasa\u00a0\u00bb\" \/>\n<meta property=\"og:url\" content=\"https:\/\/www.cc3rivieres76.com\/blog\/infos-francaises-etats-unis-donald-trump-nomme-un-proche-delon-musk-a-la-tete-de-la-nasa\/\" \/>\n<meta property=\"og:site_name\" content=\"CC3RIVIERES76\" \/>\n<meta property=\"article:published_time\" content=\"2024-12-05T14:08:23+00:00\" \/>\n<meta property=\"og:image\" content=\"https:\/\/www.cc3rivieres76.com\/blog\/wp-content\/uploads\/2024\/12\/infos-francaises-etats-unis-donald-trump-nomme-un-proche-delon-musk-a-la-tete-de-la-nasa.jpg\" \/>\n<meta name=\"author\" content=\"Sylvie DE LAUZAINGHEIN\" \/>\n<meta name=\"twitter:card\" content=\"summary_large_image\" \/>\n<meta name=\"twitter:label1\" content=\"\u00c9crit par\" \/>\n\t<meta name=\"twitter:data1\" content=\"Sylvie DE LAUZAINGHEIN\" \/>\n\t<meta name=\"twitter:label2\" content=\"Dur\u00e9e de lecture estim\u00e9e\" \/>\n\t<meta name=\"twitter:data2\" content=\"1 minute\" \/>\n<script type=\"application\/ld+json\" class=\"yoast-schema-graph\">{\"@context\":\"https:\\\/\\\/schema.org\",\"@graph\":[{\"@type\":\"Article\",\"@id\":\"https:\\\/\\\/www.cc3rivieres76.com\\\/blog\\\/infos-francaises-etats-unis-donald-trump-nomme-un-proche-delon-musk-a-la-tete-de-la-nasa\\\/#article\",\"isPartOf\":{\"@id\":\"https:\\\/\\\/www.cc3rivieres76.com\\\/blog\\\/infos-francaises-etats-unis-donald-trump-nomme-un-proche-delon-musk-a-la-tete-de-la-nasa\\\/\"},\"author\":{\"name\":\"Sylvie DE LAUZAINGHEIN\",\"@id\":\"https:\\\/\\\/www.cc3rivieres76.com\\\/blog\\\/#\\\/schema\\\/person\\\/474d457fb7747b5218f39792dfaa5a1c\"},\"headline\":\"Infos fran\u00e7aises: \u00c9tats-Unis : Donald Trump nomme un proche d&rsquo;Elon Musk \u00e0 la t\u00eate de la Nasa\",\"datePublished\":\"2024-12-05T14:08:23+00:00\",\"mainEntityOfPage\":{\"@id\":\"https:\\\/\\\/www.cc3rivieres76.com\\\/blog\\\/infos-francaises-etats-unis-donald-trump-nomme-un-proche-delon-musk-a-la-tete-de-la-nasa\\\/\"},\"wordCount\":245,\"publisher\":{\"@id\":\"https:\\\/\\\/www.cc3rivieres76.com\\\/blog\\\/#organization\"},\"image\":{\"@id\":\"https:\\\/\\\/www.cc3rivieres76.com\\\/blog\\\/infos-francaises-etats-unis-donald-trump-nomme-un-proche-delon-musk-a-la-tete-de-la-nasa\\\/#primaryimage\"},\"thumbnailUrl\":\"https:\\\/\\\/www.cc3rivieres76.com\\\/blog\\\/wp-content\\\/uploads\\\/2024\\\/12\\\/infos-francaises-etats-unis-donald-trump-nomme-un-proche-delon-musk-a-la-tete-de-la-nasa.jpg\",\"articleSection\":[\"Les 3 Rivi\u00e8res Dans La Somme:\"],\"inLanguage\":\"fr-FR\"},{\"@type\":\"WebPage\",\"@id\":\"https:\\\/\\\/www.cc3rivieres76.com\\\/blog\\\/infos-francaises-etats-unis-donald-trump-nomme-un-proche-delon-musk-a-la-tete-de-la-nasa\\\/\",\"url\":\"https:\\\/\\\/www.cc3rivieres76.com\\\/blog\\\/infos-francaises-etats-unis-donald-trump-nomme-un-proche-delon-musk-a-la-tete-de-la-nasa\\\/\",\"name\":\"Infos fran\u00e7aises: \u00c9tats-Unis : Donald Trump nomme un proche d'Elon Musk \u00e0 la t\u00eate de la Nasa - CC3RIVIERES76\",\"isPartOf\":{\"@id\":\"https:\\\/\\\/www.cc3rivieres76.com\\\/blog\\\/#website\"},\"primaryImageOfPage\":{\"@id\":\"https:\\\/\\\/www.cc3rivieres76.com\\\/blog\\\/infos-francaises-etats-unis-donald-trump-nomme-un-proche-delon-musk-a-la-tete-de-la-nasa\\\/#primaryimage\"},\"image\":{\"@id\":\"https:\\\/\\\/www.cc3rivieres76.com\\\/blog\\\/infos-francaises-etats-unis-donald-trump-nomme-un-proche-delon-musk-a-la-tete-de-la-nasa\\\/#primaryimage\"},\"thumbnailUrl\":\"https:\\\/\\\/www.cc3rivieres76.com\\\/blog\\\/wp-content\\\/uploads\\\/2024\\\/12\\\/infos-francaises-etats-unis-donald-trump-nomme-un-proche-delon-musk-a-la-tete-de-la-nasa.jpg\",\"datePublished\":\"2024-12-05T14:08:23+00:00\",\"breadcrumb\":{\"@id\":\"https:\\\/\\\/www.cc3rivieres76.com\\\/blog\\\/infos-francaises-etats-unis-donald-trump-nomme-un-proche-delon-musk-a-la-tete-de-la-nasa\\\/#breadcrumb\"},\"inLanguage\":\"fr-FR\",\"potentialAction\":[{\"@type\":\"ReadAction\",\"target\":[\"https:\\\/\\\/www.cc3rivieres76.com\\\/blog\\\/infos-francaises-etats-unis-donald-trump-nomme-un-proche-delon-musk-a-la-tete-de-la-nasa\\\/\"]}]},{\"@type\":\"ImageObject\",\"inLanguage\":\"fr-FR\",\"@id\":\"https:\\\/\\\/www.cc3rivieres76.com\\\/blog\\\/infos-francaises-etats-unis-donald-trump-nomme-un-proche-delon-musk-a-la-tete-de-la-nasa\\\/#primaryimage\",\"url\":\"https:\\\/\\\/www.cc3rivieres76.com\\\/blog\\\/wp-content\\\/uploads\\\/2024\\\/12\\\/infos-francaises-etats-unis-donald-trump-nomme-un-proche-delon-musk-a-la-tete-de-la-nasa.jpg\",\"contentUrl\":\"https:\\\/\\\/www.cc3rivieres76.com\\\/blog\\\/wp-content\\\/uploads\\\/2024\\\/12\\\/infos-francaises-etats-unis-donald-trump-nomme-un-proche-delon-musk-a-la-tete-de-la-nasa.jpg\",\"width\":1024,\"height\":576,\"caption\":\"Infos fran\u00e7aises: \u00c9tats Unis : Donald Trump nomme un proche d'Elon Musk \u00e0 la t\u00eate de la Nasa\"},{\"@type\":\"BreadcrumbList\",\"@id\":\"https:\\\/\\\/www.cc3rivieres76.com\\\/blog\\\/infos-francaises-etats-unis-donald-trump-nomme-un-proche-delon-musk-a-la-tete-de-la-nasa\\\/#breadcrumb\",\"itemListElement\":[{\"@type\":\"ListItem\",\"position\":1,\"name\":\"Accueil\",\"item\":\"https:\\\/\\\/www.cc3rivieres76.com\\\/blog\\\/\"},{\"@type\":\"ListItem\",\"position\":2,\"name\":\"Infos fran\u00e7aises: \u00c9tats-Unis : Donald Trump nomme un proche d&rsquo;Elon Musk \u00e0 la t\u00eate de la Nasa\"}]},{\"@type\":\"WebSite\",\"@id\":\"https:\\\/\\\/www.cc3rivieres76.com\\\/blog\\\/#website\",\"url\":\"https:\\\/\\\/www.cc3rivieres76.com\\\/blog\\\/\",\"name\":\"CC3RIVIERES76\",\"description\":\"Les 3 rivi\u00e8res dans la Somme.\",\"publisher\":{\"@id\":\"https:\\\/\\\/www.cc3rivieres76.com\\\/blog\\\/#organization\"},\"potentialAction\":[{\"@type\":\"SearchAction\",\"target\":{\"@type\":\"EntryPoint\",\"urlTemplate\":\"https:\\\/\\\/www.cc3rivieres76.com\\\/blog\\\/?s={search_term_string}\"},\"query-input\":{\"@type\":\"PropertyValueSpecification\",\"valueRequired\":true,\"valueName\":\"search_term_string\"}}],\"inLanguage\":\"fr-FR\"},{\"@type\":\"Organization\",\"@id\":\"https:\\\/\\\/www.cc3rivieres76.com\\\/blog\\\/#organization\",\"name\":\"cc3rivieres76\",\"url\":\"https:\\\/\\\/www.cc3rivieres76.com\\\/blog\\\/\",\"logo\":{\"@type\":\"ImageObject\",\"inLanguage\":\"fr-FR\",\"@id\":\"https:\\\/\\\/www.cc3rivieres76.com\\\/blog\\\/#\\\/schema\\\/logo\\\/image\\\/\",\"url\":\"https:\\\/\\\/www.cc3rivieres76.com\\\/blog\\\/wp-content\\\/uploads\\\/2023\\\/06\\\/logo-2.png\",\"contentUrl\":\"https:\\\/\\\/www.cc3rivieres76.com\\\/blog\\\/wp-content\\\/uploads\\\/2023\\\/06\\\/logo-2.png\",\"width\":390,\"height\":388,\"caption\":\"cc3rivieres76\"},\"image\":{\"@id\":\"https:\\\/\\\/www.cc3rivieres76.com\\\/blog\\\/#\\\/schema\\\/logo\\\/image\\\/\"}},{\"@type\":\"Person\",\"@id\":\"https:\\\/\\\/www.cc3rivieres76.com\\\/blog\\\/#\\\/schema\\\/person\\\/474d457fb7747b5218f39792dfaa5a1c\",\"name\":\"Sylvie DE LAUZAINGHEIN\",\"image\":{\"@type\":\"ImageObject\",\"inLanguage\":\"fr-FR\",\"@id\":\"https:\\\/\\\/secure.gravatar.com\\\/avatar\\\/9c6a53b19e0a3431aa80de0895b9729fe665cd7e7d6cc94fc11abb152f4237d7?s=96&d=mm&r=g\",\"url\":\"https:\\\/\\\/secure.gravatar.com\\\/avatar\\\/9c6a53b19e0a3431aa80de0895b9729fe665cd7e7d6cc94fc11abb152f4237d7?s=96&d=mm&r=g\",\"contentUrl\":\"https:\\\/\\\/secure.gravatar.com\\\/avatar\\\/9c6a53b19e0a3431aa80de0895b9729fe665cd7e7d6cc94fc11abb152f4237d7?s=96&d=mm&r=g\",\"caption\":\"Sylvie DE LAUZAINGHEIN\"},\"url\":\"https:\\\/\\\/www.cc3rivieres76.com\\\/blog\\\/author\\\/s76sylvie\\\/\"}]}<\/script>\n<!-- \/ Yoast SEO plugin. -->","yoast_head_json":{"title":"Infos fran\u00e7aises: \u00c9tats-Unis : Donald Trump nomme un proche d'Elon Musk \u00e0 la t\u00eate de la Nasa - CC3RIVIERES76","robots":{"index":"index","follow":"follow","max-snippet":"max-snippet:-1","max-image-preview":"max-image-preview:large","max-video-preview":"max-video-preview:-1"},"canonical":"https:\/\/www.cc3rivieres76.com\/blog\/infos-francaises-etats-unis-donald-trump-nomme-un-proche-delon-musk-a-la-tete-de-la-nasa\/","og_locale":"fr_FR","og_type":"article","og_title":"Infos fran\u00e7aises: \u00c9tats-Unis : Donald Trump nomme un proche d'Elon Musk \u00e0 la t\u00eate de la Nasa - CC3RIVIERES76","og_description":"Alors que Donald Trump poursuit les nominations \u00e0 la t\u00eate de sa future administration, Jared Isaacman vient d&rsquo;\u00eatre nomm\u00e9, ce mercredi 4 d\u00e9cembre, pour diriger la Nasa, l&rsquo;agence spatiale am\u00e9ricaine. Il s&rsquo;agit d&rsquo;un proche d&rsquo;Elon Musk, le milliardaire \u00e9galement patron de la soci\u00e9t\u00e9 priv\u00e9e Space X, avec qui Jared Isaacman avait justement men\u00e9 des missions &hellip; Continuer la lecture \u00ab\u00a0Infos fran\u00e7aises: \u00c9tats-Unis : Donald Trump nomme un proche d&rsquo;Elon Musk \u00e0 la t\u00eate de la Nasa\u00a0\u00bb","og_url":"https:\/\/www.cc3rivieres76.com\/blog\/infos-francaises-etats-unis-donald-trump-nomme-un-proche-delon-musk-a-la-tete-de-la-nasa\/","og_site_name":"CC3RIVIERES76","article_published_time":"2024-12-05T14:08:23+00:00","og_image":[{"url":"https:\/\/www.cc3rivieres76.com\/blog\/wp-content\/uploads\/2024\/12\/infos-francaises-etats-unis-donald-trump-nomme-un-proche-delon-musk-a-la-tete-de-la-nasa.jpg","type":"","width":"","height":""}],"author":"Sylvie DE LAUZAINGHEIN","twitter_card":"summary_large_image","twitter_misc":{"\u00c9crit par":"Sylvie DE LAUZAINGHEIN","Dur\u00e9e de lecture estim\u00e9e":"1 minute"},"schema":{"@context":"https:\/\/schema.org","@graph":[{"@type":"Article","@id":"https:\/\/www.cc3rivieres76.com\/blog\/infos-francaises-etats-unis-donald-trump-nomme-un-proche-delon-musk-a-la-tete-de-la-nasa\/#article","isPartOf":{"@id":"https:\/\/www.cc3rivieres76.com\/blog\/infos-francaises-etats-unis-donald-trump-nomme-un-proche-delon-musk-a-la-tete-de-la-nasa\/"},"author":{"name":"Sylvie DE LAUZAINGHEIN","@id":"https:\/\/www.cc3rivieres76.com\/blog\/#\/schema\/person\/474d457fb7747b5218f39792dfaa5a1c"},"headline":"Infos fran\u00e7aises: \u00c9tats-Unis : Donald Trump nomme un proche d&rsquo;Elon Musk \u00e0 la t\u00eate de la Nasa","datePublished":"2024-12-05T14:08:23+00:00","mainEntityOfPage":{"@id":"https:\/\/www.cc3rivieres76.com\/blog\/infos-francaises-etats-unis-donald-trump-nomme-un-proche-delon-musk-a-la-tete-de-la-nasa\/"},"wordCount":245,"publisher":{"@id":"https:\/\/www.cc3rivieres76.com\/blog\/#organization"},"image":{"@id":"https:\/\/www.cc3rivieres76.com\/blog\/infos-francaises-etats-unis-donald-trump-nomme-un-proche-delon-musk-a-la-tete-de-la-nasa\/#primaryimage"},"thumbnailUrl":"https:\/\/www.cc3rivieres76.com\/blog\/wp-content\/uploads\/2024\/12\/infos-francaises-etats-unis-donald-trump-nomme-un-proche-delon-musk-a-la-tete-de-la-nasa.jpg","articleSection":["Les 3 Rivi\u00e8res Dans La Somme:"],"inLanguage":"fr-FR"},{"@type":"WebPage","@id":"https:\/\/www.cc3rivieres76.com\/blog\/infos-francaises-etats-unis-donald-trump-nomme-un-proche-delon-musk-a-la-tete-de-la-nasa\/","url":"https:\/\/www.cc3rivieres76.com\/blog\/infos-francaises-etats-unis-donald-trump-nomme-un-proche-delon-musk-a-la-tete-de-la-nasa\/","name":"Infos fran\u00e7aises: \u00c9tats-Unis : Donald Trump nomme un proche d'Elon Musk \u00e0 la t\u00eate de la Nasa - CC3RIVIERES76","isPartOf":{"@id":"https:\/\/www.cc3rivieres76.com\/blog\/#website"},"primaryImageOfPage":{"@id":"https:\/\/www.cc3rivieres76.com\/blog\/infos-francaises-etats-unis-donald-trump-nomme-un-proche-delon-musk-a-la-tete-de-la-nasa\/#primaryimage"},"image":{"@id":"https:\/\/www.cc3rivieres76.com\/blog\/infos-francaises-etats-unis-donald-trump-nomme-un-proche-delon-musk-a-la-tete-de-la-nasa\/#primaryimage"},"thumbnailUrl":"https:\/\/www.cc3rivieres76.com\/blog\/wp-content\/uploads\/2024\/12\/infos-francaises-etats-unis-donald-trump-nomme-un-proche-delon-musk-a-la-tete-de-la-nasa.jpg","datePublished":"2024-12-05T14:08:23+00:00","breadcrumb":{"@id":"https:\/\/www.cc3rivieres76.com\/blog\/infos-francaises-etats-unis-donald-trump-nomme-un-proche-delon-musk-a-la-tete-de-la-nasa\/#breadcrumb"},"inLanguage":"fr-FR","potentialAction":[{"@type":"ReadAction","target":["https:\/\/www.cc3rivieres76.com\/blog\/infos-francaises-etats-unis-donald-trump-nomme-un-proche-delon-musk-a-la-tete-de-la-nasa\/"]}]},{"@type":"ImageObject","inLanguage":"fr-FR","@id":"https:\/\/www.cc3rivieres76.com\/blog\/infos-francaises-etats-unis-donald-trump-nomme-un-proche-delon-musk-a-la-tete-de-la-nasa\/#primaryimage","url":"https:\/\/www.cc3rivieres76.com\/blog\/wp-content\/uploads\/2024\/12\/infos-francaises-etats-unis-donald-trump-nomme-un-proche-delon-musk-a-la-tete-de-la-nasa.jpg","contentUrl":"https:\/\/www.cc3rivieres76.com\/blog\/wp-content\/uploads\/2024\/12\/infos-francaises-etats-unis-donald-trump-nomme-un-proche-delon-musk-a-la-tete-de-la-nasa.jpg","width":1024,"height":576,"caption":"Infos fran\u00e7aises: \u00c9tats Unis : Donald Trump nomme un proche d'Elon Musk \u00e0 la t\u00eate de la Nasa"},{"@type":"BreadcrumbList","@id":"https:\/\/www.cc3rivieres76.com\/blog\/infos-francaises-etats-unis-donald-trump-nomme-un-proche-delon-musk-a-la-tete-de-la-nasa\/#breadcrumb","itemListElement":[{"@type":"ListItem","position":1,"name":"Accueil","item":"https:\/\/www.cc3rivieres76.com\/blog\/"},{"@type":"ListItem","position":2,"name":"Infos fran\u00e7aises: \u00c9tats-Unis : Donald Trump nomme un proche d&rsquo;Elon Musk \u00e0 la t\u00eate de la Nasa"}]},{"@type":"WebSite","@id":"https:\/\/www.cc3rivieres76.com\/blog\/#website","url":"https:\/\/www.cc3rivieres76.com\/blog\/","name":"CC3RIVIERES76","description":"Les 3 rivi\u00e8res dans la Somme.","publisher":{"@id":"https:\/\/www.cc3rivieres76.com\/blog\/#organization"},"potentialAction":[{"@type":"SearchAction","target":{"@type":"EntryPoint","urlTemplate":"https:\/\/www.cc3rivieres76.com\/blog\/?s={search_term_string}"},"query-input":{"@type":"PropertyValueSpecification","valueRequired":true,"valueName":"search_term_string"}}],"inLanguage":"fr-FR"},{"@type":"Organization","@id":"https:\/\/www.cc3rivieres76.com\/blog\/#organization","name":"cc3rivieres76","url":"https:\/\/www.cc3rivieres76.com\/blog\/","logo":{"@type":"ImageObject","inLanguage":"fr-FR","@id":"https:\/\/www.cc3rivieres76.com\/blog\/#\/schema\/logo\/image\/","url":"https:\/\/www.cc3rivieres76.com\/blog\/wp-content\/uploads\/2023\/06\/logo-2.png","contentUrl":"https:\/\/www.cc3rivieres76.com\/blog\/wp-content\/uploads\/2023\/06\/logo-2.png","width":390,"height":388,"caption":"cc3rivieres76"},"image":{"@id":"https:\/\/www.cc3rivieres76.com\/blog\/#\/schema\/logo\/image\/"}},{"@type":"Person","@id":"https:\/\/www.cc3rivieres76.com\/blog\/#\/schema\/person\/474d457fb7747b5218f39792dfaa5a1c","name":"Sylvie DE LAUZAINGHEIN","image":{"@type":"ImageObject","inLanguage":"fr-FR","@id":"https:\/\/secure.gravatar.com\/avatar\/9c6a53b19e0a3431aa80de0895b9729fe665cd7e7d6cc94fc11abb152f4237d7?s=96&d=mm&r=g","url":"https:\/\/secure.gravatar.com\/avatar\/9c6a53b19e0a3431aa80de0895b9729fe665cd7e7d6cc94fc11abb152f4237d7?s=96&d=mm&r=g","contentUrl":"https:\/\/secure.gravatar.com\/avatar\/9c6a53b19e0a3431aa80de0895b9729fe665cd7e7d6cc94fc11abb152f4237d7?s=96&d=mm&r=g","caption":"Sylvie DE LAUZAINGHEIN"},"url":"https:\/\/www.cc3rivieres76.com\/blog\/author\/s76sylvie\/"}]}},"_links":{"self":[{"href":"https:\/\/www.cc3rivieres76.com\/blog\/wp-json\/wp\/v2\/posts\/473","targetHints":{"allow":["GET"]}}],"collection":[{"href":"https:\/\/www.cc3rivieres76.com\/blog\/wp-json\/wp\/v2\/posts"}],"about":[{"href":"https:\/\/www.cc3rivieres76.com\/blog\/wp-json\/wp\/v2\/types\/post"}],"author":[{"embeddable":true,"href":"https:\/\/www.cc3rivieres76.com\/blog\/wp-json\/wp\/v2\/users\/3"}],"replies":[{"embeddable":true,"href":"https:\/\/www.cc3rivieres76.com\/blog\/wp-json\/wp\/v2\/comments?post=473"}],"version-history":[{"count":0,"href":"https:\/\/www.cc3rivieres76.com\/blog\/wp-json\/wp\/v2\/posts\/473\/revisions"}],"wp:featuredmedia":[{"embeddable":true,"href":"https:\/\/www.cc3rivieres76.com\/blog\/wp-json\/wp\/v2\/media\/474"}],"wp:attachment":[{"href":"https:\/\/www.cc3rivieres76.com\/blog\/wp-json\/wp\/v2\/media?parent=473"}],"wp:term":[{"taxonomy":"category","embeddable":true,"href":"https:\/\/www.cc3rivieres76.com\/blog\/wp-json\/wp\/v2\/categories?post=473"},{"taxonomy":"post_tag","embeddable":true,"href":"https:\/\/www.cc3rivieres76.com\/blog\/wp-json\/wp\/v2\/tags?post=473"}],"curies":[{"name":"wp","href":"https:\/\/api.w.org\/{rel}","templated":true}]}}