{"id":475,"date":"2024-12-05T11:06:00","date_gmt":"2024-12-05T10:06:00","guid":{"rendered":"https:\/\/www.site.cdcl.xyz\/2024\/12\/05\/actualites-nationales-un-francais-sur-deux-souhaite-la-demission-demmanuel-macron-france\/"},"modified":"2024-12-05T11:06:00","modified_gmt":"2024-12-05T10:06:00","slug":"actualites-nationales-un-francais-sur-deux-souhaite-la-demission-demmanuel-macron-france","status":"publish","type":"post","link":"https:\/\/www.cc3rivieres76.com\/blog\/actualites-nationales-un-francais-sur-deux-souhaite-la-demission-demmanuel-macron-france\/","title":{"rendered":"Actualit\u00e9s nationales: un Fran\u00e7ais sur deux\u00a0souhaite la d\u00e9mission d\u2019Emmanuel Macron #France"},"content":{"rendered":"\n<p>Cet encart de quelques lignes ayant pour th\u00e9matique \u00ab&nbsp;Actualit\u00e9 fran\u00e7aise&nbsp;\u00bb circule sur le web, nous avons projet\u00e9 de vous le signaler plus bas.<\/p>\n<h2>\nPubli\u00e9 sur Le Point \u2013 Politique, l\u2019article suivant<\/h2>\n<p><u>Signature . <\/u><\/p>\n<p><u>Date et heure de la r\u00e9ception de la d\u00e9p\u00e9che sur notre fil d\u2019info:<\/u><strong><span id=\"date\"><\/span><\/strong><\/p>\n<p><u>Date et heure de publication sur internet:<\/u> <strong><span id=\"datecrea\"><\/span><\/strong><\/p>\n<p><u>Titre exacte donn\u00e9 par le journal \u00e9tait:<\/u> <strong>un Fran\u00e7ais sur deux&nbsp;souhaite la d\u00e9mission d\u2019Emmanuel Macron<\/strong><\/p>\n<p><u>Information et contenu publi\u00e9s :<\/u><\/p>\n<div id=\"contenu\"> <!-- include t_www_2023\/pages\/article\/blocs\/tag_pub.tpl --><br \/><!-- include \/t_www_2023\/pages\/article\/blocs\/tag_pub.tpl --><\/p>\n<p><span class=\"dflt-txt__lettrine\">S<\/span>elon un sondage exclusif Cluster17 pour <em>Le Point<\/em> r\u00e9alis\u00e9 entre le d\u00e9clenchement du 49.3 et la chute du gouvernement Barnier, 36&nbsp;% des Fran\u00e7ais estiment que la censure du gouvernement d\u00e9coule d\u2019un mauvais choix initial du pr\u00e9sident dans la nomination de son Premier ministre. Pour St\u00e9phane Fournier, analyste politique pour Cluster17, \u00ab&nbsp;ce chiffre met une certaine pression sur Emmanuel Macron dans le choix qu\u2019il aura \u00e0 nouveau \u00e0 faire dans les prochaines heures. Les Fran\u00e7ais ont toujours tendance \u00e0 attendre de leur pr\u00e9sident qu\u2019il r\u00e9alise des miracles&nbsp;\u00bb.<\/p>\n<section class=\"mbl txtcenter\">\n<div id=\"newsletter\" class=\"bloc-1 title-top\">\n<span class=\"h2\">La newsletter politique<\/span><\/p>\n<div class=\"step-1\">\n<p class=\"period\">Tous les lundis \u00e0 11h30<\/p>\n<p>Recevez en avant-premi\u00e8re les informations et analyses politiques de la r\u00e9daction du Point.<\/p>\n<\/div>\n<div class=\"step-2\">\n<p>Merci !<br \/>Votre inscription a bien \u00e9t\u00e9 prise en compte avec l\u2019adresse email :<br \/><span class=\"email-sended\"><\/span><\/p>\n<p>Pour d\u00e9couvrir toutes nos autres newsletters, rendez-vous ici : MonCompte<\/p>\n<\/div>\n<p>En vous inscrivant, vous acceptez les conditions g\u00e9n\u00e9rales d\u2019utilisations et notre politique de confidentialit\u00e9.<\/p>\n<\/div>\n<p>Ce d\u00e9saveu s\u2019accompagne d\u2019un rejet des alliances politiques opportunistes&nbsp;: 19&nbsp;% des sond\u00e9s bl\u00e2ment ainsi l\u2019alliance circonstancielle entre le RN et le Nouveau Front populaire (NFP) quand \u00e0 peine 13&nbsp;% jugent Michel Barnier directement responsable pour ne pas avoir su g\u00e9rer les oppositions.<\/p>\n<p>Cette r\u00e9partition des responsabilit\u00e9s refl\u00e8te une d\u00e9fiance accrue envers l\u2019ensemble de la classe politique. Alors que 40&nbsp;% des Fran\u00e7ais estiment qu\u2019il n\u2019y a aucune solution viable pour sortir de l\u2019impasse actuelle, cette perception d\u2019impasse traduit une crise de l\u00e9gitimit\u00e9 touchant l\u2019ensemble des institutions d\u00e9mocratiques. \u00ab&nbsp;Le fatalisme cumul\u00e9 \u00e0 l\u2019inqui\u00e9tude, c\u2019est effectivement de nature \u00e0 accompagner la d\u00e9fiance croissante des \u00e9lecteurs vis-\u00e0-vis des politiques&nbsp;\u00bb analyse St\u00e9phane Fournier.<\/p>\n<section class=\"mbl txtcenter\">\n<h2>Un Fran\u00e7ais sur deux souhaite une \u00e9lection pr\u00e9sidentielle anticip\u00e9e<\/h2>\n<p>Selon ce m\u00eame sondage, 54&nbsp;% des Fran\u00e7ais souhaitent la d\u00e9mission du pr\u00e9sident Emmanuel Macron et une \u00e9lection pr\u00e9sidentielle anticip\u00e9e d\u00e8s 2025. Ce chiffre, qui d\u00e9passe la simple d\u00e9sapprobation politique, traduit un rejet profond de l\u2019ex\u00e9cutif et un d\u00e9senchantement g\u00e9n\u00e9ralis\u00e9 envers les institutions.<\/p>\n<p>L\u2019adh\u00e9sion \u00e0 l\u2019id\u00e9e d\u2019une \u00e9lection anticip\u00e9e se concentre principalement parmi les \u00e9lectorats les plus \u00ab&nbsp;antisyst\u00e8mes&nbsp;\u00bb, un \u00ab&nbsp;arc contestataire&nbsp;\u00bb traversant \u00e0 la fois une large partie de la gauche radicale et du Rassemblement national (RN). \u00c0 l\u2019inverse, les \u00e9lecteurs mod\u00e9r\u00e9s se montrent largement oppos\u00e9s \u00e0 cette solution&nbsp;: 78&nbsp;% des \u00e9lecteurs PS, 69&nbsp;% des \u00e9lecteurs LR et 96&nbsp;% des \u00e9lecteurs Renaissance souhaitent qu\u2019Emmanuel Macron aille au bout de son mandat.<\/p>\n<p>Alors qu\u2019une majorit\u00e9 des Fran\u00e7ais semblent vouloir un changement rapide, les \u00e9lectorats des partis traditionnels, pourtant majoritaires dans les institutions, d\u00e9fendent la stabilit\u00e9 institutionnelle. Cette tension nourrit une polarisation politique croissante, o\u00f9 les institutions elles-m\u00eames deviennent un terrain de confrontation. \u00ab&nbsp;Il est important de comprendre que les Fran\u00e7ais se positionnent ici non pas seulement vis-\u00e0-vis d\u2019Emmanuel Macron, mais dans une logique plus large de rapport aux institutions&nbsp;: les \u00e9lecteurs mod\u00e9r\u00e9s veulent la stabilit\u00e9 m\u00eame lorsqu\u2019ils ne soutiennent pas forc\u00e9ment le pr\u00e9sident&nbsp;\u00bb, pr\u00e9cise ainsi St\u00e9phane Fournier.<\/p>\n<h2>Moins d\u2019un Fran\u00e7ais sur deux favorable \u00e0 la censure du gouvernement Barnier<\/h2>\n<p>La censure elle-m\u00eame divise profond\u00e9ment les Fran\u00e7ais&nbsp;: 47&nbsp;% se disent favorables \u00e0 la d\u00e9cision contre 41&nbsp;% qui s\u2019y opposent. Les \u00e9lectorats du PS et du RN, en particulier, sont profond\u00e9ment fractur\u00e9s. Si 56&nbsp;% des \u00e9lecteurs du RN soutiennent la censure, 39&nbsp;% s\u2019y opposent, dont une minorit\u00e9 significative de \u00ab&nbsp;tr\u00e8s d\u00e9favorables&nbsp;\u00bb (17&nbsp;%). Du c\u00f4t\u00e9 des \u00e9lecteurs PS, la division est encore plus marqu\u00e9e, avec une parfaite \u00e9galit\u00e9 (50&nbsp;% pour, 50&nbsp;% contre).<\/p>\n<section class=\"mbl txtcenter\">\n<p><span class=\"Capsule free\"><span class=\"Phylactery\">\u00c0 LIRE AUSSI<\/span> <strong class=\"strong\">Le PS a-t-il eu raison de voter la motion de censure&nbsp;?<\/strong><\/span> Ces divisions t\u00e9moignent de l\u2019incapacit\u00e9 des partis \u00e0 mobiliser leur base autour d\u2019une ligne claire et \u00e0 f\u00e9d\u00e9rer leur \u00e9lectorat, \u00ab&nbsp;notamment parce que le RN a aujourd\u2019hui un \u00e9lectorat tr\u00e8s h\u00e9t\u00e9rog\u00e8ne agr\u00e9geant un noyau dur radical et un \u00e9lectorat de droite traditionnelle&nbsp;\u00bb, juge St\u00e9phane Fournier, aggravant le sentiment de d\u00e9sorientation au sein de l\u2019opinion publique.<\/p>\n<h2>Une inqui\u00e9tude croissante face \u00e0 l\u2019instabilit\u00e9<\/h2>\n<p><span class=\"Capsule discover-kangourou\"><br \/><span class=\"Phylactery\">\u00c0 D\u00e9couvrir<\/span><br \/><strong class=\"discover-kangourou__line\"><br \/><img decoding=\"async\" class=\"discover-kangourou__img\" src=\"https:\/\/www.site.cdcl.xyz\/wp-content\/uploads\/2024\/10\/Actus-nationales-Presidentielle-americaine-Kamala-Harris-hausse-le-ton-face.svg.svg+xml\"><br \/><strong class=\"discover-kangourou__txt\"><br \/><strong>Le Kangourou du jour<\/strong><\/strong><\/strong><\/span><\/p>\n<p>R\u00e9pondre<\/p>\n<p>La censure a \u00e9galement provoqu\u00e9 un sentiment g\u00e9n\u00e9ralis\u00e9 d\u2019inqui\u00e9tude et de col\u00e8re. 31&nbsp;% des Fran\u00e7ais se disent inquiets, et 15&nbsp;% \u00e9nerv\u00e9s par cette situation. Ces \u00e9motions traduisent un besoin de stabilit\u00e9 dans un contexte o\u00f9 les crises politiques se multiplient. Ce sentiment est particuli\u00e8rement marqu\u00e9 parmi les \u00e9lecteurs mod\u00e9r\u00e9s&nbsp;: 55&nbsp;% des \u00e9lecteurs du cluster Social-D\u00e9mocrate, par exemple, expriment leur inqui\u00e9tude face \u00e0 cette instabilit\u00e9.<\/p>\n<p>Interrog\u00e9s sur les solutions pour sortir de l\u2019impasse, les Fran\u00e7ais privil\u00e9gient des options non conventionnelles. 25&nbsp;% souhaitent la formation d\u2019un gouvernement technique \u00ab&nbsp;non politique&nbsp;\u00bb, tandis qu\u2019une coalition classique incluant Ensemble, LR et RN ne recueille que 17&nbsp;% d\u2019adh\u00e9sion. Cette pr\u00e9f\u00e9rence pour des solutions alternatives illustre un rejet croissant des configurations politiques traditionnelles et une qu\u00eate d\u2019innovation institutionnelle, bien que ces solutions restent floues dans leur mise en \u0153uvre.<\/p>\n<\/section>\n<\/section>\n<\/section>\n<\/div>\n<p> <img decoding=\"async\" src=\"https:\/\/www.cc3rivieres76.com\/blog\/wp-content\/uploads\/2024\/12\/actualites-nationales-un-francais-sur-deux-souhaite-la-demission-demmanuel-macron-france.jpg\" alt=\"un Fran\u00e7ais sur deux&nbsp;souhaite la d\u00e9mission d\u2019Emmanuel Macron\"><\/p>\n<p>#Fran\u00e7ais #sur #deuxsouhaite #d\u00e9mission #dEmmanuel #Macron<\/p>\n<p>Reprise de l\u2019information dans un style journalistique professionnel descriptif en organisant les id\u00e9es dans un ordre coh\u00e9rent avec titres html <\/p>\n<p>Parutions:<\/p>\n<p>Histoire de France.,<a href=\"https:\/\/fr.wikibooks.org\/wiki\/Histoire_de_France\" target=\"_blank\" rel=\"noopener noreferrer nofollow\">A lire. <\/a><span><\/span>. Disponible sur internet.<\/p>\n<p>Photographie\/Personnalit\u00e9s\/S.,<a href=\"https:\/\/fr.wikibooks.org\/wiki\/Photographie\/Personnalit%C3%A9s\/S\" target=\"_blank\" rel=\"noopener noreferrer nofollow\">Redirection vers la fiche descriptive<\/a><span><\/span>.<\/p>\n<p> Cet article, qui traite du th\u00e8me \u00ab\u00a0Les 3 rivi\u00e8res dans la Somme\u00a0\u00bb, vous est sp\u00e9cialement sugg\u00e9r\u00e9 par cc3rivieres76.com. La chronique est reproduite du mieux possible. Dans le cas o\u00f9 vous souhaitez apporter quelques pr\u00e9cisions concernant le domaine de \u00ab\u00a0Les 3 rivi\u00e8res dans la Somme\u00a0\u00bb vous pouvez solliciter notre r\u00e9daction. La destination de cc3rivieres76.com est de d\u00e9battre de Les 3 rivi\u00e8res dans la Somme dans la transparence en vous apportant la connaissance de tout ce qui est en lien avec ce sujet sur la toile Connectez-vous sur notre site cc3rivieres76.com et nos r\u00e9seaux sociaux dans le but d\u2019\u00eatre inform\u00e9 des futures publications.<\/p>\n","protected":false},"excerpt":{"rendered":"<p>Cet encart de quelques lignes ayant pour th\u00e9matique \u00ab&nbsp;Actualit\u00e9 fran\u00e7aise&nbsp;\u00bb circule sur le web, nous avons projet\u00e9 de vous le signaler plus bas. Publi\u00e9 sur Le Point \u2013 Politique, l\u2019article suivant Signature . Date et heure de la r\u00e9ception de la d\u00e9p\u00e9che sur notre fil d\u2019info: Date et heure de publication sur internet: Titre exacte &hellip; <\/p>\n<p class=\"link-more\"><a href=\"https:\/\/www.cc3rivieres76.com\/blog\/actualites-nationales-un-francais-sur-deux-souhaite-la-demission-demmanuel-macron-france\/\" class=\"more-link\">Continuer la lecture <span class=\"screen-reader-text\"> \u00ab\u00a0Actualit\u00e9s nationales: un Fran\u00e7ais sur deux\u00a0souhaite la d\u00e9mission d\u2019Emmanuel Macron #France\u00a0\u00bb<\/span><\/a><\/p>\n","protected":false},"author":3,"featured_media":0,"comment_status":"closed","ping_status":"closed","sticky":false,"template":"","format":"standard","meta":{"footnotes":""},"categories":[2],"tags":[],"class_list":["post-475","post","type-post","status-publish","format-standard","hentry","category-les-3-rivieres-dans-la-somme","entry"],"yoast_head":"<!-- This site is optimized with the Yoast SEO plugin v27.5 - https:\/\/yoast.com\/product\/yoast-seo-wordpress\/ -->\n<title>Actualit\u00e9s nationales: un Fran\u00e7ais sur deux\u00a0souhaite la d\u00e9mission d\u2019Emmanuel Macron #France - CC3RIVIERES76<\/title>\n<meta name=\"robots\" content=\"index, follow, max-snippet:-1, max-image-preview:large, max-video-preview:-1\" \/>\n<link rel=\"canonical\" href=\"https:\/\/www.cc3rivieres76.com\/blog\/actualites-nationales-un-francais-sur-deux-souhaite-la-demission-demmanuel-macron-france\/\" \/>\n<meta property=\"og:locale\" content=\"fr_FR\" \/>\n<meta property=\"og:type\" content=\"article\" \/>\n<meta property=\"og:title\" content=\"Actualit\u00e9s nationales: un Fran\u00e7ais sur deux\u00a0souhaite la d\u00e9mission d\u2019Emmanuel Macron #France - CC3RIVIERES76\" \/>\n<meta property=\"og:description\" content=\"Cet encart de quelques lignes ayant pour th\u00e9matique \u00ab&nbsp;Actualit\u00e9 fran\u00e7aise&nbsp;\u00bb circule sur le web, nous avons projet\u00e9 de vous le signaler plus bas. Publi\u00e9 sur Le Point \u2013 Politique, l\u2019article suivant Signature . Date et heure de la r\u00e9ception de la d\u00e9p\u00e9che sur notre fil d\u2019info: Date et heure de publication sur internet: Titre exacte &hellip; Continuer la lecture \u00ab\u00a0Actualit\u00e9s nationales: un Fran\u00e7ais sur deux\u00a0souhaite la d\u00e9mission d\u2019Emmanuel Macron #France\u00a0\u00bb\" \/>\n<meta property=\"og:url\" content=\"https:\/\/www.cc3rivieres76.com\/blog\/actualites-nationales-un-francais-sur-deux-souhaite-la-demission-demmanuel-macron-france\/\" \/>\n<meta property=\"og:site_name\" content=\"CC3RIVIERES76\" \/>\n<meta property=\"article:published_time\" content=\"2024-12-05T10:06:00+00:00\" \/>\n<meta property=\"og:image\" content=\"https:\/\/www.site.cdcl.xyz\/wp-content\/uploads\/2024\/10\/Actus-nationales-Presidentielle-americaine-Kamala-Harris-hausse-le-ton-face.svg.svg+xml\" \/>\n<meta name=\"author\" content=\"Sylvie DE LAUZAINGHEIN\" \/>\n<meta name=\"twitter:card\" content=\"summary_large_image\" \/>\n<meta name=\"twitter:label1\" content=\"\u00c9crit par\" \/>\n\t<meta name=\"twitter:data1\" content=\"Sylvie DE LAUZAINGHEIN\" \/>\n\t<meta name=\"twitter:label2\" content=\"Dur\u00e9e de lecture estim\u00e9e\" \/>\n\t<meta name=\"twitter:data2\" content=\"6 minutes\" \/>\n<script type=\"application\/ld+json\" class=\"yoast-schema-graph\">{\"@context\":\"https:\\\/\\\/schema.org\",\"@graph\":[{\"@type\":\"Article\",\"@id\":\"https:\\\/\\\/www.cc3rivieres76.com\\\/blog\\\/actualites-nationales-un-francais-sur-deux-souhaite-la-demission-demmanuel-macron-france\\\/#article\",\"isPartOf\":{\"@id\":\"https:\\\/\\\/www.cc3rivieres76.com\\\/blog\\\/actualites-nationales-un-francais-sur-deux-souhaite-la-demission-demmanuel-macron-france\\\/\"},\"author\":{\"name\":\"Sylvie DE LAUZAINGHEIN\",\"@id\":\"https:\\\/\\\/www.cc3rivieres76.com\\\/blog\\\/#\\\/schema\\\/person\\\/474d457fb7747b5218f39792dfaa5a1c\"},\"headline\":\"Actualit\u00e9s nationales: un Fran\u00e7ais sur deux\u00a0souhaite la d\u00e9mission d\u2019Emmanuel Macron #France\",\"datePublished\":\"2024-12-05T10:06:00+00:00\",\"mainEntityOfPage\":{\"@id\":\"https:\\\/\\\/www.cc3rivieres76.com\\\/blog\\\/actualites-nationales-un-francais-sur-deux-souhaite-la-demission-demmanuel-macron-france\\\/\"},\"wordCount\":1161,\"publisher\":{\"@id\":\"https:\\\/\\\/www.cc3rivieres76.com\\\/blog\\\/#organization\"},\"image\":{\"@id\":\"https:\\\/\\\/www.cc3rivieres76.com\\\/blog\\\/actualites-nationales-un-francais-sur-deux-souhaite-la-demission-demmanuel-macron-france\\\/#primaryimage\"},\"thumbnailUrl\":\"https:\\\/\\\/www.site.cdcl.xyz\\\/wp-content\\\/uploads\\\/2024\\\/10\\\/Actus-nationales-Presidentielle-americaine-Kamala-Harris-hausse-le-ton-face.svg.svg+xml\",\"articleSection\":[\"Les 3 Rivi\u00e8res Dans La Somme:\"],\"inLanguage\":\"fr-FR\"},{\"@type\":\"WebPage\",\"@id\":\"https:\\\/\\\/www.cc3rivieres76.com\\\/blog\\\/actualites-nationales-un-francais-sur-deux-souhaite-la-demission-demmanuel-macron-france\\\/\",\"url\":\"https:\\\/\\\/www.cc3rivieres76.com\\\/blog\\\/actualites-nationales-un-francais-sur-deux-souhaite-la-demission-demmanuel-macron-france\\\/\",\"name\":\"Actualit\u00e9s nationales: un Fran\u00e7ais sur deux\u00a0souhaite la d\u00e9mission d\u2019Emmanuel Macron #France - CC3RIVIERES76\",\"isPartOf\":{\"@id\":\"https:\\\/\\\/www.cc3rivieres76.com\\\/blog\\\/#website\"},\"primaryImageOfPage\":{\"@id\":\"https:\\\/\\\/www.cc3rivieres76.com\\\/blog\\\/actualites-nationales-un-francais-sur-deux-souhaite-la-demission-demmanuel-macron-france\\\/#primaryimage\"},\"image\":{\"@id\":\"https:\\\/\\\/www.cc3rivieres76.com\\\/blog\\\/actualites-nationales-un-francais-sur-deux-souhaite-la-demission-demmanuel-macron-france\\\/#primaryimage\"},\"thumbnailUrl\":\"https:\\\/\\\/www.site.cdcl.xyz\\\/wp-content\\\/uploads\\\/2024\\\/10\\\/Actus-nationales-Presidentielle-americaine-Kamala-Harris-hausse-le-ton-face.svg.svg+xml\",\"datePublished\":\"2024-12-05T10:06:00+00:00\",\"breadcrumb\":{\"@id\":\"https:\\\/\\\/www.cc3rivieres76.com\\\/blog\\\/actualites-nationales-un-francais-sur-deux-souhaite-la-demission-demmanuel-macron-france\\\/#breadcrumb\"},\"inLanguage\":\"fr-FR\",\"potentialAction\":[{\"@type\":\"ReadAction\",\"target\":[\"https:\\\/\\\/www.cc3rivieres76.com\\\/blog\\\/actualites-nationales-un-francais-sur-deux-souhaite-la-demission-demmanuel-macron-france\\\/\"]}]},{\"@type\":\"ImageObject\",\"inLanguage\":\"fr-FR\",\"@id\":\"https:\\\/\\\/www.cc3rivieres76.com\\\/blog\\\/actualites-nationales-un-francais-sur-deux-souhaite-la-demission-demmanuel-macron-france\\\/#primaryimage\",\"url\":\"https:\\\/\\\/www.site.cdcl.xyz\\\/wp-content\\\/uploads\\\/2024\\\/10\\\/Actus-nationales-Presidentielle-americaine-Kamala-Harris-hausse-le-ton-face.svg.svg+xml\",\"contentUrl\":\"https:\\\/\\\/www.site.cdcl.xyz\\\/wp-content\\\/uploads\\\/2024\\\/10\\\/Actus-nationales-Presidentielle-americaine-Kamala-Harris-hausse-le-ton-face.svg.svg+xml\"},{\"@type\":\"BreadcrumbList\",\"@id\":\"https:\\\/\\\/www.cc3rivieres76.com\\\/blog\\\/actualites-nationales-un-francais-sur-deux-souhaite-la-demission-demmanuel-macron-france\\\/#breadcrumb\",\"itemListElement\":[{\"@type\":\"ListItem\",\"position\":1,\"name\":\"Accueil\",\"item\":\"https:\\\/\\\/www.cc3rivieres76.com\\\/blog\\\/\"},{\"@type\":\"ListItem\",\"position\":2,\"name\":\"Actualit\u00e9s nationales: un Fran\u00e7ais sur deux\u00a0souhaite la d\u00e9mission d\u2019Emmanuel Macron #France\"}]},{\"@type\":\"WebSite\",\"@id\":\"https:\\\/\\\/www.cc3rivieres76.com\\\/blog\\\/#website\",\"url\":\"https:\\\/\\\/www.cc3rivieres76.com\\\/blog\\\/\",\"name\":\"CC3RIVIERES76\",\"description\":\"Les 3 rivi\u00e8res dans la Somme.\",\"publisher\":{\"@id\":\"https:\\\/\\\/www.cc3rivieres76.com\\\/blog\\\/#organization\"},\"potentialAction\":[{\"@type\":\"SearchAction\",\"target\":{\"@type\":\"EntryPoint\",\"urlTemplate\":\"https:\\\/\\\/www.cc3rivieres76.com\\\/blog\\\/?s={search_term_string}\"},\"query-input\":{\"@type\":\"PropertyValueSpecification\",\"valueRequired\":true,\"valueName\":\"search_term_string\"}}],\"inLanguage\":\"fr-FR\"},{\"@type\":\"Organization\",\"@id\":\"https:\\\/\\\/www.cc3rivieres76.com\\\/blog\\\/#organization\",\"name\":\"cc3rivieres76\",\"url\":\"https:\\\/\\\/www.cc3rivieres76.com\\\/blog\\\/\",\"logo\":{\"@type\":\"ImageObject\",\"inLanguage\":\"fr-FR\",\"@id\":\"https:\\\/\\\/www.cc3rivieres76.com\\\/blog\\\/#\\\/schema\\\/logo\\\/image\\\/\",\"url\":\"https:\\\/\\\/www.cc3rivieres76.com\\\/blog\\\/wp-content\\\/uploads\\\/2023\\\/06\\\/logo-2.png\",\"contentUrl\":\"https:\\\/\\\/www.cc3rivieres76.com\\\/blog\\\/wp-content\\\/uploads\\\/2023\\\/06\\\/logo-2.png\",\"width\":390,\"height\":388,\"caption\":\"cc3rivieres76\"},\"image\":{\"@id\":\"https:\\\/\\\/www.cc3rivieres76.com\\\/blog\\\/#\\\/schema\\\/logo\\\/image\\\/\"}},{\"@type\":\"Person\",\"@id\":\"https:\\\/\\\/www.cc3rivieres76.com\\\/blog\\\/#\\\/schema\\\/person\\\/474d457fb7747b5218f39792dfaa5a1c\",\"name\":\"Sylvie DE LAUZAINGHEIN\",\"image\":{\"@type\":\"ImageObject\",\"inLanguage\":\"fr-FR\",\"@id\":\"https:\\\/\\\/secure.gravatar.com\\\/avatar\\\/9c6a53b19e0a3431aa80de0895b9729fe665cd7e7d6cc94fc11abb152f4237d7?s=96&d=mm&r=g\",\"url\":\"https:\\\/\\\/secure.gravatar.com\\\/avatar\\\/9c6a53b19e0a3431aa80de0895b9729fe665cd7e7d6cc94fc11abb152f4237d7?s=96&d=mm&r=g\",\"contentUrl\":\"https:\\\/\\\/secure.gravatar.com\\\/avatar\\\/9c6a53b19e0a3431aa80de0895b9729fe665cd7e7d6cc94fc11abb152f4237d7?s=96&d=mm&r=g\",\"caption\":\"Sylvie DE LAUZAINGHEIN\"},\"url\":\"https:\\\/\\\/www.cc3rivieres76.com\\\/blog\\\/author\\\/s76sylvie\\\/\"}]}<\/script>\n<!-- \/ Yoast SEO plugin. -->","yoast_head_json":{"title":"Actualit\u00e9s nationales: un Fran\u00e7ais sur deux\u00a0souhaite la d\u00e9mission d\u2019Emmanuel Macron #France - CC3RIVIERES76","robots":{"index":"index","follow":"follow","max-snippet":"max-snippet:-1","max-image-preview":"max-image-preview:large","max-video-preview":"max-video-preview:-1"},"canonical":"https:\/\/www.cc3rivieres76.com\/blog\/actualites-nationales-un-francais-sur-deux-souhaite-la-demission-demmanuel-macron-france\/","og_locale":"fr_FR","og_type":"article","og_title":"Actualit\u00e9s nationales: un Fran\u00e7ais sur deux\u00a0souhaite la d\u00e9mission d\u2019Emmanuel Macron #France - CC3RIVIERES76","og_description":"Cet encart de quelques lignes ayant pour th\u00e9matique \u00ab&nbsp;Actualit\u00e9 fran\u00e7aise&nbsp;\u00bb circule sur le web, nous avons projet\u00e9 de vous le signaler plus bas. Publi\u00e9 sur Le Point \u2013 Politique, l\u2019article suivant Signature . Date et heure de la r\u00e9ception de la d\u00e9p\u00e9che sur notre fil d\u2019info: Date et heure de publication sur internet: Titre exacte &hellip; Continuer la lecture \u00ab\u00a0Actualit\u00e9s nationales: un Fran\u00e7ais sur deux\u00a0souhaite la d\u00e9mission d\u2019Emmanuel Macron #France\u00a0\u00bb","og_url":"https:\/\/www.cc3rivieres76.com\/blog\/actualites-nationales-un-francais-sur-deux-souhaite-la-demission-demmanuel-macron-france\/","og_site_name":"CC3RIVIERES76","article_published_time":"2024-12-05T10:06:00+00:00","og_image":[{"url":"https:\/\/www.site.cdcl.xyz\/wp-content\/uploads\/2024\/10\/Actus-nationales-Presidentielle-americaine-Kamala-Harris-hausse-le-ton-face.svg.svg+xml","type":"","width":"","height":""}],"author":"Sylvie DE LAUZAINGHEIN","twitter_card":"summary_large_image","twitter_misc":{"\u00c9crit par":"Sylvie DE LAUZAINGHEIN","Dur\u00e9e de lecture estim\u00e9e":"6 minutes"},"schema":{"@context":"https:\/\/schema.org","@graph":[{"@type":"Article","@id":"https:\/\/www.cc3rivieres76.com\/blog\/actualites-nationales-un-francais-sur-deux-souhaite-la-demission-demmanuel-macron-france\/#article","isPartOf":{"@id":"https:\/\/www.cc3rivieres76.com\/blog\/actualites-nationales-un-francais-sur-deux-souhaite-la-demission-demmanuel-macron-france\/"},"author":{"name":"Sylvie DE LAUZAINGHEIN","@id":"https:\/\/www.cc3rivieres76.com\/blog\/#\/schema\/person\/474d457fb7747b5218f39792dfaa5a1c"},"headline":"Actualit\u00e9s nationales: un Fran\u00e7ais sur deux\u00a0souhaite la d\u00e9mission d\u2019Emmanuel Macron #France","datePublished":"2024-12-05T10:06:00+00:00","mainEntityOfPage":{"@id":"https:\/\/www.cc3rivieres76.com\/blog\/actualites-nationales-un-francais-sur-deux-souhaite-la-demission-demmanuel-macron-france\/"},"wordCount":1161,"publisher":{"@id":"https:\/\/www.cc3rivieres76.com\/blog\/#organization"},"image":{"@id":"https:\/\/www.cc3rivieres76.com\/blog\/actualites-nationales-un-francais-sur-deux-souhaite-la-demission-demmanuel-macron-france\/#primaryimage"},"thumbnailUrl":"https:\/\/www.site.cdcl.xyz\/wp-content\/uploads\/2024\/10\/Actus-nationales-Presidentielle-americaine-Kamala-Harris-hausse-le-ton-face.svg.svg+xml","articleSection":["Les 3 Rivi\u00e8res Dans La Somme:"],"inLanguage":"fr-FR"},{"@type":"WebPage","@id":"https:\/\/www.cc3rivieres76.com\/blog\/actualites-nationales-un-francais-sur-deux-souhaite-la-demission-demmanuel-macron-france\/","url":"https:\/\/www.cc3rivieres76.com\/blog\/actualites-nationales-un-francais-sur-deux-souhaite-la-demission-demmanuel-macron-france\/","name":"Actualit\u00e9s nationales: un Fran\u00e7ais sur deux\u00a0souhaite la d\u00e9mission d\u2019Emmanuel Macron #France - CC3RIVIERES76","isPartOf":{"@id":"https:\/\/www.cc3rivieres76.com\/blog\/#website"},"primaryImageOfPage":{"@id":"https:\/\/www.cc3rivieres76.com\/blog\/actualites-nationales-un-francais-sur-deux-souhaite-la-demission-demmanuel-macron-france\/#primaryimage"},"image":{"@id":"https:\/\/www.cc3rivieres76.com\/blog\/actualites-nationales-un-francais-sur-deux-souhaite-la-demission-demmanuel-macron-france\/#primaryimage"},"thumbnailUrl":"https:\/\/www.site.cdcl.xyz\/wp-content\/uploads\/2024\/10\/Actus-nationales-Presidentielle-americaine-Kamala-Harris-hausse-le-ton-face.svg.svg+xml","datePublished":"2024-12-05T10:06:00+00:00","breadcrumb":{"@id":"https:\/\/www.cc3rivieres76.com\/blog\/actualites-nationales-un-francais-sur-deux-souhaite-la-demission-demmanuel-macron-france\/#breadcrumb"},"inLanguage":"fr-FR","potentialAction":[{"@type":"ReadAction","target":["https:\/\/www.cc3rivieres76.com\/blog\/actualites-nationales-un-francais-sur-deux-souhaite-la-demission-demmanuel-macron-france\/"]}]},{"@type":"ImageObject","inLanguage":"fr-FR","@id":"https:\/\/www.cc3rivieres76.com\/blog\/actualites-nationales-un-francais-sur-deux-souhaite-la-demission-demmanuel-macron-france\/#primaryimage","url":"https:\/\/www.site.cdcl.xyz\/wp-content\/uploads\/2024\/10\/Actus-nationales-Presidentielle-americaine-Kamala-Harris-hausse-le-ton-face.svg.svg+xml","contentUrl":"https:\/\/www.site.cdcl.xyz\/wp-content\/uploads\/2024\/10\/Actus-nationales-Presidentielle-americaine-Kamala-Harris-hausse-le-ton-face.svg.svg+xml"},{"@type":"BreadcrumbList","@id":"https:\/\/www.cc3rivieres76.com\/blog\/actualites-nationales-un-francais-sur-deux-souhaite-la-demission-demmanuel-macron-france\/#breadcrumb","itemListElement":[{"@type":"ListItem","position":1,"name":"Accueil","item":"https:\/\/www.cc3rivieres76.com\/blog\/"},{"@type":"ListItem","position":2,"name":"Actualit\u00e9s nationales: un Fran\u00e7ais sur deux\u00a0souhaite la d\u00e9mission d\u2019Emmanuel Macron #France"}]},{"@type":"WebSite","@id":"https:\/\/www.cc3rivieres76.com\/blog\/#website","url":"https:\/\/www.cc3rivieres76.com\/blog\/","name":"CC3RIVIERES76","description":"Les 3 rivi\u00e8res dans la Somme.","publisher":{"@id":"https:\/\/www.cc3rivieres76.com\/blog\/#organization"},"potentialAction":[{"@type":"SearchAction","target":{"@type":"EntryPoint","urlTemplate":"https:\/\/www.cc3rivieres76.com\/blog\/?s={search_term_string}"},"query-input":{"@type":"PropertyValueSpecification","valueRequired":true,"valueName":"search_term_string"}}],"inLanguage":"fr-FR"},{"@type":"Organization","@id":"https:\/\/www.cc3rivieres76.com\/blog\/#organization","name":"cc3rivieres76","url":"https:\/\/www.cc3rivieres76.com\/blog\/","logo":{"@type":"ImageObject","inLanguage":"fr-FR","@id":"https:\/\/www.cc3rivieres76.com\/blog\/#\/schema\/logo\/image\/","url":"https:\/\/www.cc3rivieres76.com\/blog\/wp-content\/uploads\/2023\/06\/logo-2.png","contentUrl":"https:\/\/www.cc3rivieres76.com\/blog\/wp-content\/uploads\/2023\/06\/logo-2.png","width":390,"height":388,"caption":"cc3rivieres76"},"image":{"@id":"https:\/\/www.cc3rivieres76.com\/blog\/#\/schema\/logo\/image\/"}},{"@type":"Person","@id":"https:\/\/www.cc3rivieres76.com\/blog\/#\/schema\/person\/474d457fb7747b5218f39792dfaa5a1c","name":"Sylvie DE LAUZAINGHEIN","image":{"@type":"ImageObject","inLanguage":"fr-FR","@id":"https:\/\/secure.gravatar.com\/avatar\/9c6a53b19e0a3431aa80de0895b9729fe665cd7e7d6cc94fc11abb152f4237d7?s=96&d=mm&r=g","url":"https:\/\/secure.gravatar.com\/avatar\/9c6a53b19e0a3431aa80de0895b9729fe665cd7e7d6cc94fc11abb152f4237d7?s=96&d=mm&r=g","contentUrl":"https:\/\/secure.gravatar.com\/avatar\/9c6a53b19e0a3431aa80de0895b9729fe665cd7e7d6cc94fc11abb152f4237d7?s=96&d=mm&r=g","caption":"Sylvie DE LAUZAINGHEIN"},"url":"https:\/\/www.cc3rivieres76.com\/blog\/author\/s76sylvie\/"}]}},"_links":{"self":[{"href":"https:\/\/www.cc3rivieres76.com\/blog\/wp-json\/wp\/v2\/posts\/475","targetHints":{"allow":["GET"]}}],"collection":[{"href":"https:\/\/www.cc3rivieres76.com\/blog\/wp-json\/wp\/v2\/posts"}],"about":[{"href":"https:\/\/www.cc3rivieres76.com\/blog\/wp-json\/wp\/v2\/types\/post"}],"author":[{"embeddable":true,"href":"https:\/\/www.cc3rivieres76.com\/blog\/wp-json\/wp\/v2\/users\/3"}],"replies":[{"embeddable":true,"href":"https:\/\/www.cc3rivieres76.com\/blog\/wp-json\/wp\/v2\/comments?post=475"}],"version-history":[{"count":0,"href":"https:\/\/www.cc3rivieres76.com\/blog\/wp-json\/wp\/v2\/posts\/475\/revisions"}],"wp:attachment":[{"href":"https:\/\/www.cc3rivieres76.com\/blog\/wp-json\/wp\/v2\/media?parent=475"}],"wp:term":[{"taxonomy":"category","embeddable":true,"href":"https:\/\/www.cc3rivieres76.com\/blog\/wp-json\/wp\/v2\/categories?post=475"},{"taxonomy":"post_tag","embeddable":true,"href":"https:\/\/www.cc3rivieres76.com\/blog\/wp-json\/wp\/v2\/tags?post=475"}],"curies":[{"name":"wp","href":"https:\/\/api.w.org\/{rel}","templated":true}]}}