{"id":480,"date":"2024-12-14T18:28:08","date_gmt":"2024-12-14T17:28:08","guid":{"rendered":"https:\/\/www.site.cdcl.xyz\/2024\/12\/14\/informations-france-bresil-lex-bras-droit-de-bolsonaro-arrete-pour-entrave-a-lenquete-sur-un-projet-de-putsch\/"},"modified":"2024-12-14T18:28:08","modified_gmt":"2024-12-14T17:28:08","slug":"informations-france-bresil-lex-bras-droit-de-bolsonaro-arrete-pour-entrave-a-lenquete-sur-un-projet-de-putsch","status":"publish","type":"post","link":"https:\/\/www.cc3rivieres76.com\/blog\/informations-france-bresil-lex-bras-droit-de-bolsonaro-arrete-pour-entrave-a-lenquete-sur-un-projet-de-putsch\/","title":{"rendered":"Informations france: Br\u00e9sil : l&rsquo;ex-bras droit de Bolsonaro arr\u00eat\u00e9 pour entrave \u00e0 l&rsquo;enqu\u00eate sur un projet de putsch"},"content":{"rendered":"\n<p><img decoding=\"async\" src=\"https:\/\/www.cc3rivieres76.com\/blog\/wp-content\/uploads\/2024\/12\/informations-france-bresil-lex-bras-droit-de-bolsonaro-arrete-pour-entrave-a-lenquete-sur-un-projet-de-putsch.jpg\"><br \/>Apr\u00e8s la r\u00e9v\u00e9lation d&rsquo;un projet pr\u00e9sum\u00e9 de coup d&rsquo;\u00c9tat au Br\u00e9sil par des proches de l&rsquo;ex-pr\u00e9sident Jair Bolsonaro, l&rsquo;\u00e9tau se resserre encore autour de cette figure de l&rsquo;extr\u00eame droite. Son ex-bras droit, ex-ministre de la D\u00e9fense et colistier lors de la pr\u00e9sidentielle de 2022 Walter Braga Netto a \u00e9t\u00e9 arr\u00eat\u00e9 samedi 14 d\u00e9cembre \u00e0 Rio. Il est notamment soup\u00e7onn\u00e9 d&rsquo;entrave \u00e0 la justice et d&rsquo;avoir pay\u00e9 et donn\u00e9 les ordres de tuer Luiz In\u00e1cio Lula da Silva et son vice-pr\u00e9sident apr\u00e8s leur victoire au examen.<\/p>\n<p>Ce objet vous a plu vous aimerez \u00e9galement ces parutions:<\/p>\n<p>Histoire de France ; de la pr\u00e9histoire \u00e0 nos jours.,<a href=\"https:\/\/images.epagine.fr\/176\/9782371043176_1_m.jpg\" target=\"_blank\" rel=\"noopener noreferrer nofollow\">Infos sur ce livre<\/a><span><\/span>. Disponible \u00e0 la FNAC.<\/p>\n<p>Les luttes et les r\u00eaves.,<a href=\"https:\/\/www.kobo.com\/fr\/fr\/ebook\/les-luttes-et-les-reves\" target=\"_blank\" rel=\"noopener noreferrer nofollow\">sur ce lien la fiche descriptive<\/a><span><\/span>.<\/p>\n<p>Quand la France est au pied du mur \u2013 De Clovis aux taxis de la Marne.,<a href=\"https:\/\/www.kobo.com\/fr\/fr\/ebook\/quand-la-france-est-au-pied-du-mur-de-clovis-aux-taxis-de-la-marne\" target=\"_blank\" rel=\"noopener noreferrer nofollow\">Fiche du livre<\/a><span><\/span>.<\/p>\n<p> Cet article, qui traite du th\u00e8me \u00ab\u00a0Les 3 rivi\u00e8res dans la Somme\u00a0\u00bb, vous est sp\u00e9cialement sugg\u00e9r\u00e9 par cc3rivieres76.com. La chronique est reproduite du mieux possible. Dans le cas o\u00f9 vous souhaitez apporter quelques pr\u00e9cisions concernant le domaine de \u00ab\u00a0Les 3 rivi\u00e8res dans la Somme\u00a0\u00bb vous pouvez solliciter notre r\u00e9daction. La destination de cc3rivieres76.com est de d\u00e9battre de Les 3 rivi\u00e8res dans la Somme dans la transparence en vous apportant la connaissance de tout ce qui est en lien avec ce sujet sur la toile Connectez-vous sur notre site cc3rivieres76.com et nos r\u00e9seaux sociaux dans le but d\u2019\u00eatre inform\u00e9 des futures publications.<\/p>\n","protected":false},"excerpt":{"rendered":"<p>Apr\u00e8s la r\u00e9v\u00e9lation d&rsquo;un projet pr\u00e9sum\u00e9 de coup d&rsquo;\u00c9tat au Br\u00e9sil par des proches de l&rsquo;ex-pr\u00e9sident Jair Bolsonaro, l&rsquo;\u00e9tau se resserre encore autour de cette figure de l&rsquo;extr\u00eame droite. Son ex-bras droit, ex-ministre de la D\u00e9fense et colistier lors de la pr\u00e9sidentielle de 2022 Walter Braga Netto a \u00e9t\u00e9 arr\u00eat\u00e9 samedi 14 d\u00e9cembre \u00e0 Rio. &hellip; <\/p>\n<p class=\"link-more\"><a href=\"https:\/\/www.cc3rivieres76.com\/blog\/informations-france-bresil-lex-bras-droit-de-bolsonaro-arrete-pour-entrave-a-lenquete-sur-un-projet-de-putsch\/\" class=\"more-link\">Continuer la lecture <span class=\"screen-reader-text\"> \u00ab\u00a0Informations france: Br\u00e9sil : l&rsquo;ex-bras droit de Bolsonaro arr\u00eat\u00e9 pour entrave \u00e0 l&rsquo;enqu\u00eate sur un projet de putsch\u00a0\u00bb<\/span><\/a><\/p>\n","protected":false},"author":3,"featured_media":481,"comment_status":"closed","ping_status":"closed","sticky":false,"template":"","format":"standard","meta":{"footnotes":""},"categories":[2],"tags":[],"class_list":["post-480","post","type-post","status-publish","format-standard","has-post-thumbnail","hentry","category-les-3-rivieres-dans-la-somme","entry"],"yoast_head":"<!-- This site is optimized with the Yoast SEO plugin v27.5 - https:\/\/yoast.com\/product\/yoast-seo-wordpress\/ -->\n<title>Informations france: Br\u00e9sil : l&#039;ex-bras droit de Bolsonaro arr\u00eat\u00e9 pour entrave \u00e0 l&#039;enqu\u00eate sur un projet de putsch - CC3RIVIERES76<\/title>\n<meta name=\"robots\" content=\"index, follow, max-snippet:-1, max-image-preview:large, max-video-preview:-1\" \/>\n<link rel=\"canonical\" href=\"https:\/\/www.cc3rivieres76.com\/blog\/informations-france-bresil-lex-bras-droit-de-bolsonaro-arrete-pour-entrave-a-lenquete-sur-un-projet-de-putsch\/\" \/>\n<meta property=\"og:locale\" content=\"fr_FR\" \/>\n<meta property=\"og:type\" content=\"article\" \/>\n<meta property=\"og:title\" content=\"Informations france: Br\u00e9sil : l&#039;ex-bras droit de Bolsonaro arr\u00eat\u00e9 pour entrave \u00e0 l&#039;enqu\u00eate sur un projet de putsch - CC3RIVIERES76\" \/>\n<meta property=\"og:description\" content=\"Apr\u00e8s la r\u00e9v\u00e9lation d&rsquo;un projet pr\u00e9sum\u00e9 de coup d&rsquo;\u00c9tat au Br\u00e9sil par des proches de l&rsquo;ex-pr\u00e9sident Jair Bolsonaro, l&rsquo;\u00e9tau se resserre encore autour de cette figure de l&rsquo;extr\u00eame droite. Son ex-bras droit, ex-ministre de la D\u00e9fense et colistier lors de la pr\u00e9sidentielle de 2022 Walter Braga Netto a \u00e9t\u00e9 arr\u00eat\u00e9 samedi 14 d\u00e9cembre \u00e0 Rio. &hellip; Continuer la lecture \u00ab\u00a0Informations france: Br\u00e9sil : l&rsquo;ex-bras droit de Bolsonaro arr\u00eat\u00e9 pour entrave \u00e0 l&rsquo;enqu\u00eate sur un projet de putsch\u00a0\u00bb\" \/>\n<meta property=\"og:url\" content=\"https:\/\/www.cc3rivieres76.com\/blog\/informations-france-bresil-lex-bras-droit-de-bolsonaro-arrete-pour-entrave-a-lenquete-sur-un-projet-de-putsch\/\" \/>\n<meta property=\"og:site_name\" content=\"CC3RIVIERES76\" \/>\n<meta property=\"article:published_time\" content=\"2024-12-14T17:28:08+00:00\" \/>\n<meta property=\"og:image\" content=\"https:\/\/www.cc3rivieres76.com\/blog\/wp-content\/uploads\/2024\/12\/informations-france-bresil-lex-bras-droit-de-bolsonaro-arrete-pour-entrave-a-lenquete-sur-un-projet-de-putsch.jpg\" \/>\n<meta name=\"author\" content=\"Sylvie DE LAUZAINGHEIN\" \/>\n<meta name=\"twitter:card\" content=\"summary_large_image\" \/>\n<meta name=\"twitter:label1\" content=\"\u00c9crit par\" \/>\n\t<meta name=\"twitter:data1\" content=\"Sylvie DE LAUZAINGHEIN\" \/>\n\t<meta name=\"twitter:label2\" content=\"Dur\u00e9e de lecture estim\u00e9e\" \/>\n\t<meta name=\"twitter:data2\" content=\"1 minute\" \/>\n<script type=\"application\/ld+json\" class=\"yoast-schema-graph\">{\"@context\":\"https:\\\/\\\/schema.org\",\"@graph\":[{\"@type\":\"Article\",\"@id\":\"https:\\\/\\\/www.cc3rivieres76.com\\\/blog\\\/informations-france-bresil-lex-bras-droit-de-bolsonaro-arrete-pour-entrave-a-lenquete-sur-un-projet-de-putsch\\\/#article\",\"isPartOf\":{\"@id\":\"https:\\\/\\\/www.cc3rivieres76.com\\\/blog\\\/informations-france-bresil-lex-bras-droit-de-bolsonaro-arrete-pour-entrave-a-lenquete-sur-un-projet-de-putsch\\\/\"},\"author\":{\"name\":\"Sylvie DE LAUZAINGHEIN\",\"@id\":\"https:\\\/\\\/www.cc3rivieres76.com\\\/blog\\\/#\\\/schema\\\/person\\\/474d457fb7747b5218f39792dfaa5a1c\"},\"headline\":\"Informations france: Br\u00e9sil : l&rsquo;ex-bras droit de Bolsonaro arr\u00eat\u00e9 pour entrave \u00e0 l&rsquo;enqu\u00eate sur un projet de putsch\",\"datePublished\":\"2024-12-14T17:28:08+00:00\",\"mainEntityOfPage\":{\"@id\":\"https:\\\/\\\/www.cc3rivieres76.com\\\/blog\\\/informations-france-bresil-lex-bras-droit-de-bolsonaro-arrete-pour-entrave-a-lenquete-sur-un-projet-de-putsch\\\/\"},\"wordCount\":295,\"publisher\":{\"@id\":\"https:\\\/\\\/www.cc3rivieres76.com\\\/blog\\\/#organization\"},\"image\":{\"@id\":\"https:\\\/\\\/www.cc3rivieres76.com\\\/blog\\\/informations-france-bresil-lex-bras-droit-de-bolsonaro-arrete-pour-entrave-a-lenquete-sur-un-projet-de-putsch\\\/#primaryimage\"},\"thumbnailUrl\":\"https:\\\/\\\/www.cc3rivieres76.com\\\/blog\\\/wp-content\\\/uploads\\\/2024\\\/12\\\/informations-france-bresil-lex-bras-droit-de-bolsonaro-arrete-pour-entrave-a-lenquete-sur-un-projet-de-putsch.jpg\",\"articleSection\":[\"Les 3 Rivi\u00e8res Dans La Somme:\"],\"inLanguage\":\"fr-FR\"},{\"@type\":\"WebPage\",\"@id\":\"https:\\\/\\\/www.cc3rivieres76.com\\\/blog\\\/informations-france-bresil-lex-bras-droit-de-bolsonaro-arrete-pour-entrave-a-lenquete-sur-un-projet-de-putsch\\\/\",\"url\":\"https:\\\/\\\/www.cc3rivieres76.com\\\/blog\\\/informations-france-bresil-lex-bras-droit-de-bolsonaro-arrete-pour-entrave-a-lenquete-sur-un-projet-de-putsch\\\/\",\"name\":\"Informations france: Br\u00e9sil : l'ex-bras droit de Bolsonaro arr\u00eat\u00e9 pour entrave \u00e0 l'enqu\u00eate sur un projet de putsch - CC3RIVIERES76\",\"isPartOf\":{\"@id\":\"https:\\\/\\\/www.cc3rivieres76.com\\\/blog\\\/#website\"},\"primaryImageOfPage\":{\"@id\":\"https:\\\/\\\/www.cc3rivieres76.com\\\/blog\\\/informations-france-bresil-lex-bras-droit-de-bolsonaro-arrete-pour-entrave-a-lenquete-sur-un-projet-de-putsch\\\/#primaryimage\"},\"image\":{\"@id\":\"https:\\\/\\\/www.cc3rivieres76.com\\\/blog\\\/informations-france-bresil-lex-bras-droit-de-bolsonaro-arrete-pour-entrave-a-lenquete-sur-un-projet-de-putsch\\\/#primaryimage\"},\"thumbnailUrl\":\"https:\\\/\\\/www.cc3rivieres76.com\\\/blog\\\/wp-content\\\/uploads\\\/2024\\\/12\\\/informations-france-bresil-lex-bras-droit-de-bolsonaro-arrete-pour-entrave-a-lenquete-sur-un-projet-de-putsch.jpg\",\"datePublished\":\"2024-12-14T17:28:08+00:00\",\"breadcrumb\":{\"@id\":\"https:\\\/\\\/www.cc3rivieres76.com\\\/blog\\\/informations-france-bresil-lex-bras-droit-de-bolsonaro-arrete-pour-entrave-a-lenquete-sur-un-projet-de-putsch\\\/#breadcrumb\"},\"inLanguage\":\"fr-FR\",\"potentialAction\":[{\"@type\":\"ReadAction\",\"target\":[\"https:\\\/\\\/www.cc3rivieres76.com\\\/blog\\\/informations-france-bresil-lex-bras-droit-de-bolsonaro-arrete-pour-entrave-a-lenquete-sur-un-projet-de-putsch\\\/\"]}]},{\"@type\":\"ImageObject\",\"inLanguage\":\"fr-FR\",\"@id\":\"https:\\\/\\\/www.cc3rivieres76.com\\\/blog\\\/informations-france-bresil-lex-bras-droit-de-bolsonaro-arrete-pour-entrave-a-lenquete-sur-un-projet-de-putsch\\\/#primaryimage\",\"url\":\"https:\\\/\\\/www.cc3rivieres76.com\\\/blog\\\/wp-content\\\/uploads\\\/2024\\\/12\\\/informations-france-bresil-lex-bras-droit-de-bolsonaro-arrete-pour-entrave-a-lenquete-sur-un-projet-de-putsch.jpg\",\"contentUrl\":\"https:\\\/\\\/www.cc3rivieres76.com\\\/blog\\\/wp-content\\\/uploads\\\/2024\\\/12\\\/informations-france-bresil-lex-bras-droit-de-bolsonaro-arrete-pour-entrave-a-lenquete-sur-un-projet-de-putsch.jpg\",\"width\":1024,\"height\":576,\"caption\":\"Informations france: Br\u00e9sil : l'ex bras droit de Bolsonaro arr\u00eat\u00e9 pour entrave \u00e0 l'enqu\u00eate sur un projet de putsch\"},{\"@type\":\"BreadcrumbList\",\"@id\":\"https:\\\/\\\/www.cc3rivieres76.com\\\/blog\\\/informations-france-bresil-lex-bras-droit-de-bolsonaro-arrete-pour-entrave-a-lenquete-sur-un-projet-de-putsch\\\/#breadcrumb\",\"itemListElement\":[{\"@type\":\"ListItem\",\"position\":1,\"name\":\"Accueil\",\"item\":\"https:\\\/\\\/www.cc3rivieres76.com\\\/blog\\\/\"},{\"@type\":\"ListItem\",\"position\":2,\"name\":\"Informations france: Br\u00e9sil : l&rsquo;ex-bras droit de Bolsonaro arr\u00eat\u00e9 pour entrave \u00e0 l&rsquo;enqu\u00eate sur un projet de putsch\"}]},{\"@type\":\"WebSite\",\"@id\":\"https:\\\/\\\/www.cc3rivieres76.com\\\/blog\\\/#website\",\"url\":\"https:\\\/\\\/www.cc3rivieres76.com\\\/blog\\\/\",\"name\":\"CC3RIVIERES76\",\"description\":\"Les 3 rivi\u00e8res dans la Somme.\",\"publisher\":{\"@id\":\"https:\\\/\\\/www.cc3rivieres76.com\\\/blog\\\/#organization\"},\"potentialAction\":[{\"@type\":\"SearchAction\",\"target\":{\"@type\":\"EntryPoint\",\"urlTemplate\":\"https:\\\/\\\/www.cc3rivieres76.com\\\/blog\\\/?s={search_term_string}\"},\"query-input\":{\"@type\":\"PropertyValueSpecification\",\"valueRequired\":true,\"valueName\":\"search_term_string\"}}],\"inLanguage\":\"fr-FR\"},{\"@type\":\"Organization\",\"@id\":\"https:\\\/\\\/www.cc3rivieres76.com\\\/blog\\\/#organization\",\"name\":\"cc3rivieres76\",\"url\":\"https:\\\/\\\/www.cc3rivieres76.com\\\/blog\\\/\",\"logo\":{\"@type\":\"ImageObject\",\"inLanguage\":\"fr-FR\",\"@id\":\"https:\\\/\\\/www.cc3rivieres76.com\\\/blog\\\/#\\\/schema\\\/logo\\\/image\\\/\",\"url\":\"https:\\\/\\\/www.cc3rivieres76.com\\\/blog\\\/wp-content\\\/uploads\\\/2023\\\/06\\\/logo-2.png\",\"contentUrl\":\"https:\\\/\\\/www.cc3rivieres76.com\\\/blog\\\/wp-content\\\/uploads\\\/2023\\\/06\\\/logo-2.png\",\"width\":390,\"height\":388,\"caption\":\"cc3rivieres76\"},\"image\":{\"@id\":\"https:\\\/\\\/www.cc3rivieres76.com\\\/blog\\\/#\\\/schema\\\/logo\\\/image\\\/\"}},{\"@type\":\"Person\",\"@id\":\"https:\\\/\\\/www.cc3rivieres76.com\\\/blog\\\/#\\\/schema\\\/person\\\/474d457fb7747b5218f39792dfaa5a1c\",\"name\":\"Sylvie DE LAUZAINGHEIN\",\"image\":{\"@type\":\"ImageObject\",\"inLanguage\":\"fr-FR\",\"@id\":\"https:\\\/\\\/secure.gravatar.com\\\/avatar\\\/9c6a53b19e0a3431aa80de0895b9729fe665cd7e7d6cc94fc11abb152f4237d7?s=96&d=mm&r=g\",\"url\":\"https:\\\/\\\/secure.gravatar.com\\\/avatar\\\/9c6a53b19e0a3431aa80de0895b9729fe665cd7e7d6cc94fc11abb152f4237d7?s=96&d=mm&r=g\",\"contentUrl\":\"https:\\\/\\\/secure.gravatar.com\\\/avatar\\\/9c6a53b19e0a3431aa80de0895b9729fe665cd7e7d6cc94fc11abb152f4237d7?s=96&d=mm&r=g\",\"caption\":\"Sylvie DE LAUZAINGHEIN\"},\"url\":\"https:\\\/\\\/www.cc3rivieres76.com\\\/blog\\\/author\\\/s76sylvie\\\/\"}]}<\/script>\n<!-- \/ Yoast SEO plugin. -->","yoast_head_json":{"title":"Informations france: Br\u00e9sil : l'ex-bras droit de Bolsonaro arr\u00eat\u00e9 pour entrave \u00e0 l'enqu\u00eate sur un projet de putsch - CC3RIVIERES76","robots":{"index":"index","follow":"follow","max-snippet":"max-snippet:-1","max-image-preview":"max-image-preview:large","max-video-preview":"max-video-preview:-1"},"canonical":"https:\/\/www.cc3rivieres76.com\/blog\/informations-france-bresil-lex-bras-droit-de-bolsonaro-arrete-pour-entrave-a-lenquete-sur-un-projet-de-putsch\/","og_locale":"fr_FR","og_type":"article","og_title":"Informations france: Br\u00e9sil : l'ex-bras droit de Bolsonaro arr\u00eat\u00e9 pour entrave \u00e0 l'enqu\u00eate sur un projet de putsch - CC3RIVIERES76","og_description":"Apr\u00e8s la r\u00e9v\u00e9lation d&rsquo;un projet pr\u00e9sum\u00e9 de coup d&rsquo;\u00c9tat au Br\u00e9sil par des proches de l&rsquo;ex-pr\u00e9sident Jair Bolsonaro, l&rsquo;\u00e9tau se resserre encore autour de cette figure de l&rsquo;extr\u00eame droite. Son ex-bras droit, ex-ministre de la D\u00e9fense et colistier lors de la pr\u00e9sidentielle de 2022 Walter Braga Netto a \u00e9t\u00e9 arr\u00eat\u00e9 samedi 14 d\u00e9cembre \u00e0 Rio. &hellip; Continuer la lecture \u00ab\u00a0Informations france: Br\u00e9sil : l&rsquo;ex-bras droit de Bolsonaro arr\u00eat\u00e9 pour entrave \u00e0 l&rsquo;enqu\u00eate sur un projet de putsch\u00a0\u00bb","og_url":"https:\/\/www.cc3rivieres76.com\/blog\/informations-france-bresil-lex-bras-droit-de-bolsonaro-arrete-pour-entrave-a-lenquete-sur-un-projet-de-putsch\/","og_site_name":"CC3RIVIERES76","article_published_time":"2024-12-14T17:28:08+00:00","og_image":[{"url":"https:\/\/www.cc3rivieres76.com\/blog\/wp-content\/uploads\/2024\/12\/informations-france-bresil-lex-bras-droit-de-bolsonaro-arrete-pour-entrave-a-lenquete-sur-un-projet-de-putsch.jpg","type":"","width":"","height":""}],"author":"Sylvie DE LAUZAINGHEIN","twitter_card":"summary_large_image","twitter_misc":{"\u00c9crit par":"Sylvie DE LAUZAINGHEIN","Dur\u00e9e de lecture estim\u00e9e":"1 minute"},"schema":{"@context":"https:\/\/schema.org","@graph":[{"@type":"Article","@id":"https:\/\/www.cc3rivieres76.com\/blog\/informations-france-bresil-lex-bras-droit-de-bolsonaro-arrete-pour-entrave-a-lenquete-sur-un-projet-de-putsch\/#article","isPartOf":{"@id":"https:\/\/www.cc3rivieres76.com\/blog\/informations-france-bresil-lex-bras-droit-de-bolsonaro-arrete-pour-entrave-a-lenquete-sur-un-projet-de-putsch\/"},"author":{"name":"Sylvie DE LAUZAINGHEIN","@id":"https:\/\/www.cc3rivieres76.com\/blog\/#\/schema\/person\/474d457fb7747b5218f39792dfaa5a1c"},"headline":"Informations france: Br\u00e9sil : l&rsquo;ex-bras droit de Bolsonaro arr\u00eat\u00e9 pour entrave \u00e0 l&rsquo;enqu\u00eate sur un projet de putsch","datePublished":"2024-12-14T17:28:08+00:00","mainEntityOfPage":{"@id":"https:\/\/www.cc3rivieres76.com\/blog\/informations-france-bresil-lex-bras-droit-de-bolsonaro-arrete-pour-entrave-a-lenquete-sur-un-projet-de-putsch\/"},"wordCount":295,"publisher":{"@id":"https:\/\/www.cc3rivieres76.com\/blog\/#organization"},"image":{"@id":"https:\/\/www.cc3rivieres76.com\/blog\/informations-france-bresil-lex-bras-droit-de-bolsonaro-arrete-pour-entrave-a-lenquete-sur-un-projet-de-putsch\/#primaryimage"},"thumbnailUrl":"https:\/\/www.cc3rivieres76.com\/blog\/wp-content\/uploads\/2024\/12\/informations-france-bresil-lex-bras-droit-de-bolsonaro-arrete-pour-entrave-a-lenquete-sur-un-projet-de-putsch.jpg","articleSection":["Les 3 Rivi\u00e8res Dans La Somme:"],"inLanguage":"fr-FR"},{"@type":"WebPage","@id":"https:\/\/www.cc3rivieres76.com\/blog\/informations-france-bresil-lex-bras-droit-de-bolsonaro-arrete-pour-entrave-a-lenquete-sur-un-projet-de-putsch\/","url":"https:\/\/www.cc3rivieres76.com\/blog\/informations-france-bresil-lex-bras-droit-de-bolsonaro-arrete-pour-entrave-a-lenquete-sur-un-projet-de-putsch\/","name":"Informations france: Br\u00e9sil : l'ex-bras droit de Bolsonaro arr\u00eat\u00e9 pour entrave \u00e0 l'enqu\u00eate sur un projet de putsch - CC3RIVIERES76","isPartOf":{"@id":"https:\/\/www.cc3rivieres76.com\/blog\/#website"},"primaryImageOfPage":{"@id":"https:\/\/www.cc3rivieres76.com\/blog\/informations-france-bresil-lex-bras-droit-de-bolsonaro-arrete-pour-entrave-a-lenquete-sur-un-projet-de-putsch\/#primaryimage"},"image":{"@id":"https:\/\/www.cc3rivieres76.com\/blog\/informations-france-bresil-lex-bras-droit-de-bolsonaro-arrete-pour-entrave-a-lenquete-sur-un-projet-de-putsch\/#primaryimage"},"thumbnailUrl":"https:\/\/www.cc3rivieres76.com\/blog\/wp-content\/uploads\/2024\/12\/informations-france-bresil-lex-bras-droit-de-bolsonaro-arrete-pour-entrave-a-lenquete-sur-un-projet-de-putsch.jpg","datePublished":"2024-12-14T17:28:08+00:00","breadcrumb":{"@id":"https:\/\/www.cc3rivieres76.com\/blog\/informations-france-bresil-lex-bras-droit-de-bolsonaro-arrete-pour-entrave-a-lenquete-sur-un-projet-de-putsch\/#breadcrumb"},"inLanguage":"fr-FR","potentialAction":[{"@type":"ReadAction","target":["https:\/\/www.cc3rivieres76.com\/blog\/informations-france-bresil-lex-bras-droit-de-bolsonaro-arrete-pour-entrave-a-lenquete-sur-un-projet-de-putsch\/"]}]},{"@type":"ImageObject","inLanguage":"fr-FR","@id":"https:\/\/www.cc3rivieres76.com\/blog\/informations-france-bresil-lex-bras-droit-de-bolsonaro-arrete-pour-entrave-a-lenquete-sur-un-projet-de-putsch\/#primaryimage","url":"https:\/\/www.cc3rivieres76.com\/blog\/wp-content\/uploads\/2024\/12\/informations-france-bresil-lex-bras-droit-de-bolsonaro-arrete-pour-entrave-a-lenquete-sur-un-projet-de-putsch.jpg","contentUrl":"https:\/\/www.cc3rivieres76.com\/blog\/wp-content\/uploads\/2024\/12\/informations-france-bresil-lex-bras-droit-de-bolsonaro-arrete-pour-entrave-a-lenquete-sur-un-projet-de-putsch.jpg","width":1024,"height":576,"caption":"Informations france: Br\u00e9sil : l'ex bras droit de Bolsonaro arr\u00eat\u00e9 pour entrave \u00e0 l'enqu\u00eate sur un projet de putsch"},{"@type":"BreadcrumbList","@id":"https:\/\/www.cc3rivieres76.com\/blog\/informations-france-bresil-lex-bras-droit-de-bolsonaro-arrete-pour-entrave-a-lenquete-sur-un-projet-de-putsch\/#breadcrumb","itemListElement":[{"@type":"ListItem","position":1,"name":"Accueil","item":"https:\/\/www.cc3rivieres76.com\/blog\/"},{"@type":"ListItem","position":2,"name":"Informations france: Br\u00e9sil : l&rsquo;ex-bras droit de Bolsonaro arr\u00eat\u00e9 pour entrave \u00e0 l&rsquo;enqu\u00eate sur un projet de putsch"}]},{"@type":"WebSite","@id":"https:\/\/www.cc3rivieres76.com\/blog\/#website","url":"https:\/\/www.cc3rivieres76.com\/blog\/","name":"CC3RIVIERES76","description":"Les 3 rivi\u00e8res dans la Somme.","publisher":{"@id":"https:\/\/www.cc3rivieres76.com\/blog\/#organization"},"potentialAction":[{"@type":"SearchAction","target":{"@type":"EntryPoint","urlTemplate":"https:\/\/www.cc3rivieres76.com\/blog\/?s={search_term_string}"},"query-input":{"@type":"PropertyValueSpecification","valueRequired":true,"valueName":"search_term_string"}}],"inLanguage":"fr-FR"},{"@type":"Organization","@id":"https:\/\/www.cc3rivieres76.com\/blog\/#organization","name":"cc3rivieres76","url":"https:\/\/www.cc3rivieres76.com\/blog\/","logo":{"@type":"ImageObject","inLanguage":"fr-FR","@id":"https:\/\/www.cc3rivieres76.com\/blog\/#\/schema\/logo\/image\/","url":"https:\/\/www.cc3rivieres76.com\/blog\/wp-content\/uploads\/2023\/06\/logo-2.png","contentUrl":"https:\/\/www.cc3rivieres76.com\/blog\/wp-content\/uploads\/2023\/06\/logo-2.png","width":390,"height":388,"caption":"cc3rivieres76"},"image":{"@id":"https:\/\/www.cc3rivieres76.com\/blog\/#\/schema\/logo\/image\/"}},{"@type":"Person","@id":"https:\/\/www.cc3rivieres76.com\/blog\/#\/schema\/person\/474d457fb7747b5218f39792dfaa5a1c","name":"Sylvie DE LAUZAINGHEIN","image":{"@type":"ImageObject","inLanguage":"fr-FR","@id":"https:\/\/secure.gravatar.com\/avatar\/9c6a53b19e0a3431aa80de0895b9729fe665cd7e7d6cc94fc11abb152f4237d7?s=96&d=mm&r=g","url":"https:\/\/secure.gravatar.com\/avatar\/9c6a53b19e0a3431aa80de0895b9729fe665cd7e7d6cc94fc11abb152f4237d7?s=96&d=mm&r=g","contentUrl":"https:\/\/secure.gravatar.com\/avatar\/9c6a53b19e0a3431aa80de0895b9729fe665cd7e7d6cc94fc11abb152f4237d7?s=96&d=mm&r=g","caption":"Sylvie DE LAUZAINGHEIN"},"url":"https:\/\/www.cc3rivieres76.com\/blog\/author\/s76sylvie\/"}]}},"_links":{"self":[{"href":"https:\/\/www.cc3rivieres76.com\/blog\/wp-json\/wp\/v2\/posts\/480","targetHints":{"allow":["GET"]}}],"collection":[{"href":"https:\/\/www.cc3rivieres76.com\/blog\/wp-json\/wp\/v2\/posts"}],"about":[{"href":"https:\/\/www.cc3rivieres76.com\/blog\/wp-json\/wp\/v2\/types\/post"}],"author":[{"embeddable":true,"href":"https:\/\/www.cc3rivieres76.com\/blog\/wp-json\/wp\/v2\/users\/3"}],"replies":[{"embeddable":true,"href":"https:\/\/www.cc3rivieres76.com\/blog\/wp-json\/wp\/v2\/comments?post=480"}],"version-history":[{"count":0,"href":"https:\/\/www.cc3rivieres76.com\/blog\/wp-json\/wp\/v2\/posts\/480\/revisions"}],"wp:featuredmedia":[{"embeddable":true,"href":"https:\/\/www.cc3rivieres76.com\/blog\/wp-json\/wp\/v2\/media\/481"}],"wp:attachment":[{"href":"https:\/\/www.cc3rivieres76.com\/blog\/wp-json\/wp\/v2\/media?parent=480"}],"wp:term":[{"taxonomy":"category","embeddable":true,"href":"https:\/\/www.cc3rivieres76.com\/blog\/wp-json\/wp\/v2\/categories?post=480"},{"taxonomy":"post_tag","embeddable":true,"href":"https:\/\/www.cc3rivieres76.com\/blog\/wp-json\/wp\/v2\/tags?post=480"}],"curies":[{"name":"wp","href":"https:\/\/api.w.org\/{rel}","templated":true}]}}